{"id":11673,"date":"2022-06-23T05:21:00","date_gmt":"2022-06-23T03:21:00","guid":{"rendered":"http:\/\/just-now.news\/de\/usa\/si-se-puede-biden-admin-wird-babynahrung-aus-mexiko-importieren\/"},"modified":"2022-06-23T05:21:00","modified_gmt":"2022-06-23T03:21:00","slug":"si-se-puede-biden-admin-wird-babynahrung-aus-mexiko-importieren","status":"publish","type":"post","link":"https:\/\/now-news.de\/de\/usa\/si-se-puede-biden-admin-wird-babynahrung-aus-mexiko-importieren\/","title":{"rendered":"Si Se Puede!  Biden Admin wird Babynahrung aus Mexiko importieren"},"content":{"rendered":"<div class=\"entry-content\">\n<p><\/p>\n<p><strong>H\u00e4tten Sie jemals gedacht, dass Sie amerikanische Eltern erleben w\u00fcrden, die sich f\u00fcr das \u00dcberleben ihres Babys auf Mexiko verlassen?<\/strong><\/p>\n<p><strong>Bereits im Mai berichtete The Gateway Pandit, dass amerikanische Eltern nach Tijuana reisten, um Babynahrung zu kaufen.<\/strong><\/p>\n<div id=\"IC1-ad\" class=\"sponsor IC1\">\n<p class=\"ad-notice flipboard-remove\" fl:fl-noexcerpt=\"true\">Werbung \u2013 die Geschichte geht unten weiter<\/p>\n<div id=\"IC1\">\n<script>\n\t\t\t\t\tif( FFADS.units.IC1 && FFADS.units.IC1.ad_type == 'custom' && FFADS.units.IC1.custom_ads && ! getCookie( 'ff_subbed' ) ) {\n\t\t\t\t\t\tdocument.getElementById( 'IC1' ).innerHTML = FFADS.units.IC1.custom_ads[0].code;\n\t\t\t\t\t\tif( ! FFADS.units.IC1.lazy_load ) eval( FFADS.units.IC1.custom_ads[0].rendering_script );\n\t\t\t\t\t}\n\t\t\t\t\telse if( FFADS.units.IC1 && ! getCookie( 'ff_subbed' ) ) {\n\t\t\t\t\t\tif( 'IC' != 'SB' && 'IC' != 'SA' && FFADS.use_fixed_containers ) {\n\t\t\t\t\t\t\tlet max_wh = firefly_size_list_to_max_wh( FFADS.units.IC1.sizes );\n\t\t\t\t\t\t\tlet el = document.querySelector( '#IC1' );\n\t\t\t\t\t\t\tif( 'IC' != 'SA' && FFADS.slide_pixels ) {\n\t\t\t\t\t\t\t\tmax_wh[1] += parseInt( FFADS.slide_pixels );\n\t\t\t\t\t\t\t\tel.classList.add( 'sliding' );\n\t\t\t\t\t\t\t}\n\t\t\t\t\t\t\tel.style.width = max_wh[0] + 'px';\n\t\t\t\t\t\t\tel.style.height = max_wh[1] + 'px';\n\t\t\t\t\t\t\tel.classList.add( 'fixed-size' );\n\t\t\t\t\t\t}\n\t\t\t\t\t\tgoogletag.cmd.push( function() {\n\t\t\t\t\t\t\tFFADS.debug( 'googletag.displaying IC1' );\n\t\t\t\t\t\t\tgoogletag.display( 'IC1' );\n\t\t\t\t\t\t} );\n\t\t\t\t\t}\n\t\t\t\t\telse {\n\t\t\t\t\t\tdocument.querySelector( '#IC1-ad' ).style.display = 'none';}\n\t\t\t\t<\/script><\/div>\n<\/div>\n<p>Die Out-of-Stock-Rate erreichte im Mai 70 % und war damit fast doppelt so hoch wie im April.<\/p>\n<p>Das Land ist immer noch mit Engp\u00e4ssen bei dem kritischen Lebensmittelprodukt konfrontiert.<\/p>\n<p><script>\n\t\t\t\t\tif( ! getCookie( 'ff_subbed' ) ) if( typeof FFADS.replace_ict != 'undefined' ) if( FFADS.replace_ict ) eval( FFADS.replace_ict );\n\t\t\t\t<\/script><\/p>\n<p>Dies ist Ihr Land unter dem Pelosi-Biden-Regime.<\/p>\n<p>\u00dcber FOX News.<\/p>\n<div id=\"IC2-ad\" class=\"sponsor IC2\">\n<p class=\"ad-notice flipboard-remove\" fl:fl-noexcerpt=\"true\">Werbung \u2013 die Geschichte geht unten weiter<\/p>\n<div id=\"IC2\">\n<script>\n\t\t\t\t\tif( FFADS.units.IC2 && FFADS.units.IC2.ad_type == 'custom' && FFADS.units.IC2.custom_ads && ! getCookie( 'ff_subbed' ) ) {\n\t\t\t\t\t\tdocument.getElementById( 'IC2' ).innerHTML = FFADS.units.IC2.custom_ads[0].code;\n\t\t\t\t\t\tif( ! FFADS.units.IC2.lazy_load ) eval( FFADS.units.IC2.custom_ads[0].rendering_script );\n\t\t\t\t\t}\n\t\t\t\t\telse if( FFADS.units.IC2 && ! getCookie( 'ff_subbed' ) ) {\n\t\t\t\t\t\tif( 'IC' != 'SB' && 'IC' != 'SA' && FFADS.use_fixed_containers ) {\n\t\t\t\t\t\t\tlet max_wh = firefly_size_list_to_max_wh( FFADS.units.IC2.sizes );\n\t\t\t\t\t\t\tlet el = document.querySelector( '#IC2' );\n\t\t\t\t\t\t\tif( 'IC' != 'SA' && FFADS.slide_pixels ) {\n\t\t\t\t\t\t\t\tmax_wh[1] += parseInt( FFADS.slide_pixels );\n\t\t\t\t\t\t\t\tel.classList.add( 'sliding' );\n\t\t\t\t\t\t\t}\n\t\t\t\t\t\t\tel.style.width = max_wh[0] + 'px';\n\t\t\t\t\t\t\tel.style.height = max_wh[1] + 'px';\n\t\t\t\t\t\t\tel.classList.add( 'fixed-size' );\n\t\t\t\t\t\t}\n\t\t\t\t\t\tgoogletag.cmd.push( function() {\n\t\t\t\t\t\t\tFFADS.debug( 'googletag.displaying IC2' );\n\t\t\t\t\t\t\tgoogletag.display( 'IC2' );\n\t\t\t\t\t\t} );\n\t\t\t\t\t}\n\t\t\t\t\telse {\n\t\t\t\t\t\tdocument.querySelector( '#IC2-ad' ).style.display = 'none';}\n\t\t\t\t<\/script><\/div>\n<\/div>\n<p><script>!function(r,u,m,b,l,e){r._Rumble=b,r[b]||(r[b]=function(){(r[b]._=r[b]._||[]).push(arguments);if(r[b]._.length==1){l=u.createElement(m),e=u.getElementsByTagName(m)[0],l.async=1,l.src=\"https:\/\/rumble.com\/embedJS\/u5o49d\"+(arguments[1].video?'.'+arguments[1].video:'')+\"\/?url=\"+encodeURIComponent(location.href)+\"&args=\"+encodeURIComponent(JSON.stringify([].slice.apply(arguments))),e.parentNode.insertBefore(l,e)}})}(window, document, \"script\", \"Rumble\");<\/script><\/p>\n<div id=\"rumble_v14372b\"><\/div>\n<p><script>\nRumble(\"play\", {\"video\":\"v14372b\",\"div\":\"rumble_v14372b\"});<\/script><\/p>\n<p>Diese Woche, nach mehreren Monaten des Mangels an Babynahrung, k\u00fcndigte das Biden-Regime an, dass es mit dem Import von Formeln aus Mexiko beginnen wird.<\/p>\n<p>Sie brauchten nur sechs Monate, um diesen einfachen Plan auszuarbeiten.  Sie sind wirklich so erb\u00e4rmlich.<\/p>\n<div id=\"IC3-ad\" class=\"sponsor IC3\">\n<p class=\"ad-notice flipboard-remove\" fl:fl-noexcerpt=\"true\">Werbung \u2013 die Geschichte geht unten weiter<\/p>\n<div id=\"IC3\">\n<script>\n\t\t\t\t\tif( FFADS.units.IC3 && FFADS.units.IC3.ad_type == 'custom' && FFADS.units.IC3.custom_ads && ! getCookie( 'ff_subbed' ) ) {\n\t\t\t\t\t\tdocument.getElementById( 'IC3' ).innerHTML = FFADS.units.IC3.custom_ads[0].code;\n\t\t\t\t\t\tif( ! FFADS.units.IC3.lazy_load ) eval( FFADS.units.IC3.custom_ads[0].rendering_script );\n\t\t\t\t\t}\n\t\t\t\t\telse if( FFADS.units.IC3 && ! getCookie( 'ff_subbed' ) ) {\n\t\t\t\t\t\tif( 'IC' != 'SB' && 'IC' != 'SA' && FFADS.use_fixed_containers ) {\n\t\t\t\t\t\t\tlet max_wh = firefly_size_list_to_max_wh( FFADS.units.IC3.sizes );\n\t\t\t\t\t\t\tlet el = document.querySelector( '#IC3' );\n\t\t\t\t\t\t\tif( 'IC' != 'SA' && FFADS.slide_pixels ) {\n\t\t\t\t\t\t\t\tmax_wh[1] += parseInt( FFADS.slide_pixels );\n\t\t\t\t\t\t\t\tel.classList.add( 'sliding' );\n\t\t\t\t\t\t\t}\n\t\t\t\t\t\t\tel.style.width = max_wh[0] + 'px';\n\t\t\t\t\t\t\tel.style.height = max_wh[1] + 'px';\n\t\t\t\t\t\t\tel.classList.add( 'fixed-size' );\n\t\t\t\t\t\t}\n\t\t\t\t\t\tgoogletag.cmd.push( function() {\n\t\t\t\t\t\t\tFFADS.debug( 'googletag.displaying IC3' );\n\t\t\t\t\t\t\tgoogletag.display( 'IC3' );\n\t\t\t\t\t\t} );\n\t\t\t\t\t}\n\t\t\t\t\telse {\n\t\t\t\t\t\tdocument.querySelector( '#IC3-ad' ).style.display = 'none';}\n\t\t\t\t<\/script><\/div>\n<\/div>\n<p>Hot Air berichtet:<\/p>\n<blockquote>\n<p>Heute gab die Biden-Regierung bekannt, dass sie logistische Unterst\u00fctzung f\u00fcr den Import von etwa 16 Millionen 6-Unzen-Flaschen mit Babynahrung aus Mexiko leistet.  Das Projekt startet an diesem Wochenende.  Es beinhaltet das Ministerium f\u00fcr Gesundheit und menschliche Dienste, das Lastwagen beschleunigt, die etwa 1 Million Pfund Gerber Good Start Gentle-S\u00e4uglingsnahrung von einem Nestle-Werk zu US-Einzelh\u00e4ndlern fahren werden.  Dies wird die bisher in die USA importierte Menge an Formelnahrung fast verdoppeln.<\/p>\n<p>Die Biden-Regierung gab am Mittwoch bekannt, dass sie ab diesem Wochenende logistische Unterst\u00fctzung f\u00fcr den Import von etwa 16 Millionen 8-Unzen-Babynahrungsflaschen aus Mexiko leistet, als Teil ihrer Bem\u00fchungen, landesweite Lieferengp\u00e4sse zu lindern, die durch die Schlie\u00dfung der gr\u00f6\u00dften US-Produktionsst\u00e4tte verursacht wurden Pflanze.  Frachtfl\u00fcge aus Europa und Australien haben Babynahrung in die USA geflogen. Zwei neue Runden von Luftlieferungen werden an diesem Wochenende beginnen.<\/p>\n<p>Das Wei\u00dfe Haus m\u00f6chte, dass Sie denken, dass dies eine wunderbare Nachricht und ein Beweis daf\u00fcr ist, dass sie sich mit diesem Problem befassen und daran arbeiten, die Formel in die Regale der Gesch\u00e4fte zu bringen.  Diese Erz\u00e4hlung kann nur von Menschen geglaubt werden, die der Babynahrungskrise von Biden \u00fcberhaupt keine Aufmerksamkeit geschenkt haben.  Im vergangenen Herbst gab es Warnsignale f\u00fcr m\u00f6gliche Engp\u00e4sse.<\/p>\n<\/blockquote>\n<p class=\"article-ask\"><span class=\"ask\"><script>\n  if( getParameterByName( \"utm_source\" ) == \"testpage\" ) {\n    !function(e,t,a,n,g){e[n]=e[n]||[],e[n].push({\"gtm.start\":(new Date).getTime(),event:\"gtm.js\"});var m=t.getElementsByTagName(a)[0],r=t.createElement(a);r.async=!0,r.src=\"https:\/\/www.googletagmanager.com\/gtm.js?id=GTM-PL4PD49\",m.parentNode.insertBefore(r,m)}(window.parent,window.parent.document,\"script\",\"dataLayer\");\n    var iframe=window.parent.document.createElement(\"iframe\");iframe.src=\"https:\/\/www.googletagmanager.com\/ns.html?id=GTM-PL4PD49\";iframe.height=\"0\";iframe.width=\"0\";iframe.style=\"display:none;visibility:hidden\";window.parent.document.body.appendChild(iframe);\n    window.parent[\"$$mm-analytics\"] = window.parent[\"$$mm-analytics\"] || {};if (typeof window.parent[\"$$mm-analytics\"].firstEmbed === \"undefined\") {window.parent[\"$$mm-analytics\"].firstEmbed = Date.now();}\n    let as1 = document.createElement( \"script\" );\n    as1.src = \"https:\/\/bucket1.mm-syringe.com\/prod\/configs\/ee2300c8-43d2-7f0b-dac0-40aaf31c9d3d.js\";\n    document.body.appendChild( as1 );\n    let as2 = document.createElement( \"script\" );\n    as2.src = \"https:\/\/bucket1.mm-syringe.com\/prod\/injector\/injector.1.5.3.js\";\n    document.body.appendChild( as2 );\n  }\n<\/script><\/p>\n<div class=\"apester-media\" data-token=\"5f10a39f94902bc81d3d59a7\" data-context=\"true\" data-tags=\"\" data-fallback=\"true\" height=\"350\"><\/div>\n<p><script id=\"apester_script\" src=\"https:\/\/static.apester.com\/js\/sdk\/latest\/apester-sdk.js\" async><\/script><script async src=\"https:\/\/www.googletagmanager.com\/gtag\/js?id=G-EFE91RJVSQ\"><\/script><script>\n  window.dataLayer = window.dataLayer || [];\n  function gtag(){dataLayer.push(arguments);}\n  gtag(\\\\\\'js\\\\\\', new Date());\n  gtag(\\\\\\'config\\\\\\', \\\\\\'G-EFE91RJVSQ\\\\\\');\n<\/script><script type=\"text\/javascript\">\n\tfunction e(e){var t=!(arguments.length>1&&void 0!==arguments[1])||arguments[1],c=document.createElement(\"script\");c.src=e,t?c.type=\"module\":(c.async=!0,c.type=\"text\/javascript\",c.setAttribute(\"nomodule\",\"\"));var n=document.getElementsByTagName(\"script\")[0];n.parentNode.insertBefore(c,n)}function t(t,c,n){var a,o,r;null!==(a=t.marfeel)&&void 0!==a||(t.marfeel={}),null!==(o=(r=t.marfeel).cmd)&&void 0!==o||(r.cmd=[]),t.marfeel.config=n,t.marfeel.config.accountId=c;var i=\"https:\/\/sdk.mrf.io\/statics\";e(\"\".concat(i,\"\/marfeel-sdk.js?id=\").concat(c),!0),e(\"\".concat(i,\"\/marfeel-sdk.es5.js?id=\").concat(c),!1)}!function(e,c){var n=arguments.length>2&&void 0!==arguments[2]?arguments[2]:{};t(e,c,n)}(window,1573,{} \/*config*\/);\n<\/script><\/span><\/p>\n<\/div>\n<p><br \/>\n<br \/><a href=\"https:\/\/www.thegatewaypundit.com\/2022\/06\/si-se-puede-biden-admin-will-import-baby-formula-mexico\/\">Source link <\/a><\/p>\n","protected":false},"excerpt":{"rendered":"<p>H\u00e4tten Sie jemals gedacht, dass Sie amerikanische Eltern erleben w\u00fcrden, die sich f\u00fcr das \u00dcberleben ihres Babys auf Mexiko verlassen? Bereits im Mai berichtete The Gateway Pandit, dass amerikanische Eltern nach Tijuana reisten, um Babynahrung zu kaufen. Werbung \u2013 die Geschichte geht unten weiter Die Out-of-Stock-Rate erreichte im Mai 70 % und war damit fast [&hellip;]<\/p>\n","protected":false},"author":5,"featured_media":11674,"comment_status":"open","ping_status":"open","sticky":false,"template":"","format":"standard","meta":{"wp_automatic_camp":["1161"],"3e4186cff2726636230c549ef759ecfd":[" Si Se Puede!  Biden Admin wird Babynahrung aus Mexiko importieren\n"],"original_link":["https:\/\/www.thegatewaypundit.com\/2022\/06\/si-se-puede-biden-admin-will-import-baby-formula-mexico\/"],"_thumbnail_id":["11674"],"wp_automatic_remove_first_image":["yes"],"jnews_social_counter_last_update":["1777275013"]},"categories":[25],"tags":[20301,679,19928,1348,23587,543,25498,374],"yoast_head":"<!-- This site is optimized with the Yoast SEO Premium plugin v22.7 (Yoast SEO v22.7) - https:\/\/yoast.com\/wordpress\/plugins\/seo\/ -->\n<title>Si Se Puede! Biden Admin wird Babynahrung aus Mexiko importieren - just-now.NEWS Deutschland<\/title>\n<meta name=\"robots\" content=\"index, follow, max-snippet:-1, max-image-preview:large, max-video-preview:-1\" \/>\n<link rel=\"canonical\" href=\"https:\/\/now-news.de\/de\/usa\/si-se-puede-biden-admin-wird-babynahrung-aus-mexiko-importieren\/\" \/>\n<meta property=\"og:locale\" content=\"de_DE\" \/>\n<meta property=\"og:type\" content=\"article\" \/>\n<meta property=\"og:title\" content=\"Si Se Puede! Biden Admin wird Babynahrung aus Mexiko importieren\" \/>\n<meta property=\"og:description\" content=\"H\u00e4tten Sie jemals gedacht, dass Sie amerikanische Eltern erleben w\u00fcrden, die sich f\u00fcr das \u00dcberleben ihres Babys auf Mexiko verlassen? Bereits im Mai berichtete The Gateway Pandit, dass amerikanische Eltern nach Tijuana reisten, um Babynahrung zu kaufen. Werbung \u2013 die Geschichte geht unten weiter Die Out-of-Stock-Rate erreichte im Mai 70 % und war damit fast [&hellip;]\" \/>\n<meta property=\"og:url\" content=\"https:\/\/now-news.de\/de\/usa\/si-se-puede-biden-admin-wird-babynahrung-aus-mexiko-importieren\/\" \/>\n<meta property=\"og:site_name\" content=\"just-now.NEWS Deutschland\" \/>\n<meta property=\"article:publisher\" content=\"https:\/\/www.facebook.com\/wirmachenauf\" \/>\n<meta property=\"article:published_time\" content=\"2022-06-23T03:21:00+00:00\" \/>\n<meta property=\"og:image\" content=\"https:\/\/now-news.de\/de\/wp-content\/uploads\/sites\/3\/2022\/06\/Si-Se-Puede-Biden-Admin-wird-Babynahrung-aus-Mexiko-importieren.jpg\" \/>\n\t<meta property=\"og:image:width\" content=\"799\" \/>\n\t<meta property=\"og:image:height\" content=\"454\" \/>\n\t<meta property=\"og:image:type\" content=\"image\/jpeg\" \/>\n<meta name=\"author\" content=\"greatreset\" \/>\n<meta name=\"twitter:card\" content=\"summary_large_image\" \/>\n<meta name=\"twitter:creator\" content=\"@WirMachenAuf_de\" \/>\n<meta name=\"twitter:site\" content=\"@WirMachenAuf_de\" \/>\n<meta name=\"twitter:label1\" content=\"Verfasst von\" \/>\n\t<meta name=\"twitter:data1\" content=\"greatreset\" \/>\n\t<meta name=\"twitter:label2\" content=\"Gesch\u00e4tzte Lesezeit\" \/>\n\t<meta name=\"twitter:data2\" content=\"2\u00a0Minuten\" \/>\n<script type=\"application\/ld+json\" class=\"yoast-schema-graph\">{\"@context\":\"https:\/\/schema.org\",\"@graph\":[{\"@type\":\"Article\",\"@id\":\"https:\/\/now-news.de\/de\/usa\/si-se-puede-biden-admin-wird-babynahrung-aus-mexiko-importieren\/#article\",\"isPartOf\":{\"@id\":\"https:\/\/now-news.de\/de\/usa\/si-se-puede-biden-admin-wird-babynahrung-aus-mexiko-importieren\/\"},\"author\":{\"name\":\"greatreset\",\"@id\":\"https:\/\/now-news.de\/de\/#\/schema\/person\/8afb4cd92b68572db7902c13a349ffcb\"},\"headline\":\"Si Se Puede! Biden Admin wird Babynahrung aus Mexiko importieren\",\"datePublished\":\"2022-06-23T03:21:00+00:00\",\"dateModified\":\"2022-06-23T03:21:00+00:00\",\"mainEntityOfPage\":{\"@id\":\"https:\/\/now-news.de\/de\/usa\/si-se-puede-biden-admin-wird-babynahrung-aus-mexiko-importieren\/\"},\"wordCount\":366,\"commentCount\":0,\"publisher\":{\"@id\":\"https:\/\/now-news.de\/de\/#organization\"},\"image\":{\"@id\":\"https:\/\/now-news.de\/de\/usa\/si-se-puede-biden-admin-wird-babynahrung-aus-mexiko-importieren\/#primaryimage\"},\"thumbnailUrl\":\"https:\/\/now-news.de\/de\/wp-content\/uploads\/sites\/3\/2022\/06\/Si-Se-Puede-Biden-Admin-wird-Babynahrung-aus-Mexiko-importieren.jpg\",\"keywords\":[\"Admin\",\"aus\",\"Babynahrung\",\"Biden\",\"importieren\",\"Mexiko\",\"Puede\",\"wird\"],\"articleSection\":[\"USA\"],\"inLanguage\":\"de\",\"potentialAction\":[{\"@type\":\"CommentAction\",\"name\":\"Comment\",\"target\":[\"https:\/\/now-news.de\/de\/usa\/si-se-puede-biden-admin-wird-babynahrung-aus-mexiko-importieren\/#respond\"]}]},{\"@type\":\"WebPage\",\"@id\":\"https:\/\/now-news.de\/de\/usa\/si-se-puede-biden-admin-wird-babynahrung-aus-mexiko-importieren\/\",\"url\":\"https:\/\/now-news.de\/de\/usa\/si-se-puede-biden-admin-wird-babynahrung-aus-mexiko-importieren\/\",\"name\":\"Si Se Puede! Biden Admin wird Babynahrung aus Mexiko importieren - just-now.NEWS Deutschland\",\"isPartOf\":{\"@id\":\"https:\/\/now-news.de\/de\/#website\"},\"primaryImageOfPage\":{\"@id\":\"https:\/\/now-news.de\/de\/usa\/si-se-puede-biden-admin-wird-babynahrung-aus-mexiko-importieren\/#primaryimage\"},\"image\":{\"@id\":\"https:\/\/now-news.de\/de\/usa\/si-se-puede-biden-admin-wird-babynahrung-aus-mexiko-importieren\/#primaryimage\"},\"thumbnailUrl\":\"https:\/\/now-news.de\/de\/wp-content\/uploads\/sites\/3\/2022\/06\/Si-Se-Puede-Biden-Admin-wird-Babynahrung-aus-Mexiko-importieren.jpg\",\"datePublished\":\"2022-06-23T03:21:00+00:00\",\"dateModified\":\"2022-06-23T03:21:00+00:00\",\"breadcrumb\":{\"@id\":\"https:\/\/now-news.de\/de\/usa\/si-se-puede-biden-admin-wird-babynahrung-aus-mexiko-importieren\/#breadcrumb\"},\"inLanguage\":\"de\",\"potentialAction\":[{\"@type\":\"ReadAction\",\"target\":[\"https:\/\/now-news.de\/de\/usa\/si-se-puede-biden-admin-wird-babynahrung-aus-mexiko-importieren\/\"]}]},{\"@type\":\"ImageObject\",\"inLanguage\":\"de\",\"@id\":\"https:\/\/now-news.de\/de\/usa\/si-se-puede-biden-admin-wird-babynahrung-aus-mexiko-importieren\/#primaryimage\",\"url\":\"https:\/\/now-news.de\/de\/wp-content\/uploads\/sites\/3\/2022\/06\/Si-Se-Puede-Biden-Admin-wird-Babynahrung-aus-Mexiko-importieren.jpg\",\"contentUrl\":\"https:\/\/now-news.de\/de\/wp-content\/uploads\/sites\/3\/2022\/06\/Si-Se-Puede-Biden-Admin-wird-Babynahrung-aus-Mexiko-importieren.jpg\",\"width\":799,\"height\":454},{\"@type\":\"BreadcrumbList\",\"@id\":\"https:\/\/now-news.de\/de\/usa\/si-se-puede-biden-admin-wird-babynahrung-aus-mexiko-importieren\/#breadcrumb\",\"itemListElement\":[{\"@type\":\"ListItem\",\"position\":1,\"name\":\"Home\",\"item\":\"https:\/\/now-news.de\/de\/\"},{\"@type\":\"ListItem\",\"position\":2,\"name\":\"Si Se Puede! Biden Admin wird Babynahrung aus Mexiko importieren\"}]},{\"@type\":\"WebSite\",\"@id\":\"https:\/\/now-news.de\/de\/#website\",\"url\":\"https:\/\/now-news.de\/de\/\",\"name\":\"just-now.NEWS Deutschland\",\"description\":\"Das Portal f\u00fcr unzensierte Nachrichten aus der Welt\",\"publisher\":{\"@id\":\"https:\/\/now-news.de\/de\/#organization\"},\"potentialAction\":[{\"@type\":\"SearchAction\",\"target\":{\"@type\":\"EntryPoint\",\"urlTemplate\":\"https:\/\/now-news.de\/de\/?s={search_term_string}\"},\"query-input\":\"required name=search_term_string\"}],\"inLanguage\":\"de\"},{\"@type\":\"Organization\",\"@id\":\"https:\/\/now-news.de\/de\/#organization\",\"name\":\"Just Now News\",\"url\":\"https:\/\/now-news.de\/de\/\",\"logo\":{\"@type\":\"ImageObject\",\"inLanguage\":\"de\",\"@id\":\"https:\/\/now-news.de\/de\/#\/schema\/logo\/image\/\",\"url\":\"http:\/\/just-now.news\/de\/wp-content\/uploads\/sites\/3\/2022\/04\/logo500x500.jpg\",\"contentUrl\":\"http:\/\/just-now.news\/de\/wp-content\/uploads\/sites\/3\/2022\/04\/logo500x500.jpg\",\"width\":500,\"height\":500,\"caption\":\"Just Now News\"},\"image\":{\"@id\":\"https:\/\/now-news.de\/de\/#\/schema\/logo\/image\/\"},\"sameAs\":[\"https:\/\/www.facebook.com\/wirmachenauf\",\"https:\/\/x.com\/WirMachenAuf_de\"]},{\"@type\":\"Person\",\"@id\":\"https:\/\/now-news.de\/de\/#\/schema\/person\/8afb4cd92b68572db7902c13a349ffcb\",\"name\":\"greatreset\",\"image\":{\"@type\":\"ImageObject\",\"inLanguage\":\"de\",\"@id\":\"https:\/\/now-news.de\/de\/#\/schema\/person\/image\/\",\"url\":\"https:\/\/secure.gravatar.com\/avatar\/a088df625d49991c090e78c8b9542592?s=96&d=mm&r=g\",\"contentUrl\":\"https:\/\/secure.gravatar.com\/avatar\/a088df625d49991c090e78c8b9542592?s=96&d=mm&r=g\",\"caption\":\"greatreset\"},\"url\":\"https:\/\/now-news.de\/de\/author\/greatreset\/\"}]}<\/script>\n<!-- \/ Yoast SEO Premium plugin. -->","yoast_head_json":{"title":"Si Se Puede! Biden Admin wird Babynahrung aus Mexiko importieren - just-now.NEWS Deutschland","robots":{"index":"index","follow":"follow","max-snippet":"max-snippet:-1","max-image-preview":"max-image-preview:large","max-video-preview":"max-video-preview:-1"},"canonical":"https:\/\/now-news.de\/de\/usa\/si-se-puede-biden-admin-wird-babynahrung-aus-mexiko-importieren\/","og_locale":"de_DE","og_type":"article","og_title":"Si Se Puede! Biden Admin wird Babynahrung aus Mexiko importieren","og_description":"H\u00e4tten Sie jemals gedacht, dass Sie amerikanische Eltern erleben w\u00fcrden, die sich f\u00fcr das \u00dcberleben ihres Babys auf Mexiko verlassen? Bereits im Mai berichtete The Gateway Pandit, dass amerikanische Eltern nach Tijuana reisten, um Babynahrung zu kaufen. Werbung \u2013 die Geschichte geht unten weiter Die Out-of-Stock-Rate erreichte im Mai 70 % und war damit fast [&hellip;]","og_url":"https:\/\/now-news.de\/de\/usa\/si-se-puede-biden-admin-wird-babynahrung-aus-mexiko-importieren\/","og_site_name":"just-now.NEWS Deutschland","article_publisher":"https:\/\/www.facebook.com\/wirmachenauf","article_published_time":"2022-06-23T03:21:00+00:00","og_image":[{"width":799,"height":454,"url":"https:\/\/now-news.de\/de\/wp-content\/uploads\/sites\/3\/2022\/06\/Si-Se-Puede-Biden-Admin-wird-Babynahrung-aus-Mexiko-importieren.jpg","type":"image\/jpeg"}],"author":"greatreset","twitter_card":"summary_large_image","twitter_creator":"@WirMachenAuf_de","twitter_site":"@WirMachenAuf_de","twitter_misc":{"Verfasst von":"greatreset","Gesch\u00e4tzte Lesezeit":"2\u00a0Minuten"},"schema":{"@context":"https:\/\/schema.org","@graph":[{"@type":"Article","@id":"https:\/\/now-news.de\/de\/usa\/si-se-puede-biden-admin-wird-babynahrung-aus-mexiko-importieren\/#article","isPartOf":{"@id":"https:\/\/now-news.de\/de\/usa\/si-se-puede-biden-admin-wird-babynahrung-aus-mexiko-importieren\/"},"author":{"name":"greatreset","@id":"https:\/\/now-news.de\/de\/#\/schema\/person\/8afb4cd92b68572db7902c13a349ffcb"},"headline":"Si Se Puede! Biden Admin wird Babynahrung aus Mexiko importieren","datePublished":"2022-06-23T03:21:00+00:00","dateModified":"2022-06-23T03:21:00+00:00","mainEntityOfPage":{"@id":"https:\/\/now-news.de\/de\/usa\/si-se-puede-biden-admin-wird-babynahrung-aus-mexiko-importieren\/"},"wordCount":366,"commentCount":0,"publisher":{"@id":"https:\/\/now-news.de\/de\/#organization"},"image":{"@id":"https:\/\/now-news.de\/de\/usa\/si-se-puede-biden-admin-wird-babynahrung-aus-mexiko-importieren\/#primaryimage"},"thumbnailUrl":"https:\/\/now-news.de\/de\/wp-content\/uploads\/sites\/3\/2022\/06\/Si-Se-Puede-Biden-Admin-wird-Babynahrung-aus-Mexiko-importieren.jpg","keywords":["Admin","aus","Babynahrung","Biden","importieren","Mexiko","Puede","wird"],"articleSection":["USA"],"inLanguage":"de","potentialAction":[{"@type":"CommentAction","name":"Comment","target":["https:\/\/now-news.de\/de\/usa\/si-se-puede-biden-admin-wird-babynahrung-aus-mexiko-importieren\/#respond"]}]},{"@type":"WebPage","@id":"https:\/\/now-news.de\/de\/usa\/si-se-puede-biden-admin-wird-babynahrung-aus-mexiko-importieren\/","url":"https:\/\/now-news.de\/de\/usa\/si-se-puede-biden-admin-wird-babynahrung-aus-mexiko-importieren\/","name":"Si Se Puede! Biden Admin wird Babynahrung aus Mexiko importieren - just-now.NEWS Deutschland","isPartOf":{"@id":"https:\/\/now-news.de\/de\/#website"},"primaryImageOfPage":{"@id":"https:\/\/now-news.de\/de\/usa\/si-se-puede-biden-admin-wird-babynahrung-aus-mexiko-importieren\/#primaryimage"},"image":{"@id":"https:\/\/now-news.de\/de\/usa\/si-se-puede-biden-admin-wird-babynahrung-aus-mexiko-importieren\/#primaryimage"},"thumbnailUrl":"https:\/\/now-news.de\/de\/wp-content\/uploads\/sites\/3\/2022\/06\/Si-Se-Puede-Biden-Admin-wird-Babynahrung-aus-Mexiko-importieren.jpg","datePublished":"2022-06-23T03:21:00+00:00","dateModified":"2022-06-23T03:21:00+00:00","breadcrumb":{"@id":"https:\/\/now-news.de\/de\/usa\/si-se-puede-biden-admin-wird-babynahrung-aus-mexiko-importieren\/#breadcrumb"},"inLanguage":"de","potentialAction":[{"@type":"ReadAction","target":["https:\/\/now-news.de\/de\/usa\/si-se-puede-biden-admin-wird-babynahrung-aus-mexiko-importieren\/"]}]},{"@type":"ImageObject","inLanguage":"de","@id":"https:\/\/now-news.de\/de\/usa\/si-se-puede-biden-admin-wird-babynahrung-aus-mexiko-importieren\/#primaryimage","url":"https:\/\/now-news.de\/de\/wp-content\/uploads\/sites\/3\/2022\/06\/Si-Se-Puede-Biden-Admin-wird-Babynahrung-aus-Mexiko-importieren.jpg","contentUrl":"https:\/\/now-news.de\/de\/wp-content\/uploads\/sites\/3\/2022\/06\/Si-Se-Puede-Biden-Admin-wird-Babynahrung-aus-Mexiko-importieren.jpg","width":799,"height":454},{"@type":"BreadcrumbList","@id":"https:\/\/now-news.de\/de\/usa\/si-se-puede-biden-admin-wird-babynahrung-aus-mexiko-importieren\/#breadcrumb","itemListElement":[{"@type":"ListItem","position":1,"name":"Home","item":"https:\/\/now-news.de\/de\/"},{"@type":"ListItem","position":2,"name":"Si Se Puede! Biden Admin wird Babynahrung aus Mexiko importieren"}]},{"@type":"WebSite","@id":"https:\/\/now-news.de\/de\/#website","url":"https:\/\/now-news.de\/de\/","name":"just-now.NEWS Deutschland","description":"Das Portal f\u00fcr unzensierte Nachrichten aus der Welt","publisher":{"@id":"https:\/\/now-news.de\/de\/#organization"},"potentialAction":[{"@type":"SearchAction","target":{"@type":"EntryPoint","urlTemplate":"https:\/\/now-news.de\/de\/?s={search_term_string}"},"query-input":"required name=search_term_string"}],"inLanguage":"de"},{"@type":"Organization","@id":"https:\/\/now-news.de\/de\/#organization","name":"Just Now News","url":"https:\/\/now-news.de\/de\/","logo":{"@type":"ImageObject","inLanguage":"de","@id":"https:\/\/now-news.de\/de\/#\/schema\/logo\/image\/","url":"http:\/\/just-now.news\/de\/wp-content\/uploads\/sites\/3\/2022\/04\/logo500x500.jpg","contentUrl":"http:\/\/just-now.news\/de\/wp-content\/uploads\/sites\/3\/2022\/04\/logo500x500.jpg","width":500,"height":500,"caption":"Just Now News"},"image":{"@id":"https:\/\/now-news.de\/de\/#\/schema\/logo\/image\/"},"sameAs":["https:\/\/www.facebook.com\/wirmachenauf","https:\/\/x.com\/WirMachenAuf_de"]},{"@type":"Person","@id":"https:\/\/now-news.de\/de\/#\/schema\/person\/8afb4cd92b68572db7902c13a349ffcb","name":"greatreset","image":{"@type":"ImageObject","inLanguage":"de","@id":"https:\/\/now-news.de\/de\/#\/schema\/person\/image\/","url":"https:\/\/secure.gravatar.com\/avatar\/a088df625d49991c090e78c8b9542592?s=96&d=mm&r=g","contentUrl":"https:\/\/secure.gravatar.com\/avatar\/a088df625d49991c090e78c8b9542592?s=96&d=mm&r=g","caption":"greatreset"},"url":"https:\/\/now-news.de\/de\/author\/greatreset\/"}]}},"_links":{"self":[{"href":"https:\/\/now-news.de\/de\/wp-json\/wp\/v2\/posts\/11673"}],"collection":[{"href":"https:\/\/now-news.de\/de\/wp-json\/wp\/v2\/posts"}],"about":[{"href":"https:\/\/now-news.de\/de\/wp-json\/wp\/v2\/types\/post"}],"author":[{"embeddable":true,"href":"https:\/\/now-news.de\/de\/wp-json\/wp\/v2\/users\/5"}],"replies":[{"embeddable":true,"href":"https:\/\/now-news.de\/de\/wp-json\/wp\/v2\/comments?post=11673"}],"version-history":[{"count":0,"href":"https:\/\/now-news.de\/de\/wp-json\/wp\/v2\/posts\/11673\/revisions"}],"wp:featuredmedia":[{"embeddable":true,"href":"https:\/\/now-news.de\/de\/wp-json\/wp\/v2\/media\/11674"}],"wp:attachment":[{"href":"https:\/\/now-news.de\/de\/wp-json\/wp\/v2\/media?parent=11673"}],"wp:term":[{"taxonomy":"category","embeddable":true,"href":"https:\/\/now-news.de\/de\/wp-json\/wp\/v2\/categories?post=11673"},{"taxonomy":"post_tag","embeddable":true,"href":"https:\/\/now-news.de\/de\/wp-json\/wp\/v2\/tags?post=11673"}],"curies":[{"name":"wp","href":"https:\/\/api.w.org\/{rel}","templated":true}]}}