{"id":11585,"date":"2022-06-22T10:10:48","date_gmt":"2022-06-22T08:10:48","guid":{"rendered":"http:\/\/just-now.news\/de\/deutschland\/kretschmann-gruene-wuenscht-sich-politisch-fuer-den-herbst-alles-zum-beispiel-ausgangssperren\/"},"modified":"2022-06-22T10:10:48","modified_gmt":"2022-06-22T08:10:48","slug":"kretschmann-gruene-wuenscht-sich-politisch-fuer-den-herbst-alles-zum-beispiel-ausgangssperren","status":"publish","type":"post","link":"https:\/\/now-news.de\/de\/deutschland\/kretschmann-gruene-wuenscht-sich-politisch-fuer-den-herbst-alles-zum-beispiel-ausgangssperren\/","title":{"rendered":"Kretschmann (Gr\u00fcne) w\u00fcnscht sich politisch f\u00fcr den Herbst &quot;alles&quot;, zum Beispiel Ausgangssperren"},"content":{"rendered":"<p><img decoding=\"async\" src=\"http:\/\/just-now.news\/de\/wp-content\/uploads\/sites\/3\/2022\/06\/62b2a6d848fbef68934a504b.jpg\" \/><\/p>\n<p>Der gr\u00fcne Ministerpr\u00e4sident des Bundeslands Baden-W\u00fcrttemberg\u00a0Winfried Kretschmann vermittelte den Zuschauern der 17:00 Uhr <em>Tagesschau<\/em> am Dienstag nachdr\u00fccklich seine Vorstellungen ben\u00f6tigter &#8220;Instrumente&#8221; aus der Politik f\u00fcr den kommenden Herbst und Winter 2022. In dem <a rel=\"nofollow noopener\" target=\"_blank\" href=\"https:\/\/www.ardmediathek.de\/video\/tagesschau\/tagesschau-17-00-uhr\/das-erste\/Y3JpZDovL2Rhc2Vyc3RlLmRlL3RhZ2Vzc2NoYXUvMGZlNDlhZjktOGI2Mi00ZjRmLTkyYmQtMDM4OWNjOTY2ZmVkLzE\">Beitrag<\/a> mit dem Titel &#8220;Corona-Pandemie \u2013 L\u00e4nder fordern rasches Ma\u00dfnahmen-Konzept&#8221; formulierte Kretschmann auf der Landespressekonferenz Baden-W\u00fcrttemberg folgende Feststellung:<\/p>\n<blockquote>\n<p><em>&#8220;Ich m\u00f6chte nat\u00fcrlich alles haben, zum Beispiel auch die M\u00f6glichkeit von Ausgangssperren. Das ist nat\u00fcrlich jetzt mit der FDP wirklich nicht zu machen.&#8221;<\/em><\/p>\n<\/blockquote>\n<div class=\"EmbedBlock-root EmbedBlock-twitter\">\n<div class=\"TwitterEmbed\">\n<blockquote class=\"twitter-tweet lazyload\" data-twitter=\"twitter-tweet\">\n<p lang=\"de\" dir=\"ltr\">Ach ja falls mich jemand fragt warum ich niemals <a rel=\"nofollow noopener\" target=\"_blank\" href=\"https:\/\/twitter.com\/GrueneBundestag?ref_src=twsrc%5Etfw\">@GrueneBundestag<\/a> <a rel=\"nofollow noopener\" target=\"_blank\" href=\"https:\/\/twitter.com\/GrueneBW?ref_src=twsrc%5Etfw\">@GrueneBW<\/a> <a rel=\"nofollow noopener\" target=\"_blank\" href=\"https:\/\/twitter.com\/FraktionGruenBW?ref_src=twsrc%5Etfw\">@FraktionGruenBW<\/a> <a rel=\"nofollow noopener\" target=\"_blank\" href=\"https:\/\/twitter.com\/Die_Gruenen?ref_src=twsrc%5Etfw\">@Die_Gruenen<\/a> <a rel=\"nofollow noopener\" target=\"_blank\" href=\"https:\/\/twitter.com\/hashtag\/kretschmann?src=hash&amp;ref_src=twsrc%5Etfw\">#kretschmann<\/a> w\u00e4hlen werde.???????????????? <a rel=\"nofollow noopener\" target=\"_blank\" href=\"https:\/\/t.co\/ZFUwBfdT1u\">pic.twitter.com\/ZFUwBfdT1u<\/a><\/p>\n<p>\u2014 Punisher (@PunisherX1984) <a rel=\"nofollow noopener\" target=\"_blank\" href=\"https:\/\/twitter.com\/PunisherX1984\/status\/1539351616498843648?ref_src=twsrc%5Etfw\">June 21, 2022<\/a><\/p><\/blockquote><\/div><\/div>\n<p>Kretschmann habe f\u00fcr sich pers\u00f6nlich festgestellt, dass solche Ma\u00dfnahmen &#8220;sich als wirksam\u00a0erwiesen haben in einer bestimmten Phase&#8221;. Aktuell fordern die drei Bundesl\u00e4nder Baden-W\u00fcrttemberg, Bayern und Nordrein-Westfalen\u00a0sehr forciert, sich jetzt schon mit m\u00f6glichen politischen Regularien f\u00fcr das Jahresende eindeutig zu positionieren, einen &#8220;Corona-Werkzeugkasten jetzt schon f\u00fcllen&#8221;, so die Formulierung im <em>Tagesschau<\/em>-Beitrag.\u00a0<\/p>\n<p>Der verbale Vorsto\u00df irritiert dahingehend, da sich Kretschmann nach einer \u00e4hnlichen \u00c4u\u00dferung im vergangenen Jahr als missverstanden darstellte. Im Juni des Vorjahres\u00a0teilte Kretschmann der <em>Stuttgarter Zeitung<\/em>\u00a0seine damaligen\u00a0<a rel=\"nofollow noopener\" target=\"_blank\" href=\"https:\/\/www.stuttgarter-zeitung.de\/inhalt.winfried-kretschmann-und-das-pandemie-regime-umfrage-brauchen-wir-so-harte-eingriffe-in-die-buergerfreiheiten.7f2feef7-1518-408d-8596-7fe1b7dfc5f1.html\">Vorstellungen<\/a> hinsichtlich einer ben\u00f6tigten Ma\u00dfnahmen-Politik mit:<\/p>\n<blockquote>\n<p><em>&#8220;Meine These lautet: Wenn wir fr\u00fchzeitige Ma\u00dfnahmen gegen die Pandemie ergreifen k\u00f6nnen, die sehr hart und wom\u00f6glich zu diesem Zeitpunkt nicht verh\u00e4ltnism\u00e4\u00dfig gegen\u00fcber den B\u00fcrgern sind, dann k\u00f6nnten wir eine Pandemie schnell in die Knie zwingen.&#8221;<\/em><\/p>\n<p><em>&#8220;Wir sollten also einmal grunds\u00e4tzlich erw\u00e4gen, ob wir nicht das Regime \u00e4ndern m\u00fcssen, sodass harte Eingriffe in die B\u00fcrgerfreiheiten m\u00f6glich werden, um die Pandemie schnell in den Griff zu bekommen.&#8221;<\/em><\/p>\n<\/blockquote>\n<p>Kretschmanns \u00dcberlegungen hatten\u00a0ihm aus verschiedenen Parteien und aus der Bev\u00f6lkerung scharfe Kritik eingebracht. Unter anderem den Vorwurf, die Verfassung anzugreifen. Der SPD-Politiker Dirk Wiese <a rel=\"nofollow noopener\" target=\"_blank\" href=\"https:\/\/www.welt.de\/politik\/deutschland\/article232082337\/Corona-Kretschmann-fordert-harte-Eingriffe-in-Buergerfreiheiten-waehrend-Pandemien.html\">kommentierte<\/a> im Juni 2021:<\/p>\n<blockquote>\n<p><em>&#8220;Die \u00c4u\u00dferungen von Winfried Kretschmann befremden zutiefst. Der Grundsatz der Verh\u00e4ltnism\u00e4\u00dfigkeit ist ein hohes Gut. Der Gesetzgeber kann nicht einfach tun und lassen, was er will, wie es scheinbar Herrn Kretschmann vorschwebt.&#8221;<\/em><\/p>\n<\/blockquote>\n<p>Kretschmann teilte angesichts dieser Kritik mit, er bedauere, dass seine &#8220;\u00c4u\u00dferungen in einem Interview zu <a rel=\"nofollow noopener\" target=\"_blank\" href=\"https:\/\/www.swr.de\/swraktuell\/baden-wuerttemberg\/kretschmann-im-pandemie-fall-haerter-durchgreifen-100.html\">Missverst\u00e4ndnissen<\/a> gef\u00fchrt&#8221; h\u00e4tten:<\/p>\n<blockquote>\n<p><em>&#8220;Im Rechtsstaat gilt immer der Grundsatz der Verh\u00e4ltnism\u00e4\u00dfigkeit \u2013 und zwar immer und ohne Einschr\u00e4nkung. Umso mehr \u00e4rgert es mich, dass durch meine \u00c4u\u00dferungen offenbar dieser Eindruck entstanden ist.&#8221;<\/em><\/p>\n<\/blockquote>\n<p>Im Dezember 2021 gl\u00e4nze Kretschmann mit einer weiteren sehr speziellen Formulierung und Wahrnehmung, diesmal zum Thema COVID-Impfungen. Beim Gr\u00fcnen-Landesparteitag in Heidenheim lie\u00df er die Delegierten wissen, dass f\u00fcr ihn die Corona-Pandemie eine &#8220;Plage biblischen Ausma\u00dfes&#8221; <a rel=\"nofollow noopener\" target=\"_blank\" href=\"https:\/\/bnn.de\/nachrichten\/baden-wuerttemberg\/kretschmann-baden-wuerttemberg-parteitag-gruene-coronapandemie-impfung\">darstelle<\/a>. Daher sei f\u00fcr ihn sicher:<\/p>\n<blockquote>\n<p><em>&#8220;Das ist f\u00fcr uns alle kaum mehr zu ertragen.\u00a0Ich bin weder der Pharao, der unterdr\u00fcckt, noch der Moses, der befreit.&#8221;<\/em><\/p>\n<p><em>&#8220;Das Impfen ist der Moses, der uns aus dieser Pandemie herausf\u00fchrt.&#8221;<\/em><\/p>\n<\/blockquote>\n<p>Im Dezember 2020, zu Beginn der ersten Impfkampagne, kam es zu <a rel=\"nofollow noopener\" target=\"_blank\" href=\"https:\/\/www.youtube.com\/watch?v=wfJeNYhcFPQ\">dieser Aussage<\/a> Kretschmanns:<\/p>\n<blockquote>\n<p><em>&#8220;Die Bev\u00f6lkerung wird durchgeimpft und dann ist es rum mit dieser Pandemie.&#8221;<\/em><\/p>\n<\/blockquote>\n<p>Im Februar 2022 zeigte sich Kretschmann sehr selbstkritisch, bezugnehmend des Verhaltens der Politik gegen\u00fcber den B\u00fcrgern. In\u00a0einer Videobotschaft an eine Veranstaltung der Bundes-Gr\u00fcnen zum politischen Aschermittwoch lie\u00df er wissen: &#8220;Gute politische F\u00fchrung im 21. Jahrhundert, das bedeutet nicht, breitbeinig aufzutreten, Machtworte zu sprechen oder durchzuregieren&#8221;, um dann mit sehr kurzer\u00a0Halbwertszeit\u00a0<a rel=\"nofollow noopener\" target=\"_blank\" href=\"https:\/\/bnn.de\/nachrichten\/baden-wuerttemberg\/minister-zeit-der-basta-politik-gluecklicherweise-vorbei\">zu verk\u00fcnden<\/a>:<\/p>\n<blockquote>\n<p><em>&#8220;Die Zeit der Basta-Politik ist gl\u00fccklicherweise vorbei.&#8221;<\/em><\/p>\n<\/blockquote>\n<p>Trotz einer absolvierten Dreifach-Impfung wurde Kretschmann im M\u00e4rz 2022 positiv auf Corona <a rel=\"nofollow noopener\" target=\"_blank\" href=\"https:\/\/www.stuttgarter-zeitung.de\/inhalt.winfried-kretschmann-in-quarantaene-ministerpraesident-positiv-auf-corona-getestet.d3642ee0-162f-4d1c-9ec0-5bfa8b1b0fcb.html\">getestet<\/a>.<\/p>\n<p><strong>Mehr zum Thema<\/strong> &#8211; <a rel=\"nofollow noopener\" target=\"_blank\" href=\"https:\/\/de.rt.com\/meinung\/141341-minister-lauterbach-entdeckt-sehr-spat\/\">Minister Lauterbach entdeckt sehr sp\u00e4t das Post-Vac-Syndrom \u2013 und relativiert die Folgen<\/a><\/p>\n<\/p>\n<p><script async src=\"https:\/\/platform.twitter.com\/widgets.js\" charset=\"utf-8\"><\/script><br \/>\n<br \/><br \/>\n<br \/><a href=\"https:\/\/de.rt.com\/inland\/141645-kretschmann-grune-wunscht-sich-politisch\/\">Source link <\/a><\/p>\n","protected":false},"excerpt":{"rendered":"<p>Der gr\u00fcne Ministerpr\u00e4sident des Bundeslands Baden-W\u00fcrttemberg\u00a0Winfried Kretschmann vermittelte den Zuschauern der 17:00 Uhr Tagesschau am Dienstag nachdr\u00fccklich seine Vorstellungen ben\u00f6tigter &#8220;Instrumente&#8221; aus der Politik f\u00fcr den kommenden Herbst und Winter 2022. In dem Beitrag mit dem Titel &#8220;Corona-Pandemie \u2013 L\u00e4nder fordern rasches Ma\u00dfnahmen-Konzept&#8221; formulierte Kretschmann auf der Landespressekonferenz Baden-W\u00fcrttemberg folgende Feststellung: &#8220;Ich m\u00f6chte nat\u00fcrlich alles [&hellip;]<\/p>\n","protected":false},"author":3,"featured_media":11586,"comment_status":"open","ping_status":"open","sticky":false,"template":"","format":"standard","meta":{"wp_automatic_camp":["217"],"93776f209f76558ecd2ee238bd679b4b":["Kretschmann (Gr\u00fcne) w\u00fcnscht sich politisch f\u00fcr den Herbst &quot;alles&quot;, zum Beispiel Ausgangssperren"],"original_link":["https:\/\/de.rt.com\/inland\/141645-kretschmann-grune-wunscht-sich-politisch\/"],"_thumbnail_id":["11586"],"_wptg_p2tg_sent2tg":["2022-06-22 10:24:36"],"jnews_social_counter_last_update":["1777277904"]},"categories":[19,23],"tags":[25404,4414,48,221,1434,529,22939,10036,25403,434,433,565],"yoast_head":"<!-- This site is optimized with the Yoast SEO Premium plugin v22.7 (Yoast SEO v22.7) - https:\/\/yoast.com\/wordpress\/plugins\/seo\/ -->\n<title>Kretschmann (Gr\u00fcne) w\u00fcnscht sich politisch f\u00fcr den Herbst &quot;alles&quot;, zum Beispiel Ausgangssperren - just-now.NEWS Deutschland<\/title>\n<meta name=\"robots\" content=\"index, follow, max-snippet:-1, max-image-preview:large, max-video-preview:-1\" \/>\n<link rel=\"canonical\" href=\"https:\/\/now-news.de\/de\/deutschland\/kretschmann-gruene-wuenscht-sich-politisch-fuer-den-herbst-alles-zum-beispiel-ausgangssperren\/\" \/>\n<meta property=\"og:locale\" content=\"de_DE\" \/>\n<meta property=\"og:type\" content=\"article\" \/>\n<meta property=\"og:title\" content=\"Kretschmann (Gr\u00fcne) w\u00fcnscht sich politisch f\u00fcr den Herbst &quot;alles&quot;, zum Beispiel Ausgangssperren\" \/>\n<meta property=\"og:description\" content=\"Der gr\u00fcne Ministerpr\u00e4sident des Bundeslands Baden-W\u00fcrttemberg\u00a0Winfried Kretschmann vermittelte den Zuschauern der 17:00 Uhr Tagesschau am Dienstag nachdr\u00fccklich seine Vorstellungen ben\u00f6tigter &#8220;Instrumente&#8221; aus der Politik f\u00fcr den kommenden Herbst und Winter 2022. In dem Beitrag mit dem Titel &#8220;Corona-Pandemie \u2013 L\u00e4nder fordern rasches Ma\u00dfnahmen-Konzept&#8221; formulierte Kretschmann auf der Landespressekonferenz Baden-W\u00fcrttemberg folgende Feststellung: &#8220;Ich m\u00f6chte nat\u00fcrlich alles [&hellip;]\" \/>\n<meta property=\"og:url\" content=\"https:\/\/now-news.de\/de\/deutschland\/kretschmann-gruene-wuenscht-sich-politisch-fuer-den-herbst-alles-zum-beispiel-ausgangssperren\/\" \/>\n<meta property=\"og:site_name\" content=\"just-now.NEWS Deutschland\" \/>\n<meta property=\"article:publisher\" content=\"https:\/\/www.facebook.com\/wirmachenauf\" \/>\n<meta property=\"article:published_time\" content=\"2022-06-22T08:10:48+00:00\" \/>\n<meta property=\"og:image\" content=\"https:\/\/now-news.de\/de\/wp-content\/uploads\/sites\/3\/2022\/06\/Kretschmann-Gruene-wuenscht-sich-politisch-fuer-den-Herbst-quotallesquot-zum.jpg\" \/>\n\t<meta property=\"og:image:width\" content=\"460\" \/>\n\t<meta property=\"og:image:height\" content=\"259\" \/>\n\t<meta property=\"og:image:type\" content=\"image\/jpeg\" \/>\n<meta name=\"author\" content=\"rtnews\" \/>\n<meta name=\"twitter:card\" content=\"summary_large_image\" \/>\n<meta name=\"twitter:creator\" content=\"@WirMachenAuf_de\" \/>\n<meta name=\"twitter:site\" content=\"@WirMachenAuf_de\" \/>\n<meta name=\"twitter:label1\" content=\"Verfasst von\" \/>\n\t<meta name=\"twitter:data1\" content=\"rtnews\" \/>\n\t<meta name=\"twitter:label2\" content=\"Gesch\u00e4tzte Lesezeit\" \/>\n\t<meta name=\"twitter:data2\" content=\"3\u00a0Minuten\" \/>\n<script type=\"application\/ld+json\" class=\"yoast-schema-graph\">{\"@context\":\"https:\/\/schema.org\",\"@graph\":[{\"@type\":\"Article\",\"@id\":\"https:\/\/now-news.de\/de\/deutschland\/kretschmann-gruene-wuenscht-sich-politisch-fuer-den-herbst-alles-zum-beispiel-ausgangssperren\/#article\",\"isPartOf\":{\"@id\":\"https:\/\/now-news.de\/de\/deutschland\/kretschmann-gruene-wuenscht-sich-politisch-fuer-den-herbst-alles-zum-beispiel-ausgangssperren\/\"},\"author\":{\"name\":\"rtnews\",\"@id\":\"https:\/\/now-news.de\/de\/#\/schema\/person\/fb534a4e865501d8b3285208df34a9b5\"},\"headline\":\"Kretschmann (Gr\u00fcne) w\u00fcnscht sich politisch f\u00fcr den Herbst &quot;alles&quot;, zum Beispiel Ausgangssperren\",\"datePublished\":\"2022-06-22T08:10:48+00:00\",\"dateModified\":\"2022-06-22T08:10:48+00:00\",\"mainEntityOfPage\":{\"@id\":\"https:\/\/now-news.de\/de\/deutschland\/kretschmann-gruene-wuenscht-sich-politisch-fuer-den-herbst-alles-zum-beispiel-ausgangssperren\/\"},\"wordCount\":627,\"commentCount\":0,\"publisher\":{\"@id\":\"https:\/\/now-news.de\/de\/#organization\"},\"image\":{\"@id\":\"https:\/\/now-news.de\/de\/deutschland\/kretschmann-gruene-wuenscht-sich-politisch-fuer-den-herbst-alles-zum-beispiel-ausgangssperren\/#primaryimage\"},\"thumbnailUrl\":\"https:\/\/now-news.de\/de\/wp-content\/uploads\/sites\/3\/2022\/06\/Kretschmann-Gruene-wuenscht-sich-politisch-fuer-den-Herbst-quotallesquot-zum.jpg\",\"keywords\":[\"Ausgangssperren\",\"Beispiel\",\"den\",\"f\u00fcr\",\"Gr\u00fcne\",\"Herbst\",\"Kretschmann\",\"politisch\",\"quotallesquot\",\"sich\",\"w\u00fcnscht\",\"zum\"],\"articleSection\":[\"Deutschland\",\"Russland\"],\"inLanguage\":\"de\",\"potentialAction\":[{\"@type\":\"CommentAction\",\"name\":\"Comment\",\"target\":[\"https:\/\/now-news.de\/de\/deutschland\/kretschmann-gruene-wuenscht-sich-politisch-fuer-den-herbst-alles-zum-beispiel-ausgangssperren\/#respond\"]}]},{\"@type\":\"WebPage\",\"@id\":\"https:\/\/now-news.de\/de\/deutschland\/kretschmann-gruene-wuenscht-sich-politisch-fuer-den-herbst-alles-zum-beispiel-ausgangssperren\/\",\"url\":\"https:\/\/now-news.de\/de\/deutschland\/kretschmann-gruene-wuenscht-sich-politisch-fuer-den-herbst-alles-zum-beispiel-ausgangssperren\/\",\"name\":\"Kretschmann (Gr\u00fcne) w\u00fcnscht sich politisch f\u00fcr den Herbst &quot;alles&quot;, zum Beispiel Ausgangssperren - just-now.NEWS Deutschland\",\"isPartOf\":{\"@id\":\"https:\/\/now-news.de\/de\/#website\"},\"primaryImageOfPage\":{\"@id\":\"https:\/\/now-news.de\/de\/deutschland\/kretschmann-gruene-wuenscht-sich-politisch-fuer-den-herbst-alles-zum-beispiel-ausgangssperren\/#primaryimage\"},\"image\":{\"@id\":\"https:\/\/now-news.de\/de\/deutschland\/kretschmann-gruene-wuenscht-sich-politisch-fuer-den-herbst-alles-zum-beispiel-ausgangssperren\/#primaryimage\"},\"thumbnailUrl\":\"https:\/\/now-news.de\/de\/wp-content\/uploads\/sites\/3\/2022\/06\/Kretschmann-Gruene-wuenscht-sich-politisch-fuer-den-Herbst-quotallesquot-zum.jpg\",\"datePublished\":\"2022-06-22T08:10:48+00:00\",\"dateModified\":\"2022-06-22T08:10:48+00:00\",\"breadcrumb\":{\"@id\":\"https:\/\/now-news.de\/de\/deutschland\/kretschmann-gruene-wuenscht-sich-politisch-fuer-den-herbst-alles-zum-beispiel-ausgangssperren\/#breadcrumb\"},\"inLanguage\":\"de\",\"potentialAction\":[{\"@type\":\"ReadAction\",\"target\":[\"https:\/\/now-news.de\/de\/deutschland\/kretschmann-gruene-wuenscht-sich-politisch-fuer-den-herbst-alles-zum-beispiel-ausgangssperren\/\"]}]},{\"@type\":\"ImageObject\",\"inLanguage\":\"de\",\"@id\":\"https:\/\/now-news.de\/de\/deutschland\/kretschmann-gruene-wuenscht-sich-politisch-fuer-den-herbst-alles-zum-beispiel-ausgangssperren\/#primaryimage\",\"url\":\"https:\/\/now-news.de\/de\/wp-content\/uploads\/sites\/3\/2022\/06\/Kretschmann-Gruene-wuenscht-sich-politisch-fuer-den-Herbst-quotallesquot-zum.jpg\",\"contentUrl\":\"https:\/\/now-news.de\/de\/wp-content\/uploads\/sites\/3\/2022\/06\/Kretschmann-Gruene-wuenscht-sich-politisch-fuer-den-Herbst-quotallesquot-zum.jpg\",\"width\":460,\"height\":259,\"caption\":\"Kretschmann (Gr\u00fcne) w\u00fcnscht sich politisch f\u00fcr den Herbst &quot;alles&quot;, zum Beispiel Ausgangssperren\"},{\"@type\":\"BreadcrumbList\",\"@id\":\"https:\/\/now-news.de\/de\/deutschland\/kretschmann-gruene-wuenscht-sich-politisch-fuer-den-herbst-alles-zum-beispiel-ausgangssperren\/#breadcrumb\",\"itemListElement\":[{\"@type\":\"ListItem\",\"position\":1,\"name\":\"Home\",\"item\":\"https:\/\/now-news.de\/de\/\"},{\"@type\":\"ListItem\",\"position\":2,\"name\":\"Kretschmann (Gr\u00fcne) w\u00fcnscht sich politisch f\u00fcr den Herbst &quot;alles&quot;, zum Beispiel Ausgangssperren\"}]},{\"@type\":\"WebSite\",\"@id\":\"https:\/\/now-news.de\/de\/#website\",\"url\":\"https:\/\/now-news.de\/de\/\",\"name\":\"just-now.NEWS Deutschland\",\"description\":\"Das Portal f\u00fcr unzensierte Nachrichten aus der Welt\",\"publisher\":{\"@id\":\"https:\/\/now-news.de\/de\/#organization\"},\"potentialAction\":[{\"@type\":\"SearchAction\",\"target\":{\"@type\":\"EntryPoint\",\"urlTemplate\":\"https:\/\/now-news.de\/de\/?s={search_term_string}\"},\"query-input\":\"required name=search_term_string\"}],\"inLanguage\":\"de\"},{\"@type\":\"Organization\",\"@id\":\"https:\/\/now-news.de\/de\/#organization\",\"name\":\"Just Now News\",\"url\":\"https:\/\/now-news.de\/de\/\",\"logo\":{\"@type\":\"ImageObject\",\"inLanguage\":\"de\",\"@id\":\"https:\/\/now-news.de\/de\/#\/schema\/logo\/image\/\",\"url\":\"http:\/\/just-now.news\/de\/wp-content\/uploads\/sites\/3\/2022\/04\/logo500x500.jpg\",\"contentUrl\":\"http:\/\/just-now.news\/de\/wp-content\/uploads\/sites\/3\/2022\/04\/logo500x500.jpg\",\"width\":500,\"height\":500,\"caption\":\"Just Now News\"},\"image\":{\"@id\":\"https:\/\/now-news.de\/de\/#\/schema\/logo\/image\/\"},\"sameAs\":[\"https:\/\/www.facebook.com\/wirmachenauf\",\"https:\/\/x.com\/WirMachenAuf_de\"]},{\"@type\":\"Person\",\"@id\":\"https:\/\/now-news.de\/de\/#\/schema\/person\/fb534a4e865501d8b3285208df34a9b5\",\"name\":\"rtnews\",\"image\":{\"@type\":\"ImageObject\",\"inLanguage\":\"de\",\"@id\":\"https:\/\/now-news.de\/de\/#\/schema\/person\/image\/\",\"url\":\"https:\/\/secure.gravatar.com\/avatar\/82aafea7d8127119dd649515f56e2117?s=96&d=mm&r=g\",\"contentUrl\":\"https:\/\/secure.gravatar.com\/avatar\/82aafea7d8127119dd649515f56e2117?s=96&d=mm&r=g\",\"caption\":\"rtnews\"},\"url\":\"https:\/\/now-news.de\/de\/author\/rnews\/\"}]}<\/script>\n<!-- \/ Yoast SEO Premium plugin. -->","yoast_head_json":{"title":"Kretschmann (Gr\u00fcne) w\u00fcnscht sich politisch f\u00fcr den Herbst &quot;alles&quot;, zum Beispiel Ausgangssperren - just-now.NEWS Deutschland","robots":{"index":"index","follow":"follow","max-snippet":"max-snippet:-1","max-image-preview":"max-image-preview:large","max-video-preview":"max-video-preview:-1"},"canonical":"https:\/\/now-news.de\/de\/deutschland\/kretschmann-gruene-wuenscht-sich-politisch-fuer-den-herbst-alles-zum-beispiel-ausgangssperren\/","og_locale":"de_DE","og_type":"article","og_title":"Kretschmann (Gr\u00fcne) w\u00fcnscht sich politisch f\u00fcr den Herbst &quot;alles&quot;, zum Beispiel Ausgangssperren","og_description":"Der gr\u00fcne Ministerpr\u00e4sident des Bundeslands Baden-W\u00fcrttemberg\u00a0Winfried Kretschmann vermittelte den Zuschauern der 17:00 Uhr Tagesschau am Dienstag nachdr\u00fccklich seine Vorstellungen ben\u00f6tigter &#8220;Instrumente&#8221; aus der Politik f\u00fcr den kommenden Herbst und Winter 2022. In dem Beitrag mit dem Titel &#8220;Corona-Pandemie \u2013 L\u00e4nder fordern rasches Ma\u00dfnahmen-Konzept&#8221; formulierte Kretschmann auf der Landespressekonferenz Baden-W\u00fcrttemberg folgende Feststellung: &#8220;Ich m\u00f6chte nat\u00fcrlich alles [&hellip;]","og_url":"https:\/\/now-news.de\/de\/deutschland\/kretschmann-gruene-wuenscht-sich-politisch-fuer-den-herbst-alles-zum-beispiel-ausgangssperren\/","og_site_name":"just-now.NEWS Deutschland","article_publisher":"https:\/\/www.facebook.com\/wirmachenauf","article_published_time":"2022-06-22T08:10:48+00:00","og_image":[{"width":460,"height":259,"url":"https:\/\/now-news.de\/de\/wp-content\/uploads\/sites\/3\/2022\/06\/Kretschmann-Gruene-wuenscht-sich-politisch-fuer-den-Herbst-quotallesquot-zum.jpg","type":"image\/jpeg"}],"author":"rtnews","twitter_card":"summary_large_image","twitter_creator":"@WirMachenAuf_de","twitter_site":"@WirMachenAuf_de","twitter_misc":{"Verfasst von":"rtnews","Gesch\u00e4tzte Lesezeit":"3\u00a0Minuten"},"schema":{"@context":"https:\/\/schema.org","@graph":[{"@type":"Article","@id":"https:\/\/now-news.de\/de\/deutschland\/kretschmann-gruene-wuenscht-sich-politisch-fuer-den-herbst-alles-zum-beispiel-ausgangssperren\/#article","isPartOf":{"@id":"https:\/\/now-news.de\/de\/deutschland\/kretschmann-gruene-wuenscht-sich-politisch-fuer-den-herbst-alles-zum-beispiel-ausgangssperren\/"},"author":{"name":"rtnews","@id":"https:\/\/now-news.de\/de\/#\/schema\/person\/fb534a4e865501d8b3285208df34a9b5"},"headline":"Kretschmann (Gr\u00fcne) w\u00fcnscht sich politisch f\u00fcr den Herbst &quot;alles&quot;, zum Beispiel Ausgangssperren","datePublished":"2022-06-22T08:10:48+00:00","dateModified":"2022-06-22T08:10:48+00:00","mainEntityOfPage":{"@id":"https:\/\/now-news.de\/de\/deutschland\/kretschmann-gruene-wuenscht-sich-politisch-fuer-den-herbst-alles-zum-beispiel-ausgangssperren\/"},"wordCount":627,"commentCount":0,"publisher":{"@id":"https:\/\/now-news.de\/de\/#organization"},"image":{"@id":"https:\/\/now-news.de\/de\/deutschland\/kretschmann-gruene-wuenscht-sich-politisch-fuer-den-herbst-alles-zum-beispiel-ausgangssperren\/#primaryimage"},"thumbnailUrl":"https:\/\/now-news.de\/de\/wp-content\/uploads\/sites\/3\/2022\/06\/Kretschmann-Gruene-wuenscht-sich-politisch-fuer-den-Herbst-quotallesquot-zum.jpg","keywords":["Ausgangssperren","Beispiel","den","f\u00fcr","Gr\u00fcne","Herbst","Kretschmann","politisch","quotallesquot","sich","w\u00fcnscht","zum"],"articleSection":["Deutschland","Russland"],"inLanguage":"de","potentialAction":[{"@type":"CommentAction","name":"Comment","target":["https:\/\/now-news.de\/de\/deutschland\/kretschmann-gruene-wuenscht-sich-politisch-fuer-den-herbst-alles-zum-beispiel-ausgangssperren\/#respond"]}]},{"@type":"WebPage","@id":"https:\/\/now-news.de\/de\/deutschland\/kretschmann-gruene-wuenscht-sich-politisch-fuer-den-herbst-alles-zum-beispiel-ausgangssperren\/","url":"https:\/\/now-news.de\/de\/deutschland\/kretschmann-gruene-wuenscht-sich-politisch-fuer-den-herbst-alles-zum-beispiel-ausgangssperren\/","name":"Kretschmann (Gr\u00fcne) w\u00fcnscht sich politisch f\u00fcr den Herbst &quot;alles&quot;, zum Beispiel Ausgangssperren - just-now.NEWS Deutschland","isPartOf":{"@id":"https:\/\/now-news.de\/de\/#website"},"primaryImageOfPage":{"@id":"https:\/\/now-news.de\/de\/deutschland\/kretschmann-gruene-wuenscht-sich-politisch-fuer-den-herbst-alles-zum-beispiel-ausgangssperren\/#primaryimage"},"image":{"@id":"https:\/\/now-news.de\/de\/deutschland\/kretschmann-gruene-wuenscht-sich-politisch-fuer-den-herbst-alles-zum-beispiel-ausgangssperren\/#primaryimage"},"thumbnailUrl":"https:\/\/now-news.de\/de\/wp-content\/uploads\/sites\/3\/2022\/06\/Kretschmann-Gruene-wuenscht-sich-politisch-fuer-den-Herbst-quotallesquot-zum.jpg","datePublished":"2022-06-22T08:10:48+00:00","dateModified":"2022-06-22T08:10:48+00:00","breadcrumb":{"@id":"https:\/\/now-news.de\/de\/deutschland\/kretschmann-gruene-wuenscht-sich-politisch-fuer-den-herbst-alles-zum-beispiel-ausgangssperren\/#breadcrumb"},"inLanguage":"de","potentialAction":[{"@type":"ReadAction","target":["https:\/\/now-news.de\/de\/deutschland\/kretschmann-gruene-wuenscht-sich-politisch-fuer-den-herbst-alles-zum-beispiel-ausgangssperren\/"]}]},{"@type":"ImageObject","inLanguage":"de","@id":"https:\/\/now-news.de\/de\/deutschland\/kretschmann-gruene-wuenscht-sich-politisch-fuer-den-herbst-alles-zum-beispiel-ausgangssperren\/#primaryimage","url":"https:\/\/now-news.de\/de\/wp-content\/uploads\/sites\/3\/2022\/06\/Kretschmann-Gruene-wuenscht-sich-politisch-fuer-den-Herbst-quotallesquot-zum.jpg","contentUrl":"https:\/\/now-news.de\/de\/wp-content\/uploads\/sites\/3\/2022\/06\/Kretschmann-Gruene-wuenscht-sich-politisch-fuer-den-Herbst-quotallesquot-zum.jpg","width":460,"height":259,"caption":"Kretschmann (Gr\u00fcne) w\u00fcnscht sich politisch f\u00fcr den Herbst &quot;alles&quot;, zum Beispiel Ausgangssperren"},{"@type":"BreadcrumbList","@id":"https:\/\/now-news.de\/de\/deutschland\/kretschmann-gruene-wuenscht-sich-politisch-fuer-den-herbst-alles-zum-beispiel-ausgangssperren\/#breadcrumb","itemListElement":[{"@type":"ListItem","position":1,"name":"Home","item":"https:\/\/now-news.de\/de\/"},{"@type":"ListItem","position":2,"name":"Kretschmann (Gr\u00fcne) w\u00fcnscht sich politisch f\u00fcr den Herbst &quot;alles&quot;, zum Beispiel Ausgangssperren"}]},{"@type":"WebSite","@id":"https:\/\/now-news.de\/de\/#website","url":"https:\/\/now-news.de\/de\/","name":"just-now.NEWS Deutschland","description":"Das Portal f\u00fcr unzensierte Nachrichten aus der Welt","publisher":{"@id":"https:\/\/now-news.de\/de\/#organization"},"potentialAction":[{"@type":"SearchAction","target":{"@type":"EntryPoint","urlTemplate":"https:\/\/now-news.de\/de\/?s={search_term_string}"},"query-input":"required name=search_term_string"}],"inLanguage":"de"},{"@type":"Organization","@id":"https:\/\/now-news.de\/de\/#organization","name":"Just Now News","url":"https:\/\/now-news.de\/de\/","logo":{"@type":"ImageObject","inLanguage":"de","@id":"https:\/\/now-news.de\/de\/#\/schema\/logo\/image\/","url":"http:\/\/just-now.news\/de\/wp-content\/uploads\/sites\/3\/2022\/04\/logo500x500.jpg","contentUrl":"http:\/\/just-now.news\/de\/wp-content\/uploads\/sites\/3\/2022\/04\/logo500x500.jpg","width":500,"height":500,"caption":"Just Now News"},"image":{"@id":"https:\/\/now-news.de\/de\/#\/schema\/logo\/image\/"},"sameAs":["https:\/\/www.facebook.com\/wirmachenauf","https:\/\/x.com\/WirMachenAuf_de"]},{"@type":"Person","@id":"https:\/\/now-news.de\/de\/#\/schema\/person\/fb534a4e865501d8b3285208df34a9b5","name":"rtnews","image":{"@type":"ImageObject","inLanguage":"de","@id":"https:\/\/now-news.de\/de\/#\/schema\/person\/image\/","url":"https:\/\/secure.gravatar.com\/avatar\/82aafea7d8127119dd649515f56e2117?s=96&d=mm&r=g","contentUrl":"https:\/\/secure.gravatar.com\/avatar\/82aafea7d8127119dd649515f56e2117?s=96&d=mm&r=g","caption":"rtnews"},"url":"https:\/\/now-news.de\/de\/author\/rnews\/"}]}},"_links":{"self":[{"href":"https:\/\/now-news.de\/de\/wp-json\/wp\/v2\/posts\/11585"}],"collection":[{"href":"https:\/\/now-news.de\/de\/wp-json\/wp\/v2\/posts"}],"about":[{"href":"https:\/\/now-news.de\/de\/wp-json\/wp\/v2\/types\/post"}],"author":[{"embeddable":true,"href":"https:\/\/now-news.de\/de\/wp-json\/wp\/v2\/users\/3"}],"replies":[{"embeddable":true,"href":"https:\/\/now-news.de\/de\/wp-json\/wp\/v2\/comments?post=11585"}],"version-history":[{"count":0,"href":"https:\/\/now-news.de\/de\/wp-json\/wp\/v2\/posts\/11585\/revisions"}],"wp:featuredmedia":[{"embeddable":true,"href":"https:\/\/now-news.de\/de\/wp-json\/wp\/v2\/media\/11586"}],"wp:attachment":[{"href":"https:\/\/now-news.de\/de\/wp-json\/wp\/v2\/media?parent=11585"}],"wp:term":[{"taxonomy":"category","embeddable":true,"href":"https:\/\/now-news.de\/de\/wp-json\/wp\/v2\/categories?post=11585"},{"taxonomy":"post_tag","embeddable":true,"href":"https:\/\/now-news.de\/de\/wp-json\/wp\/v2\/tags?post=11585"}],"curies":[{"name":"wp","href":"https:\/\/api.w.org\/{rel}","templated":true}]}}