{"id":11544,"date":"2022-06-21T20:38:00","date_gmt":"2022-06-21T18:38:00","guid":{"rendered":"http:\/\/just-now.news\/de\/usa\/rezession-welche-rezession-der-pressesprecher-von-wh-behauptet-dass-die-usa-jetzt-in-eine-phase-stabilen-und-stetigen-wachstums-eintreten-video\/"},"modified":"2022-06-21T20:38:00","modified_gmt":"2022-06-21T18:38:00","slug":"rezession-welche-rezession-der-pressesprecher-von-wh-behauptet-dass-die-usa-jetzt-in-eine-phase-stabilen-und-stetigen-wachstums-eintreten-video","status":"publish","type":"post","link":"https:\/\/now-news.de\/de\/usa\/rezession-welche-rezession-der-pressesprecher-von-wh-behauptet-dass-die-usa-jetzt-in-eine-phase-stabilen-und-stetigen-wachstums-eintreten-video\/","title":{"rendered":"Rezession?  Welche Rezession\u2026: Der Pressesprecher von WH behauptet, dass die USA jetzt in eine Phase \u201estabilen und stetigen Wachstums\u201c eintreten \u2013 (VIDEO)"},"content":{"rendered":"<div class=\"entry-content\">\n<p><\/p>\n<p>Das kannst du dir nicht ausdenken\u2026<\/p>\n<p>Am Dienstag warf die Pressesprecherin des Wei\u00dfen Hauses, Karine Jean-Pierre, eine nasse Decke auf die Angst vor einer drohenden Rezession in den Vereinigten Staaten und behauptete, die Situation sei bei weitem nicht so schlimm, wie sie aussieht.<\/p>\n<div id=\"IC1-ad\" class=\"sponsor IC1\">\n<p class=\"ad-notice flipboard-remove\" fl:fl-noexcerpt=\"true\">Werbung \u2013 die Geschichte geht unten weiter<\/p>\n<div id=\"IC1\">\n<script>\n\t\t\t\t\tif( FFADS.units.IC1 && FFADS.units.IC1.ad_type == 'custom' && FFADS.units.IC1.custom_ads && ! getCookie( 'ff_subbed' ) ) {\n\t\t\t\t\t\tdocument.getElementById( 'IC1' ).innerHTML = FFADS.units.IC1.custom_ads[0].code;\n\t\t\t\t\t\tif( ! FFADS.units.IC1.lazy_load ) eval( FFADS.units.IC1.custom_ads[0].rendering_script );\n\t\t\t\t\t}\n\t\t\t\t\telse if( FFADS.units.IC1 && ! getCookie( 'ff_subbed' ) ) {\n\t\t\t\t\t\tif( 'IC' != 'SB' && 'IC' != 'SA' && FFADS.use_fixed_containers ) {\n\t\t\t\t\t\t\tlet max_wh = firefly_size_list_to_max_wh( FFADS.units.IC1.sizes );\n\t\t\t\t\t\t\tlet el = document.querySelector( '#IC1' );\n\t\t\t\t\t\t\tif( 'IC' != 'SA' && FFADS.slide_pixels ) {\n\t\t\t\t\t\t\t\tmax_wh[1] += parseInt( FFADS.slide_pixels );\n\t\t\t\t\t\t\t\tel.classList.add( 'sliding' );\n\t\t\t\t\t\t\t}\n\t\t\t\t\t\t\tel.style.width = max_wh[0] + 'px';\n\t\t\t\t\t\t\tel.style.height = max_wh[1] + 'px';\n\t\t\t\t\t\t\tel.classList.add( 'fixed-size' );\n\t\t\t\t\t\t}\n\t\t\t\t\t\tgoogletag.cmd.push( function() {\n\t\t\t\t\t\t\tFFADS.debug( 'googletag.displaying IC1' );\n\t\t\t\t\t\t\tgoogletag.display( 'IC1' );\n\t\t\t\t\t\t} );\n\t\t\t\t\t}\n\t\t\t\t\telse {\n\t\t\t\t\t\tdocument.querySelector( '#IC1-ad' ).style.display = 'none';}\n\t\t\t\t<\/script><\/div>\n<\/div>\n<p>Tats\u00e4chlich ist es laut offizieller WH-Position genau umgekehrt.  Anscheinend stehen die USA vor dem Eintritt in eine Phase \u201estabilen und stetigen Wachstums\u201c, prognostizierte Jean-Pierre.<\/p>\n<p>Achten Sie nicht auf die br\u00f6ckelnde Lieferkette, explodierende Gaspreise, hungernde Babys, grassierende Kriminalit\u00e4t und Inflation, die beispiellose H\u00f6hen erreicht \u2013 zur H\u00f6lle, sogar die \u201eHedge\u201c gegen das Fiat-Finanzsystem (Bitcoin) ist um \u00fcber 70 % eingebrochen.  Machen Sie sich jedoch keine Sorgen, das betr\u00fcgerische Biden-Regime bringt den WH-Pressesprecher heraus, um den Amerikanern zu sagen, dass \u201eder Himmel nicht einst\u00fcrzt\u201c.<\/p>\n<p><script>\n\t\t\t\t\tif( ! getCookie( 'ff_subbed' ) ) if( typeof FFADS.replace_ict != 'undefined' ) if( FFADS.replace_ict ) eval( FFADS.replace_ict );\n\t\t\t\t<\/script><\/p>\n<p>Sehr beruhigend\u2026<\/p>\n<p>Von Jean-Pierre:<\/p>\n<div id=\"IC2-ad\" class=\"sponsor IC2\">\n<p class=\"ad-notice flipboard-remove\" fl:fl-noexcerpt=\"true\">Werbung \u2013 die Geschichte geht unten weiter<\/p>\n<div id=\"IC2\">\n<script>\n\t\t\t\t\tif( FFADS.units.IC2 && FFADS.units.IC2.ad_type == 'custom' && FFADS.units.IC2.custom_ads && ! getCookie( 'ff_subbed' ) ) {\n\t\t\t\t\t\tdocument.getElementById( 'IC2' ).innerHTML = FFADS.units.IC2.custom_ads[0].code;\n\t\t\t\t\t\tif( ! FFADS.units.IC2.lazy_load ) eval( FFADS.units.IC2.custom_ads[0].rendering_script );\n\t\t\t\t\t}\n\t\t\t\t\telse if( FFADS.units.IC2 && ! getCookie( 'ff_subbed' ) ) {\n\t\t\t\t\t\tif( 'IC' != 'SB' && 'IC' != 'SA' && FFADS.use_fixed_containers ) {\n\t\t\t\t\t\t\tlet max_wh = firefly_size_list_to_max_wh( FFADS.units.IC2.sizes );\n\t\t\t\t\t\t\tlet el = document.querySelector( '#IC2' );\n\t\t\t\t\t\t\tif( 'IC' != 'SA' && FFADS.slide_pixels ) {\n\t\t\t\t\t\t\t\tmax_wh[1] += parseInt( FFADS.slide_pixels );\n\t\t\t\t\t\t\t\tel.classList.add( 'sliding' );\n\t\t\t\t\t\t\t}\n\t\t\t\t\t\t\tel.style.width = max_wh[0] + 'px';\n\t\t\t\t\t\t\tel.style.height = max_wh[1] + 'px';\n\t\t\t\t\t\t\tel.classList.add( 'fixed-size' );\n\t\t\t\t\t\t}\n\t\t\t\t\t\tgoogletag.cmd.push( function() {\n\t\t\t\t\t\t\tFFADS.debug( 'googletag.displaying IC2' );\n\t\t\t\t\t\t\tgoogletag.display( 'IC2' );\n\t\t\t\t\t\t} );\n\t\t\t\t\t}\n\t\t\t\t\telse {\n\t\t\t\t\t\tdocument.querySelector( '#IC2-ad' ).style.display = 'none';}\n\t\t\t\t<\/script><\/div>\n<\/div>\n<blockquote>\n<p><em>\u201eIm Moment sehen wir keine Rezession.  Wir befinden uns derzeit nicht in einer Rezession. <\/em><\/p>\n<p><em>Im Moment befinden wir uns in einem \u00dcbergang, in dem wir in einen Ort des stabilen und stetigen Wachstums eintreten werden, und darauf wird unser Fokus liegen.\u201c<\/em><\/p>\n<\/blockquote>\n<p>Die geplante Rezession steht uns aller Wahrscheinlichkeit nach bereits bevor, aber nicht laut WH.  Sie sind zu sehr damit besch\u00e4ftigt, mit der \u201eboomenden\u201c US-Wirtschaft zu prahlen.<\/p>\n<p>Uhr:<\/p>\n<blockquote class=\"twitter-tweet\" data-width=\"500\" data-dnt=\"true\">\n<p lang=\"en\" dir=\"ltr\">Karine Jean-Pierre: \u201eWir sehen keine Rezession\u201c in K\u00fcrze. <\/p>\n<p>Sie sagten dasselbe \u00fcber die Inflation. <a rel=\"nofollow noopener\" target=\"_blank\" href=\"https:\/\/t.co\/ISTc9HR1ZS\">pic.twitter.com\/ISTc9HR1ZS<\/a><\/p>\n<p>\u2014 RNC-Forschung (@RNCResearch) <a rel=\"nofollow noopener\" target=\"_blank\" href=\"https:\/\/twitter.com\/RNCResearch\/status\/1539301036334145537?ref_src=twsrc%5Etfw\">21. Juni 2022<\/a><\/p>\n<\/blockquote>\n<p><script async src=\"https:\/\/platform.twitter.com\/widgets.js\" charset=\"utf-8\"><\/script><\/p>\n<div id=\"IC3-ad\" class=\"sponsor IC3\">\n<p class=\"ad-notice flipboard-remove\" fl:fl-noexcerpt=\"true\">Werbung \u2013 die Geschichte geht unten weiter<\/p>\n<div id=\"IC3\">\n<script>\n\t\t\t\t\tif( FFADS.units.IC3 && FFADS.units.IC3.ad_type == 'custom' && FFADS.units.IC3.custom_ads && ! getCookie( 'ff_subbed' ) ) {\n\t\t\t\t\t\tdocument.getElementById( 'IC3' ).innerHTML = FFADS.units.IC3.custom_ads[0].code;\n\t\t\t\t\t\tif( ! FFADS.units.IC3.lazy_load ) eval( FFADS.units.IC3.custom_ads[0].rendering_script );\n\t\t\t\t\t}\n\t\t\t\t\telse if( FFADS.units.IC3 && ! getCookie( 'ff_subbed' ) ) {\n\t\t\t\t\t\tif( 'IC' != 'SB' && 'IC' != 'SA' && FFADS.use_fixed_containers ) {\n\t\t\t\t\t\t\tlet max_wh = firefly_size_list_to_max_wh( FFADS.units.IC3.sizes );\n\t\t\t\t\t\t\tlet el = document.querySelector( '#IC3' );\n\t\t\t\t\t\t\tif( 'IC' != 'SA' && FFADS.slide_pixels ) {\n\t\t\t\t\t\t\t\tmax_wh[1] += parseInt( FFADS.slide_pixels );\n\t\t\t\t\t\t\t\tel.classList.add( 'sliding' );\n\t\t\t\t\t\t\t}\n\t\t\t\t\t\t\tel.style.width = max_wh[0] + 'px';\n\t\t\t\t\t\t\tel.style.height = max_wh[1] + 'px';\n\t\t\t\t\t\t\tel.classList.add( 'fixed-size' );\n\t\t\t\t\t\t}\n\t\t\t\t\t\tgoogletag.cmd.push( function() {\n\t\t\t\t\t\t\tFFADS.debug( 'googletag.displaying IC3' );\n\t\t\t\t\t\t\tgoogletag.display( 'IC3' );\n\t\t\t\t\t\t} );\n\t\t\t\t\t}\n\t\t\t\t\telse {\n\t\t\t\t\t\tdocument.querySelector( '#IC3-ad' ).style.display = 'none';}\n\t\t\t\t<\/script><\/div>\n<\/div>\n<p>Es \u00fcberrascht nicht, dass dies derselbe letzte Versuch ist, den das Biden-Regime vor ein paar Monaten wegen der explodierenden Inflationszahlen unternommen hat, die sich vorhersehbar verschlimmert haben, w\u00e4hrend diese Regierung mit dem geplanten Abriss der USA fortf\u00e4hrt.<\/p>\n<p>Monatelang sangen Biden, seine Beamten und Mitglieder der Fake-News-Medien alle dieselbe Melodie: \u201eInflation uns vor\u00fcbergehend\u201c, wenn es sie \u00fcberhaupt gibt.  Und das Gleiche wird jetzt \u00fcber die drohende Rezession gesagt \u2013 aber wer wei\u00df, vielleicht haben sie recht.  Wir k\u00f6nnten die ganze Sache mit der Rezession einfach \u00fcberspringen und direkt in das Gebiet der Depression gehen, so wie sich die Dinge jetzt entwickeln.<\/p>\n<p>Hier ist ein Supercut von Demokraten, die \u00fcber die \u201evor\u00fcbergehende\u201c Inflation l\u00fcgen, die ein dauerhafter und wachsender Bestandteil des Amerika-letzten Biden-Regimes ist:<\/p>\n<blockquote class=\"twitter-tweet\" data-width=\"500\" data-dnt=\"true\">\n<p lang=\"en\" dir=\"ltr\">Hier sind zwei Minuten, in denen die Demokraten \u00fcber die Inflation L\u00dcGEN <a rel=\"nofollow noopener\" target=\"_blank\" href=\"https:\/\/t.co\/xd8uDqv5yK\">pic.twitter.com\/xd8uDqv5yK<\/a><\/p>\n<p>\u2014 RNC-Forschung (@RNCResearch) <a rel=\"nofollow noopener\" target=\"_blank\" href=\"https:\/\/twitter.com\/RNCResearch\/status\/1535273165529686021?ref_src=twsrc%5Etfw\">10. Juni 2022<\/a><\/p>\n<\/blockquote>\n<p><script async src=\"https:\/\/platform.twitter.com\/widgets.js\" charset=\"utf-8\"><\/script><\/p>\n<div id=\"IC4-ad\" class=\"sponsor IC4\">\n<p class=\"ad-notice flipboard-remove\" fl:fl-noexcerpt=\"true\">Werbung \u2013 die Geschichte geht unten weiter<\/p>\n<div id=\"IC4\">\n<script>\n\t\t\t\t\tif( FFADS.units.IC4 && FFADS.units.IC4.ad_type == 'custom' && FFADS.units.IC4.custom_ads && ! getCookie( 'ff_subbed' ) ) {\n\t\t\t\t\t\tdocument.getElementById( 'IC4' ).innerHTML = FFADS.units.IC4.custom_ads[0].code;\n\t\t\t\t\t\tif( ! FFADS.units.IC4.lazy_load ) eval( FFADS.units.IC4.custom_ads[0].rendering_script );\n\t\t\t\t\t}\n\t\t\t\t\telse if( FFADS.units.IC4 && ! getCookie( 'ff_subbed' ) ) {\n\t\t\t\t\t\tif( 'IC' != 'SB' && 'IC' != 'SA' && FFADS.use_fixed_containers ) {\n\t\t\t\t\t\t\tlet max_wh = firefly_size_list_to_max_wh( FFADS.units.IC4.sizes );\n\t\t\t\t\t\t\tlet el = document.querySelector( '#IC4' );\n\t\t\t\t\t\t\tif( 'IC' != 'SA' && FFADS.slide_pixels ) {\n\t\t\t\t\t\t\t\tmax_wh[1] += parseInt( FFADS.slide_pixels );\n\t\t\t\t\t\t\t\tel.classList.add( 'sliding' );\n\t\t\t\t\t\t\t}\n\t\t\t\t\t\t\tel.style.width = max_wh[0] + 'px';\n\t\t\t\t\t\t\tel.style.height = max_wh[1] + 'px';\n\t\t\t\t\t\t\tel.classList.add( 'fixed-size' );\n\t\t\t\t\t\t}\n\t\t\t\t\t\tgoogletag.cmd.push( function() {\n\t\t\t\t\t\t\tFFADS.debug( 'googletag.displaying IC4' );\n\t\t\t\t\t\t\tgoogletag.display( 'IC4' );\n\t\t\t\t\t\t} );\n\t\t\t\t\t}\n\t\t\t\t\telse {\n\t\t\t\t\t\tdocument.querySelector( '#IC4-ad' ).style.display = 'none';}\n\t\t\t\t<\/script><\/div>\n<\/div>\n<p>Die Menge an absichtlicher Irref\u00fchrung und v\u00f6lligem Unsinn, die von unseren gew\u00e4hlten Beamten, sogenannten Experten, und blutigen Medien-Hacks kommt, hat ein Propaganda-H\u00f6chstma\u00df erreicht.  Die Situation ist so schlimm geworden, dass diese Clowns nicht einmal mehr versuchen m\u00fcssen, im selben Stadion wie die Realit\u00e4t zu landen.<\/p>\n<p>Sogar Stalin w\u00e4re beeindruckt.<\/p>\n<p class=\"article-ask\"><span class=\"ask\"><script>\n  if( getParameterByName( \"utm_source\" ) == \"testpage\" ) {\n    !function(e,t,a,n,g){e[n]=e[n]||[],e[n].push({\"gtm.start\":(new Date).getTime(),event:\"gtm.js\"});var m=t.getElementsByTagName(a)[0],r=t.createElement(a);r.async=!0,r.src=\"https:\/\/www.googletagmanager.com\/gtm.js?id=GTM-PL4PD49\",m.parentNode.insertBefore(r,m)}(window.parent,window.parent.document,\"script\",\"dataLayer\");\n    var iframe=window.parent.document.createElement(\"iframe\");iframe.src=\"https:\/\/www.googletagmanager.com\/ns.html?id=GTM-PL4PD49\";iframe.height=\"0\";iframe.width=\"0\";iframe.style=\"display:none;visibility:hidden\";window.parent.document.body.appendChild(iframe);\n    window.parent[\"$$mm-analytics\"] = window.parent[\"$$mm-analytics\"] || {};if (typeof window.parent[\"$$mm-analytics\"].firstEmbed === \"undefined\") {window.parent[\"$$mm-analytics\"].firstEmbed = Date.now();}\n    let as1 = document.createElement( \"script\" );\n    as1.src = \"https:\/\/bucket1.mm-syringe.com\/prod\/configs\/ee2300c8-43d2-7f0b-dac0-40aaf31c9d3d.js\";\n    document.body.appendChild( as1 );\n    let as2 = document.createElement( \"script\" );\n    as2.src = \"https:\/\/bucket1.mm-syringe.com\/prod\/injector\/injector.1.5.3.js\";\n    document.body.appendChild( as2 );\n  }\n<\/script><\/p>\n<div class=\"apester-media\" data-token=\"5f10a39f94902bc81d3d59a7\" data-context=\"true\" data-tags=\"\" data-fallback=\"true\" height=\"350\"><\/div>\n<p><script id=\"apester_script\" src=\"https:\/\/static.apester.com\/js\/sdk\/latest\/apester-sdk.js\" async><\/script><script async src=\"https:\/\/www.googletagmanager.com\/gtag\/js?id=G-EFE91RJVSQ\"><\/script><script>\n  window.dataLayer = window.dataLayer || [];\n  function gtag(){dataLayer.push(arguments);}\n  gtag(\\\\\\'js\\\\\\', new Date());\n  gtag(\\\\\\'config\\\\\\', \\\\\\'G-EFE91RJVSQ\\\\\\');\n<\/script><script type=\"text\/javascript\">\n\tfunction e(e){var t=!(arguments.length>1&&void 0!==arguments[1])||arguments[1],c=document.createElement(\"script\");c.src=e,t?c.type=\"module\":(c.async=!0,c.type=\"text\/javascript\",c.setAttribute(\"nomodule\",\"\"));var n=document.getElementsByTagName(\"script\")[0];n.parentNode.insertBefore(c,n)}function t(t,c,n){var a,o,r;null!==(a=t.marfeel)&&void 0!==a||(t.marfeel={}),null!==(o=(r=t.marfeel).cmd)&&void 0!==o||(r.cmd=[]),t.marfeel.config=n,t.marfeel.config.accountId=c;var i=\"https:\/\/sdk.mrf.io\/statics\";e(\"\".concat(i,\"\/marfeel-sdk.js?id=\").concat(c),!0),e(\"\".concat(i,\"\/marfeel-sdk.es5.js?id=\").concat(c),!1)}!function(e,c){var n=arguments.length>2&&void 0!==arguments[2]?arguments[2]:{};t(e,c,n)}(window,1573,{} \/*config*\/);\n<\/script><\/span><\/p>\n<\/div>\n<p><br \/>\n<br \/><a href=\"https:\/\/www.thegatewaypundit.com\/2022\/06\/recession-recession-wh-press-secretary-claims-us-now-entering-period-stable-steady-growth-video\/\">Source link <\/a><\/p>\n","protected":false},"excerpt":{"rendered":"<p>Das kannst du dir nicht ausdenken\u2026 Am Dienstag warf die Pressesprecherin des Wei\u00dfen Hauses, Karine Jean-Pierre, eine nasse Decke auf die Angst vor einer drohenden Rezession in den Vereinigten Staaten und behauptete, die Situation sei bei weitem nicht so schlimm, wie sie aussieht. Werbung \u2013 die Geschichte geht unten weiter Tats\u00e4chlich ist es laut offizieller [&hellip;]<\/p>\n","protected":false},"author":5,"featured_media":11545,"comment_status":"open","ping_status":"open","sticky":false,"template":"","format":"standard","meta":{"wp_automatic_camp":["1161"],"271cb49ab6e85dcf047eee7111df77ac":[" Rezession?  Welche Rezession\u2026: Der Pressesprecher von WH behauptet, dass die USA jetzt in eine Phase \u201estabilen und stetigen Wachstums\u201c eintreten \u2013 (VIDEO)\n"],"original_link":["https:\/\/www.thegatewaypundit.com\/2022\/06\/recession-recession-wh-press-secretary-claims-us-now-entering-period-stable-steady-growth-video\/"],"_thumbnail_id":["11545"],"wp_automatic_remove_first_image":["yes"],"jnews_social_counter_last_update":["1777270292"]},"categories":[25],"tags":[5208,42,82,45,275,25346,2731,3471,19474,7847,25343,25344,140,193,173,50,25345,4503],"yoast_head":"<!-- This site is optimized with the Yoast SEO Premium plugin v22.7 (Yoast SEO v22.7) - https:\/\/yoast.com\/wordpress\/plugins\/seo\/ -->\n<title>Rezession? Welche Rezession\u2026: Der Pressesprecher von WH behauptet, dass die USA jetzt in eine Phase \u201estabilen und stetigen Wachstums\u201c eintreten \u2013 (VIDEO) - just-now.NEWS Deutschland<\/title>\n<meta name=\"robots\" content=\"index, follow, max-snippet:-1, max-image-preview:large, max-video-preview:-1\" \/>\n<link rel=\"canonical\" href=\"https:\/\/now-news.de\/de\/usa\/rezession-welche-rezession-der-pressesprecher-von-wh-behauptet-dass-die-usa-jetzt-in-eine-phase-stabilen-und-stetigen-wachstums-eintreten-video\/\" \/>\n<meta property=\"og:locale\" content=\"de_DE\" \/>\n<meta property=\"og:type\" content=\"article\" \/>\n<meta property=\"og:title\" content=\"Rezession? Welche Rezession\u2026: Der Pressesprecher von WH behauptet, dass die USA jetzt in eine Phase \u201estabilen und stetigen Wachstums\u201c eintreten \u2013 (VIDEO)\" \/>\n<meta property=\"og:description\" content=\"Das kannst du dir nicht ausdenken\u2026 Am Dienstag warf die Pressesprecherin des Wei\u00dfen Hauses, Karine Jean-Pierre, eine nasse Decke auf die Angst vor einer drohenden Rezession in den Vereinigten Staaten und behauptete, die Situation sei bei weitem nicht so schlimm, wie sie aussieht. Werbung \u2013 die Geschichte geht unten weiter Tats\u00e4chlich ist es laut offizieller [&hellip;]\" \/>\n<meta property=\"og:url\" content=\"https:\/\/now-news.de\/de\/usa\/rezession-welche-rezession-der-pressesprecher-von-wh-behauptet-dass-die-usa-jetzt-in-eine-phase-stabilen-und-stetigen-wachstums-eintreten-video\/\" \/>\n<meta property=\"og:site_name\" content=\"just-now.NEWS Deutschland\" \/>\n<meta property=\"article:publisher\" content=\"https:\/\/www.facebook.com\/wirmachenauf\" \/>\n<meta property=\"article:published_time\" content=\"2022-06-21T18:38:00+00:00\" \/>\n<meta property=\"og:image\" content=\"https:\/\/now-news.de\/de\/wp-content\/uploads\/sites\/3\/2022\/06\/1655837049_Rezession-Welche-Rezession\u2026-Der-Pressesprecher-von-WH-behauptet-dass-die.jpg\" \/>\n\t<meta property=\"og:image:width\" content=\"1921\" \/>\n\t<meta property=\"og:image:height\" content=\"1075\" \/>\n\t<meta property=\"og:image:type\" content=\"image\/jpeg\" \/>\n<meta name=\"author\" content=\"greatreset\" \/>\n<meta name=\"twitter:card\" content=\"summary_large_image\" \/>\n<meta name=\"twitter:creator\" content=\"@WirMachenAuf_de\" \/>\n<meta name=\"twitter:site\" content=\"@WirMachenAuf_de\" \/>\n<meta name=\"twitter:label1\" content=\"Verfasst von\" \/>\n\t<meta name=\"twitter:data1\" content=\"greatreset\" \/>\n\t<meta name=\"twitter:label2\" content=\"Gesch\u00e4tzte Lesezeit\" \/>\n\t<meta name=\"twitter:data2\" content=\"2\u00a0Minuten\" \/>\n<script type=\"application\/ld+json\" class=\"yoast-schema-graph\">{\"@context\":\"https:\/\/schema.org\",\"@graph\":[{\"@type\":\"Article\",\"@id\":\"https:\/\/now-news.de\/de\/usa\/rezession-welche-rezession-der-pressesprecher-von-wh-behauptet-dass-die-usa-jetzt-in-eine-phase-stabilen-und-stetigen-wachstums-eintreten-video\/#article\",\"isPartOf\":{\"@id\":\"https:\/\/now-news.de\/de\/usa\/rezession-welche-rezession-der-pressesprecher-von-wh-behauptet-dass-die-usa-jetzt-in-eine-phase-stabilen-und-stetigen-wachstums-eintreten-video\/\"},\"author\":{\"name\":\"greatreset\",\"@id\":\"https:\/\/now-news.de\/de\/#\/schema\/person\/8afb4cd92b68572db7902c13a349ffcb\"},\"headline\":\"Rezession? Welche Rezession\u2026: Der Pressesprecher von WH behauptet, dass die USA jetzt in eine Phase \u201estabilen und stetigen Wachstums\u201c eintreten \u2013 (VIDEO)\",\"datePublished\":\"2022-06-21T18:38:00+00:00\",\"dateModified\":\"2022-06-21T18:38:00+00:00\",\"mainEntityOfPage\":{\"@id\":\"https:\/\/now-news.de\/de\/usa\/rezession-welche-rezession-der-pressesprecher-von-wh-behauptet-dass-die-usa-jetzt-in-eine-phase-stabilen-und-stetigen-wachstums-eintreten-video\/\"},\"wordCount\":480,\"commentCount\":0,\"publisher\":{\"@id\":\"https:\/\/now-news.de\/de\/#organization\"},\"image\":{\"@id\":\"https:\/\/now-news.de\/de\/usa\/rezession-welche-rezession-der-pressesprecher-von-wh-behauptet-dass-die-usa-jetzt-in-eine-phase-stabilen-und-stetigen-wachstums-eintreten-video\/#primaryimage\"},\"thumbnailUrl\":\"https:\/\/now-news.de\/de\/wp-content\/uploads\/sites\/3\/2022\/06\/1655837049_Rezession-Welche-Rezession\u2026-Der-Pressesprecher-von-WH-behauptet-dass-die.jpg\",\"keywords\":[\"behauptet\",\"dass\",\"der\",\"die\",\"eine\",\"eintreten\",\"Jetzt\",\"Phase\",\"Pressesprecher\",\"Rezession\",\"stabilen\",\"stetigen\",\"und\",\"USA\",\"Video\",\"von\",\"Wachstums\",\"Welche\"],\"articleSection\":[\"USA\"],\"inLanguage\":\"de\",\"potentialAction\":[{\"@type\":\"CommentAction\",\"name\":\"Comment\",\"target\":[\"https:\/\/now-news.de\/de\/usa\/rezession-welche-rezession-der-pressesprecher-von-wh-behauptet-dass-die-usa-jetzt-in-eine-phase-stabilen-und-stetigen-wachstums-eintreten-video\/#respond\"]}]},{\"@type\":\"WebPage\",\"@id\":\"https:\/\/now-news.de\/de\/usa\/rezession-welche-rezession-der-pressesprecher-von-wh-behauptet-dass-die-usa-jetzt-in-eine-phase-stabilen-und-stetigen-wachstums-eintreten-video\/\",\"url\":\"https:\/\/now-news.de\/de\/usa\/rezession-welche-rezession-der-pressesprecher-von-wh-behauptet-dass-die-usa-jetzt-in-eine-phase-stabilen-und-stetigen-wachstums-eintreten-video\/\",\"name\":\"Rezession? Welche Rezession\u2026: Der Pressesprecher von WH behauptet, dass die USA jetzt in eine Phase \u201estabilen und stetigen Wachstums\u201c eintreten \u2013 (VIDEO) - just-now.NEWS Deutschland\",\"isPartOf\":{\"@id\":\"https:\/\/now-news.de\/de\/#website\"},\"primaryImageOfPage\":{\"@id\":\"https:\/\/now-news.de\/de\/usa\/rezession-welche-rezession-der-pressesprecher-von-wh-behauptet-dass-die-usa-jetzt-in-eine-phase-stabilen-und-stetigen-wachstums-eintreten-video\/#primaryimage\"},\"image\":{\"@id\":\"https:\/\/now-news.de\/de\/usa\/rezession-welche-rezession-der-pressesprecher-von-wh-behauptet-dass-die-usa-jetzt-in-eine-phase-stabilen-und-stetigen-wachstums-eintreten-video\/#primaryimage\"},\"thumbnailUrl\":\"https:\/\/now-news.de\/de\/wp-content\/uploads\/sites\/3\/2022\/06\/1655837049_Rezession-Welche-Rezession\u2026-Der-Pressesprecher-von-WH-behauptet-dass-die.jpg\",\"datePublished\":\"2022-06-21T18:38:00+00:00\",\"dateModified\":\"2022-06-21T18:38:00+00:00\",\"breadcrumb\":{\"@id\":\"https:\/\/now-news.de\/de\/usa\/rezession-welche-rezession-der-pressesprecher-von-wh-behauptet-dass-die-usa-jetzt-in-eine-phase-stabilen-und-stetigen-wachstums-eintreten-video\/#breadcrumb\"},\"inLanguage\":\"de\",\"potentialAction\":[{\"@type\":\"ReadAction\",\"target\":[\"https:\/\/now-news.de\/de\/usa\/rezession-welche-rezession-der-pressesprecher-von-wh-behauptet-dass-die-usa-jetzt-in-eine-phase-stabilen-und-stetigen-wachstums-eintreten-video\/\"]}]},{\"@type\":\"ImageObject\",\"inLanguage\":\"de\",\"@id\":\"https:\/\/now-news.de\/de\/usa\/rezession-welche-rezession-der-pressesprecher-von-wh-behauptet-dass-die-usa-jetzt-in-eine-phase-stabilen-und-stetigen-wachstums-eintreten-video\/#primaryimage\",\"url\":\"https:\/\/now-news.de\/de\/wp-content\/uploads\/sites\/3\/2022\/06\/1655837049_Rezession-Welche-Rezession\u2026-Der-Pressesprecher-von-WH-behauptet-dass-die.jpg\",\"contentUrl\":\"https:\/\/now-news.de\/de\/wp-content\/uploads\/sites\/3\/2022\/06\/1655837049_Rezession-Welche-Rezession\u2026-Der-Pressesprecher-von-WH-behauptet-dass-die.jpg\",\"width\":1921,\"height\":1075},{\"@type\":\"BreadcrumbList\",\"@id\":\"https:\/\/now-news.de\/de\/usa\/rezession-welche-rezession-der-pressesprecher-von-wh-behauptet-dass-die-usa-jetzt-in-eine-phase-stabilen-und-stetigen-wachstums-eintreten-video\/#breadcrumb\",\"itemListElement\":[{\"@type\":\"ListItem\",\"position\":1,\"name\":\"Home\",\"item\":\"https:\/\/now-news.de\/de\/\"},{\"@type\":\"ListItem\",\"position\":2,\"name\":\"Rezession? Welche Rezession\u2026: Der Pressesprecher von WH behauptet, dass die USA jetzt in eine Phase \u201estabilen und stetigen Wachstums\u201c eintreten \u2013 (VIDEO)\"}]},{\"@type\":\"WebSite\",\"@id\":\"https:\/\/now-news.de\/de\/#website\",\"url\":\"https:\/\/now-news.de\/de\/\",\"name\":\"just-now.NEWS Deutschland\",\"description\":\"Das Portal f\u00fcr unzensierte Nachrichten aus der Welt\",\"publisher\":{\"@id\":\"https:\/\/now-news.de\/de\/#organization\"},\"potentialAction\":[{\"@type\":\"SearchAction\",\"target\":{\"@type\":\"EntryPoint\",\"urlTemplate\":\"https:\/\/now-news.de\/de\/?s={search_term_string}\"},\"query-input\":\"required name=search_term_string\"}],\"inLanguage\":\"de\"},{\"@type\":\"Organization\",\"@id\":\"https:\/\/now-news.de\/de\/#organization\",\"name\":\"Just Now News\",\"url\":\"https:\/\/now-news.de\/de\/\",\"logo\":{\"@type\":\"ImageObject\",\"inLanguage\":\"de\",\"@id\":\"https:\/\/now-news.de\/de\/#\/schema\/logo\/image\/\",\"url\":\"http:\/\/just-now.news\/de\/wp-content\/uploads\/sites\/3\/2022\/04\/logo500x500.jpg\",\"contentUrl\":\"http:\/\/just-now.news\/de\/wp-content\/uploads\/sites\/3\/2022\/04\/logo500x500.jpg\",\"width\":500,\"height\":500,\"caption\":\"Just Now News\"},\"image\":{\"@id\":\"https:\/\/now-news.de\/de\/#\/schema\/logo\/image\/\"},\"sameAs\":[\"https:\/\/www.facebook.com\/wirmachenauf\",\"https:\/\/x.com\/WirMachenAuf_de\"]},{\"@type\":\"Person\",\"@id\":\"https:\/\/now-news.de\/de\/#\/schema\/person\/8afb4cd92b68572db7902c13a349ffcb\",\"name\":\"greatreset\",\"image\":{\"@type\":\"ImageObject\",\"inLanguage\":\"de\",\"@id\":\"https:\/\/now-news.de\/de\/#\/schema\/person\/image\/\",\"url\":\"https:\/\/secure.gravatar.com\/avatar\/a088df625d49991c090e78c8b9542592?s=96&d=mm&r=g\",\"contentUrl\":\"https:\/\/secure.gravatar.com\/avatar\/a088df625d49991c090e78c8b9542592?s=96&d=mm&r=g\",\"caption\":\"greatreset\"},\"url\":\"https:\/\/now-news.de\/de\/author\/greatreset\/\"}]}<\/script>\n<!-- \/ Yoast SEO Premium plugin. -->","yoast_head_json":{"title":"Rezession? Welche Rezession\u2026: Der Pressesprecher von WH behauptet, dass die USA jetzt in eine Phase \u201estabilen und stetigen Wachstums\u201c eintreten \u2013 (VIDEO) - just-now.NEWS Deutschland","robots":{"index":"index","follow":"follow","max-snippet":"max-snippet:-1","max-image-preview":"max-image-preview:large","max-video-preview":"max-video-preview:-1"},"canonical":"https:\/\/now-news.de\/de\/usa\/rezession-welche-rezession-der-pressesprecher-von-wh-behauptet-dass-die-usa-jetzt-in-eine-phase-stabilen-und-stetigen-wachstums-eintreten-video\/","og_locale":"de_DE","og_type":"article","og_title":"Rezession? Welche Rezession\u2026: Der Pressesprecher von WH behauptet, dass die USA jetzt in eine Phase \u201estabilen und stetigen Wachstums\u201c eintreten \u2013 (VIDEO)","og_description":"Das kannst du dir nicht ausdenken\u2026 Am Dienstag warf die Pressesprecherin des Wei\u00dfen Hauses, Karine Jean-Pierre, eine nasse Decke auf die Angst vor einer drohenden Rezession in den Vereinigten Staaten und behauptete, die Situation sei bei weitem nicht so schlimm, wie sie aussieht. Werbung \u2013 die Geschichte geht unten weiter Tats\u00e4chlich ist es laut offizieller [&hellip;]","og_url":"https:\/\/now-news.de\/de\/usa\/rezession-welche-rezession-der-pressesprecher-von-wh-behauptet-dass-die-usa-jetzt-in-eine-phase-stabilen-und-stetigen-wachstums-eintreten-video\/","og_site_name":"just-now.NEWS Deutschland","article_publisher":"https:\/\/www.facebook.com\/wirmachenauf","article_published_time":"2022-06-21T18:38:00+00:00","og_image":[{"width":1921,"height":1075,"url":"https:\/\/now-news.de\/de\/wp-content\/uploads\/sites\/3\/2022\/06\/1655837049_Rezession-Welche-Rezession\u2026-Der-Pressesprecher-von-WH-behauptet-dass-die.jpg","type":"image\/jpeg"}],"author":"greatreset","twitter_card":"summary_large_image","twitter_creator":"@WirMachenAuf_de","twitter_site":"@WirMachenAuf_de","twitter_misc":{"Verfasst von":"greatreset","Gesch\u00e4tzte Lesezeit":"2\u00a0Minuten"},"schema":{"@context":"https:\/\/schema.org","@graph":[{"@type":"Article","@id":"https:\/\/now-news.de\/de\/usa\/rezession-welche-rezession-der-pressesprecher-von-wh-behauptet-dass-die-usa-jetzt-in-eine-phase-stabilen-und-stetigen-wachstums-eintreten-video\/#article","isPartOf":{"@id":"https:\/\/now-news.de\/de\/usa\/rezession-welche-rezession-der-pressesprecher-von-wh-behauptet-dass-die-usa-jetzt-in-eine-phase-stabilen-und-stetigen-wachstums-eintreten-video\/"},"author":{"name":"greatreset","@id":"https:\/\/now-news.de\/de\/#\/schema\/person\/8afb4cd92b68572db7902c13a349ffcb"},"headline":"Rezession? Welche Rezession\u2026: Der Pressesprecher von WH behauptet, dass die USA jetzt in eine Phase \u201estabilen und stetigen Wachstums\u201c eintreten \u2013 (VIDEO)","datePublished":"2022-06-21T18:38:00+00:00","dateModified":"2022-06-21T18:38:00+00:00","mainEntityOfPage":{"@id":"https:\/\/now-news.de\/de\/usa\/rezession-welche-rezession-der-pressesprecher-von-wh-behauptet-dass-die-usa-jetzt-in-eine-phase-stabilen-und-stetigen-wachstums-eintreten-video\/"},"wordCount":480,"commentCount":0,"publisher":{"@id":"https:\/\/now-news.de\/de\/#organization"},"image":{"@id":"https:\/\/now-news.de\/de\/usa\/rezession-welche-rezession-der-pressesprecher-von-wh-behauptet-dass-die-usa-jetzt-in-eine-phase-stabilen-und-stetigen-wachstums-eintreten-video\/#primaryimage"},"thumbnailUrl":"https:\/\/now-news.de\/de\/wp-content\/uploads\/sites\/3\/2022\/06\/1655837049_Rezession-Welche-Rezession\u2026-Der-Pressesprecher-von-WH-behauptet-dass-die.jpg","keywords":["behauptet","dass","der","die","eine","eintreten","Jetzt","Phase","Pressesprecher","Rezession","stabilen","stetigen","und","USA","Video","von","Wachstums","Welche"],"articleSection":["USA"],"inLanguage":"de","potentialAction":[{"@type":"CommentAction","name":"Comment","target":["https:\/\/now-news.de\/de\/usa\/rezession-welche-rezession-der-pressesprecher-von-wh-behauptet-dass-die-usa-jetzt-in-eine-phase-stabilen-und-stetigen-wachstums-eintreten-video\/#respond"]}]},{"@type":"WebPage","@id":"https:\/\/now-news.de\/de\/usa\/rezession-welche-rezession-der-pressesprecher-von-wh-behauptet-dass-die-usa-jetzt-in-eine-phase-stabilen-und-stetigen-wachstums-eintreten-video\/","url":"https:\/\/now-news.de\/de\/usa\/rezession-welche-rezession-der-pressesprecher-von-wh-behauptet-dass-die-usa-jetzt-in-eine-phase-stabilen-und-stetigen-wachstums-eintreten-video\/","name":"Rezession? Welche Rezession\u2026: Der Pressesprecher von WH behauptet, dass die USA jetzt in eine Phase \u201estabilen und stetigen Wachstums\u201c eintreten \u2013 (VIDEO) - just-now.NEWS Deutschland","isPartOf":{"@id":"https:\/\/now-news.de\/de\/#website"},"primaryImageOfPage":{"@id":"https:\/\/now-news.de\/de\/usa\/rezession-welche-rezession-der-pressesprecher-von-wh-behauptet-dass-die-usa-jetzt-in-eine-phase-stabilen-und-stetigen-wachstums-eintreten-video\/#primaryimage"},"image":{"@id":"https:\/\/now-news.de\/de\/usa\/rezession-welche-rezession-der-pressesprecher-von-wh-behauptet-dass-die-usa-jetzt-in-eine-phase-stabilen-und-stetigen-wachstums-eintreten-video\/#primaryimage"},"thumbnailUrl":"https:\/\/now-news.de\/de\/wp-content\/uploads\/sites\/3\/2022\/06\/1655837049_Rezession-Welche-Rezession\u2026-Der-Pressesprecher-von-WH-behauptet-dass-die.jpg","datePublished":"2022-06-21T18:38:00+00:00","dateModified":"2022-06-21T18:38:00+00:00","breadcrumb":{"@id":"https:\/\/now-news.de\/de\/usa\/rezession-welche-rezession-der-pressesprecher-von-wh-behauptet-dass-die-usa-jetzt-in-eine-phase-stabilen-und-stetigen-wachstums-eintreten-video\/#breadcrumb"},"inLanguage":"de","potentialAction":[{"@type":"ReadAction","target":["https:\/\/now-news.de\/de\/usa\/rezession-welche-rezession-der-pressesprecher-von-wh-behauptet-dass-die-usa-jetzt-in-eine-phase-stabilen-und-stetigen-wachstums-eintreten-video\/"]}]},{"@type":"ImageObject","inLanguage":"de","@id":"https:\/\/now-news.de\/de\/usa\/rezession-welche-rezession-der-pressesprecher-von-wh-behauptet-dass-die-usa-jetzt-in-eine-phase-stabilen-und-stetigen-wachstums-eintreten-video\/#primaryimage","url":"https:\/\/now-news.de\/de\/wp-content\/uploads\/sites\/3\/2022\/06\/1655837049_Rezession-Welche-Rezession\u2026-Der-Pressesprecher-von-WH-behauptet-dass-die.jpg","contentUrl":"https:\/\/now-news.de\/de\/wp-content\/uploads\/sites\/3\/2022\/06\/1655837049_Rezession-Welche-Rezession\u2026-Der-Pressesprecher-von-WH-behauptet-dass-die.jpg","width":1921,"height":1075},{"@type":"BreadcrumbList","@id":"https:\/\/now-news.de\/de\/usa\/rezession-welche-rezession-der-pressesprecher-von-wh-behauptet-dass-die-usa-jetzt-in-eine-phase-stabilen-und-stetigen-wachstums-eintreten-video\/#breadcrumb","itemListElement":[{"@type":"ListItem","position":1,"name":"Home","item":"https:\/\/now-news.de\/de\/"},{"@type":"ListItem","position":2,"name":"Rezession? Welche Rezession\u2026: Der Pressesprecher von WH behauptet, dass die USA jetzt in eine Phase \u201estabilen und stetigen Wachstums\u201c eintreten \u2013 (VIDEO)"}]},{"@type":"WebSite","@id":"https:\/\/now-news.de\/de\/#website","url":"https:\/\/now-news.de\/de\/","name":"just-now.NEWS Deutschland","description":"Das Portal f\u00fcr unzensierte Nachrichten aus der Welt","publisher":{"@id":"https:\/\/now-news.de\/de\/#organization"},"potentialAction":[{"@type":"SearchAction","target":{"@type":"EntryPoint","urlTemplate":"https:\/\/now-news.de\/de\/?s={search_term_string}"},"query-input":"required name=search_term_string"}],"inLanguage":"de"},{"@type":"Organization","@id":"https:\/\/now-news.de\/de\/#organization","name":"Just Now News","url":"https:\/\/now-news.de\/de\/","logo":{"@type":"ImageObject","inLanguage":"de","@id":"https:\/\/now-news.de\/de\/#\/schema\/logo\/image\/","url":"http:\/\/just-now.news\/de\/wp-content\/uploads\/sites\/3\/2022\/04\/logo500x500.jpg","contentUrl":"http:\/\/just-now.news\/de\/wp-content\/uploads\/sites\/3\/2022\/04\/logo500x500.jpg","width":500,"height":500,"caption":"Just Now News"},"image":{"@id":"https:\/\/now-news.de\/de\/#\/schema\/logo\/image\/"},"sameAs":["https:\/\/www.facebook.com\/wirmachenauf","https:\/\/x.com\/WirMachenAuf_de"]},{"@type":"Person","@id":"https:\/\/now-news.de\/de\/#\/schema\/person\/8afb4cd92b68572db7902c13a349ffcb","name":"greatreset","image":{"@type":"ImageObject","inLanguage":"de","@id":"https:\/\/now-news.de\/de\/#\/schema\/person\/image\/","url":"https:\/\/secure.gravatar.com\/avatar\/a088df625d49991c090e78c8b9542592?s=96&d=mm&r=g","contentUrl":"https:\/\/secure.gravatar.com\/avatar\/a088df625d49991c090e78c8b9542592?s=96&d=mm&r=g","caption":"greatreset"},"url":"https:\/\/now-news.de\/de\/author\/greatreset\/"}]}},"_links":{"self":[{"href":"https:\/\/now-news.de\/de\/wp-json\/wp\/v2\/posts\/11544"}],"collection":[{"href":"https:\/\/now-news.de\/de\/wp-json\/wp\/v2\/posts"}],"about":[{"href":"https:\/\/now-news.de\/de\/wp-json\/wp\/v2\/types\/post"}],"author":[{"embeddable":true,"href":"https:\/\/now-news.de\/de\/wp-json\/wp\/v2\/users\/5"}],"replies":[{"embeddable":true,"href":"https:\/\/now-news.de\/de\/wp-json\/wp\/v2\/comments?post=11544"}],"version-history":[{"count":0,"href":"https:\/\/now-news.de\/de\/wp-json\/wp\/v2\/posts\/11544\/revisions"}],"wp:featuredmedia":[{"embeddable":true,"href":"https:\/\/now-news.de\/de\/wp-json\/wp\/v2\/media\/11545"}],"wp:attachment":[{"href":"https:\/\/now-news.de\/de\/wp-json\/wp\/v2\/media?parent=11544"}],"wp:term":[{"taxonomy":"category","embeddable":true,"href":"https:\/\/now-news.de\/de\/wp-json\/wp\/v2\/categories?post=11544"},{"taxonomy":"post_tag","embeddable":true,"href":"https:\/\/now-news.de\/de\/wp-json\/wp\/v2\/tags?post=11544"}],"curies":[{"name":"wp","href":"https:\/\/api.w.org\/{rel}","templated":true}]}}