{"id":11518,"date":"2022-06-21T15:45:25","date_gmt":"2022-06-21T13:45:25","guid":{"rendered":"http:\/\/just-now.news\/de\/deutschland\/vor-biden-reise-nach-saudi-arabien-saudischer-kronprinz-beginnt-seine-nahost-tour\/"},"modified":"2022-06-21T15:45:25","modified_gmt":"2022-06-21T13:45:25","slug":"vor-biden-reise-nach-saudi-arabien-saudischer-kronprinz-beginnt-seine-nahost-tour","status":"publish","type":"post","link":"https:\/\/now-news.de\/de\/deutschland\/vor-biden-reise-nach-saudi-arabien-saudischer-kronprinz-beginnt-seine-nahost-tour\/","title":{"rendered":"Vor Biden-Reise nach Saudi-Arabien: Saudischer Kronprinz beginnt seine Nahost-Tour"},"content":{"rendered":"<p><img decoding=\"async\" src=\"http:\/\/just-now.news\/de\/wp-content\/uploads\/sites\/3\/2022\/06\/62b196ab48fbef1ff56a0730.jpg\" \/><\/p>\n<p>Saudi-Arabiens Kronprinz Mohammed bin Salman traf am Montag auf der ersten Etappe einer Nahost-Tour in Kairo ein, die der Reise von US-Pr\u00e4sident Joe Biden in die Region im n\u00e4chsten Monat vorausgeht.\u00a0Der \u00e4gyptische Pr\u00e4sident Abd al-Fattah as-Sisi empfing bin Salman am Flughafen \u2013 eine freundliche Geste gegen\u00fcber dem saudischen De-facto-Herrscher, der ein best\u00e4ndiger Geldgeber der \u00e4gyptischen Regierung ist.<\/p>\n<div class=\"EmbedBlock-root EmbedBlock-twitter\">\n<div class=\"TwitterEmbed\">\n<blockquote class=\"twitter-tweet lazyload\" data-twitter=\"twitter-tweet\">\n<p lang=\"ar\" dir=\"rtl\">\u0639\u0627\u062c\u0644\u0648\u0635\u0648\u0644 \u0648\u0644\u064a \u0627\u0644\u0639\u0647\u062f \u0627\u0644\u0623\u0645\u064a\u0631 \u0645\u062d\u0645\u062f \u0628\u0646 \u0633\u0644\u0645\u0627\u0646 \u0625\u0644\u0649 \u0645\u0635\u0631 ????????????????<a rel=\"nofollow noopener\" target=\"_blank\" href=\"https:\/\/t.co\/V5wWGssbrU\">pic.twitter.com\/V5wWGssbrU<\/a><\/p>\n<p>\u2014 Gorgeous (@gorgeous4ew) <a rel=\"nofollow noopener\" target=\"_blank\" href=\"https:\/\/twitter.com\/gorgeous4ew\/status\/1538970661812678657?ref_src=twsrc%5Etfw\">June 20, 2022<\/a><\/p><\/blockquote><\/div><\/div>\n<p>Beide Regierungschefs sollen am Dienstag im Pr\u00e4sidentenpalast des Landes in Kairo Verhandlungen f\u00fchren.\u00a0Der saudische Kronprinz wird dann zu Gespr\u00e4chen mit K\u00f6nig Abdullah II. nach Jordanien aufbrechen, der ebenfalls ein enger Verb\u00fcndeter Saudi-Arabiens ist.\u00a0Bin Salman soll dann in die T\u00fcrkei reisen, um sich mit dem t\u00fcrkischen Pr\u00e4sidenten Recep Tayyip Erdo\u011fan\u00a0zu treffen, der Saudi-Arabien im April zum ersten Mal seit f\u00fcnf Jahren besuchte, als die beiden L\u00e4nder die Wiederbelebung ihrer Beziehungen eingeleitet haben.\u00a0Man erwarte bin Salman am Mittwoch in der t\u00fcrkischen Hauptstadt und hoffe auf weitere Verbesserungen der Beziehungen, sagte Erdo\u011fan am Wochenende. Die Beziehungen zwischen Saudi-Arabien und der T\u00fcrkei haben sich nach der\u00a0brutalen Ermordung des saudischen Journalisten Jamal Khashoggi im Jahr 2018 im Istanbuler Konsulat des K\u00f6nigreichs verschlechtert.\u00a0<\/p>\n<p>Die Gespr\u00e4che des Kronprinzen in Kairo und Amman zielen darauf ab, Positionen zu Schl\u00fcsselfragen der Staaten zu koordinieren, sagten saudische Beamte letzte Woche gegen\u00fcber der Nachrichtenagentur\u00a0<em>AP.<\/em>\u00a0<\/p>\n<p>US-Pr\u00e4sident Joe Biden reist Berichten zufolge im Juli nach Israel, in die Pal\u00e4stinensergebiete und nach Saudi-Arabien. Es handele sich um einen &#8220;historischen Besuch&#8221;, sagte ein hoher Regierungsmitarbeiter des Wei\u00dfen Hauses. In dem K\u00f6nigreich stehe auch die Teilnahme an einem Treffen des Golf-Kooperationsrats auf dem Programm, an dem au\u00dferdem Vertreter aus \u00c4gypten, dem Irak und Jordanien teilnehmen sollen (GCC+3). \u00dcber die Reise nach Saudi-Arabien hatte es auch vor dem Hintergrund steigender Energiepreise immer wieder Spekulationen gegeben. Biden und das Wei\u00dfe Haus hatten sich in letzter Zeit wiederholt geweigert, die Reise zu best\u00e4tigen.\u00a0<\/p>\n<p>Israel verst\u00e4rke inzwischen seine Beziehungen in der Golfregion und arbeite an einer regionalen &#8220;Verteidigungsallianz&#8221; gegen Iran, wie\u00a0Israels Verteidigungsminister Benny Gantz am Montag mitteilte.\u00a0Das B\u00fcndnis soll demnach mit Unterst\u00fctzung der\u00a0USA\u00a0entstehen.\u00a0Von den USA gab es zun\u00e4chst keine Best\u00e4tigung der israelischen Angaben.<\/p>\n<p><strong>Mehr zum Thema<\/strong> &#8211; <a rel=\"nofollow noopener\" target=\"_blank\" href=\"https:\/\/rtde.site\/der-nahe-osten\/140126-voraussetzungen-fur-biden-besuch-in\/\">Voraussetzungen f\u00fcr Biden-Besuch in Saudi-Arabien: H\u00f6here \u00d6lf\u00f6rderung und Waffenstillstand im Jemen<\/a><\/p>\n<div class=\"EmbedBlock-root EmbedBlock-externalVideo EmbedBlock-vk\">\n<div class=\"VkEmbed\"><\/div><\/div>\n<p><script async src=\"https:\/\/platform.twitter.com\/widgets.js\" charset=\"utf-8\"><\/script><br \/>\n<br \/><br \/>\n<br \/><a href=\"https:\/\/de.rt.com\/der-nahe-osten\/141585-vor-biden-reise-nach-saudi\/\">Source link <\/a><\/p>\n","protected":false},"excerpt":{"rendered":"<p>Saudi-Arabiens Kronprinz Mohammed bin Salman traf am Montag auf der ersten Etappe einer Nahost-Tour in Kairo ein, die der Reise von US-Pr\u00e4sident Joe Biden in die Region im n\u00e4chsten Monat vorausgeht.\u00a0Der \u00e4gyptische Pr\u00e4sident Abd al-Fattah as-Sisi empfing bin Salman am Flughafen \u2013 eine freundliche Geste gegen\u00fcber dem saudischen De-facto-Herrscher, der ein best\u00e4ndiger Geldgeber der \u00e4gyptischen [&hellip;]<\/p>\n","protected":false},"author":3,"featured_media":11519,"comment_status":"open","ping_status":"open","sticky":false,"template":"","format":"standard","meta":{"wp_automatic_camp":["217"],"6c82ab1601d9fe7c4427abf0bae875e4":["Vor Biden-Reise nach Saudi-Arabien: Saudischer Kronprinz beginnt seine Nahost-Tour"],"original_link":["https:\/\/de.rt.com\/der-nahe-osten\/141585-vor-biden-reise-nach-saudi\/"],"_thumbnail_id":["11519"],"_wptg_p2tg_sent2tg":["2022-06-21 15:59:42"],"jnews_social_counter_last_update":["1777791358"]},"categories":[19,23],"tags":[490,25305,22847,979,25307,437,25306,265,320],"yoast_head":"<!-- This site is optimized with the Yoast SEO Premium plugin v22.7 (Yoast SEO v22.7) - https:\/\/yoast.com\/wordpress\/plugins\/seo\/ -->\n<title>Vor Biden-Reise nach Saudi-Arabien: Saudischer Kronprinz beginnt seine Nahost-Tour - just-now.NEWS Deutschland<\/title>\n<meta name=\"robots\" content=\"index, follow, max-snippet:-1, max-image-preview:large, max-video-preview:-1\" \/>\n<link rel=\"canonical\" href=\"https:\/\/now-news.de\/de\/deutschland\/vor-biden-reise-nach-saudi-arabien-saudischer-kronprinz-beginnt-seine-nahost-tour\/\" \/>\n<meta property=\"og:locale\" content=\"de_DE\" \/>\n<meta property=\"og:type\" content=\"article\" \/>\n<meta property=\"og:title\" content=\"Vor Biden-Reise nach Saudi-Arabien: Saudischer Kronprinz beginnt seine Nahost-Tour\" \/>\n<meta property=\"og:description\" content=\"Saudi-Arabiens Kronprinz Mohammed bin Salman traf am Montag auf der ersten Etappe einer Nahost-Tour in Kairo ein, die der Reise von US-Pr\u00e4sident Joe Biden in die Region im n\u00e4chsten Monat vorausgeht.\u00a0Der \u00e4gyptische Pr\u00e4sident Abd al-Fattah as-Sisi empfing bin Salman am Flughafen \u2013 eine freundliche Geste gegen\u00fcber dem saudischen De-facto-Herrscher, der ein best\u00e4ndiger Geldgeber der \u00e4gyptischen [&hellip;]\" \/>\n<meta property=\"og:url\" content=\"https:\/\/now-news.de\/de\/deutschland\/vor-biden-reise-nach-saudi-arabien-saudischer-kronprinz-beginnt-seine-nahost-tour\/\" \/>\n<meta property=\"og:site_name\" content=\"just-now.NEWS Deutschland\" \/>\n<meta property=\"article:publisher\" content=\"https:\/\/www.facebook.com\/wirmachenauf\" \/>\n<meta property=\"article:published_time\" content=\"2022-06-21T13:45:25+00:00\" \/>\n<meta property=\"og:image\" content=\"https:\/\/now-news.de\/de\/wp-content\/uploads\/sites\/3\/2022\/06\/Vor-Biden-Reise-nach-Saudi-Arabien-Saudischer-Kronprinz-beginnt-seine-Nahost-Tour.jpg\" \/>\n\t<meta property=\"og:image:width\" content=\"460\" \/>\n\t<meta property=\"og:image:height\" content=\"259\" \/>\n\t<meta property=\"og:image:type\" content=\"image\/jpeg\" \/>\n<meta name=\"author\" content=\"rtnews\" \/>\n<meta name=\"twitter:card\" content=\"summary_large_image\" \/>\n<meta name=\"twitter:creator\" content=\"@WirMachenAuf_de\" \/>\n<meta name=\"twitter:site\" content=\"@WirMachenAuf_de\" \/>\n<meta name=\"twitter:label1\" content=\"Verfasst von\" \/>\n\t<meta name=\"twitter:data1\" content=\"rtnews\" \/>\n\t<meta name=\"twitter:label2\" content=\"Gesch\u00e4tzte Lesezeit\" \/>\n\t<meta name=\"twitter:data2\" content=\"2\u00a0Minuten\" \/>\n<script type=\"application\/ld+json\" class=\"yoast-schema-graph\">{\"@context\":\"https:\/\/schema.org\",\"@graph\":[{\"@type\":\"Article\",\"@id\":\"https:\/\/now-news.de\/de\/deutschland\/vor-biden-reise-nach-saudi-arabien-saudischer-kronprinz-beginnt-seine-nahost-tour\/#article\",\"isPartOf\":{\"@id\":\"https:\/\/now-news.de\/de\/deutschland\/vor-biden-reise-nach-saudi-arabien-saudischer-kronprinz-beginnt-seine-nahost-tour\/\"},\"author\":{\"name\":\"rtnews\",\"@id\":\"https:\/\/now-news.de\/de\/#\/schema\/person\/fb534a4e865501d8b3285208df34a9b5\"},\"headline\":\"Vor Biden-Reise nach Saudi-Arabien: Saudischer Kronprinz beginnt seine Nahost-Tour\",\"datePublished\":\"2022-06-21T13:45:25+00:00\",\"dateModified\":\"2022-06-21T13:45:25+00:00\",\"mainEntityOfPage\":{\"@id\":\"https:\/\/now-news.de\/de\/deutschland\/vor-biden-reise-nach-saudi-arabien-saudischer-kronprinz-beginnt-seine-nahost-tour\/\"},\"wordCount\":414,\"commentCount\":0,\"publisher\":{\"@id\":\"https:\/\/now-news.de\/de\/#organization\"},\"image\":{\"@id\":\"https:\/\/now-news.de\/de\/deutschland\/vor-biden-reise-nach-saudi-arabien-saudischer-kronprinz-beginnt-seine-nahost-tour\/#primaryimage\"},\"thumbnailUrl\":\"https:\/\/now-news.de\/de\/wp-content\/uploads\/sites\/3\/2022\/06\/Vor-Biden-Reise-nach-Saudi-Arabien-Saudischer-Kronprinz-beginnt-seine-Nahost-Tour.jpg\",\"keywords\":[\"beginnt\",\"BidenReise\",\"Kronprinz\",\"nach\",\"NahostTour\",\"SaudiArabien\",\"Saudischer\",\"seine\",\"vor\"],\"articleSection\":[\"Deutschland\",\"Russland\"],\"inLanguage\":\"de\",\"potentialAction\":[{\"@type\":\"CommentAction\",\"name\":\"Comment\",\"target\":[\"https:\/\/now-news.de\/de\/deutschland\/vor-biden-reise-nach-saudi-arabien-saudischer-kronprinz-beginnt-seine-nahost-tour\/#respond\"]}]},{\"@type\":\"WebPage\",\"@id\":\"https:\/\/now-news.de\/de\/deutschland\/vor-biden-reise-nach-saudi-arabien-saudischer-kronprinz-beginnt-seine-nahost-tour\/\",\"url\":\"https:\/\/now-news.de\/de\/deutschland\/vor-biden-reise-nach-saudi-arabien-saudischer-kronprinz-beginnt-seine-nahost-tour\/\",\"name\":\"Vor Biden-Reise nach Saudi-Arabien: Saudischer Kronprinz beginnt seine Nahost-Tour - just-now.NEWS Deutschland\",\"isPartOf\":{\"@id\":\"https:\/\/now-news.de\/de\/#website\"},\"primaryImageOfPage\":{\"@id\":\"https:\/\/now-news.de\/de\/deutschland\/vor-biden-reise-nach-saudi-arabien-saudischer-kronprinz-beginnt-seine-nahost-tour\/#primaryimage\"},\"image\":{\"@id\":\"https:\/\/now-news.de\/de\/deutschland\/vor-biden-reise-nach-saudi-arabien-saudischer-kronprinz-beginnt-seine-nahost-tour\/#primaryimage\"},\"thumbnailUrl\":\"https:\/\/now-news.de\/de\/wp-content\/uploads\/sites\/3\/2022\/06\/Vor-Biden-Reise-nach-Saudi-Arabien-Saudischer-Kronprinz-beginnt-seine-Nahost-Tour.jpg\",\"datePublished\":\"2022-06-21T13:45:25+00:00\",\"dateModified\":\"2022-06-21T13:45:25+00:00\",\"breadcrumb\":{\"@id\":\"https:\/\/now-news.de\/de\/deutschland\/vor-biden-reise-nach-saudi-arabien-saudischer-kronprinz-beginnt-seine-nahost-tour\/#breadcrumb\"},\"inLanguage\":\"de\",\"potentialAction\":[{\"@type\":\"ReadAction\",\"target\":[\"https:\/\/now-news.de\/de\/deutschland\/vor-biden-reise-nach-saudi-arabien-saudischer-kronprinz-beginnt-seine-nahost-tour\/\"]}]},{\"@type\":\"ImageObject\",\"inLanguage\":\"de\",\"@id\":\"https:\/\/now-news.de\/de\/deutschland\/vor-biden-reise-nach-saudi-arabien-saudischer-kronprinz-beginnt-seine-nahost-tour\/#primaryimage\",\"url\":\"https:\/\/now-news.de\/de\/wp-content\/uploads\/sites\/3\/2022\/06\/Vor-Biden-Reise-nach-Saudi-Arabien-Saudischer-Kronprinz-beginnt-seine-Nahost-Tour.jpg\",\"contentUrl\":\"https:\/\/now-news.de\/de\/wp-content\/uploads\/sites\/3\/2022\/06\/Vor-Biden-Reise-nach-Saudi-Arabien-Saudischer-Kronprinz-beginnt-seine-Nahost-Tour.jpg\",\"width\":460,\"height\":259,\"caption\":\"Vor Biden-Reise nach Saudi-Arabien: Saudischer Kronprinz beginnt seine Nahost-Tour\"},{\"@type\":\"BreadcrumbList\",\"@id\":\"https:\/\/now-news.de\/de\/deutschland\/vor-biden-reise-nach-saudi-arabien-saudischer-kronprinz-beginnt-seine-nahost-tour\/#breadcrumb\",\"itemListElement\":[{\"@type\":\"ListItem\",\"position\":1,\"name\":\"Home\",\"item\":\"https:\/\/now-news.de\/de\/\"},{\"@type\":\"ListItem\",\"position\":2,\"name\":\"Vor Biden-Reise nach Saudi-Arabien: Saudischer Kronprinz beginnt seine Nahost-Tour\"}]},{\"@type\":\"WebSite\",\"@id\":\"https:\/\/now-news.de\/de\/#website\",\"url\":\"https:\/\/now-news.de\/de\/\",\"name\":\"just-now.NEWS Deutschland\",\"description\":\"Das Portal f\u00fcr unzensierte Nachrichten aus der Welt\",\"publisher\":{\"@id\":\"https:\/\/now-news.de\/de\/#organization\"},\"potentialAction\":[{\"@type\":\"SearchAction\",\"target\":{\"@type\":\"EntryPoint\",\"urlTemplate\":\"https:\/\/now-news.de\/de\/?s={search_term_string}\"},\"query-input\":\"required name=search_term_string\"}],\"inLanguage\":\"de\"},{\"@type\":\"Organization\",\"@id\":\"https:\/\/now-news.de\/de\/#organization\",\"name\":\"Just Now News\",\"url\":\"https:\/\/now-news.de\/de\/\",\"logo\":{\"@type\":\"ImageObject\",\"inLanguage\":\"de\",\"@id\":\"https:\/\/now-news.de\/de\/#\/schema\/logo\/image\/\",\"url\":\"http:\/\/just-now.news\/de\/wp-content\/uploads\/sites\/3\/2022\/04\/logo500x500.jpg\",\"contentUrl\":\"http:\/\/just-now.news\/de\/wp-content\/uploads\/sites\/3\/2022\/04\/logo500x500.jpg\",\"width\":500,\"height\":500,\"caption\":\"Just Now News\"},\"image\":{\"@id\":\"https:\/\/now-news.de\/de\/#\/schema\/logo\/image\/\"},\"sameAs\":[\"https:\/\/www.facebook.com\/wirmachenauf\",\"https:\/\/x.com\/WirMachenAuf_de\"]},{\"@type\":\"Person\",\"@id\":\"https:\/\/now-news.de\/de\/#\/schema\/person\/fb534a4e865501d8b3285208df34a9b5\",\"name\":\"rtnews\",\"image\":{\"@type\":\"ImageObject\",\"inLanguage\":\"de\",\"@id\":\"https:\/\/now-news.de\/de\/#\/schema\/person\/image\/\",\"url\":\"https:\/\/secure.gravatar.com\/avatar\/82aafea7d8127119dd649515f56e2117?s=96&d=mm&r=g\",\"contentUrl\":\"https:\/\/secure.gravatar.com\/avatar\/82aafea7d8127119dd649515f56e2117?s=96&d=mm&r=g\",\"caption\":\"rtnews\"},\"url\":\"https:\/\/now-news.de\/de\/author\/rnews\/\"}]}<\/script>\n<!-- \/ Yoast SEO Premium plugin. -->","yoast_head_json":{"title":"Vor Biden-Reise nach Saudi-Arabien: Saudischer Kronprinz beginnt seine Nahost-Tour - just-now.NEWS Deutschland","robots":{"index":"index","follow":"follow","max-snippet":"max-snippet:-1","max-image-preview":"max-image-preview:large","max-video-preview":"max-video-preview:-1"},"canonical":"https:\/\/now-news.de\/de\/deutschland\/vor-biden-reise-nach-saudi-arabien-saudischer-kronprinz-beginnt-seine-nahost-tour\/","og_locale":"de_DE","og_type":"article","og_title":"Vor Biden-Reise nach Saudi-Arabien: Saudischer Kronprinz beginnt seine Nahost-Tour","og_description":"Saudi-Arabiens Kronprinz Mohammed bin Salman traf am Montag auf der ersten Etappe einer Nahost-Tour in Kairo ein, die der Reise von US-Pr\u00e4sident Joe Biden in die Region im n\u00e4chsten Monat vorausgeht.\u00a0Der \u00e4gyptische Pr\u00e4sident Abd al-Fattah as-Sisi empfing bin Salman am Flughafen \u2013 eine freundliche Geste gegen\u00fcber dem saudischen De-facto-Herrscher, der ein best\u00e4ndiger Geldgeber der \u00e4gyptischen [&hellip;]","og_url":"https:\/\/now-news.de\/de\/deutschland\/vor-biden-reise-nach-saudi-arabien-saudischer-kronprinz-beginnt-seine-nahost-tour\/","og_site_name":"just-now.NEWS Deutschland","article_publisher":"https:\/\/www.facebook.com\/wirmachenauf","article_published_time":"2022-06-21T13:45:25+00:00","og_image":[{"width":460,"height":259,"url":"https:\/\/now-news.de\/de\/wp-content\/uploads\/sites\/3\/2022\/06\/Vor-Biden-Reise-nach-Saudi-Arabien-Saudischer-Kronprinz-beginnt-seine-Nahost-Tour.jpg","type":"image\/jpeg"}],"author":"rtnews","twitter_card":"summary_large_image","twitter_creator":"@WirMachenAuf_de","twitter_site":"@WirMachenAuf_de","twitter_misc":{"Verfasst von":"rtnews","Gesch\u00e4tzte Lesezeit":"2\u00a0Minuten"},"schema":{"@context":"https:\/\/schema.org","@graph":[{"@type":"Article","@id":"https:\/\/now-news.de\/de\/deutschland\/vor-biden-reise-nach-saudi-arabien-saudischer-kronprinz-beginnt-seine-nahost-tour\/#article","isPartOf":{"@id":"https:\/\/now-news.de\/de\/deutschland\/vor-biden-reise-nach-saudi-arabien-saudischer-kronprinz-beginnt-seine-nahost-tour\/"},"author":{"name":"rtnews","@id":"https:\/\/now-news.de\/de\/#\/schema\/person\/fb534a4e865501d8b3285208df34a9b5"},"headline":"Vor Biden-Reise nach Saudi-Arabien: Saudischer Kronprinz beginnt seine Nahost-Tour","datePublished":"2022-06-21T13:45:25+00:00","dateModified":"2022-06-21T13:45:25+00:00","mainEntityOfPage":{"@id":"https:\/\/now-news.de\/de\/deutschland\/vor-biden-reise-nach-saudi-arabien-saudischer-kronprinz-beginnt-seine-nahost-tour\/"},"wordCount":414,"commentCount":0,"publisher":{"@id":"https:\/\/now-news.de\/de\/#organization"},"image":{"@id":"https:\/\/now-news.de\/de\/deutschland\/vor-biden-reise-nach-saudi-arabien-saudischer-kronprinz-beginnt-seine-nahost-tour\/#primaryimage"},"thumbnailUrl":"https:\/\/now-news.de\/de\/wp-content\/uploads\/sites\/3\/2022\/06\/Vor-Biden-Reise-nach-Saudi-Arabien-Saudischer-Kronprinz-beginnt-seine-Nahost-Tour.jpg","keywords":["beginnt","BidenReise","Kronprinz","nach","NahostTour","SaudiArabien","Saudischer","seine","vor"],"articleSection":["Deutschland","Russland"],"inLanguage":"de","potentialAction":[{"@type":"CommentAction","name":"Comment","target":["https:\/\/now-news.de\/de\/deutschland\/vor-biden-reise-nach-saudi-arabien-saudischer-kronprinz-beginnt-seine-nahost-tour\/#respond"]}]},{"@type":"WebPage","@id":"https:\/\/now-news.de\/de\/deutschland\/vor-biden-reise-nach-saudi-arabien-saudischer-kronprinz-beginnt-seine-nahost-tour\/","url":"https:\/\/now-news.de\/de\/deutschland\/vor-biden-reise-nach-saudi-arabien-saudischer-kronprinz-beginnt-seine-nahost-tour\/","name":"Vor Biden-Reise nach Saudi-Arabien: Saudischer Kronprinz beginnt seine Nahost-Tour - just-now.NEWS Deutschland","isPartOf":{"@id":"https:\/\/now-news.de\/de\/#website"},"primaryImageOfPage":{"@id":"https:\/\/now-news.de\/de\/deutschland\/vor-biden-reise-nach-saudi-arabien-saudischer-kronprinz-beginnt-seine-nahost-tour\/#primaryimage"},"image":{"@id":"https:\/\/now-news.de\/de\/deutschland\/vor-biden-reise-nach-saudi-arabien-saudischer-kronprinz-beginnt-seine-nahost-tour\/#primaryimage"},"thumbnailUrl":"https:\/\/now-news.de\/de\/wp-content\/uploads\/sites\/3\/2022\/06\/Vor-Biden-Reise-nach-Saudi-Arabien-Saudischer-Kronprinz-beginnt-seine-Nahost-Tour.jpg","datePublished":"2022-06-21T13:45:25+00:00","dateModified":"2022-06-21T13:45:25+00:00","breadcrumb":{"@id":"https:\/\/now-news.de\/de\/deutschland\/vor-biden-reise-nach-saudi-arabien-saudischer-kronprinz-beginnt-seine-nahost-tour\/#breadcrumb"},"inLanguage":"de","potentialAction":[{"@type":"ReadAction","target":["https:\/\/now-news.de\/de\/deutschland\/vor-biden-reise-nach-saudi-arabien-saudischer-kronprinz-beginnt-seine-nahost-tour\/"]}]},{"@type":"ImageObject","inLanguage":"de","@id":"https:\/\/now-news.de\/de\/deutschland\/vor-biden-reise-nach-saudi-arabien-saudischer-kronprinz-beginnt-seine-nahost-tour\/#primaryimage","url":"https:\/\/now-news.de\/de\/wp-content\/uploads\/sites\/3\/2022\/06\/Vor-Biden-Reise-nach-Saudi-Arabien-Saudischer-Kronprinz-beginnt-seine-Nahost-Tour.jpg","contentUrl":"https:\/\/now-news.de\/de\/wp-content\/uploads\/sites\/3\/2022\/06\/Vor-Biden-Reise-nach-Saudi-Arabien-Saudischer-Kronprinz-beginnt-seine-Nahost-Tour.jpg","width":460,"height":259,"caption":"Vor Biden-Reise nach Saudi-Arabien: Saudischer Kronprinz beginnt seine Nahost-Tour"},{"@type":"BreadcrumbList","@id":"https:\/\/now-news.de\/de\/deutschland\/vor-biden-reise-nach-saudi-arabien-saudischer-kronprinz-beginnt-seine-nahost-tour\/#breadcrumb","itemListElement":[{"@type":"ListItem","position":1,"name":"Home","item":"https:\/\/now-news.de\/de\/"},{"@type":"ListItem","position":2,"name":"Vor Biden-Reise nach Saudi-Arabien: Saudischer Kronprinz beginnt seine Nahost-Tour"}]},{"@type":"WebSite","@id":"https:\/\/now-news.de\/de\/#website","url":"https:\/\/now-news.de\/de\/","name":"just-now.NEWS Deutschland","description":"Das Portal f\u00fcr unzensierte Nachrichten aus der Welt","publisher":{"@id":"https:\/\/now-news.de\/de\/#organization"},"potentialAction":[{"@type":"SearchAction","target":{"@type":"EntryPoint","urlTemplate":"https:\/\/now-news.de\/de\/?s={search_term_string}"},"query-input":"required name=search_term_string"}],"inLanguage":"de"},{"@type":"Organization","@id":"https:\/\/now-news.de\/de\/#organization","name":"Just Now News","url":"https:\/\/now-news.de\/de\/","logo":{"@type":"ImageObject","inLanguage":"de","@id":"https:\/\/now-news.de\/de\/#\/schema\/logo\/image\/","url":"http:\/\/just-now.news\/de\/wp-content\/uploads\/sites\/3\/2022\/04\/logo500x500.jpg","contentUrl":"http:\/\/just-now.news\/de\/wp-content\/uploads\/sites\/3\/2022\/04\/logo500x500.jpg","width":500,"height":500,"caption":"Just Now News"},"image":{"@id":"https:\/\/now-news.de\/de\/#\/schema\/logo\/image\/"},"sameAs":["https:\/\/www.facebook.com\/wirmachenauf","https:\/\/x.com\/WirMachenAuf_de"]},{"@type":"Person","@id":"https:\/\/now-news.de\/de\/#\/schema\/person\/fb534a4e865501d8b3285208df34a9b5","name":"rtnews","image":{"@type":"ImageObject","inLanguage":"de","@id":"https:\/\/now-news.de\/de\/#\/schema\/person\/image\/","url":"https:\/\/secure.gravatar.com\/avatar\/82aafea7d8127119dd649515f56e2117?s=96&d=mm&r=g","contentUrl":"https:\/\/secure.gravatar.com\/avatar\/82aafea7d8127119dd649515f56e2117?s=96&d=mm&r=g","caption":"rtnews"},"url":"https:\/\/now-news.de\/de\/author\/rnews\/"}]}},"_links":{"self":[{"href":"https:\/\/now-news.de\/de\/wp-json\/wp\/v2\/posts\/11518"}],"collection":[{"href":"https:\/\/now-news.de\/de\/wp-json\/wp\/v2\/posts"}],"about":[{"href":"https:\/\/now-news.de\/de\/wp-json\/wp\/v2\/types\/post"}],"author":[{"embeddable":true,"href":"https:\/\/now-news.de\/de\/wp-json\/wp\/v2\/users\/3"}],"replies":[{"embeddable":true,"href":"https:\/\/now-news.de\/de\/wp-json\/wp\/v2\/comments?post=11518"}],"version-history":[{"count":0,"href":"https:\/\/now-news.de\/de\/wp-json\/wp\/v2\/posts\/11518\/revisions"}],"wp:featuredmedia":[{"embeddable":true,"href":"https:\/\/now-news.de\/de\/wp-json\/wp\/v2\/media\/11519"}],"wp:attachment":[{"href":"https:\/\/now-news.de\/de\/wp-json\/wp\/v2\/media?parent=11518"}],"wp:term":[{"taxonomy":"category","embeddable":true,"href":"https:\/\/now-news.de\/de\/wp-json\/wp\/v2\/categories?post=11518"},{"taxonomy":"post_tag","embeddable":true,"href":"https:\/\/now-news.de\/de\/wp-json\/wp\/v2\/tags?post=11518"}],"curies":[{"name":"wp","href":"https:\/\/api.w.org\/{rel}","templated":true}]}}