{"id":11492,"date":"2022-06-21T09:55:22","date_gmt":"2022-06-21T07:55:22","guid":{"rendered":"http:\/\/just-now.news\/de\/deutschland\/vorsitzender-der-pis-partei-jaroslaw-kaczynski-verlaesst-alle-regierungsposten-polens\/"},"modified":"2022-06-21T09:55:22","modified_gmt":"2022-06-21T07:55:22","slug":"vorsitzender-der-pis-partei-jaroslaw-kaczynski-verlaesst-alle-regierungsposten-polens","status":"publish","type":"post","link":"https:\/\/now-news.de\/de\/deutschland\/vorsitzender-der-pis-partei-jaroslaw-kaczynski-verlaesst-alle-regierungsposten-polens\/","title":{"rendered":"Vorsitzender der PiS-PArtei Jaros\u0142aw Kaczy\u0144ski verl\u00e4sst\u00a0alle Regierungsposten Polens"},"content":{"rendered":"<p><img decoding=\"async\" src=\"http:\/\/just-now.news\/de\/wp-content\/uploads\/sites\/3\/2022\/04\/Julian-Assange-soll-laut-Gericht-an-USA-ausgeliefert-werden-\u2013.jpg\" \/><\/p>\n<p>Die polnische Nachrichtenagentur PAP <a rel=\"nofollow noopener\" target=\"_blank\" href=\"https:\/\/www.pap.pl\/aktualnosci\/news,1259014,jaroslaw-kaczynski-nie-jestem-juz-w-rzadzie-premier-i-prezydent-przyjeli\">zitierte<\/a> Kaczynski mit den Worten:<\/p>\n<blockquote>\n<p>&#8220;Ich bin nicht mehr in der Regierung. Premierminister Mateusz Morawiecki und, soweit ich wei\u00df, auch Pr\u00e4sident Andrzej Duda haben meinen R\u00fccktrittsantrag angenommen.&#8221;<\/p>\n<\/blockquote>\n<p>Sein Nachfolger als Vize-Premier soll der polnische Verteidigungsminister Mariusz\u00a0B\u0142aszczak werden. Mit dieser Kaderumstellung erkl\u00e4rte Kaczy\u0144ski \u2013 vielleicht auch r\u00fcckwirkend \u2013 seinen R\u00fccktritt vom Vorsitz des Ausschusses f\u00fcr nationale Sicherheit und Verteidigung Polens, aber auch vom Posten des Vizepremiers \u2013 der ebenso die Betreuung von Wehr- und Sicherheitsstrukturen in der Morawiecki-Regierung vorsieht:<\/p>\n<blockquote>\n<p>&#8220;Es ist ein v\u00f6llig selbstverst\u00e4ndlicher Entschluss:. Wir stehen einer (Krise in der Ukraine &#8211; Anm. d. Red.)&#8230; gegen\u00fcber \u2013 und er ist der Verteidigungsminister, so dass in der besonderen Lage, in der wir uns befinden, eine solche Personalunion sehr gro\u00dfe Vorteile hat. &#8220;<\/p>\n<\/blockquote>\n<p><br \/>\n<br \/><a href=\"https:\/\/de.rt.com\/europa\/141572-rossitzender-pis-partei-jaroslaw-kaczynski-raumt-alle-regierungsposten\/\">Source link <\/a><\/p>\n","protected":false},"excerpt":{"rendered":"<p>Die polnische Nachrichtenagentur PAP zitierte Kaczynski mit den Worten: &#8220;Ich bin nicht mehr in der Regierung. Premierminister Mateusz Morawiecki und, soweit ich wei\u00df, auch Pr\u00e4sident Andrzej Duda haben meinen R\u00fccktrittsantrag angenommen.&#8221; Sein Nachfolger als Vize-Premier soll der polnische Verteidigungsminister Mariusz\u00a0B\u0142aszczak werden. Mit dieser Kaderumstellung erkl\u00e4rte Kaczy\u0144ski \u2013 vielleicht auch r\u00fcckwirkend \u2013 seinen R\u00fccktritt vom Vorsitz [&hellip;]<\/p>\n","protected":false},"author":3,"featured_media":6832,"comment_status":"open","ping_status":"open","sticky":false,"template":"","format":"standard","meta":{"wp_automatic_camp":["217"],"525af5301b6487ca48987c282ac1504a":["Vorsitzender der PiS-PArtei Jaros\u0142aw Kaczy\u0144ski verl\u00e4sst\u00a0alle Regierungsposten Polens"],"original_link":["https:\/\/de.rt.com\/europa\/141572-rossitzender-pis-partei-jaroslaw-kaczynski-raumt-alle-regierungsposten\/"],"_thumbnail_id":["6832"],"_wptg_p2tg_sent2tg":["2022-06-21 10:04:48"],"jnews_social_counter_last_update":["1777173985"]},"categories":[19,23],"tags":[82,25273,16028,25272,14418,25275,25274,972],"yoast_head":"<!-- This site is optimized with the Yoast SEO Premium plugin v22.7 (Yoast SEO v22.7) - https:\/\/yoast.com\/wordpress\/plugins\/seo\/ -->\n<title>Vorsitzender der PiS-PArtei Jaros\u0142aw Kaczy\u0144ski verl\u00e4sst\u00a0alle Regierungsposten Polens - just-now.NEWS Deutschland<\/title>\n<meta name=\"robots\" content=\"index, follow, max-snippet:-1, max-image-preview:large, max-video-preview:-1\" \/>\n<link rel=\"canonical\" href=\"https:\/\/now-news.de\/de\/deutschland\/vorsitzender-der-pis-partei-jaroslaw-kaczynski-verlaesst-alle-regierungsposten-polens\/\" \/>\n<meta property=\"og:locale\" content=\"de_DE\" \/>\n<meta property=\"og:type\" content=\"article\" \/>\n<meta property=\"og:title\" content=\"Vorsitzender der PiS-PArtei Jaros\u0142aw Kaczy\u0144ski verl\u00e4sst\u00a0alle Regierungsposten Polens\" \/>\n<meta property=\"og:description\" content=\"Die polnische Nachrichtenagentur PAP zitierte Kaczynski mit den Worten: &#8220;Ich bin nicht mehr in der Regierung. Premierminister Mateusz Morawiecki und, soweit ich wei\u00df, auch Pr\u00e4sident Andrzej Duda haben meinen R\u00fccktrittsantrag angenommen.&#8221; Sein Nachfolger als Vize-Premier soll der polnische Verteidigungsminister Mariusz\u00a0B\u0142aszczak werden. Mit dieser Kaderumstellung erkl\u00e4rte Kaczy\u0144ski \u2013 vielleicht auch r\u00fcckwirkend \u2013 seinen R\u00fccktritt vom Vorsitz [&hellip;]\" \/>\n<meta property=\"og:url\" content=\"https:\/\/now-news.de\/de\/deutschland\/vorsitzender-der-pis-partei-jaroslaw-kaczynski-verlaesst-alle-regierungsposten-polens\/\" \/>\n<meta property=\"og:site_name\" content=\"just-now.NEWS Deutschland\" \/>\n<meta property=\"article:publisher\" content=\"https:\/\/www.facebook.com\/wirmachenauf\" \/>\n<meta property=\"article:published_time\" content=\"2022-06-21T07:55:22+00:00\" \/>\n<meta property=\"og:image\" content=\"https:\/\/now-news.de\/de\/wp-content\/uploads\/sites\/3\/2022\/05\/Erste-Annaeherung-nach-Ausladung-Steinmeier-telefoniert-mit-Selenskij.jpg\" \/>\n\t<meta property=\"og:image:width\" content=\"460\" \/>\n\t<meta property=\"og:image:height\" content=\"259\" \/>\n\t<meta property=\"og:image:type\" content=\"image\/jpeg\" \/>\n<meta name=\"author\" content=\"rtnews\" \/>\n<meta name=\"twitter:card\" content=\"summary_large_image\" \/>\n<meta name=\"twitter:creator\" content=\"@WirMachenAuf_de\" \/>\n<meta name=\"twitter:site\" content=\"@WirMachenAuf_de\" \/>\n<meta name=\"twitter:label1\" content=\"Verfasst von\" \/>\n\t<meta name=\"twitter:data1\" content=\"rtnews\" \/>\n\t<meta name=\"twitter:label2\" content=\"Gesch\u00e4tzte Lesezeit\" \/>\n\t<meta name=\"twitter:data2\" content=\"1\u00a0Minute\" \/>\n<script type=\"application\/ld+json\" class=\"yoast-schema-graph\">{\"@context\":\"https:\/\/schema.org\",\"@graph\":[{\"@type\":\"Article\",\"@id\":\"https:\/\/now-news.de\/de\/deutschland\/vorsitzender-der-pis-partei-jaroslaw-kaczynski-verlaesst-alle-regierungsposten-polens\/#article\",\"isPartOf\":{\"@id\":\"https:\/\/now-news.de\/de\/deutschland\/vorsitzender-der-pis-partei-jaroslaw-kaczynski-verlaesst-alle-regierungsposten-polens\/\"},\"author\":{\"name\":\"rtnews\",\"@id\":\"https:\/\/now-news.de\/de\/#\/schema\/person\/fb534a4e865501d8b3285208df34a9b5\"},\"headline\":\"Vorsitzender der PiS-PArtei Jaros\u0142aw Kaczy\u0144ski verl\u00e4sst\u00a0alle Regierungsposten Polens\",\"datePublished\":\"2022-06-21T07:55:22+00:00\",\"dateModified\":\"2022-06-21T07:55:22+00:00\",\"mainEntityOfPage\":{\"@id\":\"https:\/\/now-news.de\/de\/deutschland\/vorsitzender-der-pis-partei-jaroslaw-kaczynski-verlaesst-alle-regierungsposten-polens\/\"},\"wordCount\":148,\"commentCount\":0,\"publisher\":{\"@id\":\"https:\/\/now-news.de\/de\/#organization\"},\"image\":{\"@id\":\"https:\/\/now-news.de\/de\/deutschland\/vorsitzender-der-pis-partei-jaroslaw-kaczynski-verlaesst-alle-regierungsposten-polens\/#primaryimage\"},\"thumbnailUrl\":\"https:\/\/now-news.de\/de\/wp-content\/uploads\/sites\/3\/2022\/05\/Erste-Annaeherung-nach-Ausladung-Steinmeier-telefoniert-mit-Selenskij.jpg\",\"keywords\":[\"der\",\"Jaros\u0142aw\",\"kaczynski\",\"PiSPArtei\",\"Polens\",\"Regierungsposten\",\"verl\u00e4sstalle\",\"Vorsitzender\"],\"articleSection\":[\"Deutschland\",\"Russland\"],\"inLanguage\":\"de\",\"potentialAction\":[{\"@type\":\"CommentAction\",\"name\":\"Comment\",\"target\":[\"https:\/\/now-news.de\/de\/deutschland\/vorsitzender-der-pis-partei-jaroslaw-kaczynski-verlaesst-alle-regierungsposten-polens\/#respond\"]}]},{\"@type\":\"WebPage\",\"@id\":\"https:\/\/now-news.de\/de\/deutschland\/vorsitzender-der-pis-partei-jaroslaw-kaczynski-verlaesst-alle-regierungsposten-polens\/\",\"url\":\"https:\/\/now-news.de\/de\/deutschland\/vorsitzender-der-pis-partei-jaroslaw-kaczynski-verlaesst-alle-regierungsposten-polens\/\",\"name\":\"Vorsitzender der PiS-PArtei Jaros\u0142aw Kaczy\u0144ski verl\u00e4sst\u00a0alle Regierungsposten Polens - just-now.NEWS Deutschland\",\"isPartOf\":{\"@id\":\"https:\/\/now-news.de\/de\/#website\"},\"primaryImageOfPage\":{\"@id\":\"https:\/\/now-news.de\/de\/deutschland\/vorsitzender-der-pis-partei-jaroslaw-kaczynski-verlaesst-alle-regierungsposten-polens\/#primaryimage\"},\"image\":{\"@id\":\"https:\/\/now-news.de\/de\/deutschland\/vorsitzender-der-pis-partei-jaroslaw-kaczynski-verlaesst-alle-regierungsposten-polens\/#primaryimage\"},\"thumbnailUrl\":\"https:\/\/now-news.de\/de\/wp-content\/uploads\/sites\/3\/2022\/05\/Erste-Annaeherung-nach-Ausladung-Steinmeier-telefoniert-mit-Selenskij.jpg\",\"datePublished\":\"2022-06-21T07:55:22+00:00\",\"dateModified\":\"2022-06-21T07:55:22+00:00\",\"breadcrumb\":{\"@id\":\"https:\/\/now-news.de\/de\/deutschland\/vorsitzender-der-pis-partei-jaroslaw-kaczynski-verlaesst-alle-regierungsposten-polens\/#breadcrumb\"},\"inLanguage\":\"de\",\"potentialAction\":[{\"@type\":\"ReadAction\",\"target\":[\"https:\/\/now-news.de\/de\/deutschland\/vorsitzender-der-pis-partei-jaroslaw-kaczynski-verlaesst-alle-regierungsposten-polens\/\"]}]},{\"@type\":\"ImageObject\",\"inLanguage\":\"de\",\"@id\":\"https:\/\/now-news.de\/de\/deutschland\/vorsitzender-der-pis-partei-jaroslaw-kaczynski-verlaesst-alle-regierungsposten-polens\/#primaryimage\",\"url\":\"https:\/\/now-news.de\/de\/wp-content\/uploads\/sites\/3\/2022\/05\/Erste-Annaeherung-nach-Ausladung-Steinmeier-telefoniert-mit-Selenskij.jpg\",\"contentUrl\":\"https:\/\/now-news.de\/de\/wp-content\/uploads\/sites\/3\/2022\/05\/Erste-Annaeherung-nach-Ausladung-Steinmeier-telefoniert-mit-Selenskij.jpg\",\"width\":460,\"height\":259},{\"@type\":\"BreadcrumbList\",\"@id\":\"https:\/\/now-news.de\/de\/deutschland\/vorsitzender-der-pis-partei-jaroslaw-kaczynski-verlaesst-alle-regierungsposten-polens\/#breadcrumb\",\"itemListElement\":[{\"@type\":\"ListItem\",\"position\":1,\"name\":\"Home\",\"item\":\"https:\/\/now-news.de\/de\/\"},{\"@type\":\"ListItem\",\"position\":2,\"name\":\"Vorsitzender der PiS-PArtei Jaros\u0142aw Kaczy\u0144ski verl\u00e4sst\u00a0alle Regierungsposten Polens\"}]},{\"@type\":\"WebSite\",\"@id\":\"https:\/\/now-news.de\/de\/#website\",\"url\":\"https:\/\/now-news.de\/de\/\",\"name\":\"just-now.NEWS Deutschland\",\"description\":\"Das Portal f\u00fcr unzensierte Nachrichten aus der Welt\",\"publisher\":{\"@id\":\"https:\/\/now-news.de\/de\/#organization\"},\"potentialAction\":[{\"@type\":\"SearchAction\",\"target\":{\"@type\":\"EntryPoint\",\"urlTemplate\":\"https:\/\/now-news.de\/de\/?s={search_term_string}\"},\"query-input\":\"required name=search_term_string\"}],\"inLanguage\":\"de\"},{\"@type\":\"Organization\",\"@id\":\"https:\/\/now-news.de\/de\/#organization\",\"name\":\"Just Now News\",\"url\":\"https:\/\/now-news.de\/de\/\",\"logo\":{\"@type\":\"ImageObject\",\"inLanguage\":\"de\",\"@id\":\"https:\/\/now-news.de\/de\/#\/schema\/logo\/image\/\",\"url\":\"http:\/\/just-now.news\/de\/wp-content\/uploads\/sites\/3\/2022\/04\/logo500x500.jpg\",\"contentUrl\":\"http:\/\/just-now.news\/de\/wp-content\/uploads\/sites\/3\/2022\/04\/logo500x500.jpg\",\"width\":500,\"height\":500,\"caption\":\"Just Now News\"},\"image\":{\"@id\":\"https:\/\/now-news.de\/de\/#\/schema\/logo\/image\/\"},\"sameAs\":[\"https:\/\/www.facebook.com\/wirmachenauf\",\"https:\/\/x.com\/WirMachenAuf_de\"]},{\"@type\":\"Person\",\"@id\":\"https:\/\/now-news.de\/de\/#\/schema\/person\/fb534a4e865501d8b3285208df34a9b5\",\"name\":\"rtnews\",\"image\":{\"@type\":\"ImageObject\",\"inLanguage\":\"de\",\"@id\":\"https:\/\/now-news.de\/de\/#\/schema\/person\/image\/\",\"url\":\"https:\/\/secure.gravatar.com\/avatar\/82aafea7d8127119dd649515f56e2117?s=96&d=mm&r=g\",\"contentUrl\":\"https:\/\/secure.gravatar.com\/avatar\/82aafea7d8127119dd649515f56e2117?s=96&d=mm&r=g\",\"caption\":\"rtnews\"},\"url\":\"https:\/\/now-news.de\/de\/author\/rnews\/\"}]}<\/script>\n<!-- \/ Yoast SEO Premium plugin. -->","yoast_head_json":{"title":"Vorsitzender der PiS-PArtei Jaros\u0142aw Kaczy\u0144ski verl\u00e4sst\u00a0alle Regierungsposten Polens - just-now.NEWS Deutschland","robots":{"index":"index","follow":"follow","max-snippet":"max-snippet:-1","max-image-preview":"max-image-preview:large","max-video-preview":"max-video-preview:-1"},"canonical":"https:\/\/now-news.de\/de\/deutschland\/vorsitzender-der-pis-partei-jaroslaw-kaczynski-verlaesst-alle-regierungsposten-polens\/","og_locale":"de_DE","og_type":"article","og_title":"Vorsitzender der PiS-PArtei Jaros\u0142aw Kaczy\u0144ski verl\u00e4sst\u00a0alle Regierungsposten Polens","og_description":"Die polnische Nachrichtenagentur PAP zitierte Kaczynski mit den Worten: &#8220;Ich bin nicht mehr in der Regierung. Premierminister Mateusz Morawiecki und, soweit ich wei\u00df, auch Pr\u00e4sident Andrzej Duda haben meinen R\u00fccktrittsantrag angenommen.&#8221; Sein Nachfolger als Vize-Premier soll der polnische Verteidigungsminister Mariusz\u00a0B\u0142aszczak werden. Mit dieser Kaderumstellung erkl\u00e4rte Kaczy\u0144ski \u2013 vielleicht auch r\u00fcckwirkend \u2013 seinen R\u00fccktritt vom Vorsitz [&hellip;]","og_url":"https:\/\/now-news.de\/de\/deutschland\/vorsitzender-der-pis-partei-jaroslaw-kaczynski-verlaesst-alle-regierungsposten-polens\/","og_site_name":"just-now.NEWS Deutschland","article_publisher":"https:\/\/www.facebook.com\/wirmachenauf","article_published_time":"2022-06-21T07:55:22+00:00","og_image":[{"width":460,"height":259,"url":"https:\/\/now-news.de\/de\/wp-content\/uploads\/sites\/3\/2022\/05\/Erste-Annaeherung-nach-Ausladung-Steinmeier-telefoniert-mit-Selenskij.jpg","type":"image\/jpeg"}],"author":"rtnews","twitter_card":"summary_large_image","twitter_creator":"@WirMachenAuf_de","twitter_site":"@WirMachenAuf_de","twitter_misc":{"Verfasst von":"rtnews","Gesch\u00e4tzte Lesezeit":"1\u00a0Minute"},"schema":{"@context":"https:\/\/schema.org","@graph":[{"@type":"Article","@id":"https:\/\/now-news.de\/de\/deutschland\/vorsitzender-der-pis-partei-jaroslaw-kaczynski-verlaesst-alle-regierungsposten-polens\/#article","isPartOf":{"@id":"https:\/\/now-news.de\/de\/deutschland\/vorsitzender-der-pis-partei-jaroslaw-kaczynski-verlaesst-alle-regierungsposten-polens\/"},"author":{"name":"rtnews","@id":"https:\/\/now-news.de\/de\/#\/schema\/person\/fb534a4e865501d8b3285208df34a9b5"},"headline":"Vorsitzender der PiS-PArtei Jaros\u0142aw Kaczy\u0144ski verl\u00e4sst\u00a0alle Regierungsposten Polens","datePublished":"2022-06-21T07:55:22+00:00","dateModified":"2022-06-21T07:55:22+00:00","mainEntityOfPage":{"@id":"https:\/\/now-news.de\/de\/deutschland\/vorsitzender-der-pis-partei-jaroslaw-kaczynski-verlaesst-alle-regierungsposten-polens\/"},"wordCount":148,"commentCount":0,"publisher":{"@id":"https:\/\/now-news.de\/de\/#organization"},"image":{"@id":"https:\/\/now-news.de\/de\/deutschland\/vorsitzender-der-pis-partei-jaroslaw-kaczynski-verlaesst-alle-regierungsposten-polens\/#primaryimage"},"thumbnailUrl":"https:\/\/now-news.de\/de\/wp-content\/uploads\/sites\/3\/2022\/05\/Erste-Annaeherung-nach-Ausladung-Steinmeier-telefoniert-mit-Selenskij.jpg","keywords":["der","Jaros\u0142aw","kaczynski","PiSPArtei","Polens","Regierungsposten","verl\u00e4sstalle","Vorsitzender"],"articleSection":["Deutschland","Russland"],"inLanguage":"de","potentialAction":[{"@type":"CommentAction","name":"Comment","target":["https:\/\/now-news.de\/de\/deutschland\/vorsitzender-der-pis-partei-jaroslaw-kaczynski-verlaesst-alle-regierungsposten-polens\/#respond"]}]},{"@type":"WebPage","@id":"https:\/\/now-news.de\/de\/deutschland\/vorsitzender-der-pis-partei-jaroslaw-kaczynski-verlaesst-alle-regierungsposten-polens\/","url":"https:\/\/now-news.de\/de\/deutschland\/vorsitzender-der-pis-partei-jaroslaw-kaczynski-verlaesst-alle-regierungsposten-polens\/","name":"Vorsitzender der PiS-PArtei Jaros\u0142aw Kaczy\u0144ski verl\u00e4sst\u00a0alle Regierungsposten Polens - just-now.NEWS Deutschland","isPartOf":{"@id":"https:\/\/now-news.de\/de\/#website"},"primaryImageOfPage":{"@id":"https:\/\/now-news.de\/de\/deutschland\/vorsitzender-der-pis-partei-jaroslaw-kaczynski-verlaesst-alle-regierungsposten-polens\/#primaryimage"},"image":{"@id":"https:\/\/now-news.de\/de\/deutschland\/vorsitzender-der-pis-partei-jaroslaw-kaczynski-verlaesst-alle-regierungsposten-polens\/#primaryimage"},"thumbnailUrl":"https:\/\/now-news.de\/de\/wp-content\/uploads\/sites\/3\/2022\/05\/Erste-Annaeherung-nach-Ausladung-Steinmeier-telefoniert-mit-Selenskij.jpg","datePublished":"2022-06-21T07:55:22+00:00","dateModified":"2022-06-21T07:55:22+00:00","breadcrumb":{"@id":"https:\/\/now-news.de\/de\/deutschland\/vorsitzender-der-pis-partei-jaroslaw-kaczynski-verlaesst-alle-regierungsposten-polens\/#breadcrumb"},"inLanguage":"de","potentialAction":[{"@type":"ReadAction","target":["https:\/\/now-news.de\/de\/deutschland\/vorsitzender-der-pis-partei-jaroslaw-kaczynski-verlaesst-alle-regierungsposten-polens\/"]}]},{"@type":"ImageObject","inLanguage":"de","@id":"https:\/\/now-news.de\/de\/deutschland\/vorsitzender-der-pis-partei-jaroslaw-kaczynski-verlaesst-alle-regierungsposten-polens\/#primaryimage","url":"https:\/\/now-news.de\/de\/wp-content\/uploads\/sites\/3\/2022\/05\/Erste-Annaeherung-nach-Ausladung-Steinmeier-telefoniert-mit-Selenskij.jpg","contentUrl":"https:\/\/now-news.de\/de\/wp-content\/uploads\/sites\/3\/2022\/05\/Erste-Annaeherung-nach-Ausladung-Steinmeier-telefoniert-mit-Selenskij.jpg","width":460,"height":259},{"@type":"BreadcrumbList","@id":"https:\/\/now-news.de\/de\/deutschland\/vorsitzender-der-pis-partei-jaroslaw-kaczynski-verlaesst-alle-regierungsposten-polens\/#breadcrumb","itemListElement":[{"@type":"ListItem","position":1,"name":"Home","item":"https:\/\/now-news.de\/de\/"},{"@type":"ListItem","position":2,"name":"Vorsitzender der PiS-PArtei Jaros\u0142aw Kaczy\u0144ski verl\u00e4sst\u00a0alle Regierungsposten Polens"}]},{"@type":"WebSite","@id":"https:\/\/now-news.de\/de\/#website","url":"https:\/\/now-news.de\/de\/","name":"just-now.NEWS Deutschland","description":"Das Portal f\u00fcr unzensierte Nachrichten aus der Welt","publisher":{"@id":"https:\/\/now-news.de\/de\/#organization"},"potentialAction":[{"@type":"SearchAction","target":{"@type":"EntryPoint","urlTemplate":"https:\/\/now-news.de\/de\/?s={search_term_string}"},"query-input":"required name=search_term_string"}],"inLanguage":"de"},{"@type":"Organization","@id":"https:\/\/now-news.de\/de\/#organization","name":"Just Now News","url":"https:\/\/now-news.de\/de\/","logo":{"@type":"ImageObject","inLanguage":"de","@id":"https:\/\/now-news.de\/de\/#\/schema\/logo\/image\/","url":"http:\/\/just-now.news\/de\/wp-content\/uploads\/sites\/3\/2022\/04\/logo500x500.jpg","contentUrl":"http:\/\/just-now.news\/de\/wp-content\/uploads\/sites\/3\/2022\/04\/logo500x500.jpg","width":500,"height":500,"caption":"Just Now News"},"image":{"@id":"https:\/\/now-news.de\/de\/#\/schema\/logo\/image\/"},"sameAs":["https:\/\/www.facebook.com\/wirmachenauf","https:\/\/x.com\/WirMachenAuf_de"]},{"@type":"Person","@id":"https:\/\/now-news.de\/de\/#\/schema\/person\/fb534a4e865501d8b3285208df34a9b5","name":"rtnews","image":{"@type":"ImageObject","inLanguage":"de","@id":"https:\/\/now-news.de\/de\/#\/schema\/person\/image\/","url":"https:\/\/secure.gravatar.com\/avatar\/82aafea7d8127119dd649515f56e2117?s=96&d=mm&r=g","contentUrl":"https:\/\/secure.gravatar.com\/avatar\/82aafea7d8127119dd649515f56e2117?s=96&d=mm&r=g","caption":"rtnews"},"url":"https:\/\/now-news.de\/de\/author\/rnews\/"}]}},"_links":{"self":[{"href":"https:\/\/now-news.de\/de\/wp-json\/wp\/v2\/posts\/11492"}],"collection":[{"href":"https:\/\/now-news.de\/de\/wp-json\/wp\/v2\/posts"}],"about":[{"href":"https:\/\/now-news.de\/de\/wp-json\/wp\/v2\/types\/post"}],"author":[{"embeddable":true,"href":"https:\/\/now-news.de\/de\/wp-json\/wp\/v2\/users\/3"}],"replies":[{"embeddable":true,"href":"https:\/\/now-news.de\/de\/wp-json\/wp\/v2\/comments?post=11492"}],"version-history":[{"count":0,"href":"https:\/\/now-news.de\/de\/wp-json\/wp\/v2\/posts\/11492\/revisions"}],"wp:featuredmedia":[{"embeddable":true,"href":"https:\/\/now-news.de\/de\/wp-json\/wp\/v2\/media\/6832"}],"wp:attachment":[{"href":"https:\/\/now-news.de\/de\/wp-json\/wp\/v2\/media?parent=11492"}],"wp:term":[{"taxonomy":"category","embeddable":true,"href":"https:\/\/now-news.de\/de\/wp-json\/wp\/v2\/categories?post=11492"},{"taxonomy":"post_tag","embeddable":true,"href":"https:\/\/now-news.de\/de\/wp-json\/wp\/v2\/tags?post=11492"}],"curies":[{"name":"wp","href":"https:\/\/api.w.org\/{rel}","templated":true}]}}