{"id":11486,"date":"2022-06-21T08:40:53","date_gmt":"2022-06-21T06:40:53","guid":{"rendered":"http:\/\/just-now.news\/de\/deutschland\/rwe-chef-energiepreise-werden-in-den-naechsten-fuenf-jahren-nicht-sinken\/"},"modified":"2022-06-21T08:40:53","modified_gmt":"2022-06-21T06:40:53","slug":"rwe-chef-energiepreise-werden-in-den-naechsten-fuenf-jahren-nicht-sinken","status":"publish","type":"post","link":"https:\/\/now-news.de\/de\/deutschland\/rwe-chef-energiepreise-werden-in-den-naechsten-fuenf-jahren-nicht-sinken\/","title":{"rendered":"RWE-Chef: Energiepreise werden in den n\u00e4chsten f\u00fcnf Jahren nicht sinken"},"content":{"rendered":"<p><img decoding=\"async\" src=\"http:\/\/just-now.news\/de\/wp-content\/uploads\/sites\/3\/2022\/06\/62b06f36b480cc080b4ce922.jpg\" \/><\/p>\n<div class=\"Text-root Text-type_1 \">\n                Die Energie- und davon abh\u00e4ngigen Erzeugerpreise steigen wegen des Krieges in der Ukraine weiter an. Dabei k\u00f6nnte es nach Ansicht von RWE-Chef Markus Krebber einige Jahre dauern, bis sich die Lage auf dem Markt wieder beruhigen wird.\n            <\/div>\n<p><\/p>\n<div class=\"Text-root Text-type_5 ArticleView-text ViewText-root \">\n<p>Der Vorstandschef des Essener Energiekonzerns RWE, Markus Krebber, geht angesichts der vom Westen gegen Russland verh\u00e4ngten Sanktionen von jahrelang hohen Energiepreisen in Deutschland aus. In den vergangenen Jahren sei wenig in die Import- und <strong>Export-Infrastruktur<\/strong> investiert worden, erkl\u00e4rte Krebber der <em>S\u00fcddeutschen Zeitung<\/em> (<em>SZ<\/em>).<strong><\/strong> Deshalb werde es jetzt auch einige Zeit in Anspruch nehmen, den Ausfall der russischen Gaslieferungen zu kompensieren. &#8220;Es wird vermutlich drei bis f\u00fcnf Jahre dauern&#8221;, so der Manager.<\/p>\n<p><strong>Energiepreisniveau wird vorerst hoch bleiben<\/strong><\/p>\n<p>Deutschland habe in den vergangenen Jahren zudem &#8220;mehr Kraftwerkskapazit\u00e4ten vom Netz genommen, als neue entstanden sind&#8221;. Insbesondere diese beiden Faktoren f\u00fchrten demnach zu dem derzeit hohen Energiepreisniveau. &#8220;Beides muss sich \u00e4ndern, dann normalisieren sich auch die Preise\u00a0wieder&#8221;, erkl\u00e4rte Krebber.<\/p>\n<p>Die Pl\u00e4ne von Bundeswirtschaftsminister Robert Habeck (B\u00fcndnis 90\/Die Gr\u00fcnen), dem drohenden Energienotstand durch ein erneutes Hochfahren der Kohlekraftwerke zu entgehen, sto\u00dfen beim RWE-Vorstandsvorsitzenden hingegen auf Zustimmung. &#8220;\u00dcberall, wo man auf andere Energietr\u00e4ger umstellen kann, sollte das erfolgen.&#8221; Denn die gedrosselten Gaslieferungen aus Russland h\u00e4tten bereits jetzt Auswirkungen auf dem Markt. &#8220;Auch wir bekommen deutlich weniger als die vereinbarten Mengen&#8221;, so Krebber weiter. Mitunter m\u00fcsse RWE deshalb den Brennstoff nun &#8220;zu deutlich h\u00f6heren und weiter steigenden Preisen kaufen&#8221;.<\/p>\n<p>Trotz der derzeitigen Energieproblematik schlie\u00dft der RWE-Chef einen Weiterbetrieb seiner letzten Atomkraftwerke in Deutschland \u00fcber Ende 2022 hinaus weiterhin aus. Stattdessen setze der Konzern, der neben Kohlekraftwerken in Deutschland auch Anlagen in Gro\u00dfbritannien und den Niederlanden betreibt,\u00a0nun auf die Erweiterung des Braunkohle-Tagebaus Garzweiler II im Rheinland. &#8220;Der planm\u00e4\u00dfige Tagebaufortschritt ist wichtig \u2013 vor allem, wenn wir uns auf Szenarien vorbereiten, in denen Gas gespart werden soll.&#8221;\u00a0<\/p>\n<p><strong>Hohe Energiepreise belasten Industrie und Verbraucher<\/strong><\/p>\n<p>Die Energiepreise waren wegen des anhaltenden Krieges in der Ukraine nach Angaben des Statistischen Bundesamts im Mai um 87 Prozent gegen\u00fcber dem Vorjahresmonat gestiegen.\u00a0Erdgas\u00a0verteuerte sich demnach um 148,1 Prozent, wobei Kraftwerksbetreiber im Mai sogar ganze 241,2 Prozent mehr f\u00fcr Erdgas bezahlen mussten als noch ein Jahr zuvor. Industrieabnehmer zahlten einen Aufschlag von knapp 211 Prozent. Strom kostete laut den Analysten gut 90 Prozent mehr.\u00a0\u00a0<\/p>\n<p>Auch die von den Energiekosten abh\u00e4ngigen Erzeugerpreise stiegen im Mai um durchschnittlich 33,6 Prozent. &#8220;Dies war der h\u00f6chste Anstieg gegen\u00fcber einem Vorjahresmonat seit Beginn der Erhebung im Jahr 1949&#8221;, hie\u00df es in einer Mitteilung des Statistischen Bundesamts. &#8220;Damit verzeichneten die gewerblichen Erzeugerpreise seit Dezember 2021 jeden Monat neue Rekordanstiege.&#8221; Die Erzeugerpreise gelten zudem auch als Vorl\u00e4ufer f\u00fcr die Entwicklung der allgemeinen\u00a0Inflation, die mit einer aktuellen Inflationsrate von\u00a07,9 Prozent den h\u00f6chsten Stand seit dem Winter 1973\/1974 erreicht hat.<\/p>\n<p>Neben den h\u00f6heren Heizkosten belasten die Verbraucher derzeit besonders die verteuerten Nahrungsmittel im Supermarkt. 19,2 Prozent mehr als noch vor einem Jahr, mussten die Deutschen laut Statistischem Bundesamt im Mai f\u00fcr ihren Einkauf ausgeben.<\/p>\n<p><strong>Verbraucherzentrale mahnt zum Gassparen<\/strong><\/p>\n<p>Mit Blick auf die drohende Gasmangellage und die dadurch steigenden Preise hat nun auch die Verbraucherzentrale Nordrhein-Westfalen dazu aufgerufen, den Gasverbrauch wo es m\u00f6glich ist einzuschr\u00e4nken. Der gr\u00f6\u00dfte Teil der Verantwortung liege hierbei bei den Gaskraftwerksbetreibern und der Industrie, sagte Udo Sieverding, Bereichsleiter Energie, dem <em>Handelsblatt<\/em>. Allerdings seien auch die Verbraucher gefragt. Dem Verbrauchersch\u00fctzer sei zwar bewusst, dass Haushalte am Existenzminimum wom\u00f6glich nicht dazu in der Lage seien, die teils kostspieligen Spartipps des Bundeswirtschaftsministers zu nutzen. Aber:<\/p>\n<blockquote>\n<p><em>&#8220;Alles, was geht, sollte man jetzt unbedingt machen.&#8221;<\/em><\/p>\n<\/blockquote>\n<p>Mehr zum Thema &#8211; <a rel=\"nofollow noopener\" target=\"_blank\" href=\"https:\/\/test.rtde.tech\/europa\/141236-russlands-eu-botschafter-warnt-vor\/\">Russlands EU-Botschafter warnt vor einer m\u00f6glichen &#8220;Gaskatastrophe&#8221; f\u00fcr Deutschland<\/a><\/p>\n<\/div>\n<p><br \/>\n<br \/><a href=\"https:\/\/de.rt.com\/wirtschaft\/141508-rwe-chef-mahnt-energiepreise-werden-in-den-naechsten-fuenf-jahren-nicht-sinken\/\">Source link <\/a><\/p>\n","protected":false},"excerpt":{"rendered":"<p>Die Energie- und davon abh\u00e4ngigen Erzeugerpreise steigen wegen des Krieges in der Ukraine weiter an. Dabei k\u00f6nnte es nach Ansicht von RWE-Chef Markus Krebber einige Jahre dauern, bis sich die Lage auf dem Markt wieder beruhigen wird. Der Vorstandschef des Essener Energiekonzerns RWE, Markus Krebber, geht angesichts der vom Westen gegen Russland verh\u00e4ngten Sanktionen von [&hellip;]<\/p>\n","protected":false},"author":3,"featured_media":11487,"comment_status":"open","ping_status":"open","sticky":false,"template":"","format":"standard","meta":{"wp_automatic_camp":["217"],"fb95f8cfb6e8d55667c457f0bf5103cf":["RWE-Chef: Energiepreise werden in den n\u00e4chsten f\u00fcnf Jahren nicht sinken"],"original_link":["https:\/\/de.rt.com\/wirtschaft\/141508-rwe-chef-mahnt-energiepreise-werden-in-den-naechsten-fuenf-jahren-nicht-sinken\/"],"_thumbnail_id":["11487"],"_wptg_p2tg_sent2tg":["2022-06-21 08:44:44"],"jnews_social_counter_last_update":["1777324930"]},"categories":[19,23],"tags":[48,10585,4905,1728,7529,800,25267,25268,1040],"yoast_head":"<!-- This site is optimized with the Yoast SEO Premium plugin v22.7 (Yoast SEO v22.7) - https:\/\/yoast.com\/wordpress\/plugins\/seo\/ -->\n<title>RWE-Chef: Energiepreise werden in den n\u00e4chsten f\u00fcnf Jahren nicht sinken - just-now.NEWS Deutschland<\/title>\n<meta name=\"robots\" content=\"index, follow, max-snippet:-1, max-image-preview:large, max-video-preview:-1\" \/>\n<link rel=\"canonical\" href=\"https:\/\/now-news.de\/de\/deutschland\/rwe-chef-energiepreise-werden-in-den-naechsten-fuenf-jahren-nicht-sinken\/\" \/>\n<meta property=\"og:locale\" content=\"de_DE\" \/>\n<meta property=\"og:type\" content=\"article\" \/>\n<meta property=\"og:title\" content=\"RWE-Chef: Energiepreise werden in den n\u00e4chsten f\u00fcnf Jahren nicht sinken\" \/>\n<meta property=\"og:description\" content=\"Die Energie- und davon abh\u00e4ngigen Erzeugerpreise steigen wegen des Krieges in der Ukraine weiter an. Dabei k\u00f6nnte es nach Ansicht von RWE-Chef Markus Krebber einige Jahre dauern, bis sich die Lage auf dem Markt wieder beruhigen wird. Der Vorstandschef des Essener Energiekonzerns RWE, Markus Krebber, geht angesichts der vom Westen gegen Russland verh\u00e4ngten Sanktionen von [&hellip;]\" \/>\n<meta property=\"og:url\" content=\"https:\/\/now-news.de\/de\/deutschland\/rwe-chef-energiepreise-werden-in-den-naechsten-fuenf-jahren-nicht-sinken\/\" \/>\n<meta property=\"og:site_name\" content=\"just-now.NEWS Deutschland\" \/>\n<meta property=\"article:publisher\" content=\"https:\/\/www.facebook.com\/wirmachenauf\" \/>\n<meta property=\"article:published_time\" content=\"2022-06-21T06:40:53+00:00\" \/>\n<meta property=\"og:image\" content=\"https:\/\/now-news.de\/de\/wp-content\/uploads\/sites\/3\/2022\/06\/RWE-Chef-Energiepreise-werden-in-den-naechsten-fuenf-Jahren-nicht-sinken.jpg\" \/>\n\t<meta property=\"og:image:width\" content=\"460\" \/>\n\t<meta property=\"og:image:height\" content=\"259\" \/>\n\t<meta property=\"og:image:type\" content=\"image\/jpeg\" \/>\n<meta name=\"author\" content=\"rtnews\" \/>\n<meta name=\"twitter:card\" content=\"summary_large_image\" \/>\n<meta name=\"twitter:creator\" content=\"@WirMachenAuf_de\" \/>\n<meta name=\"twitter:site\" content=\"@WirMachenAuf_de\" \/>\n<meta name=\"twitter:label1\" content=\"Verfasst von\" \/>\n\t<meta name=\"twitter:data1\" content=\"rtnews\" \/>\n\t<meta name=\"twitter:label2\" content=\"Gesch\u00e4tzte Lesezeit\" \/>\n\t<meta name=\"twitter:data2\" content=\"3\u00a0Minuten\" \/>\n<script type=\"application\/ld+json\" class=\"yoast-schema-graph\">{\"@context\":\"https:\/\/schema.org\",\"@graph\":[{\"@type\":\"Article\",\"@id\":\"https:\/\/now-news.de\/de\/deutschland\/rwe-chef-energiepreise-werden-in-den-naechsten-fuenf-jahren-nicht-sinken\/#article\",\"isPartOf\":{\"@id\":\"https:\/\/now-news.de\/de\/deutschland\/rwe-chef-energiepreise-werden-in-den-naechsten-fuenf-jahren-nicht-sinken\/\"},\"author\":{\"name\":\"rtnews\",\"@id\":\"https:\/\/now-news.de\/de\/#\/schema\/person\/fb534a4e865501d8b3285208df34a9b5\"},\"headline\":\"RWE-Chef: Energiepreise werden in den n\u00e4chsten f\u00fcnf Jahren nicht sinken\",\"datePublished\":\"2022-06-21T06:40:53+00:00\",\"dateModified\":\"2022-06-21T06:40:53+00:00\",\"mainEntityOfPage\":{\"@id\":\"https:\/\/now-news.de\/de\/deutschland\/rwe-chef-energiepreise-werden-in-den-naechsten-fuenf-jahren-nicht-sinken\/\"},\"wordCount\":623,\"commentCount\":0,\"publisher\":{\"@id\":\"https:\/\/now-news.de\/de\/#organization\"},\"image\":{\"@id\":\"https:\/\/now-news.de\/de\/deutschland\/rwe-chef-energiepreise-werden-in-den-naechsten-fuenf-jahren-nicht-sinken\/#primaryimage\"},\"thumbnailUrl\":\"https:\/\/now-news.de\/de\/wp-content\/uploads\/sites\/3\/2022\/06\/RWE-Chef-Energiepreise-werden-in-den-naechsten-fuenf-Jahren-nicht-sinken.jpg\",\"keywords\":[\"den\",\"Energiepreise\",\"f\u00fcnf\",\"Jahren\",\"n\u00e4chsten\",\"nicht\",\"RWEChef\",\"sinken\",\"Werden\"],\"articleSection\":[\"Deutschland\",\"Russland\"],\"inLanguage\":\"de\",\"potentialAction\":[{\"@type\":\"CommentAction\",\"name\":\"Comment\",\"target\":[\"https:\/\/now-news.de\/de\/deutschland\/rwe-chef-energiepreise-werden-in-den-naechsten-fuenf-jahren-nicht-sinken\/#respond\"]}]},{\"@type\":\"WebPage\",\"@id\":\"https:\/\/now-news.de\/de\/deutschland\/rwe-chef-energiepreise-werden-in-den-naechsten-fuenf-jahren-nicht-sinken\/\",\"url\":\"https:\/\/now-news.de\/de\/deutschland\/rwe-chef-energiepreise-werden-in-den-naechsten-fuenf-jahren-nicht-sinken\/\",\"name\":\"RWE-Chef: Energiepreise werden in den n\u00e4chsten f\u00fcnf Jahren nicht sinken - just-now.NEWS Deutschland\",\"isPartOf\":{\"@id\":\"https:\/\/now-news.de\/de\/#website\"},\"primaryImageOfPage\":{\"@id\":\"https:\/\/now-news.de\/de\/deutschland\/rwe-chef-energiepreise-werden-in-den-naechsten-fuenf-jahren-nicht-sinken\/#primaryimage\"},\"image\":{\"@id\":\"https:\/\/now-news.de\/de\/deutschland\/rwe-chef-energiepreise-werden-in-den-naechsten-fuenf-jahren-nicht-sinken\/#primaryimage\"},\"thumbnailUrl\":\"https:\/\/now-news.de\/de\/wp-content\/uploads\/sites\/3\/2022\/06\/RWE-Chef-Energiepreise-werden-in-den-naechsten-fuenf-Jahren-nicht-sinken.jpg\",\"datePublished\":\"2022-06-21T06:40:53+00:00\",\"dateModified\":\"2022-06-21T06:40:53+00:00\",\"breadcrumb\":{\"@id\":\"https:\/\/now-news.de\/de\/deutschland\/rwe-chef-energiepreise-werden-in-den-naechsten-fuenf-jahren-nicht-sinken\/#breadcrumb\"},\"inLanguage\":\"de\",\"potentialAction\":[{\"@type\":\"ReadAction\",\"target\":[\"https:\/\/now-news.de\/de\/deutschland\/rwe-chef-energiepreise-werden-in-den-naechsten-fuenf-jahren-nicht-sinken\/\"]}]},{\"@type\":\"ImageObject\",\"inLanguage\":\"de\",\"@id\":\"https:\/\/now-news.de\/de\/deutschland\/rwe-chef-energiepreise-werden-in-den-naechsten-fuenf-jahren-nicht-sinken\/#primaryimage\",\"url\":\"https:\/\/now-news.de\/de\/wp-content\/uploads\/sites\/3\/2022\/06\/RWE-Chef-Energiepreise-werden-in-den-naechsten-fuenf-Jahren-nicht-sinken.jpg\",\"contentUrl\":\"https:\/\/now-news.de\/de\/wp-content\/uploads\/sites\/3\/2022\/06\/RWE-Chef-Energiepreise-werden-in-den-naechsten-fuenf-Jahren-nicht-sinken.jpg\",\"width\":460,\"height\":259,\"caption\":\"RWE-Chef: Energiepreise werden in den n\u00e4chsten f\u00fcnf Jahren nicht sinken\"},{\"@type\":\"BreadcrumbList\",\"@id\":\"https:\/\/now-news.de\/de\/deutschland\/rwe-chef-energiepreise-werden-in-den-naechsten-fuenf-jahren-nicht-sinken\/#breadcrumb\",\"itemListElement\":[{\"@type\":\"ListItem\",\"position\":1,\"name\":\"Home\",\"item\":\"https:\/\/now-news.de\/de\/\"},{\"@type\":\"ListItem\",\"position\":2,\"name\":\"RWE-Chef: Energiepreise werden in den n\u00e4chsten f\u00fcnf Jahren nicht sinken\"}]},{\"@type\":\"WebSite\",\"@id\":\"https:\/\/now-news.de\/de\/#website\",\"url\":\"https:\/\/now-news.de\/de\/\",\"name\":\"just-now.NEWS Deutschland\",\"description\":\"Das Portal f\u00fcr unzensierte Nachrichten aus der Welt\",\"publisher\":{\"@id\":\"https:\/\/now-news.de\/de\/#organization\"},\"potentialAction\":[{\"@type\":\"SearchAction\",\"target\":{\"@type\":\"EntryPoint\",\"urlTemplate\":\"https:\/\/now-news.de\/de\/?s={search_term_string}\"},\"query-input\":\"required name=search_term_string\"}],\"inLanguage\":\"de\"},{\"@type\":\"Organization\",\"@id\":\"https:\/\/now-news.de\/de\/#organization\",\"name\":\"Just Now News\",\"url\":\"https:\/\/now-news.de\/de\/\",\"logo\":{\"@type\":\"ImageObject\",\"inLanguage\":\"de\",\"@id\":\"https:\/\/now-news.de\/de\/#\/schema\/logo\/image\/\",\"url\":\"http:\/\/just-now.news\/de\/wp-content\/uploads\/sites\/3\/2022\/04\/logo500x500.jpg\",\"contentUrl\":\"http:\/\/just-now.news\/de\/wp-content\/uploads\/sites\/3\/2022\/04\/logo500x500.jpg\",\"width\":500,\"height\":500,\"caption\":\"Just Now News\"},\"image\":{\"@id\":\"https:\/\/now-news.de\/de\/#\/schema\/logo\/image\/\"},\"sameAs\":[\"https:\/\/www.facebook.com\/wirmachenauf\",\"https:\/\/x.com\/WirMachenAuf_de\"]},{\"@type\":\"Person\",\"@id\":\"https:\/\/now-news.de\/de\/#\/schema\/person\/fb534a4e865501d8b3285208df34a9b5\",\"name\":\"rtnews\",\"image\":{\"@type\":\"ImageObject\",\"inLanguage\":\"de\",\"@id\":\"https:\/\/now-news.de\/de\/#\/schema\/person\/image\/\",\"url\":\"https:\/\/secure.gravatar.com\/avatar\/82aafea7d8127119dd649515f56e2117?s=96&d=mm&r=g\",\"contentUrl\":\"https:\/\/secure.gravatar.com\/avatar\/82aafea7d8127119dd649515f56e2117?s=96&d=mm&r=g\",\"caption\":\"rtnews\"},\"url\":\"https:\/\/now-news.de\/de\/author\/rnews\/\"}]}<\/script>\n<!-- \/ Yoast SEO Premium plugin. -->","yoast_head_json":{"title":"RWE-Chef: Energiepreise werden in den n\u00e4chsten f\u00fcnf Jahren nicht sinken - just-now.NEWS Deutschland","robots":{"index":"index","follow":"follow","max-snippet":"max-snippet:-1","max-image-preview":"max-image-preview:large","max-video-preview":"max-video-preview:-1"},"canonical":"https:\/\/now-news.de\/de\/deutschland\/rwe-chef-energiepreise-werden-in-den-naechsten-fuenf-jahren-nicht-sinken\/","og_locale":"de_DE","og_type":"article","og_title":"RWE-Chef: Energiepreise werden in den n\u00e4chsten f\u00fcnf Jahren nicht sinken","og_description":"Die Energie- und davon abh\u00e4ngigen Erzeugerpreise steigen wegen des Krieges in der Ukraine weiter an. Dabei k\u00f6nnte es nach Ansicht von RWE-Chef Markus Krebber einige Jahre dauern, bis sich die Lage auf dem Markt wieder beruhigen wird. Der Vorstandschef des Essener Energiekonzerns RWE, Markus Krebber, geht angesichts der vom Westen gegen Russland verh\u00e4ngten Sanktionen von [&hellip;]","og_url":"https:\/\/now-news.de\/de\/deutschland\/rwe-chef-energiepreise-werden-in-den-naechsten-fuenf-jahren-nicht-sinken\/","og_site_name":"just-now.NEWS Deutschland","article_publisher":"https:\/\/www.facebook.com\/wirmachenauf","article_published_time":"2022-06-21T06:40:53+00:00","og_image":[{"width":460,"height":259,"url":"https:\/\/now-news.de\/de\/wp-content\/uploads\/sites\/3\/2022\/06\/RWE-Chef-Energiepreise-werden-in-den-naechsten-fuenf-Jahren-nicht-sinken.jpg","type":"image\/jpeg"}],"author":"rtnews","twitter_card":"summary_large_image","twitter_creator":"@WirMachenAuf_de","twitter_site":"@WirMachenAuf_de","twitter_misc":{"Verfasst von":"rtnews","Gesch\u00e4tzte Lesezeit":"3\u00a0Minuten"},"schema":{"@context":"https:\/\/schema.org","@graph":[{"@type":"Article","@id":"https:\/\/now-news.de\/de\/deutschland\/rwe-chef-energiepreise-werden-in-den-naechsten-fuenf-jahren-nicht-sinken\/#article","isPartOf":{"@id":"https:\/\/now-news.de\/de\/deutschland\/rwe-chef-energiepreise-werden-in-den-naechsten-fuenf-jahren-nicht-sinken\/"},"author":{"name":"rtnews","@id":"https:\/\/now-news.de\/de\/#\/schema\/person\/fb534a4e865501d8b3285208df34a9b5"},"headline":"RWE-Chef: Energiepreise werden in den n\u00e4chsten f\u00fcnf Jahren nicht sinken","datePublished":"2022-06-21T06:40:53+00:00","dateModified":"2022-06-21T06:40:53+00:00","mainEntityOfPage":{"@id":"https:\/\/now-news.de\/de\/deutschland\/rwe-chef-energiepreise-werden-in-den-naechsten-fuenf-jahren-nicht-sinken\/"},"wordCount":623,"commentCount":0,"publisher":{"@id":"https:\/\/now-news.de\/de\/#organization"},"image":{"@id":"https:\/\/now-news.de\/de\/deutschland\/rwe-chef-energiepreise-werden-in-den-naechsten-fuenf-jahren-nicht-sinken\/#primaryimage"},"thumbnailUrl":"https:\/\/now-news.de\/de\/wp-content\/uploads\/sites\/3\/2022\/06\/RWE-Chef-Energiepreise-werden-in-den-naechsten-fuenf-Jahren-nicht-sinken.jpg","keywords":["den","Energiepreise","f\u00fcnf","Jahren","n\u00e4chsten","nicht","RWEChef","sinken","Werden"],"articleSection":["Deutschland","Russland"],"inLanguage":"de","potentialAction":[{"@type":"CommentAction","name":"Comment","target":["https:\/\/now-news.de\/de\/deutschland\/rwe-chef-energiepreise-werden-in-den-naechsten-fuenf-jahren-nicht-sinken\/#respond"]}]},{"@type":"WebPage","@id":"https:\/\/now-news.de\/de\/deutschland\/rwe-chef-energiepreise-werden-in-den-naechsten-fuenf-jahren-nicht-sinken\/","url":"https:\/\/now-news.de\/de\/deutschland\/rwe-chef-energiepreise-werden-in-den-naechsten-fuenf-jahren-nicht-sinken\/","name":"RWE-Chef: Energiepreise werden in den n\u00e4chsten f\u00fcnf Jahren nicht sinken - just-now.NEWS Deutschland","isPartOf":{"@id":"https:\/\/now-news.de\/de\/#website"},"primaryImageOfPage":{"@id":"https:\/\/now-news.de\/de\/deutschland\/rwe-chef-energiepreise-werden-in-den-naechsten-fuenf-jahren-nicht-sinken\/#primaryimage"},"image":{"@id":"https:\/\/now-news.de\/de\/deutschland\/rwe-chef-energiepreise-werden-in-den-naechsten-fuenf-jahren-nicht-sinken\/#primaryimage"},"thumbnailUrl":"https:\/\/now-news.de\/de\/wp-content\/uploads\/sites\/3\/2022\/06\/RWE-Chef-Energiepreise-werden-in-den-naechsten-fuenf-Jahren-nicht-sinken.jpg","datePublished":"2022-06-21T06:40:53+00:00","dateModified":"2022-06-21T06:40:53+00:00","breadcrumb":{"@id":"https:\/\/now-news.de\/de\/deutschland\/rwe-chef-energiepreise-werden-in-den-naechsten-fuenf-jahren-nicht-sinken\/#breadcrumb"},"inLanguage":"de","potentialAction":[{"@type":"ReadAction","target":["https:\/\/now-news.de\/de\/deutschland\/rwe-chef-energiepreise-werden-in-den-naechsten-fuenf-jahren-nicht-sinken\/"]}]},{"@type":"ImageObject","inLanguage":"de","@id":"https:\/\/now-news.de\/de\/deutschland\/rwe-chef-energiepreise-werden-in-den-naechsten-fuenf-jahren-nicht-sinken\/#primaryimage","url":"https:\/\/now-news.de\/de\/wp-content\/uploads\/sites\/3\/2022\/06\/RWE-Chef-Energiepreise-werden-in-den-naechsten-fuenf-Jahren-nicht-sinken.jpg","contentUrl":"https:\/\/now-news.de\/de\/wp-content\/uploads\/sites\/3\/2022\/06\/RWE-Chef-Energiepreise-werden-in-den-naechsten-fuenf-Jahren-nicht-sinken.jpg","width":460,"height":259,"caption":"RWE-Chef: Energiepreise werden in den n\u00e4chsten f\u00fcnf Jahren nicht sinken"},{"@type":"BreadcrumbList","@id":"https:\/\/now-news.de\/de\/deutschland\/rwe-chef-energiepreise-werden-in-den-naechsten-fuenf-jahren-nicht-sinken\/#breadcrumb","itemListElement":[{"@type":"ListItem","position":1,"name":"Home","item":"https:\/\/now-news.de\/de\/"},{"@type":"ListItem","position":2,"name":"RWE-Chef: Energiepreise werden in den n\u00e4chsten f\u00fcnf Jahren nicht sinken"}]},{"@type":"WebSite","@id":"https:\/\/now-news.de\/de\/#website","url":"https:\/\/now-news.de\/de\/","name":"just-now.NEWS Deutschland","description":"Das Portal f\u00fcr unzensierte Nachrichten aus der Welt","publisher":{"@id":"https:\/\/now-news.de\/de\/#organization"},"potentialAction":[{"@type":"SearchAction","target":{"@type":"EntryPoint","urlTemplate":"https:\/\/now-news.de\/de\/?s={search_term_string}"},"query-input":"required name=search_term_string"}],"inLanguage":"de"},{"@type":"Organization","@id":"https:\/\/now-news.de\/de\/#organization","name":"Just Now News","url":"https:\/\/now-news.de\/de\/","logo":{"@type":"ImageObject","inLanguage":"de","@id":"https:\/\/now-news.de\/de\/#\/schema\/logo\/image\/","url":"http:\/\/just-now.news\/de\/wp-content\/uploads\/sites\/3\/2022\/04\/logo500x500.jpg","contentUrl":"http:\/\/just-now.news\/de\/wp-content\/uploads\/sites\/3\/2022\/04\/logo500x500.jpg","width":500,"height":500,"caption":"Just Now News"},"image":{"@id":"https:\/\/now-news.de\/de\/#\/schema\/logo\/image\/"},"sameAs":["https:\/\/www.facebook.com\/wirmachenauf","https:\/\/x.com\/WirMachenAuf_de"]},{"@type":"Person","@id":"https:\/\/now-news.de\/de\/#\/schema\/person\/fb534a4e865501d8b3285208df34a9b5","name":"rtnews","image":{"@type":"ImageObject","inLanguage":"de","@id":"https:\/\/now-news.de\/de\/#\/schema\/person\/image\/","url":"https:\/\/secure.gravatar.com\/avatar\/82aafea7d8127119dd649515f56e2117?s=96&d=mm&r=g","contentUrl":"https:\/\/secure.gravatar.com\/avatar\/82aafea7d8127119dd649515f56e2117?s=96&d=mm&r=g","caption":"rtnews"},"url":"https:\/\/now-news.de\/de\/author\/rnews\/"}]}},"_links":{"self":[{"href":"https:\/\/now-news.de\/de\/wp-json\/wp\/v2\/posts\/11486"}],"collection":[{"href":"https:\/\/now-news.de\/de\/wp-json\/wp\/v2\/posts"}],"about":[{"href":"https:\/\/now-news.de\/de\/wp-json\/wp\/v2\/types\/post"}],"author":[{"embeddable":true,"href":"https:\/\/now-news.de\/de\/wp-json\/wp\/v2\/users\/3"}],"replies":[{"embeddable":true,"href":"https:\/\/now-news.de\/de\/wp-json\/wp\/v2\/comments?post=11486"}],"version-history":[{"count":0,"href":"https:\/\/now-news.de\/de\/wp-json\/wp\/v2\/posts\/11486\/revisions"}],"wp:featuredmedia":[{"embeddable":true,"href":"https:\/\/now-news.de\/de\/wp-json\/wp\/v2\/media\/11487"}],"wp:attachment":[{"href":"https:\/\/now-news.de\/de\/wp-json\/wp\/v2\/media?parent=11486"}],"wp:term":[{"taxonomy":"category","embeddable":true,"href":"https:\/\/now-news.de\/de\/wp-json\/wp\/v2\/categories?post=11486"},{"taxonomy":"post_tag","embeddable":true,"href":"https:\/\/now-news.de\/de\/wp-json\/wp\/v2\/tags?post=11486"}],"curies":[{"name":"wp","href":"https:\/\/api.w.org\/{rel}","templated":true}]}}