{"id":11472,"date":"2022-06-21T05:30:00","date_gmt":"2022-06-21T03:30:00","guid":{"rendered":"http:\/\/just-now.news\/de\/usa\/austin-versucht-das-gesetzliche-mindestalter-fuer-den-kauf-von-waffen-im-ar-15-stil-anzuheben\/"},"modified":"2022-06-21T05:30:00","modified_gmt":"2022-06-21T03:30:00","slug":"austin-versucht-das-gesetzliche-mindestalter-fuer-den-kauf-von-waffen-im-ar-15-stil-anzuheben","status":"publish","type":"post","link":"https:\/\/now-news.de\/de\/usa\/austin-versucht-das-gesetzliche-mindestalter-fuer-den-kauf-von-waffen-im-ar-15-stil-anzuheben\/","title":{"rendered":"Austin versucht, das gesetzliche Mindestalter f\u00fcr den Kauf von Waffen im AR-15-Stil anzuheben"},"content":{"rendered":"<p><\/p>\n<div class=\"entry-content\">\n<p><span style=\"background-color: transparent; color: #0e101a;\">Austin, Texas, schloss sich einer wachsenden Zahl von St\u00e4dten im ganzen Land an, um das Mindestalter f\u00fcr den Kauf eines Sturmgewehrs von 18 auf 21 anzuheben. <\/span><\/p>\n<p style=\"color: #0e101a; background: transparent; margin-top: 0pt; margin-bottom: 0pt;\"><span style=\"background: transparent; margin-top: 0pt; margin-bottom: 0pt;\" data-preserver-spaces=\"true\">Der Stadtrat stimmte am Freitag f\u00fcr einen Beschluss, der zu einer Anhebung der Altersanforderungen f\u00fchren w\u00fcrde.<\/span><\/p>\n<p style=\"color: #0e101a; background: transparent; margin-top: 0pt; margin-bottom: 0pt;\"><span style=\"background: transparent; margin-top: 0pt; margin-bottom: 0pt;\" data-preserver-spaces=\"true\">Laut der lokalen Fox News-Tochter<\/span><span style=\"background: transparent; margin-top: 0pt; margin-bottom: 0pt;\" data-preserver-spaces=\"true\">wurde die Genehmigung in das Sitzungsprotokoll des Austin City Council vom 16. Juni aufgenommen.<\/span><\/p>\n<div id=\"IC1-ad\" class=\"sponsor IC1\">\n<p class=\"ad-notice flipboard-remove\" fl:fl-noexcerpt=\"true\">Werbung \u2013 die Geschichte geht unten weiter<\/p>\n<div id=\"IC1\">\n<script>\n\t\t\t\t\tif( FFADS.units.IC1 && FFADS.units.IC1.ad_type == 'custom' && FFADS.units.IC1.custom_ads && ! getCookie( 'ff_subbed' ) ) {\n\t\t\t\t\t\tdocument.getElementById( 'IC1' ).innerHTML = FFADS.units.IC1.custom_ads[0].code;\n\t\t\t\t\t\tif( ! FFADS.units.IC1.lazy_load ) eval( FFADS.units.IC1.custom_ads[0].rendering_script );\n\t\t\t\t\t}\n\t\t\t\t\telse if( FFADS.units.IC1 && ! getCookie( 'ff_subbed' ) ) {\n\t\t\t\t\t\tif( 'IC' != 'SB' && 'IC' != 'SA' && FFADS.use_fixed_containers ) {\n\t\t\t\t\t\t\tlet max_wh = firefly_size_list_to_max_wh( FFADS.units.IC1.sizes );\n\t\t\t\t\t\t\tlet el = document.querySelector( '#IC1' );\n\t\t\t\t\t\t\tif( 'IC' != 'SA' && FFADS.slide_pixels ) {\n\t\t\t\t\t\t\t\tmax_wh[1] += parseInt( FFADS.slide_pixels );\n\t\t\t\t\t\t\t\tel.classList.add( 'sliding' );\n\t\t\t\t\t\t\t}\n\t\t\t\t\t\t\tel.style.width = max_wh[0] + 'px';\n\t\t\t\t\t\t\tel.style.height = max_wh[1] + 'px';\n\t\t\t\t\t\t\tel.classList.add( 'fixed-size' );\n\t\t\t\t\t\t}\n\t\t\t\t\t\tgoogletag.cmd.push( function() {\n\t\t\t\t\t\t\tFFADS.debug( 'googletag.displaying IC1' );\n\t\t\t\t\t\t\tgoogletag.display( 'IC1' );\n\t\t\t\t\t\t} );\n\t\t\t\t\t}\n\t\t\t\t\telse {\n\t\t\t\t\t\tdocument.querySelector( '#IC1-ad' ).style.display = 'none';}\n\t\t\t\t<\/script><\/div>\n<\/div>\n<p style=\"color: #0e101a; background: transparent; margin-top: 0pt; margin-bottom: 0pt;\"><span style=\"background: transparent; margin-top: 0pt; margin-bottom: 0pt;\" data-preserver-spaces=\"true\">\u201eDies wurde von Uvalde und Buffalo veranlasst, beides Situationen, in denen Sie 18-J\u00e4hrige hatten, die legal AR-15 kaufen und Zerst\u00f6rung anrichten und andere Menschen ermorden konnten\u201c, sagte Stadtratsmitglied Alison Alter gegen\u00fcber Fox.<\/span><\/p>\n<p style=\"color: #0e101a; background: transparent; margin-top: 0pt; margin-bottom: 0pt;\"><span style=\"background: transparent; margin-top: 0pt; margin-bottom: 0pt;\" data-preserver-spaces=\"true\">Die vorgeschlagene \u00c4nderung erfolgt nach mehreren Massenerschie\u00dfungen, von denen eine <\/span><span style=\"background: transparent; margin-top: 0pt; margin-bottom: 0pt;\" data-preserver-spaces=\"true\">hinterlie\u00df 21 Tote<\/span><span style=\"background: transparent; margin-top: 0pt; margin-bottom: 0pt;\" data-preserver-spaces=\"true\"> in Uvalde, Texas, erst vor zwei Wochen.  Infolgedessen schlagen viele Gesetzgeber Ma\u00dfnahmen zur Verringerung der Waffengewalt vor.<\/span><\/p>\n<p><script>\n\t\t\t\t\tif( ! getCookie( 'ff_subbed' ) ) if( typeof FFADS.replace_ict != 'undefined' ) if( FFADS.replace_ict ) eval( FFADS.replace_ict );\n\t\t\t\t<\/script><\/p>\n<p style=\"color: #0e101a; background: transparent; margin-top: 0pt; margin-bottom: 0pt;\"><span style=\"background: transparent; margin-top: 0pt; margin-bottom: 0pt;\" data-preserver-spaces=\"true\">\u201eJedes verlorene Leben ist ein Leben, das h\u00e4tte gerettet werden k\u00f6nnen, wenn man keinen Zugang zu einer AR-15-Periode h\u00e4tte\u201c, sagte Alter. <\/span><\/p>\n<p style=\"color: #0e101a; background: transparent; margin-top: 0pt; margin-bottom: 0pt;\"><span style=\"background: transparent; margin-top: 0pt; margin-bottom: 0pt;\" data-preserver-spaces=\"true\">Alter dr\u00fcckte ihre Gef\u00fchle als Eltern aus und sagte: \u201eIch bin der Elternteil eines Sch\u00fclers, der in der High School ist, und alles, was wir tun k\u00f6nnen, um den Zugang zu AR-15 einzuschr\u00e4nken, macht meinen Sohn sicherer und die Kinder aller anderen Elternteile in unserer Gemeinde sicherer. \u201d<\/span><\/p>\n<div id=\"IC2-ad\" class=\"sponsor IC2\">\n<p class=\"ad-notice flipboard-remove\" fl:fl-noexcerpt=\"true\">Werbung \u2013 die Geschichte geht unten weiter<\/p>\n<div id=\"IC2\">\n<script>\n\t\t\t\t\tif( FFADS.units.IC2 && FFADS.units.IC2.ad_type == 'custom' && FFADS.units.IC2.custom_ads && ! getCookie( 'ff_subbed' ) ) {\n\t\t\t\t\t\tdocument.getElementById( 'IC2' ).innerHTML = FFADS.units.IC2.custom_ads[0].code;\n\t\t\t\t\t\tif( ! FFADS.units.IC2.lazy_load ) eval( FFADS.units.IC2.custom_ads[0].rendering_script );\n\t\t\t\t\t}\n\t\t\t\t\telse if( FFADS.units.IC2 && ! getCookie( 'ff_subbed' ) ) {\n\t\t\t\t\t\tif( 'IC' != 'SB' && 'IC' != 'SA' && FFADS.use_fixed_containers ) {\n\t\t\t\t\t\t\tlet max_wh = firefly_size_list_to_max_wh( FFADS.units.IC2.sizes );\n\t\t\t\t\t\t\tlet el = document.querySelector( '#IC2' );\n\t\t\t\t\t\t\tif( 'IC' != 'SA' && FFADS.slide_pixels ) {\n\t\t\t\t\t\t\t\tmax_wh[1] += parseInt( FFADS.slide_pixels );\n\t\t\t\t\t\t\t\tel.classList.add( 'sliding' );\n\t\t\t\t\t\t\t}\n\t\t\t\t\t\t\tel.style.width = max_wh[0] + 'px';\n\t\t\t\t\t\t\tel.style.height = max_wh[1] + 'px';\n\t\t\t\t\t\t\tel.classList.add( 'fixed-size' );\n\t\t\t\t\t\t}\n\t\t\t\t\t\tgoogletag.cmd.push( function() {\n\t\t\t\t\t\t\tFFADS.debug( 'googletag.displaying IC2' );\n\t\t\t\t\t\t\tgoogletag.display( 'IC2' );\n\t\t\t\t\t\t} );\n\t\t\t\t\t}\n\t\t\t\t\telse {\n\t\t\t\t\t\tdocument.querySelector( '#IC2-ad' ).style.display = 'none';}\n\t\t\t\t<\/script><\/div>\n<\/div>\n<p style=\"color: #0e101a; background: transparent; margin-top: 0pt; margin-bottom: 0pt;\"><span style=\"background: transparent; margin-top: 0pt; margin-bottom: 0pt;\" data-preserver-spaces=\"true\">Eine \u00fcberparteiliche Gruppe von Gesetzgebern in Washington k\u00fcndigte letzte Woche eine Einigung \u00fcber ein historisches Waffensicherheitspaket an.<\/span><\/p>\n<p style=\"color: #0e101a; background: transparent; margin-top: 0pt; margin-bottom: 0pt;\"><span style=\"background: transparent; margin-top: 0pt; margin-bottom: 0pt;\" data-preserver-spaces=\"true\">Entsprechend<\/span><span style=\"background: transparent; margin-top: 0pt; margin-bottom: 0pt;\" data-preserver-spaces=\"true\"> Reuters zufolge umfassen die vorgeschlagenen Ma\u00dfnahmen \u201eUnterst\u00fctzung f\u00fcr staatliche \u201aRed Flag\u2018-Gesetze, die Schusswaffen vor potenziell gef\u00e4hrlichen Personen sch\u00fctzen, strengere \u00dcberpr\u00fcfungen des kriminellen Hintergrunds f\u00fcr Waffenk\u00e4ufer unter 21 Jahren und ein hartes Durchgreifen gegen \u201aStrohk\u00e4ufe\u2018 durch Leute, die Waffen f\u00fcr andere kaufen, die nicht bestehen konnten eine Zuverl\u00e4ssigkeits\u00fcberpr\u00fcfung.\u201c <\/span><\/p>\n<p style=\"color: #0e101a; background: transparent; margin-top: 0pt; margin-bottom: 0pt;\"><span style=\"background: transparent; margin-top: 0pt; margin-bottom: 0pt;\" data-preserver-spaces=\"true\">Die vorgeschlagenen Ma\u00dfnahmen in Washington beinhalten jedoch keine \u00c4nderung des Alters f\u00fcr den Kauf von Schusswaffen.<\/span><\/p>\n<p style=\"color: #0e101a; background: transparent; margin-top: 0pt; margin-bottom: 0pt;\"><span style=\"background: transparent; margin-top: 0pt; margin-bottom: 0pt;\" data-preserver-spaces=\"true\">In der Zwischenzeit werden die vorgeschlagenen \u00c4nderungen in Texas und der Nation mit Lob aufgenommen.  Nicole Golden, Executive Director von Texas Gun Sense, teilte ihre Gedanken zu den Bem\u00fchungen der Stadt, die \u00c4nderung vorzunehmen.<\/span><\/p>\n<p style=\"color: #0e101a; background: transparent; margin-top: 0pt; margin-bottom: 0pt;\"><span style=\"background: transparent; margin-top: 0pt; margin-bottom: 0pt;\" data-preserver-spaces=\"true\">\u201eAls unsere Kinder ihre letzte Schulwoche feiern sollten, wurden 21 Menschen bei einem Akt uns\u00e4glicher Waffengewalt in der Robb-Grundschule in Uvalde, Texas, das Leben gekostet.\u201c <\/span><span style=\"background: transparent; margin-top: 0pt; margin-bottom: 0pt;\" data-preserver-spaces=\"true\">sagte Golden<\/span><span style=\"background: transparent; margin-top: 0pt; margin-bottom: 0pt;\" data-preserver-spaces=\"true\">.<\/span><\/p>\n<div id=\"IC3-ad\" class=\"sponsor IC3\">\n<p class=\"ad-notice flipboard-remove\" fl:fl-noexcerpt=\"true\">Werbung \u2013 die Geschichte geht unten weiter<\/p>\n<div id=\"IC3\">\n<script>\n\t\t\t\t\tif( FFADS.units.IC3 && FFADS.units.IC3.ad_type == 'custom' && FFADS.units.IC3.custom_ads && ! getCookie( 'ff_subbed' ) ) {\n\t\t\t\t\t\tdocument.getElementById( 'IC3' ).innerHTML = FFADS.units.IC3.custom_ads[0].code;\n\t\t\t\t\t\tif( ! FFADS.units.IC3.lazy_load ) eval( FFADS.units.IC3.custom_ads[0].rendering_script );\n\t\t\t\t\t}\n\t\t\t\t\telse if( FFADS.units.IC3 && ! getCookie( 'ff_subbed' ) ) {\n\t\t\t\t\t\tif( 'IC' != 'SB' && 'IC' != 'SA' && FFADS.use_fixed_containers ) {\n\t\t\t\t\t\t\tlet max_wh = firefly_size_list_to_max_wh( FFADS.units.IC3.sizes );\n\t\t\t\t\t\t\tlet el = document.querySelector( '#IC3' );\n\t\t\t\t\t\t\tif( 'IC' != 'SA' && FFADS.slide_pixels ) {\n\t\t\t\t\t\t\t\tmax_wh[1] += parseInt( FFADS.slide_pixels );\n\t\t\t\t\t\t\t\tel.classList.add( 'sliding' );\n\t\t\t\t\t\t\t}\n\t\t\t\t\t\t\tel.style.width = max_wh[0] + 'px';\n\t\t\t\t\t\t\tel.style.height = max_wh[1] + 'px';\n\t\t\t\t\t\t\tel.classList.add( 'fixed-size' );\n\t\t\t\t\t\t}\n\t\t\t\t\t\tgoogletag.cmd.push( function() {\n\t\t\t\t\t\t\tFFADS.debug( 'googletag.displaying IC3' );\n\t\t\t\t\t\t\tgoogletag.display( 'IC3' );\n\t\t\t\t\t\t} );\n\t\t\t\t\t}\n\t\t\t\t\telse {\n\t\t\t\t\t\tdocument.querySelector( '#IC3-ad' ).style.display = 'none';}\n\t\t\t\t<\/script><\/div>\n<\/div>\n<p style=\"color: #0e101a; background: transparent; margin-top: 0pt; margin-bottom: 0pt;\"><span style=\"background: transparent; margin-top: 0pt; margin-bottom: 0pt;\" data-preserver-spaces=\"true\">\u201eDie Ank\u00fcndigung, dass der Senat aktiv wird, dient dazu, die Opfer von Uvalde und die viel zu vielen, die vor ihnen kamen, zu ehren.  Seit fast zehn Jahren haben wir f\u00fcr vern\u00fcnftige Waffengesetze in unserem Bundesstaat gek\u00e4mpft, und diese Arbeit wird fortgesetzt, w\u00e4hrend wir die Gesetzgeber auffordern, auf diesen Fortschritten aufzubauen, um sinnvolle \u00c4nderungen zum Schutz unserer Gemeinschaften zu erlassen\u201c, f\u00fcgte sie hinzu.<\/span><\/p>\n<p style=\"color: #0e101a; background: transparent; margin-top: 0pt; margin-bottom: 0pt;\"><span style=\"background: transparent; margin-top: 0pt; margin-bottom: 0pt;\" data-preserver-spaces=\"true\">Viele Bef\u00fcrworter des zweiten Verfassungszusatzes im ganzen Land <\/span><span style=\"background: transparent; margin-top: 0pt; margin-bottom: 0pt;\" data-preserver-spaces=\"true\">wehren sich gegen solche Ma\u00dfnahmen<\/span><span style=\"background: transparent; margin-top: 0pt; margin-bottom: 0pt;\" data-preserver-spaces=\"true\">mit der Behauptung, dass die vorgeschlagene Gesetzgebung zum Schutz von Waffen das Recht gesetzestreuer B\u00fcrger verletzen k\u00f6nnte, Waffen zu tragen.<\/span><\/p>\n<p class=\"article-extras related\">\n<strong>VERBUNDEN:<\/strong> Die IRS kauft Munition auf, w\u00e4hrend die Regierung beabsichtigt, es den B\u00fcrgern schwerer zu machen, sie zu erwerben\n<\/p>\n<p style=\"color: #0e101a; background: transparent; margin-top: 0pt; margin-bottom: 0pt;\"><span style=\"background: transparent; margin-top: 0pt; margin-bottom: 0pt;\" data-preserver-spaces=\"true\">Austin ist nicht der einzige Ort, an dem in Betracht gezogen wird, das Alter f\u00fcr den Kauf von Gewehren im AR-15-Stil anzuheben.  Am Dienstag, Rhode Island State Legislative <\/span><span style=\"background: transparent; margin-top: 0pt; margin-bottom: 0pt;\" data-preserver-spaces=\"true\">bestanden<\/span><span style=\"background: transparent; margin-top: 0pt; margin-bottom: 0pt;\" data-preserver-spaces=\"true\"> ein Gesetz, das den Verkauf von Waffen und Munition an Personen unter 21 Jahren verbietet.  Letzte Woche hat die neue Gouverneurin von Tork, Kathy Hochul, <\/span><span style=\"background: transparent; margin-top: 0pt; margin-bottom: 0pt;\" data-preserver-spaces=\"true\">eine Ma\u00dfnahme unterzeichnet<\/span><span style=\"background: transparent; margin-top: 0pt; margin-bottom: 0pt;\" data-preserver-spaces=\"true\"> Anhebung des gesetzlichen Mindestalters f\u00fcr den Kauf solcher Waffen von 18 auf 21 Jahre. <\/span><\/p>\n<p class=\"article-ask\"><span class=\"ask\"><script>\n  if( getParameterByName( \"utm_source\" ) == \"testpage\" ) {\n    !function(e,t,a,n,g){e[n]=e[n]||[],e[n].push({\"gtm.start\":(new Date).getTime(),event:\"gtm.js\"});var m=t.getElementsByTagName(a)[0],r=t.createElement(a);r.async=!0,r.src=\"https:\/\/www.googletagmanager.com\/gtm.js?id=GTM-PL4PD49\",m.parentNode.insertBefore(r,m)}(window.parent,window.parent.document,\"script\",\"dataLayer\");\n    var iframe=window.parent.document.createElement(\"iframe\");iframe.src=\"https:\/\/www.googletagmanager.com\/ns.html?id=GTM-PL4PD49\";iframe.height=\"0\";iframe.width=\"0\";iframe.style=\"display:none;visibility:hidden\";window.parent.document.body.appendChild(iframe);\n    window.parent[\"$$mm-analytics\"] = window.parent[\"$$mm-analytics\"] || {};if (typeof window.parent[\"$$mm-analytics\"].firstEmbed === \"undefined\") {window.parent[\"$$mm-analytics\"].firstEmbed = Date.now();}\n    let as1 = document.createElement( \"script\" );\n    as1.src = \"https:\/\/bucket1.mm-syringe.com\/prod\/configs\/ee2300c8-43d2-7f0b-dac0-40aaf31c9d3d.js\";\n    document.body.appendChild( as1 );\n    let as2 = document.createElement( \"script\" );\n    as2.src = \"https:\/\/bucket1.mm-syringe.com\/prod\/injector\/injector.1.5.3.js\";\n    document.body.appendChild( as2 );\n  }\n<\/script><\/p>\n<div class=\"apester-media\" data-token=\"5f10a39f94902bc81d3d59a7\" data-context=\"true\" data-tags=\"\" data-fallback=\"true\" height=\"350\"><\/div>\n<p><script id=\"apester_script\" src=\"https:\/\/static.apester.com\/js\/sdk\/latest\/apester-sdk.js\" async><\/script><script async src=\"https:\/\/www.googletagmanager.com\/gtag\/js?id=G-EFE91RJVSQ\"><\/script><script>\n  window.dataLayer = window.dataLayer || [];\n  function gtag(){dataLayer.push(arguments);}\n  gtag(\\\\\\'js\\\\\\', new Date());\n  gtag(\\\\\\'config\\\\\\', \\\\\\'G-EFE91RJVSQ\\\\\\');\n<\/script><script type=\"text\/javascript\">\n\tfunction e(e){var t=!(arguments.length>1&&void 0!==arguments[1])||arguments[1],c=document.createElement(\"script\");c.src=e,t?c.type=\"module\":(c.async=!0,c.type=\"text\/javascript\",c.setAttribute(\"nomodule\",\"\"));var n=document.getElementsByTagName(\"script\")[0];n.parentNode.insertBefore(c,n)}function t(t,c,n){var a,o,r;null!==(a=t.marfeel)&&void 0!==a||(t.marfeel={}),null!==(o=(r=t.marfeel).cmd)&&void 0!==o||(r.cmd=[]),t.marfeel.config=n,t.marfeel.config.accountId=c;var i=\"https:\/\/sdk.mrf.io\/statics\";e(\"\".concat(i,\"\/marfeel-sdk.js?id=\").concat(c),!0),e(\"\".concat(i,\"\/marfeel-sdk.es5.js?id=\").concat(c),!1)}!function(e,c){var n=arguments.length>2&&void 0!==arguments[2]?arguments[2]:{};t(e,c,n)}(window,1573,{} \/*config*\/);\n<\/script><\/span><\/p>\n<\/div>\n<p><br \/>\n<br \/><a href=\"https:\/\/www.thegatewaypundit.com\/2022\/06\/austin-seeks-raise-legal-age-purchase-ar-15-style-weapons\/\">Source link <\/a><\/p>\n","protected":false},"excerpt":{"rendered":"<p>Austin, Texas, schloss sich einer wachsenden Zahl von St\u00e4dten im ganzen Land an, um das Mindestalter f\u00fcr den Kauf eines Sturmgewehrs von 18 auf 21 anzuheben. Der Stadtrat stimmte am Freitag f\u00fcr einen Beschluss, der zu einer Anhebung der Altersanforderungen f\u00fchren w\u00fcrde. Laut der lokalen Fox News-Tochterwurde die Genehmigung in das Sitzungsprotokoll des Austin City [&hellip;]<\/p>\n","protected":false},"author":5,"featured_media":11473,"comment_status":"open","ping_status":"open","sticky":false,"template":"","format":"standard","meta":{"wp_automatic_camp":["1161"],"d461a225b44b2628f3c22d46a9c996fe":["Austin versucht, das gesetzliche Mindestalter f\u00fcr den Kauf von Waffen im AR-15-Stil anzuheben\n"],"original_link":["https:\/\/www.thegatewaypundit.com\/2022\/06\/austin-seeks-raise-legal-age-purchase-ar-15-style-weapons\/"],"_thumbnail_id":["11473"],"wp_automatic_remove_first_image":["yes"],"jnews_social_counter_last_update":["1777799568"]},"categories":[25],"tags":[25149,25244,2485,427,48,221,23673,4260,23471,47,50,1023],"yoast_head":"<!-- This site is optimized with the Yoast SEO Premium plugin v22.7 (Yoast SEO v22.7) - https:\/\/yoast.com\/wordpress\/plugins\/seo\/ -->\n<title>Austin versucht, das gesetzliche Mindestalter f\u00fcr den Kauf von Waffen im AR-15-Stil anzuheben - just-now.NEWS Deutschland<\/title>\n<meta name=\"robots\" content=\"index, follow, max-snippet:-1, max-image-preview:large, max-video-preview:-1\" \/>\n<link rel=\"canonical\" href=\"https:\/\/now-news.de\/de\/usa\/austin-versucht-das-gesetzliche-mindestalter-fuer-den-kauf-von-waffen-im-ar-15-stil-anzuheben\/\" \/>\n<meta property=\"og:locale\" content=\"de_DE\" \/>\n<meta property=\"og:type\" content=\"article\" \/>\n<meta property=\"og:title\" content=\"Austin versucht, das gesetzliche Mindestalter f\u00fcr den Kauf von Waffen im AR-15-Stil anzuheben\" \/>\n<meta property=\"og:description\" content=\"Austin, Texas, schloss sich einer wachsenden Zahl von St\u00e4dten im ganzen Land an, um das Mindestalter f\u00fcr den Kauf eines Sturmgewehrs von 18 auf 21 anzuheben. Der Stadtrat stimmte am Freitag f\u00fcr einen Beschluss, der zu einer Anhebung der Altersanforderungen f\u00fchren w\u00fcrde. Laut der lokalen Fox News-Tochterwurde die Genehmigung in das Sitzungsprotokoll des Austin City [&hellip;]\" \/>\n<meta property=\"og:url\" content=\"https:\/\/now-news.de\/de\/usa\/austin-versucht-das-gesetzliche-mindestalter-fuer-den-kauf-von-waffen-im-ar-15-stil-anzuheben\/\" \/>\n<meta property=\"og:site_name\" content=\"just-now.NEWS Deutschland\" \/>\n<meta property=\"article:publisher\" content=\"https:\/\/www.facebook.com\/wirmachenauf\" \/>\n<meta property=\"article:published_time\" content=\"2022-06-21T03:30:00+00:00\" \/>\n<meta property=\"og:image\" content=\"https:\/\/now-news.de\/de\/wp-content\/uploads\/sites\/3\/2022\/06\/Austin-versucht-das-gesetzliche-Mindestalter-fuer-den-Kauf-von-Waffen.jpg\" \/>\n\t<meta property=\"og:image:width\" content=\"880\" \/>\n\t<meta property=\"og:image:height\" content=\"495\" \/>\n\t<meta property=\"og:image:type\" content=\"image\/jpeg\" \/>\n<meta name=\"author\" content=\"greatreset\" \/>\n<meta name=\"twitter:card\" content=\"summary_large_image\" \/>\n<meta name=\"twitter:creator\" content=\"@WirMachenAuf_de\" \/>\n<meta name=\"twitter:site\" content=\"@WirMachenAuf_de\" \/>\n<meta name=\"twitter:label1\" content=\"Verfasst von\" \/>\n\t<meta name=\"twitter:data1\" content=\"greatreset\" \/>\n\t<meta name=\"twitter:label2\" content=\"Gesch\u00e4tzte Lesezeit\" \/>\n\t<meta name=\"twitter:data2\" content=\"3\u00a0Minuten\" \/>\n<script type=\"application\/ld+json\" class=\"yoast-schema-graph\">{\"@context\":\"https:\/\/schema.org\",\"@graph\":[{\"@type\":\"Article\",\"@id\":\"https:\/\/now-news.de\/de\/usa\/austin-versucht-das-gesetzliche-mindestalter-fuer-den-kauf-von-waffen-im-ar-15-stil-anzuheben\/#article\",\"isPartOf\":{\"@id\":\"https:\/\/now-news.de\/de\/usa\/austin-versucht-das-gesetzliche-mindestalter-fuer-den-kauf-von-waffen-im-ar-15-stil-anzuheben\/\"},\"author\":{\"name\":\"greatreset\",\"@id\":\"https:\/\/now-news.de\/de\/#\/schema\/person\/8afb4cd92b68572db7902c13a349ffcb\"},\"headline\":\"Austin versucht, das gesetzliche Mindestalter f\u00fcr den Kauf von Waffen im AR-15-Stil anzuheben\",\"datePublished\":\"2022-06-21T03:30:00+00:00\",\"dateModified\":\"2022-06-21T03:30:00+00:00\",\"mainEntityOfPage\":{\"@id\":\"https:\/\/now-news.de\/de\/usa\/austin-versucht-das-gesetzliche-mindestalter-fuer-den-kauf-von-waffen-im-ar-15-stil-anzuheben\/\"},\"wordCount\":600,\"commentCount\":0,\"publisher\":{\"@id\":\"https:\/\/now-news.de\/de\/#organization\"},\"image\":{\"@id\":\"https:\/\/now-news.de\/de\/usa\/austin-versucht-das-gesetzliche-mindestalter-fuer-den-kauf-von-waffen-im-ar-15-stil-anzuheben\/#primaryimage\"},\"thumbnailUrl\":\"https:\/\/now-news.de\/de\/wp-content\/uploads\/sites\/3\/2022\/06\/Austin-versucht-das-gesetzliche-Mindestalter-fuer-den-Kauf-von-Waffen.jpg\",\"keywords\":[\"anzuheben\",\"AR15Stil\",\"austin\",\"das\",\"den\",\"f\u00fcr\",\"Gesetzliche\",\"Kauf\",\"Mindestalter\",\"versucht\",\"von\",\"Waffen\"],\"articleSection\":[\"USA\"],\"inLanguage\":\"de\",\"potentialAction\":[{\"@type\":\"CommentAction\",\"name\":\"Comment\",\"target\":[\"https:\/\/now-news.de\/de\/usa\/austin-versucht-das-gesetzliche-mindestalter-fuer-den-kauf-von-waffen-im-ar-15-stil-anzuheben\/#respond\"]}]},{\"@type\":\"WebPage\",\"@id\":\"https:\/\/now-news.de\/de\/usa\/austin-versucht-das-gesetzliche-mindestalter-fuer-den-kauf-von-waffen-im-ar-15-stil-anzuheben\/\",\"url\":\"https:\/\/now-news.de\/de\/usa\/austin-versucht-das-gesetzliche-mindestalter-fuer-den-kauf-von-waffen-im-ar-15-stil-anzuheben\/\",\"name\":\"Austin versucht, das gesetzliche Mindestalter f\u00fcr den Kauf von Waffen im AR-15-Stil anzuheben - just-now.NEWS Deutschland\",\"isPartOf\":{\"@id\":\"https:\/\/now-news.de\/de\/#website\"},\"primaryImageOfPage\":{\"@id\":\"https:\/\/now-news.de\/de\/usa\/austin-versucht-das-gesetzliche-mindestalter-fuer-den-kauf-von-waffen-im-ar-15-stil-anzuheben\/#primaryimage\"},\"image\":{\"@id\":\"https:\/\/now-news.de\/de\/usa\/austin-versucht-das-gesetzliche-mindestalter-fuer-den-kauf-von-waffen-im-ar-15-stil-anzuheben\/#primaryimage\"},\"thumbnailUrl\":\"https:\/\/now-news.de\/de\/wp-content\/uploads\/sites\/3\/2022\/06\/Austin-versucht-das-gesetzliche-Mindestalter-fuer-den-Kauf-von-Waffen.jpg\",\"datePublished\":\"2022-06-21T03:30:00+00:00\",\"dateModified\":\"2022-06-21T03:30:00+00:00\",\"breadcrumb\":{\"@id\":\"https:\/\/now-news.de\/de\/usa\/austin-versucht-das-gesetzliche-mindestalter-fuer-den-kauf-von-waffen-im-ar-15-stil-anzuheben\/#breadcrumb\"},\"inLanguage\":\"de\",\"potentialAction\":[{\"@type\":\"ReadAction\",\"target\":[\"https:\/\/now-news.de\/de\/usa\/austin-versucht-das-gesetzliche-mindestalter-fuer-den-kauf-von-waffen-im-ar-15-stil-anzuheben\/\"]}]},{\"@type\":\"ImageObject\",\"inLanguage\":\"de\",\"@id\":\"https:\/\/now-news.de\/de\/usa\/austin-versucht-das-gesetzliche-mindestalter-fuer-den-kauf-von-waffen-im-ar-15-stil-anzuheben\/#primaryimage\",\"url\":\"https:\/\/now-news.de\/de\/wp-content\/uploads\/sites\/3\/2022\/06\/Austin-versucht-das-gesetzliche-Mindestalter-fuer-den-Kauf-von-Waffen.jpg\",\"contentUrl\":\"https:\/\/now-news.de\/de\/wp-content\/uploads\/sites\/3\/2022\/06\/Austin-versucht-das-gesetzliche-Mindestalter-fuer-den-Kauf-von-Waffen.jpg\",\"width\":880,\"height\":495},{\"@type\":\"BreadcrumbList\",\"@id\":\"https:\/\/now-news.de\/de\/usa\/austin-versucht-das-gesetzliche-mindestalter-fuer-den-kauf-von-waffen-im-ar-15-stil-anzuheben\/#breadcrumb\",\"itemListElement\":[{\"@type\":\"ListItem\",\"position\":1,\"name\":\"Home\",\"item\":\"https:\/\/now-news.de\/de\/\"},{\"@type\":\"ListItem\",\"position\":2,\"name\":\"Austin versucht, das gesetzliche Mindestalter f\u00fcr den Kauf von Waffen im AR-15-Stil anzuheben\"}]},{\"@type\":\"WebSite\",\"@id\":\"https:\/\/now-news.de\/de\/#website\",\"url\":\"https:\/\/now-news.de\/de\/\",\"name\":\"just-now.NEWS Deutschland\",\"description\":\"Das Portal f\u00fcr unzensierte Nachrichten aus der Welt\",\"publisher\":{\"@id\":\"https:\/\/now-news.de\/de\/#organization\"},\"potentialAction\":[{\"@type\":\"SearchAction\",\"target\":{\"@type\":\"EntryPoint\",\"urlTemplate\":\"https:\/\/now-news.de\/de\/?s={search_term_string}\"},\"query-input\":\"required name=search_term_string\"}],\"inLanguage\":\"de\"},{\"@type\":\"Organization\",\"@id\":\"https:\/\/now-news.de\/de\/#organization\",\"name\":\"Just Now News\",\"url\":\"https:\/\/now-news.de\/de\/\",\"logo\":{\"@type\":\"ImageObject\",\"inLanguage\":\"de\",\"@id\":\"https:\/\/now-news.de\/de\/#\/schema\/logo\/image\/\",\"url\":\"http:\/\/just-now.news\/de\/wp-content\/uploads\/sites\/3\/2022\/04\/logo500x500.jpg\",\"contentUrl\":\"http:\/\/just-now.news\/de\/wp-content\/uploads\/sites\/3\/2022\/04\/logo500x500.jpg\",\"width\":500,\"height\":500,\"caption\":\"Just Now News\"},\"image\":{\"@id\":\"https:\/\/now-news.de\/de\/#\/schema\/logo\/image\/\"},\"sameAs\":[\"https:\/\/www.facebook.com\/wirmachenauf\",\"https:\/\/x.com\/WirMachenAuf_de\"]},{\"@type\":\"Person\",\"@id\":\"https:\/\/now-news.de\/de\/#\/schema\/person\/8afb4cd92b68572db7902c13a349ffcb\",\"name\":\"greatreset\",\"image\":{\"@type\":\"ImageObject\",\"inLanguage\":\"de\",\"@id\":\"https:\/\/now-news.de\/de\/#\/schema\/person\/image\/\",\"url\":\"https:\/\/secure.gravatar.com\/avatar\/a088df625d49991c090e78c8b9542592?s=96&d=mm&r=g\",\"contentUrl\":\"https:\/\/secure.gravatar.com\/avatar\/a088df625d49991c090e78c8b9542592?s=96&d=mm&r=g\",\"caption\":\"greatreset\"},\"url\":\"https:\/\/now-news.de\/de\/author\/greatreset\/\"}]}<\/script>\n<!-- \/ Yoast SEO Premium plugin. -->","yoast_head_json":{"title":"Austin versucht, das gesetzliche Mindestalter f\u00fcr den Kauf von Waffen im AR-15-Stil anzuheben - just-now.NEWS Deutschland","robots":{"index":"index","follow":"follow","max-snippet":"max-snippet:-1","max-image-preview":"max-image-preview:large","max-video-preview":"max-video-preview:-1"},"canonical":"https:\/\/now-news.de\/de\/usa\/austin-versucht-das-gesetzliche-mindestalter-fuer-den-kauf-von-waffen-im-ar-15-stil-anzuheben\/","og_locale":"de_DE","og_type":"article","og_title":"Austin versucht, das gesetzliche Mindestalter f\u00fcr den Kauf von Waffen im AR-15-Stil anzuheben","og_description":"Austin, Texas, schloss sich einer wachsenden Zahl von St\u00e4dten im ganzen Land an, um das Mindestalter f\u00fcr den Kauf eines Sturmgewehrs von 18 auf 21 anzuheben. Der Stadtrat stimmte am Freitag f\u00fcr einen Beschluss, der zu einer Anhebung der Altersanforderungen f\u00fchren w\u00fcrde. Laut der lokalen Fox News-Tochterwurde die Genehmigung in das Sitzungsprotokoll des Austin City [&hellip;]","og_url":"https:\/\/now-news.de\/de\/usa\/austin-versucht-das-gesetzliche-mindestalter-fuer-den-kauf-von-waffen-im-ar-15-stil-anzuheben\/","og_site_name":"just-now.NEWS Deutschland","article_publisher":"https:\/\/www.facebook.com\/wirmachenauf","article_published_time":"2022-06-21T03:30:00+00:00","og_image":[{"width":880,"height":495,"url":"https:\/\/now-news.de\/de\/wp-content\/uploads\/sites\/3\/2022\/06\/Austin-versucht-das-gesetzliche-Mindestalter-fuer-den-Kauf-von-Waffen.jpg","type":"image\/jpeg"}],"author":"greatreset","twitter_card":"summary_large_image","twitter_creator":"@WirMachenAuf_de","twitter_site":"@WirMachenAuf_de","twitter_misc":{"Verfasst von":"greatreset","Gesch\u00e4tzte Lesezeit":"3\u00a0Minuten"},"schema":{"@context":"https:\/\/schema.org","@graph":[{"@type":"Article","@id":"https:\/\/now-news.de\/de\/usa\/austin-versucht-das-gesetzliche-mindestalter-fuer-den-kauf-von-waffen-im-ar-15-stil-anzuheben\/#article","isPartOf":{"@id":"https:\/\/now-news.de\/de\/usa\/austin-versucht-das-gesetzliche-mindestalter-fuer-den-kauf-von-waffen-im-ar-15-stil-anzuheben\/"},"author":{"name":"greatreset","@id":"https:\/\/now-news.de\/de\/#\/schema\/person\/8afb4cd92b68572db7902c13a349ffcb"},"headline":"Austin versucht, das gesetzliche Mindestalter f\u00fcr den Kauf von Waffen im AR-15-Stil anzuheben","datePublished":"2022-06-21T03:30:00+00:00","dateModified":"2022-06-21T03:30:00+00:00","mainEntityOfPage":{"@id":"https:\/\/now-news.de\/de\/usa\/austin-versucht-das-gesetzliche-mindestalter-fuer-den-kauf-von-waffen-im-ar-15-stil-anzuheben\/"},"wordCount":600,"commentCount":0,"publisher":{"@id":"https:\/\/now-news.de\/de\/#organization"},"image":{"@id":"https:\/\/now-news.de\/de\/usa\/austin-versucht-das-gesetzliche-mindestalter-fuer-den-kauf-von-waffen-im-ar-15-stil-anzuheben\/#primaryimage"},"thumbnailUrl":"https:\/\/now-news.de\/de\/wp-content\/uploads\/sites\/3\/2022\/06\/Austin-versucht-das-gesetzliche-Mindestalter-fuer-den-Kauf-von-Waffen.jpg","keywords":["anzuheben","AR15Stil","austin","das","den","f\u00fcr","Gesetzliche","Kauf","Mindestalter","versucht","von","Waffen"],"articleSection":["USA"],"inLanguage":"de","potentialAction":[{"@type":"CommentAction","name":"Comment","target":["https:\/\/now-news.de\/de\/usa\/austin-versucht-das-gesetzliche-mindestalter-fuer-den-kauf-von-waffen-im-ar-15-stil-anzuheben\/#respond"]}]},{"@type":"WebPage","@id":"https:\/\/now-news.de\/de\/usa\/austin-versucht-das-gesetzliche-mindestalter-fuer-den-kauf-von-waffen-im-ar-15-stil-anzuheben\/","url":"https:\/\/now-news.de\/de\/usa\/austin-versucht-das-gesetzliche-mindestalter-fuer-den-kauf-von-waffen-im-ar-15-stil-anzuheben\/","name":"Austin versucht, das gesetzliche Mindestalter f\u00fcr den Kauf von Waffen im AR-15-Stil anzuheben - just-now.NEWS Deutschland","isPartOf":{"@id":"https:\/\/now-news.de\/de\/#website"},"primaryImageOfPage":{"@id":"https:\/\/now-news.de\/de\/usa\/austin-versucht-das-gesetzliche-mindestalter-fuer-den-kauf-von-waffen-im-ar-15-stil-anzuheben\/#primaryimage"},"image":{"@id":"https:\/\/now-news.de\/de\/usa\/austin-versucht-das-gesetzliche-mindestalter-fuer-den-kauf-von-waffen-im-ar-15-stil-anzuheben\/#primaryimage"},"thumbnailUrl":"https:\/\/now-news.de\/de\/wp-content\/uploads\/sites\/3\/2022\/06\/Austin-versucht-das-gesetzliche-Mindestalter-fuer-den-Kauf-von-Waffen.jpg","datePublished":"2022-06-21T03:30:00+00:00","dateModified":"2022-06-21T03:30:00+00:00","breadcrumb":{"@id":"https:\/\/now-news.de\/de\/usa\/austin-versucht-das-gesetzliche-mindestalter-fuer-den-kauf-von-waffen-im-ar-15-stil-anzuheben\/#breadcrumb"},"inLanguage":"de","potentialAction":[{"@type":"ReadAction","target":["https:\/\/now-news.de\/de\/usa\/austin-versucht-das-gesetzliche-mindestalter-fuer-den-kauf-von-waffen-im-ar-15-stil-anzuheben\/"]}]},{"@type":"ImageObject","inLanguage":"de","@id":"https:\/\/now-news.de\/de\/usa\/austin-versucht-das-gesetzliche-mindestalter-fuer-den-kauf-von-waffen-im-ar-15-stil-anzuheben\/#primaryimage","url":"https:\/\/now-news.de\/de\/wp-content\/uploads\/sites\/3\/2022\/06\/Austin-versucht-das-gesetzliche-Mindestalter-fuer-den-Kauf-von-Waffen.jpg","contentUrl":"https:\/\/now-news.de\/de\/wp-content\/uploads\/sites\/3\/2022\/06\/Austin-versucht-das-gesetzliche-Mindestalter-fuer-den-Kauf-von-Waffen.jpg","width":880,"height":495},{"@type":"BreadcrumbList","@id":"https:\/\/now-news.de\/de\/usa\/austin-versucht-das-gesetzliche-mindestalter-fuer-den-kauf-von-waffen-im-ar-15-stil-anzuheben\/#breadcrumb","itemListElement":[{"@type":"ListItem","position":1,"name":"Home","item":"https:\/\/now-news.de\/de\/"},{"@type":"ListItem","position":2,"name":"Austin versucht, das gesetzliche Mindestalter f\u00fcr den Kauf von Waffen im AR-15-Stil anzuheben"}]},{"@type":"WebSite","@id":"https:\/\/now-news.de\/de\/#website","url":"https:\/\/now-news.de\/de\/","name":"just-now.NEWS Deutschland","description":"Das Portal f\u00fcr unzensierte Nachrichten aus der Welt","publisher":{"@id":"https:\/\/now-news.de\/de\/#organization"},"potentialAction":[{"@type":"SearchAction","target":{"@type":"EntryPoint","urlTemplate":"https:\/\/now-news.de\/de\/?s={search_term_string}"},"query-input":"required name=search_term_string"}],"inLanguage":"de"},{"@type":"Organization","@id":"https:\/\/now-news.de\/de\/#organization","name":"Just Now News","url":"https:\/\/now-news.de\/de\/","logo":{"@type":"ImageObject","inLanguage":"de","@id":"https:\/\/now-news.de\/de\/#\/schema\/logo\/image\/","url":"http:\/\/just-now.news\/de\/wp-content\/uploads\/sites\/3\/2022\/04\/logo500x500.jpg","contentUrl":"http:\/\/just-now.news\/de\/wp-content\/uploads\/sites\/3\/2022\/04\/logo500x500.jpg","width":500,"height":500,"caption":"Just Now News"},"image":{"@id":"https:\/\/now-news.de\/de\/#\/schema\/logo\/image\/"},"sameAs":["https:\/\/www.facebook.com\/wirmachenauf","https:\/\/x.com\/WirMachenAuf_de"]},{"@type":"Person","@id":"https:\/\/now-news.de\/de\/#\/schema\/person\/8afb4cd92b68572db7902c13a349ffcb","name":"greatreset","image":{"@type":"ImageObject","inLanguage":"de","@id":"https:\/\/now-news.de\/de\/#\/schema\/person\/image\/","url":"https:\/\/secure.gravatar.com\/avatar\/a088df625d49991c090e78c8b9542592?s=96&d=mm&r=g","contentUrl":"https:\/\/secure.gravatar.com\/avatar\/a088df625d49991c090e78c8b9542592?s=96&d=mm&r=g","caption":"greatreset"},"url":"https:\/\/now-news.de\/de\/author\/greatreset\/"}]}},"_links":{"self":[{"href":"https:\/\/now-news.de\/de\/wp-json\/wp\/v2\/posts\/11472"}],"collection":[{"href":"https:\/\/now-news.de\/de\/wp-json\/wp\/v2\/posts"}],"about":[{"href":"https:\/\/now-news.de\/de\/wp-json\/wp\/v2\/types\/post"}],"author":[{"embeddable":true,"href":"https:\/\/now-news.de\/de\/wp-json\/wp\/v2\/users\/5"}],"replies":[{"embeddable":true,"href":"https:\/\/now-news.de\/de\/wp-json\/wp\/v2\/comments?post=11472"}],"version-history":[{"count":0,"href":"https:\/\/now-news.de\/de\/wp-json\/wp\/v2\/posts\/11472\/revisions"}],"wp:featuredmedia":[{"embeddable":true,"href":"https:\/\/now-news.de\/de\/wp-json\/wp\/v2\/media\/11473"}],"wp:attachment":[{"href":"https:\/\/now-news.de\/de\/wp-json\/wp\/v2\/media?parent=11472"}],"wp:term":[{"taxonomy":"category","embeddable":true,"href":"https:\/\/now-news.de\/de\/wp-json\/wp\/v2\/categories?post=11472"},{"taxonomy":"post_tag","embeddable":true,"href":"https:\/\/now-news.de\/de\/wp-json\/wp\/v2\/tags?post=11472"}],"curies":[{"name":"wp","href":"https:\/\/api.w.org\/{rel}","templated":true}]}}