{"id":11444,"date":"2022-06-20T21:29:06","date_gmt":"2022-06-20T19:29:06","guid":{"rendered":"http:\/\/just-now.news\/de\/deutschland\/facebook-und-instagram-verbot-in-russland-tritt-endgueltig-in-kraft\/"},"modified":"2022-06-20T21:29:06","modified_gmt":"2022-06-20T19:29:06","slug":"facebook-und-instagram-verbot-in-russland-tritt-endgueltig-in-kraft","status":"publish","type":"post","link":"https:\/\/now-news.de\/de\/deutschland\/facebook-und-instagram-verbot-in-russland-tritt-endgueltig-in-kraft\/","title":{"rendered":"Facebook- und Instagram-Verbot in Russland tritt endg\u00fcltig in Kraft"},"content":{"rendered":"<p><img decoding=\"async\" src=\"http:\/\/just-now.news\/de\/wp-content\/uploads\/sites\/3\/2022\/06\/62b0977c48fbef1fa671846a.jpg\" \/><\/p>\n<div class=\"Text-root Text-type_1 \">\n                Heute ist die Anerkennung von Meta als extremistisch und das daraus resultierende Verbot von Facebook und Instagram in Russland in Kraft getreten. Das Unternehmen hatte Zeit, gegen das Urteil vom M\u00e4rz Berufung einzulegen, hat dies aber nicht getan.\n            <\/div>\n<p><\/p>\n<div class=\"Text-root Text-type_5 ArticleView-text ViewText-root \">\n<p>Das Moskauer Stadtgericht hat einen Einspruch gegen das Verbot von Facebook und Instagram in Russland und die Anerkennung von Meta-Produkten als extremistisch abgelehnt. Das Verbot ist nun endg\u00fcltig in Kraft getreten. Dies teilte der Pressedienst des Gerichts mit:<strong><em><\/em><\/strong><\/p>\n<blockquote>\n<p><em>&#8220;Die Entscheidung des Bezirksgerichts Twerskoi wurde ohne \u00c4nderung eingestellt, die Beschwerde ohne Befriedigung.&#8221;<\/em><\/p>\n<\/blockquote>\n<p>Facebook ist in Russland seit dem 4. M\u00e4rz gesperrt, Instagram seit dem 14. M\u00e4rz, und am 21. M\u00e4rz befand das Gericht in Moskau das soziale Netzwerk als extremistisch und verbot es in Russland. Das Unternehmen hatte jedoch auch danach noch das Recht, Einspruch zu erheben.<\/p>\n<p>Das Verbot von Metas Social-Networking-Seiten war eine Reaktion auf ein internes Schreiben des Unternehmens, in dem es hie\u00df, dass es das Verbot f\u00fcr Einwohner einer Reihe von L\u00e4ndern, Informationen zu ver\u00f6ffentlichen, die zu Gewalt gegen russische B\u00fcrger, einschlie\u00dflich Angeh\u00f6rige der Streitkr\u00e4fte, aufstacheln, vor\u00fcbergehend aufhebt.<\/p>\n<p>Das US-Unternehmen stellte sp\u00e4ter klar, dass es nicht darum ging, Gewaltaufrufe gegen alle Russen zuzulassen, sondern nur um emotionale \u00c4u\u00dferungen \u00fcber russische Soldaten und Beamte im Zusammenhang mit der Milit\u00e4raktion in der Ukraine. Meta-Sprecher Andy Stone ver\u00f6ffentlichte einen Screenshot des Newsletters, aus dem hervorging, dass das Unternehmen &#8220;vor\u00fcbergehend Formen der politischen Meinungs\u00e4u\u00dferung zugelassen hat, die normalerweise gegen das Verbot von Gewaltaufrufen versto\u00dfen w\u00fcrden&#8221;. Das soziale Netzwerk Meta gehe nun davon aus, dass Nutzer aus Russland und der Ukraine sowie aus Armenien, Aserbaidschan, Estland, Georgien, Ungarn, Lettland, Litauen, Polen, Rum\u00e4nien und der Slowakei zu Gewalt gegen russische Soldaten aufrufen d\u00fcrfen.<\/p>\n<p>Am 11. M\u00e4rz war die Generalstaatsanwaltschaft Russlands vor Gericht gezogen, um Meta zu einer extremistischen Organisation zu erkl\u00e4ren, w\u00e4hrend das Ermittlungskomitee wegen der Handlungen ihrer Leitung Strafverfahren unter den Artikeln &#8220;Propaganda des Terrorismus&#8221; und &#8220;Aufstachelung zu Hass und Feindseligkeit unter Androhung von Gewalt&#8221; eingeleitet hatte.<\/p>\n<p>Trotz des Verbots von Facebook und Instagram wurde ein anderes Meta-Produkt, der Messenger WhatsApp, in Russland bislang nicht verboten.<\/p>\n<p><strong>Mehr zum Thema<\/strong> &#8211; <a rel=\"nofollow noopener\" target=\"_blank\" href=\"https:\/\/de.rt.com\/russland\/134313-extremistische-organisation-russland-verbietet-facebook\/\">&#8220;Extremistische Organisation&#8221;: Russland verbietet Facebook-Konzern Meta<\/a><\/p>\n<\/div>\n<p><br \/>\n<br \/><a href=\"https:\/\/de.rt.com\/russland\/141534-facebook-und-instagram-verbot-in-russland-tritt-endgueltig-in-kraft\/\">Source link <\/a><\/p>\n","protected":false},"excerpt":{"rendered":"<p>Heute ist die Anerkennung von Meta als extremistisch und das daraus resultierende Verbot von Facebook und Instagram in Russland in Kraft getreten. Das Unternehmen hatte Zeit, gegen das Urteil vom M\u00e4rz Berufung einzulegen, hat dies aber nicht getan. Das Moskauer Stadtgericht hat einen Einspruch gegen das Verbot von Facebook und Instagram in Russland und die [&hellip;]<\/p>\n","protected":false},"author":3,"featured_media":11445,"comment_status":"open","ping_status":"open","sticky":false,"template":"","format":"standard","meta":{"wp_automatic_camp":["217"],"ae44f00c49d041d877f1523f8ed35d05":["Facebook- und Instagram-Verbot in Russland tritt endg\u00fcltig in Kraft"],"original_link":["https:\/\/de.rt.com\/russland\/141534-facebook-und-instagram-verbot-in-russland-tritt-endgueltig-in-kraft\/"],"_thumbnail_id":["11445"],"_wptg_p2tg_sent2tg":["2022-06-20 21:41:40"],"jnews_social_counter_last_update":["1777627618"]},"categories":[19,23],"tags":[25207,2572,25206,13722,126,3470,140],"yoast_head":"<!-- This site is optimized with the Yoast SEO Premium plugin v22.7 (Yoast SEO v22.7) - https:\/\/yoast.com\/wordpress\/plugins\/seo\/ -->\n<title>Facebook- und Instagram-Verbot in Russland tritt endg\u00fcltig in Kraft - just-now.NEWS Deutschland<\/title>\n<meta name=\"robots\" content=\"index, follow, max-snippet:-1, max-image-preview:large, max-video-preview:-1\" \/>\n<link rel=\"canonical\" href=\"https:\/\/now-news.de\/de\/deutschland\/facebook-und-instagram-verbot-in-russland-tritt-endgueltig-in-kraft\/\" \/>\n<meta property=\"og:locale\" content=\"de_DE\" \/>\n<meta property=\"og:type\" content=\"article\" \/>\n<meta property=\"og:title\" content=\"Facebook- und Instagram-Verbot in Russland tritt endg\u00fcltig in Kraft\" \/>\n<meta property=\"og:description\" content=\"Heute ist die Anerkennung von Meta als extremistisch und das daraus resultierende Verbot von Facebook und Instagram in Russland in Kraft getreten. Das Unternehmen hatte Zeit, gegen das Urteil vom M\u00e4rz Berufung einzulegen, hat dies aber nicht getan. Das Moskauer Stadtgericht hat einen Einspruch gegen das Verbot von Facebook und Instagram in Russland und die [&hellip;]\" \/>\n<meta property=\"og:url\" content=\"https:\/\/now-news.de\/de\/deutschland\/facebook-und-instagram-verbot-in-russland-tritt-endgueltig-in-kraft\/\" \/>\n<meta property=\"og:site_name\" content=\"just-now.NEWS Deutschland\" \/>\n<meta property=\"article:publisher\" content=\"https:\/\/www.facebook.com\/wirmachenauf\" \/>\n<meta property=\"article:published_time\" content=\"2022-06-20T19:29:06+00:00\" \/>\n<meta property=\"og:image\" content=\"https:\/\/now-news.de\/de\/wp-content\/uploads\/sites\/3\/2022\/06\/Facebook-und-Instagram-Verbot-in-Russland-tritt-endgueltig-in-Kraft.jpg\" \/>\n\t<meta property=\"og:image:width\" content=\"460\" \/>\n\t<meta property=\"og:image:height\" content=\"259\" \/>\n\t<meta property=\"og:image:type\" content=\"image\/jpeg\" \/>\n<meta name=\"author\" content=\"rtnews\" \/>\n<meta name=\"twitter:card\" content=\"summary_large_image\" \/>\n<meta name=\"twitter:creator\" content=\"@WirMachenAuf_de\" \/>\n<meta name=\"twitter:site\" content=\"@WirMachenAuf_de\" \/>\n<meta name=\"twitter:label1\" content=\"Verfasst von\" \/>\n\t<meta name=\"twitter:data1\" content=\"rtnews\" \/>\n\t<meta name=\"twitter:label2\" content=\"Gesch\u00e4tzte Lesezeit\" \/>\n\t<meta name=\"twitter:data2\" content=\"2\u00a0Minuten\" \/>\n<script type=\"application\/ld+json\" class=\"yoast-schema-graph\">{\"@context\":\"https:\/\/schema.org\",\"@graph\":[{\"@type\":\"Article\",\"@id\":\"https:\/\/now-news.de\/de\/deutschland\/facebook-und-instagram-verbot-in-russland-tritt-endgueltig-in-kraft\/#article\",\"isPartOf\":{\"@id\":\"https:\/\/now-news.de\/de\/deutschland\/facebook-und-instagram-verbot-in-russland-tritt-endgueltig-in-kraft\/\"},\"author\":{\"name\":\"rtnews\",\"@id\":\"https:\/\/now-news.de\/de\/#\/schema\/person\/fb534a4e865501d8b3285208df34a9b5\"},\"headline\":\"Facebook- und Instagram-Verbot in Russland tritt endg\u00fcltig in Kraft\",\"datePublished\":\"2022-06-20T19:29:06+00:00\",\"dateModified\":\"2022-06-20T19:29:06+00:00\",\"mainEntityOfPage\":{\"@id\":\"https:\/\/now-news.de\/de\/deutschland\/facebook-und-instagram-verbot-in-russland-tritt-endgueltig-in-kraft\/\"},\"wordCount\":387,\"commentCount\":0,\"publisher\":{\"@id\":\"https:\/\/now-news.de\/de\/#organization\"},\"image\":{\"@id\":\"https:\/\/now-news.de\/de\/deutschland\/facebook-und-instagram-verbot-in-russland-tritt-endgueltig-in-kraft\/#primaryimage\"},\"thumbnailUrl\":\"https:\/\/now-news.de\/de\/wp-content\/uploads\/sites\/3\/2022\/06\/Facebook-und-Instagram-Verbot-in-Russland-tritt-endgueltig-in-Kraft.jpg\",\"keywords\":[\"endg\u00fcltig\",\"Facebook\",\"InstagramVerbot\",\"Kraft\",\"russland\",\"tritt\",\"und\"],\"articleSection\":[\"Deutschland\",\"Russland\"],\"inLanguage\":\"de\",\"potentialAction\":[{\"@type\":\"CommentAction\",\"name\":\"Comment\",\"target\":[\"https:\/\/now-news.de\/de\/deutschland\/facebook-und-instagram-verbot-in-russland-tritt-endgueltig-in-kraft\/#respond\"]}]},{\"@type\":\"WebPage\",\"@id\":\"https:\/\/now-news.de\/de\/deutschland\/facebook-und-instagram-verbot-in-russland-tritt-endgueltig-in-kraft\/\",\"url\":\"https:\/\/now-news.de\/de\/deutschland\/facebook-und-instagram-verbot-in-russland-tritt-endgueltig-in-kraft\/\",\"name\":\"Facebook- und Instagram-Verbot in Russland tritt endg\u00fcltig in Kraft - just-now.NEWS Deutschland\",\"isPartOf\":{\"@id\":\"https:\/\/now-news.de\/de\/#website\"},\"primaryImageOfPage\":{\"@id\":\"https:\/\/now-news.de\/de\/deutschland\/facebook-und-instagram-verbot-in-russland-tritt-endgueltig-in-kraft\/#primaryimage\"},\"image\":{\"@id\":\"https:\/\/now-news.de\/de\/deutschland\/facebook-und-instagram-verbot-in-russland-tritt-endgueltig-in-kraft\/#primaryimage\"},\"thumbnailUrl\":\"https:\/\/now-news.de\/de\/wp-content\/uploads\/sites\/3\/2022\/06\/Facebook-und-Instagram-Verbot-in-Russland-tritt-endgueltig-in-Kraft.jpg\",\"datePublished\":\"2022-06-20T19:29:06+00:00\",\"dateModified\":\"2022-06-20T19:29:06+00:00\",\"breadcrumb\":{\"@id\":\"https:\/\/now-news.de\/de\/deutschland\/facebook-und-instagram-verbot-in-russland-tritt-endgueltig-in-kraft\/#breadcrumb\"},\"inLanguage\":\"de\",\"potentialAction\":[{\"@type\":\"ReadAction\",\"target\":[\"https:\/\/now-news.de\/de\/deutschland\/facebook-und-instagram-verbot-in-russland-tritt-endgueltig-in-kraft\/\"]}]},{\"@type\":\"ImageObject\",\"inLanguage\":\"de\",\"@id\":\"https:\/\/now-news.de\/de\/deutschland\/facebook-und-instagram-verbot-in-russland-tritt-endgueltig-in-kraft\/#primaryimage\",\"url\":\"https:\/\/now-news.de\/de\/wp-content\/uploads\/sites\/3\/2022\/06\/Facebook-und-Instagram-Verbot-in-Russland-tritt-endgueltig-in-Kraft.jpg\",\"contentUrl\":\"https:\/\/now-news.de\/de\/wp-content\/uploads\/sites\/3\/2022\/06\/Facebook-und-Instagram-Verbot-in-Russland-tritt-endgueltig-in-Kraft.jpg\",\"width\":460,\"height\":259,\"caption\":\"Facebook- und Instagram-Verbot in Russland tritt endg\u00fcltig in Kraft\"},{\"@type\":\"BreadcrumbList\",\"@id\":\"https:\/\/now-news.de\/de\/deutschland\/facebook-und-instagram-verbot-in-russland-tritt-endgueltig-in-kraft\/#breadcrumb\",\"itemListElement\":[{\"@type\":\"ListItem\",\"position\":1,\"name\":\"Home\",\"item\":\"https:\/\/now-news.de\/de\/\"},{\"@type\":\"ListItem\",\"position\":2,\"name\":\"Facebook- und Instagram-Verbot in Russland tritt endg\u00fcltig in Kraft\"}]},{\"@type\":\"WebSite\",\"@id\":\"https:\/\/now-news.de\/de\/#website\",\"url\":\"https:\/\/now-news.de\/de\/\",\"name\":\"just-now.NEWS Deutschland\",\"description\":\"Das Portal f\u00fcr unzensierte Nachrichten aus der Welt\",\"publisher\":{\"@id\":\"https:\/\/now-news.de\/de\/#organization\"},\"potentialAction\":[{\"@type\":\"SearchAction\",\"target\":{\"@type\":\"EntryPoint\",\"urlTemplate\":\"https:\/\/now-news.de\/de\/?s={search_term_string}\"},\"query-input\":\"required name=search_term_string\"}],\"inLanguage\":\"de\"},{\"@type\":\"Organization\",\"@id\":\"https:\/\/now-news.de\/de\/#organization\",\"name\":\"Just Now News\",\"url\":\"https:\/\/now-news.de\/de\/\",\"logo\":{\"@type\":\"ImageObject\",\"inLanguage\":\"de\",\"@id\":\"https:\/\/now-news.de\/de\/#\/schema\/logo\/image\/\",\"url\":\"http:\/\/just-now.news\/de\/wp-content\/uploads\/sites\/3\/2022\/04\/logo500x500.jpg\",\"contentUrl\":\"http:\/\/just-now.news\/de\/wp-content\/uploads\/sites\/3\/2022\/04\/logo500x500.jpg\",\"width\":500,\"height\":500,\"caption\":\"Just Now News\"},\"image\":{\"@id\":\"https:\/\/now-news.de\/de\/#\/schema\/logo\/image\/\"},\"sameAs\":[\"https:\/\/www.facebook.com\/wirmachenauf\",\"https:\/\/x.com\/WirMachenAuf_de\"]},{\"@type\":\"Person\",\"@id\":\"https:\/\/now-news.de\/de\/#\/schema\/person\/fb534a4e865501d8b3285208df34a9b5\",\"name\":\"rtnews\",\"image\":{\"@type\":\"ImageObject\",\"inLanguage\":\"de\",\"@id\":\"https:\/\/now-news.de\/de\/#\/schema\/person\/image\/\",\"url\":\"https:\/\/secure.gravatar.com\/avatar\/82aafea7d8127119dd649515f56e2117?s=96&d=mm&r=g\",\"contentUrl\":\"https:\/\/secure.gravatar.com\/avatar\/82aafea7d8127119dd649515f56e2117?s=96&d=mm&r=g\",\"caption\":\"rtnews\"},\"url\":\"https:\/\/now-news.de\/de\/author\/rnews\/\"}]}<\/script>\n<!-- \/ Yoast SEO Premium plugin. -->","yoast_head_json":{"title":"Facebook- und Instagram-Verbot in Russland tritt endg\u00fcltig in Kraft - just-now.NEWS Deutschland","robots":{"index":"index","follow":"follow","max-snippet":"max-snippet:-1","max-image-preview":"max-image-preview:large","max-video-preview":"max-video-preview:-1"},"canonical":"https:\/\/now-news.de\/de\/deutschland\/facebook-und-instagram-verbot-in-russland-tritt-endgueltig-in-kraft\/","og_locale":"de_DE","og_type":"article","og_title":"Facebook- und Instagram-Verbot in Russland tritt endg\u00fcltig in Kraft","og_description":"Heute ist die Anerkennung von Meta als extremistisch und das daraus resultierende Verbot von Facebook und Instagram in Russland in Kraft getreten. Das Unternehmen hatte Zeit, gegen das Urteil vom M\u00e4rz Berufung einzulegen, hat dies aber nicht getan. Das Moskauer Stadtgericht hat einen Einspruch gegen das Verbot von Facebook und Instagram in Russland und die [&hellip;]","og_url":"https:\/\/now-news.de\/de\/deutschland\/facebook-und-instagram-verbot-in-russland-tritt-endgueltig-in-kraft\/","og_site_name":"just-now.NEWS Deutschland","article_publisher":"https:\/\/www.facebook.com\/wirmachenauf","article_published_time":"2022-06-20T19:29:06+00:00","og_image":[{"width":460,"height":259,"url":"https:\/\/now-news.de\/de\/wp-content\/uploads\/sites\/3\/2022\/06\/Facebook-und-Instagram-Verbot-in-Russland-tritt-endgueltig-in-Kraft.jpg","type":"image\/jpeg"}],"author":"rtnews","twitter_card":"summary_large_image","twitter_creator":"@WirMachenAuf_de","twitter_site":"@WirMachenAuf_de","twitter_misc":{"Verfasst von":"rtnews","Gesch\u00e4tzte Lesezeit":"2\u00a0Minuten"},"schema":{"@context":"https:\/\/schema.org","@graph":[{"@type":"Article","@id":"https:\/\/now-news.de\/de\/deutschland\/facebook-und-instagram-verbot-in-russland-tritt-endgueltig-in-kraft\/#article","isPartOf":{"@id":"https:\/\/now-news.de\/de\/deutschland\/facebook-und-instagram-verbot-in-russland-tritt-endgueltig-in-kraft\/"},"author":{"name":"rtnews","@id":"https:\/\/now-news.de\/de\/#\/schema\/person\/fb534a4e865501d8b3285208df34a9b5"},"headline":"Facebook- und Instagram-Verbot in Russland tritt endg\u00fcltig in Kraft","datePublished":"2022-06-20T19:29:06+00:00","dateModified":"2022-06-20T19:29:06+00:00","mainEntityOfPage":{"@id":"https:\/\/now-news.de\/de\/deutschland\/facebook-und-instagram-verbot-in-russland-tritt-endgueltig-in-kraft\/"},"wordCount":387,"commentCount":0,"publisher":{"@id":"https:\/\/now-news.de\/de\/#organization"},"image":{"@id":"https:\/\/now-news.de\/de\/deutschland\/facebook-und-instagram-verbot-in-russland-tritt-endgueltig-in-kraft\/#primaryimage"},"thumbnailUrl":"https:\/\/now-news.de\/de\/wp-content\/uploads\/sites\/3\/2022\/06\/Facebook-und-Instagram-Verbot-in-Russland-tritt-endgueltig-in-Kraft.jpg","keywords":["endg\u00fcltig","Facebook","InstagramVerbot","Kraft","russland","tritt","und"],"articleSection":["Deutschland","Russland"],"inLanguage":"de","potentialAction":[{"@type":"CommentAction","name":"Comment","target":["https:\/\/now-news.de\/de\/deutschland\/facebook-und-instagram-verbot-in-russland-tritt-endgueltig-in-kraft\/#respond"]}]},{"@type":"WebPage","@id":"https:\/\/now-news.de\/de\/deutschland\/facebook-und-instagram-verbot-in-russland-tritt-endgueltig-in-kraft\/","url":"https:\/\/now-news.de\/de\/deutschland\/facebook-und-instagram-verbot-in-russland-tritt-endgueltig-in-kraft\/","name":"Facebook- und Instagram-Verbot in Russland tritt endg\u00fcltig in Kraft - just-now.NEWS Deutschland","isPartOf":{"@id":"https:\/\/now-news.de\/de\/#website"},"primaryImageOfPage":{"@id":"https:\/\/now-news.de\/de\/deutschland\/facebook-und-instagram-verbot-in-russland-tritt-endgueltig-in-kraft\/#primaryimage"},"image":{"@id":"https:\/\/now-news.de\/de\/deutschland\/facebook-und-instagram-verbot-in-russland-tritt-endgueltig-in-kraft\/#primaryimage"},"thumbnailUrl":"https:\/\/now-news.de\/de\/wp-content\/uploads\/sites\/3\/2022\/06\/Facebook-und-Instagram-Verbot-in-Russland-tritt-endgueltig-in-Kraft.jpg","datePublished":"2022-06-20T19:29:06+00:00","dateModified":"2022-06-20T19:29:06+00:00","breadcrumb":{"@id":"https:\/\/now-news.de\/de\/deutschland\/facebook-und-instagram-verbot-in-russland-tritt-endgueltig-in-kraft\/#breadcrumb"},"inLanguage":"de","potentialAction":[{"@type":"ReadAction","target":["https:\/\/now-news.de\/de\/deutschland\/facebook-und-instagram-verbot-in-russland-tritt-endgueltig-in-kraft\/"]}]},{"@type":"ImageObject","inLanguage":"de","@id":"https:\/\/now-news.de\/de\/deutschland\/facebook-und-instagram-verbot-in-russland-tritt-endgueltig-in-kraft\/#primaryimage","url":"https:\/\/now-news.de\/de\/wp-content\/uploads\/sites\/3\/2022\/06\/Facebook-und-Instagram-Verbot-in-Russland-tritt-endgueltig-in-Kraft.jpg","contentUrl":"https:\/\/now-news.de\/de\/wp-content\/uploads\/sites\/3\/2022\/06\/Facebook-und-Instagram-Verbot-in-Russland-tritt-endgueltig-in-Kraft.jpg","width":460,"height":259,"caption":"Facebook- und Instagram-Verbot in Russland tritt endg\u00fcltig in Kraft"},{"@type":"BreadcrumbList","@id":"https:\/\/now-news.de\/de\/deutschland\/facebook-und-instagram-verbot-in-russland-tritt-endgueltig-in-kraft\/#breadcrumb","itemListElement":[{"@type":"ListItem","position":1,"name":"Home","item":"https:\/\/now-news.de\/de\/"},{"@type":"ListItem","position":2,"name":"Facebook- und Instagram-Verbot in Russland tritt endg\u00fcltig in Kraft"}]},{"@type":"WebSite","@id":"https:\/\/now-news.de\/de\/#website","url":"https:\/\/now-news.de\/de\/","name":"just-now.NEWS Deutschland","description":"Das Portal f\u00fcr unzensierte Nachrichten aus der Welt","publisher":{"@id":"https:\/\/now-news.de\/de\/#organization"},"potentialAction":[{"@type":"SearchAction","target":{"@type":"EntryPoint","urlTemplate":"https:\/\/now-news.de\/de\/?s={search_term_string}"},"query-input":"required name=search_term_string"}],"inLanguage":"de"},{"@type":"Organization","@id":"https:\/\/now-news.de\/de\/#organization","name":"Just Now News","url":"https:\/\/now-news.de\/de\/","logo":{"@type":"ImageObject","inLanguage":"de","@id":"https:\/\/now-news.de\/de\/#\/schema\/logo\/image\/","url":"http:\/\/just-now.news\/de\/wp-content\/uploads\/sites\/3\/2022\/04\/logo500x500.jpg","contentUrl":"http:\/\/just-now.news\/de\/wp-content\/uploads\/sites\/3\/2022\/04\/logo500x500.jpg","width":500,"height":500,"caption":"Just Now News"},"image":{"@id":"https:\/\/now-news.de\/de\/#\/schema\/logo\/image\/"},"sameAs":["https:\/\/www.facebook.com\/wirmachenauf","https:\/\/x.com\/WirMachenAuf_de"]},{"@type":"Person","@id":"https:\/\/now-news.de\/de\/#\/schema\/person\/fb534a4e865501d8b3285208df34a9b5","name":"rtnews","image":{"@type":"ImageObject","inLanguage":"de","@id":"https:\/\/now-news.de\/de\/#\/schema\/person\/image\/","url":"https:\/\/secure.gravatar.com\/avatar\/82aafea7d8127119dd649515f56e2117?s=96&d=mm&r=g","contentUrl":"https:\/\/secure.gravatar.com\/avatar\/82aafea7d8127119dd649515f56e2117?s=96&d=mm&r=g","caption":"rtnews"},"url":"https:\/\/now-news.de\/de\/author\/rnews\/"}]}},"_links":{"self":[{"href":"https:\/\/now-news.de\/de\/wp-json\/wp\/v2\/posts\/11444"}],"collection":[{"href":"https:\/\/now-news.de\/de\/wp-json\/wp\/v2\/posts"}],"about":[{"href":"https:\/\/now-news.de\/de\/wp-json\/wp\/v2\/types\/post"}],"author":[{"embeddable":true,"href":"https:\/\/now-news.de\/de\/wp-json\/wp\/v2\/users\/3"}],"replies":[{"embeddable":true,"href":"https:\/\/now-news.de\/de\/wp-json\/wp\/v2\/comments?post=11444"}],"version-history":[{"count":0,"href":"https:\/\/now-news.de\/de\/wp-json\/wp\/v2\/posts\/11444\/revisions"}],"wp:featuredmedia":[{"embeddable":true,"href":"https:\/\/now-news.de\/de\/wp-json\/wp\/v2\/media\/11445"}],"wp:attachment":[{"href":"https:\/\/now-news.de\/de\/wp-json\/wp\/v2\/media?parent=11444"}],"wp:term":[{"taxonomy":"category","embeddable":true,"href":"https:\/\/now-news.de\/de\/wp-json\/wp\/v2\/categories?post=11444"},{"taxonomy":"post_tag","embeddable":true,"href":"https:\/\/now-news.de\/de\/wp-json\/wp\/v2\/tags?post=11444"}],"curies":[{"name":"wp","href":"https:\/\/api.w.org\/{rel}","templated":true}]}}