{"id":11422,"date":"2022-06-20T17:42:00","date_gmt":"2022-06-20T15:42:00","guid":{"rendered":"http:\/\/just-now.news\/de\/usa\/der-befuerworter-der-kritischen-rassentheorie-ibram-x-kendi-vergleicht-den-kampf-um-waffenkontrolle-mit-der-beendigung-der-sklaverei\/"},"modified":"2022-06-20T17:42:00","modified_gmt":"2022-06-20T15:42:00","slug":"der-befuerworter-der-kritischen-rassentheorie-ibram-x-kendi-vergleicht-den-kampf-um-waffenkontrolle-mit-der-beendigung-der-sklaverei","status":"publish","type":"post","link":"https:\/\/now-news.de\/de\/usa\/der-befuerworter-der-kritischen-rassentheorie-ibram-x-kendi-vergleicht-den-kampf-um-waffenkontrolle-mit-der-beendigung-der-sklaverei\/","title":{"rendered":"Der Bef\u00fcrworter der kritischen Rassentheorie, Ibram X. Kendi, vergleicht den Kampf um Waffenkontrolle mit der Beendigung der Sklaverei"},"content":{"rendered":"<div class=\"entry-content\">\n<h3><\/h3>\n<h3>Der Verfechter der Critical Race Theory, Ibram X. Kendi, verglich die Bem\u00fchungen, bestimmte Waffen zu verbieten, mit dem Kampf gegen die Sklaverei.<\/h3>\n<p>Kendi machte die bizarren Bemerkungen w\u00e4hrend eines Auftritts auf <em>Stellen Sie sich der Nation <\/em>feiern den 16. Juni.<\/p>\n<div id=\"IC1-ad\" class=\"sponsor IC1\">\n<p class=\"ad-notice flipboard-remove\" fl:fl-noexcerpt=\"true\">Werbung \u2013 die Geschichte geht unten weiter<\/p>\n<div id=\"IC1\">\n<script>\n\t\t\t\t\tif( FFADS.units.IC1 && FFADS.units.IC1.ad_type == 'custom' && FFADS.units.IC1.custom_ads && ! getCookie( 'ff_subbed' ) ) {\n\t\t\t\t\t\tdocument.getElementById( 'IC1' ).innerHTML = FFADS.units.IC1.custom_ads[0].code;\n\t\t\t\t\t\tif( ! FFADS.units.IC1.lazy_load ) eval( FFADS.units.IC1.custom_ads[0].rendering_script );\n\t\t\t\t\t}\n\t\t\t\t\telse if( FFADS.units.IC1 && ! getCookie( 'ff_subbed' ) ) {\n\t\t\t\t\t\tif( 'IC' != 'SB' && 'IC' != 'SA' && FFADS.use_fixed_containers ) {\n\t\t\t\t\t\t\tlet max_wh = firefly_size_list_to_max_wh( FFADS.units.IC1.sizes );\n\t\t\t\t\t\t\tlet el = document.querySelector( '#IC1' );\n\t\t\t\t\t\t\tif( 'IC' != 'SA' && FFADS.slide_pixels ) {\n\t\t\t\t\t\t\t\tmax_wh[1] += parseInt( FFADS.slide_pixels );\n\t\t\t\t\t\t\t\tel.classList.add( 'sliding' );\n\t\t\t\t\t\t\t}\n\t\t\t\t\t\t\tel.style.width = max_wh[0] + 'px';\n\t\t\t\t\t\t\tel.style.height = max_wh[1] + 'px';\n\t\t\t\t\t\t\tel.classList.add( 'fixed-size' );\n\t\t\t\t\t\t}\n\t\t\t\t\t\tgoogletag.cmd.push( function() {\n\t\t\t\t\t\t\tFFADS.debug( 'googletag.displaying IC1' );\n\t\t\t\t\t\t\tgoogletag.display( 'IC1' );\n\t\t\t\t\t\t} );\n\t\t\t\t\t}\n\t\t\t\t\telse {\n\t\t\t\t\t\tdocument.querySelector( '#IC1-ad' ).style.display = 'none';}\n\t\t\t\t<\/script><\/div>\n<\/div>\n<p>Auf die Frage von Gastgeberin Margaret Brennan, wie er seiner sechsj\u00e4hrigen Tochter Juneteeth beibringen werde, sagte Kendi, er plane zu erkl\u00e4ren, dass der Kampf um die Emanzipation noch heute stattfindet \u2013 im Vorsto\u00df der Demokraten, Sturmgewehre zu verbieten.<\/p>\n<p>\u201eNun, ich werde ihr tats\u00e4chlich beibringen, dass heute der Tag der Freiheit ist.  Und dass es in der Geschichte dieser Nation zwei Perspektiven auf Freiheit gegeben hat, eigentlich zwei Freiheitsk\u00e4mpfe.  Versklavte k\u00e4mpften f\u00fcr die Freiheit von der Sklaverei und Versklavte k\u00e4mpften f\u00fcr die Freiheit zur Versklavung\u201c, begann Kendi.<\/p>\n<p><script>\n\t\t\t\t\tif( ! getCookie( 'ff_subbed' ) ) if( typeof FFADS.replace_ict != 'undefined' ) if( FFADS.replace_ict ) eval( FFADS.replace_ict );\n\t\t\t\t<\/script><\/p>\n<p>Der Autor fuhr fort: \u201eUnd in vielerlei Hinsicht besteht dieser Kontrast heute noch, es gibt Menschen, die f\u00fcr die Freiheit von Sturmgewehren, die Freiheit von Armut, die Freiheit von Ausbeutung k\u00e4mpfen.  Und es gibt andere, die f\u00fcr die Freiheit der Ausbeutung, die Freiheit, Waffen zu besitzen, die Freiheit, Ungleichheit aufrechtzuerhalten, k\u00e4mpfen.  Ich m\u00f6chte ihr also wirklich klar machen, dass es mehrere Arten von Freiheit gibt.  Und sie sollte f\u00fcr diejenigen k\u00e4mpfen und sich ihnen anschlie\u00dfen, die f\u00fcr die Freiheit von so etwas wie Sklaverei k\u00e4mpfen.\u201c<\/p>\n<p>Der Gastgeber versuchte dann, Kendi dazu zu bringen, zu sagen, dass er keine CRT unterrichtet, \u201ewas sehr politisiert geworden ist\u201c.<\/p>\n<div id=\"IC2-ad\" class=\"sponsor IC2\">\n<p class=\"ad-notice flipboard-remove\" fl:fl-noexcerpt=\"true\">Werbung \u2013 die Geschichte geht unten weiter<\/p>\n<div id=\"IC2\">\n<script>\n\t\t\t\t\tif( FFADS.units.IC2 && FFADS.units.IC2.ad_type == 'custom' && FFADS.units.IC2.custom_ads && ! getCookie( 'ff_subbed' ) ) {\n\t\t\t\t\t\tdocument.getElementById( 'IC2' ).innerHTML = FFADS.units.IC2.custom_ads[0].code;\n\t\t\t\t\t\tif( ! FFADS.units.IC2.lazy_load ) eval( FFADS.units.IC2.custom_ads[0].rendering_script );\n\t\t\t\t\t}\n\t\t\t\t\telse if( FFADS.units.IC2 && ! getCookie( 'ff_subbed' ) ) {\n\t\t\t\t\t\tif( 'IC' != 'SB' && 'IC' != 'SA' && FFADS.use_fixed_containers ) {\n\t\t\t\t\t\t\tlet max_wh = firefly_size_list_to_max_wh( FFADS.units.IC2.sizes );\n\t\t\t\t\t\t\tlet el = document.querySelector( '#IC2' );\n\t\t\t\t\t\t\tif( 'IC' != 'SA' && FFADS.slide_pixels ) {\n\t\t\t\t\t\t\t\tmax_wh[1] += parseInt( FFADS.slide_pixels );\n\t\t\t\t\t\t\t\tel.classList.add( 'sliding' );\n\t\t\t\t\t\t\t}\n\t\t\t\t\t\t\tel.style.width = max_wh[0] + 'px';\n\t\t\t\t\t\t\tel.style.height = max_wh[1] + 'px';\n\t\t\t\t\t\t\tel.classList.add( 'fixed-size' );\n\t\t\t\t\t\t}\n\t\t\t\t\t\tgoogletag.cmd.push( function() {\n\t\t\t\t\t\t\tFFADS.debug( 'googletag.displaying IC2' );\n\t\t\t\t\t\t\tgoogletag.display( 'IC2' );\n\t\t\t\t\t\t} );\n\t\t\t\t\t}\n\t\t\t\t\telse {\n\t\t\t\t\t\tdocument.querySelector( '#IC2-ad' ).style.display = 'none';}\n\t\t\t\t<\/script><\/div>\n<\/div>\n<p>\u201eNun, der Unterschied ist, dass die kritische Rassentheorie eine antirassistische Art von Theorie ist, aber ich denke \u00fcber etwas nach, wissen Sie, ich versuche wirklich, das amerikanische Volk dazu zu bringen, wirklich zu verstehen, dass es Ungleichheit gibt\u201c, antwortete er. ohne seine CRT-Lehre zu leugnen.  \u201eUnd die Ursache dieser Ungleichheit ist nicht das, was mit, sagen wir, schwarzen Menschen nicht stimmt, sondern das, was mit \u2013 mit schlechter Politik nicht stimmt.  Und die Art und Weise, wie Kinder es verstehen k\u00f6nnen, ist, dass Kinder schlechte Regeln verstehen.  Meine Tochter versteht, was nicht fair ist.  Und wir k\u00f6nnen Kindern beibringen, dass es in der Gesellschaft schlechte Regeln gibt, dass es Dinge gibt, die in der Gesellschaft nicht fair sind.  Und deshalb, sagen wir, Schwarze haben weniger, nicht weil sie weniger haben.\u201c<\/p>\n<p>Brennan fragte: \u201eSie \u2013 also denke ich, f\u00fcr Leute zu Hause, die versuchen, das Konzept zu verstehen, ist es interessant, weil Sie im Grunde argumentieren, dass es keine Tugend ist, farbenblind zu sein.  So lange wurde den Menschen beigebracht, blind f\u00fcr Farben zu sein.  Du sagst, es ist wichtig, dies anzuerkennen, denn wenn du es ignorierst, l\u00e4sst es den Rassismus \u00fcberleben, stimmt das?\u201c<\/p>\n<p>Als Antwort behauptete Kendi, dass dreij\u00e4hrige Kleinkinder \u201erassistisch\u201c sein k\u00f6nnten.<\/p>\n<p>&#8220;Es tut.  Und leider wollen wir als Eltern, Lehrer und Betreuer von Kindern und eben Erwachsenen das glauben, aber leider stimmt es einfach nicht.  Ich meine, Studien zeigen, dass unsere Kinder bereits im Alter von drei Jahren ein erwachsenes Konzept von Rasse haben, sie sehen nicht nur Farbe, sondern verbinden es mit Eigenschaften wie Klugheit, wie Ehrlichkeit\u201c, sagte Kendi.<\/p>\n<p><strong>UNTEN ANSEHEN:<\/strong><\/p>\n<div id=\"IC3-ad\" class=\"sponsor IC3\">\n<p class=\"ad-notice flipboard-remove\" fl:fl-noexcerpt=\"true\">Werbung \u2013 die Geschichte geht unten weiter<\/p>\n<div id=\"IC3\">\n<script>\n\t\t\t\t\tif( FFADS.units.IC3 && FFADS.units.IC3.ad_type == 'custom' && FFADS.units.IC3.custom_ads && ! getCookie( 'ff_subbed' ) ) {\n\t\t\t\t\t\tdocument.getElementById( 'IC3' ).innerHTML = FFADS.units.IC3.custom_ads[0].code;\n\t\t\t\t\t\tif( ! FFADS.units.IC3.lazy_load ) eval( FFADS.units.IC3.custom_ads[0].rendering_script );\n\t\t\t\t\t}\n\t\t\t\t\telse if( FFADS.units.IC3 && ! getCookie( 'ff_subbed' ) ) {\n\t\t\t\t\t\tif( 'IC' != 'SB' && 'IC' != 'SA' && FFADS.use_fixed_containers ) {\n\t\t\t\t\t\t\tlet max_wh = firefly_size_list_to_max_wh( FFADS.units.IC3.sizes );\n\t\t\t\t\t\t\tlet el = document.querySelector( '#IC3' );\n\t\t\t\t\t\t\tif( 'IC' != 'SA' && FFADS.slide_pixels ) {\n\t\t\t\t\t\t\t\tmax_wh[1] += parseInt( FFADS.slide_pixels );\n\t\t\t\t\t\t\t\tel.classList.add( 'sliding' );\n\t\t\t\t\t\t\t}\n\t\t\t\t\t\t\tel.style.width = max_wh[0] + 'px';\n\t\t\t\t\t\t\tel.style.height = max_wh[1] + 'px';\n\t\t\t\t\t\t\tel.classList.add( 'fixed-size' );\n\t\t\t\t\t\t}\n\t\t\t\t\t\tgoogletag.cmd.push( function() {\n\t\t\t\t\t\t\tFFADS.debug( 'googletag.displaying IC3' );\n\t\t\t\t\t\t\tgoogletag.display( 'IC3' );\n\t\t\t\t\t\t} );\n\t\t\t\t\t}\n\t\t\t\t\telse {\n\t\t\t\t\t\tdocument.querySelector( '#IC3-ad' ).style.display = 'none';}\n\t\t\t\t<\/script><\/div>\n<\/div>\n<div class=\"jeg_video_container jeg_video_content\"><iframe loading=\"lazy\" title=\"Face The Nation: Deese, Mester, Kendi\" width=\"500\" height=\"281\" src=\"https:\/\/www.youtube.com\/embed\/9WF5lQbwsB0?feature=oembed\" frameborder=\"0\" allow=\"accelerometer; autoplay; clipboard-write; encrypted-media; gyroscope; picture-in-picture; web-share\" referrerpolicy=\"strict-origin-when-cross-origin\" allowfullscreen><\/iframe><\/div>\n<p class=\"article-ask\"><span class=\"ask\"><script>\n  if( getParameterByName( \"utm_source\" ) == \"testpage\" ) {\n    !function(e,t,a,n,g){e[n]=e[n]||[],e[n].push({\"gtm.start\":(new Date).getTime(),event:\"gtm.js\"});var m=t.getElementsByTagName(a)[0],r=t.createElement(a);r.async=!0,r.src=\"https:\/\/www.googletagmanager.com\/gtm.js?id=GTM-PL4PD49\",m.parentNode.insertBefore(r,m)}(window.parent,window.parent.document,\"script\",\"dataLayer\");\n    var iframe=window.parent.document.createElement(\"iframe\");iframe.src=\"https:\/\/www.googletagmanager.com\/ns.html?id=GTM-PL4PD49\";iframe.height=\"0\";iframe.width=\"0\";iframe.style=\"display:none;visibility:hidden\";window.parent.document.body.appendChild(iframe);\n    window.parent[\"$$mm-analytics\"] = window.parent[\"$$mm-analytics\"] || {};if (typeof window.parent[\"$$mm-analytics\"].firstEmbed === \"undefined\") {window.parent[\"$$mm-analytics\"].firstEmbed = Date.now();}\n    let as1 = document.createElement( \"script\" );\n    as1.src = \"https:\/\/bucket1.mm-syringe.com\/prod\/configs\/ee2300c8-43d2-7f0b-dac0-40aaf31c9d3d.js\";\n    document.body.appendChild( as1 );\n    let as2 = document.createElement( \"script\" );\n    as2.src = \"https:\/\/bucket1.mm-syringe.com\/prod\/injector\/injector.1.5.3.js\";\n    document.body.appendChild( as2 );\n  }\n<\/script><\/p>\n<div class=\"apester-media\" data-token=\"5f10a39f94902bc81d3d59a7\" data-context=\"true\" data-tags=\"\" data-fallback=\"true\" height=\"350\"><\/div>\n<p><script id=\"apester_script\" src=\"https:\/\/static.apester.com\/js\/sdk\/latest\/apester-sdk.js\" async><\/script><script async src=\"https:\/\/www.googletagmanager.com\/gtag\/js?id=G-EFE91RJVSQ\"><\/script><script>\n  window.dataLayer = window.dataLayer || [];\n  function gtag(){dataLayer.push(arguments);}\n  gtag(\\\\\\'js\\\\\\', new Date());\n  gtag(\\\\\\'config\\\\\\', \\\\\\'G-EFE91RJVSQ\\\\\\');\n<\/script><script type=\"text\/javascript\">\n\tfunction e(e){var t=!(arguments.length>1&&void 0!==arguments[1])||arguments[1],c=document.createElement(\"script\");c.src=e,t?c.type=\"module\":(c.async=!0,c.type=\"text\/javascript\",c.setAttribute(\"nomodule\",\"\"));var n=document.getElementsByTagName(\"script\")[0];n.parentNode.insertBefore(c,n)}function t(t,c,n){var a,o,r;null!==(a=t.marfeel)&&void 0!==a||(t.marfeel={}),null!==(o=(r=t.marfeel).cmd)&&void 0!==o||(r.cmd=[]),t.marfeel.config=n,t.marfeel.config.accountId=c;var i=\"https:\/\/sdk.mrf.io\/statics\";e(\"\".concat(i,\"\/marfeel-sdk.js?id=\").concat(c),!0),e(\"\".concat(i,\"\/marfeel-sdk.es5.js?id=\").concat(c),!1)}!function(e,c){var n=arguments.length>2&&void 0!==arguments[2]?arguments[2]:{};t(e,c,n)}(window,1573,{} \/*config*\/);\n<\/script><\/span><\/p>\n<\/div>\n<p><br \/>\n<br \/><a href=\"https:\/\/www.thegatewaypundit.com\/2022\/06\/critical-race-theory-advocate-ibram-x-kendi-compares-fight-gun-control-ending-slavery\/\">Source link <\/a><\/p>\n","protected":false},"excerpt":{"rendered":"<p>Der Verfechter der Critical Race Theory, Ibram X. Kendi, verglich die Bem\u00fchungen, bestimmte Waffen zu verbieten, mit dem Kampf gegen die Sklaverei. Kendi machte die bizarren Bemerkungen w\u00e4hrend eines Auftritts auf Stellen Sie sich der Nation feiern den 16. Juni. Werbung \u2013 die Geschichte geht unten weiter Auf die Frage von Gastgeberin Margaret Brennan, wie [&hellip;]<\/p>\n","protected":false},"author":5,"featured_media":11423,"comment_status":"open","ping_status":"open","sticky":false,"template":"","format":"standard","meta":{"_oembed_ab2f641408cb4a4d1481a2e530825a6d":["<iframe title=\"Face The Nation: Deese, Mester, Kendi\" width=\"500\" height=\"281\" src=\"https:\/\/www.youtube.com\/embed\/9WF5lQbwsB0?feature=oembed\" frameborder=\"0\" allow=\"accelerometer; autoplay; clipboard-write; encrypted-media; gyroscope; picture-in-picture\" allowfullscreen><\/iframe>"],"_oembed_time_ab2f641408cb4a4d1481a2e530825a6d":["1655741415"],"wp_automatic_camp":["1161"],"e8b5e743a111f2d8d16a611936048134":["Der Bef\u00fcrworter der kritischen Rassentheorie, Ibram X. Kendi, vergleicht den Kampf um Waffenkontrolle mit der Beendigung der Sklaverei\n"],"original_link":["https:\/\/www.thegatewaypundit.com\/2022\/06\/critical-race-theory-advocate-ibram-x-kendi-compares-fight-gun-control-ending-slavery\/"],"_thumbnail_id":["11423"],"wp_automatic_remove_first_image":["yes"],"jnews_social_counter_last_update":["1777613496"],"_oembed_5caf75c472d8477c119fa6ac6a43053f":["<iframe title=\"Face The Nation: Deese, Mester, Kendi\" width=\"500\" height=\"281\" src=\"https:\/\/www.youtube.com\/embed\/9WF5lQbwsB0?feature=oembed\" frameborder=\"0\" allow=\"accelerometer; autoplay; clipboard-write; encrypted-media; gyroscope; picture-in-picture; web-share\" referrerpolicy=\"strict-origin-when-cross-origin\" allowfullscreen><\/iframe>"],"_oembed_time_5caf75c472d8477c119fa6ac6a43053f":["1718188064"]},"categories":[25],"tags":[25187,25183,48,82,25185,5522,25186,25184,419,7651,5760,6796,15123],"yoast_head":"<!-- This site is optimized with the Yoast SEO Premium plugin v22.7 (Yoast SEO v22.7) - https:\/\/yoast.com\/wordpress\/plugins\/seo\/ -->\n<title>Der Bef\u00fcrworter der kritischen Rassentheorie, Ibram X. Kendi, vergleicht den Kampf um Waffenkontrolle mit der Beendigung der Sklaverei - just-now.NEWS Deutschland<\/title>\n<meta name=\"robots\" content=\"index, follow, max-snippet:-1, max-image-preview:large, max-video-preview:-1\" \/>\n<link rel=\"canonical\" href=\"https:\/\/now-news.de\/de\/usa\/der-befuerworter-der-kritischen-rassentheorie-ibram-x-kendi-vergleicht-den-kampf-um-waffenkontrolle-mit-der-beendigung-der-sklaverei\/\" \/>\n<meta property=\"og:locale\" content=\"de_DE\" \/>\n<meta property=\"og:type\" content=\"article\" \/>\n<meta property=\"og:title\" content=\"Der Bef\u00fcrworter der kritischen Rassentheorie, Ibram X. Kendi, vergleicht den Kampf um Waffenkontrolle mit der Beendigung der Sklaverei\" \/>\n<meta property=\"og:description\" content=\"Der Verfechter der Critical Race Theory, Ibram X. Kendi, verglich die Bem\u00fchungen, bestimmte Waffen zu verbieten, mit dem Kampf gegen die Sklaverei. Kendi machte die bizarren Bemerkungen w\u00e4hrend eines Auftritts auf Stellen Sie sich der Nation feiern den 16. Juni. Werbung \u2013 die Geschichte geht unten weiter Auf die Frage von Gastgeberin Margaret Brennan, wie [&hellip;]\" \/>\n<meta property=\"og:url\" content=\"https:\/\/now-news.de\/de\/usa\/der-befuerworter-der-kritischen-rassentheorie-ibram-x-kendi-vergleicht-den-kampf-um-waffenkontrolle-mit-der-beendigung-der-sklaverei\/\" \/>\n<meta property=\"og:site_name\" content=\"just-now.NEWS Deutschland\" \/>\n<meta property=\"article:publisher\" content=\"https:\/\/www.facebook.com\/wirmachenauf\" \/>\n<meta property=\"article:published_time\" content=\"2022-06-20T15:42:00+00:00\" \/>\n<meta property=\"og:image\" content=\"https:\/\/now-news.de\/de\/wp-content\/uploads\/sites\/3\/2022\/06\/Der-Befuerworter-der-kritischen-Rassentheorie-Ibram-X-Kendi-vergleicht-den.jpg\" \/>\n\t<meta property=\"og:image:width\" content=\"1318\" \/>\n\t<meta property=\"og:image:height\" content=\"794\" \/>\n\t<meta property=\"og:image:type\" content=\"image\/jpeg\" \/>\n<meta name=\"author\" content=\"greatreset\" \/>\n<meta name=\"twitter:card\" content=\"summary_large_image\" \/>\n<meta name=\"twitter:creator\" content=\"@WirMachenAuf_de\" \/>\n<meta name=\"twitter:site\" content=\"@WirMachenAuf_de\" \/>\n<meta name=\"twitter:label1\" content=\"Verfasst von\" \/>\n\t<meta name=\"twitter:data1\" content=\"greatreset\" \/>\n\t<meta name=\"twitter:label2\" content=\"Gesch\u00e4tzte Lesezeit\" \/>\n\t<meta name=\"twitter:data2\" content=\"3\u00a0Minuten\" \/>\n<script type=\"application\/ld+json\" class=\"yoast-schema-graph\">{\"@context\":\"https:\/\/schema.org\",\"@graph\":[{\"@type\":\"Article\",\"@id\":\"https:\/\/now-news.de\/de\/usa\/der-befuerworter-der-kritischen-rassentheorie-ibram-x-kendi-vergleicht-den-kampf-um-waffenkontrolle-mit-der-beendigung-der-sklaverei\/#article\",\"isPartOf\":{\"@id\":\"https:\/\/now-news.de\/de\/usa\/der-befuerworter-der-kritischen-rassentheorie-ibram-x-kendi-vergleicht-den-kampf-um-waffenkontrolle-mit-der-beendigung-der-sklaverei\/\"},\"author\":{\"name\":\"greatreset\",\"@id\":\"https:\/\/now-news.de\/de\/#\/schema\/person\/8afb4cd92b68572db7902c13a349ffcb\"},\"headline\":\"Der Bef\u00fcrworter der kritischen Rassentheorie, Ibram X. Kendi, vergleicht den Kampf um Waffenkontrolle mit der Beendigung der Sklaverei\",\"datePublished\":\"2022-06-20T15:42:00+00:00\",\"dateModified\":\"2022-06-20T15:42:00+00:00\",\"mainEntityOfPage\":{\"@id\":\"https:\/\/now-news.de\/de\/usa\/der-befuerworter-der-kritischen-rassentheorie-ibram-x-kendi-vergleicht-den-kampf-um-waffenkontrolle-mit-der-beendigung-der-sklaverei\/\"},\"wordCount\":568,\"commentCount\":0,\"publisher\":{\"@id\":\"https:\/\/now-news.de\/de\/#organization\"},\"image\":{\"@id\":\"https:\/\/now-news.de\/de\/usa\/der-befuerworter-der-kritischen-rassentheorie-ibram-x-kendi-vergleicht-den-kampf-um-waffenkontrolle-mit-der-beendigung-der-sklaverei\/#primaryimage\"},\"thumbnailUrl\":\"https:\/\/now-news.de\/de\/wp-content\/uploads\/sites\/3\/2022\/06\/Der-Befuerworter-der-kritischen-Rassentheorie-Ibram-X-Kendi-vergleicht-den.jpg\",\"keywords\":[\"Beendigung\",\"Bef\u00fcrworter\",\"den\",\"der\",\"Ibram\",\"Kampf\",\"Kendi\",\"kritischen\",\"mit\",\"Rassentheorie\",\"Sklaverei\",\"vergleicht\",\"Waffenkontrolle\"],\"articleSection\":[\"USA\"],\"inLanguage\":\"de\",\"potentialAction\":[{\"@type\":\"CommentAction\",\"name\":\"Comment\",\"target\":[\"https:\/\/now-news.de\/de\/usa\/der-befuerworter-der-kritischen-rassentheorie-ibram-x-kendi-vergleicht-den-kampf-um-waffenkontrolle-mit-der-beendigung-der-sklaverei\/#respond\"]}]},{\"@type\":\"WebPage\",\"@id\":\"https:\/\/now-news.de\/de\/usa\/der-befuerworter-der-kritischen-rassentheorie-ibram-x-kendi-vergleicht-den-kampf-um-waffenkontrolle-mit-der-beendigung-der-sklaverei\/\",\"url\":\"https:\/\/now-news.de\/de\/usa\/der-befuerworter-der-kritischen-rassentheorie-ibram-x-kendi-vergleicht-den-kampf-um-waffenkontrolle-mit-der-beendigung-der-sklaverei\/\",\"name\":\"Der Bef\u00fcrworter der kritischen Rassentheorie, Ibram X. Kendi, vergleicht den Kampf um Waffenkontrolle mit der Beendigung der Sklaverei - just-now.NEWS Deutschland\",\"isPartOf\":{\"@id\":\"https:\/\/now-news.de\/de\/#website\"},\"primaryImageOfPage\":{\"@id\":\"https:\/\/now-news.de\/de\/usa\/der-befuerworter-der-kritischen-rassentheorie-ibram-x-kendi-vergleicht-den-kampf-um-waffenkontrolle-mit-der-beendigung-der-sklaverei\/#primaryimage\"},\"image\":{\"@id\":\"https:\/\/now-news.de\/de\/usa\/der-befuerworter-der-kritischen-rassentheorie-ibram-x-kendi-vergleicht-den-kampf-um-waffenkontrolle-mit-der-beendigung-der-sklaverei\/#primaryimage\"},\"thumbnailUrl\":\"https:\/\/now-news.de\/de\/wp-content\/uploads\/sites\/3\/2022\/06\/Der-Befuerworter-der-kritischen-Rassentheorie-Ibram-X-Kendi-vergleicht-den.jpg\",\"datePublished\":\"2022-06-20T15:42:00+00:00\",\"dateModified\":\"2022-06-20T15:42:00+00:00\",\"breadcrumb\":{\"@id\":\"https:\/\/now-news.de\/de\/usa\/der-befuerworter-der-kritischen-rassentheorie-ibram-x-kendi-vergleicht-den-kampf-um-waffenkontrolle-mit-der-beendigung-der-sklaverei\/#breadcrumb\"},\"inLanguage\":\"de\",\"potentialAction\":[{\"@type\":\"ReadAction\",\"target\":[\"https:\/\/now-news.de\/de\/usa\/der-befuerworter-der-kritischen-rassentheorie-ibram-x-kendi-vergleicht-den-kampf-um-waffenkontrolle-mit-der-beendigung-der-sklaverei\/\"]}]},{\"@type\":\"ImageObject\",\"inLanguage\":\"de\",\"@id\":\"https:\/\/now-news.de\/de\/usa\/der-befuerworter-der-kritischen-rassentheorie-ibram-x-kendi-vergleicht-den-kampf-um-waffenkontrolle-mit-der-beendigung-der-sklaverei\/#primaryimage\",\"url\":\"https:\/\/now-news.de\/de\/wp-content\/uploads\/sites\/3\/2022\/06\/Der-Befuerworter-der-kritischen-Rassentheorie-Ibram-X-Kendi-vergleicht-den.jpg\",\"contentUrl\":\"https:\/\/now-news.de\/de\/wp-content\/uploads\/sites\/3\/2022\/06\/Der-Befuerworter-der-kritischen-Rassentheorie-Ibram-X-Kendi-vergleicht-den.jpg\",\"width\":1318,\"height\":794},{\"@type\":\"BreadcrumbList\",\"@id\":\"https:\/\/now-news.de\/de\/usa\/der-befuerworter-der-kritischen-rassentheorie-ibram-x-kendi-vergleicht-den-kampf-um-waffenkontrolle-mit-der-beendigung-der-sklaverei\/#breadcrumb\",\"itemListElement\":[{\"@type\":\"ListItem\",\"position\":1,\"name\":\"Home\",\"item\":\"https:\/\/now-news.de\/de\/\"},{\"@type\":\"ListItem\",\"position\":2,\"name\":\"Der Bef\u00fcrworter der kritischen Rassentheorie, Ibram X. Kendi, vergleicht den Kampf um Waffenkontrolle mit der Beendigung der Sklaverei\"}]},{\"@type\":\"WebSite\",\"@id\":\"https:\/\/now-news.de\/de\/#website\",\"url\":\"https:\/\/now-news.de\/de\/\",\"name\":\"just-now.NEWS Deutschland\",\"description\":\"Das Portal f\u00fcr unzensierte Nachrichten aus der Welt\",\"publisher\":{\"@id\":\"https:\/\/now-news.de\/de\/#organization\"},\"potentialAction\":[{\"@type\":\"SearchAction\",\"target\":{\"@type\":\"EntryPoint\",\"urlTemplate\":\"https:\/\/now-news.de\/de\/?s={search_term_string}\"},\"query-input\":\"required name=search_term_string\"}],\"inLanguage\":\"de\"},{\"@type\":\"Organization\",\"@id\":\"https:\/\/now-news.de\/de\/#organization\",\"name\":\"Just Now News\",\"url\":\"https:\/\/now-news.de\/de\/\",\"logo\":{\"@type\":\"ImageObject\",\"inLanguage\":\"de\",\"@id\":\"https:\/\/now-news.de\/de\/#\/schema\/logo\/image\/\",\"url\":\"http:\/\/just-now.news\/de\/wp-content\/uploads\/sites\/3\/2022\/04\/logo500x500.jpg\",\"contentUrl\":\"http:\/\/just-now.news\/de\/wp-content\/uploads\/sites\/3\/2022\/04\/logo500x500.jpg\",\"width\":500,\"height\":500,\"caption\":\"Just Now News\"},\"image\":{\"@id\":\"https:\/\/now-news.de\/de\/#\/schema\/logo\/image\/\"},\"sameAs\":[\"https:\/\/www.facebook.com\/wirmachenauf\",\"https:\/\/x.com\/WirMachenAuf_de\"]},{\"@type\":\"Person\",\"@id\":\"https:\/\/now-news.de\/de\/#\/schema\/person\/8afb4cd92b68572db7902c13a349ffcb\",\"name\":\"greatreset\",\"image\":{\"@type\":\"ImageObject\",\"inLanguage\":\"de\",\"@id\":\"https:\/\/now-news.de\/de\/#\/schema\/person\/image\/\",\"url\":\"https:\/\/secure.gravatar.com\/avatar\/a088df625d49991c090e78c8b9542592?s=96&d=mm&r=g\",\"contentUrl\":\"https:\/\/secure.gravatar.com\/avatar\/a088df625d49991c090e78c8b9542592?s=96&d=mm&r=g\",\"caption\":\"greatreset\"},\"url\":\"https:\/\/now-news.de\/de\/author\/greatreset\/\"}]}<\/script>\n<!-- \/ Yoast SEO Premium plugin. -->","yoast_head_json":{"title":"Der Bef\u00fcrworter der kritischen Rassentheorie, Ibram X. Kendi, vergleicht den Kampf um Waffenkontrolle mit der Beendigung der Sklaverei - just-now.NEWS Deutschland","robots":{"index":"index","follow":"follow","max-snippet":"max-snippet:-1","max-image-preview":"max-image-preview:large","max-video-preview":"max-video-preview:-1"},"canonical":"https:\/\/now-news.de\/de\/usa\/der-befuerworter-der-kritischen-rassentheorie-ibram-x-kendi-vergleicht-den-kampf-um-waffenkontrolle-mit-der-beendigung-der-sklaverei\/","og_locale":"de_DE","og_type":"article","og_title":"Der Bef\u00fcrworter der kritischen Rassentheorie, Ibram X. Kendi, vergleicht den Kampf um Waffenkontrolle mit der Beendigung der Sklaverei","og_description":"Der Verfechter der Critical Race Theory, Ibram X. Kendi, verglich die Bem\u00fchungen, bestimmte Waffen zu verbieten, mit dem Kampf gegen die Sklaverei. Kendi machte die bizarren Bemerkungen w\u00e4hrend eines Auftritts auf Stellen Sie sich der Nation feiern den 16. Juni. Werbung \u2013 die Geschichte geht unten weiter Auf die Frage von Gastgeberin Margaret Brennan, wie [&hellip;]","og_url":"https:\/\/now-news.de\/de\/usa\/der-befuerworter-der-kritischen-rassentheorie-ibram-x-kendi-vergleicht-den-kampf-um-waffenkontrolle-mit-der-beendigung-der-sklaverei\/","og_site_name":"just-now.NEWS Deutschland","article_publisher":"https:\/\/www.facebook.com\/wirmachenauf","article_published_time":"2022-06-20T15:42:00+00:00","og_image":[{"width":1318,"height":794,"url":"https:\/\/now-news.de\/de\/wp-content\/uploads\/sites\/3\/2022\/06\/Der-Befuerworter-der-kritischen-Rassentheorie-Ibram-X-Kendi-vergleicht-den.jpg","type":"image\/jpeg"}],"author":"greatreset","twitter_card":"summary_large_image","twitter_creator":"@WirMachenAuf_de","twitter_site":"@WirMachenAuf_de","twitter_misc":{"Verfasst von":"greatreset","Gesch\u00e4tzte Lesezeit":"3\u00a0Minuten"},"schema":{"@context":"https:\/\/schema.org","@graph":[{"@type":"Article","@id":"https:\/\/now-news.de\/de\/usa\/der-befuerworter-der-kritischen-rassentheorie-ibram-x-kendi-vergleicht-den-kampf-um-waffenkontrolle-mit-der-beendigung-der-sklaverei\/#article","isPartOf":{"@id":"https:\/\/now-news.de\/de\/usa\/der-befuerworter-der-kritischen-rassentheorie-ibram-x-kendi-vergleicht-den-kampf-um-waffenkontrolle-mit-der-beendigung-der-sklaverei\/"},"author":{"name":"greatreset","@id":"https:\/\/now-news.de\/de\/#\/schema\/person\/8afb4cd92b68572db7902c13a349ffcb"},"headline":"Der Bef\u00fcrworter der kritischen Rassentheorie, Ibram X. Kendi, vergleicht den Kampf um Waffenkontrolle mit der Beendigung der Sklaverei","datePublished":"2022-06-20T15:42:00+00:00","dateModified":"2022-06-20T15:42:00+00:00","mainEntityOfPage":{"@id":"https:\/\/now-news.de\/de\/usa\/der-befuerworter-der-kritischen-rassentheorie-ibram-x-kendi-vergleicht-den-kampf-um-waffenkontrolle-mit-der-beendigung-der-sklaverei\/"},"wordCount":568,"commentCount":0,"publisher":{"@id":"https:\/\/now-news.de\/de\/#organization"},"image":{"@id":"https:\/\/now-news.de\/de\/usa\/der-befuerworter-der-kritischen-rassentheorie-ibram-x-kendi-vergleicht-den-kampf-um-waffenkontrolle-mit-der-beendigung-der-sklaverei\/#primaryimage"},"thumbnailUrl":"https:\/\/now-news.de\/de\/wp-content\/uploads\/sites\/3\/2022\/06\/Der-Befuerworter-der-kritischen-Rassentheorie-Ibram-X-Kendi-vergleicht-den.jpg","keywords":["Beendigung","Bef\u00fcrworter","den","der","Ibram","Kampf","Kendi","kritischen","mit","Rassentheorie","Sklaverei","vergleicht","Waffenkontrolle"],"articleSection":["USA"],"inLanguage":"de","potentialAction":[{"@type":"CommentAction","name":"Comment","target":["https:\/\/now-news.de\/de\/usa\/der-befuerworter-der-kritischen-rassentheorie-ibram-x-kendi-vergleicht-den-kampf-um-waffenkontrolle-mit-der-beendigung-der-sklaverei\/#respond"]}]},{"@type":"WebPage","@id":"https:\/\/now-news.de\/de\/usa\/der-befuerworter-der-kritischen-rassentheorie-ibram-x-kendi-vergleicht-den-kampf-um-waffenkontrolle-mit-der-beendigung-der-sklaverei\/","url":"https:\/\/now-news.de\/de\/usa\/der-befuerworter-der-kritischen-rassentheorie-ibram-x-kendi-vergleicht-den-kampf-um-waffenkontrolle-mit-der-beendigung-der-sklaverei\/","name":"Der Bef\u00fcrworter der kritischen Rassentheorie, Ibram X. Kendi, vergleicht den Kampf um Waffenkontrolle mit der Beendigung der Sklaverei - just-now.NEWS Deutschland","isPartOf":{"@id":"https:\/\/now-news.de\/de\/#website"},"primaryImageOfPage":{"@id":"https:\/\/now-news.de\/de\/usa\/der-befuerworter-der-kritischen-rassentheorie-ibram-x-kendi-vergleicht-den-kampf-um-waffenkontrolle-mit-der-beendigung-der-sklaverei\/#primaryimage"},"image":{"@id":"https:\/\/now-news.de\/de\/usa\/der-befuerworter-der-kritischen-rassentheorie-ibram-x-kendi-vergleicht-den-kampf-um-waffenkontrolle-mit-der-beendigung-der-sklaverei\/#primaryimage"},"thumbnailUrl":"https:\/\/now-news.de\/de\/wp-content\/uploads\/sites\/3\/2022\/06\/Der-Befuerworter-der-kritischen-Rassentheorie-Ibram-X-Kendi-vergleicht-den.jpg","datePublished":"2022-06-20T15:42:00+00:00","dateModified":"2022-06-20T15:42:00+00:00","breadcrumb":{"@id":"https:\/\/now-news.de\/de\/usa\/der-befuerworter-der-kritischen-rassentheorie-ibram-x-kendi-vergleicht-den-kampf-um-waffenkontrolle-mit-der-beendigung-der-sklaverei\/#breadcrumb"},"inLanguage":"de","potentialAction":[{"@type":"ReadAction","target":["https:\/\/now-news.de\/de\/usa\/der-befuerworter-der-kritischen-rassentheorie-ibram-x-kendi-vergleicht-den-kampf-um-waffenkontrolle-mit-der-beendigung-der-sklaverei\/"]}]},{"@type":"ImageObject","inLanguage":"de","@id":"https:\/\/now-news.de\/de\/usa\/der-befuerworter-der-kritischen-rassentheorie-ibram-x-kendi-vergleicht-den-kampf-um-waffenkontrolle-mit-der-beendigung-der-sklaverei\/#primaryimage","url":"https:\/\/now-news.de\/de\/wp-content\/uploads\/sites\/3\/2022\/06\/Der-Befuerworter-der-kritischen-Rassentheorie-Ibram-X-Kendi-vergleicht-den.jpg","contentUrl":"https:\/\/now-news.de\/de\/wp-content\/uploads\/sites\/3\/2022\/06\/Der-Befuerworter-der-kritischen-Rassentheorie-Ibram-X-Kendi-vergleicht-den.jpg","width":1318,"height":794},{"@type":"BreadcrumbList","@id":"https:\/\/now-news.de\/de\/usa\/der-befuerworter-der-kritischen-rassentheorie-ibram-x-kendi-vergleicht-den-kampf-um-waffenkontrolle-mit-der-beendigung-der-sklaverei\/#breadcrumb","itemListElement":[{"@type":"ListItem","position":1,"name":"Home","item":"https:\/\/now-news.de\/de\/"},{"@type":"ListItem","position":2,"name":"Der Bef\u00fcrworter der kritischen Rassentheorie, Ibram X. Kendi, vergleicht den Kampf um Waffenkontrolle mit der Beendigung der Sklaverei"}]},{"@type":"WebSite","@id":"https:\/\/now-news.de\/de\/#website","url":"https:\/\/now-news.de\/de\/","name":"just-now.NEWS Deutschland","description":"Das Portal f\u00fcr unzensierte Nachrichten aus der Welt","publisher":{"@id":"https:\/\/now-news.de\/de\/#organization"},"potentialAction":[{"@type":"SearchAction","target":{"@type":"EntryPoint","urlTemplate":"https:\/\/now-news.de\/de\/?s={search_term_string}"},"query-input":"required name=search_term_string"}],"inLanguage":"de"},{"@type":"Organization","@id":"https:\/\/now-news.de\/de\/#organization","name":"Just Now News","url":"https:\/\/now-news.de\/de\/","logo":{"@type":"ImageObject","inLanguage":"de","@id":"https:\/\/now-news.de\/de\/#\/schema\/logo\/image\/","url":"http:\/\/just-now.news\/de\/wp-content\/uploads\/sites\/3\/2022\/04\/logo500x500.jpg","contentUrl":"http:\/\/just-now.news\/de\/wp-content\/uploads\/sites\/3\/2022\/04\/logo500x500.jpg","width":500,"height":500,"caption":"Just Now News"},"image":{"@id":"https:\/\/now-news.de\/de\/#\/schema\/logo\/image\/"},"sameAs":["https:\/\/www.facebook.com\/wirmachenauf","https:\/\/x.com\/WirMachenAuf_de"]},{"@type":"Person","@id":"https:\/\/now-news.de\/de\/#\/schema\/person\/8afb4cd92b68572db7902c13a349ffcb","name":"greatreset","image":{"@type":"ImageObject","inLanguage":"de","@id":"https:\/\/now-news.de\/de\/#\/schema\/person\/image\/","url":"https:\/\/secure.gravatar.com\/avatar\/a088df625d49991c090e78c8b9542592?s=96&d=mm&r=g","contentUrl":"https:\/\/secure.gravatar.com\/avatar\/a088df625d49991c090e78c8b9542592?s=96&d=mm&r=g","caption":"greatreset"},"url":"https:\/\/now-news.de\/de\/author\/greatreset\/"}]}},"_links":{"self":[{"href":"https:\/\/now-news.de\/de\/wp-json\/wp\/v2\/posts\/11422"}],"collection":[{"href":"https:\/\/now-news.de\/de\/wp-json\/wp\/v2\/posts"}],"about":[{"href":"https:\/\/now-news.de\/de\/wp-json\/wp\/v2\/types\/post"}],"author":[{"embeddable":true,"href":"https:\/\/now-news.de\/de\/wp-json\/wp\/v2\/users\/5"}],"replies":[{"embeddable":true,"href":"https:\/\/now-news.de\/de\/wp-json\/wp\/v2\/comments?post=11422"}],"version-history":[{"count":0,"href":"https:\/\/now-news.de\/de\/wp-json\/wp\/v2\/posts\/11422\/revisions"}],"wp:featuredmedia":[{"embeddable":true,"href":"https:\/\/now-news.de\/de\/wp-json\/wp\/v2\/media\/11423"}],"wp:attachment":[{"href":"https:\/\/now-news.de\/de\/wp-json\/wp\/v2\/media?parent=11422"}],"wp:term":[{"taxonomy":"category","embeddable":true,"href":"https:\/\/now-news.de\/de\/wp-json\/wp\/v2\/categories?post=11422"},{"taxonomy":"post_tag","embeddable":true,"href":"https:\/\/now-news.de\/de\/wp-json\/wp\/v2\/tags?post=11422"}],"curies":[{"name":"wp","href":"https:\/\/api.w.org\/{rel}","templated":true}]}}