{"id":11420,"date":"2022-06-20T17:46:14","date_gmt":"2022-06-20T15:46:14","guid":{"rendered":"http:\/\/just-now.news\/de\/deutschland\/peskow-ovks-beteiligung-an-russischem-sondereinsatz-in-der-ukraine-nicht-diskutiert\/"},"modified":"2022-06-20T17:46:14","modified_gmt":"2022-06-20T15:46:14","slug":"peskow-ovks-beteiligung-an-russischem-sondereinsatz-in-der-ukraine-nicht-diskutiert","status":"publish","type":"post","link":"https:\/\/now-news.de\/de\/deutschland\/peskow-ovks-beteiligung-an-russischem-sondereinsatz-in-der-ukraine-nicht-diskutiert\/","title":{"rendered":"Peskow: OVKS-Beteiligung an russischem Sondereinsatz in der Ukraine nicht diskutiert"},"content":{"rendered":"<p><img decoding=\"async\" src=\"http:\/\/just-now.news\/de\/wp-content\/uploads\/sites\/3\/2022\/06\/62b0796548fbef4d21388743.jpg\" \/><\/p>\n<p>Der Kreml habe nicht in Erw\u00e4gung gezogen, die Truppen der Organisation des Vertrags \u00fcber kollektive Sicherheit (OVKS) an der speziellen Milit\u00e4roperation Russlands in der Ukraine zu beteiligen. Dies erkl\u00e4rte der Pressesprecher des russischen Pr\u00e4sidenten, Dmitri Peskow, gegen\u00fcber Journalisten.<em><\/em><\/p>\n<p>Er wies darauf hin, dass die Entwicklung der OVKS eine der au\u00dfenpolitischen Priorit\u00e4ten Russlands sei, w\u00e4hrend die Organisation selbst &#8220;in der j\u00fcngsten Vergangenheit ihre Wirksamkeit, Effizienz und Notwendigkeit unter Beweis gestellt&#8221; habe.<\/p>\n<p>Dem Sicherheits-B\u00fcndnis geh\u00f6ren neben Russland auch Armenien, Wei\u00dfrussland, Kasachstan, Kirgisistan und Tadschikistan an.<\/p>\n<p>Am 16. Mai fand in Moskau ein Gipfeltreffen der Staats- und Regierungschefs der OVKS aus Anlass des 30-j\u00e4hrigen Bestehens des Vertrags \u00fcber kollektive Sicherheit und des 20-j\u00e4hrigen Bestehens der Organisation statt. Bei dem Treffen versprach Putin den Leitern, sie \u00fcber die milit\u00e4rischen Entwicklungen zu informieren. Der Generalsekret\u00e4r der OVKS, Stanislaw Sas, betonte, dass die Frage der Beteiligung der kollektiven Sicherheits-Streitkr\u00e4fte an Spezialoperationen auf dem Gipfel nicht er\u00f6rtert wurde.<\/p>\n<p>Im Juni warf der tschetschenische Pr\u00e4sident Ramsan Kadyrow den OVKS-Oberen vor dem Hintergrund der Ereignisse in der Ukraine eine mangelnde Haltung vor. Er sagte:<\/p>\n<blockquote>\n<p><em>&#8220;Wenn es einen Staat gibt, wenn es einen Verb\u00fcndeten gibt, dann muss er sich entscheiden und etwas unternehmen. Wer hat Wei\u00dfrussland gerettet? Russland. Wer hat Kasachstan gerettet? Russland. Wer hat den Krieg zwischen Armenien und Aserbaidschan beendet? Russland. Und wenn Russland Hilfe braucht, schweigen Sie alle \u2013 Sie haben Angst vor Sanktionen.&#8221;<\/em><\/p>\n<\/blockquote>\n<p>Konstantin Satulin, Abgeordneter und stellvertretender Vorsitzender des Staatsduma-Ausschusses f\u00fcr GUS-Angelegenheiten, sagte seinerseits am 18. Juni, dass Russlands &#8220;sogenannte Verb\u00fcndete&#8221; in der GUS, der EAWU (Eurasische Wirtschaftsunion) und der OVKS &#8220;ein sehr eigenartiges Verst\u00e4ndnis ihrer Verpflichtungen und ihres B\u00fcndnisses haben&#8221; und diese Zusammenschl\u00fcsse &#8220;wie ein Buffet&#8221; behandeln. Damit reagierte er auf die \u00c4u\u00dferungen des kasachischen Pr\u00e4sidenten Qassym-Schomart Toqajew \u00fcber die Nichtanerkennung der Volksrepubliken Lugansk und Donezk. Andrei Turtschak, Sekret\u00e4r des Generalrats von &#8220;Einiges Russland&#8221;, kritisierte Satulins Position und schlug vor, er solle sich &#8220;auf die Aufgaben seines Ausschusses konzentrieren&#8221;, das hei\u00dft die St\u00e4rkung der verb\u00fcndeten Beziehungen zu den L\u00e4ndern der ehemaligen Sowjetunion. Turtschak betonte, dass die Worte Toqajews kein Grund f\u00fcr Beamte seien, &#8220;provokante, voreingenommene Kommentare in den Medien abzugeben&#8221;.<\/p>\n<p>Seit dem 24. Februar f\u00fchrt Russland in der Ukraine eine Operation zur &#8220;Entmilitarisierung und Entnazifizierung&#8221; durch. Kiew hat das Kriegsrecht verh\u00e4ngt und die diplomatischen Beziehungen zu Moskau abgebrochen.<\/p>\n<p>Im Januar waren OVKS-Friedenstruppen an der Niederschlagung von Protesten in Kasachstan beteiligt, die auf Toqajews Aufruf hin stattfanden. Gem\u00e4\u00df Artikel 4 des Vertrags \u00fcber kollektive Sicherheit wird ein bewaffneter Angriff, der die Sicherheit, Stabilit\u00e4t, territoriale Integrit\u00e4t und Souver\u00e4nit\u00e4t eines Mitgliedstaates bedroht, von den \u00fcbrigen Teilnehmern als Aggression gegen alle angesehen. Daher m\u00fcssen die Mitgliedstaaten im Falle einer solchen Aggression auf Ersuchen des angegriffenen Staates milit\u00e4rischen Beistand leisten. Toqajew betonte, dass es sich bei den Protesten im Januar um eine Aggression von au\u00dfen gehandelt habe, sodass es angebracht gewesen sei, das B\u00fcndnis um Hilfe zu bitten.<\/p>\n<p><strong>Mehr zum Thema<\/strong> \u2013 <a rel=\"nofollow noopener\" target=\"_blank\" href=\"https:\/\/de.rt.com\/europa\/141425-externe-verwaltung-etablieren-versuch-polens\/\">&#8220;Externe Verwaltung etablieren&#8221;: Der Versuch Polens, seinen Einfluss in der Ukraine auszuweiten<\/a><\/p>\n<p><br \/>\n<br \/><a href=\"https:\/\/de.rt.com\/russland\/141520-peskow-ovks-beteiligung-an-russischer\/\">Source link <\/a><\/p>\n","protected":false},"excerpt":{"rendered":"<p>Der Kreml habe nicht in Erw\u00e4gung gezogen, die Truppen der Organisation des Vertrags \u00fcber kollektive Sicherheit (OVKS) an der speziellen Milit\u00e4roperation Russlands in der Ukraine zu beteiligen. Dies erkl\u00e4rte der Pressesprecher des russischen Pr\u00e4sidenten, Dmitri Peskow, gegen\u00fcber Journalisten. Er wies darauf hin, dass die Entwicklung der OVKS eine der au\u00dfenpolitischen Priorit\u00e4ten Russlands sei, w\u00e4hrend die [&hellip;]<\/p>\n","protected":false},"author":3,"featured_media":11421,"comment_status":"open","ping_status":"open","sticky":false,"template":"","format":"standard","meta":{"wp_automatic_camp":["217"],"a39f56e6a1f56bc619d123cfc91db057":["Peskow: OVKS-Beteiligung an russischem Sondereinsatz in der Ukraine nicht diskutiert"],"original_link":["https:\/\/de.rt.com\/russland\/141520-peskow-ovks-beteiligung-an-russischer\/"],"_thumbnail_id":["11421"],"_wptg_p2tg_sent2tg":["2022-06-20 17:54:03"],"jnews_social_counter_last_update":["1777671825"]},"categories":[19,23],"tags":[82,20437,800,25181,18597,915,25182,127],"yoast_head":"<!-- This site is optimized with the Yoast SEO Premium plugin v22.7 (Yoast SEO v22.7) - https:\/\/yoast.com\/wordpress\/plugins\/seo\/ -->\n<title>Peskow: OVKS-Beteiligung an russischem Sondereinsatz in der Ukraine nicht diskutiert - just-now.NEWS Deutschland<\/title>\n<meta name=\"robots\" content=\"index, follow, max-snippet:-1, max-image-preview:large, max-video-preview:-1\" \/>\n<link rel=\"canonical\" href=\"https:\/\/now-news.de\/de\/deutschland\/peskow-ovks-beteiligung-an-russischem-sondereinsatz-in-der-ukraine-nicht-diskutiert\/\" \/>\n<meta property=\"og:locale\" content=\"de_DE\" \/>\n<meta property=\"og:type\" content=\"article\" \/>\n<meta property=\"og:title\" content=\"Peskow: OVKS-Beteiligung an russischem Sondereinsatz in der Ukraine nicht diskutiert\" \/>\n<meta property=\"og:description\" content=\"Der Kreml habe nicht in Erw\u00e4gung gezogen, die Truppen der Organisation des Vertrags \u00fcber kollektive Sicherheit (OVKS) an der speziellen Milit\u00e4roperation Russlands in der Ukraine zu beteiligen. Dies erkl\u00e4rte der Pressesprecher des russischen Pr\u00e4sidenten, Dmitri Peskow, gegen\u00fcber Journalisten. Er wies darauf hin, dass die Entwicklung der OVKS eine der au\u00dfenpolitischen Priorit\u00e4ten Russlands sei, w\u00e4hrend die [&hellip;]\" \/>\n<meta property=\"og:url\" content=\"https:\/\/now-news.de\/de\/deutschland\/peskow-ovks-beteiligung-an-russischem-sondereinsatz-in-der-ukraine-nicht-diskutiert\/\" \/>\n<meta property=\"og:site_name\" content=\"just-now.NEWS Deutschland\" \/>\n<meta property=\"article:publisher\" content=\"https:\/\/www.facebook.com\/wirmachenauf\" \/>\n<meta property=\"article:published_time\" content=\"2022-06-20T15:46:14+00:00\" \/>\n<meta property=\"og:image\" content=\"https:\/\/now-news.de\/de\/wp-content\/uploads\/sites\/3\/2022\/06\/Peskow-OVKS-Beteiligung-an-russischem-Sondereinsatz-in-der-Ukraine-nicht-diskutiert.jpg\" \/>\n\t<meta property=\"og:image:width\" content=\"460\" \/>\n\t<meta property=\"og:image:height\" content=\"259\" \/>\n\t<meta property=\"og:image:type\" content=\"image\/jpeg\" \/>\n<meta name=\"author\" content=\"rtnews\" \/>\n<meta name=\"twitter:card\" content=\"summary_large_image\" \/>\n<meta name=\"twitter:creator\" content=\"@WirMachenAuf_de\" \/>\n<meta name=\"twitter:site\" content=\"@WirMachenAuf_de\" \/>\n<meta name=\"twitter:label1\" content=\"Verfasst von\" \/>\n\t<meta name=\"twitter:data1\" content=\"rtnews\" \/>\n\t<meta name=\"twitter:label2\" content=\"Gesch\u00e4tzte Lesezeit\" \/>\n\t<meta name=\"twitter:data2\" content=\"3\u00a0Minuten\" \/>\n<script type=\"application\/ld+json\" class=\"yoast-schema-graph\">{\"@context\":\"https:\/\/schema.org\",\"@graph\":[{\"@type\":\"Article\",\"@id\":\"https:\/\/now-news.de\/de\/deutschland\/peskow-ovks-beteiligung-an-russischem-sondereinsatz-in-der-ukraine-nicht-diskutiert\/#article\",\"isPartOf\":{\"@id\":\"https:\/\/now-news.de\/de\/deutschland\/peskow-ovks-beteiligung-an-russischem-sondereinsatz-in-der-ukraine-nicht-diskutiert\/\"},\"author\":{\"name\":\"rtnews\",\"@id\":\"https:\/\/now-news.de\/de\/#\/schema\/person\/fb534a4e865501d8b3285208df34a9b5\"},\"headline\":\"Peskow: OVKS-Beteiligung an russischem Sondereinsatz in der Ukraine nicht diskutiert\",\"datePublished\":\"2022-06-20T15:46:14+00:00\",\"dateModified\":\"2022-06-20T15:46:14+00:00\",\"mainEntityOfPage\":{\"@id\":\"https:\/\/now-news.de\/de\/deutschland\/peskow-ovks-beteiligung-an-russischem-sondereinsatz-in-der-ukraine-nicht-diskutiert\/\"},\"wordCount\":536,\"commentCount\":0,\"publisher\":{\"@id\":\"https:\/\/now-news.de\/de\/#organization\"},\"image\":{\"@id\":\"https:\/\/now-news.de\/de\/deutschland\/peskow-ovks-beteiligung-an-russischem-sondereinsatz-in-der-ukraine-nicht-diskutiert\/#primaryimage\"},\"thumbnailUrl\":\"https:\/\/now-news.de\/de\/wp-content\/uploads\/sites\/3\/2022\/06\/Peskow-OVKS-Beteiligung-an-russischem-Sondereinsatz-in-der-Ukraine-nicht-diskutiert.jpg\",\"keywords\":[\"der\",\"diskutiert\",\"nicht\",\"OVKSBeteiligung\",\"Peskow\",\"russischem\",\"Sondereinsatz\",\"ukraine\"],\"articleSection\":[\"Deutschland\",\"Russland\"],\"inLanguage\":\"de\",\"potentialAction\":[{\"@type\":\"CommentAction\",\"name\":\"Comment\",\"target\":[\"https:\/\/now-news.de\/de\/deutschland\/peskow-ovks-beteiligung-an-russischem-sondereinsatz-in-der-ukraine-nicht-diskutiert\/#respond\"]}]},{\"@type\":\"WebPage\",\"@id\":\"https:\/\/now-news.de\/de\/deutschland\/peskow-ovks-beteiligung-an-russischem-sondereinsatz-in-der-ukraine-nicht-diskutiert\/\",\"url\":\"https:\/\/now-news.de\/de\/deutschland\/peskow-ovks-beteiligung-an-russischem-sondereinsatz-in-der-ukraine-nicht-diskutiert\/\",\"name\":\"Peskow: OVKS-Beteiligung an russischem Sondereinsatz in der Ukraine nicht diskutiert - just-now.NEWS Deutschland\",\"isPartOf\":{\"@id\":\"https:\/\/now-news.de\/de\/#website\"},\"primaryImageOfPage\":{\"@id\":\"https:\/\/now-news.de\/de\/deutschland\/peskow-ovks-beteiligung-an-russischem-sondereinsatz-in-der-ukraine-nicht-diskutiert\/#primaryimage\"},\"image\":{\"@id\":\"https:\/\/now-news.de\/de\/deutschland\/peskow-ovks-beteiligung-an-russischem-sondereinsatz-in-der-ukraine-nicht-diskutiert\/#primaryimage\"},\"thumbnailUrl\":\"https:\/\/now-news.de\/de\/wp-content\/uploads\/sites\/3\/2022\/06\/Peskow-OVKS-Beteiligung-an-russischem-Sondereinsatz-in-der-Ukraine-nicht-diskutiert.jpg\",\"datePublished\":\"2022-06-20T15:46:14+00:00\",\"dateModified\":\"2022-06-20T15:46:14+00:00\",\"breadcrumb\":{\"@id\":\"https:\/\/now-news.de\/de\/deutschland\/peskow-ovks-beteiligung-an-russischem-sondereinsatz-in-der-ukraine-nicht-diskutiert\/#breadcrumb\"},\"inLanguage\":\"de\",\"potentialAction\":[{\"@type\":\"ReadAction\",\"target\":[\"https:\/\/now-news.de\/de\/deutschland\/peskow-ovks-beteiligung-an-russischem-sondereinsatz-in-der-ukraine-nicht-diskutiert\/\"]}]},{\"@type\":\"ImageObject\",\"inLanguage\":\"de\",\"@id\":\"https:\/\/now-news.de\/de\/deutschland\/peskow-ovks-beteiligung-an-russischem-sondereinsatz-in-der-ukraine-nicht-diskutiert\/#primaryimage\",\"url\":\"https:\/\/now-news.de\/de\/wp-content\/uploads\/sites\/3\/2022\/06\/Peskow-OVKS-Beteiligung-an-russischem-Sondereinsatz-in-der-Ukraine-nicht-diskutiert.jpg\",\"contentUrl\":\"https:\/\/now-news.de\/de\/wp-content\/uploads\/sites\/3\/2022\/06\/Peskow-OVKS-Beteiligung-an-russischem-Sondereinsatz-in-der-Ukraine-nicht-diskutiert.jpg\",\"width\":460,\"height\":259,\"caption\":\"Peskow: OVKS-Beteiligung an russischem Sondereinsatz in der Ukraine nicht diskutiert\"},{\"@type\":\"BreadcrumbList\",\"@id\":\"https:\/\/now-news.de\/de\/deutschland\/peskow-ovks-beteiligung-an-russischem-sondereinsatz-in-der-ukraine-nicht-diskutiert\/#breadcrumb\",\"itemListElement\":[{\"@type\":\"ListItem\",\"position\":1,\"name\":\"Home\",\"item\":\"https:\/\/now-news.de\/de\/\"},{\"@type\":\"ListItem\",\"position\":2,\"name\":\"Peskow: OVKS-Beteiligung an russischem Sondereinsatz in der Ukraine nicht diskutiert\"}]},{\"@type\":\"WebSite\",\"@id\":\"https:\/\/now-news.de\/de\/#website\",\"url\":\"https:\/\/now-news.de\/de\/\",\"name\":\"just-now.NEWS Deutschland\",\"description\":\"Das Portal f\u00fcr unzensierte Nachrichten aus der Welt\",\"publisher\":{\"@id\":\"https:\/\/now-news.de\/de\/#organization\"},\"potentialAction\":[{\"@type\":\"SearchAction\",\"target\":{\"@type\":\"EntryPoint\",\"urlTemplate\":\"https:\/\/now-news.de\/de\/?s={search_term_string}\"},\"query-input\":\"required name=search_term_string\"}],\"inLanguage\":\"de\"},{\"@type\":\"Organization\",\"@id\":\"https:\/\/now-news.de\/de\/#organization\",\"name\":\"Just Now News\",\"url\":\"https:\/\/now-news.de\/de\/\",\"logo\":{\"@type\":\"ImageObject\",\"inLanguage\":\"de\",\"@id\":\"https:\/\/now-news.de\/de\/#\/schema\/logo\/image\/\",\"url\":\"http:\/\/just-now.news\/de\/wp-content\/uploads\/sites\/3\/2022\/04\/logo500x500.jpg\",\"contentUrl\":\"http:\/\/just-now.news\/de\/wp-content\/uploads\/sites\/3\/2022\/04\/logo500x500.jpg\",\"width\":500,\"height\":500,\"caption\":\"Just Now News\"},\"image\":{\"@id\":\"https:\/\/now-news.de\/de\/#\/schema\/logo\/image\/\"},\"sameAs\":[\"https:\/\/www.facebook.com\/wirmachenauf\",\"https:\/\/x.com\/WirMachenAuf_de\"]},{\"@type\":\"Person\",\"@id\":\"https:\/\/now-news.de\/de\/#\/schema\/person\/fb534a4e865501d8b3285208df34a9b5\",\"name\":\"rtnews\",\"image\":{\"@type\":\"ImageObject\",\"inLanguage\":\"de\",\"@id\":\"https:\/\/now-news.de\/de\/#\/schema\/person\/image\/\",\"url\":\"https:\/\/secure.gravatar.com\/avatar\/82aafea7d8127119dd649515f56e2117?s=96&d=mm&r=g\",\"contentUrl\":\"https:\/\/secure.gravatar.com\/avatar\/82aafea7d8127119dd649515f56e2117?s=96&d=mm&r=g\",\"caption\":\"rtnews\"},\"url\":\"https:\/\/now-news.de\/de\/author\/rnews\/\"}]}<\/script>\n<!-- \/ Yoast SEO Premium plugin. -->","yoast_head_json":{"title":"Peskow: OVKS-Beteiligung an russischem Sondereinsatz in der Ukraine nicht diskutiert - just-now.NEWS Deutschland","robots":{"index":"index","follow":"follow","max-snippet":"max-snippet:-1","max-image-preview":"max-image-preview:large","max-video-preview":"max-video-preview:-1"},"canonical":"https:\/\/now-news.de\/de\/deutschland\/peskow-ovks-beteiligung-an-russischem-sondereinsatz-in-der-ukraine-nicht-diskutiert\/","og_locale":"de_DE","og_type":"article","og_title":"Peskow: OVKS-Beteiligung an russischem Sondereinsatz in der Ukraine nicht diskutiert","og_description":"Der Kreml habe nicht in Erw\u00e4gung gezogen, die Truppen der Organisation des Vertrags \u00fcber kollektive Sicherheit (OVKS) an der speziellen Milit\u00e4roperation Russlands in der Ukraine zu beteiligen. Dies erkl\u00e4rte der Pressesprecher des russischen Pr\u00e4sidenten, Dmitri Peskow, gegen\u00fcber Journalisten. Er wies darauf hin, dass die Entwicklung der OVKS eine der au\u00dfenpolitischen Priorit\u00e4ten Russlands sei, w\u00e4hrend die [&hellip;]","og_url":"https:\/\/now-news.de\/de\/deutschland\/peskow-ovks-beteiligung-an-russischem-sondereinsatz-in-der-ukraine-nicht-diskutiert\/","og_site_name":"just-now.NEWS Deutschland","article_publisher":"https:\/\/www.facebook.com\/wirmachenauf","article_published_time":"2022-06-20T15:46:14+00:00","og_image":[{"width":460,"height":259,"url":"https:\/\/now-news.de\/de\/wp-content\/uploads\/sites\/3\/2022\/06\/Peskow-OVKS-Beteiligung-an-russischem-Sondereinsatz-in-der-Ukraine-nicht-diskutiert.jpg","type":"image\/jpeg"}],"author":"rtnews","twitter_card":"summary_large_image","twitter_creator":"@WirMachenAuf_de","twitter_site":"@WirMachenAuf_de","twitter_misc":{"Verfasst von":"rtnews","Gesch\u00e4tzte Lesezeit":"3\u00a0Minuten"},"schema":{"@context":"https:\/\/schema.org","@graph":[{"@type":"Article","@id":"https:\/\/now-news.de\/de\/deutschland\/peskow-ovks-beteiligung-an-russischem-sondereinsatz-in-der-ukraine-nicht-diskutiert\/#article","isPartOf":{"@id":"https:\/\/now-news.de\/de\/deutschland\/peskow-ovks-beteiligung-an-russischem-sondereinsatz-in-der-ukraine-nicht-diskutiert\/"},"author":{"name":"rtnews","@id":"https:\/\/now-news.de\/de\/#\/schema\/person\/fb534a4e865501d8b3285208df34a9b5"},"headline":"Peskow: OVKS-Beteiligung an russischem Sondereinsatz in der Ukraine nicht diskutiert","datePublished":"2022-06-20T15:46:14+00:00","dateModified":"2022-06-20T15:46:14+00:00","mainEntityOfPage":{"@id":"https:\/\/now-news.de\/de\/deutschland\/peskow-ovks-beteiligung-an-russischem-sondereinsatz-in-der-ukraine-nicht-diskutiert\/"},"wordCount":536,"commentCount":0,"publisher":{"@id":"https:\/\/now-news.de\/de\/#organization"},"image":{"@id":"https:\/\/now-news.de\/de\/deutschland\/peskow-ovks-beteiligung-an-russischem-sondereinsatz-in-der-ukraine-nicht-diskutiert\/#primaryimage"},"thumbnailUrl":"https:\/\/now-news.de\/de\/wp-content\/uploads\/sites\/3\/2022\/06\/Peskow-OVKS-Beteiligung-an-russischem-Sondereinsatz-in-der-Ukraine-nicht-diskutiert.jpg","keywords":["der","diskutiert","nicht","OVKSBeteiligung","Peskow","russischem","Sondereinsatz","ukraine"],"articleSection":["Deutschland","Russland"],"inLanguage":"de","potentialAction":[{"@type":"CommentAction","name":"Comment","target":["https:\/\/now-news.de\/de\/deutschland\/peskow-ovks-beteiligung-an-russischem-sondereinsatz-in-der-ukraine-nicht-diskutiert\/#respond"]}]},{"@type":"WebPage","@id":"https:\/\/now-news.de\/de\/deutschland\/peskow-ovks-beteiligung-an-russischem-sondereinsatz-in-der-ukraine-nicht-diskutiert\/","url":"https:\/\/now-news.de\/de\/deutschland\/peskow-ovks-beteiligung-an-russischem-sondereinsatz-in-der-ukraine-nicht-diskutiert\/","name":"Peskow: OVKS-Beteiligung an russischem Sondereinsatz in der Ukraine nicht diskutiert - just-now.NEWS Deutschland","isPartOf":{"@id":"https:\/\/now-news.de\/de\/#website"},"primaryImageOfPage":{"@id":"https:\/\/now-news.de\/de\/deutschland\/peskow-ovks-beteiligung-an-russischem-sondereinsatz-in-der-ukraine-nicht-diskutiert\/#primaryimage"},"image":{"@id":"https:\/\/now-news.de\/de\/deutschland\/peskow-ovks-beteiligung-an-russischem-sondereinsatz-in-der-ukraine-nicht-diskutiert\/#primaryimage"},"thumbnailUrl":"https:\/\/now-news.de\/de\/wp-content\/uploads\/sites\/3\/2022\/06\/Peskow-OVKS-Beteiligung-an-russischem-Sondereinsatz-in-der-Ukraine-nicht-diskutiert.jpg","datePublished":"2022-06-20T15:46:14+00:00","dateModified":"2022-06-20T15:46:14+00:00","breadcrumb":{"@id":"https:\/\/now-news.de\/de\/deutschland\/peskow-ovks-beteiligung-an-russischem-sondereinsatz-in-der-ukraine-nicht-diskutiert\/#breadcrumb"},"inLanguage":"de","potentialAction":[{"@type":"ReadAction","target":["https:\/\/now-news.de\/de\/deutschland\/peskow-ovks-beteiligung-an-russischem-sondereinsatz-in-der-ukraine-nicht-diskutiert\/"]}]},{"@type":"ImageObject","inLanguage":"de","@id":"https:\/\/now-news.de\/de\/deutschland\/peskow-ovks-beteiligung-an-russischem-sondereinsatz-in-der-ukraine-nicht-diskutiert\/#primaryimage","url":"https:\/\/now-news.de\/de\/wp-content\/uploads\/sites\/3\/2022\/06\/Peskow-OVKS-Beteiligung-an-russischem-Sondereinsatz-in-der-Ukraine-nicht-diskutiert.jpg","contentUrl":"https:\/\/now-news.de\/de\/wp-content\/uploads\/sites\/3\/2022\/06\/Peskow-OVKS-Beteiligung-an-russischem-Sondereinsatz-in-der-Ukraine-nicht-diskutiert.jpg","width":460,"height":259,"caption":"Peskow: OVKS-Beteiligung an russischem Sondereinsatz in der Ukraine nicht diskutiert"},{"@type":"BreadcrumbList","@id":"https:\/\/now-news.de\/de\/deutschland\/peskow-ovks-beteiligung-an-russischem-sondereinsatz-in-der-ukraine-nicht-diskutiert\/#breadcrumb","itemListElement":[{"@type":"ListItem","position":1,"name":"Home","item":"https:\/\/now-news.de\/de\/"},{"@type":"ListItem","position":2,"name":"Peskow: OVKS-Beteiligung an russischem Sondereinsatz in der Ukraine nicht diskutiert"}]},{"@type":"WebSite","@id":"https:\/\/now-news.de\/de\/#website","url":"https:\/\/now-news.de\/de\/","name":"just-now.NEWS Deutschland","description":"Das Portal f\u00fcr unzensierte Nachrichten aus der Welt","publisher":{"@id":"https:\/\/now-news.de\/de\/#organization"},"potentialAction":[{"@type":"SearchAction","target":{"@type":"EntryPoint","urlTemplate":"https:\/\/now-news.de\/de\/?s={search_term_string}"},"query-input":"required name=search_term_string"}],"inLanguage":"de"},{"@type":"Organization","@id":"https:\/\/now-news.de\/de\/#organization","name":"Just Now News","url":"https:\/\/now-news.de\/de\/","logo":{"@type":"ImageObject","inLanguage":"de","@id":"https:\/\/now-news.de\/de\/#\/schema\/logo\/image\/","url":"http:\/\/just-now.news\/de\/wp-content\/uploads\/sites\/3\/2022\/04\/logo500x500.jpg","contentUrl":"http:\/\/just-now.news\/de\/wp-content\/uploads\/sites\/3\/2022\/04\/logo500x500.jpg","width":500,"height":500,"caption":"Just Now News"},"image":{"@id":"https:\/\/now-news.de\/de\/#\/schema\/logo\/image\/"},"sameAs":["https:\/\/www.facebook.com\/wirmachenauf","https:\/\/x.com\/WirMachenAuf_de"]},{"@type":"Person","@id":"https:\/\/now-news.de\/de\/#\/schema\/person\/fb534a4e865501d8b3285208df34a9b5","name":"rtnews","image":{"@type":"ImageObject","inLanguage":"de","@id":"https:\/\/now-news.de\/de\/#\/schema\/person\/image\/","url":"https:\/\/secure.gravatar.com\/avatar\/82aafea7d8127119dd649515f56e2117?s=96&d=mm&r=g","contentUrl":"https:\/\/secure.gravatar.com\/avatar\/82aafea7d8127119dd649515f56e2117?s=96&d=mm&r=g","caption":"rtnews"},"url":"https:\/\/now-news.de\/de\/author\/rnews\/"}]}},"_links":{"self":[{"href":"https:\/\/now-news.de\/de\/wp-json\/wp\/v2\/posts\/11420"}],"collection":[{"href":"https:\/\/now-news.de\/de\/wp-json\/wp\/v2\/posts"}],"about":[{"href":"https:\/\/now-news.de\/de\/wp-json\/wp\/v2\/types\/post"}],"author":[{"embeddable":true,"href":"https:\/\/now-news.de\/de\/wp-json\/wp\/v2\/users\/3"}],"replies":[{"embeddable":true,"href":"https:\/\/now-news.de\/de\/wp-json\/wp\/v2\/comments?post=11420"}],"version-history":[{"count":0,"href":"https:\/\/now-news.de\/de\/wp-json\/wp\/v2\/posts\/11420\/revisions"}],"wp:featuredmedia":[{"embeddable":true,"href":"https:\/\/now-news.de\/de\/wp-json\/wp\/v2\/media\/11421"}],"wp:attachment":[{"href":"https:\/\/now-news.de\/de\/wp-json\/wp\/v2\/media?parent=11420"}],"wp:term":[{"taxonomy":"category","embeddable":true,"href":"https:\/\/now-news.de\/de\/wp-json\/wp\/v2\/categories?post=11420"},{"taxonomy":"post_tag","embeddable":true,"href":"https:\/\/now-news.de\/de\/wp-json\/wp\/v2\/tags?post=11420"}],"curies":[{"name":"wp","href":"https:\/\/api.w.org\/{rel}","templated":true}]}}