{"id":11401,"date":"2022-06-20T12:28:53","date_gmt":"2022-06-20T10:28:53","guid":{"rendered":"http:\/\/just-now.news\/de\/deutschland\/erster-sieg-des-volkes-kolumbien-waehlt-zum-ersten-mal-einen-linken-praesidenten\/"},"modified":"2022-06-20T12:28:53","modified_gmt":"2022-06-20T10:28:53","slug":"erster-sieg-des-volkes-kolumbien-waehlt-zum-ersten-mal-einen-linken-praesidenten","status":"publish","type":"post","link":"https:\/\/now-news.de\/de\/deutschland\/erster-sieg-des-volkes-kolumbien-waehlt-zum-ersten-mal-einen-linken-praesidenten\/","title":{"rendered":"&quot;Erster Sieg des Volkes&quot;: Kolumbien w\u00e4hlt zum ersten Mal einen linken Pr\u00e4sidenten"},"content":{"rendered":"<p><img decoding=\"async\" src=\"http:\/\/just-now.news\/de\/wp-content\/uploads\/sites\/3\/2022\/06\/62b031ecb480cc287f7ca706.jpg\" \/><\/p>\n<p>Gustavo Petro hat die Pr\u00e4sidentschaftswahlen in Kolumbien am Sonntag in einer Stichwahl mit \u00fcber 50 Prozent der Stimmen gewonnen und damit den wirtschaftsnahen Baumagnaten Rodolfo Hern\u00e1ndez besiegt. Jener r\u00e4umte seine Niederlage zwischenzeitlich auch ein. Der 77-j\u00e4hrige Hern\u00e1ndez erhielt demnach 47,3 Prozent.<\/p>\n<p><a rel=\"nofollow noopener\" target=\"_blank\" href=\"https:\/\/de.wikipedia.org\/wiki\/Gustavo_Petro\">Gustavo Francisco Petro Urrego<\/a> wird damit der erste linke Staatschef in der Geschichte dieses Landes sein. Der 62-j\u00e4hrige \u00d6konom <a rel=\"nofollow noopener\" target=\"_blank\" href=\"https:\/\/twitter.com\/petrogustavo\/status\/1538645778540937217\">schrieb auf Kurznachrichtendienst Twitter<\/a>, kurz nachdem die Ergebnisse feststanden:<\/p>\n<blockquote>\n<p><em>&#8220;Heute ist ein Tag zum Feiern f\u00fcr das Volk. Lasst es den ersten Sieg des Volkes feiern.&#8221;<\/em><\/p>\n<\/blockquote>\n<p>Dies sei &#8220;ein Sieg f\u00fcr Gott und f\u00fcr die Menschen und ihre Geschichte&#8221;. Heute sei der Tag der Stra\u00dfen und Pl\u00e4tze. Sp\u00e4ter betrat Petro die B\u00fchne in der Hauptstadt und dankte seinen Anh\u00e4ngern.<\/p>\n<blockquote>\n<p><em>&#8220;Diese Geschichte, die wir heute schreiben, ist eine neue Geschichte f\u00fcr Kolumbien, f\u00fcr Lateinamerika, f\u00fcr die Welt. Wir werden diese W\u00e4hlerschaft nicht verraten.&#8221;<\/em><\/p>\n<\/blockquote>\n<div class=\"EmbedBlock-root EmbedBlock-twitter\">\n<div class=\"TwitterEmbed\">\n<blockquote class=\"twitter-tweet lazyload\" data-twitter=\"twitter-tweet\">\n<p lang=\"es\" dir=\"ltr\"><a rel=\"nofollow noopener\" target=\"_blank\" href=\"https:\/\/twitter.com\/hashtag\/SegundaVuelta?src=hash&amp;ref_src=twsrc%5Etfw\">#SegundaVuelta<\/a>&#8220;Le solicito al fiscal general que deje en libertad a nuestros j\u00f3venes y a la se\u00f1ora procuradora que restituya a los alcaldes&#8221;, dice <a rel=\"nofollow noopener\" target=\"_blank\" href=\"https:\/\/twitter.com\/petrogustavo?ref_src=twsrc%5Etfw\">@petrogustavo<\/a> sobre las capturas a j\u00f3venes de primera l\u00ednea y la destituci\u00f3n de <a rel=\"nofollow noopener\" target=\"_blank\" href=\"https:\/\/twitter.com\/QuinteroCalle?ref_src=twsrc%5Etfw\">@QuinteroCalle<\/a>. As\u00ed responde el p\u00fablico: <a rel=\"nofollow noopener\" target=\"_blank\" href=\"https:\/\/t.co\/dQr7Acj6vT\">pic.twitter.com\/dQr7Acj6vT<\/a><\/p>\n<p>\u2014 La Silla Vac\u00eda (@lasillavacia) <a rel=\"nofollow noopener\" target=\"_blank\" href=\"https:\/\/twitter.com\/lasillavacia\/status\/1538687740660826115?ref_src=twsrc%5Etfw\">June 20, 2022<\/a><\/p><\/blockquote><\/div><\/div>\n<p>Der neugew\u00e4hlte Pr\u00e4sident f\u00fcgte hinzu, er wolle sich \u00fcber die verschiedenen Fronten hinweg f\u00fcr die Einigung des Landes einsetzen.<\/p>\n<blockquote>\n<p><em>&#8220;Wir wollen, dass Kolumbien inmitten seiner Vielfalt ein Kolumbien ist und nicht zwei Kolumbien.&#8221;<\/em><\/p>\n<\/blockquote>\n<p>Das zweitbev\u00f6lkerungsreichste Land S\u00fcdamerikas mit rund 50 Millionen Einwohnern wurde mehr als 50 Jahre lang von einem blutigen B\u00fcrgerkrieg zwischen linksgerichteten Guerillagruppen, rechten Paramilit\u00e4rs und staatlichen Sicherheitskr\u00e4ften zerr\u00fcttet. Mehr als 200.000 Menschen kamen dabei ums Leben. Heute pr\u00e4gen wirtschaftliche Probleme das Land. Die soziale Kluft ist immens.<\/p>\n<p>Petro selbst hatte sich im Alter von 17 Jahren der inzwischen aufgel\u00f6sten Stadtguerilla M-19 angeschlossen, betonte aber sp\u00e4ter laut einem Bericht der Nachrichtenagentur <em>AFP<\/em>, dass er ein Organisator und kein K\u00e4mpfer gewesen sei. Zuletzt sa\u00df Petro als Abgeordneter im Senat und war davor bereits einmal B\u00fcrgermeister der Hauptstadt Bogot\u00e1.<\/p>\n<p>Der Sieg Petros wurde von anderen linken F\u00fchrungspers\u00f6nlichkeiten in der ganzen Region begr\u00fc\u00dft, darunter die Pr\u00e4sidenten von Mexiko, Argentinien, Bolivien, Chile, Peru, Venezuela, Kuba und Honduras.<\/p>\n<p>Auch US-Au\u00dfenminister Antony Blinken gratulierte dem 62-J\u00e4hrigen und erkl\u00e4rte, Washington sei bereit, mit der Regierung unter Petro zusammenzuarbeiten, um &#8220;eine demokratischere und gerechtere Hemisph\u00e4re&#8221; aufzubauen.<\/p>\n<p>Der amtierende Pr\u00e4sident Kolumbiens erkannte den Wahlsieg von Petro ebenfalls an. Der konservative Staatschef Iv\u00e1n Duque schrieb dazu auf Twitter:\u00a0<\/p>\n<blockquote>\n<p><em>&#8220;Ich habe Gustavo Petro angerufen, um ihm als gew\u00e4hltem Pr\u00e4sidenten des kolumbianischen Volkes zu gratulieren. Wir sind \u00fcbereingekommen, uns in den n\u00e4chsten Tagen zu treffen, um einen harmonischen, institutionellen und transparenten \u00dcbergang einzuleiten.&#8221;<\/em><\/p>\n<\/blockquote>\n<p><strong>Petros Sieg k\u00f6nnte f\u00fcr Deutschlands aktuelle Energiepl\u00e4ne zum Problem werden\u00a0<\/strong><\/p>\n<p>Petro will nach eigenen Worten das Land befrieden, die Ausbeutung von Rohstoffen bremsen, den Tourismus f\u00f6rdern und Unternehmen st\u00e4rker besteuern. Laut einem Bericht der Nachrichtenagentur <em>dpa<\/em> k\u00f6nnte sein Wahlsieg auch Folgen f\u00fcr Deutschland haben, das wegen der Sanktionen gegen Russland k\u00fcnftig mehr Kohle aus\u00a0Kolumbien\u00a0importieren will.<\/p>\n<p>Unl\u00e4ngst erst hatte Bundeskanzler Olaf Scholz deshalb mit dem kolumbianischen Pr\u00e4sidenten Duque telefoniert. Kolumbien\u00a0pr\u00fcfe die M\u00f6glichkeit, die Kohle-Exporte nach Deutschland zu erh\u00f6hen, um dessen Energiesicherheit zu st\u00e4rken, hie\u00df es danach in einer Mitteilung des Pr\u00e4sidialamtes in Bogot\u00e1.<\/p>\n<p><strong>Mehr zum Thema<\/strong> &#8211; <a rel=\"nofollow noopener\" target=\"_blank\" href=\"https:\/\/de.rt.com\/international\/139554-blutige-kohle-aus-kolumbien-energiepolitik\/\">&#8220;Blutige Kohle&#8221; aus Kolumbien \u2013 Energiepolitik zulasten von Mensch und Umwelt<\/a><\/p>\n<p><script async src=\"https:\/\/platform.twitter.com\/widgets.js\" charset=\"utf-8\"><\/script><br \/>\n<br \/><br \/>\n<br \/><a href=\"https:\/\/de.rt.com\/amerika\/141493-kolumbien-wahlt-zum-ersten-mal\/\">Source link <\/a><\/p>\n","protected":false},"excerpt":{"rendered":"<p>Gustavo Petro hat die Pr\u00e4sidentschaftswahlen in Kolumbien am Sonntag in einer Stichwahl mit \u00fcber 50 Prozent der Stimmen gewonnen und damit den wirtschaftsnahen Baumagnaten Rodolfo Hern\u00e1ndez besiegt. Jener r\u00e4umte seine Niederlage zwischenzeitlich auch ein. Der 77-j\u00e4hrige Hern\u00e1ndez erhielt demnach 47,3 Prozent. Gustavo Francisco Petro Urrego wird damit der erste linke Staatschef in der Geschichte dieses [&hellip;]<\/p>\n","protected":false},"author":3,"featured_media":11402,"comment_status":"open","ping_status":"open","sticky":false,"template":"","format":"standard","meta":{"wp_automatic_camp":["217"],"c11af54a3f3956c3cec9a532d78dcc6d":["&quot;Erster Sieg des Volkes&quot;: Kolumbien w\u00e4hlt zum ersten Mal einen linken Pr\u00e4sidenten"],"original_link":["https:\/\/de.rt.com\/amerika\/141493-kolumbien-wahlt-zum-ersten-mal\/"],"_thumbnail_id":["11402"],"_wptg_p2tg_sent2tg":["2022-06-20 12:43:16"],"jnews_social_counter_last_update":["1777211744"]},"categories":[19,23],"tags":[583,768,4899,21583,7127,1727,8462,25163,9001,11702,25164,565],"yoast_head":"<!-- This site is optimized with the Yoast SEO Premium plugin v22.7 (Yoast SEO v22.7) - https:\/\/yoast.com\/wordpress\/plugins\/seo\/ -->\n<title>&quot;Erster Sieg des Volkes&quot;: Kolumbien w\u00e4hlt zum ersten Mal einen linken Pr\u00e4sidenten - just-now.NEWS Deutschland<\/title>\n<meta name=\"robots\" content=\"index, follow, max-snippet:-1, max-image-preview:large, max-video-preview:-1\" \/>\n<link rel=\"canonical\" href=\"https:\/\/now-news.de\/de\/deutschland\/erster-sieg-des-volkes-kolumbien-waehlt-zum-ersten-mal-einen-linken-praesidenten\/\" \/>\n<meta property=\"og:locale\" content=\"de_DE\" \/>\n<meta property=\"og:type\" content=\"article\" \/>\n<meta property=\"og:title\" content=\"&quot;Erster Sieg des Volkes&quot;: Kolumbien w\u00e4hlt zum ersten Mal einen linken Pr\u00e4sidenten\" \/>\n<meta property=\"og:description\" content=\"Gustavo Petro hat die Pr\u00e4sidentschaftswahlen in Kolumbien am Sonntag in einer Stichwahl mit \u00fcber 50 Prozent der Stimmen gewonnen und damit den wirtschaftsnahen Baumagnaten Rodolfo Hern\u00e1ndez besiegt. Jener r\u00e4umte seine Niederlage zwischenzeitlich auch ein. Der 77-j\u00e4hrige Hern\u00e1ndez erhielt demnach 47,3 Prozent. Gustavo Francisco Petro Urrego wird damit der erste linke Staatschef in der Geschichte dieses [&hellip;]\" \/>\n<meta property=\"og:url\" content=\"https:\/\/now-news.de\/de\/deutschland\/erster-sieg-des-volkes-kolumbien-waehlt-zum-ersten-mal-einen-linken-praesidenten\/\" \/>\n<meta property=\"og:site_name\" content=\"just-now.NEWS Deutschland\" \/>\n<meta property=\"article:publisher\" content=\"https:\/\/www.facebook.com\/wirmachenauf\" \/>\n<meta property=\"article:published_time\" content=\"2022-06-20T10:28:53+00:00\" \/>\n<meta property=\"og:image\" content=\"https:\/\/now-news.de\/de\/wp-content\/uploads\/sites\/3\/2022\/06\/quotErster-Sieg-des-Volkesquot-Kolumbien-waehlt-zum-ersten-Mal-einen.jpg\" \/>\n\t<meta property=\"og:image:width\" content=\"460\" \/>\n\t<meta property=\"og:image:height\" content=\"259\" \/>\n\t<meta property=\"og:image:type\" content=\"image\/jpeg\" \/>\n<meta name=\"author\" content=\"rtnews\" \/>\n<meta name=\"twitter:card\" content=\"summary_large_image\" \/>\n<meta name=\"twitter:creator\" content=\"@WirMachenAuf_de\" \/>\n<meta name=\"twitter:site\" content=\"@WirMachenAuf_de\" \/>\n<meta name=\"twitter:label1\" content=\"Verfasst von\" \/>\n\t<meta name=\"twitter:data1\" content=\"rtnews\" \/>\n\t<meta name=\"twitter:label2\" content=\"Gesch\u00e4tzte Lesezeit\" \/>\n\t<meta name=\"twitter:data2\" content=\"3\u00a0Minuten\" \/>\n<script type=\"application\/ld+json\" class=\"yoast-schema-graph\">{\"@context\":\"https:\/\/schema.org\",\"@graph\":[{\"@type\":\"Article\",\"@id\":\"https:\/\/now-news.de\/de\/deutschland\/erster-sieg-des-volkes-kolumbien-waehlt-zum-ersten-mal-einen-linken-praesidenten\/#article\",\"isPartOf\":{\"@id\":\"https:\/\/now-news.de\/de\/deutschland\/erster-sieg-des-volkes-kolumbien-waehlt-zum-ersten-mal-einen-linken-praesidenten\/\"},\"author\":{\"name\":\"rtnews\",\"@id\":\"https:\/\/now-news.de\/de\/#\/schema\/person\/fb534a4e865501d8b3285208df34a9b5\"},\"headline\":\"&quot;Erster Sieg des Volkes&quot;: Kolumbien w\u00e4hlt zum ersten Mal einen linken Pr\u00e4sidenten\",\"datePublished\":\"2022-06-20T10:28:53+00:00\",\"dateModified\":\"2022-06-20T10:28:53+00:00\",\"mainEntityOfPage\":{\"@id\":\"https:\/\/now-news.de\/de\/deutschland\/erster-sieg-des-volkes-kolumbien-waehlt-zum-ersten-mal-einen-linken-praesidenten\/\"},\"wordCount\":618,\"commentCount\":0,\"publisher\":{\"@id\":\"https:\/\/now-news.de\/de\/#organization\"},\"image\":{\"@id\":\"https:\/\/now-news.de\/de\/deutschland\/erster-sieg-des-volkes-kolumbien-waehlt-zum-ersten-mal-einen-linken-praesidenten\/#primaryimage\"},\"thumbnailUrl\":\"https:\/\/now-news.de\/de\/wp-content\/uploads\/sites\/3\/2022\/06\/quotErster-Sieg-des-Volkesquot-Kolumbien-waehlt-zum-ersten-Mal-einen.jpg\",\"keywords\":[\"des\",\"einen\",\"ersten\",\"Kolumbien\",\"Linken\",\"Mal\",\"Pr\u00e4sidenten\",\"quotErster\",\"Sieg\",\"Volkesquot\",\"w\u00e4hlt\",\"zum\"],\"articleSection\":[\"Deutschland\",\"Russland\"],\"inLanguage\":\"de\",\"potentialAction\":[{\"@type\":\"CommentAction\",\"name\":\"Comment\",\"target\":[\"https:\/\/now-news.de\/de\/deutschland\/erster-sieg-des-volkes-kolumbien-waehlt-zum-ersten-mal-einen-linken-praesidenten\/#respond\"]}]},{\"@type\":\"WebPage\",\"@id\":\"https:\/\/now-news.de\/de\/deutschland\/erster-sieg-des-volkes-kolumbien-waehlt-zum-ersten-mal-einen-linken-praesidenten\/\",\"url\":\"https:\/\/now-news.de\/de\/deutschland\/erster-sieg-des-volkes-kolumbien-waehlt-zum-ersten-mal-einen-linken-praesidenten\/\",\"name\":\"&quot;Erster Sieg des Volkes&quot;: Kolumbien w\u00e4hlt zum ersten Mal einen linken Pr\u00e4sidenten - just-now.NEWS Deutschland\",\"isPartOf\":{\"@id\":\"https:\/\/now-news.de\/de\/#website\"},\"primaryImageOfPage\":{\"@id\":\"https:\/\/now-news.de\/de\/deutschland\/erster-sieg-des-volkes-kolumbien-waehlt-zum-ersten-mal-einen-linken-praesidenten\/#primaryimage\"},\"image\":{\"@id\":\"https:\/\/now-news.de\/de\/deutschland\/erster-sieg-des-volkes-kolumbien-waehlt-zum-ersten-mal-einen-linken-praesidenten\/#primaryimage\"},\"thumbnailUrl\":\"https:\/\/now-news.de\/de\/wp-content\/uploads\/sites\/3\/2022\/06\/quotErster-Sieg-des-Volkesquot-Kolumbien-waehlt-zum-ersten-Mal-einen.jpg\",\"datePublished\":\"2022-06-20T10:28:53+00:00\",\"dateModified\":\"2022-06-20T10:28:53+00:00\",\"breadcrumb\":{\"@id\":\"https:\/\/now-news.de\/de\/deutschland\/erster-sieg-des-volkes-kolumbien-waehlt-zum-ersten-mal-einen-linken-praesidenten\/#breadcrumb\"},\"inLanguage\":\"de\",\"potentialAction\":[{\"@type\":\"ReadAction\",\"target\":[\"https:\/\/now-news.de\/de\/deutschland\/erster-sieg-des-volkes-kolumbien-waehlt-zum-ersten-mal-einen-linken-praesidenten\/\"]}]},{\"@type\":\"ImageObject\",\"inLanguage\":\"de\",\"@id\":\"https:\/\/now-news.de\/de\/deutschland\/erster-sieg-des-volkes-kolumbien-waehlt-zum-ersten-mal-einen-linken-praesidenten\/#primaryimage\",\"url\":\"https:\/\/now-news.de\/de\/wp-content\/uploads\/sites\/3\/2022\/06\/quotErster-Sieg-des-Volkesquot-Kolumbien-waehlt-zum-ersten-Mal-einen.jpg\",\"contentUrl\":\"https:\/\/now-news.de\/de\/wp-content\/uploads\/sites\/3\/2022\/06\/quotErster-Sieg-des-Volkesquot-Kolumbien-waehlt-zum-ersten-Mal-einen.jpg\",\"width\":460,\"height\":259,\"caption\":\"&quot;Erster Sieg des Volkes&quot;: Kolumbien w\u00e4hlt zum ersten Mal einen linken Pr\u00e4sidenten\"},{\"@type\":\"BreadcrumbList\",\"@id\":\"https:\/\/now-news.de\/de\/deutschland\/erster-sieg-des-volkes-kolumbien-waehlt-zum-ersten-mal-einen-linken-praesidenten\/#breadcrumb\",\"itemListElement\":[{\"@type\":\"ListItem\",\"position\":1,\"name\":\"Home\",\"item\":\"https:\/\/now-news.de\/de\/\"},{\"@type\":\"ListItem\",\"position\":2,\"name\":\"&quot;Erster Sieg des Volkes&quot;: Kolumbien w\u00e4hlt zum ersten Mal einen linken Pr\u00e4sidenten\"}]},{\"@type\":\"WebSite\",\"@id\":\"https:\/\/now-news.de\/de\/#website\",\"url\":\"https:\/\/now-news.de\/de\/\",\"name\":\"just-now.NEWS Deutschland\",\"description\":\"Das Portal f\u00fcr unzensierte Nachrichten aus der Welt\",\"publisher\":{\"@id\":\"https:\/\/now-news.de\/de\/#organization\"},\"potentialAction\":[{\"@type\":\"SearchAction\",\"target\":{\"@type\":\"EntryPoint\",\"urlTemplate\":\"https:\/\/now-news.de\/de\/?s={search_term_string}\"},\"query-input\":\"required name=search_term_string\"}],\"inLanguage\":\"de\"},{\"@type\":\"Organization\",\"@id\":\"https:\/\/now-news.de\/de\/#organization\",\"name\":\"Just Now News\",\"url\":\"https:\/\/now-news.de\/de\/\",\"logo\":{\"@type\":\"ImageObject\",\"inLanguage\":\"de\",\"@id\":\"https:\/\/now-news.de\/de\/#\/schema\/logo\/image\/\",\"url\":\"http:\/\/just-now.news\/de\/wp-content\/uploads\/sites\/3\/2022\/04\/logo500x500.jpg\",\"contentUrl\":\"http:\/\/just-now.news\/de\/wp-content\/uploads\/sites\/3\/2022\/04\/logo500x500.jpg\",\"width\":500,\"height\":500,\"caption\":\"Just Now News\"},\"image\":{\"@id\":\"https:\/\/now-news.de\/de\/#\/schema\/logo\/image\/\"},\"sameAs\":[\"https:\/\/www.facebook.com\/wirmachenauf\",\"https:\/\/x.com\/WirMachenAuf_de\"]},{\"@type\":\"Person\",\"@id\":\"https:\/\/now-news.de\/de\/#\/schema\/person\/fb534a4e865501d8b3285208df34a9b5\",\"name\":\"rtnews\",\"image\":{\"@type\":\"ImageObject\",\"inLanguage\":\"de\",\"@id\":\"https:\/\/now-news.de\/de\/#\/schema\/person\/image\/\",\"url\":\"https:\/\/secure.gravatar.com\/avatar\/82aafea7d8127119dd649515f56e2117?s=96&d=mm&r=g\",\"contentUrl\":\"https:\/\/secure.gravatar.com\/avatar\/82aafea7d8127119dd649515f56e2117?s=96&d=mm&r=g\",\"caption\":\"rtnews\"},\"url\":\"https:\/\/now-news.de\/de\/author\/rnews\/\"}]}<\/script>\n<!-- \/ Yoast SEO Premium plugin. -->","yoast_head_json":{"title":"&quot;Erster Sieg des Volkes&quot;: Kolumbien w\u00e4hlt zum ersten Mal einen linken Pr\u00e4sidenten - just-now.NEWS Deutschland","robots":{"index":"index","follow":"follow","max-snippet":"max-snippet:-1","max-image-preview":"max-image-preview:large","max-video-preview":"max-video-preview:-1"},"canonical":"https:\/\/now-news.de\/de\/deutschland\/erster-sieg-des-volkes-kolumbien-waehlt-zum-ersten-mal-einen-linken-praesidenten\/","og_locale":"de_DE","og_type":"article","og_title":"&quot;Erster Sieg des Volkes&quot;: Kolumbien w\u00e4hlt zum ersten Mal einen linken Pr\u00e4sidenten","og_description":"Gustavo Petro hat die Pr\u00e4sidentschaftswahlen in Kolumbien am Sonntag in einer Stichwahl mit \u00fcber 50 Prozent der Stimmen gewonnen und damit den wirtschaftsnahen Baumagnaten Rodolfo Hern\u00e1ndez besiegt. Jener r\u00e4umte seine Niederlage zwischenzeitlich auch ein. Der 77-j\u00e4hrige Hern\u00e1ndez erhielt demnach 47,3 Prozent. Gustavo Francisco Petro Urrego wird damit der erste linke Staatschef in der Geschichte dieses [&hellip;]","og_url":"https:\/\/now-news.de\/de\/deutschland\/erster-sieg-des-volkes-kolumbien-waehlt-zum-ersten-mal-einen-linken-praesidenten\/","og_site_name":"just-now.NEWS Deutschland","article_publisher":"https:\/\/www.facebook.com\/wirmachenauf","article_published_time":"2022-06-20T10:28:53+00:00","og_image":[{"width":460,"height":259,"url":"https:\/\/now-news.de\/de\/wp-content\/uploads\/sites\/3\/2022\/06\/quotErster-Sieg-des-Volkesquot-Kolumbien-waehlt-zum-ersten-Mal-einen.jpg","type":"image\/jpeg"}],"author":"rtnews","twitter_card":"summary_large_image","twitter_creator":"@WirMachenAuf_de","twitter_site":"@WirMachenAuf_de","twitter_misc":{"Verfasst von":"rtnews","Gesch\u00e4tzte Lesezeit":"3\u00a0Minuten"},"schema":{"@context":"https:\/\/schema.org","@graph":[{"@type":"Article","@id":"https:\/\/now-news.de\/de\/deutschland\/erster-sieg-des-volkes-kolumbien-waehlt-zum-ersten-mal-einen-linken-praesidenten\/#article","isPartOf":{"@id":"https:\/\/now-news.de\/de\/deutschland\/erster-sieg-des-volkes-kolumbien-waehlt-zum-ersten-mal-einen-linken-praesidenten\/"},"author":{"name":"rtnews","@id":"https:\/\/now-news.de\/de\/#\/schema\/person\/fb534a4e865501d8b3285208df34a9b5"},"headline":"&quot;Erster Sieg des Volkes&quot;: Kolumbien w\u00e4hlt zum ersten Mal einen linken Pr\u00e4sidenten","datePublished":"2022-06-20T10:28:53+00:00","dateModified":"2022-06-20T10:28:53+00:00","mainEntityOfPage":{"@id":"https:\/\/now-news.de\/de\/deutschland\/erster-sieg-des-volkes-kolumbien-waehlt-zum-ersten-mal-einen-linken-praesidenten\/"},"wordCount":618,"commentCount":0,"publisher":{"@id":"https:\/\/now-news.de\/de\/#organization"},"image":{"@id":"https:\/\/now-news.de\/de\/deutschland\/erster-sieg-des-volkes-kolumbien-waehlt-zum-ersten-mal-einen-linken-praesidenten\/#primaryimage"},"thumbnailUrl":"https:\/\/now-news.de\/de\/wp-content\/uploads\/sites\/3\/2022\/06\/quotErster-Sieg-des-Volkesquot-Kolumbien-waehlt-zum-ersten-Mal-einen.jpg","keywords":["des","einen","ersten","Kolumbien","Linken","Mal","Pr\u00e4sidenten","quotErster","Sieg","Volkesquot","w\u00e4hlt","zum"],"articleSection":["Deutschland","Russland"],"inLanguage":"de","potentialAction":[{"@type":"CommentAction","name":"Comment","target":["https:\/\/now-news.de\/de\/deutschland\/erster-sieg-des-volkes-kolumbien-waehlt-zum-ersten-mal-einen-linken-praesidenten\/#respond"]}]},{"@type":"WebPage","@id":"https:\/\/now-news.de\/de\/deutschland\/erster-sieg-des-volkes-kolumbien-waehlt-zum-ersten-mal-einen-linken-praesidenten\/","url":"https:\/\/now-news.de\/de\/deutschland\/erster-sieg-des-volkes-kolumbien-waehlt-zum-ersten-mal-einen-linken-praesidenten\/","name":"&quot;Erster Sieg des Volkes&quot;: Kolumbien w\u00e4hlt zum ersten Mal einen linken Pr\u00e4sidenten - just-now.NEWS Deutschland","isPartOf":{"@id":"https:\/\/now-news.de\/de\/#website"},"primaryImageOfPage":{"@id":"https:\/\/now-news.de\/de\/deutschland\/erster-sieg-des-volkes-kolumbien-waehlt-zum-ersten-mal-einen-linken-praesidenten\/#primaryimage"},"image":{"@id":"https:\/\/now-news.de\/de\/deutschland\/erster-sieg-des-volkes-kolumbien-waehlt-zum-ersten-mal-einen-linken-praesidenten\/#primaryimage"},"thumbnailUrl":"https:\/\/now-news.de\/de\/wp-content\/uploads\/sites\/3\/2022\/06\/quotErster-Sieg-des-Volkesquot-Kolumbien-waehlt-zum-ersten-Mal-einen.jpg","datePublished":"2022-06-20T10:28:53+00:00","dateModified":"2022-06-20T10:28:53+00:00","breadcrumb":{"@id":"https:\/\/now-news.de\/de\/deutschland\/erster-sieg-des-volkes-kolumbien-waehlt-zum-ersten-mal-einen-linken-praesidenten\/#breadcrumb"},"inLanguage":"de","potentialAction":[{"@type":"ReadAction","target":["https:\/\/now-news.de\/de\/deutschland\/erster-sieg-des-volkes-kolumbien-waehlt-zum-ersten-mal-einen-linken-praesidenten\/"]}]},{"@type":"ImageObject","inLanguage":"de","@id":"https:\/\/now-news.de\/de\/deutschland\/erster-sieg-des-volkes-kolumbien-waehlt-zum-ersten-mal-einen-linken-praesidenten\/#primaryimage","url":"https:\/\/now-news.de\/de\/wp-content\/uploads\/sites\/3\/2022\/06\/quotErster-Sieg-des-Volkesquot-Kolumbien-waehlt-zum-ersten-Mal-einen.jpg","contentUrl":"https:\/\/now-news.de\/de\/wp-content\/uploads\/sites\/3\/2022\/06\/quotErster-Sieg-des-Volkesquot-Kolumbien-waehlt-zum-ersten-Mal-einen.jpg","width":460,"height":259,"caption":"&quot;Erster Sieg des Volkes&quot;: Kolumbien w\u00e4hlt zum ersten Mal einen linken Pr\u00e4sidenten"},{"@type":"BreadcrumbList","@id":"https:\/\/now-news.de\/de\/deutschland\/erster-sieg-des-volkes-kolumbien-waehlt-zum-ersten-mal-einen-linken-praesidenten\/#breadcrumb","itemListElement":[{"@type":"ListItem","position":1,"name":"Home","item":"https:\/\/now-news.de\/de\/"},{"@type":"ListItem","position":2,"name":"&quot;Erster Sieg des Volkes&quot;: Kolumbien w\u00e4hlt zum ersten Mal einen linken Pr\u00e4sidenten"}]},{"@type":"WebSite","@id":"https:\/\/now-news.de\/de\/#website","url":"https:\/\/now-news.de\/de\/","name":"just-now.NEWS Deutschland","description":"Das Portal f\u00fcr unzensierte Nachrichten aus der Welt","publisher":{"@id":"https:\/\/now-news.de\/de\/#organization"},"potentialAction":[{"@type":"SearchAction","target":{"@type":"EntryPoint","urlTemplate":"https:\/\/now-news.de\/de\/?s={search_term_string}"},"query-input":"required name=search_term_string"}],"inLanguage":"de"},{"@type":"Organization","@id":"https:\/\/now-news.de\/de\/#organization","name":"Just Now News","url":"https:\/\/now-news.de\/de\/","logo":{"@type":"ImageObject","inLanguage":"de","@id":"https:\/\/now-news.de\/de\/#\/schema\/logo\/image\/","url":"http:\/\/just-now.news\/de\/wp-content\/uploads\/sites\/3\/2022\/04\/logo500x500.jpg","contentUrl":"http:\/\/just-now.news\/de\/wp-content\/uploads\/sites\/3\/2022\/04\/logo500x500.jpg","width":500,"height":500,"caption":"Just Now News"},"image":{"@id":"https:\/\/now-news.de\/de\/#\/schema\/logo\/image\/"},"sameAs":["https:\/\/www.facebook.com\/wirmachenauf","https:\/\/x.com\/WirMachenAuf_de"]},{"@type":"Person","@id":"https:\/\/now-news.de\/de\/#\/schema\/person\/fb534a4e865501d8b3285208df34a9b5","name":"rtnews","image":{"@type":"ImageObject","inLanguage":"de","@id":"https:\/\/now-news.de\/de\/#\/schema\/person\/image\/","url":"https:\/\/secure.gravatar.com\/avatar\/82aafea7d8127119dd649515f56e2117?s=96&d=mm&r=g","contentUrl":"https:\/\/secure.gravatar.com\/avatar\/82aafea7d8127119dd649515f56e2117?s=96&d=mm&r=g","caption":"rtnews"},"url":"https:\/\/now-news.de\/de\/author\/rnews\/"}]}},"_links":{"self":[{"href":"https:\/\/now-news.de\/de\/wp-json\/wp\/v2\/posts\/11401"}],"collection":[{"href":"https:\/\/now-news.de\/de\/wp-json\/wp\/v2\/posts"}],"about":[{"href":"https:\/\/now-news.de\/de\/wp-json\/wp\/v2\/types\/post"}],"author":[{"embeddable":true,"href":"https:\/\/now-news.de\/de\/wp-json\/wp\/v2\/users\/3"}],"replies":[{"embeddable":true,"href":"https:\/\/now-news.de\/de\/wp-json\/wp\/v2\/comments?post=11401"}],"version-history":[{"count":0,"href":"https:\/\/now-news.de\/de\/wp-json\/wp\/v2\/posts\/11401\/revisions"}],"wp:featuredmedia":[{"embeddable":true,"href":"https:\/\/now-news.de\/de\/wp-json\/wp\/v2\/media\/11402"}],"wp:attachment":[{"href":"https:\/\/now-news.de\/de\/wp-json\/wp\/v2\/media?parent=11401"}],"wp:term":[{"taxonomy":"category","embeddable":true,"href":"https:\/\/now-news.de\/de\/wp-json\/wp\/v2\/categories?post=11401"},{"taxonomy":"post_tag","embeddable":true,"href":"https:\/\/now-news.de\/de\/wp-json\/wp\/v2\/tags?post=11401"}],"curies":[{"name":"wp","href":"https:\/\/api.w.org\/{rel}","templated":true}]}}