{"id":11213,"date":"2022-06-17T22:43:35","date_gmt":"2022-06-17T20:43:35","guid":{"rendered":"http:\/\/just-now.news\/de\/deutschland\/station-in-aserbaidschan-venezolanischer-praesident-maduro-baut-zusammenarbeit-mit-eurasien-aus\/"},"modified":"2022-06-17T22:43:35","modified_gmt":"2022-06-17T20:43:35","slug":"station-in-aserbaidschan-venezolanischer-praesident-maduro-baut-zusammenarbeit-mit-eurasien-aus","status":"publish","type":"post","link":"https:\/\/now-news.de\/de\/deutschland\/station-in-aserbaidschan-venezolanischer-praesident-maduro-baut-zusammenarbeit-mit-eurasien-aus\/","title":{"rendered":"Station in Aserbaidschan: Venezolanischer Pr\u00e4sident Maduro baut Zusammenarbeit mit Eurasien aus"},"content":{"rendered":"<p><img decoding=\"async\" src=\"http:\/\/just-now.news\/de\/wp-content\/uploads\/sites\/3\/2022\/06\/62acd3af48fbef71e4312998.jpg\" \/><\/p>\n<div class=\"Text-root Text-type_1 \">\n                Bei einem Besuch in mehreren eurasischen und afrikanischen L\u00e4ndern kam der Pr\u00e4sident Venezuelas am Freitag mit seinem aserbaidschanischen Amtskollegen zusammen. Dabei wurde eine Ausweitung der bilateralen Kooperation vereinbart.\n            <\/div>\n<p><\/p>\n<div class=\"Text-root Text-type_5 ArticleView-text ViewText-root \">\n<p>Am Freitag machte der\u00a0Pr\u00e4sident Venezuelas, Nicol\u00e1s Maduro, im Rahmen eines Arbeitsbesuchs in mehreren eurasischen und afrikanischen L\u00e4ndern Station in Aserbaidschan, wo er sich mit seinem Amtskollegen Ilham Alijew per Videokonferenz traf.<\/p>\n<p>&#8220;Willkommen, Herr Pr\u00e4sident&#8221;, begr\u00fc\u00dfte ihn Alijew in einer Erkl\u00e4rung, die vom staatlichen Fernsehsender <em>Venezolana de Televisi\u00f3n<\/em> \u00fcbertragen wurde. Beide Seiten betonten die Bedeutung des Besuchs des venezolanischen Pr\u00e4sidenten in Aserbaidschan, der als Indikator f\u00fcr das hohe Niveau der politischen Beziehungen angesehen wird. Baku zeigte sich zuversichtlich, dass der Besuch des venezolanischen Pr\u00e4sidenten zur Entwicklung der bilateralen Beziehungen beitragen wird. Der venezolanische Pr\u00e4sident betonte, dass Venezuela den Beziehungen zu der ehemaligen Sowjetrepublik gro\u00dfe Bedeutung beimisst.<\/p>\n<p>Venezuela feierte im vergangenen Mai den 27. Jahrestag der Aufnahme diplomatischer Beziehungen zu Aserbaidschan, die Ende 2018 mit der Er\u00f6ffnung einer diplomatischen Vertretung von Caracas in dem zentralasiatischen Land bekr\u00e4ftigt wurden.<\/p>\n<p>Maduro w\u00fcrdigte bei seinem Besuch zudem die Arbeit Bakus auf multilateraler Ebene, einschlie\u00dflich der Rolle, die es im Rahmen der Bewegung der Blockfreien Staaten spielt. Beide L\u00e4nder haben bereits seit l\u00e4ngerem in internationalen Organisationen, einschlie\u00dflich der Bewegung der Blockfreien Staaten, erfolgreich zusammengearbeitet. Venezuela hatte die Verl\u00e4ngerung des aserbaidschanischen Vorsitzes in der Bewegung der Blockfreien Staaten um ein weiteres Jahr unterst\u00fctzt.<\/p>\n<p>\u00dcber die sozialen Netzwerke teilte der venezolanische Pr\u00e4sident am Donnerstagmorgen mit: &#8220;Es waren intensive und erfolgreiche Tage, neue Ziele sind in die internationale Arbeitsagenda aufgenommen worden. Wir sind bewegt von dem Engagement f\u00fcr die neue Menschlichkeit und das Wohlergehen unseres Volkes. Wir setzen die Konsolidierung der Siege fort!&#8221;<\/p>\n<p>Das Format der Videokonferenz wurde gew\u00e4hlt, nachdem bei Mitgliedern der Delegation des s\u00fcdamerikanischen Staatschefs eine COVID-19-Infektion festgestellt worden war.<\/p>\n<p>Der Besuch Maduros in Aserbaidschan ist der dritte seit seinem Amtsantritt im Jahr 2013. Er besuchte bei dieser Gelegenheit auch die Allee der M\u00e4rtyrer in der aserbaidschanischen Hauptstadt Baku und das Denkmal des ehemaligen Pr\u00e4sidenten Heydar Alijew, der das politische Leben Aserbaidschans mehr als 30 Jahre lang pr\u00e4gte und den Maduro mit einem Kranz ehrte.<\/p>\n<p>Zuvor hatte Maduro bereits die T\u00fcrkei, Algerien, Iran, Kuwait und Katar besucht. Er traf unter anderem auch mit dem Obersten F\u00fchrer Irans, Ayatollah Ali Chamenei, zusammen.<\/p>\n<blockquote>\n<p><em>&#8220;Erfolgreiche und siegreiche Reise durch br\u00fcderliche eurasische und afrikanische L\u00e4nder. Treffen mit Pr\u00e4sidenten und Gesch\u00e4ftsleuten, ein intensives Arbeitsprogramm, um Investitionen, Wissen und Technologie zu f\u00f6rdern und die venezolanische Wirtschaft zu diversifizieren \u2013 das ist der Weg!&#8221;, twitterte Maduro.<\/em><\/p>\n<\/blockquote>\n<p>Im Mittelpunkt der Treffen steht der Ausbau der Zusammenarbeit in den Bereichen Energie und Kohlenwasserstoffe, Wissenschaft und Technologie, Landwirtschaft, Verkehr, Energie, Tourismus und Kultur.<\/p>\n<p>Erst vergangene Woche hatte US-Pr\u00e4sident Joe Biden es abgelehnt, den venezolanischen sowie den kubanischen und nicaraguanischen Regierungschef zum Amerika-Gipfel in Los Angeles einzuladen, woraufhin auch andere lateinamerikanische L\u00e4nder ihre Teilnahme absagten.<\/p>\n<p><strong>Mehr zum Thema<\/strong> &#8211; <a rel=\"nofollow noopener\" target=\"_blank\" href=\"https:\/\/de.rt.com\/russland\/137782-lawrow-russland-strebt-gutnachbarliche-beziehungen\/\">Lawrow: Russland strebt gutnachbarliche Beziehungen zu zentralasiatischen L\u00e4ndern an<\/a><\/p>\n<div class=\"EmbedBlock-root EmbedBlock-externalVideo EmbedBlock-vk\">\n<div class=\"VkEmbed\"><iframe class=\"lazyload\" data-src=\"https:\/\/vk.com\/video_ext.php?oid=-134310637&amp;id=456254453&amp;hash=fd9fb661c1fc36c0\" frameborder=\"0\" width=\"853\" height=\"480\" allowfullscreen><\/iframe><\/div>\n<\/div>\n<\/div>\n<p><br \/>\n<br \/><a href=\"https:\/\/de.rt.com\/international\/141359-station-in-aserbaidschan-venezolanischer-prasident\/\">Source link <\/a><\/p>\n","protected":false},"excerpt":{"rendered":"<p>Bei einem Besuch in mehreren eurasischen und afrikanischen L\u00e4ndern kam der Pr\u00e4sident Venezuelas am Freitag mit seinem aserbaidschanischen Amtskollegen zusammen. Dabei wurde eine Ausweitung der bilateralen Kooperation vereinbart. Am Freitag machte der\u00a0Pr\u00e4sident Venezuelas, Nicol\u00e1s Maduro, im Rahmen eines Arbeitsbesuchs in mehreren eurasischen und afrikanischen L\u00e4ndern Station in Aserbaidschan, wo er sich mit seinem Amtskollegen Ilham [&hellip;]<\/p>\n","protected":false},"author":3,"featured_media":11214,"comment_status":"open","ping_status":"open","sticky":false,"template":"","format":"standard","meta":{"wp_automatic_camp":["217"],"78b1f6c689b625a8bc23d77ba9247453":["Station in Aserbaidschan: Venezolanischer Pr\u00e4sident Maduro baut Zusammenarbeit mit Eurasien aus"],"original_link":["https:\/\/de.rt.com\/international\/141359-station-in-aserbaidschan-venezolanischer-prasident\/"],"_thumbnail_id":["11214"],"_wptg_p2tg_sent2tg":["2022-06-17 22:55:10"],"jnews_social_counter_last_update":["1788627421"]},"categories":[19,23],"tags":[10003,679,21567,23968,22944,419,3464,9810,24932,5645],"class_list":["post-11213","post","type-post","status-publish","format-standard","has-post-thumbnail","hentry","category-deutschland","category-russland","tag-aserbaidschan","tag-aus","tag-baut","tag-eurasien","tag-maduro","tag-mit","tag-praesident","tag-station","tag-venezolanischer","tag-zusammenarbeit"],"yoast_head":"<!-- This site is optimized with the Yoast SEO Premium plugin v22.7 (Yoast SEO v28.2) - https:\/\/yoast.com\/product\/yoast-seo-premium-wordpress\/ -->\n<title>Station in Aserbaidschan: Venezolanischer Pr\u00e4sident Maduro baut Zusammenarbeit mit Eurasien aus - just-now.NEWS Deutschland<\/title>\n<meta name=\"robots\" content=\"index, follow, max-snippet:-1, max-image-preview:large, max-video-preview:-1\" \/>\n<link rel=\"canonical\" href=\"https:\/\/now-news.de\/de\/deutschland\/station-in-aserbaidschan-venezolanischer-praesident-maduro-baut-zusammenarbeit-mit-eurasien-aus\/\" \/>\n<meta property=\"og:locale\" content=\"de_DE\" \/>\n<meta property=\"og:type\" content=\"article\" \/>\n<meta property=\"og:title\" content=\"Station in Aserbaidschan: Venezolanischer Pr\u00e4sident Maduro baut Zusammenarbeit mit Eurasien aus\" \/>\n<meta property=\"og:description\" content=\"Bei einem Besuch in mehreren eurasischen und afrikanischen L\u00e4ndern kam der Pr\u00e4sident Venezuelas am Freitag mit seinem aserbaidschanischen Amtskollegen zusammen. Dabei wurde eine Ausweitung der bilateralen Kooperation vereinbart. Am Freitag machte der\u00a0Pr\u00e4sident Venezuelas, Nicol\u00e1s Maduro, im Rahmen eines Arbeitsbesuchs in mehreren eurasischen und afrikanischen L\u00e4ndern Station in Aserbaidschan, wo er sich mit seinem Amtskollegen Ilham [&hellip;]\" \/>\n<meta property=\"og:url\" content=\"https:\/\/now-news.de\/de\/deutschland\/station-in-aserbaidschan-venezolanischer-praesident-maduro-baut-zusammenarbeit-mit-eurasien-aus\/\" \/>\n<meta property=\"og:site_name\" content=\"just-now.NEWS Deutschland\" \/>\n<meta property=\"article:publisher\" content=\"https:\/\/www.facebook.com\/wirmachenauf\" \/>\n<meta property=\"article:published_time\" content=\"2022-06-17T20:43:35+00:00\" \/>\n<meta property=\"og:image\" content=\"https:\/\/now-news.de\/de\/wp-content\/uploads\/sites\/3\/2022\/06\/Station-in-Aserbaidschan-Venezolanischer-Praesident-Maduro-baut-Zusammenarbeit-mit-Eurasien.jpg\" \/>\n\t<meta property=\"og:image:width\" content=\"460\" \/>\n\t<meta property=\"og:image:height\" content=\"259\" \/>\n\t<meta property=\"og:image:type\" content=\"image\/jpeg\" \/>\n<meta name=\"author\" content=\"rtnews\" \/>\n<meta name=\"twitter:card\" content=\"summary_large_image\" \/>\n<meta name=\"twitter:creator\" content=\"@WirMachenAuf_de\" \/>\n<meta name=\"twitter:site\" content=\"@WirMachenAuf_de\" \/>\n<meta name=\"twitter:label1\" content=\"Verfasst von\" \/>\n\t<meta name=\"twitter:data1\" content=\"rtnews\" \/>\n\t<meta name=\"twitter:label2\" content=\"Gesch\u00e4tzte Lesezeit\" \/>\n\t<meta name=\"twitter:data2\" content=\"3\u00a0Minuten\" \/>\n<script type=\"application\/ld+json\" class=\"yoast-schema-graph\">{\"@context\":\"https:\\\/\\\/schema.org\",\"@graph\":[{\"@type\":\"Article\",\"@id\":\"https:\\\/\\\/now-news.de\\\/de\\\/deutschland\\\/station-in-aserbaidschan-venezolanischer-praesident-maduro-baut-zusammenarbeit-mit-eurasien-aus\\\/#article\",\"isPartOf\":{\"@id\":\"https:\\\/\\\/now-news.de\\\/de\\\/deutschland\\\/station-in-aserbaidschan-venezolanischer-praesident-maduro-baut-zusammenarbeit-mit-eurasien-aus\\\/\"},\"author\":{\"name\":\"rtnews\",\"@id\":\"https:\\\/\\\/now-news.de\\\/de\\\/#\\\/schema\\\/person\\\/fb534a4e865501d8b3285208df34a9b5\"},\"headline\":\"Station in Aserbaidschan: Venezolanischer Pr\u00e4sident Maduro baut Zusammenarbeit mit Eurasien aus\",\"datePublished\":\"2022-06-17T20:43:35+00:00\",\"mainEntityOfPage\":{\"@id\":\"https:\\\/\\\/now-news.de\\\/de\\\/deutschland\\\/station-in-aserbaidschan-venezolanischer-praesident-maduro-baut-zusammenarbeit-mit-eurasien-aus\\\/\"},\"wordCount\":530,\"commentCount\":0,\"publisher\":{\"@id\":\"https:\\\/\\\/now-news.de\\\/de\\\/#organization\"},\"image\":{\"@id\":\"https:\\\/\\\/now-news.de\\\/de\\\/deutschland\\\/station-in-aserbaidschan-venezolanischer-praesident-maduro-baut-zusammenarbeit-mit-eurasien-aus\\\/#primaryimage\"},\"thumbnailUrl\":\"https:\\\/\\\/now-news.de\\\/de\\\/wp-content\\\/uploads\\\/sites\\\/3\\\/2022\\\/06\\\/Station-in-Aserbaidschan-Venezolanischer-Praesident-Maduro-baut-Zusammenarbeit-mit-Eurasien.jpg\",\"keywords\":[\"Aserbaidschan\",\"aus\",\"baut\",\"Eurasien\",\"Maduro\",\"mit\",\"Pr\u00e4sident\",\"Station\",\"Venezolanischer\",\"Zusammenarbeit\"],\"articleSection\":[\"Deutschland\",\"Russland\"],\"inLanguage\":\"de\",\"potentialAction\":[{\"@type\":\"CommentAction\",\"name\":\"Comment\",\"target\":[\"https:\\\/\\\/now-news.de\\\/de\\\/deutschland\\\/station-in-aserbaidschan-venezolanischer-praesident-maduro-baut-zusammenarbeit-mit-eurasien-aus\\\/#respond\"]}]},{\"@type\":\"WebPage\",\"@id\":\"https:\\\/\\\/now-news.de\\\/de\\\/deutschland\\\/station-in-aserbaidschan-venezolanischer-praesident-maduro-baut-zusammenarbeit-mit-eurasien-aus\\\/\",\"url\":\"https:\\\/\\\/now-news.de\\\/de\\\/deutschland\\\/station-in-aserbaidschan-venezolanischer-praesident-maduro-baut-zusammenarbeit-mit-eurasien-aus\\\/\",\"name\":\"Station in Aserbaidschan: Venezolanischer Pr\u00e4sident Maduro baut Zusammenarbeit mit Eurasien aus - just-now.NEWS Deutschland\",\"isPartOf\":{\"@id\":\"https:\\\/\\\/now-news.de\\\/de\\\/#website\"},\"primaryImageOfPage\":{\"@id\":\"https:\\\/\\\/now-news.de\\\/de\\\/deutschland\\\/station-in-aserbaidschan-venezolanischer-praesident-maduro-baut-zusammenarbeit-mit-eurasien-aus\\\/#primaryimage\"},\"image\":{\"@id\":\"https:\\\/\\\/now-news.de\\\/de\\\/deutschland\\\/station-in-aserbaidschan-venezolanischer-praesident-maduro-baut-zusammenarbeit-mit-eurasien-aus\\\/#primaryimage\"},\"thumbnailUrl\":\"https:\\\/\\\/now-news.de\\\/de\\\/wp-content\\\/uploads\\\/sites\\\/3\\\/2022\\\/06\\\/Station-in-Aserbaidschan-Venezolanischer-Praesident-Maduro-baut-Zusammenarbeit-mit-Eurasien.jpg\",\"datePublished\":\"2022-06-17T20:43:35+00:00\",\"breadcrumb\":{\"@id\":\"https:\\\/\\\/now-news.de\\\/de\\\/deutschland\\\/station-in-aserbaidschan-venezolanischer-praesident-maduro-baut-zusammenarbeit-mit-eurasien-aus\\\/#breadcrumb\"},\"inLanguage\":\"de\",\"potentialAction\":[{\"@type\":\"ReadAction\",\"target\":[\"https:\\\/\\\/now-news.de\\\/de\\\/deutschland\\\/station-in-aserbaidschan-venezolanischer-praesident-maduro-baut-zusammenarbeit-mit-eurasien-aus\\\/\"]}]},{\"@type\":\"ImageObject\",\"inLanguage\":\"de\",\"@id\":\"https:\\\/\\\/now-news.de\\\/de\\\/deutschland\\\/station-in-aserbaidschan-venezolanischer-praesident-maduro-baut-zusammenarbeit-mit-eurasien-aus\\\/#primaryimage\",\"url\":\"https:\\\/\\\/now-news.de\\\/de\\\/wp-content\\\/uploads\\\/sites\\\/3\\\/2022\\\/06\\\/Station-in-Aserbaidschan-Venezolanischer-Praesident-Maduro-baut-Zusammenarbeit-mit-Eurasien.jpg\",\"contentUrl\":\"https:\\\/\\\/now-news.de\\\/de\\\/wp-content\\\/uploads\\\/sites\\\/3\\\/2022\\\/06\\\/Station-in-Aserbaidschan-Venezolanischer-Praesident-Maduro-baut-Zusammenarbeit-mit-Eurasien.jpg\",\"width\":460,\"height\":259,\"caption\":\"Station in Aserbaidschan: Venezolanischer Pr\u00e4sident Maduro baut Zusammenarbeit mit Eurasien aus\"},{\"@type\":\"BreadcrumbList\",\"@id\":\"https:\\\/\\\/now-news.de\\\/de\\\/deutschland\\\/station-in-aserbaidschan-venezolanischer-praesident-maduro-baut-zusammenarbeit-mit-eurasien-aus\\\/#breadcrumb\",\"itemListElement\":[{\"@type\":\"ListItem\",\"position\":1,\"name\":\"Home\",\"item\":\"https:\\\/\\\/now-news.de\\\/de\\\/\"},{\"@type\":\"ListItem\",\"position\":2,\"name\":\"Station in Aserbaidschan: Venezolanischer Pr\u00e4sident Maduro baut Zusammenarbeit mit Eurasien aus\"}]},{\"@type\":\"WebSite\",\"@id\":\"https:\\\/\\\/now-news.de\\\/de\\\/#website\",\"url\":\"https:\\\/\\\/now-news.de\\\/de\\\/\",\"name\":\"just-now.NEWS Deutschland\",\"description\":\"Das Portal f\u00fcr unzensierte Nachrichten aus der Welt\",\"publisher\":{\"@id\":\"https:\\\/\\\/now-news.de\\\/de\\\/#organization\"},\"potentialAction\":[{\"@type\":\"SearchAction\",\"target\":{\"@type\":\"EntryPoint\",\"urlTemplate\":\"https:\\\/\\\/now-news.de\\\/de\\\/?s={search_term_string}\"},\"query-input\":{\"@type\":\"PropertyValueSpecification\",\"valueRequired\":true,\"valueName\":\"search_term_string\"}}],\"inLanguage\":\"de\"},{\"@type\":\"Organization\",\"@id\":\"https:\\\/\\\/now-news.de\\\/de\\\/#organization\",\"name\":\"Just Now News\",\"url\":\"https:\\\/\\\/now-news.de\\\/de\\\/\",\"logo\":{\"@type\":\"ImageObject\",\"inLanguage\":\"de\",\"@id\":\"https:\\\/\\\/now-news.de\\\/de\\\/#\\\/schema\\\/logo\\\/image\\\/\",\"url\":\"http:\\\/\\\/just-now.news\\\/de\\\/wp-content\\\/uploads\\\/sites\\\/3\\\/2022\\\/04\\\/logo500x500.jpg\",\"contentUrl\":\"http:\\\/\\\/just-now.news\\\/de\\\/wp-content\\\/uploads\\\/sites\\\/3\\\/2022\\\/04\\\/logo500x500.jpg\",\"width\":500,\"height\":500,\"caption\":\"Just Now News\"},\"image\":{\"@id\":\"https:\\\/\\\/now-news.de\\\/de\\\/#\\\/schema\\\/logo\\\/image\\\/\"},\"sameAs\":[\"https:\\\/\\\/www.facebook.com\\\/wirmachenauf\",\"https:\\\/\\\/x.com\\\/WirMachenAuf_de\"]},{\"@type\":\"Person\",\"@id\":\"https:\\\/\\\/now-news.de\\\/de\\\/#\\\/schema\\\/person\\\/fb534a4e865501d8b3285208df34a9b5\",\"name\":\"rtnews\",\"image\":{\"@type\":\"ImageObject\",\"inLanguage\":\"de\",\"@id\":\"https:\\\/\\\/secure.gravatar.com\\\/avatar\\\/358fe31b3ab5769fea05376e1953329834cd9912cf9daf607e2af3076a1b982b?s=96&d=mm&r=g\",\"url\":\"https:\\\/\\\/secure.gravatar.com\\\/avatar\\\/358fe31b3ab5769fea05376e1953329834cd9912cf9daf607e2af3076a1b982b?s=96&d=mm&r=g\",\"contentUrl\":\"https:\\\/\\\/secure.gravatar.com\\\/avatar\\\/358fe31b3ab5769fea05376e1953329834cd9912cf9daf607e2af3076a1b982b?s=96&d=mm&r=g\",\"caption\":\"rtnews\"},\"url\":\"https:\\\/\\\/now-news.de\\\/de\\\/author\\\/rnews\\\/\"}]}<\/script>\n<!-- \/ Yoast SEO Premium plugin. -->","yoast_head_json":{"title":"Station in Aserbaidschan: Venezolanischer Pr\u00e4sident Maduro baut Zusammenarbeit mit Eurasien aus - just-now.NEWS Deutschland","robots":{"index":"index","follow":"follow","max-snippet":"max-snippet:-1","max-image-preview":"max-image-preview:large","max-video-preview":"max-video-preview:-1"},"canonical":"https:\/\/now-news.de\/de\/deutschland\/station-in-aserbaidschan-venezolanischer-praesident-maduro-baut-zusammenarbeit-mit-eurasien-aus\/","og_locale":"de_DE","og_type":"article","og_title":"Station in Aserbaidschan: Venezolanischer Pr\u00e4sident Maduro baut Zusammenarbeit mit Eurasien aus","og_description":"Bei einem Besuch in mehreren eurasischen und afrikanischen L\u00e4ndern kam der Pr\u00e4sident Venezuelas am Freitag mit seinem aserbaidschanischen Amtskollegen zusammen. Dabei wurde eine Ausweitung der bilateralen Kooperation vereinbart. Am Freitag machte der\u00a0Pr\u00e4sident Venezuelas, Nicol\u00e1s Maduro, im Rahmen eines Arbeitsbesuchs in mehreren eurasischen und afrikanischen L\u00e4ndern Station in Aserbaidschan, wo er sich mit seinem Amtskollegen Ilham [&hellip;]","og_url":"https:\/\/now-news.de\/de\/deutschland\/station-in-aserbaidschan-venezolanischer-praesident-maduro-baut-zusammenarbeit-mit-eurasien-aus\/","og_site_name":"just-now.NEWS Deutschland","article_publisher":"https:\/\/www.facebook.com\/wirmachenauf","article_published_time":"2022-06-17T20:43:35+00:00","og_image":[{"width":460,"height":259,"url":"https:\/\/now-news.de\/de\/wp-content\/uploads\/sites\/3\/2022\/06\/Station-in-Aserbaidschan-Venezolanischer-Praesident-Maduro-baut-Zusammenarbeit-mit-Eurasien.jpg","type":"image\/jpeg"}],"author":"rtnews","twitter_card":"summary_large_image","twitter_creator":"@WirMachenAuf_de","twitter_site":"@WirMachenAuf_de","twitter_misc":{"Verfasst von":"rtnews","Gesch\u00e4tzte Lesezeit":"3\u00a0Minuten"},"schema":{"@context":"https:\/\/schema.org","@graph":[{"@type":"Article","@id":"https:\/\/now-news.de\/de\/deutschland\/station-in-aserbaidschan-venezolanischer-praesident-maduro-baut-zusammenarbeit-mit-eurasien-aus\/#article","isPartOf":{"@id":"https:\/\/now-news.de\/de\/deutschland\/station-in-aserbaidschan-venezolanischer-praesident-maduro-baut-zusammenarbeit-mit-eurasien-aus\/"},"author":{"name":"rtnews","@id":"https:\/\/now-news.de\/de\/#\/schema\/person\/fb534a4e865501d8b3285208df34a9b5"},"headline":"Station in Aserbaidschan: Venezolanischer Pr\u00e4sident Maduro baut Zusammenarbeit mit Eurasien aus","datePublished":"2022-06-17T20:43:35+00:00","mainEntityOfPage":{"@id":"https:\/\/now-news.de\/de\/deutschland\/station-in-aserbaidschan-venezolanischer-praesident-maduro-baut-zusammenarbeit-mit-eurasien-aus\/"},"wordCount":530,"commentCount":0,"publisher":{"@id":"https:\/\/now-news.de\/de\/#organization"},"image":{"@id":"https:\/\/now-news.de\/de\/deutschland\/station-in-aserbaidschan-venezolanischer-praesident-maduro-baut-zusammenarbeit-mit-eurasien-aus\/#primaryimage"},"thumbnailUrl":"https:\/\/now-news.de\/de\/wp-content\/uploads\/sites\/3\/2022\/06\/Station-in-Aserbaidschan-Venezolanischer-Praesident-Maduro-baut-Zusammenarbeit-mit-Eurasien.jpg","keywords":["Aserbaidschan","aus","baut","Eurasien","Maduro","mit","Pr\u00e4sident","Station","Venezolanischer","Zusammenarbeit"],"articleSection":["Deutschland","Russland"],"inLanguage":"de","potentialAction":[{"@type":"CommentAction","name":"Comment","target":["https:\/\/now-news.de\/de\/deutschland\/station-in-aserbaidschan-venezolanischer-praesident-maduro-baut-zusammenarbeit-mit-eurasien-aus\/#respond"]}]},{"@type":"WebPage","@id":"https:\/\/now-news.de\/de\/deutschland\/station-in-aserbaidschan-venezolanischer-praesident-maduro-baut-zusammenarbeit-mit-eurasien-aus\/","url":"https:\/\/now-news.de\/de\/deutschland\/station-in-aserbaidschan-venezolanischer-praesident-maduro-baut-zusammenarbeit-mit-eurasien-aus\/","name":"Station in Aserbaidschan: Venezolanischer Pr\u00e4sident Maduro baut Zusammenarbeit mit Eurasien aus - just-now.NEWS Deutschland","isPartOf":{"@id":"https:\/\/now-news.de\/de\/#website"},"primaryImageOfPage":{"@id":"https:\/\/now-news.de\/de\/deutschland\/station-in-aserbaidschan-venezolanischer-praesident-maduro-baut-zusammenarbeit-mit-eurasien-aus\/#primaryimage"},"image":{"@id":"https:\/\/now-news.de\/de\/deutschland\/station-in-aserbaidschan-venezolanischer-praesident-maduro-baut-zusammenarbeit-mit-eurasien-aus\/#primaryimage"},"thumbnailUrl":"https:\/\/now-news.de\/de\/wp-content\/uploads\/sites\/3\/2022\/06\/Station-in-Aserbaidschan-Venezolanischer-Praesident-Maduro-baut-Zusammenarbeit-mit-Eurasien.jpg","datePublished":"2022-06-17T20:43:35+00:00","breadcrumb":{"@id":"https:\/\/now-news.de\/de\/deutschland\/station-in-aserbaidschan-venezolanischer-praesident-maduro-baut-zusammenarbeit-mit-eurasien-aus\/#breadcrumb"},"inLanguage":"de","potentialAction":[{"@type":"ReadAction","target":["https:\/\/now-news.de\/de\/deutschland\/station-in-aserbaidschan-venezolanischer-praesident-maduro-baut-zusammenarbeit-mit-eurasien-aus\/"]}]},{"@type":"ImageObject","inLanguage":"de","@id":"https:\/\/now-news.de\/de\/deutschland\/station-in-aserbaidschan-venezolanischer-praesident-maduro-baut-zusammenarbeit-mit-eurasien-aus\/#primaryimage","url":"https:\/\/now-news.de\/de\/wp-content\/uploads\/sites\/3\/2022\/06\/Station-in-Aserbaidschan-Venezolanischer-Praesident-Maduro-baut-Zusammenarbeit-mit-Eurasien.jpg","contentUrl":"https:\/\/now-news.de\/de\/wp-content\/uploads\/sites\/3\/2022\/06\/Station-in-Aserbaidschan-Venezolanischer-Praesident-Maduro-baut-Zusammenarbeit-mit-Eurasien.jpg","width":460,"height":259,"caption":"Station in Aserbaidschan: Venezolanischer Pr\u00e4sident Maduro baut Zusammenarbeit mit Eurasien aus"},{"@type":"BreadcrumbList","@id":"https:\/\/now-news.de\/de\/deutschland\/station-in-aserbaidschan-venezolanischer-praesident-maduro-baut-zusammenarbeit-mit-eurasien-aus\/#breadcrumb","itemListElement":[{"@type":"ListItem","position":1,"name":"Home","item":"https:\/\/now-news.de\/de\/"},{"@type":"ListItem","position":2,"name":"Station in Aserbaidschan: Venezolanischer Pr\u00e4sident Maduro baut Zusammenarbeit mit Eurasien aus"}]},{"@type":"WebSite","@id":"https:\/\/now-news.de\/de\/#website","url":"https:\/\/now-news.de\/de\/","name":"just-now.NEWS Deutschland","description":"Das Portal f\u00fcr unzensierte Nachrichten aus der Welt","publisher":{"@id":"https:\/\/now-news.de\/de\/#organization"},"potentialAction":[{"@type":"SearchAction","target":{"@type":"EntryPoint","urlTemplate":"https:\/\/now-news.de\/de\/?s={search_term_string}"},"query-input":{"@type":"PropertyValueSpecification","valueRequired":true,"valueName":"search_term_string"}}],"inLanguage":"de"},{"@type":"Organization","@id":"https:\/\/now-news.de\/de\/#organization","name":"Just Now News","url":"https:\/\/now-news.de\/de\/","logo":{"@type":"ImageObject","inLanguage":"de","@id":"https:\/\/now-news.de\/de\/#\/schema\/logo\/image\/","url":"http:\/\/just-now.news\/de\/wp-content\/uploads\/sites\/3\/2022\/04\/logo500x500.jpg","contentUrl":"http:\/\/just-now.news\/de\/wp-content\/uploads\/sites\/3\/2022\/04\/logo500x500.jpg","width":500,"height":500,"caption":"Just Now News"},"image":{"@id":"https:\/\/now-news.de\/de\/#\/schema\/logo\/image\/"},"sameAs":["https:\/\/www.facebook.com\/wirmachenauf","https:\/\/x.com\/WirMachenAuf_de"]},{"@type":"Person","@id":"https:\/\/now-news.de\/de\/#\/schema\/person\/fb534a4e865501d8b3285208df34a9b5","name":"rtnews","image":{"@type":"ImageObject","inLanguage":"de","@id":"https:\/\/secure.gravatar.com\/avatar\/358fe31b3ab5769fea05376e1953329834cd9912cf9daf607e2af3076a1b982b?s=96&d=mm&r=g","url":"https:\/\/secure.gravatar.com\/avatar\/358fe31b3ab5769fea05376e1953329834cd9912cf9daf607e2af3076a1b982b?s=96&d=mm&r=g","contentUrl":"https:\/\/secure.gravatar.com\/avatar\/358fe31b3ab5769fea05376e1953329834cd9912cf9daf607e2af3076a1b982b?s=96&d=mm&r=g","caption":"rtnews"},"url":"https:\/\/now-news.de\/de\/author\/rnews\/"}]}},"_links":{"self":[{"href":"https:\/\/now-news.de\/de\/wp-json\/wp\/v2\/posts\/11213","targetHints":{"allow":["GET"]}}],"collection":[{"href":"https:\/\/now-news.de\/de\/wp-json\/wp\/v2\/posts"}],"about":[{"href":"https:\/\/now-news.de\/de\/wp-json\/wp\/v2\/types\/post"}],"author":[{"embeddable":true,"href":"https:\/\/now-news.de\/de\/wp-json\/wp\/v2\/users\/3"}],"replies":[{"embeddable":true,"href":"https:\/\/now-news.de\/de\/wp-json\/wp\/v2\/comments?post=11213"}],"version-history":[{"count":0,"href":"https:\/\/now-news.de\/de\/wp-json\/wp\/v2\/posts\/11213\/revisions"}],"wp:featuredmedia":[{"embeddable":true,"href":"https:\/\/now-news.de\/de\/wp-json\/wp\/v2\/media\/11214"}],"wp:attachment":[{"href":"https:\/\/now-news.de\/de\/wp-json\/wp\/v2\/media?parent=11213"}],"wp:term":[{"taxonomy":"category","embeddable":true,"href":"https:\/\/now-news.de\/de\/wp-json\/wp\/v2\/categories?post=11213"},{"taxonomy":"post_tag","embeddable":true,"href":"https:\/\/now-news.de\/de\/wp-json\/wp\/v2\/tags?post=11213"}],"curies":[{"name":"wp","href":"https:\/\/api.w.org\/{rel}","templated":true}]}}