{"id":11153,"date":"2022-06-17T15:15:00","date_gmt":"2022-06-17T13:15:00","guid":{"rendered":"http:\/\/just-now.news\/de\/usa\/eilmeldung-wikileaks-julian-assange-wird-in-den-usa-wegen-spionage-angeklagt-nachdem-der-auslieferungsbefehl-von-grossbritannien-unterzeichnet-wurde\/"},"modified":"2022-06-17T15:15:00","modified_gmt":"2022-06-17T13:15:00","slug":"eilmeldung-wikileaks-julian-assange-wird-in-den-usa-wegen-spionage-angeklagt-nachdem-der-auslieferungsbefehl-von-grossbritannien-unterzeichnet-wurde","status":"publish","type":"post","link":"https:\/\/now-news.de\/de\/usa\/eilmeldung-wikileaks-julian-assange-wird-in-den-usa-wegen-spionage-angeklagt-nachdem-der-auslieferungsbefehl-von-grossbritannien-unterzeichnet-wurde\/","title":{"rendered":"EILMELDUNG: Wikileaks Julian Assange wird in den USA wegen Spionage angeklagt, nachdem der Auslieferungsbefehl von Gro\u00dfbritannien unterzeichnet wurde"},"content":{"rendered":"<p><\/p>\n<div class=\"entry-content\">\n<p><span data-preserver-spaces=\"true\">Die britische Innenministerin Priti Patel hat offiziell eine Anordnung zur Auslieferung des WikiLeaks-Gr\u00fcnders Julian Assange an die Vereinigten Staaten unterzeichnet, wo ihm Spionage vorgeworfen wird, teilte das Innenministerium am Freitag mit.<\/span><\/p>\n<blockquote class=\"twitter-tweet\" data-width=\"500\" data-dnt=\"true\">\n<p lang=\"en\" dir=\"ltr\">NEU: Nach Pr\u00fcfung sowohl des Magistrates Court als auch des High Court wurde die Auslieferung von Julian Assange angeordnet.<\/p>\n<p>(1\/4)<\/p>\n<p>\u2014 Innenministerium (@ukhomeoffice) <a rel=\"nofollow noopener\" target=\"_blank\" href=\"https:\/\/twitter.com\/ukhomeoffice\/status\/1537731401981870081?ref_src=twsrc%5Etfw\">17. Juni 2022<\/a><\/p>\n<\/blockquote>\n<p><script async src=\"https:\/\/platform.twitter.com\/widgets.js\" charset=\"utf-8\"><\/script><\/p>\n<p><span data-preserver-spaces=\"true\">In einer Anh\u00f6rung im April, britischer Innenminister <\/span><span data-preserver-spaces=\"true\">Priti Patel<\/span><span data-preserver-spaces=\"true\"> bewegt, um Assanges \u00dcberstellung in die USA nach einem mehrj\u00e4hrigen Rechtsstreit, in dem er im Gef\u00e4ngnis festgehalten wurde, zu festigen. <\/span><\/p>\n<div id=\"IC1-ad\" class=\"sponsor IC1\">\n<p class=\"ad-notice flipboard-remove\" fl:fl-noexcerpt=\"true\">Werbung \u2013 die Geschichte geht unten weiter<\/p>\n<div id=\"IC1\">\n<script>\n\t\t\t\t\tif( FFADS.units.IC1 && FFADS.units.IC1.ad_type == 'custom' && FFADS.units.IC1.custom_ads && ! getCookie( 'ff_subbed' ) ) {\n\t\t\t\t\t\tdocument.getElementById( 'IC1' ).innerHTML = FFADS.units.IC1.custom_ads[0].code;\n\t\t\t\t\t\tif( ! FFADS.units.IC1.lazy_load ) eval( FFADS.units.IC1.custom_ads[0].rendering_script );\n\t\t\t\t\t}\n\t\t\t\t\telse if( FFADS.units.IC1 && ! getCookie( 'ff_subbed' ) ) {\n\t\t\t\t\t\tif( 'IC' != 'SB' && 'IC' != 'SA' && FFADS.use_fixed_containers ) {\n\t\t\t\t\t\t\tlet max_wh = firefly_size_list_to_max_wh( FFADS.units.IC1.sizes );\n\t\t\t\t\t\t\tlet el = document.querySelector( '#IC1' );\n\t\t\t\t\t\t\tif( 'IC' != 'SA' && FFADS.slide_pixels ) {\n\t\t\t\t\t\t\t\tmax_wh[1] += parseInt( FFADS.slide_pixels );\n\t\t\t\t\t\t\t\tel.classList.add( 'sliding' );\n\t\t\t\t\t\t\t}\n\t\t\t\t\t\t\tel.style.width = max_wh[0] + 'px';\n\t\t\t\t\t\t\tel.style.height = max_wh[1] + 'px';\n\t\t\t\t\t\t\tel.classList.add( 'fixed-size' );\n\t\t\t\t\t\t}\n\t\t\t\t\t\tgoogletag.cmd.push( function() {\n\t\t\t\t\t\t\tFFADS.debug( 'googletag.displaying IC1' );\n\t\t\t\t\t\t\tgoogletag.display( 'IC1' );\n\t\t\t\t\t\t} );\n\t\t\t\t\t}\n\t\t\t\t\telse {\n\t\t\t\t\t\tdocument.querySelector( '#IC1-ad' ).style.display = 'none';}\n\t\t\t\t<\/script><\/div>\n<\/div>\n<p><span data-preserver-spaces=\"true\">Nach Angaben des Innenministeriums hat Assange 14 Tage Zeit, um gegen die Entscheidung vom Freitag Berufung einzulegen.<\/span><\/p>\n<p><span data-preserver-spaces=\"true\">Gro\u00dfbritanniens Innenministerium <\/span><span data-preserver-spaces=\"true\">sagte in einer Erkl\u00e4rung<\/span><span data-preserver-spaces=\"true\"> Freitag, dass britische Gerichte nicht festgestellt haben, dass die Auslieferung von Julian Assange mit seinen Menschenrechten unvereinbar w\u00e4re.<\/span><\/p>\n<p><script>\n\t\t\t\t\tif( ! getCookie( 'ff_subbed' ) ) if( typeof FFADS.replace_ict != 'undefined' ) if( FFADS.replace_ict ) eval( FFADS.replace_ict );\n\t\t\t\t<\/script><\/p>\n<p><span data-preserver-spaces=\"true\">\u201eDie britischen Gerichte haben nicht festgestellt, dass es unterdr\u00fcckend, ungerecht oder ein Missbrauch des Verfahrens w\u00e4re, Herrn Assange auszuliefern.  Sie haben auch nicht festgestellt, dass die Auslieferung mit seinen Menschenrechten unvereinbar w\u00e4re, einschlie\u00dflich seines Rechts auf ein faires Verfahren und auf freie Meinungs\u00e4u\u00dferung, und dass er w\u00e4hrend seines Aufenthalts in den USA angemessen behandelt wird, auch in Bezug auf seine Gesundheit\u201c, hie\u00df es.<\/span><\/p>\n<p><span data-preserver-spaces=\"true\">Das Innenministerium verdeutlichte sein Recht, gegen die Entscheidung Berufung einzulegen, indem es sagte: \u201eHerr Assange hat das Recht, beim High Court die Zulassung der Berufung sowohl gegen die Entscheidungen des Bezirksrichters als auch gegen die Entscheidung des Au\u00dfenministers, die Auslieferung anzuordnen, zu beantragen.  Ein Antrag muss innerhalb von 14 Tagen nach Benachrichtigung von Herrn Assange \u00fcber die Entscheidung des Innenministers gestellt werden.\u201c<\/span><\/p>\n<div id=\"IC2-ad\" class=\"sponsor IC2\">\n<p class=\"ad-notice flipboard-remove\" fl:fl-noexcerpt=\"true\">Werbung \u2013 die Geschichte geht unten weiter<\/p>\n<div id=\"IC2\">\n<script>\n\t\t\t\t\tif( FFADS.units.IC2 && FFADS.units.IC2.ad_type == 'custom' && FFADS.units.IC2.custom_ads && ! getCookie( 'ff_subbed' ) ) {\n\t\t\t\t\t\tdocument.getElementById( 'IC2' ).innerHTML = FFADS.units.IC2.custom_ads[0].code;\n\t\t\t\t\t\tif( ! FFADS.units.IC2.lazy_load ) eval( FFADS.units.IC2.custom_ads[0].rendering_script );\n\t\t\t\t\t}\n\t\t\t\t\telse if( FFADS.units.IC2 && ! getCookie( 'ff_subbed' ) ) {\n\t\t\t\t\t\tif( 'IC' != 'SB' && 'IC' != 'SA' && FFADS.use_fixed_containers ) {\n\t\t\t\t\t\t\tlet max_wh = firefly_size_list_to_max_wh( FFADS.units.IC2.sizes );\n\t\t\t\t\t\t\tlet el = document.querySelector( '#IC2' );\n\t\t\t\t\t\t\tif( 'IC' != 'SA' && FFADS.slide_pixels ) {\n\t\t\t\t\t\t\t\tmax_wh[1] += parseInt( FFADS.slide_pixels );\n\t\t\t\t\t\t\t\tel.classList.add( 'sliding' );\n\t\t\t\t\t\t\t}\n\t\t\t\t\t\t\tel.style.width = max_wh[0] + 'px';\n\t\t\t\t\t\t\tel.style.height = max_wh[1] + 'px';\n\t\t\t\t\t\t\tel.classList.add( 'fixed-size' );\n\t\t\t\t\t\t}\n\t\t\t\t\t\tgoogletag.cmd.push( function() {\n\t\t\t\t\t\t\tFFADS.debug( 'googletag.displaying IC2' );\n\t\t\t\t\t\t\tgoogletag.display( 'IC2' );\n\t\t\t\t\t\t} );\n\t\t\t\t\t}\n\t\t\t\t\telse {\n\t\t\t\t\t\tdocument.querySelector( '#IC2-ad' ).style.display = 'none';}\n\t\t\t\t<\/script><\/div>\n<\/div>\n<p><span data-preserver-spaces=\"true\">Assange k\u00e4mpft gegen die Auslieferung an die Vereinigten Staaten.  Die britische Richterin Vanessa Baraitser <\/span><span data-preserver-spaces=\"true\">bestritten<\/span><span data-preserver-spaces=\"true\"> ein Auslieferungsersuchen der US-Regierung im vergangenen Jahr wegen Bedenken hinsichtlich der psychischen Gesundheit von Assange. <\/span><\/p>\n<p><span data-preserver-spaces=\"true\">Die Entscheidung von Richter Baraitser wurde im Dezember in einem Rechtsmittel der US-Regierung aufgehoben.  Der Schritt veranlasste Assanges Anwaltsteam, beim h\u00f6chsten Gericht des Vereinigten K\u00f6nigreichs einen eigenen Rechtsbehelf einzulegen.<\/span><\/p>\n<p><span data-preserver-spaces=\"true\">M\u00e4rz, <\/span><span data-preserver-spaces=\"true\">NBC-Nachrichten<\/span><span data-preserver-spaces=\"true\"> berichtete, dass das Gericht seine Berufung ablehnte, weil der Fall \u201ekeine strittige Rechtsfrage aufwirft\u201c.<\/span><\/p>\n<p><span data-preserver-spaces=\"true\">\u201eDie Nachrichten vom Montag schr\u00e4nken Assanges Optionen ein, aber sein Verteidigungsteam k\u00f6nnte immer noch versuchen, seinen Fall vor den Europ\u00e4ischen Gerichtshof f\u00fcr Menschenrechte zu bringen oder die anderen Feststellungen des urspr\u00fcnglichen Richters anzufechten\u201c, erkl\u00e4rt der Bericht.  \u201eBarry Pollack, Assanges in den USA ans\u00e4ssiger Anwalt, sagte am Montag, es sei \u201aextrem entt\u00e4uschend\u2018, dass der Oberste Gerichtshof Gro\u00dfbritanniens nicht bereit sei, die Berufung anzuh\u00f6ren.\u201c<\/span><\/p>\n<p><span data-preserver-spaces=\"true\">Assange wird in den USA weiter gesucht <\/span><span data-preserver-spaces=\"true\">18 Strafanzeigen<\/span><span data-preserver-spaces=\"true\"> nachdem seine Nachrichtenorganisation 2010 Tausende geheimer Dokumente ver\u00f6ffentlicht hatte. Bei einer Verurteilung droht ihm eine Freiheitsstrafe von bis zu 175 Jahren.<\/span><\/p>\n<div id=\"IC3-ad\" class=\"sponsor IC3\">\n<p class=\"ad-notice flipboard-remove\" fl:fl-noexcerpt=\"true\">Werbung \u2013 die Geschichte geht unten weiter<\/p>\n<div id=\"IC3\">\n<script>\n\t\t\t\t\tif( FFADS.units.IC3 && FFADS.units.IC3.ad_type == 'custom' && FFADS.units.IC3.custom_ads && ! getCookie( 'ff_subbed' ) ) {\n\t\t\t\t\t\tdocument.getElementById( 'IC3' ).innerHTML = FFADS.units.IC3.custom_ads[0].code;\n\t\t\t\t\t\tif( ! FFADS.units.IC3.lazy_load ) eval( FFADS.units.IC3.custom_ads[0].rendering_script );\n\t\t\t\t\t}\n\t\t\t\t\telse if( FFADS.units.IC3 && ! getCookie( 'ff_subbed' ) ) {\n\t\t\t\t\t\tif( 'IC' != 'SB' && 'IC' != 'SA' && FFADS.use_fixed_containers ) {\n\t\t\t\t\t\t\tlet max_wh = firefly_size_list_to_max_wh( FFADS.units.IC3.sizes );\n\t\t\t\t\t\t\tlet el = document.querySelector( '#IC3' );\n\t\t\t\t\t\t\tif( 'IC' != 'SA' && FFADS.slide_pixels ) {\n\t\t\t\t\t\t\t\tmax_wh[1] += parseInt( FFADS.slide_pixels );\n\t\t\t\t\t\t\t\tel.classList.add( 'sliding' );\n\t\t\t\t\t\t\t}\n\t\t\t\t\t\t\tel.style.width = max_wh[0] + 'px';\n\t\t\t\t\t\t\tel.style.height = max_wh[1] + 'px';\n\t\t\t\t\t\t\tel.classList.add( 'fixed-size' );\n\t\t\t\t\t\t}\n\t\t\t\t\t\tgoogletag.cmd.push( function() {\n\t\t\t\t\t\t\tFFADS.debug( 'googletag.displaying IC3' );\n\t\t\t\t\t\t\tgoogletag.display( 'IC3' );\n\t\t\t\t\t\t} );\n\t\t\t\t\t}\n\t\t\t\t\telse {\n\t\t\t\t\t\tdocument.querySelector( '#IC3-ad' ).style.display = 'none';}\n\t\t\t\t<\/script><\/div>\n<\/div>\n<p><span data-preserver-spaces=\"true\">Das <\/span><span data-preserver-spaces=\"true\">Wikileaks-Dokumente <\/span><span data-preserver-spaces=\"true\">Der fragliche Bericht enth\u00fcllte, dass das US-Milit\u00e4r Hunderte von Zivilisten bei nicht gemeldeten Vorf\u00e4llen in Afghanistan get\u00f6tet hatte.  Andere durchgesickerte Aufzeichnungen zeigten, dass 66.000 Zivilisten von irakischen Streitkr\u00e4ften get\u00f6tet und Gefangene gefoltert worden waren.<\/span><\/p>\n<p><span data-preserver-spaces=\"true\">Die USA sagen, die Ver\u00f6ffentlichung dieser Dokumente habe gegen das Gesetz versto\u00dfen und Leben gef\u00e4hrdet.  Assange sagt jedoch, die Klage der USA sei politisch motiviert.<\/span><\/p>\n<p><span data-preserver-spaces=\"true\">Im vergangenen Januar, ein niedriger <\/span><span data-preserver-spaces=\"true\">Richter entschied <\/span><span data-preserver-spaces=\"true\">dass die USA zwar einen Fall hatten, um Assange strafrechtlich zu verfolgen, er jedoch nicht aus Gro\u00dfbritannien vor Gericht gestellt werden konnte, weil es keine Garantie daf\u00fcr gab, dass die amerikanischen Beh\u00f6rden seine Sicherheit w\u00e4hrend der Haft gew\u00e4hrleisten w\u00fcrden.<\/span><\/p>\n<p><span data-preserver-spaces=\"true\">Angesichts der Bef\u00fcrchtungen, dass er einer intensiven Einzelhaft ausgesetzt sein w\u00fcrde, argumentierten die Anw\u00e4lte von Assange, dass seine psychische Gesundheit bedeutete, dass die USA ihn wahrscheinlich nicht davon abhalten w\u00fcrden, sich das Leben zu nehmen.<\/span><\/p>\n<p class=\"article-ask\"><span class=\"ask\"><script>\n  if( getParameterByName( \"utm_source\" ) == \"testpage\" ) {\n    !function(e,t,a,n,g){e[n]=e[n]||[],e[n].push({\"gtm.start\":(new Date).getTime(),event:\"gtm.js\"});var m=t.getElementsByTagName(a)[0],r=t.createElement(a);r.async=!0,r.src=\"https:\/\/www.googletagmanager.com\/gtm.js?id=GTM-PL4PD49\",m.parentNode.insertBefore(r,m)}(window.parent,window.parent.document,\"script\",\"dataLayer\");\n    var iframe=window.parent.document.createElement(\"iframe\");iframe.src=\"https:\/\/www.googletagmanager.com\/ns.html?id=GTM-PL4PD49\";iframe.height=\"0\";iframe.width=\"0\";iframe.style=\"display:none;visibility:hidden\";window.parent.document.body.appendChild(iframe);\n    window.parent[\"$$mm-analytics\"] = window.parent[\"$$mm-analytics\"] || {};if (typeof window.parent[\"$$mm-analytics\"].firstEmbed === \"undefined\") {window.parent[\"$$mm-analytics\"].firstEmbed = Date.now();}\n    let as1 = document.createElement( \"script\" );\n    as1.src = \"https:\/\/bucket1.mm-syringe.com\/prod\/configs\/ee2300c8-43d2-7f0b-dac0-40aaf31c9d3d.js\";\n    document.body.appendChild( as1 );\n    let as2 = document.createElement( \"script\" );\n    as2.src = \"https:\/\/bucket1.mm-syringe.com\/prod\/injector\/injector.1.5.3.js\";\n    document.body.appendChild( as2 );\n  }\n<\/script><\/p>\n<div class=\"apester-media\" data-token=\"5f10a39f94902bc81d3d59a7\" data-context=\"true\" data-tags=\"\" data-fallback=\"true\" height=\"350\"><\/div>\n<p><script id=\"apester_script\" src=\"https:\/\/static.apester.com\/js\/sdk\/latest\/apester-sdk.js\" async><\/script><script async src=\"https:\/\/www.googletagmanager.com\/gtag\/js?id=G-EFE91RJVSQ\"><\/script><script>\n  window.dataLayer = window.dataLayer || [];\n  function gtag(){dataLayer.push(arguments);}\n  gtag(\\\\\\'js\\\\\\', new Date());\n  gtag(\\\\\\'config\\\\\\', \\\\\\'G-EFE91RJVSQ\\\\\\');\n<\/script><script type=\"text\/javascript\">\n\tfunction e(e){var t=!(arguments.length>1&&void 0!==arguments[1])||arguments[1],c=document.createElement(\"script\");c.src=e,t?c.type=\"module\":(c.async=!0,c.type=\"text\/javascript\",c.setAttribute(\"nomodule\",\"\"));var n=document.getElementsByTagName(\"script\")[0];n.parentNode.insertBefore(c,n)}function t(t,c,n){var a,o,r;null!==(a=t.marfeel)&&void 0!==a||(t.marfeel={}),null!==(o=(r=t.marfeel).cmd)&&void 0!==o||(r.cmd=[]),t.marfeel.config=n,t.marfeel.config.accountId=c;var i=\"https:\/\/sdk.mrf.io\/statics\";e(\"\".concat(i,\"\/marfeel-sdk.js?id=\").concat(c),!0),e(\"\".concat(i,\"\/marfeel-sdk.es5.js?id=\").concat(c),!1)}!function(e,c){var n=arguments.length>2&&void 0!==arguments[2]?arguments[2]:{};t(e,c,n)}(window,1573,{} \/*config*\/);\n<\/script><\/span><\/p>\n<\/div>\n<p><br \/>\n<br \/><a href=\"https:\/\/www.thegatewaypundit.com\/2022\/06\/breaking-wikileaks-julian-assange-will-face-espionage-charges-us-extradition-order-signed-uk\/\">Source link <\/a><\/p>\n","protected":false},"excerpt":{"rendered":"<p>Die britische Innenministerin Priti Patel hat offiziell eine Anordnung zur Auslieferung des WikiLeaks-Gr\u00fcnders Julian Assange an die Vereinigten Staaten unterzeichnet, wo ihm Spionage vorgeworfen wird, teilte das Innenministerium am Freitag mit. NEU: Nach Pr\u00fcfung sowohl des Magistrates Court als auch des High Court wurde die Auslieferung von Julian Assange angeordnet. (1\/4) \u2014 Innenministerium (@ukhomeoffice) 17. [&hellip;]<\/p>\n","protected":false},"author":5,"featured_media":11154,"comment_status":"open","ping_status":"open","sticky":false,"template":"","format":"standard","meta":{"wp_automatic_camp":["1161"],"a63f3b7bedb704c450a444634f472eab":["EILMELDUNG: Wikileaks Julian Assange wird in den USA wegen Spionage angeklagt, nachdem der Auslieferungsbefehl von Gro\u00dfbritannien unterzeichnet wurde\n"],"original_link":["https:\/\/www.thegatewaypundit.com\/2022\/06\/breaking-wikileaks-julian-assange-will-face-espionage-charges-us-extradition-order-signed-uk\/"],"_thumbnail_id":["11154"],"wp_automatic_remove_first_image":["yes"],"jnews_social_counter_last_update":["1777279582"]},"categories":[25],"tags":[8172,4729,24868,48,82,7585,759,4728,3835,2005,7589,193,50,145,24867,374,528],"yoast_head":"<!-- This site is optimized with the Yoast SEO Premium plugin v22.7 (Yoast SEO v22.7) - https:\/\/yoast.com\/wordpress\/plugins\/seo\/ -->\n<title>EILMELDUNG: Wikileaks Julian Assange wird in den USA wegen Spionage angeklagt, nachdem der Auslieferungsbefehl von Gro\u00dfbritannien unterzeichnet wurde - just-now.NEWS Deutschland<\/title>\n<meta name=\"robots\" content=\"index, follow, max-snippet:-1, max-image-preview:large, max-video-preview:-1\" \/>\n<link rel=\"canonical\" href=\"https:\/\/now-news.de\/de\/usa\/eilmeldung-wikileaks-julian-assange-wird-in-den-usa-wegen-spionage-angeklagt-nachdem-der-auslieferungsbefehl-von-grossbritannien-unterzeichnet-wurde\/\" \/>\n<meta property=\"og:locale\" content=\"de_DE\" \/>\n<meta property=\"og:type\" content=\"article\" \/>\n<meta property=\"og:title\" content=\"EILMELDUNG: Wikileaks Julian Assange wird in den USA wegen Spionage angeklagt, nachdem der Auslieferungsbefehl von Gro\u00dfbritannien unterzeichnet wurde\" \/>\n<meta property=\"og:description\" content=\"Die britische Innenministerin Priti Patel hat offiziell eine Anordnung zur Auslieferung des WikiLeaks-Gr\u00fcnders Julian Assange an die Vereinigten Staaten unterzeichnet, wo ihm Spionage vorgeworfen wird, teilte das Innenministerium am Freitag mit. NEU: Nach Pr\u00fcfung sowohl des Magistrates Court als auch des High Court wurde die Auslieferung von Julian Assange angeordnet. (1\/4) \u2014 Innenministerium (@ukhomeoffice) 17. [&hellip;]\" \/>\n<meta property=\"og:url\" content=\"https:\/\/now-news.de\/de\/usa\/eilmeldung-wikileaks-julian-assange-wird-in-den-usa-wegen-spionage-angeklagt-nachdem-der-auslieferungsbefehl-von-grossbritannien-unterzeichnet-wurde\/\" \/>\n<meta property=\"og:site_name\" content=\"just-now.NEWS Deutschland\" \/>\n<meta property=\"article:publisher\" content=\"https:\/\/www.facebook.com\/wirmachenauf\" \/>\n<meta property=\"article:published_time\" content=\"2022-06-17T13:15:00+00:00\" \/>\n<meta property=\"og:image\" content=\"https:\/\/now-news.de\/de\/wp-content\/uploads\/sites\/3\/2022\/06\/1655471865_EILMELDUNG-Wikileaks-Julian-Assange-wird-in-den-USA-wegen-Spionage.jpg\" \/>\n\t<meta property=\"og:image:width\" content=\"1081\" \/>\n\t<meta property=\"og:image:height\" content=\"620\" \/>\n\t<meta property=\"og:image:type\" content=\"image\/jpeg\" \/>\n<meta name=\"author\" content=\"greatreset\" \/>\n<meta name=\"twitter:card\" content=\"summary_large_image\" \/>\n<meta name=\"twitter:creator\" content=\"@WirMachenAuf_de\" \/>\n<meta name=\"twitter:site\" content=\"@WirMachenAuf_de\" \/>\n<meta name=\"twitter:label1\" content=\"Verfasst von\" \/>\n\t<meta name=\"twitter:data1\" content=\"greatreset\" \/>\n\t<meta name=\"twitter:label2\" content=\"Gesch\u00e4tzte Lesezeit\" \/>\n\t<meta name=\"twitter:data2\" content=\"3\u00a0Minuten\" \/>\n<script type=\"application\/ld+json\" class=\"yoast-schema-graph\">{\"@context\":\"https:\/\/schema.org\",\"@graph\":[{\"@type\":\"Article\",\"@id\":\"https:\/\/now-news.de\/de\/usa\/eilmeldung-wikileaks-julian-assange-wird-in-den-usa-wegen-spionage-angeklagt-nachdem-der-auslieferungsbefehl-von-grossbritannien-unterzeichnet-wurde\/#article\",\"isPartOf\":{\"@id\":\"https:\/\/now-news.de\/de\/usa\/eilmeldung-wikileaks-julian-assange-wird-in-den-usa-wegen-spionage-angeklagt-nachdem-der-auslieferungsbefehl-von-grossbritannien-unterzeichnet-wurde\/\"},\"author\":{\"name\":\"greatreset\",\"@id\":\"https:\/\/now-news.de\/de\/#\/schema\/person\/8afb4cd92b68572db7902c13a349ffcb\"},\"headline\":\"EILMELDUNG: Wikileaks Julian Assange wird in den USA wegen Spionage angeklagt, nachdem der Auslieferungsbefehl von Gro\u00dfbritannien unterzeichnet wurde\",\"datePublished\":\"2022-06-17T13:15:00+00:00\",\"dateModified\":\"2022-06-17T13:15:00+00:00\",\"mainEntityOfPage\":{\"@id\":\"https:\/\/now-news.de\/de\/usa\/eilmeldung-wikileaks-julian-assange-wird-in-den-usa-wegen-spionage-angeklagt-nachdem-der-auslieferungsbefehl-von-grossbritannien-unterzeichnet-wurde\/\"},\"wordCount\":641,\"commentCount\":0,\"publisher\":{\"@id\":\"https:\/\/now-news.de\/de\/#organization\"},\"image\":{\"@id\":\"https:\/\/now-news.de\/de\/usa\/eilmeldung-wikileaks-julian-assange-wird-in-den-usa-wegen-spionage-angeklagt-nachdem-der-auslieferungsbefehl-von-grossbritannien-unterzeichnet-wurde\/#primaryimage\"},\"thumbnailUrl\":\"https:\/\/now-news.de\/de\/wp-content\/uploads\/sites\/3\/2022\/06\/1655471865_EILMELDUNG-Wikileaks-Julian-Assange-wird-in-den-USA-wegen-Spionage.jpg\",\"keywords\":[\"angeklagt\",\"Assange\",\"Auslieferungsbefehl\",\"den\",\"der\",\"EILMELDUNG\",\"Gro\u00dfbritannien\",\"Julian\",\"nachdem\",\"Spionage\",\"unterzeichnet\",\"USA\",\"von\",\"wegen\",\"Wikileaks\",\"wird\",\"wurde\"],\"articleSection\":[\"USA\"],\"inLanguage\":\"de\",\"potentialAction\":[{\"@type\":\"CommentAction\",\"name\":\"Comment\",\"target\":[\"https:\/\/now-news.de\/de\/usa\/eilmeldung-wikileaks-julian-assange-wird-in-den-usa-wegen-spionage-angeklagt-nachdem-der-auslieferungsbefehl-von-grossbritannien-unterzeichnet-wurde\/#respond\"]}]},{\"@type\":\"WebPage\",\"@id\":\"https:\/\/now-news.de\/de\/usa\/eilmeldung-wikileaks-julian-assange-wird-in-den-usa-wegen-spionage-angeklagt-nachdem-der-auslieferungsbefehl-von-grossbritannien-unterzeichnet-wurde\/\",\"url\":\"https:\/\/now-news.de\/de\/usa\/eilmeldung-wikileaks-julian-assange-wird-in-den-usa-wegen-spionage-angeklagt-nachdem-der-auslieferungsbefehl-von-grossbritannien-unterzeichnet-wurde\/\",\"name\":\"EILMELDUNG: Wikileaks Julian Assange wird in den USA wegen Spionage angeklagt, nachdem der Auslieferungsbefehl von Gro\u00dfbritannien unterzeichnet wurde - just-now.NEWS Deutschland\",\"isPartOf\":{\"@id\":\"https:\/\/now-news.de\/de\/#website\"},\"primaryImageOfPage\":{\"@id\":\"https:\/\/now-news.de\/de\/usa\/eilmeldung-wikileaks-julian-assange-wird-in-den-usa-wegen-spionage-angeklagt-nachdem-der-auslieferungsbefehl-von-grossbritannien-unterzeichnet-wurde\/#primaryimage\"},\"image\":{\"@id\":\"https:\/\/now-news.de\/de\/usa\/eilmeldung-wikileaks-julian-assange-wird-in-den-usa-wegen-spionage-angeklagt-nachdem-der-auslieferungsbefehl-von-grossbritannien-unterzeichnet-wurde\/#primaryimage\"},\"thumbnailUrl\":\"https:\/\/now-news.de\/de\/wp-content\/uploads\/sites\/3\/2022\/06\/1655471865_EILMELDUNG-Wikileaks-Julian-Assange-wird-in-den-USA-wegen-Spionage.jpg\",\"datePublished\":\"2022-06-17T13:15:00+00:00\",\"dateModified\":\"2022-06-17T13:15:00+00:00\",\"breadcrumb\":{\"@id\":\"https:\/\/now-news.de\/de\/usa\/eilmeldung-wikileaks-julian-assange-wird-in-den-usa-wegen-spionage-angeklagt-nachdem-der-auslieferungsbefehl-von-grossbritannien-unterzeichnet-wurde\/#breadcrumb\"},\"inLanguage\":\"de\",\"potentialAction\":[{\"@type\":\"ReadAction\",\"target\":[\"https:\/\/now-news.de\/de\/usa\/eilmeldung-wikileaks-julian-assange-wird-in-den-usa-wegen-spionage-angeklagt-nachdem-der-auslieferungsbefehl-von-grossbritannien-unterzeichnet-wurde\/\"]}]},{\"@type\":\"ImageObject\",\"inLanguage\":\"de\",\"@id\":\"https:\/\/now-news.de\/de\/usa\/eilmeldung-wikileaks-julian-assange-wird-in-den-usa-wegen-spionage-angeklagt-nachdem-der-auslieferungsbefehl-von-grossbritannien-unterzeichnet-wurde\/#primaryimage\",\"url\":\"https:\/\/now-news.de\/de\/wp-content\/uploads\/sites\/3\/2022\/06\/1655471865_EILMELDUNG-Wikileaks-Julian-Assange-wird-in-den-USA-wegen-Spionage.jpg\",\"contentUrl\":\"https:\/\/now-news.de\/de\/wp-content\/uploads\/sites\/3\/2022\/06\/1655471865_EILMELDUNG-Wikileaks-Julian-Assange-wird-in-den-USA-wegen-Spionage.jpg\",\"width\":1081,\"height\":620},{\"@type\":\"BreadcrumbList\",\"@id\":\"https:\/\/now-news.de\/de\/usa\/eilmeldung-wikileaks-julian-assange-wird-in-den-usa-wegen-spionage-angeklagt-nachdem-der-auslieferungsbefehl-von-grossbritannien-unterzeichnet-wurde\/#breadcrumb\",\"itemListElement\":[{\"@type\":\"ListItem\",\"position\":1,\"name\":\"Home\",\"item\":\"https:\/\/now-news.de\/de\/\"},{\"@type\":\"ListItem\",\"position\":2,\"name\":\"EILMELDUNG: Wikileaks Julian Assange wird in den USA wegen Spionage angeklagt, nachdem der Auslieferungsbefehl von Gro\u00dfbritannien unterzeichnet wurde\"}]},{\"@type\":\"WebSite\",\"@id\":\"https:\/\/now-news.de\/de\/#website\",\"url\":\"https:\/\/now-news.de\/de\/\",\"name\":\"just-now.NEWS Deutschland\",\"description\":\"Das Portal f\u00fcr unzensierte Nachrichten aus der Welt\",\"publisher\":{\"@id\":\"https:\/\/now-news.de\/de\/#organization\"},\"potentialAction\":[{\"@type\":\"SearchAction\",\"target\":{\"@type\":\"EntryPoint\",\"urlTemplate\":\"https:\/\/now-news.de\/de\/?s={search_term_string}\"},\"query-input\":\"required name=search_term_string\"}],\"inLanguage\":\"de\"},{\"@type\":\"Organization\",\"@id\":\"https:\/\/now-news.de\/de\/#organization\",\"name\":\"Just Now News\",\"url\":\"https:\/\/now-news.de\/de\/\",\"logo\":{\"@type\":\"ImageObject\",\"inLanguage\":\"de\",\"@id\":\"https:\/\/now-news.de\/de\/#\/schema\/logo\/image\/\",\"url\":\"http:\/\/just-now.news\/de\/wp-content\/uploads\/sites\/3\/2022\/04\/logo500x500.jpg\",\"contentUrl\":\"http:\/\/just-now.news\/de\/wp-content\/uploads\/sites\/3\/2022\/04\/logo500x500.jpg\",\"width\":500,\"height\":500,\"caption\":\"Just Now News\"},\"image\":{\"@id\":\"https:\/\/now-news.de\/de\/#\/schema\/logo\/image\/\"},\"sameAs\":[\"https:\/\/www.facebook.com\/wirmachenauf\",\"https:\/\/x.com\/WirMachenAuf_de\"]},{\"@type\":\"Person\",\"@id\":\"https:\/\/now-news.de\/de\/#\/schema\/person\/8afb4cd92b68572db7902c13a349ffcb\",\"name\":\"greatreset\",\"image\":{\"@type\":\"ImageObject\",\"inLanguage\":\"de\",\"@id\":\"https:\/\/now-news.de\/de\/#\/schema\/person\/image\/\",\"url\":\"https:\/\/secure.gravatar.com\/avatar\/a088df625d49991c090e78c8b9542592?s=96&d=mm&r=g\",\"contentUrl\":\"https:\/\/secure.gravatar.com\/avatar\/a088df625d49991c090e78c8b9542592?s=96&d=mm&r=g\",\"caption\":\"greatreset\"},\"url\":\"https:\/\/now-news.de\/de\/author\/greatreset\/\"}]}<\/script>\n<!-- \/ Yoast SEO Premium plugin. -->","yoast_head_json":{"title":"EILMELDUNG: Wikileaks Julian Assange wird in den USA wegen Spionage angeklagt, nachdem der Auslieferungsbefehl von Gro\u00dfbritannien unterzeichnet wurde - just-now.NEWS Deutschland","robots":{"index":"index","follow":"follow","max-snippet":"max-snippet:-1","max-image-preview":"max-image-preview:large","max-video-preview":"max-video-preview:-1"},"canonical":"https:\/\/now-news.de\/de\/usa\/eilmeldung-wikileaks-julian-assange-wird-in-den-usa-wegen-spionage-angeklagt-nachdem-der-auslieferungsbefehl-von-grossbritannien-unterzeichnet-wurde\/","og_locale":"de_DE","og_type":"article","og_title":"EILMELDUNG: Wikileaks Julian Assange wird in den USA wegen Spionage angeklagt, nachdem der Auslieferungsbefehl von Gro\u00dfbritannien unterzeichnet wurde","og_description":"Die britische Innenministerin Priti Patel hat offiziell eine Anordnung zur Auslieferung des WikiLeaks-Gr\u00fcnders Julian Assange an die Vereinigten Staaten unterzeichnet, wo ihm Spionage vorgeworfen wird, teilte das Innenministerium am Freitag mit. NEU: Nach Pr\u00fcfung sowohl des Magistrates Court als auch des High Court wurde die Auslieferung von Julian Assange angeordnet. (1\/4) \u2014 Innenministerium (@ukhomeoffice) 17. [&hellip;]","og_url":"https:\/\/now-news.de\/de\/usa\/eilmeldung-wikileaks-julian-assange-wird-in-den-usa-wegen-spionage-angeklagt-nachdem-der-auslieferungsbefehl-von-grossbritannien-unterzeichnet-wurde\/","og_site_name":"just-now.NEWS Deutschland","article_publisher":"https:\/\/www.facebook.com\/wirmachenauf","article_published_time":"2022-06-17T13:15:00+00:00","og_image":[{"width":1081,"height":620,"url":"https:\/\/now-news.de\/de\/wp-content\/uploads\/sites\/3\/2022\/06\/1655471865_EILMELDUNG-Wikileaks-Julian-Assange-wird-in-den-USA-wegen-Spionage.jpg","type":"image\/jpeg"}],"author":"greatreset","twitter_card":"summary_large_image","twitter_creator":"@WirMachenAuf_de","twitter_site":"@WirMachenAuf_de","twitter_misc":{"Verfasst von":"greatreset","Gesch\u00e4tzte Lesezeit":"3\u00a0Minuten"},"schema":{"@context":"https:\/\/schema.org","@graph":[{"@type":"Article","@id":"https:\/\/now-news.de\/de\/usa\/eilmeldung-wikileaks-julian-assange-wird-in-den-usa-wegen-spionage-angeklagt-nachdem-der-auslieferungsbefehl-von-grossbritannien-unterzeichnet-wurde\/#article","isPartOf":{"@id":"https:\/\/now-news.de\/de\/usa\/eilmeldung-wikileaks-julian-assange-wird-in-den-usa-wegen-spionage-angeklagt-nachdem-der-auslieferungsbefehl-von-grossbritannien-unterzeichnet-wurde\/"},"author":{"name":"greatreset","@id":"https:\/\/now-news.de\/de\/#\/schema\/person\/8afb4cd92b68572db7902c13a349ffcb"},"headline":"EILMELDUNG: Wikileaks Julian Assange wird in den USA wegen Spionage angeklagt, nachdem der Auslieferungsbefehl von Gro\u00dfbritannien unterzeichnet wurde","datePublished":"2022-06-17T13:15:00+00:00","dateModified":"2022-06-17T13:15:00+00:00","mainEntityOfPage":{"@id":"https:\/\/now-news.de\/de\/usa\/eilmeldung-wikileaks-julian-assange-wird-in-den-usa-wegen-spionage-angeklagt-nachdem-der-auslieferungsbefehl-von-grossbritannien-unterzeichnet-wurde\/"},"wordCount":641,"commentCount":0,"publisher":{"@id":"https:\/\/now-news.de\/de\/#organization"},"image":{"@id":"https:\/\/now-news.de\/de\/usa\/eilmeldung-wikileaks-julian-assange-wird-in-den-usa-wegen-spionage-angeklagt-nachdem-der-auslieferungsbefehl-von-grossbritannien-unterzeichnet-wurde\/#primaryimage"},"thumbnailUrl":"https:\/\/now-news.de\/de\/wp-content\/uploads\/sites\/3\/2022\/06\/1655471865_EILMELDUNG-Wikileaks-Julian-Assange-wird-in-den-USA-wegen-Spionage.jpg","keywords":["angeklagt","Assange","Auslieferungsbefehl","den","der","EILMELDUNG","Gro\u00dfbritannien","Julian","nachdem","Spionage","unterzeichnet","USA","von","wegen","Wikileaks","wird","wurde"],"articleSection":["USA"],"inLanguage":"de","potentialAction":[{"@type":"CommentAction","name":"Comment","target":["https:\/\/now-news.de\/de\/usa\/eilmeldung-wikileaks-julian-assange-wird-in-den-usa-wegen-spionage-angeklagt-nachdem-der-auslieferungsbefehl-von-grossbritannien-unterzeichnet-wurde\/#respond"]}]},{"@type":"WebPage","@id":"https:\/\/now-news.de\/de\/usa\/eilmeldung-wikileaks-julian-assange-wird-in-den-usa-wegen-spionage-angeklagt-nachdem-der-auslieferungsbefehl-von-grossbritannien-unterzeichnet-wurde\/","url":"https:\/\/now-news.de\/de\/usa\/eilmeldung-wikileaks-julian-assange-wird-in-den-usa-wegen-spionage-angeklagt-nachdem-der-auslieferungsbefehl-von-grossbritannien-unterzeichnet-wurde\/","name":"EILMELDUNG: Wikileaks Julian Assange wird in den USA wegen Spionage angeklagt, nachdem der Auslieferungsbefehl von Gro\u00dfbritannien unterzeichnet wurde - just-now.NEWS Deutschland","isPartOf":{"@id":"https:\/\/now-news.de\/de\/#website"},"primaryImageOfPage":{"@id":"https:\/\/now-news.de\/de\/usa\/eilmeldung-wikileaks-julian-assange-wird-in-den-usa-wegen-spionage-angeklagt-nachdem-der-auslieferungsbefehl-von-grossbritannien-unterzeichnet-wurde\/#primaryimage"},"image":{"@id":"https:\/\/now-news.de\/de\/usa\/eilmeldung-wikileaks-julian-assange-wird-in-den-usa-wegen-spionage-angeklagt-nachdem-der-auslieferungsbefehl-von-grossbritannien-unterzeichnet-wurde\/#primaryimage"},"thumbnailUrl":"https:\/\/now-news.de\/de\/wp-content\/uploads\/sites\/3\/2022\/06\/1655471865_EILMELDUNG-Wikileaks-Julian-Assange-wird-in-den-USA-wegen-Spionage.jpg","datePublished":"2022-06-17T13:15:00+00:00","dateModified":"2022-06-17T13:15:00+00:00","breadcrumb":{"@id":"https:\/\/now-news.de\/de\/usa\/eilmeldung-wikileaks-julian-assange-wird-in-den-usa-wegen-spionage-angeklagt-nachdem-der-auslieferungsbefehl-von-grossbritannien-unterzeichnet-wurde\/#breadcrumb"},"inLanguage":"de","potentialAction":[{"@type":"ReadAction","target":["https:\/\/now-news.de\/de\/usa\/eilmeldung-wikileaks-julian-assange-wird-in-den-usa-wegen-spionage-angeklagt-nachdem-der-auslieferungsbefehl-von-grossbritannien-unterzeichnet-wurde\/"]}]},{"@type":"ImageObject","inLanguage":"de","@id":"https:\/\/now-news.de\/de\/usa\/eilmeldung-wikileaks-julian-assange-wird-in-den-usa-wegen-spionage-angeklagt-nachdem-der-auslieferungsbefehl-von-grossbritannien-unterzeichnet-wurde\/#primaryimage","url":"https:\/\/now-news.de\/de\/wp-content\/uploads\/sites\/3\/2022\/06\/1655471865_EILMELDUNG-Wikileaks-Julian-Assange-wird-in-den-USA-wegen-Spionage.jpg","contentUrl":"https:\/\/now-news.de\/de\/wp-content\/uploads\/sites\/3\/2022\/06\/1655471865_EILMELDUNG-Wikileaks-Julian-Assange-wird-in-den-USA-wegen-Spionage.jpg","width":1081,"height":620},{"@type":"BreadcrumbList","@id":"https:\/\/now-news.de\/de\/usa\/eilmeldung-wikileaks-julian-assange-wird-in-den-usa-wegen-spionage-angeklagt-nachdem-der-auslieferungsbefehl-von-grossbritannien-unterzeichnet-wurde\/#breadcrumb","itemListElement":[{"@type":"ListItem","position":1,"name":"Home","item":"https:\/\/now-news.de\/de\/"},{"@type":"ListItem","position":2,"name":"EILMELDUNG: Wikileaks Julian Assange wird in den USA wegen Spionage angeklagt, nachdem der Auslieferungsbefehl von Gro\u00dfbritannien unterzeichnet wurde"}]},{"@type":"WebSite","@id":"https:\/\/now-news.de\/de\/#website","url":"https:\/\/now-news.de\/de\/","name":"just-now.NEWS Deutschland","description":"Das Portal f\u00fcr unzensierte Nachrichten aus der Welt","publisher":{"@id":"https:\/\/now-news.de\/de\/#organization"},"potentialAction":[{"@type":"SearchAction","target":{"@type":"EntryPoint","urlTemplate":"https:\/\/now-news.de\/de\/?s={search_term_string}"},"query-input":"required name=search_term_string"}],"inLanguage":"de"},{"@type":"Organization","@id":"https:\/\/now-news.de\/de\/#organization","name":"Just Now News","url":"https:\/\/now-news.de\/de\/","logo":{"@type":"ImageObject","inLanguage":"de","@id":"https:\/\/now-news.de\/de\/#\/schema\/logo\/image\/","url":"http:\/\/just-now.news\/de\/wp-content\/uploads\/sites\/3\/2022\/04\/logo500x500.jpg","contentUrl":"http:\/\/just-now.news\/de\/wp-content\/uploads\/sites\/3\/2022\/04\/logo500x500.jpg","width":500,"height":500,"caption":"Just Now News"},"image":{"@id":"https:\/\/now-news.de\/de\/#\/schema\/logo\/image\/"},"sameAs":["https:\/\/www.facebook.com\/wirmachenauf","https:\/\/x.com\/WirMachenAuf_de"]},{"@type":"Person","@id":"https:\/\/now-news.de\/de\/#\/schema\/person\/8afb4cd92b68572db7902c13a349ffcb","name":"greatreset","image":{"@type":"ImageObject","inLanguage":"de","@id":"https:\/\/now-news.de\/de\/#\/schema\/person\/image\/","url":"https:\/\/secure.gravatar.com\/avatar\/a088df625d49991c090e78c8b9542592?s=96&d=mm&r=g","contentUrl":"https:\/\/secure.gravatar.com\/avatar\/a088df625d49991c090e78c8b9542592?s=96&d=mm&r=g","caption":"greatreset"},"url":"https:\/\/now-news.de\/de\/author\/greatreset\/"}]}},"_links":{"self":[{"href":"https:\/\/now-news.de\/de\/wp-json\/wp\/v2\/posts\/11153"}],"collection":[{"href":"https:\/\/now-news.de\/de\/wp-json\/wp\/v2\/posts"}],"about":[{"href":"https:\/\/now-news.de\/de\/wp-json\/wp\/v2\/types\/post"}],"author":[{"embeddable":true,"href":"https:\/\/now-news.de\/de\/wp-json\/wp\/v2\/users\/5"}],"replies":[{"embeddable":true,"href":"https:\/\/now-news.de\/de\/wp-json\/wp\/v2\/comments?post=11153"}],"version-history":[{"count":0,"href":"https:\/\/now-news.de\/de\/wp-json\/wp\/v2\/posts\/11153\/revisions"}],"wp:featuredmedia":[{"embeddable":true,"href":"https:\/\/now-news.de\/de\/wp-json\/wp\/v2\/media\/11154"}],"wp:attachment":[{"href":"https:\/\/now-news.de\/de\/wp-json\/wp\/v2\/media?parent=11153"}],"wp:term":[{"taxonomy":"category","embeddable":true,"href":"https:\/\/now-news.de\/de\/wp-json\/wp\/v2\/categories?post=11153"},{"taxonomy":"post_tag","embeddable":true,"href":"https:\/\/now-news.de\/de\/wp-json\/wp\/v2\/tags?post=11153"}],"curies":[{"name":"wp","href":"https:\/\/api.w.org\/{rel}","templated":true}]}}