{"id":11147,"date":"2022-06-17T13:54:08","date_gmt":"2022-06-17T11:54:08","guid":{"rendered":"http:\/\/just-now.news\/de\/deutschland\/bild-redakteurin-kuendigt-und-wirft-axel-springer-chef-einknicken-vor-woken-aktivisten-vor\/"},"modified":"2022-06-17T13:54:08","modified_gmt":"2022-06-17T11:54:08","slug":"bild-redakteurin-kuendigt-und-wirft-axel-springer-chef-einknicken-vor-woken-aktivisten-vor","status":"publish","type":"post","link":"https:\/\/now-news.de\/de\/deutschland\/bild-redakteurin-kuendigt-und-wirft-axel-springer-chef-einknicken-vor-woken-aktivisten-vor\/","title":{"rendered":"Bild-Redakteurin k\u00fcndigt und wirft Axel-Springer-Chef Einknicken vor &quot;woken Aktivisten&quot; vor"},"content":{"rendered":"<p><img decoding=\"async\" src=\"http:\/\/just-now.news\/de\/wp-content\/uploads\/sites\/3\/2022\/06\/62ac584e48fbef441c463a52.jpg\" \/><\/p>\n<div class=\"Text-root Text-type_1 \">\n                Wirbel um den Axel-Springer-Verlag. Kaum war es um das Medienhaus nach dem Rauswurf des Bild-Chefredakteurs Julian Reichelt etwas ruhiger geworden, wirft nun eine inzwischen ehemalige Redakteurin dem CEO vor, vor &#8220;woken Aktivisten&#8221; eingeknickt zu sein.\n            <\/div>\n<p><\/p>\n<div class=\"Text-root Text-type_5 ArticleView-text ViewText-root \">\n<p>In den sozialen Medien\u00a0wie dem Kurznachrichtendienst Twitter wird gerade heftig \u00fcber ein Schreiben diskutiert. Es geht um einen offenen Brief einer nun wohl ehemaligen Journalistin beim Axel-Springer-Verlag, der\u00a0 reichlich Vorw\u00fcrfe an die Konzernspitze enth\u00e4lt.<\/p>\n<p>Judith Sevin\u00e7 Basad, die vor rund einem Jahr im Politikressort der <em>Bild-Zeitung<\/em> anfing zu arbeiten, und nach eigenem Bekunden &#8220;begeistert&#8221; dar\u00fcber gewesen sei, beanstandet nun, dass der Verlagschef Mathias D\u00f6pfner vor dem &#8220;woken Aktivismus&#8221; eingeknickt sei.<\/p>\n<p>Basad betont am Anfang ihres offenen Briefs, wie stolz sie gewesen sei, Teil einer &#8220;wunderbaren und mutigen&#8221; Redaktion gewesen zu sein, &#8220;die mit so gro\u00dfer Entschlossenheit freiheitsfeindliche Ideologen klar und furchtlos analysiert, benennt und beschreibt&#8221; \u2013 was sich ihrer Meinung nach etwa in der Arbeit der Journalisten Paul Ronzheimer und Julian Reichelt widerspiegelt. Dann aber wirft sie dem Medienhaus vor, sich von einer Bewegung &#8220;mit totalit\u00e4ren Forderungen&#8221; und &#8220;von der inhaltslosen Propaganda einer woken Minderheit in die Knie zwingen&#8221; zu lassen.<\/p>\n<p>Grund f\u00fcr ihre K\u00fcndigung bei der Mediengruppe sei demnach &#8220;das Gef\u00fchl, dass ich nicht mehr \u00fcber die Gefahren berichten kann, die von dieser gesellschaftlichen Bewegung&#8221; ausgehen. Die Redakteurin beschreibt in ihrem \u00f6ffentlichen Brief, wie sie kurz nach dem Erscheinen eines inzwischen als &#8220;umstritten&#8221; bezeichneten Gastbeitrags in der Zeitung Die<em> Welt<\/em>, einen Artikel ver\u00f6ffentlichen wollte, in dem einer der Autoren dieses Kommentars zu Wort kommen sollte. Doch, der Artikel &#8220;wurde verhindert&#8221;, so Basad.<\/p>\n<p><em>Die Welt<\/em> hatte vor mehreren Wochen diesen Gastbeitrag <a rel=\"nofollow noopener\" target=\"_blank\" href=\"https:\/\/www.welt.de\/debatte\/kommentare\/plus239113451\/Oeffentlich-rechtlicher-Rundfunk-Wie-ARD-und-ZDF-unsere-Kinder-indoktrinieren.html?wtrid=socialmedia.socialflow....socialflow_twitter\">ver\u00f6ffentlicht<\/a>, in dem sich f\u00fcnf Biologen und Mediziner mit Beitr\u00e4gen des \u00f6ffentlich-rechtlichen Rundfunks zum Thema der Transsexualit\u00e4t auseinandersetzten. Sie attestierten dem \u00f6ffentlich-rechtlichen Rundfunk in ihrem Kommentar unter anderem, dass er in &#8220;einem breiten Spektrum&#8221; in seinen Sendungen oder YouTube-Formaten statt &#8220;biologische Tatsachen und wissenschaftliche Erkenntnisse wahrheitsgem\u00e4\u00df&#8221; darzustellen, die Kinder und Jugendliche bei Themen wie\u00a0Sexualit\u00e4t und Vielgeschlechtlichkeit &#8220;indoktrinieren&#8221; will.<\/p>\n<p>Der Kommentar sorgte f\u00fcr solch einen Aufruhr, dass sogar der Axel-Springer-CEO selbst wenige Tage nach dem Erscheinen des Beitrags der Wissenschaftler einen eigenen Text in der <em>Welt\u00a0<\/em>ver\u00f6ffentlichte, in dem er den Gastkommentar unter anderem als &#8220;oberfl\u00e4chlich&#8221;, &#8220;herablassend&#8221; und &#8220;ressentimentgeladen&#8221; bezeichnete. Zugleich aber betonte D\u00f6pfner, dass die &#8220;Idee&#8221; von Gastkommentaren ja sei, &#8220;das Spektrum des Sagbaren bis an die Grenzen auszuloten und auf diese Weise Debatten anzusto\u00dfen&#8221;.<\/p>\n<p>Basad wirft nun unter anderem dem Verlag aber vor, sie aufgefordert zu haben, diesen Wissenschaftler-Aufruf zu kritisieren, andernfalls w\u00fcrde ihr Artikel nicht erscheinen. So schreibt die Redakteurin in ihrem Brief:\u00a0<\/p>\n<blockquote>\n<p><em>&#8220;Der Artikel wurde verhindert. Mir wurde gesagt, dass ich den Wissenschaftler-Aufruf kritisieren sollte, ansonsten w\u00fcrde der Artikel nicht erscheinen. De facto wurde von mir verlangt, dass ich genau das negativ darstelle, f\u00fcr was ich seit Jahren mit vollem Idealismus k\u00e4mpfe: vor den Gefahren des woken Aktivismus zu warnen.&#8221;<\/em><\/p>\n<\/blockquote>\n<p>In dem von ihr angestrebten <em>Bild-Artikel<\/em> sollte allerdings wohl, laut eigener Aussage, einer der f\u00fcnf <em>Autoren des<\/em> Welt-Kommentars, Kinderpsychiater Alexander Korte, zu Wort kommen und die Absichten der Wissenschaftler deutlich erkl\u00e4ren. Demnach habe Korte gesagt, dass der Aufruf nicht daf\u00fcr gedacht sei, &#8220;transsexuelle Menschen \u2013 deren Existenz wir akzeptieren und vor deren Leidensdruck wir den allergr\u00f6\u00dften Respekt haben \u2013 zu diskreditieren&#8221;. Es wurde laut Korte der Umgang der \u00f6ffentlich-rechtlichen Medien mit dem Thema kritisiert.<\/p>\n<blockquote>\n<p><em>&#8220;Es geht auch nicht darum, dass Kinder nicht fr\u00fchzeitig \u00fcber ihre Sexualit\u00e4t aufgekl\u00e4rt werden sollen. In dem Aufruf geht es darum, vor gef\u00e4hrlichen Falschinformationen \u2013 wie Leugnung biologischer Tatsachen und die M\u00e4r der Vielgeschlechtlichkeit, kurz: der Verbreitung von unwissenschaftlichen Tatsachen \u2013 zu warnen.&#8221;<\/em><\/p>\n<\/blockquote>\n<p>Dem CEO des Medienhauses wirft Basad vor, mit seinem Text, der mit dem <a rel=\"nofollow noopener\" target=\"_blank\" href=\"https:\/\/www.welt.de\/debatte\/article239180477\/Mathias-Doepfner-Unser-Haus-steht-fuer-Vielfalt-und-Freiheit.html\">Titel<\/a> &#8220;Unser Haus steht f\u00fcr Vielfalt und Freiheit&#8221; \u00fcberschrieben war, &#8220;vor der unertr\u00e4glichen Tyrannei der woken Aktivisten eingeknickt&#8221; zu sein. Der Verlag habe, so die Redakteurin weiter,\u00a0\u00a0&#8220;mit diesem Brief genau die inhaltslose Rhetorik \u00fcbernommen, mit der nicht nur ich, sondern jeder Mensch, der eine differenzierte Kritik der woken Bewegung betreibt, immer wieder als Menschenfeind diffamiert wird&#8221;.<\/p>\n<p>Basad wirft D\u00f6pfner unter anderem vor, in seinem Meinungsartikel &#8220;Dinge&#8221; zu\u00a0behaupten, die nicht wahr seien. Basad schreibt etwa:<\/p>\n<blockquote>\n<p><em>&#8220;Weder in dem Welt-Kommentar noch in dem 50-seitigen Dossier wird Hetze gegen Homosexuelle oder Transsexuelle betrieben, wie man es dort liest. Auch geht es den Wissenschaftlern nicht darum, Menschen daran zu hindern, ihre &#8216;fluide Geschlechtsidentit\u00e4t&#8217; frei auszuw\u00e4hlen, also etwa einer Frau zu verbieten als Mann zu leben (und umgekehrt) oder sich als &#8216;nicht-bin\u00e4re&#8217; Person zu identifizieren.&#8221;<\/em><\/p>\n<\/blockquote>\n<p>Stattdessen unterstrich Basad, dass der Aufruf &#8220;eine unwissenschaftliche Ideologie&#8221; anprangert, &#8220;die zunehmend den \u00f6ffentlich-rechtlichen Rundfunk beeinflusst&#8221;. Dem Axel-Springer-Chef warf sie zudem vor, in seinem Artikel die Autoren des Gastkommentars und ihre\u00a0Kritik &#8220;als Hetze gegen Minderheiten&#8221; und als &#8220;homophob&#8221; zu diffamieren.<\/p>\n<p>Die Redakteurin, die auch als erfolgreiche <a rel=\"nofollow noopener\" target=\"_blank\" href=\"https:\/\/www.westendverlag.de\/autoren\/judithsevinc_basad\/\">Buchautorin<\/a> gilt, fragt sich in ihrem offenen Brief, ob es dem Axel-Springer-Chef vielleicht darum gehe, &#8220;die woken US-Redaktionen des Unternehmens nicht zu ver\u00e4rgern&#8221;. Das Unternehmen hatte vergangenes Jahr f\u00fcr gesch\u00e4tzt gut <a rel=\"nofollow noopener\" target=\"_blank\" href=\"https:\/\/www.spiegel.de\/wirtschaft\/unternehmen\/springer-kauft-politico-fuer-eine-handvoll-newsletter-a-641e84e7-0675-4a8b-a802-0d506986599c\">eine Milliarde US-Dollar<\/a> die\u00a0Washingtoner Nachrichten-Plattform\u00a0<em>Politico<\/em>\u00a0\u00fcbernommen. In den USA besitzt der\u00a0Verlag seit 2015 auch das Wirtschaftsportal <em>Business Insider.<\/em><\/p>\n<p>Am Ende ihres Schreibens berichtet Basad auch \u00fcber eine\u00a0Debatte mit dem Konzernchef. Demnach soll D\u00f6pfner dabei die &#8220;moralische Pflicht einer Redaktion&#8221; betont haben, &#8220;nicht jede Behauptung in einer Zeitung abzubilden, nur weil sie den Eindruck von Wissenschaftlichkeit erweckt&#8221;.<\/p>\n<p>Inzwischen reagierte etwa Bild-Chefredakteur\u00a0Johannes Boie auf den offenen Brief von Basad via Kurznachrichtendienst Twitter. Boie <a rel=\"nofollow noopener\" target=\"_blank\" href=\"https:\/\/twitter.com\/johannesboie\/status\/1537417902072242179\">widersprach<\/a> Basad:\u00a0<\/p>\n<blockquote>\n<p><em>&#8220;Auf Deinen Artikelvorschlag hatte ich ja &#8216;Do it!&#8217; geantwortet \u2013 schade, dass der Text nicht hielt, was Dein Vorschlag versprochen hatte.&#8221;<\/em><\/p>\n<\/blockquote>\n<p>Zugleich versah er seine Nachricht mit einer offenbar ironisch gemeinten Bemerkung: &#8220;Stimmt, Judith, wir sind jetzt links! D\u00f6pfner rief eben nochmal an und hat mir das befohlen.&#8221; Basad <a rel=\"nofollow noopener\" target=\"_blank\" href=\"https:\/\/twitter.com\/JSevincBasad\/status\/1537422474853359617\">warf<\/a> ihm daraufhin einen &#8220;ironisch-arroganten&#8221; und &#8220;herablassenden Ton&#8221; vor. &#8220;Ich h\u00e4tte mir bei meiner aufrichtig gemeinten Kritik einen respektvolleren Umgang erhofft&#8221;, so Basad.<\/p>\n<p><strong>Mehr zum Thema<\/strong> &#8211; <a rel=\"nofollow noopener\" target=\"_blank\" href=\"https:\/\/de.rt.com\/inland\/92451-harter-sparkurs-us-finanzinvestor-soll\/\">Harter Sparkurs wegen schlechter Zahlen: US-Finanzinvestor soll Axel Springer auf Vordermann bringen<\/a><\/p>\n<\/p>\n<\/div>\n<p><script async src=\"https:\/\/platform.twitter.com\/widgets.js\" charset=\"utf-8\"><\/script><br \/>\n<br \/><br \/>\n<br \/><a href=\"https:\/\/de.rt.com\/inland\/141285-bild-redakteurin-kundigt-und-wirft\/\">Source link <\/a><\/p>\n","protected":false},"excerpt":{"rendered":"<p>Wirbel um den Axel-Springer-Verlag. Kaum war es um das Medienhaus nach dem Rauswurf des Bild-Chefredakteurs Julian Reichelt etwas ruhiger geworden, wirft nun eine inzwischen ehemalige Redakteurin dem CEO vor, vor &#8220;woken Aktivisten&#8221; eingeknickt zu sein. In den sozialen Medien\u00a0wie dem Kurznachrichtendienst Twitter wird gerade heftig \u00fcber ein Schreiben diskutiert. Es geht um einen offenen Brief [&hellip;]<\/p>\n","protected":false},"author":3,"featured_media":11148,"comment_status":"open","ping_status":"open","sticky":false,"template":"","format":"standard","meta":{"wp_automatic_camp":["217"],"59b7e2548f19cb9abbbf9f7d7f9a939c":["Bild-Redakteurin k\u00fcndigt und wirft Axel-Springer-Chef Einknicken vor &quot;woken Aktivisten&quot; vor"],"original_link":["https:\/\/de.rt.com\/inland\/141285-bild-redakteurin-kundigt-und-wirft\/"],"_thumbnail_id":["11148"],"_wptg_p2tg_sent2tg":["2022-06-17 14:02:58"],"jnews_social_counter_last_update":["1777600760"]},"categories":[19,23],"tags":[24862,24859,24858,24860,4224,24861,140,320,7129],"yoast_head":"<!-- This site is optimized with the Yoast SEO Premium plugin v22.7 (Yoast SEO v22.7) - https:\/\/yoast.com\/wordpress\/plugins\/seo\/ -->\n<title>Bild-Redakteurin k\u00fcndigt und wirft Axel-Springer-Chef Einknicken vor &quot;woken Aktivisten&quot; vor - just-now.NEWS Deutschland<\/title>\n<meta name=\"robots\" content=\"index, follow, max-snippet:-1, max-image-preview:large, max-video-preview:-1\" \/>\n<link rel=\"canonical\" href=\"https:\/\/now-news.de\/de\/deutschland\/bild-redakteurin-kuendigt-und-wirft-axel-springer-chef-einknicken-vor-woken-aktivisten-vor\/\" \/>\n<meta property=\"og:locale\" content=\"de_DE\" \/>\n<meta property=\"og:type\" content=\"article\" \/>\n<meta property=\"og:title\" content=\"Bild-Redakteurin k\u00fcndigt und wirft Axel-Springer-Chef Einknicken vor &quot;woken Aktivisten&quot; vor\" \/>\n<meta property=\"og:description\" content=\"Wirbel um den Axel-Springer-Verlag. Kaum war es um das Medienhaus nach dem Rauswurf des Bild-Chefredakteurs Julian Reichelt etwas ruhiger geworden, wirft nun eine inzwischen ehemalige Redakteurin dem CEO vor, vor &#8220;woken Aktivisten&#8221; eingeknickt zu sein. In den sozialen Medien\u00a0wie dem Kurznachrichtendienst Twitter wird gerade heftig \u00fcber ein Schreiben diskutiert. Es geht um einen offenen Brief [&hellip;]\" \/>\n<meta property=\"og:url\" content=\"https:\/\/now-news.de\/de\/deutschland\/bild-redakteurin-kuendigt-und-wirft-axel-springer-chef-einknicken-vor-woken-aktivisten-vor\/\" \/>\n<meta property=\"og:site_name\" content=\"just-now.NEWS Deutschland\" \/>\n<meta property=\"article:publisher\" content=\"https:\/\/www.facebook.com\/wirmachenauf\" \/>\n<meta property=\"article:published_time\" content=\"2022-06-17T11:54:08+00:00\" \/>\n<meta property=\"og:image\" content=\"https:\/\/now-news.de\/de\/wp-content\/uploads\/sites\/3\/2022\/06\/Bild-Redakteurin-kuendigt-und-wirft-Axel-Springer-Chef-Einknicken-vor-quotwoken-Aktivistenquot-vor.jpg\" \/>\n\t<meta property=\"og:image:width\" content=\"460\" \/>\n\t<meta property=\"og:image:height\" content=\"259\" \/>\n\t<meta property=\"og:image:type\" content=\"image\/jpeg\" \/>\n<meta name=\"author\" content=\"rtnews\" \/>\n<meta name=\"twitter:card\" content=\"summary_large_image\" \/>\n<meta name=\"twitter:creator\" content=\"@WirMachenAuf_de\" \/>\n<meta name=\"twitter:site\" content=\"@WirMachenAuf_de\" \/>\n<meta name=\"twitter:label1\" content=\"Verfasst von\" \/>\n\t<meta name=\"twitter:data1\" content=\"rtnews\" \/>\n\t<meta name=\"twitter:label2\" content=\"Gesch\u00e4tzte Lesezeit\" \/>\n\t<meta name=\"twitter:data2\" content=\"5\u00a0Minuten\" \/>\n<script type=\"application\/ld+json\" class=\"yoast-schema-graph\">{\"@context\":\"https:\/\/schema.org\",\"@graph\":[{\"@type\":\"Article\",\"@id\":\"https:\/\/now-news.de\/de\/deutschland\/bild-redakteurin-kuendigt-und-wirft-axel-springer-chef-einknicken-vor-woken-aktivisten-vor\/#article\",\"isPartOf\":{\"@id\":\"https:\/\/now-news.de\/de\/deutschland\/bild-redakteurin-kuendigt-und-wirft-axel-springer-chef-einknicken-vor-woken-aktivisten-vor\/\"},\"author\":{\"name\":\"rtnews\",\"@id\":\"https:\/\/now-news.de\/de\/#\/schema\/person\/fb534a4e865501d8b3285208df34a9b5\"},\"headline\":\"Bild-Redakteurin k\u00fcndigt und wirft Axel-Springer-Chef Einknicken vor &quot;woken Aktivisten&quot; vor\",\"datePublished\":\"2022-06-17T11:54:08+00:00\",\"dateModified\":\"2022-06-17T11:54:08+00:00\",\"mainEntityOfPage\":{\"@id\":\"https:\/\/now-news.de\/de\/deutschland\/bild-redakteurin-kuendigt-und-wirft-axel-springer-chef-einknicken-vor-woken-aktivisten-vor\/\"},\"wordCount\":1031,\"commentCount\":0,\"publisher\":{\"@id\":\"https:\/\/now-news.de\/de\/#organization\"},\"image\":{\"@id\":\"https:\/\/now-news.de\/de\/deutschland\/bild-redakteurin-kuendigt-und-wirft-axel-springer-chef-einknicken-vor-woken-aktivisten-vor\/#primaryimage\"},\"thumbnailUrl\":\"https:\/\/now-news.de\/de\/wp-content\/uploads\/sites\/3\/2022\/06\/Bild-Redakteurin-kuendigt-und-wirft-Axel-Springer-Chef-Einknicken-vor-quotwoken-Aktivistenquot-vor.jpg\",\"keywords\":[\"Aktivistenquot\",\"AxelSpringerChef\",\"BildRedakteurin\",\"Einknicken\",\"k\u00fcndigt\",\"quotwoken\",\"und\",\"vor\",\"wirft\"],\"articleSection\":[\"Deutschland\",\"Russland\"],\"inLanguage\":\"de\",\"potentialAction\":[{\"@type\":\"CommentAction\",\"name\":\"Comment\",\"target\":[\"https:\/\/now-news.de\/de\/deutschland\/bild-redakteurin-kuendigt-und-wirft-axel-springer-chef-einknicken-vor-woken-aktivisten-vor\/#respond\"]}]},{\"@type\":\"WebPage\",\"@id\":\"https:\/\/now-news.de\/de\/deutschland\/bild-redakteurin-kuendigt-und-wirft-axel-springer-chef-einknicken-vor-woken-aktivisten-vor\/\",\"url\":\"https:\/\/now-news.de\/de\/deutschland\/bild-redakteurin-kuendigt-und-wirft-axel-springer-chef-einknicken-vor-woken-aktivisten-vor\/\",\"name\":\"Bild-Redakteurin k\u00fcndigt und wirft Axel-Springer-Chef Einknicken vor &quot;woken Aktivisten&quot; vor - just-now.NEWS Deutschland\",\"isPartOf\":{\"@id\":\"https:\/\/now-news.de\/de\/#website\"},\"primaryImageOfPage\":{\"@id\":\"https:\/\/now-news.de\/de\/deutschland\/bild-redakteurin-kuendigt-und-wirft-axel-springer-chef-einknicken-vor-woken-aktivisten-vor\/#primaryimage\"},\"image\":{\"@id\":\"https:\/\/now-news.de\/de\/deutschland\/bild-redakteurin-kuendigt-und-wirft-axel-springer-chef-einknicken-vor-woken-aktivisten-vor\/#primaryimage\"},\"thumbnailUrl\":\"https:\/\/now-news.de\/de\/wp-content\/uploads\/sites\/3\/2022\/06\/Bild-Redakteurin-kuendigt-und-wirft-Axel-Springer-Chef-Einknicken-vor-quotwoken-Aktivistenquot-vor.jpg\",\"datePublished\":\"2022-06-17T11:54:08+00:00\",\"dateModified\":\"2022-06-17T11:54:08+00:00\",\"breadcrumb\":{\"@id\":\"https:\/\/now-news.de\/de\/deutschland\/bild-redakteurin-kuendigt-und-wirft-axel-springer-chef-einknicken-vor-woken-aktivisten-vor\/#breadcrumb\"},\"inLanguage\":\"de\",\"potentialAction\":[{\"@type\":\"ReadAction\",\"target\":[\"https:\/\/now-news.de\/de\/deutschland\/bild-redakteurin-kuendigt-und-wirft-axel-springer-chef-einknicken-vor-woken-aktivisten-vor\/\"]}]},{\"@type\":\"ImageObject\",\"inLanguage\":\"de\",\"@id\":\"https:\/\/now-news.de\/de\/deutschland\/bild-redakteurin-kuendigt-und-wirft-axel-springer-chef-einknicken-vor-woken-aktivisten-vor\/#primaryimage\",\"url\":\"https:\/\/now-news.de\/de\/wp-content\/uploads\/sites\/3\/2022\/06\/Bild-Redakteurin-kuendigt-und-wirft-Axel-Springer-Chef-Einknicken-vor-quotwoken-Aktivistenquot-vor.jpg\",\"contentUrl\":\"https:\/\/now-news.de\/de\/wp-content\/uploads\/sites\/3\/2022\/06\/Bild-Redakteurin-kuendigt-und-wirft-Axel-Springer-Chef-Einknicken-vor-quotwoken-Aktivistenquot-vor.jpg\",\"width\":460,\"height\":259,\"caption\":\"Bild-Redakteurin k\u00fcndigt und wirft Axel-Springer-Chef Einknicken vor &quot;woken Aktivisten&quot; vor\"},{\"@type\":\"BreadcrumbList\",\"@id\":\"https:\/\/now-news.de\/de\/deutschland\/bild-redakteurin-kuendigt-und-wirft-axel-springer-chef-einknicken-vor-woken-aktivisten-vor\/#breadcrumb\",\"itemListElement\":[{\"@type\":\"ListItem\",\"position\":1,\"name\":\"Home\",\"item\":\"https:\/\/now-news.de\/de\/\"},{\"@type\":\"ListItem\",\"position\":2,\"name\":\"Bild-Redakteurin k\u00fcndigt und wirft Axel-Springer-Chef Einknicken vor &quot;woken Aktivisten&quot; vor\"}]},{\"@type\":\"WebSite\",\"@id\":\"https:\/\/now-news.de\/de\/#website\",\"url\":\"https:\/\/now-news.de\/de\/\",\"name\":\"just-now.NEWS Deutschland\",\"description\":\"Das Portal f\u00fcr unzensierte Nachrichten aus der Welt\",\"publisher\":{\"@id\":\"https:\/\/now-news.de\/de\/#organization\"},\"potentialAction\":[{\"@type\":\"SearchAction\",\"target\":{\"@type\":\"EntryPoint\",\"urlTemplate\":\"https:\/\/now-news.de\/de\/?s={search_term_string}\"},\"query-input\":\"required name=search_term_string\"}],\"inLanguage\":\"de\"},{\"@type\":\"Organization\",\"@id\":\"https:\/\/now-news.de\/de\/#organization\",\"name\":\"Just Now News\",\"url\":\"https:\/\/now-news.de\/de\/\",\"logo\":{\"@type\":\"ImageObject\",\"inLanguage\":\"de\",\"@id\":\"https:\/\/now-news.de\/de\/#\/schema\/logo\/image\/\",\"url\":\"http:\/\/just-now.news\/de\/wp-content\/uploads\/sites\/3\/2022\/04\/logo500x500.jpg\",\"contentUrl\":\"http:\/\/just-now.news\/de\/wp-content\/uploads\/sites\/3\/2022\/04\/logo500x500.jpg\",\"width\":500,\"height\":500,\"caption\":\"Just Now News\"},\"image\":{\"@id\":\"https:\/\/now-news.de\/de\/#\/schema\/logo\/image\/\"},\"sameAs\":[\"https:\/\/www.facebook.com\/wirmachenauf\",\"https:\/\/x.com\/WirMachenAuf_de\"]},{\"@type\":\"Person\",\"@id\":\"https:\/\/now-news.de\/de\/#\/schema\/person\/fb534a4e865501d8b3285208df34a9b5\",\"name\":\"rtnews\",\"image\":{\"@type\":\"ImageObject\",\"inLanguage\":\"de\",\"@id\":\"https:\/\/now-news.de\/de\/#\/schema\/person\/image\/\",\"url\":\"https:\/\/secure.gravatar.com\/avatar\/82aafea7d8127119dd649515f56e2117?s=96&d=mm&r=g\",\"contentUrl\":\"https:\/\/secure.gravatar.com\/avatar\/82aafea7d8127119dd649515f56e2117?s=96&d=mm&r=g\",\"caption\":\"rtnews\"},\"url\":\"https:\/\/now-news.de\/de\/author\/rnews\/\"}]}<\/script>\n<!-- \/ Yoast SEO Premium plugin. -->","yoast_head_json":{"title":"Bild-Redakteurin k\u00fcndigt und wirft Axel-Springer-Chef Einknicken vor &quot;woken Aktivisten&quot; vor - just-now.NEWS Deutschland","robots":{"index":"index","follow":"follow","max-snippet":"max-snippet:-1","max-image-preview":"max-image-preview:large","max-video-preview":"max-video-preview:-1"},"canonical":"https:\/\/now-news.de\/de\/deutschland\/bild-redakteurin-kuendigt-und-wirft-axel-springer-chef-einknicken-vor-woken-aktivisten-vor\/","og_locale":"de_DE","og_type":"article","og_title":"Bild-Redakteurin k\u00fcndigt und wirft Axel-Springer-Chef Einknicken vor &quot;woken Aktivisten&quot; vor","og_description":"Wirbel um den Axel-Springer-Verlag. Kaum war es um das Medienhaus nach dem Rauswurf des Bild-Chefredakteurs Julian Reichelt etwas ruhiger geworden, wirft nun eine inzwischen ehemalige Redakteurin dem CEO vor, vor &#8220;woken Aktivisten&#8221; eingeknickt zu sein. In den sozialen Medien\u00a0wie dem Kurznachrichtendienst Twitter wird gerade heftig \u00fcber ein Schreiben diskutiert. Es geht um einen offenen Brief [&hellip;]","og_url":"https:\/\/now-news.de\/de\/deutschland\/bild-redakteurin-kuendigt-und-wirft-axel-springer-chef-einknicken-vor-woken-aktivisten-vor\/","og_site_name":"just-now.NEWS Deutschland","article_publisher":"https:\/\/www.facebook.com\/wirmachenauf","article_published_time":"2022-06-17T11:54:08+00:00","og_image":[{"width":460,"height":259,"url":"https:\/\/now-news.de\/de\/wp-content\/uploads\/sites\/3\/2022\/06\/Bild-Redakteurin-kuendigt-und-wirft-Axel-Springer-Chef-Einknicken-vor-quotwoken-Aktivistenquot-vor.jpg","type":"image\/jpeg"}],"author":"rtnews","twitter_card":"summary_large_image","twitter_creator":"@WirMachenAuf_de","twitter_site":"@WirMachenAuf_de","twitter_misc":{"Verfasst von":"rtnews","Gesch\u00e4tzte Lesezeit":"5\u00a0Minuten"},"schema":{"@context":"https:\/\/schema.org","@graph":[{"@type":"Article","@id":"https:\/\/now-news.de\/de\/deutschland\/bild-redakteurin-kuendigt-und-wirft-axel-springer-chef-einknicken-vor-woken-aktivisten-vor\/#article","isPartOf":{"@id":"https:\/\/now-news.de\/de\/deutschland\/bild-redakteurin-kuendigt-und-wirft-axel-springer-chef-einknicken-vor-woken-aktivisten-vor\/"},"author":{"name":"rtnews","@id":"https:\/\/now-news.de\/de\/#\/schema\/person\/fb534a4e865501d8b3285208df34a9b5"},"headline":"Bild-Redakteurin k\u00fcndigt und wirft Axel-Springer-Chef Einknicken vor &quot;woken Aktivisten&quot; vor","datePublished":"2022-06-17T11:54:08+00:00","dateModified":"2022-06-17T11:54:08+00:00","mainEntityOfPage":{"@id":"https:\/\/now-news.de\/de\/deutschland\/bild-redakteurin-kuendigt-und-wirft-axel-springer-chef-einknicken-vor-woken-aktivisten-vor\/"},"wordCount":1031,"commentCount":0,"publisher":{"@id":"https:\/\/now-news.de\/de\/#organization"},"image":{"@id":"https:\/\/now-news.de\/de\/deutschland\/bild-redakteurin-kuendigt-und-wirft-axel-springer-chef-einknicken-vor-woken-aktivisten-vor\/#primaryimage"},"thumbnailUrl":"https:\/\/now-news.de\/de\/wp-content\/uploads\/sites\/3\/2022\/06\/Bild-Redakteurin-kuendigt-und-wirft-Axel-Springer-Chef-Einknicken-vor-quotwoken-Aktivistenquot-vor.jpg","keywords":["Aktivistenquot","AxelSpringerChef","BildRedakteurin","Einknicken","k\u00fcndigt","quotwoken","und","vor","wirft"],"articleSection":["Deutschland","Russland"],"inLanguage":"de","potentialAction":[{"@type":"CommentAction","name":"Comment","target":["https:\/\/now-news.de\/de\/deutschland\/bild-redakteurin-kuendigt-und-wirft-axel-springer-chef-einknicken-vor-woken-aktivisten-vor\/#respond"]}]},{"@type":"WebPage","@id":"https:\/\/now-news.de\/de\/deutschland\/bild-redakteurin-kuendigt-und-wirft-axel-springer-chef-einknicken-vor-woken-aktivisten-vor\/","url":"https:\/\/now-news.de\/de\/deutschland\/bild-redakteurin-kuendigt-und-wirft-axel-springer-chef-einknicken-vor-woken-aktivisten-vor\/","name":"Bild-Redakteurin k\u00fcndigt und wirft Axel-Springer-Chef Einknicken vor &quot;woken Aktivisten&quot; vor - just-now.NEWS Deutschland","isPartOf":{"@id":"https:\/\/now-news.de\/de\/#website"},"primaryImageOfPage":{"@id":"https:\/\/now-news.de\/de\/deutschland\/bild-redakteurin-kuendigt-und-wirft-axel-springer-chef-einknicken-vor-woken-aktivisten-vor\/#primaryimage"},"image":{"@id":"https:\/\/now-news.de\/de\/deutschland\/bild-redakteurin-kuendigt-und-wirft-axel-springer-chef-einknicken-vor-woken-aktivisten-vor\/#primaryimage"},"thumbnailUrl":"https:\/\/now-news.de\/de\/wp-content\/uploads\/sites\/3\/2022\/06\/Bild-Redakteurin-kuendigt-und-wirft-Axel-Springer-Chef-Einknicken-vor-quotwoken-Aktivistenquot-vor.jpg","datePublished":"2022-06-17T11:54:08+00:00","dateModified":"2022-06-17T11:54:08+00:00","breadcrumb":{"@id":"https:\/\/now-news.de\/de\/deutschland\/bild-redakteurin-kuendigt-und-wirft-axel-springer-chef-einknicken-vor-woken-aktivisten-vor\/#breadcrumb"},"inLanguage":"de","potentialAction":[{"@type":"ReadAction","target":["https:\/\/now-news.de\/de\/deutschland\/bild-redakteurin-kuendigt-und-wirft-axel-springer-chef-einknicken-vor-woken-aktivisten-vor\/"]}]},{"@type":"ImageObject","inLanguage":"de","@id":"https:\/\/now-news.de\/de\/deutschland\/bild-redakteurin-kuendigt-und-wirft-axel-springer-chef-einknicken-vor-woken-aktivisten-vor\/#primaryimage","url":"https:\/\/now-news.de\/de\/wp-content\/uploads\/sites\/3\/2022\/06\/Bild-Redakteurin-kuendigt-und-wirft-Axel-Springer-Chef-Einknicken-vor-quotwoken-Aktivistenquot-vor.jpg","contentUrl":"https:\/\/now-news.de\/de\/wp-content\/uploads\/sites\/3\/2022\/06\/Bild-Redakteurin-kuendigt-und-wirft-Axel-Springer-Chef-Einknicken-vor-quotwoken-Aktivistenquot-vor.jpg","width":460,"height":259,"caption":"Bild-Redakteurin k\u00fcndigt und wirft Axel-Springer-Chef Einknicken vor &quot;woken Aktivisten&quot; vor"},{"@type":"BreadcrumbList","@id":"https:\/\/now-news.de\/de\/deutschland\/bild-redakteurin-kuendigt-und-wirft-axel-springer-chef-einknicken-vor-woken-aktivisten-vor\/#breadcrumb","itemListElement":[{"@type":"ListItem","position":1,"name":"Home","item":"https:\/\/now-news.de\/de\/"},{"@type":"ListItem","position":2,"name":"Bild-Redakteurin k\u00fcndigt und wirft Axel-Springer-Chef Einknicken vor &quot;woken Aktivisten&quot; vor"}]},{"@type":"WebSite","@id":"https:\/\/now-news.de\/de\/#website","url":"https:\/\/now-news.de\/de\/","name":"just-now.NEWS Deutschland","description":"Das Portal f\u00fcr unzensierte Nachrichten aus der Welt","publisher":{"@id":"https:\/\/now-news.de\/de\/#organization"},"potentialAction":[{"@type":"SearchAction","target":{"@type":"EntryPoint","urlTemplate":"https:\/\/now-news.de\/de\/?s={search_term_string}"},"query-input":"required name=search_term_string"}],"inLanguage":"de"},{"@type":"Organization","@id":"https:\/\/now-news.de\/de\/#organization","name":"Just Now News","url":"https:\/\/now-news.de\/de\/","logo":{"@type":"ImageObject","inLanguage":"de","@id":"https:\/\/now-news.de\/de\/#\/schema\/logo\/image\/","url":"http:\/\/just-now.news\/de\/wp-content\/uploads\/sites\/3\/2022\/04\/logo500x500.jpg","contentUrl":"http:\/\/just-now.news\/de\/wp-content\/uploads\/sites\/3\/2022\/04\/logo500x500.jpg","width":500,"height":500,"caption":"Just Now News"},"image":{"@id":"https:\/\/now-news.de\/de\/#\/schema\/logo\/image\/"},"sameAs":["https:\/\/www.facebook.com\/wirmachenauf","https:\/\/x.com\/WirMachenAuf_de"]},{"@type":"Person","@id":"https:\/\/now-news.de\/de\/#\/schema\/person\/fb534a4e865501d8b3285208df34a9b5","name":"rtnews","image":{"@type":"ImageObject","inLanguage":"de","@id":"https:\/\/now-news.de\/de\/#\/schema\/person\/image\/","url":"https:\/\/secure.gravatar.com\/avatar\/82aafea7d8127119dd649515f56e2117?s=96&d=mm&r=g","contentUrl":"https:\/\/secure.gravatar.com\/avatar\/82aafea7d8127119dd649515f56e2117?s=96&d=mm&r=g","caption":"rtnews"},"url":"https:\/\/now-news.de\/de\/author\/rnews\/"}]}},"_links":{"self":[{"href":"https:\/\/now-news.de\/de\/wp-json\/wp\/v2\/posts\/11147"}],"collection":[{"href":"https:\/\/now-news.de\/de\/wp-json\/wp\/v2\/posts"}],"about":[{"href":"https:\/\/now-news.de\/de\/wp-json\/wp\/v2\/types\/post"}],"author":[{"embeddable":true,"href":"https:\/\/now-news.de\/de\/wp-json\/wp\/v2\/users\/3"}],"replies":[{"embeddable":true,"href":"https:\/\/now-news.de\/de\/wp-json\/wp\/v2\/comments?post=11147"}],"version-history":[{"count":0,"href":"https:\/\/now-news.de\/de\/wp-json\/wp\/v2\/posts\/11147\/revisions"}],"wp:featuredmedia":[{"embeddable":true,"href":"https:\/\/now-news.de\/de\/wp-json\/wp\/v2\/media\/11148"}],"wp:attachment":[{"href":"https:\/\/now-news.de\/de\/wp-json\/wp\/v2\/media?parent=11147"}],"wp:term":[{"taxonomy":"category","embeddable":true,"href":"https:\/\/now-news.de\/de\/wp-json\/wp\/v2\/categories?post=11147"},{"taxonomy":"post_tag","embeddable":true,"href":"https:\/\/now-news.de\/de\/wp-json\/wp\/v2\/tags?post=11147"}],"curies":[{"name":"wp","href":"https:\/\/api.w.org\/{rel}","templated":true}]}}