{"id":110056,"date":"2026-09-06T18:33:57","date_gmt":"2026-09-06T16:33:57","guid":{"rendered":"https:\/\/now-news.de\/de\/deutschland\/nach-dem-klimaterroristen-wird-jetzt-gefahndet\/"},"modified":"2026-09-06T18:33:57","modified_gmt":"2026-09-06T16:33:57","slug":"nach-dem-klimaterroristen-wird-jetzt-gefahndet","status":"publish","type":"post","link":"https:\/\/now-news.de\/de\/deutschland\/nach-dem-klimaterroristen-wird-jetzt-gefahndet\/","title":{"rendered":"Nach dem Klimaterroristen wird jetzt gefahndet"},"content":{"rendered":"<div class=\"Text-root Text-type_1 \">\n                Zu den Bekennerschreiben nach den Anschl\u00e4gen auf diverse Umspannwerke gibt es jetzt ein Gesicht\u00a0\u2013 die Polizei Brandenburg hat den mutma\u00dflichen T\u00e4ter mit Foto zur Fahndung ausgeschrieben. Inzwischen wurden weitere Sprengs\u00e4tze entdeckt.\n            <\/div>\n<p><\/p>\n<div class=\"Text-root Text-type_5 ArticleView-text ViewText-root \">\n<p>Bei dem Tatverd\u00e4chtigen,\u00a0nach dem wegen einer immer l\u00e4nger werdenden Reihe von Anschl\u00e4gen auf Umspannwerke jetzt bundesweit gefahndet wird, soll es sich um den 48-j\u00e4hrigen Daniel V. aus Gevelsberg handeln, den Sohn eines Architekten und einer Lehrerin, der Medizin studiert hat, der aber wohl nicht praktiziert. Zuletzt hie\u00df es, er sei mit einem Fahrrad der Marke Trenoli auf der Flucht.<\/p>\n<figure class=\"RTImage-root\">\n<div class=\"RTImage-image RTImage-original\"><picture class=\"Picture-root Picture-original\"><!--[if IE 9]><video style=\"display: none;\"><![endif]--><source media=\"(-webkit-min-device-pixel-ratio: 2) and (min-resolution: 120dpi)\" data-srcset=\" \nhttps:\/\/now-news.de\/de\/wp-content\/uploads\/sites\/3\/2026\/09\/6a9d93c9b480cc217c4b35e6.jpg 850w,\n                https:\/\/now-news.de\/de\/wp-content\/uploads\/sites\/3\/2026\/09\/6a9d93c9b480cc217c4b35e6.jpg 1960w,            \" ><source data-srcset=\" \nhttps:\/\/now-news.de\/de\/wp-content\/uploads\/sites\/3\/2026\/09\/6a9d93c9b480cc217c4b35e6.jpg 460w,\n              https:\/\/now-news.de\/de\/wp-content\/uploads\/sites\/3\/2026\/09\/6a9d93c9b480cc217c4b35e6.jpg 980w,\n            \" ><!--[if IE 9]><\/video><![endif]--><img decoding=\"async\" data- src=\"data:image\/png;base64,iVBORw0KGgoAAAANSUhEUgAAABAAAAAJCAQAAACRI2S5AAAAEElEQVR42mNkIAAYRxWAAQAG9gAKqv6+AwAAAABJRU5ErkJggg==\" class=\"Picture-root Picture-original lazyload\" data-src=\"https:\/\/now-news.de\/de\/wp-content\/uploads\/sites\/3\/2026\/09\/6a9d93c9b480cc217c4b35e6.jpg\" alt=\"\"><\/source><\/source><\/picture><!-- noscript pattern --><noscript><img decoding=\"async\" src=\"https:\/\/now-news.de\/de\/wp-content\/uploads\/sites\/3\/2026\/09\/6a9d93c9b480cc217c4b35e6.jpg\" alt=\"\"><\/noscript><\/div><figcaption class=\"RTImage-footer\"><span class=\"RTImage-caption\"><span class=\"RTImage-captionItem\">Polizeifoto zur \u00d6ffentlichkeitsfahndung<\/span><\/span><span class=\"RTImage-source\"><span class=\"RTImage-captionItem\">Polizei Brandenburg<\/span><\/span><\/figcaption><\/figure>\n<p>Zuvor war ein zum Wohnmobil umgebauter Lkw gefunden worden, mit dem der Mann vermutlich die Tour durch die Republik zur Ausf\u00fchrung der Anschl\u00e4ge absolviert hat. Nach den ersten beiden Anschl\u00e4gen gegen Umspannwerke bei Braunkohlekraftwerken bei J\u00e4nschwalde und bei Bergheim wurden noch an weiteren Umspannwerken Abschussvorrichtungen gefunden, wie sie bei den ersten beiden Orten sichergestellt wurden: selbstgebaute Raketen, die dazu dienen sollten, einen Draht \u00fcber die Kabel des Umspannwerks zu schie\u00dfen, um dadurch einen Kurzschluss auszul\u00f6sen.<\/p>\n<p>Die Liste ist lang. Bei Dormagen und in der N\u00e4he des Kraftwerks Weisweiler bei Aachen wurden Sprengs\u00e4tze gefunden, und in Ostsachsen wurden inzwischen zw\u00f6lf derartige Vorrichtungen in der N\u00e4he von Hochspannungstrassen gefunden. Wom\u00f6glich gibt es noch weitere F\u00e4lle in Brandenburg. Die Menge der Fundorte weckt inzwischen Zweifel an der im bisher bekannt gewordenen Bekennerschreiben ge\u00e4u\u00dferten Alleint\u00e4terschaft. Es soll noch ein zweites Schreiben geben, beide gelten als authentisch.<\/p>\n<p>In der Wohnung des Verd\u00e4chtigen in Gevelsberg (zwischen D\u00fcsseldorf und Hagen) wurde Sprengstoff gefunden.<\/p>\n<p>In seinem ungew\u00f6hnlichen, weil handgeschriebenen Bekennerschreiben hatte er erkl\u00e4rt, die Nutzung fossiler Brennstoffe verursache &#8220;unermessliches Leid&#8221;. Medien und Politik t\u00e4ten zu wenig, daher m\u00fcsse er jetzt eingreifen.<\/p>\n<p>Die Nachbarn beschreiben den Mann als zur\u00fcckgezogen und ruhig. Sein Wohnmobil hatte er im Hambacher Forst stehen gelassen. Dies k\u00f6nnte ein Hinweis darauf sein, dass er bereits an den Protesten dort beteiligt war.<\/p>\n<p>Die Ermittlungen laufen wegen Verdachts des Herbeif\u00fchrens einer Sprengstoffexplosion in Tateinheit mit versuchter St\u00f6rung \u00f6ffentlicher Betriebe und versuchter verfassungsfeindlicher Sabotage. Bundesinnenminister Alexander Dobrindt (CSU) sprach erstmals von &#8220;Klimaterrorismus&#8221;; NRW-Innenminister Herbert Reul (CDU) sagte, wer im Namen des Klimaschutzes die Stromversorgung von Krankenh\u00e4usern gef\u00e4hrde, rette nicht, sondern gef\u00e4hrde Leben. Das Innenministerium Brandenburgs k\u00fcndigte ein neues Sicherheitszentrum zum Schutz kritischer Infrastruktur an.<\/p>\n<p>Selbstkritik wegen der best\u00e4ndigen Klimapropaganda der Leitmedien gibt es bisher allerdings nicht.<\/p>\n<p><strong>Mehr zum Thema<\/strong> \u2014\u00a0<a rel=\"nofollow\" target=\"_blank\" href=\"https:\/\/de-rtnews.com\/inland\/290337-versuchter-sprengstoffanschlag-auf-brandenburger-umspannwerk\/\">Versuchter Sprengstoffanschlag auf Brandenburger Umspannwerk <\/a><\/p>\n<div class=\"EmbedBlock-root EmbedBlock-externalVideo EmbedBlock-rumble\">\n<div class=\"VkEmbed\"><iframe class=\"lazyload\" data-src=\"https:\/\/rumble.com\/embed\/v7cxnb2\" frameborder=\"0\" width=\"853\" height=\"480\" allowfullscreen><\/iframe><\/div>\n<\/div>\n<\/div>\n<p><br \/>\n<br \/><a href=\"https:\/\/de.rt.com\/inland\/290917-nach-klimaterroristen-wird-jetzt-gefahndet\/\">Source link <\/a><\/p>\n","protected":false},"excerpt":{"rendered":"<p>Zu den Bekennerschreiben nach den Anschl\u00e4gen auf diverse Umspannwerke gibt es jetzt ein Gesicht\u00a0\u2013 die Polizei Brandenburg hat den mutma\u00dflichen T\u00e4ter mit Foto zur Fahndung ausgeschrieben. Inzwischen wurden weitere Sprengs\u00e4tze entdeckt. Bei dem Tatverd\u00e4chtigen,\u00a0nach dem wegen einer immer l\u00e4nger werdenden Reihe von Anschl\u00e4gen auf Umspannwerke jetzt bundesweit gefahndet wird, soll es sich um den 48-j\u00e4hrigen [&hellip;]<\/p>\n","protected":false},"author":3,"featured_media":110057,"comment_status":"open","ping_status":"open","sticky":false,"template":"","format":"standard","meta":{"wp_automatic_camp":["217"],"1cf9d9e577652a46cf9ed4244ec3b07c":["Nach dem Klimaterroristen wird jetzt gefahndet"],"original_link":["https:\/\/de.rt.com\/inland\/290917-nach-klimaterroristen-wird-jetzt-gefahndet\/"],"_thumbnail_id":["110057"],"_wptgpro_p2tg_sent2tg":["a:1:{i:23737;s:19:\"2026-09-06 19:26:28\";}"],"jnews_social_counter_last_update":["1788722789"]},"categories":[19,23],"tags":[134,76070,2731,70811,979,374],"class_list":["post-110056","post","type-post","status-publish","format-standard","has-post-thumbnail","hentry","category-deutschland","category-russland","tag-dem","tag-gefahndet","tag-jetzt","tag-klimaterroristen","tag-nach","tag-wird"],"yoast_head":"<!-- This site is optimized with the Yoast SEO Premium plugin v22.7 (Yoast SEO v28.2) - https:\/\/yoast.com\/product\/yoast-seo-premium-wordpress\/ -->\n<title>Nach dem Klimaterroristen wird jetzt gefahndet - just-now.NEWS Deutschland<\/title>\n<meta name=\"robots\" content=\"index, follow, max-snippet:-1, max-image-preview:large, max-video-preview:-1\" \/>\n<link rel=\"canonical\" href=\"https:\/\/now-news.de\/de\/deutschland\/nach-dem-klimaterroristen-wird-jetzt-gefahndet\/\" \/>\n<meta property=\"og:locale\" content=\"de_DE\" \/>\n<meta property=\"og:type\" content=\"article\" \/>\n<meta property=\"og:title\" content=\"Nach dem Klimaterroristen wird jetzt gefahndet\" \/>\n<meta property=\"og:description\" content=\"Zu den Bekennerschreiben nach den Anschl\u00e4gen auf diverse Umspannwerke gibt es jetzt ein Gesicht\u00a0\u2013 die Polizei Brandenburg hat den mutma\u00dflichen T\u00e4ter mit Foto zur Fahndung ausgeschrieben. Inzwischen wurden weitere Sprengs\u00e4tze entdeckt. Bei dem Tatverd\u00e4chtigen,\u00a0nach dem wegen einer immer l\u00e4nger werdenden Reihe von Anschl\u00e4gen auf Umspannwerke jetzt bundesweit gefahndet wird, soll es sich um den 48-j\u00e4hrigen [&hellip;]\" \/>\n<meta property=\"og:url\" content=\"https:\/\/now-news.de\/de\/deutschland\/nach-dem-klimaterroristen-wird-jetzt-gefahndet\/\" \/>\n<meta property=\"og:site_name\" content=\"just-now.NEWS Deutschland\" \/>\n<meta property=\"article:publisher\" content=\"https:\/\/www.facebook.com\/wirmachenauf\" \/>\n<meta property=\"article:published_time\" content=\"2026-09-06T16:33:57+00:00\" \/>\n<meta property=\"og:image\" content=\"https:\/\/now-news.de\/de\/wp-content\/uploads\/sites\/3\/2026\/09\/6a9d93c9b480cc217c4b35e6.jpg\" \/>\n<meta name=\"author\" content=\"rtnews\" \/>\n<meta name=\"twitter:card\" content=\"summary_large_image\" \/>\n<meta name=\"twitter:creator\" content=\"@WirMachenAuf_de\" \/>\n<meta name=\"twitter:site\" content=\"@WirMachenAuf_de\" \/>\n<meta name=\"twitter:label1\" content=\"Verfasst von\" \/>\n\t<meta name=\"twitter:data1\" content=\"rtnews\" \/>\n\t<meta name=\"twitter:label2\" content=\"Gesch\u00e4tzte Lesezeit\" \/>\n\t<meta name=\"twitter:data2\" content=\"2\u00a0Minuten\" \/>\n<script type=\"application\/ld+json\" class=\"yoast-schema-graph\">{\"@context\":\"https:\\\/\\\/schema.org\",\"@graph\":[{\"@type\":\"Article\",\"@id\":\"https:\\\/\\\/now-news.de\\\/de\\\/deutschland\\\/nach-dem-klimaterroristen-wird-jetzt-gefahndet\\\/#article\",\"isPartOf\":{\"@id\":\"https:\\\/\\\/now-news.de\\\/de\\\/deutschland\\\/nach-dem-klimaterroristen-wird-jetzt-gefahndet\\\/\"},\"author\":{\"name\":\"rtnews\",\"@id\":\"https:\\\/\\\/now-news.de\\\/de\\\/#\\\/schema\\\/person\\\/fb534a4e865501d8b3285208df34a9b5\"},\"headline\":\"Nach dem Klimaterroristen wird jetzt gefahndet\",\"datePublished\":\"2026-09-06T16:33:57+00:00\",\"mainEntityOfPage\":{\"@id\":\"https:\\\/\\\/now-news.de\\\/de\\\/deutschland\\\/nach-dem-klimaterroristen-wird-jetzt-gefahndet\\\/\"},\"wordCount\":439,\"commentCount\":0,\"publisher\":{\"@id\":\"https:\\\/\\\/now-news.de\\\/de\\\/#organization\"},\"image\":{\"@id\":\"https:\\\/\\\/now-news.de\\\/de\\\/deutschland\\\/nach-dem-klimaterroristen-wird-jetzt-gefahndet\\\/#primaryimage\"},\"thumbnailUrl\":\"https:\\\/\\\/now-news.de\\\/de\\\/wp-content\\\/uploads\\\/sites\\\/3\\\/2026\\\/09\\\/Nach-dem-Klimaterroristen-wird-jetzt-gefahndet.jpg\",\"keywords\":[\"DEM\",\"gefahndet\",\"Jetzt\",\"Klimaterroristen\",\"nach\",\"wird\"],\"articleSection\":[\"Deutschland\",\"Russland\"],\"inLanguage\":\"de\",\"potentialAction\":[{\"@type\":\"CommentAction\",\"name\":\"Comment\",\"target\":[\"https:\\\/\\\/now-news.de\\\/de\\\/deutschland\\\/nach-dem-klimaterroristen-wird-jetzt-gefahndet\\\/#respond\"]}]},{\"@type\":\"WebPage\",\"@id\":\"https:\\\/\\\/now-news.de\\\/de\\\/deutschland\\\/nach-dem-klimaterroristen-wird-jetzt-gefahndet\\\/\",\"url\":\"https:\\\/\\\/now-news.de\\\/de\\\/deutschland\\\/nach-dem-klimaterroristen-wird-jetzt-gefahndet\\\/\",\"name\":\"Nach dem Klimaterroristen wird jetzt gefahndet - just-now.NEWS Deutschland\",\"isPartOf\":{\"@id\":\"https:\\\/\\\/now-news.de\\\/de\\\/#website\"},\"primaryImageOfPage\":{\"@id\":\"https:\\\/\\\/now-news.de\\\/de\\\/deutschland\\\/nach-dem-klimaterroristen-wird-jetzt-gefahndet\\\/#primaryimage\"},\"image\":{\"@id\":\"https:\\\/\\\/now-news.de\\\/de\\\/deutschland\\\/nach-dem-klimaterroristen-wird-jetzt-gefahndet\\\/#primaryimage\"},\"thumbnailUrl\":\"https:\\\/\\\/now-news.de\\\/de\\\/wp-content\\\/uploads\\\/sites\\\/3\\\/2026\\\/09\\\/Nach-dem-Klimaterroristen-wird-jetzt-gefahndet.jpg\",\"datePublished\":\"2026-09-06T16:33:57+00:00\",\"breadcrumb\":{\"@id\":\"https:\\\/\\\/now-news.de\\\/de\\\/deutschland\\\/nach-dem-klimaterroristen-wird-jetzt-gefahndet\\\/#breadcrumb\"},\"inLanguage\":\"de\",\"potentialAction\":[{\"@type\":\"ReadAction\",\"target\":[\"https:\\\/\\\/now-news.de\\\/de\\\/deutschland\\\/nach-dem-klimaterroristen-wird-jetzt-gefahndet\\\/\"]}]},{\"@type\":\"ImageObject\",\"inLanguage\":\"de\",\"@id\":\"https:\\\/\\\/now-news.de\\\/de\\\/deutschland\\\/nach-dem-klimaterroristen-wird-jetzt-gefahndet\\\/#primaryimage\",\"url\":\"https:\\\/\\\/now-news.de\\\/de\\\/wp-content\\\/uploads\\\/sites\\\/3\\\/2026\\\/09\\\/Nach-dem-Klimaterroristen-wird-jetzt-gefahndet.jpg\",\"contentUrl\":\"https:\\\/\\\/now-news.de\\\/de\\\/wp-content\\\/uploads\\\/sites\\\/3\\\/2026\\\/09\\\/Nach-dem-Klimaterroristen-wird-jetzt-gefahndet.jpg\",\"width\":200,\"height\":267,\"caption\":\"Nach dem Klimaterroristen wird jetzt gefahndet\"},{\"@type\":\"BreadcrumbList\",\"@id\":\"https:\\\/\\\/now-news.de\\\/de\\\/deutschland\\\/nach-dem-klimaterroristen-wird-jetzt-gefahndet\\\/#breadcrumb\",\"itemListElement\":[{\"@type\":\"ListItem\",\"position\":1,\"name\":\"Home\",\"item\":\"https:\\\/\\\/now-news.de\\\/de\\\/\"},{\"@type\":\"ListItem\",\"position\":2,\"name\":\"Nach dem Klimaterroristen wird jetzt gefahndet\"}]},{\"@type\":\"WebSite\",\"@id\":\"https:\\\/\\\/now-news.de\\\/de\\\/#website\",\"url\":\"https:\\\/\\\/now-news.de\\\/de\\\/\",\"name\":\"just-now.NEWS Deutschland\",\"description\":\"Das Portal f\u00fcr unzensierte Nachrichten aus der Welt\",\"publisher\":{\"@id\":\"https:\\\/\\\/now-news.de\\\/de\\\/#organization\"},\"potentialAction\":[{\"@type\":\"SearchAction\",\"target\":{\"@type\":\"EntryPoint\",\"urlTemplate\":\"https:\\\/\\\/now-news.de\\\/de\\\/?s={search_term_string}\"},\"query-input\":{\"@type\":\"PropertyValueSpecification\",\"valueRequired\":true,\"valueName\":\"search_term_string\"}}],\"inLanguage\":\"de\"},{\"@type\":\"Organization\",\"@id\":\"https:\\\/\\\/now-news.de\\\/de\\\/#organization\",\"name\":\"Just Now News\",\"url\":\"https:\\\/\\\/now-news.de\\\/de\\\/\",\"logo\":{\"@type\":\"ImageObject\",\"inLanguage\":\"de\",\"@id\":\"https:\\\/\\\/now-news.de\\\/de\\\/#\\\/schema\\\/logo\\\/image\\\/\",\"url\":\"http:\\\/\\\/just-now.news\\\/de\\\/wp-content\\\/uploads\\\/sites\\\/3\\\/2022\\\/04\\\/logo500x500.jpg\",\"contentUrl\":\"http:\\\/\\\/just-now.news\\\/de\\\/wp-content\\\/uploads\\\/sites\\\/3\\\/2022\\\/04\\\/logo500x500.jpg\",\"width\":500,\"height\":500,\"caption\":\"Just Now News\"},\"image\":{\"@id\":\"https:\\\/\\\/now-news.de\\\/de\\\/#\\\/schema\\\/logo\\\/image\\\/\"},\"sameAs\":[\"https:\\\/\\\/www.facebook.com\\\/wirmachenauf\",\"https:\\\/\\\/x.com\\\/WirMachenAuf_de\"]},{\"@type\":\"Person\",\"@id\":\"https:\\\/\\\/now-news.de\\\/de\\\/#\\\/schema\\\/person\\\/fb534a4e865501d8b3285208df34a9b5\",\"name\":\"rtnews\",\"image\":{\"@type\":\"ImageObject\",\"inLanguage\":\"de\",\"@id\":\"https:\\\/\\\/secure.gravatar.com\\\/avatar\\\/358fe31b3ab5769fea05376e1953329834cd9912cf9daf607e2af3076a1b982b?s=96&d=mm&r=g\",\"url\":\"https:\\\/\\\/secure.gravatar.com\\\/avatar\\\/358fe31b3ab5769fea05376e1953329834cd9912cf9daf607e2af3076a1b982b?s=96&d=mm&r=g\",\"contentUrl\":\"https:\\\/\\\/secure.gravatar.com\\\/avatar\\\/358fe31b3ab5769fea05376e1953329834cd9912cf9daf607e2af3076a1b982b?s=96&d=mm&r=g\",\"caption\":\"rtnews\"},\"url\":\"https:\\\/\\\/now-news.de\\\/de\\\/author\\\/rnews\\\/\"}]}<\/script>\n<!-- \/ Yoast SEO Premium plugin. -->","yoast_head_json":{"title":"Nach dem Klimaterroristen wird jetzt gefahndet - just-now.NEWS Deutschland","robots":{"index":"index","follow":"follow","max-snippet":"max-snippet:-1","max-image-preview":"max-image-preview:large","max-video-preview":"max-video-preview:-1"},"canonical":"https:\/\/now-news.de\/de\/deutschland\/nach-dem-klimaterroristen-wird-jetzt-gefahndet\/","og_locale":"de_DE","og_type":"article","og_title":"Nach dem Klimaterroristen wird jetzt gefahndet","og_description":"Zu den Bekennerschreiben nach den Anschl\u00e4gen auf diverse Umspannwerke gibt es jetzt ein Gesicht\u00a0\u2013 die Polizei Brandenburg hat den mutma\u00dflichen T\u00e4ter mit Foto zur Fahndung ausgeschrieben. Inzwischen wurden weitere Sprengs\u00e4tze entdeckt. Bei dem Tatverd\u00e4chtigen,\u00a0nach dem wegen einer immer l\u00e4nger werdenden Reihe von Anschl\u00e4gen auf Umspannwerke jetzt bundesweit gefahndet wird, soll es sich um den 48-j\u00e4hrigen [&hellip;]","og_url":"https:\/\/now-news.de\/de\/deutschland\/nach-dem-klimaterroristen-wird-jetzt-gefahndet\/","og_site_name":"just-now.NEWS Deutschland","article_publisher":"https:\/\/www.facebook.com\/wirmachenauf","article_published_time":"2026-09-06T16:33:57+00:00","og_image":[{"url":"https:\/\/now-news.de\/de\/wp-content\/uploads\/sites\/3\/2026\/09\/6a9d93c9b480cc217c4b35e6.jpg","type":"","width":"","height":""}],"author":"rtnews","twitter_card":"summary_large_image","twitter_creator":"@WirMachenAuf_de","twitter_site":"@WirMachenAuf_de","twitter_misc":{"Verfasst von":"rtnews","Gesch\u00e4tzte Lesezeit":"2\u00a0Minuten"},"schema":{"@context":"https:\/\/schema.org","@graph":[{"@type":"Article","@id":"https:\/\/now-news.de\/de\/deutschland\/nach-dem-klimaterroristen-wird-jetzt-gefahndet\/#article","isPartOf":{"@id":"https:\/\/now-news.de\/de\/deutschland\/nach-dem-klimaterroristen-wird-jetzt-gefahndet\/"},"author":{"name":"rtnews","@id":"https:\/\/now-news.de\/de\/#\/schema\/person\/fb534a4e865501d8b3285208df34a9b5"},"headline":"Nach dem Klimaterroristen wird jetzt gefahndet","datePublished":"2026-09-06T16:33:57+00:00","mainEntityOfPage":{"@id":"https:\/\/now-news.de\/de\/deutschland\/nach-dem-klimaterroristen-wird-jetzt-gefahndet\/"},"wordCount":439,"commentCount":0,"publisher":{"@id":"https:\/\/now-news.de\/de\/#organization"},"image":{"@id":"https:\/\/now-news.de\/de\/deutschland\/nach-dem-klimaterroristen-wird-jetzt-gefahndet\/#primaryimage"},"thumbnailUrl":"https:\/\/now-news.de\/de\/wp-content\/uploads\/sites\/3\/2026\/09\/Nach-dem-Klimaterroristen-wird-jetzt-gefahndet.jpg","keywords":["DEM","gefahndet","Jetzt","Klimaterroristen","nach","wird"],"articleSection":["Deutschland","Russland"],"inLanguage":"de","potentialAction":[{"@type":"CommentAction","name":"Comment","target":["https:\/\/now-news.de\/de\/deutschland\/nach-dem-klimaterroristen-wird-jetzt-gefahndet\/#respond"]}]},{"@type":"WebPage","@id":"https:\/\/now-news.de\/de\/deutschland\/nach-dem-klimaterroristen-wird-jetzt-gefahndet\/","url":"https:\/\/now-news.de\/de\/deutschland\/nach-dem-klimaterroristen-wird-jetzt-gefahndet\/","name":"Nach dem Klimaterroristen wird jetzt gefahndet - just-now.NEWS Deutschland","isPartOf":{"@id":"https:\/\/now-news.de\/de\/#website"},"primaryImageOfPage":{"@id":"https:\/\/now-news.de\/de\/deutschland\/nach-dem-klimaterroristen-wird-jetzt-gefahndet\/#primaryimage"},"image":{"@id":"https:\/\/now-news.de\/de\/deutschland\/nach-dem-klimaterroristen-wird-jetzt-gefahndet\/#primaryimage"},"thumbnailUrl":"https:\/\/now-news.de\/de\/wp-content\/uploads\/sites\/3\/2026\/09\/Nach-dem-Klimaterroristen-wird-jetzt-gefahndet.jpg","datePublished":"2026-09-06T16:33:57+00:00","breadcrumb":{"@id":"https:\/\/now-news.de\/de\/deutschland\/nach-dem-klimaterroristen-wird-jetzt-gefahndet\/#breadcrumb"},"inLanguage":"de","potentialAction":[{"@type":"ReadAction","target":["https:\/\/now-news.de\/de\/deutschland\/nach-dem-klimaterroristen-wird-jetzt-gefahndet\/"]}]},{"@type":"ImageObject","inLanguage":"de","@id":"https:\/\/now-news.de\/de\/deutschland\/nach-dem-klimaterroristen-wird-jetzt-gefahndet\/#primaryimage","url":"https:\/\/now-news.de\/de\/wp-content\/uploads\/sites\/3\/2026\/09\/Nach-dem-Klimaterroristen-wird-jetzt-gefahndet.jpg","contentUrl":"https:\/\/now-news.de\/de\/wp-content\/uploads\/sites\/3\/2026\/09\/Nach-dem-Klimaterroristen-wird-jetzt-gefahndet.jpg","width":200,"height":267,"caption":"Nach dem Klimaterroristen wird jetzt gefahndet"},{"@type":"BreadcrumbList","@id":"https:\/\/now-news.de\/de\/deutschland\/nach-dem-klimaterroristen-wird-jetzt-gefahndet\/#breadcrumb","itemListElement":[{"@type":"ListItem","position":1,"name":"Home","item":"https:\/\/now-news.de\/de\/"},{"@type":"ListItem","position":2,"name":"Nach dem Klimaterroristen wird jetzt gefahndet"}]},{"@type":"WebSite","@id":"https:\/\/now-news.de\/de\/#website","url":"https:\/\/now-news.de\/de\/","name":"just-now.NEWS Deutschland","description":"Das Portal f\u00fcr unzensierte Nachrichten aus der Welt","publisher":{"@id":"https:\/\/now-news.de\/de\/#organization"},"potentialAction":[{"@type":"SearchAction","target":{"@type":"EntryPoint","urlTemplate":"https:\/\/now-news.de\/de\/?s={search_term_string}"},"query-input":{"@type":"PropertyValueSpecification","valueRequired":true,"valueName":"search_term_string"}}],"inLanguage":"de"},{"@type":"Organization","@id":"https:\/\/now-news.de\/de\/#organization","name":"Just Now News","url":"https:\/\/now-news.de\/de\/","logo":{"@type":"ImageObject","inLanguage":"de","@id":"https:\/\/now-news.de\/de\/#\/schema\/logo\/image\/","url":"http:\/\/just-now.news\/de\/wp-content\/uploads\/sites\/3\/2022\/04\/logo500x500.jpg","contentUrl":"http:\/\/just-now.news\/de\/wp-content\/uploads\/sites\/3\/2022\/04\/logo500x500.jpg","width":500,"height":500,"caption":"Just Now News"},"image":{"@id":"https:\/\/now-news.de\/de\/#\/schema\/logo\/image\/"},"sameAs":["https:\/\/www.facebook.com\/wirmachenauf","https:\/\/x.com\/WirMachenAuf_de"]},{"@type":"Person","@id":"https:\/\/now-news.de\/de\/#\/schema\/person\/fb534a4e865501d8b3285208df34a9b5","name":"rtnews","image":{"@type":"ImageObject","inLanguage":"de","@id":"https:\/\/secure.gravatar.com\/avatar\/358fe31b3ab5769fea05376e1953329834cd9912cf9daf607e2af3076a1b982b?s=96&d=mm&r=g","url":"https:\/\/secure.gravatar.com\/avatar\/358fe31b3ab5769fea05376e1953329834cd9912cf9daf607e2af3076a1b982b?s=96&d=mm&r=g","contentUrl":"https:\/\/secure.gravatar.com\/avatar\/358fe31b3ab5769fea05376e1953329834cd9912cf9daf607e2af3076a1b982b?s=96&d=mm&r=g","caption":"rtnews"},"url":"https:\/\/now-news.de\/de\/author\/rnews\/"}]}},"_links":{"self":[{"href":"https:\/\/now-news.de\/de\/wp-json\/wp\/v2\/posts\/110056","targetHints":{"allow":["GET"]}}],"collection":[{"href":"https:\/\/now-news.de\/de\/wp-json\/wp\/v2\/posts"}],"about":[{"href":"https:\/\/now-news.de\/de\/wp-json\/wp\/v2\/types\/post"}],"author":[{"embeddable":true,"href":"https:\/\/now-news.de\/de\/wp-json\/wp\/v2\/users\/3"}],"replies":[{"embeddable":true,"href":"https:\/\/now-news.de\/de\/wp-json\/wp\/v2\/comments?post=110056"}],"version-history":[{"count":0,"href":"https:\/\/now-news.de\/de\/wp-json\/wp\/v2\/posts\/110056\/revisions"}],"wp:featuredmedia":[{"embeddable":true,"href":"https:\/\/now-news.de\/de\/wp-json\/wp\/v2\/media\/110057"}],"wp:attachment":[{"href":"https:\/\/now-news.de\/de\/wp-json\/wp\/v2\/media?parent=110056"}],"wp:term":[{"taxonomy":"category","embeddable":true,"href":"https:\/\/now-news.de\/de\/wp-json\/wp\/v2\/categories?post=110056"},{"taxonomy":"post_tag","embeddable":true,"href":"https:\/\/now-news.de\/de\/wp-json\/wp\/v2\/tags?post=110056"}],"curies":[{"name":"wp","href":"https:\/\/api.w.org\/{rel}","templated":true}]}}