{"id":110054,"date":"2026-09-06T18:58:02","date_gmt":"2026-09-06T16:58:02","guid":{"rendered":"https:\/\/now-news.de\/de\/deutschland\/bundesregierung-hat-kein-problem-wenn-die-ukraine-terroristen-ehrt\/"},"modified":"2026-09-06T18:58:02","modified_gmt":"2026-09-06T16:58:02","slug":"bundesregierung-hat-kein-problem-wenn-die-ukraine-terroristen-ehrt","status":"publish","type":"post","link":"https:\/\/now-news.de\/de\/deutschland\/bundesregierung-hat-kein-problem-wenn-die-ukraine-terroristen-ehrt\/","title":{"rendered":"Bundesregierung hat kein Problem, wenn die Ukraine Terroristen ehrt"},"content":{"rendered":"<p><img decoding=\"async\" src=\"https:\/\/now-news.de\/de\/wp-content\/uploads\/sites\/3\/2026\/09\/6a9d658f48fbef7d307a1978.jpg\" \/><\/p>\n<div class=\"Text-root Text-type_1 \">\n                In Polen st\u00f6\u00dft die Errichtung eines ukrainischen Pantheons f\u00fcr die Anf\u00fchrer von OUN und UPA auf scharfe Kritik. Der AfD-Abgeordnete Rainer Rothfu\u00df wollte nun von der Bundesregierung wissen, wie sie die staatliche Ehrung dieser Personen bewertet.\n            <\/div>\n<p><\/p>\n<div class=\"Text-root Text-type_5 ArticleView-text ViewText-root \">\n<p>Am 18. August wurde der ukrainische Nationalist Jewgeni Konowalez unter staatlichem Pomp in Kiew beigesetzt. Zuvor war er aus Rotterdam, wo er 1938 bestattet worden war, \u00fcberf\u00fchrt worden. Konowalez war der Gr\u00fcnder der Organisation Ukrainischer Nationalisten (OUN), die durch ihre sp\u00e4tere Zusammenarbeit mit dem Naziregime, die Konowalez angebahnt hatte, und durch brutalen Terror bekannt ist. Zu Konowalez&#8217; Lebzeiten war die Organisation vor allem mit terroristischen Aktionen befasst. Unter seiner F\u00fchrung war Stepan Bandera beispielsweise 1934 an der Organisation des t\u00f6dlichen Attentats auf den polnischen Innenminister Bronis\u0142aw Pieracki beteiligt.<\/p>\n<p>Konowalez ist die zweite F\u00fchrungsgestalt der OUN, die ins geplante ukrainische Pantheon umgebettet wurde. Zuvor war bereits im Mai einer seiner Nachfolger, Andrei Melnik, aus Luxemburg \u00fcberf\u00fchrt worden. Das f\u00fchrte damals zu Protesten aus Polen und Israel, da die OUN sowohl f\u00fcr Pogrome an der j\u00fcdischen Bev\u00f6lkerung wie in Lemberg als auch f\u00fcr das Wolhynien-Massaker an der polnischen Bev\u00f6lkerung verantwortlich war. Wegen der Ehrung Melniks erkannte der polnische Pr\u00e4sident Karol Nawrocki Selenskij den Orden des Wei\u00dfen Adlers wieder ab, mit dem er ihn zuvor ausgezeichnet hatte.<\/p>\n<p>Die Umbettung von Konowalez veranlasste den AfD-Bundestagsabgeordneten Dr. Rainer Rothfu\u00df, eine schriftliche Frage an die Bundesregierung zu stellen, ob sie diplomatische oder politische Schritte als Reaktion auf diese Umbettung unternommen habe. Schlie\u00dflich habe Konowalez &#8220;f\u00fcr einen radikalen ukrainischen Nationalismus&#8221; gestanden und &#8220;politische Gewalt sowie terroristische Anschl\u00e4ge als Mittel des politischen Kampfes&#8221; bef\u00fcrwortet. Auch seine Organisation sei sp\u00e4ter &#8220;an schweren Gewaltverbrechen beteiligt&#8221; gewesen. Au\u00dferdem wollte er wissen, ob dieses Ereignis Auswirkungen auf die deutsche Unterst\u00fctzung der Ukraine habe.<\/p>\n<p>Rothfu\u00df, der auch menschenrechtlicher Sprecher der Fraktion ist, erkl\u00e4rte dazu: &#8220;Wer in Deutschland Patriotismus als rechtsextrem brandmarkt, darf ein Staatsbegr\u00e4bnis f\u00fcr einen Bef\u00fcrworter ultranationalistischen politischen Terrors nicht schweigend hinnehmen. Die Bundesregierung muss den ukrainischen Botschafter einbestellen und unbedingte Waffen- und Finanzhilfen an eine ehrliche Geschichtsaufarbeitung kn\u00fcpfen.&#8221;<\/p>\n<p>Die Antwort des Ausw\u00e4rtigen Amtes bestand aus Floskeln: Man verurteile &#8220;jede Form von Extremismus, Antisemitismus, Antiziganismus oder andere Formen von Rassismus&#8221; und stehe mit der Ukraine &#8220;zu diesen Themen in einem engen und vertrauensvollen Austausch&#8221;. Auf die Tatsache, dass Konowalez, die von ihm mitgegr\u00fcndete OUN und die sp\u00e4ter von seinen politischen Nachfolgern gegr\u00fcndete UPA nicht nur einer rassistischen Ideologie folgten, sondern nachweislich Terroristen waren, die von Morden zur Zeit von Konowalez zu Massenmorden \u00fcbergingen, oder darauf, dass diese Ehrungen im Nachbarland Polen auf heftige Kritik sto\u00dfen, ging das Schreiben nicht ein.<\/p>\n<p>Im Gegenteil. Es endete mit der \u00fcblichen Formel: &#8220;Deutschland wird die Ukraine angesichts des v\u00f6lkerrechtswidrigen Angriffskriegs Russlands auch weiterhin unterst\u00fctzen, solange es n\u00f6tig ist.&#8221;<\/p>\n<p><strong>Mehr zum Thema<\/strong>\u00a0\u2012 <a rel=\"nofollow\" target=\"_blank\" href=\"https:\/\/de-rtnews.com\/europa\/289095-kiew-weitere-nazi-groesse-mit-staatlichen-ehren-beigesetzt\/\">Kiew: Weitere Nazi-Gr\u00f6\u00dfe mit staatlichen Ehren beigesetzt <\/a><\/p>\n<div class=\"EmbedBlock-root EmbedBlock-externalVideo EmbedBlock-rumble\">\n<div class=\"VkEmbed\"><iframe class=\"lazyload\" data-src=\"https:\/\/rumble.com\/embed\/v7ahjcy\" frameborder=\"0\" width=\"853\" height=\"480\" allowfullscreen><\/iframe><\/div>\n<\/div>\n<\/div>\n<p><br \/>\n<br \/><a href=\"https:\/\/de.rt.com\/inland\/290895-bundesregierung-hat-kein-problem-wenn\/\">Source link <\/a><\/p>\n","protected":false},"excerpt":{"rendered":"<p>In Polen st\u00f6\u00dft die Errichtung eines ukrainischen Pantheons f\u00fcr die Anf\u00fchrer von OUN und UPA auf scharfe Kritik. Der AfD-Abgeordnete Rainer Rothfu\u00df wollte nun von der Bundesregierung wissen, wie sie die staatliche Ehrung dieser Personen bewertet. Am 18. August wurde der ukrainische Nationalist Jewgeni Konowalez unter staatlichem Pomp in Kiew beigesetzt. Zuvor war er aus [&hellip;]<\/p>\n","protected":false},"author":3,"featured_media":110055,"comment_status":"open","ping_status":"open","sticky":false,"template":"","format":"standard","meta":{"wp_automatic_camp":["217"],"fb5ed58c4003a5cfa267e0bc4ef057fb":["Bundesregierung hat kein Problem, wenn die Ukraine Terroristen ehrt"],"original_link":["https:\/\/de.rt.com\/inland\/290895-bundesregierung-hat-kein-problem-wenn\/"],"_thumbnail_id":["110055"],"_wptgpro_p2tg_sent2tg":["a:1:{i:23737;s:19:\"2026-09-06 19:10:28\";}"],"jnews_social_counter_last_update":["1788721829"]},"categories":[19,23],"tags":[3807,45,33230,423,2030,17161,17172,127,4218],"class_list":["post-110054","post","type-post","status-publish","format-standard","has-post-thumbnail","hentry","category-deutschland","category-russland","tag-bundesregierung","tag-die","tag-ehrt","tag-hat","tag-kein","tag-problem","tag-terroristen","tag-ukraine","tag-wenn"],"yoast_head":"<!-- This site is optimized with the Yoast SEO Premium plugin v22.7 (Yoast SEO v28.2) - https:\/\/yoast.com\/product\/yoast-seo-premium-wordpress\/ -->\n<title>Bundesregierung hat kein Problem, wenn die Ukraine Terroristen ehrt - just-now.NEWS Deutschland<\/title>\n<meta name=\"robots\" content=\"index, follow, max-snippet:-1, max-image-preview:large, max-video-preview:-1\" \/>\n<link rel=\"canonical\" href=\"https:\/\/now-news.de\/de\/deutschland\/bundesregierung-hat-kein-problem-wenn-die-ukraine-terroristen-ehrt\/\" \/>\n<meta property=\"og:locale\" content=\"de_DE\" \/>\n<meta property=\"og:type\" content=\"article\" \/>\n<meta property=\"og:title\" content=\"Bundesregierung hat kein Problem, wenn die Ukraine Terroristen ehrt\" \/>\n<meta property=\"og:description\" content=\"In Polen st\u00f6\u00dft die Errichtung eines ukrainischen Pantheons f\u00fcr die Anf\u00fchrer von OUN und UPA auf scharfe Kritik. Der AfD-Abgeordnete Rainer Rothfu\u00df wollte nun von der Bundesregierung wissen, wie sie die staatliche Ehrung dieser Personen bewertet. Am 18. August wurde der ukrainische Nationalist Jewgeni Konowalez unter staatlichem Pomp in Kiew beigesetzt. Zuvor war er aus [&hellip;]\" \/>\n<meta property=\"og:url\" content=\"https:\/\/now-news.de\/de\/deutschland\/bundesregierung-hat-kein-problem-wenn-die-ukraine-terroristen-ehrt\/\" \/>\n<meta property=\"og:site_name\" content=\"just-now.NEWS Deutschland\" \/>\n<meta property=\"article:publisher\" content=\"https:\/\/www.facebook.com\/wirmachenauf\" \/>\n<meta property=\"article:published_time\" content=\"2026-09-06T16:58:02+00:00\" \/>\n<meta property=\"og:image\" content=\"https:\/\/now-news.de\/de\/wp-content\/uploads\/sites\/3\/2026\/09\/6a9d658f48fbef7d307a1978.jpg\" \/>\n<meta name=\"author\" content=\"rtnews\" \/>\n<meta name=\"twitter:card\" content=\"summary_large_image\" \/>\n<meta name=\"twitter:creator\" content=\"@WirMachenAuf_de\" \/>\n<meta name=\"twitter:site\" content=\"@WirMachenAuf_de\" \/>\n<meta name=\"twitter:label1\" content=\"Verfasst von\" \/>\n\t<meta name=\"twitter:data1\" content=\"rtnews\" \/>\n\t<meta name=\"twitter:label2\" content=\"Gesch\u00e4tzte Lesezeit\" \/>\n\t<meta name=\"twitter:data2\" content=\"2\u00a0Minuten\" \/>\n<script type=\"application\/ld+json\" class=\"yoast-schema-graph\">{\"@context\":\"https:\\\/\\\/schema.org\",\"@graph\":[{\"@type\":\"Article\",\"@id\":\"https:\\\/\\\/now-news.de\\\/de\\\/deutschland\\\/bundesregierung-hat-kein-problem-wenn-die-ukraine-terroristen-ehrt\\\/#article\",\"isPartOf\":{\"@id\":\"https:\\\/\\\/now-news.de\\\/de\\\/deutschland\\\/bundesregierung-hat-kein-problem-wenn-die-ukraine-terroristen-ehrt\\\/\"},\"author\":{\"name\":\"rtnews\",\"@id\":\"https:\\\/\\\/now-news.de\\\/de\\\/#\\\/schema\\\/person\\\/fb534a4e865501d8b3285208df34a9b5\"},\"headline\":\"Bundesregierung hat kein Problem, wenn die Ukraine Terroristen ehrt\",\"datePublished\":\"2026-09-06T16:58:02+00:00\",\"mainEntityOfPage\":{\"@id\":\"https:\\\/\\\/now-news.de\\\/de\\\/deutschland\\\/bundesregierung-hat-kein-problem-wenn-die-ukraine-terroristen-ehrt\\\/\"},\"wordCount\":507,\"commentCount\":0,\"publisher\":{\"@id\":\"https:\\\/\\\/now-news.de\\\/de\\\/#organization\"},\"image\":{\"@id\":\"https:\\\/\\\/now-news.de\\\/de\\\/deutschland\\\/bundesregierung-hat-kein-problem-wenn-die-ukraine-terroristen-ehrt\\\/#primaryimage\"},\"thumbnailUrl\":\"https:\\\/\\\/now-news.de\\\/de\\\/wp-content\\\/uploads\\\/sites\\\/3\\\/2026\\\/09\\\/Bundesregierung-hat-kein-Problem-wenn-die-Ukraine-Terroristen-ehrt.jpg\",\"keywords\":[\"Bundesregierung\",\"die\",\"ehrt\",\"hat\",\"Kein\",\"problem\",\"Terroristen\",\"ukraine\",\"wenn\"],\"articleSection\":[\"Deutschland\",\"Russland\"],\"inLanguage\":\"de\",\"potentialAction\":[{\"@type\":\"CommentAction\",\"name\":\"Comment\",\"target\":[\"https:\\\/\\\/now-news.de\\\/de\\\/deutschland\\\/bundesregierung-hat-kein-problem-wenn-die-ukraine-terroristen-ehrt\\\/#respond\"]}]},{\"@type\":\"WebPage\",\"@id\":\"https:\\\/\\\/now-news.de\\\/de\\\/deutschland\\\/bundesregierung-hat-kein-problem-wenn-die-ukraine-terroristen-ehrt\\\/\",\"url\":\"https:\\\/\\\/now-news.de\\\/de\\\/deutschland\\\/bundesregierung-hat-kein-problem-wenn-die-ukraine-terroristen-ehrt\\\/\",\"name\":\"Bundesregierung hat kein Problem, wenn die Ukraine Terroristen ehrt - just-now.NEWS Deutschland\",\"isPartOf\":{\"@id\":\"https:\\\/\\\/now-news.de\\\/de\\\/#website\"},\"primaryImageOfPage\":{\"@id\":\"https:\\\/\\\/now-news.de\\\/de\\\/deutschland\\\/bundesregierung-hat-kein-problem-wenn-die-ukraine-terroristen-ehrt\\\/#primaryimage\"},\"image\":{\"@id\":\"https:\\\/\\\/now-news.de\\\/de\\\/deutschland\\\/bundesregierung-hat-kein-problem-wenn-die-ukraine-terroristen-ehrt\\\/#primaryimage\"},\"thumbnailUrl\":\"https:\\\/\\\/now-news.de\\\/de\\\/wp-content\\\/uploads\\\/sites\\\/3\\\/2026\\\/09\\\/Bundesregierung-hat-kein-Problem-wenn-die-Ukraine-Terroristen-ehrt.jpg\",\"datePublished\":\"2026-09-06T16:58:02+00:00\",\"breadcrumb\":{\"@id\":\"https:\\\/\\\/now-news.de\\\/de\\\/deutschland\\\/bundesregierung-hat-kein-problem-wenn-die-ukraine-terroristen-ehrt\\\/#breadcrumb\"},\"inLanguage\":\"de\",\"potentialAction\":[{\"@type\":\"ReadAction\",\"target\":[\"https:\\\/\\\/now-news.de\\\/de\\\/deutschland\\\/bundesregierung-hat-kein-problem-wenn-die-ukraine-terroristen-ehrt\\\/\"]}]},{\"@type\":\"ImageObject\",\"inLanguage\":\"de\",\"@id\":\"https:\\\/\\\/now-news.de\\\/de\\\/deutschland\\\/bundesregierung-hat-kein-problem-wenn-die-ukraine-terroristen-ehrt\\\/#primaryimage\",\"url\":\"https:\\\/\\\/now-news.de\\\/de\\\/wp-content\\\/uploads\\\/sites\\\/3\\\/2026\\\/09\\\/Bundesregierung-hat-kein-Problem-wenn-die-Ukraine-Terroristen-ehrt.jpg\",\"contentUrl\":\"https:\\\/\\\/now-news.de\\\/de\\\/wp-content\\\/uploads\\\/sites\\\/3\\\/2026\\\/09\\\/Bundesregierung-hat-kein-Problem-wenn-die-Ukraine-Terroristen-ehrt.jpg\",\"width\":460,\"height\":259,\"caption\":\"Bundesregierung hat kein Problem, wenn die Ukraine Terroristen ehrt\"},{\"@type\":\"BreadcrumbList\",\"@id\":\"https:\\\/\\\/now-news.de\\\/de\\\/deutschland\\\/bundesregierung-hat-kein-problem-wenn-die-ukraine-terroristen-ehrt\\\/#breadcrumb\",\"itemListElement\":[{\"@type\":\"ListItem\",\"position\":1,\"name\":\"Home\",\"item\":\"https:\\\/\\\/now-news.de\\\/de\\\/\"},{\"@type\":\"ListItem\",\"position\":2,\"name\":\"Bundesregierung hat kein Problem, wenn die Ukraine Terroristen ehrt\"}]},{\"@type\":\"WebSite\",\"@id\":\"https:\\\/\\\/now-news.de\\\/de\\\/#website\",\"url\":\"https:\\\/\\\/now-news.de\\\/de\\\/\",\"name\":\"just-now.NEWS Deutschland\",\"description\":\"Das Portal f\u00fcr unzensierte Nachrichten aus der Welt\",\"publisher\":{\"@id\":\"https:\\\/\\\/now-news.de\\\/de\\\/#organization\"},\"potentialAction\":[{\"@type\":\"SearchAction\",\"target\":{\"@type\":\"EntryPoint\",\"urlTemplate\":\"https:\\\/\\\/now-news.de\\\/de\\\/?s={search_term_string}\"},\"query-input\":{\"@type\":\"PropertyValueSpecification\",\"valueRequired\":true,\"valueName\":\"search_term_string\"}}],\"inLanguage\":\"de\"},{\"@type\":\"Organization\",\"@id\":\"https:\\\/\\\/now-news.de\\\/de\\\/#organization\",\"name\":\"Just Now News\",\"url\":\"https:\\\/\\\/now-news.de\\\/de\\\/\",\"logo\":{\"@type\":\"ImageObject\",\"inLanguage\":\"de\",\"@id\":\"https:\\\/\\\/now-news.de\\\/de\\\/#\\\/schema\\\/logo\\\/image\\\/\",\"url\":\"http:\\\/\\\/just-now.news\\\/de\\\/wp-content\\\/uploads\\\/sites\\\/3\\\/2022\\\/04\\\/logo500x500.jpg\",\"contentUrl\":\"http:\\\/\\\/just-now.news\\\/de\\\/wp-content\\\/uploads\\\/sites\\\/3\\\/2022\\\/04\\\/logo500x500.jpg\",\"width\":500,\"height\":500,\"caption\":\"Just Now News\"},\"image\":{\"@id\":\"https:\\\/\\\/now-news.de\\\/de\\\/#\\\/schema\\\/logo\\\/image\\\/\"},\"sameAs\":[\"https:\\\/\\\/www.facebook.com\\\/wirmachenauf\",\"https:\\\/\\\/x.com\\\/WirMachenAuf_de\"]},{\"@type\":\"Person\",\"@id\":\"https:\\\/\\\/now-news.de\\\/de\\\/#\\\/schema\\\/person\\\/fb534a4e865501d8b3285208df34a9b5\",\"name\":\"rtnews\",\"image\":{\"@type\":\"ImageObject\",\"inLanguage\":\"de\",\"@id\":\"https:\\\/\\\/secure.gravatar.com\\\/avatar\\\/358fe31b3ab5769fea05376e1953329834cd9912cf9daf607e2af3076a1b982b?s=96&d=mm&r=g\",\"url\":\"https:\\\/\\\/secure.gravatar.com\\\/avatar\\\/358fe31b3ab5769fea05376e1953329834cd9912cf9daf607e2af3076a1b982b?s=96&d=mm&r=g\",\"contentUrl\":\"https:\\\/\\\/secure.gravatar.com\\\/avatar\\\/358fe31b3ab5769fea05376e1953329834cd9912cf9daf607e2af3076a1b982b?s=96&d=mm&r=g\",\"caption\":\"rtnews\"},\"url\":\"https:\\\/\\\/now-news.de\\\/de\\\/author\\\/rnews\\\/\"}]}<\/script>\n<!-- \/ Yoast SEO Premium plugin. -->","yoast_head_json":{"title":"Bundesregierung hat kein Problem, wenn die Ukraine Terroristen ehrt - just-now.NEWS Deutschland","robots":{"index":"index","follow":"follow","max-snippet":"max-snippet:-1","max-image-preview":"max-image-preview:large","max-video-preview":"max-video-preview:-1"},"canonical":"https:\/\/now-news.de\/de\/deutschland\/bundesregierung-hat-kein-problem-wenn-die-ukraine-terroristen-ehrt\/","og_locale":"de_DE","og_type":"article","og_title":"Bundesregierung hat kein Problem, wenn die Ukraine Terroristen ehrt","og_description":"In Polen st\u00f6\u00dft die Errichtung eines ukrainischen Pantheons f\u00fcr die Anf\u00fchrer von OUN und UPA auf scharfe Kritik. Der AfD-Abgeordnete Rainer Rothfu\u00df wollte nun von der Bundesregierung wissen, wie sie die staatliche Ehrung dieser Personen bewertet. Am 18. August wurde der ukrainische Nationalist Jewgeni Konowalez unter staatlichem Pomp in Kiew beigesetzt. Zuvor war er aus [&hellip;]","og_url":"https:\/\/now-news.de\/de\/deutschland\/bundesregierung-hat-kein-problem-wenn-die-ukraine-terroristen-ehrt\/","og_site_name":"just-now.NEWS Deutschland","article_publisher":"https:\/\/www.facebook.com\/wirmachenauf","article_published_time":"2026-09-06T16:58:02+00:00","og_image":[{"url":"https:\/\/now-news.de\/de\/wp-content\/uploads\/sites\/3\/2026\/09\/6a9d658f48fbef7d307a1978.jpg","type":"","width":"","height":""}],"author":"rtnews","twitter_card":"summary_large_image","twitter_creator":"@WirMachenAuf_de","twitter_site":"@WirMachenAuf_de","twitter_misc":{"Verfasst von":"rtnews","Gesch\u00e4tzte Lesezeit":"2\u00a0Minuten"},"schema":{"@context":"https:\/\/schema.org","@graph":[{"@type":"Article","@id":"https:\/\/now-news.de\/de\/deutschland\/bundesregierung-hat-kein-problem-wenn-die-ukraine-terroristen-ehrt\/#article","isPartOf":{"@id":"https:\/\/now-news.de\/de\/deutschland\/bundesregierung-hat-kein-problem-wenn-die-ukraine-terroristen-ehrt\/"},"author":{"name":"rtnews","@id":"https:\/\/now-news.de\/de\/#\/schema\/person\/fb534a4e865501d8b3285208df34a9b5"},"headline":"Bundesregierung hat kein Problem, wenn die Ukraine Terroristen ehrt","datePublished":"2026-09-06T16:58:02+00:00","mainEntityOfPage":{"@id":"https:\/\/now-news.de\/de\/deutschland\/bundesregierung-hat-kein-problem-wenn-die-ukraine-terroristen-ehrt\/"},"wordCount":507,"commentCount":0,"publisher":{"@id":"https:\/\/now-news.de\/de\/#organization"},"image":{"@id":"https:\/\/now-news.de\/de\/deutschland\/bundesregierung-hat-kein-problem-wenn-die-ukraine-terroristen-ehrt\/#primaryimage"},"thumbnailUrl":"https:\/\/now-news.de\/de\/wp-content\/uploads\/sites\/3\/2026\/09\/Bundesregierung-hat-kein-Problem-wenn-die-Ukraine-Terroristen-ehrt.jpg","keywords":["Bundesregierung","die","ehrt","hat","Kein","problem","Terroristen","ukraine","wenn"],"articleSection":["Deutschland","Russland"],"inLanguage":"de","potentialAction":[{"@type":"CommentAction","name":"Comment","target":["https:\/\/now-news.de\/de\/deutschland\/bundesregierung-hat-kein-problem-wenn-die-ukraine-terroristen-ehrt\/#respond"]}]},{"@type":"WebPage","@id":"https:\/\/now-news.de\/de\/deutschland\/bundesregierung-hat-kein-problem-wenn-die-ukraine-terroristen-ehrt\/","url":"https:\/\/now-news.de\/de\/deutschland\/bundesregierung-hat-kein-problem-wenn-die-ukraine-terroristen-ehrt\/","name":"Bundesregierung hat kein Problem, wenn die Ukraine Terroristen ehrt - just-now.NEWS Deutschland","isPartOf":{"@id":"https:\/\/now-news.de\/de\/#website"},"primaryImageOfPage":{"@id":"https:\/\/now-news.de\/de\/deutschland\/bundesregierung-hat-kein-problem-wenn-die-ukraine-terroristen-ehrt\/#primaryimage"},"image":{"@id":"https:\/\/now-news.de\/de\/deutschland\/bundesregierung-hat-kein-problem-wenn-die-ukraine-terroristen-ehrt\/#primaryimage"},"thumbnailUrl":"https:\/\/now-news.de\/de\/wp-content\/uploads\/sites\/3\/2026\/09\/Bundesregierung-hat-kein-Problem-wenn-die-Ukraine-Terroristen-ehrt.jpg","datePublished":"2026-09-06T16:58:02+00:00","breadcrumb":{"@id":"https:\/\/now-news.de\/de\/deutschland\/bundesregierung-hat-kein-problem-wenn-die-ukraine-terroristen-ehrt\/#breadcrumb"},"inLanguage":"de","potentialAction":[{"@type":"ReadAction","target":["https:\/\/now-news.de\/de\/deutschland\/bundesregierung-hat-kein-problem-wenn-die-ukraine-terroristen-ehrt\/"]}]},{"@type":"ImageObject","inLanguage":"de","@id":"https:\/\/now-news.de\/de\/deutschland\/bundesregierung-hat-kein-problem-wenn-die-ukraine-terroristen-ehrt\/#primaryimage","url":"https:\/\/now-news.de\/de\/wp-content\/uploads\/sites\/3\/2026\/09\/Bundesregierung-hat-kein-Problem-wenn-die-Ukraine-Terroristen-ehrt.jpg","contentUrl":"https:\/\/now-news.de\/de\/wp-content\/uploads\/sites\/3\/2026\/09\/Bundesregierung-hat-kein-Problem-wenn-die-Ukraine-Terroristen-ehrt.jpg","width":460,"height":259,"caption":"Bundesregierung hat kein Problem, wenn die Ukraine Terroristen ehrt"},{"@type":"BreadcrumbList","@id":"https:\/\/now-news.de\/de\/deutschland\/bundesregierung-hat-kein-problem-wenn-die-ukraine-terroristen-ehrt\/#breadcrumb","itemListElement":[{"@type":"ListItem","position":1,"name":"Home","item":"https:\/\/now-news.de\/de\/"},{"@type":"ListItem","position":2,"name":"Bundesregierung hat kein Problem, wenn die Ukraine Terroristen ehrt"}]},{"@type":"WebSite","@id":"https:\/\/now-news.de\/de\/#website","url":"https:\/\/now-news.de\/de\/","name":"just-now.NEWS Deutschland","description":"Das Portal f\u00fcr unzensierte Nachrichten aus der Welt","publisher":{"@id":"https:\/\/now-news.de\/de\/#organization"},"potentialAction":[{"@type":"SearchAction","target":{"@type":"EntryPoint","urlTemplate":"https:\/\/now-news.de\/de\/?s={search_term_string}"},"query-input":{"@type":"PropertyValueSpecification","valueRequired":true,"valueName":"search_term_string"}}],"inLanguage":"de"},{"@type":"Organization","@id":"https:\/\/now-news.de\/de\/#organization","name":"Just Now News","url":"https:\/\/now-news.de\/de\/","logo":{"@type":"ImageObject","inLanguage":"de","@id":"https:\/\/now-news.de\/de\/#\/schema\/logo\/image\/","url":"http:\/\/just-now.news\/de\/wp-content\/uploads\/sites\/3\/2022\/04\/logo500x500.jpg","contentUrl":"http:\/\/just-now.news\/de\/wp-content\/uploads\/sites\/3\/2022\/04\/logo500x500.jpg","width":500,"height":500,"caption":"Just Now News"},"image":{"@id":"https:\/\/now-news.de\/de\/#\/schema\/logo\/image\/"},"sameAs":["https:\/\/www.facebook.com\/wirmachenauf","https:\/\/x.com\/WirMachenAuf_de"]},{"@type":"Person","@id":"https:\/\/now-news.de\/de\/#\/schema\/person\/fb534a4e865501d8b3285208df34a9b5","name":"rtnews","image":{"@type":"ImageObject","inLanguage":"de","@id":"https:\/\/secure.gravatar.com\/avatar\/358fe31b3ab5769fea05376e1953329834cd9912cf9daf607e2af3076a1b982b?s=96&d=mm&r=g","url":"https:\/\/secure.gravatar.com\/avatar\/358fe31b3ab5769fea05376e1953329834cd9912cf9daf607e2af3076a1b982b?s=96&d=mm&r=g","contentUrl":"https:\/\/secure.gravatar.com\/avatar\/358fe31b3ab5769fea05376e1953329834cd9912cf9daf607e2af3076a1b982b?s=96&d=mm&r=g","caption":"rtnews"},"url":"https:\/\/now-news.de\/de\/author\/rnews\/"}]}},"_links":{"self":[{"href":"https:\/\/now-news.de\/de\/wp-json\/wp\/v2\/posts\/110054","targetHints":{"allow":["GET"]}}],"collection":[{"href":"https:\/\/now-news.de\/de\/wp-json\/wp\/v2\/posts"}],"about":[{"href":"https:\/\/now-news.de\/de\/wp-json\/wp\/v2\/types\/post"}],"author":[{"embeddable":true,"href":"https:\/\/now-news.de\/de\/wp-json\/wp\/v2\/users\/3"}],"replies":[{"embeddable":true,"href":"https:\/\/now-news.de\/de\/wp-json\/wp\/v2\/comments?post=110054"}],"version-history":[{"count":0,"href":"https:\/\/now-news.de\/de\/wp-json\/wp\/v2\/posts\/110054\/revisions"}],"wp:featuredmedia":[{"embeddable":true,"href":"https:\/\/now-news.de\/de\/wp-json\/wp\/v2\/media\/110055"}],"wp:attachment":[{"href":"https:\/\/now-news.de\/de\/wp-json\/wp\/v2\/media?parent=110054"}],"wp:term":[{"taxonomy":"category","embeddable":true,"href":"https:\/\/now-news.de\/de\/wp-json\/wp\/v2\/categories?post=110054"},{"taxonomy":"post_tag","embeddable":true,"href":"https:\/\/now-news.de\/de\/wp-json\/wp\/v2\/tags?post=110054"}],"curies":[{"name":"wp","href":"https:\/\/api.w.org\/{rel}","templated":true}]}}