{"id":110044,"date":"2026-09-06T15:20:15","date_gmt":"2026-09-06T13:20:15","guid":{"rendered":"https:\/\/now-news.de\/de\/deutschland\/wird-die-brics-gruppe-in-der-lage-sein-die-oelblockade-gegen-kuba-zu-durchbrechen\/"},"modified":"2026-09-06T15:20:15","modified_gmt":"2026-09-06T13:20:15","slug":"wird-die-brics-gruppe-in-der-lage-sein-die-oelblockade-gegen-kuba-zu-durchbrechen","status":"publish","type":"post","link":"https:\/\/now-news.de\/de\/deutschland\/wird-die-brics-gruppe-in-der-lage-sein-die-oelblockade-gegen-kuba-zu-durchbrechen\/","title":{"rendered":"Wird die BRICS-Gruppe in der Lage sein, die \u00d6lblockade gegen Kuba zu durchbrechen?"},"content":{"rendered":"<p><img decoding=\"async\" src=\"https:\/\/now-news.de\/de\/wp-content\/uploads\/sites\/3\/2026\/09\/6a9d58c2b480cc67ad451174.jpeg\" \/><\/p>\n<div class=\"Text-root Text-type_1 \">\n                Am kommenden Wochenende findet das BRICS-Gipfeltreffen in Indien statt. Der kubanische Journaliste L\u00f3pez Blanch sieht darin eine gute Gelegenheit, die politische Initiative zu ergreifen und Treibstoff nach Kuba zu liefern. Damit k\u00f6nnte das unmenschliche und arrogante Vorgehen der USA durchbrochen werden, die versuchen, die kubanische Revolution mit einer \u00d6lblockade zu vernichten.\n            <\/div>\n<p><\/p>\n<div class=\"Text-root Text-type_5 ArticleView-text ViewText-root \">\n<p><em>Von Hedelberto L\u00f3pez Blanch<\/em><\/p>\n<p>Am 12. und 13. September findet in Neu-Delhi, Indien, der 18. BRICS-Gipfel mit den Mitgliedsl\u00e4ndern, assoziierten L\u00e4ndern und geladenen G\u00e4sten unter dem Motto &#8220;Aufbau f\u00fcr Resilienz, Innovation, Kooperation und Nachhaltigkeit&#8221; statt.<\/p>\n<p>Das indische Au\u00dfenministerium teilte mit, dass die Veranstaltung im Bharat Mandapam Convention Centre in Neu-Delhi stattfinden wird und die Teilnehmer sich \u00fcber die St\u00e4rkung der internen Kooperation der BRICS-Staaten im Hinblick auf gemeinsame Priorit\u00e4ten austauschen und Perspektiven \u00fcber globale und regionale Themen von gegenseitigem Interesse teilen werden.<\/p>\n<p>Dies w\u00e4re eine gute Gelegenheit f\u00fcr die BRICS, als fortschrittliche Organisation, die f\u00fcr die Verwirklichung einer multipolaren Welt k\u00e4mpft, die politische Initiative zu ergreifen und Treibstoff nach Kuba zu liefern, und damit das unmenschliche und arrogante Vorgehen der USA zu durchbrechen, die versuchen, die kubanische Revolution mit einer eisernen \u00d6lblockade zu vernichten.<\/p>\n<p>Wie kubanische F\u00fchrungspers\u00f6nlichkeiten und solidarische und fortschrittliche Organisationen weltweit angeprangert haben, ist das, was der verurteilte US-Pr\u00e4sident Donald Trump und sein Au\u00dfenminister Marco Rubio begehen, ein\u00a0Genozid an der kubanischen Bev\u00f6lkerung.<\/p>\n<p>In der Abschlusserkl\u00e4rung des Treffens der Au\u00dfenminister der BRICS-Gruppe am 12. und 13. Mai dieses Jahres in Neu-Delhi bekr\u00e4ftigten die Teilnehmer die Notwendigkeit, den wirtschaftlichen, handelspolitischen und finanziellen Ma\u00dfnahmen gegen Kuba ein Ende zu setzen.<\/p>\n<p>Wir erinnern daran, dass Trump am 29. Januar eine Pr\u00e4sidialverordnung unterzeichnet hat, mit der er angesichts einer absurden &#8220;au\u00dfergew\u00f6hnlichen Bedrohung&#8221; f\u00fcr die Sicherheit der USA und der Region, die die Karibikinsel darstelle, den &#8220;nationalen Notstand&#8221; erkl\u00e4rte.<\/p>\n<p>Auf dieser Grundlage k\u00fcndigte er die Verh\u00e4ngung von Z\u00f6llen gegen L\u00e4nder an, die \u00d6l an die Karibiknation verkaufen, hinzu kommen Drohungen mit Vergeltungsma\u00dfnahmen gegen diejenigen, die gegen die Pr\u00e4sidialverordnung des Wei\u00dfen Hauses versto\u00dfen.<\/p>\n<p>Durch die Versch\u00e4rfung der Blockade, die Washington seit mehr als 60 Jahren gegen Kuba aufrechterh\u00e4lt, und da keine M\u00f6glichkeit besteht, \u00d6l auf irgendeinem Markt zu erwerben, sind die Versorgungsleistungen in den Bereichen Strom, Ern\u00e4hrung, Gesundheit, Bildung und Transport stark beeintr\u00e4chtigt.<\/p>\n<p>Bei\u00a0dem Treffen der Au\u00dfenminister in Neu-Delhi prangerte Kubas Au\u00dfenminister Bruno Rodr\u00edguez Parrilla an, dass &#8220;die USA mit diesem kriminellen Akt, der gegen das V\u00f6lkerrecht sowie gegen die Ziele und Grunds\u00e4tze der Charta der Vereinten Nationen verst\u00f6\u00dft, der ganzen Welt die Verpflichtung auferlegen wollen, die Blockade gegen Kuba einzuhalten, ohne R\u00fccksicht auf die Souver\u00e4nit\u00e4t der einzelnen Regierungen und den Willen ihrer V\u00f6lker.&#8221;<\/p>\n<p>Im Folgenden erkl\u00e4rte er, dass nur eine breite und entschlossene internationale Koalition es erm\u00f6glichen werde, der globalen Pl\u00fcnderung durch die\u00a0Vereinigten Staaten erfolgreich entgegenzutreten, die zum Scheitern verurteilt sei, wenn sich die\u00a0L\u00e4nder der Welt nicht einsch\u00fcchtern lie\u00dfen. In diesem Zusammenhang sei die Reform der globalen Governance und des multilateralen Systems kein blo\u00dfes Anliegen, sondern eine dringende und unverzichtbare politische Notwendigkeit, betonte er.<\/p>\n<p>Die St\u00e4rke der BRICS-Gruppe ist unbestreitbar. Im Jahr 2006 bestand sie aus Brasilien, Russland, Indien und China, 2011 kam S\u00fcdafrika dazu, und im Jahr 2024 wurden \u00c4gypten, die Vereinigten Arabischen Emirate, \u00c4thiopien, Iran und sp\u00e4ter Indonesien st\u00e4ndige Mitglieder. Seit Januar 2025 sind Kuba, Bolivien, Wei\u00dfrussland, Usbekistan, Malaysia, Kasachstan, Uganda und Thailand assoziierte Mitglieder.<\/p>\n<p>Mit all ihren Mitgliedern und assoziierten Partnern hat Havanna im Lauf der Jahre eine bedeutende Freundschaft und Zusammenarbeit aufrechterhalten.<\/p>\n<p>Die Gruppe hat globalen Einfluss, da sie 46 Prozent des weltweiten Bruttoinlandsprodukts und 55 Prozent der Weltbev\u00f6lkerung repr\u00e4sentiert.<\/p>\n<p>Angesichts dieser Umst\u00e4nde erlaube ich mir zu fragen:<\/p>\n<p><strong>Werden die Regierungen der Welt und insbesondere die BRICS-Staaten zulassen, dass ein V\u00f6lkermord an Kuba begangen wird, wie er durch die aggressive und unmenschliche Politik des US-Imperiums gegen die Insel derzeit betrieben wird?<\/strong><\/p>\n<p>Werden internationale Organisationen wie die Vereinten Nationen, die BRICS, die Afrikanische Union, die Eurasische Wirtschaftsunion (EAWU), die Shanghaier Organisation f\u00fcr Zusammenarbeit (SOZ) oder der Verband S\u00fcdostasiatischer Nationen (ASEAN), mit denen Havanna gute Beziehungen hat, noch l\u00e4nger hinnehmen, dass die\u00a0Vereinigten Staaten weiterhin Druck aus\u00fcben, damit diese L\u00e4nder das dringend ben\u00f6tigte Erd\u00f6l nicht liefern?<\/p>\n<p>Wie lange noch werden die mit Kuba befreundeten Nationen (von denen viele ebenfalls unter Erpressungsma\u00dfnahmen gelitten haben, die euphemistisch als &#8220;Sanktionen&#8221; bezeichnet werden) den v\u00f6lkerm\u00f6rderischen und ungerechten Handlungen Washingtons Folge leisten?<\/p>\n<p>K\u00f6nnen sie sich nicht alle darauf einigen, Treibstoff nach Kuba zu liefern, einem Land, das unter einem der gnadenlosesten Kriege leidet, den ein zwar im Niedergang begriffenes, aber \u00e4u\u00dferst aggressives Imperium gegen es f\u00fchrt?<\/p>\n<p>W\u00e4hrend seiner Rede anl\u00e4sslich der Feierlichkeiten zum 26. Juli erkl\u00e4rte der kubanische Pr\u00e4sident Miguel D\u00edaz-Canel Berm\u00fadez:<\/p>\n<p><em>&#8220;Wir prangern an, dass diejenigen, die diese Politik der Erstickung konzipiert haben, die sie umsetzen und aufrechterhalten, f\u00fcr das Leiden des kubanischen Volkes verantwortlich sind. Wir prangern auch diejenigen an, die schweigen und die Gewaltakte der dreisten faschistischen Ultrarechten in den USA dulden, die l\u00fcgen, stehlen, t\u00f6ten und sich zum Gott aller Schicksale aufschwingen zu wollen.&#8221;<\/em><\/p>\n<p>K\u00fcrzlich betonte D\u00edaz-Canel angesichts der umfangreichen solidarischen Unterst\u00fctzung mit Lebensmitteln, Solarmodulen und anderen Hilfsg\u00fctern, die die Volksrepublik China auf die Insel geschickt hat:<\/p>\n<p><em>&#8220;W\u00e4hrend ein Imperium uns mit einer Blockade stranguliert, die bereits mehr als sechs Jahrzehnte andauert, hat ein Bruderland beschlossen, uns bedingungslos die Hand zu reichen. Das ist reine Solidarit\u00e4t, es ist keine Wohlt\u00e4tigkeit, es ist Gerechtigkeit.&#8221;<\/em><\/p>\n<p>Und er f\u00fcgte hinzu:<\/p>\n<p><em>&#8220;Kuba hat der Welt \u00c4rzte, Lehrer und Impfstoffe gegeben. Wir entsenden Brigaden an die entlegensten Orte der Welt. Wir teilen das Wenige, das wir haben. Wir sind ein Beispiel f\u00fcr Menschlichkeit. Jetzt, wo wir es am dringendsten brauchen, erwidert jemand diese Geste. Und das ist kein Gefallen, es ist eine Anerkennung, dass die Blockade kein Problem Kubas ist, sondern ein Problem der Menschheit.&#8221;<\/em><\/p>\n<p>Deshalb denke ich, dass es an der Zeit ist, dieser wahnhaften unipolaren Welt, die die USA weiterhin aufzwingen wollen, Einhalt zu gebieten und zur politischen Aktion \u00fcberzugehen, um eine wahrhaft multipolare Welt zu schaffen.<\/p>\n<\/p>\n<p><em>Aus dem <\/em><em><a rel=\"nofollow\" target=\"_blank\" href=\"https:\/\/rebelion.org\/892146-2\/\">Spanischen<\/a>\u00a0<\/em><em>\u00fcbersetzt von Olga Esp\u00edn.<\/em><\/p>\n<p><em><strong>Hedelberto L\u00f3pez Blanch<\/strong> aus Kuba ist Journalist und Schriftsteller. Er lebt in Havanna.<\/em><\/p>\n<p><strong>Mehr zum Thema<\/strong>\u00a0\u2013 <a rel=\"nofollow\" target=\"_blank\" href=\"https:\/\/freedert.online\/international\/289691-trump-verlaengert-us-handelsembargo-gegen\/\">US-Handelsembargo gegen Kuba: Trump verl\u00e4ngert um ein Jahr<\/a><\/p>\n<div class=\"EmbedBlock-root EmbedBlock-externalVideo EmbedBlock-rumble\">\n<div class=\"VkEmbed\"><iframe class=\"lazyload\" data-src=\"https:\/\/rumble.com\/embed\/v7chzpe\" frameborder=\"0\" width=\"853\" height=\"480\" allowfullscreen><\/iframe><\/div>\n<\/div>\n<\/div>\n<p><br \/>\n<br \/><a href=\"https:\/\/de.rt.com\/amerika\/290890-wird-brics-gruppe-in-lage\/\">Source link <\/a><\/p>\n","protected":false},"excerpt":{"rendered":"<p>Am kommenden Wochenende findet das BRICS-Gipfeltreffen in Indien statt. Der kubanische Journaliste L\u00f3pez Blanch sieht darin eine gute Gelegenheit, die politische Initiative zu ergreifen und Treibstoff nach Kuba zu liefern. Damit k\u00f6nnte das unmenschliche und arrogante Vorgehen der USA durchbrochen werden, die versuchen, die kubanische Revolution mit einer \u00d6lblockade zu vernichten. Von Hedelberto L\u00f3pez Blanch [&hellip;]<\/p>\n","protected":false},"author":3,"featured_media":110045,"comment_status":"open","ping_status":"open","sticky":false,"template":"","format":"standard","meta":{"wp_automatic_camp":["217"],"3737eadf8e53c2fa654c447587d5ccc3":["Wird die BRICS-Gruppe in der Lage sein, die \u00d6lblockade gegen Kuba zu durchbrechen?"],"original_link":["https:\/\/de.rt.com\/amerika\/290890-wird-brics-gruppe-in-lage\/"],"_thumbnail_id":["110045"],"_wptgpro_p2tg_sent2tg":["a:1:{i:23737;s:19:\"2026-09-06 15:25:30\";}"],"jnews_social_counter_last_update":["1788708330"]},"categories":[19,23],"tags":[27982,82,45,34732,278,6958,525,37163,3950,374],"class_list":["post-110044","post","type-post","status-publish","format-standard","has-post-thumbnail","hentry","category-deutschland","category-russland","tag-bricsgruppe","tag-der","tag-die","tag-durchbrechen","tag-gegen","tag-kuba","tag-lage","tag-oelblockade","tag-sein","tag-wird"],"yoast_head":"<!-- This site is optimized with the Yoast SEO Premium plugin v22.7 (Yoast SEO v28.2) - https:\/\/yoast.com\/product\/yoast-seo-premium-wordpress\/ -->\n<title>Wird die BRICS-Gruppe in der Lage sein, die \u00d6lblockade gegen Kuba zu durchbrechen? - just-now.NEWS Deutschland<\/title>\n<meta name=\"robots\" content=\"index, follow, max-snippet:-1, max-image-preview:large, max-video-preview:-1\" \/>\n<link rel=\"canonical\" href=\"https:\/\/now-news.de\/de\/deutschland\/wird-die-brics-gruppe-in-der-lage-sein-die-oelblockade-gegen-kuba-zu-durchbrechen\/\" \/>\n<meta property=\"og:locale\" content=\"de_DE\" \/>\n<meta property=\"og:type\" content=\"article\" \/>\n<meta property=\"og:title\" content=\"Wird die BRICS-Gruppe in der Lage sein, die \u00d6lblockade gegen Kuba zu durchbrechen?\" \/>\n<meta property=\"og:description\" content=\"Am kommenden Wochenende findet das BRICS-Gipfeltreffen in Indien statt. Der kubanische Journaliste L\u00f3pez Blanch sieht darin eine gute Gelegenheit, die politische Initiative zu ergreifen und Treibstoff nach Kuba zu liefern. Damit k\u00f6nnte das unmenschliche und arrogante Vorgehen der USA durchbrochen werden, die versuchen, die kubanische Revolution mit einer \u00d6lblockade zu vernichten. Von Hedelberto L\u00f3pez Blanch [&hellip;]\" \/>\n<meta property=\"og:url\" content=\"https:\/\/now-news.de\/de\/deutschland\/wird-die-brics-gruppe-in-der-lage-sein-die-oelblockade-gegen-kuba-zu-durchbrechen\/\" \/>\n<meta property=\"og:site_name\" content=\"just-now.NEWS Deutschland\" \/>\n<meta property=\"article:publisher\" content=\"https:\/\/www.facebook.com\/wirmachenauf\" \/>\n<meta property=\"article:published_time\" content=\"2026-09-06T13:20:15+00:00\" \/>\n<meta property=\"og:image\" content=\"https:\/\/now-news.de\/de\/wp-content\/uploads\/sites\/3\/2026\/09\/6a9d58c2b480cc67ad451174.jpeg\" \/>\n<meta name=\"author\" content=\"rtnews\" \/>\n<meta name=\"twitter:card\" content=\"summary_large_image\" \/>\n<meta name=\"twitter:creator\" content=\"@WirMachenAuf_de\" \/>\n<meta name=\"twitter:site\" content=\"@WirMachenAuf_de\" \/>\n<meta name=\"twitter:label1\" content=\"Verfasst von\" \/>\n\t<meta name=\"twitter:data1\" content=\"rtnews\" \/>\n\t<meta name=\"twitter:label2\" content=\"Gesch\u00e4tzte Lesezeit\" \/>\n\t<meta name=\"twitter:data2\" content=\"5\u00a0Minuten\" \/>\n<script type=\"application\/ld+json\" class=\"yoast-schema-graph\">{\"@context\":\"https:\\\/\\\/schema.org\",\"@graph\":[{\"@type\":\"Article\",\"@id\":\"https:\\\/\\\/now-news.de\\\/de\\\/deutschland\\\/wird-die-brics-gruppe-in-der-lage-sein-die-oelblockade-gegen-kuba-zu-durchbrechen\\\/#article\",\"isPartOf\":{\"@id\":\"https:\\\/\\\/now-news.de\\\/de\\\/deutschland\\\/wird-die-brics-gruppe-in-der-lage-sein-die-oelblockade-gegen-kuba-zu-durchbrechen\\\/\"},\"author\":{\"name\":\"rtnews\",\"@id\":\"https:\\\/\\\/now-news.de\\\/de\\\/#\\\/schema\\\/person\\\/fb534a4e865501d8b3285208df34a9b5\"},\"headline\":\"Wird die BRICS-Gruppe in der Lage sein, die \u00d6lblockade gegen Kuba zu durchbrechen?\",\"datePublished\":\"2026-09-06T13:20:15+00:00\",\"mainEntityOfPage\":{\"@id\":\"https:\\\/\\\/now-news.de\\\/de\\\/deutschland\\\/wird-die-brics-gruppe-in-der-lage-sein-die-oelblockade-gegen-kuba-zu-durchbrechen\\\/\"},\"wordCount\":1100,\"commentCount\":0,\"publisher\":{\"@id\":\"https:\\\/\\\/now-news.de\\\/de\\\/#organization\"},\"image\":{\"@id\":\"https:\\\/\\\/now-news.de\\\/de\\\/deutschland\\\/wird-die-brics-gruppe-in-der-lage-sein-die-oelblockade-gegen-kuba-zu-durchbrechen\\\/#primaryimage\"},\"thumbnailUrl\":\"https:\\\/\\\/now-news.de\\\/de\\\/wp-content\\\/uploads\\\/sites\\\/3\\\/2026\\\/09\\\/Wird-die-BRICS-Gruppe-in-der-Lage-sein-die-Oelblockade-gegen.jpeg\",\"keywords\":[\"BRICSGruppe\",\"der\",\"die\",\"durchbrechen\",\"gegen\",\"Kuba\",\"Lage\",\"\u00d6lBlockade\",\"sein\",\"wird\"],\"articleSection\":[\"Deutschland\",\"Russland\"],\"inLanguage\":\"de\",\"potentialAction\":[{\"@type\":\"CommentAction\",\"name\":\"Comment\",\"target\":[\"https:\\\/\\\/now-news.de\\\/de\\\/deutschland\\\/wird-die-brics-gruppe-in-der-lage-sein-die-oelblockade-gegen-kuba-zu-durchbrechen\\\/#respond\"]}]},{\"@type\":\"WebPage\",\"@id\":\"https:\\\/\\\/now-news.de\\\/de\\\/deutschland\\\/wird-die-brics-gruppe-in-der-lage-sein-die-oelblockade-gegen-kuba-zu-durchbrechen\\\/\",\"url\":\"https:\\\/\\\/now-news.de\\\/de\\\/deutschland\\\/wird-die-brics-gruppe-in-der-lage-sein-die-oelblockade-gegen-kuba-zu-durchbrechen\\\/\",\"name\":\"Wird die BRICS-Gruppe in der Lage sein, die \u00d6lblockade gegen Kuba zu durchbrechen? - just-now.NEWS Deutschland\",\"isPartOf\":{\"@id\":\"https:\\\/\\\/now-news.de\\\/de\\\/#website\"},\"primaryImageOfPage\":{\"@id\":\"https:\\\/\\\/now-news.de\\\/de\\\/deutschland\\\/wird-die-brics-gruppe-in-der-lage-sein-die-oelblockade-gegen-kuba-zu-durchbrechen\\\/#primaryimage\"},\"image\":{\"@id\":\"https:\\\/\\\/now-news.de\\\/de\\\/deutschland\\\/wird-die-brics-gruppe-in-der-lage-sein-die-oelblockade-gegen-kuba-zu-durchbrechen\\\/#primaryimage\"},\"thumbnailUrl\":\"https:\\\/\\\/now-news.de\\\/de\\\/wp-content\\\/uploads\\\/sites\\\/3\\\/2026\\\/09\\\/Wird-die-BRICS-Gruppe-in-der-Lage-sein-die-Oelblockade-gegen.jpeg\",\"datePublished\":\"2026-09-06T13:20:15+00:00\",\"breadcrumb\":{\"@id\":\"https:\\\/\\\/now-news.de\\\/de\\\/deutschland\\\/wird-die-brics-gruppe-in-der-lage-sein-die-oelblockade-gegen-kuba-zu-durchbrechen\\\/#breadcrumb\"},\"inLanguage\":\"de\",\"potentialAction\":[{\"@type\":\"ReadAction\",\"target\":[\"https:\\\/\\\/now-news.de\\\/de\\\/deutschland\\\/wird-die-brics-gruppe-in-der-lage-sein-die-oelblockade-gegen-kuba-zu-durchbrechen\\\/\"]}]},{\"@type\":\"ImageObject\",\"inLanguage\":\"de\",\"@id\":\"https:\\\/\\\/now-news.de\\\/de\\\/deutschland\\\/wird-die-brics-gruppe-in-der-lage-sein-die-oelblockade-gegen-kuba-zu-durchbrechen\\\/#primaryimage\",\"url\":\"https:\\\/\\\/now-news.de\\\/de\\\/wp-content\\\/uploads\\\/sites\\\/3\\\/2026\\\/09\\\/Wird-die-BRICS-Gruppe-in-der-Lage-sein-die-Oelblockade-gegen.jpeg\",\"contentUrl\":\"https:\\\/\\\/now-news.de\\\/de\\\/wp-content\\\/uploads\\\/sites\\\/3\\\/2026\\\/09\\\/Wird-die-BRICS-Gruppe-in-der-Lage-sein-die-Oelblockade-gegen.jpeg\",\"width\":460,\"height\":259,\"caption\":\"Wird die BRICS-Gruppe in der Lage sein, die \u00d6lblockade gegen Kuba zu durchbrechen?\"},{\"@type\":\"BreadcrumbList\",\"@id\":\"https:\\\/\\\/now-news.de\\\/de\\\/deutschland\\\/wird-die-brics-gruppe-in-der-lage-sein-die-oelblockade-gegen-kuba-zu-durchbrechen\\\/#breadcrumb\",\"itemListElement\":[{\"@type\":\"ListItem\",\"position\":1,\"name\":\"Home\",\"item\":\"https:\\\/\\\/now-news.de\\\/de\\\/\"},{\"@type\":\"ListItem\",\"position\":2,\"name\":\"Wird die BRICS-Gruppe in der Lage sein, die \u00d6lblockade gegen Kuba zu durchbrechen?\"}]},{\"@type\":\"WebSite\",\"@id\":\"https:\\\/\\\/now-news.de\\\/de\\\/#website\",\"url\":\"https:\\\/\\\/now-news.de\\\/de\\\/\",\"name\":\"just-now.NEWS Deutschland\",\"description\":\"Das Portal f\u00fcr unzensierte Nachrichten aus der Welt\",\"publisher\":{\"@id\":\"https:\\\/\\\/now-news.de\\\/de\\\/#organization\"},\"potentialAction\":[{\"@type\":\"SearchAction\",\"target\":{\"@type\":\"EntryPoint\",\"urlTemplate\":\"https:\\\/\\\/now-news.de\\\/de\\\/?s={search_term_string}\"},\"query-input\":{\"@type\":\"PropertyValueSpecification\",\"valueRequired\":true,\"valueName\":\"search_term_string\"}}],\"inLanguage\":\"de\"},{\"@type\":\"Organization\",\"@id\":\"https:\\\/\\\/now-news.de\\\/de\\\/#organization\",\"name\":\"Just Now News\",\"url\":\"https:\\\/\\\/now-news.de\\\/de\\\/\",\"logo\":{\"@type\":\"ImageObject\",\"inLanguage\":\"de\",\"@id\":\"https:\\\/\\\/now-news.de\\\/de\\\/#\\\/schema\\\/logo\\\/image\\\/\",\"url\":\"http:\\\/\\\/just-now.news\\\/de\\\/wp-content\\\/uploads\\\/sites\\\/3\\\/2022\\\/04\\\/logo500x500.jpg\",\"contentUrl\":\"http:\\\/\\\/just-now.news\\\/de\\\/wp-content\\\/uploads\\\/sites\\\/3\\\/2022\\\/04\\\/logo500x500.jpg\",\"width\":500,\"height\":500,\"caption\":\"Just Now News\"},\"image\":{\"@id\":\"https:\\\/\\\/now-news.de\\\/de\\\/#\\\/schema\\\/logo\\\/image\\\/\"},\"sameAs\":[\"https:\\\/\\\/www.facebook.com\\\/wirmachenauf\",\"https:\\\/\\\/x.com\\\/WirMachenAuf_de\"]},{\"@type\":\"Person\",\"@id\":\"https:\\\/\\\/now-news.de\\\/de\\\/#\\\/schema\\\/person\\\/fb534a4e865501d8b3285208df34a9b5\",\"name\":\"rtnews\",\"image\":{\"@type\":\"ImageObject\",\"inLanguage\":\"de\",\"@id\":\"https:\\\/\\\/secure.gravatar.com\\\/avatar\\\/358fe31b3ab5769fea05376e1953329834cd9912cf9daf607e2af3076a1b982b?s=96&d=mm&r=g\",\"url\":\"https:\\\/\\\/secure.gravatar.com\\\/avatar\\\/358fe31b3ab5769fea05376e1953329834cd9912cf9daf607e2af3076a1b982b?s=96&d=mm&r=g\",\"contentUrl\":\"https:\\\/\\\/secure.gravatar.com\\\/avatar\\\/358fe31b3ab5769fea05376e1953329834cd9912cf9daf607e2af3076a1b982b?s=96&d=mm&r=g\",\"caption\":\"rtnews\"},\"url\":\"https:\\\/\\\/now-news.de\\\/de\\\/author\\\/rnews\\\/\"}]}<\/script>\n<!-- \/ Yoast SEO Premium plugin. -->","yoast_head_json":{"title":"Wird die BRICS-Gruppe in der Lage sein, die \u00d6lblockade gegen Kuba zu durchbrechen? - just-now.NEWS Deutschland","robots":{"index":"index","follow":"follow","max-snippet":"max-snippet:-1","max-image-preview":"max-image-preview:large","max-video-preview":"max-video-preview:-1"},"canonical":"https:\/\/now-news.de\/de\/deutschland\/wird-die-brics-gruppe-in-der-lage-sein-die-oelblockade-gegen-kuba-zu-durchbrechen\/","og_locale":"de_DE","og_type":"article","og_title":"Wird die BRICS-Gruppe in der Lage sein, die \u00d6lblockade gegen Kuba zu durchbrechen?","og_description":"Am kommenden Wochenende findet das BRICS-Gipfeltreffen in Indien statt. Der kubanische Journaliste L\u00f3pez Blanch sieht darin eine gute Gelegenheit, die politische Initiative zu ergreifen und Treibstoff nach Kuba zu liefern. Damit k\u00f6nnte das unmenschliche und arrogante Vorgehen der USA durchbrochen werden, die versuchen, die kubanische Revolution mit einer \u00d6lblockade zu vernichten. Von Hedelberto L\u00f3pez Blanch [&hellip;]","og_url":"https:\/\/now-news.de\/de\/deutschland\/wird-die-brics-gruppe-in-der-lage-sein-die-oelblockade-gegen-kuba-zu-durchbrechen\/","og_site_name":"just-now.NEWS Deutschland","article_publisher":"https:\/\/www.facebook.com\/wirmachenauf","article_published_time":"2026-09-06T13:20:15+00:00","og_image":[{"url":"https:\/\/now-news.de\/de\/wp-content\/uploads\/sites\/3\/2026\/09\/6a9d58c2b480cc67ad451174.jpeg","type":"","width":"","height":""}],"author":"rtnews","twitter_card":"summary_large_image","twitter_creator":"@WirMachenAuf_de","twitter_site":"@WirMachenAuf_de","twitter_misc":{"Verfasst von":"rtnews","Gesch\u00e4tzte Lesezeit":"5\u00a0Minuten"},"schema":{"@context":"https:\/\/schema.org","@graph":[{"@type":"Article","@id":"https:\/\/now-news.de\/de\/deutschland\/wird-die-brics-gruppe-in-der-lage-sein-die-oelblockade-gegen-kuba-zu-durchbrechen\/#article","isPartOf":{"@id":"https:\/\/now-news.de\/de\/deutschland\/wird-die-brics-gruppe-in-der-lage-sein-die-oelblockade-gegen-kuba-zu-durchbrechen\/"},"author":{"name":"rtnews","@id":"https:\/\/now-news.de\/de\/#\/schema\/person\/fb534a4e865501d8b3285208df34a9b5"},"headline":"Wird die BRICS-Gruppe in der Lage sein, die \u00d6lblockade gegen Kuba zu durchbrechen?","datePublished":"2026-09-06T13:20:15+00:00","mainEntityOfPage":{"@id":"https:\/\/now-news.de\/de\/deutschland\/wird-die-brics-gruppe-in-der-lage-sein-die-oelblockade-gegen-kuba-zu-durchbrechen\/"},"wordCount":1100,"commentCount":0,"publisher":{"@id":"https:\/\/now-news.de\/de\/#organization"},"image":{"@id":"https:\/\/now-news.de\/de\/deutschland\/wird-die-brics-gruppe-in-der-lage-sein-die-oelblockade-gegen-kuba-zu-durchbrechen\/#primaryimage"},"thumbnailUrl":"https:\/\/now-news.de\/de\/wp-content\/uploads\/sites\/3\/2026\/09\/Wird-die-BRICS-Gruppe-in-der-Lage-sein-die-Oelblockade-gegen.jpeg","keywords":["BRICSGruppe","der","die","durchbrechen","gegen","Kuba","Lage","\u00d6lBlockade","sein","wird"],"articleSection":["Deutschland","Russland"],"inLanguage":"de","potentialAction":[{"@type":"CommentAction","name":"Comment","target":["https:\/\/now-news.de\/de\/deutschland\/wird-die-brics-gruppe-in-der-lage-sein-die-oelblockade-gegen-kuba-zu-durchbrechen\/#respond"]}]},{"@type":"WebPage","@id":"https:\/\/now-news.de\/de\/deutschland\/wird-die-brics-gruppe-in-der-lage-sein-die-oelblockade-gegen-kuba-zu-durchbrechen\/","url":"https:\/\/now-news.de\/de\/deutschland\/wird-die-brics-gruppe-in-der-lage-sein-die-oelblockade-gegen-kuba-zu-durchbrechen\/","name":"Wird die BRICS-Gruppe in der Lage sein, die \u00d6lblockade gegen Kuba zu durchbrechen? - just-now.NEWS Deutschland","isPartOf":{"@id":"https:\/\/now-news.de\/de\/#website"},"primaryImageOfPage":{"@id":"https:\/\/now-news.de\/de\/deutschland\/wird-die-brics-gruppe-in-der-lage-sein-die-oelblockade-gegen-kuba-zu-durchbrechen\/#primaryimage"},"image":{"@id":"https:\/\/now-news.de\/de\/deutschland\/wird-die-brics-gruppe-in-der-lage-sein-die-oelblockade-gegen-kuba-zu-durchbrechen\/#primaryimage"},"thumbnailUrl":"https:\/\/now-news.de\/de\/wp-content\/uploads\/sites\/3\/2026\/09\/Wird-die-BRICS-Gruppe-in-der-Lage-sein-die-Oelblockade-gegen.jpeg","datePublished":"2026-09-06T13:20:15+00:00","breadcrumb":{"@id":"https:\/\/now-news.de\/de\/deutschland\/wird-die-brics-gruppe-in-der-lage-sein-die-oelblockade-gegen-kuba-zu-durchbrechen\/#breadcrumb"},"inLanguage":"de","potentialAction":[{"@type":"ReadAction","target":["https:\/\/now-news.de\/de\/deutschland\/wird-die-brics-gruppe-in-der-lage-sein-die-oelblockade-gegen-kuba-zu-durchbrechen\/"]}]},{"@type":"ImageObject","inLanguage":"de","@id":"https:\/\/now-news.de\/de\/deutschland\/wird-die-brics-gruppe-in-der-lage-sein-die-oelblockade-gegen-kuba-zu-durchbrechen\/#primaryimage","url":"https:\/\/now-news.de\/de\/wp-content\/uploads\/sites\/3\/2026\/09\/Wird-die-BRICS-Gruppe-in-der-Lage-sein-die-Oelblockade-gegen.jpeg","contentUrl":"https:\/\/now-news.de\/de\/wp-content\/uploads\/sites\/3\/2026\/09\/Wird-die-BRICS-Gruppe-in-der-Lage-sein-die-Oelblockade-gegen.jpeg","width":460,"height":259,"caption":"Wird die BRICS-Gruppe in der Lage sein, die \u00d6lblockade gegen Kuba zu durchbrechen?"},{"@type":"BreadcrumbList","@id":"https:\/\/now-news.de\/de\/deutschland\/wird-die-brics-gruppe-in-der-lage-sein-die-oelblockade-gegen-kuba-zu-durchbrechen\/#breadcrumb","itemListElement":[{"@type":"ListItem","position":1,"name":"Home","item":"https:\/\/now-news.de\/de\/"},{"@type":"ListItem","position":2,"name":"Wird die BRICS-Gruppe in der Lage sein, die \u00d6lblockade gegen Kuba zu durchbrechen?"}]},{"@type":"WebSite","@id":"https:\/\/now-news.de\/de\/#website","url":"https:\/\/now-news.de\/de\/","name":"just-now.NEWS Deutschland","description":"Das Portal f\u00fcr unzensierte Nachrichten aus der Welt","publisher":{"@id":"https:\/\/now-news.de\/de\/#organization"},"potentialAction":[{"@type":"SearchAction","target":{"@type":"EntryPoint","urlTemplate":"https:\/\/now-news.de\/de\/?s={search_term_string}"},"query-input":{"@type":"PropertyValueSpecification","valueRequired":true,"valueName":"search_term_string"}}],"inLanguage":"de"},{"@type":"Organization","@id":"https:\/\/now-news.de\/de\/#organization","name":"Just Now News","url":"https:\/\/now-news.de\/de\/","logo":{"@type":"ImageObject","inLanguage":"de","@id":"https:\/\/now-news.de\/de\/#\/schema\/logo\/image\/","url":"http:\/\/just-now.news\/de\/wp-content\/uploads\/sites\/3\/2022\/04\/logo500x500.jpg","contentUrl":"http:\/\/just-now.news\/de\/wp-content\/uploads\/sites\/3\/2022\/04\/logo500x500.jpg","width":500,"height":500,"caption":"Just Now News"},"image":{"@id":"https:\/\/now-news.de\/de\/#\/schema\/logo\/image\/"},"sameAs":["https:\/\/www.facebook.com\/wirmachenauf","https:\/\/x.com\/WirMachenAuf_de"]},{"@type":"Person","@id":"https:\/\/now-news.de\/de\/#\/schema\/person\/fb534a4e865501d8b3285208df34a9b5","name":"rtnews","image":{"@type":"ImageObject","inLanguage":"de","@id":"https:\/\/secure.gravatar.com\/avatar\/358fe31b3ab5769fea05376e1953329834cd9912cf9daf607e2af3076a1b982b?s=96&d=mm&r=g","url":"https:\/\/secure.gravatar.com\/avatar\/358fe31b3ab5769fea05376e1953329834cd9912cf9daf607e2af3076a1b982b?s=96&d=mm&r=g","contentUrl":"https:\/\/secure.gravatar.com\/avatar\/358fe31b3ab5769fea05376e1953329834cd9912cf9daf607e2af3076a1b982b?s=96&d=mm&r=g","caption":"rtnews"},"url":"https:\/\/now-news.de\/de\/author\/rnews\/"}]}},"_links":{"self":[{"href":"https:\/\/now-news.de\/de\/wp-json\/wp\/v2\/posts\/110044","targetHints":{"allow":["GET"]}}],"collection":[{"href":"https:\/\/now-news.de\/de\/wp-json\/wp\/v2\/posts"}],"about":[{"href":"https:\/\/now-news.de\/de\/wp-json\/wp\/v2\/types\/post"}],"author":[{"embeddable":true,"href":"https:\/\/now-news.de\/de\/wp-json\/wp\/v2\/users\/3"}],"replies":[{"embeddable":true,"href":"https:\/\/now-news.de\/de\/wp-json\/wp\/v2\/comments?post=110044"}],"version-history":[{"count":0,"href":"https:\/\/now-news.de\/de\/wp-json\/wp\/v2\/posts\/110044\/revisions"}],"wp:featuredmedia":[{"embeddable":true,"href":"https:\/\/now-news.de\/de\/wp-json\/wp\/v2\/media\/110045"}],"wp:attachment":[{"href":"https:\/\/now-news.de\/de\/wp-json\/wp\/v2\/media?parent=110044"}],"wp:term":[{"taxonomy":"category","embeddable":true,"href":"https:\/\/now-news.de\/de\/wp-json\/wp\/v2\/categories?post=110044"},{"taxonomy":"post_tag","embeddable":true,"href":"https:\/\/now-news.de\/de\/wp-json\/wp\/v2\/tags?post=110044"}],"curies":[{"name":"wp","href":"https:\/\/api.w.org\/{rel}","templated":true}]}}