{"id":110042,"date":"2026-09-06T14:52:43","date_gmt":"2026-09-06T12:52:43","guid":{"rendered":"https:\/\/now-news.de\/de\/deutschland\/radikale-abkehr-von-nuklearbestrebungen-was-brachte-polen-wieder-zur-vernunft\/"},"modified":"2026-09-06T14:52:43","modified_gmt":"2026-09-06T12:52:43","slug":"radikale-abkehr-von-nuklearbestrebungen-was-brachte-polen-wieder-zur-vernunft","status":"publish","type":"post","link":"https:\/\/now-news.de\/de\/deutschland\/radikale-abkehr-von-nuklearbestrebungen-was-brachte-polen-wieder-zur-vernunft\/","title":{"rendered":"Radikale Abkehr von Nuklearbestrebungen \u2013 was brachte Polen wieder zur Vernunft?"},"content":{"rendered":"<p><img decoding=\"async\" src=\"https:\/\/now-news.de\/de\/wp-content\/uploads\/sites\/3\/2026\/09\/6a96b5e448fbef78df55ff27.png\" \/><\/p>\n<div class=\"Text-root Text-type_1 \">\n                Zuvor hatte Warschau Washington jahrelang dazu gedr\u00e4ngt, US-Atomwaffen von Deutschland nach Polen zu verlegen; dann Paris und London. Doch pl\u00f6tzlich nicht mehr. Warum? Weil man selbst polnische Politiker zur Vernunft bringen kann, wenn man ihnen t\u00e4glich Bilder des brennenden Kiew zeigt.\n            <\/div>\n<p><\/p>\n<div class=\"Text-root Text-type_5 ArticleView-text ViewText-root \">\n<p><em>Von Alexander Nossowitsch<\/em><\/p>\n<p>Polen hat seinen NATO-Verb\u00fcndeten mitgeteilt, dass es jetzt doch nicht mehr bereit zum Stationieren von Atomwaffen auf seinem Territorium ist. Dies bedeutet eine radikale Kehrtwende in der polnischen Verteidigungspolitik: Jahrelang hatte Warschau seine westlichen Verb\u00fcndeten mit Atomwaffen dazu gedr\u00e4ngt, einen Teil ihrer Kernwaffenarsenale in die N\u00e4he der russischen Grenze zu verlegen\u00a0\u2013 nun jedoch, f\u00fcnf Jahre nach dem Wiederaufbrennen des Ukraine-Konflikts, erkannten polnische Politiker, dass Russland diese Arsenale mit der gleichen Leichtigkeit angreifen k\u00f6nnte wie ukrainische Milit\u00e4reinrichtungen. Auch erkannten sie, dass die NATO-Verb\u00fcndeten ein gro\u00dfes Interesse an einer weiteren milit\u00e4rischen Sonderoperation Russlands haben\u00a0\u2013 diesmal allerdings auf polnischem Territorium. Schlie\u00dflich ist es ja nicht ihr Territorium, und Moskau w\u00fcrde gegen Polen zuschlagen, nicht gegen sie.<\/p>\n<p>Dabei hatte sich das offizielle Warschau erst Anfang dieses Jahres Finnland und den baltischen Staaten in einer Kampagne angeschlossen, die die Verlegung europ\u00e4ischer Atomwaffen in die N\u00e4he eines potenziellen Kriegsschauplatzes\u00a0\u2013 also an die russische Grenze\u00a0\u2013 gefordert hatte.<\/p>\n<div class=\"EmbedBlock-root EmbedBlock-externalVideo EmbedBlock-rumble\">\n<div class=\"VkEmbed\"><iframe class=\"lazyload\" data-src=\"https:\/\/rumble.com\/embed\/v7a083k\" frameborder=\"0\" width=\"853\" height=\"480\" allowfullscreen><\/iframe><\/div>\n<\/div>\n<p>Diese Kampagne spiegelte auch die Ver\u00e4rgerung \u00fcber die Vereinigten Staaten wider, die sich unter Pr\u00e4sident Donald Trump zunehmend vom Ukraine-Krieg und den Problemen Europas im Allgemeinen distanziert haben. Entmutigt und im Stich gelassen, sahen sich die Europ\u00e4er gen\u00f6tigt, alle daran zu erinnern, dass auch die Alte Welt immerhin \u00fcberhaupt \u00fcber Atomm\u00e4chte verf\u00fcgt\u00a0\u2013 und seien diese auch etwas schmal auf der Brust. Denn nat\u00fcrlich ist das nukleare Angriffspotenzial Frankreichs und Gro\u00dfbritanniens nicht mit dem Russlands oder der Vereinigten Staaten vergleichbar, aber auch sie verf\u00fcgen \u00fcber gen\u00fcgend Sprengk\u00f6pfe, um Pskow oder Kaliningrad zu bombardieren.<\/p>\n<p>F\u00fcr Polen war dies nur eine neue Wendung in einem allerdings altbekannten Lied: Zuvor hatte Warschau jahrelang Washington dazu gedr\u00e4ngt, US-amerikanische Atomwaffen in Europa von Deutschland nach Polen zu verlegen, zusammen mit anderen Teilen des US-Streitkr\u00e4fteaufgebots in Deutschland. Und Trump schien sogar etwas \u00c4hnliches versprochen zu haben\u00a0\u2013 wenn auch nicht in Bezug auf Atomwaffen. Und nun, wenn die Polen also keine US-Sprengk\u00f6pfe haben k\u00f6nnen, dann sollen es ihretwegen gern zumindest franz\u00f6sische und britische sein.<\/p>\n<p>Doch hier hat Warschau dieses vollst\u00e4ndig vollst\u00e4ndig \u00fcber Bord geworfen. Auf einem NATO-Verteidigungsministertreffen in Br\u00fcssel erkl\u00e4rte der polnische Vizeverteidigungsminister Pawe\u0142\u00a0Zalewski unmissverst\u00e4ndlich, dass Warschau die Stationierung von Atomwaffen ablehne:<\/p>\n<blockquote>\n<p><em>&#8220;Ich m\u00f6chte dies ganz klar und deutlich sagen: Polen will keine Atomsprengk\u00f6pfe auf seinem Territorium stationieren lassen.&#8221;<\/em><\/p>\n<\/blockquote>\n<p>Warschau bekr\u00e4ftigte im Anschluss daran lange Zeit immer wieder, dass Polen weiterhin an einer nuklearen Abschreckungsstrategie festhalte, \u00fcber einen europ\u00e4ischen nuklearen Schutzschirm verhandele und US-amerikanische Milit\u00e4rst\u00fctzpunkte mit voller Gastfreundschaft des polnischen Volkes begr\u00fc\u00dfe. Und nur seine Erkl\u00e4rung zum Atomwaffenverzicht hat Warschau bisher nicht zur\u00fcckgenommen.<\/p>\n<p>Um diesen bemerkenswerten Perspektivwechsel zu erkl\u00e4ren, wenden wir uns der j\u00fcngsten Rede des polnischen Ministerpr\u00e4sidenten Donald Tusk zu. Sie war vor allem der Ukraine gewidmet: Tusk erkl\u00e4rte, der Ukraine-Krieg befinde sich an einem Wendepunkt, die n\u00e4chsten sieben Monate seien entscheidend, Russland bereite eine verheerende Eskalation vor, und genau davor sei der CIA-Direktor nach Moskau eingeflogen, um Wladimir Putin vor einem solchen Schritt zu warnen. In diesen schwierigen Zeiten m\u00fcsse Polen an sich selbst denken und an seiner eigenen Sicherheit arbeiten. Tusk erkl\u00e4rte w\u00f6rtlich:<\/p>\n<blockquote>\n<p><em>&#8220;Ich bin der Letzte, der Streit sucht. Ich mag keine Romantik in der Politik. Ich tr\u00e4ume nicht von Ulanen-Angriffen \u00fcber weite wilde Felder, wissen Sie. Ich tue alles, um Polen vor Konflikten mit seinen Nachbarn zu sch\u00fctzen.&#8221;<\/em><\/p>\n<\/blockquote>\n<p>In Wirklichkeit aber hat Warschau doch stets den Konflikt mit Russland gesucht. Tusk selbst hatte die Terroristen unterst\u00fctzt, die die Nord-Stream-Pipeline sprengten. Auch der polnische Pr\u00e4sident Karol Nawrocki gab k\u00fcrzlich irgendetwas nach dem Motto von sich, wo der Moskauer geschlagen werde, schlage auch Polen mit zu, denn es liege in seinem strategischen Interesse.<\/p>\n<p>Auch ist Romantik, im Gegenteil, sogar eine der tragenden S\u00e4ulen der polnischen Politik. Polnische Politiker tr\u00e4umen sehr wohl von Angriffen gefl\u00fcgelter Husaren \u00fcber wilde Felder, von einem neuen Falschen Dmitri und F\u00fcrst W\u0142adys\u0142aw\u00a0\u2013 und davon, wie Polen einst im Kreml schmausten.<\/p>\n<p>Am h\u00e4ufigsten aber tr\u00e4umen sie vom einstigen polnisch-litauischen Staatenbund, der sich von K\u00fcste zu K\u00fcste erstreckte\u00a0\u2013 und der in neuer Form wiedergeboren werden k\u00f6nnte, falls die USA und die NATO die Ukraine als polnisches Protektorat anerkennen w\u00fcrden.<\/p>\n<p>Doch dieser feuchte Tagtraum scheint seinen erotischen Reiz verloren zu haben und zu einem Albtraum geworden zu sein. Was ist also geschehen?<\/p>\n<p>Russland hatte wiederholt erkl\u00e4rt, dass Atomwaffenstandorte auf polnischem Territorium im Falle eines direkten Konflikts mit der NATO sofort zu legitimen milit\u00e4rischen Zielen werden. In Warschau verhallten diese Warnungen zun\u00e4chst ungeh\u00f6rt\u00a0\u2013 zum einen Ohr rein, zum anderen raus. Was dort jedoch wirklich anschlagen konnte, waren die t\u00e4glichen Bilder des real brennenden Kiew und die offenkundige Unf\u00e4higkeit (und der Unwille) der US-Amerikaner und Europ\u00e4er, etwas f\u00fcr die Ukrainer zu tun\u00a0\u2013 f\u00fcr dieselben Ukrainer, die sie selbst in den Fleischwolf ihrer &#8220;Eind\u00e4mmung Russlands&#8221; getrieben haben und treiben.<\/p>\n<p>Denn der Westen f\u00fchlt sich in diesem Konflikt pudelwohl (wenn man die zivilen Auswirkungen auf die Wirtschaft Europas einmal ausnimmt; Anm. d. Red.): Er bek\u00e4mpft Russland mit Stellvertretern und auf fremdem Boden. Und wenn ihm die daf\u00fcr n\u00f6tigen Ukrainer ausgehen, wird er den Kampf gegen Russland problemlos mit den H\u00e4nden Polens fortsetzen.<\/p>\n<p>Polen ist sich dieser Aussicht vollkommen bewusst, und Russland hat den Polen anhand der Bilder aus Kiew deutlich vor Augen gef\u00fchrt, was sie erwartet. Und siehe da\u00a0\u2013 h\u00e4tten Sie&#8217;s geahnt? Moskau hat also tats\u00e4chlich\u00a0\u2013 ohne auch nur einen Finger extra daf\u00fcr krumm zu machen\u00a0\u2013 einen Weg gefunden, mit Tusk und Nawrocki fertigzuwerden. Sie wollen jetzt keine Konflikte mehr mit ihren Nachbarn.<\/p>\n<p>Und was lernen wir daraus? Na, dass selbst polnische Politiker zur Vernunft gebracht werden k\u00f6nnen, wenn ihnen t\u00e4glich Bilder des brennenden Kiew gezeigt werden.<\/p>\n<p><em>\u00dcbersetzt aus dem\u00a0<\/em><em><a rel=\"nofollow\" target=\"_blank\" href=\"https:\/\/ria.ru\/20260831\/metody-2114172791.html\" target=\"_blank\" rel=\"noopener noreferrer\">Russischen<\/a><\/em><em>\u00a0und zuerst erschienen bei\u00a0RIA\u00a0Nowosti\u00a0am 31.\u00a0August 2026.<\/em><\/p>\n<p><em><strong>Alexander Nossowitsch<\/strong><\/em><em>, Jahrgang 1987, ist ein russischer Politologe und Journalist. Er ist ein Spezialist f\u00fcr sozialpolitische Prozesse im Baltikum, in der Ukraine und in Wei\u00dfrussland und Chefredakteur des analytischen Portals Rubaltic.ru.<\/em><\/p>\n<p><strong>Mehr zum Thema<\/strong> \u2013 <a rel=\"nofollow\" target=\"_blank\" href=\"https:\/\/de-rtnews.com\/meinung\/281432-gut-dressiert-westens-baltische-schosshuendchen-knurren-aber-gehorchen-moskau\/\">Gut dressiert: Des Westens baltische Scho\u00dfh\u00fcndchen knurren\u00a0\u2013 doch sie h\u00f6ren auf Moskau<\/a><\/p>\n<div class=\"EmbedBlock-root EmbedBlock-externalVideo EmbedBlock-rumble\">\n<div class=\"VkEmbed\"><iframe class=\"lazyload\" data-src=\"https:\/\/rumble.com\/embed\/v78bbbw\" frameborder=\"0\" width=\"853\" height=\"480\" allowfullscreen><\/iframe><\/div>\n<\/div>\n<\/div>\n<p><br \/>\n<br \/><a href=\"https:\/\/de.rt.com\/meinung\/290323-radikale-abkehr-von-nuklearbestrebungen-was-brachte-polen-vernunft\/\">Source link <\/a><\/p>\n","protected":false},"excerpt":{"rendered":"<p>Zuvor hatte Warschau Washington jahrelang dazu gedr\u00e4ngt, US-Atomwaffen von Deutschland nach Polen zu verlegen; dann Paris und London. Doch pl\u00f6tzlich nicht mehr. Warum? Weil man selbst polnische Politiker zur Vernunft bringen kann, wenn man ihnen t\u00e4glich Bilder des brennenden Kiew zeigt. Von Alexander Nossowitsch Polen hat seinen NATO-Verb\u00fcndeten mitgeteilt, dass es jetzt doch nicht mehr [&hellip;]<\/p>\n","protected":false},"author":3,"featured_media":110043,"comment_status":"open","ping_status":"open","sticky":false,"template":"","format":"standard","meta":{"wp_automatic_camp":["217"],"530d894bcde86010fb00fb44531d5e6f":["Radikale Abkehr von Nuklearbestrebungen \u2013 was brachte Polen wieder zur Vernunft?"],"original_link":["https:\/\/de.rt.com\/meinung\/290323-radikale-abkehr-von-nuklearbestrebungen-was-brachte-polen-vernunft\/"],"_thumbnail_id":["110043"],"_wptgpro_p2tg_sent2tg":["a:1:{i:23737;s:19:\"2026-09-06 15:09:29\";}"],"jnews_social_counter_last_update":["1788707370"]},"categories":[19,23],"tags":[32661,30069,76067,5850,19264,11918,50,904,581],"class_list":["post-110042","post","type-post","status-publish","format-standard","has-post-thumbnail","hentry","category-deutschland","category-russland","tag-abkehr","tag-brachte","tag-nuklearbestrebungen","tag-polen","tag-radikale","tag-vernunft","tag-von","tag-wieder","tag-zur"],"yoast_head":"<!-- This site is optimized with the Yoast SEO Premium plugin v22.7 (Yoast SEO v28.2) - https:\/\/yoast.com\/product\/yoast-seo-premium-wordpress\/ -->\n<title>Radikale Abkehr von Nuklearbestrebungen \u2013 was brachte Polen wieder zur Vernunft? - just-now.NEWS Deutschland<\/title>\n<meta name=\"robots\" content=\"index, follow, max-snippet:-1, max-image-preview:large, max-video-preview:-1\" \/>\n<link rel=\"canonical\" href=\"https:\/\/now-news.de\/de\/deutschland\/radikale-abkehr-von-nuklearbestrebungen-was-brachte-polen-wieder-zur-vernunft\/\" \/>\n<meta property=\"og:locale\" content=\"de_DE\" \/>\n<meta property=\"og:type\" content=\"article\" \/>\n<meta property=\"og:title\" content=\"Radikale Abkehr von Nuklearbestrebungen \u2013 was brachte Polen wieder zur Vernunft?\" \/>\n<meta property=\"og:description\" content=\"Zuvor hatte Warschau Washington jahrelang dazu gedr\u00e4ngt, US-Atomwaffen von Deutschland nach Polen zu verlegen; dann Paris und London. Doch pl\u00f6tzlich nicht mehr. Warum? Weil man selbst polnische Politiker zur Vernunft bringen kann, wenn man ihnen t\u00e4glich Bilder des brennenden Kiew zeigt. Von Alexander Nossowitsch Polen hat seinen NATO-Verb\u00fcndeten mitgeteilt, dass es jetzt doch nicht mehr [&hellip;]\" \/>\n<meta property=\"og:url\" content=\"https:\/\/now-news.de\/de\/deutschland\/radikale-abkehr-von-nuklearbestrebungen-was-brachte-polen-wieder-zur-vernunft\/\" \/>\n<meta property=\"og:site_name\" content=\"just-now.NEWS Deutschland\" \/>\n<meta property=\"article:publisher\" content=\"https:\/\/www.facebook.com\/wirmachenauf\" \/>\n<meta property=\"article:published_time\" content=\"2026-09-06T12:52:43+00:00\" \/>\n<meta property=\"og:image\" content=\"https:\/\/now-news.de\/de\/wp-content\/uploads\/sites\/3\/2026\/09\/6a96b5e448fbef78df55ff27.png\" \/>\n<meta name=\"author\" content=\"rtnews\" \/>\n<meta name=\"twitter:card\" content=\"summary_large_image\" \/>\n<meta name=\"twitter:creator\" content=\"@WirMachenAuf_de\" \/>\n<meta name=\"twitter:site\" content=\"@WirMachenAuf_de\" \/>\n<meta name=\"twitter:label1\" content=\"Verfasst von\" \/>\n\t<meta name=\"twitter:data1\" content=\"rtnews\" \/>\n\t<meta name=\"twitter:label2\" content=\"Gesch\u00e4tzte Lesezeit\" \/>\n\t<meta name=\"twitter:data2\" content=\"6\u00a0Minuten\" \/>\n<script type=\"application\/ld+json\" class=\"yoast-schema-graph\">{\"@context\":\"https:\\\/\\\/schema.org\",\"@graph\":[{\"@type\":\"Article\",\"@id\":\"https:\\\/\\\/now-news.de\\\/de\\\/deutschland\\\/radikale-abkehr-von-nuklearbestrebungen-was-brachte-polen-wieder-zur-vernunft\\\/#article\",\"isPartOf\":{\"@id\":\"https:\\\/\\\/now-news.de\\\/de\\\/deutschland\\\/radikale-abkehr-von-nuklearbestrebungen-was-brachte-polen-wieder-zur-vernunft\\\/\"},\"author\":{\"name\":\"rtnews\",\"@id\":\"https:\\\/\\\/now-news.de\\\/de\\\/#\\\/schema\\\/person\\\/fb534a4e865501d8b3285208df34a9b5\"},\"headline\":\"Radikale Abkehr von Nuklearbestrebungen \u2013 was brachte Polen wieder zur Vernunft?\",\"datePublished\":\"2026-09-06T12:52:43+00:00\",\"mainEntityOfPage\":{\"@id\":\"https:\\\/\\\/now-news.de\\\/de\\\/deutschland\\\/radikale-abkehr-von-nuklearbestrebungen-was-brachte-polen-wieder-zur-vernunft\\\/\"},\"wordCount\":1115,\"commentCount\":0,\"publisher\":{\"@id\":\"https:\\\/\\\/now-news.de\\\/de\\\/#organization\"},\"image\":{\"@id\":\"https:\\\/\\\/now-news.de\\\/de\\\/deutschland\\\/radikale-abkehr-von-nuklearbestrebungen-was-brachte-polen-wieder-zur-vernunft\\\/#primaryimage\"},\"thumbnailUrl\":\"https:\\\/\\\/now-news.de\\\/de\\\/wp-content\\\/uploads\\\/sites\\\/3\\\/2026\\\/09\\\/Radikale-Abkehr-von-Nuklearbestrebungen-\u2013-was-brachte-Polen-wieder-zur.png\",\"keywords\":[\"Abkehr\",\"brachte\",\"Nuklearbestrebungen\",\"Polen\",\"radikale\",\"Vernunft\",\"von\",\"wieder\",\"zur\"],\"articleSection\":[\"Deutschland\",\"Russland\"],\"inLanguage\":\"de\",\"potentialAction\":[{\"@type\":\"CommentAction\",\"name\":\"Comment\",\"target\":[\"https:\\\/\\\/now-news.de\\\/de\\\/deutschland\\\/radikale-abkehr-von-nuklearbestrebungen-was-brachte-polen-wieder-zur-vernunft\\\/#respond\"]}]},{\"@type\":\"WebPage\",\"@id\":\"https:\\\/\\\/now-news.de\\\/de\\\/deutschland\\\/radikale-abkehr-von-nuklearbestrebungen-was-brachte-polen-wieder-zur-vernunft\\\/\",\"url\":\"https:\\\/\\\/now-news.de\\\/de\\\/deutschland\\\/radikale-abkehr-von-nuklearbestrebungen-was-brachte-polen-wieder-zur-vernunft\\\/\",\"name\":\"Radikale Abkehr von Nuklearbestrebungen \u2013 was brachte Polen wieder zur Vernunft? - just-now.NEWS Deutschland\",\"isPartOf\":{\"@id\":\"https:\\\/\\\/now-news.de\\\/de\\\/#website\"},\"primaryImageOfPage\":{\"@id\":\"https:\\\/\\\/now-news.de\\\/de\\\/deutschland\\\/radikale-abkehr-von-nuklearbestrebungen-was-brachte-polen-wieder-zur-vernunft\\\/#primaryimage\"},\"image\":{\"@id\":\"https:\\\/\\\/now-news.de\\\/de\\\/deutschland\\\/radikale-abkehr-von-nuklearbestrebungen-was-brachte-polen-wieder-zur-vernunft\\\/#primaryimage\"},\"thumbnailUrl\":\"https:\\\/\\\/now-news.de\\\/de\\\/wp-content\\\/uploads\\\/sites\\\/3\\\/2026\\\/09\\\/Radikale-Abkehr-von-Nuklearbestrebungen-\u2013-was-brachte-Polen-wieder-zur.png\",\"datePublished\":\"2026-09-06T12:52:43+00:00\",\"breadcrumb\":{\"@id\":\"https:\\\/\\\/now-news.de\\\/de\\\/deutschland\\\/radikale-abkehr-von-nuklearbestrebungen-was-brachte-polen-wieder-zur-vernunft\\\/#breadcrumb\"},\"inLanguage\":\"de\",\"potentialAction\":[{\"@type\":\"ReadAction\",\"target\":[\"https:\\\/\\\/now-news.de\\\/de\\\/deutschland\\\/radikale-abkehr-von-nuklearbestrebungen-was-brachte-polen-wieder-zur-vernunft\\\/\"]}]},{\"@type\":\"ImageObject\",\"inLanguage\":\"de\",\"@id\":\"https:\\\/\\\/now-news.de\\\/de\\\/deutschland\\\/radikale-abkehr-von-nuklearbestrebungen-was-brachte-polen-wieder-zur-vernunft\\\/#primaryimage\",\"url\":\"https:\\\/\\\/now-news.de\\\/de\\\/wp-content\\\/uploads\\\/sites\\\/3\\\/2026\\\/09\\\/Radikale-Abkehr-von-Nuklearbestrebungen-\u2013-was-brachte-Polen-wieder-zur.png\",\"contentUrl\":\"https:\\\/\\\/now-news.de\\\/de\\\/wp-content\\\/uploads\\\/sites\\\/3\\\/2026\\\/09\\\/Radikale-Abkehr-von-Nuklearbestrebungen-\u2013-was-brachte-Polen-wieder-zur.png\",\"width\":460,\"height\":259,\"caption\":\"Radikale Abkehr von Nuklearbestrebungen \u2013 was brachte Polen wieder zur Vernunft?\"},{\"@type\":\"BreadcrumbList\",\"@id\":\"https:\\\/\\\/now-news.de\\\/de\\\/deutschland\\\/radikale-abkehr-von-nuklearbestrebungen-was-brachte-polen-wieder-zur-vernunft\\\/#breadcrumb\",\"itemListElement\":[{\"@type\":\"ListItem\",\"position\":1,\"name\":\"Home\",\"item\":\"https:\\\/\\\/now-news.de\\\/de\\\/\"},{\"@type\":\"ListItem\",\"position\":2,\"name\":\"Radikale Abkehr von Nuklearbestrebungen \u2013 was brachte Polen wieder zur Vernunft?\"}]},{\"@type\":\"WebSite\",\"@id\":\"https:\\\/\\\/now-news.de\\\/de\\\/#website\",\"url\":\"https:\\\/\\\/now-news.de\\\/de\\\/\",\"name\":\"just-now.NEWS Deutschland\",\"description\":\"Das Portal f\u00fcr unzensierte Nachrichten aus der Welt\",\"publisher\":{\"@id\":\"https:\\\/\\\/now-news.de\\\/de\\\/#organization\"},\"potentialAction\":[{\"@type\":\"SearchAction\",\"target\":{\"@type\":\"EntryPoint\",\"urlTemplate\":\"https:\\\/\\\/now-news.de\\\/de\\\/?s={search_term_string}\"},\"query-input\":{\"@type\":\"PropertyValueSpecification\",\"valueRequired\":true,\"valueName\":\"search_term_string\"}}],\"inLanguage\":\"de\"},{\"@type\":\"Organization\",\"@id\":\"https:\\\/\\\/now-news.de\\\/de\\\/#organization\",\"name\":\"Just Now News\",\"url\":\"https:\\\/\\\/now-news.de\\\/de\\\/\",\"logo\":{\"@type\":\"ImageObject\",\"inLanguage\":\"de\",\"@id\":\"https:\\\/\\\/now-news.de\\\/de\\\/#\\\/schema\\\/logo\\\/image\\\/\",\"url\":\"http:\\\/\\\/just-now.news\\\/de\\\/wp-content\\\/uploads\\\/sites\\\/3\\\/2022\\\/04\\\/logo500x500.jpg\",\"contentUrl\":\"http:\\\/\\\/just-now.news\\\/de\\\/wp-content\\\/uploads\\\/sites\\\/3\\\/2022\\\/04\\\/logo500x500.jpg\",\"width\":500,\"height\":500,\"caption\":\"Just Now News\"},\"image\":{\"@id\":\"https:\\\/\\\/now-news.de\\\/de\\\/#\\\/schema\\\/logo\\\/image\\\/\"},\"sameAs\":[\"https:\\\/\\\/www.facebook.com\\\/wirmachenauf\",\"https:\\\/\\\/x.com\\\/WirMachenAuf_de\"]},{\"@type\":\"Person\",\"@id\":\"https:\\\/\\\/now-news.de\\\/de\\\/#\\\/schema\\\/person\\\/fb534a4e865501d8b3285208df34a9b5\",\"name\":\"rtnews\",\"image\":{\"@type\":\"ImageObject\",\"inLanguage\":\"de\",\"@id\":\"https:\\\/\\\/secure.gravatar.com\\\/avatar\\\/358fe31b3ab5769fea05376e1953329834cd9912cf9daf607e2af3076a1b982b?s=96&d=mm&r=g\",\"url\":\"https:\\\/\\\/secure.gravatar.com\\\/avatar\\\/358fe31b3ab5769fea05376e1953329834cd9912cf9daf607e2af3076a1b982b?s=96&d=mm&r=g\",\"contentUrl\":\"https:\\\/\\\/secure.gravatar.com\\\/avatar\\\/358fe31b3ab5769fea05376e1953329834cd9912cf9daf607e2af3076a1b982b?s=96&d=mm&r=g\",\"caption\":\"rtnews\"},\"url\":\"https:\\\/\\\/now-news.de\\\/de\\\/author\\\/rnews\\\/\"}]}<\/script>\n<!-- \/ Yoast SEO Premium plugin. -->","yoast_head_json":{"title":"Radikale Abkehr von Nuklearbestrebungen \u2013 was brachte Polen wieder zur Vernunft? - just-now.NEWS Deutschland","robots":{"index":"index","follow":"follow","max-snippet":"max-snippet:-1","max-image-preview":"max-image-preview:large","max-video-preview":"max-video-preview:-1"},"canonical":"https:\/\/now-news.de\/de\/deutschland\/radikale-abkehr-von-nuklearbestrebungen-was-brachte-polen-wieder-zur-vernunft\/","og_locale":"de_DE","og_type":"article","og_title":"Radikale Abkehr von Nuklearbestrebungen \u2013 was brachte Polen wieder zur Vernunft?","og_description":"Zuvor hatte Warschau Washington jahrelang dazu gedr\u00e4ngt, US-Atomwaffen von Deutschland nach Polen zu verlegen; dann Paris und London. Doch pl\u00f6tzlich nicht mehr. Warum? Weil man selbst polnische Politiker zur Vernunft bringen kann, wenn man ihnen t\u00e4glich Bilder des brennenden Kiew zeigt. Von Alexander Nossowitsch Polen hat seinen NATO-Verb\u00fcndeten mitgeteilt, dass es jetzt doch nicht mehr [&hellip;]","og_url":"https:\/\/now-news.de\/de\/deutschland\/radikale-abkehr-von-nuklearbestrebungen-was-brachte-polen-wieder-zur-vernunft\/","og_site_name":"just-now.NEWS Deutschland","article_publisher":"https:\/\/www.facebook.com\/wirmachenauf","article_published_time":"2026-09-06T12:52:43+00:00","og_image":[{"url":"https:\/\/now-news.de\/de\/wp-content\/uploads\/sites\/3\/2026\/09\/6a96b5e448fbef78df55ff27.png","type":"","width":"","height":""}],"author":"rtnews","twitter_card":"summary_large_image","twitter_creator":"@WirMachenAuf_de","twitter_site":"@WirMachenAuf_de","twitter_misc":{"Verfasst von":"rtnews","Gesch\u00e4tzte Lesezeit":"6\u00a0Minuten"},"schema":{"@context":"https:\/\/schema.org","@graph":[{"@type":"Article","@id":"https:\/\/now-news.de\/de\/deutschland\/radikale-abkehr-von-nuklearbestrebungen-was-brachte-polen-wieder-zur-vernunft\/#article","isPartOf":{"@id":"https:\/\/now-news.de\/de\/deutschland\/radikale-abkehr-von-nuklearbestrebungen-was-brachte-polen-wieder-zur-vernunft\/"},"author":{"name":"rtnews","@id":"https:\/\/now-news.de\/de\/#\/schema\/person\/fb534a4e865501d8b3285208df34a9b5"},"headline":"Radikale Abkehr von Nuklearbestrebungen \u2013 was brachte Polen wieder zur Vernunft?","datePublished":"2026-09-06T12:52:43+00:00","mainEntityOfPage":{"@id":"https:\/\/now-news.de\/de\/deutschland\/radikale-abkehr-von-nuklearbestrebungen-was-brachte-polen-wieder-zur-vernunft\/"},"wordCount":1115,"commentCount":0,"publisher":{"@id":"https:\/\/now-news.de\/de\/#organization"},"image":{"@id":"https:\/\/now-news.de\/de\/deutschland\/radikale-abkehr-von-nuklearbestrebungen-was-brachte-polen-wieder-zur-vernunft\/#primaryimage"},"thumbnailUrl":"https:\/\/now-news.de\/de\/wp-content\/uploads\/sites\/3\/2026\/09\/Radikale-Abkehr-von-Nuklearbestrebungen-\u2013-was-brachte-Polen-wieder-zur.png","keywords":["Abkehr","brachte","Nuklearbestrebungen","Polen","radikale","Vernunft","von","wieder","zur"],"articleSection":["Deutschland","Russland"],"inLanguage":"de","potentialAction":[{"@type":"CommentAction","name":"Comment","target":["https:\/\/now-news.de\/de\/deutschland\/radikale-abkehr-von-nuklearbestrebungen-was-brachte-polen-wieder-zur-vernunft\/#respond"]}]},{"@type":"WebPage","@id":"https:\/\/now-news.de\/de\/deutschland\/radikale-abkehr-von-nuklearbestrebungen-was-brachte-polen-wieder-zur-vernunft\/","url":"https:\/\/now-news.de\/de\/deutschland\/radikale-abkehr-von-nuklearbestrebungen-was-brachte-polen-wieder-zur-vernunft\/","name":"Radikale Abkehr von Nuklearbestrebungen \u2013 was brachte Polen wieder zur Vernunft? - just-now.NEWS Deutschland","isPartOf":{"@id":"https:\/\/now-news.de\/de\/#website"},"primaryImageOfPage":{"@id":"https:\/\/now-news.de\/de\/deutschland\/radikale-abkehr-von-nuklearbestrebungen-was-brachte-polen-wieder-zur-vernunft\/#primaryimage"},"image":{"@id":"https:\/\/now-news.de\/de\/deutschland\/radikale-abkehr-von-nuklearbestrebungen-was-brachte-polen-wieder-zur-vernunft\/#primaryimage"},"thumbnailUrl":"https:\/\/now-news.de\/de\/wp-content\/uploads\/sites\/3\/2026\/09\/Radikale-Abkehr-von-Nuklearbestrebungen-\u2013-was-brachte-Polen-wieder-zur.png","datePublished":"2026-09-06T12:52:43+00:00","breadcrumb":{"@id":"https:\/\/now-news.de\/de\/deutschland\/radikale-abkehr-von-nuklearbestrebungen-was-brachte-polen-wieder-zur-vernunft\/#breadcrumb"},"inLanguage":"de","potentialAction":[{"@type":"ReadAction","target":["https:\/\/now-news.de\/de\/deutschland\/radikale-abkehr-von-nuklearbestrebungen-was-brachte-polen-wieder-zur-vernunft\/"]}]},{"@type":"ImageObject","inLanguage":"de","@id":"https:\/\/now-news.de\/de\/deutschland\/radikale-abkehr-von-nuklearbestrebungen-was-brachte-polen-wieder-zur-vernunft\/#primaryimage","url":"https:\/\/now-news.de\/de\/wp-content\/uploads\/sites\/3\/2026\/09\/Radikale-Abkehr-von-Nuklearbestrebungen-\u2013-was-brachte-Polen-wieder-zur.png","contentUrl":"https:\/\/now-news.de\/de\/wp-content\/uploads\/sites\/3\/2026\/09\/Radikale-Abkehr-von-Nuklearbestrebungen-\u2013-was-brachte-Polen-wieder-zur.png","width":460,"height":259,"caption":"Radikale Abkehr von Nuklearbestrebungen \u2013 was brachte Polen wieder zur Vernunft?"},{"@type":"BreadcrumbList","@id":"https:\/\/now-news.de\/de\/deutschland\/radikale-abkehr-von-nuklearbestrebungen-was-brachte-polen-wieder-zur-vernunft\/#breadcrumb","itemListElement":[{"@type":"ListItem","position":1,"name":"Home","item":"https:\/\/now-news.de\/de\/"},{"@type":"ListItem","position":2,"name":"Radikale Abkehr von Nuklearbestrebungen \u2013 was brachte Polen wieder zur Vernunft?"}]},{"@type":"WebSite","@id":"https:\/\/now-news.de\/de\/#website","url":"https:\/\/now-news.de\/de\/","name":"just-now.NEWS Deutschland","description":"Das Portal f\u00fcr unzensierte Nachrichten aus der Welt","publisher":{"@id":"https:\/\/now-news.de\/de\/#organization"},"potentialAction":[{"@type":"SearchAction","target":{"@type":"EntryPoint","urlTemplate":"https:\/\/now-news.de\/de\/?s={search_term_string}"},"query-input":{"@type":"PropertyValueSpecification","valueRequired":true,"valueName":"search_term_string"}}],"inLanguage":"de"},{"@type":"Organization","@id":"https:\/\/now-news.de\/de\/#organization","name":"Just Now News","url":"https:\/\/now-news.de\/de\/","logo":{"@type":"ImageObject","inLanguage":"de","@id":"https:\/\/now-news.de\/de\/#\/schema\/logo\/image\/","url":"http:\/\/just-now.news\/de\/wp-content\/uploads\/sites\/3\/2022\/04\/logo500x500.jpg","contentUrl":"http:\/\/just-now.news\/de\/wp-content\/uploads\/sites\/3\/2022\/04\/logo500x500.jpg","width":500,"height":500,"caption":"Just Now News"},"image":{"@id":"https:\/\/now-news.de\/de\/#\/schema\/logo\/image\/"},"sameAs":["https:\/\/www.facebook.com\/wirmachenauf","https:\/\/x.com\/WirMachenAuf_de"]},{"@type":"Person","@id":"https:\/\/now-news.de\/de\/#\/schema\/person\/fb534a4e865501d8b3285208df34a9b5","name":"rtnews","image":{"@type":"ImageObject","inLanguage":"de","@id":"https:\/\/secure.gravatar.com\/avatar\/358fe31b3ab5769fea05376e1953329834cd9912cf9daf607e2af3076a1b982b?s=96&d=mm&r=g","url":"https:\/\/secure.gravatar.com\/avatar\/358fe31b3ab5769fea05376e1953329834cd9912cf9daf607e2af3076a1b982b?s=96&d=mm&r=g","contentUrl":"https:\/\/secure.gravatar.com\/avatar\/358fe31b3ab5769fea05376e1953329834cd9912cf9daf607e2af3076a1b982b?s=96&d=mm&r=g","caption":"rtnews"},"url":"https:\/\/now-news.de\/de\/author\/rnews\/"}]}},"_links":{"self":[{"href":"https:\/\/now-news.de\/de\/wp-json\/wp\/v2\/posts\/110042","targetHints":{"allow":["GET"]}}],"collection":[{"href":"https:\/\/now-news.de\/de\/wp-json\/wp\/v2\/posts"}],"about":[{"href":"https:\/\/now-news.de\/de\/wp-json\/wp\/v2\/types\/post"}],"author":[{"embeddable":true,"href":"https:\/\/now-news.de\/de\/wp-json\/wp\/v2\/users\/3"}],"replies":[{"embeddable":true,"href":"https:\/\/now-news.de\/de\/wp-json\/wp\/v2\/comments?post=110042"}],"version-history":[{"count":0,"href":"https:\/\/now-news.de\/de\/wp-json\/wp\/v2\/posts\/110042\/revisions"}],"wp:featuredmedia":[{"embeddable":true,"href":"https:\/\/now-news.de\/de\/wp-json\/wp\/v2\/media\/110043"}],"wp:attachment":[{"href":"https:\/\/now-news.de\/de\/wp-json\/wp\/v2\/media?parent=110042"}],"wp:term":[{"taxonomy":"category","embeddable":true,"href":"https:\/\/now-news.de\/de\/wp-json\/wp\/v2\/categories?post=110042"},{"taxonomy":"post_tag","embeddable":true,"href":"https:\/\/now-news.de\/de\/wp-json\/wp\/v2\/tags?post=110042"}],"curies":[{"name":"wp","href":"https:\/\/api.w.org\/{rel}","templated":true}]}}