{"id":109994,"date":"2026-09-05T14:32:05","date_gmt":"2026-09-05T12:32:05","guid":{"rendered":"https:\/\/now-news.de\/de\/deutschland\/neutralitaetsinitiative-blocher-sagt-er-sei-der-gefaehrliche-mann-der-schweiz\/"},"modified":"2026-09-05T14:32:05","modified_gmt":"2026-09-05T12:32:05","slug":"neutralitaetsinitiative-blocher-sagt-er-sei-der-gefaehrliche-mann-der-schweiz","status":"publish","type":"post","link":"https:\/\/now-news.de\/de\/deutschland\/neutralitaetsinitiative-blocher-sagt-er-sei-der-gefaehrliche-mann-der-schweiz\/","title":{"rendered":"Neutralit\u00e4tsinitiative: Blocher sagt, er sei der &quot;gef\u00e4hrliche Mann&quot; der Schweiz"},"content":{"rendered":"<div class=\"Text-root Text-type_1 \">\n                Blocher und K\u00f6ppel mobilisieren f\u00fcr die Neutralit\u00e4t \u2013 und treffen damit einen Nerv. Im Z\u00fcrcher Marriott wird deutlich, dass es bei der Abstimmung vom 27. September f\u00fcr die Initianten um mehr geht als nur um ein Ja oder Nein.\n            <\/div>\n<p><\/p>\n<div class=\"Text-root Text-type_5 ArticleView-text ViewText-root \">\n<p><em>Von Hans-Ueli L\u00e4ppli<\/em><\/p>\n<p>Der Saal im Z\u00fcrcher Marriott war bis auf den letzten Platz gef\u00fcllt. So voll, dass selbst Fotografen und Journalisten etablierter Medien um die letzten Pl\u00e4tze am Fenster ringen mussten. Das Interesse an der Neutralit\u00e4tsinitiative ist offensichtlich gro\u00df \u2013 und Christoph Blocher genoss den Auftritt.<\/p>\n<figure class=\"RTImage-root\">\n<div class=\"RTImage-image RTImage-original\"><picture class=\"Picture-root Picture-original\"><!--[if IE 9]><video style=\"display: none;\"><![endif]--><source media=\"(-webkit-min-device-pixel-ratio: 2) and (min-resolution: 120dpi)\" data-srcset=\" \nhttps:\/\/now-news.de\/de\/wp-content\/uploads\/sites\/3\/2026\/09\/6a9bfac448fbef79891e2a38.png 850w,\n                https:\/\/now-news.de\/de\/wp-content\/uploads\/sites\/3\/2026\/09\/6a9bfac448fbef79891e2a38.png 1960w,            \" ><source data-srcset=\" \nhttps:\/\/now-news.de\/de\/wp-content\/uploads\/sites\/3\/2026\/09\/6a9bfac448fbef79891e2a38.png 460w,\n              https:\/\/now-news.de\/de\/wp-content\/uploads\/sites\/3\/2026\/09\/6a9bfac448fbef79891e2a38.png 980w,\n            \" ><!--[if IE 9]><\/video><![endif]--><img decoding=\"async\" data- src=\"data:image\/png;base64,iVBORw0KGgoAAAANSUhEUgAAABAAAAAJCAQAAACRI2S5AAAAEElEQVR42mNkIAAYRxWAAQAG9gAKqv6+AwAAAABJRU5ErkJggg==\" class=\"Picture-root Picture-original lazyload\" data-src=\"https:\/\/now-news.de\/de\/wp-content\/uploads\/sites\/3\/2026\/09\/6a9bfac448fbef79891e2a38.png\" alt=\"\"><\/source><\/source><\/picture><!-- noscript pattern --><noscript><img decoding=\"async\" src=\"https:\/\/now-news.de\/de\/wp-content\/uploads\/sites\/3\/2026\/09\/6a9bfac448fbef79891e2a38.png\" alt=\"\"><\/noscript><\/div><figcaption class=\"RTImage-footer\"><span class=\"RTImage-caption\"><span class=\"RTImage-captionItem\">Der Streit um die Schweizer Neutralit\u00e4t. Hans-Ueli L\u00e4ppli war vor Ort.<\/span><\/span><span class=\"RTImage-source\"><span class=\"RTImage-captionItem\">Hans-Ueli L\u00e4ppli<\/span><span class=\"RTImage-captionItem\"> \/ RT<\/span><\/span><\/figcaption><\/figure>\n<p>Der 85-j\u00e4hrige SVP-Doyen ging ohne lange Vorrede ans Rednerpult. Wie ein Schwinger, der sofort in den Ring steigt, legte Blocher los. Immer wieder erntete er Applaus und Lachen. An seiner Seite stand Roger K\u00f6ppel, der den Abend redaktionell und organisatorisch mitpr\u00e4gte.<\/p>\n<p>Blocher machte dabei deutlich, dass er den Abstimmungskampf nicht allein als Frage des 27. Septembers versteht. Selbst eine Niederlage, so der Tenor, w\u00fcrde zeigen, wie stark die Debatte \u00fcber die Schweizer Neutralit\u00e4t mobilisiert werden konnte. Die Initiative sei auch ein Versuch, die politische Schweiz wachzur\u00fctteln.<\/p>\n<p>Und Blocher w\u00e4re nicht Blocher, wenn er dabei nicht kr\u00e4ftig austeilen w\u00fcrde.<\/p>\n<p>Die Berner Politik, sagte er, befinde sich in einer &#8220;ewigen Pubert\u00e4t&#8221;. Zu oft werde versucht, sich auf der internationalen B\u00fchne wichtigzumachen, w\u00e4hrend gleichzeitig die eigene Rolle und die Grenzen der Schweizer Sicherheitspolitik aus dem Blick gerieten.<\/p>\n<p>Besonders deutlich wurde Blocher beim Thema Verteidigung. Wenn ein Verteidigungsminister erkl\u00e4re, die Schweiz k\u00f6nne nicht verteidigt werden, m\u00fcsse man sich fragen, ob er &#8220;am falschen Ort&#8221; sei. Im Marriott sorgte die Pointe f\u00fcr Gel\u00e4chter und kr\u00e4ftigen Applaus.<\/p>\n<p><strong>Blocher: Neutralit\u00e4t bedeutet nicht Gleichg\u00fcltigkeit<\/strong><\/p>\n<p>Gleichzeitig bem\u00fchte sich Blocher, einen Vorwurf zur\u00fcckzuweisen, der ihm im Abstimmungskampf immer wieder gemacht wird: Er w\u00fcrde Kriegshandlungen oder milit\u00e4rische Konflikte verharmlosen.<\/p>\n<p>Das Gegenteil sei der Fall. Blocher betonte, dass er durchaus Verst\u00e4ndnis f\u00fcr das ukrainische Volk habe und dessen Leid nicht relativiere. Gerade deshalb m\u00fcsse die Schweiz aber an ihrer Neutralit\u00e4t festhalten.<\/p>\n<p>Denn Neutralit\u00e4t, so seine Argumentation, bedeute nicht Gleichg\u00fcltigkeit gegen\u00fcber einem Krieg. Sie bedeute, dass die Schweiz nicht selbst zur Partei eines internationalen Konflikts werde.<\/p>\n<p>F\u00fcr Blocher liegt darin der Kern der Schweizer Russlandpolitik: Mit der \u00dcbernahme der EU-Sanktionen gegen Russland habe sich die Schweiz von ihrer traditionellen Neutralit\u00e4tspolitik entfernt. Die Neutralit\u00e4tsinitiative will deshalb die H\u00fcrden f\u00fcr solche Ma\u00dfnahmen deutlich erh\u00f6hen.<\/p>\n<p><strong>Und was w\u00e4re, wenn es Moskau w\u00e4re?<\/strong><\/p>\n<p>Besonders pointiert wurde Blocher bei einem Vergleich, der im Saal sofort verstanden wurde.<\/p>\n<p>Er verwies auf die Auszeichnung der damaligen Verteidigungsministerin Viola Amherd in Kiew und stellte die Frage, wie gro\u00df die Emp\u00f6rung in der Schweiz wohl w\u00e4re, wenn ein Schweizer Bundesrat einen Orden in Moskau erhalten h\u00e4tte.<\/p>\n<p>Der Gedanke ist politisch provokativ \u2013 aber genau darin liegt Blochers Strategie: Er will die Selbstverst\u00e4ndlichkeit aufbrechen, mit der in Bern manche au\u00dfenpolitischen Entscheidungen inzwischen akzeptiert werden.<\/p>\n<p>Warum gilt eine demonstrative N\u00e4he zu Kiew als selbstverst\u00e4ndlich, w\u00e4hrend dieselbe Geste gegen\u00fcber Moskau sofort als Skandal betrachtet w\u00fcrde?<\/p>\n<p>F\u00fcr Blocher ist das kein Argument f\u00fcr Russland. Es ist ein Argument f\u00fcr die Schweizer Eigenst\u00e4ndigkeit.<\/p>\n<p><strong>Der &#8220;gef\u00e4hrliche Mann&#8221;\u00a0<\/strong><\/p>\n<p>Blocher hat sich selbst einmal als &#8220;gef\u00e4hrlichen Mann&#8221; bezeichnet. Nicht, weil er \u00fcber Macht im klassischen Sinn verf\u00fcge, sondern weil er politische Gewissheiten infrage stelle.<\/p>\n<p>Genau das erkl\u00e4rt auch die anhaltend scharfe Kritik, die Blocher in weiten Teilen der Schweizer Medienlandschaft entgegenschl\u00e4gt. Er stellt zentrale Positionen des politischen Establishments infrage, widerspricht der Ann\u00e4herung an EU und NATO und fordert eine R\u00fcckkehr zu einer strikt verstandenen Neutralit\u00e4t. Damit bleibt er f\u00fcr viele Leitmedien eine unbequeme Figur. Blocher wiederum sieht gerade in dieser Kritik eine Best\u00e4tigung daf\u00fcr, dass seine politischen Positionen den etablierten Konsens herausfordern.<\/p>\n<p>Ob die Neutralit\u00e4tsinitiative am 27. September angenommen wird, ist die eine Frage. Die andere lautet, was vom Abstimmungskampf bleibt.<\/p>\n<p>Schon jetzt hat die Initiative eine Debatte ausgel\u00f6st, die in der Schweiz lange als entschieden galt. Sie zwingt den Bundesrat, das Parlament und die Medien dazu, \u00fcber die Bedeutung der Neutralit\u00e4t neu zu sprechen.\u00a0Und genau darin sieht Blocher offenbar bereits einen Erfolg.<\/p>\n<p>Der voll besetzte Saal im Z\u00fcrcher Marriott war daf\u00fcr ein sichtbares Signal. Das Interesse ist da. Die Anh\u00e4nger wollen nicht einfach zuschauen, wie sich die Schweiz Schritt f\u00fcr Schritt in die europ\u00e4ische und westliche Sicherheitspolitik einordnet.\u00a0Sie wollen eine andere Schweiz: eigenst\u00e4ndig, bewaffnet, selbstbewusst \u2013 und neutral.\u00a0<\/p>\n<p>Der Abend in Z\u00fcrich hat deshalb vor allem eines gezeigt: Der Abstimmungskampf ist noch lange nicht vorbei.<\/p>\n<p><strong>Mehr zum Thema<\/strong>\u00a0\u2013 <a rel=\"nofollow\" target=\"_blank\" href=\"https:\/\/de-rtnews.com\/schweiz\/289137-schweizer-lehnen-neutralitaetsinitiative-ab-rt\/\">Schweizer lehnen Neutralit\u00e4tsinitiative in Umfragen ab \u2013 RT DE gewinnt an Aufmerksamkeit<\/a><\/p>\n<div class=\"EmbedBlock-root EmbedBlock-externalVideo EmbedBlock-rumble\">\n<div class=\"VkEmbed\"><iframe class=\"lazyload\" data-src=\"https:\/\/rumble.com\/embed\/v7cgwis\" frameborder=\"0\" width=\"853\" height=\"480\" allowfullscreen><\/iframe><\/div>\n<\/div>\n<\/div>\n<p><br \/>\n<br \/><a href=\"https:\/\/de.rt.com\/meinung\/290781-neutralitaetsinitiative-blocher-sagt-er-sei\/\">Source link <\/a><\/p>\n","protected":false},"excerpt":{"rendered":"<p>Blocher und K\u00f6ppel mobilisieren f\u00fcr die Neutralit\u00e4t \u2013 und treffen damit einen Nerv. Im Z\u00fcrcher Marriott wird deutlich, dass es bei der Abstimmung vom 27. September f\u00fcr die Initianten um mehr geht als nur um ein Ja oder Nein. Von Hans-Ueli L\u00e4ppli Der Saal im Z\u00fcrcher Marriott war bis auf den letzten Platz gef\u00fcllt. So [&hellip;]<\/p>\n","protected":false},"author":3,"featured_media":109995,"comment_status":"open","ping_status":"open","sticky":false,"template":"","format":"standard","meta":{"wp_automatic_camp":["217"],"716acbe773a5e0f43f564c717b849d48":["Neutralit\u00e4tsinitiative: Blocher sagt, er sei der &quot;gef\u00e4hrliche Mann&quot; der Schweiz"],"original_link":["https:\/\/de.rt.com\/meinung\/290781-neutralitaetsinitiative-blocher-sagt-er-sei\/"],"_thumbnail_id":["109995"],"_wptgpro_p2tg_sent2tg":["a:1:{i:23737;s:19:\"2026-09-05 15:20:28\";}"],"jnews_social_counter_last_update":["1788621629"]},"categories":[19,23],"tags":[64039,82,33762,74186,59010,3564,4207,8104],"class_list":["post-109994","post","type-post","status-publish","format-standard","has-post-thumbnail","hentry","category-deutschland","category-russland","tag-blocher","tag-der","tag-mannquot","tag-neutralitaetsinitiative","tag-quotgefaehrliche","tag-sagt","tag-schweiz","tag-sei"],"yoast_head":"<!-- This site is optimized with the Yoast SEO Premium plugin v22.7 (Yoast SEO v28.2) - https:\/\/yoast.com\/product\/yoast-seo-premium-wordpress\/ -->\n<title>Neutralit\u00e4tsinitiative: Blocher sagt, er sei der &quot;gef\u00e4hrliche Mann&quot; der Schweiz - just-now.NEWS Deutschland<\/title>\n<meta name=\"robots\" content=\"index, follow, max-snippet:-1, max-image-preview:large, max-video-preview:-1\" \/>\n<link rel=\"canonical\" href=\"https:\/\/now-news.de\/de\/deutschland\/neutralitaetsinitiative-blocher-sagt-er-sei-der-gefaehrliche-mann-der-schweiz\/\" \/>\n<meta property=\"og:locale\" content=\"de_DE\" \/>\n<meta property=\"og:type\" content=\"article\" \/>\n<meta property=\"og:title\" content=\"Neutralit\u00e4tsinitiative: Blocher sagt, er sei der &quot;gef\u00e4hrliche Mann&quot; der Schweiz\" \/>\n<meta property=\"og:description\" content=\"Blocher und K\u00f6ppel mobilisieren f\u00fcr die Neutralit\u00e4t \u2013 und treffen damit einen Nerv. Im Z\u00fcrcher Marriott wird deutlich, dass es bei der Abstimmung vom 27. September f\u00fcr die Initianten um mehr geht als nur um ein Ja oder Nein. Von Hans-Ueli L\u00e4ppli Der Saal im Z\u00fcrcher Marriott war bis auf den letzten Platz gef\u00fcllt. So [&hellip;]\" \/>\n<meta property=\"og:url\" content=\"https:\/\/now-news.de\/de\/deutschland\/neutralitaetsinitiative-blocher-sagt-er-sei-der-gefaehrliche-mann-der-schweiz\/\" \/>\n<meta property=\"og:site_name\" content=\"just-now.NEWS Deutschland\" \/>\n<meta property=\"article:publisher\" content=\"https:\/\/www.facebook.com\/wirmachenauf\" \/>\n<meta property=\"article:published_time\" content=\"2026-09-05T12:32:05+00:00\" \/>\n<meta property=\"og:image\" content=\"https:\/\/now-news.de\/de\/wp-content\/uploads\/sites\/3\/2026\/09\/6a9bfac448fbef79891e2a38.png\" \/>\n<meta name=\"author\" content=\"rtnews\" \/>\n<meta name=\"twitter:card\" content=\"summary_large_image\" \/>\n<meta name=\"twitter:creator\" content=\"@WirMachenAuf_de\" \/>\n<meta name=\"twitter:site\" content=\"@WirMachenAuf_de\" \/>\n<meta name=\"twitter:label1\" content=\"Verfasst von\" \/>\n\t<meta name=\"twitter:data1\" content=\"rtnews\" \/>\n\t<meta name=\"twitter:label2\" content=\"Gesch\u00e4tzte Lesezeit\" \/>\n\t<meta name=\"twitter:data2\" content=\"4\u00a0Minuten\" \/>\n<script type=\"application\/ld+json\" class=\"yoast-schema-graph\">{\"@context\":\"https:\\\/\\\/schema.org\",\"@graph\":[{\"@type\":\"Article\",\"@id\":\"https:\\\/\\\/now-news.de\\\/de\\\/deutschland\\\/neutralitaetsinitiative-blocher-sagt-er-sei-der-gefaehrliche-mann-der-schweiz\\\/#article\",\"isPartOf\":{\"@id\":\"https:\\\/\\\/now-news.de\\\/de\\\/deutschland\\\/neutralitaetsinitiative-blocher-sagt-er-sei-der-gefaehrliche-mann-der-schweiz\\\/\"},\"author\":{\"name\":\"rtnews\",\"@id\":\"https:\\\/\\\/now-news.de\\\/de\\\/#\\\/schema\\\/person\\\/fb534a4e865501d8b3285208df34a9b5\"},\"headline\":\"Neutralit\u00e4tsinitiative: Blocher sagt, er sei der &quot;gef\u00e4hrliche Mann&quot; der Schweiz\",\"datePublished\":\"2026-09-05T12:32:05+00:00\",\"mainEntityOfPage\":{\"@id\":\"https:\\\/\\\/now-news.de\\\/de\\\/deutschland\\\/neutralitaetsinitiative-blocher-sagt-er-sei-der-gefaehrliche-mann-der-schweiz\\\/\"},\"wordCount\":841,\"commentCount\":0,\"publisher\":{\"@id\":\"https:\\\/\\\/now-news.de\\\/de\\\/#organization\"},\"image\":{\"@id\":\"https:\\\/\\\/now-news.de\\\/de\\\/deutschland\\\/neutralitaetsinitiative-blocher-sagt-er-sei-der-gefaehrliche-mann-der-schweiz\\\/#primaryimage\"},\"thumbnailUrl\":\"https:\\\/\\\/now-news.de\\\/de\\\/wp-content\\\/uploads\\\/sites\\\/3\\\/2026\\\/09\\\/Neutralitaetsinitiative-Blocher-sagt-er-sei-der-quotgefaehrliche-Mannquot-der-Schweiz.png\",\"keywords\":[\"Blocher\",\"der\",\"Mannquot\",\"Neutralit\u00e4tsinitiative\",\"quotgef\u00e4hrliche\",\"sagt\",\"schweiz\",\"sei\"],\"articleSection\":[\"Deutschland\",\"Russland\"],\"inLanguage\":\"de\",\"potentialAction\":[{\"@type\":\"CommentAction\",\"name\":\"Comment\",\"target\":[\"https:\\\/\\\/now-news.de\\\/de\\\/deutschland\\\/neutralitaetsinitiative-blocher-sagt-er-sei-der-gefaehrliche-mann-der-schweiz\\\/#respond\"]}]},{\"@type\":\"WebPage\",\"@id\":\"https:\\\/\\\/now-news.de\\\/de\\\/deutschland\\\/neutralitaetsinitiative-blocher-sagt-er-sei-der-gefaehrliche-mann-der-schweiz\\\/\",\"url\":\"https:\\\/\\\/now-news.de\\\/de\\\/deutschland\\\/neutralitaetsinitiative-blocher-sagt-er-sei-der-gefaehrliche-mann-der-schweiz\\\/\",\"name\":\"Neutralit\u00e4tsinitiative: Blocher sagt, er sei der &quot;gef\u00e4hrliche Mann&quot; der Schweiz - just-now.NEWS Deutschland\",\"isPartOf\":{\"@id\":\"https:\\\/\\\/now-news.de\\\/de\\\/#website\"},\"primaryImageOfPage\":{\"@id\":\"https:\\\/\\\/now-news.de\\\/de\\\/deutschland\\\/neutralitaetsinitiative-blocher-sagt-er-sei-der-gefaehrliche-mann-der-schweiz\\\/#primaryimage\"},\"image\":{\"@id\":\"https:\\\/\\\/now-news.de\\\/de\\\/deutschland\\\/neutralitaetsinitiative-blocher-sagt-er-sei-der-gefaehrliche-mann-der-schweiz\\\/#primaryimage\"},\"thumbnailUrl\":\"https:\\\/\\\/now-news.de\\\/de\\\/wp-content\\\/uploads\\\/sites\\\/3\\\/2026\\\/09\\\/Neutralitaetsinitiative-Blocher-sagt-er-sei-der-quotgefaehrliche-Mannquot-der-Schweiz.png\",\"datePublished\":\"2026-09-05T12:32:05+00:00\",\"breadcrumb\":{\"@id\":\"https:\\\/\\\/now-news.de\\\/de\\\/deutschland\\\/neutralitaetsinitiative-blocher-sagt-er-sei-der-gefaehrliche-mann-der-schweiz\\\/#breadcrumb\"},\"inLanguage\":\"de\",\"potentialAction\":[{\"@type\":\"ReadAction\",\"target\":[\"https:\\\/\\\/now-news.de\\\/de\\\/deutschland\\\/neutralitaetsinitiative-blocher-sagt-er-sei-der-gefaehrliche-mann-der-schweiz\\\/\"]}]},{\"@type\":\"ImageObject\",\"inLanguage\":\"de\",\"@id\":\"https:\\\/\\\/now-news.de\\\/de\\\/deutschland\\\/neutralitaetsinitiative-blocher-sagt-er-sei-der-gefaehrliche-mann-der-schweiz\\\/#primaryimage\",\"url\":\"https:\\\/\\\/now-news.de\\\/de\\\/wp-content\\\/uploads\\\/sites\\\/3\\\/2026\\\/09\\\/Neutralitaetsinitiative-Blocher-sagt-er-sei-der-quotgefaehrliche-Mannquot-der-Schweiz.png\",\"contentUrl\":\"https:\\\/\\\/now-news.de\\\/de\\\/wp-content\\\/uploads\\\/sites\\\/3\\\/2026\\\/09\\\/Neutralitaetsinitiative-Blocher-sagt-er-sei-der-quotgefaehrliche-Mannquot-der-Schweiz.png\",\"width\":1792,\"height\":1008,\"caption\":\"Neutralit\u00e4tsinitiative: Blocher sagt, er sei der &quot;gef\u00e4hrliche Mann&quot; der Schweiz\"},{\"@type\":\"BreadcrumbList\",\"@id\":\"https:\\\/\\\/now-news.de\\\/de\\\/deutschland\\\/neutralitaetsinitiative-blocher-sagt-er-sei-der-gefaehrliche-mann-der-schweiz\\\/#breadcrumb\",\"itemListElement\":[{\"@type\":\"ListItem\",\"position\":1,\"name\":\"Home\",\"item\":\"https:\\\/\\\/now-news.de\\\/de\\\/\"},{\"@type\":\"ListItem\",\"position\":2,\"name\":\"Neutralit\u00e4tsinitiative: Blocher sagt, er sei der &quot;gef\u00e4hrliche Mann&quot; der Schweiz\"}]},{\"@type\":\"WebSite\",\"@id\":\"https:\\\/\\\/now-news.de\\\/de\\\/#website\",\"url\":\"https:\\\/\\\/now-news.de\\\/de\\\/\",\"name\":\"just-now.NEWS Deutschland\",\"description\":\"Das Portal f\u00fcr unzensierte Nachrichten aus der Welt\",\"publisher\":{\"@id\":\"https:\\\/\\\/now-news.de\\\/de\\\/#organization\"},\"potentialAction\":[{\"@type\":\"SearchAction\",\"target\":{\"@type\":\"EntryPoint\",\"urlTemplate\":\"https:\\\/\\\/now-news.de\\\/de\\\/?s={search_term_string}\"},\"query-input\":{\"@type\":\"PropertyValueSpecification\",\"valueRequired\":true,\"valueName\":\"search_term_string\"}}],\"inLanguage\":\"de\"},{\"@type\":\"Organization\",\"@id\":\"https:\\\/\\\/now-news.de\\\/de\\\/#organization\",\"name\":\"Just Now News\",\"url\":\"https:\\\/\\\/now-news.de\\\/de\\\/\",\"logo\":{\"@type\":\"ImageObject\",\"inLanguage\":\"de\",\"@id\":\"https:\\\/\\\/now-news.de\\\/de\\\/#\\\/schema\\\/logo\\\/image\\\/\",\"url\":\"http:\\\/\\\/just-now.news\\\/de\\\/wp-content\\\/uploads\\\/sites\\\/3\\\/2022\\\/04\\\/logo500x500.jpg\",\"contentUrl\":\"http:\\\/\\\/just-now.news\\\/de\\\/wp-content\\\/uploads\\\/sites\\\/3\\\/2022\\\/04\\\/logo500x500.jpg\",\"width\":500,\"height\":500,\"caption\":\"Just Now News\"},\"image\":{\"@id\":\"https:\\\/\\\/now-news.de\\\/de\\\/#\\\/schema\\\/logo\\\/image\\\/\"},\"sameAs\":[\"https:\\\/\\\/www.facebook.com\\\/wirmachenauf\",\"https:\\\/\\\/x.com\\\/WirMachenAuf_de\"]},{\"@type\":\"Person\",\"@id\":\"https:\\\/\\\/now-news.de\\\/de\\\/#\\\/schema\\\/person\\\/fb534a4e865501d8b3285208df34a9b5\",\"name\":\"rtnews\",\"image\":{\"@type\":\"ImageObject\",\"inLanguage\":\"de\",\"@id\":\"https:\\\/\\\/secure.gravatar.com\\\/avatar\\\/358fe31b3ab5769fea05376e1953329834cd9912cf9daf607e2af3076a1b982b?s=96&d=mm&r=g\",\"url\":\"https:\\\/\\\/secure.gravatar.com\\\/avatar\\\/358fe31b3ab5769fea05376e1953329834cd9912cf9daf607e2af3076a1b982b?s=96&d=mm&r=g\",\"contentUrl\":\"https:\\\/\\\/secure.gravatar.com\\\/avatar\\\/358fe31b3ab5769fea05376e1953329834cd9912cf9daf607e2af3076a1b982b?s=96&d=mm&r=g\",\"caption\":\"rtnews\"},\"url\":\"https:\\\/\\\/now-news.de\\\/de\\\/author\\\/rnews\\\/\"}]}<\/script>\n<!-- \/ Yoast SEO Premium plugin. -->","yoast_head_json":{"title":"Neutralit\u00e4tsinitiative: Blocher sagt, er sei der &quot;gef\u00e4hrliche Mann&quot; der Schweiz - just-now.NEWS Deutschland","robots":{"index":"index","follow":"follow","max-snippet":"max-snippet:-1","max-image-preview":"max-image-preview:large","max-video-preview":"max-video-preview:-1"},"canonical":"https:\/\/now-news.de\/de\/deutschland\/neutralitaetsinitiative-blocher-sagt-er-sei-der-gefaehrliche-mann-der-schweiz\/","og_locale":"de_DE","og_type":"article","og_title":"Neutralit\u00e4tsinitiative: Blocher sagt, er sei der &quot;gef\u00e4hrliche Mann&quot; der Schweiz","og_description":"Blocher und K\u00f6ppel mobilisieren f\u00fcr die Neutralit\u00e4t \u2013 und treffen damit einen Nerv. Im Z\u00fcrcher Marriott wird deutlich, dass es bei der Abstimmung vom 27. September f\u00fcr die Initianten um mehr geht als nur um ein Ja oder Nein. Von Hans-Ueli L\u00e4ppli Der Saal im Z\u00fcrcher Marriott war bis auf den letzten Platz gef\u00fcllt. So [&hellip;]","og_url":"https:\/\/now-news.de\/de\/deutschland\/neutralitaetsinitiative-blocher-sagt-er-sei-der-gefaehrliche-mann-der-schweiz\/","og_site_name":"just-now.NEWS Deutschland","article_publisher":"https:\/\/www.facebook.com\/wirmachenauf","article_published_time":"2026-09-05T12:32:05+00:00","og_image":[{"url":"https:\/\/now-news.de\/de\/wp-content\/uploads\/sites\/3\/2026\/09\/6a9bfac448fbef79891e2a38.png","type":"","width":"","height":""}],"author":"rtnews","twitter_card":"summary_large_image","twitter_creator":"@WirMachenAuf_de","twitter_site":"@WirMachenAuf_de","twitter_misc":{"Verfasst von":"rtnews","Gesch\u00e4tzte Lesezeit":"4\u00a0Minuten"},"schema":{"@context":"https:\/\/schema.org","@graph":[{"@type":"Article","@id":"https:\/\/now-news.de\/de\/deutschland\/neutralitaetsinitiative-blocher-sagt-er-sei-der-gefaehrliche-mann-der-schweiz\/#article","isPartOf":{"@id":"https:\/\/now-news.de\/de\/deutschland\/neutralitaetsinitiative-blocher-sagt-er-sei-der-gefaehrliche-mann-der-schweiz\/"},"author":{"name":"rtnews","@id":"https:\/\/now-news.de\/de\/#\/schema\/person\/fb534a4e865501d8b3285208df34a9b5"},"headline":"Neutralit\u00e4tsinitiative: Blocher sagt, er sei der &quot;gef\u00e4hrliche Mann&quot; der Schweiz","datePublished":"2026-09-05T12:32:05+00:00","mainEntityOfPage":{"@id":"https:\/\/now-news.de\/de\/deutschland\/neutralitaetsinitiative-blocher-sagt-er-sei-der-gefaehrliche-mann-der-schweiz\/"},"wordCount":841,"commentCount":0,"publisher":{"@id":"https:\/\/now-news.de\/de\/#organization"},"image":{"@id":"https:\/\/now-news.de\/de\/deutschland\/neutralitaetsinitiative-blocher-sagt-er-sei-der-gefaehrliche-mann-der-schweiz\/#primaryimage"},"thumbnailUrl":"https:\/\/now-news.de\/de\/wp-content\/uploads\/sites\/3\/2026\/09\/Neutralitaetsinitiative-Blocher-sagt-er-sei-der-quotgefaehrliche-Mannquot-der-Schweiz.png","keywords":["Blocher","der","Mannquot","Neutralit\u00e4tsinitiative","quotgef\u00e4hrliche","sagt","schweiz","sei"],"articleSection":["Deutschland","Russland"],"inLanguage":"de","potentialAction":[{"@type":"CommentAction","name":"Comment","target":["https:\/\/now-news.de\/de\/deutschland\/neutralitaetsinitiative-blocher-sagt-er-sei-der-gefaehrliche-mann-der-schweiz\/#respond"]}]},{"@type":"WebPage","@id":"https:\/\/now-news.de\/de\/deutschland\/neutralitaetsinitiative-blocher-sagt-er-sei-der-gefaehrliche-mann-der-schweiz\/","url":"https:\/\/now-news.de\/de\/deutschland\/neutralitaetsinitiative-blocher-sagt-er-sei-der-gefaehrliche-mann-der-schweiz\/","name":"Neutralit\u00e4tsinitiative: Blocher sagt, er sei der &quot;gef\u00e4hrliche Mann&quot; der Schweiz - just-now.NEWS Deutschland","isPartOf":{"@id":"https:\/\/now-news.de\/de\/#website"},"primaryImageOfPage":{"@id":"https:\/\/now-news.de\/de\/deutschland\/neutralitaetsinitiative-blocher-sagt-er-sei-der-gefaehrliche-mann-der-schweiz\/#primaryimage"},"image":{"@id":"https:\/\/now-news.de\/de\/deutschland\/neutralitaetsinitiative-blocher-sagt-er-sei-der-gefaehrliche-mann-der-schweiz\/#primaryimage"},"thumbnailUrl":"https:\/\/now-news.de\/de\/wp-content\/uploads\/sites\/3\/2026\/09\/Neutralitaetsinitiative-Blocher-sagt-er-sei-der-quotgefaehrliche-Mannquot-der-Schweiz.png","datePublished":"2026-09-05T12:32:05+00:00","breadcrumb":{"@id":"https:\/\/now-news.de\/de\/deutschland\/neutralitaetsinitiative-blocher-sagt-er-sei-der-gefaehrliche-mann-der-schweiz\/#breadcrumb"},"inLanguage":"de","potentialAction":[{"@type":"ReadAction","target":["https:\/\/now-news.de\/de\/deutschland\/neutralitaetsinitiative-blocher-sagt-er-sei-der-gefaehrliche-mann-der-schweiz\/"]}]},{"@type":"ImageObject","inLanguage":"de","@id":"https:\/\/now-news.de\/de\/deutschland\/neutralitaetsinitiative-blocher-sagt-er-sei-der-gefaehrliche-mann-der-schweiz\/#primaryimage","url":"https:\/\/now-news.de\/de\/wp-content\/uploads\/sites\/3\/2026\/09\/Neutralitaetsinitiative-Blocher-sagt-er-sei-der-quotgefaehrliche-Mannquot-der-Schweiz.png","contentUrl":"https:\/\/now-news.de\/de\/wp-content\/uploads\/sites\/3\/2026\/09\/Neutralitaetsinitiative-Blocher-sagt-er-sei-der-quotgefaehrliche-Mannquot-der-Schweiz.png","width":1792,"height":1008,"caption":"Neutralit\u00e4tsinitiative: Blocher sagt, er sei der &quot;gef\u00e4hrliche Mann&quot; der Schweiz"},{"@type":"BreadcrumbList","@id":"https:\/\/now-news.de\/de\/deutschland\/neutralitaetsinitiative-blocher-sagt-er-sei-der-gefaehrliche-mann-der-schweiz\/#breadcrumb","itemListElement":[{"@type":"ListItem","position":1,"name":"Home","item":"https:\/\/now-news.de\/de\/"},{"@type":"ListItem","position":2,"name":"Neutralit\u00e4tsinitiative: Blocher sagt, er sei der &quot;gef\u00e4hrliche Mann&quot; der Schweiz"}]},{"@type":"WebSite","@id":"https:\/\/now-news.de\/de\/#website","url":"https:\/\/now-news.de\/de\/","name":"just-now.NEWS Deutschland","description":"Das Portal f\u00fcr unzensierte Nachrichten aus der Welt","publisher":{"@id":"https:\/\/now-news.de\/de\/#organization"},"potentialAction":[{"@type":"SearchAction","target":{"@type":"EntryPoint","urlTemplate":"https:\/\/now-news.de\/de\/?s={search_term_string}"},"query-input":{"@type":"PropertyValueSpecification","valueRequired":true,"valueName":"search_term_string"}}],"inLanguage":"de"},{"@type":"Organization","@id":"https:\/\/now-news.de\/de\/#organization","name":"Just Now News","url":"https:\/\/now-news.de\/de\/","logo":{"@type":"ImageObject","inLanguage":"de","@id":"https:\/\/now-news.de\/de\/#\/schema\/logo\/image\/","url":"http:\/\/just-now.news\/de\/wp-content\/uploads\/sites\/3\/2022\/04\/logo500x500.jpg","contentUrl":"http:\/\/just-now.news\/de\/wp-content\/uploads\/sites\/3\/2022\/04\/logo500x500.jpg","width":500,"height":500,"caption":"Just Now News"},"image":{"@id":"https:\/\/now-news.de\/de\/#\/schema\/logo\/image\/"},"sameAs":["https:\/\/www.facebook.com\/wirmachenauf","https:\/\/x.com\/WirMachenAuf_de"]},{"@type":"Person","@id":"https:\/\/now-news.de\/de\/#\/schema\/person\/fb534a4e865501d8b3285208df34a9b5","name":"rtnews","image":{"@type":"ImageObject","inLanguage":"de","@id":"https:\/\/secure.gravatar.com\/avatar\/358fe31b3ab5769fea05376e1953329834cd9912cf9daf607e2af3076a1b982b?s=96&d=mm&r=g","url":"https:\/\/secure.gravatar.com\/avatar\/358fe31b3ab5769fea05376e1953329834cd9912cf9daf607e2af3076a1b982b?s=96&d=mm&r=g","contentUrl":"https:\/\/secure.gravatar.com\/avatar\/358fe31b3ab5769fea05376e1953329834cd9912cf9daf607e2af3076a1b982b?s=96&d=mm&r=g","caption":"rtnews"},"url":"https:\/\/now-news.de\/de\/author\/rnews\/"}]}},"_links":{"self":[{"href":"https:\/\/now-news.de\/de\/wp-json\/wp\/v2\/posts\/109994","targetHints":{"allow":["GET"]}}],"collection":[{"href":"https:\/\/now-news.de\/de\/wp-json\/wp\/v2\/posts"}],"about":[{"href":"https:\/\/now-news.de\/de\/wp-json\/wp\/v2\/types\/post"}],"author":[{"embeddable":true,"href":"https:\/\/now-news.de\/de\/wp-json\/wp\/v2\/users\/3"}],"replies":[{"embeddable":true,"href":"https:\/\/now-news.de\/de\/wp-json\/wp\/v2\/comments?post=109994"}],"version-history":[{"count":0,"href":"https:\/\/now-news.de\/de\/wp-json\/wp\/v2\/posts\/109994\/revisions"}],"wp:featuredmedia":[{"embeddable":true,"href":"https:\/\/now-news.de\/de\/wp-json\/wp\/v2\/media\/109995"}],"wp:attachment":[{"href":"https:\/\/now-news.de\/de\/wp-json\/wp\/v2\/media?parent=109994"}],"wp:term":[{"taxonomy":"category","embeddable":true,"href":"https:\/\/now-news.de\/de\/wp-json\/wp\/v2\/categories?post=109994"},{"taxonomy":"post_tag","embeddable":true,"href":"https:\/\/now-news.de\/de\/wp-json\/wp\/v2\/tags?post=109994"}],"curies":[{"name":"wp","href":"https:\/\/api.w.org\/{rel}","templated":true}]}}