{"id":109973,"date":"2026-09-05T10:37:26","date_gmt":"2026-09-05T08:37:26","guid":{"rendered":"https:\/\/now-news.de\/de\/deutschland\/schweiz-macht-john-lennon-zum-wahlkaempfer\/"},"modified":"2026-09-05T10:37:26","modified_gmt":"2026-09-05T08:37:26","slug":"schweiz-macht-john-lennon-zum-wahlkaempfer","status":"publish","type":"post","link":"https:\/\/now-news.de\/de\/deutschland\/schweiz-macht-john-lennon-zum-wahlkaempfer\/","title":{"rendered":"Schweiz macht John Lennon zum Wahlk\u00e4mpfer"},"content":{"rendered":"<p><img decoding=\"async\" src=\"https:\/\/now-news.de\/de\/wp-content\/uploads\/sites\/3\/2026\/09\/6a9bc4d148fbef7df662a1e7.png\" \/><\/p>\n<div class=\"Text-root Text-type_1 \">\n                Ausgerechnet John Lennon soll f\u00fcr ein Ja zur Schweizer Neutralit\u00e4tsinitiative werben. Ein neuer Flyer der &#8220;Bewegung f\u00fcr Neutralit\u00e4t&#8221; bedient sich des Gesichts und des ber\u00fchmten Friedenssongs des Beatles-Stars.\n            <\/div>\n<p><\/p>\n<div class=\"Text-root Text-type_5 ArticleView-text ViewText-root \">\n<p data-start=\"0\" data-end=\"182\" data-is-last-node=\"\" data-is-only-node=\"\">Auf einem Flyer der &#8220;Bewegung f\u00fcr Neutralit\u00e4t&#8221; prangt das Bild der verstorbenen Beatles-Legende John Lennon, dazu der Titel seines ber\u00fchmten Friedenssongs: &#8220;Give Peace a Chance&#8221;.<\/p>\n<p>John Lennon als Wahlhelfer f\u00fcr die Schweizer Neutralit\u00e4tsinitiative.<\/p>\n<div class=\"EmbedBlock-root EmbedBlock-youtube\">\n<div class=\"YouTubeEmbed\">\n<div class=\"jeg_video_container jeg_video_content\"><iframe loading=\"lazy\" title=\"GIVE PEACE A CHANCE. (Ultimate Mix, 2020) - Plastic Ono Band (official music video HD)\" width=\"500\" height=\"281\" src=\"https:\/\/www.youtube.com\/embed\/C3_0GqPvr4U?feature=oembed\" frameborder=\"0\" allow=\"accelerometer; autoplay; clipboard-write; encrypted-media; gyroscope; picture-in-picture; web-share\" referrerpolicy=\"strict-origin-when-cross-origin\" allowfullscreen><\/iframe><\/div>\n<\/div>\n<\/div>\n<p>Das Bild Lennons stamme von <em>Wikipedia<\/em> und sei &#8220;public domain&#8221;, sagt Christoph Pfluger von der &#8220;Bewegung f\u00fcr Neutralit\u00e4t&#8221;. Doch &#8220;von Wikipedia&#8221; bedeutet nicht automatisch, dass ein Bild beliebig f\u00fcr politische Werbung verwendet werden darf. Entscheidend sind die konkrete Lizenz des Bildes und m\u00f6gliche zus\u00e4tzliche Rechte \u2013 etwa Pers\u00f6nlichkeits- oder Markenrechte. Gerade bei einer politischen Kampagne sollte deshalb genau gepr\u00fcft werden, ob die konkrete Verwendung tats\u00e4chlich zul\u00e4ssig ist.<\/p>\n<p>Lennons &#8220;Give Peace a Chance&#8221; war ein Protest gegen den Vietnamkrieg \u2013 keine Ja-Parole f\u00fcr eine Schweizer Volksinitiative im Jahr 2026. Ob die Beatles-Legende die Neutralit\u00e4tsinitiative unterst\u00fctzt h\u00e4tte, weiss niemand. Sein Gesicht und sein ber\u00fchmter Friedensappell werden nun dennoch in den Schweizer Abstimmungskampf eingespannt.<\/p>\n<p><strong>Trump l\u00e4sst gr\u00fcssen<\/strong><\/p>\n<p>Auch Donald Trump verwendete im US-Wahlkampf wiederholt Songs bekannter K\u00fcnstler, obwohl diese sich gegen die politische Nutzung ihrer Musik wehrten.<\/p>\n<p>Die Rolling Stones etwa forderten Trump mehrfach auf, ihre Songs nicht bei seinen Wahlkampfveranstaltungen zu verwenden. Auch Adele distanzierte sich von der Nutzung ihrer Musik durch Trumps Kampagne.<\/p>\n<p>F\u00fcr Wahlkampagnen gelten dabei besondere Regeln: Sie k\u00f6nnen unter bestimmten Voraussetzungen Musik \u00f6ffentlich verwenden, wenn daf\u00fcr die n\u00f6tigen Lizenzen vorliegen. K\u00fcnstler haben aber die M\u00f6glichkeit, sich gegen eine politische Nutzung ihrer Werke zu wehren.<\/p>\n<p>Auch im Fall Lennon geht es nicht nur darum, ob irgendwo ein Foto oder ein Song verf\u00fcgbar ist. Wer das Gesicht einer weltber\u00fchmten Beatles-Legende zusammen mit ihrem bekanntesten Friedenssong auf einen politischen Flyer setzt, erzeugt zwangsl\u00e4ufig den Eindruck einer politischen Unterst\u00fctzung. John Lennon kann sich dagegen nicht mehr wehren.<\/p>\n<p>Der Lennon-Flyer ist zudem nicht der einzige Fall, bei dem im Schweizer Abstimmungskampf mit bekannten Medien- und Kultursymbolen gearbeitet wird.<\/p>\n<p>Die Junge SVP ver\u00f6ffentlichte zur Neutralit\u00e4tsinitiative ein Video, das zun\u00e4chst das Logo des SRF und das Intro der <em>Tagesschau<\/em> zeigt. Danach folgt ein fiktives Kriegsszenario: Die Schweiz befinde sich im Krieg, Soldaten w\u00fcrden eingezogen, ein Schweizer Soldat stirbt an der Front.<\/p>\n<p>Das SRF reagierte deutlich. Auf Anfrage von Schweizer Medien erkl\u00e4rte Mediensprecherin Nadine Gliesche:<\/p>\n<blockquote>\n<p><em>&#8220;SRF nimmt das Video der JSVP zur Kenntnis. Das Material wurde ohne unser Wissen oder Einverst\u00e4ndnis verwendet. Die SRG tritt mit der JSVP in den Dialog.&#8221;<\/em><\/p>\n<\/blockquote>\n<p>Ob und welche weiteren Ma\u00dfnahmen eingeleitet werden, ist laut SRF noch offen.<\/p>\n<p>Der Schweizer Abstimmungskampf um die Neutralit\u00e4tsinitiative wird damit zunehmend zum Kampf um Bilder und Emotionen: John Lennon als posthumer Friedensbotschafter, die <em>Tagesschau<\/em> als Kulisse f\u00fcr ein fiktives Kriegsszenario.<\/p>\n<p>Je n\u00e4her der 27. September r\u00fcckt, desto sch\u00e4rfer wird der politische Gegensatz. Die Bef\u00fcrworter wollen die Schweiz zur\u00fcck zu einer strikten, eigenst\u00e4ndigen Neutralit\u00e4t f\u00fchren, die Gegner warnen vor einer Schweiz, die sich mit ihrer Neutralit\u00e4t international selbst isoliert. Um diese gegens\u00e4tzlichen Weltbilder m\u00f6glichst wirkungsvoll zu vermitteln, greifen beide Seiten zunehmend zu kreativen Mitteln.<\/p>\n<p>John Lennon als Friedensikone auf dem Neutralit\u00e4ts-Flyer, ein fiktiver <em>Tagesschau<\/em>-Bericht im SVP-Video: Der Abstimmungskampf wird immer st\u00e4rker \u00fcber Bilder, Emotionen und Aufmerksamkeit gef\u00fchrt.<\/p>\n<p>Am 27. September entscheiden die Stimmb\u00fcrger nicht \u00fcber John Lennon oder die <em>Tagesschau<\/em>. Sie entscheiden dar\u00fcber, welche Rolle die Schweiz k\u00fcnftig in einer zunehmend konfliktreichen Welt spielen soll.<\/p>\n<p><strong>Mehr zum Thema<\/strong>\u00a0\u2013\u00a0<a rel=\"nofollow\" target=\"_blank\" href=\"https:\/\/de-rtnews.com\/schweiz\/290222-anti-tagi-putin-derangement-syndrom\/\">Anti-Tagi: Medien-Watchdog mit Biss \u2013 heute: NZZ-Russland-L\u00fcgen, Blick-Hysterie, SRF-AfD-Bashing<\/a><\/p>\n<div class=\"EmbedBlock-root EmbedBlock-externalVideo EmbedBlock-rumble\">\n<div class=\"VkEmbed\"><iframe class=\"lazyload\" data-src=\"https:\/\/rumble.com\/embed\/v740oci\" frameborder=\"0\" width=\"853\" height=\"480\" allowfullscreen><\/iframe><\/div>\n<\/div>\n<\/div>\n<p><br \/>\n<br \/><a href=\"https:\/\/de.rt.com\/schweiz\/290756-schweiz-macht-john-lennon-zum\/\">Source link <\/a><\/p>\n","protected":false},"excerpt":{"rendered":"<p>Ausgerechnet John Lennon soll f\u00fcr ein Ja zur Schweizer Neutralit\u00e4tsinitiative werben. Ein neuer Flyer der &#8220;Bewegung f\u00fcr Neutralit\u00e4t&#8221; bedient sich des Gesichts und des ber\u00fchmten Friedenssongs des Beatles-Stars. Auf einem Flyer der &#8220;Bewegung f\u00fcr Neutralit\u00e4t&#8221; prangt das Bild der verstorbenen Beatles-Legende John Lennon, dazu der Titel seines ber\u00fchmten Friedenssongs: &#8220;Give Peace a Chance&#8221;. John Lennon [&hellip;]<\/p>\n","protected":false},"author":3,"featured_media":109974,"comment_status":"open","ping_status":"open","sticky":false,"template":"","format":"standard","meta":{"_oembed_f5b082380ed0600ec11ade4dd8942907":["<iframe title=\"GIVE PEACE A CHANCE. (Ultimate Mix, 2020) - Plastic Ono Band (official music video HD)\" width=\"500\" height=\"281\" src=\"https:\/\/www.youtube.com\/embed\/C3_0GqPvr4U?feature=oembed\" frameborder=\"0\" allow=\"accelerometer; autoplay; clipboard-write; encrypted-media; gyroscope; picture-in-picture; web-share\" referrerpolicy=\"strict-origin-when-cross-origin\" allowfullscreen><\/iframe>"],"_oembed_time_f5b082380ed0600ec11ade4dd8942907":["1788597928"],"wp_automatic_camp":["217"],"171c4b87a7f6c2c5590e1ba2f0b45186":["Schweiz macht John Lennon zum Wahlk\u00e4mpfer"],"original_link":["https:\/\/de.rt.com\/schweiz\/290756-schweiz-macht-john-lennon-zum\/"],"_thumbnail_id":["109974"],"_wptgpro_p2tg_sent2tg":["a:1:{i:23737;s:19:\"2026-09-05 10:46:31\";}"],"jnews_social_counter_last_update":["1788605192"]},"categories":[19,23],"tags":[2349,76037,4847,4207,57236,565],"class_list":["post-109973","post","type-post","status-publish","format-standard","has-post-thumbnail","hentry","category-deutschland","category-russland","tag-john","tag-lennon","tag-macht","tag-schweiz","tag-wahlkaempfer","tag-zum"],"yoast_head":"<!-- This site is optimized with the Yoast SEO Premium plugin v22.7 (Yoast SEO v28.2) - https:\/\/yoast.com\/product\/yoast-seo-premium-wordpress\/ -->\n<title>Schweiz macht John Lennon zum Wahlk\u00e4mpfer - just-now.NEWS Deutschland<\/title>\n<meta name=\"robots\" content=\"index, follow, max-snippet:-1, max-image-preview:large, max-video-preview:-1\" \/>\n<link rel=\"canonical\" href=\"https:\/\/now-news.de\/de\/deutschland\/schweiz-macht-john-lennon-zum-wahlkaempfer\/\" \/>\n<meta property=\"og:locale\" content=\"de_DE\" \/>\n<meta property=\"og:type\" content=\"article\" \/>\n<meta property=\"og:title\" content=\"Schweiz macht John Lennon zum Wahlk\u00e4mpfer\" \/>\n<meta property=\"og:description\" content=\"Ausgerechnet John Lennon soll f\u00fcr ein Ja zur Schweizer Neutralit\u00e4tsinitiative werben. Ein neuer Flyer der &#8220;Bewegung f\u00fcr Neutralit\u00e4t&#8221; bedient sich des Gesichts und des ber\u00fchmten Friedenssongs des Beatles-Stars. Auf einem Flyer der &#8220;Bewegung f\u00fcr Neutralit\u00e4t&#8221; prangt das Bild der verstorbenen Beatles-Legende John Lennon, dazu der Titel seines ber\u00fchmten Friedenssongs: &#8220;Give Peace a Chance&#8221;. John Lennon [&hellip;]\" \/>\n<meta property=\"og:url\" content=\"https:\/\/now-news.de\/de\/deutschland\/schweiz-macht-john-lennon-zum-wahlkaempfer\/\" \/>\n<meta property=\"og:site_name\" content=\"just-now.NEWS Deutschland\" \/>\n<meta property=\"article:publisher\" content=\"https:\/\/www.facebook.com\/wirmachenauf\" \/>\n<meta property=\"article:published_time\" content=\"2026-09-05T08:37:26+00:00\" \/>\n<meta property=\"og:image\" content=\"https:\/\/now-news.de\/de\/wp-content\/uploads\/sites\/3\/2026\/09\/6a9bc4d148fbef7df662a1e7.png\" \/>\n<meta name=\"author\" content=\"rtnews\" \/>\n<meta name=\"twitter:card\" content=\"summary_large_image\" \/>\n<meta name=\"twitter:creator\" content=\"@WirMachenAuf_de\" \/>\n<meta name=\"twitter:site\" content=\"@WirMachenAuf_de\" \/>\n<meta name=\"twitter:label1\" content=\"Verfasst von\" \/>\n\t<meta name=\"twitter:data1\" content=\"rtnews\" \/>\n\t<meta name=\"twitter:label2\" content=\"Gesch\u00e4tzte Lesezeit\" \/>\n\t<meta name=\"twitter:data2\" content=\"3\u00a0Minuten\" \/>\n<script type=\"application\/ld+json\" class=\"yoast-schema-graph\">{\"@context\":\"https:\\\/\\\/schema.org\",\"@graph\":[{\"@type\":\"Article\",\"@id\":\"https:\\\/\\\/now-news.de\\\/de\\\/deutschland\\\/schweiz-macht-john-lennon-zum-wahlkaempfer\\\/#article\",\"isPartOf\":{\"@id\":\"https:\\\/\\\/now-news.de\\\/de\\\/deutschland\\\/schweiz-macht-john-lennon-zum-wahlkaempfer\\\/\"},\"author\":{\"name\":\"rtnews\",\"@id\":\"https:\\\/\\\/now-news.de\\\/de\\\/#\\\/schema\\\/person\\\/fb534a4e865501d8b3285208df34a9b5\"},\"headline\":\"Schweiz macht John Lennon zum Wahlk\u00e4mpfer\",\"datePublished\":\"2026-09-05T08:37:26+00:00\",\"mainEntityOfPage\":{\"@id\":\"https:\\\/\\\/now-news.de\\\/de\\\/deutschland\\\/schweiz-macht-john-lennon-zum-wahlkaempfer\\\/\"},\"wordCount\":641,\"commentCount\":0,\"publisher\":{\"@id\":\"https:\\\/\\\/now-news.de\\\/de\\\/#organization\"},\"image\":{\"@id\":\"https:\\\/\\\/now-news.de\\\/de\\\/deutschland\\\/schweiz-macht-john-lennon-zum-wahlkaempfer\\\/#primaryimage\"},\"thumbnailUrl\":\"https:\\\/\\\/now-news.de\\\/de\\\/wp-content\\\/uploads\\\/sites\\\/3\\\/2026\\\/09\\\/Schweiz-macht-John-Lennon-zum-Wahlkaempfer.png\",\"keywords\":[\"John\",\"Lennon\",\"Macht\",\"schweiz\",\"Wahlk\u00e4mpfer\",\"zum\"],\"articleSection\":[\"Deutschland\",\"Russland\"],\"inLanguage\":\"de\",\"potentialAction\":[{\"@type\":\"CommentAction\",\"name\":\"Comment\",\"target\":[\"https:\\\/\\\/now-news.de\\\/de\\\/deutschland\\\/schweiz-macht-john-lennon-zum-wahlkaempfer\\\/#respond\"]}]},{\"@type\":\"WebPage\",\"@id\":\"https:\\\/\\\/now-news.de\\\/de\\\/deutschland\\\/schweiz-macht-john-lennon-zum-wahlkaempfer\\\/\",\"url\":\"https:\\\/\\\/now-news.de\\\/de\\\/deutschland\\\/schweiz-macht-john-lennon-zum-wahlkaempfer\\\/\",\"name\":\"Schweiz macht John Lennon zum Wahlk\u00e4mpfer - just-now.NEWS Deutschland\",\"isPartOf\":{\"@id\":\"https:\\\/\\\/now-news.de\\\/de\\\/#website\"},\"primaryImageOfPage\":{\"@id\":\"https:\\\/\\\/now-news.de\\\/de\\\/deutschland\\\/schweiz-macht-john-lennon-zum-wahlkaempfer\\\/#primaryimage\"},\"image\":{\"@id\":\"https:\\\/\\\/now-news.de\\\/de\\\/deutschland\\\/schweiz-macht-john-lennon-zum-wahlkaempfer\\\/#primaryimage\"},\"thumbnailUrl\":\"https:\\\/\\\/now-news.de\\\/de\\\/wp-content\\\/uploads\\\/sites\\\/3\\\/2026\\\/09\\\/Schweiz-macht-John-Lennon-zum-Wahlkaempfer.png\",\"datePublished\":\"2026-09-05T08:37:26+00:00\",\"breadcrumb\":{\"@id\":\"https:\\\/\\\/now-news.de\\\/de\\\/deutschland\\\/schweiz-macht-john-lennon-zum-wahlkaempfer\\\/#breadcrumb\"},\"inLanguage\":\"de\",\"potentialAction\":[{\"@type\":\"ReadAction\",\"target\":[\"https:\\\/\\\/now-news.de\\\/de\\\/deutschland\\\/schweiz-macht-john-lennon-zum-wahlkaempfer\\\/\"]}]},{\"@type\":\"ImageObject\",\"inLanguage\":\"de\",\"@id\":\"https:\\\/\\\/now-news.de\\\/de\\\/deutschland\\\/schweiz-macht-john-lennon-zum-wahlkaempfer\\\/#primaryimage\",\"url\":\"https:\\\/\\\/now-news.de\\\/de\\\/wp-content\\\/uploads\\\/sites\\\/3\\\/2026\\\/09\\\/Schweiz-macht-John-Lennon-zum-Wahlkaempfer.png\",\"contentUrl\":\"https:\\\/\\\/now-news.de\\\/de\\\/wp-content\\\/uploads\\\/sites\\\/3\\\/2026\\\/09\\\/Schweiz-macht-John-Lennon-zum-Wahlkaempfer.png\",\"width\":460,\"height\":259,\"caption\":\"Schweiz macht John Lennon zum Wahlk\u00e4mpfer\"},{\"@type\":\"BreadcrumbList\",\"@id\":\"https:\\\/\\\/now-news.de\\\/de\\\/deutschland\\\/schweiz-macht-john-lennon-zum-wahlkaempfer\\\/#breadcrumb\",\"itemListElement\":[{\"@type\":\"ListItem\",\"position\":1,\"name\":\"Home\",\"item\":\"https:\\\/\\\/now-news.de\\\/de\\\/\"},{\"@type\":\"ListItem\",\"position\":2,\"name\":\"Schweiz macht John Lennon zum Wahlk\u00e4mpfer\"}]},{\"@type\":\"WebSite\",\"@id\":\"https:\\\/\\\/now-news.de\\\/de\\\/#website\",\"url\":\"https:\\\/\\\/now-news.de\\\/de\\\/\",\"name\":\"just-now.NEWS Deutschland\",\"description\":\"Das Portal f\u00fcr unzensierte Nachrichten aus der Welt\",\"publisher\":{\"@id\":\"https:\\\/\\\/now-news.de\\\/de\\\/#organization\"},\"potentialAction\":[{\"@type\":\"SearchAction\",\"target\":{\"@type\":\"EntryPoint\",\"urlTemplate\":\"https:\\\/\\\/now-news.de\\\/de\\\/?s={search_term_string}\"},\"query-input\":{\"@type\":\"PropertyValueSpecification\",\"valueRequired\":true,\"valueName\":\"search_term_string\"}}],\"inLanguage\":\"de\"},{\"@type\":\"Organization\",\"@id\":\"https:\\\/\\\/now-news.de\\\/de\\\/#organization\",\"name\":\"Just Now News\",\"url\":\"https:\\\/\\\/now-news.de\\\/de\\\/\",\"logo\":{\"@type\":\"ImageObject\",\"inLanguage\":\"de\",\"@id\":\"https:\\\/\\\/now-news.de\\\/de\\\/#\\\/schema\\\/logo\\\/image\\\/\",\"url\":\"http:\\\/\\\/just-now.news\\\/de\\\/wp-content\\\/uploads\\\/sites\\\/3\\\/2022\\\/04\\\/logo500x500.jpg\",\"contentUrl\":\"http:\\\/\\\/just-now.news\\\/de\\\/wp-content\\\/uploads\\\/sites\\\/3\\\/2022\\\/04\\\/logo500x500.jpg\",\"width\":500,\"height\":500,\"caption\":\"Just Now News\"},\"image\":{\"@id\":\"https:\\\/\\\/now-news.de\\\/de\\\/#\\\/schema\\\/logo\\\/image\\\/\"},\"sameAs\":[\"https:\\\/\\\/www.facebook.com\\\/wirmachenauf\",\"https:\\\/\\\/x.com\\\/WirMachenAuf_de\"]},{\"@type\":\"Person\",\"@id\":\"https:\\\/\\\/now-news.de\\\/de\\\/#\\\/schema\\\/person\\\/fb534a4e865501d8b3285208df34a9b5\",\"name\":\"rtnews\",\"image\":{\"@type\":\"ImageObject\",\"inLanguage\":\"de\",\"@id\":\"https:\\\/\\\/secure.gravatar.com\\\/avatar\\\/358fe31b3ab5769fea05376e1953329834cd9912cf9daf607e2af3076a1b982b?s=96&d=mm&r=g\",\"url\":\"https:\\\/\\\/secure.gravatar.com\\\/avatar\\\/358fe31b3ab5769fea05376e1953329834cd9912cf9daf607e2af3076a1b982b?s=96&d=mm&r=g\",\"contentUrl\":\"https:\\\/\\\/secure.gravatar.com\\\/avatar\\\/358fe31b3ab5769fea05376e1953329834cd9912cf9daf607e2af3076a1b982b?s=96&d=mm&r=g\",\"caption\":\"rtnews\"},\"url\":\"https:\\\/\\\/now-news.de\\\/de\\\/author\\\/rnews\\\/\"}]}<\/script>\n<!-- \/ Yoast SEO Premium plugin. -->","yoast_head_json":{"title":"Schweiz macht John Lennon zum Wahlk\u00e4mpfer - just-now.NEWS Deutschland","robots":{"index":"index","follow":"follow","max-snippet":"max-snippet:-1","max-image-preview":"max-image-preview:large","max-video-preview":"max-video-preview:-1"},"canonical":"https:\/\/now-news.de\/de\/deutschland\/schweiz-macht-john-lennon-zum-wahlkaempfer\/","og_locale":"de_DE","og_type":"article","og_title":"Schweiz macht John Lennon zum Wahlk\u00e4mpfer","og_description":"Ausgerechnet John Lennon soll f\u00fcr ein Ja zur Schweizer Neutralit\u00e4tsinitiative werben. Ein neuer Flyer der &#8220;Bewegung f\u00fcr Neutralit\u00e4t&#8221; bedient sich des Gesichts und des ber\u00fchmten Friedenssongs des Beatles-Stars. Auf einem Flyer der &#8220;Bewegung f\u00fcr Neutralit\u00e4t&#8221; prangt das Bild der verstorbenen Beatles-Legende John Lennon, dazu der Titel seines ber\u00fchmten Friedenssongs: &#8220;Give Peace a Chance&#8221;. John Lennon [&hellip;]","og_url":"https:\/\/now-news.de\/de\/deutschland\/schweiz-macht-john-lennon-zum-wahlkaempfer\/","og_site_name":"just-now.NEWS Deutschland","article_publisher":"https:\/\/www.facebook.com\/wirmachenauf","article_published_time":"2026-09-05T08:37:26+00:00","og_image":[{"url":"https:\/\/now-news.de\/de\/wp-content\/uploads\/sites\/3\/2026\/09\/6a9bc4d148fbef7df662a1e7.png","type":"","width":"","height":""}],"author":"rtnews","twitter_card":"summary_large_image","twitter_creator":"@WirMachenAuf_de","twitter_site":"@WirMachenAuf_de","twitter_misc":{"Verfasst von":"rtnews","Gesch\u00e4tzte Lesezeit":"3\u00a0Minuten"},"schema":{"@context":"https:\/\/schema.org","@graph":[{"@type":"Article","@id":"https:\/\/now-news.de\/de\/deutschland\/schweiz-macht-john-lennon-zum-wahlkaempfer\/#article","isPartOf":{"@id":"https:\/\/now-news.de\/de\/deutschland\/schweiz-macht-john-lennon-zum-wahlkaempfer\/"},"author":{"name":"rtnews","@id":"https:\/\/now-news.de\/de\/#\/schema\/person\/fb534a4e865501d8b3285208df34a9b5"},"headline":"Schweiz macht John Lennon zum Wahlk\u00e4mpfer","datePublished":"2026-09-05T08:37:26+00:00","mainEntityOfPage":{"@id":"https:\/\/now-news.de\/de\/deutschland\/schweiz-macht-john-lennon-zum-wahlkaempfer\/"},"wordCount":641,"commentCount":0,"publisher":{"@id":"https:\/\/now-news.de\/de\/#organization"},"image":{"@id":"https:\/\/now-news.de\/de\/deutschland\/schweiz-macht-john-lennon-zum-wahlkaempfer\/#primaryimage"},"thumbnailUrl":"https:\/\/now-news.de\/de\/wp-content\/uploads\/sites\/3\/2026\/09\/Schweiz-macht-John-Lennon-zum-Wahlkaempfer.png","keywords":["John","Lennon","Macht","schweiz","Wahlk\u00e4mpfer","zum"],"articleSection":["Deutschland","Russland"],"inLanguage":"de","potentialAction":[{"@type":"CommentAction","name":"Comment","target":["https:\/\/now-news.de\/de\/deutschland\/schweiz-macht-john-lennon-zum-wahlkaempfer\/#respond"]}]},{"@type":"WebPage","@id":"https:\/\/now-news.de\/de\/deutschland\/schweiz-macht-john-lennon-zum-wahlkaempfer\/","url":"https:\/\/now-news.de\/de\/deutschland\/schweiz-macht-john-lennon-zum-wahlkaempfer\/","name":"Schweiz macht John Lennon zum Wahlk\u00e4mpfer - just-now.NEWS Deutschland","isPartOf":{"@id":"https:\/\/now-news.de\/de\/#website"},"primaryImageOfPage":{"@id":"https:\/\/now-news.de\/de\/deutschland\/schweiz-macht-john-lennon-zum-wahlkaempfer\/#primaryimage"},"image":{"@id":"https:\/\/now-news.de\/de\/deutschland\/schweiz-macht-john-lennon-zum-wahlkaempfer\/#primaryimage"},"thumbnailUrl":"https:\/\/now-news.de\/de\/wp-content\/uploads\/sites\/3\/2026\/09\/Schweiz-macht-John-Lennon-zum-Wahlkaempfer.png","datePublished":"2026-09-05T08:37:26+00:00","breadcrumb":{"@id":"https:\/\/now-news.de\/de\/deutschland\/schweiz-macht-john-lennon-zum-wahlkaempfer\/#breadcrumb"},"inLanguage":"de","potentialAction":[{"@type":"ReadAction","target":["https:\/\/now-news.de\/de\/deutschland\/schweiz-macht-john-lennon-zum-wahlkaempfer\/"]}]},{"@type":"ImageObject","inLanguage":"de","@id":"https:\/\/now-news.de\/de\/deutschland\/schweiz-macht-john-lennon-zum-wahlkaempfer\/#primaryimage","url":"https:\/\/now-news.de\/de\/wp-content\/uploads\/sites\/3\/2026\/09\/Schweiz-macht-John-Lennon-zum-Wahlkaempfer.png","contentUrl":"https:\/\/now-news.de\/de\/wp-content\/uploads\/sites\/3\/2026\/09\/Schweiz-macht-John-Lennon-zum-Wahlkaempfer.png","width":460,"height":259,"caption":"Schweiz macht John Lennon zum Wahlk\u00e4mpfer"},{"@type":"BreadcrumbList","@id":"https:\/\/now-news.de\/de\/deutschland\/schweiz-macht-john-lennon-zum-wahlkaempfer\/#breadcrumb","itemListElement":[{"@type":"ListItem","position":1,"name":"Home","item":"https:\/\/now-news.de\/de\/"},{"@type":"ListItem","position":2,"name":"Schweiz macht John Lennon zum Wahlk\u00e4mpfer"}]},{"@type":"WebSite","@id":"https:\/\/now-news.de\/de\/#website","url":"https:\/\/now-news.de\/de\/","name":"just-now.NEWS Deutschland","description":"Das Portal f\u00fcr unzensierte Nachrichten aus der Welt","publisher":{"@id":"https:\/\/now-news.de\/de\/#organization"},"potentialAction":[{"@type":"SearchAction","target":{"@type":"EntryPoint","urlTemplate":"https:\/\/now-news.de\/de\/?s={search_term_string}"},"query-input":{"@type":"PropertyValueSpecification","valueRequired":true,"valueName":"search_term_string"}}],"inLanguage":"de"},{"@type":"Organization","@id":"https:\/\/now-news.de\/de\/#organization","name":"Just Now News","url":"https:\/\/now-news.de\/de\/","logo":{"@type":"ImageObject","inLanguage":"de","@id":"https:\/\/now-news.de\/de\/#\/schema\/logo\/image\/","url":"http:\/\/just-now.news\/de\/wp-content\/uploads\/sites\/3\/2022\/04\/logo500x500.jpg","contentUrl":"http:\/\/just-now.news\/de\/wp-content\/uploads\/sites\/3\/2022\/04\/logo500x500.jpg","width":500,"height":500,"caption":"Just Now News"},"image":{"@id":"https:\/\/now-news.de\/de\/#\/schema\/logo\/image\/"},"sameAs":["https:\/\/www.facebook.com\/wirmachenauf","https:\/\/x.com\/WirMachenAuf_de"]},{"@type":"Person","@id":"https:\/\/now-news.de\/de\/#\/schema\/person\/fb534a4e865501d8b3285208df34a9b5","name":"rtnews","image":{"@type":"ImageObject","inLanguage":"de","@id":"https:\/\/secure.gravatar.com\/avatar\/358fe31b3ab5769fea05376e1953329834cd9912cf9daf607e2af3076a1b982b?s=96&d=mm&r=g","url":"https:\/\/secure.gravatar.com\/avatar\/358fe31b3ab5769fea05376e1953329834cd9912cf9daf607e2af3076a1b982b?s=96&d=mm&r=g","contentUrl":"https:\/\/secure.gravatar.com\/avatar\/358fe31b3ab5769fea05376e1953329834cd9912cf9daf607e2af3076a1b982b?s=96&d=mm&r=g","caption":"rtnews"},"url":"https:\/\/now-news.de\/de\/author\/rnews\/"}]}},"_links":{"self":[{"href":"https:\/\/now-news.de\/de\/wp-json\/wp\/v2\/posts\/109973","targetHints":{"allow":["GET"]}}],"collection":[{"href":"https:\/\/now-news.de\/de\/wp-json\/wp\/v2\/posts"}],"about":[{"href":"https:\/\/now-news.de\/de\/wp-json\/wp\/v2\/types\/post"}],"author":[{"embeddable":true,"href":"https:\/\/now-news.de\/de\/wp-json\/wp\/v2\/users\/3"}],"replies":[{"embeddable":true,"href":"https:\/\/now-news.de\/de\/wp-json\/wp\/v2\/comments?post=109973"}],"version-history":[{"count":0,"href":"https:\/\/now-news.de\/de\/wp-json\/wp\/v2\/posts\/109973\/revisions"}],"wp:featuredmedia":[{"embeddable":true,"href":"https:\/\/now-news.de\/de\/wp-json\/wp\/v2\/media\/109974"}],"wp:attachment":[{"href":"https:\/\/now-news.de\/de\/wp-json\/wp\/v2\/media?parent=109973"}],"wp:term":[{"taxonomy":"category","embeddable":true,"href":"https:\/\/now-news.de\/de\/wp-json\/wp\/v2\/categories?post=109973"},{"taxonomy":"post_tag","embeddable":true,"href":"https:\/\/now-news.de\/de\/wp-json\/wp\/v2\/tags?post=109973"}],"curies":[{"name":"wp","href":"https:\/\/api.w.org\/{rel}","templated":true}]}}