{"id":109957,"date":"2026-09-04T21:24:50","date_gmt":"2026-09-04T19:24:50","guid":{"rendered":"https:\/\/now-news.de\/de\/deutschland\/ceuta-migranten-sollen-delfinbaby-zu-tode-gepruegelt-haben-video\/"},"modified":"2026-09-04T21:24:50","modified_gmt":"2026-09-04T19:24:50","slug":"ceuta-migranten-sollen-delfinbaby-zu-tode-gepruegelt-haben-video","status":"publish","type":"post","link":"https:\/\/now-news.de\/de\/deutschland\/ceuta-migranten-sollen-delfinbaby-zu-tode-gepruegelt-haben-video\/","title":{"rendered":"Ceuta: Migranten sollen Delfinbaby zu Tode gepr\u00fcgelt haben (VIDEO)"},"content":{"rendered":"<p><img decoding=\"async\" src=\"https:\/\/now-news.de\/de\/wp-content\/uploads\/sites\/3\/2026\/09\/6a9b0f1f48fbef3bbe60ad69.jpg\" \/><\/p>\n<div class=\"Text-root Text-type_1 \">\n                Aufnahmen aus der spanischen Exklave Ceuta haben in den sozialen Medien Emp\u00f6rung ausgel\u00f6st. Diese sollen zeigen, wie ein von einer Gruppe von Migranten aus dem Meer gezogenes Delfinbaby get\u00f6tet worden sein soll.\n            <\/div>\n<p><\/p>\n<div class=\"Text-root Text-type_5 ArticleView-text ViewText-root \">\n<p>Einer Gruppe von Migranten in der spanischen nordafrikanischen Exklave Ceuta wird vorgeworfen, ein Delfinbaby aus dem Meer gezogen und zu Tode gepr\u00fcgelt zu haben; Ausl\u00f6ser f\u00fcr die Emp\u00f6rung im Internet waren verst\u00f6rende Videoaufnahmen.<\/p>\n<p>Wie die Lokalzeitung <em>El Faro de Ceuta<\/em> berichtete, wurde das Gro\u00dfe-T\u00fcmmler-Kalb am Mittwoch nahe dem Strand El Trampol\u00edn schwimmend gesichtet, bevor mehrere M\u00e4nner es aus dem Wasser zogen. Einer von ihnen soll das Tier mit einem Stock auf den Kopf geschlagen und es dabei t\u00f6dlich verletzt haben.<\/p>\n<p>Berichten zufolge stellte ein Strandmitarbeiter die Gruppe zur Rede, forderte sie auf, den Delfin nicht zu ber\u00fchren, und wies sie an, den Wildtiernotdienst zu verst\u00e4ndigen. Daraufhin versuchten sie, das Tier ins Meer zur\u00fcckzubringen, doch es schien bereits tot zu sein.<\/p>\n<p>Der in Ceuta ans\u00e4ssige Blogger Juan Ruiz filmte, wie Mitglieder der Gruppe den Delfin wie eine Troph\u00e4e in die H\u00f6he hielten, als er sich ihnen n\u00e4herte. &#8220;Ihr k\u00f6nnt das nicht mitnehmen, das ist ein Delfin, so etwas isst man nicht!&#8221;, rief er, bevor er wissen wollte, wer das Tier get\u00f6tet hatte.<\/p>\n<p>Als Personen aus der Gruppe offenbar behaupteten, das Tier sei bereits im Wasser tot gewesen, entgegnete Ruiz sarkastisch: &#8220;Ja, klar, es ist von selbst im Wasser gestorben.&#8221;<\/p>\n<div class=\"EmbedBlock-root EmbedBlock-video\">\n<div class=\"VideoEmbed\"><script src=\"https:\/\/de.russiatoday.com\/static\/libs\/jwplayer\/jwplayer-7.8.4\/jwplayer.js\"><\/script><\/p>\n<div class=\"mediaplayer\" id=\"mediaplayer-js-mediaplayer-6a9b0685b480cc6174118540-block\">\n<div id=\"js-mediaplayer-6a9b0685b480cc6174118540\"><\/div>\n<p><script src=\"https:\/\/de.russiatoday.com\/static\/js\/streamsense.4.1411.18.min.js\" type=\"text\/javascript\"><\/script><script type=\"text\/javascript\">\n                var myStreamingTag = new ns_.StreamingTag( { customerC2: '17935924', C3: 'deutsch' } );\n                                                                var metadata = {\n                    ns_st_ci: \"6a9b0685b480cc6174118540\", \/\/ \u0438\u0434\u0435\u043d\u0442\u0438\u0444\u0438\u043a\u0430\u0442\u043e\u0440 \u043a\u043e\u043d\u0442\u0435\u043d\u0442\u0430 (\u0432\u0438\u0434\u0435\u043e)\n                    c3: \"deutsch\",\n                    c4: \"*null\",\n                    c6: \"*null\"\n                };\n            <\/script><\/div>\n<p><script data-player-settings=\"https:\/\/de.russiatoday.com\/static\/js\/streamsense.4.1411.18.min.js\">\n        jwplayer.key=\"kESrsgULvYO7r2MfUelqj3vs+2i8JdQBqjGNmA==\";\n        jwplayer(\"js-mediaplayer-6a9b0685b480cc6174118540\").setup({\n            advertising: {\n                client: \"googima\",\n            },\n            file: \"https:\/\/mf.b37mrtl.ru\/deutsch\/video\/2026.09\/6a9b0685b480cc6174118540.mp4\",\n                                    image: \"https:\/\/mf.b37mrtl.ru\/deutsch\/images\/2026.09\/article\/6a9b067ab480cc62fe05b7dd.png\",\n            \/\/ stretching: 'fill',\n                        \/\/ title: \"Delfin\",\n            aspectratio: \"16:9\",\n            skin: {\n                name: \"five\",\n                active: \"#77bd1e\",\n                background: \"rgba(0, 0, 0, 0.5)\",\n                inactive: \"#FFFFFF\"\n            },\n            width: \"100%\",\n            autostart: false,\n            mute: false,\n            startparam: \"start\",\n            ga: {},\n                        sharing: {\n                code: encodeURI('\n<div style=\"position: relative;padding-bottom: 56.25%; padding-top: 25px; height: 0;\"><iframe style=\"position: absolute;top: 0;left: 0;width: 100%;height: 100%;\" src=\"' +\n                    location.protocol + '\/\/' + location.host + '\/europa\/290730-ceuta-migranten-sollen-delfinbaby-zu-tode-gepruegelt-haben\/\/video\/6a9b0685b480cc6174118540\" frameborder=\"0\" allowfullscreen><\/script><\/div>\n<p>&#8216;),<br \/>\n                link: &#8220;\/europa\/290730-ceuta-migranten-sollen-delfinbaby-zu-tode-gepruegelt-haben\/&#8221;<br \/>\n            },<br \/>\n                        events: {<br \/>\n                onPlay: function(){<br \/>\n                    myStreamingTag.playVideoContentPart(metadata);<br \/>\n                    var playingVideoId = &#8216;js-mediaplayer-6a9b0685b480cc6174118540&#8217;; \/\/ id \u0442\u0435\u043a\u0443\u0449\u0435\u0433\u043e \u043f\u043b\u0435\u0435\u0440\u0430<br \/>\n                    playersTmplBehavior.pauseMedia(playingVideoId); \/\/\u0437\u0430\u043f\u0443\u0441\u043a\u0430\u0435\u043c \u0444\u0443\u043d\u043a\u0446\u0438\u044e \u043e\u0441\u0442\u0430\u043d\u043e\u0432\u043a\u0438 \u0432\u0441\u0435\u0445 \u0438\u0433\u0440\u0430\u044e\u0449\u0438\u0445 \u043f\u043b\u0435\u0435\u0440\u043e\u0432 \u043a\u0440\u043e\u043c\u0435 \u044d\u0442\u043e\u0433\u043e \u041a\u043e\u043b<\/p>\n<p>                                    },<br \/>\n                onPause: function(){<br \/>\n                    myStreamingTag.stop();<br \/>\n                },<br \/>\n                onComplete: function(){<br \/>\n                    myStreamingTag.stop();<\/p>\n<p>                                    },<br \/>\n            }<br \/>\n        });<\/p>\n<p>        var playersTmplBehavior = {};<\/p>\n<p>        \/\/\u0424\u0443\u043d\u043a\u0446\u0438\u044f \u043f\u0440\u043e\u0431\u0435\u0433\u0430\u0435\u0442 \u043f\u043e \u0432\u0441\u0435\u043c \u043f\u043b\u0435\u0435\u0440\u0430\u043c jwplayer, \u043a\u0440\u043e\u043c\u0435 \u043f\u0435\u0440\u0435\u0434\u0430\u043d\u043d\u043e\u0433\u043e, \u0438 \u0441\u0442\u0430\u0432\u0438\u0442 \u0438\u0445 \u043d\u0430 \u043f\u0430\u0443\u0437\u0443<br \/>\n        playersTmplBehavior.pauseMedia = function(playingMediaId) {<br \/>\n            var players = document.querySelectorAll(&#8216;.jwplayer, object&#8217;);<\/p>\n<p>            for (var i = 0, max = players.length; i &lt; max; i++) {<br \/>\n                var currentMediaId = players[i].id;<br \/>\n                if( jwplayer(players[i]).getState() == &#8220;PLAYING&#8221; || jwplayer(players[i]).getState() == &#8220;BUFFERING&#8221; ) {<br \/>\n                    if(currentMediaId != playingMediaId){<br \/>\n                        jwplayer(players[i]).play(false);<br \/>\n                    }<br \/>\n                }<br \/>\n            }<br \/>\n        };\n    <\/p><\/div>\n<\/div>\n<p><br \/>\n<br \/><a href=\"https:\/\/de.rt.com\/europa\/290730-ceuta-migranten-sollen-delfinbaby-zu-tode-gepruegelt-haben\/\">Source link <\/a><\/p>\n","protected":false},"excerpt":{"rendered":"<p>Aufnahmen aus der spanischen Exklave Ceuta haben in den sozialen Medien Emp\u00f6rung ausgel\u00f6st. Diese sollen zeigen, wie ein von einer Gruppe von Migranten aus dem Meer gezogenes Delfinbaby get\u00f6tet worden sein soll. Einer Gruppe von Migranten in der spanischen nordafrikanischen Exklave Ceuta wird vorgeworfen, ein Delfinbaby aus dem Meer gezogen und zu Tode gepr\u00fcgelt zu [&hellip;]<\/p>\n","protected":false},"author":3,"featured_media":109958,"comment_status":"open","ping_status":"open","sticky":false,"template":"","format":"standard","meta":{"wp_automatic_camp":["217"],"4ace3d3cbd0b56e8158b196a9b44f6c9":["Ceuta: Migranten sollen Delfinbaby zu Tode gepr\u00fcgelt haben (VIDEO)"],"original_link":["https:\/\/de.rt.com\/europa\/290730-ceuta-migranten-sollen-delfinbaby-zu-tode-gepruegelt-haben\/"],"_thumbnail_id":["109958"],"enclosure":["https:\/\/mf.b37mrtl.ru\/deutsch\/video\/2026.09\/6a9b0685b480cc6174118540.mp4\n24663998\nvideo\/mp4\n"],"_wptgpro_p2tg_sent2tg":["a:1:{i:23737;s:19:\"2026-09-04 21:41:29\";}"],"jnews_social_counter_last_update":["1788647349"]},"categories":[19,23],"tags":[75063,76032,76033,771,14789,1677,9522,173],"class_list":["post-109957","post","type-post","status-publish","format-standard","has-post-thumbnail","hentry","category-deutschland","category-russland","tag-ceuta","tag-delfinbaby","tag-gepruegelt","tag-haben","tag-migranten","tag-sollen","tag-tode","tag-video"],"yoast_head":"<!-- This site is optimized with the Yoast SEO Premium plugin v22.7 (Yoast SEO v28.2) - https:\/\/yoast.com\/product\/yoast-seo-premium-wordpress\/ -->\n<title>Ceuta: Migranten sollen Delfinbaby zu Tode gepr\u00fcgelt haben (VIDEO) - just-now.NEWS Deutschland<\/title>\n<meta name=\"robots\" content=\"index, follow, max-snippet:-1, max-image-preview:large, max-video-preview:-1\" \/>\n<link rel=\"canonical\" href=\"https:\/\/now-news.de\/de\/deutschland\/ceuta-migranten-sollen-delfinbaby-zu-tode-gepruegelt-haben-video\/\" \/>\n<meta property=\"og:locale\" content=\"de_DE\" \/>\n<meta property=\"og:type\" content=\"article\" \/>\n<meta property=\"og:title\" content=\"Ceuta: Migranten sollen Delfinbaby zu Tode gepr\u00fcgelt haben (VIDEO)\" \/>\n<meta property=\"og:description\" content=\"Aufnahmen aus der spanischen Exklave Ceuta haben in den sozialen Medien Emp\u00f6rung ausgel\u00f6st. Diese sollen zeigen, wie ein von einer Gruppe von Migranten aus dem Meer gezogenes Delfinbaby get\u00f6tet worden sein soll. Einer Gruppe von Migranten in der spanischen nordafrikanischen Exklave Ceuta wird vorgeworfen, ein Delfinbaby aus dem Meer gezogen und zu Tode gepr\u00fcgelt zu [&hellip;]\" \/>\n<meta property=\"og:url\" content=\"https:\/\/now-news.de\/de\/deutschland\/ceuta-migranten-sollen-delfinbaby-zu-tode-gepruegelt-haben-video\/\" \/>\n<meta property=\"og:site_name\" content=\"just-now.NEWS Deutschland\" \/>\n<meta property=\"article:publisher\" content=\"https:\/\/www.facebook.com\/wirmachenauf\" \/>\n<meta property=\"article:published_time\" content=\"2026-09-04T19:24:50+00:00\" \/>\n<meta property=\"og:image\" content=\"https:\/\/now-news.de\/de\/wp-content\/uploads\/sites\/3\/2026\/09\/6a9b0f1f48fbef3bbe60ad69.jpg\" \/>\n<meta name=\"author\" content=\"rtnews\" \/>\n<meta name=\"twitter:card\" content=\"summary_large_image\" \/>\n<meta name=\"twitter:creator\" content=\"@WirMachenAuf_de\" \/>\n<meta name=\"twitter:site\" content=\"@WirMachenAuf_de\" \/>\n<meta name=\"twitter:label1\" content=\"Verfasst von\" \/>\n\t<meta name=\"twitter:data1\" content=\"rtnews\" \/>\n\t<meta name=\"twitter:label2\" content=\"Gesch\u00e4tzte Lesezeit\" \/>\n\t<meta name=\"twitter:data2\" content=\"2\u00a0Minuten\" \/>\n<script type=\"application\/ld+json\" class=\"yoast-schema-graph\">{\"@context\":\"https:\\\/\\\/schema.org\",\"@graph\":[{\"@type\":\"Article\",\"@id\":\"https:\\\/\\\/now-news.de\\\/de\\\/deutschland\\\/ceuta-migranten-sollen-delfinbaby-zu-tode-gepruegelt-haben-video\\\/#article\",\"isPartOf\":{\"@id\":\"https:\\\/\\\/now-news.de\\\/de\\\/deutschland\\\/ceuta-migranten-sollen-delfinbaby-zu-tode-gepruegelt-haben-video\\\/\"},\"author\":{\"name\":\"rtnews\",\"@id\":\"https:\\\/\\\/now-news.de\\\/de\\\/#\\\/schema\\\/person\\\/fb534a4e865501d8b3285208df34a9b5\"},\"headline\":\"Ceuta: Migranten sollen Delfinbaby zu Tode gepr\u00fcgelt haben (VIDEO)\",\"datePublished\":\"2026-09-04T19:24:50+00:00\",\"mainEntityOfPage\":{\"@id\":\"https:\\\/\\\/now-news.de\\\/de\\\/deutschland\\\/ceuta-migranten-sollen-delfinbaby-zu-tode-gepruegelt-haben-video\\\/\"},\"wordCount\":363,\"commentCount\":0,\"publisher\":{\"@id\":\"https:\\\/\\\/now-news.de\\\/de\\\/#organization\"},\"image\":{\"@id\":\"https:\\\/\\\/now-news.de\\\/de\\\/deutschland\\\/ceuta-migranten-sollen-delfinbaby-zu-tode-gepruegelt-haben-video\\\/#primaryimage\"},\"thumbnailUrl\":\"https:\\\/\\\/now-news.de\\\/de\\\/wp-content\\\/uploads\\\/sites\\\/3\\\/2026\\\/09\\\/Ceuta-Migranten-sollen-Delfinbaby-zu-Tode-gepruegelt-haben-VIDEO.jpg\",\"keywords\":[\"Ceuta\",\"Delfinbaby\",\"gepr\u00fcgelt\",\"haben\",\"Migranten\",\"sollen\",\"Tode\",\"Video\"],\"articleSection\":[\"Deutschland\",\"Russland\"],\"inLanguage\":\"de\",\"potentialAction\":[{\"@type\":\"CommentAction\",\"name\":\"Comment\",\"target\":[\"https:\\\/\\\/now-news.de\\\/de\\\/deutschland\\\/ceuta-migranten-sollen-delfinbaby-zu-tode-gepruegelt-haben-video\\\/#respond\"]}]},{\"@type\":\"WebPage\",\"@id\":\"https:\\\/\\\/now-news.de\\\/de\\\/deutschland\\\/ceuta-migranten-sollen-delfinbaby-zu-tode-gepruegelt-haben-video\\\/\",\"url\":\"https:\\\/\\\/now-news.de\\\/de\\\/deutschland\\\/ceuta-migranten-sollen-delfinbaby-zu-tode-gepruegelt-haben-video\\\/\",\"name\":\"Ceuta: Migranten sollen Delfinbaby zu Tode gepr\u00fcgelt haben (VIDEO) - just-now.NEWS Deutschland\",\"isPartOf\":{\"@id\":\"https:\\\/\\\/now-news.de\\\/de\\\/#website\"},\"primaryImageOfPage\":{\"@id\":\"https:\\\/\\\/now-news.de\\\/de\\\/deutschland\\\/ceuta-migranten-sollen-delfinbaby-zu-tode-gepruegelt-haben-video\\\/#primaryimage\"},\"image\":{\"@id\":\"https:\\\/\\\/now-news.de\\\/de\\\/deutschland\\\/ceuta-migranten-sollen-delfinbaby-zu-tode-gepruegelt-haben-video\\\/#primaryimage\"},\"thumbnailUrl\":\"https:\\\/\\\/now-news.de\\\/de\\\/wp-content\\\/uploads\\\/sites\\\/3\\\/2026\\\/09\\\/Ceuta-Migranten-sollen-Delfinbaby-zu-Tode-gepruegelt-haben-VIDEO.jpg\",\"datePublished\":\"2026-09-04T19:24:50+00:00\",\"breadcrumb\":{\"@id\":\"https:\\\/\\\/now-news.de\\\/de\\\/deutschland\\\/ceuta-migranten-sollen-delfinbaby-zu-tode-gepruegelt-haben-video\\\/#breadcrumb\"},\"inLanguage\":\"de\",\"potentialAction\":[{\"@type\":\"ReadAction\",\"target\":[\"https:\\\/\\\/now-news.de\\\/de\\\/deutschland\\\/ceuta-migranten-sollen-delfinbaby-zu-tode-gepruegelt-haben-video\\\/\"]}]},{\"@type\":\"ImageObject\",\"inLanguage\":\"de\",\"@id\":\"https:\\\/\\\/now-news.de\\\/de\\\/deutschland\\\/ceuta-migranten-sollen-delfinbaby-zu-tode-gepruegelt-haben-video\\\/#primaryimage\",\"url\":\"https:\\\/\\\/now-news.de\\\/de\\\/wp-content\\\/uploads\\\/sites\\\/3\\\/2026\\\/09\\\/Ceuta-Migranten-sollen-Delfinbaby-zu-Tode-gepruegelt-haben-VIDEO.jpg\",\"contentUrl\":\"https:\\\/\\\/now-news.de\\\/de\\\/wp-content\\\/uploads\\\/sites\\\/3\\\/2026\\\/09\\\/Ceuta-Migranten-sollen-Delfinbaby-zu-Tode-gepruegelt-haben-VIDEO.jpg\",\"width\":460,\"height\":259,\"caption\":\"Ceuta: Migranten sollen Delfinbaby zu Tode gepr\u00fcgelt haben (VIDEO)\"},{\"@type\":\"BreadcrumbList\",\"@id\":\"https:\\\/\\\/now-news.de\\\/de\\\/deutschland\\\/ceuta-migranten-sollen-delfinbaby-zu-tode-gepruegelt-haben-video\\\/#breadcrumb\",\"itemListElement\":[{\"@type\":\"ListItem\",\"position\":1,\"name\":\"Home\",\"item\":\"https:\\\/\\\/now-news.de\\\/de\\\/\"},{\"@type\":\"ListItem\",\"position\":2,\"name\":\"Ceuta: Migranten sollen Delfinbaby zu Tode gepr\u00fcgelt haben (VIDEO)\"}]},{\"@type\":\"WebSite\",\"@id\":\"https:\\\/\\\/now-news.de\\\/de\\\/#website\",\"url\":\"https:\\\/\\\/now-news.de\\\/de\\\/\",\"name\":\"just-now.NEWS Deutschland\",\"description\":\"Das Portal f\u00fcr unzensierte Nachrichten aus der Welt\",\"publisher\":{\"@id\":\"https:\\\/\\\/now-news.de\\\/de\\\/#organization\"},\"potentialAction\":[{\"@type\":\"SearchAction\",\"target\":{\"@type\":\"EntryPoint\",\"urlTemplate\":\"https:\\\/\\\/now-news.de\\\/de\\\/?s={search_term_string}\"},\"query-input\":{\"@type\":\"PropertyValueSpecification\",\"valueRequired\":true,\"valueName\":\"search_term_string\"}}],\"inLanguage\":\"de\"},{\"@type\":\"Organization\",\"@id\":\"https:\\\/\\\/now-news.de\\\/de\\\/#organization\",\"name\":\"Just Now News\",\"url\":\"https:\\\/\\\/now-news.de\\\/de\\\/\",\"logo\":{\"@type\":\"ImageObject\",\"inLanguage\":\"de\",\"@id\":\"https:\\\/\\\/now-news.de\\\/de\\\/#\\\/schema\\\/logo\\\/image\\\/\",\"url\":\"http:\\\/\\\/just-now.news\\\/de\\\/wp-content\\\/uploads\\\/sites\\\/3\\\/2022\\\/04\\\/logo500x500.jpg\",\"contentUrl\":\"http:\\\/\\\/just-now.news\\\/de\\\/wp-content\\\/uploads\\\/sites\\\/3\\\/2022\\\/04\\\/logo500x500.jpg\",\"width\":500,\"height\":500,\"caption\":\"Just Now News\"},\"image\":{\"@id\":\"https:\\\/\\\/now-news.de\\\/de\\\/#\\\/schema\\\/logo\\\/image\\\/\"},\"sameAs\":[\"https:\\\/\\\/www.facebook.com\\\/wirmachenauf\",\"https:\\\/\\\/x.com\\\/WirMachenAuf_de\"]},{\"@type\":\"Person\",\"@id\":\"https:\\\/\\\/now-news.de\\\/de\\\/#\\\/schema\\\/person\\\/fb534a4e865501d8b3285208df34a9b5\",\"name\":\"rtnews\",\"image\":{\"@type\":\"ImageObject\",\"inLanguage\":\"de\",\"@id\":\"https:\\\/\\\/secure.gravatar.com\\\/avatar\\\/358fe31b3ab5769fea05376e1953329834cd9912cf9daf607e2af3076a1b982b?s=96&d=mm&r=g\",\"url\":\"https:\\\/\\\/secure.gravatar.com\\\/avatar\\\/358fe31b3ab5769fea05376e1953329834cd9912cf9daf607e2af3076a1b982b?s=96&d=mm&r=g\",\"contentUrl\":\"https:\\\/\\\/secure.gravatar.com\\\/avatar\\\/358fe31b3ab5769fea05376e1953329834cd9912cf9daf607e2af3076a1b982b?s=96&d=mm&r=g\",\"caption\":\"rtnews\"},\"url\":\"https:\\\/\\\/now-news.de\\\/de\\\/author\\\/rnews\\\/\"}]}<\/script>\n<!-- \/ Yoast SEO Premium plugin. -->","yoast_head_json":{"title":"Ceuta: Migranten sollen Delfinbaby zu Tode gepr\u00fcgelt haben (VIDEO) - just-now.NEWS Deutschland","robots":{"index":"index","follow":"follow","max-snippet":"max-snippet:-1","max-image-preview":"max-image-preview:large","max-video-preview":"max-video-preview:-1"},"canonical":"https:\/\/now-news.de\/de\/deutschland\/ceuta-migranten-sollen-delfinbaby-zu-tode-gepruegelt-haben-video\/","og_locale":"de_DE","og_type":"article","og_title":"Ceuta: Migranten sollen Delfinbaby zu Tode gepr\u00fcgelt haben (VIDEO)","og_description":"Aufnahmen aus der spanischen Exklave Ceuta haben in den sozialen Medien Emp\u00f6rung ausgel\u00f6st. Diese sollen zeigen, wie ein von einer Gruppe von Migranten aus dem Meer gezogenes Delfinbaby get\u00f6tet worden sein soll. Einer Gruppe von Migranten in der spanischen nordafrikanischen Exklave Ceuta wird vorgeworfen, ein Delfinbaby aus dem Meer gezogen und zu Tode gepr\u00fcgelt zu [&hellip;]","og_url":"https:\/\/now-news.de\/de\/deutschland\/ceuta-migranten-sollen-delfinbaby-zu-tode-gepruegelt-haben-video\/","og_site_name":"just-now.NEWS Deutschland","article_publisher":"https:\/\/www.facebook.com\/wirmachenauf","article_published_time":"2026-09-04T19:24:50+00:00","og_image":[{"url":"https:\/\/now-news.de\/de\/wp-content\/uploads\/sites\/3\/2026\/09\/6a9b0f1f48fbef3bbe60ad69.jpg","type":"","width":"","height":""}],"author":"rtnews","twitter_card":"summary_large_image","twitter_creator":"@WirMachenAuf_de","twitter_site":"@WirMachenAuf_de","twitter_misc":{"Verfasst von":"rtnews","Gesch\u00e4tzte Lesezeit":"2\u00a0Minuten"},"schema":{"@context":"https:\/\/schema.org","@graph":[{"@type":"Article","@id":"https:\/\/now-news.de\/de\/deutschland\/ceuta-migranten-sollen-delfinbaby-zu-tode-gepruegelt-haben-video\/#article","isPartOf":{"@id":"https:\/\/now-news.de\/de\/deutschland\/ceuta-migranten-sollen-delfinbaby-zu-tode-gepruegelt-haben-video\/"},"author":{"name":"rtnews","@id":"https:\/\/now-news.de\/de\/#\/schema\/person\/fb534a4e865501d8b3285208df34a9b5"},"headline":"Ceuta: Migranten sollen Delfinbaby zu Tode gepr\u00fcgelt haben (VIDEO)","datePublished":"2026-09-04T19:24:50+00:00","mainEntityOfPage":{"@id":"https:\/\/now-news.de\/de\/deutschland\/ceuta-migranten-sollen-delfinbaby-zu-tode-gepruegelt-haben-video\/"},"wordCount":363,"commentCount":0,"publisher":{"@id":"https:\/\/now-news.de\/de\/#organization"},"image":{"@id":"https:\/\/now-news.de\/de\/deutschland\/ceuta-migranten-sollen-delfinbaby-zu-tode-gepruegelt-haben-video\/#primaryimage"},"thumbnailUrl":"https:\/\/now-news.de\/de\/wp-content\/uploads\/sites\/3\/2026\/09\/Ceuta-Migranten-sollen-Delfinbaby-zu-Tode-gepruegelt-haben-VIDEO.jpg","keywords":["Ceuta","Delfinbaby","gepr\u00fcgelt","haben","Migranten","sollen","Tode","Video"],"articleSection":["Deutschland","Russland"],"inLanguage":"de","potentialAction":[{"@type":"CommentAction","name":"Comment","target":["https:\/\/now-news.de\/de\/deutschland\/ceuta-migranten-sollen-delfinbaby-zu-tode-gepruegelt-haben-video\/#respond"]}]},{"@type":"WebPage","@id":"https:\/\/now-news.de\/de\/deutschland\/ceuta-migranten-sollen-delfinbaby-zu-tode-gepruegelt-haben-video\/","url":"https:\/\/now-news.de\/de\/deutschland\/ceuta-migranten-sollen-delfinbaby-zu-tode-gepruegelt-haben-video\/","name":"Ceuta: Migranten sollen Delfinbaby zu Tode gepr\u00fcgelt haben (VIDEO) - just-now.NEWS Deutschland","isPartOf":{"@id":"https:\/\/now-news.de\/de\/#website"},"primaryImageOfPage":{"@id":"https:\/\/now-news.de\/de\/deutschland\/ceuta-migranten-sollen-delfinbaby-zu-tode-gepruegelt-haben-video\/#primaryimage"},"image":{"@id":"https:\/\/now-news.de\/de\/deutschland\/ceuta-migranten-sollen-delfinbaby-zu-tode-gepruegelt-haben-video\/#primaryimage"},"thumbnailUrl":"https:\/\/now-news.de\/de\/wp-content\/uploads\/sites\/3\/2026\/09\/Ceuta-Migranten-sollen-Delfinbaby-zu-Tode-gepruegelt-haben-VIDEO.jpg","datePublished":"2026-09-04T19:24:50+00:00","breadcrumb":{"@id":"https:\/\/now-news.de\/de\/deutschland\/ceuta-migranten-sollen-delfinbaby-zu-tode-gepruegelt-haben-video\/#breadcrumb"},"inLanguage":"de","potentialAction":[{"@type":"ReadAction","target":["https:\/\/now-news.de\/de\/deutschland\/ceuta-migranten-sollen-delfinbaby-zu-tode-gepruegelt-haben-video\/"]}]},{"@type":"ImageObject","inLanguage":"de","@id":"https:\/\/now-news.de\/de\/deutschland\/ceuta-migranten-sollen-delfinbaby-zu-tode-gepruegelt-haben-video\/#primaryimage","url":"https:\/\/now-news.de\/de\/wp-content\/uploads\/sites\/3\/2026\/09\/Ceuta-Migranten-sollen-Delfinbaby-zu-Tode-gepruegelt-haben-VIDEO.jpg","contentUrl":"https:\/\/now-news.de\/de\/wp-content\/uploads\/sites\/3\/2026\/09\/Ceuta-Migranten-sollen-Delfinbaby-zu-Tode-gepruegelt-haben-VIDEO.jpg","width":460,"height":259,"caption":"Ceuta: Migranten sollen Delfinbaby zu Tode gepr\u00fcgelt haben (VIDEO)"},{"@type":"BreadcrumbList","@id":"https:\/\/now-news.de\/de\/deutschland\/ceuta-migranten-sollen-delfinbaby-zu-tode-gepruegelt-haben-video\/#breadcrumb","itemListElement":[{"@type":"ListItem","position":1,"name":"Home","item":"https:\/\/now-news.de\/de\/"},{"@type":"ListItem","position":2,"name":"Ceuta: Migranten sollen Delfinbaby zu Tode gepr\u00fcgelt haben (VIDEO)"}]},{"@type":"WebSite","@id":"https:\/\/now-news.de\/de\/#website","url":"https:\/\/now-news.de\/de\/","name":"just-now.NEWS Deutschland","description":"Das Portal f\u00fcr unzensierte Nachrichten aus der Welt","publisher":{"@id":"https:\/\/now-news.de\/de\/#organization"},"potentialAction":[{"@type":"SearchAction","target":{"@type":"EntryPoint","urlTemplate":"https:\/\/now-news.de\/de\/?s={search_term_string}"},"query-input":{"@type":"PropertyValueSpecification","valueRequired":true,"valueName":"search_term_string"}}],"inLanguage":"de"},{"@type":"Organization","@id":"https:\/\/now-news.de\/de\/#organization","name":"Just Now News","url":"https:\/\/now-news.de\/de\/","logo":{"@type":"ImageObject","inLanguage":"de","@id":"https:\/\/now-news.de\/de\/#\/schema\/logo\/image\/","url":"http:\/\/just-now.news\/de\/wp-content\/uploads\/sites\/3\/2022\/04\/logo500x500.jpg","contentUrl":"http:\/\/just-now.news\/de\/wp-content\/uploads\/sites\/3\/2022\/04\/logo500x500.jpg","width":500,"height":500,"caption":"Just Now News"},"image":{"@id":"https:\/\/now-news.de\/de\/#\/schema\/logo\/image\/"},"sameAs":["https:\/\/www.facebook.com\/wirmachenauf","https:\/\/x.com\/WirMachenAuf_de"]},{"@type":"Person","@id":"https:\/\/now-news.de\/de\/#\/schema\/person\/fb534a4e865501d8b3285208df34a9b5","name":"rtnews","image":{"@type":"ImageObject","inLanguage":"de","@id":"https:\/\/secure.gravatar.com\/avatar\/358fe31b3ab5769fea05376e1953329834cd9912cf9daf607e2af3076a1b982b?s=96&d=mm&r=g","url":"https:\/\/secure.gravatar.com\/avatar\/358fe31b3ab5769fea05376e1953329834cd9912cf9daf607e2af3076a1b982b?s=96&d=mm&r=g","contentUrl":"https:\/\/secure.gravatar.com\/avatar\/358fe31b3ab5769fea05376e1953329834cd9912cf9daf607e2af3076a1b982b?s=96&d=mm&r=g","caption":"rtnews"},"url":"https:\/\/now-news.de\/de\/author\/rnews\/"}]}},"_links":{"self":[{"href":"https:\/\/now-news.de\/de\/wp-json\/wp\/v2\/posts\/109957","targetHints":{"allow":["GET"]}}],"collection":[{"href":"https:\/\/now-news.de\/de\/wp-json\/wp\/v2\/posts"}],"about":[{"href":"https:\/\/now-news.de\/de\/wp-json\/wp\/v2\/types\/post"}],"author":[{"embeddable":true,"href":"https:\/\/now-news.de\/de\/wp-json\/wp\/v2\/users\/3"}],"replies":[{"embeddable":true,"href":"https:\/\/now-news.de\/de\/wp-json\/wp\/v2\/comments?post=109957"}],"version-history":[{"count":0,"href":"https:\/\/now-news.de\/de\/wp-json\/wp\/v2\/posts\/109957\/revisions"}],"wp:featuredmedia":[{"embeddable":true,"href":"https:\/\/now-news.de\/de\/wp-json\/wp\/v2\/media\/109958"}],"wp:attachment":[{"href":"https:\/\/now-news.de\/de\/wp-json\/wp\/v2\/media?parent=109957"}],"wp:term":[{"taxonomy":"category","embeddable":true,"href":"https:\/\/now-news.de\/de\/wp-json\/wp\/v2\/categories?post=109957"},{"taxonomy":"post_tag","embeddable":true,"href":"https:\/\/now-news.de\/de\/wp-json\/wp\/v2\/tags?post=109957"}],"curies":[{"name":"wp","href":"https:\/\/api.w.org\/{rel}","templated":true}]}}