{"id":109949,"date":"2026-09-04T18:56:23","date_gmt":"2026-09-04T16:56:23","guid":{"rendered":"https:\/\/now-news.de\/de\/deutschland\/bericht-sechs-ukrainer-wegen-drohnenangriffs-auf-passagierflugzeug-in-indischer-haft\/"},"modified":"2026-09-04T18:56:23","modified_gmt":"2026-09-04T16:56:23","slug":"bericht-sechs-ukrainer-wegen-drohnenangriffs-auf-passagierflugzeug-in-indischer-haft","status":"publish","type":"post","link":"https:\/\/now-news.de\/de\/deutschland\/bericht-sechs-ukrainer-wegen-drohnenangriffs-auf-passagierflugzeug-in-indischer-haft\/","title":{"rendered":"Bericht: Sechs Ukrainer wegen Drohnenangriffs auf Passagierflugzeug in indischer Haft"},"content":{"rendered":"<p><img decoding=\"async\" src=\"https:\/\/now-news.de\/de\/wp-content\/uploads\/sites\/3\/2026\/09\/6a9aeb4b48fbef7d307a18b7.jpg\" \/><\/p>\n<div class=\"Text-root Text-type_1 \">\n                Indiens Anti-Terror-Beh\u00f6rde teilte einem Gericht mit, sie verf\u00fcge \u00fcber glaubw\u00fcrdige Informationen, wonach sechs Ukrainer und ein US-Amerikaner an einem Drohnenangriff auf ein ziviles Flugzeug im Nachbarland Myanmar beteiligt waren. Kiew wies &#8220;Unterstellungen bez\u00fcglich einer m\u00f6glichen Verwicklung&#8221; zur\u00fcck und forderte die Freilassung der Ukrainer.\n            <\/div>\n<p><\/p>\n<div class=\"Text-root Text-type_5 ArticleView-text ViewText-root \">\n<p>Wie die indische Anti-Terror-Beh\u00f6rde vor einem Gericht in Neu-Delhi mitteilte, waren sechs Ukrainer und ein US-Amerikaner, die derzeit in Indien inhaftiert sind, mutma\u00dflich an einem Drohnenangriff auf ein ziviles Flugzeug im benachbarten Myanmar beteiligt.<\/p>\n<p>Die sieben M\u00e4nner, die als S\u00f6ldner bezeichnet werden, waren im M\u00e4rz von der National Investigation Agency (NIA) in verschiedenen indischen St\u00e4dten <a rel=\"nofollow\" target=\"_blank\" href=\"https:\/\/de-rtnews.com\/international\/273806-indien-verhaftet-ukrainische-und-us\/\">festgenommen worden<\/a>, als sie versuchten, das Land zu verlassen.<\/p>\n<p>Die indische Regierung &#8220;hat glaubw\u00fcrdige Informationen erhalten, die auf die Beteiligung bestimmter ukrainischer und US-amerikanischer Staatsangeh\u00f6riger an einem Drohnenangriff auf ein ziviles Flugzeug in Myanmar hinweisen&#8221;, erkl\u00e4rte die Beh\u00f6rde am 19. August vor einem Gericht in Neu-Delhi. Sie beantragte dabei die Erlaubnis, zwei Mitglieder der Gruppe \u2013 den Ukrainer Wiktor Kaminski und den US-Amerikaner Matthew VanDyke \u2013 im Gef\u00e4ngnis vernehmen zu d\u00fcrfen.<\/p>\n<p>Das Gericht gab dem Antrag der Beh\u00f6rde statt. Einzelheiten aus den Gerichtsunterlagen wurden am Freitag vom <em>Indian Express<\/em> ver\u00f6ffentlicht.<\/p>\n<p>Nach Angaben der Beh\u00f6rde waren 14 Ukrainer zu unterschiedlichen Zeitpunkten mit Touristenvisa nach Indien eingereist und nach Guwahati im nord\u00f6stlichen Bundesstaat Assam geflogen. Von dort aus reisten sie ohne die erforderlichen Genehmigungen in den Bundesstaat Mizoram und \u00fcberquerten illegal die Grenze nach Myanmar, um dort eine &#8220;im Vorfeld geplante Ausbildung in Drohnenkriegsf\u00fchrung, Drohneneinsatz, Montage und St\u00f6rtechnologie&#8221; f\u00fcr bewaffnete ethnische Gruppen durchzuf\u00fchren, die gegen die Milit\u00e4rregierung k\u00e4mpfen.<\/p>\n<p>Medienberichten aus Myanmar zufolge traf eine Drohne am 20. Februar eine ATR-72-600 der Myanmar National Airlines, die sich gerade auf den Abflug vom Flughafen Myitkyina nach Mandalay vorbereitete. Das Flugzeug, an dessen Bord sich zum Zeitpunkt des Angriffs Passagiere befanden, trug Sch\u00e4den an der Flugzeugnase, am Rumpfmittelteil und am Heck davon. Es ist unklar, ob sich die Angaben der NIA auf denselben Angriff bezogen.<\/p>\n<p>Bei der Drohne handelte es sich um ein FPV-Modell (First-Person View), das im Ukraine-Konflikt weit verbreitet ist. Die S\u00f6ldner wurden am 13. M\u00e4rz festgenommen, nachdem sie nach Indien zur\u00fcckgekehrt waren.<\/p>\n<p>Die NIA teilte mit, dass viele der ethnisch gepr\u00e4gten bewaffneten Gruppen in Myanmar bekannterma\u00dfen auch bestimmte verbotene Gruppen in Indien mit Waffen, milit\u00e4rischer Ausr\u00fcstung und Ausbildung unterst\u00fctzen.<\/p>\n<p>Zuvor hatte die Beh\u00f6rde erkl\u00e4rt, sie habe festgestellt, dass die Beschuldigten mehrere aus Europa stammende Drohnenlieferungen an Einzelpersonen und Gruppen in Mizoram \u00fcbergeben h\u00e4tten. Die festgenommenen S\u00f6ldner sollen zudem gestanden haben, in Kontakt mit &#8220;unbekannten Terroristen, die mit AK-47-Gewehren bewaffnet waren&#8221;, gestanden zu haben und deren Aktivit\u00e4ten unterst\u00fctzt zu haben.<\/p>\n<p>Die Beh\u00f6rde gab an, Kaminski und VanDyke mit bestimmten Zeugenaussagen konfrontieren zu wollen, um &#8220;die umfassendere Verschw\u00f6rung&#8221; in diesem Fall sowie Einzelheiten zu den weiteren Verd\u00e4chtigen und den Drahtziehern der Operation aufzudecken.<\/p>\n<p>Den Angaben zufolge enthielten die von den Beschuldigten sichergestellten Ger\u00e4te unter anderem Bilder, Videos und Sprachaufnahmen, deren Inhalte durch direkte Befragungen verifiziert werden m\u00fcssen.<\/p>\n<p>Kurz nach ihrer Festnahme wies die Ukraine &#8220;jegliche Unterstellungen bez\u00fcglich einer m\u00f6glichen Verwicklung des ukrainischen Staates in die Unterst\u00fctzung terroristischer Aktivit\u00e4ten&#8221; zur\u00fcck und forderte Indien auf, ihre Staatsangeh\u00f6rigen freizulassen.<\/p>\n<p>Der US-Amerikaner VanDyke ist Gr\u00fcnder von &#8220;Sons of Liberty International&#8221;, einer Organisation, die milit\u00e4rische Ausbildung in Konfliktgebieten anbietet. Berichten zufolge war er bereits an anderen Konflikten beteiligt gewesen, unter anderem an K\u00e4mpfen an der Seite libyscher Islamisten im Jahr 2011, die mit NATO-Unterst\u00fctzung gegen Staatschef Muammar al-Gaddafi gek\u00e4mpft hatten.<\/p>\n<p>Im Juli gestattete ihm das Gericht spezielle Verpflegung und einen Koch, nachdem er sich dar\u00fcber beklagt hatte, dass die &#8220;scharfe und fettige&#8221; Gef\u00e4ngniskost seiner Gesundheit schade; seinen Antrag auf Behandlung in einem Privatkrankenhaus sowie auf Kommunikation mit seiner Familie in den USA lehnte das Gericht jedoch ab.<\/p>\n<p><strong>Mehr zum Thema<\/strong>\u00a0\u2013 <a rel=\"nofollow\" target=\"_blank\" href=\"https:\/\/de-rtnews.com\/amerika\/255541-bericht-mexikanisches-kartell-wurde-in\/\">Bericht: Mexikanisches Kartell wurde in der Ukraine in Drohnen-Kriegsf\u00fchrung unterrichtet <\/a><\/p>\n<div class=\"EmbedBlock-root EmbedBlock-externalVideo EmbedBlock-rumble\">\n<div class=\"VkEmbed\"><iframe class=\"lazyload\" data-src=\"https:\/\/rumble.com\/embed\/v778lx6\" frameborder=\"0\" width=\"853\" height=\"480\" allowfullscreen><\/iframe><\/div>\n<\/div>\n<\/div>\n<p><br \/>\n<br \/><a href=\"https:\/\/de.rt.com\/asien\/290698-bericht-sechs-ukrainer-in-indischer-haft\/\">Source link <\/a><\/p>\n","protected":false},"excerpt":{"rendered":"<p>Indiens Anti-Terror-Beh\u00f6rde teilte einem Gericht mit, sie verf\u00fcge \u00fcber glaubw\u00fcrdige Informationen, wonach sechs Ukrainer und ein US-Amerikaner an einem Drohnenangriff auf ein ziviles Flugzeug im Nachbarland Myanmar beteiligt waren. Kiew wies &#8220;Unterstellungen bez\u00fcglich einer m\u00f6glichen Verwicklung&#8221; zur\u00fcck und forderte die Freilassung der Ukrainer. Wie die indische Anti-Terror-Beh\u00f6rde vor einem Gericht in Neu-Delhi mitteilte, waren sechs [&hellip;]<\/p>\n","protected":false},"author":3,"featured_media":109950,"comment_status":"open","ping_status":"open","sticky":false,"template":"","format":"standard","meta":{"wp_automatic_camp":["217"],"18b807d1be00c8239112b74938455500":["Bericht: Sechs Ukrainer wegen Drohnenangriffs auf Passagierflugzeug in indischer Haft"],"original_link":["https:\/\/de.rt.com\/asien\/290698-bericht-sechs-ukrainer-in-indischer-haft\/"],"_thumbnail_id":["109950"],"_wptgpro_p2tg_sent2tg":["a:1:{i:23737;s:19:\"2026-09-04 19:00:34\";}"],"jnews_social_counter_last_update":["1788548434"]},"categories":[19,23],"tags":[133,667,56807,19011,45344,50307,14558,5757,145],"class_list":["post-109949","post","type-post","status-publish","format-standard","has-post-thumbnail","hentry","category-deutschland","category-russland","tag-auf","tag-bericht","tag-drohnenangriffs","tag-haft","tag-indischer","tag-passagierflugzeug","tag-sechs","tag-ukrainer","tag-wegen"],"yoast_head":"<!-- This site is optimized with the Yoast SEO Premium plugin v22.7 (Yoast SEO v28.2) - https:\/\/yoast.com\/product\/yoast-seo-premium-wordpress\/ -->\n<title>Bericht: Sechs Ukrainer wegen Drohnenangriffs auf Passagierflugzeug in indischer Haft - just-now.NEWS Deutschland<\/title>\n<meta name=\"robots\" content=\"index, follow, max-snippet:-1, max-image-preview:large, max-video-preview:-1\" \/>\n<link rel=\"canonical\" href=\"https:\/\/now-news.de\/de\/deutschland\/bericht-sechs-ukrainer-wegen-drohnenangriffs-auf-passagierflugzeug-in-indischer-haft\/\" \/>\n<meta property=\"og:locale\" content=\"de_DE\" \/>\n<meta property=\"og:type\" content=\"article\" \/>\n<meta property=\"og:title\" content=\"Bericht: Sechs Ukrainer wegen Drohnenangriffs auf Passagierflugzeug in indischer Haft\" \/>\n<meta property=\"og:description\" content=\"Indiens Anti-Terror-Beh\u00f6rde teilte einem Gericht mit, sie verf\u00fcge \u00fcber glaubw\u00fcrdige Informationen, wonach sechs Ukrainer und ein US-Amerikaner an einem Drohnenangriff auf ein ziviles Flugzeug im Nachbarland Myanmar beteiligt waren. Kiew wies &#8220;Unterstellungen bez\u00fcglich einer m\u00f6glichen Verwicklung&#8221; zur\u00fcck und forderte die Freilassung der Ukrainer. Wie die indische Anti-Terror-Beh\u00f6rde vor einem Gericht in Neu-Delhi mitteilte, waren sechs [&hellip;]\" \/>\n<meta property=\"og:url\" content=\"https:\/\/now-news.de\/de\/deutschland\/bericht-sechs-ukrainer-wegen-drohnenangriffs-auf-passagierflugzeug-in-indischer-haft\/\" \/>\n<meta property=\"og:site_name\" content=\"just-now.NEWS Deutschland\" \/>\n<meta property=\"article:publisher\" content=\"https:\/\/www.facebook.com\/wirmachenauf\" \/>\n<meta property=\"article:published_time\" content=\"2026-09-04T16:56:23+00:00\" \/>\n<meta property=\"og:image\" content=\"https:\/\/now-news.de\/de\/wp-content\/uploads\/sites\/3\/2026\/09\/6a9aeb4b48fbef7d307a18b7.jpg\" \/>\n<meta name=\"author\" content=\"rtnews\" \/>\n<meta name=\"twitter:card\" content=\"summary_large_image\" \/>\n<meta name=\"twitter:creator\" content=\"@WirMachenAuf_de\" \/>\n<meta name=\"twitter:site\" content=\"@WirMachenAuf_de\" \/>\n<meta name=\"twitter:label1\" content=\"Verfasst von\" \/>\n\t<meta name=\"twitter:data1\" content=\"rtnews\" \/>\n\t<meta name=\"twitter:label2\" content=\"Gesch\u00e4tzte Lesezeit\" \/>\n\t<meta name=\"twitter:data2\" content=\"3\u00a0Minuten\" \/>\n<script type=\"application\/ld+json\" class=\"yoast-schema-graph\">{\"@context\":\"https:\\\/\\\/schema.org\",\"@graph\":[{\"@type\":\"Article\",\"@id\":\"https:\\\/\\\/now-news.de\\\/de\\\/deutschland\\\/bericht-sechs-ukrainer-wegen-drohnenangriffs-auf-passagierflugzeug-in-indischer-haft\\\/#article\",\"isPartOf\":{\"@id\":\"https:\\\/\\\/now-news.de\\\/de\\\/deutschland\\\/bericht-sechs-ukrainer-wegen-drohnenangriffs-auf-passagierflugzeug-in-indischer-haft\\\/\"},\"author\":{\"name\":\"rtnews\",\"@id\":\"https:\\\/\\\/now-news.de\\\/de\\\/#\\\/schema\\\/person\\\/fb534a4e865501d8b3285208df34a9b5\"},\"headline\":\"Bericht: Sechs Ukrainer wegen Drohnenangriffs auf Passagierflugzeug in indischer Haft\",\"datePublished\":\"2026-09-04T16:56:23+00:00\",\"mainEntityOfPage\":{\"@id\":\"https:\\\/\\\/now-news.de\\\/de\\\/deutschland\\\/bericht-sechs-ukrainer-wegen-drohnenangriffs-auf-passagierflugzeug-in-indischer-haft\\\/\"},\"wordCount\":689,\"commentCount\":0,\"publisher\":{\"@id\":\"https:\\\/\\\/now-news.de\\\/de\\\/#organization\"},\"image\":{\"@id\":\"https:\\\/\\\/now-news.de\\\/de\\\/deutschland\\\/bericht-sechs-ukrainer-wegen-drohnenangriffs-auf-passagierflugzeug-in-indischer-haft\\\/#primaryimage\"},\"thumbnailUrl\":\"https:\\\/\\\/now-news.de\\\/de\\\/wp-content\\\/uploads\\\/sites\\\/3\\\/2026\\\/09\\\/Bericht-Sechs-Ukrainer-wegen-Drohnenangriffs-auf-Passagierflugzeug-in-indischer-Haft.jpg\",\"keywords\":[\"AUF\",\"Bericht\",\"Drohnenangriffs\",\"Haft\",\"Indischer\",\"Passagierflugzeug\",\"sechs\",\"Ukrainer\",\"wegen\"],\"articleSection\":[\"Deutschland\",\"Russland\"],\"inLanguage\":\"de\",\"potentialAction\":[{\"@type\":\"CommentAction\",\"name\":\"Comment\",\"target\":[\"https:\\\/\\\/now-news.de\\\/de\\\/deutschland\\\/bericht-sechs-ukrainer-wegen-drohnenangriffs-auf-passagierflugzeug-in-indischer-haft\\\/#respond\"]}]},{\"@type\":\"WebPage\",\"@id\":\"https:\\\/\\\/now-news.de\\\/de\\\/deutschland\\\/bericht-sechs-ukrainer-wegen-drohnenangriffs-auf-passagierflugzeug-in-indischer-haft\\\/\",\"url\":\"https:\\\/\\\/now-news.de\\\/de\\\/deutschland\\\/bericht-sechs-ukrainer-wegen-drohnenangriffs-auf-passagierflugzeug-in-indischer-haft\\\/\",\"name\":\"Bericht: Sechs Ukrainer wegen Drohnenangriffs auf Passagierflugzeug in indischer Haft - just-now.NEWS Deutschland\",\"isPartOf\":{\"@id\":\"https:\\\/\\\/now-news.de\\\/de\\\/#website\"},\"primaryImageOfPage\":{\"@id\":\"https:\\\/\\\/now-news.de\\\/de\\\/deutschland\\\/bericht-sechs-ukrainer-wegen-drohnenangriffs-auf-passagierflugzeug-in-indischer-haft\\\/#primaryimage\"},\"image\":{\"@id\":\"https:\\\/\\\/now-news.de\\\/de\\\/deutschland\\\/bericht-sechs-ukrainer-wegen-drohnenangriffs-auf-passagierflugzeug-in-indischer-haft\\\/#primaryimage\"},\"thumbnailUrl\":\"https:\\\/\\\/now-news.de\\\/de\\\/wp-content\\\/uploads\\\/sites\\\/3\\\/2026\\\/09\\\/Bericht-Sechs-Ukrainer-wegen-Drohnenangriffs-auf-Passagierflugzeug-in-indischer-Haft.jpg\",\"datePublished\":\"2026-09-04T16:56:23+00:00\",\"breadcrumb\":{\"@id\":\"https:\\\/\\\/now-news.de\\\/de\\\/deutschland\\\/bericht-sechs-ukrainer-wegen-drohnenangriffs-auf-passagierflugzeug-in-indischer-haft\\\/#breadcrumb\"},\"inLanguage\":\"de\",\"potentialAction\":[{\"@type\":\"ReadAction\",\"target\":[\"https:\\\/\\\/now-news.de\\\/de\\\/deutschland\\\/bericht-sechs-ukrainer-wegen-drohnenangriffs-auf-passagierflugzeug-in-indischer-haft\\\/\"]}]},{\"@type\":\"ImageObject\",\"inLanguage\":\"de\",\"@id\":\"https:\\\/\\\/now-news.de\\\/de\\\/deutschland\\\/bericht-sechs-ukrainer-wegen-drohnenangriffs-auf-passagierflugzeug-in-indischer-haft\\\/#primaryimage\",\"url\":\"https:\\\/\\\/now-news.de\\\/de\\\/wp-content\\\/uploads\\\/sites\\\/3\\\/2026\\\/09\\\/Bericht-Sechs-Ukrainer-wegen-Drohnenangriffs-auf-Passagierflugzeug-in-indischer-Haft.jpg\",\"contentUrl\":\"https:\\\/\\\/now-news.de\\\/de\\\/wp-content\\\/uploads\\\/sites\\\/3\\\/2026\\\/09\\\/Bericht-Sechs-Ukrainer-wegen-Drohnenangriffs-auf-Passagierflugzeug-in-indischer-Haft.jpg\",\"width\":460,\"height\":259,\"caption\":\"Bericht: Sechs Ukrainer wegen Drohnenangriffs auf Passagierflugzeug in indischer Haft\"},{\"@type\":\"BreadcrumbList\",\"@id\":\"https:\\\/\\\/now-news.de\\\/de\\\/deutschland\\\/bericht-sechs-ukrainer-wegen-drohnenangriffs-auf-passagierflugzeug-in-indischer-haft\\\/#breadcrumb\",\"itemListElement\":[{\"@type\":\"ListItem\",\"position\":1,\"name\":\"Home\",\"item\":\"https:\\\/\\\/now-news.de\\\/de\\\/\"},{\"@type\":\"ListItem\",\"position\":2,\"name\":\"Bericht: Sechs Ukrainer wegen Drohnenangriffs auf Passagierflugzeug in indischer Haft\"}]},{\"@type\":\"WebSite\",\"@id\":\"https:\\\/\\\/now-news.de\\\/de\\\/#website\",\"url\":\"https:\\\/\\\/now-news.de\\\/de\\\/\",\"name\":\"just-now.NEWS Deutschland\",\"description\":\"Das Portal f\u00fcr unzensierte Nachrichten aus der Welt\",\"publisher\":{\"@id\":\"https:\\\/\\\/now-news.de\\\/de\\\/#organization\"},\"potentialAction\":[{\"@type\":\"SearchAction\",\"target\":{\"@type\":\"EntryPoint\",\"urlTemplate\":\"https:\\\/\\\/now-news.de\\\/de\\\/?s={search_term_string}\"},\"query-input\":{\"@type\":\"PropertyValueSpecification\",\"valueRequired\":true,\"valueName\":\"search_term_string\"}}],\"inLanguage\":\"de\"},{\"@type\":\"Organization\",\"@id\":\"https:\\\/\\\/now-news.de\\\/de\\\/#organization\",\"name\":\"Just Now News\",\"url\":\"https:\\\/\\\/now-news.de\\\/de\\\/\",\"logo\":{\"@type\":\"ImageObject\",\"inLanguage\":\"de\",\"@id\":\"https:\\\/\\\/now-news.de\\\/de\\\/#\\\/schema\\\/logo\\\/image\\\/\",\"url\":\"http:\\\/\\\/just-now.news\\\/de\\\/wp-content\\\/uploads\\\/sites\\\/3\\\/2022\\\/04\\\/logo500x500.jpg\",\"contentUrl\":\"http:\\\/\\\/just-now.news\\\/de\\\/wp-content\\\/uploads\\\/sites\\\/3\\\/2022\\\/04\\\/logo500x500.jpg\",\"width\":500,\"height\":500,\"caption\":\"Just Now News\"},\"image\":{\"@id\":\"https:\\\/\\\/now-news.de\\\/de\\\/#\\\/schema\\\/logo\\\/image\\\/\"},\"sameAs\":[\"https:\\\/\\\/www.facebook.com\\\/wirmachenauf\",\"https:\\\/\\\/x.com\\\/WirMachenAuf_de\"]},{\"@type\":\"Person\",\"@id\":\"https:\\\/\\\/now-news.de\\\/de\\\/#\\\/schema\\\/person\\\/fb534a4e865501d8b3285208df34a9b5\",\"name\":\"rtnews\",\"image\":{\"@type\":\"ImageObject\",\"inLanguage\":\"de\",\"@id\":\"https:\\\/\\\/secure.gravatar.com\\\/avatar\\\/358fe31b3ab5769fea05376e1953329834cd9912cf9daf607e2af3076a1b982b?s=96&d=mm&r=g\",\"url\":\"https:\\\/\\\/secure.gravatar.com\\\/avatar\\\/358fe31b3ab5769fea05376e1953329834cd9912cf9daf607e2af3076a1b982b?s=96&d=mm&r=g\",\"contentUrl\":\"https:\\\/\\\/secure.gravatar.com\\\/avatar\\\/358fe31b3ab5769fea05376e1953329834cd9912cf9daf607e2af3076a1b982b?s=96&d=mm&r=g\",\"caption\":\"rtnews\"},\"url\":\"https:\\\/\\\/now-news.de\\\/de\\\/author\\\/rnews\\\/\"}]}<\/script>\n<!-- \/ Yoast SEO Premium plugin. -->","yoast_head_json":{"title":"Bericht: Sechs Ukrainer wegen Drohnenangriffs auf Passagierflugzeug in indischer Haft - just-now.NEWS Deutschland","robots":{"index":"index","follow":"follow","max-snippet":"max-snippet:-1","max-image-preview":"max-image-preview:large","max-video-preview":"max-video-preview:-1"},"canonical":"https:\/\/now-news.de\/de\/deutschland\/bericht-sechs-ukrainer-wegen-drohnenangriffs-auf-passagierflugzeug-in-indischer-haft\/","og_locale":"de_DE","og_type":"article","og_title":"Bericht: Sechs Ukrainer wegen Drohnenangriffs auf Passagierflugzeug in indischer Haft","og_description":"Indiens Anti-Terror-Beh\u00f6rde teilte einem Gericht mit, sie verf\u00fcge \u00fcber glaubw\u00fcrdige Informationen, wonach sechs Ukrainer und ein US-Amerikaner an einem Drohnenangriff auf ein ziviles Flugzeug im Nachbarland Myanmar beteiligt waren. Kiew wies &#8220;Unterstellungen bez\u00fcglich einer m\u00f6glichen Verwicklung&#8221; zur\u00fcck und forderte die Freilassung der Ukrainer. Wie die indische Anti-Terror-Beh\u00f6rde vor einem Gericht in Neu-Delhi mitteilte, waren sechs [&hellip;]","og_url":"https:\/\/now-news.de\/de\/deutschland\/bericht-sechs-ukrainer-wegen-drohnenangriffs-auf-passagierflugzeug-in-indischer-haft\/","og_site_name":"just-now.NEWS Deutschland","article_publisher":"https:\/\/www.facebook.com\/wirmachenauf","article_published_time":"2026-09-04T16:56:23+00:00","og_image":[{"url":"https:\/\/now-news.de\/de\/wp-content\/uploads\/sites\/3\/2026\/09\/6a9aeb4b48fbef7d307a18b7.jpg","type":"","width":"","height":""}],"author":"rtnews","twitter_card":"summary_large_image","twitter_creator":"@WirMachenAuf_de","twitter_site":"@WirMachenAuf_de","twitter_misc":{"Verfasst von":"rtnews","Gesch\u00e4tzte Lesezeit":"3\u00a0Minuten"},"schema":{"@context":"https:\/\/schema.org","@graph":[{"@type":"Article","@id":"https:\/\/now-news.de\/de\/deutschland\/bericht-sechs-ukrainer-wegen-drohnenangriffs-auf-passagierflugzeug-in-indischer-haft\/#article","isPartOf":{"@id":"https:\/\/now-news.de\/de\/deutschland\/bericht-sechs-ukrainer-wegen-drohnenangriffs-auf-passagierflugzeug-in-indischer-haft\/"},"author":{"name":"rtnews","@id":"https:\/\/now-news.de\/de\/#\/schema\/person\/fb534a4e865501d8b3285208df34a9b5"},"headline":"Bericht: Sechs Ukrainer wegen Drohnenangriffs auf Passagierflugzeug in indischer Haft","datePublished":"2026-09-04T16:56:23+00:00","mainEntityOfPage":{"@id":"https:\/\/now-news.de\/de\/deutschland\/bericht-sechs-ukrainer-wegen-drohnenangriffs-auf-passagierflugzeug-in-indischer-haft\/"},"wordCount":689,"commentCount":0,"publisher":{"@id":"https:\/\/now-news.de\/de\/#organization"},"image":{"@id":"https:\/\/now-news.de\/de\/deutschland\/bericht-sechs-ukrainer-wegen-drohnenangriffs-auf-passagierflugzeug-in-indischer-haft\/#primaryimage"},"thumbnailUrl":"https:\/\/now-news.de\/de\/wp-content\/uploads\/sites\/3\/2026\/09\/Bericht-Sechs-Ukrainer-wegen-Drohnenangriffs-auf-Passagierflugzeug-in-indischer-Haft.jpg","keywords":["AUF","Bericht","Drohnenangriffs","Haft","Indischer","Passagierflugzeug","sechs","Ukrainer","wegen"],"articleSection":["Deutschland","Russland"],"inLanguage":"de","potentialAction":[{"@type":"CommentAction","name":"Comment","target":["https:\/\/now-news.de\/de\/deutschland\/bericht-sechs-ukrainer-wegen-drohnenangriffs-auf-passagierflugzeug-in-indischer-haft\/#respond"]}]},{"@type":"WebPage","@id":"https:\/\/now-news.de\/de\/deutschland\/bericht-sechs-ukrainer-wegen-drohnenangriffs-auf-passagierflugzeug-in-indischer-haft\/","url":"https:\/\/now-news.de\/de\/deutschland\/bericht-sechs-ukrainer-wegen-drohnenangriffs-auf-passagierflugzeug-in-indischer-haft\/","name":"Bericht: Sechs Ukrainer wegen Drohnenangriffs auf Passagierflugzeug in indischer Haft - just-now.NEWS Deutschland","isPartOf":{"@id":"https:\/\/now-news.de\/de\/#website"},"primaryImageOfPage":{"@id":"https:\/\/now-news.de\/de\/deutschland\/bericht-sechs-ukrainer-wegen-drohnenangriffs-auf-passagierflugzeug-in-indischer-haft\/#primaryimage"},"image":{"@id":"https:\/\/now-news.de\/de\/deutschland\/bericht-sechs-ukrainer-wegen-drohnenangriffs-auf-passagierflugzeug-in-indischer-haft\/#primaryimage"},"thumbnailUrl":"https:\/\/now-news.de\/de\/wp-content\/uploads\/sites\/3\/2026\/09\/Bericht-Sechs-Ukrainer-wegen-Drohnenangriffs-auf-Passagierflugzeug-in-indischer-Haft.jpg","datePublished":"2026-09-04T16:56:23+00:00","breadcrumb":{"@id":"https:\/\/now-news.de\/de\/deutschland\/bericht-sechs-ukrainer-wegen-drohnenangriffs-auf-passagierflugzeug-in-indischer-haft\/#breadcrumb"},"inLanguage":"de","potentialAction":[{"@type":"ReadAction","target":["https:\/\/now-news.de\/de\/deutschland\/bericht-sechs-ukrainer-wegen-drohnenangriffs-auf-passagierflugzeug-in-indischer-haft\/"]}]},{"@type":"ImageObject","inLanguage":"de","@id":"https:\/\/now-news.de\/de\/deutschland\/bericht-sechs-ukrainer-wegen-drohnenangriffs-auf-passagierflugzeug-in-indischer-haft\/#primaryimage","url":"https:\/\/now-news.de\/de\/wp-content\/uploads\/sites\/3\/2026\/09\/Bericht-Sechs-Ukrainer-wegen-Drohnenangriffs-auf-Passagierflugzeug-in-indischer-Haft.jpg","contentUrl":"https:\/\/now-news.de\/de\/wp-content\/uploads\/sites\/3\/2026\/09\/Bericht-Sechs-Ukrainer-wegen-Drohnenangriffs-auf-Passagierflugzeug-in-indischer-Haft.jpg","width":460,"height":259,"caption":"Bericht: Sechs Ukrainer wegen Drohnenangriffs auf Passagierflugzeug in indischer Haft"},{"@type":"BreadcrumbList","@id":"https:\/\/now-news.de\/de\/deutschland\/bericht-sechs-ukrainer-wegen-drohnenangriffs-auf-passagierflugzeug-in-indischer-haft\/#breadcrumb","itemListElement":[{"@type":"ListItem","position":1,"name":"Home","item":"https:\/\/now-news.de\/de\/"},{"@type":"ListItem","position":2,"name":"Bericht: Sechs Ukrainer wegen Drohnenangriffs auf Passagierflugzeug in indischer Haft"}]},{"@type":"WebSite","@id":"https:\/\/now-news.de\/de\/#website","url":"https:\/\/now-news.de\/de\/","name":"just-now.NEWS Deutschland","description":"Das Portal f\u00fcr unzensierte Nachrichten aus der Welt","publisher":{"@id":"https:\/\/now-news.de\/de\/#organization"},"potentialAction":[{"@type":"SearchAction","target":{"@type":"EntryPoint","urlTemplate":"https:\/\/now-news.de\/de\/?s={search_term_string}"},"query-input":{"@type":"PropertyValueSpecification","valueRequired":true,"valueName":"search_term_string"}}],"inLanguage":"de"},{"@type":"Organization","@id":"https:\/\/now-news.de\/de\/#organization","name":"Just Now News","url":"https:\/\/now-news.de\/de\/","logo":{"@type":"ImageObject","inLanguage":"de","@id":"https:\/\/now-news.de\/de\/#\/schema\/logo\/image\/","url":"http:\/\/just-now.news\/de\/wp-content\/uploads\/sites\/3\/2022\/04\/logo500x500.jpg","contentUrl":"http:\/\/just-now.news\/de\/wp-content\/uploads\/sites\/3\/2022\/04\/logo500x500.jpg","width":500,"height":500,"caption":"Just Now News"},"image":{"@id":"https:\/\/now-news.de\/de\/#\/schema\/logo\/image\/"},"sameAs":["https:\/\/www.facebook.com\/wirmachenauf","https:\/\/x.com\/WirMachenAuf_de"]},{"@type":"Person","@id":"https:\/\/now-news.de\/de\/#\/schema\/person\/fb534a4e865501d8b3285208df34a9b5","name":"rtnews","image":{"@type":"ImageObject","inLanguage":"de","@id":"https:\/\/secure.gravatar.com\/avatar\/358fe31b3ab5769fea05376e1953329834cd9912cf9daf607e2af3076a1b982b?s=96&d=mm&r=g","url":"https:\/\/secure.gravatar.com\/avatar\/358fe31b3ab5769fea05376e1953329834cd9912cf9daf607e2af3076a1b982b?s=96&d=mm&r=g","contentUrl":"https:\/\/secure.gravatar.com\/avatar\/358fe31b3ab5769fea05376e1953329834cd9912cf9daf607e2af3076a1b982b?s=96&d=mm&r=g","caption":"rtnews"},"url":"https:\/\/now-news.de\/de\/author\/rnews\/"}]}},"_links":{"self":[{"href":"https:\/\/now-news.de\/de\/wp-json\/wp\/v2\/posts\/109949","targetHints":{"allow":["GET"]}}],"collection":[{"href":"https:\/\/now-news.de\/de\/wp-json\/wp\/v2\/posts"}],"about":[{"href":"https:\/\/now-news.de\/de\/wp-json\/wp\/v2\/types\/post"}],"author":[{"embeddable":true,"href":"https:\/\/now-news.de\/de\/wp-json\/wp\/v2\/users\/3"}],"replies":[{"embeddable":true,"href":"https:\/\/now-news.de\/de\/wp-json\/wp\/v2\/comments?post=109949"}],"version-history":[{"count":0,"href":"https:\/\/now-news.de\/de\/wp-json\/wp\/v2\/posts\/109949\/revisions"}],"wp:featuredmedia":[{"embeddable":true,"href":"https:\/\/now-news.de\/de\/wp-json\/wp\/v2\/media\/109950"}],"wp:attachment":[{"href":"https:\/\/now-news.de\/de\/wp-json\/wp\/v2\/media?parent=109949"}],"wp:term":[{"taxonomy":"category","embeddable":true,"href":"https:\/\/now-news.de\/de\/wp-json\/wp\/v2\/categories?post=109949"},{"taxonomy":"post_tag","embeddable":true,"href":"https:\/\/now-news.de\/de\/wp-json\/wp\/v2\/tags?post=109949"}],"curies":[{"name":"wp","href":"https:\/\/api.w.org\/{rel}","templated":true}]}}