{"id":109943,"date":"2026-09-04T16:07:45","date_gmt":"2026-09-04T14:07:45","guid":{"rendered":"https:\/\/now-news.de\/de\/deutschland\/als-bettvorleger-gelandet-alternative-gewerkschaft-krisitiert-ig-metall-wegen-vw-sparplaenen\/"},"modified":"2026-09-04T16:07:45","modified_gmt":"2026-09-04T14:07:45","slug":"als-bettvorleger-gelandet-alternative-gewerkschaft-krisitiert-ig-metall-wegen-vw-sparplaenen","status":"publish","type":"post","link":"https:\/\/now-news.de\/de\/deutschland\/als-bettvorleger-gelandet-alternative-gewerkschaft-krisitiert-ig-metall-wegen-vw-sparplaenen\/","title":{"rendered":"&quot;Als Bettvorleger gelandet&quot; \u2013 Alternative Gewerkschaft krisitiert IG Metall wegen VW-Sparpl\u00e4nen"},"content":{"rendered":"<p><img decoding=\"async\" src=\"https:\/\/now-news.de\/de\/wp-content\/uploads\/sites\/3\/2026\/09\/6a9ac85848fbef7df662a1ab.jpg\" \/><\/p>\n<div class=\"Text-root Text-type_1 \">\n                Der Aufsichtsrat von Volkswagen hat dem Abbau Zehntausender Arbeitspl\u00e4tze zugestimmt. Die IG Metall habe damit bewiesen, dass sie nicht bereit oder willens sei, dem Arbeitsplatzabbau in Deutschland effektiv zu begegnen, kritisiert die alternative Gewerkschaft Zentrum.\n            <\/div>\n<p><\/p>\n<div class=\"Text-root Text-type_5 ArticleView-text ViewText-root \">\n<p>Am Donnerstagabend hatte sich der Aufsichtsrat des VW-Konzerns\u00a0\u00fcberraschend auf ein Sparpaket geeinigt.\u00a0Wie Medien \u00fcbereinstimmend berichten, umfasst der Beschluss die Streichung von 50.000 Arbeitspl\u00e4tzen in den kommenden Jahren.<\/p>\n<p data-start=\"616\" data-end=\"1053\">&#8220;Als Tiger gestartet, als Bettvorleger gelandet&#8221;, kommentierte das &#8220;Zentrum \u2013 Die alternative Gewerkschaft e.\u00a0V.&#8221;\u00a0(kurz Zentrum) in einer Presseerkl\u00e4rung das Verhalten der IG Metall.\u00a0Das VW-Management habe sich &#8220;in allen wesentlichen Punkten&#8221; durchgesetzt, und die IG\u00a0Metall habe &#8220;zum widerholten Mal&#8221; bewiesen, &#8220;dass sie nicht bereit oder willens ist, dem Arbeitsplatzabbau in Deutschland effektiv zu begegnen&#8221;, hei\u00dft es in der Erkl\u00e4rung.\u00a0<\/p>\n<p data-start=\"616\" data-end=\"1053\">Die Krise der deutschen Automobilindustrie sei\u00a0der &#8220;Fokussierung auf Elektromobilit\u00e4t&#8221;, den &#8220;exorbitant teuren&#8221; Strompreise sowie der &#8220;hohen Steuer- und Abgabenbelastung&#8221; geschuldet, so das Zentrum\u00a0gegen\u00fcber <em>RT\u00a0DE<\/em>.<\/p>\n<p data-start=\"616\" data-end=\"1053\">Auf die Frage, warum die traditionellen Gewerkschaften wie die IG\u00a0Metall es mit ihren Kampfma\u00dfnahmen nicht schaffen, Werksschlie\u00dfungen und Entlassungen zu verhindern, antwortete die alternative Gewerkschaft: &#8220;Ganz klar: Diese Streiks oder Proteste sind alles nur Schein, und VW ist wieder einmal ein Paradebeispiel daf\u00fcr, wie schamlos IG\u00a0Metall und SPD die Interessen der Arbeitnehmer verkaufen. Sowohl IG\u00a0Metall als auch SPD sitzen im Aufsichtsrat bei VW. Sie haben das Ganze auf der politischen B\u00fchne mitgetragen.&#8221;<\/p>\n<p data-start=\"616\" data-end=\"1053\">Infolge dieser Politik glaube der \u00fcberwiegende Teil der Besch\u00e4ftigten nicht mehr daran, seine Interessen mit den Mitteln kollektiver Solidarit\u00e4t wirksam durchsetzen zu k\u00f6nnen, so das\u00a0Zentrum\u00a0gegen\u00fcber <em>RT\u00a0DE<\/em>. Die eigentliche Aufgabe einer Gewerkschaft bestehe nicht darin, &#8220;Besch\u00e4ftigte wieder und wieder davon zu \u00fcberzeugen, was &#8216;politisch richtig oder falsch&#8217; ist, sondern sie so zu organisieren, damit sie ihre eigene kollektive Macht wieder erleben&#8221;, so das Zentrum.<\/p>\n<p data-start=\"616\" data-end=\"1053\">VW hatte bereits im Dezember\u00a02024 den weltweiten Abbau von 50.000 Arbeitspl\u00e4tzen beschlossen, zu dem jetzt weitere 50.000 Arbeitspl\u00e4tze hinzukommen, von denen der gr\u00f6\u00dfte Teil in Deutschland abgebaut werden soll.<\/p>\n<p data-start=\"616\" data-end=\"1053\">Au\u00dferdem steht die Zukunft vierer VW-Werke auf der Kippe: Emden, Zwickau, Hannover und Neckarsulm. Hier k\u00f6nne gestaffelt ab 2031 bis 2034 keine &#8220;wettbewerbsf\u00e4hige Folgebelegung&#8221; gew\u00e4hrleistet werden, teilte VW mit. F\u00fcr diese Werke w\u00fcrden &#8220;parallel und erg\u00e4nzend alternative Verwendungsm\u00f6glichkeiten gepr\u00fcft&#8221;.<\/p>\n<p data-start=\"616\" data-end=\"1053\"><strong>Mehr zum Thema<\/strong>\u00a0\u2013 <a rel=\"nofollow\" target=\"_blank\" href=\"https:\/\/de-rtnews.com\/inland\/290241-vw-gewerkschaft-will-gegen-kahlschlag\/\">VW: Gewerkschaft will gegen Kahlschlag k\u00e4mpfen<\/a><\/p>\n<div class=\"EmbedBlock-root EmbedBlock-externalVideo EmbedBlock-rumble\">\n<div class=\"VkEmbed\"><iframe class=\"lazyload\" data-src=\"https:\/\/rumble.com\/embed\/v7cin0c\" frameborder=\"0\" width=\"853\" height=\"480\" allowfullscreen><\/iframe><\/div>\n<\/div>\n<\/div>\n<p><br \/>\n<br \/><a href=\"https:\/\/de.rt.com\/wirtschaft\/290669-als-bettvorleger-gelandet-alternative-gewerkschaft-kritisiert-ig-metall\/\">Source link <\/a><\/p>\n","protected":false},"excerpt":{"rendered":"<p>Der Aufsichtsrat von Volkswagen hat dem Abbau Zehntausender Arbeitspl\u00e4tze zugestimmt. Die IG Metall habe damit bewiesen, dass sie nicht bereit oder willens sei, dem Arbeitsplatzabbau in Deutschland effektiv zu begegnen, kritisiert die alternative Gewerkschaft Zentrum. Am Donnerstagabend hatte sich der Aufsichtsrat des VW-Konzerns\u00a0\u00fcberraschend auf ein Sparpaket geeinigt.\u00a0Wie Medien \u00fcbereinstimmend berichten, umfasst der Beschluss die Streichung [&hellip;]<\/p>\n","protected":false},"author":3,"featured_media":109944,"comment_status":"open","ping_status":"open","sticky":false,"template":"","format":"standard","meta":{"wp_automatic_camp":["217"],"5e97adf4c8bd37c21509811f6e70b2fa":["&quot;Als Bettvorleger gelandet&quot; \u2013 Alternative Gewerkschaft krisitiert IG Metall wegen VW-Sparpl\u00e4nen"],"original_link":["https:\/\/de.rt.com\/wirtschaft\/290669-als-bettvorleger-gelandet-alternative-gewerkschaft-kritisiert-ig-metall\/"],"_thumbnail_id":["109944"],"_wptgpro_p2tg_sent2tg":["a:1:{i:23737;s:19:\"2026-09-04 16:20:27\";}"],"jnews_social_counter_last_update":["1788538828"]},"categories":[19,23],"tags":[22501,76024,45554,31010,76025,25286,39793,76026,145],"class_list":["post-109943","post","type-post","status-publish","format-standard","has-post-thumbnail","hentry","category-deutschland","category-russland","tag-alternative","tag-bettvorleger","tag-gelandetquot","tag-gewerkschaft","tag-krisitiert","tag-metall","tag-quotals","tag-vwsparplaenen","tag-wegen"],"yoast_head":"<!-- This site is optimized with the Yoast SEO Premium plugin v22.7 (Yoast SEO v28.2) - https:\/\/yoast.com\/product\/yoast-seo-premium-wordpress\/ -->\n<title>&quot;Als Bettvorleger gelandet&quot; \u2013 Alternative Gewerkschaft krisitiert IG Metall wegen VW-Sparpl\u00e4nen - just-now.NEWS Deutschland<\/title>\n<meta name=\"robots\" content=\"index, follow, max-snippet:-1, max-image-preview:large, max-video-preview:-1\" \/>\n<link rel=\"canonical\" href=\"https:\/\/now-news.de\/de\/deutschland\/als-bettvorleger-gelandet-alternative-gewerkschaft-krisitiert-ig-metall-wegen-vw-sparplaenen\/\" \/>\n<meta property=\"og:locale\" content=\"de_DE\" \/>\n<meta property=\"og:type\" content=\"article\" \/>\n<meta property=\"og:title\" content=\"&quot;Als Bettvorleger gelandet&quot; \u2013 Alternative Gewerkschaft krisitiert IG Metall wegen VW-Sparpl\u00e4nen\" \/>\n<meta property=\"og:description\" content=\"Der Aufsichtsrat von Volkswagen hat dem Abbau Zehntausender Arbeitspl\u00e4tze zugestimmt. Die IG Metall habe damit bewiesen, dass sie nicht bereit oder willens sei, dem Arbeitsplatzabbau in Deutschland effektiv zu begegnen, kritisiert die alternative Gewerkschaft Zentrum. Am Donnerstagabend hatte sich der Aufsichtsrat des VW-Konzerns\u00a0\u00fcberraschend auf ein Sparpaket geeinigt.\u00a0Wie Medien \u00fcbereinstimmend berichten, umfasst der Beschluss die Streichung [&hellip;]\" \/>\n<meta property=\"og:url\" content=\"https:\/\/now-news.de\/de\/deutschland\/als-bettvorleger-gelandet-alternative-gewerkschaft-krisitiert-ig-metall-wegen-vw-sparplaenen\/\" \/>\n<meta property=\"og:site_name\" content=\"just-now.NEWS Deutschland\" \/>\n<meta property=\"article:publisher\" content=\"https:\/\/www.facebook.com\/wirmachenauf\" \/>\n<meta property=\"article:published_time\" content=\"2026-09-04T14:07:45+00:00\" \/>\n<meta property=\"og:image\" content=\"https:\/\/now-news.de\/de\/wp-content\/uploads\/sites\/3\/2026\/09\/6a9ac85848fbef7df662a1ab.jpg\" \/>\n<meta name=\"author\" content=\"rtnews\" \/>\n<meta name=\"twitter:card\" content=\"summary_large_image\" \/>\n<meta name=\"twitter:creator\" content=\"@WirMachenAuf_de\" \/>\n<meta name=\"twitter:site\" content=\"@WirMachenAuf_de\" \/>\n<meta name=\"twitter:label1\" content=\"Verfasst von\" \/>\n\t<meta name=\"twitter:data1\" content=\"rtnews\" \/>\n\t<meta name=\"twitter:label2\" content=\"Gesch\u00e4tzte Lesezeit\" \/>\n\t<meta name=\"twitter:data2\" content=\"2\u00a0Minuten\" \/>\n<script type=\"application\/ld+json\" class=\"yoast-schema-graph\">{\"@context\":\"https:\\\/\\\/schema.org\",\"@graph\":[{\"@type\":\"Article\",\"@id\":\"https:\\\/\\\/now-news.de\\\/de\\\/deutschland\\\/als-bettvorleger-gelandet-alternative-gewerkschaft-krisitiert-ig-metall-wegen-vw-sparplaenen\\\/#article\",\"isPartOf\":{\"@id\":\"https:\\\/\\\/now-news.de\\\/de\\\/deutschland\\\/als-bettvorleger-gelandet-alternative-gewerkschaft-krisitiert-ig-metall-wegen-vw-sparplaenen\\\/\"},\"author\":{\"name\":\"rtnews\",\"@id\":\"https:\\\/\\\/now-news.de\\\/de\\\/#\\\/schema\\\/person\\\/fb534a4e865501d8b3285208df34a9b5\"},\"headline\":\"&quot;Als Bettvorleger gelandet&quot; \u2013 Alternative Gewerkschaft krisitiert IG Metall wegen VW-Sparpl\u00e4nen\",\"datePublished\":\"2026-09-04T14:07:45+00:00\",\"mainEntityOfPage\":{\"@id\":\"https:\\\/\\\/now-news.de\\\/de\\\/deutschland\\\/als-bettvorleger-gelandet-alternative-gewerkschaft-krisitiert-ig-metall-wegen-vw-sparplaenen\\\/\"},\"wordCount\":410,\"commentCount\":0,\"publisher\":{\"@id\":\"https:\\\/\\\/now-news.de\\\/de\\\/#organization\"},\"image\":{\"@id\":\"https:\\\/\\\/now-news.de\\\/de\\\/deutschland\\\/als-bettvorleger-gelandet-alternative-gewerkschaft-krisitiert-ig-metall-wegen-vw-sparplaenen\\\/#primaryimage\"},\"thumbnailUrl\":\"https:\\\/\\\/now-news.de\\\/de\\\/wp-content\\\/uploads\\\/sites\\\/3\\\/2026\\\/09\\\/quotAls-Bettvorleger-gelandetquot-\u2013-Alternative-Gewerkschaft-krisitiert-IG-Metall-wegen.jpg\",\"keywords\":[\"Alternative\",\"Bettvorleger\",\"gelandetquot\",\"Gewerkschaft\",\"krisitiert\",\"Metall\",\"quotAls\",\"VWSparpl\u00e4nen\",\"wegen\"],\"articleSection\":[\"Deutschland\",\"Russland\"],\"inLanguage\":\"de\",\"potentialAction\":[{\"@type\":\"CommentAction\",\"name\":\"Comment\",\"target\":[\"https:\\\/\\\/now-news.de\\\/de\\\/deutschland\\\/als-bettvorleger-gelandet-alternative-gewerkschaft-krisitiert-ig-metall-wegen-vw-sparplaenen\\\/#respond\"]}]},{\"@type\":\"WebPage\",\"@id\":\"https:\\\/\\\/now-news.de\\\/de\\\/deutschland\\\/als-bettvorleger-gelandet-alternative-gewerkschaft-krisitiert-ig-metall-wegen-vw-sparplaenen\\\/\",\"url\":\"https:\\\/\\\/now-news.de\\\/de\\\/deutschland\\\/als-bettvorleger-gelandet-alternative-gewerkschaft-krisitiert-ig-metall-wegen-vw-sparplaenen\\\/\",\"name\":\"&quot;Als Bettvorleger gelandet&quot; \u2013 Alternative Gewerkschaft krisitiert IG Metall wegen VW-Sparpl\u00e4nen - just-now.NEWS Deutschland\",\"isPartOf\":{\"@id\":\"https:\\\/\\\/now-news.de\\\/de\\\/#website\"},\"primaryImageOfPage\":{\"@id\":\"https:\\\/\\\/now-news.de\\\/de\\\/deutschland\\\/als-bettvorleger-gelandet-alternative-gewerkschaft-krisitiert-ig-metall-wegen-vw-sparplaenen\\\/#primaryimage\"},\"image\":{\"@id\":\"https:\\\/\\\/now-news.de\\\/de\\\/deutschland\\\/als-bettvorleger-gelandet-alternative-gewerkschaft-krisitiert-ig-metall-wegen-vw-sparplaenen\\\/#primaryimage\"},\"thumbnailUrl\":\"https:\\\/\\\/now-news.de\\\/de\\\/wp-content\\\/uploads\\\/sites\\\/3\\\/2026\\\/09\\\/quotAls-Bettvorleger-gelandetquot-\u2013-Alternative-Gewerkschaft-krisitiert-IG-Metall-wegen.jpg\",\"datePublished\":\"2026-09-04T14:07:45+00:00\",\"breadcrumb\":{\"@id\":\"https:\\\/\\\/now-news.de\\\/de\\\/deutschland\\\/als-bettvorleger-gelandet-alternative-gewerkschaft-krisitiert-ig-metall-wegen-vw-sparplaenen\\\/#breadcrumb\"},\"inLanguage\":\"de\",\"potentialAction\":[{\"@type\":\"ReadAction\",\"target\":[\"https:\\\/\\\/now-news.de\\\/de\\\/deutschland\\\/als-bettvorleger-gelandet-alternative-gewerkschaft-krisitiert-ig-metall-wegen-vw-sparplaenen\\\/\"]}]},{\"@type\":\"ImageObject\",\"inLanguage\":\"de\",\"@id\":\"https:\\\/\\\/now-news.de\\\/de\\\/deutschland\\\/als-bettvorleger-gelandet-alternative-gewerkschaft-krisitiert-ig-metall-wegen-vw-sparplaenen\\\/#primaryimage\",\"url\":\"https:\\\/\\\/now-news.de\\\/de\\\/wp-content\\\/uploads\\\/sites\\\/3\\\/2026\\\/09\\\/quotAls-Bettvorleger-gelandetquot-\u2013-Alternative-Gewerkschaft-krisitiert-IG-Metall-wegen.jpg\",\"contentUrl\":\"https:\\\/\\\/now-news.de\\\/de\\\/wp-content\\\/uploads\\\/sites\\\/3\\\/2026\\\/09\\\/quotAls-Bettvorleger-gelandetquot-\u2013-Alternative-Gewerkschaft-krisitiert-IG-Metall-wegen.jpg\",\"width\":460,\"height\":259,\"caption\":\"&quot;Als Bettvorleger gelandet&quot; \u2013 Alternative Gewerkschaft krisitiert IG Metall wegen VW-Sparpl\u00e4nen\"},{\"@type\":\"BreadcrumbList\",\"@id\":\"https:\\\/\\\/now-news.de\\\/de\\\/deutschland\\\/als-bettvorleger-gelandet-alternative-gewerkschaft-krisitiert-ig-metall-wegen-vw-sparplaenen\\\/#breadcrumb\",\"itemListElement\":[{\"@type\":\"ListItem\",\"position\":1,\"name\":\"Home\",\"item\":\"https:\\\/\\\/now-news.de\\\/de\\\/\"},{\"@type\":\"ListItem\",\"position\":2,\"name\":\"&quot;Als Bettvorleger gelandet&quot; \u2013 Alternative Gewerkschaft krisitiert IG Metall wegen VW-Sparpl\u00e4nen\"}]},{\"@type\":\"WebSite\",\"@id\":\"https:\\\/\\\/now-news.de\\\/de\\\/#website\",\"url\":\"https:\\\/\\\/now-news.de\\\/de\\\/\",\"name\":\"just-now.NEWS Deutschland\",\"description\":\"Das Portal f\u00fcr unzensierte Nachrichten aus der Welt\",\"publisher\":{\"@id\":\"https:\\\/\\\/now-news.de\\\/de\\\/#organization\"},\"potentialAction\":[{\"@type\":\"SearchAction\",\"target\":{\"@type\":\"EntryPoint\",\"urlTemplate\":\"https:\\\/\\\/now-news.de\\\/de\\\/?s={search_term_string}\"},\"query-input\":{\"@type\":\"PropertyValueSpecification\",\"valueRequired\":true,\"valueName\":\"search_term_string\"}}],\"inLanguage\":\"de\"},{\"@type\":\"Organization\",\"@id\":\"https:\\\/\\\/now-news.de\\\/de\\\/#organization\",\"name\":\"Just Now News\",\"url\":\"https:\\\/\\\/now-news.de\\\/de\\\/\",\"logo\":{\"@type\":\"ImageObject\",\"inLanguage\":\"de\",\"@id\":\"https:\\\/\\\/now-news.de\\\/de\\\/#\\\/schema\\\/logo\\\/image\\\/\",\"url\":\"http:\\\/\\\/just-now.news\\\/de\\\/wp-content\\\/uploads\\\/sites\\\/3\\\/2022\\\/04\\\/logo500x500.jpg\",\"contentUrl\":\"http:\\\/\\\/just-now.news\\\/de\\\/wp-content\\\/uploads\\\/sites\\\/3\\\/2022\\\/04\\\/logo500x500.jpg\",\"width\":500,\"height\":500,\"caption\":\"Just Now News\"},\"image\":{\"@id\":\"https:\\\/\\\/now-news.de\\\/de\\\/#\\\/schema\\\/logo\\\/image\\\/\"},\"sameAs\":[\"https:\\\/\\\/www.facebook.com\\\/wirmachenauf\",\"https:\\\/\\\/x.com\\\/WirMachenAuf_de\"]},{\"@type\":\"Person\",\"@id\":\"https:\\\/\\\/now-news.de\\\/de\\\/#\\\/schema\\\/person\\\/fb534a4e865501d8b3285208df34a9b5\",\"name\":\"rtnews\",\"image\":{\"@type\":\"ImageObject\",\"inLanguage\":\"de\",\"@id\":\"https:\\\/\\\/secure.gravatar.com\\\/avatar\\\/358fe31b3ab5769fea05376e1953329834cd9912cf9daf607e2af3076a1b982b?s=96&d=mm&r=g\",\"url\":\"https:\\\/\\\/secure.gravatar.com\\\/avatar\\\/358fe31b3ab5769fea05376e1953329834cd9912cf9daf607e2af3076a1b982b?s=96&d=mm&r=g\",\"contentUrl\":\"https:\\\/\\\/secure.gravatar.com\\\/avatar\\\/358fe31b3ab5769fea05376e1953329834cd9912cf9daf607e2af3076a1b982b?s=96&d=mm&r=g\",\"caption\":\"rtnews\"},\"url\":\"https:\\\/\\\/now-news.de\\\/de\\\/author\\\/rnews\\\/\"}]}<\/script>\n<!-- \/ Yoast SEO Premium plugin. -->","yoast_head_json":{"title":"&quot;Als Bettvorleger gelandet&quot; \u2013 Alternative Gewerkschaft krisitiert IG Metall wegen VW-Sparpl\u00e4nen - just-now.NEWS Deutschland","robots":{"index":"index","follow":"follow","max-snippet":"max-snippet:-1","max-image-preview":"max-image-preview:large","max-video-preview":"max-video-preview:-1"},"canonical":"https:\/\/now-news.de\/de\/deutschland\/als-bettvorleger-gelandet-alternative-gewerkschaft-krisitiert-ig-metall-wegen-vw-sparplaenen\/","og_locale":"de_DE","og_type":"article","og_title":"&quot;Als Bettvorleger gelandet&quot; \u2013 Alternative Gewerkschaft krisitiert IG Metall wegen VW-Sparpl\u00e4nen","og_description":"Der Aufsichtsrat von Volkswagen hat dem Abbau Zehntausender Arbeitspl\u00e4tze zugestimmt. Die IG Metall habe damit bewiesen, dass sie nicht bereit oder willens sei, dem Arbeitsplatzabbau in Deutschland effektiv zu begegnen, kritisiert die alternative Gewerkschaft Zentrum. Am Donnerstagabend hatte sich der Aufsichtsrat des VW-Konzerns\u00a0\u00fcberraschend auf ein Sparpaket geeinigt.\u00a0Wie Medien \u00fcbereinstimmend berichten, umfasst der Beschluss die Streichung [&hellip;]","og_url":"https:\/\/now-news.de\/de\/deutschland\/als-bettvorleger-gelandet-alternative-gewerkschaft-krisitiert-ig-metall-wegen-vw-sparplaenen\/","og_site_name":"just-now.NEWS Deutschland","article_publisher":"https:\/\/www.facebook.com\/wirmachenauf","article_published_time":"2026-09-04T14:07:45+00:00","og_image":[{"url":"https:\/\/now-news.de\/de\/wp-content\/uploads\/sites\/3\/2026\/09\/6a9ac85848fbef7df662a1ab.jpg","type":"","width":"","height":""}],"author":"rtnews","twitter_card":"summary_large_image","twitter_creator":"@WirMachenAuf_de","twitter_site":"@WirMachenAuf_de","twitter_misc":{"Verfasst von":"rtnews","Gesch\u00e4tzte Lesezeit":"2\u00a0Minuten"},"schema":{"@context":"https:\/\/schema.org","@graph":[{"@type":"Article","@id":"https:\/\/now-news.de\/de\/deutschland\/als-bettvorleger-gelandet-alternative-gewerkschaft-krisitiert-ig-metall-wegen-vw-sparplaenen\/#article","isPartOf":{"@id":"https:\/\/now-news.de\/de\/deutschland\/als-bettvorleger-gelandet-alternative-gewerkschaft-krisitiert-ig-metall-wegen-vw-sparplaenen\/"},"author":{"name":"rtnews","@id":"https:\/\/now-news.de\/de\/#\/schema\/person\/fb534a4e865501d8b3285208df34a9b5"},"headline":"&quot;Als Bettvorleger gelandet&quot; \u2013 Alternative Gewerkschaft krisitiert IG Metall wegen VW-Sparpl\u00e4nen","datePublished":"2026-09-04T14:07:45+00:00","mainEntityOfPage":{"@id":"https:\/\/now-news.de\/de\/deutschland\/als-bettvorleger-gelandet-alternative-gewerkschaft-krisitiert-ig-metall-wegen-vw-sparplaenen\/"},"wordCount":410,"commentCount":0,"publisher":{"@id":"https:\/\/now-news.de\/de\/#organization"},"image":{"@id":"https:\/\/now-news.de\/de\/deutschland\/als-bettvorleger-gelandet-alternative-gewerkschaft-krisitiert-ig-metall-wegen-vw-sparplaenen\/#primaryimage"},"thumbnailUrl":"https:\/\/now-news.de\/de\/wp-content\/uploads\/sites\/3\/2026\/09\/quotAls-Bettvorleger-gelandetquot-\u2013-Alternative-Gewerkschaft-krisitiert-IG-Metall-wegen.jpg","keywords":["Alternative","Bettvorleger","gelandetquot","Gewerkschaft","krisitiert","Metall","quotAls","VWSparpl\u00e4nen","wegen"],"articleSection":["Deutschland","Russland"],"inLanguage":"de","potentialAction":[{"@type":"CommentAction","name":"Comment","target":["https:\/\/now-news.de\/de\/deutschland\/als-bettvorleger-gelandet-alternative-gewerkschaft-krisitiert-ig-metall-wegen-vw-sparplaenen\/#respond"]}]},{"@type":"WebPage","@id":"https:\/\/now-news.de\/de\/deutschland\/als-bettvorleger-gelandet-alternative-gewerkschaft-krisitiert-ig-metall-wegen-vw-sparplaenen\/","url":"https:\/\/now-news.de\/de\/deutschland\/als-bettvorleger-gelandet-alternative-gewerkschaft-krisitiert-ig-metall-wegen-vw-sparplaenen\/","name":"&quot;Als Bettvorleger gelandet&quot; \u2013 Alternative Gewerkschaft krisitiert IG Metall wegen VW-Sparpl\u00e4nen - just-now.NEWS Deutschland","isPartOf":{"@id":"https:\/\/now-news.de\/de\/#website"},"primaryImageOfPage":{"@id":"https:\/\/now-news.de\/de\/deutschland\/als-bettvorleger-gelandet-alternative-gewerkschaft-krisitiert-ig-metall-wegen-vw-sparplaenen\/#primaryimage"},"image":{"@id":"https:\/\/now-news.de\/de\/deutschland\/als-bettvorleger-gelandet-alternative-gewerkschaft-krisitiert-ig-metall-wegen-vw-sparplaenen\/#primaryimage"},"thumbnailUrl":"https:\/\/now-news.de\/de\/wp-content\/uploads\/sites\/3\/2026\/09\/quotAls-Bettvorleger-gelandetquot-\u2013-Alternative-Gewerkschaft-krisitiert-IG-Metall-wegen.jpg","datePublished":"2026-09-04T14:07:45+00:00","breadcrumb":{"@id":"https:\/\/now-news.de\/de\/deutschland\/als-bettvorleger-gelandet-alternative-gewerkschaft-krisitiert-ig-metall-wegen-vw-sparplaenen\/#breadcrumb"},"inLanguage":"de","potentialAction":[{"@type":"ReadAction","target":["https:\/\/now-news.de\/de\/deutschland\/als-bettvorleger-gelandet-alternative-gewerkschaft-krisitiert-ig-metall-wegen-vw-sparplaenen\/"]}]},{"@type":"ImageObject","inLanguage":"de","@id":"https:\/\/now-news.de\/de\/deutschland\/als-bettvorleger-gelandet-alternative-gewerkschaft-krisitiert-ig-metall-wegen-vw-sparplaenen\/#primaryimage","url":"https:\/\/now-news.de\/de\/wp-content\/uploads\/sites\/3\/2026\/09\/quotAls-Bettvorleger-gelandetquot-\u2013-Alternative-Gewerkschaft-krisitiert-IG-Metall-wegen.jpg","contentUrl":"https:\/\/now-news.de\/de\/wp-content\/uploads\/sites\/3\/2026\/09\/quotAls-Bettvorleger-gelandetquot-\u2013-Alternative-Gewerkschaft-krisitiert-IG-Metall-wegen.jpg","width":460,"height":259,"caption":"&quot;Als Bettvorleger gelandet&quot; \u2013 Alternative Gewerkschaft krisitiert IG Metall wegen VW-Sparpl\u00e4nen"},{"@type":"BreadcrumbList","@id":"https:\/\/now-news.de\/de\/deutschland\/als-bettvorleger-gelandet-alternative-gewerkschaft-krisitiert-ig-metall-wegen-vw-sparplaenen\/#breadcrumb","itemListElement":[{"@type":"ListItem","position":1,"name":"Home","item":"https:\/\/now-news.de\/de\/"},{"@type":"ListItem","position":2,"name":"&quot;Als Bettvorleger gelandet&quot; \u2013 Alternative Gewerkschaft krisitiert IG Metall wegen VW-Sparpl\u00e4nen"}]},{"@type":"WebSite","@id":"https:\/\/now-news.de\/de\/#website","url":"https:\/\/now-news.de\/de\/","name":"just-now.NEWS Deutschland","description":"Das Portal f\u00fcr unzensierte Nachrichten aus der Welt","publisher":{"@id":"https:\/\/now-news.de\/de\/#organization"},"potentialAction":[{"@type":"SearchAction","target":{"@type":"EntryPoint","urlTemplate":"https:\/\/now-news.de\/de\/?s={search_term_string}"},"query-input":{"@type":"PropertyValueSpecification","valueRequired":true,"valueName":"search_term_string"}}],"inLanguage":"de"},{"@type":"Organization","@id":"https:\/\/now-news.de\/de\/#organization","name":"Just Now News","url":"https:\/\/now-news.de\/de\/","logo":{"@type":"ImageObject","inLanguage":"de","@id":"https:\/\/now-news.de\/de\/#\/schema\/logo\/image\/","url":"http:\/\/just-now.news\/de\/wp-content\/uploads\/sites\/3\/2022\/04\/logo500x500.jpg","contentUrl":"http:\/\/just-now.news\/de\/wp-content\/uploads\/sites\/3\/2022\/04\/logo500x500.jpg","width":500,"height":500,"caption":"Just Now News"},"image":{"@id":"https:\/\/now-news.de\/de\/#\/schema\/logo\/image\/"},"sameAs":["https:\/\/www.facebook.com\/wirmachenauf","https:\/\/x.com\/WirMachenAuf_de"]},{"@type":"Person","@id":"https:\/\/now-news.de\/de\/#\/schema\/person\/fb534a4e865501d8b3285208df34a9b5","name":"rtnews","image":{"@type":"ImageObject","inLanguage":"de","@id":"https:\/\/secure.gravatar.com\/avatar\/358fe31b3ab5769fea05376e1953329834cd9912cf9daf607e2af3076a1b982b?s=96&d=mm&r=g","url":"https:\/\/secure.gravatar.com\/avatar\/358fe31b3ab5769fea05376e1953329834cd9912cf9daf607e2af3076a1b982b?s=96&d=mm&r=g","contentUrl":"https:\/\/secure.gravatar.com\/avatar\/358fe31b3ab5769fea05376e1953329834cd9912cf9daf607e2af3076a1b982b?s=96&d=mm&r=g","caption":"rtnews"},"url":"https:\/\/now-news.de\/de\/author\/rnews\/"}]}},"_links":{"self":[{"href":"https:\/\/now-news.de\/de\/wp-json\/wp\/v2\/posts\/109943","targetHints":{"allow":["GET"]}}],"collection":[{"href":"https:\/\/now-news.de\/de\/wp-json\/wp\/v2\/posts"}],"about":[{"href":"https:\/\/now-news.de\/de\/wp-json\/wp\/v2\/types\/post"}],"author":[{"embeddable":true,"href":"https:\/\/now-news.de\/de\/wp-json\/wp\/v2\/users\/3"}],"replies":[{"embeddable":true,"href":"https:\/\/now-news.de\/de\/wp-json\/wp\/v2\/comments?post=109943"}],"version-history":[{"count":0,"href":"https:\/\/now-news.de\/de\/wp-json\/wp\/v2\/posts\/109943\/revisions"}],"wp:featuredmedia":[{"embeddable":true,"href":"https:\/\/now-news.de\/de\/wp-json\/wp\/v2\/media\/109944"}],"wp:attachment":[{"href":"https:\/\/now-news.de\/de\/wp-json\/wp\/v2\/media?parent=109943"}],"wp:term":[{"taxonomy":"category","embeddable":true,"href":"https:\/\/now-news.de\/de\/wp-json\/wp\/v2\/categories?post=109943"},{"taxonomy":"post_tag","embeddable":true,"href":"https:\/\/now-news.de\/de\/wp-json\/wp\/v2\/tags?post=109943"}],"curies":[{"name":"wp","href":"https:\/\/api.w.org\/{rel}","templated":true}]}}