{"id":109937,"date":"2026-09-04T14:55:34","date_gmt":"2026-09-04T12:55:34","guid":{"rendered":"https:\/\/now-news.de\/de\/deutschland\/atompilz-ueber-bern-tote-schweizer-soldaten-kriegsfilm-zur-neutralitaetsinitiative\/"},"modified":"2026-09-04T14:55:34","modified_gmt":"2026-09-04T12:55:34","slug":"atompilz-ueber-bern-tote-schweizer-soldaten-kriegsfilm-zur-neutralitaetsinitiative","status":"publish","type":"post","link":"https:\/\/now-news.de\/de\/deutschland\/atompilz-ueber-bern-tote-schweizer-soldaten-kriegsfilm-zur-neutralitaetsinitiative\/","title":{"rendered":"Atompilz \u00fcber Bern, tote Schweizer Soldaten: Kriegsfilm zur Neutralit\u00e4tsinitiative"},"content":{"rendered":"<p><img decoding=\"async\" src=\"https:\/\/now-news.de\/de\/wp-content\/uploads\/sites\/3\/2026\/09\/6a9a6fca48fbef3a0763fa1e.png\" \/><\/p>\n<div class=\"Text-root Text-type_1 \">\n                Die JSVP zeigt eine Schweiz im Krieg und stellt tote Schweizer Soldaten ins Zentrum ihres neuen Kampagnenfilms. Die politische Konkurrenz reagiert emp\u00f6rt. JSVP-Pr\u00e4sident Nils Fiechter verteidigt den Film als Weckruf f\u00fcr eine Generation, die im Ernstfall selbst k\u00e4mpfen m\u00fcsste.\n            <\/div>\n<p><\/p>\n<div class=\"Text-root Text-type_5 ArticleView-text ViewText-root \">\n<p><em>Von Hans-Ueli L\u00e4ppli<\/em><\/p>\n<p>Ein Atompilz \u00fcber Bern, bombardierte St\u00e4dte, ein junger Schweizer Soldat auf dem Schlachtfeld: Die Junge SVP zeigt im Abstimmungskampf ein bewusst drastisches Szenario. Die Emp\u00f6rung der Gegner ist gro\u00df. Doch hinter dem Schockbild steht eine unbequeme Frage: Wie weit soll sich die Schweiz in fremde Konflikte hineinbewegen?<\/p>\n<h4><strong>Tote Schweizer Soldaten sorgen f\u00fcr Emp\u00f6rung \u2013 doch wer will eigentlich Krieg?<\/strong><\/h4>\n<p>Ein junger Schweizer verabschiedet sich von seiner Mutter. Kurz darauf liegt er tot auf dem Schlachtfeld. \u00dcber Bern steigt ein Atompilz, Sirenen heulen, St\u00e4dte werden bombardiert. Eine fiktive Nachrichtensendung verk\u00fcndet: Die Schweiz steht im Krieg.<\/p>\n<p>Es ist kein subtiler Wahlkampfspot. Die Junge SVP will provozieren \u2013 und sie will, dass man hinsieht. Ihr Pr\u00e4sident Nils Fiechter bezeichnet den Film als Versuch, junge Menschen &#8220;wachzur\u00fctteln&#8221;. Krieg bedeutet nicht Diplomatie aus sicherer Distanz. Im Ernstfall sind es junge M\u00e4nner und Frauen, die an die Front geschickt werden und ihr Leben riskieren.<\/p>\n<p>Die Gegner der Kampagne reagieren entsprechend heftig. Mitte-St\u00e4nder\u00e4tin Marianne Binder-Keller spricht von &#8220;Desinformation, von der Putin profitiert&#8221;.<\/p>\n<p>Damit zeigt sich ein bekanntes Muster des aktuellen Neutralit\u00e4tsstreits: Wer die Schweizer Politik gegen\u00fcber Russland, der Ukraine oder der NATO kritisiert, sieht sich schnell mit dem Vorwurf konfrontiert, Kreml-Narrative zu verbreiten. Doch der Vorwurf beantwortet die eigentliche Frage des Films nicht.<\/p>\n<h4>Darf man vor Krieg warnen, ohne &#8220;prorussisch&#8221; zu sein?<\/h4>\n<p>Die Schweiz befindet sich nicht im Krieg. Der Film behauptet auch nicht, dass dies heute der Fall w\u00e4re. Er zeichnet ein bewusst zugespitztes Zukunftsszenario.<\/p>\n<p>Die politische Frage dahinter ist allerdings real. Die Schweiz hat nach dem russischen Angriff auf die Ukraine die Sanktionen der EU weitgehend \u00fcbernommen. Der Bundesrat h\u00e4lt dies f\u00fcr mit der Neutralit\u00e4t vereinbar. Die Initianten der Neutralit\u00e4tsinitiative sehen darin dagegen eine gef\u00e4hrliche Abkehr von der bisherigen Linie.<\/p>\n<p>Die Initiative will die Neutralit\u00e4t ausdr\u00fccklich als &#8220;immerw\u00e4hrend und bewaffnet&#8221; festschreiben und den Spielraum f\u00fcr milit\u00e4rische Kooperationen sowie wirtschaftliche Zwangsma\u00dfnahmen gegen Kriegsparteien erheblich begrenzen.<\/p>\n<p>Das ist keine russische Erfindung. Es ist eine Schweizer Verfassungsfrage. Und genau deshalb wirkt der reflexartige Hinweis auf Moskau etwas bequem.<\/p>\n<h4>Der tote Soldat ist das st\u00e4rkste Bild des Films<\/h4>\n<p>Politisch besonders wirksam ist deshalb ausgerechnet die Szene mit dem jungen Soldaten. Denn sie zwingt zu einer Frage, die in der internationalen Politik gerne abstrakt behandelt wird: Wer bezahlt am Ende den Preis?<\/p>\n<p>Sanktionen haben wirtschaftliche Folgen. Milit\u00e4rische Kooperationen haben sicherheitspolitische Folgen. Internationale B\u00fcndnisse ver\u00e4ndern strategische Abh\u00e4ngigkeiten. Ein Krieg hingegen kostet Menschenleben.<\/p>\n<p>Die JSVP macht aus dieser Tatsache ein Bild: einen jungen Schweizer, der nicht \u00fcber geopolitische Strategien diskutiert, sondern auf einem Friedhof endet.<\/p>\n<h4>Ein Film muss keine Prognose sein<\/h4>\n<p>Der Atompilz \u00fcber Bern ist keine Vorhersage. Der sterbende Soldat ist keine statistische Wahrscheinlichkeit. Es handelt sich um politische Symbolik. Aber genau das ist der Sinn eines Kampagnenfilms.\u00a0Er soll eine abstrakte politische Entscheidung emotional greifbar machen.<\/p>\n<p>Die Gegner d\u00fcrfen diese Methode kritisieren. Sie k\u00f6nnen das Szenario f\u00fcr unrealistisch halten. Sie k\u00f6nnen erkl\u00e4ren, warum ihrer Ansicht nach internationale Kooperation die Schweiz sicherer macht. Was sie nicht tun sollten, ist die gesamte Frage mit dem Etikett &#8220;Putin&#8221; erledigen.<\/p>\n<p>Denn die Sorge, dass Schweizer Soldaten auf einem europ\u00e4ischen Schlachtfeld sterben k\u00f6nnten, ist weder russisch noch amerikanisch noch europ\u00e4isch. Sie ist zun\u00e4chst einmal eine Schweizer Sorge.<\/p>\n<p>Am 27. September geht es deshalb nicht nur um einen provokanten Film. Es geht um eine Grundsatzentscheidung: Soll die Schweiz ihre Neutralit\u00e4t m\u00f6glichst strikt definieren \u2013 oder soll der Bundesrat seinen au\u00dfen- und sicherheitspolitischen Spielraum behalten?<\/p>\n<p>Die Junge SVP hat diese Frage mit einem bewusst schockierenden Bild gestellt. Jetzt m\u00fcssen die Gegner darauf antworten.<\/p>\n<p><strong>Mehr zum Thema<\/strong>\u00a0\u2013\u00a0<a rel=\"nofollow\" target=\"_blank\" href=\"https:\/\/de-rtnews.com\/schweiz\/288729-schweizer-milliardaer-blocher-finanziert-ja\/\">Schweizer Milliard\u00e4r Blocher finanziert Ja-Kampagne zur Neutralit\u00e4tsinitiative<\/a><\/p>\n<div class=\"EmbedBlock-root EmbedBlock-externalVideo EmbedBlock-rumble\">\n<div class=\"VkEmbed\"><iframe class=\"lazyload\" data-src=\"https:\/\/rumble.com\/embed\/v7cgwis\" frameborder=\"0\" width=\"853\" height=\"480\" allowfullscreen><\/iframe><\/div>\n<\/div>\n<\/div>\n<p><br \/>\n<br \/><a href=\"https:\/\/de.rt.com\/schweiz\/290642-atompilz-ueber-bern-tote-schweizer\/\">Source link <\/a><\/p>\n","protected":false},"excerpt":{"rendered":"<p>Die JSVP zeigt eine Schweiz im Krieg und stellt tote Schweizer Soldaten ins Zentrum ihres neuen Kampagnenfilms. Die politische Konkurrenz reagiert emp\u00f6rt. JSVP-Pr\u00e4sident Nils Fiechter verteidigt den Film als Weckruf f\u00fcr eine Generation, die im Ernstfall selbst k\u00e4mpfen m\u00fcsste. Von Hans-Ueli L\u00e4ppli Ein Atompilz \u00fcber Bern, bombardierte St\u00e4dte, ein junger Schweizer Soldat auf dem Schlachtfeld: [&hellip;]<\/p>\n","protected":false},"author":3,"featured_media":109938,"comment_status":"open","ping_status":"open","sticky":false,"template":"","format":"standard","meta":{"wp_automatic_camp":["217"],"a8abd6905c67f798b7b1100fb1e2db4c":["Atompilz \u00fcber Bern, tote Schweizer Soldaten: Kriegsfilm zur Neutralit\u00e4tsinitiative"],"original_link":["https:\/\/de.rt.com\/schweiz\/290642-atompilz-ueber-bern-tote-schweizer\/"],"_thumbnail_id":["109938"],"_wptgpro_p2tg_sent2tg":["a:1:{i:23737;s:19:\"2026-09-04 15:00:33\";}"],"jnews_social_counter_last_update":["1788534033"]},"categories":[19,23],"tags":[76021,45148,76022,74186,3424,2333,3233,139,581],"class_list":["post-109937","post","type-post","status-publish","format-standard","has-post-thumbnail","hentry","category-deutschland","category-russland","tag-atompilz","tag-bern","tag-kriegsfilm","tag-neutralitaetsinitiative","tag-schweizer","tag-soldaten","tag-tote","tag-ueber","tag-zur"],"yoast_head":"<!-- This site is optimized with the Yoast SEO Premium plugin v22.7 (Yoast SEO v28.2) - https:\/\/yoast.com\/product\/yoast-seo-premium-wordpress\/ -->\n<title>Atompilz \u00fcber Bern, tote Schweizer Soldaten: Kriegsfilm zur Neutralit\u00e4tsinitiative - just-now.NEWS Deutschland<\/title>\n<meta name=\"robots\" content=\"index, follow, max-snippet:-1, max-image-preview:large, max-video-preview:-1\" \/>\n<link rel=\"canonical\" href=\"https:\/\/now-news.de\/de\/deutschland\/atompilz-ueber-bern-tote-schweizer-soldaten-kriegsfilm-zur-neutralitaetsinitiative\/\" \/>\n<meta property=\"og:locale\" content=\"de_DE\" \/>\n<meta property=\"og:type\" content=\"article\" \/>\n<meta property=\"og:title\" content=\"Atompilz \u00fcber Bern, tote Schweizer Soldaten: Kriegsfilm zur Neutralit\u00e4tsinitiative\" \/>\n<meta property=\"og:description\" content=\"Die JSVP zeigt eine Schweiz im Krieg und stellt tote Schweizer Soldaten ins Zentrum ihres neuen Kampagnenfilms. Die politische Konkurrenz reagiert emp\u00f6rt. JSVP-Pr\u00e4sident Nils Fiechter verteidigt den Film als Weckruf f\u00fcr eine Generation, die im Ernstfall selbst k\u00e4mpfen m\u00fcsste. Von Hans-Ueli L\u00e4ppli Ein Atompilz \u00fcber Bern, bombardierte St\u00e4dte, ein junger Schweizer Soldat auf dem Schlachtfeld: [&hellip;]\" \/>\n<meta property=\"og:url\" content=\"https:\/\/now-news.de\/de\/deutschland\/atompilz-ueber-bern-tote-schweizer-soldaten-kriegsfilm-zur-neutralitaetsinitiative\/\" \/>\n<meta property=\"og:site_name\" content=\"just-now.NEWS Deutschland\" \/>\n<meta property=\"article:publisher\" content=\"https:\/\/www.facebook.com\/wirmachenauf\" \/>\n<meta property=\"article:published_time\" content=\"2026-09-04T12:55:34+00:00\" \/>\n<meta property=\"og:image\" content=\"https:\/\/now-news.de\/de\/wp-content\/uploads\/sites\/3\/2026\/09\/6a9a6fca48fbef3a0763fa1e.png\" \/>\n<meta name=\"author\" content=\"rtnews\" \/>\n<meta name=\"twitter:card\" content=\"summary_large_image\" \/>\n<meta name=\"twitter:creator\" content=\"@WirMachenAuf_de\" \/>\n<meta name=\"twitter:site\" content=\"@WirMachenAuf_de\" \/>\n<meta name=\"twitter:label1\" content=\"Verfasst von\" \/>\n\t<meta name=\"twitter:data1\" content=\"rtnews\" \/>\n\t<meta name=\"twitter:label2\" content=\"Gesch\u00e4tzte Lesezeit\" \/>\n\t<meta name=\"twitter:data2\" content=\"3\u00a0Minuten\" \/>\n<script type=\"application\/ld+json\" class=\"yoast-schema-graph\">{\"@context\":\"https:\\\/\\\/schema.org\",\"@graph\":[{\"@type\":\"Article\",\"@id\":\"https:\\\/\\\/now-news.de\\\/de\\\/deutschland\\\/atompilz-ueber-bern-tote-schweizer-soldaten-kriegsfilm-zur-neutralitaetsinitiative\\\/#article\",\"isPartOf\":{\"@id\":\"https:\\\/\\\/now-news.de\\\/de\\\/deutschland\\\/atompilz-ueber-bern-tote-schweizer-soldaten-kriegsfilm-zur-neutralitaetsinitiative\\\/\"},\"author\":{\"name\":\"rtnews\",\"@id\":\"https:\\\/\\\/now-news.de\\\/de\\\/#\\\/schema\\\/person\\\/fb534a4e865501d8b3285208df34a9b5\"},\"headline\":\"Atompilz \u00fcber Bern, tote Schweizer Soldaten: Kriegsfilm zur Neutralit\u00e4tsinitiative\",\"datePublished\":\"2026-09-04T12:55:34+00:00\",\"mainEntityOfPage\":{\"@id\":\"https:\\\/\\\/now-news.de\\\/de\\\/deutschland\\\/atompilz-ueber-bern-tote-schweizer-soldaten-kriegsfilm-zur-neutralitaetsinitiative\\\/\"},\"wordCount\":688,\"commentCount\":0,\"publisher\":{\"@id\":\"https:\\\/\\\/now-news.de\\\/de\\\/#organization\"},\"image\":{\"@id\":\"https:\\\/\\\/now-news.de\\\/de\\\/deutschland\\\/atompilz-ueber-bern-tote-schweizer-soldaten-kriegsfilm-zur-neutralitaetsinitiative\\\/#primaryimage\"},\"thumbnailUrl\":\"https:\\\/\\\/now-news.de\\\/de\\\/wp-content\\\/uploads\\\/sites\\\/3\\\/2026\\\/09\\\/Atompilz-ueber-Bern-tote-Schweizer-Soldaten-Kriegsfilm-zur-Neutralitaetsinitiative.png\",\"keywords\":[\"Atompilz\",\"Bern\",\"Kriegsfilm\",\"Neutralit\u00e4tsinitiative\",\"Schweizer\",\"Soldaten\",\"Tote\",\"\u00fcber\",\"zur\"],\"articleSection\":[\"Deutschland\",\"Russland\"],\"inLanguage\":\"de\",\"potentialAction\":[{\"@type\":\"CommentAction\",\"name\":\"Comment\",\"target\":[\"https:\\\/\\\/now-news.de\\\/de\\\/deutschland\\\/atompilz-ueber-bern-tote-schweizer-soldaten-kriegsfilm-zur-neutralitaetsinitiative\\\/#respond\"]}]},{\"@type\":\"WebPage\",\"@id\":\"https:\\\/\\\/now-news.de\\\/de\\\/deutschland\\\/atompilz-ueber-bern-tote-schweizer-soldaten-kriegsfilm-zur-neutralitaetsinitiative\\\/\",\"url\":\"https:\\\/\\\/now-news.de\\\/de\\\/deutschland\\\/atompilz-ueber-bern-tote-schweizer-soldaten-kriegsfilm-zur-neutralitaetsinitiative\\\/\",\"name\":\"Atompilz \u00fcber Bern, tote Schweizer Soldaten: Kriegsfilm zur Neutralit\u00e4tsinitiative - just-now.NEWS Deutschland\",\"isPartOf\":{\"@id\":\"https:\\\/\\\/now-news.de\\\/de\\\/#website\"},\"primaryImageOfPage\":{\"@id\":\"https:\\\/\\\/now-news.de\\\/de\\\/deutschland\\\/atompilz-ueber-bern-tote-schweizer-soldaten-kriegsfilm-zur-neutralitaetsinitiative\\\/#primaryimage\"},\"image\":{\"@id\":\"https:\\\/\\\/now-news.de\\\/de\\\/deutschland\\\/atompilz-ueber-bern-tote-schweizer-soldaten-kriegsfilm-zur-neutralitaetsinitiative\\\/#primaryimage\"},\"thumbnailUrl\":\"https:\\\/\\\/now-news.de\\\/de\\\/wp-content\\\/uploads\\\/sites\\\/3\\\/2026\\\/09\\\/Atompilz-ueber-Bern-tote-Schweizer-Soldaten-Kriegsfilm-zur-Neutralitaetsinitiative.png\",\"datePublished\":\"2026-09-04T12:55:34+00:00\",\"breadcrumb\":{\"@id\":\"https:\\\/\\\/now-news.de\\\/de\\\/deutschland\\\/atompilz-ueber-bern-tote-schweizer-soldaten-kriegsfilm-zur-neutralitaetsinitiative\\\/#breadcrumb\"},\"inLanguage\":\"de\",\"potentialAction\":[{\"@type\":\"ReadAction\",\"target\":[\"https:\\\/\\\/now-news.de\\\/de\\\/deutschland\\\/atompilz-ueber-bern-tote-schweizer-soldaten-kriegsfilm-zur-neutralitaetsinitiative\\\/\"]}]},{\"@type\":\"ImageObject\",\"inLanguage\":\"de\",\"@id\":\"https:\\\/\\\/now-news.de\\\/de\\\/deutschland\\\/atompilz-ueber-bern-tote-schweizer-soldaten-kriegsfilm-zur-neutralitaetsinitiative\\\/#primaryimage\",\"url\":\"https:\\\/\\\/now-news.de\\\/de\\\/wp-content\\\/uploads\\\/sites\\\/3\\\/2026\\\/09\\\/Atompilz-ueber-Bern-tote-Schweizer-Soldaten-Kriegsfilm-zur-Neutralitaetsinitiative.png\",\"contentUrl\":\"https:\\\/\\\/now-news.de\\\/de\\\/wp-content\\\/uploads\\\/sites\\\/3\\\/2026\\\/09\\\/Atompilz-ueber-Bern-tote-Schweizer-Soldaten-Kriegsfilm-zur-Neutralitaetsinitiative.png\",\"width\":460,\"height\":259,\"caption\":\"Atompilz \u00fcber Bern, tote Schweizer Soldaten: Kriegsfilm zur Neutralit\u00e4tsinitiative\"},{\"@type\":\"BreadcrumbList\",\"@id\":\"https:\\\/\\\/now-news.de\\\/de\\\/deutschland\\\/atompilz-ueber-bern-tote-schweizer-soldaten-kriegsfilm-zur-neutralitaetsinitiative\\\/#breadcrumb\",\"itemListElement\":[{\"@type\":\"ListItem\",\"position\":1,\"name\":\"Home\",\"item\":\"https:\\\/\\\/now-news.de\\\/de\\\/\"},{\"@type\":\"ListItem\",\"position\":2,\"name\":\"Atompilz \u00fcber Bern, tote Schweizer Soldaten: Kriegsfilm zur Neutralit\u00e4tsinitiative\"}]},{\"@type\":\"WebSite\",\"@id\":\"https:\\\/\\\/now-news.de\\\/de\\\/#website\",\"url\":\"https:\\\/\\\/now-news.de\\\/de\\\/\",\"name\":\"just-now.NEWS Deutschland\",\"description\":\"Das Portal f\u00fcr unzensierte Nachrichten aus der Welt\",\"publisher\":{\"@id\":\"https:\\\/\\\/now-news.de\\\/de\\\/#organization\"},\"potentialAction\":[{\"@type\":\"SearchAction\",\"target\":{\"@type\":\"EntryPoint\",\"urlTemplate\":\"https:\\\/\\\/now-news.de\\\/de\\\/?s={search_term_string}\"},\"query-input\":{\"@type\":\"PropertyValueSpecification\",\"valueRequired\":true,\"valueName\":\"search_term_string\"}}],\"inLanguage\":\"de\"},{\"@type\":\"Organization\",\"@id\":\"https:\\\/\\\/now-news.de\\\/de\\\/#organization\",\"name\":\"Just Now News\",\"url\":\"https:\\\/\\\/now-news.de\\\/de\\\/\",\"logo\":{\"@type\":\"ImageObject\",\"inLanguage\":\"de\",\"@id\":\"https:\\\/\\\/now-news.de\\\/de\\\/#\\\/schema\\\/logo\\\/image\\\/\",\"url\":\"http:\\\/\\\/just-now.news\\\/de\\\/wp-content\\\/uploads\\\/sites\\\/3\\\/2022\\\/04\\\/logo500x500.jpg\",\"contentUrl\":\"http:\\\/\\\/just-now.news\\\/de\\\/wp-content\\\/uploads\\\/sites\\\/3\\\/2022\\\/04\\\/logo500x500.jpg\",\"width\":500,\"height\":500,\"caption\":\"Just Now News\"},\"image\":{\"@id\":\"https:\\\/\\\/now-news.de\\\/de\\\/#\\\/schema\\\/logo\\\/image\\\/\"},\"sameAs\":[\"https:\\\/\\\/www.facebook.com\\\/wirmachenauf\",\"https:\\\/\\\/x.com\\\/WirMachenAuf_de\"]},{\"@type\":\"Person\",\"@id\":\"https:\\\/\\\/now-news.de\\\/de\\\/#\\\/schema\\\/person\\\/fb534a4e865501d8b3285208df34a9b5\",\"name\":\"rtnews\",\"image\":{\"@type\":\"ImageObject\",\"inLanguage\":\"de\",\"@id\":\"https:\\\/\\\/secure.gravatar.com\\\/avatar\\\/358fe31b3ab5769fea05376e1953329834cd9912cf9daf607e2af3076a1b982b?s=96&d=mm&r=g\",\"url\":\"https:\\\/\\\/secure.gravatar.com\\\/avatar\\\/358fe31b3ab5769fea05376e1953329834cd9912cf9daf607e2af3076a1b982b?s=96&d=mm&r=g\",\"contentUrl\":\"https:\\\/\\\/secure.gravatar.com\\\/avatar\\\/358fe31b3ab5769fea05376e1953329834cd9912cf9daf607e2af3076a1b982b?s=96&d=mm&r=g\",\"caption\":\"rtnews\"},\"url\":\"https:\\\/\\\/now-news.de\\\/de\\\/author\\\/rnews\\\/\"}]}<\/script>\n<!-- \/ Yoast SEO Premium plugin. -->","yoast_head_json":{"title":"Atompilz \u00fcber Bern, tote Schweizer Soldaten: Kriegsfilm zur Neutralit\u00e4tsinitiative - just-now.NEWS Deutschland","robots":{"index":"index","follow":"follow","max-snippet":"max-snippet:-1","max-image-preview":"max-image-preview:large","max-video-preview":"max-video-preview:-1"},"canonical":"https:\/\/now-news.de\/de\/deutschland\/atompilz-ueber-bern-tote-schweizer-soldaten-kriegsfilm-zur-neutralitaetsinitiative\/","og_locale":"de_DE","og_type":"article","og_title":"Atompilz \u00fcber Bern, tote Schweizer Soldaten: Kriegsfilm zur Neutralit\u00e4tsinitiative","og_description":"Die JSVP zeigt eine Schweiz im Krieg und stellt tote Schweizer Soldaten ins Zentrum ihres neuen Kampagnenfilms. Die politische Konkurrenz reagiert emp\u00f6rt. JSVP-Pr\u00e4sident Nils Fiechter verteidigt den Film als Weckruf f\u00fcr eine Generation, die im Ernstfall selbst k\u00e4mpfen m\u00fcsste. Von Hans-Ueli L\u00e4ppli Ein Atompilz \u00fcber Bern, bombardierte St\u00e4dte, ein junger Schweizer Soldat auf dem Schlachtfeld: [&hellip;]","og_url":"https:\/\/now-news.de\/de\/deutschland\/atompilz-ueber-bern-tote-schweizer-soldaten-kriegsfilm-zur-neutralitaetsinitiative\/","og_site_name":"just-now.NEWS Deutschland","article_publisher":"https:\/\/www.facebook.com\/wirmachenauf","article_published_time":"2026-09-04T12:55:34+00:00","og_image":[{"url":"https:\/\/now-news.de\/de\/wp-content\/uploads\/sites\/3\/2026\/09\/6a9a6fca48fbef3a0763fa1e.png","type":"","width":"","height":""}],"author":"rtnews","twitter_card":"summary_large_image","twitter_creator":"@WirMachenAuf_de","twitter_site":"@WirMachenAuf_de","twitter_misc":{"Verfasst von":"rtnews","Gesch\u00e4tzte Lesezeit":"3\u00a0Minuten"},"schema":{"@context":"https:\/\/schema.org","@graph":[{"@type":"Article","@id":"https:\/\/now-news.de\/de\/deutschland\/atompilz-ueber-bern-tote-schweizer-soldaten-kriegsfilm-zur-neutralitaetsinitiative\/#article","isPartOf":{"@id":"https:\/\/now-news.de\/de\/deutschland\/atompilz-ueber-bern-tote-schweizer-soldaten-kriegsfilm-zur-neutralitaetsinitiative\/"},"author":{"name":"rtnews","@id":"https:\/\/now-news.de\/de\/#\/schema\/person\/fb534a4e865501d8b3285208df34a9b5"},"headline":"Atompilz \u00fcber Bern, tote Schweizer Soldaten: Kriegsfilm zur Neutralit\u00e4tsinitiative","datePublished":"2026-09-04T12:55:34+00:00","mainEntityOfPage":{"@id":"https:\/\/now-news.de\/de\/deutschland\/atompilz-ueber-bern-tote-schweizer-soldaten-kriegsfilm-zur-neutralitaetsinitiative\/"},"wordCount":688,"commentCount":0,"publisher":{"@id":"https:\/\/now-news.de\/de\/#organization"},"image":{"@id":"https:\/\/now-news.de\/de\/deutschland\/atompilz-ueber-bern-tote-schweizer-soldaten-kriegsfilm-zur-neutralitaetsinitiative\/#primaryimage"},"thumbnailUrl":"https:\/\/now-news.de\/de\/wp-content\/uploads\/sites\/3\/2026\/09\/Atompilz-ueber-Bern-tote-Schweizer-Soldaten-Kriegsfilm-zur-Neutralitaetsinitiative.png","keywords":["Atompilz","Bern","Kriegsfilm","Neutralit\u00e4tsinitiative","Schweizer","Soldaten","Tote","\u00fcber","zur"],"articleSection":["Deutschland","Russland"],"inLanguage":"de","potentialAction":[{"@type":"CommentAction","name":"Comment","target":["https:\/\/now-news.de\/de\/deutschland\/atompilz-ueber-bern-tote-schweizer-soldaten-kriegsfilm-zur-neutralitaetsinitiative\/#respond"]}]},{"@type":"WebPage","@id":"https:\/\/now-news.de\/de\/deutschland\/atompilz-ueber-bern-tote-schweizer-soldaten-kriegsfilm-zur-neutralitaetsinitiative\/","url":"https:\/\/now-news.de\/de\/deutschland\/atompilz-ueber-bern-tote-schweizer-soldaten-kriegsfilm-zur-neutralitaetsinitiative\/","name":"Atompilz \u00fcber Bern, tote Schweizer Soldaten: Kriegsfilm zur Neutralit\u00e4tsinitiative - just-now.NEWS Deutschland","isPartOf":{"@id":"https:\/\/now-news.de\/de\/#website"},"primaryImageOfPage":{"@id":"https:\/\/now-news.de\/de\/deutschland\/atompilz-ueber-bern-tote-schweizer-soldaten-kriegsfilm-zur-neutralitaetsinitiative\/#primaryimage"},"image":{"@id":"https:\/\/now-news.de\/de\/deutschland\/atompilz-ueber-bern-tote-schweizer-soldaten-kriegsfilm-zur-neutralitaetsinitiative\/#primaryimage"},"thumbnailUrl":"https:\/\/now-news.de\/de\/wp-content\/uploads\/sites\/3\/2026\/09\/Atompilz-ueber-Bern-tote-Schweizer-Soldaten-Kriegsfilm-zur-Neutralitaetsinitiative.png","datePublished":"2026-09-04T12:55:34+00:00","breadcrumb":{"@id":"https:\/\/now-news.de\/de\/deutschland\/atompilz-ueber-bern-tote-schweizer-soldaten-kriegsfilm-zur-neutralitaetsinitiative\/#breadcrumb"},"inLanguage":"de","potentialAction":[{"@type":"ReadAction","target":["https:\/\/now-news.de\/de\/deutschland\/atompilz-ueber-bern-tote-schweizer-soldaten-kriegsfilm-zur-neutralitaetsinitiative\/"]}]},{"@type":"ImageObject","inLanguage":"de","@id":"https:\/\/now-news.de\/de\/deutschland\/atompilz-ueber-bern-tote-schweizer-soldaten-kriegsfilm-zur-neutralitaetsinitiative\/#primaryimage","url":"https:\/\/now-news.de\/de\/wp-content\/uploads\/sites\/3\/2026\/09\/Atompilz-ueber-Bern-tote-Schweizer-Soldaten-Kriegsfilm-zur-Neutralitaetsinitiative.png","contentUrl":"https:\/\/now-news.de\/de\/wp-content\/uploads\/sites\/3\/2026\/09\/Atompilz-ueber-Bern-tote-Schweizer-Soldaten-Kriegsfilm-zur-Neutralitaetsinitiative.png","width":460,"height":259,"caption":"Atompilz \u00fcber Bern, tote Schweizer Soldaten: Kriegsfilm zur Neutralit\u00e4tsinitiative"},{"@type":"BreadcrumbList","@id":"https:\/\/now-news.de\/de\/deutschland\/atompilz-ueber-bern-tote-schweizer-soldaten-kriegsfilm-zur-neutralitaetsinitiative\/#breadcrumb","itemListElement":[{"@type":"ListItem","position":1,"name":"Home","item":"https:\/\/now-news.de\/de\/"},{"@type":"ListItem","position":2,"name":"Atompilz \u00fcber Bern, tote Schweizer Soldaten: Kriegsfilm zur Neutralit\u00e4tsinitiative"}]},{"@type":"WebSite","@id":"https:\/\/now-news.de\/de\/#website","url":"https:\/\/now-news.de\/de\/","name":"just-now.NEWS Deutschland","description":"Das Portal f\u00fcr unzensierte Nachrichten aus der Welt","publisher":{"@id":"https:\/\/now-news.de\/de\/#organization"},"potentialAction":[{"@type":"SearchAction","target":{"@type":"EntryPoint","urlTemplate":"https:\/\/now-news.de\/de\/?s={search_term_string}"},"query-input":{"@type":"PropertyValueSpecification","valueRequired":true,"valueName":"search_term_string"}}],"inLanguage":"de"},{"@type":"Organization","@id":"https:\/\/now-news.de\/de\/#organization","name":"Just Now News","url":"https:\/\/now-news.de\/de\/","logo":{"@type":"ImageObject","inLanguage":"de","@id":"https:\/\/now-news.de\/de\/#\/schema\/logo\/image\/","url":"http:\/\/just-now.news\/de\/wp-content\/uploads\/sites\/3\/2022\/04\/logo500x500.jpg","contentUrl":"http:\/\/just-now.news\/de\/wp-content\/uploads\/sites\/3\/2022\/04\/logo500x500.jpg","width":500,"height":500,"caption":"Just Now News"},"image":{"@id":"https:\/\/now-news.de\/de\/#\/schema\/logo\/image\/"},"sameAs":["https:\/\/www.facebook.com\/wirmachenauf","https:\/\/x.com\/WirMachenAuf_de"]},{"@type":"Person","@id":"https:\/\/now-news.de\/de\/#\/schema\/person\/fb534a4e865501d8b3285208df34a9b5","name":"rtnews","image":{"@type":"ImageObject","inLanguage":"de","@id":"https:\/\/secure.gravatar.com\/avatar\/358fe31b3ab5769fea05376e1953329834cd9912cf9daf607e2af3076a1b982b?s=96&d=mm&r=g","url":"https:\/\/secure.gravatar.com\/avatar\/358fe31b3ab5769fea05376e1953329834cd9912cf9daf607e2af3076a1b982b?s=96&d=mm&r=g","contentUrl":"https:\/\/secure.gravatar.com\/avatar\/358fe31b3ab5769fea05376e1953329834cd9912cf9daf607e2af3076a1b982b?s=96&d=mm&r=g","caption":"rtnews"},"url":"https:\/\/now-news.de\/de\/author\/rnews\/"}]}},"_links":{"self":[{"href":"https:\/\/now-news.de\/de\/wp-json\/wp\/v2\/posts\/109937","targetHints":{"allow":["GET"]}}],"collection":[{"href":"https:\/\/now-news.de\/de\/wp-json\/wp\/v2\/posts"}],"about":[{"href":"https:\/\/now-news.de\/de\/wp-json\/wp\/v2\/types\/post"}],"author":[{"embeddable":true,"href":"https:\/\/now-news.de\/de\/wp-json\/wp\/v2\/users\/3"}],"replies":[{"embeddable":true,"href":"https:\/\/now-news.de\/de\/wp-json\/wp\/v2\/comments?post=109937"}],"version-history":[{"count":0,"href":"https:\/\/now-news.de\/de\/wp-json\/wp\/v2\/posts\/109937\/revisions"}],"wp:featuredmedia":[{"embeddable":true,"href":"https:\/\/now-news.de\/de\/wp-json\/wp\/v2\/media\/109938"}],"wp:attachment":[{"href":"https:\/\/now-news.de\/de\/wp-json\/wp\/v2\/media?parent=109937"}],"wp:term":[{"taxonomy":"category","embeddable":true,"href":"https:\/\/now-news.de\/de\/wp-json\/wp\/v2\/categories?post=109937"},{"taxonomy":"post_tag","embeddable":true,"href":"https:\/\/now-news.de\/de\/wp-json\/wp\/v2\/tags?post=109937"}],"curies":[{"name":"wp","href":"https:\/\/api.w.org\/{rel}","templated":true}]}}