{"id":109935,"date":"2026-09-04T14:42:47","date_gmt":"2026-09-04T12:42:47","guid":{"rendered":"https:\/\/now-news.de\/de\/deutschland\/machterhalt-in-thueringen-voigt-und-wolf-erklaeren-fortsetzung-des-3-plus-1-formats\/"},"modified":"2026-09-04T14:42:47","modified_gmt":"2026-09-04T12:42:47","slug":"machterhalt-in-thueringen-voigt-und-wolf-erklaeren-fortsetzung-des-3-plus-1-formats","status":"publish","type":"post","link":"https:\/\/now-news.de\/de\/deutschland\/machterhalt-in-thueringen-voigt-und-wolf-erklaeren-fortsetzung-des-3-plus-1-formats\/","title":{"rendered":"Machterhalt in Th\u00fcringen: Voigt und Wolf erkl\u00e4ren Fortsetzung des &quot;3-plus-1-Formats&quot;"},"content":{"rendered":"<p><img decoding=\"async\" src=\"https:\/\/now-news.de\/de\/wp-content\/uploads\/sites\/3\/2026\/09\/6a9aa24e48fbef7d9d22743c.jpg\" \/><\/p>\n<div class=\"Text-root Text-type_1 \">\n                Trotz des heute verk\u00fcndeten Zerfalls der Th\u00fcringer BSW-Fraktion betonen Ministerpr\u00e4sident Voigt und seine Vize-Kollegin Wolf, dass die Zusammenarbeit von CDU, SPD und den aus dem BSW ausgetretenen Abgeordneten fortgesetzt wird. Das sogenannte &#8220;3-plus-1&#8221;-Regierungsformat, unter Mithilfe der Linken, soll aufrechterhalten bleiben.\n            <\/div>\n<p><\/p>\n<div class=\"Text-root Text-type_5 ArticleView-text ViewText-root \">\n<p>Die sogenannte &#8220;Brombeer-Koalition&#8221; in Th\u00fcringen, bestehend aus CDU, SPD und BSW,\u00a0 hatte im 88-k\u00f6pfigen Landtag von Erfurt von Beginn seiner Arbeit an keine eigene Mehrheit und praktizierte laut politischer Absprache mit der Linken-Opposition ein &#8220;3-plus-1-Format&#8221;.\u00a0Ungeachtet des zehnfachen Parteiaustritts aus dem Th\u00fcringer BSW soll die Regierungskoalition nun weiter fortgesetzt werden.<\/p>\n<p>&#8220;Wir vertrauen einander&#8221;, so Ministerpr\u00e4sident Mario Voigt (CDU) am Freitag in der Landeshauptstadt mitteilend. Die Linken-Fraktion erkl\u00e4rte demgegen\u00fcber das taktische Format &#8220;f\u00fcr beendet&#8221;.<\/p>\n<p>Die Th\u00fcringer Vize-Ministerpr\u00e4sidentin und\u00a0Finanzministerin in der Brombeer-Koalition, Katja Wolf,\u00a0erkl\u00e4rte zu Beginn ihres heutigen Statements vor Journalisten, dass ihr &#8220;der Austritt aus der BSW-Fraktion nicht leicht gefallen ist.&#8221; Die letzten Tage h\u00e4tten f\u00fcr die Ex-PDS- und Linken-Politikerin demnach &#8220;deutlich gemacht, dass es keinen gemeinsamen Weg mehr geben kann.&#8221;<\/p>\n<p>Die Gruppe der zehn BSW-Abgeordneten, die gemeinsam am Vormittag ihren Austritt aus der Partei erkl\u00e4rten, wollten nun ihren Fokus vermeintlich &#8220;noch konsequenter&#8221; auf Th\u00fcringen legen.<\/p>\n<p>Am Mittwoch verlie\u00dfen zuvor bereits drei BSW-Abgeordnete die Partei und die Fraktion, wodurch das BSW mit seiner\u00a0Fraktion in der mitregierenden Partei von urspr\u00fcnglich 15 auf 12 Mitglieder schrumpfte. Die drei Abgeordneten erkl\u00e4rten laut Medien, dass sie\u00a0mit einer eigens gegr\u00fcndeten Partei &#8220;Deine Stimme z\u00e4hlt&#8221;\u00a0k\u00fcnftig eine parlamentarische Gruppe im Erfurter Landtag bilden wollen.<\/p>\n<p>Wolf\u00a0\u00e4u\u00dferte\u00a0demgegen\u00fcber stellvertretend, dass der Koalitionsvertrag &#8220;mit drei Partnern geschlossen worden sei&#8221; und dass die abtr\u00fcnnigen Abgeordneten auch &#8220;weiterhin zum Regierungsvertrag stehen&#8221; w\u00fcrden. W\u00f6rtlich gab sie weiter zu Protokoll:<\/p>\n<p><em>&#8220;Wir sind nicht gew\u00e4hlt f\u00fcr endlose Selbstbesch\u00e4ftigung, st\u00e4ndige Abwehrk\u00e4mpfe und das Ertragen st\u00e4ndiger Flirts mit Rechtsradikalen.&#8221;<\/em><\/p>\n<p>Ministerpr\u00e4sident Mario Voigt (CDU) sprach am Freitag in Erfurt von einem &#8220;Tag der Klarheit f\u00fcr Th\u00fcringen&#8221;. Er habe demnach &#8220;gro\u00dfen Respekt&#8221; vor dem get\u00e4tigten Schritt der BSW-Abgeordneten. Katja Wolf spreche er sein volles Vertrauen aus.<\/p>\n<p>Das Regierungsprogramm wolle seine Partei weiterhin gemeinschaftlich bearbeiten, wobei die zehn Abgeordneten, die aus dem BSW ausgetreten sind, &#8220;logischerweise unsere Partner&#8221; bleiben w\u00fcrden, da diese sich &#8220;den inhaltlichen Zielen des Regierungsvertrags unterworfen&#8221; h\u00e4tten.<\/p>\n<p>Die CDU habe im Pr\u00e4sidium bereits beraten und stehe weiter zur Koalition. Voigt erkl\u00e4rte, dass die Brombeer-Koalition &#8220;ein gemeinsames Verst\u00e4ndnis f\u00fcr unseren Regierungsauftrag&#8221; habe, und weiter w\u00f6rtlich:<\/p>\n<p><em>&#8220;Dieses Land wird gut, ruhig und vor allem vern\u00fcnftig gef\u00fchrt.&#8221;<\/em><\/p>\n<p>Auch SPD-Landeschef und Innenminister Georg Maier bekannte sich zu der seit 2024 regierenden Koalition, um zu Protokoll zu geben:<\/p>\n<p><em>&#8220;Wir haben einen Regierungsauftrag und dem m\u00f6chten wir gerecht werden.&#8221;<\/em><\/p>\n<p>Zum Thema des bis dato selbstverst\u00e4ndlichen\u00a0&#8220;3-plus-1-Formats&#8221; in Th\u00fcringen\u00a0ist mittlerweile auch ein Statement\u00a0der strategisch mehr als wichtigen Linken-Fraktion im Landtag erfolgt. So hei\u00dft es in einer <a rel=\"nofollow\" target=\"_blank\" href=\"https:\/\/www.die-linke-thueringen.de\/start\/aktuell\/detail\/news\/bsw-stuerzt-thueringen-ins-chaos\/\" target=\"_blank\" rel=\"noopener noreferrer\">Mitteilung<\/a> am Freitag, dass mit dem Zerfall des BSW die Koalition in Th\u00fcringen geplatzt sei, &#8220;das Parlament gel\u00e4hmt und damit auch das 3+1-Format endet.&#8221; Zur Erkl\u00e4rung hei\u00dft es weiter abrechnend:<\/p>\n<p><em>&#8220;Das BSW und seine (ehemaligen) Mitglieder st\u00fcrzen Th\u00fcringen ins Chaos und schaffen f\u00fcr die Menschen noch mehr Unsicherheit in ohnehin schon unsicheren Zeiten. Sahra Wagenknecht und ihre Unterst\u00fctzer agieren \u00e4hnlich zerst\u00f6rerisch wie die die AfD. Der Gr\u00fcndungskonsens war eine L\u00fcge: Sie haben versprochen, alles besser zu machen, doch es wird alles immer schlimmer.&#8221;<\/em><\/p>\n<p>Nun ehemalige BSW-Parteikollegen haben dabei den Austritt von zehn Th\u00fcringer Abgeordneten aus der Partei unmittelbar\u00a0begr\u00fc\u00dft. So erkl\u00e4rte der Landesvorsitzende von Sachsen-Anhalt, John Lucas Dittrich, und die beiden Spitzenkandidaten Claudia Wittig und Thomas Schulze der <em>Welt<\/em>-Redaktion:<\/p>\n<p><em>&#8220;Mit dem Austritt von Frau Wolf ist nun auch im BSW Th\u00fcringen der Weg frei f\u00fcr den Kurs, f\u00fcr den Sahra Wagenknecht steht und den wir in Sachsen-Anhalt konsequent vertreten.&#8221;<\/em><\/p>\n<p>Wie es mit der Rest-BSW-Landtagsfraktion in Th\u00fcringen weitergehen wird, soll laut Medien in der kommenden Woche beraten werden.<\/p>\n<p><strong>Mehr zum Thema <\/strong>\u2013<strong>\u00a0<\/strong><a rel=\"nofollow\" target=\"_blank\" href=\"https:\/\/de-rtnews.com\/inland\/290644-polizeiszenarien-am-wahlabend-kapitol-erstuermung\/\" target=\"_blank\" rel=\"noopener noreferrer\">Magdeburg: Proteste und Freudenfeste \u2013 Alle verf\u00fcgbaren Polizeikr\u00e4fte am Wahlabend im Einsatz <\/a><\/p>\n<div class=\"EmbedBlock-root EmbedBlock-externalVideo EmbedBlock-rumble\">\n<div class=\"VkEmbed\"><iframe class=\"lazyload\" data-src=\"https:\/\/rumble.com\/embed\/v7cw252\" frameborder=\"0\" width=\"853\" height=\"480\" allowfullscreen><\/iframe><\/div>\n<\/div>\n<\/div>\n<p><br \/>\n<br \/><a href=\"https:\/\/de.rt.com\/inland\/290658-machterhalt-in-thueringen-voigt-und\/\">Source link <\/a><\/p>\n","protected":false},"excerpt":{"rendered":"<p>Trotz des heute verk\u00fcndeten Zerfalls der Th\u00fcringer BSW-Fraktion betonen Ministerpr\u00e4sident Voigt und seine Vize-Kollegin Wolf, dass die Zusammenarbeit von CDU, SPD und den aus dem BSW ausgetretenen Abgeordneten fortgesetzt wird. Das sogenannte &#8220;3-plus-1&#8221;-Regierungsformat, unter Mithilfe der Linken, soll aufrechterhalten bleiben. Die sogenannte &#8220;Brombeer-Koalition&#8221; in Th\u00fcringen, bestehend aus CDU, SPD und BSW,\u00a0 hatte im 88-k\u00f6pfigen Landtag [&hellip;]<\/p>\n","protected":false},"author":3,"featured_media":109936,"comment_status":"open","ping_status":"open","sticky":false,"template":"","format":"standard","meta":{"wp_automatic_camp":["217"],"b813cd52e78beb222cfebed38e0f6775":["Machterhalt in Th\u00fcringen: Voigt und Wolf erkl\u00e4ren Fortsetzung des &quot;3-plus-1-Formats&quot;"],"original_link":["https:\/\/de.rt.com\/inland\/290658-machterhalt-in-thueringen-voigt-und\/"],"_thumbnail_id":["109936"],"_wptgpro_p2tg_sent2tg":["a:1:{i:23737;s:19:\"2026-09-04 14:44:34\";}"],"jnews_social_counter_last_update":["1788533075"]},"categories":[19,23],"tags":[583,3916,26567,63043,76020,8673,140,59166,698],"class_list":["post-109935","post","type-post","status-publish","format-standard","has-post-thumbnail","hentry","category-deutschland","category-russland","tag-des","tag-erklaeren","tag-fortsetzung","tag-machterhalt","tag-quot3plus1formatsquot","tag-thueringen","tag-und","tag-voigt","tag-wolf"],"yoast_head":"<!-- This site is optimized with the Yoast SEO Premium plugin v22.7 (Yoast SEO v28.2) - https:\/\/yoast.com\/product\/yoast-seo-premium-wordpress\/ -->\n<title>Machterhalt in Th\u00fcringen: Voigt und Wolf erkl\u00e4ren Fortsetzung des &quot;3-plus-1-Formats&quot; - just-now.NEWS Deutschland<\/title>\n<meta name=\"robots\" content=\"index, follow, max-snippet:-1, max-image-preview:large, max-video-preview:-1\" \/>\n<link rel=\"canonical\" href=\"https:\/\/now-news.de\/de\/deutschland\/machterhalt-in-thueringen-voigt-und-wolf-erklaeren-fortsetzung-des-3-plus-1-formats\/\" \/>\n<meta property=\"og:locale\" content=\"de_DE\" \/>\n<meta property=\"og:type\" content=\"article\" \/>\n<meta property=\"og:title\" content=\"Machterhalt in Th\u00fcringen: Voigt und Wolf erkl\u00e4ren Fortsetzung des &quot;3-plus-1-Formats&quot;\" \/>\n<meta property=\"og:description\" content=\"Trotz des heute verk\u00fcndeten Zerfalls der Th\u00fcringer BSW-Fraktion betonen Ministerpr\u00e4sident Voigt und seine Vize-Kollegin Wolf, dass die Zusammenarbeit von CDU, SPD und den aus dem BSW ausgetretenen Abgeordneten fortgesetzt wird. Das sogenannte &#8220;3-plus-1&#8221;-Regierungsformat, unter Mithilfe der Linken, soll aufrechterhalten bleiben. Die sogenannte &#8220;Brombeer-Koalition&#8221; in Th\u00fcringen, bestehend aus CDU, SPD und BSW,\u00a0 hatte im 88-k\u00f6pfigen Landtag [&hellip;]\" \/>\n<meta property=\"og:url\" content=\"https:\/\/now-news.de\/de\/deutschland\/machterhalt-in-thueringen-voigt-und-wolf-erklaeren-fortsetzung-des-3-plus-1-formats\/\" \/>\n<meta property=\"og:site_name\" content=\"just-now.NEWS Deutschland\" \/>\n<meta property=\"article:publisher\" content=\"https:\/\/www.facebook.com\/wirmachenauf\" \/>\n<meta property=\"article:published_time\" content=\"2026-09-04T12:42:47+00:00\" \/>\n<meta property=\"og:image\" content=\"https:\/\/now-news.de\/de\/wp-content\/uploads\/sites\/3\/2026\/09\/6a9aa24e48fbef7d9d22743c.jpg\" \/>\n<meta name=\"author\" content=\"rtnews\" \/>\n<meta name=\"twitter:card\" content=\"summary_large_image\" \/>\n<meta name=\"twitter:creator\" content=\"@WirMachenAuf_de\" \/>\n<meta name=\"twitter:site\" content=\"@WirMachenAuf_de\" \/>\n<meta name=\"twitter:label1\" content=\"Verfasst von\" \/>\n\t<meta name=\"twitter:data1\" content=\"rtnews\" \/>\n\t<meta name=\"twitter:label2\" content=\"Gesch\u00e4tzte Lesezeit\" \/>\n\t<meta name=\"twitter:data2\" content=\"4\u00a0Minuten\" \/>\n<script type=\"application\/ld+json\" class=\"yoast-schema-graph\">{\"@context\":\"https:\\\/\\\/schema.org\",\"@graph\":[{\"@type\":\"Article\",\"@id\":\"https:\\\/\\\/now-news.de\\\/de\\\/deutschland\\\/machterhalt-in-thueringen-voigt-und-wolf-erklaeren-fortsetzung-des-3-plus-1-formats\\\/#article\",\"isPartOf\":{\"@id\":\"https:\\\/\\\/now-news.de\\\/de\\\/deutschland\\\/machterhalt-in-thueringen-voigt-und-wolf-erklaeren-fortsetzung-des-3-plus-1-formats\\\/\"},\"author\":{\"name\":\"rtnews\",\"@id\":\"https:\\\/\\\/now-news.de\\\/de\\\/#\\\/schema\\\/person\\\/fb534a4e865501d8b3285208df34a9b5\"},\"headline\":\"Machterhalt in Th\u00fcringen: Voigt und Wolf erkl\u00e4ren Fortsetzung des &quot;3-plus-1-Formats&quot;\",\"datePublished\":\"2026-09-04T12:42:47+00:00\",\"mainEntityOfPage\":{\"@id\":\"https:\\\/\\\/now-news.de\\\/de\\\/deutschland\\\/machterhalt-in-thueringen-voigt-und-wolf-erklaeren-fortsetzung-des-3-plus-1-formats\\\/\"},\"wordCount\":720,\"commentCount\":0,\"publisher\":{\"@id\":\"https:\\\/\\\/now-news.de\\\/de\\\/#organization\"},\"image\":{\"@id\":\"https:\\\/\\\/now-news.de\\\/de\\\/deutschland\\\/machterhalt-in-thueringen-voigt-und-wolf-erklaeren-fortsetzung-des-3-plus-1-formats\\\/#primaryimage\"},\"thumbnailUrl\":\"https:\\\/\\\/now-news.de\\\/de\\\/wp-content\\\/uploads\\\/sites\\\/3\\\/2026\\\/09\\\/Machterhalt-in-Thueringen-Voigt-und-Wolf-erklaeren-Fortsetzung-des-quot3-plus-1-Formatsquot.jpg\",\"keywords\":[\"des\",\"erkl\u00e4ren\",\"Fortsetzung\",\"Machterhalt\",\"quot3plus1Formatsquot\",\"Th\u00fcringen\",\"und\",\"Voigt\",\"wolf\"],\"articleSection\":[\"Deutschland\",\"Russland\"],\"inLanguage\":\"de\",\"potentialAction\":[{\"@type\":\"CommentAction\",\"name\":\"Comment\",\"target\":[\"https:\\\/\\\/now-news.de\\\/de\\\/deutschland\\\/machterhalt-in-thueringen-voigt-und-wolf-erklaeren-fortsetzung-des-3-plus-1-formats\\\/#respond\"]}]},{\"@type\":\"WebPage\",\"@id\":\"https:\\\/\\\/now-news.de\\\/de\\\/deutschland\\\/machterhalt-in-thueringen-voigt-und-wolf-erklaeren-fortsetzung-des-3-plus-1-formats\\\/\",\"url\":\"https:\\\/\\\/now-news.de\\\/de\\\/deutschland\\\/machterhalt-in-thueringen-voigt-und-wolf-erklaeren-fortsetzung-des-3-plus-1-formats\\\/\",\"name\":\"Machterhalt in Th\u00fcringen: Voigt und Wolf erkl\u00e4ren Fortsetzung des &quot;3-plus-1-Formats&quot; - just-now.NEWS Deutschland\",\"isPartOf\":{\"@id\":\"https:\\\/\\\/now-news.de\\\/de\\\/#website\"},\"primaryImageOfPage\":{\"@id\":\"https:\\\/\\\/now-news.de\\\/de\\\/deutschland\\\/machterhalt-in-thueringen-voigt-und-wolf-erklaeren-fortsetzung-des-3-plus-1-formats\\\/#primaryimage\"},\"image\":{\"@id\":\"https:\\\/\\\/now-news.de\\\/de\\\/deutschland\\\/machterhalt-in-thueringen-voigt-und-wolf-erklaeren-fortsetzung-des-3-plus-1-formats\\\/#primaryimage\"},\"thumbnailUrl\":\"https:\\\/\\\/now-news.de\\\/de\\\/wp-content\\\/uploads\\\/sites\\\/3\\\/2026\\\/09\\\/Machterhalt-in-Thueringen-Voigt-und-Wolf-erklaeren-Fortsetzung-des-quot3-plus-1-Formatsquot.jpg\",\"datePublished\":\"2026-09-04T12:42:47+00:00\",\"breadcrumb\":{\"@id\":\"https:\\\/\\\/now-news.de\\\/de\\\/deutschland\\\/machterhalt-in-thueringen-voigt-und-wolf-erklaeren-fortsetzung-des-3-plus-1-formats\\\/#breadcrumb\"},\"inLanguage\":\"de\",\"potentialAction\":[{\"@type\":\"ReadAction\",\"target\":[\"https:\\\/\\\/now-news.de\\\/de\\\/deutschland\\\/machterhalt-in-thueringen-voigt-und-wolf-erklaeren-fortsetzung-des-3-plus-1-formats\\\/\"]}]},{\"@type\":\"ImageObject\",\"inLanguage\":\"de\",\"@id\":\"https:\\\/\\\/now-news.de\\\/de\\\/deutschland\\\/machterhalt-in-thueringen-voigt-und-wolf-erklaeren-fortsetzung-des-3-plus-1-formats\\\/#primaryimage\",\"url\":\"https:\\\/\\\/now-news.de\\\/de\\\/wp-content\\\/uploads\\\/sites\\\/3\\\/2026\\\/09\\\/Machterhalt-in-Thueringen-Voigt-und-Wolf-erklaeren-Fortsetzung-des-quot3-plus-1-Formatsquot.jpg\",\"contentUrl\":\"https:\\\/\\\/now-news.de\\\/de\\\/wp-content\\\/uploads\\\/sites\\\/3\\\/2026\\\/09\\\/Machterhalt-in-Thueringen-Voigt-und-Wolf-erklaeren-Fortsetzung-des-quot3-plus-1-Formatsquot.jpg\",\"width\":460,\"height\":259,\"caption\":\"Machterhalt in Th\u00fcringen: Voigt und Wolf erkl\u00e4ren Fortsetzung des &quot;3-plus-1-Formats&quot;\"},{\"@type\":\"BreadcrumbList\",\"@id\":\"https:\\\/\\\/now-news.de\\\/de\\\/deutschland\\\/machterhalt-in-thueringen-voigt-und-wolf-erklaeren-fortsetzung-des-3-plus-1-formats\\\/#breadcrumb\",\"itemListElement\":[{\"@type\":\"ListItem\",\"position\":1,\"name\":\"Home\",\"item\":\"https:\\\/\\\/now-news.de\\\/de\\\/\"},{\"@type\":\"ListItem\",\"position\":2,\"name\":\"Machterhalt in Th\u00fcringen: Voigt und Wolf erkl\u00e4ren Fortsetzung des &quot;3-plus-1-Formats&quot;\"}]},{\"@type\":\"WebSite\",\"@id\":\"https:\\\/\\\/now-news.de\\\/de\\\/#website\",\"url\":\"https:\\\/\\\/now-news.de\\\/de\\\/\",\"name\":\"just-now.NEWS Deutschland\",\"description\":\"Das Portal f\u00fcr unzensierte Nachrichten aus der Welt\",\"publisher\":{\"@id\":\"https:\\\/\\\/now-news.de\\\/de\\\/#organization\"},\"potentialAction\":[{\"@type\":\"SearchAction\",\"target\":{\"@type\":\"EntryPoint\",\"urlTemplate\":\"https:\\\/\\\/now-news.de\\\/de\\\/?s={search_term_string}\"},\"query-input\":{\"@type\":\"PropertyValueSpecification\",\"valueRequired\":true,\"valueName\":\"search_term_string\"}}],\"inLanguage\":\"de\"},{\"@type\":\"Organization\",\"@id\":\"https:\\\/\\\/now-news.de\\\/de\\\/#organization\",\"name\":\"Just Now News\",\"url\":\"https:\\\/\\\/now-news.de\\\/de\\\/\",\"logo\":{\"@type\":\"ImageObject\",\"inLanguage\":\"de\",\"@id\":\"https:\\\/\\\/now-news.de\\\/de\\\/#\\\/schema\\\/logo\\\/image\\\/\",\"url\":\"http:\\\/\\\/just-now.news\\\/de\\\/wp-content\\\/uploads\\\/sites\\\/3\\\/2022\\\/04\\\/logo500x500.jpg\",\"contentUrl\":\"http:\\\/\\\/just-now.news\\\/de\\\/wp-content\\\/uploads\\\/sites\\\/3\\\/2022\\\/04\\\/logo500x500.jpg\",\"width\":500,\"height\":500,\"caption\":\"Just Now News\"},\"image\":{\"@id\":\"https:\\\/\\\/now-news.de\\\/de\\\/#\\\/schema\\\/logo\\\/image\\\/\"},\"sameAs\":[\"https:\\\/\\\/www.facebook.com\\\/wirmachenauf\",\"https:\\\/\\\/x.com\\\/WirMachenAuf_de\"]},{\"@type\":\"Person\",\"@id\":\"https:\\\/\\\/now-news.de\\\/de\\\/#\\\/schema\\\/person\\\/fb534a4e865501d8b3285208df34a9b5\",\"name\":\"rtnews\",\"image\":{\"@type\":\"ImageObject\",\"inLanguage\":\"de\",\"@id\":\"https:\\\/\\\/secure.gravatar.com\\\/avatar\\\/358fe31b3ab5769fea05376e1953329834cd9912cf9daf607e2af3076a1b982b?s=96&d=mm&r=g\",\"url\":\"https:\\\/\\\/secure.gravatar.com\\\/avatar\\\/358fe31b3ab5769fea05376e1953329834cd9912cf9daf607e2af3076a1b982b?s=96&d=mm&r=g\",\"contentUrl\":\"https:\\\/\\\/secure.gravatar.com\\\/avatar\\\/358fe31b3ab5769fea05376e1953329834cd9912cf9daf607e2af3076a1b982b?s=96&d=mm&r=g\",\"caption\":\"rtnews\"},\"url\":\"https:\\\/\\\/now-news.de\\\/de\\\/author\\\/rnews\\\/\"}]}<\/script>\n<!-- \/ Yoast SEO Premium plugin. -->","yoast_head_json":{"title":"Machterhalt in Th\u00fcringen: Voigt und Wolf erkl\u00e4ren Fortsetzung des &quot;3-plus-1-Formats&quot; - just-now.NEWS Deutschland","robots":{"index":"index","follow":"follow","max-snippet":"max-snippet:-1","max-image-preview":"max-image-preview:large","max-video-preview":"max-video-preview:-1"},"canonical":"https:\/\/now-news.de\/de\/deutschland\/machterhalt-in-thueringen-voigt-und-wolf-erklaeren-fortsetzung-des-3-plus-1-formats\/","og_locale":"de_DE","og_type":"article","og_title":"Machterhalt in Th\u00fcringen: Voigt und Wolf erkl\u00e4ren Fortsetzung des &quot;3-plus-1-Formats&quot;","og_description":"Trotz des heute verk\u00fcndeten Zerfalls der Th\u00fcringer BSW-Fraktion betonen Ministerpr\u00e4sident Voigt und seine Vize-Kollegin Wolf, dass die Zusammenarbeit von CDU, SPD und den aus dem BSW ausgetretenen Abgeordneten fortgesetzt wird. Das sogenannte &#8220;3-plus-1&#8221;-Regierungsformat, unter Mithilfe der Linken, soll aufrechterhalten bleiben. Die sogenannte &#8220;Brombeer-Koalition&#8221; in Th\u00fcringen, bestehend aus CDU, SPD und BSW,\u00a0 hatte im 88-k\u00f6pfigen Landtag [&hellip;]","og_url":"https:\/\/now-news.de\/de\/deutschland\/machterhalt-in-thueringen-voigt-und-wolf-erklaeren-fortsetzung-des-3-plus-1-formats\/","og_site_name":"just-now.NEWS Deutschland","article_publisher":"https:\/\/www.facebook.com\/wirmachenauf","article_published_time":"2026-09-04T12:42:47+00:00","og_image":[{"url":"https:\/\/now-news.de\/de\/wp-content\/uploads\/sites\/3\/2026\/09\/6a9aa24e48fbef7d9d22743c.jpg","type":"","width":"","height":""}],"author":"rtnews","twitter_card":"summary_large_image","twitter_creator":"@WirMachenAuf_de","twitter_site":"@WirMachenAuf_de","twitter_misc":{"Verfasst von":"rtnews","Gesch\u00e4tzte Lesezeit":"4\u00a0Minuten"},"schema":{"@context":"https:\/\/schema.org","@graph":[{"@type":"Article","@id":"https:\/\/now-news.de\/de\/deutschland\/machterhalt-in-thueringen-voigt-und-wolf-erklaeren-fortsetzung-des-3-plus-1-formats\/#article","isPartOf":{"@id":"https:\/\/now-news.de\/de\/deutschland\/machterhalt-in-thueringen-voigt-und-wolf-erklaeren-fortsetzung-des-3-plus-1-formats\/"},"author":{"name":"rtnews","@id":"https:\/\/now-news.de\/de\/#\/schema\/person\/fb534a4e865501d8b3285208df34a9b5"},"headline":"Machterhalt in Th\u00fcringen: Voigt und Wolf erkl\u00e4ren Fortsetzung des &quot;3-plus-1-Formats&quot;","datePublished":"2026-09-04T12:42:47+00:00","mainEntityOfPage":{"@id":"https:\/\/now-news.de\/de\/deutschland\/machterhalt-in-thueringen-voigt-und-wolf-erklaeren-fortsetzung-des-3-plus-1-formats\/"},"wordCount":720,"commentCount":0,"publisher":{"@id":"https:\/\/now-news.de\/de\/#organization"},"image":{"@id":"https:\/\/now-news.de\/de\/deutschland\/machterhalt-in-thueringen-voigt-und-wolf-erklaeren-fortsetzung-des-3-plus-1-formats\/#primaryimage"},"thumbnailUrl":"https:\/\/now-news.de\/de\/wp-content\/uploads\/sites\/3\/2026\/09\/Machterhalt-in-Thueringen-Voigt-und-Wolf-erklaeren-Fortsetzung-des-quot3-plus-1-Formatsquot.jpg","keywords":["des","erkl\u00e4ren","Fortsetzung","Machterhalt","quot3plus1Formatsquot","Th\u00fcringen","und","Voigt","wolf"],"articleSection":["Deutschland","Russland"],"inLanguage":"de","potentialAction":[{"@type":"CommentAction","name":"Comment","target":["https:\/\/now-news.de\/de\/deutschland\/machterhalt-in-thueringen-voigt-und-wolf-erklaeren-fortsetzung-des-3-plus-1-formats\/#respond"]}]},{"@type":"WebPage","@id":"https:\/\/now-news.de\/de\/deutschland\/machterhalt-in-thueringen-voigt-und-wolf-erklaeren-fortsetzung-des-3-plus-1-formats\/","url":"https:\/\/now-news.de\/de\/deutschland\/machterhalt-in-thueringen-voigt-und-wolf-erklaeren-fortsetzung-des-3-plus-1-formats\/","name":"Machterhalt in Th\u00fcringen: Voigt und Wolf erkl\u00e4ren Fortsetzung des &quot;3-plus-1-Formats&quot; - just-now.NEWS Deutschland","isPartOf":{"@id":"https:\/\/now-news.de\/de\/#website"},"primaryImageOfPage":{"@id":"https:\/\/now-news.de\/de\/deutschland\/machterhalt-in-thueringen-voigt-und-wolf-erklaeren-fortsetzung-des-3-plus-1-formats\/#primaryimage"},"image":{"@id":"https:\/\/now-news.de\/de\/deutschland\/machterhalt-in-thueringen-voigt-und-wolf-erklaeren-fortsetzung-des-3-plus-1-formats\/#primaryimage"},"thumbnailUrl":"https:\/\/now-news.de\/de\/wp-content\/uploads\/sites\/3\/2026\/09\/Machterhalt-in-Thueringen-Voigt-und-Wolf-erklaeren-Fortsetzung-des-quot3-plus-1-Formatsquot.jpg","datePublished":"2026-09-04T12:42:47+00:00","breadcrumb":{"@id":"https:\/\/now-news.de\/de\/deutschland\/machterhalt-in-thueringen-voigt-und-wolf-erklaeren-fortsetzung-des-3-plus-1-formats\/#breadcrumb"},"inLanguage":"de","potentialAction":[{"@type":"ReadAction","target":["https:\/\/now-news.de\/de\/deutschland\/machterhalt-in-thueringen-voigt-und-wolf-erklaeren-fortsetzung-des-3-plus-1-formats\/"]}]},{"@type":"ImageObject","inLanguage":"de","@id":"https:\/\/now-news.de\/de\/deutschland\/machterhalt-in-thueringen-voigt-und-wolf-erklaeren-fortsetzung-des-3-plus-1-formats\/#primaryimage","url":"https:\/\/now-news.de\/de\/wp-content\/uploads\/sites\/3\/2026\/09\/Machterhalt-in-Thueringen-Voigt-und-Wolf-erklaeren-Fortsetzung-des-quot3-plus-1-Formatsquot.jpg","contentUrl":"https:\/\/now-news.de\/de\/wp-content\/uploads\/sites\/3\/2026\/09\/Machterhalt-in-Thueringen-Voigt-und-Wolf-erklaeren-Fortsetzung-des-quot3-plus-1-Formatsquot.jpg","width":460,"height":259,"caption":"Machterhalt in Th\u00fcringen: Voigt und Wolf erkl\u00e4ren Fortsetzung des &quot;3-plus-1-Formats&quot;"},{"@type":"BreadcrumbList","@id":"https:\/\/now-news.de\/de\/deutschland\/machterhalt-in-thueringen-voigt-und-wolf-erklaeren-fortsetzung-des-3-plus-1-formats\/#breadcrumb","itemListElement":[{"@type":"ListItem","position":1,"name":"Home","item":"https:\/\/now-news.de\/de\/"},{"@type":"ListItem","position":2,"name":"Machterhalt in Th\u00fcringen: Voigt und Wolf erkl\u00e4ren Fortsetzung des &quot;3-plus-1-Formats&quot;"}]},{"@type":"WebSite","@id":"https:\/\/now-news.de\/de\/#website","url":"https:\/\/now-news.de\/de\/","name":"just-now.NEWS Deutschland","description":"Das Portal f\u00fcr unzensierte Nachrichten aus der Welt","publisher":{"@id":"https:\/\/now-news.de\/de\/#organization"},"potentialAction":[{"@type":"SearchAction","target":{"@type":"EntryPoint","urlTemplate":"https:\/\/now-news.de\/de\/?s={search_term_string}"},"query-input":{"@type":"PropertyValueSpecification","valueRequired":true,"valueName":"search_term_string"}}],"inLanguage":"de"},{"@type":"Organization","@id":"https:\/\/now-news.de\/de\/#organization","name":"Just Now News","url":"https:\/\/now-news.de\/de\/","logo":{"@type":"ImageObject","inLanguage":"de","@id":"https:\/\/now-news.de\/de\/#\/schema\/logo\/image\/","url":"http:\/\/just-now.news\/de\/wp-content\/uploads\/sites\/3\/2022\/04\/logo500x500.jpg","contentUrl":"http:\/\/just-now.news\/de\/wp-content\/uploads\/sites\/3\/2022\/04\/logo500x500.jpg","width":500,"height":500,"caption":"Just Now News"},"image":{"@id":"https:\/\/now-news.de\/de\/#\/schema\/logo\/image\/"},"sameAs":["https:\/\/www.facebook.com\/wirmachenauf","https:\/\/x.com\/WirMachenAuf_de"]},{"@type":"Person","@id":"https:\/\/now-news.de\/de\/#\/schema\/person\/fb534a4e865501d8b3285208df34a9b5","name":"rtnews","image":{"@type":"ImageObject","inLanguage":"de","@id":"https:\/\/secure.gravatar.com\/avatar\/358fe31b3ab5769fea05376e1953329834cd9912cf9daf607e2af3076a1b982b?s=96&d=mm&r=g","url":"https:\/\/secure.gravatar.com\/avatar\/358fe31b3ab5769fea05376e1953329834cd9912cf9daf607e2af3076a1b982b?s=96&d=mm&r=g","contentUrl":"https:\/\/secure.gravatar.com\/avatar\/358fe31b3ab5769fea05376e1953329834cd9912cf9daf607e2af3076a1b982b?s=96&d=mm&r=g","caption":"rtnews"},"url":"https:\/\/now-news.de\/de\/author\/rnews\/"}]}},"_links":{"self":[{"href":"https:\/\/now-news.de\/de\/wp-json\/wp\/v2\/posts\/109935","targetHints":{"allow":["GET"]}}],"collection":[{"href":"https:\/\/now-news.de\/de\/wp-json\/wp\/v2\/posts"}],"about":[{"href":"https:\/\/now-news.de\/de\/wp-json\/wp\/v2\/types\/post"}],"author":[{"embeddable":true,"href":"https:\/\/now-news.de\/de\/wp-json\/wp\/v2\/users\/3"}],"replies":[{"embeddable":true,"href":"https:\/\/now-news.de\/de\/wp-json\/wp\/v2\/comments?post=109935"}],"version-history":[{"count":0,"href":"https:\/\/now-news.de\/de\/wp-json\/wp\/v2\/posts\/109935\/revisions"}],"wp:featuredmedia":[{"embeddable":true,"href":"https:\/\/now-news.de\/de\/wp-json\/wp\/v2\/media\/109936"}],"wp:attachment":[{"href":"https:\/\/now-news.de\/de\/wp-json\/wp\/v2\/media?parent=109935"}],"wp:term":[{"taxonomy":"category","embeddable":true,"href":"https:\/\/now-news.de\/de\/wp-json\/wp\/v2\/categories?post=109935"},{"taxonomy":"post_tag","embeddable":true,"href":"https:\/\/now-news.de\/de\/wp-json\/wp\/v2\/tags?post=109935"}],"curies":[{"name":"wp","href":"https:\/\/api.w.org\/{rel}","templated":true}]}}