{"id":109927,"date":"2026-09-04T13:08:42","date_gmt":"2026-09-04T11:08:42","guid":{"rendered":"https:\/\/now-news.de\/de\/deutschland\/magdeburg-proteste-und-freudenfeste-alle-verfuegbaren-polizeikraefte-am-wahlabend-im-einsatz\/"},"modified":"2026-09-04T13:08:42","modified_gmt":"2026-09-04T11:08:42","slug":"magdeburg-proteste-und-freudenfeste-alle-verfuegbaren-polizeikraefte-am-wahlabend-im-einsatz","status":"publish","type":"post","link":"https:\/\/now-news.de\/de\/deutschland\/magdeburg-proteste-und-freudenfeste-alle-verfuegbaren-polizeikraefte-am-wahlabend-im-einsatz\/","title":{"rendered":"Magdeburg: Proteste und Freudenfeste &#8211; Alle verf\u00fcgbaren Polizeikr\u00e4fte am Wahlabend im Einsatz"},"content":{"rendered":"<p><img decoding=\"async\" src=\"https:\/\/now-news.de\/de\/wp-content\/uploads\/sites\/3\/2026\/09\/6a9a784648fbef4b0d38240e.jpg\" \/><\/p>\n<div class=\"Text-root Text-type_1 \">\n                Der Welt-Redaktion liegen interne Polizeidokumente vor, laut denen sich die Sicherheitsbeh\u00f6rden vorab rund um die Landtagswahl in Sachsen-Anhalt mit mehreren &#8220;Szenarien&#8221; auseinandersetzt. In der Stadt Bitterfeld wird ein B\u00fcrgerfest abgesagt, da ein linkes Antifa-Protestcamp angemeldet wurde.\n            <\/div>\n<p><\/p>\n<div class=\"Text-root Text-type_5 ArticleView-text ViewText-root \">\n<p>Kurz vor der Landtagswahl am Sonntag sehen sich die Stadtverantwortlichen und die Polizei in Magdeburg\u00a0mit zahlreichen bereits angemeldeten Versammlungen und Veranstaltungen konfrontiert. Laut Informationen der\u00a0<em>Welt<\/em>-Redaktion (Bezahlschranke) bereiten sich die Polizeibeh\u00f6rden und das Landeskriminalamt Sachsen-Anhalt seit Monaten auf den 6. September vor. Interne Polizeidokumente w\u00fcrden dabei belegen, &#8220;wie angespannt&#8221; die Sicherheitsbeh\u00f6rden &#8220;die Lage rund um das Wahlwochenende bewerten&#8221;.\u00a0<\/p>\n<p>Das kommende Wochenende wird in vielerlei Hinsicht nicht nur f\u00fcr die Medien und die Politik erkenntnisreich. Hauptbetroffene bleiben die B\u00fcrger Sachsen-Anhalts, die seit Monaten\u00a0aufgrund der konstanten Werte der AfD bei Umfragen gesellschaftspolitisch durchleuchtet werden.<\/p>\n<p>Der hohe landesweite Zuspruch in Sachsen-Anhalt f\u00fcr die Alternative f\u00fcr Deutschland (AfD), neben parallelen Umfrageerfolgen auch in westdeutschen Bundesl\u00e4ndern, sorgt laut\u00a0<em>Welt<\/em>-Artikel f\u00fcr &#8220;die Sorge&#8221; bei den Sicherheitsbeh\u00f6rden, die laut einem internen Papier davon ausgehen, dass\u00a0nach Bekanntgabe des vorl\u00e4ufigen Endergebnisses am Sonntagabend &#8220;sowohl mit spontanen Protesten aus dem linken Spektrum als auch mit m\u00f6glichen Aktionen von Rechtsextremisten&#8221; zu rechnen sei.<\/p>\n<p>Im Mittelpunkt der polizeilichen Vorbereitungen steht demnach die Landeshauptstadt Magdeburg, wo jetzt bereits\u00a0<a rel=\"nofollow\" target=\"_blank\" href=\"https:\/\/www.tag24.de\/magdeburg\/lokales\/wahl-wochenende-in-magdeburg-zahlreiche-demos-sorgen-fuer-sperrungen-3529423\" target=\"_blank\" rel=\"noopener noreferrer\">nach Angaben<\/a>\u00a0der Polizeiinspektion Magdeburg &#8220;aktuell insgesamt 16 Versammlungen angemeldet&#8221; wurden, beginnend am heutigen Freitag mit vier Versammlungen ab den Mittagsstunden bis zum Abend. Die B\u00fcrger m\u00fcssen mit Absperrungen &#8220;vor allem am\u00a0Stadtpark und der Innenstadt&#8221; rechnen.<\/p>\n<p>Allein zur Abschlussveranstaltung des AfD-Wahlkampfes werden laut\u00a0<em>Volksstimme<\/em>\u00a0am Freitag 10.000 Menschen in Magdeburg auf dem Messeplatz im Stadtpark\u00a0<a rel=\"nofollow\" target=\"_blank\" href=\"https:\/\/www.volksstimme.de\/wahl\/landtagswahl-sachsen-anhalt\/landtagswahl-demonstrationen-wahl-wochenende-4312629\" target=\"_blank\" rel=\"noopener noreferrer\">erwartet<\/a>.<\/p>\n<p>Zudem werden spontane Ansammlungen am Wahltag in Halle, Dessau-Ro\u00dflau und Halberstadt bef\u00fcrchtet. Die Polizei h\u00e4lt laut dem Papier in den vier St\u00e4dten &#8220;Auseinandersetzungen zwischen politischen Gegnern, Angriffe auf Einsatzkr\u00e4fte und Sachbesch\u00e4digungen f\u00fcr m\u00f6glich&#8221;, so die Bef\u00fcrchtung. W\u00f6rtlich hei\u00dft es im Artikel bez\u00fcglich der Sachlage:<\/p>\n<p><em>&#8220;Alle verf\u00fcgbaren Kr\u00e4fte der Landespolizei sollen im Einsatz sein. Unterst\u00fctzung kommt aus anderen Bundesl\u00e4ndern. Nach Welt-Informationen werden neben uniformierten und zivilen Beamten auch Spezialeinsatzkr\u00e4fte, Sprengstoffexperten sowie Einheiten zur Drohnenabwehr vorgehalten.&#8221;<\/em><\/p>\n<p>Als potenzielle Ziele nennt die Analyse der Sicherheitsbeh\u00f6rden &#8220;vor allem Gesch\u00e4ftsstellen und B\u00fcros der AfD&#8221;. Zudem k\u00f6nnten auch &#8220;Parteiveranstaltungen, \u00f6ffentliche Geb\u00e4ude, Fahrzeuge sowie Wohn- und Arbeitsst\u00e4tten politischer Funktionstr\u00e4ger&#8221; in den Fokus gewaltbereiter Gegner aus dem linksextremen Milieu geraten, das erwartungsgem\u00e4\u00df aus dem gesamten Bundesgebiet anreisen wird.<\/p>\n<p>So bereits heute in die Stadt Bitterfeld, wodurch das traditionelle Stadtfest vorsorglich abgesagt wurde. Grund daf\u00fcr sei ein angemeldetes &#8220;linkes Antifa-Protestcamp&#8221; namens &#8220;Schlechte Gr\u00fc\u00dfe aus Bitterfeld&#8221;, berichtet das Portal\u00a0<em>Nius<\/em>.<\/p>\n<p>Laut Informationen vor Ort wollen demnach von Freitag bis Sonntag &#8220;sich bis zu 3.000 Teilnehmer&#8221; im innerst\u00e4dtischen Gebiet &#8220;der Gr\u00fcnen Lunge&#8221; auf die Landtagswahl &#8220;und die Demonstrationen gegen die AfD&#8221; einstimmen.\u00a0<\/p>\n<p>Der F\u00f6rderverein gab zu Protokoll, dass der Sicherheitsdienst angesichts der zu bef\u00fcrchtenden Teilnehmerzahl &#8220;keinen st\u00f6rungsfreien und sicheren Ablauf mehr garantieren konnte&#8221; und daher das Stadtfest komplett f\u00fcr dieses Jahr absagte.<\/p>\n<p>Bei einem starken AfD-Ergebnis h\u00e4lt das Landeskriminalamt gezielte Straftaten in der Landeshauptstadt &#8220;mit unmittelbarem Wahlbezug&#8221; zun\u00e4chst &#8220;f\u00fcr eher unwahrscheinlich&#8221;. W\u00f6rtlich hei\u00dft es jedoch, dass ein &#8220;euphorisiertes Klima die Hemmschwelle f\u00fcr rechtsextreme Propagandadelikte und Volksverhetzung senken k\u00f6nnte&#8221;.<\/p>\n<p><strong>Mehr zum Thema &#8211;<\/strong>\u00a0<a rel=\"nofollow\" target=\"_blank\" href=\"https:\/\/de-rtnews.com\/inland\/290327-vor-sachsen-anhalt-wahl-merz\/\" target=\"_blank\" rel=\"noopener noreferrer\">Vor Sachsen-Anhalt-Wahl: Merz schlie\u00dft CDU-Zusammenarbeit mit AfD oder Linken kategorisch aus <\/a><\/p>\n<div class=\"EmbedBlock-root EmbedBlock-externalVideo EmbedBlock-rumble\">\n<div class=\"VkEmbed\"><iframe class=\"lazyload\" data-src=\"https:\/\/rumble.com\/embed\/v7cl4ai\" frameborder=\"0\" width=\"853\" height=\"480\" allowfullscreen><\/iframe><\/div>\n<\/div>\n<\/div>\n<p><br \/>\n<br \/><a href=\"https:\/\/de.rt.com\/inland\/290644-polizeiszenarien-am-wahlabend-kapitol-erstuermung\/\">Source link <\/a><\/p>\n","protected":false},"excerpt":{"rendered":"<p>Der Welt-Redaktion liegen interne Polizeidokumente vor, laut denen sich die Sicherheitsbeh\u00f6rden vorab rund um die Landtagswahl in Sachsen-Anhalt mit mehreren &#8220;Szenarien&#8221; auseinandersetzt. In der Stadt Bitterfeld wird ein B\u00fcrgerfest abgesagt, da ein linkes Antifa-Protestcamp angemeldet wurde. Kurz vor der Landtagswahl am Sonntag sehen sich die Stadtverantwortlichen und die Polizei in Magdeburg\u00a0mit zahlreichen bereits angemeldeten Versammlungen [&hellip;]<\/p>\n","protected":false},"author":3,"featured_media":109928,"comment_status":"open","ping_status":"open","sticky":false,"template":"","format":"standard","meta":{"wp_automatic_camp":["217"],"eb24df41c59ee47c3464395d63efefcf":["Magdeburg: Proteste und Freudenfeste - Alle verf\u00fcgbaren Polizeikr\u00e4fte am Wahlabend im Einsatz"],"original_link":["https:\/\/de.rt.com\/inland\/290644-polizeiszenarien-am-wahlabend-kapitol-erstuermung\/"],"_thumbnail_id":["109928"],"_wptgpro_p2tg_sent2tg":["a:1:{i:23737;s:19:\"2026-09-04 13:24:29\";}"],"jnews_social_counter_last_update":["1788528269"]},"categories":[19,23],"tags":[271,1021,76015,40441,76016,3824,140,40212,76017],"class_list":["post-109927","post","type-post","status-publish","format-standard","has-post-thumbnail","hentry","category-deutschland","category-russland","tag-alle","tag-einsatz","tag-freudenfeste","tag-magdeburg","tag-polizeikraefte","tag-proteste","tag-und","tag-verfuegbaren","tag-wahlabend"],"yoast_head":"<!-- This site is optimized with the Yoast SEO Premium plugin v22.7 (Yoast SEO v28.2) - https:\/\/yoast.com\/product\/yoast-seo-premium-wordpress\/ -->\n<title>Magdeburg: Proteste und Freudenfeste - Alle verf\u00fcgbaren Polizeikr\u00e4fte am Wahlabend im Einsatz - just-now.NEWS Deutschland<\/title>\n<meta name=\"robots\" content=\"index, follow, max-snippet:-1, max-image-preview:large, max-video-preview:-1\" \/>\n<link rel=\"canonical\" href=\"https:\/\/now-news.de\/de\/deutschland\/magdeburg-proteste-und-freudenfeste-alle-verfuegbaren-polizeikraefte-am-wahlabend-im-einsatz\/\" \/>\n<meta property=\"og:locale\" content=\"de_DE\" \/>\n<meta property=\"og:type\" content=\"article\" \/>\n<meta property=\"og:title\" content=\"Magdeburg: Proteste und Freudenfeste - Alle verf\u00fcgbaren Polizeikr\u00e4fte am Wahlabend im Einsatz\" \/>\n<meta property=\"og:description\" content=\"Der Welt-Redaktion liegen interne Polizeidokumente vor, laut denen sich die Sicherheitsbeh\u00f6rden vorab rund um die Landtagswahl in Sachsen-Anhalt mit mehreren &#8220;Szenarien&#8221; auseinandersetzt. In der Stadt Bitterfeld wird ein B\u00fcrgerfest abgesagt, da ein linkes Antifa-Protestcamp angemeldet wurde. Kurz vor der Landtagswahl am Sonntag sehen sich die Stadtverantwortlichen und die Polizei in Magdeburg\u00a0mit zahlreichen bereits angemeldeten Versammlungen [&hellip;]\" \/>\n<meta property=\"og:url\" content=\"https:\/\/now-news.de\/de\/deutschland\/magdeburg-proteste-und-freudenfeste-alle-verfuegbaren-polizeikraefte-am-wahlabend-im-einsatz\/\" \/>\n<meta property=\"og:site_name\" content=\"just-now.NEWS Deutschland\" \/>\n<meta property=\"article:publisher\" content=\"https:\/\/www.facebook.com\/wirmachenauf\" \/>\n<meta property=\"article:published_time\" content=\"2026-09-04T11:08:42+00:00\" \/>\n<meta property=\"og:image\" content=\"https:\/\/now-news.de\/de\/wp-content\/uploads\/sites\/3\/2026\/09\/6a9a784648fbef4b0d38240e.jpg\" \/>\n<meta name=\"author\" content=\"rtnews\" \/>\n<meta name=\"twitter:card\" content=\"summary_large_image\" \/>\n<meta name=\"twitter:creator\" content=\"@WirMachenAuf_de\" \/>\n<meta name=\"twitter:site\" content=\"@WirMachenAuf_de\" \/>\n<meta name=\"twitter:label1\" content=\"Verfasst von\" \/>\n\t<meta name=\"twitter:data1\" content=\"rtnews\" \/>\n\t<meta name=\"twitter:label2\" content=\"Gesch\u00e4tzte Lesezeit\" \/>\n\t<meta name=\"twitter:data2\" content=\"3\u00a0Minuten\" \/>\n<script type=\"application\/ld+json\" class=\"yoast-schema-graph\">{\"@context\":\"https:\\\/\\\/schema.org\",\"@graph\":[{\"@type\":\"Article\",\"@id\":\"https:\\\/\\\/now-news.de\\\/de\\\/deutschland\\\/magdeburg-proteste-und-freudenfeste-alle-verfuegbaren-polizeikraefte-am-wahlabend-im-einsatz\\\/#article\",\"isPartOf\":{\"@id\":\"https:\\\/\\\/now-news.de\\\/de\\\/deutschland\\\/magdeburg-proteste-und-freudenfeste-alle-verfuegbaren-polizeikraefte-am-wahlabend-im-einsatz\\\/\"},\"author\":{\"name\":\"rtnews\",\"@id\":\"https:\\\/\\\/now-news.de\\\/de\\\/#\\\/schema\\\/person\\\/fb534a4e865501d8b3285208df34a9b5\"},\"headline\":\"Magdeburg: Proteste und Freudenfeste &#8211; Alle verf\u00fcgbaren Polizeikr\u00e4fte am Wahlabend im Einsatz\",\"datePublished\":\"2026-09-04T11:08:42+00:00\",\"mainEntityOfPage\":{\"@id\":\"https:\\\/\\\/now-news.de\\\/de\\\/deutschland\\\/magdeburg-proteste-und-freudenfeste-alle-verfuegbaren-polizeikraefte-am-wahlabend-im-einsatz\\\/\"},\"wordCount\":592,\"commentCount\":0,\"publisher\":{\"@id\":\"https:\\\/\\\/now-news.de\\\/de\\\/#organization\"},\"image\":{\"@id\":\"https:\\\/\\\/now-news.de\\\/de\\\/deutschland\\\/magdeburg-proteste-und-freudenfeste-alle-verfuegbaren-polizeikraefte-am-wahlabend-im-einsatz\\\/#primaryimage\"},\"thumbnailUrl\":\"https:\\\/\\\/now-news.de\\\/de\\\/wp-content\\\/uploads\\\/sites\\\/3\\\/2026\\\/09\\\/Magdeburg-Proteste-und-Freudenfeste-Alle-verfuegbaren-Polizeikraefte-am-Wahlabend.jpg\",\"keywords\":[\"ALLE\",\"Einsatz\",\"Freudenfeste\",\"Magdeburg\",\"Polizeikr\u00e4fte\",\"Proteste\",\"und\",\"verf\u00fcgbaren\",\"Wahlabend\"],\"articleSection\":[\"Deutschland\",\"Russland\"],\"inLanguage\":\"de\",\"potentialAction\":[{\"@type\":\"CommentAction\",\"name\":\"Comment\",\"target\":[\"https:\\\/\\\/now-news.de\\\/de\\\/deutschland\\\/magdeburg-proteste-und-freudenfeste-alle-verfuegbaren-polizeikraefte-am-wahlabend-im-einsatz\\\/#respond\"]}]},{\"@type\":\"WebPage\",\"@id\":\"https:\\\/\\\/now-news.de\\\/de\\\/deutschland\\\/magdeburg-proteste-und-freudenfeste-alle-verfuegbaren-polizeikraefte-am-wahlabend-im-einsatz\\\/\",\"url\":\"https:\\\/\\\/now-news.de\\\/de\\\/deutschland\\\/magdeburg-proteste-und-freudenfeste-alle-verfuegbaren-polizeikraefte-am-wahlabend-im-einsatz\\\/\",\"name\":\"Magdeburg: Proteste und Freudenfeste - Alle verf\u00fcgbaren Polizeikr\u00e4fte am Wahlabend im Einsatz - just-now.NEWS Deutschland\",\"isPartOf\":{\"@id\":\"https:\\\/\\\/now-news.de\\\/de\\\/#website\"},\"primaryImageOfPage\":{\"@id\":\"https:\\\/\\\/now-news.de\\\/de\\\/deutschland\\\/magdeburg-proteste-und-freudenfeste-alle-verfuegbaren-polizeikraefte-am-wahlabend-im-einsatz\\\/#primaryimage\"},\"image\":{\"@id\":\"https:\\\/\\\/now-news.de\\\/de\\\/deutschland\\\/magdeburg-proteste-und-freudenfeste-alle-verfuegbaren-polizeikraefte-am-wahlabend-im-einsatz\\\/#primaryimage\"},\"thumbnailUrl\":\"https:\\\/\\\/now-news.de\\\/de\\\/wp-content\\\/uploads\\\/sites\\\/3\\\/2026\\\/09\\\/Magdeburg-Proteste-und-Freudenfeste-Alle-verfuegbaren-Polizeikraefte-am-Wahlabend.jpg\",\"datePublished\":\"2026-09-04T11:08:42+00:00\",\"breadcrumb\":{\"@id\":\"https:\\\/\\\/now-news.de\\\/de\\\/deutschland\\\/magdeburg-proteste-und-freudenfeste-alle-verfuegbaren-polizeikraefte-am-wahlabend-im-einsatz\\\/#breadcrumb\"},\"inLanguage\":\"de\",\"potentialAction\":[{\"@type\":\"ReadAction\",\"target\":[\"https:\\\/\\\/now-news.de\\\/de\\\/deutschland\\\/magdeburg-proteste-und-freudenfeste-alle-verfuegbaren-polizeikraefte-am-wahlabend-im-einsatz\\\/\"]}]},{\"@type\":\"ImageObject\",\"inLanguage\":\"de\",\"@id\":\"https:\\\/\\\/now-news.de\\\/de\\\/deutschland\\\/magdeburg-proteste-und-freudenfeste-alle-verfuegbaren-polizeikraefte-am-wahlabend-im-einsatz\\\/#primaryimage\",\"url\":\"https:\\\/\\\/now-news.de\\\/de\\\/wp-content\\\/uploads\\\/sites\\\/3\\\/2026\\\/09\\\/Magdeburg-Proteste-und-Freudenfeste-Alle-verfuegbaren-Polizeikraefte-am-Wahlabend.jpg\",\"contentUrl\":\"https:\\\/\\\/now-news.de\\\/de\\\/wp-content\\\/uploads\\\/sites\\\/3\\\/2026\\\/09\\\/Magdeburg-Proteste-und-Freudenfeste-Alle-verfuegbaren-Polizeikraefte-am-Wahlabend.jpg\",\"width\":460,\"height\":259,\"caption\":\"Magdeburg: Proteste und Freudenfeste - Alle verf\u00fcgbaren Polizeikr\u00e4fte am Wahlabend im Einsatz\"},{\"@type\":\"BreadcrumbList\",\"@id\":\"https:\\\/\\\/now-news.de\\\/de\\\/deutschland\\\/magdeburg-proteste-und-freudenfeste-alle-verfuegbaren-polizeikraefte-am-wahlabend-im-einsatz\\\/#breadcrumb\",\"itemListElement\":[{\"@type\":\"ListItem\",\"position\":1,\"name\":\"Home\",\"item\":\"https:\\\/\\\/now-news.de\\\/de\\\/\"},{\"@type\":\"ListItem\",\"position\":2,\"name\":\"Magdeburg: Proteste und Freudenfeste &#8211; Alle verf\u00fcgbaren Polizeikr\u00e4fte am Wahlabend im Einsatz\"}]},{\"@type\":\"WebSite\",\"@id\":\"https:\\\/\\\/now-news.de\\\/de\\\/#website\",\"url\":\"https:\\\/\\\/now-news.de\\\/de\\\/\",\"name\":\"just-now.NEWS Deutschland\",\"description\":\"Das Portal f\u00fcr unzensierte Nachrichten aus der Welt\",\"publisher\":{\"@id\":\"https:\\\/\\\/now-news.de\\\/de\\\/#organization\"},\"potentialAction\":[{\"@type\":\"SearchAction\",\"target\":{\"@type\":\"EntryPoint\",\"urlTemplate\":\"https:\\\/\\\/now-news.de\\\/de\\\/?s={search_term_string}\"},\"query-input\":{\"@type\":\"PropertyValueSpecification\",\"valueRequired\":true,\"valueName\":\"search_term_string\"}}],\"inLanguage\":\"de\"},{\"@type\":\"Organization\",\"@id\":\"https:\\\/\\\/now-news.de\\\/de\\\/#organization\",\"name\":\"Just Now News\",\"url\":\"https:\\\/\\\/now-news.de\\\/de\\\/\",\"logo\":{\"@type\":\"ImageObject\",\"inLanguage\":\"de\",\"@id\":\"https:\\\/\\\/now-news.de\\\/de\\\/#\\\/schema\\\/logo\\\/image\\\/\",\"url\":\"http:\\\/\\\/just-now.news\\\/de\\\/wp-content\\\/uploads\\\/sites\\\/3\\\/2022\\\/04\\\/logo500x500.jpg\",\"contentUrl\":\"http:\\\/\\\/just-now.news\\\/de\\\/wp-content\\\/uploads\\\/sites\\\/3\\\/2022\\\/04\\\/logo500x500.jpg\",\"width\":500,\"height\":500,\"caption\":\"Just Now News\"},\"image\":{\"@id\":\"https:\\\/\\\/now-news.de\\\/de\\\/#\\\/schema\\\/logo\\\/image\\\/\"},\"sameAs\":[\"https:\\\/\\\/www.facebook.com\\\/wirmachenauf\",\"https:\\\/\\\/x.com\\\/WirMachenAuf_de\"]},{\"@type\":\"Person\",\"@id\":\"https:\\\/\\\/now-news.de\\\/de\\\/#\\\/schema\\\/person\\\/fb534a4e865501d8b3285208df34a9b5\",\"name\":\"rtnews\",\"image\":{\"@type\":\"ImageObject\",\"inLanguage\":\"de\",\"@id\":\"https:\\\/\\\/secure.gravatar.com\\\/avatar\\\/358fe31b3ab5769fea05376e1953329834cd9912cf9daf607e2af3076a1b982b?s=96&d=mm&r=g\",\"url\":\"https:\\\/\\\/secure.gravatar.com\\\/avatar\\\/358fe31b3ab5769fea05376e1953329834cd9912cf9daf607e2af3076a1b982b?s=96&d=mm&r=g\",\"contentUrl\":\"https:\\\/\\\/secure.gravatar.com\\\/avatar\\\/358fe31b3ab5769fea05376e1953329834cd9912cf9daf607e2af3076a1b982b?s=96&d=mm&r=g\",\"caption\":\"rtnews\"},\"url\":\"https:\\\/\\\/now-news.de\\\/de\\\/author\\\/rnews\\\/\"}]}<\/script>\n<!-- \/ Yoast SEO Premium plugin. -->","yoast_head_json":{"title":"Magdeburg: Proteste und Freudenfeste - Alle verf\u00fcgbaren Polizeikr\u00e4fte am Wahlabend im Einsatz - just-now.NEWS Deutschland","robots":{"index":"index","follow":"follow","max-snippet":"max-snippet:-1","max-image-preview":"max-image-preview:large","max-video-preview":"max-video-preview:-1"},"canonical":"https:\/\/now-news.de\/de\/deutschland\/magdeburg-proteste-und-freudenfeste-alle-verfuegbaren-polizeikraefte-am-wahlabend-im-einsatz\/","og_locale":"de_DE","og_type":"article","og_title":"Magdeburg: Proteste und Freudenfeste - Alle verf\u00fcgbaren Polizeikr\u00e4fte am Wahlabend im Einsatz","og_description":"Der Welt-Redaktion liegen interne Polizeidokumente vor, laut denen sich die Sicherheitsbeh\u00f6rden vorab rund um die Landtagswahl in Sachsen-Anhalt mit mehreren &#8220;Szenarien&#8221; auseinandersetzt. In der Stadt Bitterfeld wird ein B\u00fcrgerfest abgesagt, da ein linkes Antifa-Protestcamp angemeldet wurde. Kurz vor der Landtagswahl am Sonntag sehen sich die Stadtverantwortlichen und die Polizei in Magdeburg\u00a0mit zahlreichen bereits angemeldeten Versammlungen [&hellip;]","og_url":"https:\/\/now-news.de\/de\/deutschland\/magdeburg-proteste-und-freudenfeste-alle-verfuegbaren-polizeikraefte-am-wahlabend-im-einsatz\/","og_site_name":"just-now.NEWS Deutschland","article_publisher":"https:\/\/www.facebook.com\/wirmachenauf","article_published_time":"2026-09-04T11:08:42+00:00","og_image":[{"url":"https:\/\/now-news.de\/de\/wp-content\/uploads\/sites\/3\/2026\/09\/6a9a784648fbef4b0d38240e.jpg","type":"","width":"","height":""}],"author":"rtnews","twitter_card":"summary_large_image","twitter_creator":"@WirMachenAuf_de","twitter_site":"@WirMachenAuf_de","twitter_misc":{"Verfasst von":"rtnews","Gesch\u00e4tzte Lesezeit":"3\u00a0Minuten"},"schema":{"@context":"https:\/\/schema.org","@graph":[{"@type":"Article","@id":"https:\/\/now-news.de\/de\/deutschland\/magdeburg-proteste-und-freudenfeste-alle-verfuegbaren-polizeikraefte-am-wahlabend-im-einsatz\/#article","isPartOf":{"@id":"https:\/\/now-news.de\/de\/deutschland\/magdeburg-proteste-und-freudenfeste-alle-verfuegbaren-polizeikraefte-am-wahlabend-im-einsatz\/"},"author":{"name":"rtnews","@id":"https:\/\/now-news.de\/de\/#\/schema\/person\/fb534a4e865501d8b3285208df34a9b5"},"headline":"Magdeburg: Proteste und Freudenfeste &#8211; Alle verf\u00fcgbaren Polizeikr\u00e4fte am Wahlabend im Einsatz","datePublished":"2026-09-04T11:08:42+00:00","mainEntityOfPage":{"@id":"https:\/\/now-news.de\/de\/deutschland\/magdeburg-proteste-und-freudenfeste-alle-verfuegbaren-polizeikraefte-am-wahlabend-im-einsatz\/"},"wordCount":592,"commentCount":0,"publisher":{"@id":"https:\/\/now-news.de\/de\/#organization"},"image":{"@id":"https:\/\/now-news.de\/de\/deutschland\/magdeburg-proteste-und-freudenfeste-alle-verfuegbaren-polizeikraefte-am-wahlabend-im-einsatz\/#primaryimage"},"thumbnailUrl":"https:\/\/now-news.de\/de\/wp-content\/uploads\/sites\/3\/2026\/09\/Magdeburg-Proteste-und-Freudenfeste-Alle-verfuegbaren-Polizeikraefte-am-Wahlabend.jpg","keywords":["ALLE","Einsatz","Freudenfeste","Magdeburg","Polizeikr\u00e4fte","Proteste","und","verf\u00fcgbaren","Wahlabend"],"articleSection":["Deutschland","Russland"],"inLanguage":"de","potentialAction":[{"@type":"CommentAction","name":"Comment","target":["https:\/\/now-news.de\/de\/deutschland\/magdeburg-proteste-und-freudenfeste-alle-verfuegbaren-polizeikraefte-am-wahlabend-im-einsatz\/#respond"]}]},{"@type":"WebPage","@id":"https:\/\/now-news.de\/de\/deutschland\/magdeburg-proteste-und-freudenfeste-alle-verfuegbaren-polizeikraefte-am-wahlabend-im-einsatz\/","url":"https:\/\/now-news.de\/de\/deutschland\/magdeburg-proteste-und-freudenfeste-alle-verfuegbaren-polizeikraefte-am-wahlabend-im-einsatz\/","name":"Magdeburg: Proteste und Freudenfeste - Alle verf\u00fcgbaren Polizeikr\u00e4fte am Wahlabend im Einsatz - just-now.NEWS Deutschland","isPartOf":{"@id":"https:\/\/now-news.de\/de\/#website"},"primaryImageOfPage":{"@id":"https:\/\/now-news.de\/de\/deutschland\/magdeburg-proteste-und-freudenfeste-alle-verfuegbaren-polizeikraefte-am-wahlabend-im-einsatz\/#primaryimage"},"image":{"@id":"https:\/\/now-news.de\/de\/deutschland\/magdeburg-proteste-und-freudenfeste-alle-verfuegbaren-polizeikraefte-am-wahlabend-im-einsatz\/#primaryimage"},"thumbnailUrl":"https:\/\/now-news.de\/de\/wp-content\/uploads\/sites\/3\/2026\/09\/Magdeburg-Proteste-und-Freudenfeste-Alle-verfuegbaren-Polizeikraefte-am-Wahlabend.jpg","datePublished":"2026-09-04T11:08:42+00:00","breadcrumb":{"@id":"https:\/\/now-news.de\/de\/deutschland\/magdeburg-proteste-und-freudenfeste-alle-verfuegbaren-polizeikraefte-am-wahlabend-im-einsatz\/#breadcrumb"},"inLanguage":"de","potentialAction":[{"@type":"ReadAction","target":["https:\/\/now-news.de\/de\/deutschland\/magdeburg-proteste-und-freudenfeste-alle-verfuegbaren-polizeikraefte-am-wahlabend-im-einsatz\/"]}]},{"@type":"ImageObject","inLanguage":"de","@id":"https:\/\/now-news.de\/de\/deutschland\/magdeburg-proteste-und-freudenfeste-alle-verfuegbaren-polizeikraefte-am-wahlabend-im-einsatz\/#primaryimage","url":"https:\/\/now-news.de\/de\/wp-content\/uploads\/sites\/3\/2026\/09\/Magdeburg-Proteste-und-Freudenfeste-Alle-verfuegbaren-Polizeikraefte-am-Wahlabend.jpg","contentUrl":"https:\/\/now-news.de\/de\/wp-content\/uploads\/sites\/3\/2026\/09\/Magdeburg-Proteste-und-Freudenfeste-Alle-verfuegbaren-Polizeikraefte-am-Wahlabend.jpg","width":460,"height":259,"caption":"Magdeburg: Proteste und Freudenfeste - Alle verf\u00fcgbaren Polizeikr\u00e4fte am Wahlabend im Einsatz"},{"@type":"BreadcrumbList","@id":"https:\/\/now-news.de\/de\/deutschland\/magdeburg-proteste-und-freudenfeste-alle-verfuegbaren-polizeikraefte-am-wahlabend-im-einsatz\/#breadcrumb","itemListElement":[{"@type":"ListItem","position":1,"name":"Home","item":"https:\/\/now-news.de\/de\/"},{"@type":"ListItem","position":2,"name":"Magdeburg: Proteste und Freudenfeste &#8211; Alle verf\u00fcgbaren Polizeikr\u00e4fte am Wahlabend im Einsatz"}]},{"@type":"WebSite","@id":"https:\/\/now-news.de\/de\/#website","url":"https:\/\/now-news.de\/de\/","name":"just-now.NEWS Deutschland","description":"Das Portal f\u00fcr unzensierte Nachrichten aus der Welt","publisher":{"@id":"https:\/\/now-news.de\/de\/#organization"},"potentialAction":[{"@type":"SearchAction","target":{"@type":"EntryPoint","urlTemplate":"https:\/\/now-news.de\/de\/?s={search_term_string}"},"query-input":{"@type":"PropertyValueSpecification","valueRequired":true,"valueName":"search_term_string"}}],"inLanguage":"de"},{"@type":"Organization","@id":"https:\/\/now-news.de\/de\/#organization","name":"Just Now News","url":"https:\/\/now-news.de\/de\/","logo":{"@type":"ImageObject","inLanguage":"de","@id":"https:\/\/now-news.de\/de\/#\/schema\/logo\/image\/","url":"http:\/\/just-now.news\/de\/wp-content\/uploads\/sites\/3\/2022\/04\/logo500x500.jpg","contentUrl":"http:\/\/just-now.news\/de\/wp-content\/uploads\/sites\/3\/2022\/04\/logo500x500.jpg","width":500,"height":500,"caption":"Just Now News"},"image":{"@id":"https:\/\/now-news.de\/de\/#\/schema\/logo\/image\/"},"sameAs":["https:\/\/www.facebook.com\/wirmachenauf","https:\/\/x.com\/WirMachenAuf_de"]},{"@type":"Person","@id":"https:\/\/now-news.de\/de\/#\/schema\/person\/fb534a4e865501d8b3285208df34a9b5","name":"rtnews","image":{"@type":"ImageObject","inLanguage":"de","@id":"https:\/\/secure.gravatar.com\/avatar\/358fe31b3ab5769fea05376e1953329834cd9912cf9daf607e2af3076a1b982b?s=96&d=mm&r=g","url":"https:\/\/secure.gravatar.com\/avatar\/358fe31b3ab5769fea05376e1953329834cd9912cf9daf607e2af3076a1b982b?s=96&d=mm&r=g","contentUrl":"https:\/\/secure.gravatar.com\/avatar\/358fe31b3ab5769fea05376e1953329834cd9912cf9daf607e2af3076a1b982b?s=96&d=mm&r=g","caption":"rtnews"},"url":"https:\/\/now-news.de\/de\/author\/rnews\/"}]}},"_links":{"self":[{"href":"https:\/\/now-news.de\/de\/wp-json\/wp\/v2\/posts\/109927","targetHints":{"allow":["GET"]}}],"collection":[{"href":"https:\/\/now-news.de\/de\/wp-json\/wp\/v2\/posts"}],"about":[{"href":"https:\/\/now-news.de\/de\/wp-json\/wp\/v2\/types\/post"}],"author":[{"embeddable":true,"href":"https:\/\/now-news.de\/de\/wp-json\/wp\/v2\/users\/3"}],"replies":[{"embeddable":true,"href":"https:\/\/now-news.de\/de\/wp-json\/wp\/v2\/comments?post=109927"}],"version-history":[{"count":0,"href":"https:\/\/now-news.de\/de\/wp-json\/wp\/v2\/posts\/109927\/revisions"}],"wp:featuredmedia":[{"embeddable":true,"href":"https:\/\/now-news.de\/de\/wp-json\/wp\/v2\/media\/109928"}],"wp:attachment":[{"href":"https:\/\/now-news.de\/de\/wp-json\/wp\/v2\/media?parent=109927"}],"wp:term":[{"taxonomy":"category","embeddable":true,"href":"https:\/\/now-news.de\/de\/wp-json\/wp\/v2\/categories?post=109927"},{"taxonomy":"post_tag","embeddable":true,"href":"https:\/\/now-news.de\/de\/wp-json\/wp\/v2\/tags?post=109927"}],"curies":[{"name":"wp","href":"https:\/\/api.w.org\/{rel}","templated":true}]}}