{"id":109913,"date":"2026-09-04T09:40:47","date_gmt":"2026-09-04T07:40:47","guid":{"rendered":"https:\/\/now-news.de\/de\/deutschland\/marinegeschichte-fregatte-sachsen-zuendete-im-nordatlantik-israelisches-raketenmodell\/"},"modified":"2026-09-04T09:40:47","modified_gmt":"2026-09-04T07:40:47","slug":"marinegeschichte-fregatte-sachsen-zuendete-im-nordatlantik-israelisches-raketenmodell","status":"publish","type":"post","link":"https:\/\/now-news.de\/de\/deutschland\/marinegeschichte-fregatte-sachsen-zuendete-im-nordatlantik-israelisches-raketenmodell\/","title":{"rendered":"&quot;Marinegeschichte&quot; \u2013 Fregatte Sachsen z\u00fcndete im Nordatlantik israelisches Raketenmodell"},"content":{"rendered":"<p><img decoding=\"async\" src=\"https:\/\/now-news.de\/de\/wp-content\/uploads\/sites\/3\/2026\/09\/6a99580048fbef394d3783c7.jpg\" \/><\/p>\n<div class=\"Text-root Text-type_1 \">\n                Die Bundesmarine testete im Rahmen einer &#8220;geheimen Fahrt&#8221; eine israelische ballistische Rakete. Das Ereignis soll zwischen Irland und Island im Nordatlantik stattgefunden haben. Marineinspekteur und Vizeadmiral Jan Christian Kaack erkl\u00e4rte laut Agenturmeldung, dass &#8220;mit dem erfolgreichen Schuss Marinegeschichte geschrieben&#8221; wurde.\n            <\/div>\n<p><\/p>\n<div class=\"Text-root Text-type_5 ArticleView-text ViewText-root \">\n<p>Die Bundesmarine best\u00e4tigt den Vorfall. Auch die deutschen Mainstreammedien berichten ausf\u00fchrlich und mit Begeisterung \u00fcber das &#8220;geheime&#8221; Geschehen zwischen Irland und Island im Nordatlantik.\u00a0Laut einem\u00a0<a rel=\"nofollow\" target=\"_blank\" href=\"https:\/\/www.welt.de\/politik\/deutschland\/article6a9767f8518a586e185601bd\/deutsche-marine-testet-superrakete-in-geheimer-aktion.html\" target=\"_blank\" rel=\"noopener noreferrer\">Artikel<\/a>\u00a0der <em>Welt<\/em>\u00a0wurden daf\u00fcr gleich zwei deutsche Fregatten in das Seegebiet verlegt.<\/p>\n<p>Der Interessenverband der Deutschen Marine erkl\u00e4rt, dass die Testaufgabe darin bestand, die Reichweite der Raketen der maritimen Bundeswehrtruppe &#8220;deutlich zu vergr\u00f6\u00dfern&#8221;. Mit dem Test und Abschuss &#8220;einer ballistischen Rakete des israelischen Herstellers IAI Industries&#8221; sei seitens der Bundesregierung &#8220;ein wichtiges Signal gesendet&#8221; worden,\u00a0<a rel=\"nofollow\" target=\"_blank\" href=\"https:\/\/www.handelsblatt.com\/meinung\/kommentare\/kommentar-endlich-hat-deutschland-eine-wirksame-antwort-auf-putins-raketen-01\/100251422.html\" target=\"_blank\" rel=\"noopener noreferrer\">berichtet<\/a>\u00a0das <em>Handelsblatt.\u00a0<\/em>Dieses laute:<\/p>\n<p><em>&#8220;Das Land ist bereit, sich entschlossen zu verteidigen.&#8221;<\/em><\/p>\n<p>Von der Fregatte &#8220;Sachsen-Anhalt&#8221; der Bundesmarine wurden in der Nacht zum 2. September &#8220;mindestens zwei ballistische Raketen des israelischen Typs LORA gestartet.&#8221; LORA steht dabei f\u00fcr &#8220;Long Range Artillery&#8221;. Die Marine bezeichnet laut <a rel=\"nofollow\" target=\"_blank\" href=\"https:\/\/suv.report\/deutsche-marine-verschiesst-erstmals-ballistische-raketen-von-einer-fregatte\/\" target=\"_blank\" rel=\"noopener noreferrer\">Information<\/a> der Webseite Sicherheit und Verteidigung (SUV) &#8220;die Erprobung im Nordatlantik als Vorstufe einer m\u00f6glichen Beschaffung&#8221;. Die <em>Bild<\/em>-Redaktion berichtet erg\u00e4nzend:<\/p>\n<p><em>&#8220;LORA ist eine ballistische Rakete, die in Israel entwickelt, produziert und von dem Land auch wiederholt eingesetzt wurde. Sie wird in einem Startcontainer bereitgestellt und kann so an Bord von Schiffen vergleichsweise schnell eingesetzt werden.&#8221;<\/em><\/p>\n<p>Der verantwortliche Marineinspekteur Jan Christian Kaack erkl\u00e4rte gegen\u00fcber der <em>Deutschen Presse-Agentur<\/em> (<em>dpa<\/em>) am Mittwoch:<\/p>\n<p><em>&#8220;Mit dem erfolgreichen Schuss einer ballistischen Rakete gestern Nacht im Nordatlantik, haben wir Marinegeschichte geschrieben. Ich bin hochzufrieden mit dieser Leistung.&#8221;<\/em><\/p>\n<p>Das getestete System lasse sich laut dem Instagrambeitrag &#8220;erfolgreich von unseren Einheiten aus einsetzen und die m\u00f6gliche Reichweite \u00fcbersteigt alles, was wir bisher kannten.&#8221;<\/p>\n<p>&#8220;Zum Schutz Deutschlands&#8221; und der NATO-Verb\u00fcndeten stelle dieser Test samt der Erprobung &#8220;ein neues Kapitel in Sachen Abschreckung und Verteidigungsbereitschaft auf See dar&#8221;, so der Vizeadmiral darlegend. Medienberichte zeigten sich begeistert. So <a rel=\"nofollow\" target=\"_blank\" href=\"https:\/\/www.handelsblatt.com\/politik\/international\/ruestung-was-ein-israelisches-raketensystem-der-deutschen-marine-bringt\/100251410.html\" target=\"_blank\" rel=\"noopener noreferrer\">erkl\u00e4rt<\/a> die <em>Handelsblatt<\/em>-Redaktion ihren Lesern:<\/p>\n<p><em>&#8220;Was ein israelisches Raketensystem der Deutschen Marine bringt. &#8216;Lora&#8217; k\u00f6nnte ein Baustein der &#8216;Deep Strike&#8217;-Strategie werden. Die ballistische Rakete steigt nach dem Start steil auf und st\u00fcrzt mit \u00dcberschallgeschwindigkeit auf ihr Ziel.&#8221;<\/em><\/p>\n<p>Die <em>Bild<\/em>-Redaktion erfuhr, dass nun im Pistorius-Ministerium (BMVg) demnach bereits\u00a0Pl\u00e4ne &#8220;f\u00fcr eine Beschaffung der Waffen mit einer Reichweite von mehr als 500 Kilometern vorangebracht werden.&#8221;\u00a0<\/p>\n<p>Der m\u00f6gliche Kauf dieses Waffensystems sei Teil der deutschen R\u00fcstungsprogramme, &#8220;die nach dem Beginn des russischen Angriffskriegs gegen die Ukraine aufgelegt wurden.&#8221; Diese sollen unter anderem dazu dienen &#8220;Russland abzuschrecken&#8221;.<\/p>\n<p>Der Hersteller Israel Aerospace Industries (IAI) bewirbt laut <em>SUV<\/em>-Artikel das System als taktische Rakete &#8220;f\u00fcr Pr\u00e4zisionsschl\u00e4ge&#8221; und informiert, sie sei &#8220;f\u00e4hig, strategische Ziele tief in feindlichem Gebiet von mobilen oder maritimen Plattformen aus zu treffen.&#8221;<\/p>\n<p>Jedes erkannte Ziel in Reichweite &#8220;k\u00f6nne binnen zehn Minuten zerst\u00f6rt werden.&#8221; Nach Absprache zwischen der Bundesregierung und Medienagenturen lautet die weitere Berichterstattung, dass\u00a0die Bundeswehr &#8220;offenbar im Rahmen der Aufr\u00fcstung angesichts von Russlands Angriffskrieg in der Ukraine das LORA-System als Erg\u00e4nzung zum deutsch-schwedischen Marschflugk\u00f6rper Taurus anschaffen will.&#8221;<\/p>\n<p><strong>Mehr zum Thema <\/strong>\u2013\u00a0<a rel=\"nofollow\" target=\"_blank\" href=\"https:\/\/freedert.online\/inland\/288046-fregatten-desaster-trifft-ruestungsriese-rheinmetall\/\" target=\"_blank\" rel=\"noopener noreferrer\">Fregatten-Desaster trifft R\u00fcstungsriese: Rheinmetall korrigiert Jahresziel nach unten<\/a><\/p>\n<div class=\"EmbedBlock-root EmbedBlock-externalVideo EmbedBlock-rumble\">\n<div class=\"VkEmbed\"><iframe class=\"lazyload\" data-src=\"https:\/\/rumble.com\/embed\/v7ctmbk\" frameborder=\"0\" width=\"853\" height=\"480\" allowfullscreen><\/iframe><\/div>\n<\/div>\n<\/div>\n<p><br \/>\n<br \/><a href=\"https:\/\/de.rt.com\/inland\/290559-marinegeschichte-fregatte-sachsen-zuendete-im\/\">Source link <\/a><\/p>\n","protected":false},"excerpt":{"rendered":"<p>Die Bundesmarine testete im Rahmen einer &#8220;geheimen Fahrt&#8221; eine israelische ballistische Rakete. Das Ereignis soll zwischen Irland und Island im Nordatlantik stattgefunden haben. Marineinspekteur und Vizeadmiral Jan Christian Kaack erkl\u00e4rte laut Agenturmeldung, dass &#8220;mit dem erfolgreichen Schuss Marinegeschichte geschrieben&#8221; wurde. Die Bundesmarine best\u00e4tigt den Vorfall. Auch die deutschen Mainstreammedien berichten ausf\u00fchrlich und mit Begeisterung \u00fcber [&hellip;]<\/p>\n","protected":false},"author":3,"featured_media":109914,"comment_status":"open","ping_status":"open","sticky":false,"template":"","format":"standard","meta":{"wp_automatic_camp":["217"],"839ab58560eadf3e779913d418cdc524":["&quot;Marinegeschichte&quot; \u2013 Fregatte Sachsen z\u00fcndete im Nordatlantik israelisches Raketenmodell"],"original_link":["https:\/\/de.rt.com\/inland\/290559-marinegeschichte-fregatte-sachsen-zuendete-im\/"],"_thumbnail_id":["109914"],"_wptgpro_p2tg_sent2tg":["a:1:{i:23737;s:19:\"2026-09-04 09:55:38\";}"],"jnews_social_counter_last_update":["1788515739"]},"categories":[19,23],"tags":[39621,23624,76010,76008,76011,5488,76009],"class_list":["post-109913","post","type-post","status-publish","format-standard","has-post-thumbnail","hentry","category-deutschland","category-russland","tag-fregatte","tag-israelisches","tag-nordatlantik","tag-quotmarinegeschichtequot","tag-raketenmodell","tag-sachsen","tag-zuendete"],"yoast_head":"<!-- This site is optimized with the Yoast SEO Premium plugin v22.7 (Yoast SEO v28.2) - https:\/\/yoast.com\/product\/yoast-seo-premium-wordpress\/ -->\n<title>&quot;Marinegeschichte&quot; \u2013 Fregatte Sachsen z\u00fcndete im Nordatlantik israelisches Raketenmodell - just-now.NEWS Deutschland<\/title>\n<meta name=\"robots\" content=\"index, follow, max-snippet:-1, max-image-preview:large, max-video-preview:-1\" \/>\n<link rel=\"canonical\" href=\"https:\/\/now-news.de\/de\/deutschland\/marinegeschichte-fregatte-sachsen-zuendete-im-nordatlantik-israelisches-raketenmodell\/\" \/>\n<meta property=\"og:locale\" content=\"de_DE\" \/>\n<meta property=\"og:type\" content=\"article\" \/>\n<meta property=\"og:title\" content=\"&quot;Marinegeschichte&quot; \u2013 Fregatte Sachsen z\u00fcndete im Nordatlantik israelisches Raketenmodell\" \/>\n<meta property=\"og:description\" content=\"Die Bundesmarine testete im Rahmen einer &#8220;geheimen Fahrt&#8221; eine israelische ballistische Rakete. Das Ereignis soll zwischen Irland und Island im Nordatlantik stattgefunden haben. Marineinspekteur und Vizeadmiral Jan Christian Kaack erkl\u00e4rte laut Agenturmeldung, dass &#8220;mit dem erfolgreichen Schuss Marinegeschichte geschrieben&#8221; wurde. Die Bundesmarine best\u00e4tigt den Vorfall. Auch die deutschen Mainstreammedien berichten ausf\u00fchrlich und mit Begeisterung \u00fcber [&hellip;]\" \/>\n<meta property=\"og:url\" content=\"https:\/\/now-news.de\/de\/deutschland\/marinegeschichte-fregatte-sachsen-zuendete-im-nordatlantik-israelisches-raketenmodell\/\" \/>\n<meta property=\"og:site_name\" content=\"just-now.NEWS Deutschland\" \/>\n<meta property=\"article:publisher\" content=\"https:\/\/www.facebook.com\/wirmachenauf\" \/>\n<meta property=\"article:published_time\" content=\"2026-09-04T07:40:47+00:00\" \/>\n<meta property=\"og:image\" content=\"https:\/\/now-news.de\/de\/wp-content\/uploads\/sites\/3\/2026\/09\/6a99580048fbef394d3783c7.jpg\" \/>\n<meta name=\"author\" content=\"rtnews\" \/>\n<meta name=\"twitter:card\" content=\"summary_large_image\" \/>\n<meta name=\"twitter:creator\" content=\"@WirMachenAuf_de\" \/>\n<meta name=\"twitter:site\" content=\"@WirMachenAuf_de\" \/>\n<meta name=\"twitter:label1\" content=\"Verfasst von\" \/>\n\t<meta name=\"twitter:data1\" content=\"rtnews\" \/>\n\t<meta name=\"twitter:label2\" content=\"Gesch\u00e4tzte Lesezeit\" \/>\n\t<meta name=\"twitter:data2\" content=\"3\u00a0Minuten\" \/>\n<script type=\"application\/ld+json\" class=\"yoast-schema-graph\">{\"@context\":\"https:\\\/\\\/schema.org\",\"@graph\":[{\"@type\":\"Article\",\"@id\":\"https:\\\/\\\/now-news.de\\\/de\\\/deutschland\\\/marinegeschichte-fregatte-sachsen-zuendete-im-nordatlantik-israelisches-raketenmodell\\\/#article\",\"isPartOf\":{\"@id\":\"https:\\\/\\\/now-news.de\\\/de\\\/deutschland\\\/marinegeschichte-fregatte-sachsen-zuendete-im-nordatlantik-israelisches-raketenmodell\\\/\"},\"author\":{\"name\":\"rtnews\",\"@id\":\"https:\\\/\\\/now-news.de\\\/de\\\/#\\\/schema\\\/person\\\/fb534a4e865501d8b3285208df34a9b5\"},\"headline\":\"&quot;Marinegeschichte&quot; \u2013 Fregatte Sachsen z\u00fcndete im Nordatlantik israelisches Raketenmodell\",\"datePublished\":\"2026-09-04T07:40:47+00:00\",\"mainEntityOfPage\":{\"@id\":\"https:\\\/\\\/now-news.de\\\/de\\\/deutschland\\\/marinegeschichte-fregatte-sachsen-zuendete-im-nordatlantik-israelisches-raketenmodell\\\/\"},\"wordCount\":543,\"commentCount\":0,\"publisher\":{\"@id\":\"https:\\\/\\\/now-news.de\\\/de\\\/#organization\"},\"image\":{\"@id\":\"https:\\\/\\\/now-news.de\\\/de\\\/deutschland\\\/marinegeschichte-fregatte-sachsen-zuendete-im-nordatlantik-israelisches-raketenmodell\\\/#primaryimage\"},\"thumbnailUrl\":\"https:\\\/\\\/now-news.de\\\/de\\\/wp-content\\\/uploads\\\/sites\\\/3\\\/2026\\\/09\\\/quotMarinegeschichtequot-\u2013-Fregatte-Sachsen-zuendete-im-Nordatlantik-israelisches-Raketenmodell.jpg\",\"keywords\":[\"Fregatte\",\"israelisches\",\"Nordatlantik\",\"quotMarinegeschichtequot\",\"Raketenmodell\",\"Sachsen\",\"z\u00fcndete\"],\"articleSection\":[\"Deutschland\",\"Russland\"],\"inLanguage\":\"de\",\"potentialAction\":[{\"@type\":\"CommentAction\",\"name\":\"Comment\",\"target\":[\"https:\\\/\\\/now-news.de\\\/de\\\/deutschland\\\/marinegeschichte-fregatte-sachsen-zuendete-im-nordatlantik-israelisches-raketenmodell\\\/#respond\"]}]},{\"@type\":\"WebPage\",\"@id\":\"https:\\\/\\\/now-news.de\\\/de\\\/deutschland\\\/marinegeschichte-fregatte-sachsen-zuendete-im-nordatlantik-israelisches-raketenmodell\\\/\",\"url\":\"https:\\\/\\\/now-news.de\\\/de\\\/deutschland\\\/marinegeschichte-fregatte-sachsen-zuendete-im-nordatlantik-israelisches-raketenmodell\\\/\",\"name\":\"&quot;Marinegeschichte&quot; \u2013 Fregatte Sachsen z\u00fcndete im Nordatlantik israelisches Raketenmodell - just-now.NEWS Deutschland\",\"isPartOf\":{\"@id\":\"https:\\\/\\\/now-news.de\\\/de\\\/#website\"},\"primaryImageOfPage\":{\"@id\":\"https:\\\/\\\/now-news.de\\\/de\\\/deutschland\\\/marinegeschichte-fregatte-sachsen-zuendete-im-nordatlantik-israelisches-raketenmodell\\\/#primaryimage\"},\"image\":{\"@id\":\"https:\\\/\\\/now-news.de\\\/de\\\/deutschland\\\/marinegeschichte-fregatte-sachsen-zuendete-im-nordatlantik-israelisches-raketenmodell\\\/#primaryimage\"},\"thumbnailUrl\":\"https:\\\/\\\/now-news.de\\\/de\\\/wp-content\\\/uploads\\\/sites\\\/3\\\/2026\\\/09\\\/quotMarinegeschichtequot-\u2013-Fregatte-Sachsen-zuendete-im-Nordatlantik-israelisches-Raketenmodell.jpg\",\"datePublished\":\"2026-09-04T07:40:47+00:00\",\"breadcrumb\":{\"@id\":\"https:\\\/\\\/now-news.de\\\/de\\\/deutschland\\\/marinegeschichte-fregatte-sachsen-zuendete-im-nordatlantik-israelisches-raketenmodell\\\/#breadcrumb\"},\"inLanguage\":\"de\",\"potentialAction\":[{\"@type\":\"ReadAction\",\"target\":[\"https:\\\/\\\/now-news.de\\\/de\\\/deutschland\\\/marinegeschichte-fregatte-sachsen-zuendete-im-nordatlantik-israelisches-raketenmodell\\\/\"]}]},{\"@type\":\"ImageObject\",\"inLanguage\":\"de\",\"@id\":\"https:\\\/\\\/now-news.de\\\/de\\\/deutschland\\\/marinegeschichte-fregatte-sachsen-zuendete-im-nordatlantik-israelisches-raketenmodell\\\/#primaryimage\",\"url\":\"https:\\\/\\\/now-news.de\\\/de\\\/wp-content\\\/uploads\\\/sites\\\/3\\\/2026\\\/09\\\/quotMarinegeschichtequot-\u2013-Fregatte-Sachsen-zuendete-im-Nordatlantik-israelisches-Raketenmodell.jpg\",\"contentUrl\":\"https:\\\/\\\/now-news.de\\\/de\\\/wp-content\\\/uploads\\\/sites\\\/3\\\/2026\\\/09\\\/quotMarinegeschichtequot-\u2013-Fregatte-Sachsen-zuendete-im-Nordatlantik-israelisches-Raketenmodell.jpg\",\"width\":460,\"height\":259,\"caption\":\"&quot;Marinegeschichte&quot; \u2013 Fregatte Sachsen z\u00fcndete im Nordatlantik israelisches Raketenmodell\"},{\"@type\":\"BreadcrumbList\",\"@id\":\"https:\\\/\\\/now-news.de\\\/de\\\/deutschland\\\/marinegeschichte-fregatte-sachsen-zuendete-im-nordatlantik-israelisches-raketenmodell\\\/#breadcrumb\",\"itemListElement\":[{\"@type\":\"ListItem\",\"position\":1,\"name\":\"Home\",\"item\":\"https:\\\/\\\/now-news.de\\\/de\\\/\"},{\"@type\":\"ListItem\",\"position\":2,\"name\":\"&quot;Marinegeschichte&quot; \u2013 Fregatte Sachsen z\u00fcndete im Nordatlantik israelisches Raketenmodell\"}]},{\"@type\":\"WebSite\",\"@id\":\"https:\\\/\\\/now-news.de\\\/de\\\/#website\",\"url\":\"https:\\\/\\\/now-news.de\\\/de\\\/\",\"name\":\"just-now.NEWS Deutschland\",\"description\":\"Das Portal f\u00fcr unzensierte Nachrichten aus der Welt\",\"publisher\":{\"@id\":\"https:\\\/\\\/now-news.de\\\/de\\\/#organization\"},\"potentialAction\":[{\"@type\":\"SearchAction\",\"target\":{\"@type\":\"EntryPoint\",\"urlTemplate\":\"https:\\\/\\\/now-news.de\\\/de\\\/?s={search_term_string}\"},\"query-input\":{\"@type\":\"PropertyValueSpecification\",\"valueRequired\":true,\"valueName\":\"search_term_string\"}}],\"inLanguage\":\"de\"},{\"@type\":\"Organization\",\"@id\":\"https:\\\/\\\/now-news.de\\\/de\\\/#organization\",\"name\":\"Just Now News\",\"url\":\"https:\\\/\\\/now-news.de\\\/de\\\/\",\"logo\":{\"@type\":\"ImageObject\",\"inLanguage\":\"de\",\"@id\":\"https:\\\/\\\/now-news.de\\\/de\\\/#\\\/schema\\\/logo\\\/image\\\/\",\"url\":\"http:\\\/\\\/just-now.news\\\/de\\\/wp-content\\\/uploads\\\/sites\\\/3\\\/2022\\\/04\\\/logo500x500.jpg\",\"contentUrl\":\"http:\\\/\\\/just-now.news\\\/de\\\/wp-content\\\/uploads\\\/sites\\\/3\\\/2022\\\/04\\\/logo500x500.jpg\",\"width\":500,\"height\":500,\"caption\":\"Just Now News\"},\"image\":{\"@id\":\"https:\\\/\\\/now-news.de\\\/de\\\/#\\\/schema\\\/logo\\\/image\\\/\"},\"sameAs\":[\"https:\\\/\\\/www.facebook.com\\\/wirmachenauf\",\"https:\\\/\\\/x.com\\\/WirMachenAuf_de\"]},{\"@type\":\"Person\",\"@id\":\"https:\\\/\\\/now-news.de\\\/de\\\/#\\\/schema\\\/person\\\/fb534a4e865501d8b3285208df34a9b5\",\"name\":\"rtnews\",\"image\":{\"@type\":\"ImageObject\",\"inLanguage\":\"de\",\"@id\":\"https:\\\/\\\/secure.gravatar.com\\\/avatar\\\/358fe31b3ab5769fea05376e1953329834cd9912cf9daf607e2af3076a1b982b?s=96&d=mm&r=g\",\"url\":\"https:\\\/\\\/secure.gravatar.com\\\/avatar\\\/358fe31b3ab5769fea05376e1953329834cd9912cf9daf607e2af3076a1b982b?s=96&d=mm&r=g\",\"contentUrl\":\"https:\\\/\\\/secure.gravatar.com\\\/avatar\\\/358fe31b3ab5769fea05376e1953329834cd9912cf9daf607e2af3076a1b982b?s=96&d=mm&r=g\",\"caption\":\"rtnews\"},\"url\":\"https:\\\/\\\/now-news.de\\\/de\\\/author\\\/rnews\\\/\"}]}<\/script>\n<!-- \/ Yoast SEO Premium plugin. -->","yoast_head_json":{"title":"&quot;Marinegeschichte&quot; \u2013 Fregatte Sachsen z\u00fcndete im Nordatlantik israelisches Raketenmodell - just-now.NEWS Deutschland","robots":{"index":"index","follow":"follow","max-snippet":"max-snippet:-1","max-image-preview":"max-image-preview:large","max-video-preview":"max-video-preview:-1"},"canonical":"https:\/\/now-news.de\/de\/deutschland\/marinegeschichte-fregatte-sachsen-zuendete-im-nordatlantik-israelisches-raketenmodell\/","og_locale":"de_DE","og_type":"article","og_title":"&quot;Marinegeschichte&quot; \u2013 Fregatte Sachsen z\u00fcndete im Nordatlantik israelisches Raketenmodell","og_description":"Die Bundesmarine testete im Rahmen einer &#8220;geheimen Fahrt&#8221; eine israelische ballistische Rakete. Das Ereignis soll zwischen Irland und Island im Nordatlantik stattgefunden haben. Marineinspekteur und Vizeadmiral Jan Christian Kaack erkl\u00e4rte laut Agenturmeldung, dass &#8220;mit dem erfolgreichen Schuss Marinegeschichte geschrieben&#8221; wurde. Die Bundesmarine best\u00e4tigt den Vorfall. Auch die deutschen Mainstreammedien berichten ausf\u00fchrlich und mit Begeisterung \u00fcber [&hellip;]","og_url":"https:\/\/now-news.de\/de\/deutschland\/marinegeschichte-fregatte-sachsen-zuendete-im-nordatlantik-israelisches-raketenmodell\/","og_site_name":"just-now.NEWS Deutschland","article_publisher":"https:\/\/www.facebook.com\/wirmachenauf","article_published_time":"2026-09-04T07:40:47+00:00","og_image":[{"url":"https:\/\/now-news.de\/de\/wp-content\/uploads\/sites\/3\/2026\/09\/6a99580048fbef394d3783c7.jpg","type":"","width":"","height":""}],"author":"rtnews","twitter_card":"summary_large_image","twitter_creator":"@WirMachenAuf_de","twitter_site":"@WirMachenAuf_de","twitter_misc":{"Verfasst von":"rtnews","Gesch\u00e4tzte Lesezeit":"3\u00a0Minuten"},"schema":{"@context":"https:\/\/schema.org","@graph":[{"@type":"Article","@id":"https:\/\/now-news.de\/de\/deutschland\/marinegeschichte-fregatte-sachsen-zuendete-im-nordatlantik-israelisches-raketenmodell\/#article","isPartOf":{"@id":"https:\/\/now-news.de\/de\/deutschland\/marinegeschichte-fregatte-sachsen-zuendete-im-nordatlantik-israelisches-raketenmodell\/"},"author":{"name":"rtnews","@id":"https:\/\/now-news.de\/de\/#\/schema\/person\/fb534a4e865501d8b3285208df34a9b5"},"headline":"&quot;Marinegeschichte&quot; \u2013 Fregatte Sachsen z\u00fcndete im Nordatlantik israelisches Raketenmodell","datePublished":"2026-09-04T07:40:47+00:00","mainEntityOfPage":{"@id":"https:\/\/now-news.de\/de\/deutschland\/marinegeschichte-fregatte-sachsen-zuendete-im-nordatlantik-israelisches-raketenmodell\/"},"wordCount":543,"commentCount":0,"publisher":{"@id":"https:\/\/now-news.de\/de\/#organization"},"image":{"@id":"https:\/\/now-news.de\/de\/deutschland\/marinegeschichte-fregatte-sachsen-zuendete-im-nordatlantik-israelisches-raketenmodell\/#primaryimage"},"thumbnailUrl":"https:\/\/now-news.de\/de\/wp-content\/uploads\/sites\/3\/2026\/09\/quotMarinegeschichtequot-\u2013-Fregatte-Sachsen-zuendete-im-Nordatlantik-israelisches-Raketenmodell.jpg","keywords":["Fregatte","israelisches","Nordatlantik","quotMarinegeschichtequot","Raketenmodell","Sachsen","z\u00fcndete"],"articleSection":["Deutschland","Russland"],"inLanguage":"de","potentialAction":[{"@type":"CommentAction","name":"Comment","target":["https:\/\/now-news.de\/de\/deutschland\/marinegeschichte-fregatte-sachsen-zuendete-im-nordatlantik-israelisches-raketenmodell\/#respond"]}]},{"@type":"WebPage","@id":"https:\/\/now-news.de\/de\/deutschland\/marinegeschichte-fregatte-sachsen-zuendete-im-nordatlantik-israelisches-raketenmodell\/","url":"https:\/\/now-news.de\/de\/deutschland\/marinegeschichte-fregatte-sachsen-zuendete-im-nordatlantik-israelisches-raketenmodell\/","name":"&quot;Marinegeschichte&quot; \u2013 Fregatte Sachsen z\u00fcndete im Nordatlantik israelisches Raketenmodell - just-now.NEWS Deutschland","isPartOf":{"@id":"https:\/\/now-news.de\/de\/#website"},"primaryImageOfPage":{"@id":"https:\/\/now-news.de\/de\/deutschland\/marinegeschichte-fregatte-sachsen-zuendete-im-nordatlantik-israelisches-raketenmodell\/#primaryimage"},"image":{"@id":"https:\/\/now-news.de\/de\/deutschland\/marinegeschichte-fregatte-sachsen-zuendete-im-nordatlantik-israelisches-raketenmodell\/#primaryimage"},"thumbnailUrl":"https:\/\/now-news.de\/de\/wp-content\/uploads\/sites\/3\/2026\/09\/quotMarinegeschichtequot-\u2013-Fregatte-Sachsen-zuendete-im-Nordatlantik-israelisches-Raketenmodell.jpg","datePublished":"2026-09-04T07:40:47+00:00","breadcrumb":{"@id":"https:\/\/now-news.de\/de\/deutschland\/marinegeschichte-fregatte-sachsen-zuendete-im-nordatlantik-israelisches-raketenmodell\/#breadcrumb"},"inLanguage":"de","potentialAction":[{"@type":"ReadAction","target":["https:\/\/now-news.de\/de\/deutschland\/marinegeschichte-fregatte-sachsen-zuendete-im-nordatlantik-israelisches-raketenmodell\/"]}]},{"@type":"ImageObject","inLanguage":"de","@id":"https:\/\/now-news.de\/de\/deutschland\/marinegeschichte-fregatte-sachsen-zuendete-im-nordatlantik-israelisches-raketenmodell\/#primaryimage","url":"https:\/\/now-news.de\/de\/wp-content\/uploads\/sites\/3\/2026\/09\/quotMarinegeschichtequot-\u2013-Fregatte-Sachsen-zuendete-im-Nordatlantik-israelisches-Raketenmodell.jpg","contentUrl":"https:\/\/now-news.de\/de\/wp-content\/uploads\/sites\/3\/2026\/09\/quotMarinegeschichtequot-\u2013-Fregatte-Sachsen-zuendete-im-Nordatlantik-israelisches-Raketenmodell.jpg","width":460,"height":259,"caption":"&quot;Marinegeschichte&quot; \u2013 Fregatte Sachsen z\u00fcndete im Nordatlantik israelisches Raketenmodell"},{"@type":"BreadcrumbList","@id":"https:\/\/now-news.de\/de\/deutschland\/marinegeschichte-fregatte-sachsen-zuendete-im-nordatlantik-israelisches-raketenmodell\/#breadcrumb","itemListElement":[{"@type":"ListItem","position":1,"name":"Home","item":"https:\/\/now-news.de\/de\/"},{"@type":"ListItem","position":2,"name":"&quot;Marinegeschichte&quot; \u2013 Fregatte Sachsen z\u00fcndete im Nordatlantik israelisches Raketenmodell"}]},{"@type":"WebSite","@id":"https:\/\/now-news.de\/de\/#website","url":"https:\/\/now-news.de\/de\/","name":"just-now.NEWS Deutschland","description":"Das Portal f\u00fcr unzensierte Nachrichten aus der Welt","publisher":{"@id":"https:\/\/now-news.de\/de\/#organization"},"potentialAction":[{"@type":"SearchAction","target":{"@type":"EntryPoint","urlTemplate":"https:\/\/now-news.de\/de\/?s={search_term_string}"},"query-input":{"@type":"PropertyValueSpecification","valueRequired":true,"valueName":"search_term_string"}}],"inLanguage":"de"},{"@type":"Organization","@id":"https:\/\/now-news.de\/de\/#organization","name":"Just Now News","url":"https:\/\/now-news.de\/de\/","logo":{"@type":"ImageObject","inLanguage":"de","@id":"https:\/\/now-news.de\/de\/#\/schema\/logo\/image\/","url":"http:\/\/just-now.news\/de\/wp-content\/uploads\/sites\/3\/2022\/04\/logo500x500.jpg","contentUrl":"http:\/\/just-now.news\/de\/wp-content\/uploads\/sites\/3\/2022\/04\/logo500x500.jpg","width":500,"height":500,"caption":"Just Now News"},"image":{"@id":"https:\/\/now-news.de\/de\/#\/schema\/logo\/image\/"},"sameAs":["https:\/\/www.facebook.com\/wirmachenauf","https:\/\/x.com\/WirMachenAuf_de"]},{"@type":"Person","@id":"https:\/\/now-news.de\/de\/#\/schema\/person\/fb534a4e865501d8b3285208df34a9b5","name":"rtnews","image":{"@type":"ImageObject","inLanguage":"de","@id":"https:\/\/secure.gravatar.com\/avatar\/358fe31b3ab5769fea05376e1953329834cd9912cf9daf607e2af3076a1b982b?s=96&d=mm&r=g","url":"https:\/\/secure.gravatar.com\/avatar\/358fe31b3ab5769fea05376e1953329834cd9912cf9daf607e2af3076a1b982b?s=96&d=mm&r=g","contentUrl":"https:\/\/secure.gravatar.com\/avatar\/358fe31b3ab5769fea05376e1953329834cd9912cf9daf607e2af3076a1b982b?s=96&d=mm&r=g","caption":"rtnews"},"url":"https:\/\/now-news.de\/de\/author\/rnews\/"}]}},"_links":{"self":[{"href":"https:\/\/now-news.de\/de\/wp-json\/wp\/v2\/posts\/109913","targetHints":{"allow":["GET"]}}],"collection":[{"href":"https:\/\/now-news.de\/de\/wp-json\/wp\/v2\/posts"}],"about":[{"href":"https:\/\/now-news.de\/de\/wp-json\/wp\/v2\/types\/post"}],"author":[{"embeddable":true,"href":"https:\/\/now-news.de\/de\/wp-json\/wp\/v2\/users\/3"}],"replies":[{"embeddable":true,"href":"https:\/\/now-news.de\/de\/wp-json\/wp\/v2\/comments?post=109913"}],"version-history":[{"count":0,"href":"https:\/\/now-news.de\/de\/wp-json\/wp\/v2\/posts\/109913\/revisions"}],"wp:featuredmedia":[{"embeddable":true,"href":"https:\/\/now-news.de\/de\/wp-json\/wp\/v2\/media\/109914"}],"wp:attachment":[{"href":"https:\/\/now-news.de\/de\/wp-json\/wp\/v2\/media?parent=109913"}],"wp:term":[{"taxonomy":"category","embeddable":true,"href":"https:\/\/now-news.de\/de\/wp-json\/wp\/v2\/categories?post=109913"},{"taxonomy":"post_tag","embeddable":true,"href":"https:\/\/now-news.de\/de\/wp-json\/wp\/v2\/tags?post=109913"}],"curies":[{"name":"wp","href":"https:\/\/api.w.org\/{rel}","templated":true}]}}