{"id":10991,"date":"2022-06-16T07:32:00","date_gmt":"2022-06-16T05:32:00","guid":{"rendered":"http:\/\/just-now.news\/de\/usa\/eine-nachrichtenagentur-fragte-jeden-demokratischen-senator-ob-sie-biden-im-jahr-2024-unterstuetzen-wuerden-nicht-viele-sagten-ja\/"},"modified":"2022-06-16T07:32:00","modified_gmt":"2022-06-16T05:32:00","slug":"eine-nachrichtenagentur-fragte-jeden-demokratischen-senator-ob-sie-biden-im-jahr-2024-unterstuetzen-wuerden-nicht-viele-sagten-ja","status":"publish","type":"post","link":"https:\/\/now-news.de\/de\/usa\/eine-nachrichtenagentur-fragte-jeden-demokratischen-senator-ob-sie-biden-im-jahr-2024-unterstuetzen-wuerden-nicht-viele-sagten-ja\/","title":{"rendered":"Eine Nachrichtenagentur fragte jeden demokratischen Senator, ob sie Biden im Jahr 2024 unterst\u00fctzen w\u00fcrden \u2013 nicht viele sagten ja"},"content":{"rendered":"<div class=\"entry-content\">\n<p><\/p>\n<p>Die Demokraten scheinen nicht allzu begeistert von der Aussicht zu sein, dass Joe Biden 2024 wieder kandidiert.<\/p>\n<p>Der Daily Caller fragte k\u00fcrzlich jeden im Senat t\u00e4tigen Demokraten, ob er Biden f\u00fcr eine Wiederwahl in zwei Jahren unterst\u00fctzen w\u00fcrde.<\/p>\n<div id=\"IC1-ad\" class=\"sponsor IC1\">\n<p class=\"ad-notice flipboard-remove\" fl:fl-noexcerpt=\"true\">Werbung \u2013 die Geschichte geht unten weiter<\/p>\n<div id=\"IC1\">\n<script>\n\t\t\t\t\tif( FFADS.units.IC1 && FFADS.units.IC1.ad_type == 'custom' && FFADS.units.IC1.custom_ads && ! getCookie( 'ff_subbed' ) ) {\n\t\t\t\t\t\tdocument.getElementById( 'IC1' ).innerHTML = FFADS.units.IC1.custom_ads[0].code;\n\t\t\t\t\t\tif( ! FFADS.units.IC1.lazy_load ) eval( FFADS.units.IC1.custom_ads[0].rendering_script );\n\t\t\t\t\t}\n\t\t\t\t\telse if( FFADS.units.IC1 && ! getCookie( 'ff_subbed' ) ) {\n\t\t\t\t\t\tif( 'IC' != 'SB' && 'IC' != 'SA' && FFADS.use_fixed_containers ) {\n\t\t\t\t\t\t\tlet max_wh = firefly_size_list_to_max_wh( FFADS.units.IC1.sizes );\n\t\t\t\t\t\t\tlet el = document.querySelector( '#IC1' );\n\t\t\t\t\t\t\tif( 'IC' != 'SA' && FFADS.slide_pixels ) {\n\t\t\t\t\t\t\t\tmax_wh[1] += parseInt( FFADS.slide_pixels );\n\t\t\t\t\t\t\t\tel.classList.add( 'sliding' );\n\t\t\t\t\t\t\t}\n\t\t\t\t\t\t\tel.style.width = max_wh[0] + 'px';\n\t\t\t\t\t\t\tel.style.height = max_wh[1] + 'px';\n\t\t\t\t\t\t\tel.classList.add( 'fixed-size' );\n\t\t\t\t\t\t}\n\t\t\t\t\t\tgoogletag.cmd.push( function() {\n\t\t\t\t\t\t\tFFADS.debug( 'googletag.displaying IC1' );\n\t\t\t\t\t\t\tgoogletag.display( 'IC1' );\n\t\t\t\t\t\t} );\n\t\t\t\t\t}\n\t\t\t\t\telse {\n\t\t\t\t\t\tdocument.querySelector( '#IC1-ad' ).style.display = 'none';}\n\t\t\t\t<\/script><\/div>\n<\/div>\n<p>Sie bekamen eine wenig begeisterte Antwort.<\/p>\n<p>Aus dem Daily Caller:<\/p>\n<p><script>\n\t\t\t\t\tif( ! getCookie( 'ff_subbed' ) ) if( typeof FFADS.replace_ict != 'undefined' ) if( FFADS.replace_ict ) eval( FFADS.replace_ict );\n\t\t\t\t<\/script><\/p>\n<blockquote>\n<p><em><strong>Wir haben alle 50 demokratischen Senatoren gefragt, ob sie Biden im Jahr 2024 unterst\u00fctzen w\u00fcrden. Nur 5 sagten \u201eJa\u201c.<\/strong><\/em><\/p>\n<p><em>Der Daily Caller kontaktierte wiederholt alle 50 Demokraten im Senat und fragte, ob sie Pr\u00e4sident Joe Biden bei seiner Pr\u00e4sidentschaftskandidatur 2024 unterst\u00fctzen w\u00fcrden.  F\u00fcnf Senatoren sagten \u201eJa\u201c.<\/em><\/p>\n<div id=\"IC2-ad\" class=\"sponsor IC2\">\n<p class=\"ad-notice flipboard-remove\" fl:fl-noexcerpt=\"true\">Werbung \u2013 die Geschichte geht unten weiter<\/p>\n<div id=\"IC2\">\n<script>\n\t\t\t\t\tif( FFADS.units.IC2 && FFADS.units.IC2.ad_type == 'custom' && FFADS.units.IC2.custom_ads && ! getCookie( 'ff_subbed' ) ) {\n\t\t\t\t\t\tdocument.getElementById( 'IC2' ).innerHTML = FFADS.units.IC2.custom_ads[0].code;\n\t\t\t\t\t\tif( ! FFADS.units.IC2.lazy_load ) eval( FFADS.units.IC2.custom_ads[0].rendering_script );\n\t\t\t\t\t}\n\t\t\t\t\telse if( FFADS.units.IC2 && ! getCookie( 'ff_subbed' ) ) {\n\t\t\t\t\t\tif( 'IC' != 'SB' && 'IC' != 'SA' && FFADS.use_fixed_containers ) {\n\t\t\t\t\t\t\tlet max_wh = firefly_size_list_to_max_wh( FFADS.units.IC2.sizes );\n\t\t\t\t\t\t\tlet el = document.querySelector( '#IC2' );\n\t\t\t\t\t\t\tif( 'IC' != 'SA' && FFADS.slide_pixels ) {\n\t\t\t\t\t\t\t\tmax_wh[1] += parseInt( FFADS.slide_pixels );\n\t\t\t\t\t\t\t\tel.classList.add( 'sliding' );\n\t\t\t\t\t\t\t}\n\t\t\t\t\t\t\tel.style.width = max_wh[0] + 'px';\n\t\t\t\t\t\t\tel.style.height = max_wh[1] + 'px';\n\t\t\t\t\t\t\tel.classList.add( 'fixed-size' );\n\t\t\t\t\t\t}\n\t\t\t\t\t\tgoogletag.cmd.push( function() {\n\t\t\t\t\t\t\tFFADS.debug( 'googletag.displaying IC2' );\n\t\t\t\t\t\t\tgoogletag.display( 'IC2' );\n\t\t\t\t\t\t} );\n\t\t\t\t\t}\n\t\t\t\t\telse {\n\t\t\t\t\t\tdocument.querySelector( '#IC2-ad' ).style.display = 'none';}\n\t\t\t\t<\/script><\/div>\n<\/div>\n<p><em>Ein Sprecher des Senatsmehrheitsf\u00fchrers und demokratischen Senators von New York, Chuck Schumer, antwortete dem Daily Caller mit einer Ein-Wort-Antwort: \u201eJa\u201c.<\/em><\/p>\n<p><em>Die Sprecher des demokratischen Sens. Tim Kaine aus Virginia und Jack Reed aus Rhode Island antworteten auf die gleiche Weise: \u201eJa.\u201c<\/em><\/p>\n<p><em>Der Sprecher des demokratischen Senators von New Jersey, Cory Booker, sagte auch, der Senator werde Biden unterst\u00fctzen und bemerkte: \u201eJa, Senator Booker unterst\u00fctzt Pr\u00e4sident Biden bei der Wiederwahl, sollte er 2024 erneut kandidieren.\u201c<\/em><\/p>\n<p><em>Mehrere Mitglieder der Demokratischen Partei haben k\u00fcrzlich angesichts seiner verzweifelten Umfragewerte Zweifel an Bidens Unterst\u00fctzung f\u00fcr seine Pr\u00e4sidentschaftskandidatur im Jahr 2024 ge\u00e4u\u00dfert.<\/em><\/p>\n<p><em>Diese Woche weigerte sich die demokratische New Yorker Abgeordnete Alexandria Ocasio-Cortez zu antworten, ob sie Biden unterst\u00fctzen werde, und sagte, \u201ewir werden uns das ansehen\u201c, wenn die Zeit gekommen ist.  Demokratische Beamte und W\u00e4hler nannten in einem Artikel der New York Times auch den schlechten Zustand des Landes und Bidens Alter als Gr\u00fcnde, warum sie z\u00f6gern, jetzt vollst\u00e4ndig hinter Biden zu stehen.<\/em><\/p>\n<\/blockquote>\n<div id=\"IC3-ad\" class=\"sponsor IC3\">\n<p class=\"ad-notice flipboard-remove\" fl:fl-noexcerpt=\"true\">Werbung \u2013 die Geschichte geht unten weiter<\/p>\n<div id=\"IC3\">\n<script>\n\t\t\t\t\tif( FFADS.units.IC3 && FFADS.units.IC3.ad_type == 'custom' && FFADS.units.IC3.custom_ads && ! getCookie( 'ff_subbed' ) ) {\n\t\t\t\t\t\tdocument.getElementById( 'IC3' ).innerHTML = FFADS.units.IC3.custom_ads[0].code;\n\t\t\t\t\t\tif( ! FFADS.units.IC3.lazy_load ) eval( FFADS.units.IC3.custom_ads[0].rendering_script );\n\t\t\t\t\t}\n\t\t\t\t\telse if( FFADS.units.IC3 && ! getCookie( 'ff_subbed' ) ) {\n\t\t\t\t\t\tif( 'IC' != 'SB' && 'IC' != 'SA' && FFADS.use_fixed_containers ) {\n\t\t\t\t\t\t\tlet max_wh = firefly_size_list_to_max_wh( FFADS.units.IC3.sizes );\n\t\t\t\t\t\t\tlet el = document.querySelector( '#IC3' );\n\t\t\t\t\t\t\tif( 'IC' != 'SA' && FFADS.slide_pixels ) {\n\t\t\t\t\t\t\t\tmax_wh[1] += parseInt( FFADS.slide_pixels );\n\t\t\t\t\t\t\t\tel.classList.add( 'sliding' );\n\t\t\t\t\t\t\t}\n\t\t\t\t\t\t\tel.style.width = max_wh[0] + 'px';\n\t\t\t\t\t\t\tel.style.height = max_wh[1] + 'px';\n\t\t\t\t\t\t\tel.classList.add( 'fixed-size' );\n\t\t\t\t\t\t}\n\t\t\t\t\t\tgoogletag.cmd.push( function() {\n\t\t\t\t\t\t\tFFADS.debug( 'googletag.displaying IC3' );\n\t\t\t\t\t\t\tgoogletag.display( 'IC3' );\n\t\t\t\t\t\t} );\n\t\t\t\t\t}\n\t\t\t\t\telse {\n\t\t\t\t\t\tdocument.querySelector( '#IC3-ad' ).style.display = 'none';}\n\t\t\t\t<\/script><\/div>\n<\/div>\n<p><strong>Nat\u00fcrlich ist AOC nicht Teil des Senats, also wurde sie nicht in diese Umfrage aufgenommen, aber als ihr k\u00fcrzlich dieselbe Frage auf CNN gestellt wurde, war ihre Antwort unbezahlbar.  Uhr:<\/strong><\/p>\n<blockquote class=\"twitter-tweet\">\n<p lang=\"en\" dir=\"ltr\">\u201e[Biden] sagt, dass er 2024 wieder laufen wird. Werden Sie ihn unterst\u00fctzen?\u201c<\/p>\n<p>ALEXANDRIA OCASIO-CORTEZ: \u201eWir werden uns das ansehen.  Hahaha.&#8221; <a rel=\"nofollow noopener\" target=\"_blank\" href=\"https:\/\/t.co\/ztJJe55vJv\">pic.twitter.com\/ztJJe55vJv<\/a><\/p>\n<p>\u2014 RNC-Forschung (@RNCResearch) <a rel=\"nofollow noopener\" target=\"_blank\" href=\"https:\/\/twitter.com\/RNCResearch\/status\/1535978133953863680\">12. Juni 2022<\/a><\/p>\n<\/blockquote>\n<p> <script async src=\"https:\/\/platform.twitter.com\/widgets.js\" charset=\"utf-8\"><\/script><\/p>\n<p><strong>Die Demokraten werden Biden wahrscheinlich 2024 unter den Bus werfen.<\/strong><\/p>\n<div id=\"IC4-ad\" class=\"sponsor IC4\">\n<p class=\"ad-notice flipboard-remove\" fl:fl-noexcerpt=\"true\">Werbung \u2013 die Geschichte geht unten weiter<\/p>\n<div id=\"IC4\">\n<script>\n\t\t\t\t\tif( FFADS.units.IC4 && FFADS.units.IC4.ad_type == 'custom' && FFADS.units.IC4.custom_ads && ! getCookie( 'ff_subbed' ) ) {\n\t\t\t\t\t\tdocument.getElementById( 'IC4' ).innerHTML = FFADS.units.IC4.custom_ads[0].code;\n\t\t\t\t\t\tif( ! FFADS.units.IC4.lazy_load ) eval( FFADS.units.IC4.custom_ads[0].rendering_script );\n\t\t\t\t\t}\n\t\t\t\t\telse if( FFADS.units.IC4 && ! getCookie( 'ff_subbed' ) ) {\n\t\t\t\t\t\tif( 'IC' != 'SB' && 'IC' != 'SA' && FFADS.use_fixed_containers ) {\n\t\t\t\t\t\t\tlet max_wh = firefly_size_list_to_max_wh( FFADS.units.IC4.sizes );\n\t\t\t\t\t\t\tlet el = document.querySelector( '#IC4' );\n\t\t\t\t\t\t\tif( 'IC' != 'SA' && FFADS.slide_pixels ) {\n\t\t\t\t\t\t\t\tmax_wh[1] += parseInt( FFADS.slide_pixels );\n\t\t\t\t\t\t\t\tel.classList.add( 'sliding' );\n\t\t\t\t\t\t\t}\n\t\t\t\t\t\t\tel.style.width = max_wh[0] + 'px';\n\t\t\t\t\t\t\tel.style.height = max_wh[1] + 'px';\n\t\t\t\t\t\t\tel.classList.add( 'fixed-size' );\n\t\t\t\t\t\t}\n\t\t\t\t\t\tgoogletag.cmd.push( function() {\n\t\t\t\t\t\t\tFFADS.debug( 'googletag.displaying IC4' );\n\t\t\t\t\t\t\tgoogletag.display( 'IC4' );\n\t\t\t\t\t\t} );\n\t\t\t\t\t}\n\t\t\t\t\telse {\n\t\t\t\t\t\tdocument.querySelector( '#IC4-ad' ).style.display = 'none';}\n\t\t\t\t<\/script><\/div>\n<\/div>\n<p><strong>Die Frage ist, wie sie es tun werden.  Und was ist, wenn er darauf besteht, wegzulaufen?<\/strong><\/p>\n<p>Kreuz gepostet von American Lookout.<\/p>\n<p class=\"article-ask\"><span class=\"ask\"><script>\n  if( getParameterByName( \"utm_source\" ) == \"testpage\" ) {\n    !function(e,t,a,n,g){e[n]=e[n]||[],e[n].push({\"gtm.start\":(new Date).getTime(),event:\"gtm.js\"});var m=t.getElementsByTagName(a)[0],r=t.createElement(a);r.async=!0,r.src=\"https:\/\/www.googletagmanager.com\/gtm.js?id=GTM-PL4PD49\",m.parentNode.insertBefore(r,m)}(window.parent,window.parent.document,\"script\",\"dataLayer\");\n    var iframe=window.parent.document.createElement(\"iframe\");iframe.src=\"https:\/\/www.googletagmanager.com\/ns.html?id=GTM-PL4PD49\";iframe.height=\"0\";iframe.width=\"0\";iframe.style=\"display:none;visibility:hidden\";window.parent.document.body.appendChild(iframe);\n    window.parent[\"$$mm-analytics\"] = window.parent[\"$$mm-analytics\"] || {};if (typeof window.parent[\"$$mm-analytics\"].firstEmbed === \"undefined\") {window.parent[\"$$mm-analytics\"].firstEmbed = Date.now();}\n    let as1 = document.createElement( \"script\" );\n    as1.src = \"https:\/\/bucket1.mm-syringe.com\/prod\/configs\/ee2300c8-43d2-7f0b-dac0-40aaf31c9d3d.js\";\n    document.body.appendChild( as1 );\n    let as2 = document.createElement( \"script\" );\n    as2.src = \"https:\/\/bucket1.mm-syringe.com\/prod\/injector\/injector.1.5.3.js\";\n    document.body.appendChild( as2 );\n  }\n<\/script><\/p>\n<div class=\"apester-media\" data-token=\"5f10a39f94902bc81d3d59a7\" data-context=\"true\" data-tags=\"\" data-fallback=\"true\" height=\"350\"><\/div>\n<p><script id=\"apester_script\" src=\"https:\/\/static.apester.com\/js\/sdk\/latest\/apester-sdk.js\" async><\/script><script async src=\"https:\/\/www.googletagmanager.com\/gtag\/js?id=G-EFE91RJVSQ\"><\/script><script>\n  window.dataLayer = window.dataLayer || [];\n  function gtag(){dataLayer.push(arguments);}\n  gtag(\\\\\\'js\\\\\\', new Date());\n  gtag(\\\\\\'config\\\\\\', \\\\\\'G-EFE91RJVSQ\\\\\\');\n<\/script><script type=\"text\/javascript\">\n\tfunction e(e){var t=!(arguments.length>1&&void 0!==arguments[1])||arguments[1],c=document.createElement(\"script\");c.src=e,t?c.type=\"module\":(c.async=!0,c.type=\"text\/javascript\",c.setAttribute(\"nomodule\",\"\"));var n=document.getElementsByTagName(\"script\")[0];n.parentNode.insertBefore(c,n)}function t(t,c,n){var a,o,r;null!==(a=t.marfeel)&&void 0!==a||(t.marfeel={}),null!==(o=(r=t.marfeel).cmd)&&void 0!==o||(r.cmd=[]),t.marfeel.config=n,t.marfeel.config.accountId=c;var i=\"https:\/\/sdk.mrf.io\/statics\";e(\"\".concat(i,\"\/marfeel-sdk.js?id=\").concat(c),!0),e(\"\".concat(i,\"\/marfeel-sdk.es5.js?id=\").concat(c),!1)}!function(e,c){var n=arguments.length>2&&void 0!==arguments[2]?arguments[2]:{};t(e,c,n)}(window,1573,{} \/*config*\/);\n<\/script><\/span><\/p>\n<\/div>\n<p><br \/>\n<br \/><a href=\"https:\/\/www.thegatewaypundit.com\/2022\/06\/news-outlet-asked-every-democrat-senator-endorse-biden-2024-not-many-said-yes\/\">Source link <\/a><\/p>\n","protected":false},"excerpt":{"rendered":"<p>Die Demokraten scheinen nicht allzu begeistert von der Aussicht zu sein, dass Joe Biden 2024 wieder kandidiert. Der Daily Caller fragte k\u00fcrzlich jeden im Senat t\u00e4tigen Demokraten, ob er Biden f\u00fcr eine Wiederwahl in zwei Jahren unterst\u00fctzen w\u00fcrde. Werbung \u2013 die Geschichte geht unten weiter Sie bekamen eine wenig begeisterte Antwort. Aus dem Daily Caller: [&hellip;]<\/p>\n","protected":false},"author":5,"featured_media":10992,"comment_status":"open","ping_status":"open","sticky":false,"template":"","format":"standard","meta":{"wp_automatic_camp":["1161"],"70a947b6ea621630b3a208f87eabc530":["Eine Nachrichtenagentur fragte jeden demokratischen Senator, ob sie Biden im Jahr 2024 unterst\u00fctzen w\u00fcrden \u2013 nicht viele sagten ja\n"],"original_link":["https:\/\/www.thegatewaypundit.com\/2022\/06\/news-outlet-asked-every-democrat-senator-endorse-biden-2024-not-many-said-yes\/"],"_thumbnail_id":["10992"],"wp_automatic_remove_first_image":["yes"],"jnews_social_counter_last_update":["1777570495"]},"categories":[25],"tags":[1348,20860,275,24664,1615,1175,7128,800,24665,8371,527,1190,11609,3268],"yoast_head":"<!-- This site is optimized with the Yoast SEO Premium plugin v22.7 (Yoast SEO v22.7) - https:\/\/yoast.com\/wordpress\/plugins\/seo\/ -->\n<title>Eine Nachrichtenagentur fragte jeden demokratischen Senator, ob sie Biden im Jahr 2024 unterst\u00fctzen w\u00fcrden \u2013 nicht viele sagten ja - just-now.NEWS Deutschland<\/title>\n<meta name=\"robots\" content=\"index, follow, max-snippet:-1, max-image-preview:large, max-video-preview:-1\" \/>\n<link rel=\"canonical\" href=\"https:\/\/now-news.de\/de\/usa\/eine-nachrichtenagentur-fragte-jeden-demokratischen-senator-ob-sie-biden-im-jahr-2024-unterstuetzen-wuerden-nicht-viele-sagten-ja\/\" \/>\n<meta property=\"og:locale\" content=\"de_DE\" \/>\n<meta property=\"og:type\" content=\"article\" \/>\n<meta property=\"og:title\" content=\"Eine Nachrichtenagentur fragte jeden demokratischen Senator, ob sie Biden im Jahr 2024 unterst\u00fctzen w\u00fcrden \u2013 nicht viele sagten ja\" \/>\n<meta property=\"og:description\" content=\"Die Demokraten scheinen nicht allzu begeistert von der Aussicht zu sein, dass Joe Biden 2024 wieder kandidiert. Der Daily Caller fragte k\u00fcrzlich jeden im Senat t\u00e4tigen Demokraten, ob er Biden f\u00fcr eine Wiederwahl in zwei Jahren unterst\u00fctzen w\u00fcrde. Werbung \u2013 die Geschichte geht unten weiter Sie bekamen eine wenig begeisterte Antwort. Aus dem Daily Caller: [&hellip;]\" \/>\n<meta property=\"og:url\" content=\"https:\/\/now-news.de\/de\/usa\/eine-nachrichtenagentur-fragte-jeden-demokratischen-senator-ob-sie-biden-im-jahr-2024-unterstuetzen-wuerden-nicht-viele-sagten-ja\/\" \/>\n<meta property=\"og:site_name\" content=\"just-now.NEWS Deutschland\" \/>\n<meta property=\"article:publisher\" content=\"https:\/\/www.facebook.com\/wirmachenauf\" \/>\n<meta property=\"article:published_time\" content=\"2022-06-16T05:32:00+00:00\" \/>\n<meta property=\"og:image\" content=\"https:\/\/now-news.de\/de\/wp-content\/uploads\/sites\/3\/2022\/06\/Eine-Nachrichtenagentur-fragte-jeden-demokratischen-Senator-ob-sie-Biden-im.jpg\" \/>\n\t<meta property=\"og:image:width\" content=\"627\" \/>\n\t<meta property=\"og:image:height\" content=\"450\" \/>\n\t<meta property=\"og:image:type\" content=\"image\/jpeg\" \/>\n<meta name=\"author\" content=\"greatreset\" \/>\n<meta name=\"twitter:card\" content=\"summary_large_image\" \/>\n<meta name=\"twitter:creator\" content=\"@WirMachenAuf_de\" \/>\n<meta name=\"twitter:site\" content=\"@WirMachenAuf_de\" \/>\n<meta name=\"twitter:label1\" content=\"Verfasst von\" \/>\n\t<meta name=\"twitter:data1\" content=\"greatreset\" \/>\n\t<meta name=\"twitter:label2\" content=\"Gesch\u00e4tzte Lesezeit\" \/>\n\t<meta name=\"twitter:data2\" content=\"2\u00a0Minuten\" \/>\n<script type=\"application\/ld+json\" class=\"yoast-schema-graph\">{\"@context\":\"https:\/\/schema.org\",\"@graph\":[{\"@type\":\"Article\",\"@id\":\"https:\/\/now-news.de\/de\/usa\/eine-nachrichtenagentur-fragte-jeden-demokratischen-senator-ob-sie-biden-im-jahr-2024-unterstuetzen-wuerden-nicht-viele-sagten-ja\/#article\",\"isPartOf\":{\"@id\":\"https:\/\/now-news.de\/de\/usa\/eine-nachrichtenagentur-fragte-jeden-demokratischen-senator-ob-sie-biden-im-jahr-2024-unterstuetzen-wuerden-nicht-viele-sagten-ja\/\"},\"author\":{\"name\":\"greatreset\",\"@id\":\"https:\/\/now-news.de\/de\/#\/schema\/person\/8afb4cd92b68572db7902c13a349ffcb\"},\"headline\":\"Eine Nachrichtenagentur fragte jeden demokratischen Senator, ob sie Biden im Jahr 2024 unterst\u00fctzen w\u00fcrden \u2013 nicht viele sagten ja\",\"datePublished\":\"2022-06-16T05:32:00+00:00\",\"dateModified\":\"2022-06-16T05:32:00+00:00\",\"mainEntityOfPage\":{\"@id\":\"https:\/\/now-news.de\/de\/usa\/eine-nachrichtenagentur-fragte-jeden-demokratischen-senator-ob-sie-biden-im-jahr-2024-unterstuetzen-wuerden-nicht-viele-sagten-ja\/\"},\"wordCount\":407,\"commentCount\":0,\"publisher\":{\"@id\":\"https:\/\/now-news.de\/de\/#organization\"},\"image\":{\"@id\":\"https:\/\/now-news.de\/de\/usa\/eine-nachrichtenagentur-fragte-jeden-demokratischen-senator-ob-sie-biden-im-jahr-2024-unterstuetzen-wuerden-nicht-viele-sagten-ja\/#primaryimage\"},\"thumbnailUrl\":\"https:\/\/now-news.de\/de\/wp-content\/uploads\/sites\/3\/2022\/06\/Eine-Nachrichtenagentur-fragte-jeden-demokratischen-Senator-ob-sie-Biden-im.jpg\",\"keywords\":[\"Biden\",\"demokratischen\",\"eine\",\"fragte\",\"Jahr\",\"jeden\",\"Nachrichtenagentur\",\"nicht\",\"sagten\",\"Senator\",\"Sie\",\"unterst\u00fctzen\",\"viele\",\"wurden\"],\"articleSection\":[\"USA\"],\"inLanguage\":\"de\",\"potentialAction\":[{\"@type\":\"CommentAction\",\"name\":\"Comment\",\"target\":[\"https:\/\/now-news.de\/de\/usa\/eine-nachrichtenagentur-fragte-jeden-demokratischen-senator-ob-sie-biden-im-jahr-2024-unterstuetzen-wuerden-nicht-viele-sagten-ja\/#respond\"]}]},{\"@type\":\"WebPage\",\"@id\":\"https:\/\/now-news.de\/de\/usa\/eine-nachrichtenagentur-fragte-jeden-demokratischen-senator-ob-sie-biden-im-jahr-2024-unterstuetzen-wuerden-nicht-viele-sagten-ja\/\",\"url\":\"https:\/\/now-news.de\/de\/usa\/eine-nachrichtenagentur-fragte-jeden-demokratischen-senator-ob-sie-biden-im-jahr-2024-unterstuetzen-wuerden-nicht-viele-sagten-ja\/\",\"name\":\"Eine Nachrichtenagentur fragte jeden demokratischen Senator, ob sie Biden im Jahr 2024 unterst\u00fctzen w\u00fcrden \u2013 nicht viele sagten ja - just-now.NEWS Deutschland\",\"isPartOf\":{\"@id\":\"https:\/\/now-news.de\/de\/#website\"},\"primaryImageOfPage\":{\"@id\":\"https:\/\/now-news.de\/de\/usa\/eine-nachrichtenagentur-fragte-jeden-demokratischen-senator-ob-sie-biden-im-jahr-2024-unterstuetzen-wuerden-nicht-viele-sagten-ja\/#primaryimage\"},\"image\":{\"@id\":\"https:\/\/now-news.de\/de\/usa\/eine-nachrichtenagentur-fragte-jeden-demokratischen-senator-ob-sie-biden-im-jahr-2024-unterstuetzen-wuerden-nicht-viele-sagten-ja\/#primaryimage\"},\"thumbnailUrl\":\"https:\/\/now-news.de\/de\/wp-content\/uploads\/sites\/3\/2022\/06\/Eine-Nachrichtenagentur-fragte-jeden-demokratischen-Senator-ob-sie-Biden-im.jpg\",\"datePublished\":\"2022-06-16T05:32:00+00:00\",\"dateModified\":\"2022-06-16T05:32:00+00:00\",\"breadcrumb\":{\"@id\":\"https:\/\/now-news.de\/de\/usa\/eine-nachrichtenagentur-fragte-jeden-demokratischen-senator-ob-sie-biden-im-jahr-2024-unterstuetzen-wuerden-nicht-viele-sagten-ja\/#breadcrumb\"},\"inLanguage\":\"de\",\"potentialAction\":[{\"@type\":\"ReadAction\",\"target\":[\"https:\/\/now-news.de\/de\/usa\/eine-nachrichtenagentur-fragte-jeden-demokratischen-senator-ob-sie-biden-im-jahr-2024-unterstuetzen-wuerden-nicht-viele-sagten-ja\/\"]}]},{\"@type\":\"ImageObject\",\"inLanguage\":\"de\",\"@id\":\"https:\/\/now-news.de\/de\/usa\/eine-nachrichtenagentur-fragte-jeden-demokratischen-senator-ob-sie-biden-im-jahr-2024-unterstuetzen-wuerden-nicht-viele-sagten-ja\/#primaryimage\",\"url\":\"https:\/\/now-news.de\/de\/wp-content\/uploads\/sites\/3\/2022\/06\/Eine-Nachrichtenagentur-fragte-jeden-demokratischen-Senator-ob-sie-Biden-im.jpg\",\"contentUrl\":\"https:\/\/now-news.de\/de\/wp-content\/uploads\/sites\/3\/2022\/06\/Eine-Nachrichtenagentur-fragte-jeden-demokratischen-Senator-ob-sie-Biden-im.jpg\",\"width\":627,\"height\":450},{\"@type\":\"BreadcrumbList\",\"@id\":\"https:\/\/now-news.de\/de\/usa\/eine-nachrichtenagentur-fragte-jeden-demokratischen-senator-ob-sie-biden-im-jahr-2024-unterstuetzen-wuerden-nicht-viele-sagten-ja\/#breadcrumb\",\"itemListElement\":[{\"@type\":\"ListItem\",\"position\":1,\"name\":\"Home\",\"item\":\"https:\/\/now-news.de\/de\/\"},{\"@type\":\"ListItem\",\"position\":2,\"name\":\"Eine Nachrichtenagentur fragte jeden demokratischen Senator, ob sie Biden im Jahr 2024 unterst\u00fctzen w\u00fcrden \u2013 nicht viele sagten ja\"}]},{\"@type\":\"WebSite\",\"@id\":\"https:\/\/now-news.de\/de\/#website\",\"url\":\"https:\/\/now-news.de\/de\/\",\"name\":\"just-now.NEWS Deutschland\",\"description\":\"Das Portal f\u00fcr unzensierte Nachrichten aus der Welt\",\"publisher\":{\"@id\":\"https:\/\/now-news.de\/de\/#organization\"},\"potentialAction\":[{\"@type\":\"SearchAction\",\"target\":{\"@type\":\"EntryPoint\",\"urlTemplate\":\"https:\/\/now-news.de\/de\/?s={search_term_string}\"},\"query-input\":\"required name=search_term_string\"}],\"inLanguage\":\"de\"},{\"@type\":\"Organization\",\"@id\":\"https:\/\/now-news.de\/de\/#organization\",\"name\":\"Just Now News\",\"url\":\"https:\/\/now-news.de\/de\/\",\"logo\":{\"@type\":\"ImageObject\",\"inLanguage\":\"de\",\"@id\":\"https:\/\/now-news.de\/de\/#\/schema\/logo\/image\/\",\"url\":\"http:\/\/just-now.news\/de\/wp-content\/uploads\/sites\/3\/2022\/04\/logo500x500.jpg\",\"contentUrl\":\"http:\/\/just-now.news\/de\/wp-content\/uploads\/sites\/3\/2022\/04\/logo500x500.jpg\",\"width\":500,\"height\":500,\"caption\":\"Just Now News\"},\"image\":{\"@id\":\"https:\/\/now-news.de\/de\/#\/schema\/logo\/image\/\"},\"sameAs\":[\"https:\/\/www.facebook.com\/wirmachenauf\",\"https:\/\/x.com\/WirMachenAuf_de\"]},{\"@type\":\"Person\",\"@id\":\"https:\/\/now-news.de\/de\/#\/schema\/person\/8afb4cd92b68572db7902c13a349ffcb\",\"name\":\"greatreset\",\"image\":{\"@type\":\"ImageObject\",\"inLanguage\":\"de\",\"@id\":\"https:\/\/now-news.de\/de\/#\/schema\/person\/image\/\",\"url\":\"https:\/\/secure.gravatar.com\/avatar\/a088df625d49991c090e78c8b9542592?s=96&d=mm&r=g\",\"contentUrl\":\"https:\/\/secure.gravatar.com\/avatar\/a088df625d49991c090e78c8b9542592?s=96&d=mm&r=g\",\"caption\":\"greatreset\"},\"url\":\"https:\/\/now-news.de\/de\/author\/greatreset\/\"}]}<\/script>\n<!-- \/ Yoast SEO Premium plugin. -->","yoast_head_json":{"title":"Eine Nachrichtenagentur fragte jeden demokratischen Senator, ob sie Biden im Jahr 2024 unterst\u00fctzen w\u00fcrden \u2013 nicht viele sagten ja - just-now.NEWS Deutschland","robots":{"index":"index","follow":"follow","max-snippet":"max-snippet:-1","max-image-preview":"max-image-preview:large","max-video-preview":"max-video-preview:-1"},"canonical":"https:\/\/now-news.de\/de\/usa\/eine-nachrichtenagentur-fragte-jeden-demokratischen-senator-ob-sie-biden-im-jahr-2024-unterstuetzen-wuerden-nicht-viele-sagten-ja\/","og_locale":"de_DE","og_type":"article","og_title":"Eine Nachrichtenagentur fragte jeden demokratischen Senator, ob sie Biden im Jahr 2024 unterst\u00fctzen w\u00fcrden \u2013 nicht viele sagten ja","og_description":"Die Demokraten scheinen nicht allzu begeistert von der Aussicht zu sein, dass Joe Biden 2024 wieder kandidiert. Der Daily Caller fragte k\u00fcrzlich jeden im Senat t\u00e4tigen Demokraten, ob er Biden f\u00fcr eine Wiederwahl in zwei Jahren unterst\u00fctzen w\u00fcrde. Werbung \u2013 die Geschichte geht unten weiter Sie bekamen eine wenig begeisterte Antwort. Aus dem Daily Caller: [&hellip;]","og_url":"https:\/\/now-news.de\/de\/usa\/eine-nachrichtenagentur-fragte-jeden-demokratischen-senator-ob-sie-biden-im-jahr-2024-unterstuetzen-wuerden-nicht-viele-sagten-ja\/","og_site_name":"just-now.NEWS Deutschland","article_publisher":"https:\/\/www.facebook.com\/wirmachenauf","article_published_time":"2022-06-16T05:32:00+00:00","og_image":[{"width":627,"height":450,"url":"https:\/\/now-news.de\/de\/wp-content\/uploads\/sites\/3\/2022\/06\/Eine-Nachrichtenagentur-fragte-jeden-demokratischen-Senator-ob-sie-Biden-im.jpg","type":"image\/jpeg"}],"author":"greatreset","twitter_card":"summary_large_image","twitter_creator":"@WirMachenAuf_de","twitter_site":"@WirMachenAuf_de","twitter_misc":{"Verfasst von":"greatreset","Gesch\u00e4tzte Lesezeit":"2\u00a0Minuten"},"schema":{"@context":"https:\/\/schema.org","@graph":[{"@type":"Article","@id":"https:\/\/now-news.de\/de\/usa\/eine-nachrichtenagentur-fragte-jeden-demokratischen-senator-ob-sie-biden-im-jahr-2024-unterstuetzen-wuerden-nicht-viele-sagten-ja\/#article","isPartOf":{"@id":"https:\/\/now-news.de\/de\/usa\/eine-nachrichtenagentur-fragte-jeden-demokratischen-senator-ob-sie-biden-im-jahr-2024-unterstuetzen-wuerden-nicht-viele-sagten-ja\/"},"author":{"name":"greatreset","@id":"https:\/\/now-news.de\/de\/#\/schema\/person\/8afb4cd92b68572db7902c13a349ffcb"},"headline":"Eine Nachrichtenagentur fragte jeden demokratischen Senator, ob sie Biden im Jahr 2024 unterst\u00fctzen w\u00fcrden \u2013 nicht viele sagten ja","datePublished":"2022-06-16T05:32:00+00:00","dateModified":"2022-06-16T05:32:00+00:00","mainEntityOfPage":{"@id":"https:\/\/now-news.de\/de\/usa\/eine-nachrichtenagentur-fragte-jeden-demokratischen-senator-ob-sie-biden-im-jahr-2024-unterstuetzen-wuerden-nicht-viele-sagten-ja\/"},"wordCount":407,"commentCount":0,"publisher":{"@id":"https:\/\/now-news.de\/de\/#organization"},"image":{"@id":"https:\/\/now-news.de\/de\/usa\/eine-nachrichtenagentur-fragte-jeden-demokratischen-senator-ob-sie-biden-im-jahr-2024-unterstuetzen-wuerden-nicht-viele-sagten-ja\/#primaryimage"},"thumbnailUrl":"https:\/\/now-news.de\/de\/wp-content\/uploads\/sites\/3\/2022\/06\/Eine-Nachrichtenagentur-fragte-jeden-demokratischen-Senator-ob-sie-Biden-im.jpg","keywords":["Biden","demokratischen","eine","fragte","Jahr","jeden","Nachrichtenagentur","nicht","sagten","Senator","Sie","unterst\u00fctzen","viele","wurden"],"articleSection":["USA"],"inLanguage":"de","potentialAction":[{"@type":"CommentAction","name":"Comment","target":["https:\/\/now-news.de\/de\/usa\/eine-nachrichtenagentur-fragte-jeden-demokratischen-senator-ob-sie-biden-im-jahr-2024-unterstuetzen-wuerden-nicht-viele-sagten-ja\/#respond"]}]},{"@type":"WebPage","@id":"https:\/\/now-news.de\/de\/usa\/eine-nachrichtenagentur-fragte-jeden-demokratischen-senator-ob-sie-biden-im-jahr-2024-unterstuetzen-wuerden-nicht-viele-sagten-ja\/","url":"https:\/\/now-news.de\/de\/usa\/eine-nachrichtenagentur-fragte-jeden-demokratischen-senator-ob-sie-biden-im-jahr-2024-unterstuetzen-wuerden-nicht-viele-sagten-ja\/","name":"Eine Nachrichtenagentur fragte jeden demokratischen Senator, ob sie Biden im Jahr 2024 unterst\u00fctzen w\u00fcrden \u2013 nicht viele sagten ja - just-now.NEWS Deutschland","isPartOf":{"@id":"https:\/\/now-news.de\/de\/#website"},"primaryImageOfPage":{"@id":"https:\/\/now-news.de\/de\/usa\/eine-nachrichtenagentur-fragte-jeden-demokratischen-senator-ob-sie-biden-im-jahr-2024-unterstuetzen-wuerden-nicht-viele-sagten-ja\/#primaryimage"},"image":{"@id":"https:\/\/now-news.de\/de\/usa\/eine-nachrichtenagentur-fragte-jeden-demokratischen-senator-ob-sie-biden-im-jahr-2024-unterstuetzen-wuerden-nicht-viele-sagten-ja\/#primaryimage"},"thumbnailUrl":"https:\/\/now-news.de\/de\/wp-content\/uploads\/sites\/3\/2022\/06\/Eine-Nachrichtenagentur-fragte-jeden-demokratischen-Senator-ob-sie-Biden-im.jpg","datePublished":"2022-06-16T05:32:00+00:00","dateModified":"2022-06-16T05:32:00+00:00","breadcrumb":{"@id":"https:\/\/now-news.de\/de\/usa\/eine-nachrichtenagentur-fragte-jeden-demokratischen-senator-ob-sie-biden-im-jahr-2024-unterstuetzen-wuerden-nicht-viele-sagten-ja\/#breadcrumb"},"inLanguage":"de","potentialAction":[{"@type":"ReadAction","target":["https:\/\/now-news.de\/de\/usa\/eine-nachrichtenagentur-fragte-jeden-demokratischen-senator-ob-sie-biden-im-jahr-2024-unterstuetzen-wuerden-nicht-viele-sagten-ja\/"]}]},{"@type":"ImageObject","inLanguage":"de","@id":"https:\/\/now-news.de\/de\/usa\/eine-nachrichtenagentur-fragte-jeden-demokratischen-senator-ob-sie-biden-im-jahr-2024-unterstuetzen-wuerden-nicht-viele-sagten-ja\/#primaryimage","url":"https:\/\/now-news.de\/de\/wp-content\/uploads\/sites\/3\/2022\/06\/Eine-Nachrichtenagentur-fragte-jeden-demokratischen-Senator-ob-sie-Biden-im.jpg","contentUrl":"https:\/\/now-news.de\/de\/wp-content\/uploads\/sites\/3\/2022\/06\/Eine-Nachrichtenagentur-fragte-jeden-demokratischen-Senator-ob-sie-Biden-im.jpg","width":627,"height":450},{"@type":"BreadcrumbList","@id":"https:\/\/now-news.de\/de\/usa\/eine-nachrichtenagentur-fragte-jeden-demokratischen-senator-ob-sie-biden-im-jahr-2024-unterstuetzen-wuerden-nicht-viele-sagten-ja\/#breadcrumb","itemListElement":[{"@type":"ListItem","position":1,"name":"Home","item":"https:\/\/now-news.de\/de\/"},{"@type":"ListItem","position":2,"name":"Eine Nachrichtenagentur fragte jeden demokratischen Senator, ob sie Biden im Jahr 2024 unterst\u00fctzen w\u00fcrden \u2013 nicht viele sagten ja"}]},{"@type":"WebSite","@id":"https:\/\/now-news.de\/de\/#website","url":"https:\/\/now-news.de\/de\/","name":"just-now.NEWS Deutschland","description":"Das Portal f\u00fcr unzensierte Nachrichten aus der Welt","publisher":{"@id":"https:\/\/now-news.de\/de\/#organization"},"potentialAction":[{"@type":"SearchAction","target":{"@type":"EntryPoint","urlTemplate":"https:\/\/now-news.de\/de\/?s={search_term_string}"},"query-input":"required name=search_term_string"}],"inLanguage":"de"},{"@type":"Organization","@id":"https:\/\/now-news.de\/de\/#organization","name":"Just Now News","url":"https:\/\/now-news.de\/de\/","logo":{"@type":"ImageObject","inLanguage":"de","@id":"https:\/\/now-news.de\/de\/#\/schema\/logo\/image\/","url":"http:\/\/just-now.news\/de\/wp-content\/uploads\/sites\/3\/2022\/04\/logo500x500.jpg","contentUrl":"http:\/\/just-now.news\/de\/wp-content\/uploads\/sites\/3\/2022\/04\/logo500x500.jpg","width":500,"height":500,"caption":"Just Now News"},"image":{"@id":"https:\/\/now-news.de\/de\/#\/schema\/logo\/image\/"},"sameAs":["https:\/\/www.facebook.com\/wirmachenauf","https:\/\/x.com\/WirMachenAuf_de"]},{"@type":"Person","@id":"https:\/\/now-news.de\/de\/#\/schema\/person\/8afb4cd92b68572db7902c13a349ffcb","name":"greatreset","image":{"@type":"ImageObject","inLanguage":"de","@id":"https:\/\/now-news.de\/de\/#\/schema\/person\/image\/","url":"https:\/\/secure.gravatar.com\/avatar\/a088df625d49991c090e78c8b9542592?s=96&d=mm&r=g","contentUrl":"https:\/\/secure.gravatar.com\/avatar\/a088df625d49991c090e78c8b9542592?s=96&d=mm&r=g","caption":"greatreset"},"url":"https:\/\/now-news.de\/de\/author\/greatreset\/"}]}},"_links":{"self":[{"href":"https:\/\/now-news.de\/de\/wp-json\/wp\/v2\/posts\/10991"}],"collection":[{"href":"https:\/\/now-news.de\/de\/wp-json\/wp\/v2\/posts"}],"about":[{"href":"https:\/\/now-news.de\/de\/wp-json\/wp\/v2\/types\/post"}],"author":[{"embeddable":true,"href":"https:\/\/now-news.de\/de\/wp-json\/wp\/v2\/users\/5"}],"replies":[{"embeddable":true,"href":"https:\/\/now-news.de\/de\/wp-json\/wp\/v2\/comments?post=10991"}],"version-history":[{"count":0,"href":"https:\/\/now-news.de\/de\/wp-json\/wp\/v2\/posts\/10991\/revisions"}],"wp:featuredmedia":[{"embeddable":true,"href":"https:\/\/now-news.de\/de\/wp-json\/wp\/v2\/media\/10992"}],"wp:attachment":[{"href":"https:\/\/now-news.de\/de\/wp-json\/wp\/v2\/media?parent=10991"}],"wp:term":[{"taxonomy":"category","embeddable":true,"href":"https:\/\/now-news.de\/de\/wp-json\/wp\/v2\/categories?post=10991"},{"taxonomy":"post_tag","embeddable":true,"href":"https:\/\/now-news.de\/de\/wp-json\/wp\/v2\/tags?post=10991"}],"curies":[{"name":"wp","href":"https:\/\/api.w.org\/{rel}","templated":true}]}}