{"id":109903,"date":"2026-09-04T06:00:00","date_gmt":"2026-09-04T04:00:00","guid":{"rendered":"https:\/\/now-news.de\/de\/deutschland\/kallas-unterstuetzt-moratorium-fuer-angriffe-im-schwarzen-meer\/"},"modified":"2026-09-04T06:00:00","modified_gmt":"2026-09-04T04:00:00","slug":"kallas-unterstuetzt-moratorium-fuer-angriffe-im-schwarzen-meer","status":"publish","type":"post","link":"https:\/\/now-news.de\/de\/deutschland\/kallas-unterstuetzt-moratorium-fuer-angriffe-im-schwarzen-meer\/","title":{"rendered":"Kallas unterst\u00fctzt Moratorium f\u00fcr Angriffe im Schwarzen Meer"},"content":{"rendered":"<p><img decoding=\"async\" src=\"https:\/\/now-news.de\/de\/wp-content\/uploads\/sites\/3\/2026\/09\/6a995b60b480cc5f8932b23f.jpg\" \/><\/p>\n<div class=\"Text-root Text-type_1 \">\n                EU-Au\u00dfenbeauftragte Kaja Kallas hat erkl\u00e4rt, dass sie ein Moratorium f\u00fcr milit\u00e4rische Angriffe im Schwarzen Meer unterst\u00fctze. Diese Initiative soll helfen, den Export von ukrainischem Getreide \u00fcber das Meer zu sch\u00fctzen. Kallas warf Russland Angriffe auf Getreideschiffe vor.\n            <\/div>\n<p><\/p>\n<div class=\"Text-root Text-type_5 ArticleView-text ViewText-root \">\n<p>Die EU-Chefdiplomatin Kaja Kallas bef\u00fcrworte die Initiativen zur Einf\u00fchrung eines Moratoriums f\u00fcr Angriffe im Schwarzen Meer. Dies\u00a0<a rel=\"nofollow\" target=\"_blank\" href=\"https:\/\/www.eeas.europa.eu\/eeas\/informal-meeting-foreign-affairs-ministers-gymnich-press-conference-high-representative-kaja-kallas-0_en\" target=\"_blank\" rel=\"noopener noreferrer\">erkl\u00e4rte<\/a>\u00a0sie am Mittwoch auf einer Pressekonferenz im irischen Wicklow nach einem informellen Treffen der EU\u2011Au\u00dfenminister. Ihr zufolge k\u00f6nnten &#8220;russische Attacken&#8221; auf Getreideschiffe im Schwarzen Meer einen weiteren weltweiten Schock f\u00fcr die Ern\u00e4hrungssicherheit ausl\u00f6sen. &#8220;Ich unterst\u00fctze die Initiativen f\u00fcr ein Moratorium der Angriffe im Schwarzen Meer&#8221;, sagte sie. Kallas betonte, dass die EU die ukrainischen Getreideexporte \u00fcber alternative Transitrouten f\u00f6rdere und eine M\u00f6glichkeit pr\u00fcfe, Hilfe bei der Getreidelagerung in der Ukraine zu leisten. Diese Ma\u00dfnahmen sollen die globale Ern\u00e4hrungssicherheit gew\u00e4hrleisten. &#8220;Doch die Mengen, die auf dem Seeweg transportiert werden k\u00f6nnen, sind unersetzlich&#8221;, f\u00fcgte sie hinzu.<\/p>\n<p>Am 13. August\u00a0<a rel=\"nofollow\" target=\"_blank\" href=\"https:\/\/www.reuters.com\/world\/europe\/ukraine-offers-russia-truce-black-sea-food-supply-fears-mount-source-says-2026-08-13\/\" target=\"_blank\" rel=\"noopener noreferrer\">teilte<\/a>\u00a0<em>Reuters<\/em>\u00a0unter Berufung auf eine mit der Angelegenheit vertraute Quelle mit, dass Kiew den russischen Beh\u00f6rden ein Angebot unterbreitet habe, die Angriffe auf zivile Ziele im Schwarzen Meer einzustellen. Diese Initiative sei von der ukrainischen F\u00fchrung \u00fcber einen Dritten \u00fcbermittelt worden, hie\u00df es.\u00a0<\/p>\n<p>Am selben Tag\u00a0<a rel=\"nofollow\" target=\"_blank\" href=\"https:\/\/tass.ru\/politika\/28009505\" target=\"_blank\" rel=\"noopener noreferrer\">erkl\u00e4rte<\/a>\u00a0der stellvertretende russische Au\u00dfenminister Alexander Gruschko, dass Moskau keine\u00a0 &#8220;formalisierten Vorschl\u00e4ge&#8221; bez\u00fcglich eines m\u00f6glichen Moratoriums f\u00fcr Angriffe im Schwarzen Meer erhalten habe. Er betonte, dass Kiew &#8220;jede Art von Waffenstillstand&#8221; dazu nutzen werde, um die ukrainischen Truppen umzugruppieren und zu st\u00e4rken. Dar\u00fcber hinaus w\u00fcrden vor\u00fcbergehende Ma\u00dfnahmen die Ursachen des Konflikts nicht beseitigen.\u00a0<\/p>\n<p>Das russische Au\u00dfenministerium hatte zuvor die internationale Gemeinschaft aufgefordert, Druck auf Kiew auszu\u00fcben, um die Angriffe auf Trockenfrachtschiffe im Schwarzen und Asowschen Meer zu beenden. Maria Sacharowa, die Sprecherin der Beh\u00f6rde,\u00a0<a rel=\"nofollow\" target=\"_blank\" href=\"https:\/\/mid.ru\/ru\/foreign_policy\/news\/2132708\/#sel=12:3:oUc,12:39:jia\" target=\"_blank\" rel=\"noopener noreferrer\">wies<\/a>\u00a0darauf hin, dass solche Attacken &#8220;die Getreide- und D\u00fcngemittelknappheit versch\u00e4rfen und die globalen Lebensmittelpreise in die H\u00f6he treiben&#8221;. Sacharowa f\u00fcgte hinzu, dass im Juli mindestens 100 ukrainische Drohnenangriffe auf Handelsschiffe im Asowschen und Schwarzen Meer registriert worden seien, die russische Agrarprodukte auf die Weltm\u00e4rkte lieferten.<\/p>\n<p><strong>Mehr zum Thema<\/strong> \u2013 <a rel=\"nofollow\" target=\"_blank\" href=\"https:\/\/de-rtnews.com\/europa\/288913-eu-aussenbeauftragte-kallas-kuendigt-ausweitung-der-sanktionen-gegen-russland-an\/\">EU-Au\u00dfenbeauftragte Kallas k\u00fcndigt Ausweitung der Sanktionen gegen Russland an<\/a><\/p>\n<div class=\"EmbedBlock-root EmbedBlock-externalVideo EmbedBlock-rumble\">\n<div class=\"VkEmbed\"><iframe class=\"lazyload\" data-src=\"https:\/\/rumble.com\/embed\/v7crg38\" frameborder=\"0\" width=\"853\" height=\"480\" allowfullscreen><\/iframe><\/div>\n<\/div>\n<\/div>\n<p><br \/>\n<br \/><a href=\"https:\/\/de.rt.com\/europa\/290562-kallas-unterstuetzt-moratorium-fuer-angriffe\/\">Source link <\/a><\/p>\n","protected":false},"excerpt":{"rendered":"<p>EU-Au\u00dfenbeauftragte Kaja Kallas hat erkl\u00e4rt, dass sie ein Moratorium f\u00fcr milit\u00e4rische Angriffe im Schwarzen Meer unterst\u00fctze. Diese Initiative soll helfen, den Export von ukrainischem Getreide \u00fcber das Meer zu sch\u00fctzen. Kallas warf Russland Angriffe auf Getreideschiffe vor. Die EU-Chefdiplomatin Kaja Kallas bef\u00fcrworte die Initiativen zur Einf\u00fchrung eines Moratoriums f\u00fcr Angriffe im Schwarzen Meer. Dies\u00a0erkl\u00e4rte\u00a0sie am [&hellip;]<\/p>\n","protected":false},"author":3,"featured_media":109904,"comment_status":"open","ping_status":"open","sticky":false,"template":"","format":"standard","meta":{"wp_automatic_camp":["217"],"4fb8f05e6c4c4c5b41f8331c4190b751":["Kallas unterst\u00fctzt Moratorium f\u00fcr Angriffe im Schwarzen Meer"],"original_link":["https:\/\/de.rt.com\/europa\/290562-kallas-unterstuetzt-moratorium-fuer-angriffe\/"],"_thumbnail_id":["109904"],"_wptgpro_p2tg_sent2tg":["a:1:{i:23737;s:19:\"2026-09-04 06:09:35\";}"],"jnews_social_counter_last_update":["1788502176"]},"categories":[19,23],"tags":[4404,221,28060,1363,28125,13171,5073],"class_list":["post-109903","post","type-post","status-publish","format-standard","has-post-thumbnail","hentry","category-deutschland","category-russland","tag-angriffe","tag-fuer","tag-kallas","tag-meer","tag-moratorium","tag-schwarzen","tag-unterstuetzt"],"yoast_head":"<!-- This site is optimized with the Yoast SEO Premium plugin v22.7 (Yoast SEO v28.2) - https:\/\/yoast.com\/product\/yoast-seo-premium-wordpress\/ -->\n<title>Kallas unterst\u00fctzt Moratorium f\u00fcr Angriffe im Schwarzen Meer - just-now.NEWS Deutschland<\/title>\n<meta name=\"robots\" content=\"index, follow, max-snippet:-1, max-image-preview:large, max-video-preview:-1\" \/>\n<link rel=\"canonical\" href=\"https:\/\/now-news.de\/de\/deutschland\/kallas-unterstuetzt-moratorium-fuer-angriffe-im-schwarzen-meer\/\" \/>\n<meta property=\"og:locale\" content=\"de_DE\" \/>\n<meta property=\"og:type\" content=\"article\" \/>\n<meta property=\"og:title\" content=\"Kallas unterst\u00fctzt Moratorium f\u00fcr Angriffe im Schwarzen Meer\" \/>\n<meta property=\"og:description\" content=\"EU-Au\u00dfenbeauftragte Kaja Kallas hat erkl\u00e4rt, dass sie ein Moratorium f\u00fcr milit\u00e4rische Angriffe im Schwarzen Meer unterst\u00fctze. Diese Initiative soll helfen, den Export von ukrainischem Getreide \u00fcber das Meer zu sch\u00fctzen. Kallas warf Russland Angriffe auf Getreideschiffe vor. Die EU-Chefdiplomatin Kaja Kallas bef\u00fcrworte die Initiativen zur Einf\u00fchrung eines Moratoriums f\u00fcr Angriffe im Schwarzen Meer. Dies\u00a0erkl\u00e4rte\u00a0sie am [&hellip;]\" \/>\n<meta property=\"og:url\" content=\"https:\/\/now-news.de\/de\/deutschland\/kallas-unterstuetzt-moratorium-fuer-angriffe-im-schwarzen-meer\/\" \/>\n<meta property=\"og:site_name\" content=\"just-now.NEWS Deutschland\" \/>\n<meta property=\"article:publisher\" content=\"https:\/\/www.facebook.com\/wirmachenauf\" \/>\n<meta property=\"article:published_time\" content=\"2026-09-04T04:00:00+00:00\" \/>\n<meta property=\"og:image\" content=\"https:\/\/now-news.de\/de\/wp-content\/uploads\/sites\/3\/2026\/09\/6a995b60b480cc5f8932b23f.jpg\" \/>\n<meta name=\"author\" content=\"rtnews\" \/>\n<meta name=\"twitter:card\" content=\"summary_large_image\" \/>\n<meta name=\"twitter:creator\" content=\"@WirMachenAuf_de\" \/>\n<meta name=\"twitter:site\" content=\"@WirMachenAuf_de\" \/>\n<meta name=\"twitter:label1\" content=\"Verfasst von\" \/>\n\t<meta name=\"twitter:data1\" content=\"rtnews\" \/>\n\t<meta name=\"twitter:label2\" content=\"Gesch\u00e4tzte Lesezeit\" \/>\n\t<meta name=\"twitter:data2\" content=\"2\u00a0Minuten\" \/>\n<script type=\"application\/ld+json\" class=\"yoast-schema-graph\">{\"@context\":\"https:\\\/\\\/schema.org\",\"@graph\":[{\"@type\":\"Article\",\"@id\":\"https:\\\/\\\/now-news.de\\\/de\\\/deutschland\\\/kallas-unterstuetzt-moratorium-fuer-angriffe-im-schwarzen-meer\\\/#article\",\"isPartOf\":{\"@id\":\"https:\\\/\\\/now-news.de\\\/de\\\/deutschland\\\/kallas-unterstuetzt-moratorium-fuer-angriffe-im-schwarzen-meer\\\/\"},\"author\":{\"name\":\"rtnews\",\"@id\":\"https:\\\/\\\/now-news.de\\\/de\\\/#\\\/schema\\\/person\\\/fb534a4e865501d8b3285208df34a9b5\"},\"headline\":\"Kallas unterst\u00fctzt Moratorium f\u00fcr Angriffe im Schwarzen Meer\",\"datePublished\":\"2026-09-04T04:00:00+00:00\",\"mainEntityOfPage\":{\"@id\":\"https:\\\/\\\/now-news.de\\\/de\\\/deutschland\\\/kallas-unterstuetzt-moratorium-fuer-angriffe-im-schwarzen-meer\\\/\"},\"wordCount\":401,\"commentCount\":0,\"publisher\":{\"@id\":\"https:\\\/\\\/now-news.de\\\/de\\\/#organization\"},\"image\":{\"@id\":\"https:\\\/\\\/now-news.de\\\/de\\\/deutschland\\\/kallas-unterstuetzt-moratorium-fuer-angriffe-im-schwarzen-meer\\\/#primaryimage\"},\"thumbnailUrl\":\"https:\\\/\\\/now-news.de\\\/de\\\/wp-content\\\/uploads\\\/sites\\\/3\\\/2026\\\/09\\\/Kallas-unterstuetzt-Moratorium-fuer-Angriffe-im-Schwarzen-Meer.jpg\",\"keywords\":[\"Angriffe\",\"f\u00fcr\",\"Kallas\",\"Meer\",\"Moratorium\",\"Schwarzen\",\"unterst\u00fctzt\"],\"articleSection\":[\"Deutschland\",\"Russland\"],\"inLanguage\":\"de\",\"potentialAction\":[{\"@type\":\"CommentAction\",\"name\":\"Comment\",\"target\":[\"https:\\\/\\\/now-news.de\\\/de\\\/deutschland\\\/kallas-unterstuetzt-moratorium-fuer-angriffe-im-schwarzen-meer\\\/#respond\"]}]},{\"@type\":\"WebPage\",\"@id\":\"https:\\\/\\\/now-news.de\\\/de\\\/deutschland\\\/kallas-unterstuetzt-moratorium-fuer-angriffe-im-schwarzen-meer\\\/\",\"url\":\"https:\\\/\\\/now-news.de\\\/de\\\/deutschland\\\/kallas-unterstuetzt-moratorium-fuer-angriffe-im-schwarzen-meer\\\/\",\"name\":\"Kallas unterst\u00fctzt Moratorium f\u00fcr Angriffe im Schwarzen Meer - just-now.NEWS Deutschland\",\"isPartOf\":{\"@id\":\"https:\\\/\\\/now-news.de\\\/de\\\/#website\"},\"primaryImageOfPage\":{\"@id\":\"https:\\\/\\\/now-news.de\\\/de\\\/deutschland\\\/kallas-unterstuetzt-moratorium-fuer-angriffe-im-schwarzen-meer\\\/#primaryimage\"},\"image\":{\"@id\":\"https:\\\/\\\/now-news.de\\\/de\\\/deutschland\\\/kallas-unterstuetzt-moratorium-fuer-angriffe-im-schwarzen-meer\\\/#primaryimage\"},\"thumbnailUrl\":\"https:\\\/\\\/now-news.de\\\/de\\\/wp-content\\\/uploads\\\/sites\\\/3\\\/2026\\\/09\\\/Kallas-unterstuetzt-Moratorium-fuer-Angriffe-im-Schwarzen-Meer.jpg\",\"datePublished\":\"2026-09-04T04:00:00+00:00\",\"breadcrumb\":{\"@id\":\"https:\\\/\\\/now-news.de\\\/de\\\/deutschland\\\/kallas-unterstuetzt-moratorium-fuer-angriffe-im-schwarzen-meer\\\/#breadcrumb\"},\"inLanguage\":\"de\",\"potentialAction\":[{\"@type\":\"ReadAction\",\"target\":[\"https:\\\/\\\/now-news.de\\\/de\\\/deutschland\\\/kallas-unterstuetzt-moratorium-fuer-angriffe-im-schwarzen-meer\\\/\"]}]},{\"@type\":\"ImageObject\",\"inLanguage\":\"de\",\"@id\":\"https:\\\/\\\/now-news.de\\\/de\\\/deutschland\\\/kallas-unterstuetzt-moratorium-fuer-angriffe-im-schwarzen-meer\\\/#primaryimage\",\"url\":\"https:\\\/\\\/now-news.de\\\/de\\\/wp-content\\\/uploads\\\/sites\\\/3\\\/2026\\\/09\\\/Kallas-unterstuetzt-Moratorium-fuer-Angriffe-im-Schwarzen-Meer.jpg\",\"contentUrl\":\"https:\\\/\\\/now-news.de\\\/de\\\/wp-content\\\/uploads\\\/sites\\\/3\\\/2026\\\/09\\\/Kallas-unterstuetzt-Moratorium-fuer-Angriffe-im-Schwarzen-Meer.jpg\",\"width\":460,\"height\":259,\"caption\":\"Kallas unterst\u00fctzt Moratorium f\u00fcr Angriffe im Schwarzen Meer\"},{\"@type\":\"BreadcrumbList\",\"@id\":\"https:\\\/\\\/now-news.de\\\/de\\\/deutschland\\\/kallas-unterstuetzt-moratorium-fuer-angriffe-im-schwarzen-meer\\\/#breadcrumb\",\"itemListElement\":[{\"@type\":\"ListItem\",\"position\":1,\"name\":\"Home\",\"item\":\"https:\\\/\\\/now-news.de\\\/de\\\/\"},{\"@type\":\"ListItem\",\"position\":2,\"name\":\"Kallas unterst\u00fctzt Moratorium f\u00fcr Angriffe im Schwarzen Meer\"}]},{\"@type\":\"WebSite\",\"@id\":\"https:\\\/\\\/now-news.de\\\/de\\\/#website\",\"url\":\"https:\\\/\\\/now-news.de\\\/de\\\/\",\"name\":\"just-now.NEWS Deutschland\",\"description\":\"Das Portal f\u00fcr unzensierte Nachrichten aus der Welt\",\"publisher\":{\"@id\":\"https:\\\/\\\/now-news.de\\\/de\\\/#organization\"},\"potentialAction\":[{\"@type\":\"SearchAction\",\"target\":{\"@type\":\"EntryPoint\",\"urlTemplate\":\"https:\\\/\\\/now-news.de\\\/de\\\/?s={search_term_string}\"},\"query-input\":{\"@type\":\"PropertyValueSpecification\",\"valueRequired\":true,\"valueName\":\"search_term_string\"}}],\"inLanguage\":\"de\"},{\"@type\":\"Organization\",\"@id\":\"https:\\\/\\\/now-news.de\\\/de\\\/#organization\",\"name\":\"Just Now News\",\"url\":\"https:\\\/\\\/now-news.de\\\/de\\\/\",\"logo\":{\"@type\":\"ImageObject\",\"inLanguage\":\"de\",\"@id\":\"https:\\\/\\\/now-news.de\\\/de\\\/#\\\/schema\\\/logo\\\/image\\\/\",\"url\":\"http:\\\/\\\/just-now.news\\\/de\\\/wp-content\\\/uploads\\\/sites\\\/3\\\/2022\\\/04\\\/logo500x500.jpg\",\"contentUrl\":\"http:\\\/\\\/just-now.news\\\/de\\\/wp-content\\\/uploads\\\/sites\\\/3\\\/2022\\\/04\\\/logo500x500.jpg\",\"width\":500,\"height\":500,\"caption\":\"Just Now News\"},\"image\":{\"@id\":\"https:\\\/\\\/now-news.de\\\/de\\\/#\\\/schema\\\/logo\\\/image\\\/\"},\"sameAs\":[\"https:\\\/\\\/www.facebook.com\\\/wirmachenauf\",\"https:\\\/\\\/x.com\\\/WirMachenAuf_de\"]},{\"@type\":\"Person\",\"@id\":\"https:\\\/\\\/now-news.de\\\/de\\\/#\\\/schema\\\/person\\\/fb534a4e865501d8b3285208df34a9b5\",\"name\":\"rtnews\",\"image\":{\"@type\":\"ImageObject\",\"inLanguage\":\"de\",\"@id\":\"https:\\\/\\\/secure.gravatar.com\\\/avatar\\\/358fe31b3ab5769fea05376e1953329834cd9912cf9daf607e2af3076a1b982b?s=96&d=mm&r=g\",\"url\":\"https:\\\/\\\/secure.gravatar.com\\\/avatar\\\/358fe31b3ab5769fea05376e1953329834cd9912cf9daf607e2af3076a1b982b?s=96&d=mm&r=g\",\"contentUrl\":\"https:\\\/\\\/secure.gravatar.com\\\/avatar\\\/358fe31b3ab5769fea05376e1953329834cd9912cf9daf607e2af3076a1b982b?s=96&d=mm&r=g\",\"caption\":\"rtnews\"},\"url\":\"https:\\\/\\\/now-news.de\\\/de\\\/author\\\/rnews\\\/\"}]}<\/script>\n<!-- \/ Yoast SEO Premium plugin. -->","yoast_head_json":{"title":"Kallas unterst\u00fctzt Moratorium f\u00fcr Angriffe im Schwarzen Meer - just-now.NEWS Deutschland","robots":{"index":"index","follow":"follow","max-snippet":"max-snippet:-1","max-image-preview":"max-image-preview:large","max-video-preview":"max-video-preview:-1"},"canonical":"https:\/\/now-news.de\/de\/deutschland\/kallas-unterstuetzt-moratorium-fuer-angriffe-im-schwarzen-meer\/","og_locale":"de_DE","og_type":"article","og_title":"Kallas unterst\u00fctzt Moratorium f\u00fcr Angriffe im Schwarzen Meer","og_description":"EU-Au\u00dfenbeauftragte Kaja Kallas hat erkl\u00e4rt, dass sie ein Moratorium f\u00fcr milit\u00e4rische Angriffe im Schwarzen Meer unterst\u00fctze. Diese Initiative soll helfen, den Export von ukrainischem Getreide \u00fcber das Meer zu sch\u00fctzen. Kallas warf Russland Angriffe auf Getreideschiffe vor. Die EU-Chefdiplomatin Kaja Kallas bef\u00fcrworte die Initiativen zur Einf\u00fchrung eines Moratoriums f\u00fcr Angriffe im Schwarzen Meer. Dies\u00a0erkl\u00e4rte\u00a0sie am [&hellip;]","og_url":"https:\/\/now-news.de\/de\/deutschland\/kallas-unterstuetzt-moratorium-fuer-angriffe-im-schwarzen-meer\/","og_site_name":"just-now.NEWS Deutschland","article_publisher":"https:\/\/www.facebook.com\/wirmachenauf","article_published_time":"2026-09-04T04:00:00+00:00","og_image":[{"url":"https:\/\/now-news.de\/de\/wp-content\/uploads\/sites\/3\/2026\/09\/6a995b60b480cc5f8932b23f.jpg","type":"","width":"","height":""}],"author":"rtnews","twitter_card":"summary_large_image","twitter_creator":"@WirMachenAuf_de","twitter_site":"@WirMachenAuf_de","twitter_misc":{"Verfasst von":"rtnews","Gesch\u00e4tzte Lesezeit":"2\u00a0Minuten"},"schema":{"@context":"https:\/\/schema.org","@graph":[{"@type":"Article","@id":"https:\/\/now-news.de\/de\/deutschland\/kallas-unterstuetzt-moratorium-fuer-angriffe-im-schwarzen-meer\/#article","isPartOf":{"@id":"https:\/\/now-news.de\/de\/deutschland\/kallas-unterstuetzt-moratorium-fuer-angriffe-im-schwarzen-meer\/"},"author":{"name":"rtnews","@id":"https:\/\/now-news.de\/de\/#\/schema\/person\/fb534a4e865501d8b3285208df34a9b5"},"headline":"Kallas unterst\u00fctzt Moratorium f\u00fcr Angriffe im Schwarzen Meer","datePublished":"2026-09-04T04:00:00+00:00","mainEntityOfPage":{"@id":"https:\/\/now-news.de\/de\/deutschland\/kallas-unterstuetzt-moratorium-fuer-angriffe-im-schwarzen-meer\/"},"wordCount":401,"commentCount":0,"publisher":{"@id":"https:\/\/now-news.de\/de\/#organization"},"image":{"@id":"https:\/\/now-news.de\/de\/deutschland\/kallas-unterstuetzt-moratorium-fuer-angriffe-im-schwarzen-meer\/#primaryimage"},"thumbnailUrl":"https:\/\/now-news.de\/de\/wp-content\/uploads\/sites\/3\/2026\/09\/Kallas-unterstuetzt-Moratorium-fuer-Angriffe-im-Schwarzen-Meer.jpg","keywords":["Angriffe","f\u00fcr","Kallas","Meer","Moratorium","Schwarzen","unterst\u00fctzt"],"articleSection":["Deutschland","Russland"],"inLanguage":"de","potentialAction":[{"@type":"CommentAction","name":"Comment","target":["https:\/\/now-news.de\/de\/deutschland\/kallas-unterstuetzt-moratorium-fuer-angriffe-im-schwarzen-meer\/#respond"]}]},{"@type":"WebPage","@id":"https:\/\/now-news.de\/de\/deutschland\/kallas-unterstuetzt-moratorium-fuer-angriffe-im-schwarzen-meer\/","url":"https:\/\/now-news.de\/de\/deutschland\/kallas-unterstuetzt-moratorium-fuer-angriffe-im-schwarzen-meer\/","name":"Kallas unterst\u00fctzt Moratorium f\u00fcr Angriffe im Schwarzen Meer - just-now.NEWS Deutschland","isPartOf":{"@id":"https:\/\/now-news.de\/de\/#website"},"primaryImageOfPage":{"@id":"https:\/\/now-news.de\/de\/deutschland\/kallas-unterstuetzt-moratorium-fuer-angriffe-im-schwarzen-meer\/#primaryimage"},"image":{"@id":"https:\/\/now-news.de\/de\/deutschland\/kallas-unterstuetzt-moratorium-fuer-angriffe-im-schwarzen-meer\/#primaryimage"},"thumbnailUrl":"https:\/\/now-news.de\/de\/wp-content\/uploads\/sites\/3\/2026\/09\/Kallas-unterstuetzt-Moratorium-fuer-Angriffe-im-Schwarzen-Meer.jpg","datePublished":"2026-09-04T04:00:00+00:00","breadcrumb":{"@id":"https:\/\/now-news.de\/de\/deutschland\/kallas-unterstuetzt-moratorium-fuer-angriffe-im-schwarzen-meer\/#breadcrumb"},"inLanguage":"de","potentialAction":[{"@type":"ReadAction","target":["https:\/\/now-news.de\/de\/deutschland\/kallas-unterstuetzt-moratorium-fuer-angriffe-im-schwarzen-meer\/"]}]},{"@type":"ImageObject","inLanguage":"de","@id":"https:\/\/now-news.de\/de\/deutschland\/kallas-unterstuetzt-moratorium-fuer-angriffe-im-schwarzen-meer\/#primaryimage","url":"https:\/\/now-news.de\/de\/wp-content\/uploads\/sites\/3\/2026\/09\/Kallas-unterstuetzt-Moratorium-fuer-Angriffe-im-Schwarzen-Meer.jpg","contentUrl":"https:\/\/now-news.de\/de\/wp-content\/uploads\/sites\/3\/2026\/09\/Kallas-unterstuetzt-Moratorium-fuer-Angriffe-im-Schwarzen-Meer.jpg","width":460,"height":259,"caption":"Kallas unterst\u00fctzt Moratorium f\u00fcr Angriffe im Schwarzen Meer"},{"@type":"BreadcrumbList","@id":"https:\/\/now-news.de\/de\/deutschland\/kallas-unterstuetzt-moratorium-fuer-angriffe-im-schwarzen-meer\/#breadcrumb","itemListElement":[{"@type":"ListItem","position":1,"name":"Home","item":"https:\/\/now-news.de\/de\/"},{"@type":"ListItem","position":2,"name":"Kallas unterst\u00fctzt Moratorium f\u00fcr Angriffe im Schwarzen Meer"}]},{"@type":"WebSite","@id":"https:\/\/now-news.de\/de\/#website","url":"https:\/\/now-news.de\/de\/","name":"just-now.NEWS Deutschland","description":"Das Portal f\u00fcr unzensierte Nachrichten aus der Welt","publisher":{"@id":"https:\/\/now-news.de\/de\/#organization"},"potentialAction":[{"@type":"SearchAction","target":{"@type":"EntryPoint","urlTemplate":"https:\/\/now-news.de\/de\/?s={search_term_string}"},"query-input":{"@type":"PropertyValueSpecification","valueRequired":true,"valueName":"search_term_string"}}],"inLanguage":"de"},{"@type":"Organization","@id":"https:\/\/now-news.de\/de\/#organization","name":"Just Now News","url":"https:\/\/now-news.de\/de\/","logo":{"@type":"ImageObject","inLanguage":"de","@id":"https:\/\/now-news.de\/de\/#\/schema\/logo\/image\/","url":"http:\/\/just-now.news\/de\/wp-content\/uploads\/sites\/3\/2022\/04\/logo500x500.jpg","contentUrl":"http:\/\/just-now.news\/de\/wp-content\/uploads\/sites\/3\/2022\/04\/logo500x500.jpg","width":500,"height":500,"caption":"Just Now News"},"image":{"@id":"https:\/\/now-news.de\/de\/#\/schema\/logo\/image\/"},"sameAs":["https:\/\/www.facebook.com\/wirmachenauf","https:\/\/x.com\/WirMachenAuf_de"]},{"@type":"Person","@id":"https:\/\/now-news.de\/de\/#\/schema\/person\/fb534a4e865501d8b3285208df34a9b5","name":"rtnews","image":{"@type":"ImageObject","inLanguage":"de","@id":"https:\/\/secure.gravatar.com\/avatar\/358fe31b3ab5769fea05376e1953329834cd9912cf9daf607e2af3076a1b982b?s=96&d=mm&r=g","url":"https:\/\/secure.gravatar.com\/avatar\/358fe31b3ab5769fea05376e1953329834cd9912cf9daf607e2af3076a1b982b?s=96&d=mm&r=g","contentUrl":"https:\/\/secure.gravatar.com\/avatar\/358fe31b3ab5769fea05376e1953329834cd9912cf9daf607e2af3076a1b982b?s=96&d=mm&r=g","caption":"rtnews"},"url":"https:\/\/now-news.de\/de\/author\/rnews\/"}]}},"_links":{"self":[{"href":"https:\/\/now-news.de\/de\/wp-json\/wp\/v2\/posts\/109903","targetHints":{"allow":["GET"]}}],"collection":[{"href":"https:\/\/now-news.de\/de\/wp-json\/wp\/v2\/posts"}],"about":[{"href":"https:\/\/now-news.de\/de\/wp-json\/wp\/v2\/types\/post"}],"author":[{"embeddable":true,"href":"https:\/\/now-news.de\/de\/wp-json\/wp\/v2\/users\/3"}],"replies":[{"embeddable":true,"href":"https:\/\/now-news.de\/de\/wp-json\/wp\/v2\/comments?post=109903"}],"version-history":[{"count":0,"href":"https:\/\/now-news.de\/de\/wp-json\/wp\/v2\/posts\/109903\/revisions"}],"wp:featuredmedia":[{"embeddable":true,"href":"https:\/\/now-news.de\/de\/wp-json\/wp\/v2\/media\/109904"}],"wp:attachment":[{"href":"https:\/\/now-news.de\/de\/wp-json\/wp\/v2\/media?parent=109903"}],"wp:term":[{"taxonomy":"category","embeddable":true,"href":"https:\/\/now-news.de\/de\/wp-json\/wp\/v2\/categories?post=109903"},{"taxonomy":"post_tag","embeddable":true,"href":"https:\/\/now-news.de\/de\/wp-json\/wp\/v2\/tags?post=109903"}],"curies":[{"name":"wp","href":"https:\/\/api.w.org\/{rel}","templated":true}]}}