{"id":109890,"date":"2026-09-03T20:23:41","date_gmt":"2026-09-03T18:23:41","guid":{"rendered":"https:\/\/now-news.de\/de\/deutschland\/jens-spahn-der-unkaputtbare-und-schon-sitzt-er-im-haushaltsausschuss\/"},"modified":"2026-09-03T20:23:41","modified_gmt":"2026-09-03T18:23:41","slug":"jens-spahn-der-unkaputtbare-und-schon-sitzt-er-im-haushaltsausschuss","status":"publish","type":"post","link":"https:\/\/now-news.de\/de\/deutschland\/jens-spahn-der-unkaputtbare-und-schon-sitzt-er-im-haushaltsausschuss\/","title":{"rendered":"Jens Spahn, der Unkaputtbare: Und schon sitzt er im Haushaltsausschuss"},"content":{"rendered":"<p><img decoding=\"async\" src=\"https:\/\/now-news.de\/de\/wp-content\/uploads\/sites\/3\/2026\/09\/6a99a174b480cc5b3c2b54cb.jpg\" \/><\/p>\n<div class=\"Text-root Text-type_1 \">\n                Es gab Zeiten, da war der einzige Politiker, der in der Bundesrepublik eine derartige Ansammlung von Skandalen \u00fcberstand, Franz Josef Strau\u00df. Der blasse Jens Spahn scheint aber \u00e4hnlich resistent zu sein \u2013 kaum wegen seines gekauften Kindes zur\u00fcckgetreten, schon hat er neue Macht.\n            <\/div>\n<p><\/p>\n<div class=\"Text-root Text-type_5 ArticleView-text ViewText-root \">\n<p>Gerade erst musste er als Fraktionsvorsitzender der CDU zur\u00fccktreten, weil er zwar \u00f6ffentlich ein Verbot der Leihmutterschaft gefordert, sich privat aber in den USA ein Kind gekauft hatte, was dann das Postenkarussell rund um Friedrich Merz ins Chaos st\u00fcrzte \u2013 da ist Jens Spahn schon wieder auf einem wichtigen Posten. Er wird f\u00fcr die CDU im Haushaltsauschuss sitzen und dort f\u00fcr den Etat des Ausw\u00e4rtigen Amtes verantwortlich sein. Das best\u00e4tigte eine Sprecherin der Fraktion.<\/p>\n<p>Ausgerechnet Spahn im Haushaltsausschuss wiederzusehen, irritiert nicht nur Politiker der Gr\u00fcnen. Deren haushaltspolitische Sprecherin Paula Piechotta meinte trocken: &#8220;Er hat in der Vergangenheit gezeigt, dass er kein ausreichendes Verantwortungsgef\u00fchl im Umgang mit Steuergeldern hat.&#8221;<\/p>\n<p>Damit bezieht sie sich auf den Maskenskandal, in dem Spahn als Gesundheitsminister durch freih\u00e4ndige Maskenk\u00e4ufe Kosten ausl\u00f6ste, die am Ende mehrere Milliarden Euro vergeudet haben k\u00f6nnten \u2013 noch immer laufen Prozesse um die damaligen Lieferungen, die letzten Endes keinerlei Nutzen brachten. Bezogen auf andere ist Spahn jedoch gerne sparsam; so votierte er f\u00fcr Einsparungen beim Elterngeld und erkl\u00e4rte \u00f6ffentlich, f\u00fcr eine BAf\u00f6G-Erh\u00f6hung sei kein Geld da.<\/p>\n<p>Der <em>Stern<\/em> h\u00f6hnte auf die Meldung hin bereits, Spahn kehre als kleiner K\u00f6nig zur\u00fcck, da der Haushaltsausschuss der m\u00e4chtigste Ausschuss des Bundestages ist. Und das Satireportal <em>Postillon<\/em> verunsicherte seine Fans mit der Meldung, da sie vielen eine Satire zu sein scheint:<\/p>\n<p>Damit w\u00e4re die Leihmutteraff\u00e4re der dritte gr\u00f6\u00dfere Skandal, den Spahn \u00fcberstanden hat, ohne die Politik auch nur vor\u00fcbergehend verlassen zu m\u00fcssen. Nach seinem R\u00fccktritt als Fraktionsvorsitzender hatten viele erwartet, er werde sich zumindest f\u00fcr die Elternzeit aus dem Bundestag zur\u00fcckziehen.<\/p>\n<p><strong>Mehr zum Thema<\/strong>\u00a0\u2013 <a rel=\"nofollow\" target=\"_blank\" href=\"https:\/\/de-rtnews.com\/inland\/286019-zweifel-zu-gemieteten-mutterbauch-abgelegt\/\">Dank Leihmutter: Jens Spahn wird mit 46 ein Sohn &#8220;geschenkt&#8221; <\/a><\/p>\n<div class=\"EmbedBlock-root EmbedBlock-externalVideo EmbedBlock-rumble\">\n<div class=\"VkEmbed\"><iframe class=\"lazyload\" data-src=\"https:\/\/rumble.com\/embed\/v7aqpze\" frameborder=\"0\" width=\"853\" height=\"480\" allowfullscreen><\/iframe><\/div>\n<\/div>\n<\/div>\n<p><br \/>\n<br \/><a href=\"https:\/\/de.rt.com\/inland\/290605-jens-spahn-der-unkaputtbare-und-schon-sitzt-er-im-haushaltsausschuss\/\">Source link <\/a><\/p>\n","protected":false},"excerpt":{"rendered":"<p>Es gab Zeiten, da war der einzige Politiker, der in der Bundesrepublik eine derartige Ansammlung von Skandalen \u00fcberstand, Franz Josef Strau\u00df. Der blasse Jens Spahn scheint aber \u00e4hnlich resistent zu sein \u2013 kaum wegen seines gekauften Kindes zur\u00fcckgetreten, schon hat er neue Macht. Gerade erst musste er als Fraktionsvorsitzender der CDU zur\u00fccktreten, weil er zwar [&hellip;]<\/p>\n","protected":false},"author":3,"featured_media":109891,"comment_status":"open","ping_status":"open","sticky":false,"template":"","format":"standard","meta":{"wp_automatic_camp":["217"],"bcf1a82c9bcc8cfae412f3982996af53":["Jens Spahn, der Unkaputtbare: Und schon sitzt er im Haushaltsausschuss"],"original_link":["https:\/\/de.rt.com\/inland\/290605-jens-spahn-der-unkaputtbare-und-schon-sitzt-er-im-haushaltsausschuss\/"],"_thumbnail_id":["109891"],"_wptgpro_p2tg_sent2tg":["a:1:{i:23737;s:19:\"2026-09-03 20:31:27\";}"],"jnews_social_counter_last_update":["1788585316"]},"categories":[19,23],"tags":[82,52603,24658,5652,29352,16405,140,76000],"class_list":["post-109890","post","type-post","status-publish","format-standard","has-post-thumbnail","hentry","category-deutschland","category-russland","tag-der","tag-haushaltsausschuss","tag-jens","tag-schon","tag-sitzt","tag-spahn","tag-und","tag-unkaputtbare"],"yoast_head":"<!-- This site is optimized with the Yoast SEO Premium plugin v22.7 (Yoast SEO v28.2) - https:\/\/yoast.com\/product\/yoast-seo-premium-wordpress\/ -->\n<title>Jens Spahn, der Unkaputtbare: Und schon sitzt er im Haushaltsausschuss - just-now.NEWS Deutschland<\/title>\n<meta name=\"robots\" content=\"index, follow, max-snippet:-1, max-image-preview:large, max-video-preview:-1\" \/>\n<link rel=\"canonical\" href=\"https:\/\/now-news.de\/de\/deutschland\/jens-spahn-der-unkaputtbare-und-schon-sitzt-er-im-haushaltsausschuss\/\" \/>\n<meta property=\"og:locale\" content=\"de_DE\" \/>\n<meta property=\"og:type\" content=\"article\" \/>\n<meta property=\"og:title\" content=\"Jens Spahn, der Unkaputtbare: Und schon sitzt er im Haushaltsausschuss\" \/>\n<meta property=\"og:description\" content=\"Es gab Zeiten, da war der einzige Politiker, der in der Bundesrepublik eine derartige Ansammlung von Skandalen \u00fcberstand, Franz Josef Strau\u00df. Der blasse Jens Spahn scheint aber \u00e4hnlich resistent zu sein \u2013 kaum wegen seines gekauften Kindes zur\u00fcckgetreten, schon hat er neue Macht. Gerade erst musste er als Fraktionsvorsitzender der CDU zur\u00fccktreten, weil er zwar [&hellip;]\" \/>\n<meta property=\"og:url\" content=\"https:\/\/now-news.de\/de\/deutschland\/jens-spahn-der-unkaputtbare-und-schon-sitzt-er-im-haushaltsausschuss\/\" \/>\n<meta property=\"og:site_name\" content=\"just-now.NEWS Deutschland\" \/>\n<meta property=\"article:publisher\" content=\"https:\/\/www.facebook.com\/wirmachenauf\" \/>\n<meta property=\"article:published_time\" content=\"2026-09-03T18:23:41+00:00\" \/>\n<meta property=\"og:image\" content=\"https:\/\/now-news.de\/de\/wp-content\/uploads\/sites\/3\/2026\/09\/6a99a174b480cc5b3c2b54cb.jpg\" \/>\n<meta name=\"author\" content=\"rtnews\" \/>\n<meta name=\"twitter:card\" content=\"summary_large_image\" \/>\n<meta name=\"twitter:creator\" content=\"@WirMachenAuf_de\" \/>\n<meta name=\"twitter:site\" content=\"@WirMachenAuf_de\" \/>\n<meta name=\"twitter:label1\" content=\"Verfasst von\" \/>\n\t<meta name=\"twitter:data1\" content=\"rtnews\" \/>\n\t<meta name=\"twitter:label2\" content=\"Gesch\u00e4tzte Lesezeit\" \/>\n\t<meta name=\"twitter:data2\" content=\"2\u00a0Minuten\" \/>\n<script type=\"application\/ld+json\" class=\"yoast-schema-graph\">{\"@context\":\"https:\\\/\\\/schema.org\",\"@graph\":[{\"@type\":\"Article\",\"@id\":\"https:\\\/\\\/now-news.de\\\/de\\\/deutschland\\\/jens-spahn-der-unkaputtbare-und-schon-sitzt-er-im-haushaltsausschuss\\\/#article\",\"isPartOf\":{\"@id\":\"https:\\\/\\\/now-news.de\\\/de\\\/deutschland\\\/jens-spahn-der-unkaputtbare-und-schon-sitzt-er-im-haushaltsausschuss\\\/\"},\"author\":{\"name\":\"rtnews\",\"@id\":\"https:\\\/\\\/now-news.de\\\/de\\\/#\\\/schema\\\/person\\\/fb534a4e865501d8b3285208df34a9b5\"},\"headline\":\"Jens Spahn, der Unkaputtbare: Und schon sitzt er im Haushaltsausschuss\",\"datePublished\":\"2026-09-03T18:23:41+00:00\",\"mainEntityOfPage\":{\"@id\":\"https:\\\/\\\/now-news.de\\\/de\\\/deutschland\\\/jens-spahn-der-unkaputtbare-und-schon-sitzt-er-im-haushaltsausschuss\\\/\"},\"wordCount\":350,\"commentCount\":0,\"publisher\":{\"@id\":\"https:\\\/\\\/now-news.de\\\/de\\\/#organization\"},\"image\":{\"@id\":\"https:\\\/\\\/now-news.de\\\/de\\\/deutschland\\\/jens-spahn-der-unkaputtbare-und-schon-sitzt-er-im-haushaltsausschuss\\\/#primaryimage\"},\"thumbnailUrl\":\"https:\\\/\\\/now-news.de\\\/de\\\/wp-content\\\/uploads\\\/sites\\\/3\\\/2026\\\/09\\\/Jens-Spahn-der-Unkaputtbare-Und-schon-sitzt-er-im-Haushaltsausschuss.jpg\",\"keywords\":[\"der\",\"Haushaltsausschuss\",\"Jens\",\"schon\",\"sitzt\",\"spahn\",\"und\",\"Unkaputtbare\"],\"articleSection\":[\"Deutschland\",\"Russland\"],\"inLanguage\":\"de\",\"potentialAction\":[{\"@type\":\"CommentAction\",\"name\":\"Comment\",\"target\":[\"https:\\\/\\\/now-news.de\\\/de\\\/deutschland\\\/jens-spahn-der-unkaputtbare-und-schon-sitzt-er-im-haushaltsausschuss\\\/#respond\"]}]},{\"@type\":\"WebPage\",\"@id\":\"https:\\\/\\\/now-news.de\\\/de\\\/deutschland\\\/jens-spahn-der-unkaputtbare-und-schon-sitzt-er-im-haushaltsausschuss\\\/\",\"url\":\"https:\\\/\\\/now-news.de\\\/de\\\/deutschland\\\/jens-spahn-der-unkaputtbare-und-schon-sitzt-er-im-haushaltsausschuss\\\/\",\"name\":\"Jens Spahn, der Unkaputtbare: Und schon sitzt er im Haushaltsausschuss - just-now.NEWS Deutschland\",\"isPartOf\":{\"@id\":\"https:\\\/\\\/now-news.de\\\/de\\\/#website\"},\"primaryImageOfPage\":{\"@id\":\"https:\\\/\\\/now-news.de\\\/de\\\/deutschland\\\/jens-spahn-der-unkaputtbare-und-schon-sitzt-er-im-haushaltsausschuss\\\/#primaryimage\"},\"image\":{\"@id\":\"https:\\\/\\\/now-news.de\\\/de\\\/deutschland\\\/jens-spahn-der-unkaputtbare-und-schon-sitzt-er-im-haushaltsausschuss\\\/#primaryimage\"},\"thumbnailUrl\":\"https:\\\/\\\/now-news.de\\\/de\\\/wp-content\\\/uploads\\\/sites\\\/3\\\/2026\\\/09\\\/Jens-Spahn-der-Unkaputtbare-Und-schon-sitzt-er-im-Haushaltsausschuss.jpg\",\"datePublished\":\"2026-09-03T18:23:41+00:00\",\"breadcrumb\":{\"@id\":\"https:\\\/\\\/now-news.de\\\/de\\\/deutschland\\\/jens-spahn-der-unkaputtbare-und-schon-sitzt-er-im-haushaltsausschuss\\\/#breadcrumb\"},\"inLanguage\":\"de\",\"potentialAction\":[{\"@type\":\"ReadAction\",\"target\":[\"https:\\\/\\\/now-news.de\\\/de\\\/deutschland\\\/jens-spahn-der-unkaputtbare-und-schon-sitzt-er-im-haushaltsausschuss\\\/\"]}]},{\"@type\":\"ImageObject\",\"inLanguage\":\"de\",\"@id\":\"https:\\\/\\\/now-news.de\\\/de\\\/deutschland\\\/jens-spahn-der-unkaputtbare-und-schon-sitzt-er-im-haushaltsausschuss\\\/#primaryimage\",\"url\":\"https:\\\/\\\/now-news.de\\\/de\\\/wp-content\\\/uploads\\\/sites\\\/3\\\/2026\\\/09\\\/Jens-Spahn-der-Unkaputtbare-Und-schon-sitzt-er-im-Haushaltsausschuss.jpg\",\"contentUrl\":\"https:\\\/\\\/now-news.de\\\/de\\\/wp-content\\\/uploads\\\/sites\\\/3\\\/2026\\\/09\\\/Jens-Spahn-der-Unkaputtbare-Und-schon-sitzt-er-im-Haushaltsausschuss.jpg\",\"width\":460,\"height\":259,\"caption\":\"Jens Spahn, der Unkaputtbare: Und schon sitzt er im Haushaltsausschuss\"},{\"@type\":\"BreadcrumbList\",\"@id\":\"https:\\\/\\\/now-news.de\\\/de\\\/deutschland\\\/jens-spahn-der-unkaputtbare-und-schon-sitzt-er-im-haushaltsausschuss\\\/#breadcrumb\",\"itemListElement\":[{\"@type\":\"ListItem\",\"position\":1,\"name\":\"Home\",\"item\":\"https:\\\/\\\/now-news.de\\\/de\\\/\"},{\"@type\":\"ListItem\",\"position\":2,\"name\":\"Jens Spahn, der Unkaputtbare: Und schon sitzt er im Haushaltsausschuss\"}]},{\"@type\":\"WebSite\",\"@id\":\"https:\\\/\\\/now-news.de\\\/de\\\/#website\",\"url\":\"https:\\\/\\\/now-news.de\\\/de\\\/\",\"name\":\"just-now.NEWS Deutschland\",\"description\":\"Das Portal f\u00fcr unzensierte Nachrichten aus der Welt\",\"publisher\":{\"@id\":\"https:\\\/\\\/now-news.de\\\/de\\\/#organization\"},\"potentialAction\":[{\"@type\":\"SearchAction\",\"target\":{\"@type\":\"EntryPoint\",\"urlTemplate\":\"https:\\\/\\\/now-news.de\\\/de\\\/?s={search_term_string}\"},\"query-input\":{\"@type\":\"PropertyValueSpecification\",\"valueRequired\":true,\"valueName\":\"search_term_string\"}}],\"inLanguage\":\"de\"},{\"@type\":\"Organization\",\"@id\":\"https:\\\/\\\/now-news.de\\\/de\\\/#organization\",\"name\":\"Just Now News\",\"url\":\"https:\\\/\\\/now-news.de\\\/de\\\/\",\"logo\":{\"@type\":\"ImageObject\",\"inLanguage\":\"de\",\"@id\":\"https:\\\/\\\/now-news.de\\\/de\\\/#\\\/schema\\\/logo\\\/image\\\/\",\"url\":\"http:\\\/\\\/just-now.news\\\/de\\\/wp-content\\\/uploads\\\/sites\\\/3\\\/2022\\\/04\\\/logo500x500.jpg\",\"contentUrl\":\"http:\\\/\\\/just-now.news\\\/de\\\/wp-content\\\/uploads\\\/sites\\\/3\\\/2022\\\/04\\\/logo500x500.jpg\",\"width\":500,\"height\":500,\"caption\":\"Just Now News\"},\"image\":{\"@id\":\"https:\\\/\\\/now-news.de\\\/de\\\/#\\\/schema\\\/logo\\\/image\\\/\"},\"sameAs\":[\"https:\\\/\\\/www.facebook.com\\\/wirmachenauf\",\"https:\\\/\\\/x.com\\\/WirMachenAuf_de\"]},{\"@type\":\"Person\",\"@id\":\"https:\\\/\\\/now-news.de\\\/de\\\/#\\\/schema\\\/person\\\/fb534a4e865501d8b3285208df34a9b5\",\"name\":\"rtnews\",\"image\":{\"@type\":\"ImageObject\",\"inLanguage\":\"de\",\"@id\":\"https:\\\/\\\/secure.gravatar.com\\\/avatar\\\/358fe31b3ab5769fea05376e1953329834cd9912cf9daf607e2af3076a1b982b?s=96&d=mm&r=g\",\"url\":\"https:\\\/\\\/secure.gravatar.com\\\/avatar\\\/358fe31b3ab5769fea05376e1953329834cd9912cf9daf607e2af3076a1b982b?s=96&d=mm&r=g\",\"contentUrl\":\"https:\\\/\\\/secure.gravatar.com\\\/avatar\\\/358fe31b3ab5769fea05376e1953329834cd9912cf9daf607e2af3076a1b982b?s=96&d=mm&r=g\",\"caption\":\"rtnews\"},\"url\":\"https:\\\/\\\/now-news.de\\\/de\\\/author\\\/rnews\\\/\"}]}<\/script>\n<!-- \/ Yoast SEO Premium plugin. -->","yoast_head_json":{"title":"Jens Spahn, der Unkaputtbare: Und schon sitzt er im Haushaltsausschuss - just-now.NEWS Deutschland","robots":{"index":"index","follow":"follow","max-snippet":"max-snippet:-1","max-image-preview":"max-image-preview:large","max-video-preview":"max-video-preview:-1"},"canonical":"https:\/\/now-news.de\/de\/deutschland\/jens-spahn-der-unkaputtbare-und-schon-sitzt-er-im-haushaltsausschuss\/","og_locale":"de_DE","og_type":"article","og_title":"Jens Spahn, der Unkaputtbare: Und schon sitzt er im Haushaltsausschuss","og_description":"Es gab Zeiten, da war der einzige Politiker, der in der Bundesrepublik eine derartige Ansammlung von Skandalen \u00fcberstand, Franz Josef Strau\u00df. Der blasse Jens Spahn scheint aber \u00e4hnlich resistent zu sein \u2013 kaum wegen seines gekauften Kindes zur\u00fcckgetreten, schon hat er neue Macht. Gerade erst musste er als Fraktionsvorsitzender der CDU zur\u00fccktreten, weil er zwar [&hellip;]","og_url":"https:\/\/now-news.de\/de\/deutschland\/jens-spahn-der-unkaputtbare-und-schon-sitzt-er-im-haushaltsausschuss\/","og_site_name":"just-now.NEWS Deutschland","article_publisher":"https:\/\/www.facebook.com\/wirmachenauf","article_published_time":"2026-09-03T18:23:41+00:00","og_image":[{"url":"https:\/\/now-news.de\/de\/wp-content\/uploads\/sites\/3\/2026\/09\/6a99a174b480cc5b3c2b54cb.jpg","type":"","width":"","height":""}],"author":"rtnews","twitter_card":"summary_large_image","twitter_creator":"@WirMachenAuf_de","twitter_site":"@WirMachenAuf_de","twitter_misc":{"Verfasst von":"rtnews","Gesch\u00e4tzte Lesezeit":"2\u00a0Minuten"},"schema":{"@context":"https:\/\/schema.org","@graph":[{"@type":"Article","@id":"https:\/\/now-news.de\/de\/deutschland\/jens-spahn-der-unkaputtbare-und-schon-sitzt-er-im-haushaltsausschuss\/#article","isPartOf":{"@id":"https:\/\/now-news.de\/de\/deutschland\/jens-spahn-der-unkaputtbare-und-schon-sitzt-er-im-haushaltsausschuss\/"},"author":{"name":"rtnews","@id":"https:\/\/now-news.de\/de\/#\/schema\/person\/fb534a4e865501d8b3285208df34a9b5"},"headline":"Jens Spahn, der Unkaputtbare: Und schon sitzt er im Haushaltsausschuss","datePublished":"2026-09-03T18:23:41+00:00","mainEntityOfPage":{"@id":"https:\/\/now-news.de\/de\/deutschland\/jens-spahn-der-unkaputtbare-und-schon-sitzt-er-im-haushaltsausschuss\/"},"wordCount":350,"commentCount":0,"publisher":{"@id":"https:\/\/now-news.de\/de\/#organization"},"image":{"@id":"https:\/\/now-news.de\/de\/deutschland\/jens-spahn-der-unkaputtbare-und-schon-sitzt-er-im-haushaltsausschuss\/#primaryimage"},"thumbnailUrl":"https:\/\/now-news.de\/de\/wp-content\/uploads\/sites\/3\/2026\/09\/Jens-Spahn-der-Unkaputtbare-Und-schon-sitzt-er-im-Haushaltsausschuss.jpg","keywords":["der","Haushaltsausschuss","Jens","schon","sitzt","spahn","und","Unkaputtbare"],"articleSection":["Deutschland","Russland"],"inLanguage":"de","potentialAction":[{"@type":"CommentAction","name":"Comment","target":["https:\/\/now-news.de\/de\/deutschland\/jens-spahn-der-unkaputtbare-und-schon-sitzt-er-im-haushaltsausschuss\/#respond"]}]},{"@type":"WebPage","@id":"https:\/\/now-news.de\/de\/deutschland\/jens-spahn-der-unkaputtbare-und-schon-sitzt-er-im-haushaltsausschuss\/","url":"https:\/\/now-news.de\/de\/deutschland\/jens-spahn-der-unkaputtbare-und-schon-sitzt-er-im-haushaltsausschuss\/","name":"Jens Spahn, der Unkaputtbare: Und schon sitzt er im Haushaltsausschuss - just-now.NEWS Deutschland","isPartOf":{"@id":"https:\/\/now-news.de\/de\/#website"},"primaryImageOfPage":{"@id":"https:\/\/now-news.de\/de\/deutschland\/jens-spahn-der-unkaputtbare-und-schon-sitzt-er-im-haushaltsausschuss\/#primaryimage"},"image":{"@id":"https:\/\/now-news.de\/de\/deutschland\/jens-spahn-der-unkaputtbare-und-schon-sitzt-er-im-haushaltsausschuss\/#primaryimage"},"thumbnailUrl":"https:\/\/now-news.de\/de\/wp-content\/uploads\/sites\/3\/2026\/09\/Jens-Spahn-der-Unkaputtbare-Und-schon-sitzt-er-im-Haushaltsausschuss.jpg","datePublished":"2026-09-03T18:23:41+00:00","breadcrumb":{"@id":"https:\/\/now-news.de\/de\/deutschland\/jens-spahn-der-unkaputtbare-und-schon-sitzt-er-im-haushaltsausschuss\/#breadcrumb"},"inLanguage":"de","potentialAction":[{"@type":"ReadAction","target":["https:\/\/now-news.de\/de\/deutschland\/jens-spahn-der-unkaputtbare-und-schon-sitzt-er-im-haushaltsausschuss\/"]}]},{"@type":"ImageObject","inLanguage":"de","@id":"https:\/\/now-news.de\/de\/deutschland\/jens-spahn-der-unkaputtbare-und-schon-sitzt-er-im-haushaltsausschuss\/#primaryimage","url":"https:\/\/now-news.de\/de\/wp-content\/uploads\/sites\/3\/2026\/09\/Jens-Spahn-der-Unkaputtbare-Und-schon-sitzt-er-im-Haushaltsausschuss.jpg","contentUrl":"https:\/\/now-news.de\/de\/wp-content\/uploads\/sites\/3\/2026\/09\/Jens-Spahn-der-Unkaputtbare-Und-schon-sitzt-er-im-Haushaltsausschuss.jpg","width":460,"height":259,"caption":"Jens Spahn, der Unkaputtbare: Und schon sitzt er im Haushaltsausschuss"},{"@type":"BreadcrumbList","@id":"https:\/\/now-news.de\/de\/deutschland\/jens-spahn-der-unkaputtbare-und-schon-sitzt-er-im-haushaltsausschuss\/#breadcrumb","itemListElement":[{"@type":"ListItem","position":1,"name":"Home","item":"https:\/\/now-news.de\/de\/"},{"@type":"ListItem","position":2,"name":"Jens Spahn, der Unkaputtbare: Und schon sitzt er im Haushaltsausschuss"}]},{"@type":"WebSite","@id":"https:\/\/now-news.de\/de\/#website","url":"https:\/\/now-news.de\/de\/","name":"just-now.NEWS Deutschland","description":"Das Portal f\u00fcr unzensierte Nachrichten aus der Welt","publisher":{"@id":"https:\/\/now-news.de\/de\/#organization"},"potentialAction":[{"@type":"SearchAction","target":{"@type":"EntryPoint","urlTemplate":"https:\/\/now-news.de\/de\/?s={search_term_string}"},"query-input":{"@type":"PropertyValueSpecification","valueRequired":true,"valueName":"search_term_string"}}],"inLanguage":"de"},{"@type":"Organization","@id":"https:\/\/now-news.de\/de\/#organization","name":"Just Now News","url":"https:\/\/now-news.de\/de\/","logo":{"@type":"ImageObject","inLanguage":"de","@id":"https:\/\/now-news.de\/de\/#\/schema\/logo\/image\/","url":"http:\/\/just-now.news\/de\/wp-content\/uploads\/sites\/3\/2022\/04\/logo500x500.jpg","contentUrl":"http:\/\/just-now.news\/de\/wp-content\/uploads\/sites\/3\/2022\/04\/logo500x500.jpg","width":500,"height":500,"caption":"Just Now News"},"image":{"@id":"https:\/\/now-news.de\/de\/#\/schema\/logo\/image\/"},"sameAs":["https:\/\/www.facebook.com\/wirmachenauf","https:\/\/x.com\/WirMachenAuf_de"]},{"@type":"Person","@id":"https:\/\/now-news.de\/de\/#\/schema\/person\/fb534a4e865501d8b3285208df34a9b5","name":"rtnews","image":{"@type":"ImageObject","inLanguage":"de","@id":"https:\/\/secure.gravatar.com\/avatar\/358fe31b3ab5769fea05376e1953329834cd9912cf9daf607e2af3076a1b982b?s=96&d=mm&r=g","url":"https:\/\/secure.gravatar.com\/avatar\/358fe31b3ab5769fea05376e1953329834cd9912cf9daf607e2af3076a1b982b?s=96&d=mm&r=g","contentUrl":"https:\/\/secure.gravatar.com\/avatar\/358fe31b3ab5769fea05376e1953329834cd9912cf9daf607e2af3076a1b982b?s=96&d=mm&r=g","caption":"rtnews"},"url":"https:\/\/now-news.de\/de\/author\/rnews\/"}]}},"_links":{"self":[{"href":"https:\/\/now-news.de\/de\/wp-json\/wp\/v2\/posts\/109890","targetHints":{"allow":["GET"]}}],"collection":[{"href":"https:\/\/now-news.de\/de\/wp-json\/wp\/v2\/posts"}],"about":[{"href":"https:\/\/now-news.de\/de\/wp-json\/wp\/v2\/types\/post"}],"author":[{"embeddable":true,"href":"https:\/\/now-news.de\/de\/wp-json\/wp\/v2\/users\/3"}],"replies":[{"embeddable":true,"href":"https:\/\/now-news.de\/de\/wp-json\/wp\/v2\/comments?post=109890"}],"version-history":[{"count":0,"href":"https:\/\/now-news.de\/de\/wp-json\/wp\/v2\/posts\/109890\/revisions"}],"wp:featuredmedia":[{"embeddable":true,"href":"https:\/\/now-news.de\/de\/wp-json\/wp\/v2\/media\/109891"}],"wp:attachment":[{"href":"https:\/\/now-news.de\/de\/wp-json\/wp\/v2\/media?parent=109890"}],"wp:term":[{"taxonomy":"category","embeddable":true,"href":"https:\/\/now-news.de\/de\/wp-json\/wp\/v2\/categories?post=109890"},{"taxonomy":"post_tag","embeddable":true,"href":"https:\/\/now-news.de\/de\/wp-json\/wp\/v2\/tags?post=109890"}],"curies":[{"name":"wp","href":"https:\/\/api.w.org\/{rel}","templated":true}]}}