{"id":109874,"date":"2026-09-03T16:42:09","date_gmt":"2026-09-03T14:42:09","guid":{"rendered":"https:\/\/now-news.de\/de\/deutschland\/neun-verletzte-afd-stand-in-bad-kreuznach-mit-desinfektionsmittel-uebergossen\/"},"modified":"2026-09-03T16:42:09","modified_gmt":"2026-09-03T14:42:09","slug":"neun-verletzte-afd-stand-in-bad-kreuznach-mit-desinfektionsmittel-uebergossen","status":"publish","type":"post","link":"https:\/\/now-news.de\/de\/deutschland\/neun-verletzte-afd-stand-in-bad-kreuznach-mit-desinfektionsmittel-uebergossen\/","title":{"rendered":"Neun Verletzte: AfD-Stand in Bad Kreuznach mit Desinfektionsmittel \u00fcbergossen"},"content":{"rendered":"<p><img decoding=\"async\" src=\"https:\/\/now-news.de\/de\/wp-content\/uploads\/sites\/3\/2026\/09\/6a99774248fbef3a0763f9ab.jpg\" \/><\/p>\n<div class=\"Text-root Text-type_1 \">\n                Am Mittwochnachmittag kam es in Rheinland-Pfalz zu einer Attacke auf einen Infostand der AfD. Der Angreifer versch\u00fcttete eine hautreizende Fl\u00fcssigkeit auf die Gruppe von AfD-Politikern. Die Alternative f\u00fcr Deutschland macht mediale und politische Hetze f\u00fcr die Tat verantwortlich.\n            <\/div>\n<p><\/p>\n<div class=\"Text-root Text-type_5 ArticleView-text ViewText-root \">\n<p>Wie die Polizeidirektion Bad Kreuznach in einer Pressemitteilung bekannt gab, kam es am Mittwochnachmittag in der rheinland-pf\u00e4lzischen Kurstadt zu einem Angriff auf einen Infostand der Alternative f\u00fcr Deutschland. Ein gr\u00f6\u00dferer Einsatz von Polizei, Feuerwehr und Rettungsdienst war die Folge. Auch die AfD Kreuznach <a rel=\"nofollow\" target=\"_blank\" href=\"https:\/\/x.com\/Nicole_Hoechst\/status\/2095213011254333446\">schilderte<\/a> auf ihren Social-Medial-Plattformen den Vorfall.<\/p>\n<p>Von der Attacke waren bekannte AfD-Politiker <a rel=\"nofollow\" target=\"_blank\" href=\"https:\/\/www.facebook.com\/AfDBadKreuznach\/posts\/pfbid052tGK88rgQDGQAmptTf9NgUpN9DWPf6VhNZ24FNGRXgcEMfwNjeiDSYEL6zcnSjMl\">betroffen<\/a>: Die beiden Bundestagsabgeordneten Nicole H\u00f6chst und Sebastian M\u00fcnzenmaier (zugleich Landesvorsitzender der AfD Rheinland-Ffalz) und die beiden Landtagsabgeordneten Damian Lohr und J\u00fcrgen Klein waren vor Ort, als der Angriff geschah.<\/p>\n<p>Den Schilderungen zufolge soll um 16:10 Uhr der T\u00e4ter aus dem Fenster eines angrenzenden Geb\u00e4udes (die AfD schreibt von einem Labor) eine Fl\u00fcssigkeit in Richtung Infostand versch\u00fcttet haben. Der Partei zufolge handelte es sich dabei um ein Desinfektionsmittel, das konzentriertes Chlorphenol enthielt.<\/p>\n<p>Einige Teilnehmer des Infostandes gerieten mit der aggressiven Fl\u00fcssigkeit in Kontakt, die Polizei z\u00e4hlte neun Verletzte. Sieben Personen mussten vom Rettungsdienst versorgt werden, darunter die Bundestagsabgeordnete Nicole H\u00f6chst und der Landtagsabgeordnete Damian Lohr. Zwei der Verletzten kamen vor\u00fcbergehend ins Krankenhaus.<\/p>\n<p>Auch die \u00f6rtliche Feuerwehr eilte zum Einsatz: Sie reinigte den Ort des Geschehens von dem Wirkstoff. Zu folgenschweren Verletzungen ist es offenbar nicht gekommen, da ein Sonnenschirm einen Gro\u00dfteil der Fl\u00fcssigkeit abhielt.<\/p>\n<p>Die Polizei Bad Kreuznach hat bereits einen Tatverd\u00e4chtigen ermittelt, aber noch keine Erkenntnisse zum Tatmotiv bekannt gegeben. Der Vorfall wird als politisch motivierte Kriminalit\u00e4t eingeordnet, die Staatsanwaltschaft ist in die Ermittlungen wegen gef\u00e4hrlicher K\u00f6rperverletzung in mehreren F\u00e4llen eingebunden.<\/p>\n<p>Gegen\u00fcber dem Sender <em>SWR<\/em> zeigte sich die Bundestagsabgeordnete Nicole H\u00f6chst geschockt:<\/p>\n<p><em>&#8220;Wir haben in Bad Kreuznach vielleicht mit einer Demo gerechnet, aber mit so etwas nicht.&#8221;<\/em><\/p>\n<p>In ihrer Pressemitteilung sprach die Politikerin von einem &#8220;feigen Angriff&#8221;. Der rheinland-pf\u00e4lzische Landtagsabgeordnete Joachim Paul <a rel=\"nofollow\" target=\"_blank\" href=\"https:\/\/x.com\/JoachimPaul_AfD\/status\/2095212255507780003\">konstatierte<\/a> lakonisch auf X:<\/p>\n<p><em>&#8220;Soviel zur Lage der Opposition in Rheinland-Pfalz.&#8221;<\/em><\/p>\n<p>Der baden-w\u00fcrttembergische AfD-Landtagsabgeordnete Sandro Scheer <a rel=\"nofollow\" target=\"_blank\" href=\"https:\/\/www.facebook.com\/photo?fbid=1453508703269209&amp;set=a.102719645014795\">solidarisierte sich<\/a> mit seinen angegriffenen rheinland-pf\u00e4lzischen Kollegen und gab der Agitation aus Politik und Medien gegen die AfD eine Mitschuld an dem Angriff, den er als Terror bezeichnete. Auf <em>Facebook<\/em> schrieb der Parlamentarier:<\/p>\n<p><em>&#8220;Die Dauerhetze der Cem \u00d6zdemirs dieses Landes und aller anderen Hassprediger, die unentwegt Hass und Hetze gegen die einzige Opposition verbreiten, und steuerfinanzierter Medien f\u00fchrt zu Gewalt: In Bad Kreuznach haben T\u00e4ter \u00e4tzende Fl\u00fcssigkeit aus einem Hochhaus auf unsere AfD-Mannschaft gegossen. Zehn Verletzte mit Hautverbrennungen. Wo bleibt der Aufschrei der &#8216;Demokratieretter&#8217; von &#8216;Unsere Demokratie&#8217; und Haltungsmedien? Gegen die AfD wird solcher Terror totgeschwiegen.&#8221;<\/em><\/p>\n<p>Die Bundestagsabgeordnete Julia Kl\u00f6ckner (CDU), in deren Wahlkreis Bad Kreuznach liegt, verurteilte derweil gegen\u00fcber der <em>Allgemeinen Zeitung<\/em> die gegen die AfD gerichtete Attacke:<\/p>\n<p><em>&#8220;Der Angriff auf einen Infostand der AfD in Bad Kreuznach ist auch ein Angriff auf unsere demokratische Kultur. Man kann politisch anderer Meinung sein, aber Menschen t\u00e4tlich anzugreifen, widerspricht demokratischen Grund\u00fcberzeugungen.&#8221;<\/em><\/p>\n<p><strong>Mehr zum Thema<\/strong>\u00a0\u2013 <a rel=\"nofollow\" target=\"_blank\" href=\"https:\/\/de-rtnews.com\/inland\/269285-mysterioeser-pulver-anschlag-auf-afd\/\">Mysteri\u00f6ser Pulver-Anschlag auf AfD-Politikerin<\/a><\/p>\n<div class=\"EmbedBlock-root EmbedBlock-externalVideo EmbedBlock-rumble\">\n<div class=\"VkEmbed\"><iframe class=\"lazyload\" data-src=\"https:\/\/rumble.com\/embed\/v7cr4i8\" frameborder=\"0\" width=\"853\" height=\"480\" allowfullscreen><\/iframe><\/div>\n<\/div>\n<\/div>\n<p><br \/>\n<br \/><a href=\"https:\/\/de.rt.com\/inland\/290573-neun-verletzte-afd-stand-in-kreuznach-mit-desinfektionsmittel-uebergossen\/\">Source link <\/a><\/p>\n","protected":false},"excerpt":{"rendered":"<p>Am Mittwochnachmittag kam es in Rheinland-Pfalz zu einer Attacke auf einen Infostand der AfD. Der Angreifer versch\u00fcttete eine hautreizende Fl\u00fcssigkeit auf die Gruppe von AfD-Politikern. Die Alternative f\u00fcr Deutschland macht mediale und politische Hetze f\u00fcr die Tat verantwortlich. Wie die Polizeidirektion Bad Kreuznach in einer Pressemitteilung bekannt gab, kam es am Mittwochnachmittag in der rheinland-pf\u00e4lzischen [&hellip;]<\/p>\n","protected":false},"author":3,"featured_media":109875,"comment_status":"open","ping_status":"open","sticky":false,"template":"","format":"standard","meta":{"wp_automatic_camp":["217"],"2c55a5c328d22b476dc584ac72653fb9":["Neun Verletzte: AfD-Stand in Bad Kreuznach mit Desinfektionsmittel \u00fcbergossen"],"original_link":["https:\/\/de.rt.com\/inland\/290573-neun-verletzte-afd-stand-in-kreuznach-mit-desinfektionsmittel-uebergossen\/"],"_thumbnail_id":["109875"],"_wptgpro_p2tg_sent2tg":["a:1:{i:23737;s:19:\"2026-09-03 16:45:36\";}"],"jnews_social_counter_last_update":["1788557181"]},"categories":[19,23],"tags":[70215,8053,75993,75992,419,12261,47843,1813],"class_list":["post-109874","post","type-post","status-publish","format-standard","has-post-thumbnail","hentry","category-deutschland","category-russland","tag-afdstand","tag-bad","tag-desinfektionsmittel","tag-kreuznach","tag-mit","tag-neun","tag-uebergossen","tag-verletzte"],"yoast_head":"<!-- This site is optimized with the Yoast SEO Premium plugin v22.7 (Yoast SEO v28.2) - https:\/\/yoast.com\/product\/yoast-seo-premium-wordpress\/ -->\n<title>Neun Verletzte: AfD-Stand in Bad Kreuznach mit Desinfektionsmittel \u00fcbergossen - just-now.NEWS Deutschland<\/title>\n<meta name=\"robots\" content=\"index, follow, max-snippet:-1, max-image-preview:large, max-video-preview:-1\" \/>\n<link rel=\"canonical\" href=\"https:\/\/now-news.de\/de\/deutschland\/neun-verletzte-afd-stand-in-bad-kreuznach-mit-desinfektionsmittel-uebergossen\/\" \/>\n<meta property=\"og:locale\" content=\"de_DE\" \/>\n<meta property=\"og:type\" content=\"article\" \/>\n<meta property=\"og:title\" content=\"Neun Verletzte: AfD-Stand in Bad Kreuznach mit Desinfektionsmittel \u00fcbergossen\" \/>\n<meta property=\"og:description\" content=\"Am Mittwochnachmittag kam es in Rheinland-Pfalz zu einer Attacke auf einen Infostand der AfD. Der Angreifer versch\u00fcttete eine hautreizende Fl\u00fcssigkeit auf die Gruppe von AfD-Politikern. Die Alternative f\u00fcr Deutschland macht mediale und politische Hetze f\u00fcr die Tat verantwortlich. Wie die Polizeidirektion Bad Kreuznach in einer Pressemitteilung bekannt gab, kam es am Mittwochnachmittag in der rheinland-pf\u00e4lzischen [&hellip;]\" \/>\n<meta property=\"og:url\" content=\"https:\/\/now-news.de\/de\/deutschland\/neun-verletzte-afd-stand-in-bad-kreuznach-mit-desinfektionsmittel-uebergossen\/\" \/>\n<meta property=\"og:site_name\" content=\"just-now.NEWS Deutschland\" \/>\n<meta property=\"article:publisher\" content=\"https:\/\/www.facebook.com\/wirmachenauf\" \/>\n<meta property=\"article:published_time\" content=\"2026-09-03T14:42:09+00:00\" \/>\n<meta property=\"og:image\" content=\"https:\/\/now-news.de\/de\/wp-content\/uploads\/sites\/3\/2026\/09\/6a99774248fbef3a0763f9ab.jpg\" \/>\n<meta name=\"author\" content=\"rtnews\" \/>\n<meta name=\"twitter:card\" content=\"summary_large_image\" \/>\n<meta name=\"twitter:creator\" content=\"@WirMachenAuf_de\" \/>\n<meta name=\"twitter:site\" content=\"@WirMachenAuf_de\" \/>\n<meta name=\"twitter:label1\" content=\"Verfasst von\" \/>\n\t<meta name=\"twitter:data1\" content=\"rtnews\" \/>\n\t<meta name=\"twitter:label2\" content=\"Gesch\u00e4tzte Lesezeit\" \/>\n\t<meta name=\"twitter:data2\" content=\"3\u00a0Minuten\" \/>\n<script type=\"application\/ld+json\" class=\"yoast-schema-graph\">{\"@context\":\"https:\\\/\\\/schema.org\",\"@graph\":[{\"@type\":\"Article\",\"@id\":\"https:\\\/\\\/now-news.de\\\/de\\\/deutschland\\\/neun-verletzte-afd-stand-in-bad-kreuznach-mit-desinfektionsmittel-uebergossen\\\/#article\",\"isPartOf\":{\"@id\":\"https:\\\/\\\/now-news.de\\\/de\\\/deutschland\\\/neun-verletzte-afd-stand-in-bad-kreuznach-mit-desinfektionsmittel-uebergossen\\\/\"},\"author\":{\"name\":\"rtnews\",\"@id\":\"https:\\\/\\\/now-news.de\\\/de\\\/#\\\/schema\\\/person\\\/fb534a4e865501d8b3285208df34a9b5\"},\"headline\":\"Neun Verletzte: AfD-Stand in Bad Kreuznach mit Desinfektionsmittel \u00fcbergossen\",\"datePublished\":\"2026-09-03T14:42:09+00:00\",\"mainEntityOfPage\":{\"@id\":\"https:\\\/\\\/now-news.de\\\/de\\\/deutschland\\\/neun-verletzte-afd-stand-in-bad-kreuznach-mit-desinfektionsmittel-uebergossen\\\/\"},\"wordCount\":538,\"commentCount\":0,\"publisher\":{\"@id\":\"https:\\\/\\\/now-news.de\\\/de\\\/#organization\"},\"image\":{\"@id\":\"https:\\\/\\\/now-news.de\\\/de\\\/deutschland\\\/neun-verletzte-afd-stand-in-bad-kreuznach-mit-desinfektionsmittel-uebergossen\\\/#primaryimage\"},\"thumbnailUrl\":\"https:\\\/\\\/now-news.de\\\/de\\\/wp-content\\\/uploads\\\/sites\\\/3\\\/2026\\\/09\\\/Neun-Verletzte-AfD-Stand-in-Bad-Kreuznach-mit-Desinfektionsmittel-uebergossen.jpg\",\"keywords\":[\"AfDStand\",\"Bad\",\"Desinfektionsmittel\",\"Kreuznach\",\"mit\",\"neun\",\"\u00fcbergossen\",\"Verletzte\"],\"articleSection\":[\"Deutschland\",\"Russland\"],\"inLanguage\":\"de\",\"potentialAction\":[{\"@type\":\"CommentAction\",\"name\":\"Comment\",\"target\":[\"https:\\\/\\\/now-news.de\\\/de\\\/deutschland\\\/neun-verletzte-afd-stand-in-bad-kreuznach-mit-desinfektionsmittel-uebergossen\\\/#respond\"]}]},{\"@type\":\"WebPage\",\"@id\":\"https:\\\/\\\/now-news.de\\\/de\\\/deutschland\\\/neun-verletzte-afd-stand-in-bad-kreuznach-mit-desinfektionsmittel-uebergossen\\\/\",\"url\":\"https:\\\/\\\/now-news.de\\\/de\\\/deutschland\\\/neun-verletzte-afd-stand-in-bad-kreuznach-mit-desinfektionsmittel-uebergossen\\\/\",\"name\":\"Neun Verletzte: AfD-Stand in Bad Kreuznach mit Desinfektionsmittel \u00fcbergossen - just-now.NEWS Deutschland\",\"isPartOf\":{\"@id\":\"https:\\\/\\\/now-news.de\\\/de\\\/#website\"},\"primaryImageOfPage\":{\"@id\":\"https:\\\/\\\/now-news.de\\\/de\\\/deutschland\\\/neun-verletzte-afd-stand-in-bad-kreuznach-mit-desinfektionsmittel-uebergossen\\\/#primaryimage\"},\"image\":{\"@id\":\"https:\\\/\\\/now-news.de\\\/de\\\/deutschland\\\/neun-verletzte-afd-stand-in-bad-kreuznach-mit-desinfektionsmittel-uebergossen\\\/#primaryimage\"},\"thumbnailUrl\":\"https:\\\/\\\/now-news.de\\\/de\\\/wp-content\\\/uploads\\\/sites\\\/3\\\/2026\\\/09\\\/Neun-Verletzte-AfD-Stand-in-Bad-Kreuznach-mit-Desinfektionsmittel-uebergossen.jpg\",\"datePublished\":\"2026-09-03T14:42:09+00:00\",\"breadcrumb\":{\"@id\":\"https:\\\/\\\/now-news.de\\\/de\\\/deutschland\\\/neun-verletzte-afd-stand-in-bad-kreuznach-mit-desinfektionsmittel-uebergossen\\\/#breadcrumb\"},\"inLanguage\":\"de\",\"potentialAction\":[{\"@type\":\"ReadAction\",\"target\":[\"https:\\\/\\\/now-news.de\\\/de\\\/deutschland\\\/neun-verletzte-afd-stand-in-bad-kreuznach-mit-desinfektionsmittel-uebergossen\\\/\"]}]},{\"@type\":\"ImageObject\",\"inLanguage\":\"de\",\"@id\":\"https:\\\/\\\/now-news.de\\\/de\\\/deutschland\\\/neun-verletzte-afd-stand-in-bad-kreuznach-mit-desinfektionsmittel-uebergossen\\\/#primaryimage\",\"url\":\"https:\\\/\\\/now-news.de\\\/de\\\/wp-content\\\/uploads\\\/sites\\\/3\\\/2026\\\/09\\\/Neun-Verletzte-AfD-Stand-in-Bad-Kreuznach-mit-Desinfektionsmittel-uebergossen.jpg\",\"contentUrl\":\"https:\\\/\\\/now-news.de\\\/de\\\/wp-content\\\/uploads\\\/sites\\\/3\\\/2026\\\/09\\\/Neun-Verletzte-AfD-Stand-in-Bad-Kreuznach-mit-Desinfektionsmittel-uebergossen.jpg\",\"width\":460,\"height\":259,\"caption\":\"Neun Verletzte: AfD-Stand in Bad Kreuznach mit Desinfektionsmittel \u00fcbergossen\"},{\"@type\":\"BreadcrumbList\",\"@id\":\"https:\\\/\\\/now-news.de\\\/de\\\/deutschland\\\/neun-verletzte-afd-stand-in-bad-kreuznach-mit-desinfektionsmittel-uebergossen\\\/#breadcrumb\",\"itemListElement\":[{\"@type\":\"ListItem\",\"position\":1,\"name\":\"Home\",\"item\":\"https:\\\/\\\/now-news.de\\\/de\\\/\"},{\"@type\":\"ListItem\",\"position\":2,\"name\":\"Neun Verletzte: AfD-Stand in Bad Kreuznach mit Desinfektionsmittel \u00fcbergossen\"}]},{\"@type\":\"WebSite\",\"@id\":\"https:\\\/\\\/now-news.de\\\/de\\\/#website\",\"url\":\"https:\\\/\\\/now-news.de\\\/de\\\/\",\"name\":\"just-now.NEWS Deutschland\",\"description\":\"Das Portal f\u00fcr unzensierte Nachrichten aus der Welt\",\"publisher\":{\"@id\":\"https:\\\/\\\/now-news.de\\\/de\\\/#organization\"},\"potentialAction\":[{\"@type\":\"SearchAction\",\"target\":{\"@type\":\"EntryPoint\",\"urlTemplate\":\"https:\\\/\\\/now-news.de\\\/de\\\/?s={search_term_string}\"},\"query-input\":{\"@type\":\"PropertyValueSpecification\",\"valueRequired\":true,\"valueName\":\"search_term_string\"}}],\"inLanguage\":\"de\"},{\"@type\":\"Organization\",\"@id\":\"https:\\\/\\\/now-news.de\\\/de\\\/#organization\",\"name\":\"Just Now News\",\"url\":\"https:\\\/\\\/now-news.de\\\/de\\\/\",\"logo\":{\"@type\":\"ImageObject\",\"inLanguage\":\"de\",\"@id\":\"https:\\\/\\\/now-news.de\\\/de\\\/#\\\/schema\\\/logo\\\/image\\\/\",\"url\":\"http:\\\/\\\/just-now.news\\\/de\\\/wp-content\\\/uploads\\\/sites\\\/3\\\/2022\\\/04\\\/logo500x500.jpg\",\"contentUrl\":\"http:\\\/\\\/just-now.news\\\/de\\\/wp-content\\\/uploads\\\/sites\\\/3\\\/2022\\\/04\\\/logo500x500.jpg\",\"width\":500,\"height\":500,\"caption\":\"Just Now News\"},\"image\":{\"@id\":\"https:\\\/\\\/now-news.de\\\/de\\\/#\\\/schema\\\/logo\\\/image\\\/\"},\"sameAs\":[\"https:\\\/\\\/www.facebook.com\\\/wirmachenauf\",\"https:\\\/\\\/x.com\\\/WirMachenAuf_de\"]},{\"@type\":\"Person\",\"@id\":\"https:\\\/\\\/now-news.de\\\/de\\\/#\\\/schema\\\/person\\\/fb534a4e865501d8b3285208df34a9b5\",\"name\":\"rtnews\",\"image\":{\"@type\":\"ImageObject\",\"inLanguage\":\"de\",\"@id\":\"https:\\\/\\\/secure.gravatar.com\\\/avatar\\\/358fe31b3ab5769fea05376e1953329834cd9912cf9daf607e2af3076a1b982b?s=96&d=mm&r=g\",\"url\":\"https:\\\/\\\/secure.gravatar.com\\\/avatar\\\/358fe31b3ab5769fea05376e1953329834cd9912cf9daf607e2af3076a1b982b?s=96&d=mm&r=g\",\"contentUrl\":\"https:\\\/\\\/secure.gravatar.com\\\/avatar\\\/358fe31b3ab5769fea05376e1953329834cd9912cf9daf607e2af3076a1b982b?s=96&d=mm&r=g\",\"caption\":\"rtnews\"},\"url\":\"https:\\\/\\\/now-news.de\\\/de\\\/author\\\/rnews\\\/\"}]}<\/script>\n<!-- \/ Yoast SEO Premium plugin. -->","yoast_head_json":{"title":"Neun Verletzte: AfD-Stand in Bad Kreuznach mit Desinfektionsmittel \u00fcbergossen - just-now.NEWS Deutschland","robots":{"index":"index","follow":"follow","max-snippet":"max-snippet:-1","max-image-preview":"max-image-preview:large","max-video-preview":"max-video-preview:-1"},"canonical":"https:\/\/now-news.de\/de\/deutschland\/neun-verletzte-afd-stand-in-bad-kreuznach-mit-desinfektionsmittel-uebergossen\/","og_locale":"de_DE","og_type":"article","og_title":"Neun Verletzte: AfD-Stand in Bad Kreuznach mit Desinfektionsmittel \u00fcbergossen","og_description":"Am Mittwochnachmittag kam es in Rheinland-Pfalz zu einer Attacke auf einen Infostand der AfD. Der Angreifer versch\u00fcttete eine hautreizende Fl\u00fcssigkeit auf die Gruppe von AfD-Politikern. Die Alternative f\u00fcr Deutschland macht mediale und politische Hetze f\u00fcr die Tat verantwortlich. Wie die Polizeidirektion Bad Kreuznach in einer Pressemitteilung bekannt gab, kam es am Mittwochnachmittag in der rheinland-pf\u00e4lzischen [&hellip;]","og_url":"https:\/\/now-news.de\/de\/deutschland\/neun-verletzte-afd-stand-in-bad-kreuznach-mit-desinfektionsmittel-uebergossen\/","og_site_name":"just-now.NEWS Deutschland","article_publisher":"https:\/\/www.facebook.com\/wirmachenauf","article_published_time":"2026-09-03T14:42:09+00:00","og_image":[{"url":"https:\/\/now-news.de\/de\/wp-content\/uploads\/sites\/3\/2026\/09\/6a99774248fbef3a0763f9ab.jpg","type":"","width":"","height":""}],"author":"rtnews","twitter_card":"summary_large_image","twitter_creator":"@WirMachenAuf_de","twitter_site":"@WirMachenAuf_de","twitter_misc":{"Verfasst von":"rtnews","Gesch\u00e4tzte Lesezeit":"3\u00a0Minuten"},"schema":{"@context":"https:\/\/schema.org","@graph":[{"@type":"Article","@id":"https:\/\/now-news.de\/de\/deutschland\/neun-verletzte-afd-stand-in-bad-kreuznach-mit-desinfektionsmittel-uebergossen\/#article","isPartOf":{"@id":"https:\/\/now-news.de\/de\/deutschland\/neun-verletzte-afd-stand-in-bad-kreuznach-mit-desinfektionsmittel-uebergossen\/"},"author":{"name":"rtnews","@id":"https:\/\/now-news.de\/de\/#\/schema\/person\/fb534a4e865501d8b3285208df34a9b5"},"headline":"Neun Verletzte: AfD-Stand in Bad Kreuznach mit Desinfektionsmittel \u00fcbergossen","datePublished":"2026-09-03T14:42:09+00:00","mainEntityOfPage":{"@id":"https:\/\/now-news.de\/de\/deutschland\/neun-verletzte-afd-stand-in-bad-kreuznach-mit-desinfektionsmittel-uebergossen\/"},"wordCount":538,"commentCount":0,"publisher":{"@id":"https:\/\/now-news.de\/de\/#organization"},"image":{"@id":"https:\/\/now-news.de\/de\/deutschland\/neun-verletzte-afd-stand-in-bad-kreuznach-mit-desinfektionsmittel-uebergossen\/#primaryimage"},"thumbnailUrl":"https:\/\/now-news.de\/de\/wp-content\/uploads\/sites\/3\/2026\/09\/Neun-Verletzte-AfD-Stand-in-Bad-Kreuznach-mit-Desinfektionsmittel-uebergossen.jpg","keywords":["AfDStand","Bad","Desinfektionsmittel","Kreuznach","mit","neun","\u00fcbergossen","Verletzte"],"articleSection":["Deutschland","Russland"],"inLanguage":"de","potentialAction":[{"@type":"CommentAction","name":"Comment","target":["https:\/\/now-news.de\/de\/deutschland\/neun-verletzte-afd-stand-in-bad-kreuznach-mit-desinfektionsmittel-uebergossen\/#respond"]}]},{"@type":"WebPage","@id":"https:\/\/now-news.de\/de\/deutschland\/neun-verletzte-afd-stand-in-bad-kreuznach-mit-desinfektionsmittel-uebergossen\/","url":"https:\/\/now-news.de\/de\/deutschland\/neun-verletzte-afd-stand-in-bad-kreuznach-mit-desinfektionsmittel-uebergossen\/","name":"Neun Verletzte: AfD-Stand in Bad Kreuznach mit Desinfektionsmittel \u00fcbergossen - just-now.NEWS Deutschland","isPartOf":{"@id":"https:\/\/now-news.de\/de\/#website"},"primaryImageOfPage":{"@id":"https:\/\/now-news.de\/de\/deutschland\/neun-verletzte-afd-stand-in-bad-kreuznach-mit-desinfektionsmittel-uebergossen\/#primaryimage"},"image":{"@id":"https:\/\/now-news.de\/de\/deutschland\/neun-verletzte-afd-stand-in-bad-kreuznach-mit-desinfektionsmittel-uebergossen\/#primaryimage"},"thumbnailUrl":"https:\/\/now-news.de\/de\/wp-content\/uploads\/sites\/3\/2026\/09\/Neun-Verletzte-AfD-Stand-in-Bad-Kreuznach-mit-Desinfektionsmittel-uebergossen.jpg","datePublished":"2026-09-03T14:42:09+00:00","breadcrumb":{"@id":"https:\/\/now-news.de\/de\/deutschland\/neun-verletzte-afd-stand-in-bad-kreuznach-mit-desinfektionsmittel-uebergossen\/#breadcrumb"},"inLanguage":"de","potentialAction":[{"@type":"ReadAction","target":["https:\/\/now-news.de\/de\/deutschland\/neun-verletzte-afd-stand-in-bad-kreuznach-mit-desinfektionsmittel-uebergossen\/"]}]},{"@type":"ImageObject","inLanguage":"de","@id":"https:\/\/now-news.de\/de\/deutschland\/neun-verletzte-afd-stand-in-bad-kreuznach-mit-desinfektionsmittel-uebergossen\/#primaryimage","url":"https:\/\/now-news.de\/de\/wp-content\/uploads\/sites\/3\/2026\/09\/Neun-Verletzte-AfD-Stand-in-Bad-Kreuznach-mit-Desinfektionsmittel-uebergossen.jpg","contentUrl":"https:\/\/now-news.de\/de\/wp-content\/uploads\/sites\/3\/2026\/09\/Neun-Verletzte-AfD-Stand-in-Bad-Kreuznach-mit-Desinfektionsmittel-uebergossen.jpg","width":460,"height":259,"caption":"Neun Verletzte: AfD-Stand in Bad Kreuznach mit Desinfektionsmittel \u00fcbergossen"},{"@type":"BreadcrumbList","@id":"https:\/\/now-news.de\/de\/deutschland\/neun-verletzte-afd-stand-in-bad-kreuznach-mit-desinfektionsmittel-uebergossen\/#breadcrumb","itemListElement":[{"@type":"ListItem","position":1,"name":"Home","item":"https:\/\/now-news.de\/de\/"},{"@type":"ListItem","position":2,"name":"Neun Verletzte: AfD-Stand in Bad Kreuznach mit Desinfektionsmittel \u00fcbergossen"}]},{"@type":"WebSite","@id":"https:\/\/now-news.de\/de\/#website","url":"https:\/\/now-news.de\/de\/","name":"just-now.NEWS Deutschland","description":"Das Portal f\u00fcr unzensierte Nachrichten aus der Welt","publisher":{"@id":"https:\/\/now-news.de\/de\/#organization"},"potentialAction":[{"@type":"SearchAction","target":{"@type":"EntryPoint","urlTemplate":"https:\/\/now-news.de\/de\/?s={search_term_string}"},"query-input":{"@type":"PropertyValueSpecification","valueRequired":true,"valueName":"search_term_string"}}],"inLanguage":"de"},{"@type":"Organization","@id":"https:\/\/now-news.de\/de\/#organization","name":"Just Now News","url":"https:\/\/now-news.de\/de\/","logo":{"@type":"ImageObject","inLanguage":"de","@id":"https:\/\/now-news.de\/de\/#\/schema\/logo\/image\/","url":"http:\/\/just-now.news\/de\/wp-content\/uploads\/sites\/3\/2022\/04\/logo500x500.jpg","contentUrl":"http:\/\/just-now.news\/de\/wp-content\/uploads\/sites\/3\/2022\/04\/logo500x500.jpg","width":500,"height":500,"caption":"Just Now News"},"image":{"@id":"https:\/\/now-news.de\/de\/#\/schema\/logo\/image\/"},"sameAs":["https:\/\/www.facebook.com\/wirmachenauf","https:\/\/x.com\/WirMachenAuf_de"]},{"@type":"Person","@id":"https:\/\/now-news.de\/de\/#\/schema\/person\/fb534a4e865501d8b3285208df34a9b5","name":"rtnews","image":{"@type":"ImageObject","inLanguage":"de","@id":"https:\/\/secure.gravatar.com\/avatar\/358fe31b3ab5769fea05376e1953329834cd9912cf9daf607e2af3076a1b982b?s=96&d=mm&r=g","url":"https:\/\/secure.gravatar.com\/avatar\/358fe31b3ab5769fea05376e1953329834cd9912cf9daf607e2af3076a1b982b?s=96&d=mm&r=g","contentUrl":"https:\/\/secure.gravatar.com\/avatar\/358fe31b3ab5769fea05376e1953329834cd9912cf9daf607e2af3076a1b982b?s=96&d=mm&r=g","caption":"rtnews"},"url":"https:\/\/now-news.de\/de\/author\/rnews\/"}]}},"_links":{"self":[{"href":"https:\/\/now-news.de\/de\/wp-json\/wp\/v2\/posts\/109874","targetHints":{"allow":["GET"]}}],"collection":[{"href":"https:\/\/now-news.de\/de\/wp-json\/wp\/v2\/posts"}],"about":[{"href":"https:\/\/now-news.de\/de\/wp-json\/wp\/v2\/types\/post"}],"author":[{"embeddable":true,"href":"https:\/\/now-news.de\/de\/wp-json\/wp\/v2\/users\/3"}],"replies":[{"embeddable":true,"href":"https:\/\/now-news.de\/de\/wp-json\/wp\/v2\/comments?post=109874"}],"version-history":[{"count":0,"href":"https:\/\/now-news.de\/de\/wp-json\/wp\/v2\/posts\/109874\/revisions"}],"wp:featuredmedia":[{"embeddable":true,"href":"https:\/\/now-news.de\/de\/wp-json\/wp\/v2\/media\/109875"}],"wp:attachment":[{"href":"https:\/\/now-news.de\/de\/wp-json\/wp\/v2\/media?parent=109874"}],"wp:term":[{"taxonomy":"category","embeddable":true,"href":"https:\/\/now-news.de\/de\/wp-json\/wp\/v2\/categories?post=109874"},{"taxonomy":"post_tag","embeddable":true,"href":"https:\/\/now-news.de\/de\/wp-json\/wp\/v2\/tags?post=109874"}],"curies":[{"name":"wp","href":"https:\/\/api.w.org\/{rel}","templated":true}]}}