{"id":109864,"date":"2026-09-03T14:27:38","date_gmt":"2026-09-03T12:27:38","guid":{"rendered":"https:\/\/now-news.de\/de\/deutschland\/china-geschichte-des-zweiten-weltkriegs-nicht-verfaelschen\/"},"modified":"2026-09-03T14:27:38","modified_gmt":"2026-09-03T12:27:38","slug":"china-geschichte-des-zweiten-weltkriegs-nicht-verfaelschen","status":"publish","type":"post","link":"https:\/\/now-news.de\/de\/deutschland\/china-geschichte-des-zweiten-weltkriegs-nicht-verfaelschen\/","title":{"rendered":"China: Geschichte des Zweiten Weltkriegs nicht verf\u00e4lschen"},"content":{"rendered":"<p><img decoding=\"async\" src=\"https:\/\/now-news.de\/de\/wp-content\/uploads\/sites\/3\/2026\/09\/6a995b9f48fbef55080f4745.jpg\" \/><\/p>\n<div class=\"Text-root Text-type_1 \">\n                Die Volksrepublik China positioniert sich einmal mehr als Verteidiger der nach 1945 entstandenen internationalen Ordnung: Bei der Plenarsitzung des \u00d6stlichen Wirtschaftsforums im russischen Fernen Osten k\u00fcndigte Peking Widerstand gegen Versuche an, die Geschichte des Zweiten Weltkriegs umzuschreiben.\n            <\/div>\n<p><\/p>\n<div class=\"Text-root Text-type_5 ArticleView-text ViewText-root \">\n<p>China\u00a0verteidigt die nach dem Zweiten Weltkrieg entstandene internationale Ordnung und wird sich Versuchen entgegenstellen, die Geschichte umzuschreiben und das bestehende System der internationalen Beziehungen zu ver\u00e4ndern. Das <a rel=\"nofollow\" target=\"_blank\" href=\"https:\/\/tass.ru\/mezhdunarodnaya-panorama\/28074937\" target=\"_blank\" rel=\"noopener noreferrer\">berichtet<\/a>\u00a0die russische Nachrichtenagentur\u00a0<em>TASS\u00a0<\/em>unter Berufung auf\u00a0den Vizeministerpr\u00e4sident des chinesischen Staatsrats, Ding Xuexiang. Auf der Plenarsitzung des \u00d6stlichen Wirtschaftsforums sagte Ding:<\/p>\n<blockquote>\n<p><em>&#8220;Wir sind bereit, gemeinsam mit unseren Partnern die Kontakte und die Zusammenarbeit zu vertiefen, die Ziele der UN-Charta einzuhalten, die internationale Gerechtigkeit zu verteidigen und uns Versuchen entgegenzustellen, die Ergebnisse des Zweiten Weltkriegs und die Nachkriegsordnung infragezustellen.&#8221;<\/em><\/p>\n<\/blockquote>\n<p>Peking hatte diese Position bereits mehrfach betont: Bei einem Staatsbesuch des chinesischen Pr\u00e4sidenten Xi Jinping vom 7. bis 10. Mai 2025 anl\u00e4sslich der Feierlichkeiten zum Tag des Sieges <a rel=\"nofollow\" target=\"_blank\" href=\"https:\/\/de-rtnews.com\/international\/244763-sicht-aus-china-warum-moskau-und-peking-zusammenstehen\/\">unterzeichneten<\/a> China und Russland sogar eine gemeinsame Erkl\u00e4rung zur Vertiefung ihrer strategischen Partnerschaft, die eine wahrheitsgetreue Darstellung der Geschichte des Zweiten Weltkriegs zu einem festen Bestandteil der bilateralen Zusammenarbeit erkl\u00e4rt \u2013 etwa durch gemeinsame Gedenkveranstaltungen, die Suche nach den \u00dcberresten gefallener Soldaten, die Restaurierung von Gedenkst\u00e4tten sowie eine engere Zusammenarbeit in den Bereichen Bildung, Archivwesen und Medien.<\/p>\n<p>Xi <a rel=\"nofollow\" target=\"_blank\" href=\"https:\/\/de-rtnews.com\/international\/244446-hueter-der-weltordnung-xi-jinping-trifft-zu-gespraechen-mit-putin-im-kreml-ein\/\">erkl\u00e4rte<\/a> damals, beide L\u00e4nder w\u00fcrden gemeinsam f\u00fcr eine korrekte Sichtweise auf die Geschichte des Zweiten Weltkriegs sowie f\u00fcr Autorit\u00e4t und Status der Vereinten Nationen eintreten und sich f\u00fcr eine gleichberechtigte, geordnete und inklusive wirtschaftliche Globalisierung einsetzen.<\/p>\n<p>Russlands\u00a0Pr\u00e4sident Wladimir Putin hatte am 1. September <a rel=\"nofollow\" target=\"_blank\" href=\"http:\/\/kremlin.ru\/events\/president\/news\/80655\" target=\"_blank\" rel=\"noopener noreferrer\">erkl\u00e4rt<\/a>, das Potenzial der Vereinten Nationen werde bislang nicht voll ausgesch\u00f6pft, weshalb die Effizienz ihrer Arbeit gesteigert werden m\u00fcsse. Es gehe um die Herausbildung einer neuen, gerechten, multipolaren Weltordnung \u2013 dieser Prozess sei objektiv bedingt und unumkehrbar.<\/p>\n<p><strong>Mehr zum Thema<\/strong>\u00a0\u2013 <a rel=\"nofollow\" target=\"_blank\" href=\"https:\/\/de-rtnews.com\/inland\/290368-russischer-botschafter-netschajew-auf-uz\/\">Russischer Botschafter Netschajew auf UZ-Friedensfest \u2012 Gegen Geschichtsf\u00e4lschung und Russophobie<\/a><\/p>\n<div class=\"EmbedBlock-root EmbedBlock-externalVideo EmbedBlock-rumble\">\n<div class=\"VkEmbed\"><iframe class=\"lazyload\" data-src=\"https:\/\/rumble.com\/embed\/v7c8mja\" frameborder=\"0\" width=\"853\" height=\"480\" allowfullscreen><\/iframe><\/div>\n<\/div>\n<\/div>\n<p><br \/>\n<br \/><a href=\"https:\/\/de.rt.com\/international\/290552-china-keine-verfaelschung-geschichte-zweiten\/\">Source link <\/a><\/p>\n","protected":false},"excerpt":{"rendered":"<p>Die Volksrepublik China positioniert sich einmal mehr als Verteidiger der nach 1945 entstandenen internationalen Ordnung: Bei der Plenarsitzung des \u00d6stlichen Wirtschaftsforums im russischen Fernen Osten k\u00fcndigte Peking Widerstand gegen Versuche an, die Geschichte des Zweiten Weltkriegs umzuschreiben. China\u00a0verteidigt die nach dem Zweiten Weltkrieg entstandene internationale Ordnung und wird sich Versuchen entgegenstellen, die Geschichte umzuschreiben und [&hellip;]<\/p>\n","protected":false},"author":3,"featured_media":109865,"comment_status":"open","ping_status":"open","sticky":false,"template":"","format":"standard","meta":{"wp_automatic_camp":["217"],"734e41a6c095f85eb9eddbd69f10e930":["China: Geschichte des Zweiten Weltkriegs nicht verf\u00e4lschen"],"original_link":["https:\/\/de.rt.com\/international\/290552-china-keine-verfaelschung-geschichte-zweiten\/"],"_thumbnail_id":["109865"],"_wptgpro_p2tg_sent2tg":["a:1:{i:23737;s:19:\"2026-09-03 14:37:37\";}"],"jnews_social_counter_last_update":["1788446258"]},"categories":[19,23],"tags":[192,583,851,800,75986,42150,19962],"class_list":["post-109864","post","type-post","status-publish","format-standard","has-post-thumbnail","hentry","category-deutschland","category-russland","tag-china","tag-des","tag-geschichte","tag-nicht","tag-verfaelschen","tag-weltkriegs","tag-zweiten"],"yoast_head":"<!-- This site is optimized with the Yoast SEO Premium plugin v22.7 (Yoast SEO v28.2) - https:\/\/yoast.com\/product\/yoast-seo-premium-wordpress\/ -->\n<title>China: Geschichte des Zweiten Weltkriegs nicht verf\u00e4lschen - just-now.NEWS Deutschland<\/title>\n<meta name=\"robots\" content=\"index, follow, max-snippet:-1, max-image-preview:large, max-video-preview:-1\" \/>\n<link rel=\"canonical\" href=\"https:\/\/now-news.de\/de\/deutschland\/china-geschichte-des-zweiten-weltkriegs-nicht-verfaelschen\/\" \/>\n<meta property=\"og:locale\" content=\"de_DE\" \/>\n<meta property=\"og:type\" content=\"article\" \/>\n<meta property=\"og:title\" content=\"China: Geschichte des Zweiten Weltkriegs nicht verf\u00e4lschen\" \/>\n<meta property=\"og:description\" content=\"Die Volksrepublik China positioniert sich einmal mehr als Verteidiger der nach 1945 entstandenen internationalen Ordnung: Bei der Plenarsitzung des \u00d6stlichen Wirtschaftsforums im russischen Fernen Osten k\u00fcndigte Peking Widerstand gegen Versuche an, die Geschichte des Zweiten Weltkriegs umzuschreiben. China\u00a0verteidigt die nach dem Zweiten Weltkrieg entstandene internationale Ordnung und wird sich Versuchen entgegenstellen, die Geschichte umzuschreiben und [&hellip;]\" \/>\n<meta property=\"og:url\" content=\"https:\/\/now-news.de\/de\/deutschland\/china-geschichte-des-zweiten-weltkriegs-nicht-verfaelschen\/\" \/>\n<meta property=\"og:site_name\" content=\"just-now.NEWS Deutschland\" \/>\n<meta property=\"article:publisher\" content=\"https:\/\/www.facebook.com\/wirmachenauf\" \/>\n<meta property=\"article:published_time\" content=\"2026-09-03T12:27:38+00:00\" \/>\n<meta property=\"og:image\" content=\"https:\/\/now-news.de\/de\/wp-content\/uploads\/sites\/3\/2026\/09\/6a995b9f48fbef55080f4745.jpg\" \/>\n<meta name=\"author\" content=\"rtnews\" \/>\n<meta name=\"twitter:card\" content=\"summary_large_image\" \/>\n<meta name=\"twitter:creator\" content=\"@WirMachenAuf_de\" \/>\n<meta name=\"twitter:site\" content=\"@WirMachenAuf_de\" \/>\n<meta name=\"twitter:label1\" content=\"Verfasst von\" \/>\n\t<meta name=\"twitter:data1\" content=\"rtnews\" \/>\n\t<meta name=\"twitter:label2\" content=\"Gesch\u00e4tzte Lesezeit\" \/>\n\t<meta name=\"twitter:data2\" content=\"2\u00a0Minuten\" \/>\n<script type=\"application\/ld+json\" class=\"yoast-schema-graph\">{\"@context\":\"https:\\\/\\\/schema.org\",\"@graph\":[{\"@type\":\"Article\",\"@id\":\"https:\\\/\\\/now-news.de\\\/de\\\/deutschland\\\/china-geschichte-des-zweiten-weltkriegs-nicht-verfaelschen\\\/#article\",\"isPartOf\":{\"@id\":\"https:\\\/\\\/now-news.de\\\/de\\\/deutschland\\\/china-geschichte-des-zweiten-weltkriegs-nicht-verfaelschen\\\/\"},\"author\":{\"name\":\"rtnews\",\"@id\":\"https:\\\/\\\/now-news.de\\\/de\\\/#\\\/schema\\\/person\\\/fb534a4e865501d8b3285208df34a9b5\"},\"headline\":\"China: Geschichte des Zweiten Weltkriegs nicht verf\u00e4lschen\",\"datePublished\":\"2026-09-03T12:27:38+00:00\",\"mainEntityOfPage\":{\"@id\":\"https:\\\/\\\/now-news.de\\\/de\\\/deutschland\\\/china-geschichte-des-zweiten-weltkriegs-nicht-verfaelschen\\\/\"},\"wordCount\":328,\"commentCount\":0,\"publisher\":{\"@id\":\"https:\\\/\\\/now-news.de\\\/de\\\/#organization\"},\"image\":{\"@id\":\"https:\\\/\\\/now-news.de\\\/de\\\/deutschland\\\/china-geschichte-des-zweiten-weltkriegs-nicht-verfaelschen\\\/#primaryimage\"},\"thumbnailUrl\":\"https:\\\/\\\/now-news.de\\\/de\\\/wp-content\\\/uploads\\\/sites\\\/3\\\/2026\\\/09\\\/China-Geschichte-des-Zweiten-Weltkriegs-nicht-verfaelschen.jpg\",\"keywords\":[\"China\",\"des\",\"Geschichte\",\"nicht\",\"verf\u00e4lschen\",\"Weltkriegs\",\"Zweiten\"],\"articleSection\":[\"Deutschland\",\"Russland\"],\"inLanguage\":\"de\",\"potentialAction\":[{\"@type\":\"CommentAction\",\"name\":\"Comment\",\"target\":[\"https:\\\/\\\/now-news.de\\\/de\\\/deutschland\\\/china-geschichte-des-zweiten-weltkriegs-nicht-verfaelschen\\\/#respond\"]}]},{\"@type\":\"WebPage\",\"@id\":\"https:\\\/\\\/now-news.de\\\/de\\\/deutschland\\\/china-geschichte-des-zweiten-weltkriegs-nicht-verfaelschen\\\/\",\"url\":\"https:\\\/\\\/now-news.de\\\/de\\\/deutschland\\\/china-geschichte-des-zweiten-weltkriegs-nicht-verfaelschen\\\/\",\"name\":\"China: Geschichte des Zweiten Weltkriegs nicht verf\u00e4lschen - just-now.NEWS Deutschland\",\"isPartOf\":{\"@id\":\"https:\\\/\\\/now-news.de\\\/de\\\/#website\"},\"primaryImageOfPage\":{\"@id\":\"https:\\\/\\\/now-news.de\\\/de\\\/deutschland\\\/china-geschichte-des-zweiten-weltkriegs-nicht-verfaelschen\\\/#primaryimage\"},\"image\":{\"@id\":\"https:\\\/\\\/now-news.de\\\/de\\\/deutschland\\\/china-geschichte-des-zweiten-weltkriegs-nicht-verfaelschen\\\/#primaryimage\"},\"thumbnailUrl\":\"https:\\\/\\\/now-news.de\\\/de\\\/wp-content\\\/uploads\\\/sites\\\/3\\\/2026\\\/09\\\/China-Geschichte-des-Zweiten-Weltkriegs-nicht-verfaelschen.jpg\",\"datePublished\":\"2026-09-03T12:27:38+00:00\",\"breadcrumb\":{\"@id\":\"https:\\\/\\\/now-news.de\\\/de\\\/deutschland\\\/china-geschichte-des-zweiten-weltkriegs-nicht-verfaelschen\\\/#breadcrumb\"},\"inLanguage\":\"de\",\"potentialAction\":[{\"@type\":\"ReadAction\",\"target\":[\"https:\\\/\\\/now-news.de\\\/de\\\/deutschland\\\/china-geschichte-des-zweiten-weltkriegs-nicht-verfaelschen\\\/\"]}]},{\"@type\":\"ImageObject\",\"inLanguage\":\"de\",\"@id\":\"https:\\\/\\\/now-news.de\\\/de\\\/deutschland\\\/china-geschichte-des-zweiten-weltkriegs-nicht-verfaelschen\\\/#primaryimage\",\"url\":\"https:\\\/\\\/now-news.de\\\/de\\\/wp-content\\\/uploads\\\/sites\\\/3\\\/2026\\\/09\\\/China-Geschichte-des-Zweiten-Weltkriegs-nicht-verfaelschen.jpg\",\"contentUrl\":\"https:\\\/\\\/now-news.de\\\/de\\\/wp-content\\\/uploads\\\/sites\\\/3\\\/2026\\\/09\\\/China-Geschichte-des-Zweiten-Weltkriegs-nicht-verfaelschen.jpg\",\"width\":460,\"height\":259,\"caption\":\"China: Geschichte des Zweiten Weltkriegs nicht verf\u00e4lschen\"},{\"@type\":\"BreadcrumbList\",\"@id\":\"https:\\\/\\\/now-news.de\\\/de\\\/deutschland\\\/china-geschichte-des-zweiten-weltkriegs-nicht-verfaelschen\\\/#breadcrumb\",\"itemListElement\":[{\"@type\":\"ListItem\",\"position\":1,\"name\":\"Home\",\"item\":\"https:\\\/\\\/now-news.de\\\/de\\\/\"},{\"@type\":\"ListItem\",\"position\":2,\"name\":\"China: Geschichte des Zweiten Weltkriegs nicht verf\u00e4lschen\"}]},{\"@type\":\"WebSite\",\"@id\":\"https:\\\/\\\/now-news.de\\\/de\\\/#website\",\"url\":\"https:\\\/\\\/now-news.de\\\/de\\\/\",\"name\":\"just-now.NEWS Deutschland\",\"description\":\"Das Portal f\u00fcr unzensierte Nachrichten aus der Welt\",\"publisher\":{\"@id\":\"https:\\\/\\\/now-news.de\\\/de\\\/#organization\"},\"potentialAction\":[{\"@type\":\"SearchAction\",\"target\":{\"@type\":\"EntryPoint\",\"urlTemplate\":\"https:\\\/\\\/now-news.de\\\/de\\\/?s={search_term_string}\"},\"query-input\":{\"@type\":\"PropertyValueSpecification\",\"valueRequired\":true,\"valueName\":\"search_term_string\"}}],\"inLanguage\":\"de\"},{\"@type\":\"Organization\",\"@id\":\"https:\\\/\\\/now-news.de\\\/de\\\/#organization\",\"name\":\"Just Now News\",\"url\":\"https:\\\/\\\/now-news.de\\\/de\\\/\",\"logo\":{\"@type\":\"ImageObject\",\"inLanguage\":\"de\",\"@id\":\"https:\\\/\\\/now-news.de\\\/de\\\/#\\\/schema\\\/logo\\\/image\\\/\",\"url\":\"http:\\\/\\\/just-now.news\\\/de\\\/wp-content\\\/uploads\\\/sites\\\/3\\\/2022\\\/04\\\/logo500x500.jpg\",\"contentUrl\":\"http:\\\/\\\/just-now.news\\\/de\\\/wp-content\\\/uploads\\\/sites\\\/3\\\/2022\\\/04\\\/logo500x500.jpg\",\"width\":500,\"height\":500,\"caption\":\"Just Now News\"},\"image\":{\"@id\":\"https:\\\/\\\/now-news.de\\\/de\\\/#\\\/schema\\\/logo\\\/image\\\/\"},\"sameAs\":[\"https:\\\/\\\/www.facebook.com\\\/wirmachenauf\",\"https:\\\/\\\/x.com\\\/WirMachenAuf_de\"]},{\"@type\":\"Person\",\"@id\":\"https:\\\/\\\/now-news.de\\\/de\\\/#\\\/schema\\\/person\\\/fb534a4e865501d8b3285208df34a9b5\",\"name\":\"rtnews\",\"image\":{\"@type\":\"ImageObject\",\"inLanguage\":\"de\",\"@id\":\"https:\\\/\\\/secure.gravatar.com\\\/avatar\\\/358fe31b3ab5769fea05376e1953329834cd9912cf9daf607e2af3076a1b982b?s=96&d=mm&r=g\",\"url\":\"https:\\\/\\\/secure.gravatar.com\\\/avatar\\\/358fe31b3ab5769fea05376e1953329834cd9912cf9daf607e2af3076a1b982b?s=96&d=mm&r=g\",\"contentUrl\":\"https:\\\/\\\/secure.gravatar.com\\\/avatar\\\/358fe31b3ab5769fea05376e1953329834cd9912cf9daf607e2af3076a1b982b?s=96&d=mm&r=g\",\"caption\":\"rtnews\"},\"url\":\"https:\\\/\\\/now-news.de\\\/de\\\/author\\\/rnews\\\/\"}]}<\/script>\n<!-- \/ Yoast SEO Premium plugin. -->","yoast_head_json":{"title":"China: Geschichte des Zweiten Weltkriegs nicht verf\u00e4lschen - just-now.NEWS Deutschland","robots":{"index":"index","follow":"follow","max-snippet":"max-snippet:-1","max-image-preview":"max-image-preview:large","max-video-preview":"max-video-preview:-1"},"canonical":"https:\/\/now-news.de\/de\/deutschland\/china-geschichte-des-zweiten-weltkriegs-nicht-verfaelschen\/","og_locale":"de_DE","og_type":"article","og_title":"China: Geschichte des Zweiten Weltkriegs nicht verf\u00e4lschen","og_description":"Die Volksrepublik China positioniert sich einmal mehr als Verteidiger der nach 1945 entstandenen internationalen Ordnung: Bei der Plenarsitzung des \u00d6stlichen Wirtschaftsforums im russischen Fernen Osten k\u00fcndigte Peking Widerstand gegen Versuche an, die Geschichte des Zweiten Weltkriegs umzuschreiben. China\u00a0verteidigt die nach dem Zweiten Weltkrieg entstandene internationale Ordnung und wird sich Versuchen entgegenstellen, die Geschichte umzuschreiben und [&hellip;]","og_url":"https:\/\/now-news.de\/de\/deutschland\/china-geschichte-des-zweiten-weltkriegs-nicht-verfaelschen\/","og_site_name":"just-now.NEWS Deutschland","article_publisher":"https:\/\/www.facebook.com\/wirmachenauf","article_published_time":"2026-09-03T12:27:38+00:00","og_image":[{"url":"https:\/\/now-news.de\/de\/wp-content\/uploads\/sites\/3\/2026\/09\/6a995b9f48fbef55080f4745.jpg","type":"","width":"","height":""}],"author":"rtnews","twitter_card":"summary_large_image","twitter_creator":"@WirMachenAuf_de","twitter_site":"@WirMachenAuf_de","twitter_misc":{"Verfasst von":"rtnews","Gesch\u00e4tzte Lesezeit":"2\u00a0Minuten"},"schema":{"@context":"https:\/\/schema.org","@graph":[{"@type":"Article","@id":"https:\/\/now-news.de\/de\/deutschland\/china-geschichte-des-zweiten-weltkriegs-nicht-verfaelschen\/#article","isPartOf":{"@id":"https:\/\/now-news.de\/de\/deutschland\/china-geschichte-des-zweiten-weltkriegs-nicht-verfaelschen\/"},"author":{"name":"rtnews","@id":"https:\/\/now-news.de\/de\/#\/schema\/person\/fb534a4e865501d8b3285208df34a9b5"},"headline":"China: Geschichte des Zweiten Weltkriegs nicht verf\u00e4lschen","datePublished":"2026-09-03T12:27:38+00:00","mainEntityOfPage":{"@id":"https:\/\/now-news.de\/de\/deutschland\/china-geschichte-des-zweiten-weltkriegs-nicht-verfaelschen\/"},"wordCount":328,"commentCount":0,"publisher":{"@id":"https:\/\/now-news.de\/de\/#organization"},"image":{"@id":"https:\/\/now-news.de\/de\/deutschland\/china-geschichte-des-zweiten-weltkriegs-nicht-verfaelschen\/#primaryimage"},"thumbnailUrl":"https:\/\/now-news.de\/de\/wp-content\/uploads\/sites\/3\/2026\/09\/China-Geschichte-des-Zweiten-Weltkriegs-nicht-verfaelschen.jpg","keywords":["China","des","Geschichte","nicht","verf\u00e4lschen","Weltkriegs","Zweiten"],"articleSection":["Deutschland","Russland"],"inLanguage":"de","potentialAction":[{"@type":"CommentAction","name":"Comment","target":["https:\/\/now-news.de\/de\/deutschland\/china-geschichte-des-zweiten-weltkriegs-nicht-verfaelschen\/#respond"]}]},{"@type":"WebPage","@id":"https:\/\/now-news.de\/de\/deutschland\/china-geschichte-des-zweiten-weltkriegs-nicht-verfaelschen\/","url":"https:\/\/now-news.de\/de\/deutschland\/china-geschichte-des-zweiten-weltkriegs-nicht-verfaelschen\/","name":"China: Geschichte des Zweiten Weltkriegs nicht verf\u00e4lschen - just-now.NEWS Deutschland","isPartOf":{"@id":"https:\/\/now-news.de\/de\/#website"},"primaryImageOfPage":{"@id":"https:\/\/now-news.de\/de\/deutschland\/china-geschichte-des-zweiten-weltkriegs-nicht-verfaelschen\/#primaryimage"},"image":{"@id":"https:\/\/now-news.de\/de\/deutschland\/china-geschichte-des-zweiten-weltkriegs-nicht-verfaelschen\/#primaryimage"},"thumbnailUrl":"https:\/\/now-news.de\/de\/wp-content\/uploads\/sites\/3\/2026\/09\/China-Geschichte-des-Zweiten-Weltkriegs-nicht-verfaelschen.jpg","datePublished":"2026-09-03T12:27:38+00:00","breadcrumb":{"@id":"https:\/\/now-news.de\/de\/deutschland\/china-geschichte-des-zweiten-weltkriegs-nicht-verfaelschen\/#breadcrumb"},"inLanguage":"de","potentialAction":[{"@type":"ReadAction","target":["https:\/\/now-news.de\/de\/deutschland\/china-geschichte-des-zweiten-weltkriegs-nicht-verfaelschen\/"]}]},{"@type":"ImageObject","inLanguage":"de","@id":"https:\/\/now-news.de\/de\/deutschland\/china-geschichte-des-zweiten-weltkriegs-nicht-verfaelschen\/#primaryimage","url":"https:\/\/now-news.de\/de\/wp-content\/uploads\/sites\/3\/2026\/09\/China-Geschichte-des-Zweiten-Weltkriegs-nicht-verfaelschen.jpg","contentUrl":"https:\/\/now-news.de\/de\/wp-content\/uploads\/sites\/3\/2026\/09\/China-Geschichte-des-Zweiten-Weltkriegs-nicht-verfaelschen.jpg","width":460,"height":259,"caption":"China: Geschichte des Zweiten Weltkriegs nicht verf\u00e4lschen"},{"@type":"BreadcrumbList","@id":"https:\/\/now-news.de\/de\/deutschland\/china-geschichte-des-zweiten-weltkriegs-nicht-verfaelschen\/#breadcrumb","itemListElement":[{"@type":"ListItem","position":1,"name":"Home","item":"https:\/\/now-news.de\/de\/"},{"@type":"ListItem","position":2,"name":"China: Geschichte des Zweiten Weltkriegs nicht verf\u00e4lschen"}]},{"@type":"WebSite","@id":"https:\/\/now-news.de\/de\/#website","url":"https:\/\/now-news.de\/de\/","name":"just-now.NEWS Deutschland","description":"Das Portal f\u00fcr unzensierte Nachrichten aus der Welt","publisher":{"@id":"https:\/\/now-news.de\/de\/#organization"},"potentialAction":[{"@type":"SearchAction","target":{"@type":"EntryPoint","urlTemplate":"https:\/\/now-news.de\/de\/?s={search_term_string}"},"query-input":{"@type":"PropertyValueSpecification","valueRequired":true,"valueName":"search_term_string"}}],"inLanguage":"de"},{"@type":"Organization","@id":"https:\/\/now-news.de\/de\/#organization","name":"Just Now News","url":"https:\/\/now-news.de\/de\/","logo":{"@type":"ImageObject","inLanguage":"de","@id":"https:\/\/now-news.de\/de\/#\/schema\/logo\/image\/","url":"http:\/\/just-now.news\/de\/wp-content\/uploads\/sites\/3\/2022\/04\/logo500x500.jpg","contentUrl":"http:\/\/just-now.news\/de\/wp-content\/uploads\/sites\/3\/2022\/04\/logo500x500.jpg","width":500,"height":500,"caption":"Just Now News"},"image":{"@id":"https:\/\/now-news.de\/de\/#\/schema\/logo\/image\/"},"sameAs":["https:\/\/www.facebook.com\/wirmachenauf","https:\/\/x.com\/WirMachenAuf_de"]},{"@type":"Person","@id":"https:\/\/now-news.de\/de\/#\/schema\/person\/fb534a4e865501d8b3285208df34a9b5","name":"rtnews","image":{"@type":"ImageObject","inLanguage":"de","@id":"https:\/\/secure.gravatar.com\/avatar\/358fe31b3ab5769fea05376e1953329834cd9912cf9daf607e2af3076a1b982b?s=96&d=mm&r=g","url":"https:\/\/secure.gravatar.com\/avatar\/358fe31b3ab5769fea05376e1953329834cd9912cf9daf607e2af3076a1b982b?s=96&d=mm&r=g","contentUrl":"https:\/\/secure.gravatar.com\/avatar\/358fe31b3ab5769fea05376e1953329834cd9912cf9daf607e2af3076a1b982b?s=96&d=mm&r=g","caption":"rtnews"},"url":"https:\/\/now-news.de\/de\/author\/rnews\/"}]}},"_links":{"self":[{"href":"https:\/\/now-news.de\/de\/wp-json\/wp\/v2\/posts\/109864","targetHints":{"allow":["GET"]}}],"collection":[{"href":"https:\/\/now-news.de\/de\/wp-json\/wp\/v2\/posts"}],"about":[{"href":"https:\/\/now-news.de\/de\/wp-json\/wp\/v2\/types\/post"}],"author":[{"embeddable":true,"href":"https:\/\/now-news.de\/de\/wp-json\/wp\/v2\/users\/3"}],"replies":[{"embeddable":true,"href":"https:\/\/now-news.de\/de\/wp-json\/wp\/v2\/comments?post=109864"}],"version-history":[{"count":0,"href":"https:\/\/now-news.de\/de\/wp-json\/wp\/v2\/posts\/109864\/revisions"}],"wp:featuredmedia":[{"embeddable":true,"href":"https:\/\/now-news.de\/de\/wp-json\/wp\/v2\/media\/109865"}],"wp:attachment":[{"href":"https:\/\/now-news.de\/de\/wp-json\/wp\/v2\/media?parent=109864"}],"wp:term":[{"taxonomy":"category","embeddable":true,"href":"https:\/\/now-news.de\/de\/wp-json\/wp\/v2\/categories?post=109864"},{"taxonomy":"post_tag","embeddable":true,"href":"https:\/\/now-news.de\/de\/wp-json\/wp\/v2\/tags?post=109864"}],"curies":[{"name":"wp","href":"https:\/\/api.w.org\/{rel}","templated":true}]}}