{"id":109848,"date":"2026-09-03T10:48:34","date_gmt":"2026-09-03T08:48:34","guid":{"rendered":"https:\/\/now-news.de\/de\/deutschland\/nordische-laender-bauen-zusammenarbeit-bei-katastrophenvorsorge-aus\/"},"modified":"2026-09-03T10:48:34","modified_gmt":"2026-09-03T08:48:34","slug":"nordische-laender-bauen-zusammenarbeit-bei-katastrophenvorsorge-aus","status":"publish","type":"post","link":"https:\/\/now-news.de\/de\/deutschland\/nordische-laender-bauen-zusammenarbeit-bei-katastrophenvorsorge-aus\/","title":{"rendered":"Nordische L\u00e4nder bauen Zusammenarbeit bei Katastrophenvorsorge aus"},"content":{"rendered":"<p><img decoding=\"async\" src=\"https:\/\/now-news.de\/de\/wp-content\/uploads\/sites\/3\/2026\/09\/6a984f8948fbef3fcb7cc837.jpg\" \/><\/p>\n<div class=\"Text-root Text-type_1 \">\n                Die nordischen L\u00e4nder einigen sich darauf, ihre Kooperation bei der Versorgungssicherheit in Kriegszeiten zu verst\u00e4rken. Dabei gehe es unter anderem um die Aufrechterhaltung der Produktion und Logistik lebenswichtiger G\u00fcter, wie das BusinessPortal Norwegen berichtet.\n            <\/div>\n<p><\/p>\n<div class=\"Text-root Text-type_5 ArticleView-text ViewText-root \">\n<p>In einer gemeinsamen Erkl\u00e4rung haben sich Norwegen, Schweden, Finnland, Island und D\u00e4nemark sowie \u00c5land, die F\u00e4r\u00f6er-Inseln und Gr\u00f6nland bereit erkl\u00e4rt, bei der Versorgungssicherheit und der Katastrophenvorsorge verst\u00e4rkt zusammenzuarbeiten. Die Nachrichtenseite <em>BusinessPortal Norwegen<\/em>\u00a0<a rel=\"nofollow\" target=\"_blank\" href=\"https:\/\/businessportal-norwegen.com\/2026\/09\/02\/nordische-laender-verstaerken-zusammenarbeit-im-bereich-der-versorgungssicherheit\/\" target=\"_blank\" rel=\"noopener noreferrer\">berichtet<\/a> dar\u00fcber am Mittwoch.<\/p>\n<p>Wie es hei\u00dft, einigten sich die nordischen L\u00e4nder darauf, die Kooperation zur Aufrechterhaltung der Produktion, Logistik und des Vertriebs lebenswichtiger G\u00fcter und Dienstleistungen in Krisen- und Kriegszeiten weiter auszubauen. Die Zusammenarbeit werde im Nordic Security of Supply Network (NSSN) verankert sein, das 2023 gegr\u00fcndet wurde. Es werde unter anderem eine Studie \u00fcber die M\u00f6glichkeiten einer weiteren Zusammenarbeit erarbeitet, hei\u00dft es weiter im Bericht.<\/p>\n<p>Dank der j\u00fcngst unterzeichneten Erkl\u00e4rung k\u00f6nne die verst\u00e4rkte Zusammenarbeit in folgenden Bereichen erleichtert werden:<\/p>\n<ul>\n<li>Weiterentwicklung von Systemen zur Sicherstellung des Waren- und Dienstleistungsflusses in Krisen- und Kriegszeiten;<\/li>\n<li>\u00d6ffentlich-private Zusammenarbeit in den Bereichen Versorgungssicherheit und Notfallvorsorge;<\/li>\n<li>Notfalllagerung und Materialbereitschaft;<\/li>\n<li>Zugang zu kritischen Rohstoffen und strategischen Ressourcen;<\/li>\n<li>Austausch von Erfahrungen und Wissen zwischen den L\u00e4ndern.<\/li>\n<\/ul>\n<p>Wie die norwegische Handels- und Industrieministerin Cecilie Myrseth feststellte, k\u00f6nne dies f\u00fcr die Industrie in Krisenzeiten zu mehr Sicherheit und einem besseren Zugang zu Rohstoffen und Fachkr\u00e4ften beitragen. Der Warenverkehr \u00fcber die nordischen Grenzen hinweg k\u00f6nne fortgesetzt werden.<\/p>\n<p>&#8220;Auch unsere Exportindustrien profitieren in Krisen- und Kriegszeiten von einer h\u00f6heren Planbarkeit&#8221;, so die Ministerin weiter. &#8220;Wir begr\u00fc\u00dfen diese Initiative daher und freuen uns auf den weiteren Ausbau der Zusammenarbeit mit unseren nordischen Nachbarn&#8221;, f\u00fcgte sie hinzu.<\/p>\n<p>&#8220;Eine starke Gesellschaft braucht eine zuverl\u00e4ssige Versorgung&#8221;, <a rel=\"nofollow\" target=\"_blank\" href=\"https:\/\/www.government.se\/press-releases\/2026\/09\/nordic-countries-sign-joint-nordic-declaration-on-security-of-supply\/\" target=\"_blank\" rel=\"noopener noreferrer\">meinte<\/a>\u00a0Schwedens Minister f\u00fcr Zivilschutz, Carl-Oskar Bohlin, laut einer Mitteilung der schwedischen Regierung. Durch engere Zusammenarbeit k\u00f6nnten die nordischen L\u00e4nder die gesamte Region st\u00e4rken und die F\u00e4higkeit verbessern, Herausforderungen vorzubeugen und sie zu bew\u00e4ltigen.<\/p>\n<p>Man werde gemeinsam sicherstellen, dass Menschen und Organisationen auch in schweren Krisen Zugang zu den ben\u00f6tigten G\u00fctern und Dienstleistungen erhalten, betonte der Minister.<\/p>\n<p><strong>Mehr zum Thema<\/strong>\u00a0\u2012 <a rel=\"nofollow\" target=\"_blank\" href=\"https:\/\/freedert.online\/europa\/290321-harter-rueckschlag-fuer-bruessel-islaender\/\">Harter R\u00fcckschlag f\u00fcr Br\u00fcssel: Isl\u00e4nder lehnen einen Beitritt zur EU ab\u00a0<\/a><\/p>\n<div class=\"EmbedBlock-root EmbedBlock-externalVideo EmbedBlock-rumble\">\n<div class=\"VkEmbed\"><iframe class=\"lazyload\" data-src=\"https:\/\/rumble.com\/embed\/v7ct56i\" frameborder=\"0\" width=\"853\" height=\"480\" allowfullscreen><\/iframe><\/div>\n<\/div>\n<\/div>\n<p><br \/>\n<br \/><a href=\"https:\/\/de.rt.com\/international\/290472-nordische-laender-bauen-zusammenarbeit-bei\/\">Source link <\/a><\/p>\n","protected":false},"excerpt":{"rendered":"<p>Die nordischen L\u00e4nder einigen sich darauf, ihre Kooperation bei der Versorgungssicherheit in Kriegszeiten zu verst\u00e4rken. Dabei gehe es unter anderem um die Aufrechterhaltung der Produktion und Logistik lebenswichtiger G\u00fcter, wie das BusinessPortal Norwegen berichtet. In einer gemeinsamen Erkl\u00e4rung haben sich Norwegen, Schweden, Finnland, Island und D\u00e4nemark sowie \u00c5land, die F\u00e4r\u00f6er-Inseln und Gr\u00f6nland bereit erkl\u00e4rt, bei [&hellip;]<\/p>\n","protected":false},"author":3,"featured_media":109849,"comment_status":"open","ping_status":"open","sticky":false,"template":"","format":"standard","meta":{"wp_automatic_camp":["217"],"9e135dfb250386c644f8ce41ff00b3ad":["Nordische L\u00e4nder bauen Zusammenarbeit bei Katastrophenvorsorge aus"],"original_link":["https:\/\/de.rt.com\/international\/290472-nordische-laender-bauen-zusammenarbeit-bei\/"],"_thumbnail_id":["109849"],"_wptgpro_p2tg_sent2tg":["a:1:{i:23737;s:19:\"2026-09-03 11:08:31\";}"],"jnews_social_counter_last_update":["1788433712"]},"categories":[19,23],"tags":[679,5644,363,75983,10013,71537,5645],"class_list":["post-109848","post","type-post","status-publish","format-standard","has-post-thumbnail","hentry","category-deutschland","category-russland","tag-aus","tag-bauen","tag-bei","tag-katastrophenvorsorge","tag-laender","tag-nordische","tag-zusammenarbeit"],"yoast_head":"<!-- This site is optimized with the Yoast SEO Premium plugin v22.7 (Yoast SEO v28.2) - https:\/\/yoast.com\/product\/yoast-seo-premium-wordpress\/ -->\n<title>Nordische L\u00e4nder bauen Zusammenarbeit bei Katastrophenvorsorge aus - just-now.NEWS Deutschland<\/title>\n<meta name=\"robots\" content=\"index, follow, max-snippet:-1, max-image-preview:large, max-video-preview:-1\" \/>\n<link rel=\"canonical\" href=\"https:\/\/now-news.de\/de\/deutschland\/nordische-laender-bauen-zusammenarbeit-bei-katastrophenvorsorge-aus\/\" \/>\n<meta property=\"og:locale\" content=\"de_DE\" \/>\n<meta property=\"og:type\" content=\"article\" \/>\n<meta property=\"og:title\" content=\"Nordische L\u00e4nder bauen Zusammenarbeit bei Katastrophenvorsorge aus\" \/>\n<meta property=\"og:description\" content=\"Die nordischen L\u00e4nder einigen sich darauf, ihre Kooperation bei der Versorgungssicherheit in Kriegszeiten zu verst\u00e4rken. Dabei gehe es unter anderem um die Aufrechterhaltung der Produktion und Logistik lebenswichtiger G\u00fcter, wie das BusinessPortal Norwegen berichtet. In einer gemeinsamen Erkl\u00e4rung haben sich Norwegen, Schweden, Finnland, Island und D\u00e4nemark sowie \u00c5land, die F\u00e4r\u00f6er-Inseln und Gr\u00f6nland bereit erkl\u00e4rt, bei [&hellip;]\" \/>\n<meta property=\"og:url\" content=\"https:\/\/now-news.de\/de\/deutschland\/nordische-laender-bauen-zusammenarbeit-bei-katastrophenvorsorge-aus\/\" \/>\n<meta property=\"og:site_name\" content=\"just-now.NEWS Deutschland\" \/>\n<meta property=\"article:publisher\" content=\"https:\/\/www.facebook.com\/wirmachenauf\" \/>\n<meta property=\"article:published_time\" content=\"2026-09-03T08:48:34+00:00\" \/>\n<meta property=\"og:image\" content=\"https:\/\/now-news.de\/de\/wp-content\/uploads\/sites\/3\/2026\/09\/6a984f8948fbef3fcb7cc837.jpg\" \/>\n<meta name=\"author\" content=\"rtnews\" \/>\n<meta name=\"twitter:card\" content=\"summary_large_image\" \/>\n<meta name=\"twitter:creator\" content=\"@WirMachenAuf_de\" \/>\n<meta name=\"twitter:site\" content=\"@WirMachenAuf_de\" \/>\n<meta name=\"twitter:label1\" content=\"Verfasst von\" \/>\n\t<meta name=\"twitter:data1\" content=\"rtnews\" \/>\n\t<meta name=\"twitter:label2\" content=\"Gesch\u00e4tzte Lesezeit\" \/>\n\t<meta name=\"twitter:data2\" content=\"2\u00a0Minuten\" \/>\n<script type=\"application\/ld+json\" class=\"yoast-schema-graph\">{\"@context\":\"https:\\\/\\\/schema.org\",\"@graph\":[{\"@type\":\"Article\",\"@id\":\"https:\\\/\\\/now-news.de\\\/de\\\/deutschland\\\/nordische-laender-bauen-zusammenarbeit-bei-katastrophenvorsorge-aus\\\/#article\",\"isPartOf\":{\"@id\":\"https:\\\/\\\/now-news.de\\\/de\\\/deutschland\\\/nordische-laender-bauen-zusammenarbeit-bei-katastrophenvorsorge-aus\\\/\"},\"author\":{\"name\":\"rtnews\",\"@id\":\"https:\\\/\\\/now-news.de\\\/de\\\/#\\\/schema\\\/person\\\/fb534a4e865501d8b3285208df34a9b5\"},\"headline\":\"Nordische L\u00e4nder bauen Zusammenarbeit bei Katastrophenvorsorge aus\",\"datePublished\":\"2026-09-03T08:48:34+00:00\",\"mainEntityOfPage\":{\"@id\":\"https:\\\/\\\/now-news.de\\\/de\\\/deutschland\\\/nordische-laender-bauen-zusammenarbeit-bei-katastrophenvorsorge-aus\\\/\"},\"wordCount\":391,\"commentCount\":0,\"publisher\":{\"@id\":\"https:\\\/\\\/now-news.de\\\/de\\\/#organization\"},\"image\":{\"@id\":\"https:\\\/\\\/now-news.de\\\/de\\\/deutschland\\\/nordische-laender-bauen-zusammenarbeit-bei-katastrophenvorsorge-aus\\\/#primaryimage\"},\"thumbnailUrl\":\"https:\\\/\\\/now-news.de\\\/de\\\/wp-content\\\/uploads\\\/sites\\\/3\\\/2026\\\/09\\\/Nordische-Laender-bauen-Zusammenarbeit-bei-Katastrophenvorsorge-aus.jpg\",\"keywords\":[\"aus\",\"bauen\",\"bei\",\"Katastrophenvorsorge\",\"L\u00e4nder\",\"Nordische\",\"Zusammenarbeit\"],\"articleSection\":[\"Deutschland\",\"Russland\"],\"inLanguage\":\"de\",\"potentialAction\":[{\"@type\":\"CommentAction\",\"name\":\"Comment\",\"target\":[\"https:\\\/\\\/now-news.de\\\/de\\\/deutschland\\\/nordische-laender-bauen-zusammenarbeit-bei-katastrophenvorsorge-aus\\\/#respond\"]}]},{\"@type\":\"WebPage\",\"@id\":\"https:\\\/\\\/now-news.de\\\/de\\\/deutschland\\\/nordische-laender-bauen-zusammenarbeit-bei-katastrophenvorsorge-aus\\\/\",\"url\":\"https:\\\/\\\/now-news.de\\\/de\\\/deutschland\\\/nordische-laender-bauen-zusammenarbeit-bei-katastrophenvorsorge-aus\\\/\",\"name\":\"Nordische L\u00e4nder bauen Zusammenarbeit bei Katastrophenvorsorge aus - just-now.NEWS Deutschland\",\"isPartOf\":{\"@id\":\"https:\\\/\\\/now-news.de\\\/de\\\/#website\"},\"primaryImageOfPage\":{\"@id\":\"https:\\\/\\\/now-news.de\\\/de\\\/deutschland\\\/nordische-laender-bauen-zusammenarbeit-bei-katastrophenvorsorge-aus\\\/#primaryimage\"},\"image\":{\"@id\":\"https:\\\/\\\/now-news.de\\\/de\\\/deutschland\\\/nordische-laender-bauen-zusammenarbeit-bei-katastrophenvorsorge-aus\\\/#primaryimage\"},\"thumbnailUrl\":\"https:\\\/\\\/now-news.de\\\/de\\\/wp-content\\\/uploads\\\/sites\\\/3\\\/2026\\\/09\\\/Nordische-Laender-bauen-Zusammenarbeit-bei-Katastrophenvorsorge-aus.jpg\",\"datePublished\":\"2026-09-03T08:48:34+00:00\",\"breadcrumb\":{\"@id\":\"https:\\\/\\\/now-news.de\\\/de\\\/deutschland\\\/nordische-laender-bauen-zusammenarbeit-bei-katastrophenvorsorge-aus\\\/#breadcrumb\"},\"inLanguage\":\"de\",\"potentialAction\":[{\"@type\":\"ReadAction\",\"target\":[\"https:\\\/\\\/now-news.de\\\/de\\\/deutschland\\\/nordische-laender-bauen-zusammenarbeit-bei-katastrophenvorsorge-aus\\\/\"]}]},{\"@type\":\"ImageObject\",\"inLanguage\":\"de\",\"@id\":\"https:\\\/\\\/now-news.de\\\/de\\\/deutschland\\\/nordische-laender-bauen-zusammenarbeit-bei-katastrophenvorsorge-aus\\\/#primaryimage\",\"url\":\"https:\\\/\\\/now-news.de\\\/de\\\/wp-content\\\/uploads\\\/sites\\\/3\\\/2026\\\/09\\\/Nordische-Laender-bauen-Zusammenarbeit-bei-Katastrophenvorsorge-aus.jpg\",\"contentUrl\":\"https:\\\/\\\/now-news.de\\\/de\\\/wp-content\\\/uploads\\\/sites\\\/3\\\/2026\\\/09\\\/Nordische-Laender-bauen-Zusammenarbeit-bei-Katastrophenvorsorge-aus.jpg\",\"width\":460,\"height\":259,\"caption\":\"Nordische L\u00e4nder bauen Zusammenarbeit bei Katastrophenvorsorge aus\"},{\"@type\":\"BreadcrumbList\",\"@id\":\"https:\\\/\\\/now-news.de\\\/de\\\/deutschland\\\/nordische-laender-bauen-zusammenarbeit-bei-katastrophenvorsorge-aus\\\/#breadcrumb\",\"itemListElement\":[{\"@type\":\"ListItem\",\"position\":1,\"name\":\"Home\",\"item\":\"https:\\\/\\\/now-news.de\\\/de\\\/\"},{\"@type\":\"ListItem\",\"position\":2,\"name\":\"Nordische L\u00e4nder bauen Zusammenarbeit bei Katastrophenvorsorge aus\"}]},{\"@type\":\"WebSite\",\"@id\":\"https:\\\/\\\/now-news.de\\\/de\\\/#website\",\"url\":\"https:\\\/\\\/now-news.de\\\/de\\\/\",\"name\":\"just-now.NEWS Deutschland\",\"description\":\"Das Portal f\u00fcr unzensierte Nachrichten aus der Welt\",\"publisher\":{\"@id\":\"https:\\\/\\\/now-news.de\\\/de\\\/#organization\"},\"potentialAction\":[{\"@type\":\"SearchAction\",\"target\":{\"@type\":\"EntryPoint\",\"urlTemplate\":\"https:\\\/\\\/now-news.de\\\/de\\\/?s={search_term_string}\"},\"query-input\":{\"@type\":\"PropertyValueSpecification\",\"valueRequired\":true,\"valueName\":\"search_term_string\"}}],\"inLanguage\":\"de\"},{\"@type\":\"Organization\",\"@id\":\"https:\\\/\\\/now-news.de\\\/de\\\/#organization\",\"name\":\"Just Now News\",\"url\":\"https:\\\/\\\/now-news.de\\\/de\\\/\",\"logo\":{\"@type\":\"ImageObject\",\"inLanguage\":\"de\",\"@id\":\"https:\\\/\\\/now-news.de\\\/de\\\/#\\\/schema\\\/logo\\\/image\\\/\",\"url\":\"http:\\\/\\\/just-now.news\\\/de\\\/wp-content\\\/uploads\\\/sites\\\/3\\\/2022\\\/04\\\/logo500x500.jpg\",\"contentUrl\":\"http:\\\/\\\/just-now.news\\\/de\\\/wp-content\\\/uploads\\\/sites\\\/3\\\/2022\\\/04\\\/logo500x500.jpg\",\"width\":500,\"height\":500,\"caption\":\"Just Now News\"},\"image\":{\"@id\":\"https:\\\/\\\/now-news.de\\\/de\\\/#\\\/schema\\\/logo\\\/image\\\/\"},\"sameAs\":[\"https:\\\/\\\/www.facebook.com\\\/wirmachenauf\",\"https:\\\/\\\/x.com\\\/WirMachenAuf_de\"]},{\"@type\":\"Person\",\"@id\":\"https:\\\/\\\/now-news.de\\\/de\\\/#\\\/schema\\\/person\\\/fb534a4e865501d8b3285208df34a9b5\",\"name\":\"rtnews\",\"image\":{\"@type\":\"ImageObject\",\"inLanguage\":\"de\",\"@id\":\"https:\\\/\\\/secure.gravatar.com\\\/avatar\\\/358fe31b3ab5769fea05376e1953329834cd9912cf9daf607e2af3076a1b982b?s=96&d=mm&r=g\",\"url\":\"https:\\\/\\\/secure.gravatar.com\\\/avatar\\\/358fe31b3ab5769fea05376e1953329834cd9912cf9daf607e2af3076a1b982b?s=96&d=mm&r=g\",\"contentUrl\":\"https:\\\/\\\/secure.gravatar.com\\\/avatar\\\/358fe31b3ab5769fea05376e1953329834cd9912cf9daf607e2af3076a1b982b?s=96&d=mm&r=g\",\"caption\":\"rtnews\"},\"url\":\"https:\\\/\\\/now-news.de\\\/de\\\/author\\\/rnews\\\/\"}]}<\/script>\n<!-- \/ Yoast SEO Premium plugin. -->","yoast_head_json":{"title":"Nordische L\u00e4nder bauen Zusammenarbeit bei Katastrophenvorsorge aus - just-now.NEWS Deutschland","robots":{"index":"index","follow":"follow","max-snippet":"max-snippet:-1","max-image-preview":"max-image-preview:large","max-video-preview":"max-video-preview:-1"},"canonical":"https:\/\/now-news.de\/de\/deutschland\/nordische-laender-bauen-zusammenarbeit-bei-katastrophenvorsorge-aus\/","og_locale":"de_DE","og_type":"article","og_title":"Nordische L\u00e4nder bauen Zusammenarbeit bei Katastrophenvorsorge aus","og_description":"Die nordischen L\u00e4nder einigen sich darauf, ihre Kooperation bei der Versorgungssicherheit in Kriegszeiten zu verst\u00e4rken. Dabei gehe es unter anderem um die Aufrechterhaltung der Produktion und Logistik lebenswichtiger G\u00fcter, wie das BusinessPortal Norwegen berichtet. In einer gemeinsamen Erkl\u00e4rung haben sich Norwegen, Schweden, Finnland, Island und D\u00e4nemark sowie \u00c5land, die F\u00e4r\u00f6er-Inseln und Gr\u00f6nland bereit erkl\u00e4rt, bei [&hellip;]","og_url":"https:\/\/now-news.de\/de\/deutschland\/nordische-laender-bauen-zusammenarbeit-bei-katastrophenvorsorge-aus\/","og_site_name":"just-now.NEWS Deutschland","article_publisher":"https:\/\/www.facebook.com\/wirmachenauf","article_published_time":"2026-09-03T08:48:34+00:00","og_image":[{"url":"https:\/\/now-news.de\/de\/wp-content\/uploads\/sites\/3\/2026\/09\/6a984f8948fbef3fcb7cc837.jpg","type":"","width":"","height":""}],"author":"rtnews","twitter_card":"summary_large_image","twitter_creator":"@WirMachenAuf_de","twitter_site":"@WirMachenAuf_de","twitter_misc":{"Verfasst von":"rtnews","Gesch\u00e4tzte Lesezeit":"2\u00a0Minuten"},"schema":{"@context":"https:\/\/schema.org","@graph":[{"@type":"Article","@id":"https:\/\/now-news.de\/de\/deutschland\/nordische-laender-bauen-zusammenarbeit-bei-katastrophenvorsorge-aus\/#article","isPartOf":{"@id":"https:\/\/now-news.de\/de\/deutschland\/nordische-laender-bauen-zusammenarbeit-bei-katastrophenvorsorge-aus\/"},"author":{"name":"rtnews","@id":"https:\/\/now-news.de\/de\/#\/schema\/person\/fb534a4e865501d8b3285208df34a9b5"},"headline":"Nordische L\u00e4nder bauen Zusammenarbeit bei Katastrophenvorsorge aus","datePublished":"2026-09-03T08:48:34+00:00","mainEntityOfPage":{"@id":"https:\/\/now-news.de\/de\/deutschland\/nordische-laender-bauen-zusammenarbeit-bei-katastrophenvorsorge-aus\/"},"wordCount":391,"commentCount":0,"publisher":{"@id":"https:\/\/now-news.de\/de\/#organization"},"image":{"@id":"https:\/\/now-news.de\/de\/deutschland\/nordische-laender-bauen-zusammenarbeit-bei-katastrophenvorsorge-aus\/#primaryimage"},"thumbnailUrl":"https:\/\/now-news.de\/de\/wp-content\/uploads\/sites\/3\/2026\/09\/Nordische-Laender-bauen-Zusammenarbeit-bei-Katastrophenvorsorge-aus.jpg","keywords":["aus","bauen","bei","Katastrophenvorsorge","L\u00e4nder","Nordische","Zusammenarbeit"],"articleSection":["Deutschland","Russland"],"inLanguage":"de","potentialAction":[{"@type":"CommentAction","name":"Comment","target":["https:\/\/now-news.de\/de\/deutschland\/nordische-laender-bauen-zusammenarbeit-bei-katastrophenvorsorge-aus\/#respond"]}]},{"@type":"WebPage","@id":"https:\/\/now-news.de\/de\/deutschland\/nordische-laender-bauen-zusammenarbeit-bei-katastrophenvorsorge-aus\/","url":"https:\/\/now-news.de\/de\/deutschland\/nordische-laender-bauen-zusammenarbeit-bei-katastrophenvorsorge-aus\/","name":"Nordische L\u00e4nder bauen Zusammenarbeit bei Katastrophenvorsorge aus - just-now.NEWS Deutschland","isPartOf":{"@id":"https:\/\/now-news.de\/de\/#website"},"primaryImageOfPage":{"@id":"https:\/\/now-news.de\/de\/deutschland\/nordische-laender-bauen-zusammenarbeit-bei-katastrophenvorsorge-aus\/#primaryimage"},"image":{"@id":"https:\/\/now-news.de\/de\/deutschland\/nordische-laender-bauen-zusammenarbeit-bei-katastrophenvorsorge-aus\/#primaryimage"},"thumbnailUrl":"https:\/\/now-news.de\/de\/wp-content\/uploads\/sites\/3\/2026\/09\/Nordische-Laender-bauen-Zusammenarbeit-bei-Katastrophenvorsorge-aus.jpg","datePublished":"2026-09-03T08:48:34+00:00","breadcrumb":{"@id":"https:\/\/now-news.de\/de\/deutschland\/nordische-laender-bauen-zusammenarbeit-bei-katastrophenvorsorge-aus\/#breadcrumb"},"inLanguage":"de","potentialAction":[{"@type":"ReadAction","target":["https:\/\/now-news.de\/de\/deutschland\/nordische-laender-bauen-zusammenarbeit-bei-katastrophenvorsorge-aus\/"]}]},{"@type":"ImageObject","inLanguage":"de","@id":"https:\/\/now-news.de\/de\/deutschland\/nordische-laender-bauen-zusammenarbeit-bei-katastrophenvorsorge-aus\/#primaryimage","url":"https:\/\/now-news.de\/de\/wp-content\/uploads\/sites\/3\/2026\/09\/Nordische-Laender-bauen-Zusammenarbeit-bei-Katastrophenvorsorge-aus.jpg","contentUrl":"https:\/\/now-news.de\/de\/wp-content\/uploads\/sites\/3\/2026\/09\/Nordische-Laender-bauen-Zusammenarbeit-bei-Katastrophenvorsorge-aus.jpg","width":460,"height":259,"caption":"Nordische L\u00e4nder bauen Zusammenarbeit bei Katastrophenvorsorge aus"},{"@type":"BreadcrumbList","@id":"https:\/\/now-news.de\/de\/deutschland\/nordische-laender-bauen-zusammenarbeit-bei-katastrophenvorsorge-aus\/#breadcrumb","itemListElement":[{"@type":"ListItem","position":1,"name":"Home","item":"https:\/\/now-news.de\/de\/"},{"@type":"ListItem","position":2,"name":"Nordische L\u00e4nder bauen Zusammenarbeit bei Katastrophenvorsorge aus"}]},{"@type":"WebSite","@id":"https:\/\/now-news.de\/de\/#website","url":"https:\/\/now-news.de\/de\/","name":"just-now.NEWS Deutschland","description":"Das Portal f\u00fcr unzensierte Nachrichten aus der Welt","publisher":{"@id":"https:\/\/now-news.de\/de\/#organization"},"potentialAction":[{"@type":"SearchAction","target":{"@type":"EntryPoint","urlTemplate":"https:\/\/now-news.de\/de\/?s={search_term_string}"},"query-input":{"@type":"PropertyValueSpecification","valueRequired":true,"valueName":"search_term_string"}}],"inLanguage":"de"},{"@type":"Organization","@id":"https:\/\/now-news.de\/de\/#organization","name":"Just Now News","url":"https:\/\/now-news.de\/de\/","logo":{"@type":"ImageObject","inLanguage":"de","@id":"https:\/\/now-news.de\/de\/#\/schema\/logo\/image\/","url":"http:\/\/just-now.news\/de\/wp-content\/uploads\/sites\/3\/2022\/04\/logo500x500.jpg","contentUrl":"http:\/\/just-now.news\/de\/wp-content\/uploads\/sites\/3\/2022\/04\/logo500x500.jpg","width":500,"height":500,"caption":"Just Now News"},"image":{"@id":"https:\/\/now-news.de\/de\/#\/schema\/logo\/image\/"},"sameAs":["https:\/\/www.facebook.com\/wirmachenauf","https:\/\/x.com\/WirMachenAuf_de"]},{"@type":"Person","@id":"https:\/\/now-news.de\/de\/#\/schema\/person\/fb534a4e865501d8b3285208df34a9b5","name":"rtnews","image":{"@type":"ImageObject","inLanguage":"de","@id":"https:\/\/secure.gravatar.com\/avatar\/358fe31b3ab5769fea05376e1953329834cd9912cf9daf607e2af3076a1b982b?s=96&d=mm&r=g","url":"https:\/\/secure.gravatar.com\/avatar\/358fe31b3ab5769fea05376e1953329834cd9912cf9daf607e2af3076a1b982b?s=96&d=mm&r=g","contentUrl":"https:\/\/secure.gravatar.com\/avatar\/358fe31b3ab5769fea05376e1953329834cd9912cf9daf607e2af3076a1b982b?s=96&d=mm&r=g","caption":"rtnews"},"url":"https:\/\/now-news.de\/de\/author\/rnews\/"}]}},"_links":{"self":[{"href":"https:\/\/now-news.de\/de\/wp-json\/wp\/v2\/posts\/109848","targetHints":{"allow":["GET"]}}],"collection":[{"href":"https:\/\/now-news.de\/de\/wp-json\/wp\/v2\/posts"}],"about":[{"href":"https:\/\/now-news.de\/de\/wp-json\/wp\/v2\/types\/post"}],"author":[{"embeddable":true,"href":"https:\/\/now-news.de\/de\/wp-json\/wp\/v2\/users\/3"}],"replies":[{"embeddable":true,"href":"https:\/\/now-news.de\/de\/wp-json\/wp\/v2\/comments?post=109848"}],"version-history":[{"count":0,"href":"https:\/\/now-news.de\/de\/wp-json\/wp\/v2\/posts\/109848\/revisions"}],"wp:featuredmedia":[{"embeddable":true,"href":"https:\/\/now-news.de\/de\/wp-json\/wp\/v2\/media\/109849"}],"wp:attachment":[{"href":"https:\/\/now-news.de\/de\/wp-json\/wp\/v2\/media?parent=109848"}],"wp:term":[{"taxonomy":"category","embeddable":true,"href":"https:\/\/now-news.de\/de\/wp-json\/wp\/v2\/categories?post=109848"},{"taxonomy":"post_tag","embeddable":true,"href":"https:\/\/now-news.de\/de\/wp-json\/wp\/v2\/tags?post=109848"}],"curies":[{"name":"wp","href":"https:\/\/api.w.org\/{rel}","templated":true}]}}