{"id":109846,"date":"2026-09-03T10:49:14","date_gmt":"2026-09-03T08:49:14","guid":{"rendered":"https:\/\/now-news.de\/de\/deutschland\/anschlagsversuch-auf-ruestungsunternehmen-in-muenchen-vermutet-zwei-festnahmen\/"},"modified":"2026-09-03T10:49:14","modified_gmt":"2026-09-03T08:49:14","slug":"anschlagsversuch-auf-ruestungsunternehmen-in-muenchen-vermutet-zwei-festnahmen","status":"publish","type":"post","link":"https:\/\/now-news.de\/de\/deutschland\/anschlagsversuch-auf-ruestungsunternehmen-in-muenchen-vermutet-zwei-festnahmen\/","title":{"rendered":"Anschlagsversuch auf R\u00fcstungsunternehmen in M\u00fcnchen vermutet \u2013 zwei Festnahmen"},"content":{"rendered":"<p><img decoding=\"async\" src=\"https:\/\/now-news.de\/de\/wp-content\/uploads\/sites\/3\/2026\/09\/6a99299fb480cc196d49467d.jpg\" \/><\/p>\n<div class=\"Text-root Text-type_1 \">\n                Nach einer Brandattacke auf eine Baustelle in M\u00fcnchen vermuten die Ermittler einen Anschlagsversuch auf ein Unternehmen aus dem R\u00fcstungsbereich. Das Bayerische Landeskriminalamt (LKA) hat deshalb die Ermittlungen \u00fcbernommen.\n            <\/div>\n<p><\/p>\n<div class=\"Text-root Text-type_5 ArticleView-text ViewText-root \">\n<p>In der Nacht zu Donnerstag ist in M\u00fcnchen ein mutma\u00dflicher Brandanschlag auf ein R\u00fcstungsunternehmen gescheitert. Das Bayerische Landeskriminalamt (BLKA), das die Ermittlungen \u00fcbernommen hat, geht von einem m\u00f6glichen Anschlagsversuch mit politischem Hintergrund aus.<\/p>\n<p>Gegen Mitternacht alarmierte ein Passant die Polizei, nachdem er beobachtet hatte, wie aus einem Auto heraus mehrere Brands\u00e4tze auf eine Baustelle in der M\u00fchldorfstra\u00dfe im Stadtteil Berg am Laim geworfen wurden, berichtet die\u00a0<em>S\u00fcddeutsche<\/em>\u00a0<em>Zeitung (SZ).<\/em> In unmittelbarer N\u00e4he befinden sich unter anderem die R\u00fcstungsunternehmen Rohde &amp; Schwarz und Helsing.<\/p>\n<p>Nach Angaben der M\u00fcnchner Polizei wurde einer der Brands\u00e4tze von den eintreffenden Beamten gel\u00f6scht. Mindestens ein weiterer Brandsatz, der nicht gez\u00fcndet hatte, wurde sp\u00e4ter von Spezialisten des Bayerischen Landeskriminalamts (BLKA) entsch\u00e4rft. Dies best\u00e4tigte ein Sprecher der Beh\u00f6rde gegen\u00fcber der <em>SZ<\/em>.<\/p>\n<p>Bei der umgehend eingeleiteten Fahndung nahm die Polizei zwei Tatverd\u00e4chtige fest: eine 28-j\u00e4hrige Frau und einen 38-j\u00e4hrigen Mann. Beide haben die bulgarische Staatsangeh\u00f6rigkeit.<\/p>\n<p data-pm-slice=\"1 1 []\">Dem Vernehmen nach wurden die Brands\u00e4tze vor der Firmenzentrale von Rohde &amp; Schwarz aus einem Auto geworfen. Der Hauptsitz des Drohnenherstellers Helsing liegt schr\u00e4g gegen\u00fcber. Deswegen wird durch die Ermittler auch ein politischer Hintergrund der Aktion gepr\u00fcft. Rohde &amp; Schwarz entwickelt unter anderem Kommunikationssysteme f\u00fcr Beh\u00f6rden und die Bundeswehr. Das 2021 gegr\u00fcndete Start-up Helsing ist vor allem auf die Entwicklung von Drohnen und Verteidigungstechnologien spezialisiert.<\/p>\n<p data-pm-slice=\"1 1 []\">Bereits gestern\u00a0hatte ein mutma\u00dflicher Anschlagsversuch im Rheinland f\u00fcr Aufsehen gesorgt. Nach einer St\u00f6rung an einem Umspannwerk im Rhein-Erft-Kreis bei K\u00f6ln ging die Polizei von einer vors\u00e4tzlichen Tat aus. In der Folge mussten f\u00fcnf Kraftwerksbl\u00f6cke vom Netz genommen werden.<\/p>\n<p data-pm-slice=\"1 1 []\"><strong>Mehr zum Thema<\/strong>\u00a0\u2013 <a rel=\"nofollow\" target=\"_blank\" href=\"https:\/\/freedert.online\/russland\/290527-moskau-schliesst-goethe-institut-in\/\" target=\"_blank\" rel=\"noopener noreferrer\">Moskau schlie\u00dft alle drei Goethe-Institute in Russland<\/a><\/p>\n<div class=\"EmbedBlock-root EmbedBlock-externalVideo EmbedBlock-rumble\">\n<div class=\"VkEmbed\"><iframe class=\"lazyload\" data-src=\"https:\/\/rumble.com\/embed\/v7cto54\" frameborder=\"0\" width=\"853\" height=\"480\" allowfullscreen><\/iframe><\/div>\n<\/div>\n<\/div>\n<p><br \/>\n<br \/><a href=\"https:\/\/de.rt.com\/inland\/290539-anschlagsversuch-auf-ruestungsunternehmen-in-muenchen\/\">Source link <\/a><\/p>\n","protected":false},"excerpt":{"rendered":"<p>Nach einer Brandattacke auf eine Baustelle in M\u00fcnchen vermuten die Ermittler einen Anschlagsversuch auf ein Unternehmen aus dem R\u00fcstungsbereich. Das Bayerische Landeskriminalamt (LKA) hat deshalb die Ermittlungen \u00fcbernommen. In der Nacht zu Donnerstag ist in M\u00fcnchen ein mutma\u00dflicher Brandanschlag auf ein R\u00fcstungsunternehmen gescheitert. Das Bayerische Landeskriminalamt (BLKA), das die Ermittlungen \u00fcbernommen hat, geht von einem [&hellip;]<\/p>\n","protected":false},"author":3,"featured_media":109847,"comment_status":"open","ping_status":"open","sticky":false,"template":"","format":"standard","meta":{"wp_automatic_camp":["217"],"b2b4e3f8cc12c9b808e51b25b887f540":["Anschlagsversuch auf R\u00fcstungsunternehmen in M\u00fcnchen vermutet \u2013 zwei Festnahmen"],"original_link":["https:\/\/de.rt.com\/inland\/290539-anschlagsversuch-auf-ruestungsunternehmen-in-muenchen\/"],"_thumbnail_id":["109847"],"_wptgpro_p2tg_sent2tg":["a:1:{i:23737;s:19:\"2026-09-03 10:52:30\";}"],"jnews_social_counter_last_update":["1788432750"]},"categories":[19,23],"tags":[30819,133,16580,2003,30189,20359,1003],"class_list":["post-109846","post","type-post","status-publish","format-standard","has-post-thumbnail","hentry","category-deutschland","category-russland","tag-anschlagsversuch","tag-auf","tag-festnahmen","tag-muenchen","tag-ruestungsunternehmen","tag-vermutet","tag-zwei"],"yoast_head":"<!-- This site is optimized with the Yoast SEO Premium plugin v22.7 (Yoast SEO v28.2) - https:\/\/yoast.com\/product\/yoast-seo-premium-wordpress\/ -->\n<title>Anschlagsversuch auf R\u00fcstungsunternehmen in M\u00fcnchen vermutet \u2013 zwei Festnahmen - just-now.NEWS Deutschland<\/title>\n<meta name=\"robots\" content=\"index, follow, max-snippet:-1, max-image-preview:large, max-video-preview:-1\" \/>\n<link rel=\"canonical\" href=\"https:\/\/now-news.de\/de\/deutschland\/anschlagsversuch-auf-ruestungsunternehmen-in-muenchen-vermutet-zwei-festnahmen\/\" \/>\n<meta property=\"og:locale\" content=\"de_DE\" \/>\n<meta property=\"og:type\" content=\"article\" \/>\n<meta property=\"og:title\" content=\"Anschlagsversuch auf R\u00fcstungsunternehmen in M\u00fcnchen vermutet \u2013 zwei Festnahmen\" \/>\n<meta property=\"og:description\" content=\"Nach einer Brandattacke auf eine Baustelle in M\u00fcnchen vermuten die Ermittler einen Anschlagsversuch auf ein Unternehmen aus dem R\u00fcstungsbereich. Das Bayerische Landeskriminalamt (LKA) hat deshalb die Ermittlungen \u00fcbernommen. In der Nacht zu Donnerstag ist in M\u00fcnchen ein mutma\u00dflicher Brandanschlag auf ein R\u00fcstungsunternehmen gescheitert. Das Bayerische Landeskriminalamt (BLKA), das die Ermittlungen \u00fcbernommen hat, geht von einem [&hellip;]\" \/>\n<meta property=\"og:url\" content=\"https:\/\/now-news.de\/de\/deutschland\/anschlagsversuch-auf-ruestungsunternehmen-in-muenchen-vermutet-zwei-festnahmen\/\" \/>\n<meta property=\"og:site_name\" content=\"just-now.NEWS Deutschland\" \/>\n<meta property=\"article:publisher\" content=\"https:\/\/www.facebook.com\/wirmachenauf\" \/>\n<meta property=\"article:published_time\" content=\"2026-09-03T08:49:14+00:00\" \/>\n<meta property=\"og:image\" content=\"https:\/\/now-news.de\/de\/wp-content\/uploads\/sites\/3\/2026\/09\/6a99299fb480cc196d49467d.jpg\" \/>\n<meta name=\"author\" content=\"rtnews\" \/>\n<meta name=\"twitter:card\" content=\"summary_large_image\" \/>\n<meta name=\"twitter:creator\" content=\"@WirMachenAuf_de\" \/>\n<meta name=\"twitter:site\" content=\"@WirMachenAuf_de\" \/>\n<meta name=\"twitter:label1\" content=\"Verfasst von\" \/>\n\t<meta name=\"twitter:data1\" content=\"rtnews\" \/>\n\t<meta name=\"twitter:label2\" content=\"Gesch\u00e4tzte Lesezeit\" \/>\n\t<meta name=\"twitter:data2\" content=\"2\u00a0Minuten\" \/>\n<script type=\"application\/ld+json\" class=\"yoast-schema-graph\">{\"@context\":\"https:\\\/\\\/schema.org\",\"@graph\":[{\"@type\":\"Article\",\"@id\":\"https:\\\/\\\/now-news.de\\\/de\\\/deutschland\\\/anschlagsversuch-auf-ruestungsunternehmen-in-muenchen-vermutet-zwei-festnahmen\\\/#article\",\"isPartOf\":{\"@id\":\"https:\\\/\\\/now-news.de\\\/de\\\/deutschland\\\/anschlagsversuch-auf-ruestungsunternehmen-in-muenchen-vermutet-zwei-festnahmen\\\/\"},\"author\":{\"name\":\"rtnews\",\"@id\":\"https:\\\/\\\/now-news.de\\\/de\\\/#\\\/schema\\\/person\\\/fb534a4e865501d8b3285208df34a9b5\"},\"headline\":\"Anschlagsversuch auf R\u00fcstungsunternehmen in M\u00fcnchen vermutet \u2013 zwei Festnahmen\",\"datePublished\":\"2026-09-03T08:49:14+00:00\",\"mainEntityOfPage\":{\"@id\":\"https:\\\/\\\/now-news.de\\\/de\\\/deutschland\\\/anschlagsversuch-auf-ruestungsunternehmen-in-muenchen-vermutet-zwei-festnahmen\\\/\"},\"wordCount\":340,\"commentCount\":0,\"publisher\":{\"@id\":\"https:\\\/\\\/now-news.de\\\/de\\\/#organization\"},\"image\":{\"@id\":\"https:\\\/\\\/now-news.de\\\/de\\\/deutschland\\\/anschlagsversuch-auf-ruestungsunternehmen-in-muenchen-vermutet-zwei-festnahmen\\\/#primaryimage\"},\"thumbnailUrl\":\"https:\\\/\\\/now-news.de\\\/de\\\/wp-content\\\/uploads\\\/sites\\\/3\\\/2026\\\/09\\\/Anschlagsversuch-auf-Ruestungsunternehmen-in-Muenchen-vermutet-\u2013-zwei-Festnahmen.jpg\",\"keywords\":[\"Anschlagsversuch\",\"AUF\",\"Festnahmen\",\"M\u00fcnchen\",\"R\u00fcstungsunternehmen\",\"vermutet\",\"zwei\"],\"articleSection\":[\"Deutschland\",\"Russland\"],\"inLanguage\":\"de\",\"potentialAction\":[{\"@type\":\"CommentAction\",\"name\":\"Comment\",\"target\":[\"https:\\\/\\\/now-news.de\\\/de\\\/deutschland\\\/anschlagsversuch-auf-ruestungsunternehmen-in-muenchen-vermutet-zwei-festnahmen\\\/#respond\"]}]},{\"@type\":\"WebPage\",\"@id\":\"https:\\\/\\\/now-news.de\\\/de\\\/deutschland\\\/anschlagsversuch-auf-ruestungsunternehmen-in-muenchen-vermutet-zwei-festnahmen\\\/\",\"url\":\"https:\\\/\\\/now-news.de\\\/de\\\/deutschland\\\/anschlagsversuch-auf-ruestungsunternehmen-in-muenchen-vermutet-zwei-festnahmen\\\/\",\"name\":\"Anschlagsversuch auf R\u00fcstungsunternehmen in M\u00fcnchen vermutet \u2013 zwei Festnahmen - just-now.NEWS Deutschland\",\"isPartOf\":{\"@id\":\"https:\\\/\\\/now-news.de\\\/de\\\/#website\"},\"primaryImageOfPage\":{\"@id\":\"https:\\\/\\\/now-news.de\\\/de\\\/deutschland\\\/anschlagsversuch-auf-ruestungsunternehmen-in-muenchen-vermutet-zwei-festnahmen\\\/#primaryimage\"},\"image\":{\"@id\":\"https:\\\/\\\/now-news.de\\\/de\\\/deutschland\\\/anschlagsversuch-auf-ruestungsunternehmen-in-muenchen-vermutet-zwei-festnahmen\\\/#primaryimage\"},\"thumbnailUrl\":\"https:\\\/\\\/now-news.de\\\/de\\\/wp-content\\\/uploads\\\/sites\\\/3\\\/2026\\\/09\\\/Anschlagsversuch-auf-Ruestungsunternehmen-in-Muenchen-vermutet-\u2013-zwei-Festnahmen.jpg\",\"datePublished\":\"2026-09-03T08:49:14+00:00\",\"breadcrumb\":{\"@id\":\"https:\\\/\\\/now-news.de\\\/de\\\/deutschland\\\/anschlagsversuch-auf-ruestungsunternehmen-in-muenchen-vermutet-zwei-festnahmen\\\/#breadcrumb\"},\"inLanguage\":\"de\",\"potentialAction\":[{\"@type\":\"ReadAction\",\"target\":[\"https:\\\/\\\/now-news.de\\\/de\\\/deutschland\\\/anschlagsversuch-auf-ruestungsunternehmen-in-muenchen-vermutet-zwei-festnahmen\\\/\"]}]},{\"@type\":\"ImageObject\",\"inLanguage\":\"de\",\"@id\":\"https:\\\/\\\/now-news.de\\\/de\\\/deutschland\\\/anschlagsversuch-auf-ruestungsunternehmen-in-muenchen-vermutet-zwei-festnahmen\\\/#primaryimage\",\"url\":\"https:\\\/\\\/now-news.de\\\/de\\\/wp-content\\\/uploads\\\/sites\\\/3\\\/2026\\\/09\\\/Anschlagsversuch-auf-Ruestungsunternehmen-in-Muenchen-vermutet-\u2013-zwei-Festnahmen.jpg\",\"contentUrl\":\"https:\\\/\\\/now-news.de\\\/de\\\/wp-content\\\/uploads\\\/sites\\\/3\\\/2026\\\/09\\\/Anschlagsversuch-auf-Ruestungsunternehmen-in-Muenchen-vermutet-\u2013-zwei-Festnahmen.jpg\",\"width\":460,\"height\":259,\"caption\":\"Anschlagsversuch auf R\u00fcstungsunternehmen in M\u00fcnchen vermutet \u2013 zwei Festnahmen\"},{\"@type\":\"BreadcrumbList\",\"@id\":\"https:\\\/\\\/now-news.de\\\/de\\\/deutschland\\\/anschlagsversuch-auf-ruestungsunternehmen-in-muenchen-vermutet-zwei-festnahmen\\\/#breadcrumb\",\"itemListElement\":[{\"@type\":\"ListItem\",\"position\":1,\"name\":\"Home\",\"item\":\"https:\\\/\\\/now-news.de\\\/de\\\/\"},{\"@type\":\"ListItem\",\"position\":2,\"name\":\"Anschlagsversuch auf R\u00fcstungsunternehmen in M\u00fcnchen vermutet \u2013 zwei Festnahmen\"}]},{\"@type\":\"WebSite\",\"@id\":\"https:\\\/\\\/now-news.de\\\/de\\\/#website\",\"url\":\"https:\\\/\\\/now-news.de\\\/de\\\/\",\"name\":\"just-now.NEWS Deutschland\",\"description\":\"Das Portal f\u00fcr unzensierte Nachrichten aus der Welt\",\"publisher\":{\"@id\":\"https:\\\/\\\/now-news.de\\\/de\\\/#organization\"},\"potentialAction\":[{\"@type\":\"SearchAction\",\"target\":{\"@type\":\"EntryPoint\",\"urlTemplate\":\"https:\\\/\\\/now-news.de\\\/de\\\/?s={search_term_string}\"},\"query-input\":{\"@type\":\"PropertyValueSpecification\",\"valueRequired\":true,\"valueName\":\"search_term_string\"}}],\"inLanguage\":\"de\"},{\"@type\":\"Organization\",\"@id\":\"https:\\\/\\\/now-news.de\\\/de\\\/#organization\",\"name\":\"Just Now News\",\"url\":\"https:\\\/\\\/now-news.de\\\/de\\\/\",\"logo\":{\"@type\":\"ImageObject\",\"inLanguage\":\"de\",\"@id\":\"https:\\\/\\\/now-news.de\\\/de\\\/#\\\/schema\\\/logo\\\/image\\\/\",\"url\":\"http:\\\/\\\/just-now.news\\\/de\\\/wp-content\\\/uploads\\\/sites\\\/3\\\/2022\\\/04\\\/logo500x500.jpg\",\"contentUrl\":\"http:\\\/\\\/just-now.news\\\/de\\\/wp-content\\\/uploads\\\/sites\\\/3\\\/2022\\\/04\\\/logo500x500.jpg\",\"width\":500,\"height\":500,\"caption\":\"Just Now News\"},\"image\":{\"@id\":\"https:\\\/\\\/now-news.de\\\/de\\\/#\\\/schema\\\/logo\\\/image\\\/\"},\"sameAs\":[\"https:\\\/\\\/www.facebook.com\\\/wirmachenauf\",\"https:\\\/\\\/x.com\\\/WirMachenAuf_de\"]},{\"@type\":\"Person\",\"@id\":\"https:\\\/\\\/now-news.de\\\/de\\\/#\\\/schema\\\/person\\\/fb534a4e865501d8b3285208df34a9b5\",\"name\":\"rtnews\",\"image\":{\"@type\":\"ImageObject\",\"inLanguage\":\"de\",\"@id\":\"https:\\\/\\\/secure.gravatar.com\\\/avatar\\\/358fe31b3ab5769fea05376e1953329834cd9912cf9daf607e2af3076a1b982b?s=96&d=mm&r=g\",\"url\":\"https:\\\/\\\/secure.gravatar.com\\\/avatar\\\/358fe31b3ab5769fea05376e1953329834cd9912cf9daf607e2af3076a1b982b?s=96&d=mm&r=g\",\"contentUrl\":\"https:\\\/\\\/secure.gravatar.com\\\/avatar\\\/358fe31b3ab5769fea05376e1953329834cd9912cf9daf607e2af3076a1b982b?s=96&d=mm&r=g\",\"caption\":\"rtnews\"},\"url\":\"https:\\\/\\\/now-news.de\\\/de\\\/author\\\/rnews\\\/\"}]}<\/script>\n<!-- \/ Yoast SEO Premium plugin. -->","yoast_head_json":{"title":"Anschlagsversuch auf R\u00fcstungsunternehmen in M\u00fcnchen vermutet \u2013 zwei Festnahmen - just-now.NEWS Deutschland","robots":{"index":"index","follow":"follow","max-snippet":"max-snippet:-1","max-image-preview":"max-image-preview:large","max-video-preview":"max-video-preview:-1"},"canonical":"https:\/\/now-news.de\/de\/deutschland\/anschlagsversuch-auf-ruestungsunternehmen-in-muenchen-vermutet-zwei-festnahmen\/","og_locale":"de_DE","og_type":"article","og_title":"Anschlagsversuch auf R\u00fcstungsunternehmen in M\u00fcnchen vermutet \u2013 zwei Festnahmen","og_description":"Nach einer Brandattacke auf eine Baustelle in M\u00fcnchen vermuten die Ermittler einen Anschlagsversuch auf ein Unternehmen aus dem R\u00fcstungsbereich. Das Bayerische Landeskriminalamt (LKA) hat deshalb die Ermittlungen \u00fcbernommen. In der Nacht zu Donnerstag ist in M\u00fcnchen ein mutma\u00dflicher Brandanschlag auf ein R\u00fcstungsunternehmen gescheitert. Das Bayerische Landeskriminalamt (BLKA), das die Ermittlungen \u00fcbernommen hat, geht von einem [&hellip;]","og_url":"https:\/\/now-news.de\/de\/deutschland\/anschlagsversuch-auf-ruestungsunternehmen-in-muenchen-vermutet-zwei-festnahmen\/","og_site_name":"just-now.NEWS Deutschland","article_publisher":"https:\/\/www.facebook.com\/wirmachenauf","article_published_time":"2026-09-03T08:49:14+00:00","og_image":[{"url":"https:\/\/now-news.de\/de\/wp-content\/uploads\/sites\/3\/2026\/09\/6a99299fb480cc196d49467d.jpg","type":"","width":"","height":""}],"author":"rtnews","twitter_card":"summary_large_image","twitter_creator":"@WirMachenAuf_de","twitter_site":"@WirMachenAuf_de","twitter_misc":{"Verfasst von":"rtnews","Gesch\u00e4tzte Lesezeit":"2\u00a0Minuten"},"schema":{"@context":"https:\/\/schema.org","@graph":[{"@type":"Article","@id":"https:\/\/now-news.de\/de\/deutschland\/anschlagsversuch-auf-ruestungsunternehmen-in-muenchen-vermutet-zwei-festnahmen\/#article","isPartOf":{"@id":"https:\/\/now-news.de\/de\/deutschland\/anschlagsversuch-auf-ruestungsunternehmen-in-muenchen-vermutet-zwei-festnahmen\/"},"author":{"name":"rtnews","@id":"https:\/\/now-news.de\/de\/#\/schema\/person\/fb534a4e865501d8b3285208df34a9b5"},"headline":"Anschlagsversuch auf R\u00fcstungsunternehmen in M\u00fcnchen vermutet \u2013 zwei Festnahmen","datePublished":"2026-09-03T08:49:14+00:00","mainEntityOfPage":{"@id":"https:\/\/now-news.de\/de\/deutschland\/anschlagsversuch-auf-ruestungsunternehmen-in-muenchen-vermutet-zwei-festnahmen\/"},"wordCount":340,"commentCount":0,"publisher":{"@id":"https:\/\/now-news.de\/de\/#organization"},"image":{"@id":"https:\/\/now-news.de\/de\/deutschland\/anschlagsversuch-auf-ruestungsunternehmen-in-muenchen-vermutet-zwei-festnahmen\/#primaryimage"},"thumbnailUrl":"https:\/\/now-news.de\/de\/wp-content\/uploads\/sites\/3\/2026\/09\/Anschlagsversuch-auf-Ruestungsunternehmen-in-Muenchen-vermutet-\u2013-zwei-Festnahmen.jpg","keywords":["Anschlagsversuch","AUF","Festnahmen","M\u00fcnchen","R\u00fcstungsunternehmen","vermutet","zwei"],"articleSection":["Deutschland","Russland"],"inLanguage":"de","potentialAction":[{"@type":"CommentAction","name":"Comment","target":["https:\/\/now-news.de\/de\/deutschland\/anschlagsversuch-auf-ruestungsunternehmen-in-muenchen-vermutet-zwei-festnahmen\/#respond"]}]},{"@type":"WebPage","@id":"https:\/\/now-news.de\/de\/deutschland\/anschlagsversuch-auf-ruestungsunternehmen-in-muenchen-vermutet-zwei-festnahmen\/","url":"https:\/\/now-news.de\/de\/deutschland\/anschlagsversuch-auf-ruestungsunternehmen-in-muenchen-vermutet-zwei-festnahmen\/","name":"Anschlagsversuch auf R\u00fcstungsunternehmen in M\u00fcnchen vermutet \u2013 zwei Festnahmen - just-now.NEWS Deutschland","isPartOf":{"@id":"https:\/\/now-news.de\/de\/#website"},"primaryImageOfPage":{"@id":"https:\/\/now-news.de\/de\/deutschland\/anschlagsversuch-auf-ruestungsunternehmen-in-muenchen-vermutet-zwei-festnahmen\/#primaryimage"},"image":{"@id":"https:\/\/now-news.de\/de\/deutschland\/anschlagsversuch-auf-ruestungsunternehmen-in-muenchen-vermutet-zwei-festnahmen\/#primaryimage"},"thumbnailUrl":"https:\/\/now-news.de\/de\/wp-content\/uploads\/sites\/3\/2026\/09\/Anschlagsversuch-auf-Ruestungsunternehmen-in-Muenchen-vermutet-\u2013-zwei-Festnahmen.jpg","datePublished":"2026-09-03T08:49:14+00:00","breadcrumb":{"@id":"https:\/\/now-news.de\/de\/deutschland\/anschlagsversuch-auf-ruestungsunternehmen-in-muenchen-vermutet-zwei-festnahmen\/#breadcrumb"},"inLanguage":"de","potentialAction":[{"@type":"ReadAction","target":["https:\/\/now-news.de\/de\/deutschland\/anschlagsversuch-auf-ruestungsunternehmen-in-muenchen-vermutet-zwei-festnahmen\/"]}]},{"@type":"ImageObject","inLanguage":"de","@id":"https:\/\/now-news.de\/de\/deutschland\/anschlagsversuch-auf-ruestungsunternehmen-in-muenchen-vermutet-zwei-festnahmen\/#primaryimage","url":"https:\/\/now-news.de\/de\/wp-content\/uploads\/sites\/3\/2026\/09\/Anschlagsversuch-auf-Ruestungsunternehmen-in-Muenchen-vermutet-\u2013-zwei-Festnahmen.jpg","contentUrl":"https:\/\/now-news.de\/de\/wp-content\/uploads\/sites\/3\/2026\/09\/Anschlagsversuch-auf-Ruestungsunternehmen-in-Muenchen-vermutet-\u2013-zwei-Festnahmen.jpg","width":460,"height":259,"caption":"Anschlagsversuch auf R\u00fcstungsunternehmen in M\u00fcnchen vermutet \u2013 zwei Festnahmen"},{"@type":"BreadcrumbList","@id":"https:\/\/now-news.de\/de\/deutschland\/anschlagsversuch-auf-ruestungsunternehmen-in-muenchen-vermutet-zwei-festnahmen\/#breadcrumb","itemListElement":[{"@type":"ListItem","position":1,"name":"Home","item":"https:\/\/now-news.de\/de\/"},{"@type":"ListItem","position":2,"name":"Anschlagsversuch auf R\u00fcstungsunternehmen in M\u00fcnchen vermutet \u2013 zwei Festnahmen"}]},{"@type":"WebSite","@id":"https:\/\/now-news.de\/de\/#website","url":"https:\/\/now-news.de\/de\/","name":"just-now.NEWS Deutschland","description":"Das Portal f\u00fcr unzensierte Nachrichten aus der Welt","publisher":{"@id":"https:\/\/now-news.de\/de\/#organization"},"potentialAction":[{"@type":"SearchAction","target":{"@type":"EntryPoint","urlTemplate":"https:\/\/now-news.de\/de\/?s={search_term_string}"},"query-input":{"@type":"PropertyValueSpecification","valueRequired":true,"valueName":"search_term_string"}}],"inLanguage":"de"},{"@type":"Organization","@id":"https:\/\/now-news.de\/de\/#organization","name":"Just Now News","url":"https:\/\/now-news.de\/de\/","logo":{"@type":"ImageObject","inLanguage":"de","@id":"https:\/\/now-news.de\/de\/#\/schema\/logo\/image\/","url":"http:\/\/just-now.news\/de\/wp-content\/uploads\/sites\/3\/2022\/04\/logo500x500.jpg","contentUrl":"http:\/\/just-now.news\/de\/wp-content\/uploads\/sites\/3\/2022\/04\/logo500x500.jpg","width":500,"height":500,"caption":"Just Now News"},"image":{"@id":"https:\/\/now-news.de\/de\/#\/schema\/logo\/image\/"},"sameAs":["https:\/\/www.facebook.com\/wirmachenauf","https:\/\/x.com\/WirMachenAuf_de"]},{"@type":"Person","@id":"https:\/\/now-news.de\/de\/#\/schema\/person\/fb534a4e865501d8b3285208df34a9b5","name":"rtnews","image":{"@type":"ImageObject","inLanguage":"de","@id":"https:\/\/secure.gravatar.com\/avatar\/358fe31b3ab5769fea05376e1953329834cd9912cf9daf607e2af3076a1b982b?s=96&d=mm&r=g","url":"https:\/\/secure.gravatar.com\/avatar\/358fe31b3ab5769fea05376e1953329834cd9912cf9daf607e2af3076a1b982b?s=96&d=mm&r=g","contentUrl":"https:\/\/secure.gravatar.com\/avatar\/358fe31b3ab5769fea05376e1953329834cd9912cf9daf607e2af3076a1b982b?s=96&d=mm&r=g","caption":"rtnews"},"url":"https:\/\/now-news.de\/de\/author\/rnews\/"}]}},"_links":{"self":[{"href":"https:\/\/now-news.de\/de\/wp-json\/wp\/v2\/posts\/109846","targetHints":{"allow":["GET"]}}],"collection":[{"href":"https:\/\/now-news.de\/de\/wp-json\/wp\/v2\/posts"}],"about":[{"href":"https:\/\/now-news.de\/de\/wp-json\/wp\/v2\/types\/post"}],"author":[{"embeddable":true,"href":"https:\/\/now-news.de\/de\/wp-json\/wp\/v2\/users\/3"}],"replies":[{"embeddable":true,"href":"https:\/\/now-news.de\/de\/wp-json\/wp\/v2\/comments?post=109846"}],"version-history":[{"count":0,"href":"https:\/\/now-news.de\/de\/wp-json\/wp\/v2\/posts\/109846\/revisions"}],"wp:featuredmedia":[{"embeddable":true,"href":"https:\/\/now-news.de\/de\/wp-json\/wp\/v2\/media\/109847"}],"wp:attachment":[{"href":"https:\/\/now-news.de\/de\/wp-json\/wp\/v2\/media?parent=109846"}],"wp:term":[{"taxonomy":"category","embeddable":true,"href":"https:\/\/now-news.de\/de\/wp-json\/wp\/v2\/categories?post=109846"},{"taxonomy":"post_tag","embeddable":true,"href":"https:\/\/now-news.de\/de\/wp-json\/wp\/v2\/tags?post=109846"}],"curies":[{"name":"wp","href":"https:\/\/api.w.org\/{rel}","templated":true}]}}