{"id":109832,"date":"2026-09-02T22:04:33","date_gmt":"2026-09-02T20:04:33","guid":{"rendered":"https:\/\/now-news.de\/de\/deutschland\/ukraine-hilfe-eu-prueft-antrag-auf-finanzierung-von-patriot-raketen\/"},"modified":"2026-09-02T22:04:33","modified_gmt":"2026-09-02T20:04:33","slug":"ukraine-hilfe-eu-prueft-antrag-auf-finanzierung-von-patriot-raketen","status":"publish","type":"post","link":"https:\/\/now-news.de\/de\/deutschland\/ukraine-hilfe-eu-prueft-antrag-auf-finanzierung-von-patriot-raketen\/","title":{"rendered":"Ukraine-Hilfe: EU pr\u00fcft Antrag auf Finanzierung von Patriot-Raketen"},"content":{"rendered":"<p><img decoding=\"async\" src=\"https:\/\/now-news.de\/de\/wp-content\/uploads\/sites\/3\/2026\/09\/6a982a0848fbef3a91186bf0.jpg\" \/><\/p>\n<div class=\"Text-root Text-type_1 \">\n                Die Ukraine hat die EU um mehrere Milliarden Euro f\u00fcr ihre Luftverteidigung gebeten. Die Mitgliedstaaten pr\u00fcfen derzeit den Antrag. Zus\u00e4tzlich l\u00e4uft mit der Ukraine das Raketenabwehrprojekt FREYA \u2013 erg\u00e4nzend zum bestehenden 90-Milliarden-Euro-Kredit.\n            <\/div>\n<p><\/p>\n<div class=\"Text-root Text-type_5 ArticleView-text ViewText-root \">\n<p>Die Pr\u00e4sidentin der Europ\u00e4ischen Kommission, Ursula von der Leyen, erkl\u00e4rte, die Ukraine habe einen Antrag auf &#8220;mehrere Milliarden Euro&#8221; f\u00fcr Ausgaben zur Luftverteidigung gestellt. Nach einem Treffen mit NATO-Generalsekret\u00e4r Mark Rutte am Mittwoch in Br\u00fcssel <a rel=\"nofollow\" target=\"_blank\" href=\"https:\/\/germany.representation.ec.europa.eu\/nachrichten-und-veranstaltungen\/pressemitteilungen\/kommissionsprasidentin-von-der-leyen-trifft-nato-generalsekretar-rutte-2026-09-02_de#:~:text=Unterst%C3%BCtzung%20f%C3%BCr%20die,richtige%20Richtung%20geht.%E2%80%9C\" target=\"_blank\" rel=\"noopener noreferrer\">sagte<\/a> die Kommissionschefin:<\/p>\n<blockquote>\n<p><em>&#8220;Ich kann heute best\u00e4tigen, dass wir einen neuen Zahlungsantrag erhalten haben. Er bel\u00e4uft sich auf mehrere Milliarden Euro und w\u00fcrde die Luftabwehr der Ukraine abdecken, einschlie\u00dflich der hochmodernen PAC-3-Patriot-Luftabwehrsysteme.&#8221;<\/em><\/p>\n<\/blockquote>\n<p>Von der Leyen f\u00fcgte hinzu, dass die EU-Mitgliedstaaten den Antrag derzeit pr\u00fcften und dass er in die richtige Richtung gehe.<\/p>\n<p>Sie teilte zudem mit, dass in Europa jetzt gemeinsam mit der Ukraine am Projekt FREYA gearbeitet werde, das darauf abzielt, ein eigenes europ\u00e4isches Raketenabwehrsystem aufzubauen.<\/p>\n<p>Von der Leyen erg\u00e4nzte, all dies komme zus\u00e4tzlich zu dem bereits laufenden Unterst\u00fctzungskredit f\u00fcr die Ukraine in H\u00f6he von 90 Milliarden Euro hinzu, aus dem die EU der Ukraine seit Juni bereits rund 8,5 Milliarden Euro f\u00fcr den Kauf von Drohnen und Raketen ausgezahlt hat. Die Mittel sollten k\u00fcnftig auch f\u00fcr den Erwerb von Kampfjets europ\u00e4ischer Produktion verwendet werden.<\/p>\n<p>Zuvor hatte die Europ\u00e4ische Kommission anl\u00e4sslich des 35. Jahrestags der ukrainischen Unabh\u00e4ngigkeit betont, der Ukraine und ihrer Bev\u00f6lkerung sei seit Kriegsbeginn eine beispiellose humanit\u00e4re, finanzielle und milit\u00e4rische Hilfe zuteilgeworden. Auf der offiziellen Webseite der Kommission <a rel=\"nofollow\" target=\"_blank\" href=\"https:\/\/commission.europa.eu\/news-and-media\/news\/eu-reaffirms-solidarity-ukraine-35th-anniversary-regained-independence-2026-08-24_en\" target=\"_blank\" rel=\"noopener noreferrer\">hie\u00df<\/a> es, dass sich der Gesamtumfang dieser Unterst\u00fctzung mittlerweile auf 220,2 Milliarden Euro belaufe.<\/p>\n<p><strong>Mehr zum Thema\u00a0<\/strong>\u2013 <a rel=\"nofollow\" target=\"_blank\" href=\"https:\/\/de-rtnews.com\/europa\/289366-wegen-mangel-an-patriot-raketen\/\">Wegen Mangel an Patriot-Raketen: Ukraine ersucht Musk um Freigabe von Starlink-Drohne<\/a><\/p>\n<div class=\"EmbedBlock-root EmbedBlock-externalVideo EmbedBlock-rumble\">\n<div class=\"VkEmbed\"><iframe class=\"lazyload\" data-src=\"https:\/\/rumble.com\/embed\/v7crg38\" frameborder=\"0\" width=\"853\" height=\"480\" allowfullscreen><\/iframe><\/div>\n<\/div>\n<\/div>\n<p><br \/>\n<br \/><a href=\"https:\/\/de.rt.com\/international\/290441-ukraine-hilfe-eu-prueft-antrag\/\">Source link <\/a><\/p>\n","protected":false},"excerpt":{"rendered":"<p>Die Ukraine hat die EU um mehrere Milliarden Euro f\u00fcr ihre Luftverteidigung gebeten. Die Mitgliedstaaten pr\u00fcfen derzeit den Antrag. Zus\u00e4tzlich l\u00e4uft mit der Ukraine das Raketenabwehrprojekt FREYA \u2013 erg\u00e4nzend zum bestehenden 90-Milliarden-Euro-Kredit. Die Pr\u00e4sidentin der Europ\u00e4ischen Kommission, Ursula von der Leyen, erkl\u00e4rte, die Ukraine habe einen Antrag auf &#8220;mehrere Milliarden Euro&#8221; f\u00fcr Ausgaben zur Luftverteidigung [&hellip;]<\/p>\n","protected":false},"author":3,"featured_media":109833,"comment_status":"open","ping_status":"open","sticky":false,"template":"","format":"standard","meta":{"wp_automatic_camp":["217"],"109a178809295de564728099943cead9":["Ukraine-Hilfe: EU pr\u00fcft Antrag auf Finanzierung von Patriot-Raketen"],"original_link":["https:\/\/de.rt.com\/international\/290441-ukraine-hilfe-eu-prueft-antrag\/"],"_thumbnail_id":["109833"],"_wptgpro_p2tg_sent2tg":["a:1:{i:23737;s:19:\"2026-09-02 22:34:31\";}"],"jnews_social_counter_last_update":["1788388472"]},"categories":[19,23],"tags":[9878,133,3783,39372,7858,35508,50],"class_list":["post-109832","post","type-post","status-publish","format-standard","has-post-thumbnail","hentry","category-deutschland","category-russland","tag-antrag","tag-auf","tag-finanzierung","tag-patriotraketen","tag-prueft","tag-ukrainehilfe","tag-von"],"yoast_head":"<!-- This site is optimized with the Yoast SEO Premium plugin v22.7 (Yoast SEO v28.2) - https:\/\/yoast.com\/product\/yoast-seo-premium-wordpress\/ -->\n<title>Ukraine-Hilfe: EU pr\u00fcft Antrag auf Finanzierung von Patriot-Raketen - just-now.NEWS Deutschland<\/title>\n<meta name=\"robots\" content=\"index, follow, max-snippet:-1, max-image-preview:large, max-video-preview:-1\" \/>\n<link rel=\"canonical\" href=\"https:\/\/now-news.de\/de\/deutschland\/ukraine-hilfe-eu-prueft-antrag-auf-finanzierung-von-patriot-raketen\/\" \/>\n<meta property=\"og:locale\" content=\"de_DE\" \/>\n<meta property=\"og:type\" content=\"article\" \/>\n<meta property=\"og:title\" content=\"Ukraine-Hilfe: EU pr\u00fcft Antrag auf Finanzierung von Patriot-Raketen\" \/>\n<meta property=\"og:description\" content=\"Die Ukraine hat die EU um mehrere Milliarden Euro f\u00fcr ihre Luftverteidigung gebeten. Die Mitgliedstaaten pr\u00fcfen derzeit den Antrag. Zus\u00e4tzlich l\u00e4uft mit der Ukraine das Raketenabwehrprojekt FREYA \u2013 erg\u00e4nzend zum bestehenden 90-Milliarden-Euro-Kredit. Die Pr\u00e4sidentin der Europ\u00e4ischen Kommission, Ursula von der Leyen, erkl\u00e4rte, die Ukraine habe einen Antrag auf &#8220;mehrere Milliarden Euro&#8221; f\u00fcr Ausgaben zur Luftverteidigung [&hellip;]\" \/>\n<meta property=\"og:url\" content=\"https:\/\/now-news.de\/de\/deutschland\/ukraine-hilfe-eu-prueft-antrag-auf-finanzierung-von-patriot-raketen\/\" \/>\n<meta property=\"og:site_name\" content=\"just-now.NEWS Deutschland\" \/>\n<meta property=\"article:publisher\" content=\"https:\/\/www.facebook.com\/wirmachenauf\" \/>\n<meta property=\"article:published_time\" content=\"2026-09-02T20:04:33+00:00\" \/>\n<meta property=\"og:image\" content=\"https:\/\/now-news.de\/de\/wp-content\/uploads\/sites\/3\/2026\/09\/6a982a0848fbef3a91186bf0.jpg\" \/>\n<meta name=\"author\" content=\"rtnews\" \/>\n<meta name=\"twitter:card\" content=\"summary_large_image\" \/>\n<meta name=\"twitter:creator\" content=\"@WirMachenAuf_de\" \/>\n<meta name=\"twitter:site\" content=\"@WirMachenAuf_de\" \/>\n<meta name=\"twitter:label1\" content=\"Verfasst von\" \/>\n\t<meta name=\"twitter:data1\" content=\"rtnews\" \/>\n\t<meta name=\"twitter:label2\" content=\"Gesch\u00e4tzte Lesezeit\" \/>\n\t<meta name=\"twitter:data2\" content=\"1\u00a0Minute\" \/>\n<script type=\"application\/ld+json\" class=\"yoast-schema-graph\">{\"@context\":\"https:\\\/\\\/schema.org\",\"@graph\":[{\"@type\":\"Article\",\"@id\":\"https:\\\/\\\/now-news.de\\\/de\\\/deutschland\\\/ukraine-hilfe-eu-prueft-antrag-auf-finanzierung-von-patriot-raketen\\\/#article\",\"isPartOf\":{\"@id\":\"https:\\\/\\\/now-news.de\\\/de\\\/deutschland\\\/ukraine-hilfe-eu-prueft-antrag-auf-finanzierung-von-patriot-raketen\\\/\"},\"author\":{\"name\":\"rtnews\",\"@id\":\"https:\\\/\\\/now-news.de\\\/de\\\/#\\\/schema\\\/person\\\/fb534a4e865501d8b3285208df34a9b5\"},\"headline\":\"Ukraine-Hilfe: EU pr\u00fcft Antrag auf Finanzierung von Patriot-Raketen\",\"datePublished\":\"2026-09-02T20:04:33+00:00\",\"mainEntityOfPage\":{\"@id\":\"https:\\\/\\\/now-news.de\\\/de\\\/deutschland\\\/ukraine-hilfe-eu-prueft-antrag-auf-finanzierung-von-patriot-raketen\\\/\"},\"wordCount\":308,\"commentCount\":0,\"publisher\":{\"@id\":\"https:\\\/\\\/now-news.de\\\/de\\\/#organization\"},\"image\":{\"@id\":\"https:\\\/\\\/now-news.de\\\/de\\\/deutschland\\\/ukraine-hilfe-eu-prueft-antrag-auf-finanzierung-von-patriot-raketen\\\/#primaryimage\"},\"thumbnailUrl\":\"https:\\\/\\\/now-news.de\\\/de\\\/wp-content\\\/uploads\\\/sites\\\/3\\\/2026\\\/09\\\/Ukraine-Hilfe-EU-prueft-Antrag-auf-Finanzierung-von-Patriot-Raketen.jpg\",\"keywords\":[\"Antrag\",\"AUF\",\"Finanzierung\",\"PatriotRaketen\",\"pr\u00fcft\",\"UkraineHilfe\",\"von\"],\"articleSection\":[\"Deutschland\",\"Russland\"],\"inLanguage\":\"de\",\"potentialAction\":[{\"@type\":\"CommentAction\",\"name\":\"Comment\",\"target\":[\"https:\\\/\\\/now-news.de\\\/de\\\/deutschland\\\/ukraine-hilfe-eu-prueft-antrag-auf-finanzierung-von-patriot-raketen\\\/#respond\"]}]},{\"@type\":\"WebPage\",\"@id\":\"https:\\\/\\\/now-news.de\\\/de\\\/deutschland\\\/ukraine-hilfe-eu-prueft-antrag-auf-finanzierung-von-patriot-raketen\\\/\",\"url\":\"https:\\\/\\\/now-news.de\\\/de\\\/deutschland\\\/ukraine-hilfe-eu-prueft-antrag-auf-finanzierung-von-patriot-raketen\\\/\",\"name\":\"Ukraine-Hilfe: EU pr\u00fcft Antrag auf Finanzierung von Patriot-Raketen - just-now.NEWS Deutschland\",\"isPartOf\":{\"@id\":\"https:\\\/\\\/now-news.de\\\/de\\\/#website\"},\"primaryImageOfPage\":{\"@id\":\"https:\\\/\\\/now-news.de\\\/de\\\/deutschland\\\/ukraine-hilfe-eu-prueft-antrag-auf-finanzierung-von-patriot-raketen\\\/#primaryimage\"},\"image\":{\"@id\":\"https:\\\/\\\/now-news.de\\\/de\\\/deutschland\\\/ukraine-hilfe-eu-prueft-antrag-auf-finanzierung-von-patriot-raketen\\\/#primaryimage\"},\"thumbnailUrl\":\"https:\\\/\\\/now-news.de\\\/de\\\/wp-content\\\/uploads\\\/sites\\\/3\\\/2026\\\/09\\\/Ukraine-Hilfe-EU-prueft-Antrag-auf-Finanzierung-von-Patriot-Raketen.jpg\",\"datePublished\":\"2026-09-02T20:04:33+00:00\",\"breadcrumb\":{\"@id\":\"https:\\\/\\\/now-news.de\\\/de\\\/deutschland\\\/ukraine-hilfe-eu-prueft-antrag-auf-finanzierung-von-patriot-raketen\\\/#breadcrumb\"},\"inLanguage\":\"de\",\"potentialAction\":[{\"@type\":\"ReadAction\",\"target\":[\"https:\\\/\\\/now-news.de\\\/de\\\/deutschland\\\/ukraine-hilfe-eu-prueft-antrag-auf-finanzierung-von-patriot-raketen\\\/\"]}]},{\"@type\":\"ImageObject\",\"inLanguage\":\"de\",\"@id\":\"https:\\\/\\\/now-news.de\\\/de\\\/deutschland\\\/ukraine-hilfe-eu-prueft-antrag-auf-finanzierung-von-patriot-raketen\\\/#primaryimage\",\"url\":\"https:\\\/\\\/now-news.de\\\/de\\\/wp-content\\\/uploads\\\/sites\\\/3\\\/2026\\\/09\\\/Ukraine-Hilfe-EU-prueft-Antrag-auf-Finanzierung-von-Patriot-Raketen.jpg\",\"contentUrl\":\"https:\\\/\\\/now-news.de\\\/de\\\/wp-content\\\/uploads\\\/sites\\\/3\\\/2026\\\/09\\\/Ukraine-Hilfe-EU-prueft-Antrag-auf-Finanzierung-von-Patriot-Raketen.jpg\",\"width\":460,\"height\":259,\"caption\":\"Ukraine-Hilfe: EU pr\u00fcft Antrag auf Finanzierung von Patriot-Raketen\"},{\"@type\":\"BreadcrumbList\",\"@id\":\"https:\\\/\\\/now-news.de\\\/de\\\/deutschland\\\/ukraine-hilfe-eu-prueft-antrag-auf-finanzierung-von-patriot-raketen\\\/#breadcrumb\",\"itemListElement\":[{\"@type\":\"ListItem\",\"position\":1,\"name\":\"Home\",\"item\":\"https:\\\/\\\/now-news.de\\\/de\\\/\"},{\"@type\":\"ListItem\",\"position\":2,\"name\":\"Ukraine-Hilfe: EU pr\u00fcft Antrag auf Finanzierung von Patriot-Raketen\"}]},{\"@type\":\"WebSite\",\"@id\":\"https:\\\/\\\/now-news.de\\\/de\\\/#website\",\"url\":\"https:\\\/\\\/now-news.de\\\/de\\\/\",\"name\":\"just-now.NEWS Deutschland\",\"description\":\"Das Portal f\u00fcr unzensierte Nachrichten aus der Welt\",\"publisher\":{\"@id\":\"https:\\\/\\\/now-news.de\\\/de\\\/#organization\"},\"potentialAction\":[{\"@type\":\"SearchAction\",\"target\":{\"@type\":\"EntryPoint\",\"urlTemplate\":\"https:\\\/\\\/now-news.de\\\/de\\\/?s={search_term_string}\"},\"query-input\":{\"@type\":\"PropertyValueSpecification\",\"valueRequired\":true,\"valueName\":\"search_term_string\"}}],\"inLanguage\":\"de\"},{\"@type\":\"Organization\",\"@id\":\"https:\\\/\\\/now-news.de\\\/de\\\/#organization\",\"name\":\"Just Now News\",\"url\":\"https:\\\/\\\/now-news.de\\\/de\\\/\",\"logo\":{\"@type\":\"ImageObject\",\"inLanguage\":\"de\",\"@id\":\"https:\\\/\\\/now-news.de\\\/de\\\/#\\\/schema\\\/logo\\\/image\\\/\",\"url\":\"http:\\\/\\\/just-now.news\\\/de\\\/wp-content\\\/uploads\\\/sites\\\/3\\\/2022\\\/04\\\/logo500x500.jpg\",\"contentUrl\":\"http:\\\/\\\/just-now.news\\\/de\\\/wp-content\\\/uploads\\\/sites\\\/3\\\/2022\\\/04\\\/logo500x500.jpg\",\"width\":500,\"height\":500,\"caption\":\"Just Now News\"},\"image\":{\"@id\":\"https:\\\/\\\/now-news.de\\\/de\\\/#\\\/schema\\\/logo\\\/image\\\/\"},\"sameAs\":[\"https:\\\/\\\/www.facebook.com\\\/wirmachenauf\",\"https:\\\/\\\/x.com\\\/WirMachenAuf_de\"]},{\"@type\":\"Person\",\"@id\":\"https:\\\/\\\/now-news.de\\\/de\\\/#\\\/schema\\\/person\\\/fb534a4e865501d8b3285208df34a9b5\",\"name\":\"rtnews\",\"image\":{\"@type\":\"ImageObject\",\"inLanguage\":\"de\",\"@id\":\"https:\\\/\\\/secure.gravatar.com\\\/avatar\\\/358fe31b3ab5769fea05376e1953329834cd9912cf9daf607e2af3076a1b982b?s=96&d=mm&r=g\",\"url\":\"https:\\\/\\\/secure.gravatar.com\\\/avatar\\\/358fe31b3ab5769fea05376e1953329834cd9912cf9daf607e2af3076a1b982b?s=96&d=mm&r=g\",\"contentUrl\":\"https:\\\/\\\/secure.gravatar.com\\\/avatar\\\/358fe31b3ab5769fea05376e1953329834cd9912cf9daf607e2af3076a1b982b?s=96&d=mm&r=g\",\"caption\":\"rtnews\"},\"url\":\"https:\\\/\\\/now-news.de\\\/de\\\/author\\\/rnews\\\/\"}]}<\/script>\n<!-- \/ Yoast SEO Premium plugin. -->","yoast_head_json":{"title":"Ukraine-Hilfe: EU pr\u00fcft Antrag auf Finanzierung von Patriot-Raketen - just-now.NEWS Deutschland","robots":{"index":"index","follow":"follow","max-snippet":"max-snippet:-1","max-image-preview":"max-image-preview:large","max-video-preview":"max-video-preview:-1"},"canonical":"https:\/\/now-news.de\/de\/deutschland\/ukraine-hilfe-eu-prueft-antrag-auf-finanzierung-von-patriot-raketen\/","og_locale":"de_DE","og_type":"article","og_title":"Ukraine-Hilfe: EU pr\u00fcft Antrag auf Finanzierung von Patriot-Raketen","og_description":"Die Ukraine hat die EU um mehrere Milliarden Euro f\u00fcr ihre Luftverteidigung gebeten. Die Mitgliedstaaten pr\u00fcfen derzeit den Antrag. Zus\u00e4tzlich l\u00e4uft mit der Ukraine das Raketenabwehrprojekt FREYA \u2013 erg\u00e4nzend zum bestehenden 90-Milliarden-Euro-Kredit. Die Pr\u00e4sidentin der Europ\u00e4ischen Kommission, Ursula von der Leyen, erkl\u00e4rte, die Ukraine habe einen Antrag auf &#8220;mehrere Milliarden Euro&#8221; f\u00fcr Ausgaben zur Luftverteidigung [&hellip;]","og_url":"https:\/\/now-news.de\/de\/deutschland\/ukraine-hilfe-eu-prueft-antrag-auf-finanzierung-von-patriot-raketen\/","og_site_name":"just-now.NEWS Deutschland","article_publisher":"https:\/\/www.facebook.com\/wirmachenauf","article_published_time":"2026-09-02T20:04:33+00:00","og_image":[{"url":"https:\/\/now-news.de\/de\/wp-content\/uploads\/sites\/3\/2026\/09\/6a982a0848fbef3a91186bf0.jpg","type":"","width":"","height":""}],"author":"rtnews","twitter_card":"summary_large_image","twitter_creator":"@WirMachenAuf_de","twitter_site":"@WirMachenAuf_de","twitter_misc":{"Verfasst von":"rtnews","Gesch\u00e4tzte Lesezeit":"1\u00a0Minute"},"schema":{"@context":"https:\/\/schema.org","@graph":[{"@type":"Article","@id":"https:\/\/now-news.de\/de\/deutschland\/ukraine-hilfe-eu-prueft-antrag-auf-finanzierung-von-patriot-raketen\/#article","isPartOf":{"@id":"https:\/\/now-news.de\/de\/deutschland\/ukraine-hilfe-eu-prueft-antrag-auf-finanzierung-von-patriot-raketen\/"},"author":{"name":"rtnews","@id":"https:\/\/now-news.de\/de\/#\/schema\/person\/fb534a4e865501d8b3285208df34a9b5"},"headline":"Ukraine-Hilfe: EU pr\u00fcft Antrag auf Finanzierung von Patriot-Raketen","datePublished":"2026-09-02T20:04:33+00:00","mainEntityOfPage":{"@id":"https:\/\/now-news.de\/de\/deutschland\/ukraine-hilfe-eu-prueft-antrag-auf-finanzierung-von-patriot-raketen\/"},"wordCount":308,"commentCount":0,"publisher":{"@id":"https:\/\/now-news.de\/de\/#organization"},"image":{"@id":"https:\/\/now-news.de\/de\/deutschland\/ukraine-hilfe-eu-prueft-antrag-auf-finanzierung-von-patriot-raketen\/#primaryimage"},"thumbnailUrl":"https:\/\/now-news.de\/de\/wp-content\/uploads\/sites\/3\/2026\/09\/Ukraine-Hilfe-EU-prueft-Antrag-auf-Finanzierung-von-Patriot-Raketen.jpg","keywords":["Antrag","AUF","Finanzierung","PatriotRaketen","pr\u00fcft","UkraineHilfe","von"],"articleSection":["Deutschland","Russland"],"inLanguage":"de","potentialAction":[{"@type":"CommentAction","name":"Comment","target":["https:\/\/now-news.de\/de\/deutschland\/ukraine-hilfe-eu-prueft-antrag-auf-finanzierung-von-patriot-raketen\/#respond"]}]},{"@type":"WebPage","@id":"https:\/\/now-news.de\/de\/deutschland\/ukraine-hilfe-eu-prueft-antrag-auf-finanzierung-von-patriot-raketen\/","url":"https:\/\/now-news.de\/de\/deutschland\/ukraine-hilfe-eu-prueft-antrag-auf-finanzierung-von-patriot-raketen\/","name":"Ukraine-Hilfe: EU pr\u00fcft Antrag auf Finanzierung von Patriot-Raketen - just-now.NEWS Deutschland","isPartOf":{"@id":"https:\/\/now-news.de\/de\/#website"},"primaryImageOfPage":{"@id":"https:\/\/now-news.de\/de\/deutschland\/ukraine-hilfe-eu-prueft-antrag-auf-finanzierung-von-patriot-raketen\/#primaryimage"},"image":{"@id":"https:\/\/now-news.de\/de\/deutschland\/ukraine-hilfe-eu-prueft-antrag-auf-finanzierung-von-patriot-raketen\/#primaryimage"},"thumbnailUrl":"https:\/\/now-news.de\/de\/wp-content\/uploads\/sites\/3\/2026\/09\/Ukraine-Hilfe-EU-prueft-Antrag-auf-Finanzierung-von-Patriot-Raketen.jpg","datePublished":"2026-09-02T20:04:33+00:00","breadcrumb":{"@id":"https:\/\/now-news.de\/de\/deutschland\/ukraine-hilfe-eu-prueft-antrag-auf-finanzierung-von-patriot-raketen\/#breadcrumb"},"inLanguage":"de","potentialAction":[{"@type":"ReadAction","target":["https:\/\/now-news.de\/de\/deutschland\/ukraine-hilfe-eu-prueft-antrag-auf-finanzierung-von-patriot-raketen\/"]}]},{"@type":"ImageObject","inLanguage":"de","@id":"https:\/\/now-news.de\/de\/deutschland\/ukraine-hilfe-eu-prueft-antrag-auf-finanzierung-von-patriot-raketen\/#primaryimage","url":"https:\/\/now-news.de\/de\/wp-content\/uploads\/sites\/3\/2026\/09\/Ukraine-Hilfe-EU-prueft-Antrag-auf-Finanzierung-von-Patriot-Raketen.jpg","contentUrl":"https:\/\/now-news.de\/de\/wp-content\/uploads\/sites\/3\/2026\/09\/Ukraine-Hilfe-EU-prueft-Antrag-auf-Finanzierung-von-Patriot-Raketen.jpg","width":460,"height":259,"caption":"Ukraine-Hilfe: EU pr\u00fcft Antrag auf Finanzierung von Patriot-Raketen"},{"@type":"BreadcrumbList","@id":"https:\/\/now-news.de\/de\/deutschland\/ukraine-hilfe-eu-prueft-antrag-auf-finanzierung-von-patriot-raketen\/#breadcrumb","itemListElement":[{"@type":"ListItem","position":1,"name":"Home","item":"https:\/\/now-news.de\/de\/"},{"@type":"ListItem","position":2,"name":"Ukraine-Hilfe: EU pr\u00fcft Antrag auf Finanzierung von Patriot-Raketen"}]},{"@type":"WebSite","@id":"https:\/\/now-news.de\/de\/#website","url":"https:\/\/now-news.de\/de\/","name":"just-now.NEWS Deutschland","description":"Das Portal f\u00fcr unzensierte Nachrichten aus der Welt","publisher":{"@id":"https:\/\/now-news.de\/de\/#organization"},"potentialAction":[{"@type":"SearchAction","target":{"@type":"EntryPoint","urlTemplate":"https:\/\/now-news.de\/de\/?s={search_term_string}"},"query-input":{"@type":"PropertyValueSpecification","valueRequired":true,"valueName":"search_term_string"}}],"inLanguage":"de"},{"@type":"Organization","@id":"https:\/\/now-news.de\/de\/#organization","name":"Just Now News","url":"https:\/\/now-news.de\/de\/","logo":{"@type":"ImageObject","inLanguage":"de","@id":"https:\/\/now-news.de\/de\/#\/schema\/logo\/image\/","url":"http:\/\/just-now.news\/de\/wp-content\/uploads\/sites\/3\/2022\/04\/logo500x500.jpg","contentUrl":"http:\/\/just-now.news\/de\/wp-content\/uploads\/sites\/3\/2022\/04\/logo500x500.jpg","width":500,"height":500,"caption":"Just Now News"},"image":{"@id":"https:\/\/now-news.de\/de\/#\/schema\/logo\/image\/"},"sameAs":["https:\/\/www.facebook.com\/wirmachenauf","https:\/\/x.com\/WirMachenAuf_de"]},{"@type":"Person","@id":"https:\/\/now-news.de\/de\/#\/schema\/person\/fb534a4e865501d8b3285208df34a9b5","name":"rtnews","image":{"@type":"ImageObject","inLanguage":"de","@id":"https:\/\/secure.gravatar.com\/avatar\/358fe31b3ab5769fea05376e1953329834cd9912cf9daf607e2af3076a1b982b?s=96&d=mm&r=g","url":"https:\/\/secure.gravatar.com\/avatar\/358fe31b3ab5769fea05376e1953329834cd9912cf9daf607e2af3076a1b982b?s=96&d=mm&r=g","contentUrl":"https:\/\/secure.gravatar.com\/avatar\/358fe31b3ab5769fea05376e1953329834cd9912cf9daf607e2af3076a1b982b?s=96&d=mm&r=g","caption":"rtnews"},"url":"https:\/\/now-news.de\/de\/author\/rnews\/"}]}},"_links":{"self":[{"href":"https:\/\/now-news.de\/de\/wp-json\/wp\/v2\/posts\/109832","targetHints":{"allow":["GET"]}}],"collection":[{"href":"https:\/\/now-news.de\/de\/wp-json\/wp\/v2\/posts"}],"about":[{"href":"https:\/\/now-news.de\/de\/wp-json\/wp\/v2\/types\/post"}],"author":[{"embeddable":true,"href":"https:\/\/now-news.de\/de\/wp-json\/wp\/v2\/users\/3"}],"replies":[{"embeddable":true,"href":"https:\/\/now-news.de\/de\/wp-json\/wp\/v2\/comments?post=109832"}],"version-history":[{"count":0,"href":"https:\/\/now-news.de\/de\/wp-json\/wp\/v2\/posts\/109832\/revisions"}],"wp:featuredmedia":[{"embeddable":true,"href":"https:\/\/now-news.de\/de\/wp-json\/wp\/v2\/media\/109833"}],"wp:attachment":[{"href":"https:\/\/now-news.de\/de\/wp-json\/wp\/v2\/media?parent=109832"}],"wp:term":[{"taxonomy":"category","embeddable":true,"href":"https:\/\/now-news.de\/de\/wp-json\/wp\/v2\/categories?post=109832"},{"taxonomy":"post_tag","embeddable":true,"href":"https:\/\/now-news.de\/de\/wp-json\/wp\/v2\/tags?post=109832"}],"curies":[{"name":"wp","href":"https:\/\/api.w.org\/{rel}","templated":true}]}}