{"id":109814,"date":"2026-09-02T19:28:29","date_gmt":"2026-09-02T17:28:29","guid":{"rendered":"https:\/\/now-news.de\/de\/deutschland\/handel-bruessel-setzt-importzoelle-fuer-armenische-waren-aus\/"},"modified":"2026-09-02T19:28:29","modified_gmt":"2026-09-02T17:28:29","slug":"handel-bruessel-setzt-importzoelle-fuer-armenische-waren-aus","status":"publish","type":"post","link":"https:\/\/now-news.de\/de\/deutschland\/handel-bruessel-setzt-importzoelle-fuer-armenische-waren-aus\/","title":{"rendered":"Handel: Br\u00fcssel setzt Importz\u00f6lle f\u00fcr armenische Waren aus"},"content":{"rendered":"<p><img decoding=\"async\" src=\"https:\/\/now-news.de\/de\/wp-content\/uploads\/sites\/3\/2026\/09\/6a982d77b480cc55376823f3.jpg\" \/><\/p>\n<div class=\"Text-root Text-type_1 \">\n                Die Europ\u00e4ische Union k\u00fcndigt laut einer Mitteilung vom Mittwoch Ma\u00dfnahmen zur Unterst\u00fctzung des Handels mit Armenien an. Demnach werden Einfuhrz\u00f6lle auf eine breite Palette armenischer Produkte, darunter landwirtschaftliche Erzeugnisse, f\u00fcr zwei Jahre ausgesetzt.\n            <\/div>\n<p><\/p>\n<div class=\"Text-root Text-type_5 ArticleView-text ViewText-root \">\n<p>Der Rat der Europ\u00e4ischen Union hat befristete Handelsma\u00dfnahmen zur Unterst\u00fctzung der armenischen Wirtschaft gebilligt. Dies <a rel=\"nofollow\" target=\"_blank\" href=\"https:\/\/www.consilium.europa.eu\/de\/press\/press-releases\/2026\/09\/02\/council-backs-temporary-trade-measures-to-support-armenia\/\" target=\"_blank\" rel=\"noopener noreferrer\">geht<\/a> aus einer Mitteilung vom Mittwoch hervor. Wie es hei\u00dft, will die Gemeinschaft damit Jerewan vor dem Hintergrund der j\u00fcngst von Russland eingef\u00fchrten Beschr\u00e4nkungen helfen.<\/p>\n<p>Ziel sei es auch, die Handelsbeziehungen zwischen der EU und Armenien im Einklang mit dem Umfassenden und Erweiterten Partnerschaftsabkommen (CEPA) zu st\u00e4rken.<\/p>\n<p>Laut der Mitteilung zielen die f\u00fcr zwei Jahre befristeten Ma\u00dfnahmen darauf ab, rund 80 Prozent der armenischen Exporte in die EU zu liberalisieren. Geplant sei, die Einfuhrz\u00f6lle f\u00fcr eine breite Palette armenischer Produkte, darunter bestimmte landwirtschaftliche Erzeugnisse, die Zollkontingenten unterliegen, vor\u00fcbergehend auszusetzen.<\/p>\n<p>Sobald die entsprechende EU-Verordnung in Kraft getreten sei, w\u00fcrden die Handelsma\u00dfnahmen fast 99 Prozent der armenischen Exporte von frischem Obst, Gem\u00fcse und Pflanzen nach Russland sowie mehr als 91 Prozent der Ausfuhren von Getr\u00e4nken und Spirituosen umfassen, hei\u00dft es weiter in der Mitteilung. Es werde erwartet, dass das Europ\u00e4ische Parlament die Verordnung ohne \u00c4nderungen annimmt.<\/p>\n<p>Helen McEntee, die irische Ministerin f\u00fcr ausw\u00e4rtige Angelegenheiten und Handel, erkl\u00e4rte hierbei, Europa stehe an der Seite Armeniens, das sich f\u00fcr einen klaren Weg der Reformen und eine engere Kooperation mit der EU entschieden habe. &#8220;Wir werden neue Chancen schaffen und an der Seite unserer Partner stehen&#8221;, so McEntee weiter. Irland hat am 1. Juli 2026 f\u00fcr sechs Monate den Vorsitz im Rat der Europ\u00e4ischen Union \u00fcbernommen.<\/p>\n<p>Die Pr\u00e4ferenzregelung sei an die Bedingung gekn\u00fcpft, dass Armenien unter anderem mit Br\u00fcssel administrativ zusammenarbeiten und keine neuen Handelsbeschr\u00e4nkungen f\u00fcr EU-Importe einf\u00fchren, aber auch die wesentlichen Elemente des CEPA, einschlie\u00dflich demokratischer Prinzipien, Rechtsstaatlichkeit und Menschenrechte, achten werde.<\/p>\n<p>Russlands Pr\u00e4sident Wladimir Putin mahnte bei einem Treffen mit dem armenischen Premierminister Nikol Paschinjan am Rande des Gipfels der Shanghaier Organisation f\u00fcr Zusammenarbeit (SOZ) in Kirgistan eine schnelle Entscheidung an, welchen au\u00dfenpolitischen Kurs Armenien k\u00fcnftig verfolgen wolle.<\/p>\n<p>Bei der Zusammenkunft in Bischkek am Dienstag betonte Putin, dass die Verabschiedung eines Gesetzes \u00fcber die Absicht, der EU beizutreten, gleichzeitig eine Erkl\u00e4rung f\u00fcr den Austritt aus der Eurasischen Wirtschaftsunion (EAWU) sei.<\/p>\n<p><strong>Mehr zum Thema<\/strong> \u2012 <a rel=\"nofollow\" target=\"_blank\" href=\"https:\/\/de-rtnews.com\/international\/290378-putin-warnt-paschinjan-entscheidung-eu\/\">Putin warnt Paschinjan: Entscheidung, der EU beizutreten, bedeute automatischen Austritt aus EAWU<\/a><\/p>\n<div class=\"EmbedBlock-root EmbedBlock-externalVideo EmbedBlock-rumble\">\n<div class=\"VkEmbed\"><iframe class=\"lazyload\" data-src=\"https:\/\/rumble.com\/embed\/v7csufu\" frameborder=\"0\" width=\"853\" height=\"480\" allowfullscreen><\/iframe><\/div>\n<\/div>\n<\/div>\n<p><br \/>\n<br \/><a href=\"https:\/\/de.rt.com\/international\/290450-bruessel-baut-importzoelle-fuer-armenische\/\">Source link <\/a><\/p>\n","protected":false},"excerpt":{"rendered":"<p>Die Europ\u00e4ische Union k\u00fcndigt laut einer Mitteilung vom Mittwoch Ma\u00dfnahmen zur Unterst\u00fctzung des Handels mit Armenien an. Demnach werden Einfuhrz\u00f6lle auf eine breite Palette armenischer Produkte, darunter landwirtschaftliche Erzeugnisse, f\u00fcr zwei Jahre ausgesetzt. Der Rat der Europ\u00e4ischen Union hat befristete Handelsma\u00dfnahmen zur Unterst\u00fctzung der armenischen Wirtschaft gebilligt. Dies geht aus einer Mitteilung vom Mittwoch hervor. [&hellip;]<\/p>\n","protected":false},"author":3,"featured_media":109815,"comment_status":"open","ping_status":"open","sticky":false,"template":"","format":"standard","meta":{"wp_automatic_camp":["217"],"8fb10563c1c9466e62a4b09dc72830b9":["Handel: Br\u00fcssel setzt Importz\u00f6lle f\u00fcr armenische Waren aus"],"original_link":["https:\/\/de.rt.com\/international\/290450-bruessel-baut-importzoelle-fuer-armenische\/"],"_thumbnail_id":["109815"],"_wptgpro_p2tg_sent2tg":["a:1:{i:23737;s:19:\"2026-09-02 19:36:45\";}"],"jnews_social_counter_last_update":["1788377805"]},"categories":[19,23],"tags":[32730,679,17026,221,4325,75972,1997,6518],"class_list":["post-109814","post","type-post","status-publish","format-standard","has-post-thumbnail","hentry","category-deutschland","category-russland","tag-armenische","tag-aus","tag-bruessel","tag-fuer","tag-handel","tag-importzoelle","tag-setzt","tag-waren"],"yoast_head":"<!-- This site is optimized with the Yoast SEO Premium plugin v22.7 (Yoast SEO v28.2) - https:\/\/yoast.com\/product\/yoast-seo-premium-wordpress\/ -->\n<title>Handel: Br\u00fcssel setzt Importz\u00f6lle f\u00fcr armenische Waren aus - just-now.NEWS Deutschland<\/title>\n<meta name=\"robots\" content=\"index, follow, max-snippet:-1, max-image-preview:large, max-video-preview:-1\" \/>\n<link rel=\"canonical\" href=\"https:\/\/now-news.de\/de\/deutschland\/handel-bruessel-setzt-importzoelle-fuer-armenische-waren-aus\/\" \/>\n<meta property=\"og:locale\" content=\"de_DE\" \/>\n<meta property=\"og:type\" content=\"article\" \/>\n<meta property=\"og:title\" content=\"Handel: Br\u00fcssel setzt Importz\u00f6lle f\u00fcr armenische Waren aus\" \/>\n<meta property=\"og:description\" content=\"Die Europ\u00e4ische Union k\u00fcndigt laut einer Mitteilung vom Mittwoch Ma\u00dfnahmen zur Unterst\u00fctzung des Handels mit Armenien an. Demnach werden Einfuhrz\u00f6lle auf eine breite Palette armenischer Produkte, darunter landwirtschaftliche Erzeugnisse, f\u00fcr zwei Jahre ausgesetzt. Der Rat der Europ\u00e4ischen Union hat befristete Handelsma\u00dfnahmen zur Unterst\u00fctzung der armenischen Wirtschaft gebilligt. Dies geht aus einer Mitteilung vom Mittwoch hervor. [&hellip;]\" \/>\n<meta property=\"og:url\" content=\"https:\/\/now-news.de\/de\/deutschland\/handel-bruessel-setzt-importzoelle-fuer-armenische-waren-aus\/\" \/>\n<meta property=\"og:site_name\" content=\"just-now.NEWS Deutschland\" \/>\n<meta property=\"article:publisher\" content=\"https:\/\/www.facebook.com\/wirmachenauf\" \/>\n<meta property=\"article:published_time\" content=\"2026-09-02T17:28:29+00:00\" \/>\n<meta property=\"og:image\" content=\"https:\/\/now-news.de\/de\/wp-content\/uploads\/sites\/3\/2026\/09\/6a982d77b480cc55376823f3.jpg\" \/>\n<meta name=\"author\" content=\"rtnews\" \/>\n<meta name=\"twitter:card\" content=\"summary_large_image\" \/>\n<meta name=\"twitter:creator\" content=\"@WirMachenAuf_de\" \/>\n<meta name=\"twitter:site\" content=\"@WirMachenAuf_de\" \/>\n<meta name=\"twitter:label1\" content=\"Verfasst von\" \/>\n\t<meta name=\"twitter:data1\" content=\"rtnews\" \/>\n\t<meta name=\"twitter:label2\" content=\"Gesch\u00e4tzte Lesezeit\" \/>\n\t<meta name=\"twitter:data2\" content=\"2\u00a0Minuten\" \/>\n<script type=\"application\/ld+json\" class=\"yoast-schema-graph\">{\"@context\":\"https:\\\/\\\/schema.org\",\"@graph\":[{\"@type\":\"Article\",\"@id\":\"https:\\\/\\\/now-news.de\\\/de\\\/deutschland\\\/handel-bruessel-setzt-importzoelle-fuer-armenische-waren-aus\\\/#article\",\"isPartOf\":{\"@id\":\"https:\\\/\\\/now-news.de\\\/de\\\/deutschland\\\/handel-bruessel-setzt-importzoelle-fuer-armenische-waren-aus\\\/\"},\"author\":{\"name\":\"rtnews\",\"@id\":\"https:\\\/\\\/now-news.de\\\/de\\\/#\\\/schema\\\/person\\\/fb534a4e865501d8b3285208df34a9b5\"},\"headline\":\"Handel: Br\u00fcssel setzt Importz\u00f6lle f\u00fcr armenische Waren aus\",\"datePublished\":\"2026-09-02T17:28:29+00:00\",\"mainEntityOfPage\":{\"@id\":\"https:\\\/\\\/now-news.de\\\/de\\\/deutschland\\\/handel-bruessel-setzt-importzoelle-fuer-armenische-waren-aus\\\/\"},\"wordCount\":433,\"commentCount\":0,\"publisher\":{\"@id\":\"https:\\\/\\\/now-news.de\\\/de\\\/#organization\"},\"image\":{\"@id\":\"https:\\\/\\\/now-news.de\\\/de\\\/deutschland\\\/handel-bruessel-setzt-importzoelle-fuer-armenische-waren-aus\\\/#primaryimage\"},\"thumbnailUrl\":\"https:\\\/\\\/now-news.de\\\/de\\\/wp-content\\\/uploads\\\/sites\\\/3\\\/2026\\\/09\\\/Handel-Bruessel-setzt-Importzoelle-fuer-armenische-Waren-aus.jpg\",\"keywords\":[\"armenische\",\"aus\",\"Br\u00fcssel\",\"f\u00fcr\",\"Handel\",\"Importz\u00f6lle\",\"setzt\",\"waren\"],\"articleSection\":[\"Deutschland\",\"Russland\"],\"inLanguage\":\"de\",\"potentialAction\":[{\"@type\":\"CommentAction\",\"name\":\"Comment\",\"target\":[\"https:\\\/\\\/now-news.de\\\/de\\\/deutschland\\\/handel-bruessel-setzt-importzoelle-fuer-armenische-waren-aus\\\/#respond\"]}]},{\"@type\":\"WebPage\",\"@id\":\"https:\\\/\\\/now-news.de\\\/de\\\/deutschland\\\/handel-bruessel-setzt-importzoelle-fuer-armenische-waren-aus\\\/\",\"url\":\"https:\\\/\\\/now-news.de\\\/de\\\/deutschland\\\/handel-bruessel-setzt-importzoelle-fuer-armenische-waren-aus\\\/\",\"name\":\"Handel: Br\u00fcssel setzt Importz\u00f6lle f\u00fcr armenische Waren aus - just-now.NEWS Deutschland\",\"isPartOf\":{\"@id\":\"https:\\\/\\\/now-news.de\\\/de\\\/#website\"},\"primaryImageOfPage\":{\"@id\":\"https:\\\/\\\/now-news.de\\\/de\\\/deutschland\\\/handel-bruessel-setzt-importzoelle-fuer-armenische-waren-aus\\\/#primaryimage\"},\"image\":{\"@id\":\"https:\\\/\\\/now-news.de\\\/de\\\/deutschland\\\/handel-bruessel-setzt-importzoelle-fuer-armenische-waren-aus\\\/#primaryimage\"},\"thumbnailUrl\":\"https:\\\/\\\/now-news.de\\\/de\\\/wp-content\\\/uploads\\\/sites\\\/3\\\/2026\\\/09\\\/Handel-Bruessel-setzt-Importzoelle-fuer-armenische-Waren-aus.jpg\",\"datePublished\":\"2026-09-02T17:28:29+00:00\",\"breadcrumb\":{\"@id\":\"https:\\\/\\\/now-news.de\\\/de\\\/deutschland\\\/handel-bruessel-setzt-importzoelle-fuer-armenische-waren-aus\\\/#breadcrumb\"},\"inLanguage\":\"de\",\"potentialAction\":[{\"@type\":\"ReadAction\",\"target\":[\"https:\\\/\\\/now-news.de\\\/de\\\/deutschland\\\/handel-bruessel-setzt-importzoelle-fuer-armenische-waren-aus\\\/\"]}]},{\"@type\":\"ImageObject\",\"inLanguage\":\"de\",\"@id\":\"https:\\\/\\\/now-news.de\\\/de\\\/deutschland\\\/handel-bruessel-setzt-importzoelle-fuer-armenische-waren-aus\\\/#primaryimage\",\"url\":\"https:\\\/\\\/now-news.de\\\/de\\\/wp-content\\\/uploads\\\/sites\\\/3\\\/2026\\\/09\\\/Handel-Bruessel-setzt-Importzoelle-fuer-armenische-Waren-aus.jpg\",\"contentUrl\":\"https:\\\/\\\/now-news.de\\\/de\\\/wp-content\\\/uploads\\\/sites\\\/3\\\/2026\\\/09\\\/Handel-Bruessel-setzt-Importzoelle-fuer-armenische-Waren-aus.jpg\",\"width\":460,\"height\":259,\"caption\":\"Handel: Br\u00fcssel setzt Importz\u00f6lle f\u00fcr armenische Waren aus\"},{\"@type\":\"BreadcrumbList\",\"@id\":\"https:\\\/\\\/now-news.de\\\/de\\\/deutschland\\\/handel-bruessel-setzt-importzoelle-fuer-armenische-waren-aus\\\/#breadcrumb\",\"itemListElement\":[{\"@type\":\"ListItem\",\"position\":1,\"name\":\"Home\",\"item\":\"https:\\\/\\\/now-news.de\\\/de\\\/\"},{\"@type\":\"ListItem\",\"position\":2,\"name\":\"Handel: Br\u00fcssel setzt Importz\u00f6lle f\u00fcr armenische Waren aus\"}]},{\"@type\":\"WebSite\",\"@id\":\"https:\\\/\\\/now-news.de\\\/de\\\/#website\",\"url\":\"https:\\\/\\\/now-news.de\\\/de\\\/\",\"name\":\"just-now.NEWS Deutschland\",\"description\":\"Das Portal f\u00fcr unzensierte Nachrichten aus der Welt\",\"publisher\":{\"@id\":\"https:\\\/\\\/now-news.de\\\/de\\\/#organization\"},\"potentialAction\":[{\"@type\":\"SearchAction\",\"target\":{\"@type\":\"EntryPoint\",\"urlTemplate\":\"https:\\\/\\\/now-news.de\\\/de\\\/?s={search_term_string}\"},\"query-input\":{\"@type\":\"PropertyValueSpecification\",\"valueRequired\":true,\"valueName\":\"search_term_string\"}}],\"inLanguage\":\"de\"},{\"@type\":\"Organization\",\"@id\":\"https:\\\/\\\/now-news.de\\\/de\\\/#organization\",\"name\":\"Just Now News\",\"url\":\"https:\\\/\\\/now-news.de\\\/de\\\/\",\"logo\":{\"@type\":\"ImageObject\",\"inLanguage\":\"de\",\"@id\":\"https:\\\/\\\/now-news.de\\\/de\\\/#\\\/schema\\\/logo\\\/image\\\/\",\"url\":\"http:\\\/\\\/just-now.news\\\/de\\\/wp-content\\\/uploads\\\/sites\\\/3\\\/2022\\\/04\\\/logo500x500.jpg\",\"contentUrl\":\"http:\\\/\\\/just-now.news\\\/de\\\/wp-content\\\/uploads\\\/sites\\\/3\\\/2022\\\/04\\\/logo500x500.jpg\",\"width\":500,\"height\":500,\"caption\":\"Just Now News\"},\"image\":{\"@id\":\"https:\\\/\\\/now-news.de\\\/de\\\/#\\\/schema\\\/logo\\\/image\\\/\"},\"sameAs\":[\"https:\\\/\\\/www.facebook.com\\\/wirmachenauf\",\"https:\\\/\\\/x.com\\\/WirMachenAuf_de\"]},{\"@type\":\"Person\",\"@id\":\"https:\\\/\\\/now-news.de\\\/de\\\/#\\\/schema\\\/person\\\/fb534a4e865501d8b3285208df34a9b5\",\"name\":\"rtnews\",\"image\":{\"@type\":\"ImageObject\",\"inLanguage\":\"de\",\"@id\":\"https:\\\/\\\/secure.gravatar.com\\\/avatar\\\/358fe31b3ab5769fea05376e1953329834cd9912cf9daf607e2af3076a1b982b?s=96&d=mm&r=g\",\"url\":\"https:\\\/\\\/secure.gravatar.com\\\/avatar\\\/358fe31b3ab5769fea05376e1953329834cd9912cf9daf607e2af3076a1b982b?s=96&d=mm&r=g\",\"contentUrl\":\"https:\\\/\\\/secure.gravatar.com\\\/avatar\\\/358fe31b3ab5769fea05376e1953329834cd9912cf9daf607e2af3076a1b982b?s=96&d=mm&r=g\",\"caption\":\"rtnews\"},\"url\":\"https:\\\/\\\/now-news.de\\\/de\\\/author\\\/rnews\\\/\"}]}<\/script>\n<!-- \/ Yoast SEO Premium plugin. -->","yoast_head_json":{"title":"Handel: Br\u00fcssel setzt Importz\u00f6lle f\u00fcr armenische Waren aus - just-now.NEWS Deutschland","robots":{"index":"index","follow":"follow","max-snippet":"max-snippet:-1","max-image-preview":"max-image-preview:large","max-video-preview":"max-video-preview:-1"},"canonical":"https:\/\/now-news.de\/de\/deutschland\/handel-bruessel-setzt-importzoelle-fuer-armenische-waren-aus\/","og_locale":"de_DE","og_type":"article","og_title":"Handel: Br\u00fcssel setzt Importz\u00f6lle f\u00fcr armenische Waren aus","og_description":"Die Europ\u00e4ische Union k\u00fcndigt laut einer Mitteilung vom Mittwoch Ma\u00dfnahmen zur Unterst\u00fctzung des Handels mit Armenien an. Demnach werden Einfuhrz\u00f6lle auf eine breite Palette armenischer Produkte, darunter landwirtschaftliche Erzeugnisse, f\u00fcr zwei Jahre ausgesetzt. Der Rat der Europ\u00e4ischen Union hat befristete Handelsma\u00dfnahmen zur Unterst\u00fctzung der armenischen Wirtschaft gebilligt. Dies geht aus einer Mitteilung vom Mittwoch hervor. [&hellip;]","og_url":"https:\/\/now-news.de\/de\/deutschland\/handel-bruessel-setzt-importzoelle-fuer-armenische-waren-aus\/","og_site_name":"just-now.NEWS Deutschland","article_publisher":"https:\/\/www.facebook.com\/wirmachenauf","article_published_time":"2026-09-02T17:28:29+00:00","og_image":[{"url":"https:\/\/now-news.de\/de\/wp-content\/uploads\/sites\/3\/2026\/09\/6a982d77b480cc55376823f3.jpg","type":"","width":"","height":""}],"author":"rtnews","twitter_card":"summary_large_image","twitter_creator":"@WirMachenAuf_de","twitter_site":"@WirMachenAuf_de","twitter_misc":{"Verfasst von":"rtnews","Gesch\u00e4tzte Lesezeit":"2\u00a0Minuten"},"schema":{"@context":"https:\/\/schema.org","@graph":[{"@type":"Article","@id":"https:\/\/now-news.de\/de\/deutschland\/handel-bruessel-setzt-importzoelle-fuer-armenische-waren-aus\/#article","isPartOf":{"@id":"https:\/\/now-news.de\/de\/deutschland\/handel-bruessel-setzt-importzoelle-fuer-armenische-waren-aus\/"},"author":{"name":"rtnews","@id":"https:\/\/now-news.de\/de\/#\/schema\/person\/fb534a4e865501d8b3285208df34a9b5"},"headline":"Handel: Br\u00fcssel setzt Importz\u00f6lle f\u00fcr armenische Waren aus","datePublished":"2026-09-02T17:28:29+00:00","mainEntityOfPage":{"@id":"https:\/\/now-news.de\/de\/deutschland\/handel-bruessel-setzt-importzoelle-fuer-armenische-waren-aus\/"},"wordCount":433,"commentCount":0,"publisher":{"@id":"https:\/\/now-news.de\/de\/#organization"},"image":{"@id":"https:\/\/now-news.de\/de\/deutschland\/handel-bruessel-setzt-importzoelle-fuer-armenische-waren-aus\/#primaryimage"},"thumbnailUrl":"https:\/\/now-news.de\/de\/wp-content\/uploads\/sites\/3\/2026\/09\/Handel-Bruessel-setzt-Importzoelle-fuer-armenische-Waren-aus.jpg","keywords":["armenische","aus","Br\u00fcssel","f\u00fcr","Handel","Importz\u00f6lle","setzt","waren"],"articleSection":["Deutschland","Russland"],"inLanguage":"de","potentialAction":[{"@type":"CommentAction","name":"Comment","target":["https:\/\/now-news.de\/de\/deutschland\/handel-bruessel-setzt-importzoelle-fuer-armenische-waren-aus\/#respond"]}]},{"@type":"WebPage","@id":"https:\/\/now-news.de\/de\/deutschland\/handel-bruessel-setzt-importzoelle-fuer-armenische-waren-aus\/","url":"https:\/\/now-news.de\/de\/deutschland\/handel-bruessel-setzt-importzoelle-fuer-armenische-waren-aus\/","name":"Handel: Br\u00fcssel setzt Importz\u00f6lle f\u00fcr armenische Waren aus - just-now.NEWS Deutschland","isPartOf":{"@id":"https:\/\/now-news.de\/de\/#website"},"primaryImageOfPage":{"@id":"https:\/\/now-news.de\/de\/deutschland\/handel-bruessel-setzt-importzoelle-fuer-armenische-waren-aus\/#primaryimage"},"image":{"@id":"https:\/\/now-news.de\/de\/deutschland\/handel-bruessel-setzt-importzoelle-fuer-armenische-waren-aus\/#primaryimage"},"thumbnailUrl":"https:\/\/now-news.de\/de\/wp-content\/uploads\/sites\/3\/2026\/09\/Handel-Bruessel-setzt-Importzoelle-fuer-armenische-Waren-aus.jpg","datePublished":"2026-09-02T17:28:29+00:00","breadcrumb":{"@id":"https:\/\/now-news.de\/de\/deutschland\/handel-bruessel-setzt-importzoelle-fuer-armenische-waren-aus\/#breadcrumb"},"inLanguage":"de","potentialAction":[{"@type":"ReadAction","target":["https:\/\/now-news.de\/de\/deutschland\/handel-bruessel-setzt-importzoelle-fuer-armenische-waren-aus\/"]}]},{"@type":"ImageObject","inLanguage":"de","@id":"https:\/\/now-news.de\/de\/deutschland\/handel-bruessel-setzt-importzoelle-fuer-armenische-waren-aus\/#primaryimage","url":"https:\/\/now-news.de\/de\/wp-content\/uploads\/sites\/3\/2026\/09\/Handel-Bruessel-setzt-Importzoelle-fuer-armenische-Waren-aus.jpg","contentUrl":"https:\/\/now-news.de\/de\/wp-content\/uploads\/sites\/3\/2026\/09\/Handel-Bruessel-setzt-Importzoelle-fuer-armenische-Waren-aus.jpg","width":460,"height":259,"caption":"Handel: Br\u00fcssel setzt Importz\u00f6lle f\u00fcr armenische Waren aus"},{"@type":"BreadcrumbList","@id":"https:\/\/now-news.de\/de\/deutschland\/handel-bruessel-setzt-importzoelle-fuer-armenische-waren-aus\/#breadcrumb","itemListElement":[{"@type":"ListItem","position":1,"name":"Home","item":"https:\/\/now-news.de\/de\/"},{"@type":"ListItem","position":2,"name":"Handel: Br\u00fcssel setzt Importz\u00f6lle f\u00fcr armenische Waren aus"}]},{"@type":"WebSite","@id":"https:\/\/now-news.de\/de\/#website","url":"https:\/\/now-news.de\/de\/","name":"just-now.NEWS Deutschland","description":"Das Portal f\u00fcr unzensierte Nachrichten aus der Welt","publisher":{"@id":"https:\/\/now-news.de\/de\/#organization"},"potentialAction":[{"@type":"SearchAction","target":{"@type":"EntryPoint","urlTemplate":"https:\/\/now-news.de\/de\/?s={search_term_string}"},"query-input":{"@type":"PropertyValueSpecification","valueRequired":true,"valueName":"search_term_string"}}],"inLanguage":"de"},{"@type":"Organization","@id":"https:\/\/now-news.de\/de\/#organization","name":"Just Now News","url":"https:\/\/now-news.de\/de\/","logo":{"@type":"ImageObject","inLanguage":"de","@id":"https:\/\/now-news.de\/de\/#\/schema\/logo\/image\/","url":"http:\/\/just-now.news\/de\/wp-content\/uploads\/sites\/3\/2022\/04\/logo500x500.jpg","contentUrl":"http:\/\/just-now.news\/de\/wp-content\/uploads\/sites\/3\/2022\/04\/logo500x500.jpg","width":500,"height":500,"caption":"Just Now News"},"image":{"@id":"https:\/\/now-news.de\/de\/#\/schema\/logo\/image\/"},"sameAs":["https:\/\/www.facebook.com\/wirmachenauf","https:\/\/x.com\/WirMachenAuf_de"]},{"@type":"Person","@id":"https:\/\/now-news.de\/de\/#\/schema\/person\/fb534a4e865501d8b3285208df34a9b5","name":"rtnews","image":{"@type":"ImageObject","inLanguage":"de","@id":"https:\/\/secure.gravatar.com\/avatar\/358fe31b3ab5769fea05376e1953329834cd9912cf9daf607e2af3076a1b982b?s=96&d=mm&r=g","url":"https:\/\/secure.gravatar.com\/avatar\/358fe31b3ab5769fea05376e1953329834cd9912cf9daf607e2af3076a1b982b?s=96&d=mm&r=g","contentUrl":"https:\/\/secure.gravatar.com\/avatar\/358fe31b3ab5769fea05376e1953329834cd9912cf9daf607e2af3076a1b982b?s=96&d=mm&r=g","caption":"rtnews"},"url":"https:\/\/now-news.de\/de\/author\/rnews\/"}]}},"_links":{"self":[{"href":"https:\/\/now-news.de\/de\/wp-json\/wp\/v2\/posts\/109814","targetHints":{"allow":["GET"]}}],"collection":[{"href":"https:\/\/now-news.de\/de\/wp-json\/wp\/v2\/posts"}],"about":[{"href":"https:\/\/now-news.de\/de\/wp-json\/wp\/v2\/types\/post"}],"author":[{"embeddable":true,"href":"https:\/\/now-news.de\/de\/wp-json\/wp\/v2\/users\/3"}],"replies":[{"embeddable":true,"href":"https:\/\/now-news.de\/de\/wp-json\/wp\/v2\/comments?post=109814"}],"version-history":[{"count":0,"href":"https:\/\/now-news.de\/de\/wp-json\/wp\/v2\/posts\/109814\/revisions"}],"wp:featuredmedia":[{"embeddable":true,"href":"https:\/\/now-news.de\/de\/wp-json\/wp\/v2\/media\/109815"}],"wp:attachment":[{"href":"https:\/\/now-news.de\/de\/wp-json\/wp\/v2\/media?parent=109814"}],"wp:term":[{"taxonomy":"category","embeddable":true,"href":"https:\/\/now-news.de\/de\/wp-json\/wp\/v2\/categories?post=109814"},{"taxonomy":"post_tag","embeddable":true,"href":"https:\/\/now-news.de\/de\/wp-json\/wp\/v2\/tags?post=109814"}],"curies":[{"name":"wp","href":"https:\/\/api.w.org\/{rel}","templated":true}]}}