{"id":109787,"date":"2026-09-02T14:00:16","date_gmt":"2026-09-02T12:00:16","guid":{"rendered":"https:\/\/now-news.de\/de\/deutschland\/schweizer-neutralitaet-vor-der-abstimmung-blocher-und-koeppel-gehen-in-die-offensive\/"},"modified":"2026-09-02T14:00:16","modified_gmt":"2026-09-02T12:00:16","slug":"schweizer-neutralitaet-vor-der-abstimmung-blocher-und-koeppel-gehen-in-die-offensive","status":"publish","type":"post","link":"https:\/\/now-news.de\/de\/deutschland\/schweizer-neutralitaet-vor-der-abstimmung-blocher-und-koeppel-gehen-in-die-offensive\/","title":{"rendered":"Schweizer Neutralit\u00e4t vor der Abstimmung: Blocher und K\u00f6ppel gehen in die Offensive"},"content":{"rendered":"<p><img decoding=\"async\" src=\"https:\/\/now-news.de\/de\/wp-content\/uploads\/sites\/3\/2026\/09\/6a97f51848fbef743b4db209.png\" \/><\/p>\n<div class=\"Text-root Text-type_1 \">\n                Die Neutralit\u00e4tsinitiative wird zum politischen Gro\u00dfkampf. Rund 3,8 Millionen Franken stehen dem Ja-Lager zur Verf\u00fcgung, mehr als zwei Millionen davon von Christoph Blocher. Jetzt gehen Blocher und Roger K\u00f6ppel in die Offensive und laden zur \u00f6ffentlichen Diskussion.\n            <\/div>\n<p><\/p>\n<div class=\"Text-root Text-type_5 ArticleView-text ViewText-root \">\n<p>Der Abstimmungskampf um die Schweizer Neutralit\u00e4t wird immer hei\u00dfer. Mit jedem Tag r\u00fcckt der 27. September n\u00e4her \u2013 und damit wird auch die Debatte sch\u00e4rfer. Im Zentrum steht l\u00e4ngst nicht mehr nur ein Verfassungsartikel, sondern die Frage, wie neutral die Schweiz k\u00fcnftig sein will.<\/p>\n<p data-start=\"0\" data-end=\"354\" data-is-last-node=\"\" data-is-only-node=\"\">Auf der Ja-Seite wird nicht gekleckert sondern geklotzt. Rund 3,8 Millionen Franken stehen f\u00fcr den Abstimmungskampf zur Verf\u00fcgung. Mehr als zwei Millionen davon schie\u00dft Christoph Blocher pers\u00f6nlich ein. Der fr\u00fchere Bundesrat und SVP-Patron setzt damit ein deutliches Zeichen. F\u00fcr ihn geht es bei dieser Abstimmung um eine Grundsatzfrage f\u00fcr die Schweiz.<\/p>\n<p>Auch die SVP steht klar hinter der Vorlage und k\u00e4mpft f\u00fcr eine eigenst\u00e4ndige und konsequente Schweizer Neutralit\u00e4t. W\u00e4hrend andere Parteien bei der Neutralit\u00e4tsfrage zunehmend ins Wanken geraten, bleibt die SVP bei ihrer Linie. Die Schweiz soll sich nicht in fremde Konflikte hineinziehen lassen.<\/p>\n<p>Die Gegner verf\u00fcgen nach bisherigen Angaben \u00fcber rund 1,7 Millionen Franken. Das Ja-Lager hat damit nicht nur die gr\u00f6\u00dfere finanzielle Schlagkraft, sondern tritt auch mit prominenter Unterst\u00fctzung an.<\/p>\n<p>Blocher selbst bel\u00e4sst es ohnehin nicht beim Geld. Er will den Abstimmungskampf bis zum Schluss pers\u00f6nlich pr\u00e4gen. Einen urspr\u00fcnglich geplanten Auslandaufenthalt am Abstimmungssonntag hat er abgesagt. Seine Erkl\u00e4rung ist unmissverst\u00e4ndlich:<\/p>\n<blockquote>\n<p><em>&#8220;Ich muss da sein bei einer so wichtigen Abstimmung.&#8221;<\/em><\/p>\n<\/blockquote>\n<p>F\u00fcr Blocher ist der 27. September eine Richtungsentscheidung. Es geht darum, ob die Schweiz ihre Neutralit\u00e4t selbst bestimmt oder sich au\u00dfenpolitisch st\u00e4rker an andere Staaten und B\u00fcndnisse anlehnt.<\/p>\n<h3>Vom Bundeshaus in den Pendleralltag<\/h3>\n<p>Die Auseinandersetzung ist l\u00e4ngst aus den Sitzungszimmern der Politik herausgetreten und mitten im Z\u00fcrcher Alltag angekommen. In S-Bahnen und an zahlreichen Haltestellen sind inzwischen Plakate f\u00fcr die Neutralit\u00e4tsinitiative zu sehen.<\/p>\n<p>Die Botschaft des Ja-Lagers ist klar. Die Schweiz soll ihre Neutralit\u00e4t nicht weiter verw\u00e4ssern, sondern sie wieder klar festschreiben und in der Bundesverfassung verankern.<\/p>\n<p>Die Gegner warnen dagegen vor einem Verlust an au\u00dfenpolitischem Spielraum. F\u00fcr sie stellt sich die Frage, ob eine strengere Neutralit\u00e4t der Schweiz tats\u00e4chlich mehr Sicherheit bringt.<\/p>\n<p>Damit geht es am 27. September auch um die Frage, was Schweizer Neutralit\u00e4t heute noch bedeutet.<\/p>\n<h3>Fragen direkt an Blocher und K\u00f6ppel<\/h3>\n<p>Wer sich nicht mit Schlagworten begn\u00fcgen will, bekommt nun die Gelegenheit, die prominentesten K\u00f6pfe des Ja-Lagers direkt zu befragen.<\/p>\n<p>Kurzfristig wurde die Diskussionsveranstaltung &#8220;Kein Krieg. Ja zur Schweizer Neutralit\u00e4t!&#8221; mit Alt-Bundesrat Christoph Blocher und Roger K\u00f6ppel angesetzt. Noch sind Pl\u00e4tze verf\u00fcgbar.<\/p>\n<p>Bei der <a rel=\"nofollow\" target=\"_blank\" href=\"https:\/\/weltwoche.ch\/blocher\/\">Veranstaltung<\/a> soll es um die konkreten Folgen der Initiative und den k\u00fcnftigen Kurs der Schweizer Au\u00dfen- und Sicherheitspolitik gehen. Im direkten Gespr\u00e4ch k\u00f6nnen die Positionen von Blocher und K\u00f6ppel ausf\u00fchrlicher diskutiert werden als \u00fcber Plakate und Inserate.<\/p>\n<p>Das &#8220;Komitee Wahrung der Schweizer Neutralit\u00e4t&#8221; wirbt f\u00fcr ein Ja am 27. September. Es sieht die Neutralit\u00e4t als Grundlage von Unabh\u00e4ngigkeit, Frieden und Sicherheit und warnt vor einer st\u00e4rkeren Anbindung der Schweiz an NATO und EU.<\/p>\n<p>Die Initiative will die &#8220;immerw\u00e4hrende und bewaffnete&#8221; Neutralit\u00e4t in der Bundesverfassung verankern. Die Schweiz soll keinen Milit\u00e4rb\u00fcndnissen beitreten, sich nicht an Kriegen zwischen Drittstaaten beteiligen und grunds\u00e4tzlich auf Zwangsma\u00dfnahmen gegen Kriegsparteien verzichten. Ausnahmen gelten f\u00fcr UNO-Verpflichtungen und Ma\u00dfnahmen gegen Umgehungsgesch\u00e4fte.<\/p>\n<p>Zugleich soll die Schweiz ihre Neutralit\u00e4t aktiv f\u00fcr Vermittlung und Friedensf\u00f6rderung einsetzen. Am 27. September entscheidet sich damit auch, welchen Stellenwert die Neutralit\u00e4t k\u00fcnftig in der Schweizer Politik haben soll.<\/p>\n<p><strong>Mehr zum Thema<\/strong>\u00a0\u2013\u00a0<a rel=\"nofollow\" target=\"_blank\" href=\"https:\/\/de-rtnews.com\/schweiz\/288729-schweizer-milliardaer-blocher-finanziert-ja\/\">Schweizer Milliard\u00e4r Blocher finanziert Ja-Kampagne zur Neutralit\u00e4tsinitiative<\/a><\/p>\n<div class=\"EmbedBlock-root EmbedBlock-externalVideo EmbedBlock-rumble\">\n<div class=\"VkEmbed\"><iframe class=\"lazyload\" data-src=\"https:\/\/rumble.com\/embed\/v7cgwis\" frameborder=\"0\" width=\"853\" height=\"480\" allowfullscreen><\/iframe><\/div>\n<\/div>\n<\/div>\n<p><br \/>\n<br \/><a href=\"https:\/\/de.rt.com\/schweiz\/290415-schweizer-neutralitaet-vor-abstimmung-blocher\/\">Source link <\/a><\/p>\n","protected":false},"excerpt":{"rendered":"<p>Die Neutralit\u00e4tsinitiative wird zum politischen Gro\u00dfkampf. Rund 3,8 Millionen Franken stehen dem Ja-Lager zur Verf\u00fcgung, mehr als zwei Millionen davon von Christoph Blocher. Jetzt gehen Blocher und Roger K\u00f6ppel in die Offensive und laden zur \u00f6ffentlichen Diskussion. Der Abstimmungskampf um die Schweizer Neutralit\u00e4t wird immer hei\u00dfer. Mit jedem Tag r\u00fcckt der 27. September n\u00e4her \u2013 [&hellip;]<\/p>\n","protected":false},"author":3,"featured_media":109788,"comment_status":"open","ping_status":"open","sticky":false,"template":"","format":"standard","meta":{"wp_automatic_camp":["217"],"ede2066e6720e8d8be733d07377f3501":["Schweizer Neutralit\u00e4t vor der Abstimmung: Blocher und K\u00f6ppel gehen in die Offensive"],"original_link":["https:\/\/de.rt.com\/schweiz\/290415-schweizer-neutralitaet-vor-abstimmung-blocher\/"],"_thumbnail_id":["109788"],"_wptgpro_p2tg_sent2tg":["a:1:{i:23737;s:19:\"2026-09-02 14:16:38\";}"],"jnews_social_counter_last_update":["1788544462"]},"categories":[19,23],"tags":[12247,64039,82,45,600,42616,21586,18036,3424,140,320],"class_list":["post-109787","post","type-post","status-publish","format-standard","has-post-thumbnail","hentry","category-deutschland","category-russland","tag-abstimmung","tag-blocher","tag-der","tag-die","tag-gehen","tag-koeppel","tag-neutralitaet","tag-offensive","tag-schweizer","tag-und","tag-vor"],"yoast_head":"<!-- This site is optimized with the Yoast SEO Premium plugin v22.7 (Yoast SEO v28.2) - https:\/\/yoast.com\/product\/yoast-seo-premium-wordpress\/ -->\n<title>Schweizer Neutralit\u00e4t vor der Abstimmung: Blocher und K\u00f6ppel gehen in die Offensive - just-now.NEWS Deutschland<\/title>\n<meta name=\"robots\" content=\"index, follow, max-snippet:-1, max-image-preview:large, max-video-preview:-1\" \/>\n<link rel=\"canonical\" href=\"https:\/\/now-news.de\/de\/deutschland\/schweizer-neutralitaet-vor-der-abstimmung-blocher-und-koeppel-gehen-in-die-offensive\/\" \/>\n<meta property=\"og:locale\" content=\"de_DE\" \/>\n<meta property=\"og:type\" content=\"article\" \/>\n<meta property=\"og:title\" content=\"Schweizer Neutralit\u00e4t vor der Abstimmung: Blocher und K\u00f6ppel gehen in die Offensive\" \/>\n<meta property=\"og:description\" content=\"Die Neutralit\u00e4tsinitiative wird zum politischen Gro\u00dfkampf. Rund 3,8 Millionen Franken stehen dem Ja-Lager zur Verf\u00fcgung, mehr als zwei Millionen davon von Christoph Blocher. Jetzt gehen Blocher und Roger K\u00f6ppel in die Offensive und laden zur \u00f6ffentlichen Diskussion. Der Abstimmungskampf um die Schweizer Neutralit\u00e4t wird immer hei\u00dfer. Mit jedem Tag r\u00fcckt der 27. September n\u00e4her \u2013 [&hellip;]\" \/>\n<meta property=\"og:url\" content=\"https:\/\/now-news.de\/de\/deutschland\/schweizer-neutralitaet-vor-der-abstimmung-blocher-und-koeppel-gehen-in-die-offensive\/\" \/>\n<meta property=\"og:site_name\" content=\"just-now.NEWS Deutschland\" \/>\n<meta property=\"article:publisher\" content=\"https:\/\/www.facebook.com\/wirmachenauf\" \/>\n<meta property=\"article:published_time\" content=\"2026-09-02T12:00:16+00:00\" \/>\n<meta property=\"og:image\" content=\"https:\/\/now-news.de\/de\/wp-content\/uploads\/sites\/3\/2026\/09\/6a97f51848fbef743b4db209.png\" \/>\n<meta name=\"author\" content=\"rtnews\" \/>\n<meta name=\"twitter:card\" content=\"summary_large_image\" \/>\n<meta name=\"twitter:creator\" content=\"@WirMachenAuf_de\" \/>\n<meta name=\"twitter:site\" content=\"@WirMachenAuf_de\" \/>\n<meta name=\"twitter:label1\" content=\"Verfasst von\" \/>\n\t<meta name=\"twitter:data1\" content=\"rtnews\" \/>\n\t<meta name=\"twitter:label2\" content=\"Gesch\u00e4tzte Lesezeit\" \/>\n\t<meta name=\"twitter:data2\" content=\"3\u00a0Minuten\" \/>\n<script type=\"application\/ld+json\" class=\"yoast-schema-graph\">{\"@context\":\"https:\\\/\\\/schema.org\",\"@graph\":[{\"@type\":\"Article\",\"@id\":\"https:\\\/\\\/now-news.de\\\/de\\\/deutschland\\\/schweizer-neutralitaet-vor-der-abstimmung-blocher-und-koeppel-gehen-in-die-offensive\\\/#article\",\"isPartOf\":{\"@id\":\"https:\\\/\\\/now-news.de\\\/de\\\/deutschland\\\/schweizer-neutralitaet-vor-der-abstimmung-blocher-und-koeppel-gehen-in-die-offensive\\\/\"},\"author\":{\"name\":\"rtnews\",\"@id\":\"https:\\\/\\\/now-news.de\\\/de\\\/#\\\/schema\\\/person\\\/fb534a4e865501d8b3285208df34a9b5\"},\"headline\":\"Schweizer Neutralit\u00e4t vor der Abstimmung: Blocher und K\u00f6ppel gehen in die Offensive\",\"datePublished\":\"2026-09-02T12:00:16+00:00\",\"mainEntityOfPage\":{\"@id\":\"https:\\\/\\\/now-news.de\\\/de\\\/deutschland\\\/schweizer-neutralitaet-vor-der-abstimmung-blocher-und-koeppel-gehen-in-die-offensive\\\/\"},\"wordCount\":664,\"commentCount\":0,\"publisher\":{\"@id\":\"https:\\\/\\\/now-news.de\\\/de\\\/#organization\"},\"image\":{\"@id\":\"https:\\\/\\\/now-news.de\\\/de\\\/deutschland\\\/schweizer-neutralitaet-vor-der-abstimmung-blocher-und-koeppel-gehen-in-die-offensive\\\/#primaryimage\"},\"thumbnailUrl\":\"https:\\\/\\\/now-news.de\\\/de\\\/wp-content\\\/uploads\\\/sites\\\/3\\\/2026\\\/09\\\/Schweizer-Neutralitaet-vor-der-Abstimmung-Blocher-und-Koeppel-gehen-in.png\",\"keywords\":[\"Abstimmung\",\"Blocher\",\"der\",\"die\",\"gehen\",\"K\u00f6ppel\",\"Neutralit\u00e4t\",\"offensive\",\"Schweizer\",\"und\",\"vor\"],\"articleSection\":[\"Deutschland\",\"Russland\"],\"inLanguage\":\"de\",\"potentialAction\":[{\"@type\":\"CommentAction\",\"name\":\"Comment\",\"target\":[\"https:\\\/\\\/now-news.de\\\/de\\\/deutschland\\\/schweizer-neutralitaet-vor-der-abstimmung-blocher-und-koeppel-gehen-in-die-offensive\\\/#respond\"]}]},{\"@type\":\"WebPage\",\"@id\":\"https:\\\/\\\/now-news.de\\\/de\\\/deutschland\\\/schweizer-neutralitaet-vor-der-abstimmung-blocher-und-koeppel-gehen-in-die-offensive\\\/\",\"url\":\"https:\\\/\\\/now-news.de\\\/de\\\/deutschland\\\/schweizer-neutralitaet-vor-der-abstimmung-blocher-und-koeppel-gehen-in-die-offensive\\\/\",\"name\":\"Schweizer Neutralit\u00e4t vor der Abstimmung: Blocher und K\u00f6ppel gehen in die Offensive - just-now.NEWS Deutschland\",\"isPartOf\":{\"@id\":\"https:\\\/\\\/now-news.de\\\/de\\\/#website\"},\"primaryImageOfPage\":{\"@id\":\"https:\\\/\\\/now-news.de\\\/de\\\/deutschland\\\/schweizer-neutralitaet-vor-der-abstimmung-blocher-und-koeppel-gehen-in-die-offensive\\\/#primaryimage\"},\"image\":{\"@id\":\"https:\\\/\\\/now-news.de\\\/de\\\/deutschland\\\/schweizer-neutralitaet-vor-der-abstimmung-blocher-und-koeppel-gehen-in-die-offensive\\\/#primaryimage\"},\"thumbnailUrl\":\"https:\\\/\\\/now-news.de\\\/de\\\/wp-content\\\/uploads\\\/sites\\\/3\\\/2026\\\/09\\\/Schweizer-Neutralitaet-vor-der-Abstimmung-Blocher-und-Koeppel-gehen-in.png\",\"datePublished\":\"2026-09-02T12:00:16+00:00\",\"breadcrumb\":{\"@id\":\"https:\\\/\\\/now-news.de\\\/de\\\/deutschland\\\/schweizer-neutralitaet-vor-der-abstimmung-blocher-und-koeppel-gehen-in-die-offensive\\\/#breadcrumb\"},\"inLanguage\":\"de\",\"potentialAction\":[{\"@type\":\"ReadAction\",\"target\":[\"https:\\\/\\\/now-news.de\\\/de\\\/deutschland\\\/schweizer-neutralitaet-vor-der-abstimmung-blocher-und-koeppel-gehen-in-die-offensive\\\/\"]}]},{\"@type\":\"ImageObject\",\"inLanguage\":\"de\",\"@id\":\"https:\\\/\\\/now-news.de\\\/de\\\/deutschland\\\/schweizer-neutralitaet-vor-der-abstimmung-blocher-und-koeppel-gehen-in-die-offensive\\\/#primaryimage\",\"url\":\"https:\\\/\\\/now-news.de\\\/de\\\/wp-content\\\/uploads\\\/sites\\\/3\\\/2026\\\/09\\\/Schweizer-Neutralitaet-vor-der-Abstimmung-Blocher-und-Koeppel-gehen-in.png\",\"contentUrl\":\"https:\\\/\\\/now-news.de\\\/de\\\/wp-content\\\/uploads\\\/sites\\\/3\\\/2026\\\/09\\\/Schweizer-Neutralitaet-vor-der-Abstimmung-Blocher-und-Koeppel-gehen-in.png\",\"width\":460,\"height\":259,\"caption\":\"Schweizer Neutralit\u00e4t vor der Abstimmung: Blocher und K\u00f6ppel gehen in die Offensive\"},{\"@type\":\"BreadcrumbList\",\"@id\":\"https:\\\/\\\/now-news.de\\\/de\\\/deutschland\\\/schweizer-neutralitaet-vor-der-abstimmung-blocher-und-koeppel-gehen-in-die-offensive\\\/#breadcrumb\",\"itemListElement\":[{\"@type\":\"ListItem\",\"position\":1,\"name\":\"Home\",\"item\":\"https:\\\/\\\/now-news.de\\\/de\\\/\"},{\"@type\":\"ListItem\",\"position\":2,\"name\":\"Schweizer Neutralit\u00e4t vor der Abstimmung: Blocher und K\u00f6ppel gehen in die Offensive\"}]},{\"@type\":\"WebSite\",\"@id\":\"https:\\\/\\\/now-news.de\\\/de\\\/#website\",\"url\":\"https:\\\/\\\/now-news.de\\\/de\\\/\",\"name\":\"just-now.NEWS Deutschland\",\"description\":\"Das Portal f\u00fcr unzensierte Nachrichten aus der Welt\",\"publisher\":{\"@id\":\"https:\\\/\\\/now-news.de\\\/de\\\/#organization\"},\"potentialAction\":[{\"@type\":\"SearchAction\",\"target\":{\"@type\":\"EntryPoint\",\"urlTemplate\":\"https:\\\/\\\/now-news.de\\\/de\\\/?s={search_term_string}\"},\"query-input\":{\"@type\":\"PropertyValueSpecification\",\"valueRequired\":true,\"valueName\":\"search_term_string\"}}],\"inLanguage\":\"de\"},{\"@type\":\"Organization\",\"@id\":\"https:\\\/\\\/now-news.de\\\/de\\\/#organization\",\"name\":\"Just Now News\",\"url\":\"https:\\\/\\\/now-news.de\\\/de\\\/\",\"logo\":{\"@type\":\"ImageObject\",\"inLanguage\":\"de\",\"@id\":\"https:\\\/\\\/now-news.de\\\/de\\\/#\\\/schema\\\/logo\\\/image\\\/\",\"url\":\"http:\\\/\\\/just-now.news\\\/de\\\/wp-content\\\/uploads\\\/sites\\\/3\\\/2022\\\/04\\\/logo500x500.jpg\",\"contentUrl\":\"http:\\\/\\\/just-now.news\\\/de\\\/wp-content\\\/uploads\\\/sites\\\/3\\\/2022\\\/04\\\/logo500x500.jpg\",\"width\":500,\"height\":500,\"caption\":\"Just Now News\"},\"image\":{\"@id\":\"https:\\\/\\\/now-news.de\\\/de\\\/#\\\/schema\\\/logo\\\/image\\\/\"},\"sameAs\":[\"https:\\\/\\\/www.facebook.com\\\/wirmachenauf\",\"https:\\\/\\\/x.com\\\/WirMachenAuf_de\"]},{\"@type\":\"Person\",\"@id\":\"https:\\\/\\\/now-news.de\\\/de\\\/#\\\/schema\\\/person\\\/fb534a4e865501d8b3285208df34a9b5\",\"name\":\"rtnews\",\"image\":{\"@type\":\"ImageObject\",\"inLanguage\":\"de\",\"@id\":\"https:\\\/\\\/secure.gravatar.com\\\/avatar\\\/358fe31b3ab5769fea05376e1953329834cd9912cf9daf607e2af3076a1b982b?s=96&d=mm&r=g\",\"url\":\"https:\\\/\\\/secure.gravatar.com\\\/avatar\\\/358fe31b3ab5769fea05376e1953329834cd9912cf9daf607e2af3076a1b982b?s=96&d=mm&r=g\",\"contentUrl\":\"https:\\\/\\\/secure.gravatar.com\\\/avatar\\\/358fe31b3ab5769fea05376e1953329834cd9912cf9daf607e2af3076a1b982b?s=96&d=mm&r=g\",\"caption\":\"rtnews\"},\"url\":\"https:\\\/\\\/now-news.de\\\/de\\\/author\\\/rnews\\\/\"}]}<\/script>\n<!-- \/ Yoast SEO Premium plugin. -->","yoast_head_json":{"title":"Schweizer Neutralit\u00e4t vor der Abstimmung: Blocher und K\u00f6ppel gehen in die Offensive - just-now.NEWS Deutschland","robots":{"index":"index","follow":"follow","max-snippet":"max-snippet:-1","max-image-preview":"max-image-preview:large","max-video-preview":"max-video-preview:-1"},"canonical":"https:\/\/now-news.de\/de\/deutschland\/schweizer-neutralitaet-vor-der-abstimmung-blocher-und-koeppel-gehen-in-die-offensive\/","og_locale":"de_DE","og_type":"article","og_title":"Schweizer Neutralit\u00e4t vor der Abstimmung: Blocher und K\u00f6ppel gehen in die Offensive","og_description":"Die Neutralit\u00e4tsinitiative wird zum politischen Gro\u00dfkampf. Rund 3,8 Millionen Franken stehen dem Ja-Lager zur Verf\u00fcgung, mehr als zwei Millionen davon von Christoph Blocher. Jetzt gehen Blocher und Roger K\u00f6ppel in die Offensive und laden zur \u00f6ffentlichen Diskussion. Der Abstimmungskampf um die Schweizer Neutralit\u00e4t wird immer hei\u00dfer. Mit jedem Tag r\u00fcckt der 27. September n\u00e4her \u2013 [&hellip;]","og_url":"https:\/\/now-news.de\/de\/deutschland\/schweizer-neutralitaet-vor-der-abstimmung-blocher-und-koeppel-gehen-in-die-offensive\/","og_site_name":"just-now.NEWS Deutschland","article_publisher":"https:\/\/www.facebook.com\/wirmachenauf","article_published_time":"2026-09-02T12:00:16+00:00","og_image":[{"url":"https:\/\/now-news.de\/de\/wp-content\/uploads\/sites\/3\/2026\/09\/6a97f51848fbef743b4db209.png","type":"","width":"","height":""}],"author":"rtnews","twitter_card":"summary_large_image","twitter_creator":"@WirMachenAuf_de","twitter_site":"@WirMachenAuf_de","twitter_misc":{"Verfasst von":"rtnews","Gesch\u00e4tzte Lesezeit":"3\u00a0Minuten"},"schema":{"@context":"https:\/\/schema.org","@graph":[{"@type":"Article","@id":"https:\/\/now-news.de\/de\/deutschland\/schweizer-neutralitaet-vor-der-abstimmung-blocher-und-koeppel-gehen-in-die-offensive\/#article","isPartOf":{"@id":"https:\/\/now-news.de\/de\/deutschland\/schweizer-neutralitaet-vor-der-abstimmung-blocher-und-koeppel-gehen-in-die-offensive\/"},"author":{"name":"rtnews","@id":"https:\/\/now-news.de\/de\/#\/schema\/person\/fb534a4e865501d8b3285208df34a9b5"},"headline":"Schweizer Neutralit\u00e4t vor der Abstimmung: Blocher und K\u00f6ppel gehen in die Offensive","datePublished":"2026-09-02T12:00:16+00:00","mainEntityOfPage":{"@id":"https:\/\/now-news.de\/de\/deutschland\/schweizer-neutralitaet-vor-der-abstimmung-blocher-und-koeppel-gehen-in-die-offensive\/"},"wordCount":664,"commentCount":0,"publisher":{"@id":"https:\/\/now-news.de\/de\/#organization"},"image":{"@id":"https:\/\/now-news.de\/de\/deutschland\/schweizer-neutralitaet-vor-der-abstimmung-blocher-und-koeppel-gehen-in-die-offensive\/#primaryimage"},"thumbnailUrl":"https:\/\/now-news.de\/de\/wp-content\/uploads\/sites\/3\/2026\/09\/Schweizer-Neutralitaet-vor-der-Abstimmung-Blocher-und-Koeppel-gehen-in.png","keywords":["Abstimmung","Blocher","der","die","gehen","K\u00f6ppel","Neutralit\u00e4t","offensive","Schweizer","und","vor"],"articleSection":["Deutschland","Russland"],"inLanguage":"de","potentialAction":[{"@type":"CommentAction","name":"Comment","target":["https:\/\/now-news.de\/de\/deutschland\/schweizer-neutralitaet-vor-der-abstimmung-blocher-und-koeppel-gehen-in-die-offensive\/#respond"]}]},{"@type":"WebPage","@id":"https:\/\/now-news.de\/de\/deutschland\/schweizer-neutralitaet-vor-der-abstimmung-blocher-und-koeppel-gehen-in-die-offensive\/","url":"https:\/\/now-news.de\/de\/deutschland\/schweizer-neutralitaet-vor-der-abstimmung-blocher-und-koeppel-gehen-in-die-offensive\/","name":"Schweizer Neutralit\u00e4t vor der Abstimmung: Blocher und K\u00f6ppel gehen in die Offensive - just-now.NEWS Deutschland","isPartOf":{"@id":"https:\/\/now-news.de\/de\/#website"},"primaryImageOfPage":{"@id":"https:\/\/now-news.de\/de\/deutschland\/schweizer-neutralitaet-vor-der-abstimmung-blocher-und-koeppel-gehen-in-die-offensive\/#primaryimage"},"image":{"@id":"https:\/\/now-news.de\/de\/deutschland\/schweizer-neutralitaet-vor-der-abstimmung-blocher-und-koeppel-gehen-in-die-offensive\/#primaryimage"},"thumbnailUrl":"https:\/\/now-news.de\/de\/wp-content\/uploads\/sites\/3\/2026\/09\/Schweizer-Neutralitaet-vor-der-Abstimmung-Blocher-und-Koeppel-gehen-in.png","datePublished":"2026-09-02T12:00:16+00:00","breadcrumb":{"@id":"https:\/\/now-news.de\/de\/deutschland\/schweizer-neutralitaet-vor-der-abstimmung-blocher-und-koeppel-gehen-in-die-offensive\/#breadcrumb"},"inLanguage":"de","potentialAction":[{"@type":"ReadAction","target":["https:\/\/now-news.de\/de\/deutschland\/schweizer-neutralitaet-vor-der-abstimmung-blocher-und-koeppel-gehen-in-die-offensive\/"]}]},{"@type":"ImageObject","inLanguage":"de","@id":"https:\/\/now-news.de\/de\/deutschland\/schweizer-neutralitaet-vor-der-abstimmung-blocher-und-koeppel-gehen-in-die-offensive\/#primaryimage","url":"https:\/\/now-news.de\/de\/wp-content\/uploads\/sites\/3\/2026\/09\/Schweizer-Neutralitaet-vor-der-Abstimmung-Blocher-und-Koeppel-gehen-in.png","contentUrl":"https:\/\/now-news.de\/de\/wp-content\/uploads\/sites\/3\/2026\/09\/Schweizer-Neutralitaet-vor-der-Abstimmung-Blocher-und-Koeppel-gehen-in.png","width":460,"height":259,"caption":"Schweizer Neutralit\u00e4t vor der Abstimmung: Blocher und K\u00f6ppel gehen in die Offensive"},{"@type":"BreadcrumbList","@id":"https:\/\/now-news.de\/de\/deutschland\/schweizer-neutralitaet-vor-der-abstimmung-blocher-und-koeppel-gehen-in-die-offensive\/#breadcrumb","itemListElement":[{"@type":"ListItem","position":1,"name":"Home","item":"https:\/\/now-news.de\/de\/"},{"@type":"ListItem","position":2,"name":"Schweizer Neutralit\u00e4t vor der Abstimmung: Blocher und K\u00f6ppel gehen in die Offensive"}]},{"@type":"WebSite","@id":"https:\/\/now-news.de\/de\/#website","url":"https:\/\/now-news.de\/de\/","name":"just-now.NEWS Deutschland","description":"Das Portal f\u00fcr unzensierte Nachrichten aus der Welt","publisher":{"@id":"https:\/\/now-news.de\/de\/#organization"},"potentialAction":[{"@type":"SearchAction","target":{"@type":"EntryPoint","urlTemplate":"https:\/\/now-news.de\/de\/?s={search_term_string}"},"query-input":{"@type":"PropertyValueSpecification","valueRequired":true,"valueName":"search_term_string"}}],"inLanguage":"de"},{"@type":"Organization","@id":"https:\/\/now-news.de\/de\/#organization","name":"Just Now News","url":"https:\/\/now-news.de\/de\/","logo":{"@type":"ImageObject","inLanguage":"de","@id":"https:\/\/now-news.de\/de\/#\/schema\/logo\/image\/","url":"http:\/\/just-now.news\/de\/wp-content\/uploads\/sites\/3\/2022\/04\/logo500x500.jpg","contentUrl":"http:\/\/just-now.news\/de\/wp-content\/uploads\/sites\/3\/2022\/04\/logo500x500.jpg","width":500,"height":500,"caption":"Just Now News"},"image":{"@id":"https:\/\/now-news.de\/de\/#\/schema\/logo\/image\/"},"sameAs":["https:\/\/www.facebook.com\/wirmachenauf","https:\/\/x.com\/WirMachenAuf_de"]},{"@type":"Person","@id":"https:\/\/now-news.de\/de\/#\/schema\/person\/fb534a4e865501d8b3285208df34a9b5","name":"rtnews","image":{"@type":"ImageObject","inLanguage":"de","@id":"https:\/\/secure.gravatar.com\/avatar\/358fe31b3ab5769fea05376e1953329834cd9912cf9daf607e2af3076a1b982b?s=96&d=mm&r=g","url":"https:\/\/secure.gravatar.com\/avatar\/358fe31b3ab5769fea05376e1953329834cd9912cf9daf607e2af3076a1b982b?s=96&d=mm&r=g","contentUrl":"https:\/\/secure.gravatar.com\/avatar\/358fe31b3ab5769fea05376e1953329834cd9912cf9daf607e2af3076a1b982b?s=96&d=mm&r=g","caption":"rtnews"},"url":"https:\/\/now-news.de\/de\/author\/rnews\/"}]}},"_links":{"self":[{"href":"https:\/\/now-news.de\/de\/wp-json\/wp\/v2\/posts\/109787","targetHints":{"allow":["GET"]}}],"collection":[{"href":"https:\/\/now-news.de\/de\/wp-json\/wp\/v2\/posts"}],"about":[{"href":"https:\/\/now-news.de\/de\/wp-json\/wp\/v2\/types\/post"}],"author":[{"embeddable":true,"href":"https:\/\/now-news.de\/de\/wp-json\/wp\/v2\/users\/3"}],"replies":[{"embeddable":true,"href":"https:\/\/now-news.de\/de\/wp-json\/wp\/v2\/comments?post=109787"}],"version-history":[{"count":0,"href":"https:\/\/now-news.de\/de\/wp-json\/wp\/v2\/posts\/109787\/revisions"}],"wp:featuredmedia":[{"embeddable":true,"href":"https:\/\/now-news.de\/de\/wp-json\/wp\/v2\/media\/109788"}],"wp:attachment":[{"href":"https:\/\/now-news.de\/de\/wp-json\/wp\/v2\/media?parent=109787"}],"wp:term":[{"taxonomy":"category","embeddable":true,"href":"https:\/\/now-news.de\/de\/wp-json\/wp\/v2\/categories?post=109787"},{"taxonomy":"post_tag","embeddable":true,"href":"https:\/\/now-news.de\/de\/wp-json\/wp\/v2\/tags?post=109787"}],"curies":[{"name":"wp","href":"https:\/\/api.w.org\/{rel}","templated":true}]}}