{"id":109779,"date":"2026-09-02T11:43:54","date_gmt":"2026-09-02T09:43:54","guid":{"rendered":"https:\/\/now-news.de\/de\/deutschland\/oestliches-wirtschaftsforum-themen-von-ki-bis-zur-nordseeroute-auf-der-agenda\/"},"modified":"2026-09-02T11:43:54","modified_gmt":"2026-09-02T09:43:54","slug":"oestliches-wirtschaftsforum-themen-von-ki-bis-zur-nordseeroute-auf-der-agenda","status":"publish","type":"post","link":"https:\/\/now-news.de\/de\/deutschland\/oestliches-wirtschaftsforum-themen-von-ki-bis-zur-nordseeroute-auf-der-agenda\/","title":{"rendered":"\u00d6stliches Wirtschaftsforum: Themen von KI bis zur Nordseeroute auf der Agenda"},"content":{"rendered":"<p><img decoding=\"async\" src=\"https:\/\/now-news.de\/de\/wp-content\/uploads\/sites\/3\/2026\/09\/6a97e70648fbef093f7b18d2.jpg\" \/><\/p>\n<div class=\"Text-root Text-type_1 \">\n                Von K\u00fcnstlicher Intelligenz \u00fcber die Generation Z bis zur Nordseeroute: Das Programm des \u00d6stlichen Wirtschaftsforums in Wladiwostok umfasst mehrere Sitzungen und Dialoge, an denen Delegationen aus rund 70 L\u00e4ndern teilnehmen.\n            <\/div>\n<p><\/p>\n<div class=\"Text-root Text-type_5 ArticleView-text ViewText-root \">\n<p>In der russischen Stadt Wladiwostok findet diese Woche das \u00d6stliche Wirtschaftsforum statt. An dem Forum nehmen mehr als 5.000 Menschen aus 70 L\u00e4ndern teil, darunter Indien, Myanmar, China, Laos und weiteren ASEAN-Staaten. An dem Forum wird auch Wladimir Putin teilnehmen, der Wladiwostok im Rahmen einer Arbeitsreise besucht.<\/p>\n<p>Hauptthema des diesj\u00e4hrigen Forums ist &#8220;Der Ferne Osten\u00a0\u2013 Entwicklung zum Wohle der Menschen&#8221;. Am Rande des Forums sind mehr als 70 Gesch\u00e4ftsveranstaltungen, Runde Tische und Podiumsdiskussionen geplant, darunter Wirtschaftsdialoge zwishen Russland und ASEAN, China, der Mongolei, Vietnam sowie Indien.<\/p>\n<p>Das Gesch\u00e4ftsprogramm des Forums umfasst mehr als 100 Sitzungen. Am 2. September stehen unter anderem folgende Themen und Sitzungen auf der Agenda:<\/p>\n<ul>\n<li>Die Zukunft der Regulierung k\u00fcnstlicher Intelligenz<\/li>\n<li>Die Steigerung der Kapitalisierung des Landes:\u00a0Fokus\u00a0auf den Fernen Osten<\/li>\n<li>Jugend ist Zukunft: Was k\u00f6nnen Wirtschaft und Politik von der Generaton Z lernen?<\/li>\n<li>Wirtschaftsdialog Russland \u2013 ASEAN<\/li>\n<li>Briefing des stellvertretenden Sekret\u00e4rs des Sicherheitsrates der Russischen F\u00f6deration, Alexei Schewzow, zur Vorbereitung und Durchf\u00fchrung der Internationalen Woche &#8220;V\u00f6lker Russlands&#8221;<\/li>\n<li>Die Nordseeroute als transarktischer Korridor: Vom Dialog zur gemeinsamen Navigation<\/li>\n<li>Zukunft \u2013 vorhersehen oder gestalten? Entwicklungsstrategie f\u00fcr den Fernen Osten<\/li>\n<li>Der Ferne Osten in der Architektur der Verkehrskorridore: Von der Logistik-Drehscheibe zum Wachstumstreiber<\/li>\n<\/ul>\n<p><strong>Mehr zum thema<\/strong>\u00a0\u2013 <a rel=\"nofollow\" target=\"_blank\" href=\"https:\/\/de-rtnews.com\/russland\/284077-billion-rubel-und-674-neue\/\">674 neue Projekte: Rekordjahr f\u00fcr Investitionen im Fernen Osten Russlands<\/a><\/p>\n<div class=\"EmbedBlock-root EmbedBlock-externalVideo EmbedBlock-rumble\">\n<div class=\"VkEmbed\"><iframe class=\"lazyload\" data-src=\"https:\/\/rumble.com\/embed\/v7crvog\" frameborder=\"0\" width=\"853\" height=\"480\" allowfullscreen><\/iframe><\/div>\n<\/div>\n<\/div>\n<p><br \/>\n<br \/><a href=\"https:\/\/de.rt.com\/international\/290403-oestliches-wirtschaftsforum-themen-von-ki\/\">Source link <\/a><\/p>\n","protected":false},"excerpt":{"rendered":"<p>Von K\u00fcnstlicher Intelligenz \u00fcber die Generation Z bis zur Nordseeroute: Das Programm des \u00d6stlichen Wirtschaftsforums in Wladiwostok umfasst mehrere Sitzungen und Dialoge, an denen Delegationen aus rund 70 L\u00e4ndern teilnehmen. In der russischen Stadt Wladiwostok findet diese Woche das \u00d6stliche Wirtschaftsforum statt. An dem Forum nehmen mehr als 5.000 Menschen aus 70 L\u00e4ndern teil, darunter [&hellip;]<\/p>\n","protected":false},"author":3,"featured_media":109780,"comment_status":"open","ping_status":"open","sticky":false,"template":"","format":"standard","meta":{"wp_automatic_camp":["217"],"c58d95b9dc513b0d927cc9980d638e57":["\u00d6stliches Wirtschaftsforum: Themen von KI bis zur Nordseeroute auf der Agenda"],"original_link":["https:\/\/de.rt.com\/international\/290403-oestliches-wirtschaftsforum-themen-von-ki\/"],"_thumbnail_id":["109780"],"_wptgpro_p2tg_sent2tg":["a:1:{i:23737;s:19:\"2026-09-02 11:50:28\";}"],"jnews_social_counter_last_update":["1788559604"]},"categories":[19,23],"tags":[395,133,843,82,58469,48996,4839,50,21957,581],"class_list":["post-109779","post","type-post","status-publish","format-standard","has-post-thumbnail","hentry","category-deutschland","category-russland","tag-agenda","tag-auf","tag-bis","tag-der","tag-nordseeroute","tag-oestliches","tag-themen","tag-von","tag-wirtschaftsforum","tag-zur"],"yoast_head":"<!-- This site is optimized with the Yoast SEO Premium plugin v22.7 (Yoast SEO v28.2) - https:\/\/yoast.com\/product\/yoast-seo-premium-wordpress\/ -->\n<title>\u00d6stliches Wirtschaftsforum: Themen von KI bis zur Nordseeroute auf der Agenda - just-now.NEWS Deutschland<\/title>\n<meta name=\"robots\" content=\"index, follow, max-snippet:-1, max-image-preview:large, max-video-preview:-1\" \/>\n<link rel=\"canonical\" href=\"https:\/\/now-news.de\/de\/deutschland\/oestliches-wirtschaftsforum-themen-von-ki-bis-zur-nordseeroute-auf-der-agenda\/\" \/>\n<meta property=\"og:locale\" content=\"de_DE\" \/>\n<meta property=\"og:type\" content=\"article\" \/>\n<meta property=\"og:title\" content=\"\u00d6stliches Wirtschaftsforum: Themen von KI bis zur Nordseeroute auf der Agenda\" \/>\n<meta property=\"og:description\" content=\"Von K\u00fcnstlicher Intelligenz \u00fcber die Generation Z bis zur Nordseeroute: Das Programm des \u00d6stlichen Wirtschaftsforums in Wladiwostok umfasst mehrere Sitzungen und Dialoge, an denen Delegationen aus rund 70 L\u00e4ndern teilnehmen. In der russischen Stadt Wladiwostok findet diese Woche das \u00d6stliche Wirtschaftsforum statt. An dem Forum nehmen mehr als 5.000 Menschen aus 70 L\u00e4ndern teil, darunter [&hellip;]\" \/>\n<meta property=\"og:url\" content=\"https:\/\/now-news.de\/de\/deutschland\/oestliches-wirtschaftsforum-themen-von-ki-bis-zur-nordseeroute-auf-der-agenda\/\" \/>\n<meta property=\"og:site_name\" content=\"just-now.NEWS Deutschland\" \/>\n<meta property=\"article:publisher\" content=\"https:\/\/www.facebook.com\/wirmachenauf\" \/>\n<meta property=\"article:published_time\" content=\"2026-09-02T09:43:54+00:00\" \/>\n<meta property=\"og:image\" content=\"https:\/\/now-news.de\/de\/wp-content\/uploads\/sites\/3\/2026\/09\/6a97e70648fbef093f7b18d2.jpg\" \/>\n<meta name=\"author\" content=\"rtnews\" \/>\n<meta name=\"twitter:card\" content=\"summary_large_image\" \/>\n<meta name=\"twitter:creator\" content=\"@WirMachenAuf_de\" \/>\n<meta name=\"twitter:site\" content=\"@WirMachenAuf_de\" \/>\n<meta name=\"twitter:label1\" content=\"Verfasst von\" \/>\n\t<meta name=\"twitter:data1\" content=\"rtnews\" \/>\n\t<meta name=\"twitter:label2\" content=\"Gesch\u00e4tzte Lesezeit\" \/>\n\t<meta name=\"twitter:data2\" content=\"1\u00a0Minute\" \/>\n<script type=\"application\/ld+json\" class=\"yoast-schema-graph\">{\"@context\":\"https:\\\/\\\/schema.org\",\"@graph\":[{\"@type\":\"Article\",\"@id\":\"https:\\\/\\\/now-news.de\\\/de\\\/deutschland\\\/oestliches-wirtschaftsforum-themen-von-ki-bis-zur-nordseeroute-auf-der-agenda\\\/#article\",\"isPartOf\":{\"@id\":\"https:\\\/\\\/now-news.de\\\/de\\\/deutschland\\\/oestliches-wirtschaftsforum-themen-von-ki-bis-zur-nordseeroute-auf-der-agenda\\\/\"},\"author\":{\"name\":\"rtnews\",\"@id\":\"https:\\\/\\\/now-news.de\\\/de\\\/#\\\/schema\\\/person\\\/fb534a4e865501d8b3285208df34a9b5\"},\"headline\":\"\u00d6stliches Wirtschaftsforum: Themen von KI bis zur Nordseeroute auf der Agenda\",\"datePublished\":\"2026-09-02T09:43:54+00:00\",\"mainEntityOfPage\":{\"@id\":\"https:\\\/\\\/now-news.de\\\/de\\\/deutschland\\\/oestliches-wirtschaftsforum-themen-von-ki-bis-zur-nordseeroute-auf-der-agenda\\\/\"},\"wordCount\":257,\"commentCount\":0,\"publisher\":{\"@id\":\"https:\\\/\\\/now-news.de\\\/de\\\/#organization\"},\"image\":{\"@id\":\"https:\\\/\\\/now-news.de\\\/de\\\/deutschland\\\/oestliches-wirtschaftsforum-themen-von-ki-bis-zur-nordseeroute-auf-der-agenda\\\/#primaryimage\"},\"thumbnailUrl\":\"https:\\\/\\\/now-news.de\\\/de\\\/wp-content\\\/uploads\\\/sites\\\/3\\\/2026\\\/09\\\/Oestliches-Wirtschaftsforum-Themen-von-KI-bis-zur-Nordseeroute-auf-der.jpg\",\"keywords\":[\"AGENDA\",\"AUF\",\"bis\",\"der\",\"Nordseeroute\",\"\u00f6stliches\",\"Themen\",\"von\",\"Wirtschaftsforum\",\"zur\"],\"articleSection\":[\"Deutschland\",\"Russland\"],\"inLanguage\":\"de\",\"potentialAction\":[{\"@type\":\"CommentAction\",\"name\":\"Comment\",\"target\":[\"https:\\\/\\\/now-news.de\\\/de\\\/deutschland\\\/oestliches-wirtschaftsforum-themen-von-ki-bis-zur-nordseeroute-auf-der-agenda\\\/#respond\"]}]},{\"@type\":\"WebPage\",\"@id\":\"https:\\\/\\\/now-news.de\\\/de\\\/deutschland\\\/oestliches-wirtschaftsforum-themen-von-ki-bis-zur-nordseeroute-auf-der-agenda\\\/\",\"url\":\"https:\\\/\\\/now-news.de\\\/de\\\/deutschland\\\/oestliches-wirtschaftsforum-themen-von-ki-bis-zur-nordseeroute-auf-der-agenda\\\/\",\"name\":\"\u00d6stliches Wirtschaftsforum: Themen von KI bis zur Nordseeroute auf der Agenda - just-now.NEWS Deutschland\",\"isPartOf\":{\"@id\":\"https:\\\/\\\/now-news.de\\\/de\\\/#website\"},\"primaryImageOfPage\":{\"@id\":\"https:\\\/\\\/now-news.de\\\/de\\\/deutschland\\\/oestliches-wirtschaftsforum-themen-von-ki-bis-zur-nordseeroute-auf-der-agenda\\\/#primaryimage\"},\"image\":{\"@id\":\"https:\\\/\\\/now-news.de\\\/de\\\/deutschland\\\/oestliches-wirtschaftsforum-themen-von-ki-bis-zur-nordseeroute-auf-der-agenda\\\/#primaryimage\"},\"thumbnailUrl\":\"https:\\\/\\\/now-news.de\\\/de\\\/wp-content\\\/uploads\\\/sites\\\/3\\\/2026\\\/09\\\/Oestliches-Wirtschaftsforum-Themen-von-KI-bis-zur-Nordseeroute-auf-der.jpg\",\"datePublished\":\"2026-09-02T09:43:54+00:00\",\"breadcrumb\":{\"@id\":\"https:\\\/\\\/now-news.de\\\/de\\\/deutschland\\\/oestliches-wirtschaftsforum-themen-von-ki-bis-zur-nordseeroute-auf-der-agenda\\\/#breadcrumb\"},\"inLanguage\":\"de\",\"potentialAction\":[{\"@type\":\"ReadAction\",\"target\":[\"https:\\\/\\\/now-news.de\\\/de\\\/deutschland\\\/oestliches-wirtschaftsforum-themen-von-ki-bis-zur-nordseeroute-auf-der-agenda\\\/\"]}]},{\"@type\":\"ImageObject\",\"inLanguage\":\"de\",\"@id\":\"https:\\\/\\\/now-news.de\\\/de\\\/deutschland\\\/oestliches-wirtschaftsforum-themen-von-ki-bis-zur-nordseeroute-auf-der-agenda\\\/#primaryimage\",\"url\":\"https:\\\/\\\/now-news.de\\\/de\\\/wp-content\\\/uploads\\\/sites\\\/3\\\/2026\\\/09\\\/Oestliches-Wirtschaftsforum-Themen-von-KI-bis-zur-Nordseeroute-auf-der.jpg\",\"contentUrl\":\"https:\\\/\\\/now-news.de\\\/de\\\/wp-content\\\/uploads\\\/sites\\\/3\\\/2026\\\/09\\\/Oestliches-Wirtschaftsforum-Themen-von-KI-bis-zur-Nordseeroute-auf-der.jpg\",\"width\":460,\"height\":259,\"caption\":\"\u00d6stliches Wirtschaftsforum: Themen von KI bis zur Nordseeroute auf der Agenda\"},{\"@type\":\"BreadcrumbList\",\"@id\":\"https:\\\/\\\/now-news.de\\\/de\\\/deutschland\\\/oestliches-wirtschaftsforum-themen-von-ki-bis-zur-nordseeroute-auf-der-agenda\\\/#breadcrumb\",\"itemListElement\":[{\"@type\":\"ListItem\",\"position\":1,\"name\":\"Home\",\"item\":\"https:\\\/\\\/now-news.de\\\/de\\\/\"},{\"@type\":\"ListItem\",\"position\":2,\"name\":\"\u00d6stliches Wirtschaftsforum: Themen von KI bis zur Nordseeroute auf der Agenda\"}]},{\"@type\":\"WebSite\",\"@id\":\"https:\\\/\\\/now-news.de\\\/de\\\/#website\",\"url\":\"https:\\\/\\\/now-news.de\\\/de\\\/\",\"name\":\"just-now.NEWS Deutschland\",\"description\":\"Das Portal f\u00fcr unzensierte Nachrichten aus der Welt\",\"publisher\":{\"@id\":\"https:\\\/\\\/now-news.de\\\/de\\\/#organization\"},\"potentialAction\":[{\"@type\":\"SearchAction\",\"target\":{\"@type\":\"EntryPoint\",\"urlTemplate\":\"https:\\\/\\\/now-news.de\\\/de\\\/?s={search_term_string}\"},\"query-input\":{\"@type\":\"PropertyValueSpecification\",\"valueRequired\":true,\"valueName\":\"search_term_string\"}}],\"inLanguage\":\"de\"},{\"@type\":\"Organization\",\"@id\":\"https:\\\/\\\/now-news.de\\\/de\\\/#organization\",\"name\":\"Just Now News\",\"url\":\"https:\\\/\\\/now-news.de\\\/de\\\/\",\"logo\":{\"@type\":\"ImageObject\",\"inLanguage\":\"de\",\"@id\":\"https:\\\/\\\/now-news.de\\\/de\\\/#\\\/schema\\\/logo\\\/image\\\/\",\"url\":\"http:\\\/\\\/just-now.news\\\/de\\\/wp-content\\\/uploads\\\/sites\\\/3\\\/2022\\\/04\\\/logo500x500.jpg\",\"contentUrl\":\"http:\\\/\\\/just-now.news\\\/de\\\/wp-content\\\/uploads\\\/sites\\\/3\\\/2022\\\/04\\\/logo500x500.jpg\",\"width\":500,\"height\":500,\"caption\":\"Just Now News\"},\"image\":{\"@id\":\"https:\\\/\\\/now-news.de\\\/de\\\/#\\\/schema\\\/logo\\\/image\\\/\"},\"sameAs\":[\"https:\\\/\\\/www.facebook.com\\\/wirmachenauf\",\"https:\\\/\\\/x.com\\\/WirMachenAuf_de\"]},{\"@type\":\"Person\",\"@id\":\"https:\\\/\\\/now-news.de\\\/de\\\/#\\\/schema\\\/person\\\/fb534a4e865501d8b3285208df34a9b5\",\"name\":\"rtnews\",\"image\":{\"@type\":\"ImageObject\",\"inLanguage\":\"de\",\"@id\":\"https:\\\/\\\/secure.gravatar.com\\\/avatar\\\/358fe31b3ab5769fea05376e1953329834cd9912cf9daf607e2af3076a1b982b?s=96&d=mm&r=g\",\"url\":\"https:\\\/\\\/secure.gravatar.com\\\/avatar\\\/358fe31b3ab5769fea05376e1953329834cd9912cf9daf607e2af3076a1b982b?s=96&d=mm&r=g\",\"contentUrl\":\"https:\\\/\\\/secure.gravatar.com\\\/avatar\\\/358fe31b3ab5769fea05376e1953329834cd9912cf9daf607e2af3076a1b982b?s=96&d=mm&r=g\",\"caption\":\"rtnews\"},\"url\":\"https:\\\/\\\/now-news.de\\\/de\\\/author\\\/rnews\\\/\"}]}<\/script>\n<!-- \/ Yoast SEO Premium plugin. -->","yoast_head_json":{"title":"\u00d6stliches Wirtschaftsforum: Themen von KI bis zur Nordseeroute auf der Agenda - just-now.NEWS Deutschland","robots":{"index":"index","follow":"follow","max-snippet":"max-snippet:-1","max-image-preview":"max-image-preview:large","max-video-preview":"max-video-preview:-1"},"canonical":"https:\/\/now-news.de\/de\/deutschland\/oestliches-wirtschaftsforum-themen-von-ki-bis-zur-nordseeroute-auf-der-agenda\/","og_locale":"de_DE","og_type":"article","og_title":"\u00d6stliches Wirtschaftsforum: Themen von KI bis zur Nordseeroute auf der Agenda","og_description":"Von K\u00fcnstlicher Intelligenz \u00fcber die Generation Z bis zur Nordseeroute: Das Programm des \u00d6stlichen Wirtschaftsforums in Wladiwostok umfasst mehrere Sitzungen und Dialoge, an denen Delegationen aus rund 70 L\u00e4ndern teilnehmen. In der russischen Stadt Wladiwostok findet diese Woche das \u00d6stliche Wirtschaftsforum statt. An dem Forum nehmen mehr als 5.000 Menschen aus 70 L\u00e4ndern teil, darunter [&hellip;]","og_url":"https:\/\/now-news.de\/de\/deutschland\/oestliches-wirtschaftsforum-themen-von-ki-bis-zur-nordseeroute-auf-der-agenda\/","og_site_name":"just-now.NEWS Deutschland","article_publisher":"https:\/\/www.facebook.com\/wirmachenauf","article_published_time":"2026-09-02T09:43:54+00:00","og_image":[{"url":"https:\/\/now-news.de\/de\/wp-content\/uploads\/sites\/3\/2026\/09\/6a97e70648fbef093f7b18d2.jpg","type":"","width":"","height":""}],"author":"rtnews","twitter_card":"summary_large_image","twitter_creator":"@WirMachenAuf_de","twitter_site":"@WirMachenAuf_de","twitter_misc":{"Verfasst von":"rtnews","Gesch\u00e4tzte Lesezeit":"1\u00a0Minute"},"schema":{"@context":"https:\/\/schema.org","@graph":[{"@type":"Article","@id":"https:\/\/now-news.de\/de\/deutschland\/oestliches-wirtschaftsforum-themen-von-ki-bis-zur-nordseeroute-auf-der-agenda\/#article","isPartOf":{"@id":"https:\/\/now-news.de\/de\/deutschland\/oestliches-wirtschaftsforum-themen-von-ki-bis-zur-nordseeroute-auf-der-agenda\/"},"author":{"name":"rtnews","@id":"https:\/\/now-news.de\/de\/#\/schema\/person\/fb534a4e865501d8b3285208df34a9b5"},"headline":"\u00d6stliches Wirtschaftsforum: Themen von KI bis zur Nordseeroute auf der Agenda","datePublished":"2026-09-02T09:43:54+00:00","mainEntityOfPage":{"@id":"https:\/\/now-news.de\/de\/deutschland\/oestliches-wirtschaftsforum-themen-von-ki-bis-zur-nordseeroute-auf-der-agenda\/"},"wordCount":257,"commentCount":0,"publisher":{"@id":"https:\/\/now-news.de\/de\/#organization"},"image":{"@id":"https:\/\/now-news.de\/de\/deutschland\/oestliches-wirtschaftsforum-themen-von-ki-bis-zur-nordseeroute-auf-der-agenda\/#primaryimage"},"thumbnailUrl":"https:\/\/now-news.de\/de\/wp-content\/uploads\/sites\/3\/2026\/09\/Oestliches-Wirtschaftsforum-Themen-von-KI-bis-zur-Nordseeroute-auf-der.jpg","keywords":["AGENDA","AUF","bis","der","Nordseeroute","\u00f6stliches","Themen","von","Wirtschaftsforum","zur"],"articleSection":["Deutschland","Russland"],"inLanguage":"de","potentialAction":[{"@type":"CommentAction","name":"Comment","target":["https:\/\/now-news.de\/de\/deutschland\/oestliches-wirtschaftsforum-themen-von-ki-bis-zur-nordseeroute-auf-der-agenda\/#respond"]}]},{"@type":"WebPage","@id":"https:\/\/now-news.de\/de\/deutschland\/oestliches-wirtschaftsforum-themen-von-ki-bis-zur-nordseeroute-auf-der-agenda\/","url":"https:\/\/now-news.de\/de\/deutschland\/oestliches-wirtschaftsforum-themen-von-ki-bis-zur-nordseeroute-auf-der-agenda\/","name":"\u00d6stliches Wirtschaftsforum: Themen von KI bis zur Nordseeroute auf der Agenda - just-now.NEWS Deutschland","isPartOf":{"@id":"https:\/\/now-news.de\/de\/#website"},"primaryImageOfPage":{"@id":"https:\/\/now-news.de\/de\/deutschland\/oestliches-wirtschaftsforum-themen-von-ki-bis-zur-nordseeroute-auf-der-agenda\/#primaryimage"},"image":{"@id":"https:\/\/now-news.de\/de\/deutschland\/oestliches-wirtschaftsforum-themen-von-ki-bis-zur-nordseeroute-auf-der-agenda\/#primaryimage"},"thumbnailUrl":"https:\/\/now-news.de\/de\/wp-content\/uploads\/sites\/3\/2026\/09\/Oestliches-Wirtschaftsforum-Themen-von-KI-bis-zur-Nordseeroute-auf-der.jpg","datePublished":"2026-09-02T09:43:54+00:00","breadcrumb":{"@id":"https:\/\/now-news.de\/de\/deutschland\/oestliches-wirtschaftsforum-themen-von-ki-bis-zur-nordseeroute-auf-der-agenda\/#breadcrumb"},"inLanguage":"de","potentialAction":[{"@type":"ReadAction","target":["https:\/\/now-news.de\/de\/deutschland\/oestliches-wirtschaftsforum-themen-von-ki-bis-zur-nordseeroute-auf-der-agenda\/"]}]},{"@type":"ImageObject","inLanguage":"de","@id":"https:\/\/now-news.de\/de\/deutschland\/oestliches-wirtschaftsforum-themen-von-ki-bis-zur-nordseeroute-auf-der-agenda\/#primaryimage","url":"https:\/\/now-news.de\/de\/wp-content\/uploads\/sites\/3\/2026\/09\/Oestliches-Wirtschaftsforum-Themen-von-KI-bis-zur-Nordseeroute-auf-der.jpg","contentUrl":"https:\/\/now-news.de\/de\/wp-content\/uploads\/sites\/3\/2026\/09\/Oestliches-Wirtschaftsforum-Themen-von-KI-bis-zur-Nordseeroute-auf-der.jpg","width":460,"height":259,"caption":"\u00d6stliches Wirtschaftsforum: Themen von KI bis zur Nordseeroute auf der Agenda"},{"@type":"BreadcrumbList","@id":"https:\/\/now-news.de\/de\/deutschland\/oestliches-wirtschaftsforum-themen-von-ki-bis-zur-nordseeroute-auf-der-agenda\/#breadcrumb","itemListElement":[{"@type":"ListItem","position":1,"name":"Home","item":"https:\/\/now-news.de\/de\/"},{"@type":"ListItem","position":2,"name":"\u00d6stliches Wirtschaftsforum: Themen von KI bis zur Nordseeroute auf der Agenda"}]},{"@type":"WebSite","@id":"https:\/\/now-news.de\/de\/#website","url":"https:\/\/now-news.de\/de\/","name":"just-now.NEWS Deutschland","description":"Das Portal f\u00fcr unzensierte Nachrichten aus der Welt","publisher":{"@id":"https:\/\/now-news.de\/de\/#organization"},"potentialAction":[{"@type":"SearchAction","target":{"@type":"EntryPoint","urlTemplate":"https:\/\/now-news.de\/de\/?s={search_term_string}"},"query-input":{"@type":"PropertyValueSpecification","valueRequired":true,"valueName":"search_term_string"}}],"inLanguage":"de"},{"@type":"Organization","@id":"https:\/\/now-news.de\/de\/#organization","name":"Just Now News","url":"https:\/\/now-news.de\/de\/","logo":{"@type":"ImageObject","inLanguage":"de","@id":"https:\/\/now-news.de\/de\/#\/schema\/logo\/image\/","url":"http:\/\/just-now.news\/de\/wp-content\/uploads\/sites\/3\/2022\/04\/logo500x500.jpg","contentUrl":"http:\/\/just-now.news\/de\/wp-content\/uploads\/sites\/3\/2022\/04\/logo500x500.jpg","width":500,"height":500,"caption":"Just Now News"},"image":{"@id":"https:\/\/now-news.de\/de\/#\/schema\/logo\/image\/"},"sameAs":["https:\/\/www.facebook.com\/wirmachenauf","https:\/\/x.com\/WirMachenAuf_de"]},{"@type":"Person","@id":"https:\/\/now-news.de\/de\/#\/schema\/person\/fb534a4e865501d8b3285208df34a9b5","name":"rtnews","image":{"@type":"ImageObject","inLanguage":"de","@id":"https:\/\/secure.gravatar.com\/avatar\/358fe31b3ab5769fea05376e1953329834cd9912cf9daf607e2af3076a1b982b?s=96&d=mm&r=g","url":"https:\/\/secure.gravatar.com\/avatar\/358fe31b3ab5769fea05376e1953329834cd9912cf9daf607e2af3076a1b982b?s=96&d=mm&r=g","contentUrl":"https:\/\/secure.gravatar.com\/avatar\/358fe31b3ab5769fea05376e1953329834cd9912cf9daf607e2af3076a1b982b?s=96&d=mm&r=g","caption":"rtnews"},"url":"https:\/\/now-news.de\/de\/author\/rnews\/"}]}},"_links":{"self":[{"href":"https:\/\/now-news.de\/de\/wp-json\/wp\/v2\/posts\/109779","targetHints":{"allow":["GET"]}}],"collection":[{"href":"https:\/\/now-news.de\/de\/wp-json\/wp\/v2\/posts"}],"about":[{"href":"https:\/\/now-news.de\/de\/wp-json\/wp\/v2\/types\/post"}],"author":[{"embeddable":true,"href":"https:\/\/now-news.de\/de\/wp-json\/wp\/v2\/users\/3"}],"replies":[{"embeddable":true,"href":"https:\/\/now-news.de\/de\/wp-json\/wp\/v2\/comments?post=109779"}],"version-history":[{"count":0,"href":"https:\/\/now-news.de\/de\/wp-json\/wp\/v2\/posts\/109779\/revisions"}],"wp:featuredmedia":[{"embeddable":true,"href":"https:\/\/now-news.de\/de\/wp-json\/wp\/v2\/media\/109780"}],"wp:attachment":[{"href":"https:\/\/now-news.de\/de\/wp-json\/wp\/v2\/media?parent=109779"}],"wp:term":[{"taxonomy":"category","embeddable":true,"href":"https:\/\/now-news.de\/de\/wp-json\/wp\/v2\/categories?post=109779"},{"taxonomy":"post_tag","embeddable":true,"href":"https:\/\/now-news.de\/de\/wp-json\/wp\/v2\/tags?post=109779"}],"curies":[{"name":"wp","href":"https:\/\/api.w.org\/{rel}","templated":true}]}}