{"id":109770,"date":"2026-09-02T06:30:00","date_gmt":"2026-09-02T04:30:00","guid":{"rendered":"https:\/\/now-news.de\/de\/deutschland\/referendum-warum-die-islaender-die-europaeische-union-abgelehnt-haben\/"},"modified":"2026-09-02T06:30:00","modified_gmt":"2026-09-02T04:30:00","slug":"referendum-warum-die-islaender-die-europaeische-union-abgelehnt-haben","status":"publish","type":"post","link":"https:\/\/now-news.de\/de\/deutschland\/referendum-warum-die-islaender-die-europaeische-union-abgelehnt-haben\/","title":{"rendered":"Referendum: Warum die Isl\u00e4nder die Europ\u00e4ische Union abgelehnt haben"},"content":{"rendered":"<p><img decoding=\"async\" src=\"https:\/\/now-news.de\/de\/wp-content\/uploads\/sites\/3\/2026\/09\/6a96c18548fbef1bdd423d23.jpg\" \/><\/p>\n<div class=\"Text-root Text-type_1 \">\n                Sowohl Br\u00fcssel als auch die Idee der EU als &#8220;bl\u00fchender Garten&#8221;, von dem angeblich alle Nachbarl\u00e4nder tr\u00e4umen, haben eine politische Niederlage erlitten. Bei dem k\u00fcrzlich in Island abgehaltenen Referendum lehnte die Bev\u00f6lkerung den Beitritt zur EU ab. Denn au\u00dferhalb der Europ\u00e4ischen Union sind die Isl\u00e4nder deutlich besser gestellt.\n            <\/div>\n<p><\/p>\n<div class=\"Text-root Text-type_5 ArticleView-text ViewText-root \">\n<p><em>Von Geworg Mirsajan<\/em><\/p>\n<p>Island hat sich gegen einen Beitritt zur Europ\u00e4ischen Union entschieden. Genau so lautete das Ergebnis des auf der Insel abgehaltenen Referendums \u00fcber die Wiederaufnahme der Verhandlungen zum EU-Beitritt des Landes, die im Jahr 2009 begonnen und im Jahr 2013 gerade wegen des Wunsches nach einem Referendum unterbrochen worden waren.<\/p>\n<p>Den Ergebnissen der am 30. August abgehaltenen Abstimmung zufolge sprachen sich 52,8 Prozent der Befragten gegen eine Wiederaufnahme der Verhandlungen aus. Betrachtet man die Aufteilung nach Regionen, so gab es von den sechs Wahlkreisen nur in zwei \u2013 den beiden Hauptstadtwahlkreisen \u2013 eine Mehrheit f\u00fcr die Beitrittsverhandlungen. Dabei war die Wahlbeteiligung extrem hoch \u2013 225.000 der 270.000 Stimmberechtigten nahmen an der Volksabstimmung teil.<\/p>\n<p>F\u00fcr einige Einwohner osteurop\u00e4ischer L\u00e4nder und Kleinasiens, die den Beitritt zur Europ\u00e4ischen Union anstreben, erscheinen die Ergebnisse der isl\u00e4ndischen Abstimmung paradox. Wie kann man gegen den EU-Beitritt stimmen, wenn man faktisch kurz vor dem Beitritt steht? Und wenn einem die EU-Kommissarin f\u00fcr Erweiterung, Marta Kos, ausdr\u00fccklich verspricht, dass man diese Schwelle sp\u00e4testens in ein oder zwei Jahren \u00fcberschreiten wird?<\/p>\n<p>Die Isl\u00e4nder lie\u00dfen sich jedoch nicht von Fantasien leiten, sondern von ganz banalen wirtschaftlichen Gr\u00fcnden. Sie haben einfach n\u00fcchtern berechnet, dass ein EU-Beitritt f\u00fcr sie unvorteilhaft w\u00e4re.<\/p>\n<p>Tatsache ist, dass bereits ein gewisses Ma\u00df an Integration der Insel in die Europ\u00e4ische Union besteht. Island ist bereits Teil des EU-Binnenmarkts und des Schengen-Raums.<\/p>\n<p>Eine Vollmitgliedschaft in der EU w\u00fcrde es dem Land erm\u00f6glichen, der Zollunion und langfristig auch der Eurozone beizutreten (was die Landesw\u00e4hrung stabilisieren w\u00fcrde) \u2013 w\u00fcrde jedoch von den Beh\u00f6rden der Insel verlangen, sich in das gesamteurop\u00e4ische Quotensystem der Wirtschaft einzubinden. Zum Beispiel in die gemeinsame Fischereipolitik der EU \u2013 und sich dieser zu unterwerfen.<\/p>\n<p>Dabei macht der Fang von Fisch und Meeresressourcen derzeit etwa 15 Prozent des BIP und 40 Prozent der Exporte des Landes aus. Es \u00fcberrascht nicht, dass die Isl\u00e4nder sich weigern, ihre Souver\u00e4nit\u00e4t in dieser Frage aufzugeben \u2013 und so lag beispielsweise in einem der &#8220;Fischereikreise&#8221; die Zahl der &#8220;Nein&#8221;-Stimmen bei \u00fcber 60 Prozent.<\/p>\n<p>Zwar hat die Europ\u00e4ische Union durch den EU-Kommissar f\u00fcr Fischerei, Kostas Kadis, Reykjav\u00edk &#8220;Spielraum f\u00fcr Flexibilit\u00e4t&#8221; in Fischereifragen versprochen \u2013 also gewisse Erleichterungen und Aufsch\u00fcbe. Doch die Isl\u00e4nder standen diesen Versprechungen erneut n\u00fcchtern gegen\u00fcber. Gudrun Hafsteinsd\u00f3ttir, die Vorsitzende der f\u00fchrenden Oppositionspartei &#8220;die Unabh\u00e4ngigkeitspartei&#8221;, erkl\u00e4rte:<\/p>\n<p><em>&#8220;Ich wei\u00df, dass die Europ\u00e4ische Union einige Versprechen hinsichtlich Flexibilit\u00e4t machen wird, insbesondere zu Beginn, aber wir sind uns bewusst, dass dies nicht f\u00fcr immer gelten wird.&#8221;<\/em><\/p>\n<p>Ja, die Bef\u00fcrworter eines EU-Beitritts versuchten, die Isl\u00e4nder dazu zu bringen, den Taschenrechner beiseite zu legen, und appellierten an ihre Gef\u00fchle. Sie spielten sogar den Donald-Trump-Faktor aus, genauer gesagt seine Rhetorik in Bezug auf Gr\u00f6nland. Die EU-Bef\u00fcrworter versicherten, dass Island innerhalb der Europ\u00e4ischen Union bessere Chancen h\u00e4tte, seine Souver\u00e4nit\u00e4t zu verteidigen, falls der US-amerikanische Pr\u00e4sident ebenfalls versuchen sollte, diese anzugreifen (er hatte Gr\u00f6nland viermal als Island bezeichnet und damit den Eindruck eines freudschen Versprechers erweckt).<\/p>\n<p>Die Isl\u00e4nder kamen jedoch offenbar zu dem Schluss, dass die Mitgliedschaft ihres Landes in der NATO hierf\u00fcr ausreiche. Und sie stimmten gegen die Fortsetzung der Beitrittsverhandlungen.<\/p>\n<p>F\u00fcr Europa war diese Abstimmung eine schwere politische Niederlage.<\/p>\n<p>Nicht etwa, weil die Europ\u00e4ische Union den Zugang zu den isl\u00e4ndischen Fischbest\u00e4nden verloren hat, sondern weil die Inselbewohner einem der Bollwerke der Br\u00fcsseler Propaganda \u2013 der Vorstellung, dass die europ\u00e4ische Integration f\u00fcr jedes Land ein nat\u00fcrlicher und unvermeidlicher Kurs sei \u2013 den schwersten Schlag seit dem Brexit versetzt haben. Die Zeitschrift <em>Politico<\/em> schreibt:<\/p>\n<p><em>&#8220;Islands Schritt in Richtung einer Mitgliedschaft h\u00e4tte der Welt ein Signal der europ\u00e4ischen Einheit gesendet \u2013 und vor dem Hintergrund der Spannungen zwischen den USA und Europa sowie des wachsenden Einflusses autorit\u00e4rer M\u00e4chte an der Spitze mit Russland und China w\u00e4re ein solches Signal mehr als willkommen gewesen.&#8221;<\/em><\/p>\n<p>Tats\u00e4chlich jedoch, wie die f\u00fchrende franz\u00f6sische Oppositionelle Marine Le Pen anmerkt, weise das Ergebnis des isl\u00e4ndischen Referendums auf eine offensichtliche Wahrheit hin: Die Mitgliedschaft in der Europ\u00e4ischen Union sei nicht f\u00fcr jede europ\u00e4ische Demokratie eine selbstverst\u00e4ndliche Perspektive. Sie betonte:<\/p>\n<p><em>&#8220;In einer Zeit, in der sich manche f\u00fcr mehr F\u00f6deralismus und die \u00dcbertragung von Souver\u00e4nit\u00e4t an die Europ\u00e4ische Kommission aussprechen, erinnert uns diese Abstimmung daran, dass ein anderes Europa m\u00f6glich ist \u2013 ein Europa freier, souver\u00e4ner Staaten, die in Fragen von gemeinsamem Interesse freiwillig zusammenarbeiten.&#8221;<\/em><\/p>\n<p>Genau f\u00fcr ein solches Europa setzen sich eine Reihe europ\u00e4ischer rechter Parteien ein, die versuchen, die Macht in die eigenen H\u00e4nde zu nehmen. Und genau ein solches Europa (und nicht den aggressiven, despotischen Kreuzzug-Block, zu dem sich die EU derzeit entwickelt) w\u00fcnscht sich Russland. Angesichts dessen versucht Russland, die nationalen Eliten und die Bev\u00f6lkerung der ehemaligen GUS-Staaten, die in die EU gedr\u00e4ngt werden, davon zu \u00fcberzeugen, ebenfalls den Taschenrechner zur Hand zu nehmen und alle Vor- und Nachteile eines solchen Beitritts sorgf\u00e4ltig abzuw\u00e4gen.<\/p>\n<p>Dies gilt beispielsweise f\u00fcr die Bev\u00f6lkerung Armeniens. Genau aus diesem Grund schlagen russische Regierungsvertreter den armenischen Beh\u00f6rden beharrlich vor, ein Referendum abzuhalten. Die Menschen sollen selbst entscheiden, wo es ihnen besser gehen wird \u2013 in der Europ\u00e4ischen Union, die mit ihren Quoten die armenische Landwirtschaft zerst\u00f6ren wird (so wie sie die bulgarische zerst\u00f6rt hat), oder doch lieber in der Eurasischen Wirtschaftsunion, dank der armenische Produkte \u2013 sofern sie nat\u00fcrlich nicht mit irgendetwas kontaminiert sind \u2013 ungehindert auf den riesigen eurasischen Markt gelangen.<\/p>\n<p>M\u00f6glicherweise wird sich das isl\u00e4ndische Beispiel f\u00fcr manche in Armenien \u2013 ebenso wie in Georgien, Moldawien und einer Reihe anderer L\u00e4nder \u2013 als wegweisend erweisen. Und sie werden verstehen, dass man zu Br\u00fcssel &#8220;Nein&#8221; sagen kann und sogar muss.<\/p>\n<p><em>\u00dcbersetzt aus dem <a rel=\"nofollow\" target=\"_blank\" href=\"https:\/\/m.vz.ru\/world\/2026\/9\/1\/1447573.html\" target=\"_blank\" rel=\"noopener noreferrer\">Russischen<\/a>. Der Artikel ist am 1. September 2026 zuerst auf der Website der Zeitung &#8220;Wsgljad&#8221; erschienen.<\/em><\/p>\n<p><em><strong>Geworg Mirsajan<\/strong> (geboren 1984 in Taschkent) ist au\u00dferordentlicher Professor an der Finanzuniversit\u00e4t der Regierung der Russischen F\u00f6deration, Politikwissenschaftler und eine Pers\u00f6nlichkeit des \u00f6ffentlichen Lebens. Er erwarb seinen Abschluss an der Staatlichen Universit\u00e4t des Kubangebiets und promovierte in Politikwissenschaft mit dem Schwerpunkt USA. Mirsajan war in der Zeit von 2005 bis 2016 Forscher am Institut f\u00fcr die Vereinigten Staaten und Kanada an der Russischen Akademie der Wissenschaften.<\/em><\/p>\n<p><strong>Mehr zum Thema<\/strong> \u2013\u00a0<a rel=\"nofollow\" target=\"_blank\" href=\"https:\/\/de-rtnews.com\/inland\/287025-islaendische-ministerpraesidentin-auf-berlin-besuch\/\">Isl\u00e4ndische Ministerpr\u00e4sidentin auf Berlin-Besuch <\/a><\/p>\n<div class=\"EmbedBlock-root EmbedBlock-externalVideo EmbedBlock-rumble\">\n<div class=\"VkEmbed\"><iframe class=\"lazyload\" data-src=\"https:\/\/rumble.com\/embed\/v7cokja\" frameborder=\"0\" width=\"853\" height=\"480\" allowfullscreen><\/iframe><\/div>\n<\/div>\n<\/div>\n<p><br \/>\n<br \/><a href=\"https:\/\/de.rt.com\/europa\/290329-referendum-warum-islaender-europaeische-union\/\">Source link <\/a><\/p>\n","protected":false},"excerpt":{"rendered":"<p>Sowohl Br\u00fcssel als auch die Idee der EU als &#8220;bl\u00fchender Garten&#8221;, von dem angeblich alle Nachbarl\u00e4nder tr\u00e4umen, haben eine politische Niederlage erlitten. Bei dem k\u00fcrzlich in Island abgehaltenen Referendum lehnte die Bev\u00f6lkerung den Beitritt zur EU ab. Denn au\u00dferhalb der Europ\u00e4ischen Union sind die Isl\u00e4nder deutlich besser gestellt. Von Geworg Mirsajan Island hat sich gegen [&hellip;]<\/p>\n","protected":false},"author":3,"featured_media":109771,"comment_status":"open","ping_status":"open","sticky":false,"template":"","format":"standard","meta":{"wp_automatic_camp":["217"],"71da1832a264609b2a21d507b467411a":["Referendum: Warum die Isl\u00e4nder die Europ\u00e4ische Union abgelehnt haben"],"original_link":["https:\/\/de.rt.com\/europa\/290329-referendum-warum-islaender-europaeische-union\/"],"_thumbnail_id":["109771"],"_wptgpro_p2tg_sent2tg":["a:1:{i:23737;s:19:\"2026-09-02 06:31:28\";}"],"jnews_social_counter_last_update":["1788330689"]},"categories":[19,23],"tags":[21457,45,21307,771,75951,544,6716,1289],"class_list":["post-109770","post","type-post","status-publish","format-standard","has-post-thumbnail","hentry","category-deutschland","category-russland","tag-abgelehnt","tag-die","tag-europaeische","tag-haben","tag-islaender","tag-referendum","tag-union","tag-warum"],"yoast_head":"<!-- This site is optimized with the Yoast SEO Premium plugin v22.7 (Yoast SEO v28.2) - https:\/\/yoast.com\/product\/yoast-seo-premium-wordpress\/ -->\n<title>Referendum: Warum die Isl\u00e4nder die Europ\u00e4ische Union abgelehnt haben - just-now.NEWS Deutschland<\/title>\n<meta name=\"robots\" content=\"index, follow, max-snippet:-1, max-image-preview:large, max-video-preview:-1\" \/>\n<link rel=\"canonical\" href=\"https:\/\/now-news.de\/de\/deutschland\/referendum-warum-die-islaender-die-europaeische-union-abgelehnt-haben\/\" \/>\n<meta property=\"og:locale\" content=\"de_DE\" \/>\n<meta property=\"og:type\" content=\"article\" \/>\n<meta property=\"og:title\" content=\"Referendum: Warum die Isl\u00e4nder die Europ\u00e4ische Union abgelehnt haben\" \/>\n<meta property=\"og:description\" content=\"Sowohl Br\u00fcssel als auch die Idee der EU als &#8220;bl\u00fchender Garten&#8221;, von dem angeblich alle Nachbarl\u00e4nder tr\u00e4umen, haben eine politische Niederlage erlitten. Bei dem k\u00fcrzlich in Island abgehaltenen Referendum lehnte die Bev\u00f6lkerung den Beitritt zur EU ab. Denn au\u00dferhalb der Europ\u00e4ischen Union sind die Isl\u00e4nder deutlich besser gestellt. Von Geworg Mirsajan Island hat sich gegen [&hellip;]\" \/>\n<meta property=\"og:url\" content=\"https:\/\/now-news.de\/de\/deutschland\/referendum-warum-die-islaender-die-europaeische-union-abgelehnt-haben\/\" \/>\n<meta property=\"og:site_name\" content=\"just-now.NEWS Deutschland\" \/>\n<meta property=\"article:publisher\" content=\"https:\/\/www.facebook.com\/wirmachenauf\" \/>\n<meta property=\"article:published_time\" content=\"2026-09-02T04:30:00+00:00\" \/>\n<meta property=\"og:image\" content=\"https:\/\/now-news.de\/de\/wp-content\/uploads\/sites\/3\/2026\/09\/6a96c18548fbef1bdd423d23.jpg\" \/>\n<meta name=\"author\" content=\"rtnews\" \/>\n<meta name=\"twitter:card\" content=\"summary_large_image\" \/>\n<meta name=\"twitter:creator\" content=\"@WirMachenAuf_de\" \/>\n<meta name=\"twitter:site\" content=\"@WirMachenAuf_de\" \/>\n<meta name=\"twitter:label1\" content=\"Verfasst von\" \/>\n\t<meta name=\"twitter:data1\" content=\"rtnews\" \/>\n\t<meta name=\"twitter:label2\" content=\"Gesch\u00e4tzte Lesezeit\" \/>\n\t<meta name=\"twitter:data2\" content=\"6\u00a0Minuten\" \/>\n<script type=\"application\/ld+json\" class=\"yoast-schema-graph\">{\"@context\":\"https:\\\/\\\/schema.org\",\"@graph\":[{\"@type\":\"Article\",\"@id\":\"https:\\\/\\\/now-news.de\\\/de\\\/deutschland\\\/referendum-warum-die-islaender-die-europaeische-union-abgelehnt-haben\\\/#article\",\"isPartOf\":{\"@id\":\"https:\\\/\\\/now-news.de\\\/de\\\/deutschland\\\/referendum-warum-die-islaender-die-europaeische-union-abgelehnt-haben\\\/\"},\"author\":{\"name\":\"rtnews\",\"@id\":\"https:\\\/\\\/now-news.de\\\/de\\\/#\\\/schema\\\/person\\\/fb534a4e865501d8b3285208df34a9b5\"},\"headline\":\"Referendum: Warum die Isl\u00e4nder die Europ\u00e4ische Union abgelehnt haben\",\"datePublished\":\"2026-09-02T04:30:00+00:00\",\"mainEntityOfPage\":{\"@id\":\"https:\\\/\\\/now-news.de\\\/de\\\/deutschland\\\/referendum-warum-die-islaender-die-europaeische-union-abgelehnt-haben\\\/\"},\"wordCount\":1149,\"commentCount\":0,\"publisher\":{\"@id\":\"https:\\\/\\\/now-news.de\\\/de\\\/#organization\"},\"image\":{\"@id\":\"https:\\\/\\\/now-news.de\\\/de\\\/deutschland\\\/referendum-warum-die-islaender-die-europaeische-union-abgelehnt-haben\\\/#primaryimage\"},\"thumbnailUrl\":\"https:\\\/\\\/now-news.de\\\/de\\\/wp-content\\\/uploads\\\/sites\\\/3\\\/2026\\\/09\\\/Referendum-Warum-die-Islaender-die-Europaeische-Union-abgelehnt-haben.jpg\",\"keywords\":[\"abgelehnt\",\"die\",\"europ\u00e4ische\",\"haben\",\"Isl\u00e4nder\",\"Referendum\",\"Union\",\"Warum\"],\"articleSection\":[\"Deutschland\",\"Russland\"],\"inLanguage\":\"de\",\"potentialAction\":[{\"@type\":\"CommentAction\",\"name\":\"Comment\",\"target\":[\"https:\\\/\\\/now-news.de\\\/de\\\/deutschland\\\/referendum-warum-die-islaender-die-europaeische-union-abgelehnt-haben\\\/#respond\"]}]},{\"@type\":\"WebPage\",\"@id\":\"https:\\\/\\\/now-news.de\\\/de\\\/deutschland\\\/referendum-warum-die-islaender-die-europaeische-union-abgelehnt-haben\\\/\",\"url\":\"https:\\\/\\\/now-news.de\\\/de\\\/deutschland\\\/referendum-warum-die-islaender-die-europaeische-union-abgelehnt-haben\\\/\",\"name\":\"Referendum: Warum die Isl\u00e4nder die Europ\u00e4ische Union abgelehnt haben - just-now.NEWS Deutschland\",\"isPartOf\":{\"@id\":\"https:\\\/\\\/now-news.de\\\/de\\\/#website\"},\"primaryImageOfPage\":{\"@id\":\"https:\\\/\\\/now-news.de\\\/de\\\/deutschland\\\/referendum-warum-die-islaender-die-europaeische-union-abgelehnt-haben\\\/#primaryimage\"},\"image\":{\"@id\":\"https:\\\/\\\/now-news.de\\\/de\\\/deutschland\\\/referendum-warum-die-islaender-die-europaeische-union-abgelehnt-haben\\\/#primaryimage\"},\"thumbnailUrl\":\"https:\\\/\\\/now-news.de\\\/de\\\/wp-content\\\/uploads\\\/sites\\\/3\\\/2026\\\/09\\\/Referendum-Warum-die-Islaender-die-Europaeische-Union-abgelehnt-haben.jpg\",\"datePublished\":\"2026-09-02T04:30:00+00:00\",\"breadcrumb\":{\"@id\":\"https:\\\/\\\/now-news.de\\\/de\\\/deutschland\\\/referendum-warum-die-islaender-die-europaeische-union-abgelehnt-haben\\\/#breadcrumb\"},\"inLanguage\":\"de\",\"potentialAction\":[{\"@type\":\"ReadAction\",\"target\":[\"https:\\\/\\\/now-news.de\\\/de\\\/deutschland\\\/referendum-warum-die-islaender-die-europaeische-union-abgelehnt-haben\\\/\"]}]},{\"@type\":\"ImageObject\",\"inLanguage\":\"de\",\"@id\":\"https:\\\/\\\/now-news.de\\\/de\\\/deutschland\\\/referendum-warum-die-islaender-die-europaeische-union-abgelehnt-haben\\\/#primaryimage\",\"url\":\"https:\\\/\\\/now-news.de\\\/de\\\/wp-content\\\/uploads\\\/sites\\\/3\\\/2026\\\/09\\\/Referendum-Warum-die-Islaender-die-Europaeische-Union-abgelehnt-haben.jpg\",\"contentUrl\":\"https:\\\/\\\/now-news.de\\\/de\\\/wp-content\\\/uploads\\\/sites\\\/3\\\/2026\\\/09\\\/Referendum-Warum-die-Islaender-die-Europaeische-Union-abgelehnt-haben.jpg\",\"width\":460,\"height\":259,\"caption\":\"Referendum: Warum die Isl\u00e4nder die Europ\u00e4ische Union abgelehnt haben\"},{\"@type\":\"BreadcrumbList\",\"@id\":\"https:\\\/\\\/now-news.de\\\/de\\\/deutschland\\\/referendum-warum-die-islaender-die-europaeische-union-abgelehnt-haben\\\/#breadcrumb\",\"itemListElement\":[{\"@type\":\"ListItem\",\"position\":1,\"name\":\"Home\",\"item\":\"https:\\\/\\\/now-news.de\\\/de\\\/\"},{\"@type\":\"ListItem\",\"position\":2,\"name\":\"Referendum: Warum die Isl\u00e4nder die Europ\u00e4ische Union abgelehnt haben\"}]},{\"@type\":\"WebSite\",\"@id\":\"https:\\\/\\\/now-news.de\\\/de\\\/#website\",\"url\":\"https:\\\/\\\/now-news.de\\\/de\\\/\",\"name\":\"just-now.NEWS Deutschland\",\"description\":\"Das Portal f\u00fcr unzensierte Nachrichten aus der Welt\",\"publisher\":{\"@id\":\"https:\\\/\\\/now-news.de\\\/de\\\/#organization\"},\"potentialAction\":[{\"@type\":\"SearchAction\",\"target\":{\"@type\":\"EntryPoint\",\"urlTemplate\":\"https:\\\/\\\/now-news.de\\\/de\\\/?s={search_term_string}\"},\"query-input\":{\"@type\":\"PropertyValueSpecification\",\"valueRequired\":true,\"valueName\":\"search_term_string\"}}],\"inLanguage\":\"de\"},{\"@type\":\"Organization\",\"@id\":\"https:\\\/\\\/now-news.de\\\/de\\\/#organization\",\"name\":\"Just Now News\",\"url\":\"https:\\\/\\\/now-news.de\\\/de\\\/\",\"logo\":{\"@type\":\"ImageObject\",\"inLanguage\":\"de\",\"@id\":\"https:\\\/\\\/now-news.de\\\/de\\\/#\\\/schema\\\/logo\\\/image\\\/\",\"url\":\"http:\\\/\\\/just-now.news\\\/de\\\/wp-content\\\/uploads\\\/sites\\\/3\\\/2022\\\/04\\\/logo500x500.jpg\",\"contentUrl\":\"http:\\\/\\\/just-now.news\\\/de\\\/wp-content\\\/uploads\\\/sites\\\/3\\\/2022\\\/04\\\/logo500x500.jpg\",\"width\":500,\"height\":500,\"caption\":\"Just Now News\"},\"image\":{\"@id\":\"https:\\\/\\\/now-news.de\\\/de\\\/#\\\/schema\\\/logo\\\/image\\\/\"},\"sameAs\":[\"https:\\\/\\\/www.facebook.com\\\/wirmachenauf\",\"https:\\\/\\\/x.com\\\/WirMachenAuf_de\"]},{\"@type\":\"Person\",\"@id\":\"https:\\\/\\\/now-news.de\\\/de\\\/#\\\/schema\\\/person\\\/fb534a4e865501d8b3285208df34a9b5\",\"name\":\"rtnews\",\"image\":{\"@type\":\"ImageObject\",\"inLanguage\":\"de\",\"@id\":\"https:\\\/\\\/secure.gravatar.com\\\/avatar\\\/358fe31b3ab5769fea05376e1953329834cd9912cf9daf607e2af3076a1b982b?s=96&d=mm&r=g\",\"url\":\"https:\\\/\\\/secure.gravatar.com\\\/avatar\\\/358fe31b3ab5769fea05376e1953329834cd9912cf9daf607e2af3076a1b982b?s=96&d=mm&r=g\",\"contentUrl\":\"https:\\\/\\\/secure.gravatar.com\\\/avatar\\\/358fe31b3ab5769fea05376e1953329834cd9912cf9daf607e2af3076a1b982b?s=96&d=mm&r=g\",\"caption\":\"rtnews\"},\"url\":\"https:\\\/\\\/now-news.de\\\/de\\\/author\\\/rnews\\\/\"}]}<\/script>\n<!-- \/ Yoast SEO Premium plugin. -->","yoast_head_json":{"title":"Referendum: Warum die Isl\u00e4nder die Europ\u00e4ische Union abgelehnt haben - just-now.NEWS Deutschland","robots":{"index":"index","follow":"follow","max-snippet":"max-snippet:-1","max-image-preview":"max-image-preview:large","max-video-preview":"max-video-preview:-1"},"canonical":"https:\/\/now-news.de\/de\/deutschland\/referendum-warum-die-islaender-die-europaeische-union-abgelehnt-haben\/","og_locale":"de_DE","og_type":"article","og_title":"Referendum: Warum die Isl\u00e4nder die Europ\u00e4ische Union abgelehnt haben","og_description":"Sowohl Br\u00fcssel als auch die Idee der EU als &#8220;bl\u00fchender Garten&#8221;, von dem angeblich alle Nachbarl\u00e4nder tr\u00e4umen, haben eine politische Niederlage erlitten. Bei dem k\u00fcrzlich in Island abgehaltenen Referendum lehnte die Bev\u00f6lkerung den Beitritt zur EU ab. Denn au\u00dferhalb der Europ\u00e4ischen Union sind die Isl\u00e4nder deutlich besser gestellt. Von Geworg Mirsajan Island hat sich gegen [&hellip;]","og_url":"https:\/\/now-news.de\/de\/deutschland\/referendum-warum-die-islaender-die-europaeische-union-abgelehnt-haben\/","og_site_name":"just-now.NEWS Deutschland","article_publisher":"https:\/\/www.facebook.com\/wirmachenauf","article_published_time":"2026-09-02T04:30:00+00:00","og_image":[{"url":"https:\/\/now-news.de\/de\/wp-content\/uploads\/sites\/3\/2026\/09\/6a96c18548fbef1bdd423d23.jpg","type":"","width":"","height":""}],"author":"rtnews","twitter_card":"summary_large_image","twitter_creator":"@WirMachenAuf_de","twitter_site":"@WirMachenAuf_de","twitter_misc":{"Verfasst von":"rtnews","Gesch\u00e4tzte Lesezeit":"6\u00a0Minuten"},"schema":{"@context":"https:\/\/schema.org","@graph":[{"@type":"Article","@id":"https:\/\/now-news.de\/de\/deutschland\/referendum-warum-die-islaender-die-europaeische-union-abgelehnt-haben\/#article","isPartOf":{"@id":"https:\/\/now-news.de\/de\/deutschland\/referendum-warum-die-islaender-die-europaeische-union-abgelehnt-haben\/"},"author":{"name":"rtnews","@id":"https:\/\/now-news.de\/de\/#\/schema\/person\/fb534a4e865501d8b3285208df34a9b5"},"headline":"Referendum: Warum die Isl\u00e4nder die Europ\u00e4ische Union abgelehnt haben","datePublished":"2026-09-02T04:30:00+00:00","mainEntityOfPage":{"@id":"https:\/\/now-news.de\/de\/deutschland\/referendum-warum-die-islaender-die-europaeische-union-abgelehnt-haben\/"},"wordCount":1149,"commentCount":0,"publisher":{"@id":"https:\/\/now-news.de\/de\/#organization"},"image":{"@id":"https:\/\/now-news.de\/de\/deutschland\/referendum-warum-die-islaender-die-europaeische-union-abgelehnt-haben\/#primaryimage"},"thumbnailUrl":"https:\/\/now-news.de\/de\/wp-content\/uploads\/sites\/3\/2026\/09\/Referendum-Warum-die-Islaender-die-Europaeische-Union-abgelehnt-haben.jpg","keywords":["abgelehnt","die","europ\u00e4ische","haben","Isl\u00e4nder","Referendum","Union","Warum"],"articleSection":["Deutschland","Russland"],"inLanguage":"de","potentialAction":[{"@type":"CommentAction","name":"Comment","target":["https:\/\/now-news.de\/de\/deutschland\/referendum-warum-die-islaender-die-europaeische-union-abgelehnt-haben\/#respond"]}]},{"@type":"WebPage","@id":"https:\/\/now-news.de\/de\/deutschland\/referendum-warum-die-islaender-die-europaeische-union-abgelehnt-haben\/","url":"https:\/\/now-news.de\/de\/deutschland\/referendum-warum-die-islaender-die-europaeische-union-abgelehnt-haben\/","name":"Referendum: Warum die Isl\u00e4nder die Europ\u00e4ische Union abgelehnt haben - just-now.NEWS Deutschland","isPartOf":{"@id":"https:\/\/now-news.de\/de\/#website"},"primaryImageOfPage":{"@id":"https:\/\/now-news.de\/de\/deutschland\/referendum-warum-die-islaender-die-europaeische-union-abgelehnt-haben\/#primaryimage"},"image":{"@id":"https:\/\/now-news.de\/de\/deutschland\/referendum-warum-die-islaender-die-europaeische-union-abgelehnt-haben\/#primaryimage"},"thumbnailUrl":"https:\/\/now-news.de\/de\/wp-content\/uploads\/sites\/3\/2026\/09\/Referendum-Warum-die-Islaender-die-Europaeische-Union-abgelehnt-haben.jpg","datePublished":"2026-09-02T04:30:00+00:00","breadcrumb":{"@id":"https:\/\/now-news.de\/de\/deutschland\/referendum-warum-die-islaender-die-europaeische-union-abgelehnt-haben\/#breadcrumb"},"inLanguage":"de","potentialAction":[{"@type":"ReadAction","target":["https:\/\/now-news.de\/de\/deutschland\/referendum-warum-die-islaender-die-europaeische-union-abgelehnt-haben\/"]}]},{"@type":"ImageObject","inLanguage":"de","@id":"https:\/\/now-news.de\/de\/deutschland\/referendum-warum-die-islaender-die-europaeische-union-abgelehnt-haben\/#primaryimage","url":"https:\/\/now-news.de\/de\/wp-content\/uploads\/sites\/3\/2026\/09\/Referendum-Warum-die-Islaender-die-Europaeische-Union-abgelehnt-haben.jpg","contentUrl":"https:\/\/now-news.de\/de\/wp-content\/uploads\/sites\/3\/2026\/09\/Referendum-Warum-die-Islaender-die-Europaeische-Union-abgelehnt-haben.jpg","width":460,"height":259,"caption":"Referendum: Warum die Isl\u00e4nder die Europ\u00e4ische Union abgelehnt haben"},{"@type":"BreadcrumbList","@id":"https:\/\/now-news.de\/de\/deutschland\/referendum-warum-die-islaender-die-europaeische-union-abgelehnt-haben\/#breadcrumb","itemListElement":[{"@type":"ListItem","position":1,"name":"Home","item":"https:\/\/now-news.de\/de\/"},{"@type":"ListItem","position":2,"name":"Referendum: Warum die Isl\u00e4nder die Europ\u00e4ische Union abgelehnt haben"}]},{"@type":"WebSite","@id":"https:\/\/now-news.de\/de\/#website","url":"https:\/\/now-news.de\/de\/","name":"just-now.NEWS Deutschland","description":"Das Portal f\u00fcr unzensierte Nachrichten aus der Welt","publisher":{"@id":"https:\/\/now-news.de\/de\/#organization"},"potentialAction":[{"@type":"SearchAction","target":{"@type":"EntryPoint","urlTemplate":"https:\/\/now-news.de\/de\/?s={search_term_string}"},"query-input":{"@type":"PropertyValueSpecification","valueRequired":true,"valueName":"search_term_string"}}],"inLanguage":"de"},{"@type":"Organization","@id":"https:\/\/now-news.de\/de\/#organization","name":"Just Now News","url":"https:\/\/now-news.de\/de\/","logo":{"@type":"ImageObject","inLanguage":"de","@id":"https:\/\/now-news.de\/de\/#\/schema\/logo\/image\/","url":"http:\/\/just-now.news\/de\/wp-content\/uploads\/sites\/3\/2022\/04\/logo500x500.jpg","contentUrl":"http:\/\/just-now.news\/de\/wp-content\/uploads\/sites\/3\/2022\/04\/logo500x500.jpg","width":500,"height":500,"caption":"Just Now News"},"image":{"@id":"https:\/\/now-news.de\/de\/#\/schema\/logo\/image\/"},"sameAs":["https:\/\/www.facebook.com\/wirmachenauf","https:\/\/x.com\/WirMachenAuf_de"]},{"@type":"Person","@id":"https:\/\/now-news.de\/de\/#\/schema\/person\/fb534a4e865501d8b3285208df34a9b5","name":"rtnews","image":{"@type":"ImageObject","inLanguage":"de","@id":"https:\/\/secure.gravatar.com\/avatar\/358fe31b3ab5769fea05376e1953329834cd9912cf9daf607e2af3076a1b982b?s=96&d=mm&r=g","url":"https:\/\/secure.gravatar.com\/avatar\/358fe31b3ab5769fea05376e1953329834cd9912cf9daf607e2af3076a1b982b?s=96&d=mm&r=g","contentUrl":"https:\/\/secure.gravatar.com\/avatar\/358fe31b3ab5769fea05376e1953329834cd9912cf9daf607e2af3076a1b982b?s=96&d=mm&r=g","caption":"rtnews"},"url":"https:\/\/now-news.de\/de\/author\/rnews\/"}]}},"_links":{"self":[{"href":"https:\/\/now-news.de\/de\/wp-json\/wp\/v2\/posts\/109770","targetHints":{"allow":["GET"]}}],"collection":[{"href":"https:\/\/now-news.de\/de\/wp-json\/wp\/v2\/posts"}],"about":[{"href":"https:\/\/now-news.de\/de\/wp-json\/wp\/v2\/types\/post"}],"author":[{"embeddable":true,"href":"https:\/\/now-news.de\/de\/wp-json\/wp\/v2\/users\/3"}],"replies":[{"embeddable":true,"href":"https:\/\/now-news.de\/de\/wp-json\/wp\/v2\/comments?post=109770"}],"version-history":[{"count":0,"href":"https:\/\/now-news.de\/de\/wp-json\/wp\/v2\/posts\/109770\/revisions"}],"wp:featuredmedia":[{"embeddable":true,"href":"https:\/\/now-news.de\/de\/wp-json\/wp\/v2\/media\/109771"}],"wp:attachment":[{"href":"https:\/\/now-news.de\/de\/wp-json\/wp\/v2\/media?parent=109770"}],"wp:term":[{"taxonomy":"category","embeddable":true,"href":"https:\/\/now-news.de\/de\/wp-json\/wp\/v2\/categories?post=109770"},{"taxonomy":"post_tag","embeddable":true,"href":"https:\/\/now-news.de\/de\/wp-json\/wp\/v2\/tags?post=109770"}],"curies":[{"name":"wp","href":"https:\/\/api.w.org\/{rel}","templated":true}]}}