{"id":109768,"date":"2026-09-02T06:00:00","date_gmt":"2026-09-02T04:00:00","guid":{"rendered":"https:\/\/now-news.de\/de\/deutschland\/russischer-botschafter-netschajew-auf-uz-friedensfest-gegen-geschichtsfaelschung-und-russophobie\/"},"modified":"2026-09-02T06:00:00","modified_gmt":"2026-09-02T04:00:00","slug":"russischer-botschafter-netschajew-auf-uz-friedensfest-gegen-geschichtsfaelschung-und-russophobie","status":"publish","type":"post","link":"https:\/\/now-news.de\/de\/deutschland\/russischer-botschafter-netschajew-auf-uz-friedensfest-gegen-geschichtsfaelschung-und-russophobie\/","title":{"rendered":"Russischer Botschafter Netschajew auf UZ-Friedensfest &#8211; Gegen Geschichtsf\u00e4lschung und Russophobie"},"content":{"rendered":"<div class=\"Text-root Text-type_1 \">\n                Am UZ-Friedensfest beteiligte sich auch der russische Botschafter Sergeji Netschajew. Seine Anwesenheit wurde im Vorfeld von der Verwaltung des FMP1-Geb\u00e4udes verboten. So musste das Gespr\u00e4ch mit ihm verlegt werden. Eine angebliche russische Schuld f\u00fcr den Anschlag auf den Flughafen Leipzig wies er bei seinem Vortrag am Sonntag zur\u00fcck. Dies sei zudem in mehrfacher Hinsicht komplett unlogisch.\n            <\/div>\n<p><\/p>\n<div class=\"Text-root Text-type_5 ArticleView-text ViewText-root \">\n<p><em>Von Felicitas Rabe<\/em><\/p>\n<p>Am Sonntag endeten die UZ-Friedenstage, die von der Deutschen Kommunistischen Partei (DKP) und ihrer Zeitung <em>Unsere Zeit<\/em> vom 28.\u00a0\u2013 30. August in Berlin veranstaltet wurden. Das Interesse an den Diskussionen \u00fcber Krieg und Frieden, \u00fcber die Auswirkung eines neoliberalen Wirtschaftssystems und die \u00fcber die Auswege einer von einem dritten Weltkrieg bedrohten Menschheit, war \u00fcberw\u00e4ltigend. Waren es beim letzten <em>UZ<\/em>-Friedensfest noch rund 3.500 G\u00e4ste gewesen, stieg die Teilnehmerzahl dieses Mal auf etwa 5.000 Besucher aus dem In- und Ausland.<\/p>\n<p>In Zeiten der laufenden Kriegsvorbereitung und einer Wiedereinf\u00fchrung der Wehrpflicht in Deutschland interessieren sich vor allem auch immer mehr junge Menschen f\u00fcr die Hintergr\u00fcnde und die Profiteure einer solchen Politik. F\u00fcr die j\u00fcngeren Teilnehmer hat die Sozialistische Deutsche Arbeiterjugend (SDAJ) noch Extra-Seminare und Kulturveranstaltungen organisiert. Zu den <em>UZ<\/em>-Friedenstagen reisten auch 20 internationale kommunistische Delegationen nach Berlin. Au\u00dferdem nahmen\u00a0Vertreter der russischen, der kubanischen, der chinesischen und der laotischen Botschaft teil.<\/p>\n<p><strong>Programmh\u00f6hepunkte<\/strong><\/p>\n<p>Es fanden so viele spannende Diskussionen mit so vielen interessanten Podiumsteilnehmern und so bewegende Auftritte von K\u00fcnstlern statt, dass eine Auswahl schwerf\u00e4llt. Ein paar Beispiele: Der Berliner Journalist H\u00fcseyin Do\u011fru sprach \u00fcber die gegen ihn verh\u00e4ngten EU-Sanktionen. Die Gewerkschaftlerin Ulrike Eifler erkl\u00e4rte den dringend notwendigen gewerkschaftlichen Widerstand gegen Sozialabbau und Kriegsert\u00fcchtigung.<\/p>\n<p>Der DKP-Vorsitzende Patrik K\u00f6bele diskutierte mit dem Publizisten J\u00f6rg Kronauer und der BSW-Kandidatin f\u00fcr das Berliner Abgeordnetenhaus Sevim Da\u011fdelen \u00fcber die Rolle Deutschlands als Vasall der USA. In der Podiumsdiskussion mit dem chinesischen Botschaftsrat Sun Shouliang und der Vorsitzenden der Kommunistischen Partei von Brasilien (PCdoB) Ana Prestes ging es um die Rolle der BRICS und die multipolare Weltordnung aus chinesischer und brasilianischer Sicht. Nicht vergessen seien die vielen Solidarit\u00e4tsbekundungen f\u00fcr die Menschen in Kuba, die unter den schlimmsten Blockaden in ihrer Geschichte leiden.\u00a0 \u00a0 \u00a0 \u00a0<\/p>\n<p>Bei der Matin\u00e9e mit K\u00f6bele und dem letzten DDR-Staatsratsvorsitzenden Egon Krenz konnte man dessen ph\u00e4nomenales Ged\u00e4chtnis erleben. Er reflektierte die bedeutenden Ereignisse seit der Gr\u00fcndung der DDR auch im hohen Alter noch mit vielen Details und fesselte die Menschen mit seinem bewegendem Vortrag. Im Kulturprogramm der Matin\u00e9e traten neben der S\u00e4ngerin Gina Pietsch und dem K\u00fcnstler Erich Schaffner auch der ehemalige Stellvertretende Kulturminister der DDR Hartmut K\u00f6nig auf, der auch Mitglied im legend\u00e4ren Oktoberklub war.<\/p>\n<figure class=\"RTImage-root\">\n<div class=\"RTImage-image RTImage-original\"><picture class=\"Picture-root Picture-original\"><!--[if IE 9]><video style=\"display: none;\"><![endif]--><source media=\"(-webkit-min-device-pixel-ratio: 2) and (min-resolution: 120dpi)\" data-srcset=\" \nhttps:\/\/now-news.de\/de\/wp-content\/uploads\/sites\/3\/2026\/09\/6a9706d1b480cc0f60367103.jpg 850w,\n                https:\/\/now-news.de\/de\/wp-content\/uploads\/sites\/3\/2026\/09\/6a9706d1b480cc0f60367103.jpg 1960w,            \" ><source data-srcset=\" \nhttps:\/\/now-news.de\/de\/wp-content\/uploads\/sites\/3\/2026\/09\/6a9706d1b480cc0f60367103.jpg 460w,\n              https:\/\/now-news.de\/de\/wp-content\/uploads\/sites\/3\/2026\/09\/6a9706d1b480cc0f60367103.jpg 980w,\n            \" ><!--[if IE 9]><\/video><![endif]--><img decoding=\"async\" data- src=\"data:image\/png;base64,iVBORw0KGgoAAAANSUhEUgAAABAAAAAJCAQAAACRI2S5AAAAEElEQVR42mNkIAAYRxWAAQAG9gAKqv6+AwAAAABJRU5ErkJggg==\" class=\"Picture-root Picture-original lazyload\" data-src=\"https:\/\/now-news.de\/de\/wp-content\/uploads\/sites\/3\/2026\/09\/6a9706d1b480cc0f60367103.jpg\" alt=\"\"><\/source><\/source><\/picture><!-- noscript pattern --><noscript><img decoding=\"async\" src=\"https:\/\/now-news.de\/de\/wp-content\/uploads\/sites\/3\/2026\/09\/6a9706d1b480cc0f60367103.jpg\" alt=\"\"><\/noscript><\/div><figcaption class=\"RTImage-footer\"><span class=\"RTImage-caption\"><span class=\"RTImage-captionItem\">Der DKP-Vorsitzende Patrik K\u00f6bele mit dem letzten Staatsratsvorsitzenden der DDR Egon Krenz auf den UZ-Friedenstagen in Berlin am 30. August 2026<\/span><\/span><span class=\"RTImage-source\"><span class=\"RTImage-captionItem\">Felicitas Rabe<\/span><\/span><\/figcaption><\/figure>\n<p><strong>Hausverwaltung verbietet Auftritt des russischen Botschafters<\/strong><\/p>\n<p>Ein H\u00f6hepunkt der <em>UZ<\/em>-Friedenstage war die Teilnahme des russischen Botschafters Sergei Netschajew zum Thema &#8220;Gegen Geschichtsverf\u00e4lschung und Russophobie&#8221;. Zu &#8220;normalen&#8221; Zeiten unvorstellbar, verbot die Verwaltung des Veranstaltungsgeb\u00e4udes FMP1 die Veranstaltung mit dem russischen Botschafter in ihrem Haus. Im Interview mit <em>RT\u00a0DE<\/em> erkl\u00e4rte der Hauptverantwortliche f\u00fcr die <em>UZ<\/em>-Friedenstage und stellvertretende DKP-Vorsitzende Bj\u00f6rn Blach zum Auftrittsverbots des russischen Botschafters seitens der Hausverwaltung:<\/p>\n<blockquote>\n<p><em>&#8220;Zur Kriegsvorbereitung geh\u00f6rt auch, dass ein Gegner konstruiert wird. Erfahrungsgem\u00e4\u00df wird Russland f\u00fcr alles Schlechte in diesem Land verantwortlich gemacht.&#8221;<\/em><\/p>\n<\/blockquote>\n<p>In dieser Situation h\u00e4tten viele Institutionen die Sorge, Opfer von Repression zu werden, oder sie f\u00fcrchteten die Streichung staatlicher F\u00f6rdermittel, so Blach. Damit w\u00fcrden die M\u00f6glichkeiten f\u00fcr Austausch und Dialog \u00fcber einen Ausweg aus der Zuspitzung der Russenfeindlichkeit immer weiter eingeschr\u00e4nkt. Eingeschr\u00e4nkt werde auch der Austausch \u00fcber die M\u00f6glichkeiten in Europa f\u00fcr Frieden und Sicherheit zu sorgen.<\/p>\n<p>Netschajew trat am Sonntagnachmittag in Begleitung zweier weiterer Botschaftsvertreterinnen im alternativen Veranstaltungsraum in der Rungestra\u00dfe in Berlin auf. Dies war zwei Tage, bevor\u00a0Bundesinnenminister Alexander Dobrindt und Au\u00dfenminister Johann Wadephul am Dienstag eine K\u00fcndigung f\u00fcr das Russische Haus aussprachen und erkl\u00e4rten, dass das Generalkonsulat der Russischen F\u00f6deration in Bonn zum 18.\u00a0September geschlossen werde. Zudem bestellten sie anl\u00e4sslich des angeblich russischen Drohnenanschlags auf den Flughafen Leipzig den russischen Botschafter ein.<\/p>\n<p>Humorvoll reagierte Netschajew am Sonntag auf die Umst\u00e4nde der Veranstaltung. In seiner Begr\u00fc\u00dfungsrede bezeichnete der DKP-Vorsitzende K\u00f6bele, das Auftrittsverbots seitens der FMP1-Verwaltung als &#8220;historische Schande&#8221;. Die Veranstaltung mit dem russischen Botschafter im Rahmen der <em>UZ<\/em>-Friedenstage sei f\u00fcr ihn auch &#8220;ein Aufschrei gegen die Kriegstreiberei unseres Landes&#8221;. Das Gespr\u00e4ch zum Thema &#8220;Gegen Geschichtsverf\u00e4lschung und Russophobie&#8221; moderierte der Publizist Dr. Arnold Sch\u00f6lzel.<\/p>\n<figure class=\"RTImage-root\">\n<div class=\"RTImage-image RTImage-original\"><picture class=\"Picture-root Picture-original\"><!--[if IE 9]><video style=\"display: none;\"><![endif]--><source media=\"(-webkit-min-device-pixel-ratio: 2) and (min-resolution: 120dpi)\" data-srcset=\" \nhttps:\/\/now-news.de\/de\/wp-content\/uploads\/sites\/3\/2026\/09\/6a9707deb480cc137d4ca76c.jpg 850w,\n                https:\/\/now-news.de\/de\/wp-content\/uploads\/sites\/3\/2026\/09\/6a9707deb480cc137d4ca76c.jpg 1960w,            \" ><source data-srcset=\" \nhttps:\/\/now-news.de\/de\/wp-content\/uploads\/sites\/3\/2026\/09\/6a9707deb480cc137d4ca76c.jpg 460w,\n              https:\/\/now-news.de\/de\/wp-content\/uploads\/sites\/3\/2026\/09\/6a9707deb480cc137d4ca76c.jpg 980w,\n            \" ><!--[if IE 9]><\/video><![endif]--><img decoding=\"async\" data- src=\"data:image\/png;base64,iVBORw0KGgoAAAANSUhEUgAAABAAAAAJCAQAAACRI2S5AAAAEElEQVR42mNkIAAYRxWAAQAG9gAKqv6+AwAAAABJRU5ErkJggg==\" class=\"Picture-root Picture-original lazyload\" data-src=\"https:\/\/now-news.de\/de\/wp-content\/uploads\/sites\/3\/2026\/09\/6a9707deb480cc137d4ca76c.jpg\" alt=\"\"><\/source><\/source><\/picture><!-- noscript pattern --><noscript><img decoding=\"async\" src=\"https:\/\/now-news.de\/de\/wp-content\/uploads\/sites\/3\/2026\/09\/6a9707deb480cc137d4ca76c.jpg\" alt=\"\"><\/noscript><\/div><figcaption class=\"RTImage-footer\"><span class=\"RTImage-caption\"><span class=\"RTImage-captionItem\">Der russische Botschafter Sergei Netschajew und der Publizist Dr. Arnold Sch\u00f6lzel auf den UZ-Friedenstagen in Berlin am 30. August 2026<\/span><\/span><span class=\"RTImage-source\"><span class=\"RTImage-captionItem\">Felicitas Rabe<\/span><\/span><\/figcaption><\/figure>\n<p><strong>Netschajew \u00fcber die Entwicklung der deutsch-russischen Beziehungen seit 1945<\/strong><\/p>\n<p>Die <em>Bild<\/em>\u00a0habe am Sonntagmorgen berichtet, er\u00f6ffnete Sch\u00f6lzel das Gespr\u00e4ch, dass Bundeskanzler Friedrich Merz in K\u00fcrze\u00a0zu den Folgen des (angeblichen) russischen Drohnenangriffs auf dem Flughafen Leipzig Stellung nehmen werde. Demnach geh\u00f6rten zu den vorgeschlagenen Ma\u00dfnahmen neben der Einbestellung des russischen Botschafters auch Ausweisungen russischen Botschaftspersonals. Die Situation steuere auf einen Tiefpunkt der deutsch-russischen Beziehungen zu, so Sch\u00f6lzel.<\/p>\n<blockquote>\n<p><em>&#8220;Wo sehen Sie die Ursachen f\u00fcr die zugespitzte Situation der Beziehungen zwischen Russland und Deutschland?&#8221;, fragte der Publizist<\/em>.<\/p>\n<\/blockquote>\n<p>Netschajew erkl\u00e4rte, dass sich das deutsch-russische Verh\u00e4ltnis nach dem Ende\u00a0des Zweiten Weltkriegs sehr positiv entwickelt\u00a0habe, es sei &#8220;absolut einmalig&#8221; gewesen. Die Sowjetunion habe ein ganz besonderes Verh\u00e4ltnis zum sozialistischen Bruderstaat DDR gepflegt. Mit der DDR habe sie die bedeutendste Handelspartnerschaft etabliert. Aber nach der historischen Auss\u00f6hnung in den Sechzigerjahren und der bilateralen Ann\u00e4herung habe sowohl die Sowjetunion als auch sp\u00e4ter die Russische F\u00f6deration mit allen deutschen Bundesregierungen immer eine gute Kommunikation gepflegt.<\/p>\n<p>Nach der deutschen Wiedervereinigung in den Neunzigerjahren sei die Bundesrepublik zum wichtigsten und gr\u00f6\u00dften westlichen Handelspartner Russlands mit einem Handelsvolumen von 80\u00a0Milliarden Euro j\u00e4hrlich aufgestiegen. Rund 6.000 deutsche Unternehmen h\u00e4tten sich in Russland niedergelassen. Es habe zu der Zeit unz\u00e4hlige deutsch-russische Wissenschaftskooperationen und gemeinsame Kulturprojekte gegeben. Bis heute kenne jedes Schulkind in Russland deutsche M\u00e4rchen und die Werke deutscher Musiker.<\/p>\n<p>Auch der zivilgesellschaftliche Austausch sei einmalig gewesen. Insbesondere erinnern m\u00f6chte er an den j\u00e4hrlichen Petersburger Dialog. Zudem sei Russland mit der europ\u00e4ischen Sicherheitsarchitektur und den entsprechenden verschiedenen Vereinbarungen einverstanden gewesen, wie zum Beispiel auch mit der Organisation f\u00fcr Sicherheit und Zusammenarbeit in Europa (OSZE).<\/p>\n<p><strong>Der Niedergang der deutsch-russischen Beziehungen<\/strong><\/p>\n<p>Da Russland sich als Partner Europas verstanden habe, sei die Erweiterung der NATO in Richtung russische Grenze bei den Russen auf Unverst\u00e4ndnis gesto\u00dfen. Ihrerseits habe sich die russische Regierung weiterhin an alle Vertragsvereinbarungen mit westlichen L\u00e4ndern gehalten. Als tragisch bezeichnete Netschajew den Staatsstreich in der Ukraine im Jahr 2014. Ukrainer und Russen seien Bruderv\u00f6lker. Die Rolle der Bundesregierung sei dabei mehr als entt\u00e4uschend. Russland habe im November\u00a01990 den &#8220;Vertrag \u00fcber Gute Nachbarschaft&#8221; vereinbart, und pl\u00f6tzlich werde die Ukraine hochger\u00fcstet. Mittlerweile habe der Westen Russland 30.000 Sanktionen auferlegt und deutsche Panzer seien wieder in Russland im Einsatz\u00a0\u2013 deutsche Leopard-Panzer in der russischen Region Kursk.\u00a0<\/p>\n<p><strong>Angeblich russischer Angriff auf den Leipziger Flughafen w\u00e4re unlogisch<\/strong><\/p>\n<p>Aktuell werde die Geschichte eines angeblich russischen Drohneneinschlags auf dem Flughafen in Leipzig verbreitet. \u00dcberall werde diskutiert, wie die Russen daf\u00fcr bezahlen sollten. Dazu f\u00fchrte der russische Diplomat aus:<\/p>\n<blockquote>\n<p><em>&#8220;Keiner fragt, wo die Logik ist. Was sollte Russland damit erreichen wollen? Und warum handelt Russland so dilettantisch? Warum wird der Anschlag in Leipzig ausge\u00fcbt?&#8221;<\/em><\/p>\n<\/blockquote>\n<p>Es stelle sich die Frage, wer davon profitiere. Vielleicht wolle man die Stimmung in Sachsen aufheizen, mutma\u00dft Netschajew, und die dortige Bev\u00f6lkerung antirussisch beeinflussen. Zuletzt habe es gehei\u00dfen, die Russen wollten Armin Papperger, den Chef von Rheinmetall t\u00f6ten \u2013 mit &#8220;Wegwerfagenten und Spionen&#8221;.<\/p>\n<p>Offiziellen Papieren zufolge werde Russland in den n\u00e4chsten Jahren Deutschland und die NATO angreifen. Das k\u00f6nne f\u00fcr Russen \u00fcberhaupt nicht das Ziel sein. &#8220;Was soll man denn hier in Deutschland finden?&#8221;,<em>\u00a0<\/em>fragte Netschajew. Zudem d\u00fcrfe man nicht au\u00dfer Acht lassen, dass in Deutschland nach Russland die gr\u00f6\u00dfte russische Gemeinschaft lebe.<\/p>\n<p><strong>Straflose Russophobie und strafloser Terroranschlag auf russische Nord-Stream-Pipeline<\/strong><\/p>\n<p>Sch\u00f6lzel wies darauf hin, dass es Deutschland Kr\u00e4fte gebe, die auf eine Konfrontation zwischen Deutschland und Russland setzen. Ein Beispiel daf\u00fcr sei <a rel=\"nofollow\" target=\"_blank\" href=\"https:\/\/www.berliner-zeitung.de\/article\/russland-strafverfahren-faz-journalist-michael-martens-mehr-russen-toeten-10298598\" target=\"_blank\" rel=\"noopener noreferrer\">die Aussage des <em>FAZ<\/em>-Journalisten Michael Martens<\/a>, dem zufolge die Deutschen die Ukraine dadurch unterst\u00fctzen soll, &#8220;mehr Russen [zu]\u00a0 t\u00f6ten&#8221;. Dieser Journalist habe seitens der Politik keine Abfuhr erteilt bekommen, kommentierte der russische Botschafter den Vorfall. Russland habe sich an die Generalstaatsanwaltschaft gewendet, damit die Legitimit\u00e4t der Aussage des <em>FAZ<\/em>-Journalisten gepr\u00fcft werde.<\/p>\n<p>Vor viereinhalb\u00a0Jahren seien die Nord-Stream-2-Pipeline gesprengt worden. Die deutsche Generalstaatsanwaltschaft habe mittlerweile best\u00e4tigt, dass es sich um einen Terroranschlag gehandelt habe,\u00a0so Netschajew. Die Pipelines Nord\u00a0Stream\u00a01 und 2 h\u00e4tten pro Jahr jeweils 55\u00a0Milliarden Kubikmeter Gas nach Deutschland geliefert. Die Gesamtmenge w\u00fcrde 70\u00a0bis 80\u00a0Prozent des Gasbedarfs der deutschen Industrie und der deutschen Privathaushalte decken.<\/p>\n<p>Bis heute habe man weder Informationen erhalten, wer die Verbrecher waren, noch wer das Verbrechen in beauftragt hat. Das w\u00e4re aber f\u00fcr die Begleichung des enormen \u00f6konomischen Schadens wichtig. Bei Straffreiheit f\u00fcr dieses Verbrechen, bestehe die gro\u00dfe Gefahr, dass zuk\u00fcnftig jeder straflos bleibe, der Energieleitungen zerst\u00f6re. Ein Artikel in der <em>FAZ<\/em> vom Sonntag suggeriere sogar, dass Russland die Gasr\u00f6hren selbst zerst\u00f6rt habe, erl\u00e4uterte Sch\u00f6lzel die aktuelle Schuldzuweisung.<\/p>\n<p><strong>Russisches Haus in Berlin von Schlie\u00dfung bedroht<\/strong><\/p>\n<p>Das Russische Haus in Berlin sei im Jahr 1984 zur Pr\u00e4sentation russischer Kunst und Kultur gegr\u00fcndet worden und existiere seit 40\u00a0Jahren. Nun werde unterstellt, es handele sich um ein russisches Spionage- und Propagandanest\u00a0\u2013 w\u00e4hrend die ebenfalls zur Verbreitung deutscher Kunst und Kultur dienenden Goethe-Institute in Moskau, St.\u00a0Petersburg und Nowosibirsk ganz normal liefen, erkl\u00e4rte der russische Botschafter.<\/p>\n<p>Die Russen k\u00f6nnten nicht verstehen, warum mit einem Mal so heftig gegen das Russische Haus agitiert werde. Schlie\u00dflich habe jedes Kulturinstitut die Aufgabe, die jeweilige Kultur des Landes zu repr\u00e4sentieren. Nur in der Kriegsgr\u00e4berpflege liefe die deutsch-russische Kooperation weiterhin gut. In Deutschland seien 700.000 sowjetische Soldaten sowie Zwangsarbeiter und -arbeiterinnen begraben. Allein auf dem Kriegsgr\u00e4berst\u00e4tte Stutenbrok in Nordrhein-Westfalen gebe es 60.000 Gr\u00e4ber von Sowjetb\u00fcrgern.<\/p>\n<p>Im Gegensatz zur Bundesregierung gebe es immer noch regionale Beh\u00f6rden und Institutionen, die mit der russischen Botschaft gut kooperierten. Schlie\u00dflich hob Netschajew hervor:<\/p>\n<blockquote>\n<p><em>&#8220;Wir hatten nie Probleme mit dem Deutschen Volk, und auch keine Probleme mit vielen deutschen Politikern seit dem\u00a0Zweiten Weltkrieg. Mit vielen von ihnen haben wir eine gemeinsame Sprache gefunden.&#8221;<\/em><\/p>\n<\/blockquote>\n<p><strong>Inwieweit wird das deutsche Verh\u00e4ltnis zu Russland durch die USA bestimmt? <\/strong><\/p>\n<p>Eine Publikumsfrage bezog sich auf die Aussage des russischen Botschafters, wonach die Russen nicht verstehen k\u00f6nnten, warum die deutsche Politik die gute Kooperation mit Russland aufgegeben habe. Die Fragestellerin nahm an, dass dies dem Vasallenstatus Deutschlands geschuldet sei. Die USA, deren wirtschaftliche Vormachtstellung auf der Welt bedroht sei, versuchten offenbar weltweit mit aller Macht, die Energiegesch\u00e4fte und Profite zu ihren Gunsten umzusteuern. Deshalb m\u00fcsse Deutschland nun seine Energie f\u00fcr teures Geld aus den USA beziehen und nicht mehr aus Russland. Insofern sei Deutschland mutma\u00dflich \u00fcberhaupt nicht unabh\u00e4ngig in seiner Au\u00dfen- und Wirtschaftspolitik.<\/p>\n<p>Netschajew erkl\u00e4rte, dass bestimmte Kr\u00e4fte eine enge Kooperation zwischen Russland und Deutschland schon immer abgelehnt h\u00e4tten. Allerdings habe Russland der Friedensinitiative von US-Pr\u00e4sident Donald Trump von Anfang an getraut. Russland nehme an, dass Trump sich tats\u00e4chlich f\u00fcr Frieden zwischen der Ukraine und Russland engagieren wolle. Demn\u00e4chst erwarte man in Moskau wieder die beiden Gesandten des US-Pr\u00e4sidenten Steve Wittkoff und Jared Kushner zu weiteren Gespr\u00e4chen.<\/p>\n<p>Es m\u00fcsse alles unternommen werden, um einen neuen Vaterl\u00e4ndischen Krieg zu verhindern. In Bezug auf eine Verbesserung der deutsch-russischen Beziehungen bleibt Netschajew trotz allem optimistisch. Dabei setze er auch auf den deutschen Pragmatismus, erkl\u00e4rte Netschajew am Sonntag.\u00a0<\/p>\n<p><strong>Mehr zum Thema<\/strong>\u00a0\u2013 <a rel=\"nofollow\" target=\"_blank\" href=\"https:\/\/de-rtnews.com\/russland\/290074-medienberichte-bundesregierung-bereitet-umfangreiches-massnahmenpakt-gegen-russland-vor\/\" target=\"_blank\" rel=\"noopener noreferrer\">Nach Leipzig-Vorfall: Berlin bereitet umfangreiches Ma\u00dfnahmenpaket gegen Moskau vor<\/a><\/p>\n<div class=\"EmbedBlock-root EmbedBlock-externalVideo EmbedBlock-rumble\">\n<div class=\"VkEmbed\"><iframe class=\"lazyload\" data-src=\"https:\/\/rumble.com\/embed\/v7cq9pq\" frameborder=\"0\" width=\"853\" height=\"480\" allowfullscreen><\/iframe><\/div>\n<\/div>\n<\/div>\n<p><br \/>\n<br \/><a href=\"https:\/\/de.rt.com\/inland\/290368-russischer-botschafter-netschajew-auf-uz\/\">Source link <\/a><\/p>\n","protected":false},"excerpt":{"rendered":"<p>Am UZ-Friedensfest beteiligte sich auch der russische Botschafter Sergeji Netschajew. Seine Anwesenheit wurde im Vorfeld von der Verwaltung des FMP1-Geb\u00e4udes verboten. So musste das Gespr\u00e4ch mit ihm verlegt werden. Eine angebliche russische Schuld f\u00fcr den Anschlag auf den Flughafen Leipzig wies er bei seinem Vortrag am Sonntag zur\u00fcck. Dies sei zudem in mehrfacher Hinsicht komplett [&hellip;]<\/p>\n","protected":false},"author":3,"featured_media":109769,"comment_status":"open","ping_status":"open","sticky":false,"template":"","format":"standard","meta":{"wp_automatic_camp":["217"],"c040a5d8d5ce5aeacfc166b582456af9":["Russischer Botschafter Netschajew auf UZ-Friedensfest - Gegen Geschichtsf\u00e4lschung und Russophobie"],"original_link":["https:\/\/de.rt.com\/inland\/290368-russischer-botschafter-netschajew-auf-uz\/"],"_thumbnail_id":["109769"],"jnews_social_counter_last_update":["1788329688"],"_wptgpro_p2tg_sent2tg":["a:1:{i:23737;s:19:\"2026-09-02 06:15:28\";}"]},"categories":[19,23],"tags":[133,4992,278,53298,41303,793,1542,140,75830],"class_list":["post-109768","post","type-post","status-publish","format-standard","has-post-thumbnail","hentry","category-deutschland","category-russland","tag-auf","tag-botschafter","tag-gegen","tag-geschichtsfaelschung","tag-netschajew","tag-russischer","tag-russophobie","tag-und","tag-uzfriedensfest"],"yoast_head":"<!-- This site is optimized with the Yoast SEO Premium plugin v22.7 (Yoast SEO v28.2) - https:\/\/yoast.com\/product\/yoast-seo-premium-wordpress\/ -->\n<title>Russischer Botschafter Netschajew auf UZ-Friedensfest - Gegen Geschichtsf\u00e4lschung und Russophobie - just-now.NEWS Deutschland<\/title>\n<meta name=\"robots\" content=\"index, follow, max-snippet:-1, max-image-preview:large, max-video-preview:-1\" \/>\n<link rel=\"canonical\" href=\"https:\/\/now-news.de\/de\/deutschland\/russischer-botschafter-netschajew-auf-uz-friedensfest-gegen-geschichtsfaelschung-und-russophobie\/\" \/>\n<meta property=\"og:locale\" content=\"de_DE\" \/>\n<meta property=\"og:type\" content=\"article\" \/>\n<meta property=\"og:title\" content=\"Russischer Botschafter Netschajew auf UZ-Friedensfest - Gegen Geschichtsf\u00e4lschung und Russophobie\" \/>\n<meta property=\"og:description\" content=\"Am UZ-Friedensfest beteiligte sich auch der russische Botschafter Sergeji Netschajew. Seine Anwesenheit wurde im Vorfeld von der Verwaltung des FMP1-Geb\u00e4udes verboten. So musste das Gespr\u00e4ch mit ihm verlegt werden. Eine angebliche russische Schuld f\u00fcr den Anschlag auf den Flughafen Leipzig wies er bei seinem Vortrag am Sonntag zur\u00fcck. Dies sei zudem in mehrfacher Hinsicht komplett [&hellip;]\" \/>\n<meta property=\"og:url\" content=\"https:\/\/now-news.de\/de\/deutschland\/russischer-botschafter-netschajew-auf-uz-friedensfest-gegen-geschichtsfaelschung-und-russophobie\/\" \/>\n<meta property=\"og:site_name\" content=\"just-now.NEWS Deutschland\" \/>\n<meta property=\"article:publisher\" content=\"https:\/\/www.facebook.com\/wirmachenauf\" \/>\n<meta property=\"article:published_time\" content=\"2026-09-02T04:00:00+00:00\" \/>\n<meta property=\"og:image\" content=\"https:\/\/now-news.de\/de\/wp-content\/uploads\/sites\/3\/2026\/09\/6a9706d1b480cc0f60367103.jpg\" \/>\n<meta name=\"author\" content=\"rtnews\" \/>\n<meta name=\"twitter:card\" content=\"summary_large_image\" \/>\n<meta name=\"twitter:creator\" content=\"@WirMachenAuf_de\" \/>\n<meta name=\"twitter:site\" content=\"@WirMachenAuf_de\" \/>\n<meta name=\"twitter:label1\" content=\"Verfasst von\" \/>\n\t<meta name=\"twitter:data1\" content=\"rtnews\" \/>\n\t<meta name=\"twitter:label2\" content=\"Gesch\u00e4tzte Lesezeit\" \/>\n\t<meta name=\"twitter:data2\" content=\"10\u00a0Minuten\" \/>\n<script type=\"application\/ld+json\" class=\"yoast-schema-graph\">{\"@context\":\"https:\\\/\\\/schema.org\",\"@graph\":[{\"@type\":\"Article\",\"@id\":\"https:\\\/\\\/now-news.de\\\/de\\\/deutschland\\\/russischer-botschafter-netschajew-auf-uz-friedensfest-gegen-geschichtsfaelschung-und-russophobie\\\/#article\",\"isPartOf\":{\"@id\":\"https:\\\/\\\/now-news.de\\\/de\\\/deutschland\\\/russischer-botschafter-netschajew-auf-uz-friedensfest-gegen-geschichtsfaelschung-und-russophobie\\\/\"},\"author\":{\"name\":\"rtnews\",\"@id\":\"https:\\\/\\\/now-news.de\\\/de\\\/#\\\/schema\\\/person\\\/fb534a4e865501d8b3285208df34a9b5\"},\"headline\":\"Russischer Botschafter Netschajew auf UZ-Friedensfest &#8211; Gegen Geschichtsf\u00e4lschung und Russophobie\",\"datePublished\":\"2026-09-02T04:00:00+00:00\",\"mainEntityOfPage\":{\"@id\":\"https:\\\/\\\/now-news.de\\\/de\\\/deutschland\\\/russischer-botschafter-netschajew-auf-uz-friedensfest-gegen-geschichtsfaelschung-und-russophobie\\\/\"},\"wordCount\":2032,\"commentCount\":0,\"publisher\":{\"@id\":\"https:\\\/\\\/now-news.de\\\/de\\\/#organization\"},\"image\":{\"@id\":\"https:\\\/\\\/now-news.de\\\/de\\\/deutschland\\\/russischer-botschafter-netschajew-auf-uz-friedensfest-gegen-geschichtsfaelschung-und-russophobie\\\/#primaryimage\"},\"thumbnailUrl\":\"https:\\\/\\\/now-news.de\\\/de\\\/wp-content\\\/uploads\\\/sites\\\/3\\\/2026\\\/09\\\/Russischer-Botschafter-Netschajew-auf-UZ-Friedensfest-Gegen-Geschichtsfaelschung-und-Russophobie.jpg\",\"keywords\":[\"AUF\",\"Botschafter\",\"gegen\",\"Geschichtsf\u00e4lschung\",\"Netschajew\",\"Russischer\",\"Russophobie\",\"und\",\"UZFriedensfest\"],\"articleSection\":[\"Deutschland\",\"Russland\"],\"inLanguage\":\"de\",\"potentialAction\":[{\"@type\":\"CommentAction\",\"name\":\"Comment\",\"target\":[\"https:\\\/\\\/now-news.de\\\/de\\\/deutschland\\\/russischer-botschafter-netschajew-auf-uz-friedensfest-gegen-geschichtsfaelschung-und-russophobie\\\/#respond\"]}]},{\"@type\":\"WebPage\",\"@id\":\"https:\\\/\\\/now-news.de\\\/de\\\/deutschland\\\/russischer-botschafter-netschajew-auf-uz-friedensfest-gegen-geschichtsfaelschung-und-russophobie\\\/\",\"url\":\"https:\\\/\\\/now-news.de\\\/de\\\/deutschland\\\/russischer-botschafter-netschajew-auf-uz-friedensfest-gegen-geschichtsfaelschung-und-russophobie\\\/\",\"name\":\"Russischer Botschafter Netschajew auf UZ-Friedensfest - Gegen Geschichtsf\u00e4lschung und Russophobie - just-now.NEWS Deutschland\",\"isPartOf\":{\"@id\":\"https:\\\/\\\/now-news.de\\\/de\\\/#website\"},\"primaryImageOfPage\":{\"@id\":\"https:\\\/\\\/now-news.de\\\/de\\\/deutschland\\\/russischer-botschafter-netschajew-auf-uz-friedensfest-gegen-geschichtsfaelschung-und-russophobie\\\/#primaryimage\"},\"image\":{\"@id\":\"https:\\\/\\\/now-news.de\\\/de\\\/deutschland\\\/russischer-botschafter-netschajew-auf-uz-friedensfest-gegen-geschichtsfaelschung-und-russophobie\\\/#primaryimage\"},\"thumbnailUrl\":\"https:\\\/\\\/now-news.de\\\/de\\\/wp-content\\\/uploads\\\/sites\\\/3\\\/2026\\\/09\\\/Russischer-Botschafter-Netschajew-auf-UZ-Friedensfest-Gegen-Geschichtsfaelschung-und-Russophobie.jpg\",\"datePublished\":\"2026-09-02T04:00:00+00:00\",\"breadcrumb\":{\"@id\":\"https:\\\/\\\/now-news.de\\\/de\\\/deutschland\\\/russischer-botschafter-netschajew-auf-uz-friedensfest-gegen-geschichtsfaelschung-und-russophobie\\\/#breadcrumb\"},\"inLanguage\":\"de\",\"potentialAction\":[{\"@type\":\"ReadAction\",\"target\":[\"https:\\\/\\\/now-news.de\\\/de\\\/deutschland\\\/russischer-botschafter-netschajew-auf-uz-friedensfest-gegen-geschichtsfaelschung-und-russophobie\\\/\"]}]},{\"@type\":\"ImageObject\",\"inLanguage\":\"de\",\"@id\":\"https:\\\/\\\/now-news.de\\\/de\\\/deutschland\\\/russischer-botschafter-netschajew-auf-uz-friedensfest-gegen-geschichtsfaelschung-und-russophobie\\\/#primaryimage\",\"url\":\"https:\\\/\\\/now-news.de\\\/de\\\/wp-content\\\/uploads\\\/sites\\\/3\\\/2026\\\/09\\\/Russischer-Botschafter-Netschajew-auf-UZ-Friedensfest-Gegen-Geschichtsfaelschung-und-Russophobie.jpg\",\"contentUrl\":\"https:\\\/\\\/now-news.de\\\/de\\\/wp-content\\\/uploads\\\/sites\\\/3\\\/2026\\\/09\\\/Russischer-Botschafter-Netschajew-auf-UZ-Friedensfest-Gegen-Geschichtsfaelschung-und-Russophobie.jpg\",\"width\":1280,\"height\":960,\"caption\":\"Russischer Botschafter Netschajew auf UZ-Friedensfest - Gegen Geschichtsf\u00e4lschung und Russophobie\"},{\"@type\":\"BreadcrumbList\",\"@id\":\"https:\\\/\\\/now-news.de\\\/de\\\/deutschland\\\/russischer-botschafter-netschajew-auf-uz-friedensfest-gegen-geschichtsfaelschung-und-russophobie\\\/#breadcrumb\",\"itemListElement\":[{\"@type\":\"ListItem\",\"position\":1,\"name\":\"Home\",\"item\":\"https:\\\/\\\/now-news.de\\\/de\\\/\"},{\"@type\":\"ListItem\",\"position\":2,\"name\":\"Russischer Botschafter Netschajew auf UZ-Friedensfest &#8211; Gegen Geschichtsf\u00e4lschung und Russophobie\"}]},{\"@type\":\"WebSite\",\"@id\":\"https:\\\/\\\/now-news.de\\\/de\\\/#website\",\"url\":\"https:\\\/\\\/now-news.de\\\/de\\\/\",\"name\":\"just-now.NEWS Deutschland\",\"description\":\"Das Portal f\u00fcr unzensierte Nachrichten aus der Welt\",\"publisher\":{\"@id\":\"https:\\\/\\\/now-news.de\\\/de\\\/#organization\"},\"potentialAction\":[{\"@type\":\"SearchAction\",\"target\":{\"@type\":\"EntryPoint\",\"urlTemplate\":\"https:\\\/\\\/now-news.de\\\/de\\\/?s={search_term_string}\"},\"query-input\":{\"@type\":\"PropertyValueSpecification\",\"valueRequired\":true,\"valueName\":\"search_term_string\"}}],\"inLanguage\":\"de\"},{\"@type\":\"Organization\",\"@id\":\"https:\\\/\\\/now-news.de\\\/de\\\/#organization\",\"name\":\"Just Now News\",\"url\":\"https:\\\/\\\/now-news.de\\\/de\\\/\",\"logo\":{\"@type\":\"ImageObject\",\"inLanguage\":\"de\",\"@id\":\"https:\\\/\\\/now-news.de\\\/de\\\/#\\\/schema\\\/logo\\\/image\\\/\",\"url\":\"http:\\\/\\\/just-now.news\\\/de\\\/wp-content\\\/uploads\\\/sites\\\/3\\\/2022\\\/04\\\/logo500x500.jpg\",\"contentUrl\":\"http:\\\/\\\/just-now.news\\\/de\\\/wp-content\\\/uploads\\\/sites\\\/3\\\/2022\\\/04\\\/logo500x500.jpg\",\"width\":500,\"height\":500,\"caption\":\"Just Now News\"},\"image\":{\"@id\":\"https:\\\/\\\/now-news.de\\\/de\\\/#\\\/schema\\\/logo\\\/image\\\/\"},\"sameAs\":[\"https:\\\/\\\/www.facebook.com\\\/wirmachenauf\",\"https:\\\/\\\/x.com\\\/WirMachenAuf_de\"]},{\"@type\":\"Person\",\"@id\":\"https:\\\/\\\/now-news.de\\\/de\\\/#\\\/schema\\\/person\\\/fb534a4e865501d8b3285208df34a9b5\",\"name\":\"rtnews\",\"image\":{\"@type\":\"ImageObject\",\"inLanguage\":\"de\",\"@id\":\"https:\\\/\\\/secure.gravatar.com\\\/avatar\\\/358fe31b3ab5769fea05376e1953329834cd9912cf9daf607e2af3076a1b982b?s=96&d=mm&r=g\",\"url\":\"https:\\\/\\\/secure.gravatar.com\\\/avatar\\\/358fe31b3ab5769fea05376e1953329834cd9912cf9daf607e2af3076a1b982b?s=96&d=mm&r=g\",\"contentUrl\":\"https:\\\/\\\/secure.gravatar.com\\\/avatar\\\/358fe31b3ab5769fea05376e1953329834cd9912cf9daf607e2af3076a1b982b?s=96&d=mm&r=g\",\"caption\":\"rtnews\"},\"url\":\"https:\\\/\\\/now-news.de\\\/de\\\/author\\\/rnews\\\/\"}]}<\/script>\n<!-- \/ Yoast SEO Premium plugin. -->","yoast_head_json":{"title":"Russischer Botschafter Netschajew auf UZ-Friedensfest - Gegen Geschichtsf\u00e4lschung und Russophobie - just-now.NEWS Deutschland","robots":{"index":"index","follow":"follow","max-snippet":"max-snippet:-1","max-image-preview":"max-image-preview:large","max-video-preview":"max-video-preview:-1"},"canonical":"https:\/\/now-news.de\/de\/deutschland\/russischer-botschafter-netschajew-auf-uz-friedensfest-gegen-geschichtsfaelschung-und-russophobie\/","og_locale":"de_DE","og_type":"article","og_title":"Russischer Botschafter Netschajew auf UZ-Friedensfest - Gegen Geschichtsf\u00e4lschung und Russophobie","og_description":"Am UZ-Friedensfest beteiligte sich auch der russische Botschafter Sergeji Netschajew. Seine Anwesenheit wurde im Vorfeld von der Verwaltung des FMP1-Geb\u00e4udes verboten. So musste das Gespr\u00e4ch mit ihm verlegt werden. Eine angebliche russische Schuld f\u00fcr den Anschlag auf den Flughafen Leipzig wies er bei seinem Vortrag am Sonntag zur\u00fcck. Dies sei zudem in mehrfacher Hinsicht komplett [&hellip;]","og_url":"https:\/\/now-news.de\/de\/deutschland\/russischer-botschafter-netschajew-auf-uz-friedensfest-gegen-geschichtsfaelschung-und-russophobie\/","og_site_name":"just-now.NEWS Deutschland","article_publisher":"https:\/\/www.facebook.com\/wirmachenauf","article_published_time":"2026-09-02T04:00:00+00:00","og_image":[{"url":"https:\/\/now-news.de\/de\/wp-content\/uploads\/sites\/3\/2026\/09\/6a9706d1b480cc0f60367103.jpg","type":"","width":"","height":""}],"author":"rtnews","twitter_card":"summary_large_image","twitter_creator":"@WirMachenAuf_de","twitter_site":"@WirMachenAuf_de","twitter_misc":{"Verfasst von":"rtnews","Gesch\u00e4tzte Lesezeit":"10\u00a0Minuten"},"schema":{"@context":"https:\/\/schema.org","@graph":[{"@type":"Article","@id":"https:\/\/now-news.de\/de\/deutschland\/russischer-botschafter-netschajew-auf-uz-friedensfest-gegen-geschichtsfaelschung-und-russophobie\/#article","isPartOf":{"@id":"https:\/\/now-news.de\/de\/deutschland\/russischer-botschafter-netschajew-auf-uz-friedensfest-gegen-geschichtsfaelschung-und-russophobie\/"},"author":{"name":"rtnews","@id":"https:\/\/now-news.de\/de\/#\/schema\/person\/fb534a4e865501d8b3285208df34a9b5"},"headline":"Russischer Botschafter Netschajew auf UZ-Friedensfest &#8211; Gegen Geschichtsf\u00e4lschung und Russophobie","datePublished":"2026-09-02T04:00:00+00:00","mainEntityOfPage":{"@id":"https:\/\/now-news.de\/de\/deutschland\/russischer-botschafter-netschajew-auf-uz-friedensfest-gegen-geschichtsfaelschung-und-russophobie\/"},"wordCount":2032,"commentCount":0,"publisher":{"@id":"https:\/\/now-news.de\/de\/#organization"},"image":{"@id":"https:\/\/now-news.de\/de\/deutschland\/russischer-botschafter-netschajew-auf-uz-friedensfest-gegen-geschichtsfaelschung-und-russophobie\/#primaryimage"},"thumbnailUrl":"https:\/\/now-news.de\/de\/wp-content\/uploads\/sites\/3\/2026\/09\/Russischer-Botschafter-Netschajew-auf-UZ-Friedensfest-Gegen-Geschichtsfaelschung-und-Russophobie.jpg","keywords":["AUF","Botschafter","gegen","Geschichtsf\u00e4lschung","Netschajew","Russischer","Russophobie","und","UZFriedensfest"],"articleSection":["Deutschland","Russland"],"inLanguage":"de","potentialAction":[{"@type":"CommentAction","name":"Comment","target":["https:\/\/now-news.de\/de\/deutschland\/russischer-botschafter-netschajew-auf-uz-friedensfest-gegen-geschichtsfaelschung-und-russophobie\/#respond"]}]},{"@type":"WebPage","@id":"https:\/\/now-news.de\/de\/deutschland\/russischer-botschafter-netschajew-auf-uz-friedensfest-gegen-geschichtsfaelschung-und-russophobie\/","url":"https:\/\/now-news.de\/de\/deutschland\/russischer-botschafter-netschajew-auf-uz-friedensfest-gegen-geschichtsfaelschung-und-russophobie\/","name":"Russischer Botschafter Netschajew auf UZ-Friedensfest - Gegen Geschichtsf\u00e4lschung und Russophobie - just-now.NEWS Deutschland","isPartOf":{"@id":"https:\/\/now-news.de\/de\/#website"},"primaryImageOfPage":{"@id":"https:\/\/now-news.de\/de\/deutschland\/russischer-botschafter-netschajew-auf-uz-friedensfest-gegen-geschichtsfaelschung-und-russophobie\/#primaryimage"},"image":{"@id":"https:\/\/now-news.de\/de\/deutschland\/russischer-botschafter-netschajew-auf-uz-friedensfest-gegen-geschichtsfaelschung-und-russophobie\/#primaryimage"},"thumbnailUrl":"https:\/\/now-news.de\/de\/wp-content\/uploads\/sites\/3\/2026\/09\/Russischer-Botschafter-Netschajew-auf-UZ-Friedensfest-Gegen-Geschichtsfaelschung-und-Russophobie.jpg","datePublished":"2026-09-02T04:00:00+00:00","breadcrumb":{"@id":"https:\/\/now-news.de\/de\/deutschland\/russischer-botschafter-netschajew-auf-uz-friedensfest-gegen-geschichtsfaelschung-und-russophobie\/#breadcrumb"},"inLanguage":"de","potentialAction":[{"@type":"ReadAction","target":["https:\/\/now-news.de\/de\/deutschland\/russischer-botschafter-netschajew-auf-uz-friedensfest-gegen-geschichtsfaelschung-und-russophobie\/"]}]},{"@type":"ImageObject","inLanguage":"de","@id":"https:\/\/now-news.de\/de\/deutschland\/russischer-botschafter-netschajew-auf-uz-friedensfest-gegen-geschichtsfaelschung-und-russophobie\/#primaryimage","url":"https:\/\/now-news.de\/de\/wp-content\/uploads\/sites\/3\/2026\/09\/Russischer-Botschafter-Netschajew-auf-UZ-Friedensfest-Gegen-Geschichtsfaelschung-und-Russophobie.jpg","contentUrl":"https:\/\/now-news.de\/de\/wp-content\/uploads\/sites\/3\/2026\/09\/Russischer-Botschafter-Netschajew-auf-UZ-Friedensfest-Gegen-Geschichtsfaelschung-und-Russophobie.jpg","width":1280,"height":960,"caption":"Russischer Botschafter Netschajew auf UZ-Friedensfest - Gegen Geschichtsf\u00e4lschung und Russophobie"},{"@type":"BreadcrumbList","@id":"https:\/\/now-news.de\/de\/deutschland\/russischer-botschafter-netschajew-auf-uz-friedensfest-gegen-geschichtsfaelschung-und-russophobie\/#breadcrumb","itemListElement":[{"@type":"ListItem","position":1,"name":"Home","item":"https:\/\/now-news.de\/de\/"},{"@type":"ListItem","position":2,"name":"Russischer Botschafter Netschajew auf UZ-Friedensfest &#8211; Gegen Geschichtsf\u00e4lschung und Russophobie"}]},{"@type":"WebSite","@id":"https:\/\/now-news.de\/de\/#website","url":"https:\/\/now-news.de\/de\/","name":"just-now.NEWS Deutschland","description":"Das Portal f\u00fcr unzensierte Nachrichten aus der Welt","publisher":{"@id":"https:\/\/now-news.de\/de\/#organization"},"potentialAction":[{"@type":"SearchAction","target":{"@type":"EntryPoint","urlTemplate":"https:\/\/now-news.de\/de\/?s={search_term_string}"},"query-input":{"@type":"PropertyValueSpecification","valueRequired":true,"valueName":"search_term_string"}}],"inLanguage":"de"},{"@type":"Organization","@id":"https:\/\/now-news.de\/de\/#organization","name":"Just Now News","url":"https:\/\/now-news.de\/de\/","logo":{"@type":"ImageObject","inLanguage":"de","@id":"https:\/\/now-news.de\/de\/#\/schema\/logo\/image\/","url":"http:\/\/just-now.news\/de\/wp-content\/uploads\/sites\/3\/2022\/04\/logo500x500.jpg","contentUrl":"http:\/\/just-now.news\/de\/wp-content\/uploads\/sites\/3\/2022\/04\/logo500x500.jpg","width":500,"height":500,"caption":"Just Now News"},"image":{"@id":"https:\/\/now-news.de\/de\/#\/schema\/logo\/image\/"},"sameAs":["https:\/\/www.facebook.com\/wirmachenauf","https:\/\/x.com\/WirMachenAuf_de"]},{"@type":"Person","@id":"https:\/\/now-news.de\/de\/#\/schema\/person\/fb534a4e865501d8b3285208df34a9b5","name":"rtnews","image":{"@type":"ImageObject","inLanguage":"de","@id":"https:\/\/secure.gravatar.com\/avatar\/358fe31b3ab5769fea05376e1953329834cd9912cf9daf607e2af3076a1b982b?s=96&d=mm&r=g","url":"https:\/\/secure.gravatar.com\/avatar\/358fe31b3ab5769fea05376e1953329834cd9912cf9daf607e2af3076a1b982b?s=96&d=mm&r=g","contentUrl":"https:\/\/secure.gravatar.com\/avatar\/358fe31b3ab5769fea05376e1953329834cd9912cf9daf607e2af3076a1b982b?s=96&d=mm&r=g","caption":"rtnews"},"url":"https:\/\/now-news.de\/de\/author\/rnews\/"}]}},"_links":{"self":[{"href":"https:\/\/now-news.de\/de\/wp-json\/wp\/v2\/posts\/109768","targetHints":{"allow":["GET"]}}],"collection":[{"href":"https:\/\/now-news.de\/de\/wp-json\/wp\/v2\/posts"}],"about":[{"href":"https:\/\/now-news.de\/de\/wp-json\/wp\/v2\/types\/post"}],"author":[{"embeddable":true,"href":"https:\/\/now-news.de\/de\/wp-json\/wp\/v2\/users\/3"}],"replies":[{"embeddable":true,"href":"https:\/\/now-news.de\/de\/wp-json\/wp\/v2\/comments?post=109768"}],"version-history":[{"count":0,"href":"https:\/\/now-news.de\/de\/wp-json\/wp\/v2\/posts\/109768\/revisions"}],"wp:featuredmedia":[{"embeddable":true,"href":"https:\/\/now-news.de\/de\/wp-json\/wp\/v2\/media\/109769"}],"wp:attachment":[{"href":"https:\/\/now-news.de\/de\/wp-json\/wp\/v2\/media?parent=109768"}],"wp:term":[{"taxonomy":"category","embeddable":true,"href":"https:\/\/now-news.de\/de\/wp-json\/wp\/v2\/categories?post=109768"},{"taxonomy":"post_tag","embeddable":true,"href":"https:\/\/now-news.de\/de\/wp-json\/wp\/v2\/tags?post=109768"}],"curies":[{"name":"wp","href":"https:\/\/api.w.org\/{rel}","templated":true}]}}