{"id":109759,"date":"2026-09-01T20:48:12","date_gmt":"2026-09-01T18:48:12","guid":{"rendered":"https:\/\/now-news.de\/de\/deutschland\/ob-dobrindt-und-wadephul-am-ende-lachen\/"},"modified":"2026-09-01T20:48:12","modified_gmt":"2026-09-01T18:48:12","slug":"ob-dobrindt-und-wadephul-am-ende-lachen","status":"publish","type":"post","link":"https:\/\/now-news.de\/de\/deutschland\/ob-dobrindt-und-wadephul-am-ende-lachen\/","title":{"rendered":"Ob Dobrindt und Wadephul am Ende lachen?"},"content":{"rendered":"<p><img decoding=\"async\" src=\"https:\/\/now-news.de\/de\/wp-content\/uploads\/sites\/3\/2026\/09\/6a97138748fbef72c9774118.jpg\" \/><\/p>\n<div class=\"Text-root Text-type_1 \">\n                Was noch \u00fcbrig ist an deutsch-russischen Beziehungen, das muss jetzt weggeholzt werden. Wegen dieser Drohne da. Aber wie \u00fcblich will man stark tun, ohne dar\u00fcber nachzudenken, welche Folgen das haben k\u00f6nnte. Inbesondere in der Schifffahrt.\n            <\/div>\n<p><\/p>\n<div class=\"Text-root Text-type_5 ArticleView-text ViewText-root \">\n<p><em>Von Dagmar Henn<\/em><\/p>\n<p>Wenn die heutige <a rel=\"nofollow\" target=\"_blank\" href=\"https:\/\/www.youtube.com\/watch?v=i3LuTzBbsqs&amp;t=16s\" target=\"_blank\" rel=\"noopener noreferrer\">Pressekonferenz<\/a> eines gezeigt hat, dann eine versch\u00e4rfte Bereitschaft zur Eskalation seitens der Bundesregierung. Die Aussagen, warum die Drohne in Leipzig russisch sein solle, machte vor allem Innenminister Alexander Dobrindt. Und die entscheidende Passage ist folgende:<\/p>\n<p><em>&#8220;Es wurden Tatmittel wie die Drohnenkonfiguration, diverse Bauteile, Sprengstoff und Z\u00fcndtechnik verwendet, die aus anderen hybriden Operationen Russlands und dessen Krieg gegen die Ukraine uns bekannt ist.&#8221; (sic)<\/em><\/p>\n<p>Ist das eine Information? Tatsache ist, dass Drohnen vor allem aus chinesischer Produktion stammen. Das gilt in der Ukraine f\u00fcr beide Seiten, nur dass China den Zugriff f\u00fcr die Ukraine inzwischen erschwert hat. Elektronische Bauteile sind ebenso Massenware, die weltweit mehr oder weniger von denselben Produzenten bezogen wird. Das mag bei komplexeren Chips, die etwa in Radaranlagen oder bei der Raketensteuerung zum Einsatz kommen, anders sein, aber bei ordin\u00e4ren, vergleichsweise billigen Standarddrohnen w\u00e4re das sehr ungew\u00f6hnlich.<\/p>\n<p>Am Anfang des ukrainischen B\u00fcrgerkriegs gab es ein Video aus dem Donbass, in dem der Einsatz von Drohnen zum Abwurf von Granaten beschrieben wurde. Zu diesem Zweck wurde unter die Drohne ein Glas geh\u00e4ngt, das die Granate aufnahm. Dabei wurde betont, ein spezifisches Ikea-Glas sei besonders daf\u00fcr geeignet. Besagt das irgendetwas \u00fcber Ikea-Gl\u00e4ser?<\/p>\n<p>Technisch d\u00fcrfte diese Drohne nicht sehr kompliziert gewesen sein. Der Sprengstoff stammt wohl aus tschechischer Produktion. Besagt das heute noch irgendetwas \u00fcber den Nutzer? Wie viele unterschiedliche Techniken, einen Klumpen Sprengstoff zu z\u00fcnden, der an einer Drohne h\u00e4ngt, soll es denn geben, und worin sollen sich diese kulturell zuordnen lassen? Durch kleine Zeichentrickfiguren, die sich dann auf orthodoxe Weise bekreuzigen? Milit\u00e4rtechnik folgt in der Regel dem N\u00fctzlichen, also objektiven Kriterien. Da gibt es keine grundlegenden kulturellen Unterschiede. Und im Gegensatz zur Artillerie gibt es bei Drohnen keine Kaliber, die sich unterscheiden k\u00f6nnten.<\/p>\n<p>Interessant ist nat\u00fcrlich, dass nach Dobrindts Aussage die Technik des Drohnenbaus professionell war, die &#8220;Ausf\u00fchrung des versuchten Anschlags&#8221; aber &#8220;dem Bereich von Low-Level-Agenten zuzuordnen&#8221; sei. Das ist \u00fcbersetzt die Behauptung, die Drohne sei samt Sprengladung gar nicht \u00f6rtlich von denen gefertigt worden, die sie dann eingesetzt haben. Eine etwas erstaunliche Behauptung, wenn man bedenkt, dass jede zus\u00e4tzliche Instanz ein zus\u00e4tzliches Risiko bedeutet.<\/p>\n<p>Mehr Argumente daf\u00fcr, dass das ein &#8220;hybrider Angriff&#8221; Russlands gewesen sei, liefert Dobrindt nicht. Beweise f\u00fcr einen &#8220;Auftrag russischer staatlicher Stellen&#8221;? Das w\u00e4re so 20. Jahrhundert \u2026 Also beinahe vier Wochen nach dem angeblich so bedrohlichen Vorfall besteht die Argumentation immer noch aus \u2013 nichts.<\/p>\n<p>Es sind die Ank\u00fcndigungen von Au\u00dfenminister Wadephul, die dann wirklich kritisch werden. Mal ganz abgesehen von dem unertr\u00e4glichen &#8220;die Bundesregierung setzt die Unterst\u00fctzung der Ukraine und die St\u00e4rkung der deutschen Verteidigungsbereitschaft entschlossen fort&#8221; und der haltlosen Behauptung &#8220;dieser Zustand unserer Beziehungen liegt nicht im Interesse der Bundesregierung&#8221; und es sei vielmehr Russland, das &#8220;unserem Land mit offener Feindseligkeit entgegen&#8221; trete \u2013 die angek\u00fcndigten Ma\u00dfnahmen sind, selbst wenn ein guter Teil davon \u2013 die Liste der Personen, die durch EU-Sanktionen getroffen werden sollen \u2013 noch nicht ver\u00f6ffentlicht ist, so intelligent, wie man es von der deutschen Politik gewohnt ist.<\/p>\n<p>Das Russische Haus in Berlin schlie\u00dfen? Herr Wadephul hat den Mitarbeitern der Goethe-Institute in Russland wohl schon mitgeteilt, dass sie ihre Koffer zu packen haben. Oder glaubt er ernsthaft, dass diese als Kulturinstitute getarnten Spionagezentralen dann weiter betrieben werden k\u00f6nnen? Immerhin m\u00fcssen sich fest angestellte Mitarbeiter dort verpflichten, mit dem BND zusammenzuarbeiten. Da macht sich so etwas schon bemerkbar. Das d\u00fcrfte \u00fcbrigens auch der einzige Grund gewesen sein, warum man sich bisher in Bezug auf das Russische Haus zur\u00fcckgehalten hat. Aber vielleicht will man das ja durch die vielen Schn\u00fcffelrechte kompensieren, die der BND nach Ansicht der Bundesregierung zus\u00e4tzlich erhalten soll.<\/p>\n<p>Richtig klug ist aber die Ank\u00fcndigung, den &#8220;Druck auf die russische Schattenflotte&#8221; zu erh\u00f6hen. Es ist noch nicht lange her, dass der russische Pr\u00e4sident Wladimir Putin bei einem Besuch der Pazifikflotte erkl\u00e4rte, der Befehl f\u00fcr entsprechende Reaktionen auf die \u00dcbergriffe gegen Schiffe, die russische Waren transportieren, sei erteilt worden. Wadephul mag es nicht wissen, aber wir reden hier von der internationalen Handelsflotte, in der es durchaus eine Reihe Schiffe mit deutschen Eignern gibt \u2013 die ebenso unter allen m\u00f6glichen Flaggen fahren wie die Schiffe, die russisches \u00d6l transportieren. Das \u00fcbrigens, so ist das Verfahren, ab dem Augenblick, an dem die Betankung abgeschlossen ist, bereits dem K\u00e4ufer geh\u00f6rt \u2026<\/p>\n<p>Die deutsche Handelsflotte besteht prim\u00e4r aus Containerfrachtern der gr\u00f6\u00dften Kategorie; hier besitzen deutsche Eigner bis zu 50 Prozent der gesamten Flotte. Diese gro\u00dfen Frachter sind vor allem auf der Route China-Europa unterwegs. Also im Pazifik, sch\u00f6n weit weg von der Bundesmarine. Dass Putin seine Ank\u00fcndigung russischer Gegenma\u00dfnahmen bei der Pazifik- und nicht der Nordmeerflotte getroffen hat, hat seinen Grund genau darin: Die Containerroute aus China ist wirtschaftlich der wundeste Punkt. Gerade f\u00fcr Deutschland. Denn auch gro\u00dfe Containerschiffe kann man entern und unter dem Vorwand, ihre Flaggen \u00fcberpr\u00fcfen zu wollen, in den n\u00e4chsten eigenen Hafen entf\u00fchren und am Ende wom\u00f6glich ihre Fracht beschlagnahmen.<\/p>\n<p>Nat\u00fcrlich hat man in Deutschland nicht zugeh\u00f6rt, als diese Aussage von Putin kam, und schon gar nicht aufgepasst, als es hie\u00df, der Befehl sei bereits erteilt. Die Liste der m\u00f6glichen Betroffenen ist \u00fcbrigens recht kurz. D\u00e4nemark ist haupts\u00e4chlich durch die Reederei Maersk bekannt. Auch Frankreich besitzt eine gro\u00dfe Containerreederei. Die deutsche Hapag-Lloyd liegt weltweit noch auf Platz 5. Wenn es um das Eigentum an den Schiffen geht, sieht die Liste anders aus. Hier f\u00fchrt Griechenland, vorrangig bei Tankern und Sch\u00fcttgutfrachtern \u2013 wobei griechische Eigent\u00fcmer auch oft von den Ma\u00dfnahmen gegen die &#8220;Schattenflotte&#8221; getroffen w\u00fcrden: 15,8 Prozent der weltweiten Handelsflotte sind in griechischem Besitz. Der zweitgr\u00f6\u00dfte Eigent\u00fcmer in der EU ist dann Deutschland, vorwiegend im Segment der riesengro\u00dfen Containerfrachter. Danach erst kommt D\u00e4nemark. Dabei muss die Reederei, die ein Schiff vermietet, nicht in dem Land liegen, aus dem die Eigent\u00fcmer stammen (viele Schiffe geh\u00f6ren Fonds, keinen Einzelpersonen oder Familien; Ausnahme ist hier Griechenland).<\/p>\n<p>W\u00e4hrend Wadephul in seinem heutigen Auftritt also meinte, mit seiner Ank\u00fcndigung, gegen die &#8220;Schattenflotte&#8221; vorzugehen, in Russland Schrecken auszul\u00f6sen, hat er in Wahrheit den deutschen Schiffseignern die Pistole an den Kopf gesetzt, die sich jetzt fragen m\u00fcssen, ob die Containerfrachter aus dem Pazifik zur\u00fcckkehren oder nicht. Dabei d\u00fcrften sie sich sogar dar\u00fcber Gedanken machen, welche Fracht f\u00fcr eine solche Antwort wohl gew\u00e4hlt w\u00fcrde \u2013 denn es ist kaum anzunehmen, dass dieser Befehl an die Pazifikflotte erging, ohne das zuvor mit China koordiniert zu haben.<\/p>\n<p>Nun, Unfug ist man von deutschen Regierungen mittlerweile gewohnt. Daran w\u00fcrde auch ein kleiner Hinweis, wie st\u00f6rungsanf\u00e4llig die Lieferketten der deutschen Industrie gerade entlang dieser Strecke sind, nichts \u00e4ndern. Wer sich die Energiebasis zerschie\u00dft, l\u00e4sst sich von Lieferketten nicht aufhalten.<\/p>\n<p>Dobrindt und Wadephul hatten ihren Auftritt, und die Leitmedien werden ihr Bestes geben, beide als \u00fcberzeugend und vern\u00fcnftig darzustellen. Aber bisher war es immer so, dass am Ende nicht Berlin gelacht hat.<\/p>\n<p><strong>Mehr zum Thema<\/strong> \u2014\u00a0<a rel=\"nofollow\" target=\"_blank\" href=\"https:\/\/de-rtnews.com\/international\/288626-es-reicht-putin-beauftragt-die-marine-die-europaeer-fuer-ihre-piraterie-zu-bestrafen\/\">&#8220;Es reicht&#8221; \u2013 Putin beauftragt die Marine, die Europ\u00e4er f\u00fcr ihre Piraterie zu bestrafen <\/a><\/p>\n<div class=\"EmbedBlock-root EmbedBlock-externalVideo EmbedBlock-rumble\">\n<div class=\"VkEmbed\"><iframe class=\"lazyload\" data-src=\"https:\/\/rumble.com\/embed\/v7bvwh2\" frameborder=\"0\" width=\"853\" height=\"480\" allowfullscreen><\/iframe><\/div>\n<\/div>\n<\/div>\n<p><br \/>\n<br \/><a href=\"https:\/\/de.rt.com\/inland\/290376-ob-dobrindt-und-wadephul-am\/\">Source link <\/a><\/p>\n","protected":false},"excerpt":{"rendered":"<p>Was noch \u00fcbrig ist an deutsch-russischen Beziehungen, das muss jetzt weggeholzt werden. Wegen dieser Drohne da. Aber wie \u00fcblich will man stark tun, ohne dar\u00fcber nachzudenken, welche Folgen das haben k\u00f6nnte. Inbesondere in der Schifffahrt. Von Dagmar Henn Wenn die heutige Pressekonferenz eines gezeigt hat, dann eine versch\u00e4rfte Bereitschaft zur Eskalation seitens der Bundesregierung. Die [&hellip;]<\/p>\n","protected":false},"author":3,"featured_media":109760,"comment_status":"open","ping_status":"open","sticky":false,"template":"","format":"standard","meta":{"wp_automatic_camp":["217"],"ddc38e1045778cc0fc44948cc81d94a0":["Ob Dobrindt und Wadephul am Ende lachen?"],"original_link":["https:\/\/de.rt.com\/inland\/290376-ob-dobrindt-und-wadephul-am\/"],"_thumbnail_id":["109760"],"jnews_social_counter_last_update":["1788295963"],"_wptgpro_p2tg_sent2tg":["a:1:{i:23737;s:19:\"2026-09-01 20:53:30\";}"]},"categories":[19,23],"tags":[32515,5375,15569,140,64588],"class_list":["post-109759","post","type-post","status-publish","format-standard","has-post-thumbnail","hentry","category-deutschland","category-russland","tag-dobrindt","tag-ende","tag-lachen","tag-und","tag-wadephul"],"yoast_head":"<!-- This site is optimized with the Yoast SEO Premium plugin v22.7 (Yoast SEO v28.2) - https:\/\/yoast.com\/product\/yoast-seo-premium-wordpress\/ -->\n<title>Ob Dobrindt und Wadephul am Ende lachen? - just-now.NEWS Deutschland<\/title>\n<meta name=\"robots\" content=\"index, follow, max-snippet:-1, max-image-preview:large, max-video-preview:-1\" \/>\n<link rel=\"canonical\" href=\"https:\/\/now-news.de\/de\/deutschland\/ob-dobrindt-und-wadephul-am-ende-lachen\/\" \/>\n<meta property=\"og:locale\" content=\"de_DE\" \/>\n<meta property=\"og:type\" content=\"article\" \/>\n<meta property=\"og:title\" content=\"Ob Dobrindt und Wadephul am Ende lachen?\" \/>\n<meta property=\"og:description\" content=\"Was noch \u00fcbrig ist an deutsch-russischen Beziehungen, das muss jetzt weggeholzt werden. Wegen dieser Drohne da. Aber wie \u00fcblich will man stark tun, ohne dar\u00fcber nachzudenken, welche Folgen das haben k\u00f6nnte. Inbesondere in der Schifffahrt. Von Dagmar Henn Wenn die heutige Pressekonferenz eines gezeigt hat, dann eine versch\u00e4rfte Bereitschaft zur Eskalation seitens der Bundesregierung. Die [&hellip;]\" \/>\n<meta property=\"og:url\" content=\"https:\/\/now-news.de\/de\/deutschland\/ob-dobrindt-und-wadephul-am-ende-lachen\/\" \/>\n<meta property=\"og:site_name\" content=\"just-now.NEWS Deutschland\" \/>\n<meta property=\"article:publisher\" content=\"https:\/\/www.facebook.com\/wirmachenauf\" \/>\n<meta property=\"article:published_time\" content=\"2026-09-01T18:48:12+00:00\" \/>\n<meta property=\"og:image\" content=\"https:\/\/now-news.de\/de\/wp-content\/uploads\/sites\/3\/2026\/09\/6a97138748fbef72c9774118.jpg\" \/>\n<meta name=\"author\" content=\"rtnews\" \/>\n<meta name=\"twitter:card\" content=\"summary_large_image\" \/>\n<meta name=\"twitter:creator\" content=\"@WirMachenAuf_de\" \/>\n<meta name=\"twitter:site\" content=\"@WirMachenAuf_de\" \/>\n<meta name=\"twitter:label1\" content=\"Verfasst von\" \/>\n\t<meta name=\"twitter:data1\" content=\"rtnews\" \/>\n\t<meta name=\"twitter:label2\" content=\"Gesch\u00e4tzte Lesezeit\" \/>\n\t<meta name=\"twitter:data2\" content=\"6\u00a0Minuten\" \/>\n<script type=\"application\/ld+json\" class=\"yoast-schema-graph\">{\"@context\":\"https:\\\/\\\/schema.org\",\"@graph\":[{\"@type\":\"Article\",\"@id\":\"https:\\\/\\\/now-news.de\\\/de\\\/deutschland\\\/ob-dobrindt-und-wadephul-am-ende-lachen\\\/#article\",\"isPartOf\":{\"@id\":\"https:\\\/\\\/now-news.de\\\/de\\\/deutschland\\\/ob-dobrindt-und-wadephul-am-ende-lachen\\\/\"},\"author\":{\"name\":\"rtnews\",\"@id\":\"https:\\\/\\\/now-news.de\\\/de\\\/#\\\/schema\\\/person\\\/fb534a4e865501d8b3285208df34a9b5\"},\"headline\":\"Ob Dobrindt und Wadephul am Ende lachen?\",\"datePublished\":\"2026-09-01T18:48:12+00:00\",\"mainEntityOfPage\":{\"@id\":\"https:\\\/\\\/now-news.de\\\/de\\\/deutschland\\\/ob-dobrindt-und-wadephul-am-ende-lachen\\\/\"},\"wordCount\":1258,\"commentCount\":0,\"publisher\":{\"@id\":\"https:\\\/\\\/now-news.de\\\/de\\\/#organization\"},\"image\":{\"@id\":\"https:\\\/\\\/now-news.de\\\/de\\\/deutschland\\\/ob-dobrindt-und-wadephul-am-ende-lachen\\\/#primaryimage\"},\"thumbnailUrl\":\"https:\\\/\\\/now-news.de\\\/de\\\/wp-content\\\/uploads\\\/sites\\\/3\\\/2026\\\/09\\\/Ob-Dobrindt-und-Wadephul-am-Ende-lachen.jpg\",\"keywords\":[\"Dobrindt\",\"Ende\",\"lachen\",\"und\",\"Wadephul\"],\"articleSection\":[\"Deutschland\",\"Russland\"],\"inLanguage\":\"de\",\"potentialAction\":[{\"@type\":\"CommentAction\",\"name\":\"Comment\",\"target\":[\"https:\\\/\\\/now-news.de\\\/de\\\/deutschland\\\/ob-dobrindt-und-wadephul-am-ende-lachen\\\/#respond\"]}]},{\"@type\":\"WebPage\",\"@id\":\"https:\\\/\\\/now-news.de\\\/de\\\/deutschland\\\/ob-dobrindt-und-wadephul-am-ende-lachen\\\/\",\"url\":\"https:\\\/\\\/now-news.de\\\/de\\\/deutschland\\\/ob-dobrindt-und-wadephul-am-ende-lachen\\\/\",\"name\":\"Ob Dobrindt und Wadephul am Ende lachen? - just-now.NEWS Deutschland\",\"isPartOf\":{\"@id\":\"https:\\\/\\\/now-news.de\\\/de\\\/#website\"},\"primaryImageOfPage\":{\"@id\":\"https:\\\/\\\/now-news.de\\\/de\\\/deutschland\\\/ob-dobrindt-und-wadephul-am-ende-lachen\\\/#primaryimage\"},\"image\":{\"@id\":\"https:\\\/\\\/now-news.de\\\/de\\\/deutschland\\\/ob-dobrindt-und-wadephul-am-ende-lachen\\\/#primaryimage\"},\"thumbnailUrl\":\"https:\\\/\\\/now-news.de\\\/de\\\/wp-content\\\/uploads\\\/sites\\\/3\\\/2026\\\/09\\\/Ob-Dobrindt-und-Wadephul-am-Ende-lachen.jpg\",\"datePublished\":\"2026-09-01T18:48:12+00:00\",\"breadcrumb\":{\"@id\":\"https:\\\/\\\/now-news.de\\\/de\\\/deutschland\\\/ob-dobrindt-und-wadephul-am-ende-lachen\\\/#breadcrumb\"},\"inLanguage\":\"de\",\"potentialAction\":[{\"@type\":\"ReadAction\",\"target\":[\"https:\\\/\\\/now-news.de\\\/de\\\/deutschland\\\/ob-dobrindt-und-wadephul-am-ende-lachen\\\/\"]}]},{\"@type\":\"ImageObject\",\"inLanguage\":\"de\",\"@id\":\"https:\\\/\\\/now-news.de\\\/de\\\/deutschland\\\/ob-dobrindt-und-wadephul-am-ende-lachen\\\/#primaryimage\",\"url\":\"https:\\\/\\\/now-news.de\\\/de\\\/wp-content\\\/uploads\\\/sites\\\/3\\\/2026\\\/09\\\/Ob-Dobrindt-und-Wadephul-am-Ende-lachen.jpg\",\"contentUrl\":\"https:\\\/\\\/now-news.de\\\/de\\\/wp-content\\\/uploads\\\/sites\\\/3\\\/2026\\\/09\\\/Ob-Dobrindt-und-Wadephul-am-Ende-lachen.jpg\",\"width\":460,\"height\":259,\"caption\":\"Ob Dobrindt und Wadephul am Ende lachen?\"},{\"@type\":\"BreadcrumbList\",\"@id\":\"https:\\\/\\\/now-news.de\\\/de\\\/deutschland\\\/ob-dobrindt-und-wadephul-am-ende-lachen\\\/#breadcrumb\",\"itemListElement\":[{\"@type\":\"ListItem\",\"position\":1,\"name\":\"Home\",\"item\":\"https:\\\/\\\/now-news.de\\\/de\\\/\"},{\"@type\":\"ListItem\",\"position\":2,\"name\":\"Ob Dobrindt und Wadephul am Ende lachen?\"}]},{\"@type\":\"WebSite\",\"@id\":\"https:\\\/\\\/now-news.de\\\/de\\\/#website\",\"url\":\"https:\\\/\\\/now-news.de\\\/de\\\/\",\"name\":\"just-now.NEWS Deutschland\",\"description\":\"Das Portal f\u00fcr unzensierte Nachrichten aus der Welt\",\"publisher\":{\"@id\":\"https:\\\/\\\/now-news.de\\\/de\\\/#organization\"},\"potentialAction\":[{\"@type\":\"SearchAction\",\"target\":{\"@type\":\"EntryPoint\",\"urlTemplate\":\"https:\\\/\\\/now-news.de\\\/de\\\/?s={search_term_string}\"},\"query-input\":{\"@type\":\"PropertyValueSpecification\",\"valueRequired\":true,\"valueName\":\"search_term_string\"}}],\"inLanguage\":\"de\"},{\"@type\":\"Organization\",\"@id\":\"https:\\\/\\\/now-news.de\\\/de\\\/#organization\",\"name\":\"Just Now News\",\"url\":\"https:\\\/\\\/now-news.de\\\/de\\\/\",\"logo\":{\"@type\":\"ImageObject\",\"inLanguage\":\"de\",\"@id\":\"https:\\\/\\\/now-news.de\\\/de\\\/#\\\/schema\\\/logo\\\/image\\\/\",\"url\":\"http:\\\/\\\/just-now.news\\\/de\\\/wp-content\\\/uploads\\\/sites\\\/3\\\/2022\\\/04\\\/logo500x500.jpg\",\"contentUrl\":\"http:\\\/\\\/just-now.news\\\/de\\\/wp-content\\\/uploads\\\/sites\\\/3\\\/2022\\\/04\\\/logo500x500.jpg\",\"width\":500,\"height\":500,\"caption\":\"Just Now News\"},\"image\":{\"@id\":\"https:\\\/\\\/now-news.de\\\/de\\\/#\\\/schema\\\/logo\\\/image\\\/\"},\"sameAs\":[\"https:\\\/\\\/www.facebook.com\\\/wirmachenauf\",\"https:\\\/\\\/x.com\\\/WirMachenAuf_de\"]},{\"@type\":\"Person\",\"@id\":\"https:\\\/\\\/now-news.de\\\/de\\\/#\\\/schema\\\/person\\\/fb534a4e865501d8b3285208df34a9b5\",\"name\":\"rtnews\",\"image\":{\"@type\":\"ImageObject\",\"inLanguage\":\"de\",\"@id\":\"https:\\\/\\\/secure.gravatar.com\\\/avatar\\\/358fe31b3ab5769fea05376e1953329834cd9912cf9daf607e2af3076a1b982b?s=96&d=mm&r=g\",\"url\":\"https:\\\/\\\/secure.gravatar.com\\\/avatar\\\/358fe31b3ab5769fea05376e1953329834cd9912cf9daf607e2af3076a1b982b?s=96&d=mm&r=g\",\"contentUrl\":\"https:\\\/\\\/secure.gravatar.com\\\/avatar\\\/358fe31b3ab5769fea05376e1953329834cd9912cf9daf607e2af3076a1b982b?s=96&d=mm&r=g\",\"caption\":\"rtnews\"},\"url\":\"https:\\\/\\\/now-news.de\\\/de\\\/author\\\/rnews\\\/\"}]}<\/script>\n<!-- \/ Yoast SEO Premium plugin. -->","yoast_head_json":{"title":"Ob Dobrindt und Wadephul am Ende lachen? - just-now.NEWS Deutschland","robots":{"index":"index","follow":"follow","max-snippet":"max-snippet:-1","max-image-preview":"max-image-preview:large","max-video-preview":"max-video-preview:-1"},"canonical":"https:\/\/now-news.de\/de\/deutschland\/ob-dobrindt-und-wadephul-am-ende-lachen\/","og_locale":"de_DE","og_type":"article","og_title":"Ob Dobrindt und Wadephul am Ende lachen?","og_description":"Was noch \u00fcbrig ist an deutsch-russischen Beziehungen, das muss jetzt weggeholzt werden. Wegen dieser Drohne da. Aber wie \u00fcblich will man stark tun, ohne dar\u00fcber nachzudenken, welche Folgen das haben k\u00f6nnte. Inbesondere in der Schifffahrt. Von Dagmar Henn Wenn die heutige Pressekonferenz eines gezeigt hat, dann eine versch\u00e4rfte Bereitschaft zur Eskalation seitens der Bundesregierung. Die [&hellip;]","og_url":"https:\/\/now-news.de\/de\/deutschland\/ob-dobrindt-und-wadephul-am-ende-lachen\/","og_site_name":"just-now.NEWS Deutschland","article_publisher":"https:\/\/www.facebook.com\/wirmachenauf","article_published_time":"2026-09-01T18:48:12+00:00","og_image":[{"url":"https:\/\/now-news.de\/de\/wp-content\/uploads\/sites\/3\/2026\/09\/6a97138748fbef72c9774118.jpg","type":"","width":"","height":""}],"author":"rtnews","twitter_card":"summary_large_image","twitter_creator":"@WirMachenAuf_de","twitter_site":"@WirMachenAuf_de","twitter_misc":{"Verfasst von":"rtnews","Gesch\u00e4tzte Lesezeit":"6\u00a0Minuten"},"schema":{"@context":"https:\/\/schema.org","@graph":[{"@type":"Article","@id":"https:\/\/now-news.de\/de\/deutschland\/ob-dobrindt-und-wadephul-am-ende-lachen\/#article","isPartOf":{"@id":"https:\/\/now-news.de\/de\/deutschland\/ob-dobrindt-und-wadephul-am-ende-lachen\/"},"author":{"name":"rtnews","@id":"https:\/\/now-news.de\/de\/#\/schema\/person\/fb534a4e865501d8b3285208df34a9b5"},"headline":"Ob Dobrindt und Wadephul am Ende lachen?","datePublished":"2026-09-01T18:48:12+00:00","mainEntityOfPage":{"@id":"https:\/\/now-news.de\/de\/deutschland\/ob-dobrindt-und-wadephul-am-ende-lachen\/"},"wordCount":1258,"commentCount":0,"publisher":{"@id":"https:\/\/now-news.de\/de\/#organization"},"image":{"@id":"https:\/\/now-news.de\/de\/deutschland\/ob-dobrindt-und-wadephul-am-ende-lachen\/#primaryimage"},"thumbnailUrl":"https:\/\/now-news.de\/de\/wp-content\/uploads\/sites\/3\/2026\/09\/Ob-Dobrindt-und-Wadephul-am-Ende-lachen.jpg","keywords":["Dobrindt","Ende","lachen","und","Wadephul"],"articleSection":["Deutschland","Russland"],"inLanguage":"de","potentialAction":[{"@type":"CommentAction","name":"Comment","target":["https:\/\/now-news.de\/de\/deutschland\/ob-dobrindt-und-wadephul-am-ende-lachen\/#respond"]}]},{"@type":"WebPage","@id":"https:\/\/now-news.de\/de\/deutschland\/ob-dobrindt-und-wadephul-am-ende-lachen\/","url":"https:\/\/now-news.de\/de\/deutschland\/ob-dobrindt-und-wadephul-am-ende-lachen\/","name":"Ob Dobrindt und Wadephul am Ende lachen? - just-now.NEWS Deutschland","isPartOf":{"@id":"https:\/\/now-news.de\/de\/#website"},"primaryImageOfPage":{"@id":"https:\/\/now-news.de\/de\/deutschland\/ob-dobrindt-und-wadephul-am-ende-lachen\/#primaryimage"},"image":{"@id":"https:\/\/now-news.de\/de\/deutschland\/ob-dobrindt-und-wadephul-am-ende-lachen\/#primaryimage"},"thumbnailUrl":"https:\/\/now-news.de\/de\/wp-content\/uploads\/sites\/3\/2026\/09\/Ob-Dobrindt-und-Wadephul-am-Ende-lachen.jpg","datePublished":"2026-09-01T18:48:12+00:00","breadcrumb":{"@id":"https:\/\/now-news.de\/de\/deutschland\/ob-dobrindt-und-wadephul-am-ende-lachen\/#breadcrumb"},"inLanguage":"de","potentialAction":[{"@type":"ReadAction","target":["https:\/\/now-news.de\/de\/deutschland\/ob-dobrindt-und-wadephul-am-ende-lachen\/"]}]},{"@type":"ImageObject","inLanguage":"de","@id":"https:\/\/now-news.de\/de\/deutschland\/ob-dobrindt-und-wadephul-am-ende-lachen\/#primaryimage","url":"https:\/\/now-news.de\/de\/wp-content\/uploads\/sites\/3\/2026\/09\/Ob-Dobrindt-und-Wadephul-am-Ende-lachen.jpg","contentUrl":"https:\/\/now-news.de\/de\/wp-content\/uploads\/sites\/3\/2026\/09\/Ob-Dobrindt-und-Wadephul-am-Ende-lachen.jpg","width":460,"height":259,"caption":"Ob Dobrindt und Wadephul am Ende lachen?"},{"@type":"BreadcrumbList","@id":"https:\/\/now-news.de\/de\/deutschland\/ob-dobrindt-und-wadephul-am-ende-lachen\/#breadcrumb","itemListElement":[{"@type":"ListItem","position":1,"name":"Home","item":"https:\/\/now-news.de\/de\/"},{"@type":"ListItem","position":2,"name":"Ob Dobrindt und Wadephul am Ende lachen?"}]},{"@type":"WebSite","@id":"https:\/\/now-news.de\/de\/#website","url":"https:\/\/now-news.de\/de\/","name":"just-now.NEWS Deutschland","description":"Das Portal f\u00fcr unzensierte Nachrichten aus der Welt","publisher":{"@id":"https:\/\/now-news.de\/de\/#organization"},"potentialAction":[{"@type":"SearchAction","target":{"@type":"EntryPoint","urlTemplate":"https:\/\/now-news.de\/de\/?s={search_term_string}"},"query-input":{"@type":"PropertyValueSpecification","valueRequired":true,"valueName":"search_term_string"}}],"inLanguage":"de"},{"@type":"Organization","@id":"https:\/\/now-news.de\/de\/#organization","name":"Just Now News","url":"https:\/\/now-news.de\/de\/","logo":{"@type":"ImageObject","inLanguage":"de","@id":"https:\/\/now-news.de\/de\/#\/schema\/logo\/image\/","url":"http:\/\/just-now.news\/de\/wp-content\/uploads\/sites\/3\/2022\/04\/logo500x500.jpg","contentUrl":"http:\/\/just-now.news\/de\/wp-content\/uploads\/sites\/3\/2022\/04\/logo500x500.jpg","width":500,"height":500,"caption":"Just Now News"},"image":{"@id":"https:\/\/now-news.de\/de\/#\/schema\/logo\/image\/"},"sameAs":["https:\/\/www.facebook.com\/wirmachenauf","https:\/\/x.com\/WirMachenAuf_de"]},{"@type":"Person","@id":"https:\/\/now-news.de\/de\/#\/schema\/person\/fb534a4e865501d8b3285208df34a9b5","name":"rtnews","image":{"@type":"ImageObject","inLanguage":"de","@id":"https:\/\/secure.gravatar.com\/avatar\/358fe31b3ab5769fea05376e1953329834cd9912cf9daf607e2af3076a1b982b?s=96&d=mm&r=g","url":"https:\/\/secure.gravatar.com\/avatar\/358fe31b3ab5769fea05376e1953329834cd9912cf9daf607e2af3076a1b982b?s=96&d=mm&r=g","contentUrl":"https:\/\/secure.gravatar.com\/avatar\/358fe31b3ab5769fea05376e1953329834cd9912cf9daf607e2af3076a1b982b?s=96&d=mm&r=g","caption":"rtnews"},"url":"https:\/\/now-news.de\/de\/author\/rnews\/"}]}},"_links":{"self":[{"href":"https:\/\/now-news.de\/de\/wp-json\/wp\/v2\/posts\/109759","targetHints":{"allow":["GET"]}}],"collection":[{"href":"https:\/\/now-news.de\/de\/wp-json\/wp\/v2\/posts"}],"about":[{"href":"https:\/\/now-news.de\/de\/wp-json\/wp\/v2\/types\/post"}],"author":[{"embeddable":true,"href":"https:\/\/now-news.de\/de\/wp-json\/wp\/v2\/users\/3"}],"replies":[{"embeddable":true,"href":"https:\/\/now-news.de\/de\/wp-json\/wp\/v2\/comments?post=109759"}],"version-history":[{"count":0,"href":"https:\/\/now-news.de\/de\/wp-json\/wp\/v2\/posts\/109759\/revisions"}],"wp:featuredmedia":[{"embeddable":true,"href":"https:\/\/now-news.de\/de\/wp-json\/wp\/v2\/media\/109760"}],"wp:attachment":[{"href":"https:\/\/now-news.de\/de\/wp-json\/wp\/v2\/media?parent=109759"}],"wp:term":[{"taxonomy":"category","embeddable":true,"href":"https:\/\/now-news.de\/de\/wp-json\/wp\/v2\/categories?post=109759"},{"taxonomy":"post_tag","embeddable":true,"href":"https:\/\/now-news.de\/de\/wp-json\/wp\/v2\/tags?post=109759"}],"curies":[{"name":"wp","href":"https:\/\/api.w.org\/{rel}","templated":true}]}}