{"id":109757,"date":"2026-09-01T20:22:37","date_gmt":"2026-09-01T18:22:37","guid":{"rendered":"https:\/\/now-news.de\/de\/deutschland\/europas-schwimmverband-sportler-aus-russland-und-weissrussland-starten-unter-nationaler-flagge\/"},"modified":"2026-09-01T20:22:37","modified_gmt":"2026-09-01T18:22:37","slug":"europas-schwimmverband-sportler-aus-russland-und-weissrussland-starten-unter-nationaler-flagge","status":"publish","type":"post","link":"https:\/\/now-news.de\/de\/deutschland\/europas-schwimmverband-sportler-aus-russland-und-weissrussland-starten-unter-nationaler-flagge\/","title":{"rendered":"Europas Schwimmverband: Sportler aus Russland und Wei\u00dfrussland starten unter nationaler Flagge"},"content":{"rendered":"<p><img decoding=\"async\" src=\"https:\/\/now-news.de\/de\/wp-content\/uploads\/sites\/3\/2026\/09\/6a970d91b480cc16d63b96bb.jpg\" \/><\/p>\n<div class=\"Text-root Text-type_1 \">\n                Laut einer Entscheidung des europ\u00e4ischen Schwimmverbands d\u00fcrfen Sportler aus Russland und Wei\u00dfrussland wieder unter nationalen Symbolen an den Wettk\u00e4mpfen teilnehmen. Die Ma\u00dfnahme tritt am 1. September in Kraft.\n            <\/div>\n<p><\/p>\n<div class=\"Text-root Text-type_5 ArticleView-text ViewText-root \">\n<p>Der europ\u00e4ische Schwimmverband European Aquatics beendet den Sonderstatus f\u00fcr Sportler aus Russland und Wei\u00dfrussland. Wie der Verband auf seiner Webseite mitteilt, d\u00fcrfen sich erwachsene Athleten aus beiden L\u00e4ndern ab dem 1. September bei europ\u00e4ischen Wettbewerben wieder in nationalen Trikots, unter eigener Flagge und mit ihrer Hymne beteiligen.<\/p>\n<p>Zun\u00e4chst war dieser Schritt hinausgez\u00f6gert worden. Nach einer Sitzung des Verbandsvorstands Ende April bat der Kontinentalverband darum, eine am 13. April vom Weltverband beschlossene \u00d6ffnung erst zum 1. September auf europ\u00e4ische Wettk\u00e4mpfe anzuwenden. Bislang durften zugelassene Sportler aus Russland und Wei\u00dfrussland nur als neutrale Einzelathleten starten, das hei\u00dft ohne Landessymbole.<\/p>\n<p>Voraussetzung f\u00fcr die Teilnahme unter nationalen Symbolen bleiben laut World Aquatics vier aufeinanderfolgende Dopingkontrollen in Zusammenarbeit mit der internationalen Testagentur ITA sowie eine \u00dcberpr\u00fcfung des pers\u00f6nlichen Hintergrunds.<\/p>\n<p>Anfang Juli hatte das Internationale Olympische Komitee einen Teil seiner Beschr\u00e4nkungen gegen russische Sportler aufgehoben. Dabei wurde auch die Qualifikation in Mannschaftssportarten f\u00fcr die Sommerspiele 2028 in Los Angeles erlaubt. Ob russische Sportler bei Olympia unter nationalen Symbolen antreten d\u00fcrfen, entschied das IOC noch nicht. Wei\u00dfrussische Athleten waren im Mai vollst\u00e4ndig zugelassen worden.<\/p>\n<p>Die Entscheidung st\u00f6\u00dft in Europa auf Widerstand. Die Verb\u00e4nde von Polen und Norwegen sollen zuletzt mit Boykotten oder der K\u00fcndigung bereits vergebener Wettk\u00e4mpfe gedroht haben. Mehrere Weltverb\u00e4nde halten weiterhin an einem harten Kurs fest. Der Leichtathletik-Weltverband World Athletics schlie\u00dft russische und wei\u00dfrussische Athleten nach Angaben von nach wie vor aus, ebenso wie die Fu\u00dfballverb\u00e4nde FIFA und UEFA.<\/p>\n<p><strong>Mehr zum Thema<\/strong> \u2013 <a rel=\"nofollow\" target=\"_blank\" href=\"https:\/\/de-rtnews.com\/international\/288351-geheimdienst-bruessel-will-russlands-rueckkehr\/\" target=\"_blank\" rel=\"noopener noreferrer\">SWR: EU will Russlands R\u00fcckkehr in den Weltsport unbedingt verhindern<\/a><\/p>\n<div class=\"EmbedBlock-root EmbedBlock-externalVideo EmbedBlock-rumble\">\n<div class=\"VkEmbed\"><iframe class=\"lazyload\" data-src=\"https:\/\/rumble.com\/embed\/v7bzzn8\" frameborder=\"0\" width=\"853\" height=\"480\" allowfullscreen><\/iframe><\/div>\n<\/div>\n<\/div>\n<p><br \/>\n<br \/><a href=\"https:\/\/de.rt.com\/europa\/290375-europaeischer-schwimmverband-laesst-sportler-aus\/\">Source link <\/a><\/p>\n","protected":false},"excerpt":{"rendered":"<p>Laut einer Entscheidung des europ\u00e4ischen Schwimmverbands d\u00fcrfen Sportler aus Russland und Wei\u00dfrussland wieder unter nationalen Symbolen an den Wettk\u00e4mpfen teilnehmen. Die Ma\u00dfnahme tritt am 1. September in Kraft. Der europ\u00e4ische Schwimmverband European Aquatics beendet den Sonderstatus f\u00fcr Sportler aus Russland und Wei\u00dfrussland. Wie der Verband auf seiner Webseite mitteilt, d\u00fcrfen sich erwachsene Athleten aus beiden [&hellip;]<\/p>\n","protected":false},"author":3,"featured_media":109758,"comment_status":"open","ping_status":"open","sticky":false,"template":"","format":"standard","meta":{"wp_automatic_camp":["217"],"33cee3b083ee8825a18c2a84c565342e":["Europas Schwimmverband: Sportler aus Russland und Wei\u00dfrussland starten unter nationaler Flagge"],"original_link":["https:\/\/de.rt.com\/europa\/290375-europaeischer-schwimmverband-laesst-sportler-aus\/"],"_thumbnail_id":["109758"],"jnews_social_counter_last_update":["1788295004"],"_wptgpro_p2tg_sent2tg":["a:1:{i:23737;s:19:\"2026-09-01 20:37:27\";}"]},"categories":[19,23],"tags":[679,1293,15922,21347,126,75958,5915,20845,140,908,18575],"class_list":["post-109757","post","type-post","status-publish","format-standard","has-post-thumbnail","hentry","category-deutschland","category-russland","tag-aus","tag-europas","tag-flagge","tag-nationaler","tag-russland","tag-schwimmverband","tag-sportler","tag-starten","tag-und","tag-unter","tag-weissrussland"],"yoast_head":"<!-- This site is optimized with the Yoast SEO Premium plugin v22.7 (Yoast SEO v28.2) - https:\/\/yoast.com\/product\/yoast-seo-premium-wordpress\/ -->\n<title>Europas Schwimmverband: Sportler aus Russland und Wei\u00dfrussland starten unter nationaler Flagge - just-now.NEWS Deutschland<\/title>\n<meta name=\"robots\" content=\"index, follow, max-snippet:-1, max-image-preview:large, max-video-preview:-1\" \/>\n<link rel=\"canonical\" href=\"https:\/\/now-news.de\/de\/deutschland\/europas-schwimmverband-sportler-aus-russland-und-weissrussland-starten-unter-nationaler-flagge\/\" \/>\n<meta property=\"og:locale\" content=\"de_DE\" \/>\n<meta property=\"og:type\" content=\"article\" \/>\n<meta property=\"og:title\" content=\"Europas Schwimmverband: Sportler aus Russland und Wei\u00dfrussland starten unter nationaler Flagge\" \/>\n<meta property=\"og:description\" content=\"Laut einer Entscheidung des europ\u00e4ischen Schwimmverbands d\u00fcrfen Sportler aus Russland und Wei\u00dfrussland wieder unter nationalen Symbolen an den Wettk\u00e4mpfen teilnehmen. Die Ma\u00dfnahme tritt am 1. September in Kraft. Der europ\u00e4ische Schwimmverband European Aquatics beendet den Sonderstatus f\u00fcr Sportler aus Russland und Wei\u00dfrussland. Wie der Verband auf seiner Webseite mitteilt, d\u00fcrfen sich erwachsene Athleten aus beiden [&hellip;]\" \/>\n<meta property=\"og:url\" content=\"https:\/\/now-news.de\/de\/deutschland\/europas-schwimmverband-sportler-aus-russland-und-weissrussland-starten-unter-nationaler-flagge\/\" \/>\n<meta property=\"og:site_name\" content=\"just-now.NEWS Deutschland\" \/>\n<meta property=\"article:publisher\" content=\"https:\/\/www.facebook.com\/wirmachenauf\" \/>\n<meta property=\"article:published_time\" content=\"2026-09-01T18:22:37+00:00\" \/>\n<meta property=\"og:image\" content=\"https:\/\/now-news.de\/de\/wp-content\/uploads\/sites\/3\/2026\/09\/6a970d91b480cc16d63b96bb.jpg\" \/>\n<meta name=\"author\" content=\"rtnews\" \/>\n<meta name=\"twitter:card\" content=\"summary_large_image\" \/>\n<meta name=\"twitter:creator\" content=\"@WirMachenAuf_de\" \/>\n<meta name=\"twitter:site\" content=\"@WirMachenAuf_de\" \/>\n<meta name=\"twitter:label1\" content=\"Verfasst von\" \/>\n\t<meta name=\"twitter:data1\" content=\"rtnews\" \/>\n\t<meta name=\"twitter:label2\" content=\"Gesch\u00e4tzte Lesezeit\" \/>\n\t<meta name=\"twitter:data2\" content=\"2\u00a0Minuten\" \/>\n<script type=\"application\/ld+json\" class=\"yoast-schema-graph\">{\"@context\":\"https:\\\/\\\/schema.org\",\"@graph\":[{\"@type\":\"Article\",\"@id\":\"https:\\\/\\\/now-news.de\\\/de\\\/deutschland\\\/europas-schwimmverband-sportler-aus-russland-und-weissrussland-starten-unter-nationaler-flagge\\\/#article\",\"isPartOf\":{\"@id\":\"https:\\\/\\\/now-news.de\\\/de\\\/deutschland\\\/europas-schwimmverband-sportler-aus-russland-und-weissrussland-starten-unter-nationaler-flagge\\\/\"},\"author\":{\"name\":\"rtnews\",\"@id\":\"https:\\\/\\\/now-news.de\\\/de\\\/#\\\/schema\\\/person\\\/fb534a4e865501d8b3285208df34a9b5\"},\"headline\":\"Europas Schwimmverband: Sportler aus Russland und Wei\u00dfrussland starten unter nationaler Flagge\",\"datePublished\":\"2026-09-01T18:22:37+00:00\",\"mainEntityOfPage\":{\"@id\":\"https:\\\/\\\/now-news.de\\\/de\\\/deutschland\\\/europas-schwimmverband-sportler-aus-russland-und-weissrussland-starten-unter-nationaler-flagge\\\/\"},\"wordCount\":320,\"commentCount\":0,\"publisher\":{\"@id\":\"https:\\\/\\\/now-news.de\\\/de\\\/#organization\"},\"image\":{\"@id\":\"https:\\\/\\\/now-news.de\\\/de\\\/deutschland\\\/europas-schwimmverband-sportler-aus-russland-und-weissrussland-starten-unter-nationaler-flagge\\\/#primaryimage\"},\"thumbnailUrl\":\"https:\\\/\\\/now-news.de\\\/de\\\/wp-content\\\/uploads\\\/sites\\\/3\\\/2026\\\/09\\\/Europas-Schwimmverband-Sportler-aus-Russland-und-Weissrussland-starten-unter-nationaler.jpg\",\"keywords\":[\"aus\",\"Europas\",\"Flagge\",\"nationaler\",\"russland\",\"Schwimmverband\",\"Sportler\",\"starten\",\"und\",\"unter\",\"Wei\u00dfrussland\"],\"articleSection\":[\"Deutschland\",\"Russland\"],\"inLanguage\":\"de\",\"potentialAction\":[{\"@type\":\"CommentAction\",\"name\":\"Comment\",\"target\":[\"https:\\\/\\\/now-news.de\\\/de\\\/deutschland\\\/europas-schwimmverband-sportler-aus-russland-und-weissrussland-starten-unter-nationaler-flagge\\\/#respond\"]}]},{\"@type\":\"WebPage\",\"@id\":\"https:\\\/\\\/now-news.de\\\/de\\\/deutschland\\\/europas-schwimmverband-sportler-aus-russland-und-weissrussland-starten-unter-nationaler-flagge\\\/\",\"url\":\"https:\\\/\\\/now-news.de\\\/de\\\/deutschland\\\/europas-schwimmverband-sportler-aus-russland-und-weissrussland-starten-unter-nationaler-flagge\\\/\",\"name\":\"Europas Schwimmverband: Sportler aus Russland und Wei\u00dfrussland starten unter nationaler Flagge - just-now.NEWS Deutschland\",\"isPartOf\":{\"@id\":\"https:\\\/\\\/now-news.de\\\/de\\\/#website\"},\"primaryImageOfPage\":{\"@id\":\"https:\\\/\\\/now-news.de\\\/de\\\/deutschland\\\/europas-schwimmverband-sportler-aus-russland-und-weissrussland-starten-unter-nationaler-flagge\\\/#primaryimage\"},\"image\":{\"@id\":\"https:\\\/\\\/now-news.de\\\/de\\\/deutschland\\\/europas-schwimmverband-sportler-aus-russland-und-weissrussland-starten-unter-nationaler-flagge\\\/#primaryimage\"},\"thumbnailUrl\":\"https:\\\/\\\/now-news.de\\\/de\\\/wp-content\\\/uploads\\\/sites\\\/3\\\/2026\\\/09\\\/Europas-Schwimmverband-Sportler-aus-Russland-und-Weissrussland-starten-unter-nationaler.jpg\",\"datePublished\":\"2026-09-01T18:22:37+00:00\",\"breadcrumb\":{\"@id\":\"https:\\\/\\\/now-news.de\\\/de\\\/deutschland\\\/europas-schwimmverband-sportler-aus-russland-und-weissrussland-starten-unter-nationaler-flagge\\\/#breadcrumb\"},\"inLanguage\":\"de\",\"potentialAction\":[{\"@type\":\"ReadAction\",\"target\":[\"https:\\\/\\\/now-news.de\\\/de\\\/deutschland\\\/europas-schwimmverband-sportler-aus-russland-und-weissrussland-starten-unter-nationaler-flagge\\\/\"]}]},{\"@type\":\"ImageObject\",\"inLanguage\":\"de\",\"@id\":\"https:\\\/\\\/now-news.de\\\/de\\\/deutschland\\\/europas-schwimmverband-sportler-aus-russland-und-weissrussland-starten-unter-nationaler-flagge\\\/#primaryimage\",\"url\":\"https:\\\/\\\/now-news.de\\\/de\\\/wp-content\\\/uploads\\\/sites\\\/3\\\/2026\\\/09\\\/Europas-Schwimmverband-Sportler-aus-Russland-und-Weissrussland-starten-unter-nationaler.jpg\",\"contentUrl\":\"https:\\\/\\\/now-news.de\\\/de\\\/wp-content\\\/uploads\\\/sites\\\/3\\\/2026\\\/09\\\/Europas-Schwimmverband-Sportler-aus-Russland-und-Weissrussland-starten-unter-nationaler.jpg\",\"width\":460,\"height\":259,\"caption\":\"Europas Schwimmverband: Sportler aus Russland und Wei\u00dfrussland starten unter nationaler Flagge\"},{\"@type\":\"BreadcrumbList\",\"@id\":\"https:\\\/\\\/now-news.de\\\/de\\\/deutschland\\\/europas-schwimmverband-sportler-aus-russland-und-weissrussland-starten-unter-nationaler-flagge\\\/#breadcrumb\",\"itemListElement\":[{\"@type\":\"ListItem\",\"position\":1,\"name\":\"Home\",\"item\":\"https:\\\/\\\/now-news.de\\\/de\\\/\"},{\"@type\":\"ListItem\",\"position\":2,\"name\":\"Europas Schwimmverband: Sportler aus Russland und Wei\u00dfrussland starten unter nationaler Flagge\"}]},{\"@type\":\"WebSite\",\"@id\":\"https:\\\/\\\/now-news.de\\\/de\\\/#website\",\"url\":\"https:\\\/\\\/now-news.de\\\/de\\\/\",\"name\":\"just-now.NEWS Deutschland\",\"description\":\"Das Portal f\u00fcr unzensierte Nachrichten aus der Welt\",\"publisher\":{\"@id\":\"https:\\\/\\\/now-news.de\\\/de\\\/#organization\"},\"potentialAction\":[{\"@type\":\"SearchAction\",\"target\":{\"@type\":\"EntryPoint\",\"urlTemplate\":\"https:\\\/\\\/now-news.de\\\/de\\\/?s={search_term_string}\"},\"query-input\":{\"@type\":\"PropertyValueSpecification\",\"valueRequired\":true,\"valueName\":\"search_term_string\"}}],\"inLanguage\":\"de\"},{\"@type\":\"Organization\",\"@id\":\"https:\\\/\\\/now-news.de\\\/de\\\/#organization\",\"name\":\"Just Now News\",\"url\":\"https:\\\/\\\/now-news.de\\\/de\\\/\",\"logo\":{\"@type\":\"ImageObject\",\"inLanguage\":\"de\",\"@id\":\"https:\\\/\\\/now-news.de\\\/de\\\/#\\\/schema\\\/logo\\\/image\\\/\",\"url\":\"http:\\\/\\\/just-now.news\\\/de\\\/wp-content\\\/uploads\\\/sites\\\/3\\\/2022\\\/04\\\/logo500x500.jpg\",\"contentUrl\":\"http:\\\/\\\/just-now.news\\\/de\\\/wp-content\\\/uploads\\\/sites\\\/3\\\/2022\\\/04\\\/logo500x500.jpg\",\"width\":500,\"height\":500,\"caption\":\"Just Now News\"},\"image\":{\"@id\":\"https:\\\/\\\/now-news.de\\\/de\\\/#\\\/schema\\\/logo\\\/image\\\/\"},\"sameAs\":[\"https:\\\/\\\/www.facebook.com\\\/wirmachenauf\",\"https:\\\/\\\/x.com\\\/WirMachenAuf_de\"]},{\"@type\":\"Person\",\"@id\":\"https:\\\/\\\/now-news.de\\\/de\\\/#\\\/schema\\\/person\\\/fb534a4e865501d8b3285208df34a9b5\",\"name\":\"rtnews\",\"image\":{\"@type\":\"ImageObject\",\"inLanguage\":\"de\",\"@id\":\"https:\\\/\\\/secure.gravatar.com\\\/avatar\\\/358fe31b3ab5769fea05376e1953329834cd9912cf9daf607e2af3076a1b982b?s=96&d=mm&r=g\",\"url\":\"https:\\\/\\\/secure.gravatar.com\\\/avatar\\\/358fe31b3ab5769fea05376e1953329834cd9912cf9daf607e2af3076a1b982b?s=96&d=mm&r=g\",\"contentUrl\":\"https:\\\/\\\/secure.gravatar.com\\\/avatar\\\/358fe31b3ab5769fea05376e1953329834cd9912cf9daf607e2af3076a1b982b?s=96&d=mm&r=g\",\"caption\":\"rtnews\"},\"url\":\"https:\\\/\\\/now-news.de\\\/de\\\/author\\\/rnews\\\/\"}]}<\/script>\n<!-- \/ Yoast SEO Premium plugin. -->","yoast_head_json":{"title":"Europas Schwimmverband: Sportler aus Russland und Wei\u00dfrussland starten unter nationaler Flagge - just-now.NEWS Deutschland","robots":{"index":"index","follow":"follow","max-snippet":"max-snippet:-1","max-image-preview":"max-image-preview:large","max-video-preview":"max-video-preview:-1"},"canonical":"https:\/\/now-news.de\/de\/deutschland\/europas-schwimmverband-sportler-aus-russland-und-weissrussland-starten-unter-nationaler-flagge\/","og_locale":"de_DE","og_type":"article","og_title":"Europas Schwimmverband: Sportler aus Russland und Wei\u00dfrussland starten unter nationaler Flagge","og_description":"Laut einer Entscheidung des europ\u00e4ischen Schwimmverbands d\u00fcrfen Sportler aus Russland und Wei\u00dfrussland wieder unter nationalen Symbolen an den Wettk\u00e4mpfen teilnehmen. Die Ma\u00dfnahme tritt am 1. September in Kraft. Der europ\u00e4ische Schwimmverband European Aquatics beendet den Sonderstatus f\u00fcr Sportler aus Russland und Wei\u00dfrussland. Wie der Verband auf seiner Webseite mitteilt, d\u00fcrfen sich erwachsene Athleten aus beiden [&hellip;]","og_url":"https:\/\/now-news.de\/de\/deutschland\/europas-schwimmverband-sportler-aus-russland-und-weissrussland-starten-unter-nationaler-flagge\/","og_site_name":"just-now.NEWS Deutschland","article_publisher":"https:\/\/www.facebook.com\/wirmachenauf","article_published_time":"2026-09-01T18:22:37+00:00","og_image":[{"url":"https:\/\/now-news.de\/de\/wp-content\/uploads\/sites\/3\/2026\/09\/6a970d91b480cc16d63b96bb.jpg","type":"","width":"","height":""}],"author":"rtnews","twitter_card":"summary_large_image","twitter_creator":"@WirMachenAuf_de","twitter_site":"@WirMachenAuf_de","twitter_misc":{"Verfasst von":"rtnews","Gesch\u00e4tzte Lesezeit":"2\u00a0Minuten"},"schema":{"@context":"https:\/\/schema.org","@graph":[{"@type":"Article","@id":"https:\/\/now-news.de\/de\/deutschland\/europas-schwimmverband-sportler-aus-russland-und-weissrussland-starten-unter-nationaler-flagge\/#article","isPartOf":{"@id":"https:\/\/now-news.de\/de\/deutschland\/europas-schwimmverband-sportler-aus-russland-und-weissrussland-starten-unter-nationaler-flagge\/"},"author":{"name":"rtnews","@id":"https:\/\/now-news.de\/de\/#\/schema\/person\/fb534a4e865501d8b3285208df34a9b5"},"headline":"Europas Schwimmverband: Sportler aus Russland und Wei\u00dfrussland starten unter nationaler Flagge","datePublished":"2026-09-01T18:22:37+00:00","mainEntityOfPage":{"@id":"https:\/\/now-news.de\/de\/deutschland\/europas-schwimmverband-sportler-aus-russland-und-weissrussland-starten-unter-nationaler-flagge\/"},"wordCount":320,"commentCount":0,"publisher":{"@id":"https:\/\/now-news.de\/de\/#organization"},"image":{"@id":"https:\/\/now-news.de\/de\/deutschland\/europas-schwimmverband-sportler-aus-russland-und-weissrussland-starten-unter-nationaler-flagge\/#primaryimage"},"thumbnailUrl":"https:\/\/now-news.de\/de\/wp-content\/uploads\/sites\/3\/2026\/09\/Europas-Schwimmverband-Sportler-aus-Russland-und-Weissrussland-starten-unter-nationaler.jpg","keywords":["aus","Europas","Flagge","nationaler","russland","Schwimmverband","Sportler","starten","und","unter","Wei\u00dfrussland"],"articleSection":["Deutschland","Russland"],"inLanguage":"de","potentialAction":[{"@type":"CommentAction","name":"Comment","target":["https:\/\/now-news.de\/de\/deutschland\/europas-schwimmverband-sportler-aus-russland-und-weissrussland-starten-unter-nationaler-flagge\/#respond"]}]},{"@type":"WebPage","@id":"https:\/\/now-news.de\/de\/deutschland\/europas-schwimmverband-sportler-aus-russland-und-weissrussland-starten-unter-nationaler-flagge\/","url":"https:\/\/now-news.de\/de\/deutschland\/europas-schwimmverband-sportler-aus-russland-und-weissrussland-starten-unter-nationaler-flagge\/","name":"Europas Schwimmverband: Sportler aus Russland und Wei\u00dfrussland starten unter nationaler Flagge - just-now.NEWS Deutschland","isPartOf":{"@id":"https:\/\/now-news.de\/de\/#website"},"primaryImageOfPage":{"@id":"https:\/\/now-news.de\/de\/deutschland\/europas-schwimmverband-sportler-aus-russland-und-weissrussland-starten-unter-nationaler-flagge\/#primaryimage"},"image":{"@id":"https:\/\/now-news.de\/de\/deutschland\/europas-schwimmverband-sportler-aus-russland-und-weissrussland-starten-unter-nationaler-flagge\/#primaryimage"},"thumbnailUrl":"https:\/\/now-news.de\/de\/wp-content\/uploads\/sites\/3\/2026\/09\/Europas-Schwimmverband-Sportler-aus-Russland-und-Weissrussland-starten-unter-nationaler.jpg","datePublished":"2026-09-01T18:22:37+00:00","breadcrumb":{"@id":"https:\/\/now-news.de\/de\/deutschland\/europas-schwimmverband-sportler-aus-russland-und-weissrussland-starten-unter-nationaler-flagge\/#breadcrumb"},"inLanguage":"de","potentialAction":[{"@type":"ReadAction","target":["https:\/\/now-news.de\/de\/deutschland\/europas-schwimmverband-sportler-aus-russland-und-weissrussland-starten-unter-nationaler-flagge\/"]}]},{"@type":"ImageObject","inLanguage":"de","@id":"https:\/\/now-news.de\/de\/deutschland\/europas-schwimmverband-sportler-aus-russland-und-weissrussland-starten-unter-nationaler-flagge\/#primaryimage","url":"https:\/\/now-news.de\/de\/wp-content\/uploads\/sites\/3\/2026\/09\/Europas-Schwimmverband-Sportler-aus-Russland-und-Weissrussland-starten-unter-nationaler.jpg","contentUrl":"https:\/\/now-news.de\/de\/wp-content\/uploads\/sites\/3\/2026\/09\/Europas-Schwimmverband-Sportler-aus-Russland-und-Weissrussland-starten-unter-nationaler.jpg","width":460,"height":259,"caption":"Europas Schwimmverband: Sportler aus Russland und Wei\u00dfrussland starten unter nationaler Flagge"},{"@type":"BreadcrumbList","@id":"https:\/\/now-news.de\/de\/deutschland\/europas-schwimmverband-sportler-aus-russland-und-weissrussland-starten-unter-nationaler-flagge\/#breadcrumb","itemListElement":[{"@type":"ListItem","position":1,"name":"Home","item":"https:\/\/now-news.de\/de\/"},{"@type":"ListItem","position":2,"name":"Europas Schwimmverband: Sportler aus Russland und Wei\u00dfrussland starten unter nationaler Flagge"}]},{"@type":"WebSite","@id":"https:\/\/now-news.de\/de\/#website","url":"https:\/\/now-news.de\/de\/","name":"just-now.NEWS Deutschland","description":"Das Portal f\u00fcr unzensierte Nachrichten aus der Welt","publisher":{"@id":"https:\/\/now-news.de\/de\/#organization"},"potentialAction":[{"@type":"SearchAction","target":{"@type":"EntryPoint","urlTemplate":"https:\/\/now-news.de\/de\/?s={search_term_string}"},"query-input":{"@type":"PropertyValueSpecification","valueRequired":true,"valueName":"search_term_string"}}],"inLanguage":"de"},{"@type":"Organization","@id":"https:\/\/now-news.de\/de\/#organization","name":"Just Now News","url":"https:\/\/now-news.de\/de\/","logo":{"@type":"ImageObject","inLanguage":"de","@id":"https:\/\/now-news.de\/de\/#\/schema\/logo\/image\/","url":"http:\/\/just-now.news\/de\/wp-content\/uploads\/sites\/3\/2022\/04\/logo500x500.jpg","contentUrl":"http:\/\/just-now.news\/de\/wp-content\/uploads\/sites\/3\/2022\/04\/logo500x500.jpg","width":500,"height":500,"caption":"Just Now News"},"image":{"@id":"https:\/\/now-news.de\/de\/#\/schema\/logo\/image\/"},"sameAs":["https:\/\/www.facebook.com\/wirmachenauf","https:\/\/x.com\/WirMachenAuf_de"]},{"@type":"Person","@id":"https:\/\/now-news.de\/de\/#\/schema\/person\/fb534a4e865501d8b3285208df34a9b5","name":"rtnews","image":{"@type":"ImageObject","inLanguage":"de","@id":"https:\/\/secure.gravatar.com\/avatar\/358fe31b3ab5769fea05376e1953329834cd9912cf9daf607e2af3076a1b982b?s=96&d=mm&r=g","url":"https:\/\/secure.gravatar.com\/avatar\/358fe31b3ab5769fea05376e1953329834cd9912cf9daf607e2af3076a1b982b?s=96&d=mm&r=g","contentUrl":"https:\/\/secure.gravatar.com\/avatar\/358fe31b3ab5769fea05376e1953329834cd9912cf9daf607e2af3076a1b982b?s=96&d=mm&r=g","caption":"rtnews"},"url":"https:\/\/now-news.de\/de\/author\/rnews\/"}]}},"_links":{"self":[{"href":"https:\/\/now-news.de\/de\/wp-json\/wp\/v2\/posts\/109757","targetHints":{"allow":["GET"]}}],"collection":[{"href":"https:\/\/now-news.de\/de\/wp-json\/wp\/v2\/posts"}],"about":[{"href":"https:\/\/now-news.de\/de\/wp-json\/wp\/v2\/types\/post"}],"author":[{"embeddable":true,"href":"https:\/\/now-news.de\/de\/wp-json\/wp\/v2\/users\/3"}],"replies":[{"embeddable":true,"href":"https:\/\/now-news.de\/de\/wp-json\/wp\/v2\/comments?post=109757"}],"version-history":[{"count":0,"href":"https:\/\/now-news.de\/de\/wp-json\/wp\/v2\/posts\/109757\/revisions"}],"wp:featuredmedia":[{"embeddable":true,"href":"https:\/\/now-news.de\/de\/wp-json\/wp\/v2\/media\/109758"}],"wp:attachment":[{"href":"https:\/\/now-news.de\/de\/wp-json\/wp\/v2\/media?parent=109757"}],"wp:term":[{"taxonomy":"category","embeddable":true,"href":"https:\/\/now-news.de\/de\/wp-json\/wp\/v2\/categories?post=109757"},{"taxonomy":"post_tag","embeddable":true,"href":"https:\/\/now-news.de\/de\/wp-json\/wp\/v2\/tags?post=109757"}],"curies":[{"name":"wp","href":"https:\/\/api.w.org\/{rel}","templated":true}]}}