{"id":109745,"date":"2026-09-01T18:14:20","date_gmt":"2026-09-01T16:14:20","guid":{"rendered":"https:\/\/now-news.de\/de\/deutschland\/euroraum-inflation-klettert-im-august-auf-dreijahreshoch\/"},"modified":"2026-09-01T18:14:20","modified_gmt":"2026-09-01T16:14:20","slug":"euroraum-inflation-klettert-im-august-auf-dreijahreshoch","status":"publish","type":"post","link":"https:\/\/now-news.de\/de\/deutschland\/euroraum-inflation-klettert-im-august-auf-dreijahreshoch\/","title":{"rendered":"Euroraum: Inflation klettert im August auf Dreijahreshoch"},"content":{"rendered":"<p><img decoding=\"async\" src=\"https:\/\/now-news.de\/de\/wp-content\/uploads\/sites\/3\/2026\/09\/6a96ae5948fbef093f7b1824.jpg\" \/><\/p>\n<div class=\"Text-root Text-type_1 \">\n                Die Teuerung im Euroraum erreicht im August den h\u00f6chsten Stand seit drei Jahren, das Bild f\u00e4llt dabei von Land zu Land sehr unterschiedlich aus: W\u00e4hrend einige Staaten deutlich \u00fcber dem Durchschnitt liegen, bleibt die Preisentwicklung in anderen moderat.\n            <\/div>\n<p><\/p>\n<div class=\"Text-root Text-type_5 ArticleView-text ViewText-root \">\n<p>Die Verbraucherpreise im Euroraum sind im August gegen\u00fcber dem Vorjahr um 3,3 Prozent gestiegen. Das <a rel=\"nofollow\" target=\"_blank\" href=\"https:\/\/ec.europa.eu\/eurostat\/web\/products-euro-indicators\/w\/2-01092026-ap\" target=\"_blank\" rel=\"noopener noreferrer\">zeigen<\/a> die vorl\u00e4ufigen Daten des Statistikamts der Europ\u00e4ischen Union, Eurostat. Die Inflation hat sich gegen\u00fcber dem Vormonat, wo sie noch bei 2,9 Prozent lag, beschleunigt und damit den h\u00f6chsten Stand seit September 2023 erreicht.<\/p>\n<p>Die Energiepreise in der W\u00e4hrungsunion schnellten im August im Jahresvergleich um 14,3 Prozent\u00a0 in die H\u00f6he, nach einem Anstieg um 10,3 Prozent im Juli \u2013 Grund daf\u00fcr\u00a0war\u00a0eine\u00a0erneute Eskalation des Konflikts im Nahen Osten. Die Preise f\u00fcr Dienstleistungen verlangsamten sich von 3,3 Prozent im Juli auf 3,0 Prozent, w\u00e4hrend sich der Anstieg bei Industrieg\u00fctern\u00a0 von 0,9 Prozent auf 1,2 Prozent beschleunigte. Die Preise f\u00fcr Nahrungsmittel, Alkohol und Tabakwaren stiegen wie bereits im Juli um 1,2 Prozent.\u00a0Die Kerninflation (Verbraucherpreise ohne Nahrungsmittel und Energie) verlangsamte sich unterdessen im Jahresvergleich auf 2,4 Prozent, nach 2,5 Prozent im Vormonat.<\/p>\n<p>Unter den L\u00e4ndern des\u00a0Euroraums, die in die Schnellsch\u00e4tzung f\u00fcr August eingeflossen sind, wurde die h\u00f6chste Inflationsrate in Litauen mit 5,8 Prozent verzeichnet, gefolgt von Zypern mit 5,2 Prozent. Die niedrigsten Werte meldeten Estland (1,3 Prozent) und Malta (1,9 Prozent).<\/p>\n<p>Unter den gr\u00f6\u00dften Volkswirtschaften liegt die Inflation in Frankreich und Deutschland \u2013 2,7 beziehungsweise 2,9 Prozent \u2013 weiterhin unter dem europ\u00e4ischen Durchschnitt, w\u00e4hrend sie in Spanien mit 4,5 Prozent deutlich dar\u00fcber liegt. Dabei ist in Frankreich ein\u00a0erheblicher Anstieg zu verzeichnen: von 2,4 auf 2,7 Prozent. Im Monatsvergleich verzeichnete Belgien mit 2,1 Prozent den st\u00e4rksten Preisanstieg, w\u00e4hrend Finnland als einziges Land einen R\u00fcckgang um 0,4 Prozent meldete.<\/p>\n<p>Damit liegt die Inflation weit \u00fcber dem Zielwert der Europ\u00e4ischen Zentralbank (EZB) von zwei Prozent. Wie das Portal <em>Euronews<\/em>\u00a0<a rel=\"nofollow\" target=\"_blank\" href=\"https:\/\/www.euronews.com\/business\/2026\/09\/01\/eurozone-inflation-jumps-to-33-in-august-as-energy-prices-surge\" target=\"_blank\" rel=\"noopener noreferrer\">berichtet<\/a>, rechnen die M\u00e4rkte damit, dass die EZB die Leitzinsen bei ihrer Sitzung am 10. September anheben wird, um den Preisdruck einzud\u00e4mmen.<\/p>\n<p>Die endg\u00fcltigen Daten zur Inflationsentwicklung im Euroraum f\u00fcr August werden am 17. September ver\u00f6ffentlicht.<\/p>\n<p><strong>Mehr zum Thema<\/strong>\u00a0\u2013 <a rel=\"nofollow\" target=\"_blank\" href=\"https:\/\/de-rtnews.com\/inland\/290261-inflation-fast-drei-prozent\/\">Inflation fast drei Prozent<\/a><\/p>\n<div class=\"EmbedBlock-root EmbedBlock-externalVideo EmbedBlock-rumble\">\n<div class=\"VkEmbed\"><iframe class=\"lazyload\" data-src=\"https:\/\/rumble.com\/embed\/v7bwc1m\" frameborder=\"0\" width=\"853\" height=\"480\" allowfullscreen><\/iframe><\/div>\n<\/div>\n<\/div>\n<p><br \/>\n<br \/><a href=\"https:\/\/de.rt.com\/international\/290313-euroraum-inflation-klettert-im-august\/\">Source link <\/a><\/p>\n","protected":false},"excerpt":{"rendered":"<p>Die Teuerung im Euroraum erreicht im August den h\u00f6chsten Stand seit drei Jahren, das Bild f\u00e4llt dabei von Land zu Land sehr unterschiedlich aus: W\u00e4hrend einige Staaten deutlich \u00fcber dem Durchschnitt liegen, bleibt die Preisentwicklung in anderen moderat. Die Verbraucherpreise im Euroraum sind im August gegen\u00fcber dem Vorjahr um 3,3 Prozent gestiegen. Das zeigen die [&hellip;]<\/p>\n","protected":false},"author":3,"featured_media":109746,"comment_status":"open","ping_status":"open","sticky":false,"template":"","format":"standard","meta":{"wp_automatic_camp":["217"],"17c9a08f4937297b2e53157ee4f1a789":["Euroraum: Inflation klettert im August auf Dreijahreshoch"],"original_link":["https:\/\/de.rt.com\/international\/290313-euroraum-inflation-klettert-im-august\/"],"_thumbnail_id":["109746"],"_wptgpro_p2tg_sent2tg":["a:1:{i:23737;s:19:\"2026-09-01 18:28:32\";}"],"jnews_social_counter_last_update":["1788287312"]},"categories":[19,23],"tags":[133,13604,75953,13725,198,54112],"class_list":["post-109745","post","type-post","status-publish","format-standard","has-post-thumbnail","hentry","category-deutschland","category-russland","tag-auf","tag-august","tag-dreijahreshoch","tag-euroraum","tag-inflation","tag-klettert"],"yoast_head":"<!-- This site is optimized with the Yoast SEO Premium plugin v22.7 (Yoast SEO v28.2) - https:\/\/yoast.com\/product\/yoast-seo-premium-wordpress\/ -->\n<title>Euroraum: Inflation klettert im August auf Dreijahreshoch - just-now.NEWS Deutschland<\/title>\n<meta name=\"robots\" content=\"index, follow, max-snippet:-1, max-image-preview:large, max-video-preview:-1\" \/>\n<link rel=\"canonical\" href=\"https:\/\/now-news.de\/de\/deutschland\/euroraum-inflation-klettert-im-august-auf-dreijahreshoch\/\" \/>\n<meta property=\"og:locale\" content=\"de_DE\" \/>\n<meta property=\"og:type\" content=\"article\" \/>\n<meta property=\"og:title\" content=\"Euroraum: Inflation klettert im August auf Dreijahreshoch\" \/>\n<meta property=\"og:description\" content=\"Die Teuerung im Euroraum erreicht im August den h\u00f6chsten Stand seit drei Jahren, das Bild f\u00e4llt dabei von Land zu Land sehr unterschiedlich aus: W\u00e4hrend einige Staaten deutlich \u00fcber dem Durchschnitt liegen, bleibt die Preisentwicklung in anderen moderat. Die Verbraucherpreise im Euroraum sind im August gegen\u00fcber dem Vorjahr um 3,3 Prozent gestiegen. Das zeigen die [&hellip;]\" \/>\n<meta property=\"og:url\" content=\"https:\/\/now-news.de\/de\/deutschland\/euroraum-inflation-klettert-im-august-auf-dreijahreshoch\/\" \/>\n<meta property=\"og:site_name\" content=\"just-now.NEWS Deutschland\" \/>\n<meta property=\"article:publisher\" content=\"https:\/\/www.facebook.com\/wirmachenauf\" \/>\n<meta property=\"article:published_time\" content=\"2026-09-01T16:14:20+00:00\" \/>\n<meta property=\"og:image\" content=\"https:\/\/now-news.de\/de\/wp-content\/uploads\/sites\/3\/2026\/09\/6a96ae5948fbef093f7b1824.jpg\" \/>\n<meta name=\"author\" content=\"rtnews\" \/>\n<meta name=\"twitter:card\" content=\"summary_large_image\" \/>\n<meta name=\"twitter:creator\" content=\"@WirMachenAuf_de\" \/>\n<meta name=\"twitter:site\" content=\"@WirMachenAuf_de\" \/>\n<meta name=\"twitter:label1\" content=\"Verfasst von\" \/>\n\t<meta name=\"twitter:data1\" content=\"rtnews\" \/>\n\t<meta name=\"twitter:label2\" content=\"Gesch\u00e4tzte Lesezeit\" \/>\n\t<meta name=\"twitter:data2\" content=\"2\u00a0Minuten\" \/>\n<script type=\"application\/ld+json\" class=\"yoast-schema-graph\">{\"@context\":\"https:\\\/\\\/schema.org\",\"@graph\":[{\"@type\":\"Article\",\"@id\":\"https:\\\/\\\/now-news.de\\\/de\\\/deutschland\\\/euroraum-inflation-klettert-im-august-auf-dreijahreshoch\\\/#article\",\"isPartOf\":{\"@id\":\"https:\\\/\\\/now-news.de\\\/de\\\/deutschland\\\/euroraum-inflation-klettert-im-august-auf-dreijahreshoch\\\/\"},\"author\":{\"name\":\"rtnews\",\"@id\":\"https:\\\/\\\/now-news.de\\\/de\\\/#\\\/schema\\\/person\\\/fb534a4e865501d8b3285208df34a9b5\"},\"headline\":\"Euroraum: Inflation klettert im August auf Dreijahreshoch\",\"datePublished\":\"2026-09-01T16:14:20+00:00\",\"mainEntityOfPage\":{\"@id\":\"https:\\\/\\\/now-news.de\\\/de\\\/deutschland\\\/euroraum-inflation-klettert-im-august-auf-dreijahreshoch\\\/\"},\"wordCount\":368,\"commentCount\":0,\"publisher\":{\"@id\":\"https:\\\/\\\/now-news.de\\\/de\\\/#organization\"},\"image\":{\"@id\":\"https:\\\/\\\/now-news.de\\\/de\\\/deutschland\\\/euroraum-inflation-klettert-im-august-auf-dreijahreshoch\\\/#primaryimage\"},\"thumbnailUrl\":\"https:\\\/\\\/now-news.de\\\/de\\\/wp-content\\\/uploads\\\/sites\\\/3\\\/2026\\\/09\\\/Euroraum-Inflation-klettert-im-August-auf-Dreijahreshoch.jpg\",\"keywords\":[\"AUF\",\"August\",\"Dreijahreshoch\",\"Euroraum\",\"Inflation\",\"klettert\"],\"articleSection\":[\"Deutschland\",\"Russland\"],\"inLanguage\":\"de\",\"potentialAction\":[{\"@type\":\"CommentAction\",\"name\":\"Comment\",\"target\":[\"https:\\\/\\\/now-news.de\\\/de\\\/deutschland\\\/euroraum-inflation-klettert-im-august-auf-dreijahreshoch\\\/#respond\"]}]},{\"@type\":\"WebPage\",\"@id\":\"https:\\\/\\\/now-news.de\\\/de\\\/deutschland\\\/euroraum-inflation-klettert-im-august-auf-dreijahreshoch\\\/\",\"url\":\"https:\\\/\\\/now-news.de\\\/de\\\/deutschland\\\/euroraum-inflation-klettert-im-august-auf-dreijahreshoch\\\/\",\"name\":\"Euroraum: Inflation klettert im August auf Dreijahreshoch - just-now.NEWS Deutschland\",\"isPartOf\":{\"@id\":\"https:\\\/\\\/now-news.de\\\/de\\\/#website\"},\"primaryImageOfPage\":{\"@id\":\"https:\\\/\\\/now-news.de\\\/de\\\/deutschland\\\/euroraum-inflation-klettert-im-august-auf-dreijahreshoch\\\/#primaryimage\"},\"image\":{\"@id\":\"https:\\\/\\\/now-news.de\\\/de\\\/deutschland\\\/euroraum-inflation-klettert-im-august-auf-dreijahreshoch\\\/#primaryimage\"},\"thumbnailUrl\":\"https:\\\/\\\/now-news.de\\\/de\\\/wp-content\\\/uploads\\\/sites\\\/3\\\/2026\\\/09\\\/Euroraum-Inflation-klettert-im-August-auf-Dreijahreshoch.jpg\",\"datePublished\":\"2026-09-01T16:14:20+00:00\",\"breadcrumb\":{\"@id\":\"https:\\\/\\\/now-news.de\\\/de\\\/deutschland\\\/euroraum-inflation-klettert-im-august-auf-dreijahreshoch\\\/#breadcrumb\"},\"inLanguage\":\"de\",\"potentialAction\":[{\"@type\":\"ReadAction\",\"target\":[\"https:\\\/\\\/now-news.de\\\/de\\\/deutschland\\\/euroraum-inflation-klettert-im-august-auf-dreijahreshoch\\\/\"]}]},{\"@type\":\"ImageObject\",\"inLanguage\":\"de\",\"@id\":\"https:\\\/\\\/now-news.de\\\/de\\\/deutschland\\\/euroraum-inflation-klettert-im-august-auf-dreijahreshoch\\\/#primaryimage\",\"url\":\"https:\\\/\\\/now-news.de\\\/de\\\/wp-content\\\/uploads\\\/sites\\\/3\\\/2026\\\/09\\\/Euroraum-Inflation-klettert-im-August-auf-Dreijahreshoch.jpg\",\"contentUrl\":\"https:\\\/\\\/now-news.de\\\/de\\\/wp-content\\\/uploads\\\/sites\\\/3\\\/2026\\\/09\\\/Euroraum-Inflation-klettert-im-August-auf-Dreijahreshoch.jpg\",\"width\":460,\"height\":259,\"caption\":\"Euroraum: Inflation klettert im August auf Dreijahreshoch\"},{\"@type\":\"BreadcrumbList\",\"@id\":\"https:\\\/\\\/now-news.de\\\/de\\\/deutschland\\\/euroraum-inflation-klettert-im-august-auf-dreijahreshoch\\\/#breadcrumb\",\"itemListElement\":[{\"@type\":\"ListItem\",\"position\":1,\"name\":\"Home\",\"item\":\"https:\\\/\\\/now-news.de\\\/de\\\/\"},{\"@type\":\"ListItem\",\"position\":2,\"name\":\"Euroraum: Inflation klettert im August auf Dreijahreshoch\"}]},{\"@type\":\"WebSite\",\"@id\":\"https:\\\/\\\/now-news.de\\\/de\\\/#website\",\"url\":\"https:\\\/\\\/now-news.de\\\/de\\\/\",\"name\":\"just-now.NEWS Deutschland\",\"description\":\"Das Portal f\u00fcr unzensierte Nachrichten aus der Welt\",\"publisher\":{\"@id\":\"https:\\\/\\\/now-news.de\\\/de\\\/#organization\"},\"potentialAction\":[{\"@type\":\"SearchAction\",\"target\":{\"@type\":\"EntryPoint\",\"urlTemplate\":\"https:\\\/\\\/now-news.de\\\/de\\\/?s={search_term_string}\"},\"query-input\":{\"@type\":\"PropertyValueSpecification\",\"valueRequired\":true,\"valueName\":\"search_term_string\"}}],\"inLanguage\":\"de\"},{\"@type\":\"Organization\",\"@id\":\"https:\\\/\\\/now-news.de\\\/de\\\/#organization\",\"name\":\"Just Now News\",\"url\":\"https:\\\/\\\/now-news.de\\\/de\\\/\",\"logo\":{\"@type\":\"ImageObject\",\"inLanguage\":\"de\",\"@id\":\"https:\\\/\\\/now-news.de\\\/de\\\/#\\\/schema\\\/logo\\\/image\\\/\",\"url\":\"http:\\\/\\\/just-now.news\\\/de\\\/wp-content\\\/uploads\\\/sites\\\/3\\\/2022\\\/04\\\/logo500x500.jpg\",\"contentUrl\":\"http:\\\/\\\/just-now.news\\\/de\\\/wp-content\\\/uploads\\\/sites\\\/3\\\/2022\\\/04\\\/logo500x500.jpg\",\"width\":500,\"height\":500,\"caption\":\"Just Now News\"},\"image\":{\"@id\":\"https:\\\/\\\/now-news.de\\\/de\\\/#\\\/schema\\\/logo\\\/image\\\/\"},\"sameAs\":[\"https:\\\/\\\/www.facebook.com\\\/wirmachenauf\",\"https:\\\/\\\/x.com\\\/WirMachenAuf_de\"]},{\"@type\":\"Person\",\"@id\":\"https:\\\/\\\/now-news.de\\\/de\\\/#\\\/schema\\\/person\\\/fb534a4e865501d8b3285208df34a9b5\",\"name\":\"rtnews\",\"image\":{\"@type\":\"ImageObject\",\"inLanguage\":\"de\",\"@id\":\"https:\\\/\\\/secure.gravatar.com\\\/avatar\\\/358fe31b3ab5769fea05376e1953329834cd9912cf9daf607e2af3076a1b982b?s=96&d=mm&r=g\",\"url\":\"https:\\\/\\\/secure.gravatar.com\\\/avatar\\\/358fe31b3ab5769fea05376e1953329834cd9912cf9daf607e2af3076a1b982b?s=96&d=mm&r=g\",\"contentUrl\":\"https:\\\/\\\/secure.gravatar.com\\\/avatar\\\/358fe31b3ab5769fea05376e1953329834cd9912cf9daf607e2af3076a1b982b?s=96&d=mm&r=g\",\"caption\":\"rtnews\"},\"url\":\"https:\\\/\\\/now-news.de\\\/de\\\/author\\\/rnews\\\/\"}]}<\/script>\n<!-- \/ Yoast SEO Premium plugin. -->","yoast_head_json":{"title":"Euroraum: Inflation klettert im August auf Dreijahreshoch - just-now.NEWS Deutschland","robots":{"index":"index","follow":"follow","max-snippet":"max-snippet:-1","max-image-preview":"max-image-preview:large","max-video-preview":"max-video-preview:-1"},"canonical":"https:\/\/now-news.de\/de\/deutschland\/euroraum-inflation-klettert-im-august-auf-dreijahreshoch\/","og_locale":"de_DE","og_type":"article","og_title":"Euroraum: Inflation klettert im August auf Dreijahreshoch","og_description":"Die Teuerung im Euroraum erreicht im August den h\u00f6chsten Stand seit drei Jahren, das Bild f\u00e4llt dabei von Land zu Land sehr unterschiedlich aus: W\u00e4hrend einige Staaten deutlich \u00fcber dem Durchschnitt liegen, bleibt die Preisentwicklung in anderen moderat. Die Verbraucherpreise im Euroraum sind im August gegen\u00fcber dem Vorjahr um 3,3 Prozent gestiegen. Das zeigen die [&hellip;]","og_url":"https:\/\/now-news.de\/de\/deutschland\/euroraum-inflation-klettert-im-august-auf-dreijahreshoch\/","og_site_name":"just-now.NEWS Deutschland","article_publisher":"https:\/\/www.facebook.com\/wirmachenauf","article_published_time":"2026-09-01T16:14:20+00:00","og_image":[{"url":"https:\/\/now-news.de\/de\/wp-content\/uploads\/sites\/3\/2026\/09\/6a96ae5948fbef093f7b1824.jpg","type":"","width":"","height":""}],"author":"rtnews","twitter_card":"summary_large_image","twitter_creator":"@WirMachenAuf_de","twitter_site":"@WirMachenAuf_de","twitter_misc":{"Verfasst von":"rtnews","Gesch\u00e4tzte Lesezeit":"2\u00a0Minuten"},"schema":{"@context":"https:\/\/schema.org","@graph":[{"@type":"Article","@id":"https:\/\/now-news.de\/de\/deutschland\/euroraum-inflation-klettert-im-august-auf-dreijahreshoch\/#article","isPartOf":{"@id":"https:\/\/now-news.de\/de\/deutschland\/euroraum-inflation-klettert-im-august-auf-dreijahreshoch\/"},"author":{"name":"rtnews","@id":"https:\/\/now-news.de\/de\/#\/schema\/person\/fb534a4e865501d8b3285208df34a9b5"},"headline":"Euroraum: Inflation klettert im August auf Dreijahreshoch","datePublished":"2026-09-01T16:14:20+00:00","mainEntityOfPage":{"@id":"https:\/\/now-news.de\/de\/deutschland\/euroraum-inflation-klettert-im-august-auf-dreijahreshoch\/"},"wordCount":368,"commentCount":0,"publisher":{"@id":"https:\/\/now-news.de\/de\/#organization"},"image":{"@id":"https:\/\/now-news.de\/de\/deutschland\/euroraum-inflation-klettert-im-august-auf-dreijahreshoch\/#primaryimage"},"thumbnailUrl":"https:\/\/now-news.de\/de\/wp-content\/uploads\/sites\/3\/2026\/09\/Euroraum-Inflation-klettert-im-August-auf-Dreijahreshoch.jpg","keywords":["AUF","August","Dreijahreshoch","Euroraum","Inflation","klettert"],"articleSection":["Deutschland","Russland"],"inLanguage":"de","potentialAction":[{"@type":"CommentAction","name":"Comment","target":["https:\/\/now-news.de\/de\/deutschland\/euroraum-inflation-klettert-im-august-auf-dreijahreshoch\/#respond"]}]},{"@type":"WebPage","@id":"https:\/\/now-news.de\/de\/deutschland\/euroraum-inflation-klettert-im-august-auf-dreijahreshoch\/","url":"https:\/\/now-news.de\/de\/deutschland\/euroraum-inflation-klettert-im-august-auf-dreijahreshoch\/","name":"Euroraum: Inflation klettert im August auf Dreijahreshoch - just-now.NEWS Deutschland","isPartOf":{"@id":"https:\/\/now-news.de\/de\/#website"},"primaryImageOfPage":{"@id":"https:\/\/now-news.de\/de\/deutschland\/euroraum-inflation-klettert-im-august-auf-dreijahreshoch\/#primaryimage"},"image":{"@id":"https:\/\/now-news.de\/de\/deutschland\/euroraum-inflation-klettert-im-august-auf-dreijahreshoch\/#primaryimage"},"thumbnailUrl":"https:\/\/now-news.de\/de\/wp-content\/uploads\/sites\/3\/2026\/09\/Euroraum-Inflation-klettert-im-August-auf-Dreijahreshoch.jpg","datePublished":"2026-09-01T16:14:20+00:00","breadcrumb":{"@id":"https:\/\/now-news.de\/de\/deutschland\/euroraum-inflation-klettert-im-august-auf-dreijahreshoch\/#breadcrumb"},"inLanguage":"de","potentialAction":[{"@type":"ReadAction","target":["https:\/\/now-news.de\/de\/deutschland\/euroraum-inflation-klettert-im-august-auf-dreijahreshoch\/"]}]},{"@type":"ImageObject","inLanguage":"de","@id":"https:\/\/now-news.de\/de\/deutschland\/euroraum-inflation-klettert-im-august-auf-dreijahreshoch\/#primaryimage","url":"https:\/\/now-news.de\/de\/wp-content\/uploads\/sites\/3\/2026\/09\/Euroraum-Inflation-klettert-im-August-auf-Dreijahreshoch.jpg","contentUrl":"https:\/\/now-news.de\/de\/wp-content\/uploads\/sites\/3\/2026\/09\/Euroraum-Inflation-klettert-im-August-auf-Dreijahreshoch.jpg","width":460,"height":259,"caption":"Euroraum: Inflation klettert im August auf Dreijahreshoch"},{"@type":"BreadcrumbList","@id":"https:\/\/now-news.de\/de\/deutschland\/euroraum-inflation-klettert-im-august-auf-dreijahreshoch\/#breadcrumb","itemListElement":[{"@type":"ListItem","position":1,"name":"Home","item":"https:\/\/now-news.de\/de\/"},{"@type":"ListItem","position":2,"name":"Euroraum: Inflation klettert im August auf Dreijahreshoch"}]},{"@type":"WebSite","@id":"https:\/\/now-news.de\/de\/#website","url":"https:\/\/now-news.de\/de\/","name":"just-now.NEWS Deutschland","description":"Das Portal f\u00fcr unzensierte Nachrichten aus der Welt","publisher":{"@id":"https:\/\/now-news.de\/de\/#organization"},"potentialAction":[{"@type":"SearchAction","target":{"@type":"EntryPoint","urlTemplate":"https:\/\/now-news.de\/de\/?s={search_term_string}"},"query-input":{"@type":"PropertyValueSpecification","valueRequired":true,"valueName":"search_term_string"}}],"inLanguage":"de"},{"@type":"Organization","@id":"https:\/\/now-news.de\/de\/#organization","name":"Just Now News","url":"https:\/\/now-news.de\/de\/","logo":{"@type":"ImageObject","inLanguage":"de","@id":"https:\/\/now-news.de\/de\/#\/schema\/logo\/image\/","url":"http:\/\/just-now.news\/de\/wp-content\/uploads\/sites\/3\/2022\/04\/logo500x500.jpg","contentUrl":"http:\/\/just-now.news\/de\/wp-content\/uploads\/sites\/3\/2022\/04\/logo500x500.jpg","width":500,"height":500,"caption":"Just Now News"},"image":{"@id":"https:\/\/now-news.de\/de\/#\/schema\/logo\/image\/"},"sameAs":["https:\/\/www.facebook.com\/wirmachenauf","https:\/\/x.com\/WirMachenAuf_de"]},{"@type":"Person","@id":"https:\/\/now-news.de\/de\/#\/schema\/person\/fb534a4e865501d8b3285208df34a9b5","name":"rtnews","image":{"@type":"ImageObject","inLanguage":"de","@id":"https:\/\/secure.gravatar.com\/avatar\/358fe31b3ab5769fea05376e1953329834cd9912cf9daf607e2af3076a1b982b?s=96&d=mm&r=g","url":"https:\/\/secure.gravatar.com\/avatar\/358fe31b3ab5769fea05376e1953329834cd9912cf9daf607e2af3076a1b982b?s=96&d=mm&r=g","contentUrl":"https:\/\/secure.gravatar.com\/avatar\/358fe31b3ab5769fea05376e1953329834cd9912cf9daf607e2af3076a1b982b?s=96&d=mm&r=g","caption":"rtnews"},"url":"https:\/\/now-news.de\/de\/author\/rnews\/"}]}},"_links":{"self":[{"href":"https:\/\/now-news.de\/de\/wp-json\/wp\/v2\/posts\/109745","targetHints":{"allow":["GET"]}}],"collection":[{"href":"https:\/\/now-news.de\/de\/wp-json\/wp\/v2\/posts"}],"about":[{"href":"https:\/\/now-news.de\/de\/wp-json\/wp\/v2\/types\/post"}],"author":[{"embeddable":true,"href":"https:\/\/now-news.de\/de\/wp-json\/wp\/v2\/users\/3"}],"replies":[{"embeddable":true,"href":"https:\/\/now-news.de\/de\/wp-json\/wp\/v2\/comments?post=109745"}],"version-history":[{"count":0,"href":"https:\/\/now-news.de\/de\/wp-json\/wp\/v2\/posts\/109745\/revisions"}],"wp:featuredmedia":[{"embeddable":true,"href":"https:\/\/now-news.de\/de\/wp-json\/wp\/v2\/media\/109746"}],"wp:attachment":[{"href":"https:\/\/now-news.de\/de\/wp-json\/wp\/v2\/media?parent=109745"}],"wp:term":[{"taxonomy":"category","embeddable":true,"href":"https:\/\/now-news.de\/de\/wp-json\/wp\/v2\/categories?post=109745"},{"taxonomy":"post_tag","embeddable":true,"href":"https:\/\/now-news.de\/de\/wp-json\/wp\/v2\/tags?post=109745"}],"curies":[{"name":"wp","href":"https:\/\/api.w.org\/{rel}","templated":true}]}}