{"id":109738,"date":"2026-09-01T16:48:13","date_gmt":"2026-09-01T14:48:13","guid":{"rendered":"https:\/\/now-news.de\/de\/deutschland\/trump-russland-gehoert-wieder-an-den-tisch-der-internationalen-politik\/"},"modified":"2026-09-01T16:48:13","modified_gmt":"2026-09-01T14:48:13","slug":"trump-russland-gehoert-wieder-an-den-tisch-der-internationalen-politik","status":"publish","type":"post","link":"https:\/\/now-news.de\/de\/deutschland\/trump-russland-gehoert-wieder-an-den-tisch-der-internationalen-politik\/","title":{"rendered":"Trump: Russland geh\u00f6rt wieder an den Tisch der internationalen Politik"},"content":{"rendered":"<p><img decoding=\"async\" src=\"https:\/\/now-news.de\/de\/wp-content\/uploads\/sites\/3\/2026\/09\/6a96bed048fbef78df55ff30.jpg\" \/><\/p>\n<div class=\"Text-root Text-type_1 \">\n                US-Pr\u00e4sident Trump stellt sich gegen den europ\u00e4ischen Widerstand bez\u00fcglich Russlands Teilnahme am G20\u2011Treffen. W\u00e4hrend EU-Vertreter das traditionelle &#8220;Familienfoto&#8221; mit dem russischen Finanzminister Siluanow boykottierten, setzt Trump auf Dialog und Einbindung Moskaus.\n            <\/div>\n<p><\/p>\n<div class=\"Text-root Text-type_5 ArticleView-text ViewText-root \">\n<p>US-Pr\u00e4sident Donald Trump begr\u00fc\u00dfte die Teilnahme einer hochrangigen russischen Delegation am G20\u2011Treffen. Damit setzte er sich \u00fcber die Proteste europ\u00e4ischer Vertreter hinweg, die sich geweigert hatten, gemeinsam mit dem russischen Finanzminister Anton Siluanow beim traditionellen &#8220;Familienfoto&#8221; aufzutreten.<\/p>\n<p>Siluanow nahm am Montag in Asheville im US-Bundesstaat North Carolina erstmals seit dem Jahr 2022 wieder pers\u00f6nlich an einem G20-Treffen der Finanzminister und Zentralbankchefs teil. Er war von der US-Regierung eingeladen worden. Bei den Beratungen \u00fcber die Weltwirtschaft, das Wirtschaftswachstum und die Staatsverschuldung warnte er, dass eine &#8220;geopolitische Fragmentierung&#8221;\u00a0den freien Verkehr von Waren, Kapital und Technologie zunehmend behindere. Zugleich verwies er auf Automatisierung, k\u00fcnstliche Intelligenz und Importsubstitution als neue Wachstumstreiber der russischen Wirtschaft.<\/p>\n<p>Die R\u00fcckkehr des russischen Finanzministers stie\u00df bei den europ\u00e4ischen Delegierten auf scharfe Kritik. So bezeichnete der deutsche Finanzminister Lars Klingbeil Siluanows Teilnahme als ein &#8220;beunruhigendes&#8221; Signal. Er h\u00e4tte sich vonseiten der USA mehr Klarheit dar\u00fcber gew\u00fcnscht, dass der russische Minister nicht wie ein normaler Gast empfangen w\u00fcrde.\u00a0<\/p>\n<p>W\u00e4hrend europ\u00e4ische Vertreter auf Distanz gingen, traf sich der US-Finanzminister Scott Bessent zu einem bilateralen Gespr\u00e4ch mit Siluanow. Laut Moskau er\u00f6rterten die beiden die russisch-amerikanische Zusammenarbeit in Finanzfragen sowie die Koordinierung innerhalb der G20. Berichten zufolge sprach Bessent zudem \u00fcber Trumps Plan zur Beilegung des Ukraine-Konflikts und die Perspektiven der bilateralen Wirtschaftsbeziehungen. Zugleich habe die US-Seite demnach deutlich <a rel=\"nofollow\" target=\"_blank\" href=\"https:\/\/de-rtnews.com\/international\/290299-us-finanzminister-keine-wirtschaftsgespraeche-mit\/\">gemacht<\/a>, dass Washington Moskau vor einem Ende der Kampfhandlungen keine wirtschaftlichen Erleichterungen oder Vereinbarungen anbieten werde.<\/p>\n<p>Angesichts der europ\u00e4ischen Kritik verteidigte Trump die Teilnahme des russischen Ministers. Auf die Frage von Journalisten im Oval Office sagte er:<\/p>\n<p><em>&#8220;Wir werden sehen, was passiert, aber wir kommen mit allen gut aus. Das ist einer der Gr\u00fcnde, warum ich so erfolgreich bin. Ich komme mit allen gut aus.&#8221;<\/em><\/p>\n<p>Diese \u00c4u\u00dferungen stehen im Einklang mit Trumps wiederholter Kritik an der diplomatischen Isolierung Russlands durch seine europ\u00e4ischen Partner. Den Ausschluss des Landes aus der G8 im Jahr 2014 bezeichnete der US-Pr\u00e4sident wiederholt als Fehler. Bereits 2025 erkl\u00e4rte er, Russland &#8220;sollte mit am Tisch sitzen&#8221;. Seiner Ansicht nach h\u00e4tte der Ukraine-Konflikt m\u00f6glicherweise verhindert werden k\u00f6nnen, wenn Russland weiterhin Teil der Gruppe gewesen w\u00e4re. Auch in diesem Jahr sprach er sich daf\u00fcr aus, die G8 beizubehalten.<\/p>\n<p>Offenbar verfolgt Trump diesen Kurs auch im Rahmen der G20. Im April erkl\u00e4rte er, dass es &#8220;sehr hilfreich&#8221; w\u00e4re, wenn der russische Pr\u00e4sident Wladimir Putin am G20-Gipfel der Staats- und Regierungschefs im Dezember in Miami teilnehmen w\u00fcrde.\u00a0Trump sagte damals:<\/p>\n<p><em>&#8220;Ich bin der Meinung, dass man mit allen reden sollte. Ich bin jemand, der an Gespr\u00e4che glaubt.&#8221;<\/em><\/p>\n<p>F\u00fcr den im Dezember in Miami geplanten G20-Gipfel hat die US-Regierung Russland ebenfalls eingeladen. Moskau nahm die Einladung an, lie\u00df jedoch zun\u00e4chst offen, wer das Land bei dem Treffen vertreten wird.<\/p>\n<p>Trumps Kurs steht damit im Gegensatz zur Haltung mehrerer europ\u00e4ischer Staaten. W\u00e4hrend diese an Sanktionen und politischem Druck gegen Moskau festhalten, setzt Washington unter Trump auf direkte Gespr\u00e4chskan\u00e4le und eine st\u00e4rkere Einbindung Russlands in internationale Formate.<\/p>\n<p><strong>Mehr zum Thema <\/strong>\u2013<strong>\u00a0<\/strong><a rel=\"nofollow\" target=\"_blank\" href=\"https:\/\/de-rtnews.com\/international\/287689-trump-signalisiert-russland-hat-oberhand\/\">Trump signalisiert: Russland hat die Oberhand<\/a>\u00a0<\/p>\n<div class=\"EmbedBlock-root EmbedBlock-externalVideo EmbedBlock-rumble\">\n<div class=\"VkEmbed\"><iframe class=\"lazyload\" data-src=\"https:\/\/rumble.com\/embed\/v7cr5cq\" frameborder=\"0\" width=\"853\" height=\"480\" allowfullscreen><\/iframe><\/div>\n<\/div>\n<\/div>\n<p><br \/>\n<br \/><a href=\"https:\/\/de.rt.com\/international\/290331-trump-russland-gehoert-wieder-an-den-tisch\/\">Source link <\/a><\/p>\n","protected":false},"excerpt":{"rendered":"<p>US-Pr\u00e4sident Trump stellt sich gegen den europ\u00e4ischen Widerstand bez\u00fcglich Russlands Teilnahme am G20\u2011Treffen. W\u00e4hrend EU-Vertreter das traditionelle &#8220;Familienfoto&#8221; mit dem russischen Finanzminister Siluanow boykottierten, setzt Trump auf Dialog und Einbindung Moskaus. US-Pr\u00e4sident Donald Trump begr\u00fc\u00dfte die Teilnahme einer hochrangigen russischen Delegation am G20\u2011Treffen. Damit setzte er sich \u00fcber die Proteste europ\u00e4ischer Vertreter hinweg, die sich [&hellip;]<\/p>\n","protected":false},"author":3,"featured_media":109739,"comment_status":"open","ping_status":"open","sticky":false,"template":"","format":"standard","meta":{"wp_automatic_camp":["217"],"816f06239e23816ba98c282d2bc75969":["Trump: Russland geh\u00f6rt wieder an den Tisch der internationalen Politik"],"original_link":["https:\/\/de.rt.com\/international\/290331-trump-russland-gehoert-wieder-an-den-tisch\/"],"_thumbnail_id":["109739"],"_wptgpro_p2tg_sent2tg":["a:1:{i:23737;s:19:\"2026-09-01 16:51:33\";}"],"jnews_social_counter_last_update":["1788382437"]},"categories":[19,23],"tags":[48,82,15865,524,592,126,22203,1639,904],"class_list":["post-109738","post","type-post","status-publish","format-standard","has-post-thumbnail","hentry","category-deutschland","category-russland","tag-den","tag-der","tag-gehoert","tag-internationalen","tag-politik","tag-russland","tag-tisch","tag-trump","tag-wieder"],"yoast_head":"<!-- This site is optimized with the Yoast SEO Premium plugin v22.7 (Yoast SEO v28.2) - https:\/\/yoast.com\/product\/yoast-seo-premium-wordpress\/ -->\n<title>Trump: Russland geh\u00f6rt wieder an den Tisch der internationalen Politik - just-now.NEWS Deutschland<\/title>\n<meta name=\"robots\" content=\"index, follow, max-snippet:-1, max-image-preview:large, max-video-preview:-1\" \/>\n<link rel=\"canonical\" href=\"https:\/\/now-news.de\/de\/deutschland\/trump-russland-gehoert-wieder-an-den-tisch-der-internationalen-politik\/\" \/>\n<meta property=\"og:locale\" content=\"de_DE\" \/>\n<meta property=\"og:type\" content=\"article\" \/>\n<meta property=\"og:title\" content=\"Trump: Russland geh\u00f6rt wieder an den Tisch der internationalen Politik\" \/>\n<meta property=\"og:description\" content=\"US-Pr\u00e4sident Trump stellt sich gegen den europ\u00e4ischen Widerstand bez\u00fcglich Russlands Teilnahme am G20\u2011Treffen. W\u00e4hrend EU-Vertreter das traditionelle &#8220;Familienfoto&#8221; mit dem russischen Finanzminister Siluanow boykottierten, setzt Trump auf Dialog und Einbindung Moskaus. US-Pr\u00e4sident Donald Trump begr\u00fc\u00dfte die Teilnahme einer hochrangigen russischen Delegation am G20\u2011Treffen. Damit setzte er sich \u00fcber die Proteste europ\u00e4ischer Vertreter hinweg, die sich [&hellip;]\" \/>\n<meta property=\"og:url\" content=\"https:\/\/now-news.de\/de\/deutschland\/trump-russland-gehoert-wieder-an-den-tisch-der-internationalen-politik\/\" \/>\n<meta property=\"og:site_name\" content=\"just-now.NEWS Deutschland\" \/>\n<meta property=\"article:publisher\" content=\"https:\/\/www.facebook.com\/wirmachenauf\" \/>\n<meta property=\"article:published_time\" content=\"2026-09-01T14:48:13+00:00\" \/>\n<meta property=\"og:image\" content=\"https:\/\/now-news.de\/de\/wp-content\/uploads\/sites\/3\/2026\/09\/6a96bed048fbef78df55ff30.jpg\" \/>\n<meta name=\"author\" content=\"rtnews\" \/>\n<meta name=\"twitter:card\" content=\"summary_large_image\" \/>\n<meta name=\"twitter:creator\" content=\"@WirMachenAuf_de\" \/>\n<meta name=\"twitter:site\" content=\"@WirMachenAuf_de\" \/>\n<meta name=\"twitter:label1\" content=\"Verfasst von\" \/>\n\t<meta name=\"twitter:data1\" content=\"rtnews\" \/>\n\t<meta name=\"twitter:label2\" content=\"Gesch\u00e4tzte Lesezeit\" \/>\n\t<meta name=\"twitter:data2\" content=\"3\u00a0Minuten\" \/>\n<script type=\"application\/ld+json\" class=\"yoast-schema-graph\">{\"@context\":\"https:\\\/\\\/schema.org\",\"@graph\":[{\"@type\":\"Article\",\"@id\":\"https:\\\/\\\/now-news.de\\\/de\\\/deutschland\\\/trump-russland-gehoert-wieder-an-den-tisch-der-internationalen-politik\\\/#article\",\"isPartOf\":{\"@id\":\"https:\\\/\\\/now-news.de\\\/de\\\/deutschland\\\/trump-russland-gehoert-wieder-an-den-tisch-der-internationalen-politik\\\/\"},\"author\":{\"name\":\"rtnews\",\"@id\":\"https:\\\/\\\/now-news.de\\\/de\\\/#\\\/schema\\\/person\\\/fb534a4e865501d8b3285208df34a9b5\"},\"headline\":\"Trump: Russland geh\u00f6rt wieder an den Tisch der internationalen Politik\",\"datePublished\":\"2026-09-01T14:48:13+00:00\",\"mainEntityOfPage\":{\"@id\":\"https:\\\/\\\/now-news.de\\\/de\\\/deutschland\\\/trump-russland-gehoert-wieder-an-den-tisch-der-internationalen-politik\\\/\"},\"wordCount\":577,\"commentCount\":0,\"publisher\":{\"@id\":\"https:\\\/\\\/now-news.de\\\/de\\\/#organization\"},\"image\":{\"@id\":\"https:\\\/\\\/now-news.de\\\/de\\\/deutschland\\\/trump-russland-gehoert-wieder-an-den-tisch-der-internationalen-politik\\\/#primaryimage\"},\"thumbnailUrl\":\"https:\\\/\\\/now-news.de\\\/de\\\/wp-content\\\/uploads\\\/sites\\\/3\\\/2026\\\/09\\\/Trump-Russland-gehoert-wieder-an-den-Tisch-der-internationalen-Politik.jpg\",\"keywords\":[\"den\",\"der\",\"geh\u00f6rt\",\"internationalen\",\"Politik\",\"russland\",\"Tisch\",\"trump\",\"wieder\"],\"articleSection\":[\"Deutschland\",\"Russland\"],\"inLanguage\":\"de\",\"potentialAction\":[{\"@type\":\"CommentAction\",\"name\":\"Comment\",\"target\":[\"https:\\\/\\\/now-news.de\\\/de\\\/deutschland\\\/trump-russland-gehoert-wieder-an-den-tisch-der-internationalen-politik\\\/#respond\"]}]},{\"@type\":\"WebPage\",\"@id\":\"https:\\\/\\\/now-news.de\\\/de\\\/deutschland\\\/trump-russland-gehoert-wieder-an-den-tisch-der-internationalen-politik\\\/\",\"url\":\"https:\\\/\\\/now-news.de\\\/de\\\/deutschland\\\/trump-russland-gehoert-wieder-an-den-tisch-der-internationalen-politik\\\/\",\"name\":\"Trump: Russland geh\u00f6rt wieder an den Tisch der internationalen Politik - just-now.NEWS Deutschland\",\"isPartOf\":{\"@id\":\"https:\\\/\\\/now-news.de\\\/de\\\/#website\"},\"primaryImageOfPage\":{\"@id\":\"https:\\\/\\\/now-news.de\\\/de\\\/deutschland\\\/trump-russland-gehoert-wieder-an-den-tisch-der-internationalen-politik\\\/#primaryimage\"},\"image\":{\"@id\":\"https:\\\/\\\/now-news.de\\\/de\\\/deutschland\\\/trump-russland-gehoert-wieder-an-den-tisch-der-internationalen-politik\\\/#primaryimage\"},\"thumbnailUrl\":\"https:\\\/\\\/now-news.de\\\/de\\\/wp-content\\\/uploads\\\/sites\\\/3\\\/2026\\\/09\\\/Trump-Russland-gehoert-wieder-an-den-Tisch-der-internationalen-Politik.jpg\",\"datePublished\":\"2026-09-01T14:48:13+00:00\",\"breadcrumb\":{\"@id\":\"https:\\\/\\\/now-news.de\\\/de\\\/deutschland\\\/trump-russland-gehoert-wieder-an-den-tisch-der-internationalen-politik\\\/#breadcrumb\"},\"inLanguage\":\"de\",\"potentialAction\":[{\"@type\":\"ReadAction\",\"target\":[\"https:\\\/\\\/now-news.de\\\/de\\\/deutschland\\\/trump-russland-gehoert-wieder-an-den-tisch-der-internationalen-politik\\\/\"]}]},{\"@type\":\"ImageObject\",\"inLanguage\":\"de\",\"@id\":\"https:\\\/\\\/now-news.de\\\/de\\\/deutschland\\\/trump-russland-gehoert-wieder-an-den-tisch-der-internationalen-politik\\\/#primaryimage\",\"url\":\"https:\\\/\\\/now-news.de\\\/de\\\/wp-content\\\/uploads\\\/sites\\\/3\\\/2026\\\/09\\\/Trump-Russland-gehoert-wieder-an-den-Tisch-der-internationalen-Politik.jpg\",\"contentUrl\":\"https:\\\/\\\/now-news.de\\\/de\\\/wp-content\\\/uploads\\\/sites\\\/3\\\/2026\\\/09\\\/Trump-Russland-gehoert-wieder-an-den-Tisch-der-internationalen-Politik.jpg\",\"width\":460,\"height\":259,\"caption\":\"Trump: Russland geh\u00f6rt wieder an den Tisch der internationalen Politik\"},{\"@type\":\"BreadcrumbList\",\"@id\":\"https:\\\/\\\/now-news.de\\\/de\\\/deutschland\\\/trump-russland-gehoert-wieder-an-den-tisch-der-internationalen-politik\\\/#breadcrumb\",\"itemListElement\":[{\"@type\":\"ListItem\",\"position\":1,\"name\":\"Home\",\"item\":\"https:\\\/\\\/now-news.de\\\/de\\\/\"},{\"@type\":\"ListItem\",\"position\":2,\"name\":\"Trump: Russland geh\u00f6rt wieder an den Tisch der internationalen Politik\"}]},{\"@type\":\"WebSite\",\"@id\":\"https:\\\/\\\/now-news.de\\\/de\\\/#website\",\"url\":\"https:\\\/\\\/now-news.de\\\/de\\\/\",\"name\":\"just-now.NEWS Deutschland\",\"description\":\"Das Portal f\u00fcr unzensierte Nachrichten aus der Welt\",\"publisher\":{\"@id\":\"https:\\\/\\\/now-news.de\\\/de\\\/#organization\"},\"potentialAction\":[{\"@type\":\"SearchAction\",\"target\":{\"@type\":\"EntryPoint\",\"urlTemplate\":\"https:\\\/\\\/now-news.de\\\/de\\\/?s={search_term_string}\"},\"query-input\":{\"@type\":\"PropertyValueSpecification\",\"valueRequired\":true,\"valueName\":\"search_term_string\"}}],\"inLanguage\":\"de\"},{\"@type\":\"Organization\",\"@id\":\"https:\\\/\\\/now-news.de\\\/de\\\/#organization\",\"name\":\"Just Now News\",\"url\":\"https:\\\/\\\/now-news.de\\\/de\\\/\",\"logo\":{\"@type\":\"ImageObject\",\"inLanguage\":\"de\",\"@id\":\"https:\\\/\\\/now-news.de\\\/de\\\/#\\\/schema\\\/logo\\\/image\\\/\",\"url\":\"http:\\\/\\\/just-now.news\\\/de\\\/wp-content\\\/uploads\\\/sites\\\/3\\\/2022\\\/04\\\/logo500x500.jpg\",\"contentUrl\":\"http:\\\/\\\/just-now.news\\\/de\\\/wp-content\\\/uploads\\\/sites\\\/3\\\/2022\\\/04\\\/logo500x500.jpg\",\"width\":500,\"height\":500,\"caption\":\"Just Now News\"},\"image\":{\"@id\":\"https:\\\/\\\/now-news.de\\\/de\\\/#\\\/schema\\\/logo\\\/image\\\/\"},\"sameAs\":[\"https:\\\/\\\/www.facebook.com\\\/wirmachenauf\",\"https:\\\/\\\/x.com\\\/WirMachenAuf_de\"]},{\"@type\":\"Person\",\"@id\":\"https:\\\/\\\/now-news.de\\\/de\\\/#\\\/schema\\\/person\\\/fb534a4e865501d8b3285208df34a9b5\",\"name\":\"rtnews\",\"image\":{\"@type\":\"ImageObject\",\"inLanguage\":\"de\",\"@id\":\"https:\\\/\\\/secure.gravatar.com\\\/avatar\\\/358fe31b3ab5769fea05376e1953329834cd9912cf9daf607e2af3076a1b982b?s=96&d=mm&r=g\",\"url\":\"https:\\\/\\\/secure.gravatar.com\\\/avatar\\\/358fe31b3ab5769fea05376e1953329834cd9912cf9daf607e2af3076a1b982b?s=96&d=mm&r=g\",\"contentUrl\":\"https:\\\/\\\/secure.gravatar.com\\\/avatar\\\/358fe31b3ab5769fea05376e1953329834cd9912cf9daf607e2af3076a1b982b?s=96&d=mm&r=g\",\"caption\":\"rtnews\"},\"url\":\"https:\\\/\\\/now-news.de\\\/de\\\/author\\\/rnews\\\/\"}]}<\/script>\n<!-- \/ Yoast SEO Premium plugin. -->","yoast_head_json":{"title":"Trump: Russland geh\u00f6rt wieder an den Tisch der internationalen Politik - just-now.NEWS Deutschland","robots":{"index":"index","follow":"follow","max-snippet":"max-snippet:-1","max-image-preview":"max-image-preview:large","max-video-preview":"max-video-preview:-1"},"canonical":"https:\/\/now-news.de\/de\/deutschland\/trump-russland-gehoert-wieder-an-den-tisch-der-internationalen-politik\/","og_locale":"de_DE","og_type":"article","og_title":"Trump: Russland geh\u00f6rt wieder an den Tisch der internationalen Politik","og_description":"US-Pr\u00e4sident Trump stellt sich gegen den europ\u00e4ischen Widerstand bez\u00fcglich Russlands Teilnahme am G20\u2011Treffen. W\u00e4hrend EU-Vertreter das traditionelle &#8220;Familienfoto&#8221; mit dem russischen Finanzminister Siluanow boykottierten, setzt Trump auf Dialog und Einbindung Moskaus. US-Pr\u00e4sident Donald Trump begr\u00fc\u00dfte die Teilnahme einer hochrangigen russischen Delegation am G20\u2011Treffen. Damit setzte er sich \u00fcber die Proteste europ\u00e4ischer Vertreter hinweg, die sich [&hellip;]","og_url":"https:\/\/now-news.de\/de\/deutschland\/trump-russland-gehoert-wieder-an-den-tisch-der-internationalen-politik\/","og_site_name":"just-now.NEWS Deutschland","article_publisher":"https:\/\/www.facebook.com\/wirmachenauf","article_published_time":"2026-09-01T14:48:13+00:00","og_image":[{"url":"https:\/\/now-news.de\/de\/wp-content\/uploads\/sites\/3\/2026\/09\/6a96bed048fbef78df55ff30.jpg","type":"","width":"","height":""}],"author":"rtnews","twitter_card":"summary_large_image","twitter_creator":"@WirMachenAuf_de","twitter_site":"@WirMachenAuf_de","twitter_misc":{"Verfasst von":"rtnews","Gesch\u00e4tzte Lesezeit":"3\u00a0Minuten"},"schema":{"@context":"https:\/\/schema.org","@graph":[{"@type":"Article","@id":"https:\/\/now-news.de\/de\/deutschland\/trump-russland-gehoert-wieder-an-den-tisch-der-internationalen-politik\/#article","isPartOf":{"@id":"https:\/\/now-news.de\/de\/deutschland\/trump-russland-gehoert-wieder-an-den-tisch-der-internationalen-politik\/"},"author":{"name":"rtnews","@id":"https:\/\/now-news.de\/de\/#\/schema\/person\/fb534a4e865501d8b3285208df34a9b5"},"headline":"Trump: Russland geh\u00f6rt wieder an den Tisch der internationalen Politik","datePublished":"2026-09-01T14:48:13+00:00","mainEntityOfPage":{"@id":"https:\/\/now-news.de\/de\/deutschland\/trump-russland-gehoert-wieder-an-den-tisch-der-internationalen-politik\/"},"wordCount":577,"commentCount":0,"publisher":{"@id":"https:\/\/now-news.de\/de\/#organization"},"image":{"@id":"https:\/\/now-news.de\/de\/deutschland\/trump-russland-gehoert-wieder-an-den-tisch-der-internationalen-politik\/#primaryimage"},"thumbnailUrl":"https:\/\/now-news.de\/de\/wp-content\/uploads\/sites\/3\/2026\/09\/Trump-Russland-gehoert-wieder-an-den-Tisch-der-internationalen-Politik.jpg","keywords":["den","der","geh\u00f6rt","internationalen","Politik","russland","Tisch","trump","wieder"],"articleSection":["Deutschland","Russland"],"inLanguage":"de","potentialAction":[{"@type":"CommentAction","name":"Comment","target":["https:\/\/now-news.de\/de\/deutschland\/trump-russland-gehoert-wieder-an-den-tisch-der-internationalen-politik\/#respond"]}]},{"@type":"WebPage","@id":"https:\/\/now-news.de\/de\/deutschland\/trump-russland-gehoert-wieder-an-den-tisch-der-internationalen-politik\/","url":"https:\/\/now-news.de\/de\/deutschland\/trump-russland-gehoert-wieder-an-den-tisch-der-internationalen-politik\/","name":"Trump: Russland geh\u00f6rt wieder an den Tisch der internationalen Politik - just-now.NEWS Deutschland","isPartOf":{"@id":"https:\/\/now-news.de\/de\/#website"},"primaryImageOfPage":{"@id":"https:\/\/now-news.de\/de\/deutschland\/trump-russland-gehoert-wieder-an-den-tisch-der-internationalen-politik\/#primaryimage"},"image":{"@id":"https:\/\/now-news.de\/de\/deutschland\/trump-russland-gehoert-wieder-an-den-tisch-der-internationalen-politik\/#primaryimage"},"thumbnailUrl":"https:\/\/now-news.de\/de\/wp-content\/uploads\/sites\/3\/2026\/09\/Trump-Russland-gehoert-wieder-an-den-Tisch-der-internationalen-Politik.jpg","datePublished":"2026-09-01T14:48:13+00:00","breadcrumb":{"@id":"https:\/\/now-news.de\/de\/deutschland\/trump-russland-gehoert-wieder-an-den-tisch-der-internationalen-politik\/#breadcrumb"},"inLanguage":"de","potentialAction":[{"@type":"ReadAction","target":["https:\/\/now-news.de\/de\/deutschland\/trump-russland-gehoert-wieder-an-den-tisch-der-internationalen-politik\/"]}]},{"@type":"ImageObject","inLanguage":"de","@id":"https:\/\/now-news.de\/de\/deutschland\/trump-russland-gehoert-wieder-an-den-tisch-der-internationalen-politik\/#primaryimage","url":"https:\/\/now-news.de\/de\/wp-content\/uploads\/sites\/3\/2026\/09\/Trump-Russland-gehoert-wieder-an-den-Tisch-der-internationalen-Politik.jpg","contentUrl":"https:\/\/now-news.de\/de\/wp-content\/uploads\/sites\/3\/2026\/09\/Trump-Russland-gehoert-wieder-an-den-Tisch-der-internationalen-Politik.jpg","width":460,"height":259,"caption":"Trump: Russland geh\u00f6rt wieder an den Tisch der internationalen Politik"},{"@type":"BreadcrumbList","@id":"https:\/\/now-news.de\/de\/deutschland\/trump-russland-gehoert-wieder-an-den-tisch-der-internationalen-politik\/#breadcrumb","itemListElement":[{"@type":"ListItem","position":1,"name":"Home","item":"https:\/\/now-news.de\/de\/"},{"@type":"ListItem","position":2,"name":"Trump: Russland geh\u00f6rt wieder an den Tisch der internationalen Politik"}]},{"@type":"WebSite","@id":"https:\/\/now-news.de\/de\/#website","url":"https:\/\/now-news.de\/de\/","name":"just-now.NEWS Deutschland","description":"Das Portal f\u00fcr unzensierte Nachrichten aus der Welt","publisher":{"@id":"https:\/\/now-news.de\/de\/#organization"},"potentialAction":[{"@type":"SearchAction","target":{"@type":"EntryPoint","urlTemplate":"https:\/\/now-news.de\/de\/?s={search_term_string}"},"query-input":{"@type":"PropertyValueSpecification","valueRequired":true,"valueName":"search_term_string"}}],"inLanguage":"de"},{"@type":"Organization","@id":"https:\/\/now-news.de\/de\/#organization","name":"Just Now News","url":"https:\/\/now-news.de\/de\/","logo":{"@type":"ImageObject","inLanguage":"de","@id":"https:\/\/now-news.de\/de\/#\/schema\/logo\/image\/","url":"http:\/\/just-now.news\/de\/wp-content\/uploads\/sites\/3\/2022\/04\/logo500x500.jpg","contentUrl":"http:\/\/just-now.news\/de\/wp-content\/uploads\/sites\/3\/2022\/04\/logo500x500.jpg","width":500,"height":500,"caption":"Just Now News"},"image":{"@id":"https:\/\/now-news.de\/de\/#\/schema\/logo\/image\/"},"sameAs":["https:\/\/www.facebook.com\/wirmachenauf","https:\/\/x.com\/WirMachenAuf_de"]},{"@type":"Person","@id":"https:\/\/now-news.de\/de\/#\/schema\/person\/fb534a4e865501d8b3285208df34a9b5","name":"rtnews","image":{"@type":"ImageObject","inLanguage":"de","@id":"https:\/\/secure.gravatar.com\/avatar\/358fe31b3ab5769fea05376e1953329834cd9912cf9daf607e2af3076a1b982b?s=96&d=mm&r=g","url":"https:\/\/secure.gravatar.com\/avatar\/358fe31b3ab5769fea05376e1953329834cd9912cf9daf607e2af3076a1b982b?s=96&d=mm&r=g","contentUrl":"https:\/\/secure.gravatar.com\/avatar\/358fe31b3ab5769fea05376e1953329834cd9912cf9daf607e2af3076a1b982b?s=96&d=mm&r=g","caption":"rtnews"},"url":"https:\/\/now-news.de\/de\/author\/rnews\/"}]}},"_links":{"self":[{"href":"https:\/\/now-news.de\/de\/wp-json\/wp\/v2\/posts\/109738","targetHints":{"allow":["GET"]}}],"collection":[{"href":"https:\/\/now-news.de\/de\/wp-json\/wp\/v2\/posts"}],"about":[{"href":"https:\/\/now-news.de\/de\/wp-json\/wp\/v2\/types\/post"}],"author":[{"embeddable":true,"href":"https:\/\/now-news.de\/de\/wp-json\/wp\/v2\/users\/3"}],"replies":[{"embeddable":true,"href":"https:\/\/now-news.de\/de\/wp-json\/wp\/v2\/comments?post=109738"}],"version-history":[{"count":0,"href":"https:\/\/now-news.de\/de\/wp-json\/wp\/v2\/posts\/109738\/revisions"}],"wp:featuredmedia":[{"embeddable":true,"href":"https:\/\/now-news.de\/de\/wp-json\/wp\/v2\/media\/109739"}],"wp:attachment":[{"href":"https:\/\/now-news.de\/de\/wp-json\/wp\/v2\/media?parent=109738"}],"wp:term":[{"taxonomy":"category","embeddable":true,"href":"https:\/\/now-news.de\/de\/wp-json\/wp\/v2\/categories?post=109738"},{"taxonomy":"post_tag","embeddable":true,"href":"https:\/\/now-news.de\/de\/wp-json\/wp\/v2\/tags?post=109738"}],"curies":[{"name":"wp","href":"https:\/\/api.w.org\/{rel}","templated":true}]}}