{"id":109734,"date":"2026-09-01T16:05:57","date_gmt":"2026-09-01T14:05:57","guid":{"rendered":"https:\/\/now-news.de\/de\/deutschland\/harter-rueckschlag-fuer-bruessel-islaender-lehnen-einen-beitritt-zur-eu-ab\/"},"modified":"2026-09-01T16:05:57","modified_gmt":"2026-09-01T14:05:57","slug":"harter-rueckschlag-fuer-bruessel-islaender-lehnen-einen-beitritt-zur-eu-ab","status":"publish","type":"post","link":"https:\/\/now-news.de\/de\/deutschland\/harter-rueckschlag-fuer-bruessel-islaender-lehnen-einen-beitritt-zur-eu-ab\/","title":{"rendered":"Harter R\u00fcckschlag f\u00fcr Br\u00fcssel: Isl\u00e4nder lehnen einen Beitritt zur EU ab"},"content":{"rendered":"<p><img decoding=\"async\" src=\"https:\/\/now-news.de\/de\/wp-content\/uploads\/sites\/3\/2026\/09\/6a96b6a848fbef73c32dd207.jpg\" \/><\/p>\n<div class=\"Text-root Text-type_1 \">\n                Island sagt &#8220;Nein&#8221; zur EU \u2013 und Br\u00fcssel ist konsterniert. Mit 52,8 Prozent lehnen die Isl\u00e4nder die Wiederaufnahme von Beitrittsverhandlungen ab. Der Fischereisektor, die Souver\u00e4nit\u00e4t und die Sorge vor den wirtschaftlichen Folgen gaben den Ausschlag.\n            <\/div>\n<p><\/p>\n<div class=\"Text-root Text-type_5 ArticleView-text ViewText-root \">\n<p><em>Von Pierre Levy<\/em><\/p>\n<\/p>\n<p>In Br\u00fcssel herrscht Best\u00fcrzung. Bei einer Volksabstimmung am 29. August \u00fcber den m\u00f6glichen Beitritt Islands zur Europ\u00e4ischen Union lehnten 52,8\u00a0Prozent der B\u00fcrger dieses Inselstaates mit 400.000 Einwohnern den Beitritt deutlich ab \u2013 47,2 Prozent haben mit &#8220;Ja&#8221; gestimmt.<\/p>\n<p>Die Wahlbeteiligung war besonders hoch: 82,5 Prozent der Wahlberechtigten gingen an die Urnen, um \u00fcber diese entscheidende Frage zur Souver\u00e4nit\u00e4t des Landes abzustimmen. Unter diesen Umst\u00e4nden stellt dieses Ergebnis sowohl f\u00fcr die regierende sogenannte &#8220;Mitte-Links&#8221;-Koalition, die diese Volksbefragung\u00a0initiiert hatte, als auch f\u00fcr die EU-Institutionen eine schwere Niederlage dar.<\/p>\n<p>Ein Schlag ins Gesicht, aber vor allem eine sowohl symbolische als auch politische Niederlage f\u00fcr die Bef\u00fcrworter der europ\u00e4ischen Integration. Symbolisch, weil man in den Fluren der Kommission fest damit gerechnet hatte, dass dieses Ereignis das Ansehen der EU wieder aufpolieren w\u00fcrde\u00a0\u2013 war es doch reichlich angeschlagen durch den Austritt Gro\u00dfbritanniens und anschlie\u00dfend durch die Streitigkeiten und die L\u00e4hmung (abgesehen von der milit\u00e4rischen und finanziellen Unterst\u00fctzung f\u00fcr die Ukraine), die das Handeln der EU-Institutionen seitdem pr\u00e4gen. Die Hoffnung, den Block der 27 Mitgliedstaaten so pr\u00e4sentieren zu k\u00f6nnen, dass er bei den V\u00f6lkern Begehren weckt, ist mit dieser Abstimmung zerschlagen.<\/p>\n<p>Politisch, denn der Sieg des &#8220;Nein&#8221;, der rein rechnerisch bereits klar ist, ist in Wirklichkeit noch deutlicher, als es den Anschein hat. Denn tats\u00e4chlich bezog sich die gestellte Frage nicht auf einen sofortigen Beitritt, sondern darauf, ob die Verhandlungen in dieser Richtung mit Br\u00fcssel wieder aufgenommen werden sollten oder nicht. In diesem Kontext hatten einige Gruppen unter dem Motto &#8220;Ja,\u00a0mal sehen&#8221; Wahlkampf betrieben. Mit anderen Worten: Schauen wir uns an, was die EU anzubieten hat, ohne uns auf das Weitere festzulegen.<\/p>\n<p>Es steht daher fest, dass eine gewisse Anzahl von W\u00e4hlern, die diese Frage positiv beantwortet haben, dennoch keine Bef\u00fcrworter des Beitritts sind \u2013 und es wahrscheinlich auch nie geworden w\u00e4ren.<\/p>\n<p>Umfragen best\u00e4tigen im \u00dcbrigen eine mehrheitliche Ablehnung des Beitritts, obwohl sie dieses Mal einen knappen Sieg f\u00fcr das &#8220;Ja&#8221; vorhergesagt hatten.<\/p>\n<p>Doch was hat die Regierung \u2013 gest\u00fctzt von einer Koalition aus Sozialdemokraten, der Reformpartei (zentristisch, sehr EU-freundlich) und der Volkspartei (links) \u2013 dazu bewogen, sich auf dieses Abenteuer einzulassen? Um dies zu verstehen, muss man bis ins Jahr 2009 zur\u00fcckgehen. In jenem Jahr erlebte das Land einen regelrechten finanziellen, wirtschaftlichen und sozialen Tsunami, ausgel\u00f6st durch die sogenannte US-&#8220;Subprime&#8221;-Krise, die anschlie\u00dfend den Alten Kontinent erfasste. Die drei gro\u00dfen isl\u00e4ndischen Banken gingen in Konkurs; heftige Demonstrationen richteten sich gegen eine Regierung, die kurz vor dem Zusammenbruch stand.<\/p>\n<p>Die EU-Bef\u00fcrworter hatten damals die Idee, die Umst\u00e4nde zu nutzen, um den Beitritt als einzige Rettungschance darzustellen. Im Jahr 2010 begannen also &#8220;Verhandlungen&#8221; mit Br\u00fcssel, deren Erfolg umso wahrscheinlicher erschien, als das Land (wie beispielsweise Norwegen) dem Europ\u00e4ischen Wirtschaftsraum (EWR) angeh\u00f6rt und in dieser Eigenschaft bereits zahlreiche EU-Vorschriften einh\u00e4lt \u2013 ganz anders als in den Balkanl\u00e4ndern, wo nach Ansicht Br\u00fcssels alles erst noch an die EU-Standards angepasst werden muss.<\/p>\n<p>Nur dass sich die isl\u00e4ndische Wirtschaft letztendlich als resilienter erwies, als erwartet, w\u00e4hrend die (damals) 28 Mitgliedstaaten im Gegensatz dazu M\u00fche haben, sich aus der Flaute zu befreien, in der sie steckten. Unter dem Einfluss der Unabh\u00e4ngigkeitspartei, die sich gegen einen EU-Beitritt aussprach und bei den Wahlen 2013 den ersten Platz belegte, wurden die Verhandlungen mit der Europ\u00e4ischen Kommission im Jahr 2015 schlie\u00dflich auf unbestimmte Zeit ausgesetzt.<\/p>\n<p>Im November 2024 kam jedoch die derzeitige Koalition an die Macht. Im Koalitionsvertrag ist die Durchf\u00fchrung eines Referendums bis Ende 2027 vorgesehen. Doch indirekt hat der US-Pr\u00e4sident diesen Zeitplan beschleunigt.<\/p>\n<p>Donald Trump bekr\u00e4ftigte n\u00e4mlich, kaum dass er ins Wei\u00dfe Haus zur\u00fcckgekehrt\u00a0war,\u00a0seinen Willen, Gr\u00f6nland zu annektieren.\u00a0Und das war\u00a0f\u00fcr den kleinen Nachbarstaat Island schon sehr beunruhigend. Schlimmer noch: In seiner Rede in Davos Ende Januar 2026 verwechselte er viermal die beiden nordischen L\u00e4nder \u2026<\/p>\n<p>Unter diesen Umst\u00e4nden\u00a0waren sowohl die Reformpartei als auch die Sozialdemokraten der Ansicht, dass sich hier ein Wahlkampfthema bietet: Angesichts des amerikanischen Unget\u00fcms sei es besser, Teil eines starken und organisierten Ganzen zu sein. Da sie \u00fcberzeugt waren, dass der Zeitpunkt sehr g\u00fcnstig sei,\u00a0gingen sie das Risiko ein, den Termin auf August 2027 vorzuverlegen. Und zwar mit dem stillschweigenden Segen der EU-Kommissionspr\u00e4sidentin: Diese rechnete fest damit, in ihrer f\u00fcr den 16. September geplanten Jahresrede die F\u00e4higkeit der EU r\u00fchmen zu k\u00f6nnen, neue L\u00e4nder zu verf\u00fchren.<\/p>\n<p>Aber nichts ist wie geplant verlaufen. Die EU-Gegner f\u00fchrten einen Wahlkampf, in dem sie die Notwendigkeit betonten, die Unabh\u00e4ngigkeit des Landes zu wahren, und trafen damit offensichtlich einen wunden Punkt. Die Mehrheit der Arbeitgeberverb\u00e4nde sowie die gro\u00dfen Gewerkschaften\u00a0schlugen sich auf diese Seite. Diese gemeinsame Haltung mag paradox erscheinen, l\u00e4sst sich jedoch insbesondere\u00a0anhand der Bedeutung des Fischereisektors f\u00fcr die Wirtschaft des Landes erkl\u00e4ren. Dieser macht 7\u00a0Prozent seines Bruttoinlandsprodukts (BIP) und sogar 40 der isl\u00e4ndischen Exporte aus.<\/p>\n<p>8.000 Arbeitspl\u00e4tze h\u00e4ngen direkt davon ab, und noch weit mehr, wenn man die damit verbundenen T\u00e4tigkeiten mit einbezieht. Die Aussicht, die Kontrolle \u00fcber die ausgedehnten Fischereigebiete rund um die Insel zu verlieren (Gebiete, die f\u00fcr die Flotten der 27 EU-Mitgliedstaaten zug\u00e4nglich w\u00fcrden und unter die Verwaltung Br\u00fcssels fielen), erschien unter diesen Umst\u00e4nden katastrophal.<\/p>\n<p>Eine weitere Folge w\u00e4re das Ende der Beschr\u00e4nkung f\u00fcr ausl\u00e4ndische Firmen, sich am Kapital isl\u00e4ndischer Unternehmen zu beteiligen \u2013 diese Beteiligung darf derzeit 25\u00a0Prozent nicht \u00fcberschreiten. Damit w\u00e4ren die Voraussetzungen f\u00fcr &#8220;Sozialdumping&#8221; geschaffen,\u00a0was das derzeitige Gleichgewicht der Fischereibranche zerst\u00f6ren w\u00fcrde; diese gew\u00e4hrleistet heute relativ hohe L\u00f6hne.<\/p>\n<p>Entgegen den Darstellungen derjenigen, die von dem Ergebnis entt\u00e4uscht sind,\u00a0kann die Fischerei indes nicht f\u00fcr alles als Erkl\u00e4rung herhalten. Der Agrarsektor teilt diese Sichtweise ebenfalls. Ganz allgemein w\u00fcrde das ganze Land leiden: Aufgrund seines relativen Wohlstands w\u00fcrde es bereits ab dem Beitritt zu einem Nettozahler des Gemeinschaftshaushalts werden. Einigen Berechnungen zufolge m\u00fcsste Reykjav\u00edk 9\u00a0Prozent des Staatshaushalts an Br\u00fcssel abf\u00fchren \u2013 ein sehr hoher Beitrag, der zudem mit Zw\u00e4ngen und Einschr\u00e4nkungen einhergehen w\u00fcrde.<\/p>\n<p>Angesichts dessen verwiesen die EU-Bef\u00fcrworter auf die j\u00fcngste Anhebung (auf 8 Prozent) des Leitzinses der isl\u00e4ndischen Zentralbank und die damit verbundenen Folgen f\u00fcr die Verteuerung von Krediten f\u00fcr Privatpersonen und Unternehmen. Doch das Argument vom &#8220;sch\u00fctzenden Euro&#8221; hat nicht \u00fcberzeugt. Ebenso wenig wie die Wiederholung eines alten Klassikers, wonach &#8220;es besser ist, am EU-Tisch zu sitzen, um an den Entscheidungen mitzuwirken.&#8221;<\/p>\n<p>Schlie\u00dflich h\u00e4tten sich die W\u00e4hler in der Hauptstadt eher f\u00fcr das &#8220;Ja&#8221; entschieden, versuchten sich die Verlierer zu tr\u00f6sten. Tats\u00e4chlich trennen die beiden Lager in Reykjav\u00edk-Nord nur 6.000 Stimmen und in Reykjav\u00edk-S\u00fcd 4.000 Stimmen \u2013 kein Grund, von einem Erdrutschsieg bei den Stadtbewohnern zu sprechen.<\/p>\n<p>Kurz gesagt: Am 29. August zerplatzte der in Br\u00fcssel gehegte Traum, ein Land f\u00fcr sich zu gewinnen, das wieder reich geworden ist (und daher wenig Lust hatte, sich rupfen zu lassen \u2026) und das strategisch g\u00fcnstig in der arktischen Region zwischen dem europ\u00e4ischen und dem amerikanischen Kontinent liegt.<\/p>\n<p>Die (sozialdemokratische) Regierungschefin versprach ihrerseits, die EU-Frage bis zu den n\u00e4chsten Wahlen im Jahr 2028 nicht erneut zur Sprache zu bringen. Das war das Mindeste, was sie tun konnte.<\/p>\n<p>Aber aus europ\u00e4ischer Sicht untergr\u00e4bt diese Episode die Parole, die Br\u00fcssel \u2013 und die ihm wohlgesonnenen Medien \u2013 seit einigen Jahren zu verbreiten versuchen: Laut Umfragen w\u00fcrden die Briten den Brexit massiv bereuen, was beweisen soll, dass die EU unweigerlich attraktiv sei, sobald man ihr nicht mehr oder noch nicht angeh\u00f6re.<\/p>\n<p>Die isl\u00e4ndische Widerlegung dieses Narrativs ist unmissverst\u00e4ndlich.<\/p>\n<p><strong>Mehr zum Thema\u00a0<\/strong>\u2013 <a rel=\"nofollow\" target=\"_blank\" href=\"https:\/\/de-rtnews.com\/inland\/287025-islaendische-ministerpraesidentin-auf-berlin-besuch\/\">Isl\u00e4ndische Ministerpr\u00e4sidentin auf Berlin-Besuch<\/a><\/p>\n<div class=\"EmbedBlock-root EmbedBlock-externalVideo EmbedBlock-rumble\">\n<div class=\"VkEmbed\"><iframe class=\"lazyload\" data-src=\"https:\/\/rumble.com\/embed\/v7cokja\" frameborder=\"0\" width=\"853\" height=\"480\" allowfullscreen><\/iframe><\/div>\n<\/div>\n<\/div>\n<p><br \/>\n<br \/><a href=\"https:\/\/de.rt.com\/europa\/290321-harter-rueckschlag-fuer-bruessel-islaender\/\">Source link <\/a><\/p>\n","protected":false},"excerpt":{"rendered":"<p>Island sagt &#8220;Nein&#8221; zur EU \u2013 und Br\u00fcssel ist konsterniert. Mit 52,8 Prozent lehnen die Isl\u00e4nder die Wiederaufnahme von Beitrittsverhandlungen ab. Der Fischereisektor, die Souver\u00e4nit\u00e4t und die Sorge vor den wirtschaftlichen Folgen gaben den Ausschlag. Von Pierre Levy In Br\u00fcssel herrscht Best\u00fcrzung. Bei einer Volksabstimmung am 29. August \u00fcber den m\u00f6glichen Beitritt Islands zur Europ\u00e4ischen [&hellip;]<\/p>\n","protected":false},"author":3,"featured_media":109735,"comment_status":"open","ping_status":"open","sticky":false,"template":"","format":"standard","meta":{"wp_automatic_camp":["217"],"eecfbbecb5f59ffc4c5424842193b36c":["Harter R\u00fcckschlag f\u00fcr Br\u00fcssel: Isl\u00e4nder lehnen einen Beitritt zur EU ab"],"original_link":["https:\/\/de.rt.com\/europa\/290321-harter-rueckschlag-fuer-bruessel-islaender\/"],"_thumbnail_id":["109735"],"_wptgpro_p2tg_sent2tg":["a:1:{i:23737;s:19:\"2026-09-01 16:19:30\";}"],"jnews_social_counter_last_update":["1788279570"]},"categories":[19,23],"tags":[20061,17026,768,221,4273,75951,19043,27153,581],"class_list":["post-109734","post","type-post","status-publish","format-standard","has-post-thumbnail","hentry","category-deutschland","category-russland","tag-beitritt","tag-bruessel","tag-einen","tag-fuer","tag-haerter","tag-islaender","tag-lehnen","tag-rueckschlag","tag-zur"],"yoast_head":"<!-- This site is optimized with the Yoast SEO Premium plugin v22.7 (Yoast SEO v28.2) - https:\/\/yoast.com\/product\/yoast-seo-premium-wordpress\/ -->\n<title>Harter R\u00fcckschlag f\u00fcr Br\u00fcssel: Isl\u00e4nder lehnen einen Beitritt zur EU ab - just-now.NEWS Deutschland<\/title>\n<meta name=\"robots\" content=\"index, follow, max-snippet:-1, max-image-preview:large, max-video-preview:-1\" \/>\n<link rel=\"canonical\" href=\"https:\/\/now-news.de\/de\/deutschland\/harter-rueckschlag-fuer-bruessel-islaender-lehnen-einen-beitritt-zur-eu-ab\/\" \/>\n<meta property=\"og:locale\" content=\"de_DE\" \/>\n<meta property=\"og:type\" content=\"article\" \/>\n<meta property=\"og:title\" content=\"Harter R\u00fcckschlag f\u00fcr Br\u00fcssel: Isl\u00e4nder lehnen einen Beitritt zur EU ab\" \/>\n<meta property=\"og:description\" content=\"Island sagt &#8220;Nein&#8221; zur EU \u2013 und Br\u00fcssel ist konsterniert. Mit 52,8 Prozent lehnen die Isl\u00e4nder die Wiederaufnahme von Beitrittsverhandlungen ab. Der Fischereisektor, die Souver\u00e4nit\u00e4t und die Sorge vor den wirtschaftlichen Folgen gaben den Ausschlag. Von Pierre Levy In Br\u00fcssel herrscht Best\u00fcrzung. Bei einer Volksabstimmung am 29. August \u00fcber den m\u00f6glichen Beitritt Islands zur Europ\u00e4ischen [&hellip;]\" \/>\n<meta property=\"og:url\" content=\"https:\/\/now-news.de\/de\/deutschland\/harter-rueckschlag-fuer-bruessel-islaender-lehnen-einen-beitritt-zur-eu-ab\/\" \/>\n<meta property=\"og:site_name\" content=\"just-now.NEWS Deutschland\" \/>\n<meta property=\"article:publisher\" content=\"https:\/\/www.facebook.com\/wirmachenauf\" \/>\n<meta property=\"article:published_time\" content=\"2026-09-01T14:05:57+00:00\" \/>\n<meta property=\"og:image\" content=\"https:\/\/now-news.de\/de\/wp-content\/uploads\/sites\/3\/2026\/09\/6a96b6a848fbef73c32dd207.jpg\" \/>\n<meta name=\"author\" content=\"rtnews\" \/>\n<meta name=\"twitter:card\" content=\"summary_large_image\" \/>\n<meta name=\"twitter:creator\" content=\"@WirMachenAuf_de\" \/>\n<meta name=\"twitter:site\" content=\"@WirMachenAuf_de\" \/>\n<meta name=\"twitter:label1\" content=\"Verfasst von\" \/>\n\t<meta name=\"twitter:data1\" content=\"rtnews\" \/>\n\t<meta name=\"twitter:label2\" content=\"Gesch\u00e4tzte Lesezeit\" \/>\n\t<meta name=\"twitter:data2\" content=\"7\u00a0Minuten\" \/>\n<script type=\"application\/ld+json\" class=\"yoast-schema-graph\">{\"@context\":\"https:\\\/\\\/schema.org\",\"@graph\":[{\"@type\":\"Article\",\"@id\":\"https:\\\/\\\/now-news.de\\\/de\\\/deutschland\\\/harter-rueckschlag-fuer-bruessel-islaender-lehnen-einen-beitritt-zur-eu-ab\\\/#article\",\"isPartOf\":{\"@id\":\"https:\\\/\\\/now-news.de\\\/de\\\/deutschland\\\/harter-rueckschlag-fuer-bruessel-islaender-lehnen-einen-beitritt-zur-eu-ab\\\/\"},\"author\":{\"name\":\"rtnews\",\"@id\":\"https:\\\/\\\/now-news.de\\\/de\\\/#\\\/schema\\\/person\\\/fb534a4e865501d8b3285208df34a9b5\"},\"headline\":\"Harter R\u00fcckschlag f\u00fcr Br\u00fcssel: Isl\u00e4nder lehnen einen Beitritt zur EU ab\",\"datePublished\":\"2026-09-01T14:05:57+00:00\",\"mainEntityOfPage\":{\"@id\":\"https:\\\/\\\/now-news.de\\\/de\\\/deutschland\\\/harter-rueckschlag-fuer-bruessel-islaender-lehnen-einen-beitritt-zur-eu-ab\\\/\"},\"wordCount\":1364,\"commentCount\":0,\"publisher\":{\"@id\":\"https:\\\/\\\/now-news.de\\\/de\\\/#organization\"},\"image\":{\"@id\":\"https:\\\/\\\/now-news.de\\\/de\\\/deutschland\\\/harter-rueckschlag-fuer-bruessel-islaender-lehnen-einen-beitritt-zur-eu-ab\\\/#primaryimage\"},\"thumbnailUrl\":\"https:\\\/\\\/now-news.de\\\/de\\\/wp-content\\\/uploads\\\/sites\\\/3\\\/2026\\\/09\\\/Harter-Rueckschlag-fuer-Bruessel-Islaender-lehnen-einen-Beitritt-zur-EU.jpg\",\"keywords\":[\"Beitritt\",\"Br\u00fcssel\",\"einen\",\"f\u00fcr\",\"h\u00e4rter\",\"Isl\u00e4nder\",\"lehnen\",\"R\u00fcckschlag\",\"zur\"],\"articleSection\":[\"Deutschland\",\"Russland\"],\"inLanguage\":\"de\",\"potentialAction\":[{\"@type\":\"CommentAction\",\"name\":\"Comment\",\"target\":[\"https:\\\/\\\/now-news.de\\\/de\\\/deutschland\\\/harter-rueckschlag-fuer-bruessel-islaender-lehnen-einen-beitritt-zur-eu-ab\\\/#respond\"]}]},{\"@type\":\"WebPage\",\"@id\":\"https:\\\/\\\/now-news.de\\\/de\\\/deutschland\\\/harter-rueckschlag-fuer-bruessel-islaender-lehnen-einen-beitritt-zur-eu-ab\\\/\",\"url\":\"https:\\\/\\\/now-news.de\\\/de\\\/deutschland\\\/harter-rueckschlag-fuer-bruessel-islaender-lehnen-einen-beitritt-zur-eu-ab\\\/\",\"name\":\"Harter R\u00fcckschlag f\u00fcr Br\u00fcssel: Isl\u00e4nder lehnen einen Beitritt zur EU ab - just-now.NEWS Deutschland\",\"isPartOf\":{\"@id\":\"https:\\\/\\\/now-news.de\\\/de\\\/#website\"},\"primaryImageOfPage\":{\"@id\":\"https:\\\/\\\/now-news.de\\\/de\\\/deutschland\\\/harter-rueckschlag-fuer-bruessel-islaender-lehnen-einen-beitritt-zur-eu-ab\\\/#primaryimage\"},\"image\":{\"@id\":\"https:\\\/\\\/now-news.de\\\/de\\\/deutschland\\\/harter-rueckschlag-fuer-bruessel-islaender-lehnen-einen-beitritt-zur-eu-ab\\\/#primaryimage\"},\"thumbnailUrl\":\"https:\\\/\\\/now-news.de\\\/de\\\/wp-content\\\/uploads\\\/sites\\\/3\\\/2026\\\/09\\\/Harter-Rueckschlag-fuer-Bruessel-Islaender-lehnen-einen-Beitritt-zur-EU.jpg\",\"datePublished\":\"2026-09-01T14:05:57+00:00\",\"breadcrumb\":{\"@id\":\"https:\\\/\\\/now-news.de\\\/de\\\/deutschland\\\/harter-rueckschlag-fuer-bruessel-islaender-lehnen-einen-beitritt-zur-eu-ab\\\/#breadcrumb\"},\"inLanguage\":\"de\",\"potentialAction\":[{\"@type\":\"ReadAction\",\"target\":[\"https:\\\/\\\/now-news.de\\\/de\\\/deutschland\\\/harter-rueckschlag-fuer-bruessel-islaender-lehnen-einen-beitritt-zur-eu-ab\\\/\"]}]},{\"@type\":\"ImageObject\",\"inLanguage\":\"de\",\"@id\":\"https:\\\/\\\/now-news.de\\\/de\\\/deutschland\\\/harter-rueckschlag-fuer-bruessel-islaender-lehnen-einen-beitritt-zur-eu-ab\\\/#primaryimage\",\"url\":\"https:\\\/\\\/now-news.de\\\/de\\\/wp-content\\\/uploads\\\/sites\\\/3\\\/2026\\\/09\\\/Harter-Rueckschlag-fuer-Bruessel-Islaender-lehnen-einen-Beitritt-zur-EU.jpg\",\"contentUrl\":\"https:\\\/\\\/now-news.de\\\/de\\\/wp-content\\\/uploads\\\/sites\\\/3\\\/2026\\\/09\\\/Harter-Rueckschlag-fuer-Bruessel-Islaender-lehnen-einen-Beitritt-zur-EU.jpg\",\"width\":460,\"height\":259,\"caption\":\"Harter R\u00fcckschlag f\u00fcr Br\u00fcssel: Isl\u00e4nder lehnen einen Beitritt zur EU ab\"},{\"@type\":\"BreadcrumbList\",\"@id\":\"https:\\\/\\\/now-news.de\\\/de\\\/deutschland\\\/harter-rueckschlag-fuer-bruessel-islaender-lehnen-einen-beitritt-zur-eu-ab\\\/#breadcrumb\",\"itemListElement\":[{\"@type\":\"ListItem\",\"position\":1,\"name\":\"Home\",\"item\":\"https:\\\/\\\/now-news.de\\\/de\\\/\"},{\"@type\":\"ListItem\",\"position\":2,\"name\":\"Harter R\u00fcckschlag f\u00fcr Br\u00fcssel: Isl\u00e4nder lehnen einen Beitritt zur EU ab\"}]},{\"@type\":\"WebSite\",\"@id\":\"https:\\\/\\\/now-news.de\\\/de\\\/#website\",\"url\":\"https:\\\/\\\/now-news.de\\\/de\\\/\",\"name\":\"just-now.NEWS Deutschland\",\"description\":\"Das Portal f\u00fcr unzensierte Nachrichten aus der Welt\",\"publisher\":{\"@id\":\"https:\\\/\\\/now-news.de\\\/de\\\/#organization\"},\"potentialAction\":[{\"@type\":\"SearchAction\",\"target\":{\"@type\":\"EntryPoint\",\"urlTemplate\":\"https:\\\/\\\/now-news.de\\\/de\\\/?s={search_term_string}\"},\"query-input\":{\"@type\":\"PropertyValueSpecification\",\"valueRequired\":true,\"valueName\":\"search_term_string\"}}],\"inLanguage\":\"de\"},{\"@type\":\"Organization\",\"@id\":\"https:\\\/\\\/now-news.de\\\/de\\\/#organization\",\"name\":\"Just Now News\",\"url\":\"https:\\\/\\\/now-news.de\\\/de\\\/\",\"logo\":{\"@type\":\"ImageObject\",\"inLanguage\":\"de\",\"@id\":\"https:\\\/\\\/now-news.de\\\/de\\\/#\\\/schema\\\/logo\\\/image\\\/\",\"url\":\"http:\\\/\\\/just-now.news\\\/de\\\/wp-content\\\/uploads\\\/sites\\\/3\\\/2022\\\/04\\\/logo500x500.jpg\",\"contentUrl\":\"http:\\\/\\\/just-now.news\\\/de\\\/wp-content\\\/uploads\\\/sites\\\/3\\\/2022\\\/04\\\/logo500x500.jpg\",\"width\":500,\"height\":500,\"caption\":\"Just Now News\"},\"image\":{\"@id\":\"https:\\\/\\\/now-news.de\\\/de\\\/#\\\/schema\\\/logo\\\/image\\\/\"},\"sameAs\":[\"https:\\\/\\\/www.facebook.com\\\/wirmachenauf\",\"https:\\\/\\\/x.com\\\/WirMachenAuf_de\"]},{\"@type\":\"Person\",\"@id\":\"https:\\\/\\\/now-news.de\\\/de\\\/#\\\/schema\\\/person\\\/fb534a4e865501d8b3285208df34a9b5\",\"name\":\"rtnews\",\"image\":{\"@type\":\"ImageObject\",\"inLanguage\":\"de\",\"@id\":\"https:\\\/\\\/secure.gravatar.com\\\/avatar\\\/358fe31b3ab5769fea05376e1953329834cd9912cf9daf607e2af3076a1b982b?s=96&d=mm&r=g\",\"url\":\"https:\\\/\\\/secure.gravatar.com\\\/avatar\\\/358fe31b3ab5769fea05376e1953329834cd9912cf9daf607e2af3076a1b982b?s=96&d=mm&r=g\",\"contentUrl\":\"https:\\\/\\\/secure.gravatar.com\\\/avatar\\\/358fe31b3ab5769fea05376e1953329834cd9912cf9daf607e2af3076a1b982b?s=96&d=mm&r=g\",\"caption\":\"rtnews\"},\"url\":\"https:\\\/\\\/now-news.de\\\/de\\\/author\\\/rnews\\\/\"}]}<\/script>\n<!-- \/ Yoast SEO Premium plugin. -->","yoast_head_json":{"title":"Harter R\u00fcckschlag f\u00fcr Br\u00fcssel: Isl\u00e4nder lehnen einen Beitritt zur EU ab - just-now.NEWS Deutschland","robots":{"index":"index","follow":"follow","max-snippet":"max-snippet:-1","max-image-preview":"max-image-preview:large","max-video-preview":"max-video-preview:-1"},"canonical":"https:\/\/now-news.de\/de\/deutschland\/harter-rueckschlag-fuer-bruessel-islaender-lehnen-einen-beitritt-zur-eu-ab\/","og_locale":"de_DE","og_type":"article","og_title":"Harter R\u00fcckschlag f\u00fcr Br\u00fcssel: Isl\u00e4nder lehnen einen Beitritt zur EU ab","og_description":"Island sagt &#8220;Nein&#8221; zur EU \u2013 und Br\u00fcssel ist konsterniert. Mit 52,8 Prozent lehnen die Isl\u00e4nder die Wiederaufnahme von Beitrittsverhandlungen ab. Der Fischereisektor, die Souver\u00e4nit\u00e4t und die Sorge vor den wirtschaftlichen Folgen gaben den Ausschlag. Von Pierre Levy In Br\u00fcssel herrscht Best\u00fcrzung. Bei einer Volksabstimmung am 29. August \u00fcber den m\u00f6glichen Beitritt Islands zur Europ\u00e4ischen [&hellip;]","og_url":"https:\/\/now-news.de\/de\/deutschland\/harter-rueckschlag-fuer-bruessel-islaender-lehnen-einen-beitritt-zur-eu-ab\/","og_site_name":"just-now.NEWS Deutschland","article_publisher":"https:\/\/www.facebook.com\/wirmachenauf","article_published_time":"2026-09-01T14:05:57+00:00","og_image":[{"url":"https:\/\/now-news.de\/de\/wp-content\/uploads\/sites\/3\/2026\/09\/6a96b6a848fbef73c32dd207.jpg","type":"","width":"","height":""}],"author":"rtnews","twitter_card":"summary_large_image","twitter_creator":"@WirMachenAuf_de","twitter_site":"@WirMachenAuf_de","twitter_misc":{"Verfasst von":"rtnews","Gesch\u00e4tzte Lesezeit":"7\u00a0Minuten"},"schema":{"@context":"https:\/\/schema.org","@graph":[{"@type":"Article","@id":"https:\/\/now-news.de\/de\/deutschland\/harter-rueckschlag-fuer-bruessel-islaender-lehnen-einen-beitritt-zur-eu-ab\/#article","isPartOf":{"@id":"https:\/\/now-news.de\/de\/deutschland\/harter-rueckschlag-fuer-bruessel-islaender-lehnen-einen-beitritt-zur-eu-ab\/"},"author":{"name":"rtnews","@id":"https:\/\/now-news.de\/de\/#\/schema\/person\/fb534a4e865501d8b3285208df34a9b5"},"headline":"Harter R\u00fcckschlag f\u00fcr Br\u00fcssel: Isl\u00e4nder lehnen einen Beitritt zur EU ab","datePublished":"2026-09-01T14:05:57+00:00","mainEntityOfPage":{"@id":"https:\/\/now-news.de\/de\/deutschland\/harter-rueckschlag-fuer-bruessel-islaender-lehnen-einen-beitritt-zur-eu-ab\/"},"wordCount":1364,"commentCount":0,"publisher":{"@id":"https:\/\/now-news.de\/de\/#organization"},"image":{"@id":"https:\/\/now-news.de\/de\/deutschland\/harter-rueckschlag-fuer-bruessel-islaender-lehnen-einen-beitritt-zur-eu-ab\/#primaryimage"},"thumbnailUrl":"https:\/\/now-news.de\/de\/wp-content\/uploads\/sites\/3\/2026\/09\/Harter-Rueckschlag-fuer-Bruessel-Islaender-lehnen-einen-Beitritt-zur-EU.jpg","keywords":["Beitritt","Br\u00fcssel","einen","f\u00fcr","h\u00e4rter","Isl\u00e4nder","lehnen","R\u00fcckschlag","zur"],"articleSection":["Deutschland","Russland"],"inLanguage":"de","potentialAction":[{"@type":"CommentAction","name":"Comment","target":["https:\/\/now-news.de\/de\/deutschland\/harter-rueckschlag-fuer-bruessel-islaender-lehnen-einen-beitritt-zur-eu-ab\/#respond"]}]},{"@type":"WebPage","@id":"https:\/\/now-news.de\/de\/deutschland\/harter-rueckschlag-fuer-bruessel-islaender-lehnen-einen-beitritt-zur-eu-ab\/","url":"https:\/\/now-news.de\/de\/deutschland\/harter-rueckschlag-fuer-bruessel-islaender-lehnen-einen-beitritt-zur-eu-ab\/","name":"Harter R\u00fcckschlag f\u00fcr Br\u00fcssel: Isl\u00e4nder lehnen einen Beitritt zur EU ab - just-now.NEWS Deutschland","isPartOf":{"@id":"https:\/\/now-news.de\/de\/#website"},"primaryImageOfPage":{"@id":"https:\/\/now-news.de\/de\/deutschland\/harter-rueckschlag-fuer-bruessel-islaender-lehnen-einen-beitritt-zur-eu-ab\/#primaryimage"},"image":{"@id":"https:\/\/now-news.de\/de\/deutschland\/harter-rueckschlag-fuer-bruessel-islaender-lehnen-einen-beitritt-zur-eu-ab\/#primaryimage"},"thumbnailUrl":"https:\/\/now-news.de\/de\/wp-content\/uploads\/sites\/3\/2026\/09\/Harter-Rueckschlag-fuer-Bruessel-Islaender-lehnen-einen-Beitritt-zur-EU.jpg","datePublished":"2026-09-01T14:05:57+00:00","breadcrumb":{"@id":"https:\/\/now-news.de\/de\/deutschland\/harter-rueckschlag-fuer-bruessel-islaender-lehnen-einen-beitritt-zur-eu-ab\/#breadcrumb"},"inLanguage":"de","potentialAction":[{"@type":"ReadAction","target":["https:\/\/now-news.de\/de\/deutschland\/harter-rueckschlag-fuer-bruessel-islaender-lehnen-einen-beitritt-zur-eu-ab\/"]}]},{"@type":"ImageObject","inLanguage":"de","@id":"https:\/\/now-news.de\/de\/deutschland\/harter-rueckschlag-fuer-bruessel-islaender-lehnen-einen-beitritt-zur-eu-ab\/#primaryimage","url":"https:\/\/now-news.de\/de\/wp-content\/uploads\/sites\/3\/2026\/09\/Harter-Rueckschlag-fuer-Bruessel-Islaender-lehnen-einen-Beitritt-zur-EU.jpg","contentUrl":"https:\/\/now-news.de\/de\/wp-content\/uploads\/sites\/3\/2026\/09\/Harter-Rueckschlag-fuer-Bruessel-Islaender-lehnen-einen-Beitritt-zur-EU.jpg","width":460,"height":259,"caption":"Harter R\u00fcckschlag f\u00fcr Br\u00fcssel: Isl\u00e4nder lehnen einen Beitritt zur EU ab"},{"@type":"BreadcrumbList","@id":"https:\/\/now-news.de\/de\/deutschland\/harter-rueckschlag-fuer-bruessel-islaender-lehnen-einen-beitritt-zur-eu-ab\/#breadcrumb","itemListElement":[{"@type":"ListItem","position":1,"name":"Home","item":"https:\/\/now-news.de\/de\/"},{"@type":"ListItem","position":2,"name":"Harter R\u00fcckschlag f\u00fcr Br\u00fcssel: Isl\u00e4nder lehnen einen Beitritt zur EU ab"}]},{"@type":"WebSite","@id":"https:\/\/now-news.de\/de\/#website","url":"https:\/\/now-news.de\/de\/","name":"just-now.NEWS Deutschland","description":"Das Portal f\u00fcr unzensierte Nachrichten aus der Welt","publisher":{"@id":"https:\/\/now-news.de\/de\/#organization"},"potentialAction":[{"@type":"SearchAction","target":{"@type":"EntryPoint","urlTemplate":"https:\/\/now-news.de\/de\/?s={search_term_string}"},"query-input":{"@type":"PropertyValueSpecification","valueRequired":true,"valueName":"search_term_string"}}],"inLanguage":"de"},{"@type":"Organization","@id":"https:\/\/now-news.de\/de\/#organization","name":"Just Now News","url":"https:\/\/now-news.de\/de\/","logo":{"@type":"ImageObject","inLanguage":"de","@id":"https:\/\/now-news.de\/de\/#\/schema\/logo\/image\/","url":"http:\/\/just-now.news\/de\/wp-content\/uploads\/sites\/3\/2022\/04\/logo500x500.jpg","contentUrl":"http:\/\/just-now.news\/de\/wp-content\/uploads\/sites\/3\/2022\/04\/logo500x500.jpg","width":500,"height":500,"caption":"Just Now News"},"image":{"@id":"https:\/\/now-news.de\/de\/#\/schema\/logo\/image\/"},"sameAs":["https:\/\/www.facebook.com\/wirmachenauf","https:\/\/x.com\/WirMachenAuf_de"]},{"@type":"Person","@id":"https:\/\/now-news.de\/de\/#\/schema\/person\/fb534a4e865501d8b3285208df34a9b5","name":"rtnews","image":{"@type":"ImageObject","inLanguage":"de","@id":"https:\/\/secure.gravatar.com\/avatar\/358fe31b3ab5769fea05376e1953329834cd9912cf9daf607e2af3076a1b982b?s=96&d=mm&r=g","url":"https:\/\/secure.gravatar.com\/avatar\/358fe31b3ab5769fea05376e1953329834cd9912cf9daf607e2af3076a1b982b?s=96&d=mm&r=g","contentUrl":"https:\/\/secure.gravatar.com\/avatar\/358fe31b3ab5769fea05376e1953329834cd9912cf9daf607e2af3076a1b982b?s=96&d=mm&r=g","caption":"rtnews"},"url":"https:\/\/now-news.de\/de\/author\/rnews\/"}]}},"_links":{"self":[{"href":"https:\/\/now-news.de\/de\/wp-json\/wp\/v2\/posts\/109734","targetHints":{"allow":["GET"]}}],"collection":[{"href":"https:\/\/now-news.de\/de\/wp-json\/wp\/v2\/posts"}],"about":[{"href":"https:\/\/now-news.de\/de\/wp-json\/wp\/v2\/types\/post"}],"author":[{"embeddable":true,"href":"https:\/\/now-news.de\/de\/wp-json\/wp\/v2\/users\/3"}],"replies":[{"embeddable":true,"href":"https:\/\/now-news.de\/de\/wp-json\/wp\/v2\/comments?post=109734"}],"version-history":[{"count":0,"href":"https:\/\/now-news.de\/de\/wp-json\/wp\/v2\/posts\/109734\/revisions"}],"wp:featuredmedia":[{"embeddable":true,"href":"https:\/\/now-news.de\/de\/wp-json\/wp\/v2\/media\/109735"}],"wp:attachment":[{"href":"https:\/\/now-news.de\/de\/wp-json\/wp\/v2\/media?parent=109734"}],"wp:term":[{"taxonomy":"category","embeddable":true,"href":"https:\/\/now-news.de\/de\/wp-json\/wp\/v2\/categories?post=109734"},{"taxonomy":"post_tag","embeddable":true,"href":"https:\/\/now-news.de\/de\/wp-json\/wp\/v2\/tags?post=109734"}],"curies":[{"name":"wp","href":"https:\/\/api.w.org\/{rel}","templated":true}]}}