{"id":109728,"date":"2026-09-01T15:09:52","date_gmt":"2026-09-01T13:09:52","guid":{"rendered":"https:\/\/now-news.de\/de\/deutschland\/vor-sachsen-anhalt-wahl-merz-schliesst-cdu-zusammenarbeit-mit-afd-oder-linken-kategorisch-aus\/"},"modified":"2026-09-01T15:09:52","modified_gmt":"2026-09-01T13:09:52","slug":"vor-sachsen-anhalt-wahl-merz-schliesst-cdu-zusammenarbeit-mit-afd-oder-linken-kategorisch-aus","status":"publish","type":"post","link":"https:\/\/now-news.de\/de\/deutschland\/vor-sachsen-anhalt-wahl-merz-schliesst-cdu-zusammenarbeit-mit-afd-oder-linken-kategorisch-aus\/","title":{"rendered":"Vor Sachsen-Anhalt-Wahl: Merz schlie\u00dft CDU-Zusammenarbeit mit AfD oder Linken kategorisch aus"},"content":{"rendered":"<p><img decoding=\"async\" src=\"https:\/\/now-news.de\/de\/wp-content\/uploads\/sites\/3\/2026\/09\/6a96b893b480cc574e32534f.jpg\" \/><\/p>\n<div class=\"Text-root Text-type_1 \">\n                Bundeskanzler Merz durfte laut Forderung der Parteikollegen in Sachsen-Anhalt keinen Kontakt mit den B\u00fcrgern aufnehmen. Im Rahmen seiner Unterst\u00fctzung im Wahlkampf der CDU erkl\u00e4rte der Kanzler abschlie\u00dfend im Interview, dass er nach dem 6. September &#8220;Grenzen f\u00fcr eine Kooperation&#8221; mit der Linken einfordere.\n            <\/div>\n<p><\/p>\n<div class=\"Text-root Text-type_5 ArticleView-text ViewText-root \">\n<p>Bundeskanzler Friedrich Merz verabschiedet sich nach seinem Kurzengagement im ostdeutschen Wahlkampfendspurt seiner Partei mit einer unmissverst\u00e4ndlichen Erkl\u00e4rung an die CDU-Kollegen in Sachsen-Anhalt. Nach dem politischen Verst\u00e4ndnis des Regierungschefs im fernen Berlin\u00a0darf es nach der Landtagswahl in Sachsen-Anhalt &#8220;kein gemeinsames Regierungsprogramm mit der AfD oder den Linken geben&#8221;, so die eindeutige Formulierung im Interview.<\/p>\n<p>In Sachsen-Anhalt grenze sich CDU-Spitzenkandidat Schulze im finalen Wahlkampf von Bundeskanzler Merz &#8220;und der Bundespolitik ab&#8221;, so die Zusammenfassung der Tagesschau-<a rel=\"nofollow\" target=\"_blank\" href=\"https:\/\/www.tagesschau.de\/inland\/innenpolitik\/landtagswahlen-osten-merz-100.html\" target=\"_blank\" rel=\"noopener noreferrer\">Redaktion<\/a> zum Kurzbesuch des Unionschefs im sachsen-anhaltinischen Quedlingburg.<\/p>\n<p>Wenige Tage vor der Wahl am kommenden Sonntag formulierte Merz vor der R\u00fcckkehr nach Berlin zum Thema der m\u00f6glichen Regierungsbildung in Magdeburg seine Erwartung an den CDU-Spitzenkandidaten, um der <em>Mitteldeutschen Zeitung<\/em> und der <em>Magdeburger Volksstimme<\/em> in einem <a rel=\"nofollow\" target=\"_blank\" href=\"https:\/\/www.mz.de\/deutschland-und-welt\/deutschland\/merz-zieht-grenzen-fur-kooperation-mit-der-linken-4311447\" target=\"_blank\" rel=\"noopener noreferrer\">Interview<\/a> zu Protokoll zu geben:<strong><\/strong><\/p>\n<p><em>&#8220;Sowohl bei der AfD als auch bei der Linkspartei gibt es derart fundamentale Unterschiede zur Union, dass eine Zusammenarbeit ausgeschlossen ist.&#8221;<\/em><\/p>\n<p>Auf die Frage, ob eine CDU-gef\u00fchrte Minderheitsregierung unter dem Spitzenkandidaten Sven Schulze auf wechselnde Mehrheiten setzen sollte, f\u00fchrte Merz weiter aus:<\/p>\n<p><em>&#8220;Wir sehen, wie in Th\u00fcringen und Sachsen regiert werden kann. Aber es muss auch klar sein, dass es Grenzen gibt.&#8221;<\/em><\/p>\n<p>Eine Zusammenarbeit mit der AfD oder den Linken sei f\u00fcr Merz daher in Sachsen-Anhalt eindeutig &#8220;ausgeschlossen&#8221;.\u00a0<\/p>\n<p>F\u00fcr CDU-Landesverb\u00e4nde gilt weiterhin der verabschiedete Bundesparteitagsbeschluss aus dem Jahr 2018, der &#8220;Koalitionen und \u00e4hnliche Formen der Zusammenarbeit&#8221; mit der AfD sowie mit der Linkspartei eindeutig ablehnt.<\/p>\n<p>Wie im Interview seitens Merz angedeutet, paktieren in Th\u00fcringen und in Sachsen die dortigen CDU-Landesregierungen von Ministerpr\u00e4sident Mario Voigt und Michael Kretschmer jeweils im Rahmen reiner Rechenmodelle. Regelm\u00e4\u00dfig k\u00f6nnen politische Mehrheiten im Parlament nur mithilfe der Linkspartei umgesetzt werden \u2013 oft, um m\u00f6gliche AfD-Antr\u00e4ge und -Initiativen zu unterbinden.<\/p>\n<p>Am 6. September wird voraussichtlich die AfD erstmals in einem Bundesland mit eindeutiger Mehrheit den ersten Platz in der W\u00e4hlerzustimmung einnehmen und damit automatisch Anspruch auf den Posten des Ministerpr\u00e4sidenten erhalten. Sachsen-Anhalt \u200cd\u00fcrfe daher kein &#8220;Experimentierfeld \u2060f\u00fcr Wutb\u00fcrger&#8221; werden\u2060, so der CDU-Vorsitzende w\u00f6rtlich bei seinem gemeinsamen Auftritt mit CDU-Ministerpr\u00e4sident Schulze in Quedlinburg.<\/p>\n<p>Der <em>Tagesspiegel<\/em> erkl\u00e4rt dazu seinen Lesern, dass &#8220;es in den Umfragen aber eher danach aussieht, dass es zu sehr schwierigen Mehrheitsverh\u00e4ltnissen kommen k\u00f6nnte&#8221;, aufgrund der sogenannten &#8220;Brandmauer-Politik&#8221; der AfD-Konkurrenz.<\/p>\n<p>Merz kritisierte im Interview die AfD und den Wahlkampf von Ulrich Siegmund, um dem Spitzenkandidaten vorzuwerfen, dass &#8220;Herr Siegmund den Menschen etwas vormacht. Er verkl\u00e4rt die Vergangenheit, die er selbst gar nicht erlebt hat&#8221;.<\/p>\n<p>Auf die Abschlussfrage, ob der Kanzler um sein Amt f\u00fcrchte, sollten die beiden kommenden Ost-Wahlen &#8220;zum Desaster f\u00fcr die CDU werden&#8221;, erkl\u00e4rte Merz mit der Erkl\u00e4rung und dem Wissen einer zeitnahen Folgewahl am 20. September in der Hauptstadt:<\/p>\n<p><em>&#8220;Nein. Da wird von au\u00dfen versucht, einen Keil in die Union zu treiben. Das Ergebnis einer Landtagswahl gef\u00e4hrdet nicht die Stabilit\u00e4t der Bundesregierung.&#8221;<\/em><\/p>\n<p><strong>Mehr zum Thema <\/strong>\u2013<strong>\u00a0<\/strong><a rel=\"nofollow\" target=\"_blank\" href=\"https:\/\/de-rtnews.com\/meinung\/290266-der-schock-den-deutschland-braucht\/\" target=\"_blank\" rel=\"noopener noreferrer\">Landtagswahl <\/a><a rel=\"nofollow\" target=\"_blank\" href=\"https:\/\/de-rtnews.com\/meinung\/290266-der-schock-den-deutschland-braucht\/\" target=\"_blank\" rel=\"noopener noreferrer\">in Sachsen-Anhalt: Der Schock, den Deutschland braucht <\/a><\/p>\n<div class=\"EmbedBlock-root EmbedBlock-externalVideo EmbedBlock-rumble\">\n<div class=\"VkEmbed\"><iframe class=\"lazyload\" data-src=\"https:\/\/rumble.com\/embed\/v7cr4i8\" frameborder=\"0\" width=\"853\" height=\"480\" allowfullscreen><\/iframe><\/div>\n<\/div>\n<\/div>\n<p><br \/>\n<br \/><a href=\"https:\/\/de.rt.com\/inland\/290327-vor-sachsen-anhalt-wahl-merz\/\">Source link <\/a><\/p>\n","protected":false},"excerpt":{"rendered":"<p>Bundeskanzler Merz durfte laut Forderung der Parteikollegen in Sachsen-Anhalt keinen Kontakt mit den B\u00fcrgern aufnehmen. Im Rahmen seiner Unterst\u00fctzung im Wahlkampf der CDU erkl\u00e4rte der Kanzler abschlie\u00dfend im Interview, dass er nach dem 6. September &#8220;Grenzen f\u00fcr eine Kooperation&#8221; mit der Linken einfordere. Bundeskanzler Friedrich Merz verabschiedet sich nach seinem Kurzengagement im ostdeutschen Wahlkampfendspurt seiner [&hellip;]<\/p>\n","protected":false},"author":3,"featured_media":109729,"comment_status":"open","ping_status":"open","sticky":false,"template":"","format":"standard","meta":{"wp_automatic_camp":["217"],"fc2782c7ade5367dd79b90e9650c8b49":["Vor Sachsen-Anhalt-Wahl: Merz schlie\u00dft CDU-Zusammenarbeit mit AfD oder Linken kategorisch aus"],"original_link":["https:\/\/de.rt.com\/inland\/290327-vor-sachsen-anhalt-wahl-merz\/"],"_thumbnail_id":["109729"],"_wptgpro_p2tg_sent2tg":["a:1:{i:23737;s:19:\"2026-09-01 15:15:28\";}"],"jnews_social_counter_last_update":["1788275729"]},"categories":[19,23],"tags":[3815,679,75948,29401,7127,18728,419,268,75925,870,320],"class_list":["post-109728","post","type-post","status-publish","format-standard","has-post-thumbnail","hentry","category-deutschland","category-russland","tag-afd","tag-aus","tag-cduzusammenarbeit","tag-kategorisch","tag-linken","tag-merz","tag-mit","tag-oder","tag-sachsenanhaltwahl","tag-schliesst","tag-vor"],"yoast_head":"<!-- This site is optimized with the Yoast SEO Premium plugin v22.7 (Yoast SEO v28.2) - https:\/\/yoast.com\/product\/yoast-seo-premium-wordpress\/ -->\n<title>Vor Sachsen-Anhalt-Wahl: Merz schlie\u00dft CDU-Zusammenarbeit mit AfD oder Linken kategorisch aus - just-now.NEWS Deutschland<\/title>\n<meta name=\"robots\" content=\"index, follow, max-snippet:-1, max-image-preview:large, max-video-preview:-1\" \/>\n<link rel=\"canonical\" href=\"https:\/\/now-news.de\/de\/deutschland\/vor-sachsen-anhalt-wahl-merz-schliesst-cdu-zusammenarbeit-mit-afd-oder-linken-kategorisch-aus\/\" \/>\n<meta property=\"og:locale\" content=\"de_DE\" \/>\n<meta property=\"og:type\" content=\"article\" \/>\n<meta property=\"og:title\" content=\"Vor Sachsen-Anhalt-Wahl: Merz schlie\u00dft CDU-Zusammenarbeit mit AfD oder Linken kategorisch aus\" \/>\n<meta property=\"og:description\" content=\"Bundeskanzler Merz durfte laut Forderung der Parteikollegen in Sachsen-Anhalt keinen Kontakt mit den B\u00fcrgern aufnehmen. Im Rahmen seiner Unterst\u00fctzung im Wahlkampf der CDU erkl\u00e4rte der Kanzler abschlie\u00dfend im Interview, dass er nach dem 6. September &#8220;Grenzen f\u00fcr eine Kooperation&#8221; mit der Linken einfordere. Bundeskanzler Friedrich Merz verabschiedet sich nach seinem Kurzengagement im ostdeutschen Wahlkampfendspurt seiner [&hellip;]\" \/>\n<meta property=\"og:url\" content=\"https:\/\/now-news.de\/de\/deutschland\/vor-sachsen-anhalt-wahl-merz-schliesst-cdu-zusammenarbeit-mit-afd-oder-linken-kategorisch-aus\/\" \/>\n<meta property=\"og:site_name\" content=\"just-now.NEWS Deutschland\" \/>\n<meta property=\"article:publisher\" content=\"https:\/\/www.facebook.com\/wirmachenauf\" \/>\n<meta property=\"article:published_time\" content=\"2026-09-01T13:09:52+00:00\" \/>\n<meta property=\"og:image\" content=\"https:\/\/now-news.de\/de\/wp-content\/uploads\/sites\/3\/2026\/09\/6a96b893b480cc574e32534f.jpg\" \/>\n<meta name=\"author\" content=\"rtnews\" \/>\n<meta name=\"twitter:card\" content=\"summary_large_image\" \/>\n<meta name=\"twitter:creator\" content=\"@WirMachenAuf_de\" \/>\n<meta name=\"twitter:site\" content=\"@WirMachenAuf_de\" \/>\n<meta name=\"twitter:label1\" content=\"Verfasst von\" \/>\n\t<meta name=\"twitter:data1\" content=\"rtnews\" \/>\n\t<meta name=\"twitter:label2\" content=\"Gesch\u00e4tzte Lesezeit\" \/>\n\t<meta name=\"twitter:data2\" content=\"3\u00a0Minuten\" \/>\n<script type=\"application\/ld+json\" class=\"yoast-schema-graph\">{\"@context\":\"https:\\\/\\\/schema.org\",\"@graph\":[{\"@type\":\"Article\",\"@id\":\"https:\\\/\\\/now-news.de\\\/de\\\/deutschland\\\/vor-sachsen-anhalt-wahl-merz-schliesst-cdu-zusammenarbeit-mit-afd-oder-linken-kategorisch-aus\\\/#article\",\"isPartOf\":{\"@id\":\"https:\\\/\\\/now-news.de\\\/de\\\/deutschland\\\/vor-sachsen-anhalt-wahl-merz-schliesst-cdu-zusammenarbeit-mit-afd-oder-linken-kategorisch-aus\\\/\"},\"author\":{\"name\":\"rtnews\",\"@id\":\"https:\\\/\\\/now-news.de\\\/de\\\/#\\\/schema\\\/person\\\/fb534a4e865501d8b3285208df34a9b5\"},\"headline\":\"Vor Sachsen-Anhalt-Wahl: Merz schlie\u00dft CDU-Zusammenarbeit mit AfD oder Linken kategorisch aus\",\"datePublished\":\"2026-09-01T13:09:52+00:00\",\"mainEntityOfPage\":{\"@id\":\"https:\\\/\\\/now-news.de\\\/de\\\/deutschland\\\/vor-sachsen-anhalt-wahl-merz-schliesst-cdu-zusammenarbeit-mit-afd-oder-linken-kategorisch-aus\\\/\"},\"wordCount\":557,\"commentCount\":0,\"publisher\":{\"@id\":\"https:\\\/\\\/now-news.de\\\/de\\\/#organization\"},\"image\":{\"@id\":\"https:\\\/\\\/now-news.de\\\/de\\\/deutschland\\\/vor-sachsen-anhalt-wahl-merz-schliesst-cdu-zusammenarbeit-mit-afd-oder-linken-kategorisch-aus\\\/#primaryimage\"},\"thumbnailUrl\":\"https:\\\/\\\/now-news.de\\\/de\\\/wp-content\\\/uploads\\\/sites\\\/3\\\/2026\\\/09\\\/Vor-Sachsen-Anhalt-Wahl-Merz-schliesst-CDU-Zusammenarbeit-mit-AfD-oder-Linken-kategorisch.jpg\",\"keywords\":[\"AfD\",\"aus\",\"CDUZusammenarbeit\",\"kategorisch\",\"Linken\",\"Merz\",\"mit\",\"oder\",\"SachsenAnhaltWahl\",\"schlie\u00dft\",\"vor\"],\"articleSection\":[\"Deutschland\",\"Russland\"],\"inLanguage\":\"de\",\"potentialAction\":[{\"@type\":\"CommentAction\",\"name\":\"Comment\",\"target\":[\"https:\\\/\\\/now-news.de\\\/de\\\/deutschland\\\/vor-sachsen-anhalt-wahl-merz-schliesst-cdu-zusammenarbeit-mit-afd-oder-linken-kategorisch-aus\\\/#respond\"]}]},{\"@type\":\"WebPage\",\"@id\":\"https:\\\/\\\/now-news.de\\\/de\\\/deutschland\\\/vor-sachsen-anhalt-wahl-merz-schliesst-cdu-zusammenarbeit-mit-afd-oder-linken-kategorisch-aus\\\/\",\"url\":\"https:\\\/\\\/now-news.de\\\/de\\\/deutschland\\\/vor-sachsen-anhalt-wahl-merz-schliesst-cdu-zusammenarbeit-mit-afd-oder-linken-kategorisch-aus\\\/\",\"name\":\"Vor Sachsen-Anhalt-Wahl: Merz schlie\u00dft CDU-Zusammenarbeit mit AfD oder Linken kategorisch aus - just-now.NEWS Deutschland\",\"isPartOf\":{\"@id\":\"https:\\\/\\\/now-news.de\\\/de\\\/#website\"},\"primaryImageOfPage\":{\"@id\":\"https:\\\/\\\/now-news.de\\\/de\\\/deutschland\\\/vor-sachsen-anhalt-wahl-merz-schliesst-cdu-zusammenarbeit-mit-afd-oder-linken-kategorisch-aus\\\/#primaryimage\"},\"image\":{\"@id\":\"https:\\\/\\\/now-news.de\\\/de\\\/deutschland\\\/vor-sachsen-anhalt-wahl-merz-schliesst-cdu-zusammenarbeit-mit-afd-oder-linken-kategorisch-aus\\\/#primaryimage\"},\"thumbnailUrl\":\"https:\\\/\\\/now-news.de\\\/de\\\/wp-content\\\/uploads\\\/sites\\\/3\\\/2026\\\/09\\\/Vor-Sachsen-Anhalt-Wahl-Merz-schliesst-CDU-Zusammenarbeit-mit-AfD-oder-Linken-kategorisch.jpg\",\"datePublished\":\"2026-09-01T13:09:52+00:00\",\"breadcrumb\":{\"@id\":\"https:\\\/\\\/now-news.de\\\/de\\\/deutschland\\\/vor-sachsen-anhalt-wahl-merz-schliesst-cdu-zusammenarbeit-mit-afd-oder-linken-kategorisch-aus\\\/#breadcrumb\"},\"inLanguage\":\"de\",\"potentialAction\":[{\"@type\":\"ReadAction\",\"target\":[\"https:\\\/\\\/now-news.de\\\/de\\\/deutschland\\\/vor-sachsen-anhalt-wahl-merz-schliesst-cdu-zusammenarbeit-mit-afd-oder-linken-kategorisch-aus\\\/\"]}]},{\"@type\":\"ImageObject\",\"inLanguage\":\"de\",\"@id\":\"https:\\\/\\\/now-news.de\\\/de\\\/deutschland\\\/vor-sachsen-anhalt-wahl-merz-schliesst-cdu-zusammenarbeit-mit-afd-oder-linken-kategorisch-aus\\\/#primaryimage\",\"url\":\"https:\\\/\\\/now-news.de\\\/de\\\/wp-content\\\/uploads\\\/sites\\\/3\\\/2026\\\/09\\\/Vor-Sachsen-Anhalt-Wahl-Merz-schliesst-CDU-Zusammenarbeit-mit-AfD-oder-Linken-kategorisch.jpg\",\"contentUrl\":\"https:\\\/\\\/now-news.de\\\/de\\\/wp-content\\\/uploads\\\/sites\\\/3\\\/2026\\\/09\\\/Vor-Sachsen-Anhalt-Wahl-Merz-schliesst-CDU-Zusammenarbeit-mit-AfD-oder-Linken-kategorisch.jpg\",\"width\":460,\"height\":259,\"caption\":\"Vor Sachsen-Anhalt-Wahl: Merz schlie\u00dft CDU-Zusammenarbeit mit AfD oder Linken kategorisch aus\"},{\"@type\":\"BreadcrumbList\",\"@id\":\"https:\\\/\\\/now-news.de\\\/de\\\/deutschland\\\/vor-sachsen-anhalt-wahl-merz-schliesst-cdu-zusammenarbeit-mit-afd-oder-linken-kategorisch-aus\\\/#breadcrumb\",\"itemListElement\":[{\"@type\":\"ListItem\",\"position\":1,\"name\":\"Home\",\"item\":\"https:\\\/\\\/now-news.de\\\/de\\\/\"},{\"@type\":\"ListItem\",\"position\":2,\"name\":\"Vor Sachsen-Anhalt-Wahl: Merz schlie\u00dft CDU-Zusammenarbeit mit AfD oder Linken kategorisch aus\"}]},{\"@type\":\"WebSite\",\"@id\":\"https:\\\/\\\/now-news.de\\\/de\\\/#website\",\"url\":\"https:\\\/\\\/now-news.de\\\/de\\\/\",\"name\":\"just-now.NEWS Deutschland\",\"description\":\"Das Portal f\u00fcr unzensierte Nachrichten aus der Welt\",\"publisher\":{\"@id\":\"https:\\\/\\\/now-news.de\\\/de\\\/#organization\"},\"potentialAction\":[{\"@type\":\"SearchAction\",\"target\":{\"@type\":\"EntryPoint\",\"urlTemplate\":\"https:\\\/\\\/now-news.de\\\/de\\\/?s={search_term_string}\"},\"query-input\":{\"@type\":\"PropertyValueSpecification\",\"valueRequired\":true,\"valueName\":\"search_term_string\"}}],\"inLanguage\":\"de\"},{\"@type\":\"Organization\",\"@id\":\"https:\\\/\\\/now-news.de\\\/de\\\/#organization\",\"name\":\"Just Now News\",\"url\":\"https:\\\/\\\/now-news.de\\\/de\\\/\",\"logo\":{\"@type\":\"ImageObject\",\"inLanguage\":\"de\",\"@id\":\"https:\\\/\\\/now-news.de\\\/de\\\/#\\\/schema\\\/logo\\\/image\\\/\",\"url\":\"http:\\\/\\\/just-now.news\\\/de\\\/wp-content\\\/uploads\\\/sites\\\/3\\\/2022\\\/04\\\/logo500x500.jpg\",\"contentUrl\":\"http:\\\/\\\/just-now.news\\\/de\\\/wp-content\\\/uploads\\\/sites\\\/3\\\/2022\\\/04\\\/logo500x500.jpg\",\"width\":500,\"height\":500,\"caption\":\"Just Now News\"},\"image\":{\"@id\":\"https:\\\/\\\/now-news.de\\\/de\\\/#\\\/schema\\\/logo\\\/image\\\/\"},\"sameAs\":[\"https:\\\/\\\/www.facebook.com\\\/wirmachenauf\",\"https:\\\/\\\/x.com\\\/WirMachenAuf_de\"]},{\"@type\":\"Person\",\"@id\":\"https:\\\/\\\/now-news.de\\\/de\\\/#\\\/schema\\\/person\\\/fb534a4e865501d8b3285208df34a9b5\",\"name\":\"rtnews\",\"image\":{\"@type\":\"ImageObject\",\"inLanguage\":\"de\",\"@id\":\"https:\\\/\\\/secure.gravatar.com\\\/avatar\\\/358fe31b3ab5769fea05376e1953329834cd9912cf9daf607e2af3076a1b982b?s=96&d=mm&r=g\",\"url\":\"https:\\\/\\\/secure.gravatar.com\\\/avatar\\\/358fe31b3ab5769fea05376e1953329834cd9912cf9daf607e2af3076a1b982b?s=96&d=mm&r=g\",\"contentUrl\":\"https:\\\/\\\/secure.gravatar.com\\\/avatar\\\/358fe31b3ab5769fea05376e1953329834cd9912cf9daf607e2af3076a1b982b?s=96&d=mm&r=g\",\"caption\":\"rtnews\"},\"url\":\"https:\\\/\\\/now-news.de\\\/de\\\/author\\\/rnews\\\/\"}]}<\/script>\n<!-- \/ Yoast SEO Premium plugin. -->","yoast_head_json":{"title":"Vor Sachsen-Anhalt-Wahl: Merz schlie\u00dft CDU-Zusammenarbeit mit AfD oder Linken kategorisch aus - just-now.NEWS Deutschland","robots":{"index":"index","follow":"follow","max-snippet":"max-snippet:-1","max-image-preview":"max-image-preview:large","max-video-preview":"max-video-preview:-1"},"canonical":"https:\/\/now-news.de\/de\/deutschland\/vor-sachsen-anhalt-wahl-merz-schliesst-cdu-zusammenarbeit-mit-afd-oder-linken-kategorisch-aus\/","og_locale":"de_DE","og_type":"article","og_title":"Vor Sachsen-Anhalt-Wahl: Merz schlie\u00dft CDU-Zusammenarbeit mit AfD oder Linken kategorisch aus","og_description":"Bundeskanzler Merz durfte laut Forderung der Parteikollegen in Sachsen-Anhalt keinen Kontakt mit den B\u00fcrgern aufnehmen. Im Rahmen seiner Unterst\u00fctzung im Wahlkampf der CDU erkl\u00e4rte der Kanzler abschlie\u00dfend im Interview, dass er nach dem 6. September &#8220;Grenzen f\u00fcr eine Kooperation&#8221; mit der Linken einfordere. Bundeskanzler Friedrich Merz verabschiedet sich nach seinem Kurzengagement im ostdeutschen Wahlkampfendspurt seiner [&hellip;]","og_url":"https:\/\/now-news.de\/de\/deutschland\/vor-sachsen-anhalt-wahl-merz-schliesst-cdu-zusammenarbeit-mit-afd-oder-linken-kategorisch-aus\/","og_site_name":"just-now.NEWS Deutschland","article_publisher":"https:\/\/www.facebook.com\/wirmachenauf","article_published_time":"2026-09-01T13:09:52+00:00","og_image":[{"url":"https:\/\/now-news.de\/de\/wp-content\/uploads\/sites\/3\/2026\/09\/6a96b893b480cc574e32534f.jpg","type":"","width":"","height":""}],"author":"rtnews","twitter_card":"summary_large_image","twitter_creator":"@WirMachenAuf_de","twitter_site":"@WirMachenAuf_de","twitter_misc":{"Verfasst von":"rtnews","Gesch\u00e4tzte Lesezeit":"3\u00a0Minuten"},"schema":{"@context":"https:\/\/schema.org","@graph":[{"@type":"Article","@id":"https:\/\/now-news.de\/de\/deutschland\/vor-sachsen-anhalt-wahl-merz-schliesst-cdu-zusammenarbeit-mit-afd-oder-linken-kategorisch-aus\/#article","isPartOf":{"@id":"https:\/\/now-news.de\/de\/deutschland\/vor-sachsen-anhalt-wahl-merz-schliesst-cdu-zusammenarbeit-mit-afd-oder-linken-kategorisch-aus\/"},"author":{"name":"rtnews","@id":"https:\/\/now-news.de\/de\/#\/schema\/person\/fb534a4e865501d8b3285208df34a9b5"},"headline":"Vor Sachsen-Anhalt-Wahl: Merz schlie\u00dft CDU-Zusammenarbeit mit AfD oder Linken kategorisch aus","datePublished":"2026-09-01T13:09:52+00:00","mainEntityOfPage":{"@id":"https:\/\/now-news.de\/de\/deutschland\/vor-sachsen-anhalt-wahl-merz-schliesst-cdu-zusammenarbeit-mit-afd-oder-linken-kategorisch-aus\/"},"wordCount":557,"commentCount":0,"publisher":{"@id":"https:\/\/now-news.de\/de\/#organization"},"image":{"@id":"https:\/\/now-news.de\/de\/deutschland\/vor-sachsen-anhalt-wahl-merz-schliesst-cdu-zusammenarbeit-mit-afd-oder-linken-kategorisch-aus\/#primaryimage"},"thumbnailUrl":"https:\/\/now-news.de\/de\/wp-content\/uploads\/sites\/3\/2026\/09\/Vor-Sachsen-Anhalt-Wahl-Merz-schliesst-CDU-Zusammenarbeit-mit-AfD-oder-Linken-kategorisch.jpg","keywords":["AfD","aus","CDUZusammenarbeit","kategorisch","Linken","Merz","mit","oder","SachsenAnhaltWahl","schlie\u00dft","vor"],"articleSection":["Deutschland","Russland"],"inLanguage":"de","potentialAction":[{"@type":"CommentAction","name":"Comment","target":["https:\/\/now-news.de\/de\/deutschland\/vor-sachsen-anhalt-wahl-merz-schliesst-cdu-zusammenarbeit-mit-afd-oder-linken-kategorisch-aus\/#respond"]}]},{"@type":"WebPage","@id":"https:\/\/now-news.de\/de\/deutschland\/vor-sachsen-anhalt-wahl-merz-schliesst-cdu-zusammenarbeit-mit-afd-oder-linken-kategorisch-aus\/","url":"https:\/\/now-news.de\/de\/deutschland\/vor-sachsen-anhalt-wahl-merz-schliesst-cdu-zusammenarbeit-mit-afd-oder-linken-kategorisch-aus\/","name":"Vor Sachsen-Anhalt-Wahl: Merz schlie\u00dft CDU-Zusammenarbeit mit AfD oder Linken kategorisch aus - just-now.NEWS Deutschland","isPartOf":{"@id":"https:\/\/now-news.de\/de\/#website"},"primaryImageOfPage":{"@id":"https:\/\/now-news.de\/de\/deutschland\/vor-sachsen-anhalt-wahl-merz-schliesst-cdu-zusammenarbeit-mit-afd-oder-linken-kategorisch-aus\/#primaryimage"},"image":{"@id":"https:\/\/now-news.de\/de\/deutschland\/vor-sachsen-anhalt-wahl-merz-schliesst-cdu-zusammenarbeit-mit-afd-oder-linken-kategorisch-aus\/#primaryimage"},"thumbnailUrl":"https:\/\/now-news.de\/de\/wp-content\/uploads\/sites\/3\/2026\/09\/Vor-Sachsen-Anhalt-Wahl-Merz-schliesst-CDU-Zusammenarbeit-mit-AfD-oder-Linken-kategorisch.jpg","datePublished":"2026-09-01T13:09:52+00:00","breadcrumb":{"@id":"https:\/\/now-news.de\/de\/deutschland\/vor-sachsen-anhalt-wahl-merz-schliesst-cdu-zusammenarbeit-mit-afd-oder-linken-kategorisch-aus\/#breadcrumb"},"inLanguage":"de","potentialAction":[{"@type":"ReadAction","target":["https:\/\/now-news.de\/de\/deutschland\/vor-sachsen-anhalt-wahl-merz-schliesst-cdu-zusammenarbeit-mit-afd-oder-linken-kategorisch-aus\/"]}]},{"@type":"ImageObject","inLanguage":"de","@id":"https:\/\/now-news.de\/de\/deutschland\/vor-sachsen-anhalt-wahl-merz-schliesst-cdu-zusammenarbeit-mit-afd-oder-linken-kategorisch-aus\/#primaryimage","url":"https:\/\/now-news.de\/de\/wp-content\/uploads\/sites\/3\/2026\/09\/Vor-Sachsen-Anhalt-Wahl-Merz-schliesst-CDU-Zusammenarbeit-mit-AfD-oder-Linken-kategorisch.jpg","contentUrl":"https:\/\/now-news.de\/de\/wp-content\/uploads\/sites\/3\/2026\/09\/Vor-Sachsen-Anhalt-Wahl-Merz-schliesst-CDU-Zusammenarbeit-mit-AfD-oder-Linken-kategorisch.jpg","width":460,"height":259,"caption":"Vor Sachsen-Anhalt-Wahl: Merz schlie\u00dft CDU-Zusammenarbeit mit AfD oder Linken kategorisch aus"},{"@type":"BreadcrumbList","@id":"https:\/\/now-news.de\/de\/deutschland\/vor-sachsen-anhalt-wahl-merz-schliesst-cdu-zusammenarbeit-mit-afd-oder-linken-kategorisch-aus\/#breadcrumb","itemListElement":[{"@type":"ListItem","position":1,"name":"Home","item":"https:\/\/now-news.de\/de\/"},{"@type":"ListItem","position":2,"name":"Vor Sachsen-Anhalt-Wahl: Merz schlie\u00dft CDU-Zusammenarbeit mit AfD oder Linken kategorisch aus"}]},{"@type":"WebSite","@id":"https:\/\/now-news.de\/de\/#website","url":"https:\/\/now-news.de\/de\/","name":"just-now.NEWS Deutschland","description":"Das Portal f\u00fcr unzensierte Nachrichten aus der Welt","publisher":{"@id":"https:\/\/now-news.de\/de\/#organization"},"potentialAction":[{"@type":"SearchAction","target":{"@type":"EntryPoint","urlTemplate":"https:\/\/now-news.de\/de\/?s={search_term_string}"},"query-input":{"@type":"PropertyValueSpecification","valueRequired":true,"valueName":"search_term_string"}}],"inLanguage":"de"},{"@type":"Organization","@id":"https:\/\/now-news.de\/de\/#organization","name":"Just Now News","url":"https:\/\/now-news.de\/de\/","logo":{"@type":"ImageObject","inLanguage":"de","@id":"https:\/\/now-news.de\/de\/#\/schema\/logo\/image\/","url":"http:\/\/just-now.news\/de\/wp-content\/uploads\/sites\/3\/2022\/04\/logo500x500.jpg","contentUrl":"http:\/\/just-now.news\/de\/wp-content\/uploads\/sites\/3\/2022\/04\/logo500x500.jpg","width":500,"height":500,"caption":"Just Now News"},"image":{"@id":"https:\/\/now-news.de\/de\/#\/schema\/logo\/image\/"},"sameAs":["https:\/\/www.facebook.com\/wirmachenauf","https:\/\/x.com\/WirMachenAuf_de"]},{"@type":"Person","@id":"https:\/\/now-news.de\/de\/#\/schema\/person\/fb534a4e865501d8b3285208df34a9b5","name":"rtnews","image":{"@type":"ImageObject","inLanguage":"de","@id":"https:\/\/secure.gravatar.com\/avatar\/358fe31b3ab5769fea05376e1953329834cd9912cf9daf607e2af3076a1b982b?s=96&d=mm&r=g","url":"https:\/\/secure.gravatar.com\/avatar\/358fe31b3ab5769fea05376e1953329834cd9912cf9daf607e2af3076a1b982b?s=96&d=mm&r=g","contentUrl":"https:\/\/secure.gravatar.com\/avatar\/358fe31b3ab5769fea05376e1953329834cd9912cf9daf607e2af3076a1b982b?s=96&d=mm&r=g","caption":"rtnews"},"url":"https:\/\/now-news.de\/de\/author\/rnews\/"}]}},"_links":{"self":[{"href":"https:\/\/now-news.de\/de\/wp-json\/wp\/v2\/posts\/109728","targetHints":{"allow":["GET"]}}],"collection":[{"href":"https:\/\/now-news.de\/de\/wp-json\/wp\/v2\/posts"}],"about":[{"href":"https:\/\/now-news.de\/de\/wp-json\/wp\/v2\/types\/post"}],"author":[{"embeddable":true,"href":"https:\/\/now-news.de\/de\/wp-json\/wp\/v2\/users\/3"}],"replies":[{"embeddable":true,"href":"https:\/\/now-news.de\/de\/wp-json\/wp\/v2\/comments?post=109728"}],"version-history":[{"count":0,"href":"https:\/\/now-news.de\/de\/wp-json\/wp\/v2\/posts\/109728\/revisions"}],"wp:featuredmedia":[{"embeddable":true,"href":"https:\/\/now-news.de\/de\/wp-json\/wp\/v2\/media\/109729"}],"wp:attachment":[{"href":"https:\/\/now-news.de\/de\/wp-json\/wp\/v2\/media?parent=109728"}],"wp:term":[{"taxonomy":"category","embeddable":true,"href":"https:\/\/now-news.de\/de\/wp-json\/wp\/v2\/categories?post=109728"},{"taxonomy":"post_tag","embeddable":true,"href":"https:\/\/now-news.de\/de\/wp-json\/wp\/v2\/tags?post=109728"}],"curies":[{"name":"wp","href":"https:\/\/api.w.org\/{rel}","templated":true}]}}