{"id":109726,"date":"2026-09-01T14:05:05","date_gmt":"2026-09-01T12:05:05","guid":{"rendered":"https:\/\/now-news.de\/de\/deutschland\/saarbruecken-wiederholung-der-stadtratswahl-sorgt-fuer-zweitplatzierte-afd-cdu-stuerzt-ab\/"},"modified":"2026-09-01T14:05:05","modified_gmt":"2026-09-01T12:05:05","slug":"saarbruecken-wiederholung-der-stadtratswahl-sorgt-fuer-zweitplatzierte-afd-cdu-stuerzt-ab","status":"publish","type":"post","link":"https:\/\/now-news.de\/de\/deutschland\/saarbruecken-wiederholung-der-stadtratswahl-sorgt-fuer-zweitplatzierte-afd-cdu-stuerzt-ab\/","title":{"rendered":"Saarbr\u00fccken: Wiederholung der Stadtratswahl sorgt f\u00fcr Zweitplatzierte AfD \u2013 CDU st\u00fcrzt ab"},"content":{"rendered":"<p><img decoding=\"async\" src=\"https:\/\/now-news.de\/de\/wp-content\/uploads\/sites\/3\/2026\/09\/6a967d1bb480cc4e8072cdfe.jpg\" \/><\/p>\n<div class=\"Text-root Text-type_1 \">\n                Nach einer Wahlpanne vor zwei Jahren im Saarland musste das Regionalparlament von Saarbr\u00fccken neu bestimmt werden. Geklagt hatte die AfD wegen eines Formfehlers, der gerichtlich best\u00e4tigt wurde. Die Partei erreichte bei der Wahlwiederholung nun 23 Prozent und wird mit zehn Mitgliedern in die Regionalversammlung einziehen.\n            <\/div>\n<p><\/p>\n<div class=\"Text-root Text-type_5 ArticleView-text ViewText-root \">\n<p>Die Stadtratswahl vom 9. Juni 2024 wurde vom saarl\u00e4ndischen Oberverwaltungsgericht\u00a0in Saarlouis f\u00fcr ung\u00fcltig erkl\u00e4rt, da laut Wahrnehmung der zust\u00e4ndigen Richter die AfD zu Unrecht von der Wahl ausgeschlossen worden war.\u00a0Das Landesverwaltungsamt wurde daher verpflichtet, eine Neuwahl f\u00fcr den 30. August 2026 anzuordnen. Am vergangenen Sonntag fuhr die AfD nun einen Erfolg ein, da\u00a0sie auf fast 23 Prozent der Stimmen kam und damit zweitst\u00e4rkste Kraft wurde. Die SPD gewann mit knapp 26 Prozent, die CDU landete mit rund 19 Prozent auf Platz 3.<\/p>\n<p>Bei der gerichtlich angeordneten Wiederholungswahl im Regionalverband Saarbr\u00fccken wurde die AfD mit genau 22,83 Prozent zweitst\u00e4rkste Kraft\u00a0in der Landeshauptstadt des Saarlandes.\u00a0Die SPD\u00a0sei laut <em>Saarbr\u00fccker Zeitung<\/em>\u00a0(Bezahlschranke) &#8220;mit einem blauen Auge davon gekommen&#8221; und gewann dabei die Wahl knapp mit 25,8 Prozent.<\/p>\n<p>Die CDU st\u00fcrzte gegen\u00fcber dem\u00a0<a rel=\"nofollow\" target=\"_blank\" href=\"https:\/\/www.saarbruecken.de\/media\/download-668d1aecbbd0f\" target=\"_blank\" rel=\"noopener noreferrer\">letzten Ergebnis<\/a> regelrecht ab und erreichte nur noch\u00a018,94 Prozent (2024: 28 Prozent). Die Gr\u00fcnen konnten\u00a012,6 und die Linke 9,0 Prozent f\u00fcr sich verbuchen.\u00a0Das BSW kam lediglich auf 3,6 und die FDP auf 4,9\u00a0Prozent Zustimmung.\u00a0<\/p>\n<p>Die Regionalversammlung, die einem Kreistag entspricht, z\u00e4hlt in Saarbr\u00fccken 45 Mitglieder.\u00a0Die AfD war dabei von 2019 bis 2024 mit vier Vertretern in\u00a0die Regionalversammlung gew\u00e4hlt worden.<\/p>\n<p>In der neuen Sitzverteilung erh\u00e4lt die SPD k\u00fcnftig zw\u00f6lf Sitze und stellt damit die st\u00e4rkste Fraktion. Die gr\u00f6\u00dften Verluste muss die CDU hinnehmen: Sie verliert insgesamt sechs Pl\u00e4tze und ist k\u00fcnftig mit neun Sitzen in der Versammlung vertreten. Die AfD kann nun mit\u00a0zehn besetzten Sitzen politisch planen.<\/p>\n<p>Die Wahlbeteiligung lag nach Ausz\u00e4hlung aller Stimmen bei rund 41 Prozent und war damit deutlich niedriger als bei der Wahl 2024. Damals\u00a0hatte sie bei knapp 60 Prozent gelegen.<\/p>\n<p>Wahlberechtigt bei der Wahl der Regionalverbandsversammlung waren laut Agenturmeldung &#8220;Deutsche und andere EU-B\u00fcrgerinnen und -B\u00fcrger, die seit mindestens drei Monaten in einer Kommune im Regionalverband wohnen.&#8221;<\/p>\n<p><strong>Mehr zum Thema <\/strong>\u2013\u00a0<a rel=\"nofollow\" target=\"_blank\" href=\"https:\/\/de-rtnews.com\/inland\/281089-deutschland-enormer-anstieg-bei-einbuergerungen\/\" target=\"_blank\" rel=\"noopener noreferrer\">Deutschland: Enormer Anstieg bei Einb\u00fcrgerungen <\/a><\/p>\n<div class=\"EmbedBlock-root EmbedBlock-externalVideo EmbedBlock-rumble\">\n<div class=\"VkEmbed\"><iframe class=\"lazyload\" data-src=\"https:\/\/rumble.com\/embed\/v7cq3tc\" frameborder=\"0\" width=\"853\" height=\"480\" allowfullscreen><\/iframe><\/div>\n<\/div>\n<\/div>\n<p><br \/>\n<br \/><a href=\"https:\/\/de.rt.com\/inland\/290298-saarbruecken-wiederholung-stadtratswahl-sorgt-fuer\/\">Source link <\/a><\/p>\n","protected":false},"excerpt":{"rendered":"<p>Nach einer Wahlpanne vor zwei Jahren im Saarland musste das Regionalparlament von Saarbr\u00fccken neu bestimmt werden. Geklagt hatte die AfD wegen eines Formfehlers, der gerichtlich best\u00e4tigt wurde. Die Partei erreichte bei der Wahlwiederholung nun 23 Prozent und wird mit zehn Mitgliedern in die Regionalversammlung einziehen. Die Stadtratswahl vom 9. Juni 2024 wurde vom saarl\u00e4ndischen Oberverwaltungsgericht\u00a0in [&hellip;]<\/p>\n","protected":false},"author":3,"featured_media":109727,"comment_status":"open","ping_status":"open","sticky":false,"template":"","format":"standard","meta":{"wp_automatic_camp":["217"],"ed0be61799e81dc481b6db0a92d1dbc7":["Saarbr\u00fccken: Wiederholung der Stadtratswahl sorgt f\u00fcr Zweitplatzierte AfD \u2013 CDU st\u00fcrzt ab"],"original_link":["https:\/\/de.rt.com\/inland\/290298-saarbruecken-wiederholung-stadtratswahl-sorgt-fuer\/"],"_thumbnail_id":["109727"],"jnews_social_counter_last_update":["1788274764"],"_wptgpro_p2tg_sent2tg":["a:1:{i:23737;s:19:\"2026-09-01 14:59:32\";}"]},"categories":[19,23],"tags":[3815,3795,82,221,22962,23727,75946,24847,21636,75947],"class_list":["post-109726","post","type-post","status-publish","format-standard","has-post-thumbnail","hentry","category-deutschland","category-russland","tag-afd","tag-cdu","tag-der","tag-fuer","tag-saarbruecken","tag-sorgt","tag-stadtratswahl","tag-stuerzt","tag-wiederholung","tag-zweitplatzierte"],"yoast_head":"<!-- This site is optimized with the Yoast SEO Premium plugin v22.7 (Yoast SEO v28.2) - https:\/\/yoast.com\/product\/yoast-seo-premium-wordpress\/ -->\n<title>Saarbr\u00fccken: Wiederholung der Stadtratswahl sorgt f\u00fcr Zweitplatzierte AfD \u2013 CDU st\u00fcrzt ab - just-now.NEWS Deutschland<\/title>\n<meta name=\"robots\" content=\"index, follow, max-snippet:-1, max-image-preview:large, max-video-preview:-1\" \/>\n<link rel=\"canonical\" href=\"https:\/\/now-news.de\/de\/deutschland\/saarbruecken-wiederholung-der-stadtratswahl-sorgt-fuer-zweitplatzierte-afd-cdu-stuerzt-ab\/\" \/>\n<meta property=\"og:locale\" content=\"de_DE\" \/>\n<meta property=\"og:type\" content=\"article\" \/>\n<meta property=\"og:title\" content=\"Saarbr\u00fccken: Wiederholung der Stadtratswahl sorgt f\u00fcr Zweitplatzierte AfD \u2013 CDU st\u00fcrzt ab\" \/>\n<meta property=\"og:description\" content=\"Nach einer Wahlpanne vor zwei Jahren im Saarland musste das Regionalparlament von Saarbr\u00fccken neu bestimmt werden. Geklagt hatte die AfD wegen eines Formfehlers, der gerichtlich best\u00e4tigt wurde. Die Partei erreichte bei der Wahlwiederholung nun 23 Prozent und wird mit zehn Mitgliedern in die Regionalversammlung einziehen. Die Stadtratswahl vom 9. Juni 2024 wurde vom saarl\u00e4ndischen Oberverwaltungsgericht\u00a0in [&hellip;]\" \/>\n<meta property=\"og:url\" content=\"https:\/\/now-news.de\/de\/deutschland\/saarbruecken-wiederholung-der-stadtratswahl-sorgt-fuer-zweitplatzierte-afd-cdu-stuerzt-ab\/\" \/>\n<meta property=\"og:site_name\" content=\"just-now.NEWS Deutschland\" \/>\n<meta property=\"article:publisher\" content=\"https:\/\/www.facebook.com\/wirmachenauf\" \/>\n<meta property=\"article:published_time\" content=\"2026-09-01T12:05:05+00:00\" \/>\n<meta property=\"og:image\" content=\"https:\/\/now-news.de\/de\/wp-content\/uploads\/sites\/3\/2026\/09\/6a967d1bb480cc4e8072cdfe.jpg\" \/>\n<meta name=\"author\" content=\"rtnews\" \/>\n<meta name=\"twitter:card\" content=\"summary_large_image\" \/>\n<meta name=\"twitter:creator\" content=\"@WirMachenAuf_de\" \/>\n<meta name=\"twitter:site\" content=\"@WirMachenAuf_de\" \/>\n<meta name=\"twitter:label1\" content=\"Verfasst von\" \/>\n\t<meta name=\"twitter:data1\" content=\"rtnews\" \/>\n\t<meta name=\"twitter:label2\" content=\"Gesch\u00e4tzte Lesezeit\" \/>\n\t<meta name=\"twitter:data2\" content=\"2\u00a0Minuten\" \/>\n<script type=\"application\/ld+json\" class=\"yoast-schema-graph\">{\"@context\":\"https:\\\/\\\/schema.org\",\"@graph\":[{\"@type\":\"Article\",\"@id\":\"https:\\\/\\\/now-news.de\\\/de\\\/deutschland\\\/saarbruecken-wiederholung-der-stadtratswahl-sorgt-fuer-zweitplatzierte-afd-cdu-stuerzt-ab\\\/#article\",\"isPartOf\":{\"@id\":\"https:\\\/\\\/now-news.de\\\/de\\\/deutschland\\\/saarbruecken-wiederholung-der-stadtratswahl-sorgt-fuer-zweitplatzierte-afd-cdu-stuerzt-ab\\\/\"},\"author\":{\"name\":\"rtnews\",\"@id\":\"https:\\\/\\\/now-news.de\\\/de\\\/#\\\/schema\\\/person\\\/fb534a4e865501d8b3285208df34a9b5\"},\"headline\":\"Saarbr\u00fccken: Wiederholung der Stadtratswahl sorgt f\u00fcr Zweitplatzierte AfD \u2013 CDU st\u00fcrzt ab\",\"datePublished\":\"2026-09-01T12:05:05+00:00\",\"mainEntityOfPage\":{\"@id\":\"https:\\\/\\\/now-news.de\\\/de\\\/deutschland\\\/saarbruecken-wiederholung-der-stadtratswahl-sorgt-fuer-zweitplatzierte-afd-cdu-stuerzt-ab\\\/\"},\"wordCount\":378,\"commentCount\":0,\"publisher\":{\"@id\":\"https:\\\/\\\/now-news.de\\\/de\\\/#organization\"},\"image\":{\"@id\":\"https:\\\/\\\/now-news.de\\\/de\\\/deutschland\\\/saarbruecken-wiederholung-der-stadtratswahl-sorgt-fuer-zweitplatzierte-afd-cdu-stuerzt-ab\\\/#primaryimage\"},\"thumbnailUrl\":\"https:\\\/\\\/now-news.de\\\/de\\\/wp-content\\\/uploads\\\/sites\\\/3\\\/2026\\\/09\\\/Saarbruecken-Wiederholung-der-Stadtratswahl-sorgt-fuer-Zweitplatzierte-AfD-\u2013-CDU.jpg\",\"keywords\":[\"AfD\",\"CDU\",\"der\",\"f\u00fcr\",\"Saarbr\u00fccken\",\"sorgt\",\"Stadtratswahl\",\"st\u00fcrzt\",\"Wiederholung\",\"Zweitplatzierte\"],\"articleSection\":[\"Deutschland\",\"Russland\"],\"inLanguage\":\"de\",\"potentialAction\":[{\"@type\":\"CommentAction\",\"name\":\"Comment\",\"target\":[\"https:\\\/\\\/now-news.de\\\/de\\\/deutschland\\\/saarbruecken-wiederholung-der-stadtratswahl-sorgt-fuer-zweitplatzierte-afd-cdu-stuerzt-ab\\\/#respond\"]}]},{\"@type\":\"WebPage\",\"@id\":\"https:\\\/\\\/now-news.de\\\/de\\\/deutschland\\\/saarbruecken-wiederholung-der-stadtratswahl-sorgt-fuer-zweitplatzierte-afd-cdu-stuerzt-ab\\\/\",\"url\":\"https:\\\/\\\/now-news.de\\\/de\\\/deutschland\\\/saarbruecken-wiederholung-der-stadtratswahl-sorgt-fuer-zweitplatzierte-afd-cdu-stuerzt-ab\\\/\",\"name\":\"Saarbr\u00fccken: Wiederholung der Stadtratswahl sorgt f\u00fcr Zweitplatzierte AfD \u2013 CDU st\u00fcrzt ab - just-now.NEWS Deutschland\",\"isPartOf\":{\"@id\":\"https:\\\/\\\/now-news.de\\\/de\\\/#website\"},\"primaryImageOfPage\":{\"@id\":\"https:\\\/\\\/now-news.de\\\/de\\\/deutschland\\\/saarbruecken-wiederholung-der-stadtratswahl-sorgt-fuer-zweitplatzierte-afd-cdu-stuerzt-ab\\\/#primaryimage\"},\"image\":{\"@id\":\"https:\\\/\\\/now-news.de\\\/de\\\/deutschland\\\/saarbruecken-wiederholung-der-stadtratswahl-sorgt-fuer-zweitplatzierte-afd-cdu-stuerzt-ab\\\/#primaryimage\"},\"thumbnailUrl\":\"https:\\\/\\\/now-news.de\\\/de\\\/wp-content\\\/uploads\\\/sites\\\/3\\\/2026\\\/09\\\/Saarbruecken-Wiederholung-der-Stadtratswahl-sorgt-fuer-Zweitplatzierte-AfD-\u2013-CDU.jpg\",\"datePublished\":\"2026-09-01T12:05:05+00:00\",\"breadcrumb\":{\"@id\":\"https:\\\/\\\/now-news.de\\\/de\\\/deutschland\\\/saarbruecken-wiederholung-der-stadtratswahl-sorgt-fuer-zweitplatzierte-afd-cdu-stuerzt-ab\\\/#breadcrumb\"},\"inLanguage\":\"de\",\"potentialAction\":[{\"@type\":\"ReadAction\",\"target\":[\"https:\\\/\\\/now-news.de\\\/de\\\/deutschland\\\/saarbruecken-wiederholung-der-stadtratswahl-sorgt-fuer-zweitplatzierte-afd-cdu-stuerzt-ab\\\/\"]}]},{\"@type\":\"ImageObject\",\"inLanguage\":\"de\",\"@id\":\"https:\\\/\\\/now-news.de\\\/de\\\/deutschland\\\/saarbruecken-wiederholung-der-stadtratswahl-sorgt-fuer-zweitplatzierte-afd-cdu-stuerzt-ab\\\/#primaryimage\",\"url\":\"https:\\\/\\\/now-news.de\\\/de\\\/wp-content\\\/uploads\\\/sites\\\/3\\\/2026\\\/09\\\/Saarbruecken-Wiederholung-der-Stadtratswahl-sorgt-fuer-Zweitplatzierte-AfD-\u2013-CDU.jpg\",\"contentUrl\":\"https:\\\/\\\/now-news.de\\\/de\\\/wp-content\\\/uploads\\\/sites\\\/3\\\/2026\\\/09\\\/Saarbruecken-Wiederholung-der-Stadtratswahl-sorgt-fuer-Zweitplatzierte-AfD-\u2013-CDU.jpg\",\"width\":460,\"height\":259,\"caption\":\"Saarbr\u00fccken: Wiederholung der Stadtratswahl sorgt f\u00fcr Zweitplatzierte AfD \u2013 CDU st\u00fcrzt ab\"},{\"@type\":\"BreadcrumbList\",\"@id\":\"https:\\\/\\\/now-news.de\\\/de\\\/deutschland\\\/saarbruecken-wiederholung-der-stadtratswahl-sorgt-fuer-zweitplatzierte-afd-cdu-stuerzt-ab\\\/#breadcrumb\",\"itemListElement\":[{\"@type\":\"ListItem\",\"position\":1,\"name\":\"Home\",\"item\":\"https:\\\/\\\/now-news.de\\\/de\\\/\"},{\"@type\":\"ListItem\",\"position\":2,\"name\":\"Saarbr\u00fccken: Wiederholung der Stadtratswahl sorgt f\u00fcr Zweitplatzierte AfD \u2013 CDU st\u00fcrzt ab\"}]},{\"@type\":\"WebSite\",\"@id\":\"https:\\\/\\\/now-news.de\\\/de\\\/#website\",\"url\":\"https:\\\/\\\/now-news.de\\\/de\\\/\",\"name\":\"just-now.NEWS Deutschland\",\"description\":\"Das Portal f\u00fcr unzensierte Nachrichten aus der Welt\",\"publisher\":{\"@id\":\"https:\\\/\\\/now-news.de\\\/de\\\/#organization\"},\"potentialAction\":[{\"@type\":\"SearchAction\",\"target\":{\"@type\":\"EntryPoint\",\"urlTemplate\":\"https:\\\/\\\/now-news.de\\\/de\\\/?s={search_term_string}\"},\"query-input\":{\"@type\":\"PropertyValueSpecification\",\"valueRequired\":true,\"valueName\":\"search_term_string\"}}],\"inLanguage\":\"de\"},{\"@type\":\"Organization\",\"@id\":\"https:\\\/\\\/now-news.de\\\/de\\\/#organization\",\"name\":\"Just Now News\",\"url\":\"https:\\\/\\\/now-news.de\\\/de\\\/\",\"logo\":{\"@type\":\"ImageObject\",\"inLanguage\":\"de\",\"@id\":\"https:\\\/\\\/now-news.de\\\/de\\\/#\\\/schema\\\/logo\\\/image\\\/\",\"url\":\"http:\\\/\\\/just-now.news\\\/de\\\/wp-content\\\/uploads\\\/sites\\\/3\\\/2022\\\/04\\\/logo500x500.jpg\",\"contentUrl\":\"http:\\\/\\\/just-now.news\\\/de\\\/wp-content\\\/uploads\\\/sites\\\/3\\\/2022\\\/04\\\/logo500x500.jpg\",\"width\":500,\"height\":500,\"caption\":\"Just Now News\"},\"image\":{\"@id\":\"https:\\\/\\\/now-news.de\\\/de\\\/#\\\/schema\\\/logo\\\/image\\\/\"},\"sameAs\":[\"https:\\\/\\\/www.facebook.com\\\/wirmachenauf\",\"https:\\\/\\\/x.com\\\/WirMachenAuf_de\"]},{\"@type\":\"Person\",\"@id\":\"https:\\\/\\\/now-news.de\\\/de\\\/#\\\/schema\\\/person\\\/fb534a4e865501d8b3285208df34a9b5\",\"name\":\"rtnews\",\"image\":{\"@type\":\"ImageObject\",\"inLanguage\":\"de\",\"@id\":\"https:\\\/\\\/secure.gravatar.com\\\/avatar\\\/358fe31b3ab5769fea05376e1953329834cd9912cf9daf607e2af3076a1b982b?s=96&d=mm&r=g\",\"url\":\"https:\\\/\\\/secure.gravatar.com\\\/avatar\\\/358fe31b3ab5769fea05376e1953329834cd9912cf9daf607e2af3076a1b982b?s=96&d=mm&r=g\",\"contentUrl\":\"https:\\\/\\\/secure.gravatar.com\\\/avatar\\\/358fe31b3ab5769fea05376e1953329834cd9912cf9daf607e2af3076a1b982b?s=96&d=mm&r=g\",\"caption\":\"rtnews\"},\"url\":\"https:\\\/\\\/now-news.de\\\/de\\\/author\\\/rnews\\\/\"}]}<\/script>\n<!-- \/ Yoast SEO Premium plugin. -->","yoast_head_json":{"title":"Saarbr\u00fccken: Wiederholung der Stadtratswahl sorgt f\u00fcr Zweitplatzierte AfD \u2013 CDU st\u00fcrzt ab - just-now.NEWS Deutschland","robots":{"index":"index","follow":"follow","max-snippet":"max-snippet:-1","max-image-preview":"max-image-preview:large","max-video-preview":"max-video-preview:-1"},"canonical":"https:\/\/now-news.de\/de\/deutschland\/saarbruecken-wiederholung-der-stadtratswahl-sorgt-fuer-zweitplatzierte-afd-cdu-stuerzt-ab\/","og_locale":"de_DE","og_type":"article","og_title":"Saarbr\u00fccken: Wiederholung der Stadtratswahl sorgt f\u00fcr Zweitplatzierte AfD \u2013 CDU st\u00fcrzt ab","og_description":"Nach einer Wahlpanne vor zwei Jahren im Saarland musste das Regionalparlament von Saarbr\u00fccken neu bestimmt werden. Geklagt hatte die AfD wegen eines Formfehlers, der gerichtlich best\u00e4tigt wurde. Die Partei erreichte bei der Wahlwiederholung nun 23 Prozent und wird mit zehn Mitgliedern in die Regionalversammlung einziehen. Die Stadtratswahl vom 9. Juni 2024 wurde vom saarl\u00e4ndischen Oberverwaltungsgericht\u00a0in [&hellip;]","og_url":"https:\/\/now-news.de\/de\/deutschland\/saarbruecken-wiederholung-der-stadtratswahl-sorgt-fuer-zweitplatzierte-afd-cdu-stuerzt-ab\/","og_site_name":"just-now.NEWS Deutschland","article_publisher":"https:\/\/www.facebook.com\/wirmachenauf","article_published_time":"2026-09-01T12:05:05+00:00","og_image":[{"url":"https:\/\/now-news.de\/de\/wp-content\/uploads\/sites\/3\/2026\/09\/6a967d1bb480cc4e8072cdfe.jpg","type":"","width":"","height":""}],"author":"rtnews","twitter_card":"summary_large_image","twitter_creator":"@WirMachenAuf_de","twitter_site":"@WirMachenAuf_de","twitter_misc":{"Verfasst von":"rtnews","Gesch\u00e4tzte Lesezeit":"2\u00a0Minuten"},"schema":{"@context":"https:\/\/schema.org","@graph":[{"@type":"Article","@id":"https:\/\/now-news.de\/de\/deutschland\/saarbruecken-wiederholung-der-stadtratswahl-sorgt-fuer-zweitplatzierte-afd-cdu-stuerzt-ab\/#article","isPartOf":{"@id":"https:\/\/now-news.de\/de\/deutschland\/saarbruecken-wiederholung-der-stadtratswahl-sorgt-fuer-zweitplatzierte-afd-cdu-stuerzt-ab\/"},"author":{"name":"rtnews","@id":"https:\/\/now-news.de\/de\/#\/schema\/person\/fb534a4e865501d8b3285208df34a9b5"},"headline":"Saarbr\u00fccken: Wiederholung der Stadtratswahl sorgt f\u00fcr Zweitplatzierte AfD \u2013 CDU st\u00fcrzt ab","datePublished":"2026-09-01T12:05:05+00:00","mainEntityOfPage":{"@id":"https:\/\/now-news.de\/de\/deutschland\/saarbruecken-wiederholung-der-stadtratswahl-sorgt-fuer-zweitplatzierte-afd-cdu-stuerzt-ab\/"},"wordCount":378,"commentCount":0,"publisher":{"@id":"https:\/\/now-news.de\/de\/#organization"},"image":{"@id":"https:\/\/now-news.de\/de\/deutschland\/saarbruecken-wiederholung-der-stadtratswahl-sorgt-fuer-zweitplatzierte-afd-cdu-stuerzt-ab\/#primaryimage"},"thumbnailUrl":"https:\/\/now-news.de\/de\/wp-content\/uploads\/sites\/3\/2026\/09\/Saarbruecken-Wiederholung-der-Stadtratswahl-sorgt-fuer-Zweitplatzierte-AfD-\u2013-CDU.jpg","keywords":["AfD","CDU","der","f\u00fcr","Saarbr\u00fccken","sorgt","Stadtratswahl","st\u00fcrzt","Wiederholung","Zweitplatzierte"],"articleSection":["Deutschland","Russland"],"inLanguage":"de","potentialAction":[{"@type":"CommentAction","name":"Comment","target":["https:\/\/now-news.de\/de\/deutschland\/saarbruecken-wiederholung-der-stadtratswahl-sorgt-fuer-zweitplatzierte-afd-cdu-stuerzt-ab\/#respond"]}]},{"@type":"WebPage","@id":"https:\/\/now-news.de\/de\/deutschland\/saarbruecken-wiederholung-der-stadtratswahl-sorgt-fuer-zweitplatzierte-afd-cdu-stuerzt-ab\/","url":"https:\/\/now-news.de\/de\/deutschland\/saarbruecken-wiederholung-der-stadtratswahl-sorgt-fuer-zweitplatzierte-afd-cdu-stuerzt-ab\/","name":"Saarbr\u00fccken: Wiederholung der Stadtratswahl sorgt f\u00fcr Zweitplatzierte AfD \u2013 CDU st\u00fcrzt ab - just-now.NEWS Deutschland","isPartOf":{"@id":"https:\/\/now-news.de\/de\/#website"},"primaryImageOfPage":{"@id":"https:\/\/now-news.de\/de\/deutschland\/saarbruecken-wiederholung-der-stadtratswahl-sorgt-fuer-zweitplatzierte-afd-cdu-stuerzt-ab\/#primaryimage"},"image":{"@id":"https:\/\/now-news.de\/de\/deutschland\/saarbruecken-wiederholung-der-stadtratswahl-sorgt-fuer-zweitplatzierte-afd-cdu-stuerzt-ab\/#primaryimage"},"thumbnailUrl":"https:\/\/now-news.de\/de\/wp-content\/uploads\/sites\/3\/2026\/09\/Saarbruecken-Wiederholung-der-Stadtratswahl-sorgt-fuer-Zweitplatzierte-AfD-\u2013-CDU.jpg","datePublished":"2026-09-01T12:05:05+00:00","breadcrumb":{"@id":"https:\/\/now-news.de\/de\/deutschland\/saarbruecken-wiederholung-der-stadtratswahl-sorgt-fuer-zweitplatzierte-afd-cdu-stuerzt-ab\/#breadcrumb"},"inLanguage":"de","potentialAction":[{"@type":"ReadAction","target":["https:\/\/now-news.de\/de\/deutschland\/saarbruecken-wiederholung-der-stadtratswahl-sorgt-fuer-zweitplatzierte-afd-cdu-stuerzt-ab\/"]}]},{"@type":"ImageObject","inLanguage":"de","@id":"https:\/\/now-news.de\/de\/deutschland\/saarbruecken-wiederholung-der-stadtratswahl-sorgt-fuer-zweitplatzierte-afd-cdu-stuerzt-ab\/#primaryimage","url":"https:\/\/now-news.de\/de\/wp-content\/uploads\/sites\/3\/2026\/09\/Saarbruecken-Wiederholung-der-Stadtratswahl-sorgt-fuer-Zweitplatzierte-AfD-\u2013-CDU.jpg","contentUrl":"https:\/\/now-news.de\/de\/wp-content\/uploads\/sites\/3\/2026\/09\/Saarbruecken-Wiederholung-der-Stadtratswahl-sorgt-fuer-Zweitplatzierte-AfD-\u2013-CDU.jpg","width":460,"height":259,"caption":"Saarbr\u00fccken: Wiederholung der Stadtratswahl sorgt f\u00fcr Zweitplatzierte AfD \u2013 CDU st\u00fcrzt ab"},{"@type":"BreadcrumbList","@id":"https:\/\/now-news.de\/de\/deutschland\/saarbruecken-wiederholung-der-stadtratswahl-sorgt-fuer-zweitplatzierte-afd-cdu-stuerzt-ab\/#breadcrumb","itemListElement":[{"@type":"ListItem","position":1,"name":"Home","item":"https:\/\/now-news.de\/de\/"},{"@type":"ListItem","position":2,"name":"Saarbr\u00fccken: Wiederholung der Stadtratswahl sorgt f\u00fcr Zweitplatzierte AfD \u2013 CDU st\u00fcrzt ab"}]},{"@type":"WebSite","@id":"https:\/\/now-news.de\/de\/#website","url":"https:\/\/now-news.de\/de\/","name":"just-now.NEWS Deutschland","description":"Das Portal f\u00fcr unzensierte Nachrichten aus der Welt","publisher":{"@id":"https:\/\/now-news.de\/de\/#organization"},"potentialAction":[{"@type":"SearchAction","target":{"@type":"EntryPoint","urlTemplate":"https:\/\/now-news.de\/de\/?s={search_term_string}"},"query-input":{"@type":"PropertyValueSpecification","valueRequired":true,"valueName":"search_term_string"}}],"inLanguage":"de"},{"@type":"Organization","@id":"https:\/\/now-news.de\/de\/#organization","name":"Just Now News","url":"https:\/\/now-news.de\/de\/","logo":{"@type":"ImageObject","inLanguage":"de","@id":"https:\/\/now-news.de\/de\/#\/schema\/logo\/image\/","url":"http:\/\/just-now.news\/de\/wp-content\/uploads\/sites\/3\/2022\/04\/logo500x500.jpg","contentUrl":"http:\/\/just-now.news\/de\/wp-content\/uploads\/sites\/3\/2022\/04\/logo500x500.jpg","width":500,"height":500,"caption":"Just Now News"},"image":{"@id":"https:\/\/now-news.de\/de\/#\/schema\/logo\/image\/"},"sameAs":["https:\/\/www.facebook.com\/wirmachenauf","https:\/\/x.com\/WirMachenAuf_de"]},{"@type":"Person","@id":"https:\/\/now-news.de\/de\/#\/schema\/person\/fb534a4e865501d8b3285208df34a9b5","name":"rtnews","image":{"@type":"ImageObject","inLanguage":"de","@id":"https:\/\/secure.gravatar.com\/avatar\/358fe31b3ab5769fea05376e1953329834cd9912cf9daf607e2af3076a1b982b?s=96&d=mm&r=g","url":"https:\/\/secure.gravatar.com\/avatar\/358fe31b3ab5769fea05376e1953329834cd9912cf9daf607e2af3076a1b982b?s=96&d=mm&r=g","contentUrl":"https:\/\/secure.gravatar.com\/avatar\/358fe31b3ab5769fea05376e1953329834cd9912cf9daf607e2af3076a1b982b?s=96&d=mm&r=g","caption":"rtnews"},"url":"https:\/\/now-news.de\/de\/author\/rnews\/"}]}},"_links":{"self":[{"href":"https:\/\/now-news.de\/de\/wp-json\/wp\/v2\/posts\/109726","targetHints":{"allow":["GET"]}}],"collection":[{"href":"https:\/\/now-news.de\/de\/wp-json\/wp\/v2\/posts"}],"about":[{"href":"https:\/\/now-news.de\/de\/wp-json\/wp\/v2\/types\/post"}],"author":[{"embeddable":true,"href":"https:\/\/now-news.de\/de\/wp-json\/wp\/v2\/users\/3"}],"replies":[{"embeddable":true,"href":"https:\/\/now-news.de\/de\/wp-json\/wp\/v2\/comments?post=109726"}],"version-history":[{"count":0,"href":"https:\/\/now-news.de\/de\/wp-json\/wp\/v2\/posts\/109726\/revisions"}],"wp:featuredmedia":[{"embeddable":true,"href":"https:\/\/now-news.de\/de\/wp-json\/wp\/v2\/media\/109727"}],"wp:attachment":[{"href":"https:\/\/now-news.de\/de\/wp-json\/wp\/v2\/media?parent=109726"}],"wp:term":[{"taxonomy":"category","embeddable":true,"href":"https:\/\/now-news.de\/de\/wp-json\/wp\/v2\/categories?post=109726"},{"taxonomy":"post_tag","embeddable":true,"href":"https:\/\/now-news.de\/de\/wp-json\/wp\/v2\/tags?post=109726"}],"curies":[{"name":"wp","href":"https:\/\/api.w.org\/{rel}","templated":true}]}}