{"id":109705,"date":"2026-09-01T09:32:31","date_gmt":"2026-09-01T07:32:31","guid":{"rendered":"https:\/\/now-news.de\/de\/deutschland\/sachsen-anhalt-cdu-wahlkampf-mit-kanzler-merz-aber-ohne-buergerkontakt\/"},"modified":"2026-09-01T09:32:31","modified_gmt":"2026-09-01T07:32:31","slug":"sachsen-anhalt-cdu-wahlkampf-mit-kanzler-merz-aber-ohne-buergerkontakt","status":"publish","type":"post","link":"https:\/\/now-news.de\/de\/deutschland\/sachsen-anhalt-cdu-wahlkampf-mit-kanzler-merz-aber-ohne-buergerkontakt\/","title":{"rendered":"Sachsen-Anhalt: CDU-Wahlkampf mit Kanzler Merz, aber ohne B\u00fcrgerkontakt"},"content":{"rendered":"<p><img decoding=\"async\" src=\"https:\/\/now-news.de\/de\/wp-content\/uploads\/sites\/3\/2026\/09\/6a96697248fbef73112df5fc.jpg\" \/><\/p>\n<div class=\"Text-root Text-type_1 \">\n                In Mecklenburg-Vorpommern bekamen interessierte B\u00fcrger den Kanzler zumindest kurz zu Gesicht. In Sachsen-Anhalt lautete &#8220;der Wunsch der CDU vor Ort&#8221;, den Termin ohne B\u00fcrgerbeteiligung zu meistern. Der Kanzler diktierte dort der Presse, dass das Bundesland &#8220;kein Experimentierfeld f\u00fcr Wutb\u00fcrger werden darf&#8221;.\n            <\/div>\n<p><\/p>\n<div class=\"Text-root Text-type_5 ArticleView-text ViewText-root \">\n<p>&#8220;Merz steigt in den Wahlkampf in Ostdeutschland ein&#8221;, so die Zusammenfassung der Medienagenturen zum gestrigen Aufenthalt von Bundeskanzler Merz und seiner Entourage in Sachsen-Anhalt und Mecklenburg-Vorpommern.\u00a0Beim ersten <a rel=\"nofollow\" target=\"_blank\" href=\"https:\/\/www.ndr.de\/fernsehen\/sendungen\/nordmagazin\/kanzler-merz-auf-ein-fischbroetchen-in-kuehlungsborn,nordmagazin-13650.html\">Termin<\/a> in Mecklenburg-Vorpommern\u00a0war der Kanzler laut <em>NDR<\/em> &#8220;auf ein Fischbr\u00f6tchen in K\u00fchlungsborn&#8221;, um jedoch direkte Gespr\u00e4che mit B\u00fcrgern zu umgehen. In Sachsen-Anhalt standen die Besichtigung einer Kirche sowie laut Medien Gespr\u00e4che mit Landtagskandidaten und Lokalpolitikern an. Bei der gemeinsamen Pressekonferenz mit Spitzenkandidat Sven Schulze warnte der Kanzler vor einem Sieg der &#8220;Wutb\u00fcrger&#8221; und der AfD.<\/p>\n<p>Sechs Tage vor dem Wahltermin in Sachsen-Anhalt reiste Bundeskanzler Friedrich Merz aus der Hauptstadt zuerst an die Strandpromenade des Seebads K\u00fchlungsborn in Mecklenburg-Vorpommern (Wahltermin am 20. September), um sich dort mit dem CDU-Spitzenkandidaten Daniel Peters beim Fischbr\u00f6tchenverzehr von der mitgereisten Presse dokumentieren zu lassen. Der <em>NDR<\/em>\u00a0<a rel=\"nofollow\" target=\"_blank\" href=\"https:\/\/www.ndr.de\/nachrichten\/mecklenburg-vorpommern\/landtagswahl\/cdu-wahlkampf-auf-ein-fischbroetchen-mit-friedrich-merz,mvwahl-306.html\">erinnert<\/a> hinsichtlich der taktischen Ortswahl:<\/p>\n<p><em>&#8220;Ausgerechnet K\u00fchlungsborn. Im Fr\u00fchjahr 2025 schwappte hier eine Austrittswelle durch den CDU-Stadtverband. Mehr als 20 Mitglieder verlie\u00dfen die Partei \u2012 aus Unzufriedenheit mit der Politik von Friedrich Merz.&#8221;<\/em><\/p>\n<p>Ein <em>ZDF<\/em>&#8211;<a rel=\"nofollow\" target=\"_blank\" href=\"https:\/\/www.zdfheute.de\/video\/heute-nachrichten\/landtagswahl-bundeskanzler-merz-im-wahlkampf-video-100.html\">Bericht<\/a> erkl\u00e4rt den Zuschauern den &#8220;Fischbr\u00f6tchen-Wahlkampf&#8221; der CDU. Demnach habe der Kanzler &#8220;drei Fischbr\u00f6tchen verzehrt&#8221;, davor und im Anschluss jedoch keine Rede vor den zahlreichen interessierten Menschen vor Ort gehalten. Eine B\u00fcrgerin erkl\u00e4rte dem Fernsehteam zu ihrem \u00c4rger:<\/p>\n<p><em>&#8220;Es ist sehr entt\u00e4uschend, dass er diesen weiten Weg auf sich nimmt. Wenn ich \u00fcberlege, was das kostet, das hier abzusperren, dann sagt er nichts. Diese Vorstellung h\u00e4tte ich mir als Bundeskanzler erspart.&#8221;<\/em><\/p>\n<p>Laut <em>ZDF<\/em>-Informationen wurde &#8220;ein gro\u00dfer geplanter Auftritt&#8221; des Kanzlers in der Region kurzerhand abgesagt. Merz lobte vor der Presse &#8220;die touristische Kraft der Region&#8221;. Mecklenburg-Vorpommern habe Chancen, &#8220;die besser genutzt werden m\u00fcssten&#8221;, erkl\u00e4rte er und bedauerte dabei, dass die SPD &#8220;vor f\u00fcnf Jahren mit der Linken und nicht mit der CDU koalieren wollte: Dann w\u00e4re das Land heute sicher weiter.&#8221; Nun k\u00e4mpfe die Partei &#8220;f\u00fcr ein gutes Ergebnis&#8221; bei der Landtagswahl in drei Wochen, bei der sie aktuell \u00fcberschaubare <a rel=\"nofollow\" target=\"_blank\" href=\"https:\/\/www.wahlrecht.de\/umfragen\/landtage\/mecklenburg-vorpommern.htm\">zehn Prozent<\/a> Zustimmung erf\u00e4hrt.<\/p>\n<p>Im Anschluss fuhr die Entourage direkt weiter nach Sachsen-Anhalt, wo sich Merz mit dem dortigen Spitzenkandidaten Sven Schulze traf. &#8220;In seiner Limousine, ohne auszusteigen&#8221;, habe sich Merz laut <em>Tagesspiegel<\/em> auf den Schlossberg in Quedlinburg fahren lassen.<\/p>\n<p>Dort lautete die Planung laut Agenturinformation der\u00a0<em>dpa<\/em>:<\/p>\n<p><em>&#8220;In Quedlinburg im Harz nimmt Merz heute an einer Gespr\u00e4chsrunde mit Kandidaten f\u00fcr den Landtag teil, wird von Ministerpr\u00e4sident Sven Schulze durch den Schlossgarten gef\u00fchrt und \u00e4u\u00dfert sich dann gemeinsam mit dem CDU-Spitzenkandidaten vor Kameras.&#8221;<\/em><\/p>\n<p>Sven Schulze erkl\u00e4rte dann w\u00f6rtlich vor der Presse, dass es &#8220;Wunsch der CDU vor Ort war, diesen Termin so stattfinden zu lassen&#8221;.<\/p>\n<p>Die Mainstreampresse stellt in ihren \u00dcberschriften vor allem die markanteste Aussage des Kanzlers heraus. So habe Merz in seinen Ausf\u00fchrungen nicht explizit die AfD genannt, jedoch indirekt &#8220;vor einer Wahl der Partei&#8221; gewarnt. Sachsen-Anhalt sei laut dem Kanzler &#8220;ein modernes Land, ein Industriestandort. Die gute Stimmung m\u00fcsse bleiben&#8221;, so Merz. W\u00f6rtlich gab er zu Protokoll:<\/p>\n<p><em>&#8220;Sachsen-Anhalt darf kein Experimentierfeld f\u00fcr Wutb\u00fcrger werden. Das geht am Ende zulasten der B\u00fcrger von Sachsen-Anhalt.&#8221;<\/em><\/p>\n<p>Weiter erkl\u00e4rte der Kanzler mahnend, sollte das Bundesland nach der Wahl am Sonntag &#8220;unregierbar sein&#8221; oder sich eine Mehrheit &#8220;der rechtspopulistischen Partei&#8221; ergeben, w\u00fcrden es sich vermeintlich &#8220;internationale Investoren dreimal \u00fcberlegen, ob sie noch in Sachsen-Anhalt investieren&#8221;, so Merz.<\/p>\n<p>Spitzenkandidat Schulze habe laut <em>Zeit<\/em>-Artikel &#8220;bisher nicht den Eindruck [erweckt], dass er ranghohen Besuch der Bundespartei besonders sch\u00e4tzt \u2012 im Gegenteil&#8221;. Der 47-j\u00e4hrige Ministerpr\u00e4sident grenze sich nachweislich &#8220;von Berlin ab und macht sogar gegen die CDU-Zentrale Wahlkampf&#8221; (<em>RT DE<\/em>\u00a0<a rel=\"nofollow\" target=\"_blank\" href=\"https:\/\/de-rtnews.com\/inland\/287306-merz-attacke-aus-osten-drei\/\">berichtete<\/a>).<\/p>\n<p>Die <em>Welt<\/em>-Redaktion res\u00fcmierte zu der Kurzvisite des Kanzlers, dass dieser &#8220;sich bei seinem ersten Auftritt in den ostdeutschen Wahlk\u00e4mpfen bem\u00fcht&#8221; habe, ein schwaches Abschneiden &#8220;seiner CDU von seiner Arbeit zu entkoppeln&#8221;.<\/p>\n<p><strong>Mehr zum Thema \u2012<\/strong>\u00a0<a rel=\"nofollow\" target=\"_blank\" href=\"https:\/\/de-rtnews.com\/inland\/290081-ehemalige-ddr-bereitet-schlag-gegen\/\" target=\"_blank\" rel=\"noopener noreferrer\">Die ehemalige DDR bereitet einen Schlag gegen Merz vor <\/a><\/p>\n<div class=\"EmbedBlock-root EmbedBlock-externalVideo EmbedBlock-rumble\">\n<div class=\"VkEmbed\"><iframe class=\"lazyload\" data-src=\"https:\/\/rumble.com\/embed\/v7cpnbc\" frameborder=\"0\" width=\"853\" height=\"480\" allowfullscreen><\/iframe><\/div>\n<\/div>\n<\/div>\n<p><br \/>\n<br \/><a href=\"https:\/\/de.rt.com\/inland\/290292-sachsen-anhalt-cdu-wahlkampf-mit\/\">Source link <\/a><\/p>\n","protected":false},"excerpt":{"rendered":"<p>In Mecklenburg-Vorpommern bekamen interessierte B\u00fcrger den Kanzler zumindest kurz zu Gesicht. In Sachsen-Anhalt lautete &#8220;der Wunsch der CDU vor Ort&#8221;, den Termin ohne B\u00fcrgerbeteiligung zu meistern. Der Kanzler diktierte dort der Presse, dass das Bundesland &#8220;kein Experimentierfeld f\u00fcr Wutb\u00fcrger werden darf&#8221;. &#8220;Merz steigt in den Wahlkampf in Ostdeutschland ein&#8221;, so die Zusammenfassung der Medienagenturen zum [&hellip;]<\/p>\n","protected":false},"author":3,"featured_media":109706,"comment_status":"open","ping_status":"open","sticky":false,"template":"","format":"standard","meta":{"wp_automatic_camp":["217"],"bc51559c26add5541d1f0b82fc77a9b8":["Sachsen-Anhalt: CDU-Wahlkampf mit Kanzler Merz, aber ohne B\u00fcrgerkontakt"],"original_link":["https:\/\/de.rt.com\/inland\/290292-sachsen-anhalt-cdu-wahlkampf-mit\/"],"_thumbnail_id":["109706"],"_wptgpro_p2tg_sent2tg":["a:1:{i:23737;s:19:\"2026-09-01 09:38:28\";}"],"jnews_social_counter_last_update":["1788255509"]},"categories":[19,23],"tags":[2205,75942,75941,4907,18728,419,779,46305],"class_list":["post-109705","post","type-post","status-publish","format-standard","has-post-thumbnail","hentry","category-deutschland","category-russland","tag-aber","tag-buergerkontakt","tag-cduwahlkampf","tag-kanzler","tag-merz","tag-mit","tag-ohne","tag-sachsenanhalt"],"yoast_head":"<!-- This site is optimized with the Yoast SEO Premium plugin v22.7 (Yoast SEO v28.2) - https:\/\/yoast.com\/product\/yoast-seo-premium-wordpress\/ -->\n<title>Sachsen-Anhalt: CDU-Wahlkampf mit Kanzler Merz, aber ohne B\u00fcrgerkontakt - just-now.NEWS Deutschland<\/title>\n<meta name=\"robots\" content=\"index, follow, max-snippet:-1, max-image-preview:large, max-video-preview:-1\" \/>\n<link rel=\"canonical\" href=\"https:\/\/now-news.de\/de\/deutschland\/sachsen-anhalt-cdu-wahlkampf-mit-kanzler-merz-aber-ohne-buergerkontakt\/\" \/>\n<meta property=\"og:locale\" content=\"de_DE\" \/>\n<meta property=\"og:type\" content=\"article\" \/>\n<meta property=\"og:title\" content=\"Sachsen-Anhalt: CDU-Wahlkampf mit Kanzler Merz, aber ohne B\u00fcrgerkontakt\" \/>\n<meta property=\"og:description\" content=\"In Mecklenburg-Vorpommern bekamen interessierte B\u00fcrger den Kanzler zumindest kurz zu Gesicht. In Sachsen-Anhalt lautete &#8220;der Wunsch der CDU vor Ort&#8221;, den Termin ohne B\u00fcrgerbeteiligung zu meistern. Der Kanzler diktierte dort der Presse, dass das Bundesland &#8220;kein Experimentierfeld f\u00fcr Wutb\u00fcrger werden darf&#8221;. &#8220;Merz steigt in den Wahlkampf in Ostdeutschland ein&#8221;, so die Zusammenfassung der Medienagenturen zum [&hellip;]\" \/>\n<meta property=\"og:url\" content=\"https:\/\/now-news.de\/de\/deutschland\/sachsen-anhalt-cdu-wahlkampf-mit-kanzler-merz-aber-ohne-buergerkontakt\/\" \/>\n<meta property=\"og:site_name\" content=\"just-now.NEWS Deutschland\" \/>\n<meta property=\"article:publisher\" content=\"https:\/\/www.facebook.com\/wirmachenauf\" \/>\n<meta property=\"article:published_time\" content=\"2026-09-01T07:32:31+00:00\" \/>\n<meta property=\"og:image\" content=\"https:\/\/now-news.de\/de\/wp-content\/uploads\/sites\/3\/2026\/09\/6a96697248fbef73112df5fc.jpg\" \/>\n<meta name=\"author\" content=\"rtnews\" \/>\n<meta name=\"twitter:card\" content=\"summary_large_image\" \/>\n<meta name=\"twitter:creator\" content=\"@WirMachenAuf_de\" \/>\n<meta name=\"twitter:site\" content=\"@WirMachenAuf_de\" \/>\n<meta name=\"twitter:label1\" content=\"Verfasst von\" \/>\n\t<meta name=\"twitter:data1\" content=\"rtnews\" \/>\n\t<meta name=\"twitter:label2\" content=\"Gesch\u00e4tzte Lesezeit\" \/>\n\t<meta name=\"twitter:data2\" content=\"4\u00a0Minuten\" \/>\n<script type=\"application\/ld+json\" class=\"yoast-schema-graph\">{\"@context\":\"https:\\\/\\\/schema.org\",\"@graph\":[{\"@type\":\"Article\",\"@id\":\"https:\\\/\\\/now-news.de\\\/de\\\/deutschland\\\/sachsen-anhalt-cdu-wahlkampf-mit-kanzler-merz-aber-ohne-buergerkontakt\\\/#article\",\"isPartOf\":{\"@id\":\"https:\\\/\\\/now-news.de\\\/de\\\/deutschland\\\/sachsen-anhalt-cdu-wahlkampf-mit-kanzler-merz-aber-ohne-buergerkontakt\\\/\"},\"author\":{\"name\":\"rtnews\",\"@id\":\"https:\\\/\\\/now-news.de\\\/de\\\/#\\\/schema\\\/person\\\/fb534a4e865501d8b3285208df34a9b5\"},\"headline\":\"Sachsen-Anhalt: CDU-Wahlkampf mit Kanzler Merz, aber ohne B\u00fcrgerkontakt\",\"datePublished\":\"2026-09-01T07:32:31+00:00\",\"mainEntityOfPage\":{\"@id\":\"https:\\\/\\\/now-news.de\\\/de\\\/deutschland\\\/sachsen-anhalt-cdu-wahlkampf-mit-kanzler-merz-aber-ohne-buergerkontakt\\\/\"},\"wordCount\":711,\"commentCount\":0,\"publisher\":{\"@id\":\"https:\\\/\\\/now-news.de\\\/de\\\/#organization\"},\"image\":{\"@id\":\"https:\\\/\\\/now-news.de\\\/de\\\/deutschland\\\/sachsen-anhalt-cdu-wahlkampf-mit-kanzler-merz-aber-ohne-buergerkontakt\\\/#primaryimage\"},\"thumbnailUrl\":\"https:\\\/\\\/now-news.de\\\/de\\\/wp-content\\\/uploads\\\/sites\\\/3\\\/2026\\\/09\\\/Sachsen-Anhalt-CDU-Wahlkampf-mit-Kanzler-Merz-aber-ohne-Buergerkontakt.jpg\",\"keywords\":[\"aber\",\"B\u00fcrgerkontakt\",\"CDUWahlkampf\",\"Kanzler\",\"Merz\",\"mit\",\"ohne\",\"SachsenAnhalt\"],\"articleSection\":[\"Deutschland\",\"Russland\"],\"inLanguage\":\"de\",\"potentialAction\":[{\"@type\":\"CommentAction\",\"name\":\"Comment\",\"target\":[\"https:\\\/\\\/now-news.de\\\/de\\\/deutschland\\\/sachsen-anhalt-cdu-wahlkampf-mit-kanzler-merz-aber-ohne-buergerkontakt\\\/#respond\"]}]},{\"@type\":\"WebPage\",\"@id\":\"https:\\\/\\\/now-news.de\\\/de\\\/deutschland\\\/sachsen-anhalt-cdu-wahlkampf-mit-kanzler-merz-aber-ohne-buergerkontakt\\\/\",\"url\":\"https:\\\/\\\/now-news.de\\\/de\\\/deutschland\\\/sachsen-anhalt-cdu-wahlkampf-mit-kanzler-merz-aber-ohne-buergerkontakt\\\/\",\"name\":\"Sachsen-Anhalt: CDU-Wahlkampf mit Kanzler Merz, aber ohne B\u00fcrgerkontakt - just-now.NEWS Deutschland\",\"isPartOf\":{\"@id\":\"https:\\\/\\\/now-news.de\\\/de\\\/#website\"},\"primaryImageOfPage\":{\"@id\":\"https:\\\/\\\/now-news.de\\\/de\\\/deutschland\\\/sachsen-anhalt-cdu-wahlkampf-mit-kanzler-merz-aber-ohne-buergerkontakt\\\/#primaryimage\"},\"image\":{\"@id\":\"https:\\\/\\\/now-news.de\\\/de\\\/deutschland\\\/sachsen-anhalt-cdu-wahlkampf-mit-kanzler-merz-aber-ohne-buergerkontakt\\\/#primaryimage\"},\"thumbnailUrl\":\"https:\\\/\\\/now-news.de\\\/de\\\/wp-content\\\/uploads\\\/sites\\\/3\\\/2026\\\/09\\\/Sachsen-Anhalt-CDU-Wahlkampf-mit-Kanzler-Merz-aber-ohne-Buergerkontakt.jpg\",\"datePublished\":\"2026-09-01T07:32:31+00:00\",\"breadcrumb\":{\"@id\":\"https:\\\/\\\/now-news.de\\\/de\\\/deutschland\\\/sachsen-anhalt-cdu-wahlkampf-mit-kanzler-merz-aber-ohne-buergerkontakt\\\/#breadcrumb\"},\"inLanguage\":\"de\",\"potentialAction\":[{\"@type\":\"ReadAction\",\"target\":[\"https:\\\/\\\/now-news.de\\\/de\\\/deutschland\\\/sachsen-anhalt-cdu-wahlkampf-mit-kanzler-merz-aber-ohne-buergerkontakt\\\/\"]}]},{\"@type\":\"ImageObject\",\"inLanguage\":\"de\",\"@id\":\"https:\\\/\\\/now-news.de\\\/de\\\/deutschland\\\/sachsen-anhalt-cdu-wahlkampf-mit-kanzler-merz-aber-ohne-buergerkontakt\\\/#primaryimage\",\"url\":\"https:\\\/\\\/now-news.de\\\/de\\\/wp-content\\\/uploads\\\/sites\\\/3\\\/2026\\\/09\\\/Sachsen-Anhalt-CDU-Wahlkampf-mit-Kanzler-Merz-aber-ohne-Buergerkontakt.jpg\",\"contentUrl\":\"https:\\\/\\\/now-news.de\\\/de\\\/wp-content\\\/uploads\\\/sites\\\/3\\\/2026\\\/09\\\/Sachsen-Anhalt-CDU-Wahlkampf-mit-Kanzler-Merz-aber-ohne-Buergerkontakt.jpg\",\"width\":460,\"height\":259,\"caption\":\"Sachsen-Anhalt: CDU-Wahlkampf mit Kanzler Merz, aber ohne B\u00fcrgerkontakt\"},{\"@type\":\"BreadcrumbList\",\"@id\":\"https:\\\/\\\/now-news.de\\\/de\\\/deutschland\\\/sachsen-anhalt-cdu-wahlkampf-mit-kanzler-merz-aber-ohne-buergerkontakt\\\/#breadcrumb\",\"itemListElement\":[{\"@type\":\"ListItem\",\"position\":1,\"name\":\"Home\",\"item\":\"https:\\\/\\\/now-news.de\\\/de\\\/\"},{\"@type\":\"ListItem\",\"position\":2,\"name\":\"Sachsen-Anhalt: CDU-Wahlkampf mit Kanzler Merz, aber ohne B\u00fcrgerkontakt\"}]},{\"@type\":\"WebSite\",\"@id\":\"https:\\\/\\\/now-news.de\\\/de\\\/#website\",\"url\":\"https:\\\/\\\/now-news.de\\\/de\\\/\",\"name\":\"just-now.NEWS Deutschland\",\"description\":\"Das Portal f\u00fcr unzensierte Nachrichten aus der Welt\",\"publisher\":{\"@id\":\"https:\\\/\\\/now-news.de\\\/de\\\/#organization\"},\"potentialAction\":[{\"@type\":\"SearchAction\",\"target\":{\"@type\":\"EntryPoint\",\"urlTemplate\":\"https:\\\/\\\/now-news.de\\\/de\\\/?s={search_term_string}\"},\"query-input\":{\"@type\":\"PropertyValueSpecification\",\"valueRequired\":true,\"valueName\":\"search_term_string\"}}],\"inLanguage\":\"de\"},{\"@type\":\"Organization\",\"@id\":\"https:\\\/\\\/now-news.de\\\/de\\\/#organization\",\"name\":\"Just Now News\",\"url\":\"https:\\\/\\\/now-news.de\\\/de\\\/\",\"logo\":{\"@type\":\"ImageObject\",\"inLanguage\":\"de\",\"@id\":\"https:\\\/\\\/now-news.de\\\/de\\\/#\\\/schema\\\/logo\\\/image\\\/\",\"url\":\"http:\\\/\\\/just-now.news\\\/de\\\/wp-content\\\/uploads\\\/sites\\\/3\\\/2022\\\/04\\\/logo500x500.jpg\",\"contentUrl\":\"http:\\\/\\\/just-now.news\\\/de\\\/wp-content\\\/uploads\\\/sites\\\/3\\\/2022\\\/04\\\/logo500x500.jpg\",\"width\":500,\"height\":500,\"caption\":\"Just Now News\"},\"image\":{\"@id\":\"https:\\\/\\\/now-news.de\\\/de\\\/#\\\/schema\\\/logo\\\/image\\\/\"},\"sameAs\":[\"https:\\\/\\\/www.facebook.com\\\/wirmachenauf\",\"https:\\\/\\\/x.com\\\/WirMachenAuf_de\"]},{\"@type\":\"Person\",\"@id\":\"https:\\\/\\\/now-news.de\\\/de\\\/#\\\/schema\\\/person\\\/fb534a4e865501d8b3285208df34a9b5\",\"name\":\"rtnews\",\"image\":{\"@type\":\"ImageObject\",\"inLanguage\":\"de\",\"@id\":\"https:\\\/\\\/secure.gravatar.com\\\/avatar\\\/358fe31b3ab5769fea05376e1953329834cd9912cf9daf607e2af3076a1b982b?s=96&d=mm&r=g\",\"url\":\"https:\\\/\\\/secure.gravatar.com\\\/avatar\\\/358fe31b3ab5769fea05376e1953329834cd9912cf9daf607e2af3076a1b982b?s=96&d=mm&r=g\",\"contentUrl\":\"https:\\\/\\\/secure.gravatar.com\\\/avatar\\\/358fe31b3ab5769fea05376e1953329834cd9912cf9daf607e2af3076a1b982b?s=96&d=mm&r=g\",\"caption\":\"rtnews\"},\"url\":\"https:\\\/\\\/now-news.de\\\/de\\\/author\\\/rnews\\\/\"}]}<\/script>\n<!-- \/ Yoast SEO Premium plugin. -->","yoast_head_json":{"title":"Sachsen-Anhalt: CDU-Wahlkampf mit Kanzler Merz, aber ohne B\u00fcrgerkontakt - just-now.NEWS Deutschland","robots":{"index":"index","follow":"follow","max-snippet":"max-snippet:-1","max-image-preview":"max-image-preview:large","max-video-preview":"max-video-preview:-1"},"canonical":"https:\/\/now-news.de\/de\/deutschland\/sachsen-anhalt-cdu-wahlkampf-mit-kanzler-merz-aber-ohne-buergerkontakt\/","og_locale":"de_DE","og_type":"article","og_title":"Sachsen-Anhalt: CDU-Wahlkampf mit Kanzler Merz, aber ohne B\u00fcrgerkontakt","og_description":"In Mecklenburg-Vorpommern bekamen interessierte B\u00fcrger den Kanzler zumindest kurz zu Gesicht. In Sachsen-Anhalt lautete &#8220;der Wunsch der CDU vor Ort&#8221;, den Termin ohne B\u00fcrgerbeteiligung zu meistern. Der Kanzler diktierte dort der Presse, dass das Bundesland &#8220;kein Experimentierfeld f\u00fcr Wutb\u00fcrger werden darf&#8221;. &#8220;Merz steigt in den Wahlkampf in Ostdeutschland ein&#8221;, so die Zusammenfassung der Medienagenturen zum [&hellip;]","og_url":"https:\/\/now-news.de\/de\/deutschland\/sachsen-anhalt-cdu-wahlkampf-mit-kanzler-merz-aber-ohne-buergerkontakt\/","og_site_name":"just-now.NEWS Deutschland","article_publisher":"https:\/\/www.facebook.com\/wirmachenauf","article_published_time":"2026-09-01T07:32:31+00:00","og_image":[{"url":"https:\/\/now-news.de\/de\/wp-content\/uploads\/sites\/3\/2026\/09\/6a96697248fbef73112df5fc.jpg","type":"","width":"","height":""}],"author":"rtnews","twitter_card":"summary_large_image","twitter_creator":"@WirMachenAuf_de","twitter_site":"@WirMachenAuf_de","twitter_misc":{"Verfasst von":"rtnews","Gesch\u00e4tzte Lesezeit":"4\u00a0Minuten"},"schema":{"@context":"https:\/\/schema.org","@graph":[{"@type":"Article","@id":"https:\/\/now-news.de\/de\/deutschland\/sachsen-anhalt-cdu-wahlkampf-mit-kanzler-merz-aber-ohne-buergerkontakt\/#article","isPartOf":{"@id":"https:\/\/now-news.de\/de\/deutschland\/sachsen-anhalt-cdu-wahlkampf-mit-kanzler-merz-aber-ohne-buergerkontakt\/"},"author":{"name":"rtnews","@id":"https:\/\/now-news.de\/de\/#\/schema\/person\/fb534a4e865501d8b3285208df34a9b5"},"headline":"Sachsen-Anhalt: CDU-Wahlkampf mit Kanzler Merz, aber ohne B\u00fcrgerkontakt","datePublished":"2026-09-01T07:32:31+00:00","mainEntityOfPage":{"@id":"https:\/\/now-news.de\/de\/deutschland\/sachsen-anhalt-cdu-wahlkampf-mit-kanzler-merz-aber-ohne-buergerkontakt\/"},"wordCount":711,"commentCount":0,"publisher":{"@id":"https:\/\/now-news.de\/de\/#organization"},"image":{"@id":"https:\/\/now-news.de\/de\/deutschland\/sachsen-anhalt-cdu-wahlkampf-mit-kanzler-merz-aber-ohne-buergerkontakt\/#primaryimage"},"thumbnailUrl":"https:\/\/now-news.de\/de\/wp-content\/uploads\/sites\/3\/2026\/09\/Sachsen-Anhalt-CDU-Wahlkampf-mit-Kanzler-Merz-aber-ohne-Buergerkontakt.jpg","keywords":["aber","B\u00fcrgerkontakt","CDUWahlkampf","Kanzler","Merz","mit","ohne","SachsenAnhalt"],"articleSection":["Deutschland","Russland"],"inLanguage":"de","potentialAction":[{"@type":"CommentAction","name":"Comment","target":["https:\/\/now-news.de\/de\/deutschland\/sachsen-anhalt-cdu-wahlkampf-mit-kanzler-merz-aber-ohne-buergerkontakt\/#respond"]}]},{"@type":"WebPage","@id":"https:\/\/now-news.de\/de\/deutschland\/sachsen-anhalt-cdu-wahlkampf-mit-kanzler-merz-aber-ohne-buergerkontakt\/","url":"https:\/\/now-news.de\/de\/deutschland\/sachsen-anhalt-cdu-wahlkampf-mit-kanzler-merz-aber-ohne-buergerkontakt\/","name":"Sachsen-Anhalt: CDU-Wahlkampf mit Kanzler Merz, aber ohne B\u00fcrgerkontakt - just-now.NEWS Deutschland","isPartOf":{"@id":"https:\/\/now-news.de\/de\/#website"},"primaryImageOfPage":{"@id":"https:\/\/now-news.de\/de\/deutschland\/sachsen-anhalt-cdu-wahlkampf-mit-kanzler-merz-aber-ohne-buergerkontakt\/#primaryimage"},"image":{"@id":"https:\/\/now-news.de\/de\/deutschland\/sachsen-anhalt-cdu-wahlkampf-mit-kanzler-merz-aber-ohne-buergerkontakt\/#primaryimage"},"thumbnailUrl":"https:\/\/now-news.de\/de\/wp-content\/uploads\/sites\/3\/2026\/09\/Sachsen-Anhalt-CDU-Wahlkampf-mit-Kanzler-Merz-aber-ohne-Buergerkontakt.jpg","datePublished":"2026-09-01T07:32:31+00:00","breadcrumb":{"@id":"https:\/\/now-news.de\/de\/deutschland\/sachsen-anhalt-cdu-wahlkampf-mit-kanzler-merz-aber-ohne-buergerkontakt\/#breadcrumb"},"inLanguage":"de","potentialAction":[{"@type":"ReadAction","target":["https:\/\/now-news.de\/de\/deutschland\/sachsen-anhalt-cdu-wahlkampf-mit-kanzler-merz-aber-ohne-buergerkontakt\/"]}]},{"@type":"ImageObject","inLanguage":"de","@id":"https:\/\/now-news.de\/de\/deutschland\/sachsen-anhalt-cdu-wahlkampf-mit-kanzler-merz-aber-ohne-buergerkontakt\/#primaryimage","url":"https:\/\/now-news.de\/de\/wp-content\/uploads\/sites\/3\/2026\/09\/Sachsen-Anhalt-CDU-Wahlkampf-mit-Kanzler-Merz-aber-ohne-Buergerkontakt.jpg","contentUrl":"https:\/\/now-news.de\/de\/wp-content\/uploads\/sites\/3\/2026\/09\/Sachsen-Anhalt-CDU-Wahlkampf-mit-Kanzler-Merz-aber-ohne-Buergerkontakt.jpg","width":460,"height":259,"caption":"Sachsen-Anhalt: CDU-Wahlkampf mit Kanzler Merz, aber ohne B\u00fcrgerkontakt"},{"@type":"BreadcrumbList","@id":"https:\/\/now-news.de\/de\/deutschland\/sachsen-anhalt-cdu-wahlkampf-mit-kanzler-merz-aber-ohne-buergerkontakt\/#breadcrumb","itemListElement":[{"@type":"ListItem","position":1,"name":"Home","item":"https:\/\/now-news.de\/de\/"},{"@type":"ListItem","position":2,"name":"Sachsen-Anhalt: CDU-Wahlkampf mit Kanzler Merz, aber ohne B\u00fcrgerkontakt"}]},{"@type":"WebSite","@id":"https:\/\/now-news.de\/de\/#website","url":"https:\/\/now-news.de\/de\/","name":"just-now.NEWS Deutschland","description":"Das Portal f\u00fcr unzensierte Nachrichten aus der Welt","publisher":{"@id":"https:\/\/now-news.de\/de\/#organization"},"potentialAction":[{"@type":"SearchAction","target":{"@type":"EntryPoint","urlTemplate":"https:\/\/now-news.de\/de\/?s={search_term_string}"},"query-input":{"@type":"PropertyValueSpecification","valueRequired":true,"valueName":"search_term_string"}}],"inLanguage":"de"},{"@type":"Organization","@id":"https:\/\/now-news.de\/de\/#organization","name":"Just Now News","url":"https:\/\/now-news.de\/de\/","logo":{"@type":"ImageObject","inLanguage":"de","@id":"https:\/\/now-news.de\/de\/#\/schema\/logo\/image\/","url":"http:\/\/just-now.news\/de\/wp-content\/uploads\/sites\/3\/2022\/04\/logo500x500.jpg","contentUrl":"http:\/\/just-now.news\/de\/wp-content\/uploads\/sites\/3\/2022\/04\/logo500x500.jpg","width":500,"height":500,"caption":"Just Now News"},"image":{"@id":"https:\/\/now-news.de\/de\/#\/schema\/logo\/image\/"},"sameAs":["https:\/\/www.facebook.com\/wirmachenauf","https:\/\/x.com\/WirMachenAuf_de"]},{"@type":"Person","@id":"https:\/\/now-news.de\/de\/#\/schema\/person\/fb534a4e865501d8b3285208df34a9b5","name":"rtnews","image":{"@type":"ImageObject","inLanguage":"de","@id":"https:\/\/secure.gravatar.com\/avatar\/358fe31b3ab5769fea05376e1953329834cd9912cf9daf607e2af3076a1b982b?s=96&d=mm&r=g","url":"https:\/\/secure.gravatar.com\/avatar\/358fe31b3ab5769fea05376e1953329834cd9912cf9daf607e2af3076a1b982b?s=96&d=mm&r=g","contentUrl":"https:\/\/secure.gravatar.com\/avatar\/358fe31b3ab5769fea05376e1953329834cd9912cf9daf607e2af3076a1b982b?s=96&d=mm&r=g","caption":"rtnews"},"url":"https:\/\/now-news.de\/de\/author\/rnews\/"}]}},"_links":{"self":[{"href":"https:\/\/now-news.de\/de\/wp-json\/wp\/v2\/posts\/109705","targetHints":{"allow":["GET"]}}],"collection":[{"href":"https:\/\/now-news.de\/de\/wp-json\/wp\/v2\/posts"}],"about":[{"href":"https:\/\/now-news.de\/de\/wp-json\/wp\/v2\/types\/post"}],"author":[{"embeddable":true,"href":"https:\/\/now-news.de\/de\/wp-json\/wp\/v2\/users\/3"}],"replies":[{"embeddable":true,"href":"https:\/\/now-news.de\/de\/wp-json\/wp\/v2\/comments?post=109705"}],"version-history":[{"count":0,"href":"https:\/\/now-news.de\/de\/wp-json\/wp\/v2\/posts\/109705\/revisions"}],"wp:featuredmedia":[{"embeddable":true,"href":"https:\/\/now-news.de\/de\/wp-json\/wp\/v2\/media\/109706"}],"wp:attachment":[{"href":"https:\/\/now-news.de\/de\/wp-json\/wp\/v2\/media?parent=109705"}],"wp:term":[{"taxonomy":"category","embeddable":true,"href":"https:\/\/now-news.de\/de\/wp-json\/wp\/v2\/categories?post=109705"},{"taxonomy":"post_tag","embeddable":true,"href":"https:\/\/now-news.de\/de\/wp-json\/wp\/v2\/tags?post=109705"}],"curies":[{"name":"wp","href":"https:\/\/api.w.org\/{rel}","templated":true}]}}