{"id":109695,"date":"2026-08-31T21:55:00","date_gmt":"2026-08-31T19:55:00","guid":{"rendered":"https:\/\/now-news.de\/de\/deutschland\/krieg-als-zukunft-die-deutschen-bekommen-wahlen-ohne-wahl\/"},"modified":"2026-08-31T21:55:00","modified_gmt":"2026-08-31T19:55:00","slug":"krieg-als-zukunft-die-deutschen-bekommen-wahlen-ohne-wahl","status":"publish","type":"post","link":"https:\/\/now-news.de\/de\/deutschland\/krieg-als-zukunft-die-deutschen-bekommen-wahlen-ohne-wahl\/","title":{"rendered":"Krieg als Zukunft: Die Deutschen bekommen Wahlen ohne Wahl"},"content":{"rendered":"<p><img decoding=\"async\" src=\"https:\/\/now-news.de\/de\/wp-content\/uploads\/sites\/3\/2026\/08\/6a95c32a48fbef743b4db110.png\" \/><\/p>\n<div class=\"Text-root Text-type_1 \">\n                Ist die AfD wirklich eine Alternative f\u00fcr Deutschland? Nein, meint Dmitri Bawyrin \u2013 jedenfalls nicht, solange der Kurs der Partei zur Wiederaufr\u00fcstung in weiten Kreisen von starken revanchistischen Gef\u00fchlen und einem Hang zur Geschichtsrevision begleitet wird. Dann sei auch die Souver\u00e4nit\u00e4t Deutschlands kein unbestreitbares Gut mehr.\n            <\/div>\n<p><\/p>\n<div class=\"Text-root Text-type_5 ArticleView-text ViewText-root \">\n<p><strong><\/strong><em><\/em><em>Von Dmitri Bawyrin<\/em><\/p>\n<p>In nur einer Woche, am ersten Sonntag des Septembers 2026, finden in Deutschland Wahlen von geschichtstr\u00e4chtiger \u2013 so w\u00fcrde man zun\u00e4chst meinen \u2013 Bedeutung statt. Ihr vorauszusagendes Ergebnis droht, den Kanzlerwechsel nach sich zu ziehen, und ist gef\u00e4hrlich f\u00fcr das gesamte politische System Deutschlands. Die Co-Vorsitzende der st\u00e4rksten Partei, Alice Weidel von der Alternative f\u00fcr Deutschland, hat versprochen, Deutschland aus dem Schengen-Raum zur\u00fcckzuziehen und dazu den Euro aufzugeben. Also von wegen, &#8220;gebt mir einfach die Macht&#8221;.<\/p>\n<p>Sollte sie wirklich das Mandat dazu bekommen und Weidel ihrerseits ihre Versprechen halten, w\u00e4re dies ein vernichtender Schlag sowohl f\u00fcr die Eurozone, da Deutschland ihre wichtigste Volkswirtschaft ist, als auch f\u00fcr die EU als einheitliche Organisation, deren inoffizielle F\u00fchrungsrolle Berlin innehatte. Es w\u00e4re, als h\u00e4tte die RSFSR zu Sowjetzeiten Visa und eine alternative W\u00e4hrung f\u00fcr die anderen Republiken der Union eingef\u00fchrt. Ein &#8220;richtiger&#8221; (ja, was denn noch?) Austritt Russlands aus der UdSSR w\u00e4re dann nicht mehr erheblich: Die Sowjetunion h\u00e4tte ihn ohnehin nicht \u00fcberlebt.<\/p>\n<p>Gleichzeitig w\u00e4hlen die Deutschen nichts wirklich Bahnbrechendes. Nicht den Bundestag, nicht das Bundesparlament \u2013 sondern lediglich einen Landtag: das Parlament des Landes Sachsen-Anhalt. Das Besondere ist, dass die AfD zumindest in einer der bundesdeutschen Regionen erstmals an die Macht kommen k\u00f6nnte: Ihre Zustimmungswerte sind mit \u00fcber 40 Prozent so hoch, dass sich ihr die Chance auf eine Alleinregierung bietet \u2013 denn auf eine Koalition mit Drittparteien hat diese Partei ja ohnehin kaum Aussichten. Andere Parteien weigern sich kategorisch, mit ihr zu koalieren; da ist ein Tabu, eine Brandmauer.<\/p>\n<p>Das Scheitern der Eind\u00e4mmungsstrategie der Altparteien aber und die Wahlniederlage (die Parteien der bestehenden Regierungskoalition Sachsen-Anhalts kommen in Beliebtheits-Umfragewerten zusammen nur auf 30 Prozent) drohen mit einem F\u00fchrungswechsel innerhalb der CDU und damit auch mit einem Wechsel des Bundeskanzlers. Friedrich Merz&#8217; Position ist schon l\u00e4nger wackelig \u2013 er ist mit Zustimmungswerten von 11 bis 13 Prozent der unbeliebteste Regierungschef seit Hitler und liegt damit deutlich unter dem Durchschnitt der Partei. Ein Sieg der AfD w\u00fcrde seinen internen Kritikern reichlich Anlass geben, nicht nur den unbeliebtesten, sondern auch den l\u00e4cherlichsten Bundeskanzler der modernen Geschichte gleich im Ganzen loszuwerden.<\/p>\n<p>Merz selbst ist sich derweil der Tragweite der Lage bewusst und wird dagegen ank\u00e4mpfen. Er hat eine Zusammenarbeit mit der AfD ausgeschlossen \u2013 doch dies nicht, wie zuvor, unter dem Vorwand des angeblichen &#8220;rechtsextremen Radikalismus&#8221; der AfD, sondern aufgrund der Kontakte dieser Partei zu Russland. Man k\u00f6nnte durchaus behaupten, die gesamte Wahlkampfstrategie der Regierungspartei CDU basiert darauf, den Spitzenkandidaten in Sachsen-Anhalt als einen Agenten Moskaus zu entlarven.<\/p>\n<p>Daher d\u00fcrfte der Bundeskanzler in K\u00fcrze seinen gr\u00f6\u00dften Coup des Wahlkampfs starten: Moskau der angeblichen Sabotage am Flughafen Leipzig zu beschuldigen, bei der ein ukrainisches Milit\u00e4rtransportflugzeug ins Visier genommen worden sei: Anfang August &#8220;griff&#8221; eine selbstgebaute Drohne das Flugzeug dort auf dem Rollfeld an \u2013 prallte aber von diesem auf den Boden zur\u00fcck. Die deutschen Beh\u00f6rden behaupten nun, die Drohne sei mit Sprengstoff best\u00fcckt gewesen \u2013 dieser sei aber aus unbekannten Gr\u00fcnden nicht detoniert, sondern habe sich stattdessen vom Tr\u00e4gerluftfahrzeug gel\u00f6st und sei dann zuf\u00e4llig auf dem Boden aufgefunden worden.<\/p>\n<p>Das klingt unglaubw\u00fcrdig und wirkt wie eine Provokation; es gibt zumindest bisherigen Erkl\u00e4rungen zufolge keine Hinweise darauf, dass russische Staatsb\u00fcrger mit dem Vorfall in Verbindung stehen. Vielleicht dient dies aber nur dazu, kurz vor der Wahl einen Skandal zu inszenieren, indem man den Russen feindselige Aktionen und der AfD Kollaboration mit dem Feind vorwirft. Sollen die Anschuldigungen doch haltlos fallen und dann darum auch zusammenbrechen \u2013 die Wahlen sind dann ohnehin schon vorbei und gelaufen.<\/p>\n<p>Gehen wir also davon aus, dass man die Deutschen \u2013 wie schon unter Goebbels \u2013 mehr als sonst von uns einzusch\u00fcchtern versuchen wird. Eine historische Wende f\u00fcr Deutschland hingegen sollten wir nicht erwarten; wir bereiten uns vielmehr auf diese M\u00f6glichkeit vor \u2013 wie auf alle anderen M\u00f6glichkeiten auch. Mit dem korrigierenden Vorbehalt, dass Russland kein Interesse an einem Sieg der AfD hat. Es ist an der Zeit, die Unterstellungen \u00fcber ein solches B\u00fcndnis zwischen uns zur\u00fcckzuweisen.<\/p>\n<p>Die vor der Wahl herrschende Hysterie verhei\u00dft n\u00e4mlich keine konkreten Aussichten \u2013 erst recht keine guten. Nehmen wir doch einfach an, die AfD hat Gl\u00fcck. Wenn beispielsweise die Sitze unter den Parteien verteilt werden, die die F\u00fcnfprozenth\u00fcrde nicht \u00fcberschritten haben, werden aus ihren &#8220;\u00fcber 40&#8221; dann halt &#8220;\u00fcber 50&#8221; Prozent. Oder vielleicht umgekehrt: Das B\u00fcndnis Sahra Wagenknecht, als die einzige Partei, die eine Koalition mit der AfD f\u00fcr sich \u00fcberhaupt zul\u00e4sst, zieht mit ihr in den Landtag ein.<\/p>\n<p>Nehmen wir sogar an, dass solche Wahlergebnisse Bundeskanzler Merz das Genick brechen werden. Doch selbst dann wird er einfach durch einen anderen CDU-Spitzenpolitiker ersetzt werden (Hendrik W\u00fcst, Ministerpr\u00e4sident von Nordrhein-Westfalen, gilt als aussichtsreichster Kandidat) \u2013 und zwar ohne dass sich Berlins Kurs \u00e4ndert. Man k\u00f6nnte diesen Kurs mit einem Wort als Militarismus bezeichnen, genauer mit zwei Worten ausgedr\u00fcckt als antirussischen Militarismus.<\/p>\n<div class=\"EmbedBlock-root EmbedBlock-externalVideo EmbedBlock-rumble\">\n<div class=\"VkEmbed\"><iframe class=\"lazyload\" data-src=\"https:\/\/rumble.com\/embed\/v7a73wk\" frameborder=\"0\" width=\"853\" height=\"480\" allowfullscreen><\/iframe><\/div>\n<\/div>\n<p>Auch das Schicksal der AfD ist dann nicht gerade zu beneiden: In Sachsen-Anhalt werden die Zentralbeh\u00f6rden zu Sabotage greifen und werden alle finanziellen Str\u00f6me aus dem Bundeshaushalt an dieses Bundesland auf Sparflamme umstellen \u2013 bestenfalls \u2013, nur um auf diese Weise die Handlungsunf\u00e4higkeit der Alternative f\u00fcr Deutschland als vertrauensw\u00fcrdige F\u00fchrungskraft f\u00fcr irgendein reales Verwaltungsobjekt zu &#8220;beweisen&#8221;. Sollte dies die W\u00e4hlerschaft nicht zur Vernunft bringen, wird die AfD schlie\u00dflich wegen &#8220;verfassungswidriger Aktivit\u00e4ten&#8221; verboten. Eine Woche vor der Wahl forderte Boris Pistorius, Verteidigungsminister und Meinungsf\u00fchrer der SPD, des Juniorpartners der CDU in der Koalition, direkt dazu auf.<\/p>\n<p>Sachsen-Anhalt selbst erscheint zwar als ein guter Ausgangspunkt f\u00fcr eine Kurs\u00e4nderung in Deutschland: Schlie\u00dflich gilt es als die Wiege des deutschen Protestantismus (Lutheranertum) \u2013 und dazu noch der russischen Kaiserin Katharina II. Die extrem hohen Zustimmungswerte der AfD dort sind derweil \u00fcberhaupt typisch f\u00fcr die ehemaligen DDR-Bundesstaaten: Die Ostdeutschen f\u00fchlen sich nach wie vor von den Westdeutschen abgegrenzt, und Westdeutschland hat die Interessen des wirtschaftlich weniger entwickelten Ostens vernachl\u00e4ssigt, der st\u00e4rker unter dem Bruch mit Russland gelitten hat.<\/p>\n<p>Insgesamt aber kann die AfD, mit 28 Prozent die beliebteste Partei, jedoch von einer Alleinregierung (oder einer Koalition mit Wagenknecht) lediglich tr\u00e4umen. Selbst in Mecklenburg-Vorpommern, einem weiteren ehemaligen DDR-Bundesland, wo am 20. September Wahlen stattfinden, liegt der kombinierte Zustimmungswert der Bundesregierung \u2013 zusammengesetzt aus den st\u00e4rksten Altparteien CDU und SPD \u2013 h\u00f6her. Genau deshalb verspricht Weidel ja auch so gro\u00dfe und wahrlich historische Schritte wie den Ausstieg aus dem Euro und dem Schengen-Raum: Sie kann sich derlei Versprechen leisten, denn sie muss sie nicht umsetzen; die Kontrolle \u00fcber Sachsen-Anhalt w\u00e4re daf\u00fcr nicht ausreichend \u2013 sondern kl\u00e4glich unzureichend. Und Merz ist als Politiker und Kanzler ganz offensichtlich nicht f\u00e4hig, das Ende seiner Karriere als einen alles umfassenden Wendepunkt zu betrachten.<\/p>\n<p>So ist daher ein Wandel in der deutschen Politik eher ein Wunschtraum als unmittelbar bevorstehend (wenn auch l\u00e4ngst \u00fcberf\u00e4llig, und zwar in einem Grade, dass er schon zu sp\u00e4t k\u00e4me). Der zweite Kalte Krieg und der Aufbau eines neuen Eisernen Vorhangs haben in Europa an Dynamik gewonnen und sind zum Selbstzweck geworden. Diese Prozesse lassen sich wohl selbst im \u2013 nahezu unm\u00f6glichen \u2013 Fall einer Kanzlerschaft wie der von Alice Weidel kaum umkehren. Wahrscheinlich wird sich die Lage stattdessen eher noch verschlimmern.<\/p>\n<p>Die Alternative will Deutschlands vorteilhafte Beziehungen zu Russland wiederherstellen \u2013 nicht aber zum Beispiel die von Berlin angepeilte Aufr\u00fcstung aufgeben. Die Wiedereinf\u00fchrung der Wehrpflicht, Investitionen in den milit\u00e4risch-industriellen Komplex, erh\u00f6hte Verteidigungsausgaben und Merz&#8217; Slogan &#8220;St\u00e4rkste Armee Europas bis 2039&#8221; werden von breiten Kreisen innerhalb der Partei vehement unterst\u00fctzt.<\/p>\n<p>Schlimmer noch, ihr Nationalpatriotismus birgt mitunter derart revanchistische Tendenzen, dass selbst die franz\u00f6sische Oppositionspolitikerin Marine Le Pen die Zusammenarbeit mit der AfD ablehnt. Sie vertritt n\u00e4mlich \u00e4hnliche Ansichten zu Migration, der Europ\u00e4ischen Union und der Gewinnung materieller Vorteile aus Russland \u2013 aber ganz sicher nicht zur Rolle der Wehrmacht in der Geschichte.<\/p>\n<p>In diesem Kontext und aus ihrer Sicht ist die Ablehnung von Schengen und des Euro als Deutschlands drohender Anspruch auf die Wiedererlangung der Souver\u00e4nit\u00e4t zu verstehen \u2013 einer Souver\u00e4nit\u00e4t, die ihm aufgrund fr\u00fcherer Menschenrechtsverletzungen, die zu zwei Weltkriegen eskalierten, zu verwehren ist.<\/p>\n<p>Wenn die Eltern eines extrovertierten Teenagers f\u00fcr ein paar Tage verreisen, feiert er mit Freunden in der nunmehr sturmfreien Bude. Wenn man den Deutschen erlaubt, souver\u00e4ne Politik zu betreiben, w\u00fcrden sie beginnen, Mars, den Gott des Krieges, zu verehren. Angesichts der zuvor engen wirtschaftlichen Zusammenarbeit zwischen Russland und Deutschland schien der damalige Grad der Unabh\u00e4ngigkeit Berlins von Washington, das diese Zusammenarbeit ablehnte, ein unbestreitbarer Segen zu sein.<\/p>\n<p>Doch auch die &#8220;Militarisierung nach Merz&#8221; ist ja ein bewusster Schritt in Richtung Unabh\u00e4ngigkeit von den USA. Der jetzige Kanzler ist einer der wenigen in der EU, die wiederholt betont haben, dass es nicht allein um Donald Trump geht: Europa kann Amerika nicht mehr vertrauen, und die Beziehungen werden nie wieder so sein wie zuvor.<\/p>\n<p>Erst recht gilt dies aber auch f\u00fcr Deutschlands Beziehungen zu Russland. Die Zusammenarbeit ist zerst\u00f6rt, Gaspipelines wurden gesprengt, der Groll hat sich zu einem kritischen Punkt aufgestaut. Und die Geschichte des letzten Jahrhunderts lehrt uns, dass die Deutschen mit ihrer &#8220;st\u00e4rksten Armee Europas&#8221; eine Bedrohung darstellen w\u00fcrden \u2013 egal, ob Merz oder Weidel sie aufbauen. Doch dann w\u00e4re wichtig, unabh\u00e4ngig vom Wahlausgang, weder die deutsche Souver\u00e4nit\u00e4t noch die Alternative f\u00fcr Deutschland als bedingungslos gut zu betrachten.<\/p>\n<p>Und wichtig w\u00e4re dann auch, die DDR als etwas hinzunehmen, das f\u00fcr immer verschwunden ist.<\/p>\n<p><em>\u00dcbersetzt aus dem Russischen. Zuerst\u00a0<\/em><em><a rel=\"nofollow\" target=\"_blank\" href=\"https:\/\/ria.ru\/20260831\/vybory-2114182186.html\" target=\"_blank\" rel=\"noopener noreferrer\">erschienen<\/a><\/em><em>\u00a0bei RIA Nowosti am 31. August 2026.<\/em><\/p>\n<p><em><strong>Dmitri Bawyrin<\/strong><\/em><em>\u00a0ist Journalist, Publizist und Politologe mit den Interessenschwerpunkten USA, Balkan und nicht anerkannte Staaten. Er arbeitete fast 20\u00a0Jahre als Polittechnologe in russischen Wahlkampagnen unterschiedlicher Ebenen. Er verfasst Kommentare f\u00fcr die russischen Medien Wsgljad, RIA\u00a0Nowosti und Regnum\u00a0und arbeitete mit zahlreichen Medien zusammen.<\/em><\/p>\n<p><strong>Mehr zum Thema<\/strong> \u2013 <a rel=\"nofollow\" target=\"_blank\" href=\"https:\/\/de-rtnews.com\/meinung\/287396-enkel-nazis-hat-deutschland-es\/\">&#8220;Die Enkel der Nazis&#8221;: Hat Deutschland es sich mit den Russen verscherzt?<\/a><\/p>\n<\/div>\n<p><br \/>\n<br \/><a href=\"https:\/\/de.rt.com\/meinung\/290276-krieg-als-zukunft-deutschen-bekommen\/\">Source link <\/a><\/p>\n","protected":false},"excerpt":{"rendered":"<p>Ist die AfD wirklich eine Alternative f\u00fcr Deutschland? Nein, meint Dmitri Bawyrin \u2013 jedenfalls nicht, solange der Kurs der Partei zur Wiederaufr\u00fcstung in weiten Kreisen von starken revanchistischen Gef\u00fchlen und einem Hang zur Geschichtsrevision begleitet wird. Dann sei auch die Souver\u00e4nit\u00e4t Deutschlands kein unbestreitbares Gut mehr. Von Dmitri Bawyrin In nur einer Woche, am ersten [&hellip;]<\/p>\n","protected":false},"author":3,"featured_media":109696,"comment_status":"open","ping_status":"open","sticky":false,"template":"","format":"standard","meta":{"wp_automatic_camp":["217"],"107fee8d65e76787329c9bf5dce110ee":["Krieg als Zukunft: Die Deutschen bekommen Wahlen ohne Wahl"],"original_link":["https:\/\/de.rt.com\/meinung\/290276-krieg-als-zukunft-deutschen-bekommen\/"],"_thumbnail_id":["109696"],"_wptgpro_p2tg_sent2tg":["a:1:{i:23737;s:19:\"2026-08-31 22:07:29\";}"],"jnews_social_counter_last_update":["1788214050"]},"categories":[19,23],"tags":[273,7755,577,45,130,779,4351,2576,3250],"class_list":["post-109695","post","type-post","status-publish","format-standard","has-post-thumbnail","hentry","category-deutschland","category-russland","tag-als","tag-bekommen","tag-deutschen","tag-die","tag-krieg","tag-ohne","tag-wahl","tag-wahlen","tag-zukunft"],"yoast_head":"<!-- This site is optimized with the Yoast SEO Premium plugin v22.7 (Yoast SEO v28.2) - https:\/\/yoast.com\/product\/yoast-seo-premium-wordpress\/ -->\n<title>Krieg als Zukunft: Die Deutschen bekommen Wahlen ohne Wahl - just-now.NEWS Deutschland<\/title>\n<meta name=\"robots\" content=\"index, follow, max-snippet:-1, max-image-preview:large, max-video-preview:-1\" \/>\n<link rel=\"canonical\" href=\"https:\/\/now-news.de\/de\/deutschland\/krieg-als-zukunft-die-deutschen-bekommen-wahlen-ohne-wahl\/\" \/>\n<meta property=\"og:locale\" content=\"de_DE\" \/>\n<meta property=\"og:type\" content=\"article\" \/>\n<meta property=\"og:title\" content=\"Krieg als Zukunft: Die Deutschen bekommen Wahlen ohne Wahl\" \/>\n<meta property=\"og:description\" content=\"Ist die AfD wirklich eine Alternative f\u00fcr Deutschland? Nein, meint Dmitri Bawyrin \u2013 jedenfalls nicht, solange der Kurs der Partei zur Wiederaufr\u00fcstung in weiten Kreisen von starken revanchistischen Gef\u00fchlen und einem Hang zur Geschichtsrevision begleitet wird. Dann sei auch die Souver\u00e4nit\u00e4t Deutschlands kein unbestreitbares Gut mehr. Von Dmitri Bawyrin In nur einer Woche, am ersten [&hellip;]\" \/>\n<meta property=\"og:url\" content=\"https:\/\/now-news.de\/de\/deutschland\/krieg-als-zukunft-die-deutschen-bekommen-wahlen-ohne-wahl\/\" \/>\n<meta property=\"og:site_name\" content=\"just-now.NEWS Deutschland\" \/>\n<meta property=\"article:publisher\" content=\"https:\/\/www.facebook.com\/wirmachenauf\" \/>\n<meta property=\"article:published_time\" content=\"2026-08-31T19:55:00+00:00\" \/>\n<meta property=\"og:image\" content=\"https:\/\/now-news.de\/de\/wp-content\/uploads\/sites\/3\/2026\/08\/6a95c32a48fbef743b4db110.png\" \/>\n<meta name=\"author\" content=\"rtnews\" \/>\n<meta name=\"twitter:card\" content=\"summary_large_image\" \/>\n<meta name=\"twitter:creator\" content=\"@WirMachenAuf_de\" \/>\n<meta name=\"twitter:site\" content=\"@WirMachenAuf_de\" \/>\n<meta name=\"twitter:label1\" content=\"Verfasst von\" \/>\n\t<meta name=\"twitter:data1\" content=\"rtnews\" \/>\n\t<meta name=\"twitter:label2\" content=\"Gesch\u00e4tzte Lesezeit\" \/>\n\t<meta name=\"twitter:data2\" content=\"9\u00a0Minuten\" \/>\n<script type=\"application\/ld+json\" class=\"yoast-schema-graph\">{\"@context\":\"https:\\\/\\\/schema.org\",\"@graph\":[{\"@type\":\"Article\",\"@id\":\"https:\\\/\\\/now-news.de\\\/de\\\/deutschland\\\/krieg-als-zukunft-die-deutschen-bekommen-wahlen-ohne-wahl\\\/#article\",\"isPartOf\":{\"@id\":\"https:\\\/\\\/now-news.de\\\/de\\\/deutschland\\\/krieg-als-zukunft-die-deutschen-bekommen-wahlen-ohne-wahl\\\/\"},\"author\":{\"name\":\"rtnews\",\"@id\":\"https:\\\/\\\/now-news.de\\\/de\\\/#\\\/schema\\\/person\\\/fb534a4e865501d8b3285208df34a9b5\"},\"headline\":\"Krieg als Zukunft: Die Deutschen bekommen Wahlen ohne Wahl\",\"datePublished\":\"2026-08-31T19:55:00+00:00\",\"mainEntityOfPage\":{\"@id\":\"https:\\\/\\\/now-news.de\\\/de\\\/deutschland\\\/krieg-als-zukunft-die-deutschen-bekommen-wahlen-ohne-wahl\\\/\"},\"wordCount\":1743,\"commentCount\":0,\"publisher\":{\"@id\":\"https:\\\/\\\/now-news.de\\\/de\\\/#organization\"},\"image\":{\"@id\":\"https:\\\/\\\/now-news.de\\\/de\\\/deutschland\\\/krieg-als-zukunft-die-deutschen-bekommen-wahlen-ohne-wahl\\\/#primaryimage\"},\"thumbnailUrl\":\"https:\\\/\\\/now-news.de\\\/de\\\/wp-content\\\/uploads\\\/sites\\\/3\\\/2026\\\/08\\\/Krieg-als-Zukunft-Die-Deutschen-bekommen-Wahlen-ohne-Wahl.png\",\"keywords\":[\"als\",\"bekommen\",\"Deutschen\",\"die\",\"krieg\",\"ohne\",\"Wahl\",\"Wahlen\",\"Zukunft\"],\"articleSection\":[\"Deutschland\",\"Russland\"],\"inLanguage\":\"de\",\"potentialAction\":[{\"@type\":\"CommentAction\",\"name\":\"Comment\",\"target\":[\"https:\\\/\\\/now-news.de\\\/de\\\/deutschland\\\/krieg-als-zukunft-die-deutschen-bekommen-wahlen-ohne-wahl\\\/#respond\"]}]},{\"@type\":\"WebPage\",\"@id\":\"https:\\\/\\\/now-news.de\\\/de\\\/deutschland\\\/krieg-als-zukunft-die-deutschen-bekommen-wahlen-ohne-wahl\\\/\",\"url\":\"https:\\\/\\\/now-news.de\\\/de\\\/deutschland\\\/krieg-als-zukunft-die-deutschen-bekommen-wahlen-ohne-wahl\\\/\",\"name\":\"Krieg als Zukunft: Die Deutschen bekommen Wahlen ohne Wahl - just-now.NEWS Deutschland\",\"isPartOf\":{\"@id\":\"https:\\\/\\\/now-news.de\\\/de\\\/#website\"},\"primaryImageOfPage\":{\"@id\":\"https:\\\/\\\/now-news.de\\\/de\\\/deutschland\\\/krieg-als-zukunft-die-deutschen-bekommen-wahlen-ohne-wahl\\\/#primaryimage\"},\"image\":{\"@id\":\"https:\\\/\\\/now-news.de\\\/de\\\/deutschland\\\/krieg-als-zukunft-die-deutschen-bekommen-wahlen-ohne-wahl\\\/#primaryimage\"},\"thumbnailUrl\":\"https:\\\/\\\/now-news.de\\\/de\\\/wp-content\\\/uploads\\\/sites\\\/3\\\/2026\\\/08\\\/Krieg-als-Zukunft-Die-Deutschen-bekommen-Wahlen-ohne-Wahl.png\",\"datePublished\":\"2026-08-31T19:55:00+00:00\",\"breadcrumb\":{\"@id\":\"https:\\\/\\\/now-news.de\\\/de\\\/deutschland\\\/krieg-als-zukunft-die-deutschen-bekommen-wahlen-ohne-wahl\\\/#breadcrumb\"},\"inLanguage\":\"de\",\"potentialAction\":[{\"@type\":\"ReadAction\",\"target\":[\"https:\\\/\\\/now-news.de\\\/de\\\/deutschland\\\/krieg-als-zukunft-die-deutschen-bekommen-wahlen-ohne-wahl\\\/\"]}]},{\"@type\":\"ImageObject\",\"inLanguage\":\"de\",\"@id\":\"https:\\\/\\\/now-news.de\\\/de\\\/deutschland\\\/krieg-als-zukunft-die-deutschen-bekommen-wahlen-ohne-wahl\\\/#primaryimage\",\"url\":\"https:\\\/\\\/now-news.de\\\/de\\\/wp-content\\\/uploads\\\/sites\\\/3\\\/2026\\\/08\\\/Krieg-als-Zukunft-Die-Deutschen-bekommen-Wahlen-ohne-Wahl.png\",\"contentUrl\":\"https:\\\/\\\/now-news.de\\\/de\\\/wp-content\\\/uploads\\\/sites\\\/3\\\/2026\\\/08\\\/Krieg-als-Zukunft-Die-Deutschen-bekommen-Wahlen-ohne-Wahl.png\",\"width\":460,\"height\":259,\"caption\":\"Krieg als Zukunft: Die Deutschen bekommen Wahlen ohne Wahl\"},{\"@type\":\"BreadcrumbList\",\"@id\":\"https:\\\/\\\/now-news.de\\\/de\\\/deutschland\\\/krieg-als-zukunft-die-deutschen-bekommen-wahlen-ohne-wahl\\\/#breadcrumb\",\"itemListElement\":[{\"@type\":\"ListItem\",\"position\":1,\"name\":\"Home\",\"item\":\"https:\\\/\\\/now-news.de\\\/de\\\/\"},{\"@type\":\"ListItem\",\"position\":2,\"name\":\"Krieg als Zukunft: Die Deutschen bekommen Wahlen ohne Wahl\"}]},{\"@type\":\"WebSite\",\"@id\":\"https:\\\/\\\/now-news.de\\\/de\\\/#website\",\"url\":\"https:\\\/\\\/now-news.de\\\/de\\\/\",\"name\":\"just-now.NEWS Deutschland\",\"description\":\"Das Portal f\u00fcr unzensierte Nachrichten aus der Welt\",\"publisher\":{\"@id\":\"https:\\\/\\\/now-news.de\\\/de\\\/#organization\"},\"potentialAction\":[{\"@type\":\"SearchAction\",\"target\":{\"@type\":\"EntryPoint\",\"urlTemplate\":\"https:\\\/\\\/now-news.de\\\/de\\\/?s={search_term_string}\"},\"query-input\":{\"@type\":\"PropertyValueSpecification\",\"valueRequired\":true,\"valueName\":\"search_term_string\"}}],\"inLanguage\":\"de\"},{\"@type\":\"Organization\",\"@id\":\"https:\\\/\\\/now-news.de\\\/de\\\/#organization\",\"name\":\"Just Now News\",\"url\":\"https:\\\/\\\/now-news.de\\\/de\\\/\",\"logo\":{\"@type\":\"ImageObject\",\"inLanguage\":\"de\",\"@id\":\"https:\\\/\\\/now-news.de\\\/de\\\/#\\\/schema\\\/logo\\\/image\\\/\",\"url\":\"http:\\\/\\\/just-now.news\\\/de\\\/wp-content\\\/uploads\\\/sites\\\/3\\\/2022\\\/04\\\/logo500x500.jpg\",\"contentUrl\":\"http:\\\/\\\/just-now.news\\\/de\\\/wp-content\\\/uploads\\\/sites\\\/3\\\/2022\\\/04\\\/logo500x500.jpg\",\"width\":500,\"height\":500,\"caption\":\"Just Now News\"},\"image\":{\"@id\":\"https:\\\/\\\/now-news.de\\\/de\\\/#\\\/schema\\\/logo\\\/image\\\/\"},\"sameAs\":[\"https:\\\/\\\/www.facebook.com\\\/wirmachenauf\",\"https:\\\/\\\/x.com\\\/WirMachenAuf_de\"]},{\"@type\":\"Person\",\"@id\":\"https:\\\/\\\/now-news.de\\\/de\\\/#\\\/schema\\\/person\\\/fb534a4e865501d8b3285208df34a9b5\",\"name\":\"rtnews\",\"image\":{\"@type\":\"ImageObject\",\"inLanguage\":\"de\",\"@id\":\"https:\\\/\\\/secure.gravatar.com\\\/avatar\\\/358fe31b3ab5769fea05376e1953329834cd9912cf9daf607e2af3076a1b982b?s=96&d=mm&r=g\",\"url\":\"https:\\\/\\\/secure.gravatar.com\\\/avatar\\\/358fe31b3ab5769fea05376e1953329834cd9912cf9daf607e2af3076a1b982b?s=96&d=mm&r=g\",\"contentUrl\":\"https:\\\/\\\/secure.gravatar.com\\\/avatar\\\/358fe31b3ab5769fea05376e1953329834cd9912cf9daf607e2af3076a1b982b?s=96&d=mm&r=g\",\"caption\":\"rtnews\"},\"url\":\"https:\\\/\\\/now-news.de\\\/de\\\/author\\\/rnews\\\/\"}]}<\/script>\n<!-- \/ Yoast SEO Premium plugin. -->","yoast_head_json":{"title":"Krieg als Zukunft: Die Deutschen bekommen Wahlen ohne Wahl - just-now.NEWS Deutschland","robots":{"index":"index","follow":"follow","max-snippet":"max-snippet:-1","max-image-preview":"max-image-preview:large","max-video-preview":"max-video-preview:-1"},"canonical":"https:\/\/now-news.de\/de\/deutschland\/krieg-als-zukunft-die-deutschen-bekommen-wahlen-ohne-wahl\/","og_locale":"de_DE","og_type":"article","og_title":"Krieg als Zukunft: Die Deutschen bekommen Wahlen ohne Wahl","og_description":"Ist die AfD wirklich eine Alternative f\u00fcr Deutschland? Nein, meint Dmitri Bawyrin \u2013 jedenfalls nicht, solange der Kurs der Partei zur Wiederaufr\u00fcstung in weiten Kreisen von starken revanchistischen Gef\u00fchlen und einem Hang zur Geschichtsrevision begleitet wird. Dann sei auch die Souver\u00e4nit\u00e4t Deutschlands kein unbestreitbares Gut mehr. Von Dmitri Bawyrin In nur einer Woche, am ersten [&hellip;]","og_url":"https:\/\/now-news.de\/de\/deutschland\/krieg-als-zukunft-die-deutschen-bekommen-wahlen-ohne-wahl\/","og_site_name":"just-now.NEWS Deutschland","article_publisher":"https:\/\/www.facebook.com\/wirmachenauf","article_published_time":"2026-08-31T19:55:00+00:00","og_image":[{"url":"https:\/\/now-news.de\/de\/wp-content\/uploads\/sites\/3\/2026\/08\/6a95c32a48fbef743b4db110.png","type":"","width":"","height":""}],"author":"rtnews","twitter_card":"summary_large_image","twitter_creator":"@WirMachenAuf_de","twitter_site":"@WirMachenAuf_de","twitter_misc":{"Verfasst von":"rtnews","Gesch\u00e4tzte Lesezeit":"9\u00a0Minuten"},"schema":{"@context":"https:\/\/schema.org","@graph":[{"@type":"Article","@id":"https:\/\/now-news.de\/de\/deutschland\/krieg-als-zukunft-die-deutschen-bekommen-wahlen-ohne-wahl\/#article","isPartOf":{"@id":"https:\/\/now-news.de\/de\/deutschland\/krieg-als-zukunft-die-deutschen-bekommen-wahlen-ohne-wahl\/"},"author":{"name":"rtnews","@id":"https:\/\/now-news.de\/de\/#\/schema\/person\/fb534a4e865501d8b3285208df34a9b5"},"headline":"Krieg als Zukunft: Die Deutschen bekommen Wahlen ohne Wahl","datePublished":"2026-08-31T19:55:00+00:00","mainEntityOfPage":{"@id":"https:\/\/now-news.de\/de\/deutschland\/krieg-als-zukunft-die-deutschen-bekommen-wahlen-ohne-wahl\/"},"wordCount":1743,"commentCount":0,"publisher":{"@id":"https:\/\/now-news.de\/de\/#organization"},"image":{"@id":"https:\/\/now-news.de\/de\/deutschland\/krieg-als-zukunft-die-deutschen-bekommen-wahlen-ohne-wahl\/#primaryimage"},"thumbnailUrl":"https:\/\/now-news.de\/de\/wp-content\/uploads\/sites\/3\/2026\/08\/Krieg-als-Zukunft-Die-Deutschen-bekommen-Wahlen-ohne-Wahl.png","keywords":["als","bekommen","Deutschen","die","krieg","ohne","Wahl","Wahlen","Zukunft"],"articleSection":["Deutschland","Russland"],"inLanguage":"de","potentialAction":[{"@type":"CommentAction","name":"Comment","target":["https:\/\/now-news.de\/de\/deutschland\/krieg-als-zukunft-die-deutschen-bekommen-wahlen-ohne-wahl\/#respond"]}]},{"@type":"WebPage","@id":"https:\/\/now-news.de\/de\/deutschland\/krieg-als-zukunft-die-deutschen-bekommen-wahlen-ohne-wahl\/","url":"https:\/\/now-news.de\/de\/deutschland\/krieg-als-zukunft-die-deutschen-bekommen-wahlen-ohne-wahl\/","name":"Krieg als Zukunft: Die Deutschen bekommen Wahlen ohne Wahl - just-now.NEWS Deutschland","isPartOf":{"@id":"https:\/\/now-news.de\/de\/#website"},"primaryImageOfPage":{"@id":"https:\/\/now-news.de\/de\/deutschland\/krieg-als-zukunft-die-deutschen-bekommen-wahlen-ohne-wahl\/#primaryimage"},"image":{"@id":"https:\/\/now-news.de\/de\/deutschland\/krieg-als-zukunft-die-deutschen-bekommen-wahlen-ohne-wahl\/#primaryimage"},"thumbnailUrl":"https:\/\/now-news.de\/de\/wp-content\/uploads\/sites\/3\/2026\/08\/Krieg-als-Zukunft-Die-Deutschen-bekommen-Wahlen-ohne-Wahl.png","datePublished":"2026-08-31T19:55:00+00:00","breadcrumb":{"@id":"https:\/\/now-news.de\/de\/deutschland\/krieg-als-zukunft-die-deutschen-bekommen-wahlen-ohne-wahl\/#breadcrumb"},"inLanguage":"de","potentialAction":[{"@type":"ReadAction","target":["https:\/\/now-news.de\/de\/deutschland\/krieg-als-zukunft-die-deutschen-bekommen-wahlen-ohne-wahl\/"]}]},{"@type":"ImageObject","inLanguage":"de","@id":"https:\/\/now-news.de\/de\/deutschland\/krieg-als-zukunft-die-deutschen-bekommen-wahlen-ohne-wahl\/#primaryimage","url":"https:\/\/now-news.de\/de\/wp-content\/uploads\/sites\/3\/2026\/08\/Krieg-als-Zukunft-Die-Deutschen-bekommen-Wahlen-ohne-Wahl.png","contentUrl":"https:\/\/now-news.de\/de\/wp-content\/uploads\/sites\/3\/2026\/08\/Krieg-als-Zukunft-Die-Deutschen-bekommen-Wahlen-ohne-Wahl.png","width":460,"height":259,"caption":"Krieg als Zukunft: Die Deutschen bekommen Wahlen ohne Wahl"},{"@type":"BreadcrumbList","@id":"https:\/\/now-news.de\/de\/deutschland\/krieg-als-zukunft-die-deutschen-bekommen-wahlen-ohne-wahl\/#breadcrumb","itemListElement":[{"@type":"ListItem","position":1,"name":"Home","item":"https:\/\/now-news.de\/de\/"},{"@type":"ListItem","position":2,"name":"Krieg als Zukunft: Die Deutschen bekommen Wahlen ohne Wahl"}]},{"@type":"WebSite","@id":"https:\/\/now-news.de\/de\/#website","url":"https:\/\/now-news.de\/de\/","name":"just-now.NEWS Deutschland","description":"Das Portal f\u00fcr unzensierte Nachrichten aus der Welt","publisher":{"@id":"https:\/\/now-news.de\/de\/#organization"},"potentialAction":[{"@type":"SearchAction","target":{"@type":"EntryPoint","urlTemplate":"https:\/\/now-news.de\/de\/?s={search_term_string}"},"query-input":{"@type":"PropertyValueSpecification","valueRequired":true,"valueName":"search_term_string"}}],"inLanguage":"de"},{"@type":"Organization","@id":"https:\/\/now-news.de\/de\/#organization","name":"Just Now News","url":"https:\/\/now-news.de\/de\/","logo":{"@type":"ImageObject","inLanguage":"de","@id":"https:\/\/now-news.de\/de\/#\/schema\/logo\/image\/","url":"http:\/\/just-now.news\/de\/wp-content\/uploads\/sites\/3\/2022\/04\/logo500x500.jpg","contentUrl":"http:\/\/just-now.news\/de\/wp-content\/uploads\/sites\/3\/2022\/04\/logo500x500.jpg","width":500,"height":500,"caption":"Just Now News"},"image":{"@id":"https:\/\/now-news.de\/de\/#\/schema\/logo\/image\/"},"sameAs":["https:\/\/www.facebook.com\/wirmachenauf","https:\/\/x.com\/WirMachenAuf_de"]},{"@type":"Person","@id":"https:\/\/now-news.de\/de\/#\/schema\/person\/fb534a4e865501d8b3285208df34a9b5","name":"rtnews","image":{"@type":"ImageObject","inLanguage":"de","@id":"https:\/\/secure.gravatar.com\/avatar\/358fe31b3ab5769fea05376e1953329834cd9912cf9daf607e2af3076a1b982b?s=96&d=mm&r=g","url":"https:\/\/secure.gravatar.com\/avatar\/358fe31b3ab5769fea05376e1953329834cd9912cf9daf607e2af3076a1b982b?s=96&d=mm&r=g","contentUrl":"https:\/\/secure.gravatar.com\/avatar\/358fe31b3ab5769fea05376e1953329834cd9912cf9daf607e2af3076a1b982b?s=96&d=mm&r=g","caption":"rtnews"},"url":"https:\/\/now-news.de\/de\/author\/rnews\/"}]}},"_links":{"self":[{"href":"https:\/\/now-news.de\/de\/wp-json\/wp\/v2\/posts\/109695","targetHints":{"allow":["GET"]}}],"collection":[{"href":"https:\/\/now-news.de\/de\/wp-json\/wp\/v2\/posts"}],"about":[{"href":"https:\/\/now-news.de\/de\/wp-json\/wp\/v2\/types\/post"}],"author":[{"embeddable":true,"href":"https:\/\/now-news.de\/de\/wp-json\/wp\/v2\/users\/3"}],"replies":[{"embeddable":true,"href":"https:\/\/now-news.de\/de\/wp-json\/wp\/v2\/comments?post=109695"}],"version-history":[{"count":0,"href":"https:\/\/now-news.de\/de\/wp-json\/wp\/v2\/posts\/109695\/revisions"}],"wp:featuredmedia":[{"embeddable":true,"href":"https:\/\/now-news.de\/de\/wp-json\/wp\/v2\/media\/109696"}],"wp:attachment":[{"href":"https:\/\/now-news.de\/de\/wp-json\/wp\/v2\/media?parent=109695"}],"wp:term":[{"taxonomy":"category","embeddable":true,"href":"https:\/\/now-news.de\/de\/wp-json\/wp\/v2\/categories?post=109695"},{"taxonomy":"post_tag","embeddable":true,"href":"https:\/\/now-news.de\/de\/wp-json\/wp\/v2\/tags?post=109695"}],"curies":[{"name":"wp","href":"https:\/\/api.w.org\/{rel}","templated":true}]}}