{"id":109691,"date":"2026-08-31T21:06:46","date_gmt":"2026-08-31T19:06:46","guid":{"rendered":"https:\/\/now-news.de\/de\/deutschland\/ukraine-krieg-verlief-nicht-nach-plan-die-karriere-des-ex-verteidigungsministers-dagegen-schon\/"},"modified":"2026-08-31T21:06:46","modified_gmt":"2026-08-31T19:06:46","slug":"ukraine-krieg-verlief-nicht-nach-plan-die-karriere-des-ex-verteidigungsministers-dagegen-schon","status":"publish","type":"post","link":"https:\/\/now-news.de\/de\/deutschland\/ukraine-krieg-verlief-nicht-nach-plan-die-karriere-des-ex-verteidigungsministers-dagegen-schon\/","title":{"rendered":"Ukraine: Krieg verlief nicht nach Plan \u2013 die Karriere des Ex-Verteidigungsministers dagegen schon"},"content":{"rendered":"<p><img decoding=\"async\" src=\"https:\/\/now-news.de\/de\/wp-content\/uploads\/sites\/3\/2026\/08\/6a958fafb480cc14010ca93f.jpg\" \/><\/p>\n<div class=\"Text-root Text-type_1 \">\n                Der von Pr\u00e4sident Wladimir Selenskij entlassene Verteidigungsminister Michail Fjodorow tauscht die ukrainische Politik gegen eine italienische Mission ein, um einen schwerf\u00e4lligen Milit\u00e4rapparat zu reformieren \u2013 obwohl er von milit\u00e4rischen Angelegenheiten eigentlich wenig Ahnung hat.\n            <\/div>\n<p><\/p>\n<div class=\"Text-root Text-type_5 ArticleView-text ViewText-root \">\n<p><em>Von Dmitri Kornew<\/em><\/p>\n<p>Der ehemalige ukrainische Verteidigungsminister Michail Fjodorow ist \u00fcberraschend zum Berater des italienischen Verteidigungsministers Guido Crosetto ernannt worden. Diese Nachricht kam f\u00fcr viele Milit\u00e4ranalysten v\u00f6llig unerwartet. Warum wollte Italien ihn haben, und was verspricht sich Rom davon? Versuchen wir, diesen Schritt einzuordnen, ohne uns zu Spekulationen hinrei\u00dfen zu lassen.<\/p>\n<p><strong>Ein Manager in Khaki, kein Feldmarschall<\/strong><\/p>\n<p>Es d\u00fcrfte auf der Hand liegen, dass Fjodorow weder ein milit\u00e4risches Genie ist noch \u00fcber besonderes Talent als Truppenf\u00fchrer auf dem Schlachtfeld verf\u00fcgt. Das entspricht schlicht nicht seinem Profil. Er war nie Berufsoffizier und hat sich auch keinen Namen damit gemacht, dicke rote Pfeile auf Karten f\u00fcr k\u00fcnftige Operationen zu zeichnen. Michail Fjodorow ist in erster Linie eine effektive F\u00fchrungskraft im IT-Bereich \u2013 und ein sachkundiger Auftraggeber f\u00fcr die gesamte R\u00fcstungsindustrie.<\/p>\n<p>Sein Weg in diese Rolle begann als f\u00fchrender Digitalstratege im Pr\u00e4sidentschaftswahlkampf von Wladimir Selenskij. Dort baute er ein Online-Kampagnennetzwerk auf und setzte massiv auf Internetmarketing. Anschlie\u00dfend initiierte er die Gr\u00fcndung des ukrainischen Ministeriums f\u00fcr digitale Transformation und f\u00fchrte das digitale \u00d6kosystem &#8220;Diia&#8221; ein, das den Alltag im ganzen Land ver\u00e4nderte. Im Jahr 2026 \u00fcbernahm Fjodorow das Verteidigungsministerium \u2013 zu einem Zeitpunkt, als es dringend notwendig war, Ordnung zu schaffen und die Streitkr\u00e4fte umfassend zu digitalisieren. Der Zeitpunkt h\u00e4tte, so scheint es, kaum besser gew\u00e4hlt sein k\u00f6nnen.<\/p>\n<p>Unter der Mitwirkung von Fjodorow wurden im ukrainischen Milit\u00e4r mehrere grundlegende Ver\u00e4nderungen vorgenommen:<\/p>\n<ul>\n<li>Die Beschaffung von Drohnen f\u00fcr milit\u00e4rische Einheiten wurde durch die Einf\u00fchrung eines speziellen Marktplatzes, der auf den Abbau b\u00fcrokratischer H\u00fcrden abzielte, radikal umgestaltet. Dies war ein h\u00f6chst unkonventioneller Schritt, der den Weg vom Hersteller zur Einheit an der Front erheblich verk\u00fcrzte und zugleich vielen kleinen, relativ jungen Unternehmen den Marktzugang erm\u00f6glichte. Nach den Drohnen breitete sich dieser digitale Ansatz auch auf andere Bereiche der R\u00fcstungsindustrie aus.\u00a0<\/li>\n<li>Agile Managementmethoden wurden erfolgreich in den milit\u00e4rischen Alltag integriert. Damit wurden lang etablierte, mehrstufige Genehmigungsverfahren aufgebrochen und die rasche Erprobung neuer Ideen unter realen Gefechtsbedingungen \u2013 direkt im Sch\u00fctzengraben \u2013 erm\u00f6glicht.\u00a0<\/li>\n<li>Das Milit\u00e4r \u00f6ffnete sich f\u00fcr Software, die von zivilen Unternehmen entwickelt worden war. Der Schwerpunkt verlagerte sich hin zur Suche nach neuen, unkonventionellen L\u00f6sungen, die schnell einsatzbereit waren und sofort Ergebnisse lieferten, anstatt auf langwierige Testberichte und Pr\u00fcfungen durch spezialisierte milit\u00e4rische Institute zu warten.<\/li>\n<\/ul>\n<p>Nat\u00fcrlich darf Fjodorows Rolle bei diesen Ver\u00e4nderungen nicht \u00fcberbewertet werden. Viele der Initiativen, die das ukrainische Milit\u00e4r neu gestalteten, waren bereits vor seinem Amtsantritt im Verteidigungsministerium angelaufen. Er brachte jedoch eine frische, digitale Perspektive ein, die dazu beitrug, Prozesse zu beschleunigen und die Umsetzung neuer Ideen voranzutreiben.<\/p>\n<p>Es ging dabei weder um Kampfeins\u00e4tze noch um Siege auf dem Schlachtfeld. Er war ein Manager f\u00fcr digitale L\u00f6sungen, der eine Milit\u00e4runiform trug \u2013 und sich dabei ausschlie\u00dflich auf digitale Systeme sowie einen projektbasierten Reformansatz konzentrierte. Und nat\u00fcrlich verlief dieser Prozess nicht ganz reibungslos. Die Digitalisierung bleibt der einzige eindeutige Erfolg, den er vorweisen kann.<\/p>\n<p><strong>Warum Rom auf das &#8220;Ukraine-Modell&#8221; setzt<\/strong><\/p>\n<p>Vielleicht ist es genau das, was Rom braucht: keine milit\u00e4rischen Siege oder Beweise f\u00fcr Kampferfahrung, sondern einen frischen, modernen Ansatz. Darauf setzt Italien wohl seine Hoffnungen. Moderne europ\u00e4ische Streitkr\u00e4fte \u2013 auch die italienischen \u2013 leiden unter b\u00fcrokratischer Schwerf\u00e4lligkeit. Entscheidungen \u00fcber die Beschaffung neuer Waffensysteme und Software ziehen sich \u00fcber Jahre hin. Bis sie endlich genehmigt sind, ist die Technologie oft schon \u00fcberholt. Die Streitkr\u00e4fte f\u00fchren dann Systeme ein, die bereits veraltet sind, noch bevor sie \u00fcberhaupt in Dienst gestellt werden.<\/p>\n<p>F\u00fcr den italienischen Verteidigungsminister Guido Crosetto k\u00f6nnte Fjodorow als neuer &#8220;Rammbock&#8221; gegen das eigene konservative Milit\u00e4restablishment n\u00fctzlich sein. Rom m\u00f6chte sich die ukrainischen Erfahrungen bei der raschen Digitalisierung der milit\u00e4rischen Logistik und der Echtzeit-Integration unbemannter Systeme zunutze machen.<\/p>\n<p>Um zu verstehen, welche Prozesse Fjodorow f\u00fcr das italienische Milit\u00e4r adaptieren k\u00f6nnte, gen\u00fcgt ein Blick in seine &#8220;digitale Aktentasche&#8221;. Sie enth\u00e4lt keine geheime Raketentechnologie, sondern lediglich kommerzielle Software und zivile IT-L\u00f6sungen, die an die Bed\u00fcrfnisse eines Verteidigungsministeriums angepasst wurden.<\/p>\n<p>Das italienische Milit\u00e4r ist bestrebt, neue digitale Gefechtsf\u00fchrungssysteme einzuf\u00fchren. Diese sollen Geodaten-Tools mit Hunderten von Informationsquellen und einem verteilten Nutzernetzwerk verkn\u00fcpfen \u2013 von der Generalstabsebene bis hin zum Tablet eines Kommandeurs an der Front im Sch\u00fctzengraben. Zudem ist Italien nat\u00fcrlich an der Digitalisierung der Beschaffung von Waffen und milit\u00e4rischer Ausr\u00fcstung interessiert \u2013 und noch mehr am Einsatz k\u00fcnstlicher Intelligenz bei der milit\u00e4rischen F\u00fchrung und Steuerung.<\/p>\n<p>Die Ergebnisse lassen sich schwer beurteilen, doch auf dem Papier ist Fjodorows Lebenslauf h\u00f6chst beeindruckend: Er verf\u00fcgt \u00fcber Erfahrung\u00a0mit der Einf\u00fchrung modernster digitaler L\u00f6sungen in der einzigen europ\u00e4ischen Armee, die derzeit einen gro\u00dfen Krieg f\u00fchrt. Das ist sicherlich eine M\u00f6glichkeit, es darzustellen \u2013 und warum sollte man bei der Auflistung der eigenen St\u00e4rken im Lebenslauf auch bescheiden sein?<\/p>\n<p><strong>Was Rom tats\u00e4chlich einkauft<\/strong><\/p>\n<p>Eine moderne Armee gleicht zunehmend einem IT-Unternehmen. Rom ben\u00f6tigt keinen Rat von Fjodorow zur Verteidigung der K\u00fcste oder zur Planung einer Panzeroffensive. Gefragt ist vielmehr seine F\u00e4higkeit, das Milit\u00e4r in eine funktionierende digitale Plattform zu verwandeln.<\/p>\n<p>Doch betrachten wir einmal ungesch\u00f6nt die Bilanz des ehemaligen Verteidigungsministers. Zwar gab es Digitalisierung und digitale Transformation, doch auch wenn es f\u00fcr eine abschlie\u00dfende Bewertung noch zu fr\u00fch sein mag, sind keine nennenswerten Erfolge auf dem Schlachtfeld zu verzeichnen \u2013 und genau daran, so sollte man meinen, bemessen sich letztlich der Zweck und die Leistungsf\u00e4higkeit einer Armee.<\/p>\n<p>Hinzu kommt ein weniger vorteilhafter Aspekt: \u200b\u200bdas Bild eines trotzigen Kindes, das keinen Draht zu Berufsoffizieren fand und inmitten eines laufenden Krieges politische Spielchen trieb, um den eigenen Marktwert in der Heimat zu steigern. Das passt kaum zum Image eines begnadeten Digitalmanagers. Kriege werden schlie\u00dflich nicht allein durch Digitalisierung gewonnen, sondern durch das koordinierte Zusammenspiel verschiedener Teilstreitkr\u00e4fte und Truppengattungen.<\/p>\n<p>Es bleibt abzuwarten, was Fjodorow in seiner neuen Position &#8220;bewirken&#8221; wird \u2013 und ob der Geist des Silicon Valley in den n\u00fcchternen B\u00fcros des italienischen Verteidigungsministeriums Fu\u00df fassen kann.<\/p>\n<p>F\u00fcr den Mann mit dem gl\u00e4nzenden Lebenslauf und dem Ruf eines &#8220;Digitalisierungsexperten&#8221; bietet eine solche Position \u2013 gerade in Rom \u2013 eine hervorragende Gelegenheit, sich elegant aus Kiew zu verabschieden und die brutale politische Realit\u00e4t der Ukraine gegen die angenehme, entspannte Lebensart Europas einzutauschen.<\/p>\n<p><em>\u00dcbersetzt aus dem <a rel=\"nofollow\" target=\"_blank\" href=\"https:\/\/swentr.site\/news\/644832-from-kiev-to-rome-fedorov\/\" target=\"_blank\" rel=\"noopener noreferrer\">Englischen<\/a>.<\/em><\/p>\n<p><strong><em>Dmitri Kornew<\/em><\/strong><em>\u00a0(bekannter unter der englischen Transliteration &#8220;Dmitry Kornev&#8221;) ist<\/em><em>\u00a0ein russischer Milit\u00e4rexperte, Gr\u00fcnder und Autor des Projekts &#8220;MilitaryRussia&#8221;.<\/em><\/p>\n<p><strong>Mehr zum Thema<\/strong>\u00a0\u2012 <a rel=\"nofollow\" target=\"_blank\" href=\"https:\/\/de-rtnews.com\/europa\/286553-fedorow-entlassen-wie-selenskij-durch\/\">Fjodorow entlassen: St\u00e4rkt Selenskij durch seine umstrittene Entscheidung die eigene Konkurrenz?<\/a><\/p>\n<div class=\"EmbedBlock-root EmbedBlock-externalVideo EmbedBlock-rumble\">\n<div class=\"VkEmbed\"><iframe class=\"lazyload\" data-src=\"https:\/\/rumble.com\/embed\/v7c73i4\" frameborder=\"0\" width=\"853\" height=\"480\" allowfullscreen><\/iframe><\/div>\n<\/div>\n<\/div>\n<p><br \/>\n<br \/><a href=\"https:\/\/de.rt.com\/europa\/290246-ukraine-krieg-verlief-nicht-nach\/\">Source link <\/a><\/p>\n","protected":false},"excerpt":{"rendered":"<p>Der von Pr\u00e4sident Wladimir Selenskij entlassene Verteidigungsminister Michail Fjodorow tauscht die ukrainische Politik gegen eine italienische Mission ein, um einen schwerf\u00e4lligen Milit\u00e4rapparat zu reformieren \u2013 obwohl er von milit\u00e4rischen Angelegenheiten eigentlich wenig Ahnung hat. Von Dmitri Kornew Der ehemalige ukrainische Verteidigungsminister Michail Fjodorow ist \u00fcberraschend zum Berater des italienischen Verteidigungsministers Guido Crosetto ernannt worden. Diese [&hellip;]<\/p>\n","protected":false},"author":3,"featured_media":109692,"comment_status":"open","ping_status":"open","sticky":false,"template":"","format":"standard","meta":{"wp_automatic_camp":["217"],"d8c431ef92cefd683d93305126ac8a22":["Ukraine: Krieg verlief nicht nach Plan \u2013 die Karriere des Ex-Verteidigungsministers dagegen schon"],"original_link":["https:\/\/de.rt.com\/europa\/290246-ukraine-krieg-verlief-nicht-nach\/"],"_thumbnail_id":["109692"],"_wptgpro_p2tg_sent2tg":["a:1:{i:23737;s:19:\"2026-08-31 21:19:28\";}"],"jnews_social_counter_last_update":["1788211168"]},"categories":[19,23],"tags":[29282,583,45,75935,13923,130,979,800,2746,5652,127,67115],"class_list":["post-109691","post","type-post","status-publish","format-standard","has-post-thumbnail","hentry","category-deutschland","category-russland","tag-dagegen","tag-des","tag-die","tag-exverteidigungsministers","tag-karriere","tag-krieg","tag-nach","tag-nicht","tag-plan","tag-schon","tag-ukraine","tag-verlief"],"yoast_head":"<!-- This site is optimized with the Yoast SEO Premium plugin v22.7 (Yoast SEO v28.2) - https:\/\/yoast.com\/product\/yoast-seo-premium-wordpress\/ -->\n<title>Ukraine: Krieg verlief nicht nach Plan \u2013 die Karriere des Ex-Verteidigungsministers dagegen schon - just-now.NEWS Deutschland<\/title>\n<meta name=\"robots\" content=\"index, follow, max-snippet:-1, max-image-preview:large, max-video-preview:-1\" \/>\n<link rel=\"canonical\" href=\"https:\/\/now-news.de\/de\/deutschland\/ukraine-krieg-verlief-nicht-nach-plan-die-karriere-des-ex-verteidigungsministers-dagegen-schon\/\" \/>\n<meta property=\"og:locale\" content=\"de_DE\" \/>\n<meta property=\"og:type\" content=\"article\" \/>\n<meta property=\"og:title\" content=\"Ukraine: Krieg verlief nicht nach Plan \u2013 die Karriere des Ex-Verteidigungsministers dagegen schon\" \/>\n<meta property=\"og:description\" content=\"Der von Pr\u00e4sident Wladimir Selenskij entlassene Verteidigungsminister Michail Fjodorow tauscht die ukrainische Politik gegen eine italienische Mission ein, um einen schwerf\u00e4lligen Milit\u00e4rapparat zu reformieren \u2013 obwohl er von milit\u00e4rischen Angelegenheiten eigentlich wenig Ahnung hat. Von Dmitri Kornew Der ehemalige ukrainische Verteidigungsminister Michail Fjodorow ist \u00fcberraschend zum Berater des italienischen Verteidigungsministers Guido Crosetto ernannt worden. Diese [&hellip;]\" \/>\n<meta property=\"og:url\" content=\"https:\/\/now-news.de\/de\/deutschland\/ukraine-krieg-verlief-nicht-nach-plan-die-karriere-des-ex-verteidigungsministers-dagegen-schon\/\" \/>\n<meta property=\"og:site_name\" content=\"just-now.NEWS Deutschland\" \/>\n<meta property=\"article:publisher\" content=\"https:\/\/www.facebook.com\/wirmachenauf\" \/>\n<meta property=\"article:published_time\" content=\"2026-08-31T19:06:46+00:00\" \/>\n<meta property=\"og:image\" content=\"https:\/\/now-news.de\/de\/wp-content\/uploads\/sites\/3\/2026\/08\/6a958fafb480cc14010ca93f.jpg\" \/>\n<meta name=\"author\" content=\"rtnews\" \/>\n<meta name=\"twitter:card\" content=\"summary_large_image\" \/>\n<meta name=\"twitter:creator\" content=\"@WirMachenAuf_de\" \/>\n<meta name=\"twitter:site\" content=\"@WirMachenAuf_de\" \/>\n<meta name=\"twitter:label1\" content=\"Verfasst von\" \/>\n\t<meta name=\"twitter:data1\" content=\"rtnews\" \/>\n\t<meta name=\"twitter:label2\" content=\"Gesch\u00e4tzte Lesezeit\" \/>\n\t<meta name=\"twitter:data2\" content=\"6\u00a0Minuten\" \/>\n<script type=\"application\/ld+json\" class=\"yoast-schema-graph\">{\"@context\":\"https:\\\/\\\/schema.org\",\"@graph\":[{\"@type\":\"Article\",\"@id\":\"https:\\\/\\\/now-news.de\\\/de\\\/deutschland\\\/ukraine-krieg-verlief-nicht-nach-plan-die-karriere-des-ex-verteidigungsministers-dagegen-schon\\\/#article\",\"isPartOf\":{\"@id\":\"https:\\\/\\\/now-news.de\\\/de\\\/deutschland\\\/ukraine-krieg-verlief-nicht-nach-plan-die-karriere-des-ex-verteidigungsministers-dagegen-schon\\\/\"},\"author\":{\"name\":\"rtnews\",\"@id\":\"https:\\\/\\\/now-news.de\\\/de\\\/#\\\/schema\\\/person\\\/fb534a4e865501d8b3285208df34a9b5\"},\"headline\":\"Ukraine: Krieg verlief nicht nach Plan \u2013 die Karriere des Ex-Verteidigungsministers dagegen schon\",\"datePublished\":\"2026-08-31T19:06:46+00:00\",\"mainEntityOfPage\":{\"@id\":\"https:\\\/\\\/now-news.de\\\/de\\\/deutschland\\\/ukraine-krieg-verlief-nicht-nach-plan-die-karriere-des-ex-verteidigungsministers-dagegen-schon\\\/\"},\"wordCount\":1173,\"commentCount\":0,\"publisher\":{\"@id\":\"https:\\\/\\\/now-news.de\\\/de\\\/#organization\"},\"image\":{\"@id\":\"https:\\\/\\\/now-news.de\\\/de\\\/deutschland\\\/ukraine-krieg-verlief-nicht-nach-plan-die-karriere-des-ex-verteidigungsministers-dagegen-schon\\\/#primaryimage\"},\"thumbnailUrl\":\"https:\\\/\\\/now-news.de\\\/de\\\/wp-content\\\/uploads\\\/sites\\\/3\\\/2026\\\/08\\\/Ukraine-Krieg-verlief-nicht-nach-Plan-\u2013-die-Karriere-des.jpg\",\"keywords\":[\"dagegen\",\"des\",\"die\",\"ExVerteidigungsministers\",\"Karriere\",\"krieg\",\"nach\",\"nicht\",\"Plan\",\"schon\",\"ukraine\",\"verlief\"],\"articleSection\":[\"Deutschland\",\"Russland\"],\"inLanguage\":\"de\",\"potentialAction\":[{\"@type\":\"CommentAction\",\"name\":\"Comment\",\"target\":[\"https:\\\/\\\/now-news.de\\\/de\\\/deutschland\\\/ukraine-krieg-verlief-nicht-nach-plan-die-karriere-des-ex-verteidigungsministers-dagegen-schon\\\/#respond\"]}]},{\"@type\":\"WebPage\",\"@id\":\"https:\\\/\\\/now-news.de\\\/de\\\/deutschland\\\/ukraine-krieg-verlief-nicht-nach-plan-die-karriere-des-ex-verteidigungsministers-dagegen-schon\\\/\",\"url\":\"https:\\\/\\\/now-news.de\\\/de\\\/deutschland\\\/ukraine-krieg-verlief-nicht-nach-plan-die-karriere-des-ex-verteidigungsministers-dagegen-schon\\\/\",\"name\":\"Ukraine: Krieg verlief nicht nach Plan \u2013 die Karriere des Ex-Verteidigungsministers dagegen schon - just-now.NEWS Deutschland\",\"isPartOf\":{\"@id\":\"https:\\\/\\\/now-news.de\\\/de\\\/#website\"},\"primaryImageOfPage\":{\"@id\":\"https:\\\/\\\/now-news.de\\\/de\\\/deutschland\\\/ukraine-krieg-verlief-nicht-nach-plan-die-karriere-des-ex-verteidigungsministers-dagegen-schon\\\/#primaryimage\"},\"image\":{\"@id\":\"https:\\\/\\\/now-news.de\\\/de\\\/deutschland\\\/ukraine-krieg-verlief-nicht-nach-plan-die-karriere-des-ex-verteidigungsministers-dagegen-schon\\\/#primaryimage\"},\"thumbnailUrl\":\"https:\\\/\\\/now-news.de\\\/de\\\/wp-content\\\/uploads\\\/sites\\\/3\\\/2026\\\/08\\\/Ukraine-Krieg-verlief-nicht-nach-Plan-\u2013-die-Karriere-des.jpg\",\"datePublished\":\"2026-08-31T19:06:46+00:00\",\"breadcrumb\":{\"@id\":\"https:\\\/\\\/now-news.de\\\/de\\\/deutschland\\\/ukraine-krieg-verlief-nicht-nach-plan-die-karriere-des-ex-verteidigungsministers-dagegen-schon\\\/#breadcrumb\"},\"inLanguage\":\"de\",\"potentialAction\":[{\"@type\":\"ReadAction\",\"target\":[\"https:\\\/\\\/now-news.de\\\/de\\\/deutschland\\\/ukraine-krieg-verlief-nicht-nach-plan-die-karriere-des-ex-verteidigungsministers-dagegen-schon\\\/\"]}]},{\"@type\":\"ImageObject\",\"inLanguage\":\"de\",\"@id\":\"https:\\\/\\\/now-news.de\\\/de\\\/deutschland\\\/ukraine-krieg-verlief-nicht-nach-plan-die-karriere-des-ex-verteidigungsministers-dagegen-schon\\\/#primaryimage\",\"url\":\"https:\\\/\\\/now-news.de\\\/de\\\/wp-content\\\/uploads\\\/sites\\\/3\\\/2026\\\/08\\\/Ukraine-Krieg-verlief-nicht-nach-Plan-\u2013-die-Karriere-des.jpg\",\"contentUrl\":\"https:\\\/\\\/now-news.de\\\/de\\\/wp-content\\\/uploads\\\/sites\\\/3\\\/2026\\\/08\\\/Ukraine-Krieg-verlief-nicht-nach-Plan-\u2013-die-Karriere-des.jpg\",\"width\":460,\"height\":259,\"caption\":\"Ukraine: Krieg verlief nicht nach Plan \u2013 die Karriere des Ex-Verteidigungsministers dagegen schon\"},{\"@type\":\"BreadcrumbList\",\"@id\":\"https:\\\/\\\/now-news.de\\\/de\\\/deutschland\\\/ukraine-krieg-verlief-nicht-nach-plan-die-karriere-des-ex-verteidigungsministers-dagegen-schon\\\/#breadcrumb\",\"itemListElement\":[{\"@type\":\"ListItem\",\"position\":1,\"name\":\"Home\",\"item\":\"https:\\\/\\\/now-news.de\\\/de\\\/\"},{\"@type\":\"ListItem\",\"position\":2,\"name\":\"Ukraine: Krieg verlief nicht nach Plan \u2013 die Karriere des Ex-Verteidigungsministers dagegen schon\"}]},{\"@type\":\"WebSite\",\"@id\":\"https:\\\/\\\/now-news.de\\\/de\\\/#website\",\"url\":\"https:\\\/\\\/now-news.de\\\/de\\\/\",\"name\":\"just-now.NEWS Deutschland\",\"description\":\"Das Portal f\u00fcr unzensierte Nachrichten aus der Welt\",\"publisher\":{\"@id\":\"https:\\\/\\\/now-news.de\\\/de\\\/#organization\"},\"potentialAction\":[{\"@type\":\"SearchAction\",\"target\":{\"@type\":\"EntryPoint\",\"urlTemplate\":\"https:\\\/\\\/now-news.de\\\/de\\\/?s={search_term_string}\"},\"query-input\":{\"@type\":\"PropertyValueSpecification\",\"valueRequired\":true,\"valueName\":\"search_term_string\"}}],\"inLanguage\":\"de\"},{\"@type\":\"Organization\",\"@id\":\"https:\\\/\\\/now-news.de\\\/de\\\/#organization\",\"name\":\"Just Now News\",\"url\":\"https:\\\/\\\/now-news.de\\\/de\\\/\",\"logo\":{\"@type\":\"ImageObject\",\"inLanguage\":\"de\",\"@id\":\"https:\\\/\\\/now-news.de\\\/de\\\/#\\\/schema\\\/logo\\\/image\\\/\",\"url\":\"http:\\\/\\\/just-now.news\\\/de\\\/wp-content\\\/uploads\\\/sites\\\/3\\\/2022\\\/04\\\/logo500x500.jpg\",\"contentUrl\":\"http:\\\/\\\/just-now.news\\\/de\\\/wp-content\\\/uploads\\\/sites\\\/3\\\/2022\\\/04\\\/logo500x500.jpg\",\"width\":500,\"height\":500,\"caption\":\"Just Now News\"},\"image\":{\"@id\":\"https:\\\/\\\/now-news.de\\\/de\\\/#\\\/schema\\\/logo\\\/image\\\/\"},\"sameAs\":[\"https:\\\/\\\/www.facebook.com\\\/wirmachenauf\",\"https:\\\/\\\/x.com\\\/WirMachenAuf_de\"]},{\"@type\":\"Person\",\"@id\":\"https:\\\/\\\/now-news.de\\\/de\\\/#\\\/schema\\\/person\\\/fb534a4e865501d8b3285208df34a9b5\",\"name\":\"rtnews\",\"image\":{\"@type\":\"ImageObject\",\"inLanguage\":\"de\",\"@id\":\"https:\\\/\\\/secure.gravatar.com\\\/avatar\\\/358fe31b3ab5769fea05376e1953329834cd9912cf9daf607e2af3076a1b982b?s=96&d=mm&r=g\",\"url\":\"https:\\\/\\\/secure.gravatar.com\\\/avatar\\\/358fe31b3ab5769fea05376e1953329834cd9912cf9daf607e2af3076a1b982b?s=96&d=mm&r=g\",\"contentUrl\":\"https:\\\/\\\/secure.gravatar.com\\\/avatar\\\/358fe31b3ab5769fea05376e1953329834cd9912cf9daf607e2af3076a1b982b?s=96&d=mm&r=g\",\"caption\":\"rtnews\"},\"url\":\"https:\\\/\\\/now-news.de\\\/de\\\/author\\\/rnews\\\/\"}]}<\/script>\n<!-- \/ Yoast SEO Premium plugin. -->","yoast_head_json":{"title":"Ukraine: Krieg verlief nicht nach Plan \u2013 die Karriere des Ex-Verteidigungsministers dagegen schon - just-now.NEWS Deutschland","robots":{"index":"index","follow":"follow","max-snippet":"max-snippet:-1","max-image-preview":"max-image-preview:large","max-video-preview":"max-video-preview:-1"},"canonical":"https:\/\/now-news.de\/de\/deutschland\/ukraine-krieg-verlief-nicht-nach-plan-die-karriere-des-ex-verteidigungsministers-dagegen-schon\/","og_locale":"de_DE","og_type":"article","og_title":"Ukraine: Krieg verlief nicht nach Plan \u2013 die Karriere des Ex-Verteidigungsministers dagegen schon","og_description":"Der von Pr\u00e4sident Wladimir Selenskij entlassene Verteidigungsminister Michail Fjodorow tauscht die ukrainische Politik gegen eine italienische Mission ein, um einen schwerf\u00e4lligen Milit\u00e4rapparat zu reformieren \u2013 obwohl er von milit\u00e4rischen Angelegenheiten eigentlich wenig Ahnung hat. Von Dmitri Kornew Der ehemalige ukrainische Verteidigungsminister Michail Fjodorow ist \u00fcberraschend zum Berater des italienischen Verteidigungsministers Guido Crosetto ernannt worden. Diese [&hellip;]","og_url":"https:\/\/now-news.de\/de\/deutschland\/ukraine-krieg-verlief-nicht-nach-plan-die-karriere-des-ex-verteidigungsministers-dagegen-schon\/","og_site_name":"just-now.NEWS Deutschland","article_publisher":"https:\/\/www.facebook.com\/wirmachenauf","article_published_time":"2026-08-31T19:06:46+00:00","og_image":[{"url":"https:\/\/now-news.de\/de\/wp-content\/uploads\/sites\/3\/2026\/08\/6a958fafb480cc14010ca93f.jpg","type":"","width":"","height":""}],"author":"rtnews","twitter_card":"summary_large_image","twitter_creator":"@WirMachenAuf_de","twitter_site":"@WirMachenAuf_de","twitter_misc":{"Verfasst von":"rtnews","Gesch\u00e4tzte Lesezeit":"6\u00a0Minuten"},"schema":{"@context":"https:\/\/schema.org","@graph":[{"@type":"Article","@id":"https:\/\/now-news.de\/de\/deutschland\/ukraine-krieg-verlief-nicht-nach-plan-die-karriere-des-ex-verteidigungsministers-dagegen-schon\/#article","isPartOf":{"@id":"https:\/\/now-news.de\/de\/deutschland\/ukraine-krieg-verlief-nicht-nach-plan-die-karriere-des-ex-verteidigungsministers-dagegen-schon\/"},"author":{"name":"rtnews","@id":"https:\/\/now-news.de\/de\/#\/schema\/person\/fb534a4e865501d8b3285208df34a9b5"},"headline":"Ukraine: Krieg verlief nicht nach Plan \u2013 die Karriere des Ex-Verteidigungsministers dagegen schon","datePublished":"2026-08-31T19:06:46+00:00","mainEntityOfPage":{"@id":"https:\/\/now-news.de\/de\/deutschland\/ukraine-krieg-verlief-nicht-nach-plan-die-karriere-des-ex-verteidigungsministers-dagegen-schon\/"},"wordCount":1173,"commentCount":0,"publisher":{"@id":"https:\/\/now-news.de\/de\/#organization"},"image":{"@id":"https:\/\/now-news.de\/de\/deutschland\/ukraine-krieg-verlief-nicht-nach-plan-die-karriere-des-ex-verteidigungsministers-dagegen-schon\/#primaryimage"},"thumbnailUrl":"https:\/\/now-news.de\/de\/wp-content\/uploads\/sites\/3\/2026\/08\/Ukraine-Krieg-verlief-nicht-nach-Plan-\u2013-die-Karriere-des.jpg","keywords":["dagegen","des","die","ExVerteidigungsministers","Karriere","krieg","nach","nicht","Plan","schon","ukraine","verlief"],"articleSection":["Deutschland","Russland"],"inLanguage":"de","potentialAction":[{"@type":"CommentAction","name":"Comment","target":["https:\/\/now-news.de\/de\/deutschland\/ukraine-krieg-verlief-nicht-nach-plan-die-karriere-des-ex-verteidigungsministers-dagegen-schon\/#respond"]}]},{"@type":"WebPage","@id":"https:\/\/now-news.de\/de\/deutschland\/ukraine-krieg-verlief-nicht-nach-plan-die-karriere-des-ex-verteidigungsministers-dagegen-schon\/","url":"https:\/\/now-news.de\/de\/deutschland\/ukraine-krieg-verlief-nicht-nach-plan-die-karriere-des-ex-verteidigungsministers-dagegen-schon\/","name":"Ukraine: Krieg verlief nicht nach Plan \u2013 die Karriere des Ex-Verteidigungsministers dagegen schon - just-now.NEWS Deutschland","isPartOf":{"@id":"https:\/\/now-news.de\/de\/#website"},"primaryImageOfPage":{"@id":"https:\/\/now-news.de\/de\/deutschland\/ukraine-krieg-verlief-nicht-nach-plan-die-karriere-des-ex-verteidigungsministers-dagegen-schon\/#primaryimage"},"image":{"@id":"https:\/\/now-news.de\/de\/deutschland\/ukraine-krieg-verlief-nicht-nach-plan-die-karriere-des-ex-verteidigungsministers-dagegen-schon\/#primaryimage"},"thumbnailUrl":"https:\/\/now-news.de\/de\/wp-content\/uploads\/sites\/3\/2026\/08\/Ukraine-Krieg-verlief-nicht-nach-Plan-\u2013-die-Karriere-des.jpg","datePublished":"2026-08-31T19:06:46+00:00","breadcrumb":{"@id":"https:\/\/now-news.de\/de\/deutschland\/ukraine-krieg-verlief-nicht-nach-plan-die-karriere-des-ex-verteidigungsministers-dagegen-schon\/#breadcrumb"},"inLanguage":"de","potentialAction":[{"@type":"ReadAction","target":["https:\/\/now-news.de\/de\/deutschland\/ukraine-krieg-verlief-nicht-nach-plan-die-karriere-des-ex-verteidigungsministers-dagegen-schon\/"]}]},{"@type":"ImageObject","inLanguage":"de","@id":"https:\/\/now-news.de\/de\/deutschland\/ukraine-krieg-verlief-nicht-nach-plan-die-karriere-des-ex-verteidigungsministers-dagegen-schon\/#primaryimage","url":"https:\/\/now-news.de\/de\/wp-content\/uploads\/sites\/3\/2026\/08\/Ukraine-Krieg-verlief-nicht-nach-Plan-\u2013-die-Karriere-des.jpg","contentUrl":"https:\/\/now-news.de\/de\/wp-content\/uploads\/sites\/3\/2026\/08\/Ukraine-Krieg-verlief-nicht-nach-Plan-\u2013-die-Karriere-des.jpg","width":460,"height":259,"caption":"Ukraine: Krieg verlief nicht nach Plan \u2013 die Karriere des Ex-Verteidigungsministers dagegen schon"},{"@type":"BreadcrumbList","@id":"https:\/\/now-news.de\/de\/deutschland\/ukraine-krieg-verlief-nicht-nach-plan-die-karriere-des-ex-verteidigungsministers-dagegen-schon\/#breadcrumb","itemListElement":[{"@type":"ListItem","position":1,"name":"Home","item":"https:\/\/now-news.de\/de\/"},{"@type":"ListItem","position":2,"name":"Ukraine: Krieg verlief nicht nach Plan \u2013 die Karriere des Ex-Verteidigungsministers dagegen schon"}]},{"@type":"WebSite","@id":"https:\/\/now-news.de\/de\/#website","url":"https:\/\/now-news.de\/de\/","name":"just-now.NEWS Deutschland","description":"Das Portal f\u00fcr unzensierte Nachrichten aus der Welt","publisher":{"@id":"https:\/\/now-news.de\/de\/#organization"},"potentialAction":[{"@type":"SearchAction","target":{"@type":"EntryPoint","urlTemplate":"https:\/\/now-news.de\/de\/?s={search_term_string}"},"query-input":{"@type":"PropertyValueSpecification","valueRequired":true,"valueName":"search_term_string"}}],"inLanguage":"de"},{"@type":"Organization","@id":"https:\/\/now-news.de\/de\/#organization","name":"Just Now News","url":"https:\/\/now-news.de\/de\/","logo":{"@type":"ImageObject","inLanguage":"de","@id":"https:\/\/now-news.de\/de\/#\/schema\/logo\/image\/","url":"http:\/\/just-now.news\/de\/wp-content\/uploads\/sites\/3\/2022\/04\/logo500x500.jpg","contentUrl":"http:\/\/just-now.news\/de\/wp-content\/uploads\/sites\/3\/2022\/04\/logo500x500.jpg","width":500,"height":500,"caption":"Just Now News"},"image":{"@id":"https:\/\/now-news.de\/de\/#\/schema\/logo\/image\/"},"sameAs":["https:\/\/www.facebook.com\/wirmachenauf","https:\/\/x.com\/WirMachenAuf_de"]},{"@type":"Person","@id":"https:\/\/now-news.de\/de\/#\/schema\/person\/fb534a4e865501d8b3285208df34a9b5","name":"rtnews","image":{"@type":"ImageObject","inLanguage":"de","@id":"https:\/\/secure.gravatar.com\/avatar\/358fe31b3ab5769fea05376e1953329834cd9912cf9daf607e2af3076a1b982b?s=96&d=mm&r=g","url":"https:\/\/secure.gravatar.com\/avatar\/358fe31b3ab5769fea05376e1953329834cd9912cf9daf607e2af3076a1b982b?s=96&d=mm&r=g","contentUrl":"https:\/\/secure.gravatar.com\/avatar\/358fe31b3ab5769fea05376e1953329834cd9912cf9daf607e2af3076a1b982b?s=96&d=mm&r=g","caption":"rtnews"},"url":"https:\/\/now-news.de\/de\/author\/rnews\/"}]}},"_links":{"self":[{"href":"https:\/\/now-news.de\/de\/wp-json\/wp\/v2\/posts\/109691","targetHints":{"allow":["GET"]}}],"collection":[{"href":"https:\/\/now-news.de\/de\/wp-json\/wp\/v2\/posts"}],"about":[{"href":"https:\/\/now-news.de\/de\/wp-json\/wp\/v2\/types\/post"}],"author":[{"embeddable":true,"href":"https:\/\/now-news.de\/de\/wp-json\/wp\/v2\/users\/3"}],"replies":[{"embeddable":true,"href":"https:\/\/now-news.de\/de\/wp-json\/wp\/v2\/comments?post=109691"}],"version-history":[{"count":0,"href":"https:\/\/now-news.de\/de\/wp-json\/wp\/v2\/posts\/109691\/revisions"}],"wp:featuredmedia":[{"embeddable":true,"href":"https:\/\/now-news.de\/de\/wp-json\/wp\/v2\/media\/109692"}],"wp:attachment":[{"href":"https:\/\/now-news.de\/de\/wp-json\/wp\/v2\/media?parent=109691"}],"wp:term":[{"taxonomy":"category","embeddable":true,"href":"https:\/\/now-news.de\/de\/wp-json\/wp\/v2\/categories?post=109691"},{"taxonomy":"post_tag","embeddable":true,"href":"https:\/\/now-news.de\/de\/wp-json\/wp\/v2\/tags?post=109691"}],"curies":[{"name":"wp","href":"https:\/\/api.w.org\/{rel}","templated":true}]}}